{"id":10073,"date":"2025-10-13T12:50:28","date_gmt":"2025-10-13T15:50:28","guid":{"rendered":"https:\/\/universofamilia.com\/?p=10073"},"modified":"2025-10-16T15:40:53","modified_gmt":"2025-10-16T18:40:53","slug":"ambiental","status":"publish","type":"post","link":"http:\/\/universofamilia.com\/cs\/ambiental\/","title":{"rendered":"10 udr\u017eiteln\u00fdch opat\u0159en\u00ed ke zm\u00edrn\u011bn\u00ed environment\u00e1ln\u00ed krize"},"content":{"rendered":"<p class=\"has-text-align-center\">Ten\/Ta\/To <strong>10 udr\u017eiteln\u00fdch opat\u0159en\u00ed ke zm\u00edrn\u011bn\u00ed dopad\u016f environment\u00e1ln\u00ed krize<\/strong> se staly nal\u00e9havou prioritou lidstva.<\/p>\n\n\n\n<figure class=\"wp-block-gallery aligncenter has-nested-images columns-default is-cropped wp-block-gallery-1 is-layout-flex wp-block-gallery-is-layout-flex\">\n<figure class=\"wp-block-image size-full\"><img loading=\"lazy\" decoding=\"async\" width=\"450\" height=\"250\" data-id=\"10075\" src=\"https:\/\/universofamilia.com\/wp-content\/uploads\/sites\/148\/2025\/10\/Destaque-Novo-Universo-2-1.jpg\" alt=\"\" class=\"wp-image-10075\" srcset=\"http:\/\/universofamilia.com\/wp-content\/uploads\/sites\/148\/2025\/10\/Destaque-Novo-Universo-2-1.jpg 450w, http:\/\/universofamilia.com\/wp-content\/uploads\/sites\/148\/2025\/10\/Destaque-Novo-Universo-2-1-300x167.jpg 300w, http:\/\/universofamilia.com\/wp-content\/uploads\/sites\/148\/2025\/10\/Destaque-Novo-Universo-2-1-18x10.jpg 18w\" sizes=\"(max-width: 450px) 100vw, 450px\" \/><figcaption class=\"wp-element-caption\">CANVA<\/figcaption><\/figure>\n<\/figure>\n\n\n\n<p>Zhor\u0161ov\u00e1n\u00ed \u017eivotn\u00edho prost\u0159ed\u00ed, \u00fabytek biodiverzity a zm\u011bna klimatu ji\u017e nejsou probl\u00e9my budoucnosti; jejich dopady ovliv\u0148uj\u00ed ka\u017edodenn\u00ed \u017eivoty milion\u016f lid\u00ed v Mexiku a po cel\u00e9m sv\u011bt\u011b.<\/p>\n\n\n\n<p>Od dlouhodob\u00fdch such a\u017e po extr\u00e9mn\u00ed vlny veder se v na\u0161ich m\u011bstech i na venkov\u011b st\u00e1vaj\u00ed viditeln\u00fdmi zn\u00e1mky environment\u00e1ln\u00ed krize.<\/p>\n\n\n\n<p>Osvojen\u00ed si udr\u017eiteln\u00fdch n\u00e1vyk\u016f nejen chr\u00e1n\u00ed planetu, ale tak\u00e9 zlep\u0161uje kvalitu \u017eivota, posiluje m\u00edstn\u00ed ekonomiky a sni\u017euje zdravotn\u00ed rizika.<\/p>\n\n\n\n<p>Tento \u010dl\u00e1nek nab\u00edz\u00ed praktick\u00fd a dob\u0159e podlo\u017een\u00fd p\u0159\u00edstup, kter\u00fd ukazuje, jak mohou individu\u00e1ln\u00ed i kolektivn\u00ed rozhodnut\u00ed ovlivnit situaci.<\/p>\n\n\n\n<p><strong>Shrnut\u00ed:<\/strong><\/p>\n\n\n\n<ol>\n<li>Nal\u00e9havost udr\u017eitelnosti v roce 2025<\/li>\n\n\n\n<li>10 kl\u00ed\u010dov\u00fdch opat\u0159en\u00ed pro udr\u017eitelnost a jak je uplatnit<\/li>\n\n\n\n<li>Aktu\u00e1ln\u00ed a re\u00e1ln\u00e9 p\u0159\u00edklady implementace<\/li>\n\n\n\n<li>Ekonomick\u00e9, soci\u00e1ln\u00ed a environment\u00e1ln\u00ed p\u0159\u00ednosy udr\u017eitelnosti<\/li>\n\n\n\n<li>Jak tyto \u010dinnosti efektivn\u011b integrovat do ka\u017edodenn\u00edho \u017eivota<\/li>\n\n\n\n<li>Z\u00e1v\u011br a nej\u010dast\u011bj\u0161\u00ed dotazy<\/li>\n<\/ol>\n\n\n\n<h3 class=\"wp-block-heading\"><strong>Nal\u00e9havost udr\u017eitelnosti v roce 2025<\/strong><\/h3>\n\n\n\n<p>M\u00edra zhor\u0161ov\u00e1n\u00ed \u017eivotn\u00edho prost\u0159ed\u00ed dos\u00e1hla alarmuj\u00edc\u00ed \u00farovn\u011b. Podle <em>Zpr\u00e1va o glob\u00e1ln\u00edm stavu \u017eivotn\u00edho prost\u0159ed\u00ed za rok 2024<\/em> OSN, <strong>V\u00edce ne\u017e 75 % suchozemsk\u00fdch ekosyst\u00e9m\u016f je v\u00fdznamn\u011b zm\u011bn\u011bno<\/strong>a oce\u00e1ny za\u017e\u00edvaj\u00ed historicky nejvy\u0161\u0161\u00ed \u00farove\u0148 zne\u010di\u0161t\u011bn\u00ed plasty a CO\u2082.<\/p>\n\n\n\n<p>Krom\u011b toho se p\u0159edpokl\u00e1d\u00e1, \u017ee glob\u00e1ln\u00ed teploty do konce roku 2030 vzrostou v pr\u016fm\u011bru o 1,5 \u00b0C, pokud nebudou p\u0159ijata okam\u017eit\u00e1 opat\u0159en\u00ed.<\/p>\n\n\n\n<p>Abychom to l\u00e9pe pochopili, p\u0159edstavme si planetu jako \u017eiv\u00fd organismus: ka\u017ed\u00fd lidsk\u00fd \u010din m\u016f\u017ee b\u00fdt l\u00e9kem nebo jedem.<\/p>\n\n\n\n<p>Nadm\u011brn\u00e9 emise, odles\u0148ov\u00e1n\u00ed a nekontrolovan\u00e1 spot\u0159eba oslabuj\u00ed jejich \u017eivotn\u011b d\u016fle\u017eit\u00e9 syst\u00e9my, co\u017e ovliv\u0148uje zdrav\u00ed, potravinovou bezpe\u010dnost a ekonomickou stabilitu.<\/p>\n\n\n\n<p>Udr\u017eitelnost nen\u00ed jen ide\u00e1l; je to strategie p\u0159e\u017eit\u00ed.<\/p>\n\n\n\n<p>V Mexiku jsou dopady hmatateln\u00e9:<\/p>\n\n\n\n<ul>\n<li>Mexico City a Monterrey \u010del\u00ed vln\u00e1m veder s teplotami p\u0159esahuj\u00edc\u00edmi 40 \u00b0C, kter\u00e9 postihuj\u00ed miliony obyvatel.<\/li>\n\n\n\n<li>V Oaxace a Chiapas \u010del\u00ed zem\u011bd\u011blstv\u00ed ztr\u00e1t\u00e1m \u00farody a\u017e o 20 % v d\u016fsledku dlouhodob\u00e9ho sucha a zm\u011bn ve sr\u00e1\u017ekov\u00fdch re\u017eimech.<\/li>\n\n\n\n<li>Zne\u010di\u0161t\u011bn\u00ed ovzdu\u0161\u00ed v pr\u016fmyslov\u00fdch m\u011bstech zp\u016fsobuje respira\u010dn\u00ed onemocn\u011bn\u00ed, kter\u00e1 postihuj\u00ed zejm\u00e9na d\u011bti a star\u0161\u00ed dosp\u011bl\u00e9.<\/li>\n<\/ul>\n\n\n\n<p>Tv\u00e1\u0159\u00ed v tv\u00e1\u0159 t\u00e9to realit\u011b, <strong>10 udr\u017eiteln\u00fdch opat\u0159en\u00ed ke zm\u00edrn\u011bn\u00ed dopad\u016f environment\u00e1ln\u00ed krize<\/strong> Nejsou voliteln\u00e9; jsou nezbytn\u00e9 k ochran\u011b \u017eivot\u016f a ekosyst\u00e9m\u016f.<\/p>\n\n\n\n<h3 class=\"wp-block-heading\"><strong>10 udr\u017eiteln\u00fdch opat\u0159en\u00ed ke zm\u00edrn\u011bn\u00ed dopad\u016f environment\u00e1ln\u00ed krize<\/strong><\/h3>\n\n\n\n<p>N\u00ed\u017ee jsou uvedeny konkr\u00e9tn\u00ed strategie s aktualizovan\u00fdmi informacemi, p\u0159\u00edklady z re\u00e1ln\u00e9ho \u017eivota a praktick\u00fdmi doporu\u010den\u00edmi pro jejich integraci do ka\u017edodenn\u00edho \u017eivota.<\/p>\n\n\n\n<h4 class=\"wp-block-heading\"><strong>Sni\u017ete spot\u0159ebu energie<\/strong><\/h4>\n\n\n\n<p>Nadm\u011brn\u00e1 spot\u0159eba energie v\u00fdznamn\u011b p\u0159isp\u00edv\u00e1 k emis\u00edm CO\u2082.<\/p>\n\n\n\n<p>Mal\u00e9 kroky, jako je v\u00fdm\u011bna klasick\u00fdch \u017e\u00e1rovek za LED, odpojen\u00ed spot\u0159ebi\u010d\u016f ze z\u00e1suvky, kdy\u017e se nepou\u017e\u00edvaj\u00ed, a volba energeticky \u00fasporn\u00fdch spot\u0159ebi\u010d\u016f, mohou v\u00fdrazn\u011b sn\u00ed\u017eit uhl\u00edkovou stopu dom\u00e1cnosti.<\/p>\n\n\n\n<p>V Mexico City umo\u017enily programy energetick\u00e9 \u00fa\u010dinnosti v\u00edce ne\u017e <strong>500 000 dom\u00e1cnost\u00ed<\/strong> sn\u00ed\u017eit svou spot\u0159ebu elekt\u0159iny v pr\u016fm\u011bru o 15 % ro\u010dn\u011b, co\u017e vede k ekonomick\u00fdm \u00faspor\u00e1m a sni\u017euje zne\u010di\u0161t\u011bn\u00ed.<\/p>\n\n\n\n<h4 class=\"wp-block-heading\"><strong>Udr\u017eiteln\u00e1 mobilita<\/strong><\/h4>\n\n\n\n<p>Volba ve\u0159ejn\u00e9 dopravy, j\u00edzdn\u00edch kol nebo elektromobil\u016f nejen sni\u017euje emise zne\u010di\u0161\u0165uj\u00edc\u00edch l\u00e1tek, ale tak\u00e9 zlep\u0161uje kvalitu \u017eivota ve m\u011bst\u011b.<\/p>\n\n\n\n<p>M\u011bsta jako Guadalajara a Monterrey zavedla cyklostezky a syst\u00e9my elektrick\u00e9 dopravy, z nich\u017e denn\u011b profituje v\u00edce ne\u017e 1,5 milionu lid\u00ed.<\/p>\n\n\n\n<p>Udr\u017eiteln\u00e1 mobilita nav\u00edc sni\u017euje dopravn\u00ed z\u00e1cpy, sni\u017euje nehodovost a podporuje zdrav\u00e9 n\u00e1vyky.<\/p>\n\n\n\n<p>Dok\u00e1\u017eete si p\u0159edstavit den v \u017eivot\u011b, kdy se ch\u016fze nebo j\u00edzda na kole stane normou sp\u00ed\u0161e ne\u017e v\u00fdjimkou?<\/p>\n\n\n\n<h4 class=\"wp-block-heading\"><strong>V\u011bdom\u00e9 stravov\u00e1n\u00ed<\/strong><\/h4>\n\n\n\n<p>Produkce potravin, zejm\u00e9na masa a ml\u00e9\u010dn\u00fdch v\u00fdrobk\u016f, je zodpov\u011bdn\u00e1 za p\u0159ibli\u017en\u011b 25 % glob\u00e1ln\u00edch emis\u00ed sklen\u00edkov\u00fdch plyn\u016f.<\/p>\n\n\n\n<p>Sn\u00ed\u017een\u00ed spot\u0159eby masa, volba lok\u00e1ln\u00edch a sez\u00f3nn\u00edch produkt\u016f a up\u0159ednost\u0148ov\u00e1n\u00ed p\u011bstov\u00e1n\u00ed zeleniny pom\u00e1h\u00e1 sni\u017eovat tlak na ekosyst\u00e9my a posiluje ekonomiku komunit.<\/p>\n\n\n\n<p>V Michoac\u00e1nu m\u00edstn\u00ed farm\u00e1\u0159i zavedli diverzifikaci plodin a ekologick\u00e9 postupy, \u010d\u00edm\u017e zv\u00fd\u0161ili produkci zeleniny o 30 % a sn\u00ed\u017eili pou\u017e\u00edv\u00e1n\u00ed chemick\u00fdch pesticid\u016f.<\/p>\n\n\n\n<h4 class=\"wp-block-heading\"><strong>Zodpov\u011bdn\u00e9 hospoda\u0159en\u00ed s vodou<\/strong><\/h4>\n\n\n\n<p>Voda je omezen\u00fd zdroj a jej\u00ed efektivn\u00ed hospoda\u0159en\u00ed je z\u00e1sadn\u00ed. Instalace za\u0159\u00edzen\u00ed na \u00fasporu vody, sb\u011br de\u0161\u0165ov\u00e9 vody a opravy net\u011bsnost\u00ed jsou z\u00e1kladn\u00ed, ale \u00fa\u010dinn\u00e1 opat\u0159en\u00ed.<\/p>\n\n\n\n<p>V Oaxace se venkovsk\u00fdm komunit\u00e1m poda\u0159ilo obnovit m\u00edstn\u00ed zvodn\u011bl\u00e9 vrstvy prost\u0159ednictv\u00edm syst\u00e9m\u016f pro zachycov\u00e1n\u00ed de\u0161\u0165ov\u00e9 vody a vzd\u011bl\u00e1v\u00e1n\u00ed komunit, \u010d\u00edm\u017e se zlep\u0161ila dostupnost pitn\u00e9 vody a zajistila kontinuita zem\u011bd\u011blstv\u00ed.<\/p>\n\n\n\n<h4 class=\"wp-block-heading\"><strong>Sni\u017eov\u00e1n\u00ed odpadu a recyklace<\/strong><\/h4>\n\n\n\n<p>T\u0159\u00edd\u011bn\u00ed odpadu, kompostov\u00e1n\u00ed organick\u00e9ho odpadu a op\u011btovn\u00e9 pou\u017eit\u00ed materi\u00e1l\u016f zabra\u0148uje tomu, aby se tuny odpadu dostaly na skl\u00e1dky a do oce\u00e1n\u016f.<\/p>\n\n\n\n<p>Podle <em>Sekretari\u00e1t pro \u017eivotn\u00ed prost\u0159ed\u00ed a p\u0159\u00edrodn\u00ed zdroje (SEMARNAT)<\/em>, Mexiko vyprodukuje v\u00edce ne\u017e <strong>45 milion\u016f tun pevn\u00e9ho odpadu ro\u010dn\u011b<\/strong>, z \u010deho\u017e se recykluje pouze 12 %. Zaveden\u00ed politik t\u0159\u00edd\u011bn\u00ed a kompostov\u00e1n\u00ed m\u016f\u017ee tento trend zvr\u00e1tit.<\/p>\n\n\n\n<h4 class=\"wp-block-heading\"><strong>Obnoviteln\u00e9 zdroje energie<\/strong><\/h4>\n\n\n\n<p>Energetick\u00e1 transformace je kl\u00ed\u010dov\u00e1 pro sn\u00ed\u017een\u00ed z\u00e1vislosti na fosiln\u00edch palivech.<\/p>\n\n\n\n<p>Instalace sol\u00e1rn\u00edch panel\u016f, mal\u00fdch v\u011btrn\u00fdch turb\u00edn a \u00fa\u010dinn\u00fdch syst\u00e9m\u016f vyt\u00e1p\u011bn\u00ed v\u00fdznamn\u011b p\u0159isp\u00edv\u00e1 ke sni\u017eov\u00e1n\u00ed emis\u00ed.<\/p>\n\n\n\n<p>V roce 2024 Mexiko v Sono\u0159e slavnostn\u011b otev\u0159elo jeden z nejv\u011bt\u0161\u00edch sol\u00e1rn\u00edch park\u016f v Latinsk\u00e9 Americe, kter\u00fd je schopen z\u00e1sobovat v\u00edce ne\u017e milion dom\u00e1cnost\u00ed a zabr\u00e1nit emis\u00edm v\u00edce ne\u017e <strong>400 000 tun CO\u2082<\/strong> v\u00fdro\u010dn\u00ed.<\/p>\n\n\n\n<h4 class=\"wp-block-heading\"><strong>Zales\u0148ov\u00e1n\u00ed a p\u00e9\u010de o zelen\u00e9 plochy<\/strong><\/h4>\n\n\n\n<p>Lesy a zelen\u00e9 plochy reguluj\u00ed klima, zachycuj\u00ed CO\u2082 a chr\u00e1n\u00ed biodiverzitu.<\/p>\n\n\n\n<p>V\u00fdsadba strom\u016f a ochrana st\u00e1vaj\u00edc\u00edch les\u016f je p\u0159\u00edm\u00fdm krokem proti zhor\u0161ov\u00e1n\u00ed \u017eivotn\u00edho prost\u0159ed\u00ed.<\/p>\n\n\n\n<p>V r\u00e1mci projektu v Chiapasu bylo od roku 2022 vysazeno v\u00edce ne\u017e 1 milion strom\u016f v odlesn\u011bn\u00fdch oblastech, \u010d\u00edm\u017e byla obnovena biotopy p\u016fvodn\u00edch druh\u016f a zlep\u0161ila se kvalita ovzdu\u0161\u00ed v okoln\u00edch komunit\u00e1ch.<\/p>\n\n\n\n<h4 class=\"wp-block-heading\"><strong>Zodpov\u011bdn\u00e1 konzumace<\/strong><\/h4>\n\n\n\n<p>V\u00fdb\u011br produkt\u016f s dlouhou \u017eivotnost\u00ed, vyh\u00fdb\u00e1n\u00ed se nadm\u011brn\u00e9mu balen\u00ed a up\u0159ednost\u0148ov\u00e1n\u00ed udr\u017eiteln\u00fdch zna\u010dek vys\u00edl\u00e1 trhu sign\u00e1l: udr\u017eitelnost je ziskov\u00e1 a spot\u0159ebitel\u00e9 ji \u017e\u00e1daj\u00ed.<\/p>\n\n\n\n<p>V\u011bdom\u00e9 nakupov\u00e1n\u00ed tak\u00e9 sni\u017euje mno\u017estv\u00ed odpadu a podporuje ob\u011bhov\u00e9 hospod\u00e1\u0159stv\u00ed.<\/p>\n\n\n\n<h4 class=\"wp-block-heading\"><strong>Environment\u00e1ln\u00ed vzd\u011bl\u00e1v\u00e1n\u00ed<\/strong><\/h4>\n\n\n\n<p>\u0160\u00ed\u0159en\u00ed znalost\u00ed o dopadu na \u017eivotn\u00ed prost\u0159ed\u00ed, od \u0161kol a\u017e po komunity, zvy\u0161uje pov\u011bdom\u00ed a motivuje ke kolektivn\u00ed akci.<\/p>\n\n\n\n<p>Workshopy, vzd\u011bl\u00e1vac\u00ed kampan\u011b a soci\u00e1ln\u00ed m\u00e9dia jsou nezbytn\u00fdmi n\u00e1stroji pro zn\u00e1soben\u00ed dopadu individu\u00e1ln\u00edch akc\u00ed.<\/p>\n\n\n\n<h4 class=\"wp-block-heading\"><strong>Ob\u010dansk\u00e1 a politick\u00e1 participace<\/strong><\/h4>\n\n\n\n<p>Hlasov\u00e1n\u00ed pro zelen\u00e9 politiky, podpora m\u00edstn\u00edch iniciativ a vol\u00e1n\u00ed podnik\u016f a vl\u00e1d k odpov\u011bdnosti zaji\u0161\u0165uje, \u017ee strategick\u00e1 rozhodnut\u00ed up\u0159ednost\u0148uj\u00ed udr\u017eitelnost.<\/p>\n\n\n\n<p>Soci\u00e1ln\u00ed tlak m\u016f\u017ee urychlit p\u0159ijet\u00ed z\u00e1kon\u016f o \u010dist\u00e9 energii, recyklaci a program\u016f na ochranu \u017eivotn\u00edho prost\u0159ed\u00ed.<\/p>\n\n\n\n<h3 class=\"wp-block-heading\"><strong>Aktu\u00e1ln\u00ed a re\u00e1ln\u00e9 p\u0159\u00edklady implementace<\/strong><\/h3>\n\n\n\n<p><strong>P\u0159\u00edklad 1:<\/strong> V Quer\u00e9taru zavedlo zem\u011bd\u011blsk\u00e9 dru\u017estvo v roce 2024 techniky regenerativn\u00edho zem\u011bd\u011blstv\u00ed.<\/p>\n\n\n\n<p>To zv\u00fd\u0161ilo v\u00fdnosy kuku\u0159ice a fazol\u00ed o 20 %, zlep\u0161ilo m\u00edstn\u00ed biodiverzitu a sn\u00ed\u017eilo erozi p\u016fdy, co\u017e dokazuje, \u017ee udr\u017eitelnost m\u016f\u017ee b\u00fdt ziskov\u00e1 i efektivn\u00ed.<\/p>\n\n\n\n<p><strong>P\u0159\u00edklad 2:<\/strong> V Guadalaja\u0159e zaveden\u00ed elektrick\u00e9 dopravy a cyklostezek zv\u00fd\u0161ilo udr\u017eitelnou mobilitu o 35 % za m\u00e9n\u011b ne\u017e t\u0159i roky, \u010d\u00edm\u017e se sn\u00ed\u017eilo zne\u010di\u0161t\u011bn\u00ed m\u011bst a zlep\u0161ilo zdrav\u00ed ob\u010dan\u016f.<\/p>\n\n\n\n<p>Tyto p\u0159\u00edklady potvrzuj\u00ed, \u017ee <strong>10 udr\u017eiteln\u00fdch opat\u0159en\u00ed ke zm\u00edrn\u011bn\u00ed dopad\u016f environment\u00e1ln\u00ed krize<\/strong> Nejsou to utopie; jsou to \u017eivotaschopn\u00e9 strategie s ov\u011b\u0159iteln\u00fdmi v\u00fdsledky.<\/p>\n\n\n\n<h3 class=\"wp-block-heading\"><strong>Ekonomick\u00e9, soci\u00e1ln\u00ed a environment\u00e1ln\u00ed p\u0159\u00ednosy udr\u017eitelnosti<\/strong><\/h3>\n\n\n\n<p>Zaveden\u00ed udr\u017eiteln\u00fdch postup\u016f p\u0159in\u00e1\u0161\u00ed \u0159adu v\u00fdhod:<\/p>\n\n\n\n<ul>\n<li><strong>Hospod\u00e1rn\u00fd:<\/strong> \u00faspory energie a vody, vytv\u00e1\u0159en\u00ed zelen\u00fdch pracovn\u00edch m\u00edst a posilov\u00e1n\u00ed m\u00edstn\u00edch ekonomik.<\/li>\n\n\n\n<li><strong>Soci\u00e1ln\u00ed:<\/strong> odoln\u011bj\u0161\u00ed komunity, men\u0161\u00ed vystaven\u00ed environment\u00e1ln\u00edm chorob\u00e1m a v\u011bt\u0161\u00ed soci\u00e1ln\u00ed soudr\u017enost.<\/li>\n\n\n\n<li><strong>\u017divotn\u00ed prost\u0159ed\u00ed:<\/strong> sni\u017eov\u00e1n\u00ed emis\u00ed, ochrana biodiverzity a zm\u00edr\u0148ov\u00e1n\u00ed zm\u011bny klimatu.<\/li>\n<\/ul>\n\n\n\n<figure class=\"wp-block-table\"><table><thead><tr><th>Udr\u017eiteln\u00e1 akce<\/th><th>Hlavn\u00ed v\u00fdhoda<\/th><th>P\u0159\u00edklad v Mexiku<\/th><\/tr><\/thead><tbody><tr><td>Sn\u00ed\u017een\u00ed energie<\/td><td>Men\u0161\u00ed uhl\u00edkov\u00e1 stopa<\/td><td>LED \u017e\u00e1rovky v m\u011bstsk\u00fdch domech<\/td><\/tr><tr><td>Udr\u017eiteln\u00e1 mobilita<\/td><td>\u010cist\u0161\u00ed vzduch<\/td><td>Cyklostezky a elektrick\u00e1 doprava<\/td><\/tr><tr><td>V\u011bdom\u00e9 stravov\u00e1n\u00ed<\/td><td>M\u00e9n\u011b zem\u011bd\u011blsk\u00fdch emis\u00ed<\/td><td>M\u00edstn\u00ed zem\u011bd\u011blstv\u00ed a spot\u0159eba lu\u0161t\u011bnin<\/td><\/tr><tr><td>Vodn\u00ed hospod\u00e1\u0159stv\u00ed<\/td><td>Dostupnost vody<\/td><td>Sb\u011br de\u0161\u0165ov\u00e9 vody v Oaxace<\/td><\/tr><tr><td>Zales\u0148ov\u00e1n\u00ed<\/td><td>Ochrana biodiverzity<\/td><td>V\u00fdsadba strom\u016f v Chiapasu<\/td><\/tr><\/tbody><\/table><figcaption class=\"wp-element-caption\">10 udr\u017eiteln\u00fdch opat\u0159en\u00ed ke zm\u00edrn\u011bn\u00ed dopad\u016f environment\u00e1ln\u00ed krize<\/figcaption><\/figure>\n\n\n\n<figure class=\"wp-block-gallery aligncenter has-nested-images columns-default is-cropped wp-block-gallery-2 is-layout-flex wp-block-gallery-is-layout-flex\">\n<figure class=\"wp-block-image size-full\"><img loading=\"lazy\" decoding=\"async\" width=\"450\" height=\"250\" data-id=\"10076\" src=\"https:\/\/universofamilia.com\/wp-content\/uploads\/sites\/148\/2025\/10\/Destaque-Novo-Universo-4.jpg\" alt=\"\" class=\"wp-image-10076\" srcset=\"http:\/\/universofamilia.com\/wp-content\/uploads\/sites\/148\/2025\/10\/Destaque-Novo-Universo-4.jpg 450w, http:\/\/universofamilia.com\/wp-content\/uploads\/sites\/148\/2025\/10\/Destaque-Novo-Universo-4-300x167.jpg 300w, http:\/\/universofamilia.com\/wp-content\/uploads\/sites\/148\/2025\/10\/Destaque-Novo-Universo-4-18x10.jpg 18w\" sizes=\"(max-width: 450px) 100vw, 450px\" \/><figcaption class=\"wp-element-caption\">CANVA<\/figcaption><\/figure>\n<\/figure>\n\n\n\n<p>\u010ct\u011bte v\u00edce:&nbsp;<a href=\"http:\/\/universofamilia.com\/cs\/crisis-climatica-global\/\">Glob\u00e1ln\u00ed klimatick\u00e1 krize: dopady ji\u017e postihuj\u00ed miliony lid\u00ed<\/a><\/p>\n\n\n\n<h3 class=\"wp-block-heading\"><strong>Jak tyto aktivity za\u010dlenit do ka\u017edodenn\u00edho \u017eivota<\/strong><\/h3>\n\n\n\n<p>Integrace t\u011bchto akc\u00ed vy\u017eaduje odhodl\u00e1n\u00ed a d\u016fslednost. M\u016f\u017eete:<\/p>\n\n\n\n<ul>\n<li>Zhodno\u0165te sv\u00e9 n\u00e1vyky ve spot\u0159eb\u011b energie a sni\u017ete pl\u00fdtv\u00e1n\u00ed.<\/li>\n\n\n\n<li>Volte udr\u017eitelnou dopravu a cho\u010fte p\u011b\u0161ky, kdykoli je to mo\u017en\u00e9.<\/li>\n\n\n\n<li>Nakupujte lok\u00e1ln\u00ed a sez\u00f3nn\u00ed produkty, sni\u017ete emise a podpo\u0159te v\u00fdrobce.<\/li>\n\n\n\n<li>Zapojte se do komunitn\u00edch program\u016f recyklace a zales\u0148ov\u00e1n\u00ed.<\/li>\n\n\n\n<li>Vzd\u011bl\u00e1vejte rodinu a p\u0159\u00e1tele a zn\u00e1sobte dopad sv\u00fdch \u010din\u016f.<\/li>\n<\/ul>\n\n\n\n<p>Zeptejte se sami sebe: <strong>Co by se stalo, kdyby tato opat\u0159en\u00ed p\u0159ijaly miliony lid\u00ed sou\u010dasn\u011b?<\/strong> Reakce ukazuje s\u00edlu kolektivn\u00ed akce v oblasti klimatick\u00fdch zm\u011bn.<\/p>\n\n\n\n<h3 class=\"wp-block-heading\"><strong>Z\u00e1v\u011br<\/strong><\/h3>\n\n\n\n<p>Implementovat <strong>10 udr\u017eiteln\u00fdch opat\u0159en\u00ed ke zm\u00edrn\u011bn\u00ed dopad\u016f environment\u00e1ln\u00ed krize<\/strong> Nen\u00ed to jen environment\u00e1ln\u00ed povinnost, ale investice do na\u0161\u00ed budoucnosti.<\/p>\n\n\n\n<p>V\u011bdeck\u00e9 d\u016fkazy, m\u00edstn\u00ed p\u0159\u00edklady a nal\u00e9havost klimatick\u00fdch zm\u011bn ukazuj\u00ed, \u017ee ka\u017ed\u00fd jednotliv\u00fd \u010din m\u00e1 v\u00fdznam.<\/p>\n\n\n\n<p><a href=\"http:\/\/universofamilia.com\/cs\/inteligencia-artificial-y-politica\/\">P\u0159ijmout<\/a> Udr\u017eiteln\u00e9 postupy posiluj\u00ed odolnost komunit, chr\u00e1n\u00ed ekosyst\u00e9my a zaji\u0161\u0165uj\u00ed zdrav\u011bj\u0161\u00ed budoucnost.<\/p>\n\n\n\n<p>V\u00fdzva je glob\u00e1ln\u00ed, ale \u0159e\u0161en\u00ed m\u016f\u017ee b\u00fdt tak\u00e9 toto: znalosti, spolupr\u00e1ce a v\u011bdom\u00e9 jedn\u00e1n\u00ed jsou n\u00e1stroji pro budov\u00e1n\u00ed udr\u017eiteln\u00e9ho, spravedliv\u00e9ho a odoln\u00e9ho sv\u011bta.<\/p>\n\n\n\n<p>\u010ct\u011bte v\u00edce:&nbsp;<a href=\"http:\/\/universofamilia.com\/cs\/los-paises-mas-avanzados-en-regulacion-de-ia-en-2025\/\">Nejvysp\u011blej\u0161\u00ed zem\u011b v regulaci um\u011bl\u00e9 inteligence v roce 2025<\/a><\/p>\n\n\n\n<h3 class=\"wp-block-heading\"><strong>\u010casto kladen\u00e9 ot\u00e1zky<\/strong><\/h3>\n\n\n\n<p><strong>1. Pro\u010d je d\u016fle\u017eit\u00e9 jednat hned te\u010f?<\/strong><br>Zhor\u0161ov\u00e1n\u00ed \u017eivotn\u00edho prost\u0159ed\u00ed a zm\u011bna klimatu rychle postupuj\u00ed a ovliv\u0148uj\u00ed zdrav\u00ed, ekonomiku a potravinovou bezpe\u010dnost. Ka\u017ed\u00e9 okam\u017eit\u00e9 opat\u0159en\u00ed m\u00e1 kumulativn\u00ed pozitivn\u00ed dopad.<\/p>\n\n\n\n<p><strong>2. Kter\u00e1 akce m\u00e1 nejv\u011bt\u0161\u00ed dopad?<\/strong><br>Z\u00e1le\u017e\u00ed na kontextu, ale udr\u017eiteln\u00e1 mobilita, obnoviteln\u00e9 zdroje energie a nakl\u00e1d\u00e1n\u00ed s odpady \u010dasto generuj\u00ed rychl\u00e9 a m\u011b\u0159iteln\u00e9 v\u00fdhody.<\/p>\n\n\n\n<p><strong>3. Jak zapojit komunitu?<\/strong><br>Po\u0159\u00e1dejte workshopy, \u00fa\u010dastn\u011bte se m\u00edstn\u00edch projekt\u016f a sd\u00edlejte informace o udr\u017eitelnosti na soci\u00e1ln\u00edch s\u00edt\u00edch a ve \u0161kol\u00e1ch.<\/p>\n\n\n\n<p><strong>4. Je udr\u017eitelnost drah\u00e1?<\/strong><br>N\u011bkter\u00e9 akce vy\u017eaduj\u00ed po\u010d\u00e1te\u010dn\u00ed investici, ale generuj\u00ed st\u0159edn\u011bdob\u00e9 a dlouhodob\u00e9 \u00faspory a environment\u00e1ln\u00ed a soci\u00e1ln\u00ed p\u0159\u00ednosy.<\/p>\n\n\n\n<p><strong>5. Co d\u011blat, kdy\u017e vl\u00e1da neprosazuje zelenou politiku?<\/strong><br>Individu\u00e1ln\u00ed i kolektivn\u00ed akce z\u016fst\u00e1vaj\u00ed \u00fa\u010dinn\u00e9. <\/p>\n\n\n\n<p>Podpora komunitn\u00edch iniciativ a odpov\u011bdn\u00e9ho podnik\u00e1n\u00ed m\u016f\u017ee kompenzovat nedostatek okam\u017eit\u00fdch ve\u0159ejn\u00fdch politik.<\/p>","protected":false},"excerpt":{"rendered":"<p>Las 10 acciones sustentables para reducir los efectos de la crisis ambiental se han convertido en una prioridad urgente para la humanidad. La degradaci\u00f3n ambiental, la p\u00e9rdida de biodiversidad y el cambio clim\u00e1tico ya no son problemas futuros; sus efectos impactan la vida cotidiana de millones de personas en M\u00e9xico y el mundo. Desde sequ\u00edas [&hellip;]<\/p>","protected":false},"author":219,"featured_media":10074,"comment_status":"closed","ping_status":"open","sticky":false,"template":"","format":"standard","meta":{"footnotes":""},"categories":[4],"tags":[],"yoast_head":"<!-- This site is optimized with the Yoast SEO plugin v23.3 - https:\/\/yoast.com\/wordpress\/plugins\/seo\/ -->\n<title>10 acciones sustentables para reducir la crisis ambiental - Universo Fam\u00edlia<\/title>\n<meta name=\"description\" content=\"Las 10 acciones sustentables para reducir los efectos de la crisis ambiental se han convertido en una prioridad urgente para la humanidad.\" \/>\n<meta name=\"robots\" content=\"index, follow, max-snippet:-1, max-image-preview:large, max-video-preview:-1\" \/>\n<link rel=\"canonical\" href=\"https:\/\/universofamilia.com\/cs\/ambiental\/\" \/>\n<meta property=\"og:locale\" content=\"cs_CZ\" \/>\n<meta property=\"og:type\" content=\"article\" \/>\n<meta property=\"og:title\" content=\"10 acciones sustentables para reducir la crisis ambiental - Universo Fam\u00edlia\" \/>\n<meta property=\"og:description\" content=\"Las 10 acciones sustentables para reducir los efectos de la crisis ambiental se han convertido en una prioridad urgente para la humanidad.\" \/>\n<meta property=\"og:url\" content=\"https:\/\/universofamilia.com\/cs\/ambiental\/\" \/>\n<meta property=\"og:site_name\" content=\"Universo Fam\u00edlia\" \/>\n<meta property=\"article:published_time\" content=\"2025-10-13T15:50:28+00:00\" \/>\n<meta property=\"article:modified_time\" content=\"2025-10-16T18:40:53+00:00\" \/>\n<meta property=\"og:image\" content=\"https:\/\/universofamilia.com\/wp-content\/uploads\/sites\/148\/2025\/10\/Destaque-Novo-Universo-2.jpg\" \/>\n\t<meta property=\"og:image:width\" content=\"450\" \/>\n\t<meta property=\"og:image:height\" content=\"250\" \/>\n\t<meta property=\"og:image:type\" content=\"image\/jpeg\" \/>\n<meta name=\"author\" content=\"Matheus Sangaletti\" \/>\n<meta name=\"twitter:card\" content=\"summary_large_image\" \/>\n<meta name=\"twitter:label1\" content=\"Written by\" \/>\n\t<meta name=\"twitter:data1\" content=\"Matheus Sangaletti\" \/>\n\t<meta name=\"twitter:label2\" content=\"Est. reading time\" \/>\n\t<meta name=\"twitter:data2\" content=\"10 minut\" \/>\n<script type=\"application\/ld+json\" class=\"yoast-schema-graph\">{\"@context\":\"https:\/\/schema.org\",\"@graph\":[{\"@type\":\"WebPage\",\"@id\":\"https:\/\/universofamilia.com\/ko\/ambiental\/\",\"url\":\"https:\/\/universofamilia.com\/ko\/ambiental\/\",\"name\":\"10 acciones sustentables para reducir la crisis ambiental - Universo Fam\u00edlia\",\"isPartOf\":{\"@id\":\"https:\/\/universofamilia.com\/el\/#website\"},\"primaryImageOfPage\":{\"@id\":\"https:\/\/universofamilia.com\/ko\/ambiental\/#primaryimage\"},\"image\":{\"@id\":\"https:\/\/universofamilia.com\/ko\/ambiental\/#primaryimage\"},\"thumbnailUrl\":\"http:\/\/universofamilia.com\/wp-content\/uploads\/sites\/148\/2025\/10\/Destaque-Novo-Universo-2.jpg\",\"datePublished\":\"2025-10-13T15:50:28+00:00\",\"dateModified\":\"2025-10-16T18:40:53+00:00\",\"author\":{\"@id\":\"https:\/\/universofamilia.com\/el\/#\/schema\/person\/92fcd07e9b1f4323bf74f3170fc0f78a\"},\"description\":\"Las 10 acciones sustentables para reducir los efectos de la crisis ambiental se han convertido en una prioridad urgente para la humanidad.\",\"breadcrumb\":{\"@id\":\"https:\/\/universofamilia.com\/ko\/ambiental\/#breadcrumb\"},\"inLanguage\":\"cs\",\"potentialAction\":[{\"@type\":\"ReadAction\",\"target\":[\"https:\/\/universofamilia.com\/ko\/ambiental\/\"]}]},{\"@type\":\"ImageObject\",\"inLanguage\":\"cs\",\"@id\":\"https:\/\/universofamilia.com\/ko\/ambiental\/#primaryimage\",\"url\":\"http:\/\/universofamilia.com\/wp-content\/uploads\/sites\/148\/2025\/10\/Destaque-Novo-Universo-2.jpg\",\"contentUrl\":\"http:\/\/universofamilia.com\/wp-content\/uploads\/sites\/148\/2025\/10\/Destaque-Novo-Universo-2.jpg\",\"width\":450,\"height\":250},{\"@type\":\"BreadcrumbList\",\"@id\":\"https:\/\/universofamilia.com\/ko\/ambiental\/#breadcrumb\",\"itemListElement\":[{\"@type\":\"ListItem\",\"position\":1,\"name\":\"Home\",\"item\":\"https:\/\/universofamilia.com\/el\/\"},{\"@type\":\"ListItem\",\"position\":2,\"name\":\"10 acciones sustentables para reducir la crisis ambiental\"}]},{\"@type\":\"WebSite\",\"@id\":\"https:\/\/universofamilia.com\/el\/#website\",\"url\":\"https:\/\/universofamilia.com\/el\/\",\"name\":\"Universo Fam\u00edlia\",\"description\":\"\",\"potentialAction\":[{\"@type\":\"SearchAction\",\"target\":{\"@type\":\"EntryPoint\",\"urlTemplate\":\"https:\/\/universofamilia.com\/el\/?s={search_term_string}\"},\"query-input\":\"required name=search_term_string\"}],\"inLanguage\":\"cs\"},{\"@type\":\"Person\",\"@id\":\"https:\/\/universofamilia.com\/el\/#\/schema\/person\/92fcd07e9b1f4323bf74f3170fc0f78a\",\"name\":\"Matheus Sangaletti\",\"image\":{\"@type\":\"ImageObject\",\"inLanguage\":\"cs\",\"@id\":\"https:\/\/universofamilia.com\/el\/#\/schema\/person\/image\/\",\"url\":\"http:\/\/2.gravatar.com\/avatar\/280ea957a14a48e6a1ad2133d2cc27c9?s=96&d=mm&r=g\",\"contentUrl\":\"http:\/\/2.gravatar.com\/avatar\/280ea957a14a48e6a1ad2133d2cc27c9?s=96&d=mm&r=g\",\"caption\":\"Matheus Sangaletti\"},\"url\":\"http:\/\/universofamilia.com\/cs\/author\/matheuss\/\"}]}<\/script>\n<!-- \/ Yoast SEO plugin. -->","yoast_head_json":{"title":"10 acciones sustentables para reducir la crisis ambiental - Universo Fam\u00edlia","description":"Las 10 acciones sustentables para reducir los efectos de la crisis ambiental se han convertido en una prioridad urgente para la humanidad.","robots":{"index":"index","follow":"follow","max-snippet":"max-snippet:-1","max-image-preview":"max-image-preview:large","max-video-preview":"max-video-preview:-1"},"canonical":"https:\/\/universofamilia.com\/cs\/ambiental\/","og_locale":"cs_CZ","og_type":"article","og_title":"10 acciones sustentables para reducir la crisis ambiental - Universo Fam\u00edlia","og_description":"Las 10 acciones sustentables para reducir los efectos de la crisis ambiental se han convertido en una prioridad urgente para la humanidad.","og_url":"https:\/\/universofamilia.com\/cs\/ambiental\/","og_site_name":"Universo Fam\u00edlia","article_published_time":"2025-10-13T15:50:28+00:00","article_modified_time":"2025-10-16T18:40:53+00:00","og_image":[{"width":450,"height":250,"url":"https:\/\/universofamilia.com\/wp-content\/uploads\/sites\/148\/2025\/10\/Destaque-Novo-Universo-2.jpg","type":"image\/jpeg"}],"author":"Matheus Sangaletti","twitter_card":"summary_large_image","twitter_misc":{"Written by":"Matheus Sangaletti","Est. reading time":"10 minut"},"schema":{"@context":"https:\/\/schema.org","@graph":[{"@type":"WebPage","@id":"https:\/\/universofamilia.com\/ko\/ambiental\/","url":"https:\/\/universofamilia.com\/ko\/ambiental\/","name":"10 acciones sustentables para reducir la crisis ambiental - Universo Fam\u00edlia","isPartOf":{"@id":"https:\/\/universofamilia.com\/el\/#website"},"primaryImageOfPage":{"@id":"https:\/\/universofamilia.com\/ko\/ambiental\/#primaryimage"},"image":{"@id":"https:\/\/universofamilia.com\/ko\/ambiental\/#primaryimage"},"thumbnailUrl":"http:\/\/universofamilia.com\/wp-content\/uploads\/sites\/148\/2025\/10\/Destaque-Novo-Universo-2.jpg","datePublished":"2025-10-13T15:50:28+00:00","dateModified":"2025-10-16T18:40:53+00:00","author":{"@id":"https:\/\/universofamilia.com\/el\/#\/schema\/person\/92fcd07e9b1f4323bf74f3170fc0f78a"},"description":"Las 10 acciones sustentables para reducir los efectos de la crisis ambiental se han convertido en una prioridad urgente para la humanidad.","breadcrumb":{"@id":"https:\/\/universofamilia.com\/ko\/ambiental\/#breadcrumb"},"inLanguage":"cs","potentialAction":[{"@type":"ReadAction","target":["https:\/\/universofamilia.com\/ko\/ambiental\/"]}]},{"@type":"ImageObject","inLanguage":"cs","@id":"https:\/\/universofamilia.com\/ko\/ambiental\/#primaryimage","url":"http:\/\/universofamilia.com\/wp-content\/uploads\/sites\/148\/2025\/10\/Destaque-Novo-Universo-2.jpg","contentUrl":"http:\/\/universofamilia.com\/wp-content\/uploads\/sites\/148\/2025\/10\/Destaque-Novo-Universo-2.jpg","width":450,"height":250},{"@type":"BreadcrumbList","@id":"https:\/\/universofamilia.com\/ko\/ambiental\/#breadcrumb","itemListElement":[{"@type":"ListItem","position":1,"name":"Home","item":"https:\/\/universofamilia.com\/el\/"},{"@type":"ListItem","position":2,"name":"10 acciones sustentables para reducir la crisis ambiental"}]},{"@type":"WebSite","@id":"https:\/\/universofamilia.com\/el\/#website","url":"https:\/\/universofamilia.com\/el\/","name":"Universo Fam\u00edlia","description":"","potentialAction":[{"@type":"SearchAction","target":{"@type":"EntryPoint","urlTemplate":"https:\/\/universofamilia.com\/el\/?s={search_term_string}"},"query-input":"required name=search_term_string"}],"inLanguage":"cs"},{"@type":"Person","@id":"https:\/\/universofamilia.com\/el\/#\/schema\/person\/92fcd07e9b1f4323bf74f3170fc0f78a","name":"Matheus Sangaletti","image":{"@type":"ImageObject","inLanguage":"cs","@id":"https:\/\/universofamilia.com\/el\/#\/schema\/person\/image\/","url":"http:\/\/2.gravatar.com\/avatar\/280ea957a14a48e6a1ad2133d2cc27c9?s=96&d=mm&r=g","contentUrl":"http:\/\/2.gravatar.com\/avatar\/280ea957a14a48e6a1ad2133d2cc27c9?s=96&d=mm&r=g","caption":"Matheus Sangaletti"},"url":"http:\/\/universofamilia.com\/cs\/author\/matheuss\/"}]}},"_links":{"self":[{"href":"http:\/\/universofamilia.com\/cs\/wp-json\/wp\/v2\/posts\/10073"}],"collection":[{"href":"http:\/\/universofamilia.com\/cs\/wp-json\/wp\/v2\/posts"}],"about":[{"href":"http:\/\/universofamilia.com\/cs\/wp-json\/wp\/v2\/types\/post"}],"author":[{"embeddable":true,"href":"http:\/\/universofamilia.com\/cs\/wp-json\/wp\/v2\/users\/219"}],"replies":[{"embeddable":true,"href":"http:\/\/universofamilia.com\/cs\/wp-json\/wp\/v2\/comments?post=10073"}],"version-history":[{"count":2,"href":"http:\/\/universofamilia.com\/cs\/wp-json\/wp\/v2\/posts\/10073\/revisions"}],"predecessor-version":[{"id":10170,"href":"http:\/\/universofamilia.com\/cs\/wp-json\/wp\/v2\/posts\/10073\/revisions\/10170"}],"wp:featuredmedia":[{"embeddable":true,"href":"http:\/\/universofamilia.com\/cs\/wp-json\/wp\/v2\/media\/10074"}],"wp:attachment":[{"href":"http:\/\/universofamilia.com\/cs\/wp-json\/wp\/v2\/media?parent=10073"}],"wp:term":[{"taxonomy":"category","embeddable":true,"href":"http:\/\/universofamilia.com\/cs\/wp-json\/wp\/v2\/categories?post=10073"},{"taxonomy":"post_tag","embeddable":true,"href":"http:\/\/universofamilia.com\/cs\/wp-json\/wp\/v2\/tags?post=10073"}],"curies":[{"name":"wp","href":"https:\/\/api.w.org\/{rel}","templated":true}]}}