{"id":10165,"date":"2025-10-16T15:39:54","date_gmt":"2025-10-16T18:39:54","guid":{"rendered":"https:\/\/universofamilia.com\/?p=10165"},"modified":"2025-10-16T15:39:57","modified_gmt":"2025-10-16T18:39:57","slug":"elecciones-en-todo-el-mundo-en-2025-tendencias-y-retos","status":"publish","type":"post","link":"http:\/\/universofamilia.com\/cs\/elecciones-en-todo-el-mundo-en-2025-tendencias-y-retos\/","title":{"rendered":"Volby po cel\u00e9m sv\u011bt\u011b v roce 2025: trendy a v\u00fdzvy"},"content":{"rendered":"<p class=\"has-text-align-center\">Z prvn\u00edho odstavce: <strong>Volby po cel\u00e9m sv\u011bt\u011b v roce 2025: trendy a v\u00fdzvy<\/strong> Nen\u00ed to jen titulek: poskytuje \u017eiv\u00fd obraz politick\u00fdch konflikt\u016f, demokratick\u00fdch inovac\u00ed a rizik, kter\u00e1 definuj\u00ed glob\u00e1ln\u00ed sm\u011b\u0159ov\u00e1n\u00ed.<\/p>\n\n\n\n<figure class=\"wp-block-gallery aligncenter has-nested-images columns-default is-cropped wp-block-gallery-1 is-layout-flex wp-block-gallery-is-layout-flex\">\n<figure class=\"wp-block-image size-full\"><img loading=\"lazy\" decoding=\"async\" width=\"450\" height=\"250\" data-id=\"10167\" src=\"https:\/\/universofamilia.com\/wp-content\/uploads\/sites\/148\/2025\/10\/Destaque-Novo-Universo-9-1.jpg\" alt=\"\" class=\"wp-image-10167\" srcset=\"http:\/\/universofamilia.com\/wp-content\/uploads\/sites\/148\/2025\/10\/Destaque-Novo-Universo-9-1.jpg 450w, http:\/\/universofamilia.com\/wp-content\/uploads\/sites\/148\/2025\/10\/Destaque-Novo-Universo-9-1-300x167.jpg 300w, http:\/\/universofamilia.com\/wp-content\/uploads\/sites\/148\/2025\/10\/Destaque-Novo-Universo-9-1-18x10.jpg 18w\" sizes=\"(max-width: 450px) 100vw, 450px\" \/><figcaption class=\"wp-element-caption\">CANVA<\/figcaption><\/figure>\n<\/figure>\n\n\n\n<p class=\"has-text-align-center\">Zde je \u00fa\u010deln\u00e1 anal\u00fdza: pochop\u00edte s\u00edly ovliv\u0148uj\u00edc\u00ed sou\u010dasn\u00e9 volby, nejnal\u00e9hav\u011bj\u0161\u00ed p\u0159ek\u00e1\u017eky a to, jak mohou ob\u010dan\u00e9 pos\u00edlit sv\u00e9 syst\u00e9my zastoupen\u00ed.<\/p>\n\n\n\n<p><strong>Shrnut\u00ed<\/strong><\/p>\n\n\n\n<ul>\n<li>P\u0159ehled: Pro\u010d je rok 2025 d\u016fle\u017eit\u00fd<\/li>\n\n\n\n<li>Dominantn\u00ed trendy ve volebn\u00edch procesech<\/li>\n\n\n\n<li>V\u00fdzvy, kter\u00e9 ohro\u017euj\u00ed demokratickou legitimitu<\/li>\n\n\n\n<li>Dva ilustrativn\u00ed p\u0159\u00edpady<\/li>\n\n\n\n<li>Strategie na ochranu d\u016fv\u011bryhodn\u00fdch voleb<\/li>\n\n\n\n<li>Reflexivn\u00ed z\u00e1v\u011br<\/li>\n\n\n\n<li>\u010casto kladen\u00e9 ot\u00e1zky<\/li>\n<\/ul>\n\n\n\n<h2 class=\"wp-block-heading\">P\u0159ehled: Pro\u010d je rok 2025 d\u016fle\u017eit\u00fd<\/h2>\n\n\n\n<p>Tento rok p\u0159edstavuje zlom: po masivn\u00edch volebn\u00edch cyklech v letech 2023 a 2024 se o\u010dek\u00e1v\u00e1, \u017ee se bu\u010f upevn\u00ed pokrok, nebo se prohloub\u00ed ne\u00fasp\u011bchy.<\/p>\n\n\n\n<p>Podle indexu International IDEA, kter\u00fd zaznamenal v roce 2023 nejv\u011bt\u0161\u00ed historick\u00fd pokles svobodn\u00fdch a spravedliv\u00fdch voleb, do\u0161lo k celosv\u011btov\u00e9mu poklesu d\u016fv\u011bryhodnosti voli\u010d\u016f.<\/p>\n\n\n\n<p>V t\u00e9m\u011b\u0159 20 ned\u00e1vn\u00fdch celost\u00e1tn\u00edch volb\u00e1ch alespo\u0148 jeden pora\u017een\u00fd kandid\u00e1t odm\u00edtl v\u00fdsledky.<\/p>\n\n\n\n<p>Kdy\u017e mluv\u00ed\u0161 o <strong>Volby po cel\u00e9m sv\u011bt\u011b v roce 2025: trendy a v\u00fdzvy<\/strong>Nepo\u017eadujete optimistick\u00fd pohled na v\u011bc, ale sp\u00ed\u0161e jasnou a kritickou vizi: v\u00edte, \u017ee sebev\u011bdom\u00ed je naru\u0161eno, ale tak\u00e9 \u017ee je prostor pro akci.<\/p>\n\n\n\n<h2 class=\"wp-block-heading\">Dominantn\u00ed trendy ve volebn\u00edch procesech<\/h2>\n\n\n\n<h3 class=\"wp-block-heading\">Digitalizace a nov\u00e9 metody hlasov\u00e1n\u00ed<\/h3>\n\n\n\n<p>Zav\u00e1d\u011bn\u00ed digit\u00e1ln\u00edch mechanism\u016f, jako je hlasov\u00e1n\u00ed na d\u00e1lku, \u0161ifrovan\u00e9 platformy a technologick\u00e9 audity, se zintenziv\u0148uje. <\/p>\n\n\n\n<p>Ned\u00e1vn\u00e1 studie navrhuje syst\u00e9my zalo\u017een\u00e9 na <strong>blockchain<\/strong> zv\u00fd\u0161it transparentnost a sn\u00ed\u017eit zranitelnosti.<\/p>\n\n\n\n<p>Tento technologick\u00fd posun m\u016f\u017ee b\u00fdt siln\u00fdm spojencem, i kdy\u017e vy\u017eaduje robustn\u00ed bezpe\u010dnostn\u00ed a dohledov\u00e9 podm\u00ednky.<\/p>\n\n\n\n<h3 class=\"wp-block-heading\">Pokles \u00fa\u010dasti a zv\u00fd\u0161en\u00fd po\u010det ot\u00e1zek<\/h3>\n\n\n\n<p>Klesaj\u00edc\u00ed m\u00edra \u00fa\u010dasti je viditeln\u00fdm p\u0159\u00edznakem: demokratick\u00fd trh ztr\u00e1c\u00ed kupuj\u00edc\u00ed.<\/p>\n\n\n\n<p>Od roku 2008 do roku 2023 vzrostla pr\u016fm\u011brn\u00e1 volebn\u00ed \u00fa\u010dast na cel\u00e9m sv\u011bt\u011b z 65,2 % v % na 55,5 % v %.<\/p>\n\n\n\n<p>Tento rozd\u00edl nen\u00ed jen statistick\u00fd: zahrnuje tis\u00edce hlas\u016f, kter\u00e9 se ji\u017e nec\u00edt\u00ed b\u00fdt zastoupeny.<\/p>\n\n\n\n<p>D\u016fv\u011bryhodnost voleb je pod tlakem: zpr\u00e1va IDEA uv\u00e1d\u00ed, \u017ee v roce 2024 odevzdala hlas t\u0159etina voli\u010d\u016f v zem\u00edch s ni\u017e\u0161\u00ed kvalitou proces\u016f ne\u017e v p\u0159edchoz\u00edch volb\u00e1ch.<\/p>\n\n\n\n<h3 class=\"wp-block-heading\">Polarizace, digit\u00e1ln\u00ed manipulace a institucion\u00e1ln\u00ed k\u0159ehkost<\/h3>\n\n\n\n<p>\u010c\u00edh\u00e1 na n\u011b c\u00edlen\u00e1 propaganda, automatizovan\u00e9 kampan\u011b, deepfaky a astroturfing.<\/p>\n\n\n\n<p>V Evrop\u011b byly zdokumentov\u00e1ny p\u0159\u00edpady, kdy pou\u017eit\u00ed algoritm\u016f zv\u00fdhod\u0148ovalo konkr\u00e9tn\u00ed kandid\u00e1ty a vedlo k \u010d\u00e1ste\u010dn\u00e9mu anulov\u00e1n\u00ed v\u00fdsledk\u016f.<\/p>\n\n\n\n<p>Tato konvergence technologi\u00ed a politick\u00fdch spor\u016f prom\u011b\u0148uje ka\u017ed\u00e9 volby v neviditeln\u00e9 boji\u0161t\u011b.<\/p>\n\n\n\n<p>V tomto sc\u00e9n\u00e1\u0159i hraj\u00ed rozhoduj\u00edc\u00ed roli volebn\u00ed instituce, nez\u00e1visl\u00e1 m\u00e9dia a audity.<\/p>\n\n\n\n<h2 class=\"wp-block-heading\">V\u00fdzvy, kter\u00e9 ohro\u017euj\u00ed demokratickou legitimitu<\/h2>\n\n\n\n<h3 class=\"wp-block-heading\">Syst\u00e9mov\u00e9 dezinformace<\/h3>\n\n\n\n<p>D\u00edky soci\u00e1ln\u00edm m\u00e9di\u00edm jako\u017eto mocn\u00e9mu vektoru m\u016f\u017ee \u0161\u00ed\u0159en\u00ed fale\u0161n\u00fdch zpr\u00e1v zkreslovat agendu, polarizovat spole\u010dnosti a oslabovat institucion\u00e1ln\u00ed d\u016fv\u011bru.<\/p>\n\n\n\n<p>Je to tich\u00fd, ale smrt\u00edc\u00ed nep\u0159\u00edtel.<\/p>\n\n\n\n<h3 class=\"wp-block-heading\">Institucion\u00e1ln\u00ed ovl\u00e1dnut\u00ed a m\u011bkk\u00e9 podvody<\/h3>\n\n\n\n<p>Kdy\u017e vl\u00e1dnouc\u00ed strana manipuluje s volebn\u00edmi pravidly, kontroluje nez\u00e1visl\u00e9 org\u00e1ny nebo vyu\u017e\u00edv\u00e1 st\u00e1tn\u00ed zdroje ve sv\u016fj prosp\u011bch, jsou podm\u00ednky nerovn\u00e9.<\/p>\n\n\n\n<p>Nap\u0159\u00edklad v Burundi vedly parlamentn\u00ed volby v roce 2025 k vylou\u010den\u00ed opozice a absolutn\u00edmu v\u00edt\u011bzstv\u00ed vl\u00e1dnouc\u00ed strany.<\/p>\n\n\n\n<p>Dal\u0161\u00edm pozoruhodn\u00fdm p\u0159\u00edpadem je B\u011blorusko: prezident Luka\u0161enko z\u00edskal v\u00edce ne\u017e 85 % hlas\u016f ve volb\u00e1ch, kter\u00e9 byly v\u0161eobecn\u011b ozna\u010dov\u00e1ny za fra\u0161ku.<\/p>\n\n\n\n<p>Je to metafora pro volebn\u00ed syst\u00e9m prom\u011bn\u011bn\u00fd v ceremoni\u00e1l.<\/p>\n\n\n\n<h3 class=\"wp-block-heading\">Soci\u00e1ln\u00ed a p\u0159\u00edstupov\u00e9 mezery<\/h3>\n\n\n\n<p>Struktur\u00e1ln\u00ed nerovnost, nedostatek slu\u017eeb, geografick\u00e9 bari\u00e9ry a digit\u00e1ln\u00ed deficit marginalizuj\u00ed cel\u00e9 segmenty voli\u010d\u016f. Pokud ob\u010dan nem\u016f\u017ee z\u00edskat informace, zaregistrovat se nebo se dostat k volebn\u00ed m\u00edstnosti, jsou jeho politick\u00e1 pr\u00e1va potla\u010dena.<\/p>\n\n\n\n<h3 class=\"wp-block-heading\">Volebn\u00ed n\u00e1sil\u00ed a nejistota<\/h3>\n\n\n\n<p>V mnoha zem\u00edch jsou kandid\u00e1ti ohro\u017eov\u00e1ni, volebn\u00ed m\u00edstnosti jsou napad\u00e1ny a protestuj\u00edc\u00ed jsou potla\u010dov\u00e1ni.<\/p>\n\n\n\n<p>Podle organizace Freedom House do\u0161lo k n\u00e1siln\u00fdm akt\u016fm, zastra\u0161ov\u00e1n\u00ed nebo agresi ve v\u00edce ne\u017e 40 oblastech, kde se v roce 2024 konaly n\u00e1rodn\u00ed volby.<\/p>\n\n\n\n<p>Hrozba nen\u00ed hypotetick\u00e1: m\u00e1 tv\u00e1\u0159, dopad a re\u00e1ln\u00e9 d\u016fsledky pro vn\u00edm\u00e1n\u00ed legitimity.<\/p>\n\n\n\n<h2 class=\"wp-block-heading\">Dva ilustrativn\u00ed p\u0159\u00edklady<\/h2>\n\n\n\n<p><strong>P\u0159\u00edpadov\u00e1 studie 1: Ekv\u00e1dor 2025 (Latinsk\u00e1 Amerika)<\/strong><br>V\u0161eobecn\u00e9 volby v Ekv\u00e1doru, kter\u00e9 se konaly v \u00fanoru a dubnu 2025, vyk\u00e1zaly \u00fa\u010dast v % 82 %.<\/p>\n\n\n\n<p>Vyvst\u00e1vaj\u00ed ot\u00e1zky: co je hnac\u00ed silou t\u00e9to mobilizace navzdory v\u0161eobecn\u00e9mu roz\u010darov\u00e1n\u00ed?<\/p>\n\n\n\n<p>Mezi zm\u00edn\u011bn\u00e9 faktory pat\u0159\u00ed vysok\u00e1 polarizace, p\u0159\u00edtomnost kandid\u00e1t\u016f naklon\u011bn\u00fdch m\u00e9di\u00edm a aktivn\u00ed ob\u010dansk\u00e9 pov\u011bdom\u00ed. <\/p>\n\n\n\n<p>Je to p\u0159\u00edklad toho, \u017ee i v napjat\u00fdch situac\u00edch m\u016f\u017ee kolektivn\u00ed akce zvr\u00e1tit trendy.<\/p>\n\n\n\n<p><strong>P\u0159\u00edpad 2: Lichten\u0161tejnsko 2025 (Evropa)<\/strong><br>V mnohem institucionalizovan\u011bj\u0161\u00edm kontextu se v Lichten\u0161tejnsku konaly legislativn\u00ed volby s \u00fa\u010dast\u00ed 76,3 voli\u010d\u016f.<\/p>\n\n\n\n<p>V\u00fdsledek nebyl ani ok\u00e1zal\u00fd, ani dramatick\u00fd, ale odr\u00e1\u017e\u00ed to, \u017ee i v mikrost\u00e1tech je kvalita procesu d\u016fle\u017eit\u00e1: transparentnost, pluralismus a jasn\u00e1 pravidla udr\u017euj\u00ed d\u016fv\u011bru.<\/p>\n\n\n\n<p>Tyto vzorky porovn\u00e1vaj\u00ed r\u016fzn\u00e9 sc\u00e9n\u00e1\u0159e, jeden se struktur\u00e1ln\u00edm nap\u011bt\u00edm v demokracii a druh\u00fd s institucion\u00e1ln\u00ed stabilitou, ale oba potvrzuj\u00ed, \u017ee <strong>Volby po cel\u00e9m sv\u011bt\u011b v roce 2025: trendy a v\u00fdzvy<\/strong> Funguj\u00ed v r\u016fzn\u00fdch realit\u00e1ch.<\/p>\n\n\n\n<h2 class=\"wp-block-heading\">Strategie na ochranu d\u016fv\u011bryhodn\u00fdch voleb<\/h2>\n\n\n\n<h3 class=\"wp-block-heading\">Digit\u00e1ln\u00ed ob\u010dansk\u00e1 v\u00fdchova<\/h3>\n\n\n\n<p>Vzd\u011bl\u00e1vat ve\u0159ejnost v oblasti medi\u00e1ln\u00ed gramotnosti, fungov\u00e1n\u00ed instituc\u00ed, ov\u011b\u0159ov\u00e1n\u00ed zdroj\u016f a kan\u00e1l\u016f pro pod\u00e1v\u00e1n\u00ed zpr\u00e1v.<\/p>\n\n\n\n<p>Pokud ob\u010dan\u00e9 v\u011bd\u00ed, jak podvody funguj\u00ed, reaguj\u00ed rychleji.<\/p>\n\n\n\n<h3 class=\"wp-block-heading\">Inkluzivn\u00ed pozorov\u00e1n\u00ed a nez\u00e1visl\u00e9 audity<\/h3>\n\n\n\n<p>Podporovat m\u00edstn\u00ed a mezin\u00e1rodn\u00ed mise, p\u0159\u00edstup ve\u0159ejnosti ke s\u010d\u00edt\u00e1n\u00ed hlas\u016f, audity transparentnosti a \u00fa\u010dast organizac\u00ed ob\u010dansk\u00e9 spole\u010dnosti.<\/p>\n\n\n\n<p>Kolektivn\u00ed dohled funguje jako odstra\u0161uj\u00edc\u00ed kontrola.<\/p>\n\n\n\n<h3 class=\"wp-block-heading\">Zvl\u00e1\u0161tn\u00ed p\u0159edpisy pro digit\u00e1ln\u00ed kampan\u011b<\/h3>\n\n\n\n<p>Stanovit limity pro financov\u00e1n\u00ed s\u00edt\u00ed, po\u017eadovat algoritmickou transparentnost, regulovat pou\u017e\u00edv\u00e1n\u00ed um\u011bl\u00e9 inteligence v politick\u00e9 propagand\u011b a penalizovat pou\u017e\u00edv\u00e1n\u00ed anonymn\u00edch bot\u016f.<\/p>\n\n\n\n<p>Digit\u00e1ln\u00ed pr\u00e1vn\u00ed r\u00e1mec mus\u00ed dr\u017eet krok s technologick\u00fdm pokrokem.<\/p>\n\n\n\n<h3 class=\"wp-block-heading\">Usnadn\u011bn\u00ed hlasov\u00e1n\u00ed<\/h3>\n\n\n\n<p>Zav\u00e9st mechanismy p\u0159ed\u010dasn\u00e9ho hlasov\u00e1n\u00ed, prodlou\u017eenou otev\u00edrac\u00ed dobu, mobiln\u00ed volebn\u00ed centra, hlasov\u00e1n\u00ed v zahrani\u010d\u00ed a odstranit sv\u00e9voln\u00e9 registra\u010dn\u00ed p\u0159ek\u00e1\u017eky, aby ka\u017ed\u00fd ob\u010dan mohl uplatnit sv\u00e9 pr\u00e1vo.<\/p>\n\n\n\n<h3 class=\"wp-block-heading\">Robustn\u00ed institucion\u00e1ln\u00ed ochrana<\/h3>\n\n\n\n<p>Zajistit, aby volebn\u00ed org\u00e1ny byly autonomn\u00ed, dostate\u010dn\u011b financovan\u00e9 a podl\u00e9haly civiln\u00edmu dohledu. Pokud budou ovl\u00e1dnuty, cel\u00fd proces se zhrout\u00ed.<\/p>\n\n\n\n<figure class=\"wp-block-gallery aligncenter has-nested-images columns-default is-cropped wp-block-gallery-2 is-layout-flex wp-block-gallery-is-layout-flex\">\n<figure class=\"wp-block-image size-full\"><img loading=\"lazy\" decoding=\"async\" width=\"450\" height=\"250\" data-id=\"10168\" src=\"https:\/\/universofamilia.com\/wp-content\/uploads\/sites\/148\/2025\/10\/Destaque-Novo-Universo-10.jpg\" alt=\"\" class=\"wp-image-10168\" srcset=\"http:\/\/universofamilia.com\/wp-content\/uploads\/sites\/148\/2025\/10\/Destaque-Novo-Universo-10.jpg 450w, http:\/\/universofamilia.com\/wp-content\/uploads\/sites\/148\/2025\/10\/Destaque-Novo-Universo-10-300x167.jpg 300w, http:\/\/universofamilia.com\/wp-content\/uploads\/sites\/148\/2025\/10\/Destaque-Novo-Universo-10-18x10.jpg 18w\" sizes=\"(max-width: 450px) 100vw, 450px\" \/><figcaption class=\"wp-element-caption\">CANVA<\/figcaption><\/figure>\n<\/figure>\n\n\n\n<p>\u010ct\u011bte v\u00edce:\u00a0<a href=\"http:\/\/universofamilia.com\/cs\/crisis-climatica-global\/\">Glob\u00e1ln\u00ed klimatick\u00e1 krize: dopady ji\u017e postihuj\u00ed miliony lid\u00ed<\/a><\/p>\n\n\n\n<h2 class=\"wp-block-heading\">Reflexivn\u00ed z\u00e1v\u011br<\/h2>\n\n\n\n<p>Kdy\u017e uv\u00e1\u017e\u00edte <strong>Volby po cel\u00e9m sv\u011bt\u011b v roce 2025: trendy a v\u00fdzvy<\/strong>, ne\u010del\u00edte akademick\u00e9mu cvi\u010den\u00ed: \u010del\u00edte kolektivn\u00ed odpov\u011bdnosti za obranu prostor\u016f skute\u010dn\u00e9 volby.<\/p>\n\n\n\n<p>Nesta\u010d\u00ed jen j\u00edt do volebn\u00ed m\u00edstnosti; je nezbytn\u00e9 po\u017eadovat integritu, bd\u011blost a spravedlnost.<\/p>\n\n\n\n<p>Volby mus\u00ed i nad\u00e1le b\u00fdt okam\u017eikem, kdy hlas ob\u010dan\u016f rozhoduje, nikoli ho simuluje.<\/p>\n\n\n\n<p>Pokud dovol\u00edte, aby si moc zvykla manipulovat bez n\u00e1sledk\u016f, nebude cesty zp\u011bt.<\/p>\n\n\n\n<p>P\u0159esto ka\u017ed\u00e1 reforma, ka\u017ed\u00fd pozorovatel, kter\u00fd po\u017eaduje transparentnost, a ka\u017ed\u00fd soused, kter\u00fd odsuzuje nesrovnalosti, stav\u00ed bari\u00e9ru proti autorit\u00e1\u0159stv\u00ed.<\/p>\n\n\n\n<p>A vy? Nech\u00e1te proces prob\u00edhat bez odporu, nebo se tak\u00e9 stanete aktivn\u00edm str\u00e1\u017ecem legitimn\u00edho hlasu?<\/p>\n\n\n\n<p>\u010ct\u011bte v\u00edce:\u00a0<a href=\"http:\/\/universofamilia.com\/cs\/ambiental\/\">10 udr\u017eiteln\u00fdch opat\u0159en\u00ed ke zm\u00edrn\u011bn\u00ed environment\u00e1ln\u00ed krize<\/a><\/p>\n\n\n\n<h2 class=\"wp-block-heading\">\u010casto kladen\u00e9 ot\u00e1zky<\/h2>\n\n\n\n<p><strong>Pro\u010d je dnes ob\u010dansk\u00e1 \u00fa\u010dast tak n\u00edzk\u00e1?<\/strong><br>Proto\u017ee mnoho lid\u00ed ned\u016fv\u011b\u0159uje politick\u00fdm stran\u00e1m, m\u00e1 pocit, \u017ee na jejich hlase nez\u00e1le\u017e\u00ed, postr\u00e1d\u00e1 spolehliv\u00e9 informace nebo \u010del\u00ed praktick\u00fdm p\u0159ek\u00e1\u017ek\u00e1m p\u0159i hlasov\u00e1n\u00ed.<\/p>\n\n\n\n<p><strong>Zaru\u010duje pou\u017eit\u00ed volebn\u00ed technologie integritu?<\/strong><br>Ne nutn\u011b. Pokud to nen\u00ed doprov\u00e1zeno p\u0159\u00edsn\u00fdmi audity, plnou transparentnost\u00ed a jasn\u00fdmi standardy, m\u016f\u017ee to vytvo\u0159it v\u00edce zranitelnost\u00ed ne\u017e \u0159e\u0161en\u00ed.<\/p>\n\n\n\n<p><strong>Ve kter\u00fdch zem\u00edch jsou pozorov\u00e1ny alarmuj\u00edc\u00ed demokratick\u00e9 ne\u00fasp\u011bchy?<\/strong><br>V n\u011bkolika st\u00e1tech se silnou vl\u00e1dou, jako je B\u011blorusko, Burundi a dal\u0161\u00ed, kde je opozice systematicky vylu\u010dov\u00e1na nebo potla\u010dov\u00e1na.<\/p>\n\n\n\n<p><strong>Jak se mohou ob\u010dan\u00e9 zapojit do obrany spravedliv\u00fdch voleb?<\/strong><br>Hl\u00e1\u0161en\u00ed nesrovnalost\u00ed, podpora observato\u0159\u00ed, po\u017eadov\u00e1n\u00ed p\u0159\u00edstupu k volebn\u00edm dat\u016fm, \u00fa\u010dast na ve\u0159ejn\u00fdch debat\u00e1ch a vol\u00e1n\u00ed po pr\u00e1vn\u00edch reform\u00e1ch.<\/p>","protected":false},"excerpt":{"rendered":"<p>Desde el primer p\u00e1rrafo: Elecciones en todo el mundo en 2025: tendencias y retos no es solo un titular: implica una radiograf\u00eda viva de conflictos pol\u00edticos, innovaciones democr\u00e1ticas y riesgos que definen el rumbo global. Aqu\u00ed tienes un an\u00e1lisis con prop\u00f3sito: comprender\u00e1s qu\u00e9 fuerzas moldean los comicios actuales, cu\u00e1les son sus obst\u00e1culos m\u00e1s urgentes y [&hellip;]<\/p>","protected":false},"author":219,"featured_media":10166,"comment_status":"closed","ping_status":"open","sticky":false,"template":"","format":"standard","meta":{"footnotes":""},"categories":[4],"tags":[],"yoast_head":"<!-- This site is optimized with the Yoast SEO plugin v23.3 - https:\/\/yoast.com\/wordpress\/plugins\/seo\/ -->\n<title>Elecciones en todo el mundo en 2025: tendencias y retos - Universo Fam\u00edlia<\/title>\n<meta name=\"description\" content=\"Desde el primer p\u00e1rrafo: Elecciones en todo el mundo en 2025: tendencias y retos no es solo un titular: implica una radiograf\u00eda viva de...\" \/>\n<meta name=\"robots\" content=\"index, follow, max-snippet:-1, max-image-preview:large, max-video-preview:-1\" \/>\n<link rel=\"canonical\" href=\"http:\/\/universofamilia.com\/cs\/elecciones-en-todo-el-mundo-en-2025-tendencias-y-retos\/\" \/>\n<meta property=\"og:locale\" content=\"cs_CZ\" \/>\n<meta property=\"og:type\" content=\"article\" \/>\n<meta property=\"og:title\" content=\"Elecciones en todo el mundo en 2025: tendencias y retos - Universo Fam\u00edlia\" \/>\n<meta property=\"og:description\" content=\"Desde el primer p\u00e1rrafo: Elecciones en todo el mundo en 2025: tendencias y retos no es solo un titular: implica una radiograf\u00eda viva de...\" \/>\n<meta property=\"og:url\" content=\"http:\/\/universofamilia.com\/cs\/elecciones-en-todo-el-mundo-en-2025-tendencias-y-retos\/\" \/>\n<meta property=\"og:site_name\" content=\"Universo Fam\u00edlia\" \/>\n<meta property=\"article:published_time\" content=\"2025-10-16T18:39:54+00:00\" \/>\n<meta property=\"article:modified_time\" content=\"2025-10-16T18:39:57+00:00\" \/>\n<meta property=\"og:image\" content=\"http:\/\/universofamilia.com\/wp-content\/uploads\/sites\/148\/2025\/10\/Destaque-Novo-Universo-9.jpg\" \/>\n\t<meta property=\"og:image:width\" content=\"450\" \/>\n\t<meta property=\"og:image:height\" content=\"250\" \/>\n\t<meta property=\"og:image:type\" content=\"image\/jpeg\" \/>\n<meta name=\"author\" content=\"Matheus Sangaletti\" \/>\n<meta name=\"twitter:card\" content=\"summary_large_image\" \/>\n<meta name=\"twitter:label1\" content=\"Written by\" \/>\n\t<meta name=\"twitter:data1\" content=\"Matheus Sangaletti\" \/>\n\t<meta name=\"twitter:label2\" content=\"Est. reading time\" \/>\n\t<meta name=\"twitter:data2\" content=\"8 minut\" \/>\n<script type=\"application\/ld+json\" class=\"yoast-schema-graph\">{\"@context\":\"https:\/\/schema.org\",\"@graph\":[{\"@type\":\"WebPage\",\"@id\":\"http:\/\/universofamilia.com\/zh_hk\/elecciones-en-todo-el-mundo-en-2025-tendencias-y-retos\/\",\"url\":\"http:\/\/universofamilia.com\/zh_hk\/elecciones-en-todo-el-mundo-en-2025-tendencias-y-retos\/\",\"name\":\"Elecciones en todo el mundo en 2025: tendencias y retos - Universo Fam\u00edlia\",\"isPartOf\":{\"@id\":\"https:\/\/universofamilia.com\/el\/#website\"},\"primaryImageOfPage\":{\"@id\":\"http:\/\/universofamilia.com\/zh_hk\/elecciones-en-todo-el-mundo-en-2025-tendencias-y-retos\/#primaryimage\"},\"image\":{\"@id\":\"http:\/\/universofamilia.com\/zh_hk\/elecciones-en-todo-el-mundo-en-2025-tendencias-y-retos\/#primaryimage\"},\"thumbnailUrl\":\"http:\/\/universofamilia.com\/wp-content\/uploads\/sites\/148\/2025\/10\/Destaque-Novo-Universo-9.jpg\",\"datePublished\":\"2025-10-16T18:39:54+00:00\",\"dateModified\":\"2025-10-16T18:39:57+00:00\",\"author\":{\"@id\":\"https:\/\/universofamilia.com\/el\/#\/schema\/person\/92fcd07e9b1f4323bf74f3170fc0f78a\"},\"description\":\"Desde el primer p\u00e1rrafo: Elecciones en todo el mundo en 2025: tendencias y retos no es solo un titular: implica una radiograf\u00eda viva de...\",\"breadcrumb\":{\"@id\":\"http:\/\/universofamilia.com\/zh_hk\/elecciones-en-todo-el-mundo-en-2025-tendencias-y-retos\/#breadcrumb\"},\"inLanguage\":\"cs\",\"potentialAction\":[{\"@type\":\"ReadAction\",\"target\":[\"http:\/\/universofamilia.com\/zh_hk\/elecciones-en-todo-el-mundo-en-2025-tendencias-y-retos\/\"]}]},{\"@type\":\"ImageObject\",\"inLanguage\":\"cs\",\"@id\":\"http:\/\/universofamilia.com\/zh_hk\/elecciones-en-todo-el-mundo-en-2025-tendencias-y-retos\/#primaryimage\",\"url\":\"http:\/\/universofamilia.com\/wp-content\/uploads\/sites\/148\/2025\/10\/Destaque-Novo-Universo-9.jpg\",\"contentUrl\":\"http:\/\/universofamilia.com\/wp-content\/uploads\/sites\/148\/2025\/10\/Destaque-Novo-Universo-9.jpg\",\"width\":450,\"height\":250},{\"@type\":\"BreadcrumbList\",\"@id\":\"http:\/\/universofamilia.com\/zh_hk\/elecciones-en-todo-el-mundo-en-2025-tendencias-y-retos\/#breadcrumb\",\"itemListElement\":[{\"@type\":\"ListItem\",\"position\":1,\"name\":\"Home\",\"item\":\"https:\/\/universofamilia.com\/el\/\"},{\"@type\":\"ListItem\",\"position\":2,\"name\":\"Elecciones en todo el mundo en 2025: tendencias y retos\"}]},{\"@type\":\"WebSite\",\"@id\":\"https:\/\/universofamilia.com\/el\/#website\",\"url\":\"https:\/\/universofamilia.com\/el\/\",\"name\":\"Universo Fam\u00edlia\",\"description\":\"\",\"potentialAction\":[{\"@type\":\"SearchAction\",\"target\":{\"@type\":\"EntryPoint\",\"urlTemplate\":\"https:\/\/universofamilia.com\/el\/?s={search_term_string}\"},\"query-input\":\"required name=search_term_string\"}],\"inLanguage\":\"cs\"},{\"@type\":\"Person\",\"@id\":\"https:\/\/universofamilia.com\/el\/#\/schema\/person\/92fcd07e9b1f4323bf74f3170fc0f78a\",\"name\":\"Matheus Sangaletti\",\"image\":{\"@type\":\"ImageObject\",\"inLanguage\":\"cs\",\"@id\":\"https:\/\/universofamilia.com\/el\/#\/schema\/person\/image\/\",\"url\":\"http:\/\/2.gravatar.com\/avatar\/280ea957a14a48e6a1ad2133d2cc27c9?s=96&d=mm&r=g\",\"contentUrl\":\"http:\/\/2.gravatar.com\/avatar\/280ea957a14a48e6a1ad2133d2cc27c9?s=96&d=mm&r=g\",\"caption\":\"Matheus Sangaletti\"},\"url\":\"http:\/\/universofamilia.com\/cs\/author\/matheuss\/\"}]}<\/script>\n<!-- \/ Yoast SEO plugin. -->","yoast_head_json":{"title":"Elecciones en todo el mundo en 2025: tendencias y retos - Universo Fam\u00edlia","description":"Desde el primer p\u00e1rrafo: Elecciones en todo el mundo en 2025: tendencias y retos no es solo un titular: implica una radiograf\u00eda viva de...","robots":{"index":"index","follow":"follow","max-snippet":"max-snippet:-1","max-image-preview":"max-image-preview:large","max-video-preview":"max-video-preview:-1"},"canonical":"http:\/\/universofamilia.com\/cs\/elecciones-en-todo-el-mundo-en-2025-tendencias-y-retos\/","og_locale":"cs_CZ","og_type":"article","og_title":"Elecciones en todo el mundo en 2025: tendencias y retos - Universo Fam\u00edlia","og_description":"Desde el primer p\u00e1rrafo: Elecciones en todo el mundo en 2025: tendencias y retos no es solo un titular: implica una radiograf\u00eda viva de...","og_url":"http:\/\/universofamilia.com\/cs\/elecciones-en-todo-el-mundo-en-2025-tendencias-y-retos\/","og_site_name":"Universo Fam\u00edlia","article_published_time":"2025-10-16T18:39:54+00:00","article_modified_time":"2025-10-16T18:39:57+00:00","og_image":[{"width":450,"height":250,"url":"http:\/\/universofamilia.com\/wp-content\/uploads\/sites\/148\/2025\/10\/Destaque-Novo-Universo-9.jpg","type":"image\/jpeg"}],"author":"Matheus Sangaletti","twitter_card":"summary_large_image","twitter_misc":{"Written by":"Matheus Sangaletti","Est. reading time":"8 minut"},"schema":{"@context":"https:\/\/schema.org","@graph":[{"@type":"WebPage","@id":"http:\/\/universofamilia.com\/zh_hk\/elecciones-en-todo-el-mundo-en-2025-tendencias-y-retos\/","url":"http:\/\/universofamilia.com\/zh_hk\/elecciones-en-todo-el-mundo-en-2025-tendencias-y-retos\/","name":"Elecciones en todo el mundo en 2025: tendencias y retos - Universo Fam\u00edlia","isPartOf":{"@id":"https:\/\/universofamilia.com\/el\/#website"},"primaryImageOfPage":{"@id":"http:\/\/universofamilia.com\/zh_hk\/elecciones-en-todo-el-mundo-en-2025-tendencias-y-retos\/#primaryimage"},"image":{"@id":"http:\/\/universofamilia.com\/zh_hk\/elecciones-en-todo-el-mundo-en-2025-tendencias-y-retos\/#primaryimage"},"thumbnailUrl":"http:\/\/universofamilia.com\/wp-content\/uploads\/sites\/148\/2025\/10\/Destaque-Novo-Universo-9.jpg","datePublished":"2025-10-16T18:39:54+00:00","dateModified":"2025-10-16T18:39:57+00:00","author":{"@id":"https:\/\/universofamilia.com\/el\/#\/schema\/person\/92fcd07e9b1f4323bf74f3170fc0f78a"},"description":"Desde el primer p\u00e1rrafo: Elecciones en todo el mundo en 2025: tendencias y retos no es solo un titular: implica una radiograf\u00eda viva de...","breadcrumb":{"@id":"http:\/\/universofamilia.com\/zh_hk\/elecciones-en-todo-el-mundo-en-2025-tendencias-y-retos\/#breadcrumb"},"inLanguage":"cs","potentialAction":[{"@type":"ReadAction","target":["http:\/\/universofamilia.com\/zh_hk\/elecciones-en-todo-el-mundo-en-2025-tendencias-y-retos\/"]}]},{"@type":"ImageObject","inLanguage":"cs","@id":"http:\/\/universofamilia.com\/zh_hk\/elecciones-en-todo-el-mundo-en-2025-tendencias-y-retos\/#primaryimage","url":"http:\/\/universofamilia.com\/wp-content\/uploads\/sites\/148\/2025\/10\/Destaque-Novo-Universo-9.jpg","contentUrl":"http:\/\/universofamilia.com\/wp-content\/uploads\/sites\/148\/2025\/10\/Destaque-Novo-Universo-9.jpg","width":450,"height":250},{"@type":"BreadcrumbList","@id":"http:\/\/universofamilia.com\/zh_hk\/elecciones-en-todo-el-mundo-en-2025-tendencias-y-retos\/#breadcrumb","itemListElement":[{"@type":"ListItem","position":1,"name":"Home","item":"https:\/\/universofamilia.com\/el\/"},{"@type":"ListItem","position":2,"name":"Elecciones en todo el mundo en 2025: tendencias y retos"}]},{"@type":"WebSite","@id":"https:\/\/universofamilia.com\/el\/#website","url":"https:\/\/universofamilia.com\/el\/","name":"Universo Fam\u00edlia","description":"","potentialAction":[{"@type":"SearchAction","target":{"@type":"EntryPoint","urlTemplate":"https:\/\/universofamilia.com\/el\/?s={search_term_string}"},"query-input":"required name=search_term_string"}],"inLanguage":"cs"},{"@type":"Person","@id":"https:\/\/universofamilia.com\/el\/#\/schema\/person\/92fcd07e9b1f4323bf74f3170fc0f78a","name":"Matheus Sangaletti","image":{"@type":"ImageObject","inLanguage":"cs","@id":"https:\/\/universofamilia.com\/el\/#\/schema\/person\/image\/","url":"http:\/\/2.gravatar.com\/avatar\/280ea957a14a48e6a1ad2133d2cc27c9?s=96&d=mm&r=g","contentUrl":"http:\/\/2.gravatar.com\/avatar\/280ea957a14a48e6a1ad2133d2cc27c9?s=96&d=mm&r=g","caption":"Matheus Sangaletti"},"url":"http:\/\/universofamilia.com\/cs\/author\/matheuss\/"}]}},"_links":{"self":[{"href":"http:\/\/universofamilia.com\/cs\/wp-json\/wp\/v2\/posts\/10165"}],"collection":[{"href":"http:\/\/universofamilia.com\/cs\/wp-json\/wp\/v2\/posts"}],"about":[{"href":"http:\/\/universofamilia.com\/cs\/wp-json\/wp\/v2\/types\/post"}],"author":[{"embeddable":true,"href":"http:\/\/universofamilia.com\/cs\/wp-json\/wp\/v2\/users\/219"}],"replies":[{"embeddable":true,"href":"http:\/\/universofamilia.com\/cs\/wp-json\/wp\/v2\/comments?post=10165"}],"version-history":[{"count":1,"href":"http:\/\/universofamilia.com\/cs\/wp-json\/wp\/v2\/posts\/10165\/revisions"}],"predecessor-version":[{"id":10169,"href":"http:\/\/universofamilia.com\/cs\/wp-json\/wp\/v2\/posts\/10165\/revisions\/10169"}],"wp:featuredmedia":[{"embeddable":true,"href":"http:\/\/universofamilia.com\/cs\/wp-json\/wp\/v2\/media\/10166"}],"wp:attachment":[{"href":"http:\/\/universofamilia.com\/cs\/wp-json\/wp\/v2\/media?parent=10165"}],"wp:term":[{"taxonomy":"category","embeddable":true,"href":"http:\/\/universofamilia.com\/cs\/wp-json\/wp\/v2\/categories?post=10165"},{"taxonomy":"post_tag","embeddable":true,"href":"http:\/\/universofamilia.com\/cs\/wp-json\/wp\/v2\/tags?post=10165"}],"curies":[{"name":"wp","href":"https:\/\/api.w.org\/{rel}","templated":true}]}}