{"id":10213,"date":"2025-10-27T12:35:00","date_gmt":"2025-10-27T15:35:00","guid":{"rendered":"https:\/\/universofamilia.com\/?p=10213"},"modified":"2025-10-27T12:35:18","modified_gmt":"2025-10-27T15:35:18","slug":"economia-mundial-en-2025-recesion-o-recuperacion","status":"publish","type":"post","link":"http:\/\/universofamilia.com\/cs\/economia-mundial-en-2025-recesion-o-recuperacion\/","title":{"rendered":"Sv\u011btov\u00e1 ekonomika v roce 2025: Recese, nebo o\u017eiven\u00ed?"},"content":{"rendered":"<p class=\"has-text-align-center\">Budeme analyzovat v\u00fdhled MMF na <strong>sv\u011btov\u00e1 ekonomika v roce 2025<\/strong>, faktory nazna\u010duj\u00edc\u00ed recesi nebo o\u017eiven\u00ed a jejich d\u016fsledky pro Latinskou Ameriku.<\/p>\n\n\n\n<figure class=\"wp-block-gallery aligncenter has-nested-images columns-default is-cropped wp-block-gallery-1 is-layout-flex wp-block-gallery-is-layout-flex\">\n<figure class=\"wp-block-image size-full\"><img loading=\"lazy\" decoding=\"async\" width=\"450\" height=\"250\" data-id=\"10215\" src=\"https:\/\/universofamilia.com\/wp-content\/uploads\/sites\/148\/2025\/10\/Destaque-Novo-Universo-23-1.jpg\" alt=\"\" class=\"wp-image-10215\" srcset=\"http:\/\/universofamilia.com\/wp-content\/uploads\/sites\/148\/2025\/10\/Destaque-Novo-Universo-23-1.jpg 450w, http:\/\/universofamilia.com\/wp-content\/uploads\/sites\/148\/2025\/10\/Destaque-Novo-Universo-23-1-300x167.jpg 300w, http:\/\/universofamilia.com\/wp-content\/uploads\/sites\/148\/2025\/10\/Destaque-Novo-Universo-23-1-18x10.jpg 18w\" sizes=\"(max-width: 450px) 100vw, 450px\" \/><figcaption class=\"wp-element-caption\">CANVA<\/figcaption><\/figure>\n<\/figure>\n\n\n\n<p class=\"has-text-align-center\">Budeme tak\u00e9 zkoumat, jak\u00e1 strategick\u00e1 rozhodnut\u00ed by mohla m\u00edt vliv na zem\u011b a podniky.<\/p>\n\n\n\n<p class=\"has-text-align-center\">S lidsk\u00fdm a realistick\u00fdm p\u0159\u00edstupem jasn\u011b vysv\u011btl\u00edm, pro\u010d je ot\u00e1zka polo\u017eena. <strong>\u201eMezin\u00e1rodn\u00ed m\u011bnov\u00fd fond 2025: Recese, nebo o\u017eiven\u00ed?\u201c<\/strong> je relevantn\u011bj\u0161\u00ed ne\u017e kdy jindy.<\/p>\n\n\n\n<p><br><strong>Glob\u00e1ln\u00ed ekonomika v roce 2025: Recese, nebo o\u017eiven\u00ed?<\/strong><\/p>\n\n\n\n<p>Letos je to st\u0159edem ekonomick\u00e9 debaty a toto kl\u00ed\u010dov\u00e9 slovo se objevuje hned od prvn\u00edho \u0159\u00e1dku, aby p\u0159irozen\u011b pos\u00edlilo jeho p\u0159\u00edtomnost.<\/p>\n\n\n\n<p>Toto nen\u00ed hypotetick\u00fd sc\u00e9n\u00e1\u0159; ned\u00e1vn\u00e9 \u00fadaje MMF ukazuj\u00ed, \u017ee glob\u00e1ln\u00ed r\u016fst by m\u011bl ve 3. \u010dtvrtlet\u00ed leto\u0161n\u00edho roku dos\u00e1hnout p\u0159ibli\u017en\u011b 3,2 %, co\u017e je pouze m\u00edrn\u00e9 zpomalen\u00ed oproti 3,3 % ve 3. \u010dtvrtlet\u00ed roku 2024.<\/p>\n\n\n\n<p>Jednodu\u0161e \u0159e\u010deno, glob\u00e1ln\u00ed ekonomika nen\u00ed na pokraji kolapsu, ale zvl\u00e1d\u00e1 obt\u00ed\u017en\u00fd ter\u00e9n.<\/p>\n\n\n\n<p>Je to jako jet po d\u00e1lnici s dobr\u00fdm povrchem, ale s ne\u010dekanou bou\u0159\u00ed na obzoru. M\u016f\u017eete se dr\u017eet spr\u00e1vn\u00e9 trasy, ale mus\u00edte p\u0159izp\u016fsobit rychlost, brzdy a pozornost.<\/p>\n\n\n\n<p>Tato analogie pom\u00e1h\u00e1 pochopit, pro\u010d tento okam\u017eik vy\u017eaduje rozv\u00e1\u017enost a odhodl\u00e1n\u00ed.<\/p>\n\n\n\n<p>D\u00e1le se pod\u00edv\u00e1me na hlavn\u00ed vektory rizik a p\u0159\u00edle\u017eitost\u00ed, jak se li\u0161\u00ed p\u0159ek\u00e1\u017eky pro rozvinut\u00e9 a rozv\u00edjej\u00edc\u00ed se zem\u011b a nakonec na to, jak\u00e9 by mohly b\u00fdt re\u00e1ln\u00e9 sc\u00e9n\u00e1\u0159e pro v\u00e1s, va\u0161i firmu nebo va\u0161i latinskoamerickou zemi.<\/p>\n\n\n\n<h2 class=\"wp-block-heading\">Glob\u00e1ln\u00ed v\u00fdhled: m\u00edrn\u00fd r\u016fst, vysok\u00e1 rizika<\/h2>\n\n\n\n<p>Nejnov\u011bj\u0161\u00ed vyd\u00e1n\u00ed Sv\u011btov\u00e9ho ekonomick\u00e9ho v\u00fdhledu (WEO) Mezin\u00e1rodn\u00edho m\u011bnov\u00e9ho fondu varuje, \u017ee glob\u00e1ln\u00ed r\u016fst se bude postupn\u011b zpomalovat: z 3,3 % v roce 2024 na p\u0159ibli\u017en\u011b 3,2 % v roce 2025 a 3,1 % v roce 2026.<\/p>\n\n\n\n<ul>\n<li>V rozvinut\u00fdch ekonomik\u00e1ch se o\u010dek\u00e1v\u00e1 r\u016fst v roce 2025 kolem 1,5 %.<\/li>\n\n\n\n<li>Na rozv\u00edjej\u00edc\u00edch se trz\u00edch se o\u010dek\u00e1v\u00e1 o n\u011bco v\u00edce ne\u017e 4 %, i kdy\u017e s jasn\u011b rostouc\u00edm trendem.<\/li>\n<\/ul>\n\n\n\n<p>Toto zpomalen\u00ed r\u016fstu automaticky neznamen\u00e1 recesi; man\u00e9vrovac\u00ed prostor je v\u0161ak mnohem u\u017e\u0161\u00ed.<\/p>\n\n\n\n<p>Faktory, jako je obchodn\u00ed nap\u011bt\u00ed, probl\u00e9my s nab\u00eddkou pracovn\u00ed s\u00edly a hromad\u00edc\u00ed se ve\u0159ejn\u00fd dluh, ovliv\u0148uj\u00ed odolnost.<\/p>\n\n\n\n<p>Zpr\u00e1va nap\u0159\u00edklad uv\u00e1d\u00ed, \u017ee \u201erizika jsou vych\u00fdlena sm\u011brem dol\u016f\u201c.<\/p>\n\n\n\n<p>Relevantn\u00ed statistika: podle WEO z \u0159\u00edjna 2025 je odhadovan\u00fd glob\u00e1ln\u00ed r\u016fst <strong>3.2 %<\/strong> pro tento rok.<\/p>\n\n\n\n<p>Zb\u00fdv\u00e1 n\u00e1m obraz bal\u00f3nu, kter\u00fd se st\u00e1le nafukuje, ale s mal\u00fdmi net\u011bsnostmi: z\u016fst\u00e1v\u00e1 ve vzduchu, ale s vynalo\u017een\u00edm v\u011bt\u0161\u00edho \u00fasil\u00ed a rizikem vyfouknut\u00ed p\u0159i dal\u0161\u00edch ot\u0159esech.<\/p>\n\n\n\n<p>V tomto smyslu titul <strong>\u201eSv\u011btov\u00e1 ekonomika v roce 2025: Recese, nebo o\u017eiven\u00ed?\u201c<\/strong> Je to relevantn\u00ed ot\u00e1zka, kter\u00e1 vy\u017eaduje pe\u010dlivou anal\u00fdzu.<\/p>\n\n\n\n<h2 class=\"wp-block-heading\">Faktory tla\u010d\u00edc\u00ed k recesi<\/h2>\n\n\n\n<h3 class=\"wp-block-heading\">a) Obchodn\u00ed nap\u011bt\u00ed a fragmentace<\/h3>\n\n\n\n<p>Reorganizace hodnotov\u00fdch \u0159et\u011bzc\u016f spolu s vy\u0161\u0161\u00edmi cly a obchodn\u00edmi bari\u00e9rami vyvol\u00e1v\u00e1 nejistotu. <\/p>\n\n\n\n<p>WEO varuje, \u017ee nadm\u011brn\u00e9 zp\u0159\u00eds\u0148ov\u00e1n\u00ed obchodn\u00ed politiky a glob\u00e1ln\u00ed fragmentace by mohly br\u00e1nit investic\u00edm.<\/p>\n\n\n\n<h3 class=\"wp-block-heading\">b) Probl\u00e9my na trhu pr\u00e1ce a demografick\u00e9 \u00fadaje<\/h3>\n\n\n\n<p>St\u00e1rnouc\u00ed populace, ni\u017e\u0161\u00ed m\u00edra \u00fa\u010dasti na trhu pr\u00e1ce a nedostatek kvalifikovan\u00e9 pracovn\u00ed s\u00edly mezi mlad\u00fdmi lidmi jsou struktur\u00e1ln\u00edmi omezen\u00edmi.<\/p>\n\n\n\n<p>Zpr\u00e1va uv\u00e1d\u00ed, \u017ee stimulace r\u016fstu vy\u017eaduje zlep\u0161en\u00ed \u00fa\u010dasti star\u0161\u00edch dosp\u011bl\u00fdch a \u017een na trhu pr\u00e1ce.<\/p>\n\n\n\n<h3 class=\"wp-block-heading\">c) Vysok\u00e9 zadlu\u017een\u00ed a finan\u010dn\u00ed zranitelnost<\/h3>\n\n\n\n<p>Kombinace pomal\u00e9ho r\u016fstu a vysok\u00e9 \u00farovn\u011b zadlu\u017een\u00ed ponech\u00e1v\u00e1 mnoha zem\u00edm omezen\u00fd man\u00e9vrovac\u00ed prostor v p\u0159\u00edpad\u011b krize.<\/p>\n\n\n\n<p>MMF varuje, \u017ee finan\u010dn\u00ed korekce, sc\u00e9n\u00e1\u0159, kter\u00fd mnoz\u00ed pova\u017euj\u00ed za nepravd\u011bpodobn\u00fd, z\u016fst\u00e1v\u00e1 latentn\u00ed hrozbou.<\/p>\n\n\n\n<h3 class=\"wp-block-heading\">d) Neo\u010dek\u00e1van\u00e9 \u0161oky: klima, geopolitika, technologie<\/h3>\n\n\n\n<p>P\u0159\u00edkladem by mohl b\u00fdt region\u00e1ln\u00ed konflikt, kter\u00fd naru\u0161\u00ed kl\u00ed\u010dov\u00fd export, nebo n\u00e1hl\u00e1 energetick\u00e1 krize.<\/p>\n\n\n\n<p>V takov\u00fdch p\u0159\u00edpadech se riziko propadu do recese dramaticky zvy\u0161uje.<\/p>\n\n\n\n<p>Analogi\u00ed by zde bylo kolo jedouc\u00ed s p\u0159\u00edzniv\u00fdm v\u011btrem: jakmile v\u00edtr zm\u011bn\u00ed sm\u011br, ztrat\u00ed rovnov\u00e1hu.<\/p>\n\n\n\n<p>Sc\u00e9n\u00e1\u0159 recese se proto v roce 2025 nezd\u00e1 b\u00fdt nejpravd\u011bpodobn\u011bj\u0161\u00edm sc\u00e9n\u00e1\u0159em, ale nelze jej vylou\u010dit.<\/p>\n\n\n\n<p>A pr\u00e1v\u011b kv\u016fli t\u00e9to vysok\u00e9 m\u00ed\u0159e rizika je ot\u00e1zka <strong>\u201eSv\u011btov\u00e1 ekonomika v roce 2025: Recese, nebo o\u017eiven\u00ed?\u201c<\/strong> by se m\u011blo br\u00e1t v\u00e1\u017en\u011b.<\/p>\n\n\n\n<h2 class=\"wp-block-heading\">Faktory ovliv\u0148uj\u00edc\u00ed zotaven\u00ed<\/h2>\n\n\n\n<h3 class=\"wp-block-heading\">a) Adaptace a odolnost<\/h3>\n\n\n\n<p>Skute\u010dnost, \u017ee se glob\u00e1ln\u00ed r\u016fst nezhroutil (3.2 %), nazna\u010duje, \u017ee existuje potenci\u00e1l pro odolnost: p\u0159isp\u00edvaj\u00ed k tomu technologick\u00e1 odv\u011btv\u00ed, dom\u00e1c\u00ed spot\u0159eba na rozv\u00edjej\u00edc\u00edch se trz\u00edch a sni\u017eov\u00e1n\u00ed n\u011bkter\u00fdch obchodn\u00edch bari\u00e9r.<\/p>\n\n\n\n<h3 class=\"wp-block-heading\">b) Potenci\u00e1l pro struktur\u00e1ln\u00ed zm\u011bny (um\u011bl\u00e1 inteligence, digitalizace)<\/h3>\n\n\n\n<p>Ned\u00e1vn\u00e1 studie analyzuje, jak zav\u00e1d\u011bn\u00ed um\u011bl\u00e9 inteligence (AI) ovliv\u0148uje glob\u00e1ln\u00ed hrub\u00fd dom\u00e1c\u00ed produkt (HDP), a nazna\u010duje, \u017ee produktivita by se mohla zv\u00fd\u0161it, pokud by byla doprov\u00e1zena spr\u00e1vn\u00fdmi politikami.<\/p>\n\n\n\n<h3 class=\"wp-block-heading\">c) O\u017eiven\u00ed odv\u011btv\u00ed po pandemii<\/h3>\n\n\n\n<p>Odv\u011btv\u00ed, kter\u00e1 b\u011bhem pandemie zaost\u00e1vala (cestovn\u00ed ruch, voln\u00fd \u010das, osobn\u00ed slu\u017eby), vykazuj\u00ed zn\u00e1mky o\u017eiven\u00ed, co\u017e umo\u017e\u0148uje znovu aktivovat \u010d\u00e1st \u201esp\u00edc\u00edho kapit\u00e1lu\u201c.<\/p>\n\n\n\n<h3 class=\"wp-block-heading\">d) Mezin\u00e1rodn\u00ed spolupr\u00e1ce a struktur\u00e1ln\u00ed reformy<\/h3>\n\n\n\n<p>Pokud se vl\u00e1dy rozhodnou pro koordinovan\u011bj\u0161\u00ed politiku, sni\u017eov\u00e1n\u00ed obchodn\u00edch bari\u00e9r a prov\u00e1d\u011bn\u00ed reforem produktivity, mohou dos\u00e1hnout v\u00fdznamn\u00fdch zm\u011bn.<\/p>\n\n\n\n<p>Zpr\u00e1va WEO uv\u00e1d\u00ed, \u017ee kl\u00ed\u010dov\u00e1 jsou \u201ekonstruktivn\u00ed opat\u0159en\u00ed na podporu stabiln\u00edho a p\u0159edv\u00eddateln\u00e9ho obchodn\u00edho prost\u0159ed\u00ed\u201c.<\/p>\n\n\n\n<p>Konkr\u00e9tn\u00ed p\u0159\u00edklad: latinskoamerick\u00e1 zem\u011b, kter\u00e1 systematicky investuje do digit\u00e1ln\u00ed infrastruktury a vzd\u011bl\u00e1v\u00e1n\u00ed v oblasti technologick\u00fdch dovednost\u00ed, by mohla z toho t\u011b\u017eit mnohem rychleji ne\u017e ta, kter\u00e1 setrv\u00e1v\u00e1 pouze v tradi\u010dn\u00edch politik\u00e1ch. <\/p>\n\n\n\n<p>Toto je p\u0159\u00edklad toho, jak lze urychlit o\u017eiven\u00ed, pokud jsou rozhodnut\u00ed p\u0159ij\u00edm\u00e1na v souladu s glob\u00e1ln\u00edm kontextem.<\/p>\n\n\n\n<h2 class=\"wp-block-heading\">4. Mo\u017en\u00e9 sc\u00e9n\u00e1\u0159e pro rok 2025 a co z nich vypl\u00fdv\u00e1<\/h2>\n\n\n\n<h3 class=\"wp-block-heading\">Sc\u00e9n\u00e1\u0159 A \u2013 M\u00edrn\u00e1 stagnace<\/h3>\n\n\n\n<p>V tomto p\u0159\u00edpad\u011b z\u016fst\u00e1v\u00e1 r\u016fst bl\u00edzko glob\u00e1ln\u00edho 3 %, bez recese, ale tak\u00e9 bez energick\u00e9ho o\u017eiven\u00ed.<\/p>\n\n\n\n<p>Firmy m\u00edrn\u011b rostou, ale prostor pro inovace se zu\u017euje.<\/p>\n\n\n\n<p>V tomto sc\u00e9n\u00e1\u0159i mnoho rozv\u00edjej\u00edc\u00edch se ekonomik nad\u00e1le vede, zat\u00edmco rozvinut\u00e9 ekonomiky m\u00edrn\u011b zav\u00e1haj\u00ed.<\/p>\n\n\n\n<h3 class=\"wp-block-heading\">Sc\u00e9n\u00e1\u0159 B \u2013 M\u00edrn\u00e9 zotaven\u00ed podobn\u00e9 \u0161ne\u010d\u00edmu<\/h3>\n\n\n\n<p>Technologick\u00e1 adaptace, zlep\u0161en\u00ed produktivity a mezin\u00e1rodn\u00ed spolupr\u00e1ce zde umo\u017e\u0148uj\u00ed celosv\u011btov\u011b dos\u00e1hnout r\u016fstu na 3,5 % nebo v\u00edce.<\/p>\n\n\n\n<p>Pro zem\u011b s aktivn\u00edmi reformami to znamen\u00e1 zv\u00fd\u0161en\u00ed zahrani\u010dn\u00edch investic, zv\u00fd\u0161en\u00ed exportu s p\u0159idanou hodnotou a zlep\u0161en\u00ed zam\u011bstnanosti.<\/p>\n\n\n\n<h3 class=\"wp-block-heading\">Sc\u00e9n\u00e1\u0159 C \u2013 Lokalizovan\u00e1 nebo generalizovan\u00e1 recese<\/h3>\n\n\n\n<p>A\u010dkoli je to celosv\u011btov\u011b nepravd\u011bpodobn\u00e9, n\u011bkter\u00e9 zem\u011b nebo regiony by mohly upadnout do recese \u2013 nap\u0159\u00edklad ekonomiky s vysok\u00fdm zadlu\u017een\u00edm, bankovn\u00edmi krizemi nebo kl\u00ed\u010dov\u00e1 odv\u011btv\u00ed posti\u017een\u00e1 vn\u011bj\u0161\u00edmi \u0161oky.<\/p>\n\n\n\n<p>Titul <strong>\u201eSv\u011btov\u00e1 ekonomika v roce 2025: Recese, nebo o\u017eiven\u00ed?\u201c<\/strong> To je zde pln\u011b relevantn\u00ed: nejde ani tak o to, zda dojde k tot\u00e1ln\u00ed glob\u00e1ln\u00ed recesi, ale sp\u00ed\u0161e o to, kolik a kter\u00e9 zem\u011b mohou b\u00fdt vynech\u00e1ny z pozitivn\u00edho cyklu.<\/p>\n\n\n\n<p>Pro ty, kte\u0159\u00ed p\u016fsob\u00ed v Latinsk\u00e9 Americe nebo Mexiku, to znamen\u00e1, \u017ee je nezbytn\u00e9 nep\u0159edpokl\u00e1dat, \u017ee \u201ekontext je neutr\u00e1ln\u00ed\u201c.<\/p>\n\n\n\n<p>Pokud pat\u0159\u00edte do skupiny ekonomik s expozic\u00ed v\u016f\u010di surovin\u00e1m, cestovn\u00edmu ruchu nebo citliv\u00fdm odv\u011btv\u00edm, m\u011bli byste pl\u00e1novat sc\u00e9n\u00e1\u0159 B nebo C, nikoli pouze A.<\/p>\n\n\n\n<h2 class=\"wp-block-heading\">Co mohou ud\u011blat zem\u011b a firmy Latinsk\u00e9 Ameriky?<\/h2>\n\n\n\n<h3 class=\"wp-block-heading\">Pro zem\u011b<\/h3>\n\n\n\n<ul>\n<li>Up\u0159ednost\u0148ovat politiky na zv\u00fd\u0161en\u00ed produktivity: investice do lidsk\u00e9ho kapit\u00e1lu, digitalizace a infrastruktury.<\/li>\n\n\n\n<li>Konsolidovat ve\u0159ejn\u00e9 finance: dostupn\u00fd dluh, dostate\u010dn\u00fd man\u00e9vrovac\u00ed prostor tv\u00e1\u0159\u00ed v tv\u00e1\u0159 vn\u011bj\u0161\u00edm \u0161ok\u016fm.<\/li>\n\n\n\n<li>Podporovat otev\u0159enost obchodu a diverzifikaci trhu s c\u00edlem sn\u00ed\u017eit z\u00e1vislost na jednom regionu.<\/li>\n<\/ul>\n\n\n\n<h3 class=\"wp-block-heading\">Pro firmy<\/h3>\n\n\n\n<ul>\n<li>P\u0159edv\u00eddejte sc\u00e9n\u00e1\u0159 m\u00edrn\u00e9ho r\u016fstu: optimalizujte n\u00e1klady, hledejte specializovan\u00e9 trhy, osvojte si technologie, abyste se odli\u0161ili.<\/li>\n\n\n\n<li>Budujte finan\u010dn\u00ed odolnost: m\u011bjte likviditu, ni\u017e\u0161\u00ed zadlu\u017een\u00ed a pohotovostn\u00ed pl\u00e1ny pro p\u0159\u00edpad poklesu.<\/li>\n\n\n\n<li>Vn\u00edmejte technologickou disrupci nejen jako hrozbu, ale i jako p\u0159\u00edle\u017eitost: p\u0159edstavte si dva mexick\u00e9 startupy, jeden, kter\u00fd investoval do um\u011bl\u00e9 inteligence v logistice, a druh\u00fd, kter\u00fd ne: prvn\u00ed jmenovan\u00fd m\u016f\u017ee podpo\u0159it sv\u016fj r\u016fst ve sv\u011bt\u011b, kde je efektivita prvo\u0159ad\u00e1.<\/li>\n<\/ul>\n\n\n\n<p>U\u017eite\u010dn\u00e1 analogie: spole\u010dnost je jako plachetnice pluj\u00edc\u00ed po mo\u0159i se slab\u00fdmi proudy a nepravideln\u00fdm v\u011btrem.<\/p>\n\n\n\n<p>Pokud si uprav\u00edte plachty (technologie), udr\u017e\u00edte trup \u010dist\u00fd (produktivita) a budete m\u00edt aktu\u00e1ln\u00ed mapy (ekonomick\u00e1 data), budete se moci pohybovat vp\u0159ed i za slab\u00e9ho v\u011btru.<\/p>\n\n\n\n<p>Ti, kte\u0159\u00ed se \u0159\u00edd\u00ed pouze tradi\u010dn\u00ed cestou, z\u016fstanou pozadu.<\/p>\n\n\n\n<figure class=\"wp-block-gallery aligncenter has-nested-images columns-default is-cropped wp-block-gallery-2 is-layout-flex wp-block-gallery-is-layout-flex\">\n<figure class=\"wp-block-image size-full\"><img loading=\"lazy\" decoding=\"async\" width=\"450\" height=\"250\" data-id=\"10216\" src=\"https:\/\/universofamilia.com\/wp-content\/uploads\/sites\/148\/2025\/10\/Destaque-Novo-Universo-24.jpg\" alt=\"\" class=\"wp-image-10216\" srcset=\"http:\/\/universofamilia.com\/wp-content\/uploads\/sites\/148\/2025\/10\/Destaque-Novo-Universo-24.jpg 450w, http:\/\/universofamilia.com\/wp-content\/uploads\/sites\/148\/2025\/10\/Destaque-Novo-Universo-24-300x167.jpg 300w, http:\/\/universofamilia.com\/wp-content\/uploads\/sites\/148\/2025\/10\/Destaque-Novo-Universo-24-18x10.jpg 18w\" sizes=\"(max-width: 450px) 100vw, 450px\" \/><figcaption class=\"wp-element-caption\">CANVA<\/figcaption><\/figure>\n<\/figure>\n\n\n\n<p>\u010ct\u011bte v\u00edce:\u00a0<a href=\"http:\/\/universofamilia.com\/cs\/crisis-climatica-global\/\">Glob\u00e1ln\u00ed klimatick\u00e1 krize: dopady ji\u017e postihuj\u00ed miliony lid\u00ed<\/a><\/p>\n\n\n\n<h2 class=\"wp-block-heading\">\u010cek\u00e1 n\u00e1s tedy recese, nebo o\u017eiven\u00ed?<\/h2>\n\n\n\n<p>Odpov\u011b\u010f zn\u00ed: <strong>oboj\u00ed v r\u016fzn\u00fdch d\u00e1vk\u00e1ch<\/strong>.<\/p>\n\n\n\n<p>Glob\u00e1ln\u00ed recese nen\u00ed v roce 2025 nevyhnuteln\u00e1, stejn\u011b jako bujn\u00e9 o\u017eiven\u00ed.<\/p>\n\n\n\n<p>Sp\u00ed\u0161e se nach\u00e1z\u00edme v bod\u011b zlomu, kde bude hodn\u011b z\u00e1viset na rozhodnut\u00edch, kter\u00e1 budeme \u010dinit \u2013 a to jak na makroekonomick\u00e9, tak na obchodn\u00ed \u00farovni.<\/p>\n\n\n\n<p>Titul <strong>\u201eSv\u011btov\u00e1 ekonomika v roce 2025: Recese, nebo o\u017eiven\u00ed?\u201c<\/strong> obsahuje tuto dualitu.<\/p>\n\n\n\n<p>Pokud vl\u00e1dy a organizace budou jednat s viz\u00ed, mohli bychom b\u00fdt sv\u011bdky m\u00edrn\u00e9ho o\u017eiven\u00ed.<\/p>\n\n\n\n<p>Pokud p\u0159evl\u00e1dne setrva\u010dnost, fragmentace a nekontrolovan\u00e9 zadlu\u017een\u00ed, n\u011bkter\u00e9 oblasti by mohly sklouznout do recese.<\/p>\n\n\n\n<p>Kl\u00ed\u010dem je jednat v\u010das, sp\u00ed\u0161e ne\u017e reagovat, kdy\u017e je pokles ji\u017e znateln\u00fd.<\/p>\n\n\n\n<p>Pokud spole\u010dnost nebo zem\u011b \u010dek\u00e1 na \u00fader \u201ebou\u0159e\u201c, ne\u017e za\u010dne jednat, bude v nev\u00fdhod\u011b oproti t\u011bm, kte\u0159\u00ed ji\u017e sv\u00e9 plachty upravili.<\/p>\n\n\n\n<h2 class=\"wp-block-heading\">Z\u00e1v\u011br<\/h2>\n\n\n\n<p>Rok 2025 p\u0159edstavuje pro glob\u00e1ln\u00ed ekonomiku velmi specifickou v\u00fdzvu.<\/p>\n\n\n\n<p>Vzhledem k tomu, \u017ee se p\u0159edpokl\u00e1d\u00e1, \u017ee glob\u00e1ln\u00ed r\u016fst v prvn\u00edm a t\u0159et\u00edm \u010dtvrtlet\u00ed dos\u00e1hne p\u0159ibli\u017en\u011b 3,2 %, jsme daleko od explozivn\u00edho o\u017eiven\u00ed a je\u0161t\u011b ani ne na pokraji kolapsu.<\/p>\n\n\n\n<p>Ale mar\u017ee se zu\u017euj\u00ed, rizika rostou a p\u0159\u00edle\u017eitosti je t\u0159eba vyu\u017e\u00edt hned te\u010f.<\/p>\n\n\n\n<p>Ot\u00e1zka <strong>\u201eSv\u011btov\u00e1 ekonomika v roce 2025: Recese, nebo o\u017eiven\u00ed?\u201c<\/strong> Nen\u00ed to jen r\u00e9torika, je to v\u00fdzva k akci.<\/p>\n\n\n\n<p>Pro rozv\u00edjej\u00edc\u00ed se ekonomiky, pro firmy i investory je \u010das pl\u00e1novat pr\u00e1v\u011b te\u010f.<\/p>\n\n\n\n<p>Rozd\u00edl mezi t\u011bmi, kte\u0159\u00ed tento cyklus zvl\u00e1daj\u00ed dob\u0159e, a t\u011bmi, kte\u0159\u00ed ho podce\u0148uj\u00ed, by mohl rozhodnout o p\u0159\u00ed\u0161t\u00edch p\u011bti a\u017e deseti letech v\u00fdhody nebo zpo\u017ed\u011bn\u00ed.<\/p>\n\n\n\n<p>Zvu v\u00e1s k anal\u00fdze: Jste na lodi, kter\u00e1 si upravuje plachty a \u010dist\u00ed trup, nebo na t\u00e9, kter\u00e1 sama \u010dek\u00e1, a\u017e se v\u00edtr zvedne?<\/p>\n\n\n\n<p>\u010ct\u011bte v\u00edce:\u00a0<a href=\"http:\/\/universofamilia.com\/cs\/el-papel-de-la-tecnologia-en-las-elecciones-internacionales\/\">Role technologi\u00ed v mezin\u00e1rodn\u00edch volb\u00e1ch<\/a><\/p>\n\n\n\n<h2 class=\"wp-block-heading\">\u010casto kladen\u00e9 ot\u00e1zky (FAQ)<\/h2>\n\n\n\n<p><strong>M\u011bli bychom se p\u0159ipravit na glob\u00e1ln\u00ed recesi v roce 2025?<\/strong><br>Recese nen\u00ed nevyhnuteln\u00e1 pro celou planetu.<\/p>\n\n\n\n<p>Je v\u0161ak vhodn\u00e9 se p\u0159ipravit alespo\u0148 na obdob\u00ed stagnace nebo m\u00edrn\u00e9ho r\u016fstu.<\/p>\n\n\n\n<p>To zahrnuje \u00fapravu financ\u00ed, v\u00fdrobn\u00edch stroj\u016f a o\u010dek\u00e1v\u00e1n\u00ed.<\/p>\n\n\n\n<p><strong>M\u016f\u017ee Mexiko t\u011b\u017eit z glob\u00e1ln\u00edho o\u017eiven\u00ed?<\/strong><br>Ano, Mexiko m\u016f\u017ee t\u011b\u017eit z vyu\u017eit\u00ed exportn\u00edch trh\u016f, zav\u00e1d\u011bn\u00ed technologi\u00ed a zauj\u00edm\u00e1n\u00ed pozice ve v\u00fdklenc\u00edch s p\u0159idanou hodnotou.<\/p>\n\n\n\n<p>Je v\u0161ak tak\u00e9 vystavena riziku, pokud se nadm\u011brn\u011b spol\u00e9h\u00e1 na suroviny nebo tradi\u010dn\u00ed odv\u011btv\u00ed.<\/p>\n\n\n\n<p><strong>Kter\u00e1 odv\u011btv\u00ed maj\u00ed v tomto kontextu nejv\u011bt\u0161\u00ed \u0161anci na r\u016fst?<\/strong><br><\/p>\n\n\n\n<p>Odv\u011btv\u00ed spojen\u00e1 s technologiemi, digitalizac\u00ed, obnoviteln\u00fdmi zdroji energie, inteligentn\u00ed logistikou a exportn\u011b orientovanou v\u00fdrobou maj\u00ed v\u011bt\u0161\u00ed \u0161anci na \u00fasp\u011bch.<\/p>\n\n\n\n<p>Naproti tomu odv\u011btv\u00ed siln\u011b z\u00e1visl\u00e1 na surovin\u00e1ch bez diverzifikace mohou zaost\u00e1vat.<\/p>\n\n\n\n<p><strong>Jakou roli hraje mezin\u00e1rodn\u00ed spolupr\u00e1ce?<\/strong><br>Je to nezbytn\u00e9. Sni\u017eov\u00e1n\u00ed obchodn\u00edch bari\u00e9r, zlep\u0161ov\u00e1n\u00ed glob\u00e1ln\u00edch dodavatelsk\u00fdch \u0159et\u011bzc\u016f a koordinace makroekonomick\u00fdch politik pom\u00e1haj\u00ed vytv\u00e1\u0159et p\u0159\u00edzniv\u011bj\u0161\u00ed prost\u0159ed\u00ed pro r\u016fst.<\/p>\n\n\n\n<p>Pokud se fragmentace zintenzivn\u00ed, zv\u00fd\u0161\u00ed se i brzda recese.<\/p>\n\n\n\n<p><strong>Jak\u00e9 je hlavn\u00ed doporu\u010den\u00ed pro firmy v Latinsk\u00e9 Americe?<\/strong><br><\/p>\n\n\n\n<p>Zhodno\u0165te svou expozici v\u016f\u010di mezin\u00e1rodn\u00edm rizik\u016fm, investujte do technologi\u00ed a produktivity, sni\u017ete finan\u010dn\u00ed zranitelnost a sna\u017ete se diverzifikovat trhy.<\/p>\n\n\n\n<p>Nep\u0159edpokl\u00e1dejte, \u017ee cyklus p\u0159inese pouze p\u0159\u00edzniv\u00fd v\u00edtr; p\u0159ipravte se na poryvy v\u011btru a bezv\u011bt\u0159\u00ed.<\/p>","protected":false},"excerpt":{"rendered":"<p>Analizaremos el panorama del FMI sobre la econom\u00eda mundial en 2025, los factores que apuntan a recesi\u00f3n o recuperaci\u00f3n y sus implicaciones para Am\u00e9rica Latina. Tambi\u00e9n exploraremos qu\u00e9 decisiones estrat\u00e9gicas podr\u00edan marcar la diferencia para los pa\u00edses y las empresas. Con enfoque humano y realista, explicar\u00e9 con claridad por qu\u00e9 la interrogante \u201cInternational Monetary Fund [&hellip;]<\/p>","protected":false},"author":219,"featured_media":10214,"comment_status":"closed","ping_status":"open","sticky":false,"template":"","format":"standard","meta":{"footnotes":""},"categories":[4],"tags":[],"yoast_head":"<!-- This site is optimized with the Yoast SEO plugin v23.3 - https:\/\/yoast.com\/wordpress\/plugins\/seo\/ -->\n<title>Econom\u00eda mundial en 2025: \u00bfrecesi\u00f3n o recuperaci\u00f3n? - Universo Fam\u00edlia<\/title>\n<meta name=\"description\" content=\"Analizaremos el panorama del FMI sobre la econom\u00eda mundial en 2025, los factores que apuntan a recesi\u00f3n o recuperaci\u00f3n y sus implicaciones..\" \/>\n<meta name=\"robots\" content=\"index, follow, max-snippet:-1, max-image-preview:large, max-video-preview:-1\" \/>\n<link rel=\"canonical\" href=\"https:\/\/universofamilia.com\/cs\/economia-mundial-en-2025-recesion-o-recuperacion\/\" \/>\n<meta property=\"og:locale\" content=\"cs_CZ\" \/>\n<meta property=\"og:type\" content=\"article\" \/>\n<meta property=\"og:title\" content=\"Econom\u00eda mundial en 2025: \u00bfrecesi\u00f3n o recuperaci\u00f3n? - Universo Fam\u00edlia\" \/>\n<meta property=\"og:description\" content=\"Analizaremos el panorama del FMI sobre la econom\u00eda mundial en 2025, los factores que apuntan a recesi\u00f3n o recuperaci\u00f3n y sus implicaciones..\" \/>\n<meta property=\"og:url\" content=\"https:\/\/universofamilia.com\/cs\/economia-mundial-en-2025-recesion-o-recuperacion\/\" \/>\n<meta property=\"og:site_name\" content=\"Universo Fam\u00edlia\" \/>\n<meta property=\"article:published_time\" content=\"2025-10-27T15:35:00+00:00\" \/>\n<meta property=\"article:modified_time\" content=\"2025-10-27T15:35:18+00:00\" \/>\n<meta property=\"og:image\" content=\"https:\/\/universofamilia.com\/wp-content\/uploads\/sites\/148\/2025\/10\/Destaque-Novo-Universo-23.jpg\" \/>\n\t<meta property=\"og:image:width\" content=\"450\" \/>\n\t<meta property=\"og:image:height\" content=\"250\" \/>\n\t<meta property=\"og:image:type\" content=\"image\/jpeg\" \/>\n<meta name=\"author\" content=\"Matheus Sangaletti\" \/>\n<meta name=\"twitter:card\" content=\"summary_large_image\" \/>\n<meta name=\"twitter:label1\" content=\"Written by\" \/>\n\t<meta name=\"twitter:data1\" content=\"Matheus Sangaletti\" \/>\n\t<meta name=\"twitter:label2\" content=\"Est. reading time\" \/>\n\t<meta name=\"twitter:data2\" content=\"11 minut\" \/>\n<script type=\"application\/ld+json\" class=\"yoast-schema-graph\">{\"@context\":\"https:\/\/schema.org\",\"@graph\":[{\"@type\":\"WebPage\",\"@id\":\"https:\/\/universofamilia.com\/el\/economia-mundial-en-2025-recesion-o-recuperacion\/\",\"url\":\"https:\/\/universofamilia.com\/el\/economia-mundial-en-2025-recesion-o-recuperacion\/\",\"name\":\"Econom\u00eda mundial en 2025: \u00bfrecesi\u00f3n o recuperaci\u00f3n? - Universo Fam\u00edlia\",\"isPartOf\":{\"@id\":\"https:\/\/universofamilia.com\/el\/#website\"},\"primaryImageOfPage\":{\"@id\":\"https:\/\/universofamilia.com\/el\/economia-mundial-en-2025-recesion-o-recuperacion\/#primaryimage\"},\"image\":{\"@id\":\"https:\/\/universofamilia.com\/el\/economia-mundial-en-2025-recesion-o-recuperacion\/#primaryimage\"},\"thumbnailUrl\":\"http:\/\/universofamilia.com\/wp-content\/uploads\/sites\/148\/2025\/10\/Destaque-Novo-Universo-23.jpg\",\"datePublished\":\"2025-10-27T15:35:00+00:00\",\"dateModified\":\"2025-10-27T15:35:18+00:00\",\"author\":{\"@id\":\"https:\/\/universofamilia.com\/el\/#\/schema\/person\/92fcd07e9b1f4323bf74f3170fc0f78a\"},\"description\":\"Analizaremos el panorama del FMI sobre la econom\u00eda mundial en 2025, los factores que apuntan a recesi\u00f3n o recuperaci\u00f3n y sus implicaciones..\",\"breadcrumb\":{\"@id\":\"https:\/\/universofamilia.com\/el\/economia-mundial-en-2025-recesion-o-recuperacion\/#breadcrumb\"},\"inLanguage\":\"cs\",\"potentialAction\":[{\"@type\":\"ReadAction\",\"target\":[\"https:\/\/universofamilia.com\/el\/economia-mundial-en-2025-recesion-o-recuperacion\/\"]}]},{\"@type\":\"ImageObject\",\"inLanguage\":\"cs\",\"@id\":\"https:\/\/universofamilia.com\/el\/economia-mundial-en-2025-recesion-o-recuperacion\/#primaryimage\",\"url\":\"http:\/\/universofamilia.com\/wp-content\/uploads\/sites\/148\/2025\/10\/Destaque-Novo-Universo-23.jpg\",\"contentUrl\":\"http:\/\/universofamilia.com\/wp-content\/uploads\/sites\/148\/2025\/10\/Destaque-Novo-Universo-23.jpg\",\"width\":450,\"height\":250},{\"@type\":\"BreadcrumbList\",\"@id\":\"https:\/\/universofamilia.com\/el\/economia-mundial-en-2025-recesion-o-recuperacion\/#breadcrumb\",\"itemListElement\":[{\"@type\":\"ListItem\",\"position\":1,\"name\":\"Home\",\"item\":\"https:\/\/universofamilia.com\/el\/\"},{\"@type\":\"ListItem\",\"position\":2,\"name\":\"Econom\u00eda mundial en 2025: \u00bfrecesi\u00f3n o recuperaci\u00f3n?\"}]},{\"@type\":\"WebSite\",\"@id\":\"https:\/\/universofamilia.com\/el\/#website\",\"url\":\"https:\/\/universofamilia.com\/el\/\",\"name\":\"Universo Fam\u00edlia\",\"description\":\"\",\"potentialAction\":[{\"@type\":\"SearchAction\",\"target\":{\"@type\":\"EntryPoint\",\"urlTemplate\":\"https:\/\/universofamilia.com\/el\/?s={search_term_string}\"},\"query-input\":\"required name=search_term_string\"}],\"inLanguage\":\"cs\"},{\"@type\":\"Person\",\"@id\":\"https:\/\/universofamilia.com\/el\/#\/schema\/person\/92fcd07e9b1f4323bf74f3170fc0f78a\",\"name\":\"Matheus Sangaletti\",\"image\":{\"@type\":\"ImageObject\",\"inLanguage\":\"cs\",\"@id\":\"https:\/\/universofamilia.com\/el\/#\/schema\/person\/image\/\",\"url\":\"http:\/\/2.gravatar.com\/avatar\/280ea957a14a48e6a1ad2133d2cc27c9?s=96&d=mm&r=g\",\"contentUrl\":\"http:\/\/2.gravatar.com\/avatar\/280ea957a14a48e6a1ad2133d2cc27c9?s=96&d=mm&r=g\",\"caption\":\"Matheus Sangaletti\"},\"url\":\"http:\/\/universofamilia.com\/cs\/author\/matheuss\/\"}]}<\/script>\n<!-- \/ Yoast SEO plugin. -->","yoast_head_json":{"title":"Econom\u00eda mundial en 2025: \u00bfrecesi\u00f3n o recuperaci\u00f3n? - Universo Fam\u00edlia","description":"Analizaremos el panorama del FMI sobre la econom\u00eda mundial en 2025, los factores que apuntan a recesi\u00f3n o recuperaci\u00f3n y sus implicaciones..","robots":{"index":"index","follow":"follow","max-snippet":"max-snippet:-1","max-image-preview":"max-image-preview:large","max-video-preview":"max-video-preview:-1"},"canonical":"https:\/\/universofamilia.com\/cs\/economia-mundial-en-2025-recesion-o-recuperacion\/","og_locale":"cs_CZ","og_type":"article","og_title":"Econom\u00eda mundial en 2025: \u00bfrecesi\u00f3n o recuperaci\u00f3n? - Universo Fam\u00edlia","og_description":"Analizaremos el panorama del FMI sobre la econom\u00eda mundial en 2025, los factores que apuntan a recesi\u00f3n o recuperaci\u00f3n y sus implicaciones..","og_url":"https:\/\/universofamilia.com\/cs\/economia-mundial-en-2025-recesion-o-recuperacion\/","og_site_name":"Universo Fam\u00edlia","article_published_time":"2025-10-27T15:35:00+00:00","article_modified_time":"2025-10-27T15:35:18+00:00","og_image":[{"width":450,"height":250,"url":"https:\/\/universofamilia.com\/wp-content\/uploads\/sites\/148\/2025\/10\/Destaque-Novo-Universo-23.jpg","type":"image\/jpeg"}],"author":"Matheus Sangaletti","twitter_card":"summary_large_image","twitter_misc":{"Written by":"Matheus Sangaletti","Est. reading time":"11 minut"},"schema":{"@context":"https:\/\/schema.org","@graph":[{"@type":"WebPage","@id":"https:\/\/universofamilia.com\/el\/economia-mundial-en-2025-recesion-o-recuperacion\/","url":"https:\/\/universofamilia.com\/el\/economia-mundial-en-2025-recesion-o-recuperacion\/","name":"Econom\u00eda mundial en 2025: \u00bfrecesi\u00f3n o recuperaci\u00f3n? - Universo Fam\u00edlia","isPartOf":{"@id":"https:\/\/universofamilia.com\/el\/#website"},"primaryImageOfPage":{"@id":"https:\/\/universofamilia.com\/el\/economia-mundial-en-2025-recesion-o-recuperacion\/#primaryimage"},"image":{"@id":"https:\/\/universofamilia.com\/el\/economia-mundial-en-2025-recesion-o-recuperacion\/#primaryimage"},"thumbnailUrl":"http:\/\/universofamilia.com\/wp-content\/uploads\/sites\/148\/2025\/10\/Destaque-Novo-Universo-23.jpg","datePublished":"2025-10-27T15:35:00+00:00","dateModified":"2025-10-27T15:35:18+00:00","author":{"@id":"https:\/\/universofamilia.com\/el\/#\/schema\/person\/92fcd07e9b1f4323bf74f3170fc0f78a"},"description":"Analizaremos el panorama del FMI sobre la econom\u00eda mundial en 2025, los factores que apuntan a recesi\u00f3n o recuperaci\u00f3n y sus implicaciones..","breadcrumb":{"@id":"https:\/\/universofamilia.com\/el\/economia-mundial-en-2025-recesion-o-recuperacion\/#breadcrumb"},"inLanguage":"cs","potentialAction":[{"@type":"ReadAction","target":["https:\/\/universofamilia.com\/el\/economia-mundial-en-2025-recesion-o-recuperacion\/"]}]},{"@type":"ImageObject","inLanguage":"cs","@id":"https:\/\/universofamilia.com\/el\/economia-mundial-en-2025-recesion-o-recuperacion\/#primaryimage","url":"http:\/\/universofamilia.com\/wp-content\/uploads\/sites\/148\/2025\/10\/Destaque-Novo-Universo-23.jpg","contentUrl":"http:\/\/universofamilia.com\/wp-content\/uploads\/sites\/148\/2025\/10\/Destaque-Novo-Universo-23.jpg","width":450,"height":250},{"@type":"BreadcrumbList","@id":"https:\/\/universofamilia.com\/el\/economia-mundial-en-2025-recesion-o-recuperacion\/#breadcrumb","itemListElement":[{"@type":"ListItem","position":1,"name":"Home","item":"https:\/\/universofamilia.com\/el\/"},{"@type":"ListItem","position":2,"name":"Econom\u00eda mundial en 2025: \u00bfrecesi\u00f3n o recuperaci\u00f3n?"}]},{"@type":"WebSite","@id":"https:\/\/universofamilia.com\/el\/#website","url":"https:\/\/universofamilia.com\/el\/","name":"Universo Fam\u00edlia","description":"","potentialAction":[{"@type":"SearchAction","target":{"@type":"EntryPoint","urlTemplate":"https:\/\/universofamilia.com\/el\/?s={search_term_string}"},"query-input":"required name=search_term_string"}],"inLanguage":"cs"},{"@type":"Person","@id":"https:\/\/universofamilia.com\/el\/#\/schema\/person\/92fcd07e9b1f4323bf74f3170fc0f78a","name":"Matheus Sangaletti","image":{"@type":"ImageObject","inLanguage":"cs","@id":"https:\/\/universofamilia.com\/el\/#\/schema\/person\/image\/","url":"http:\/\/2.gravatar.com\/avatar\/280ea957a14a48e6a1ad2133d2cc27c9?s=96&d=mm&r=g","contentUrl":"http:\/\/2.gravatar.com\/avatar\/280ea957a14a48e6a1ad2133d2cc27c9?s=96&d=mm&r=g","caption":"Matheus Sangaletti"},"url":"http:\/\/universofamilia.com\/cs\/author\/matheuss\/"}]}},"_links":{"self":[{"href":"http:\/\/universofamilia.com\/cs\/wp-json\/wp\/v2\/posts\/10213"}],"collection":[{"href":"http:\/\/universofamilia.com\/cs\/wp-json\/wp\/v2\/posts"}],"about":[{"href":"http:\/\/universofamilia.com\/cs\/wp-json\/wp\/v2\/types\/post"}],"author":[{"embeddable":true,"href":"http:\/\/universofamilia.com\/cs\/wp-json\/wp\/v2\/users\/219"}],"replies":[{"embeddable":true,"href":"http:\/\/universofamilia.com\/cs\/wp-json\/wp\/v2\/comments?post=10213"}],"version-history":[{"count":1,"href":"http:\/\/universofamilia.com\/cs\/wp-json\/wp\/v2\/posts\/10213\/revisions"}],"predecessor-version":[{"id":10217,"href":"http:\/\/universofamilia.com\/cs\/wp-json\/wp\/v2\/posts\/10213\/revisions\/10217"}],"wp:featuredmedia":[{"embeddable":true,"href":"http:\/\/universofamilia.com\/cs\/wp-json\/wp\/v2\/media\/10214"}],"wp:attachment":[{"href":"http:\/\/universofamilia.com\/cs\/wp-json\/wp\/v2\/media?parent=10213"}],"wp:term":[{"taxonomy":"category","embeddable":true,"href":"http:\/\/universofamilia.com\/cs\/wp-json\/wp\/v2\/categories?post=10213"},{"taxonomy":"post_tag","embeddable":true,"href":"http:\/\/universofamilia.com\/cs\/wp-json\/wp\/v2\/tags?post=10213"}],"curies":[{"name":"wp","href":"https:\/\/api.w.org\/{rel}","templated":true}]}}