{"id":10218,"date":"2025-10-27T13:27:29","date_gmt":"2025-10-27T16:27:29","guid":{"rendered":"https:\/\/universofamilia.com\/?p=10218"},"modified":"2025-10-27T13:27:40","modified_gmt":"2025-10-27T16:27:40","slug":"proteccion-familiar-en-tiempos-de-incertidumbre-economica","status":"publish","type":"post","link":"http:\/\/universofamilia.com\/cs\/proteccion-familiar-en-tiempos-de-incertidumbre-economica\/","title":{"rendered":"Ochrana rodiny v dob\u011b ekonomick\u00e9 nejistoty"},"content":{"rendered":"<p class=\"has-text-align-center\">V roce 2025 ot\u00e1zka <strong>\u201eOchrana rodiny v dob\u011b ekonomick\u00e9 nejistoty\u201c<\/strong> St\u00e1v\u00e1 se to relevantn\u011bj\u0161\u00ed ne\u017e kdy jindy.<\/p>\n\n\n\n<figure class=\"wp-block-gallery aligncenter has-nested-images columns-default is-cropped wp-block-gallery-1 is-layout-flex wp-block-gallery-is-layout-flex\">\n<figure class=\"wp-block-image size-full\"><img loading=\"lazy\" decoding=\"async\" width=\"450\" height=\"250\" data-id=\"10220\" src=\"https:\/\/universofamilia.com\/wp-content\/uploads\/sites\/148\/2025\/10\/Destaque-Novo-Universo-25-1.jpg\" alt=\"\" class=\"wp-image-10220\" srcset=\"http:\/\/universofamilia.com\/wp-content\/uploads\/sites\/148\/2025\/10\/Destaque-Novo-Universo-25-1.jpg 450w, http:\/\/universofamilia.com\/wp-content\/uploads\/sites\/148\/2025\/10\/Destaque-Novo-Universo-25-1-300x167.jpg 300w, http:\/\/universofamilia.com\/wp-content\/uploads\/sites\/148\/2025\/10\/Destaque-Novo-Universo-25-1-18x10.jpg 18w\" sizes=\"(max-width: 450px) 100vw, 450px\" \/><figcaption class=\"wp-element-caption\">CANVA<\/figcaption><\/figure>\n<\/figure>\n\n\n\n<p class=\"has-text-align-center\">Glob\u00e1ln\u00ed inflace, nestabiln\u00ed trhy pr\u00e1ce a politick\u00e1 nestabilita v r\u016fzn\u00fdch regionech vytvo\u0159ily prost\u0159ed\u00ed, kde rodinn\u00e9 finan\u010dn\u00ed pl\u00e1nov\u00e1n\u00ed ji\u017e nen\u00ed voliteln\u00e9, ale kriticky d\u016fle\u017eit\u00e9.<\/p>\n\n\n\n<p class=\"has-text-align-center\">Podle Sv\u011btov\u00e9 banky se odhaduje, \u017ee inflace v Latinsk\u00e9 Americe letos dos\u00e1hne v pr\u016fm\u011bru 5,8 %, co\u017e m\u00e1 p\u0159\u00edm\u00fd dopad na kupn\u00ed s\u00edlu rodin.<\/p>\n\n\n\n<p>Tento \u010dl\u00e1nek nab\u00edz\u00ed hloubkovou anal\u00fdzu a praktick\u00e9 strategie pro mexick\u00e9 a latinskoamerick\u00e9 rodiny, jak chr\u00e1nit sv\u00e9 finance, \u010dinit inteligentn\u00ed rozhodnut\u00ed a pos\u00edlit svou ekonomickou odolnost tv\u00e1\u0159\u00ed v tv\u00e1\u0159 nejistot\u011b.<\/p>\n\n\n\n<p>Prozkoum\u00e1me, jak si uspo\u0159\u00e1dat rodinn\u00fd rozpo\u010det, propagovat finan\u010dn\u00ed vzd\u011bl\u00e1v\u00e1n\u00ed, diverzifikovat p\u0159\u00edjmy, vyu\u017e\u00edvat poji\u0161t\u011bn\u00ed a mnoho dal\u0161\u00edho.<\/p>\n\n\n\n<h2 class=\"wp-block-heading\">Shrnut\u00ed<\/h2>\n\n\n\n<p>Abychom v\u00e1m pomohli s \u010dten\u00edm, zam\u011b\u0159ujeme se na osm kl\u00ed\u010dov\u00fdch oblast\u00ed:<\/p>\n\n\n\n<ol>\n<li>Z\u0159\u00edzen\u00ed solidn\u00edho fondu pro p\u0159\u00edpad nouze.<\/li>\n\n\n\n<li>P\u0159\u00edprava podrobn\u00e9ho rodinn\u00e9ho rozpo\u010dtu.<\/li>\n\n\n\n<li>Finan\u010dn\u00ed vzd\u011bl\u00e1v\u00e1n\u00ed jako n\u00e1stroj odolnosti.<\/li>\n\n\n\n<li>Diverzifikace zdroj\u016f p\u0159\u00edjm\u016f.<\/li>\n\n\n\n<li>Z\u00edsk\u00e1n\u00ed vhodn\u00e9ho poji\u0161t\u011bn\u00ed.<\/li>\n\n\n\n<li>\u0160etrn\u00e9 my\u0161len\u00ed a zodpov\u011bdn\u00e9 n\u00e1vyky.<\/li>\n\n\n\n<li>Profesion\u00e1ln\u00ed finan\u010dn\u00ed poradenstv\u00ed.<\/li>\n\n\n\n<li>Flexibilita a p\u0159izp\u016fsobivost ekonomick\u00fdm zm\u011bn\u00e1m.<\/li>\n<\/ol>\n\n\n\n<p>V cel\u00e9m textu budeme uv\u00e1d\u011bt praktick\u00e9 p\u0159\u00edklady, analogie a tipy, kter\u00e9 v\u00e1m umo\u017en\u00ed l\u00e9pe pochopit, jak mohou rodiny jednat pro ochranu sv\u00e9 ekonomick\u00e9 prosperity.<\/p>\n\n\n\n<h2 class=\"wp-block-heading\">Z\u0159\u00eddit nouzov\u00fd fond na ochranu rodin v dob\u011b ekonomick\u00e9 nejistoty<\/h2>\n\n\n\n<p>Prvn\u00edm krokem k ochran\u011b p\u0159ed ekonomickou nejistotou je vytvo\u0159en\u00ed nouzov\u00e9ho fondu.<\/p>\n\n\n\n<p><\/p>\n\n\n\n<p>Tento fond by m\u011bl pokr\u00fdt t\u0159i a\u017e \u0161est m\u011bs\u00edc\u016f nezbytn\u00fdch v\u00fddaj\u016f, v\u010detn\u011b stravy, bydlen\u00ed, z\u00e1kladn\u00edch slu\u017eeb a dopravy.<\/p>\n\n\n\n<p>Tato finan\u010dn\u00ed rezerva umo\u017e\u0148uje rodin\u00e1m vyrovnat se s neo\u010dek\u00e1van\u00fdmi ud\u00e1lostmi, ani\u017e by se uchylovaly k n\u00e1kladn\u00fdm dluh\u016fm.<\/p>\n\n\n\n<p><strong>Re\u00e1ln\u00fd p\u0159\u00edklad:<\/strong> Rodina v Mexico City se st\u0159edn\u00edm p\u0159\u00edjmem odv\u00e1d\u011bla po dobu dvou let 10 % sv\u00e9ho m\u011bs\u00ed\u010dn\u00edho platu do fondu pro p\u0159\u00edpad nouze.<\/p>\n\n\n\n<p>Kdy\u017e inflace v roce 2025 ovlivnila ceny potravin a slu\u017eeb, byli si schopni udr\u017eet kvalitu \u017eivota, ani\u017e by ohrozili sv\u00e9 finan\u010dn\u00ed z\u00e1vazky.<\/p>\n\n\n\n<p>\u0160et\u0159en\u00ed pen\u011bz nevy\u017eaduje velk\u00e9 \u010d\u00e1stky pen\u011bz, d\u016fle\u017eit\u00e1 je d\u016fslednost a discipl\u00edna.<\/p>\n\n\n\n<p>Automatizace p\u0159evod\u016f na samostatn\u00fd spo\u0159ic\u00ed \u00fa\u010det m\u016f\u017ee b\u00fdt efektivn\u00ed metodou pro udr\u017een\u00ed konzistence.<\/p>\n\n\n\n<h2 class=\"wp-block-heading\">P\u0159ipravte si rodinn\u00fd rozpo\u010det<\/h2>\n\n\n\n<p>Rodinn\u00fd rozpo\u010det je pl\u00e1n, kter\u00fd v\u00e1m umo\u017e\u0148uje efektivn\u011b hospoda\u0159it s p\u0159\u00edjmy a v\u00fddaji dom\u00e1cnosti.<\/p>\n\n\n\n<p>Abyste to ud\u011blali spr\u00e1vn\u011b, mus\u00edte nejprve vypsat v\u0161echny zdroje p\u0159\u00edjm\u016f a pot\u00e9 identifikovat v\u0161echny fixn\u00ed a variabiln\u00ed v\u00fddaje.<\/p>\n\n\n\n<p><strong>P\u0159\u00edklad:<\/strong> Maria, matka t\u0159\u00ed d\u011bt\u00ed z Monterrey, pou\u017e\u00edv\u00e1 m\u011bs\u00ed\u010dn\u00ed tabulku, kde sv\u00e9 v\u00fddaje kategorizuje na j\u00eddlo, dopravu, vzd\u011bl\u00e1n\u00ed, z\u00e1bavu a \u00faspory.<\/p>\n\n\n\n<p>To v\u00e1m umo\u017en\u00ed odhalit \u00faniky pen\u011bz a p\u0159esm\u011brovat zdroje na to, na \u010dem skute\u010dn\u011b z\u00e1le\u017e\u00ed, jako je spo\u0159en\u00ed a investice do vzd\u011bl\u00e1n\u00ed va\u0161ich d\u011bt\u00ed.<\/p>\n\n\n\n<p>Jasn\u00fd rozpo\u010det pom\u00e1h\u00e1 \u010dinit informovan\u00e1 rozhodnut\u00ed a vyh\u00fdb\u00e1 se p\u00e1du do pasti impulzivn\u00edho utr\u00e1cen\u00ed.<\/p>\n\n\n\n<p>Zapojen\u00ed v\u0161ech \u010dlen\u016f rodiny nav\u00edc podporuje finan\u010dn\u00ed vzd\u011bl\u00e1v\u00e1n\u00ed a sd\u00edlenou odpov\u011bdnost.<\/p>\n\n\n\n<h2 class=\"wp-block-heading\">Podporujte finan\u010dn\u00ed vzd\u011bl\u00e1v\u00e1n\u00ed doma<\/h2>\n\n\n\n<p>Finan\u010dn\u00ed vzd\u011bl\u00e1n\u00ed je nezbytn\u00e9 pro to, aby \u010dlenov\u00e9 rodiny pochopili, jak funguj\u00ed pojmy jako spo\u0159en\u00ed, investov\u00e1n\u00ed, inflace a dluh.<\/p>\n\n\n\n<p>V\u00fduka od ran\u00e9ho v\u011bku pom\u00e1h\u00e1 d\u011btem a dosp\u00edvaj\u00edc\u00edm rozv\u00edjet zodpov\u011bdn\u00e9 n\u00e1vyky, kter\u00e9 pozitivn\u011b ovlivn\u00ed jejich ekonomickou budoucnost.<\/p>\n\n\n\n<p><strong>Relevantn\u00ed \u00fadaje:<\/strong> Podle ECLAC maj\u00ed dom\u00e1cnosti s finan\u010dn\u00edm vzd\u011bl\u00e1n\u00edm o 25 % vy\u0161\u0161\u00ed pravd\u011bpodobnost, \u017ee si budou udr\u017eovat pravideln\u00e9 \u00faspory a budou \u010dinit informovan\u00e1 investi\u010dn\u00ed rozhodnut\u00ed.<a>cepal.org<\/a>).<\/p>\n\n\n\n<p>Jednoduch\u00e9 aktivity, jako je zapojen\u00ed d\u011bt\u00ed do sestavov\u00e1n\u00ed rozpo\u010dtu, u\u010den\u00ed je porovn\u00e1vat ceny nebo p\u0159id\u011blov\u00e1n\u00ed kapesn\u00e9ho na spr\u00e1vu osobn\u00edch v\u00fddaj\u016f, mohou b\u00fdt velmi efektivn\u00ed.<\/p>\n\n\n\n<h2 class=\"wp-block-heading\">Diverzifikujte zdroje p\u0159\u00edjm\u016f<\/h2>\n\n\n\n<p>Spol\u00e9h\u00e1n\u00ed se na jedin\u00fd p\u0159\u00edjem p\u0159edstavuje v dob\u00e1ch nejistoty zna\u010dn\u00e9 riziko.<\/p>\n\n\n\n<p>Hled\u00e1n\u00ed nov\u00fdch zdroj\u016f p\u0159\u00edjm\u016f, jako je pr\u00e1ce na voln\u00e9 noze, podnik\u00e1n\u00ed nebo mal\u00e9 investice, m\u016f\u017ee poskytnout stabilitu a sn\u00ed\u017eit zranitelnost v\u016f\u010di ztr\u00e1t\u011b zam\u011bstn\u00e1n\u00ed.<\/p>\n\n\n\n<p><strong>P\u0159\u00edklad:<\/strong> Luis, in\u017een\u00fdr z Guadalajary, za\u010dal nab\u00edzet online kurzy programov\u00e1n\u00ed vedle sv\u00e9ho hlavn\u00edho zam\u011bstn\u00e1n\u00ed.<\/p>\n\n\n\n<p>B\u011bhem volatility trhu pr\u00e1ce v roce 2025 mu jeho dodate\u010dn\u00fd p\u0159\u00edjem umo\u017enil udr\u017eet si z\u00e1kladn\u00ed v\u00fddaje a pokra\u010dovat v spo\u0159en\u00ed.<\/p>\n\n\n\n<p>Diverzifikace nejen chr\u00e1n\u00ed rodinu p\u0159ed krizemi, ale tak\u00e9 otev\u00edr\u00e1 p\u0159\u00edle\u017eitosti k rozvoji dovednost\u00ed a prozkoum\u00e1n\u00ed nov\u00fdch zdroj\u016f hospod\u00e1\u0159sk\u00e9ho r\u016fstu.<\/p>\n\n\n\n<h2 class=\"wp-block-heading\">M\u00edt dostate\u010dn\u00e9 poji\u0161t\u011bn\u00ed<\/h2>\n\n\n\n<p>Poji\u0161t\u011bn\u00ed je kl\u00ed\u010dov\u00fdm n\u00e1strojem pro ochranu va\u0161\u00ed rodiny p\u0159ed nep\u0159edv\u00eddan\u00fdmi ud\u00e1lostmi. Doporu\u010den\u00e9 kryt\u00ed zahrnuje zdravotn\u00ed, \u017eivotn\u00ed, dom\u00e1c\u00ed a automobilov\u00e9 poji\u0161t\u011bn\u00ed.<\/p>\n\n\n\n<p>V p\u0159\u00edpad\u011b nouze tyto pojistn\u00e9 smlouvy zabra\u0148uj\u00ed tomu, aby rodina musela prod\u00e1vat \u00faspory nebo se zadlu\u017eit.<\/p>\n\n\n\n<p><strong>Relevantn\u00ed statistiky:<\/strong> Studie Mexick\u00e9 asociace poji\u0161\u0165oven (AMIS) ukazuje, \u017ee pouze 40 % mexick\u00fdch rodin m\u00e1 dostate\u010dn\u00e9 zdravotn\u00ed poji\u0161t\u011bn\u00ed, co\u017e je \u010din\u00ed zraniteln\u00fdmi v\u016f\u010di nep\u0159edv\u00eddan\u00fdm v\u00fddaj\u016fm.<a>amis.com.mx<\/a>).<\/p>\n\n\n\n<p>V\u00fdb\u011br spr\u00e1vn\u00e9ho poji\u0161t\u011bn\u00ed zahrnuje anal\u00fdzu specifick\u00fdch pot\u0159eb ka\u017ed\u00e9 rodiny a vyhodnocen\u00ed pom\u011bru n\u00e1klad\u016f a v\u00fdnos\u016f ka\u017ed\u00e9 pojistky.<\/p>\n\n\n\n<h2 class=\"wp-block-heading\">Udr\u017eujte si \u0161etrn\u00e9 my\u0161len\u00ed<\/h2>\n\n\n\n<p>Osvojen\u00ed si my\u0161len\u00ed neust\u00e1l\u00e9ho spo\u0159en\u00ed je z\u00e1sadn\u00ed, a to i v mal\u00fdch \u010d\u00e1stk\u00e1ch.<\/p>\n\n\n\n<p>Automatizace vklad\u016f na spo\u0159ic\u00ed \u00fa\u010dty, stanoven\u00ed jasn\u00fdch c\u00edl\u016f a pravideln\u00e1 kontrola v\u00fddaj\u016f v\u00e1m umo\u017en\u00ed udr\u017eet si skute\u010dnou kontrolu nad va\u0161imi financemi.<\/p>\n\n\n\n<p>U\u017eite\u010dn\u00e1 analogie: \u00faspory v dom\u00e1cnosti jsou jako zahrada. Pokud budete pravideln\u011b s\u00e1zet a pe\u010dovat o n\u011b, vyrostou a p\u0159inesou ovoce v prav\u00fd \u010das.<\/p>\n\n\n\n<p>Jeho zanedb\u00e1v\u00e1n\u00ed na druhou stranu m\u016f\u017ee rodinu v kritick\u00fdch chv\u00edl\u00edch nechat bez zdroj\u016f.<\/p>\n\n\n\n<figure class=\"wp-block-gallery aligncenter has-nested-images columns-default is-cropped wp-block-gallery-2 is-layout-flex wp-block-gallery-is-layout-flex\">\n<figure class=\"wp-block-image size-full\"><img loading=\"lazy\" decoding=\"async\" width=\"450\" height=\"250\" data-id=\"10221\" src=\"https:\/\/universofamilia.com\/wp-content\/uploads\/sites\/148\/2025\/10\/Destaque-Novo-Universo-26.jpg\" alt=\"\" class=\"wp-image-10221\" srcset=\"http:\/\/universofamilia.com\/wp-content\/uploads\/sites\/148\/2025\/10\/Destaque-Novo-Universo-26.jpg 450w, http:\/\/universofamilia.com\/wp-content\/uploads\/sites\/148\/2025\/10\/Destaque-Novo-Universo-26-300x167.jpg 300w, http:\/\/universofamilia.com\/wp-content\/uploads\/sites\/148\/2025\/10\/Destaque-Novo-Universo-26-18x10.jpg 18w\" sizes=\"(max-width: 450px) 100vw, 450px\" \/><figcaption class=\"wp-element-caption\">CANVA<\/figcaption><\/figure>\n<\/figure>\n\n\n\n<p>\u010ct\u011bte v\u00edce:&nbsp;<a href=\"http:\/\/universofamilia.com\/cs\/economia-mundial-en-2025-recesion-o-recuperacion\/\">Sv\u011btov\u00e1 ekonomika v roce 2025: Recese, nebo o\u017eiven\u00ed?<\/a><\/p>\n\n\n\n<h2 class=\"wp-block-heading\">Vyhledejte profesion\u00e1ln\u00ed finan\u010dn\u00ed poradenstv\u00ed<\/h2>\n\n\n\n<p>Profesion\u00e1ln\u00ed poradenstv\u00ed v\u00e1m umo\u017e\u0148uje optimalizovat spr\u00e1vu zdroj\u016f, pl\u00e1novat investice a \u010dinit informovan\u00e1 strategick\u00e1 rozhodnut\u00ed.<\/p>\n\n\n\n<p>Finan\u010dn\u00ed poradci v\u00e1m mohou pomoci s vytvo\u0159en\u00edm spo\u0159ic\u00edch pl\u00e1n\u016f, bezpe\u010dn\u00fdch investic a da\u0148ov\u00fdch strategi\u00ed, kter\u00e9 maximalizuj\u00ed blahobyt rodiny.<\/p>\n\n\n\n<p>Nejde jen o velk\u00e9 jm\u011bn\u00ed; ka\u017ed\u00e1 rodina m\u016f\u017ee t\u011b\u017eit z finan\u010dn\u00edho poradce, kter\u00fd p\u0159izp\u016fsob\u00ed strategie specifick\u00e9mu rozpo\u010dtu a pot\u0159eb\u00e1m dom\u00e1cnosti.<\/p>\n\n\n\n<h2 class=\"wp-block-heading\">Bu\u010fte flexibiln\u00ed a p\u0159izp\u016fsobte se zm\u011bn\u00e1m<\/h2>\n\n\n\n<p>Ekonomick\u00e1 odolnost z\u00e1vis\u00ed na schopnosti p\u0159izp\u016fsobit se nov\u00fdm okolnostem.<\/p>\n\n\n\n<p>\u00daprava rozpo\u010dtu, prozkoum\u00e1n\u00ed p\u0159\u00edjmov\u00fdch p\u0159\u00edle\u017eitost\u00ed a zm\u011bna spot\u0159ebn\u00edch n\u00e1vyk\u016f jsou kroky, kter\u00e9 rodin\u011b umo\u017e\u0148uj\u00ed \u010delit nejistot\u011b s v\u011bt\u0161\u00ed sebed\u016fv\u011brou.<\/p>\n\n\n\n<p>Do roku 2025 bude glob\u00e1ln\u00ed ekonomika proch\u00e1zet rychl\u00fdmi a neust\u00e1l\u00fdmi zm\u011bnami. Flexibilita v\u00e1m umo\u017e\u0148uje p\u0159edv\u00eddat probl\u00e9my a vyu\u017e\u00edt p\u0159\u00edle\u017eitost\u00ed, kter\u00e9 by jin\u00ed mohli prome\u0161kat.<\/p>\n\n\n\n<h2 class=\"wp-block-heading\">Dal\u0161\u00ed strategie na ochranu rodin<\/h2>\n\n\n\n<ol>\n<li><strong>Chytr\u00e9 nakupov\u00e1n\u00ed:<\/strong> Porovn\u00e1vejte ceny, vyu\u017e\u00edvejte slevy a up\u0159ednost\u0148ujte skute\u010dn\u00e9 pot\u0159eby.<\/li>\n\n\n\n<li><strong>Pl\u00e1nov\u00e1n\u00ed vzd\u011bl\u00e1v\u00e1n\u00ed:<\/strong> Vyhodno\u0165te vzd\u011bl\u00e1vac\u00ed alternativy, kter\u00e9 optimalizuj\u00ed pom\u011br n\u00e1klad\u016f a p\u0159\u00ednos\u016f bez kompromis\u016f v kvalit\u011b.<\/li>\n\n\n\n<li><strong>Zodpov\u011bdn\u00e9 vyu\u017e\u00edv\u00e1n\u00ed \u00fav\u011br\u016f:<\/strong> Vyhn\u011bte se zbyte\u010dn\u00fdm dluh\u016fm a up\u0159ednostn\u011bte spl\u00e1cen\u00ed dluh\u016f s vysok\u00fdm \u00farokem.<\/li>\n\n\n\n<li><strong>Investice do dovednost\u00ed:<\/strong> \u0160kolte se pro nov\u00e1 pracovn\u00ed m\u00edsta nebo podniky, kter\u00e9 generuj\u00ed dodate\u010dn\u00fd p\u0159\u00edjem.<\/li>\n<\/ol>\n\n\n\n<h2 class=\"wp-block-heading\">Z\u00e1v\u011br<\/h2>\n\n\n\n<p>Ochrana rodiny v dob\u011b ekonomick\u00e9 nejistoty vy\u017eaduje komplexn\u00ed p\u0159\u00edstup.<\/p>\n\n\n\n<p>Z\u00e1kladn\u00edmi strategiemi jsou vytvo\u0159en\u00ed nouzov\u00e9ho fondu, rozpo\u010dtov\u00e1n\u00ed, finan\u010dn\u00ed vzd\u011bl\u00e1v\u00e1n\u00ed, diverzifikace p\u0159\u00edjm\u016f, dostate\u010dn\u00e9 poji\u0161t\u011bn\u00ed, pravideln\u00e9 spo\u0159en\u00ed, vyhled\u00e1n\u00ed odborn\u00e9 rady a p\u0159izp\u016fsobov\u00e1n\u00ed se zm\u011bn\u00e1m.<\/p>\n\n\n\n<p>Ot\u00e1zka <strong>\u201eOchrana rodiny v dob\u011b ekonomick\u00e9 nejistoty\u201c<\/strong> Nen\u00ed to jen r\u00e9torika; je to n\u00e1vod k akci.<\/p>\n\n\n\n<p>Rodiny, kter\u00e9 tyto strategie implementuj\u00ed, si s v\u011bt\u0161\u00ed pravd\u011bpodobnost\u00ed udr\u017e\u00ed stabilitu, s jistotou budou \u010delit kriz\u00edm a vybuduj\u00ed si solidn\u00ed finan\u010dn\u00ed budoucnost.<\/p>\n\n\n\n<p>\u010ct\u011bte v\u00edce:&nbsp;<a href=\"http:\/\/universofamilia.com\/cs\/crisis-climatica-global\/\">Glob\u00e1ln\u00ed klimatick\u00e1 krize: dopady ji\u017e postihuj\u00ed miliony lid\u00ed<\/a><\/p>\n\n\n\n<h3 class=\"wp-block-heading\">\u010casto kladen\u00e9 ot\u00e1zky<\/h3>\n\n\n\n<p><strong>1. Kolik bych si m\u011bl\/a na\u0161et\u0159it do fondu pro p\u0159\u00edpad nouze?<\/strong><br>Pokr\u00fdv\u00e1 nezbytn\u00e9 v\u00fddaje na t\u0159i a\u017e \u0161est m\u011bs\u00edc\u016f.<\/p>\n\n\n\n<p><strong>2. Jak mohu zapojit sv\u00e9 d\u011bti do finan\u010dn\u00edho vzd\u011bl\u00e1v\u00e1n\u00ed?<\/strong><br>Dejte jim kapesn\u00e9, nau\u010dte je porovn\u00e1vat ceny a \u0161et\u0159it na osobn\u00ed c\u00edle.<\/p>\n\n\n\n<p><strong>3. Jak\u00e9 pojistn\u00e9 smlouvy jsou nezbytn\u00e9?<\/strong><br>Zdrav\u00ed, \u017eivot, bydlen\u00ed a auto dle konkr\u00e9tn\u00edch pot\u0159eb rodiny.<\/p>\n\n\n\n<p><strong>4. Jak diverzifikovat p\u0159\u00edjem, ani\u017e byste zanedb\u00e1vali sv\u00e9 hlavn\u00ed zam\u011bstn\u00e1n\u00ed?<\/strong><br>Prozkoumejte pr\u00e1ci na voln\u00e9 noze, mal\u00e9 firmy nebo investice s n\u00edzk\u00fdm rizikem, kter\u00e9 nevy\u017eaduj\u00ed ve\u0161ker\u00fd v\u00e1\u0161 \u010das.<\/p>\n\n\n\n<p><strong>5. Kdy byste m\u011bli vyhledat odbornou pomoc?<\/strong><br>Kdykoli chcete optimalizovat zdroje, pl\u00e1novat investice nebo chr\u00e1nit rodinn\u00fd majetek.<\/p>","protected":false},"excerpt":{"rendered":"<p>V roce 2025 se ot\u00e1zka \u201eochrany rodiny v dob\u011b ekonomick\u00e9 nejistoty\u201c st\u00e1v\u00e1 aktu\u00e1ln\u011bj\u0161\u00ed ne\u017e kdy d\u0159\u00edve. Glob\u00e1ln\u00ed inflace, nestabiln\u00ed trhy pr\u00e1ce a politick\u00e1 nestabilita v r\u016fzn\u00fdch regionech vytvo\u0159ily prost\u0159ed\u00ed, ve kter\u00e9m finan\u010dn\u00ed pl\u00e1nov\u00e1n\u00ed rodiny ji\u017e nen\u00ed voliteln\u00e9, ale kriticky d\u016fle\u017eit\u00e9. Podle Sv\u011btov\u00e9 banky [\u2026]<\/p>","protected":false},"author":219,"featured_media":10219,"comment_status":"closed","ping_status":"open","sticky":false,"template":"","format":"standard","meta":{"footnotes":""},"categories":[4],"tags":[],"yoast_head":"<!-- This site is optimized with the Yoast SEO plugin v23.3 - https:\/\/yoast.com\/wordpress\/plugins\/seo\/ -->\n<title>Protecci\u00f3n familiar en tiempos de incertidumbre econ\u00f3mica - Universo Fam\u00edlia<\/title>\n<meta name=\"description\" content=\"En 2025, la pregunta \u201cProtecci\u00f3n familiar en tiempos de incertidumbre econ\u00f3mica\u201d se vuelve m\u00e1s relevante que nunca.\" \/>\n<meta name=\"robots\" content=\"index, follow, max-snippet:-1, max-image-preview:large, max-video-preview:-1\" \/>\n<link rel=\"canonical\" href=\"https:\/\/universofamilia.com\/cs\/proteccion-familiar-en-tiempos-de-incertidumbre-economica\/\" \/>\n<meta property=\"og:locale\" content=\"cs_CZ\" \/>\n<meta property=\"og:type\" content=\"article\" \/>\n<meta property=\"og:title\" content=\"Protecci\u00f3n familiar en tiempos de incertidumbre econ\u00f3mica - Universo Fam\u00edlia\" \/>\n<meta property=\"og:description\" content=\"En 2025, la pregunta \u201cProtecci\u00f3n familiar en tiempos de incertidumbre econ\u00f3mica\u201d se vuelve m\u00e1s relevante que nunca.\" \/>\n<meta property=\"og:url\" content=\"https:\/\/universofamilia.com\/cs\/proteccion-familiar-en-tiempos-de-incertidumbre-economica\/\" \/>\n<meta property=\"og:site_name\" content=\"Universo Fam\u00edlia\" \/>\n<meta property=\"article:published_time\" content=\"2025-10-27T16:27:29+00:00\" \/>\n<meta property=\"article:modified_time\" content=\"2025-10-27T16:27:40+00:00\" \/>\n<meta property=\"og:image\" content=\"https:\/\/universofamilia.com\/wp-content\/uploads\/sites\/148\/2025\/10\/Destaque-Novo-Universo-25.jpg\" \/>\n\t<meta property=\"og:image:width\" content=\"450\" \/>\n\t<meta property=\"og:image:height\" content=\"250\" \/>\n\t<meta property=\"og:image:type\" content=\"image\/jpeg\" \/>\n<meta name=\"author\" content=\"Matheus Sangaletti\" \/>\n<meta name=\"twitter:card\" content=\"summary_large_image\" \/>\n<meta name=\"twitter:label1\" content=\"Written by\" \/>\n\t<meta name=\"twitter:data1\" content=\"Matheus Sangaletti\" \/>\n\t<meta name=\"twitter:label2\" content=\"Est. reading time\" \/>\n\t<meta name=\"twitter:data2\" content=\"8 minut\" \/>\n<script type=\"application\/ld+json\" class=\"yoast-schema-graph\">{\"@context\":\"https:\/\/schema.org\",\"@graph\":[{\"@type\":\"WebPage\",\"@id\":\"https:\/\/universofamilia.com\/el\/proteccion-familiar-en-tiempos-de-incertidumbre-economica\/\",\"url\":\"https:\/\/universofamilia.com\/el\/proteccion-familiar-en-tiempos-de-incertidumbre-economica\/\",\"name\":\"Protecci\u00f3n familiar en tiempos de incertidumbre econ\u00f3mica - Universo Fam\u00edlia\",\"isPartOf\":{\"@id\":\"https:\/\/universofamilia.com\/el\/#website\"},\"primaryImageOfPage\":{\"@id\":\"https:\/\/universofamilia.com\/el\/proteccion-familiar-en-tiempos-de-incertidumbre-economica\/#primaryimage\"},\"image\":{\"@id\":\"https:\/\/universofamilia.com\/el\/proteccion-familiar-en-tiempos-de-incertidumbre-economica\/#primaryimage\"},\"thumbnailUrl\":\"http:\/\/universofamilia.com\/wp-content\/uploads\/sites\/148\/2025\/10\/Destaque-Novo-Universo-25.jpg\",\"datePublished\":\"2025-10-27T16:27:29+00:00\",\"dateModified\":\"2025-10-27T16:27:40+00:00\",\"author\":{\"@id\":\"https:\/\/universofamilia.com\/el\/#\/schema\/person\/92fcd07e9b1f4323bf74f3170fc0f78a\"},\"description\":\"En 2025, la pregunta \u201cProtecci\u00f3n familiar en tiempos de incertidumbre econ\u00f3mica\u201d se vuelve m\u00e1s relevante que nunca.\",\"breadcrumb\":{\"@id\":\"https:\/\/universofamilia.com\/el\/proteccion-familiar-en-tiempos-de-incertidumbre-economica\/#breadcrumb\"},\"inLanguage\":\"cs\",\"potentialAction\":[{\"@type\":\"ReadAction\",\"target\":[\"https:\/\/universofamilia.com\/el\/proteccion-familiar-en-tiempos-de-incertidumbre-economica\/\"]}]},{\"@type\":\"ImageObject\",\"inLanguage\":\"cs\",\"@id\":\"https:\/\/universofamilia.com\/el\/proteccion-familiar-en-tiempos-de-incertidumbre-economica\/#primaryimage\",\"url\":\"http:\/\/universofamilia.com\/wp-content\/uploads\/sites\/148\/2025\/10\/Destaque-Novo-Universo-25.jpg\",\"contentUrl\":\"http:\/\/universofamilia.com\/wp-content\/uploads\/sites\/148\/2025\/10\/Destaque-Novo-Universo-25.jpg\",\"width\":450,\"height\":250},{\"@type\":\"BreadcrumbList\",\"@id\":\"https:\/\/universofamilia.com\/el\/proteccion-familiar-en-tiempos-de-incertidumbre-economica\/#breadcrumb\",\"itemListElement\":[{\"@type\":\"ListItem\",\"position\":1,\"name\":\"Home\",\"item\":\"https:\/\/universofamilia.com\/el\/\"},{\"@type\":\"ListItem\",\"position\":2,\"name\":\"Protecci\u00f3n familiar en tiempos de incertidumbre econ\u00f3mica\"}]},{\"@type\":\"WebSite\",\"@id\":\"https:\/\/universofamilia.com\/el\/#website\",\"url\":\"https:\/\/universofamilia.com\/el\/\",\"name\":\"Universo Fam\u00edlia\",\"description\":\"\",\"potentialAction\":[{\"@type\":\"SearchAction\",\"target\":{\"@type\":\"EntryPoint\",\"urlTemplate\":\"https:\/\/universofamilia.com\/el\/?s={search_term_string}\"},\"query-input\":\"required name=search_term_string\"}],\"inLanguage\":\"cs\"},{\"@type\":\"Person\",\"@id\":\"https:\/\/universofamilia.com\/el\/#\/schema\/person\/92fcd07e9b1f4323bf74f3170fc0f78a\",\"name\":\"Matheus Sangaletti\",\"image\":{\"@type\":\"ImageObject\",\"inLanguage\":\"cs\",\"@id\":\"https:\/\/universofamilia.com\/el\/#\/schema\/person\/image\/\",\"url\":\"http:\/\/2.gravatar.com\/avatar\/280ea957a14a48e6a1ad2133d2cc27c9?s=96&d=mm&r=g\",\"contentUrl\":\"http:\/\/2.gravatar.com\/avatar\/280ea957a14a48e6a1ad2133d2cc27c9?s=96&d=mm&r=g\",\"caption\":\"Matheus Sangaletti\"},\"url\":\"http:\/\/universofamilia.com\/cs\/author\/matheuss\/\"}]}<\/script>\n<!-- \/ Yoast SEO plugin. -->","yoast_head_json":{"title":"Protecci\u00f3n familiar en tiempos de incertidumbre econ\u00f3mica - Universo Fam\u00edlia","description":"En 2025, la pregunta \u201cProtecci\u00f3n familiar en tiempos de incertidumbre econ\u00f3mica\u201d se vuelve m\u00e1s relevante que nunca.","robots":{"index":"index","follow":"follow","max-snippet":"max-snippet:-1","max-image-preview":"max-image-preview:large","max-video-preview":"max-video-preview:-1"},"canonical":"https:\/\/universofamilia.com\/cs\/proteccion-familiar-en-tiempos-de-incertidumbre-economica\/","og_locale":"cs_CZ","og_type":"article","og_title":"Protecci\u00f3n familiar en tiempos de incertidumbre econ\u00f3mica - Universo Fam\u00edlia","og_description":"En 2025, la pregunta \u201cProtecci\u00f3n familiar en tiempos de incertidumbre econ\u00f3mica\u201d se vuelve m\u00e1s relevante que nunca.","og_url":"https:\/\/universofamilia.com\/cs\/proteccion-familiar-en-tiempos-de-incertidumbre-economica\/","og_site_name":"Universo Fam\u00edlia","article_published_time":"2025-10-27T16:27:29+00:00","article_modified_time":"2025-10-27T16:27:40+00:00","og_image":[{"width":450,"height":250,"url":"https:\/\/universofamilia.com\/wp-content\/uploads\/sites\/148\/2025\/10\/Destaque-Novo-Universo-25.jpg","type":"image\/jpeg"}],"author":"Matheus Sangaletti","twitter_card":"summary_large_image","twitter_misc":{"Written by":"Matheus Sangaletti","Est. reading time":"8 minut"},"schema":{"@context":"https:\/\/schema.org","@graph":[{"@type":"WebPage","@id":"https:\/\/universofamilia.com\/el\/proteccion-familiar-en-tiempos-de-incertidumbre-economica\/","url":"https:\/\/universofamilia.com\/el\/proteccion-familiar-en-tiempos-de-incertidumbre-economica\/","name":"Protecci\u00f3n familiar en tiempos de incertidumbre econ\u00f3mica - Universo Fam\u00edlia","isPartOf":{"@id":"https:\/\/universofamilia.com\/el\/#website"},"primaryImageOfPage":{"@id":"https:\/\/universofamilia.com\/el\/proteccion-familiar-en-tiempos-de-incertidumbre-economica\/#primaryimage"},"image":{"@id":"https:\/\/universofamilia.com\/el\/proteccion-familiar-en-tiempos-de-incertidumbre-economica\/#primaryimage"},"thumbnailUrl":"http:\/\/universofamilia.com\/wp-content\/uploads\/sites\/148\/2025\/10\/Destaque-Novo-Universo-25.jpg","datePublished":"2025-10-27T16:27:29+00:00","dateModified":"2025-10-27T16:27:40+00:00","author":{"@id":"https:\/\/universofamilia.com\/el\/#\/schema\/person\/92fcd07e9b1f4323bf74f3170fc0f78a"},"description":"En 2025, la pregunta \u201cProtecci\u00f3n familiar en tiempos de incertidumbre econ\u00f3mica\u201d se vuelve m\u00e1s relevante que nunca.","breadcrumb":{"@id":"https:\/\/universofamilia.com\/el\/proteccion-familiar-en-tiempos-de-incertidumbre-economica\/#breadcrumb"},"inLanguage":"cs","potentialAction":[{"@type":"ReadAction","target":["https:\/\/universofamilia.com\/el\/proteccion-familiar-en-tiempos-de-incertidumbre-economica\/"]}]},{"@type":"ImageObject","inLanguage":"cs","@id":"https:\/\/universofamilia.com\/el\/proteccion-familiar-en-tiempos-de-incertidumbre-economica\/#primaryimage","url":"http:\/\/universofamilia.com\/wp-content\/uploads\/sites\/148\/2025\/10\/Destaque-Novo-Universo-25.jpg","contentUrl":"http:\/\/universofamilia.com\/wp-content\/uploads\/sites\/148\/2025\/10\/Destaque-Novo-Universo-25.jpg","width":450,"height":250},{"@type":"BreadcrumbList","@id":"https:\/\/universofamilia.com\/el\/proteccion-familiar-en-tiempos-de-incertidumbre-economica\/#breadcrumb","itemListElement":[{"@type":"ListItem","position":1,"name":"Home","item":"https:\/\/universofamilia.com\/el\/"},{"@type":"ListItem","position":2,"name":"Protecci\u00f3n familiar en tiempos de incertidumbre econ\u00f3mica"}]},{"@type":"WebSite","@id":"https:\/\/universofamilia.com\/el\/#website","url":"https:\/\/universofamilia.com\/el\/","name":"Universo Fam\u00edlia","description":"","potentialAction":[{"@type":"SearchAction","target":{"@type":"EntryPoint","urlTemplate":"https:\/\/universofamilia.com\/el\/?s={search_term_string}"},"query-input":"required name=search_term_string"}],"inLanguage":"cs"},{"@type":"Person","@id":"https:\/\/universofamilia.com\/el\/#\/schema\/person\/92fcd07e9b1f4323bf74f3170fc0f78a","name":"Matheus Sangaletti","image":{"@type":"ImageObject","inLanguage":"cs","@id":"https:\/\/universofamilia.com\/el\/#\/schema\/person\/image\/","url":"http:\/\/2.gravatar.com\/avatar\/280ea957a14a48e6a1ad2133d2cc27c9?s=96&d=mm&r=g","contentUrl":"http:\/\/2.gravatar.com\/avatar\/280ea957a14a48e6a1ad2133d2cc27c9?s=96&d=mm&r=g","caption":"Matheus Sangaletti"},"url":"http:\/\/universofamilia.com\/cs\/author\/matheuss\/"}]}},"_links":{"self":[{"href":"http:\/\/universofamilia.com\/cs\/wp-json\/wp\/v2\/posts\/10218"}],"collection":[{"href":"http:\/\/universofamilia.com\/cs\/wp-json\/wp\/v2\/posts"}],"about":[{"href":"http:\/\/universofamilia.com\/cs\/wp-json\/wp\/v2\/types\/post"}],"author":[{"embeddable":true,"href":"http:\/\/universofamilia.com\/cs\/wp-json\/wp\/v2\/users\/219"}],"replies":[{"embeddable":true,"href":"http:\/\/universofamilia.com\/cs\/wp-json\/wp\/v2\/comments?post=10218"}],"version-history":[{"count":3,"href":"http:\/\/universofamilia.com\/cs\/wp-json\/wp\/v2\/posts\/10218\/revisions"}],"predecessor-version":[{"id":10224,"href":"http:\/\/universofamilia.com\/cs\/wp-json\/wp\/v2\/posts\/10218\/revisions\/10224"}],"wp:featuredmedia":[{"embeddable":true,"href":"http:\/\/universofamilia.com\/cs\/wp-json\/wp\/v2\/media\/10219"}],"wp:attachment":[{"href":"http:\/\/universofamilia.com\/cs\/wp-json\/wp\/v2\/media?parent=10218"}],"wp:term":[{"taxonomy":"category","embeddable":true,"href":"http:\/\/universofamilia.com\/cs\/wp-json\/wp\/v2\/categories?post=10218"},{"taxonomy":"post_tag","embeddable":true,"href":"http:\/\/universofamilia.com\/cs\/wp-json\/wp\/v2\/tags?post=10218"}],"curies":[{"name":"wp","href":"https:\/\/api.w.org\/{rel}","templated":true}]}}