{"id":10357,"date":"2025-11-20T19:32:48","date_gmt":"2025-11-20T22:32:48","guid":{"rendered":"https:\/\/universofamilia.com\/?p=10357"},"modified":"2025-11-20T19:32:51","modified_gmt":"2025-11-20T22:32:51","slug":"energias-renovables-en-el-mundo-avances-y-desafios-para-2030","status":"publish","type":"post","link":"http:\/\/universofamilia.com\/cs\/energias-renovables-en-el-mundo-avances-y-desafios-para-2030\/","title":{"rendered":"Obnoviteln\u00e9 zdroje energie ve sv\u011bt\u011b: pokroky a v\u00fdzvy pro rok 2030"},"content":{"rendered":"<p class=\"has-text-align-center\">Za\u010dn\u011bte up\u0159\u00edmn\u00fd rozhovor o <strong>Obnoviteln\u00e9 zdroje energie ve sv\u011bt\u011b: pokroky a v\u00fdzvy pro rok 2030<\/strong> To znamen\u00e1 p\u0159edpokl\u00e1dat, \u017ee ji\u017e nejsou futuristickou my\u0161lenkou, ale glob\u00e1ln\u00ed prioritou.<\/p>\n\n\n\n<figure class=\"wp-block-gallery aligncenter has-nested-images columns-default is-cropped wp-block-gallery-1 is-layout-flex wp-block-gallery-is-layout-flex\">\n<figure class=\"wp-block-image size-full\"><img loading=\"lazy\" decoding=\"async\" width=\"450\" height=\"250\" data-id=\"10359\" src=\"https:\/\/universofamilia.com\/wp-content\/uploads\/sites\/148\/2025\/11\/Destaque-Novo-Universo-6.jpg\" alt=\"\" class=\"wp-image-10359\" srcset=\"http:\/\/universofamilia.com\/wp-content\/uploads\/sites\/148\/2025\/11\/Destaque-Novo-Universo-6.jpg 450w, http:\/\/universofamilia.com\/wp-content\/uploads\/sites\/148\/2025\/11\/Destaque-Novo-Universo-6-300x167.jpg 300w, http:\/\/universofamilia.com\/wp-content\/uploads\/sites\/148\/2025\/11\/Destaque-Novo-Universo-6-18x10.jpg 18w\" sizes=\"(max-width: 450px) 100vw, 450px\" \/><figcaption class=\"wp-element-caption\">Canva<\/figcaption><\/figure>\n<\/figure>\n\n\n\n<p class=\"has-text-align-center\">Ne\u017e se do toho pust\u00edme hloub\u011bji, stoj\u00ed za to si proj\u00edt kr\u00e1tk\u00e9 shrnut\u00ed.<\/p>\n\n\n\n<p class=\"has-text-align-center\">Co tato transformace obn\u00e1\u0161\u00ed, jej\u00ed nejv\u00fdznamn\u011bj\u0161\u00ed pokroky, p\u0159etrv\u00e1vaj\u00edc\u00ed p\u0159ek\u00e1\u017eky, relevantn\u00ed statistika, dva aktu\u00e1ln\u00ed p\u0159\u00edklady, jasn\u00e1 analogie a tabulka shrnuj\u00edc\u00ed v\u00fdhled do roku 2030.<\/p>\n\n\n\n<p class=\"has-text-align-center\">Jak se nakonec m\u016f\u017eete spr\u00e1vn\u011b rozhodnout, ani\u017e byste pochopili v\u00fdchoz\u00ed bod?<\/p>\n\n\n\n<h2 class=\"wp-block-heading\"><strong>Energetick\u00e1 transformace, kter\u00e1 nov\u011b definuje priority<\/strong><\/h2>\n\n\n\n<p>Kdy\u017e se budeme bavit o glob\u00e1ln\u00edm boomu obnoviteln\u00fdch zdroj\u016f energie, vyvst\u00e1v\u00e1 jedna z\u0159ejm\u00e1 skute\u010dnost: vl\u00e1dy, firmy i jednotlivci urychluj\u00ed p\u0159echod k \u010dist\u0161\u00edm technologi\u00edm.<\/p>\n\n\n\n<p>Logika tohoto hnut\u00ed nen\u00ed jen environment\u00e1ln\u00ed; reaguje tak\u00e9 na ekonomick\u00e9, soci\u00e1ln\u00ed a geopolitick\u00e9 d\u016fvody.<\/p>\n\n\n\n<p>Ka\u017ed\u00e1 zem\u011b postupuje sv\u00fdm vlastn\u00edm tempem, a\u010dkoli obecn\u00fd trend sm\u011b\u0159uje k flexibiln\u011bj\u0161\u00edm a m\u00e9n\u011b zne\u010di\u0161\u0165uj\u00edc\u00edm elektrick\u00fdm syst\u00e9m\u016fm schopn\u00fdm uspokojit rostouc\u00ed popt\u00e1vku.<\/p>\n\n\n\n<p>Nejnov\u011bj\u0161\u00ed zpr\u00e1va Mezin\u00e1rodn\u00ed energetick\u00e9 agentury (IEA) potvrdila, \u017ee glob\u00e1ln\u00ed kapacita sol\u00e1rn\u00ed a v\u011btrn\u00e9 energie v roce 2023 p\u0159ekro\u010dila hranici 90% v r\u016fstu \u010dist\u00e9 instalovan\u00e9 elektrick\u00e9 kapacity, co\u017e je zlomov\u00fd bod, kter\u00fd ur\u010duje sm\u011br do roku 2030.<\/p>\n\n\n\n<p>Tato data odhaluj\u00ed transformaci, kter\u00e1 ji\u017e prob\u00edh\u00e1 a ovliv\u0148uje investice, zam\u011bstnanost a v\u00fdrobn\u00ed struktury.<\/p>\n\n\n\n<h2 class=\"wp-block-heading\"><strong>Sektor obnoviteln\u00fdch zdroj\u016f energie jako hnac\u00ed s\u00edla glob\u00e1ln\u00ed ekonomiky<\/strong><\/h2>\n\n\n\n<p>Roz\u0161\u00ed\u0159en\u00ed \u010dist\u00e9 energie nez\u00e1vis\u00ed pouze na environment\u00e1ln\u00edch p\u0159esv\u011bd\u010den\u00edch. Reaguje tak\u00e9 na st\u00e1le konkurenceschopn\u011bj\u0161\u00ed ceny.<\/p>\n\n\n\n<p>Nap\u0159\u00edklad sol\u00e1rn\u00ed fotovoltaick\u00e1 energie se stala nejlevn\u011bj\u0161\u00ed mo\u017enost\u00ed v\u00fdroby elekt\u0159iny ve v\u00edce ne\u017e 60 zem\u00edch, v\u010detn\u011b n\u011bkolika latinskoamerick\u00fdch st\u00e1t\u016f.<\/p>\n\n\n\n<p>Tento ekonomick\u00fd posun otev\u0159el dve\u0159e nov\u00fdm obchodn\u00edm model\u016fm, p\u0159il\u00e1kal investory a vytvo\u0159il hodnotov\u00e9 \u0159et\u011bzce, kter\u00e9 p\u0159ed v\u00edce ne\u017e deseti lety neexistovaly.<\/p>\n\n\n\n<p>Mezit\u00edm se v\u011btrn\u00e1 energie upevnila jako hlavn\u00ed pil\u00ed\u0159 v regionech s vysokou dostupnost\u00ed p\u0159\u00edrodn\u00edch zdroj\u016f, od severn\u00edho Mexika a\u017e po atlantick\u00e9 pob\u0159e\u017e\u00ed Braz\u00edlie a ji\u017en\u00ed \u0160pan\u011blsko.<\/p>\n\n\n\n<p>Tento sc\u00e9n\u00e1\u0159 ukazuje, \u017ee zelen\u00fd r\u016fst nen\u00ed v\u00fdhradn\u011b pro rozvinut\u00e9 ekonomiky; stal se tak\u00e9 p\u0159\u00edle\u017eitost\u00ed pro rozv\u00edjej\u00edc\u00ed se trhy usiluj\u00edc\u00ed o v\u011bt\u0161\u00ed energetickou nez\u00e1vislost.<\/p>\n\n\n\n<h2 class=\"wp-block-heading\"><strong>Pohled na technologie, kter\u00e9 vedou transformaci<\/strong><\/h2>\n\n\n\n<p>V\u00a0m\u011bstech se s\u00a0rostouc\u00edmi cenami elekt\u0159iny zn\u00e1sobil po\u010det reziden\u010dn\u00edch i\u00a0komer\u010dn\u00edch sol\u00e1rn\u00edch syst\u00e9m\u016f.<\/p>\n\n\n\n<p>Mezit\u00edm lithiov\u00e9 baterie, kl\u00ed\u010dov\u00e9 pro ukl\u00e1d\u00e1n\u00ed energie, zaznamenaly za posledn\u00edch deset let pokles cen o v\u00edce ne\u017e 80%, co\u017e dom\u00e1cnostem a firm\u00e1m umo\u017enilo zav\u00e9st spolehliv\u011bj\u0161\u00ed hybridn\u00ed \u0159e\u0161en\u00ed.<\/p>\n\n\n\n<p>V\u011btrn\u00e1 energie na mo\u0159i se tak\u00e9 siln\u011b rozv\u00edj\u00ed, zejm\u00e9na v Evrop\u011b a Asii.<\/p>\n\n\n\n<p>A\u010dkoli jeho implementace vy\u017eaduje v\u011bt\u0161\u00ed investice, nab\u00edz\u00ed konstantn\u00ed a vysokokapacitn\u00ed v\u00fdrobu, co\u017e usnad\u0148uje nahrazen\u00ed elektr\u00e1ren na fosiln\u00ed paliva bez z\u00e1vislosti na nep\u0159edv\u00eddateln\u00fdch pov\u011btrnostn\u00edch podm\u00ednk\u00e1ch.<\/p>\n\n\n\n<h2 class=\"wp-block-heading\"><strong>Analogie pro vizualizaci zm\u011bny<\/strong><\/h2>\n\n\n\n<p>P\u0159edstavte si to jako v\u00fdvoj dopravn\u00edho syst\u00e9mu: po cel\u00e1 desetilet\u00ed sv\u011bt fungoval pouze s jedn\u00edm druhem paliva.<\/p>\n\n\n\n<p>Dnes se v\u0161ak posouv\u00e1me sm\u011brem k diverzifikovan\u00e9 s\u00edti, kde ka\u017ed\u00e1 technologie p\u0159in\u00e1\u0161\u00ed jin\u00e9 v\u00fdhody.<\/p>\n\n\n\n<p>N\u011bkter\u00e9 trasy jsou rychlej\u0161\u00ed, jin\u00e9 stabiln\u011bj\u0161\u00ed a r\u016fzn\u00e9 kombinace v\u00e1m umo\u017en\u00ed j\u00edt d\u00e1le s men\u0161\u00edm mno\u017estv\u00edm zdroj\u016f.<\/p>\n\n\n\n<p>Energetick\u00e1 transformace funguje podobn\u00fdm zp\u016fsobem: v\u00edce zdroj\u016f spolupracuje na vybudov\u00e1n\u00ed robustn\u011bj\u0161\u00edho syst\u00e9mu.<\/p>\n\n\n\n<h2 class=\"wp-block-heading\"><strong>Skute\u010dn\u00e9 v\u00fdzvy, kter\u00e9 br\u00e1n\u00ed pokroku sm\u011brem k roku 2030<\/strong><\/h2>\n\n\n\n<p>P\u0159esto\u017ee je pokrok nepopirateln\u00fd, p\u0159etrv\u00e1vaj\u00ed i p\u0159ek\u00e1\u017eky, kter\u00e9 omezuj\u00ed r\u016fst obnoviteln\u00fdch zdroj\u016f.<\/p>\n\n\n\n<p>Hlavn\u00ed probl\u00e9m spo\u010d\u00edv\u00e1 v elektrick\u00e9 infrastruktu\u0159e. Mnoho zem\u00ed se spol\u00e9h\u00e1 na zastaral\u00e9 s\u00edt\u011b, kter\u00e9 nejsou schopny masivn\u011b integrovat p\u0159eru\u0161ovan\u00e9 zdroje, jako je v\u011btrn\u00e1 nebo sol\u00e1rn\u00ed energie.<\/p>\n\n\n\n<p>Modernizace t\u011bchto syst\u00e9m\u016f vy\u017eaduje investice, vizi a institucion\u00e1ln\u00ed koordinaci.<\/p>\n\n\n\n<p>Dal\u0161\u00edm omezen\u00edm je p\u0159\u00edstup ke kritick\u00fdm miner\u00e1l\u016fm.<\/p>\n\n\n\n<p>Popt\u00e1vka po lithiu, niklu a m\u011bdi se zna\u010dn\u011b zv\u00fd\u0161\u00ed, aby se uspokojila pot\u0159eba bateri\u00ed a zelen\u00fdch technologi\u00ed.<\/p>\n\n\n\n<p>\u0158\u00edzen\u00ed t\u00e9to t\u011b\u017eby soci\u00e1ln\u011b a environment\u00e1ln\u011b odpov\u011bdn\u00fdm zp\u016fsobem se stalo glob\u00e1ln\u00ed v\u00fdzvou.<\/p>\n\n\n\n<p>K tomu se p\u0159id\u00e1v\u00e1 pot\u0159eba profesionalizace pracovn\u00ed s\u00edly.<\/p>\n\n\n\n<p>In\u017een\u00fd\u0159i, technici a specializovan\u00ed oper\u00e1to\u0159i nejsou v\u017edy \u0161koleni tempem po\u017eadovan\u00fdm trhem, proto n\u011bkolik zem\u00ed pracuje na pos\u00edlen\u00ed vzd\u011bl\u00e1vac\u00edch program\u016f spojen\u00fdch s energetick\u00fdm sektorem.<\/p>\n\n\n\n<h2 class=\"wp-block-heading\"><strong>Srovn\u00e1vac\u00ed tabulka: kl\u00ed\u010dov\u00fd pokrok sm\u011brem k roku 2030<\/strong><\/h2>\n\n\n\n<figure class=\"wp-block-table\"><table><thead><tr><th>Region \/ Ukazatel<\/th><th>Hlavn\u00ed pokroky<\/th><th>P\u0159evl\u00e1daj\u00edc\u00ed v\u00fdzvy<\/th><\/tr><\/thead><tbody><tr><td>Latinsk\u00e1 Amerika<\/td><td>Konkurenceschopn\u00fd potenci\u00e1l sol\u00e1rn\u00ed a v\u011btrn\u00e9 energie; rostouc\u00ed hybridn\u00ed projekty<\/td><td>P\u0159et\u00ed\u017een\u00e9 elektrick\u00e9 s\u00edt\u011b; nekonzistentn\u00ed regula\u010dn\u00ed r\u00e1mce<\/td><\/tr><tr><td>Evropa<\/td><td>L\u00eddr v oblasti v\u011btrn\u00e9 energie a skladov\u00e1n\u00ed energie na mo\u0159i<\/td><td>Vysok\u00e9 n\u00e1klady na p\u0159echod; z\u00e1vislost na dov\u00e1\u017een\u00fdch nerostn\u00fdch surovin\u00e1ch<\/td><\/tr><tr><td>Asie<\/td><td>Zrychlen\u00e9 roz\u0161\u00ed\u0159en\u00ed sol\u00e1rn\u00edch panel\u016f a bateri\u00ed<\/td><td>Zne\u010di\u0161t\u011bn\u00ed m\u011bst a vysok\u00e1 popt\u00e1vka po energii<\/td><\/tr><tr><td>Severn\u00ed Amerika<\/td><td>Da\u0148ov\u00e9 pob\u00eddky a technologick\u00fd rozvoj<\/td><td>Politick\u00e9 spory a zpo\u017ed\u011bn\u00ed v infrastruktu\u0159e<\/td><\/tr><\/tbody><\/table><figcaption class=\"wp-element-caption\">Obnoviteln\u00e9 zdroje energie ve sv\u011bt\u011b: pokroky a v\u00fdzvy pro rok 2030<\/figcaption><\/figure>\n\n\n\n<figure class=\"wp-block-gallery aligncenter has-nested-images columns-default is-cropped wp-block-gallery-2 is-layout-flex wp-block-gallery-is-layout-flex\">\n<figure class=\"wp-block-image size-full\"><img loading=\"lazy\" decoding=\"async\" width=\"450\" height=\"250\" data-id=\"10360\" src=\"https:\/\/universofamilia.com\/wp-content\/uploads\/sites\/148\/2025\/11\/Destaque-Novo-Universo-1-3.jpg\" alt=\"\" class=\"wp-image-10360\" srcset=\"http:\/\/universofamilia.com\/wp-content\/uploads\/sites\/148\/2025\/11\/Destaque-Novo-Universo-1-3.jpg 450w, http:\/\/universofamilia.com\/wp-content\/uploads\/sites\/148\/2025\/11\/Destaque-Novo-Universo-1-3-300x167.jpg 300w, http:\/\/universofamilia.com\/wp-content\/uploads\/sites\/148\/2025\/11\/Destaque-Novo-Universo-1-3-18x10.jpg 18w\" sizes=\"(max-width: 450px) 100vw, 450px\" \/><figcaption class=\"wp-element-caption\">Canva<\/figcaption><\/figure>\n<\/figure>\n\n\n\n<p>\u010ct\u011bte v\u00edce:\u00a0<a href=\"http:\/\/universofamilia.com\/cs\/economia-mundial-en-2025-recesion-o-recuperacion\/\">Sv\u011btov\u00e1 ekonomika v roce 2025: Recese, nebo o\u017eiven\u00ed?<\/a><\/p>\n\n\n\n<h2 class=\"wp-block-heading\"><strong>Jak zem\u011b urychluj\u00ed transformaci<\/strong><\/h2>\n\n\n\n<p>Aby se vypo\u0159\u00e1daly s v\u00fd\u0161e uveden\u00fdmi probl\u00e9my, r\u016fzn\u00e9 vl\u00e1dy navrhly strategie, kter\u00e9 se sna\u017e\u00ed vyv\u00e1\u017eit r\u016fst a udr\u017eitelnost.<\/p>\n\n\n\n<p>N\u011bkter\u00e9 zem\u011b p\u0159ijaly c\u00edle uhl\u00edkov\u00e9 neutrality, co\u017e podn\u00edtilo rozs\u00e1hl\u00e9 projekty v\u00fdroby energie z obnoviteln\u00fdch zdroj\u016f.<\/p>\n\n\n\n<p>Jin\u00e9 pos\u00edlily da\u0148ov\u00e9 pob\u00eddky, \u010d\u00edm\u017e usnadnily dom\u00e1cnostem instalaci sol\u00e1rn\u00edch panel\u016f nebo firm\u00e1m p\u0159echod na cirkul\u00e1rn\u00ed modely.<\/p>\n\n\n\n<p>Nap\u0159\u00edklad v Mexiku byla diskuse o energetick\u00e9 transformaci pos\u00edlena investicemi do sol\u00e1rn\u00edch a v\u011btrn\u00fdch elektr\u00e1ren na severu zem\u011b.<\/p>\n\n\n\n<p>P\u0159esto\u017ee je regula\u010dn\u00ed r\u00e1mec st\u00e1le p\u0159edm\u011btem diskus\u00ed, instalovan\u00e1 kapacita obnoviteln\u00fdch zdroj\u016f energie nad\u00e1le roste, zejm\u00e9na v soukrom\u00fdch projektech, kter\u00e9 se sna\u017e\u00ed sn\u00ed\u017eit provozn\u00ed n\u00e1klady.<\/p>\n\n\n\n<h2 class=\"wp-block-heading\"><strong>P\u0159\u00edklad 1: Integrace komunity ve venkovsk\u00fdch oblastech<\/strong><\/h2>\n\n\n\n<p>V n\u011bkolika latinskoamerick\u00fdch regionech zav\u00e1d\u011bj\u00ed izolovan\u00e9 komunity sol\u00e1rn\u00ed mikros\u00edt\u011b, aby si zajistily neust\u00e1l\u00fd p\u0159\u00edstup k elekt\u0159in\u011b.<\/p>\n\n\n\n<p>Tento model sni\u017euje z\u00e1vislost na dieselov\u00fdch gener\u00e1torech a umo\u017e\u0148uje \u0161kol\u00e1m, klinik\u00e1m a mal\u00fdm firm\u00e1m provozovat za\u0159\u00edzen\u00ed s v\u011bt\u0161\u00ed stabilitou.<\/p>\n\n\n\n<p>Mikros\u00edt\u011b nav\u00edc podporuj\u00ed energetickou nez\u00e1vislost, co\u017e je z\u00e1sadn\u00ed v\u00fdhoda v oblastech s n\u00edzkou ve\u0159ejnou infrastrukturou.<\/p>\n\n\n\n<h2 class=\"wp-block-heading\"><strong>P\u0159\u00edklad 2: V\u011btrn\u00e9 farmy jako pr\u016fmyslov\u00fd motor<\/strong><\/h2>\n\n\n\n<p>V severn\u00ed Evrop\u011b pos\u00edlila expanze v\u011btrn\u00e9 energie na mo\u0159i pr\u016fmyslov\u00e9 klastry specializuj\u00edc\u00ed se na turb\u00edny, podmo\u0159sk\u00e9 kabely a logistick\u00e9 slu\u017eby.<\/p>\n\n\n\n<p>Mal\u00e9 a st\u0159edn\u00ed podniky na\u0161ly v tomto v\u00fdrobn\u00edm \u0159et\u011bzci p\u0159\u00edle\u017eitosti a uk\u00e1zaly, \u017ee energetick\u00e1 transformace m\u016f\u017ee pos\u00edlit cel\u00e9 regiony a vytvo\u0159it udr\u017eiteln\u00e1 dlouhodob\u00e1 pracovn\u00ed m\u00edsta.<\/p>\n\n\n\n<h2 class=\"wp-block-heading\"><strong>Glob\u00e1ln\u00ed p\u0159\u00edle\u017eitosti do roku 2030<\/strong><\/h2>\n\n\n\n<p>Inovace budou kl\u00ed\u010dov\u00e9 pro dosa\u017een\u00ed klimatick\u00fdch c\u00edl\u016f a roz\u0161\u00ed\u0159en\u00ed pod\u00edlu \u010dist\u00e9 energie. Trval\u00fd r\u016fst se o\u010dek\u00e1v\u00e1 v:<\/p>\n\n\n\n<p>Inteligentn\u00ed s\u00edt\u011b schopn\u00e9 vyva\u017eovat nab\u00eddku a popt\u00e1vku.<\/p>\n\n\n\n<p>Zelen\u00e9 vod\u00edkov\u00e9 technologie pro pr\u016fmyslov\u00e9 procesy.<\/p>\n\n\n\n<p>Zachycov\u00e1n\u00ed a ukl\u00e1d\u00e1n\u00ed uhl\u00edku v odv\u011btv\u00edch, kter\u00e1 je obt\u00ed\u017en\u00e9 dekarbonizovat.<\/p>\n\n\n\n<p>Hybridn\u00ed syst\u00e9my, kter\u00e9 integruj\u00ed baterie, panely a turb\u00edny ve stejn\u00e9m prostoru.<\/p>\n\n\n\n<p>Pokrok v t\u011bchto \u0159e\u0161en\u00edch umo\u017en\u00ed, aby energetick\u00e1 transformace nez\u00e1visela na jedin\u00e9m zdroji, ale na kompletn\u00edm ekosyst\u00e9mu schopn\u00e9m reagovat na po\u017eadavky budoucnosti.<\/p>\n\n\n\n<h2 class=\"wp-block-heading\"><strong>Z\u00e1v\u011br: jasn\u00e1 vize mo\u017en\u00e9 budoucnosti<\/strong><\/h2>\n\n\n\n<p>P\u0159em\u00fd\u0161lejte o <strong>Obnoviteln\u00e9 zdroje energie ve sv\u011bt\u011b: pokroky a v\u00fdzvy pro rok 2030<\/strong> Jde o zamy\u0161len\u00ed nad rozhodnut\u00edmi, kter\u00e1 ji\u017e formuj\u00ed glob\u00e1ln\u00ed ekonomiku a blahobyt.<\/p>\n\n\n\n<p>P\u0159\u00edle\u017eitosti rostou, i kdy\u017e vy\u017eaduj\u00ed pl\u00e1nov\u00e1n\u00ed, investice a spolupr\u00e1ci.<\/p>\n\n\n\n<p>P\u0159echod nebude homogenn\u00ed ani okam\u017eit\u00fd, ale postupuje rychlost\u00ed, kter\u00e1 v historii energetiky ozna\u010duje obdob\u00ed p\u0159ed a po.<\/p>\n\n\n\n<p>V\u00fdzvou nen\u00ed jen vyr\u00e1b\u011bt \u010distou elekt\u0159inu, ale tak\u00e9 vybudovat syst\u00e9my schopn\u00e9 ji udr\u017eet po cel\u00e1 desetilet\u00ed.<\/p>\n\n\n\n<p>\u010ct\u011bte v\u00edce:\u00a0<a href=\"http:\/\/universofamilia.com\/cs\/descubrimientos-cientificos-que-cambiaran-el-futuro\/\">V\u011bdeck\u00e9 objevy, kter\u00e9 zm\u011bn\u00ed budoucnost<\/a><\/p>\n\n\n\n<h2 class=\"wp-block-heading\"><strong>\u010casto kladen\u00e9 ot\u00e1zky<\/strong><\/h2>\n\n\n\n<p><strong>Mohou obnoviteln\u00e9 zdroje energie uspokojit ve\u0161kerou glob\u00e1ln\u00ed popt\u00e1vku?<\/strong><\/p>\n\n\n\n<p><br>Zat\u00edm ne, a\u010dkoli IEA p\u0159edpov\u00edd\u00e1, \u017ee v\u00edce ne\u017e 50% nov\u00e9 celosv\u011btov\u00e9 v\u00fdroby elekt\u0159iny v roce 2030 bude poch\u00e1zet z obnoviteln\u00fdch zdroj\u016f.<\/p>\n\n\n\n<p>Kl\u00ed\u010dov\u00e1 bude technologick\u00e1 kombinace.<\/p>\n\n\n\n<p><strong>Je skladov\u00e1n\u00ed energie dostate\u010dn\u011b spolehliv\u00e9?<\/strong><\/p>\n\n\n\n<p><br>Ano, i kdy\u017e se to neust\u00e1le zlep\u0161uje. Sou\u010dasn\u00e9 baterie nab\u00edzej\u00ed del\u0161\u00ed \u017eivotnost a ni\u017e\u0161\u00ed n\u00e1klady a nov\u00e9 vod\u00edkov\u00e9 syst\u00e9my by tuto schopnost mohly doplnit.<\/p>\n\n\n\n<p><strong>Zvy\u0161uje energetick\u00e1 transformace ceny elekt\u0159iny?<\/strong><\/p>\n\n\n\n<p><br>Z\u00e1le\u017e\u00ed na zemi. V mnoha p\u0159\u00edpadech obnoviteln\u00e9 zdroje sni\u017euj\u00ed n\u00e1klady ve st\u0159edn\u011bdob\u00e9m horizontu, proto\u017ee si udr\u017euj\u00ed stabiln\u011bj\u0161\u00ed tarify ve srovn\u00e1n\u00ed s fosiln\u00edmi palivy.<\/p>\n\n\n\n<p><strong>Mohou rozvojov\u00e9 zem\u011b rychle zav\u00e9st \u010distou energii?<\/strong><\/p>\n\n\n\n<p><br>Mohou to ud\u011blat, zejm\u00e9na v regionech s vysok\u00fdm slune\u010dn\u00edm z\u00e1\u0159en\u00edm nebo neust\u00e1l\u00fdm v\u011btrem. Mus\u00ed v\u0161ak modernizovat s\u00edt\u011b a zav\u00e9st jasn\u00e9 regula\u010dn\u00ed r\u00e1mce.<\/p>","protected":false},"excerpt":{"rendered":"<p>Zah\u00e1jen\u00ed up\u0159\u00edmn\u00e9 diskuse o obnoviteln\u00e9 energii na cel\u00e9m sv\u011bt\u011b \u2013 pokroku a v\u00fdzv\u00e1ch pro rok 2030 \u2013 znamen\u00e1 uznat, \u017ee se ji\u017e nejedn\u00e1 o futuristickou my\u0161lenku, ale o glob\u00e1ln\u00ed prioritu. Ne\u017e se do toho pono\u0159\u00edme hloub\u011bji, je u\u017eite\u010dn\u00e9 stru\u010dn\u00e9 shrnut\u00ed. Co tato transformace obn\u00e1\u0161\u00ed? Jak\u00e9 jsou jej\u00ed nejv\u00fdznamn\u011bj\u0161\u00ed pokroky? Jak\u00e9 p\u0159etrv\u00e1vaj\u00ed p\u0159ek\u00e1\u017eky? Jak\u00e9 jsou n\u011bkter\u00e9 relevantn\u00ed statistiky? Existuj\u00ed dva aktu\u00e1ln\u00ed p\u0159\u00edklady? [\u2026]<\/p>","protected":false},"author":219,"featured_media":10358,"comment_status":"closed","ping_status":"open","sticky":false,"template":"","format":"standard","meta":{"footnotes":""},"categories":[4],"tags":[],"yoast_head":"<!-- This site is optimized with the Yoast SEO plugin v23.3 - https:\/\/yoast.com\/wordpress\/plugins\/seo\/ -->\n<title>Energ\u00edas renovables en el mundo: avances y desaf\u00edos para 2030 - Universo Fam\u00edlia<\/title>\n<meta name=\"description\" content=\"Iniciar una conversaci\u00f3n honesta sobre Energ\u00edas renovables en el mundo: avances y desaf\u00edos para 2030 significa asumir que ya no son una...\" \/>\n<meta name=\"robots\" content=\"index, follow, max-snippet:-1, max-image-preview:large, max-video-preview:-1\" \/>\n<link rel=\"canonical\" href=\"http:\/\/universofamilia.com\/cs\/energias-renovables-en-el-mundo-avances-y-desafios-para-2030\/\" \/>\n<meta property=\"og:locale\" content=\"cs_CZ\" \/>\n<meta property=\"og:type\" content=\"article\" \/>\n<meta property=\"og:title\" content=\"Energ\u00edas renovables en el mundo: avances y desaf\u00edos para 2030 - Universo Fam\u00edlia\" \/>\n<meta property=\"og:description\" content=\"Iniciar una conversaci\u00f3n honesta sobre Energ\u00edas renovables en el mundo: avances y desaf\u00edos para 2030 significa asumir que ya no son una...\" \/>\n<meta property=\"og:url\" content=\"http:\/\/universofamilia.com\/cs\/energias-renovables-en-el-mundo-avances-y-desafios-para-2030\/\" \/>\n<meta property=\"og:site_name\" content=\"Universo Fam\u00edlia\" \/>\n<meta property=\"article:published_time\" content=\"2025-11-20T22:32:48+00:00\" \/>\n<meta property=\"article:modified_time\" content=\"2025-11-20T22:32:51+00:00\" \/>\n<meta property=\"og:image\" content=\"http:\/\/universofamilia.com\/wp-content\/uploads\/sites\/148\/2025\/11\/Destaque-Novo-Universo-5.jpg\" \/>\n\t<meta property=\"og:image:width\" content=\"450\" \/>\n\t<meta property=\"og:image:height\" content=\"250\" \/>\n\t<meta property=\"og:image:type\" content=\"image\/jpeg\" \/>\n<meta name=\"author\" content=\"Matheus Sangaletti\" \/>\n<meta name=\"twitter:card\" content=\"summary_large_image\" \/>\n<meta name=\"twitter:label1\" content=\"Written by\" \/>\n\t<meta name=\"twitter:data1\" content=\"Matheus Sangaletti\" \/>\n\t<meta name=\"twitter:label2\" content=\"Est. reading time\" \/>\n\t<meta name=\"twitter:data2\" content=\"8 minut\" \/>\n<script type=\"application\/ld+json\" class=\"yoast-schema-graph\">{\"@context\":\"https:\/\/schema.org\",\"@graph\":[{\"@type\":\"WebPage\",\"@id\":\"http:\/\/universofamilia.com\/ar\/energias-renovables-en-el-mundo-avances-y-desafios-para-2030\/\",\"url\":\"http:\/\/universofamilia.com\/ar\/energias-renovables-en-el-mundo-avances-y-desafios-para-2030\/\",\"name\":\"Energ\u00edas renovables en el mundo: avances y desaf\u00edos para 2030 - Universo Fam\u00edlia\",\"isPartOf\":{\"@id\":\"https:\/\/universofamilia.com\/el\/#website\"},\"primaryImageOfPage\":{\"@id\":\"http:\/\/universofamilia.com\/ar\/energias-renovables-en-el-mundo-avances-y-desafios-para-2030\/#primaryimage\"},\"image\":{\"@id\":\"http:\/\/universofamilia.com\/ar\/energias-renovables-en-el-mundo-avances-y-desafios-para-2030\/#primaryimage\"},\"thumbnailUrl\":\"http:\/\/universofamilia.com\/wp-content\/uploads\/sites\/148\/2025\/11\/Destaque-Novo-Universo-5.jpg\",\"datePublished\":\"2025-11-20T22:32:48+00:00\",\"dateModified\":\"2025-11-20T22:32:51+00:00\",\"author\":{\"@id\":\"https:\/\/universofamilia.com\/el\/#\/schema\/person\/92fcd07e9b1f4323bf74f3170fc0f78a\"},\"description\":\"Iniciar una conversaci\u00f3n honesta sobre Energ\u00edas renovables en el mundo: avances y desaf\u00edos para 2030 significa asumir que ya no son una...\",\"breadcrumb\":{\"@id\":\"http:\/\/universofamilia.com\/ar\/energias-renovables-en-el-mundo-avances-y-desafios-para-2030\/#breadcrumb\"},\"inLanguage\":\"cs\",\"potentialAction\":[{\"@type\":\"ReadAction\",\"target\":[\"http:\/\/universofamilia.com\/ar\/energias-renovables-en-el-mundo-avances-y-desafios-para-2030\/\"]}]},{\"@type\":\"ImageObject\",\"inLanguage\":\"cs\",\"@id\":\"http:\/\/universofamilia.com\/ar\/energias-renovables-en-el-mundo-avances-y-desafios-para-2030\/#primaryimage\",\"url\":\"http:\/\/universofamilia.com\/wp-content\/uploads\/sites\/148\/2025\/11\/Destaque-Novo-Universo-5.jpg\",\"contentUrl\":\"http:\/\/universofamilia.com\/wp-content\/uploads\/sites\/148\/2025\/11\/Destaque-Novo-Universo-5.jpg\",\"width\":450,\"height\":250},{\"@type\":\"BreadcrumbList\",\"@id\":\"http:\/\/universofamilia.com\/ar\/energias-renovables-en-el-mundo-avances-y-desafios-para-2030\/#breadcrumb\",\"itemListElement\":[{\"@type\":\"ListItem\",\"position\":1,\"name\":\"Home\",\"item\":\"https:\/\/universofamilia.com\/el\/\"},{\"@type\":\"ListItem\",\"position\":2,\"name\":\"Energ\u00edas renovables en el mundo: avances y desaf\u00edos para 2030\"}]},{\"@type\":\"WebSite\",\"@id\":\"https:\/\/universofamilia.com\/el\/#website\",\"url\":\"https:\/\/universofamilia.com\/el\/\",\"name\":\"Universo Fam\u00edlia\",\"description\":\"\",\"potentialAction\":[{\"@type\":\"SearchAction\",\"target\":{\"@type\":\"EntryPoint\",\"urlTemplate\":\"https:\/\/universofamilia.com\/el\/?s={search_term_string}\"},\"query-input\":\"required name=search_term_string\"}],\"inLanguage\":\"cs\"},{\"@type\":\"Person\",\"@id\":\"https:\/\/universofamilia.com\/el\/#\/schema\/person\/92fcd07e9b1f4323bf74f3170fc0f78a\",\"name\":\"Matheus Sangaletti\",\"image\":{\"@type\":\"ImageObject\",\"inLanguage\":\"cs\",\"@id\":\"https:\/\/universofamilia.com\/el\/#\/schema\/person\/image\/\",\"url\":\"http:\/\/2.gravatar.com\/avatar\/280ea957a14a48e6a1ad2133d2cc27c9?s=96&d=mm&r=g\",\"contentUrl\":\"http:\/\/2.gravatar.com\/avatar\/280ea957a14a48e6a1ad2133d2cc27c9?s=96&d=mm&r=g\",\"caption\":\"Matheus Sangaletti\"},\"url\":\"http:\/\/universofamilia.com\/cs\/author\/matheuss\/\"}]}<\/script>\n<!-- \/ Yoast SEO plugin. -->","yoast_head_json":{"title":"Energ\u00edas renovables en el mundo: avances y desaf\u00edos para 2030 - Universo Fam\u00edlia","description":"Iniciar una conversaci\u00f3n honesta sobre Energ\u00edas renovables en el mundo: avances y desaf\u00edos para 2030 significa asumir que ya no son una...","robots":{"index":"index","follow":"follow","max-snippet":"max-snippet:-1","max-image-preview":"max-image-preview:large","max-video-preview":"max-video-preview:-1"},"canonical":"http:\/\/universofamilia.com\/cs\/energias-renovables-en-el-mundo-avances-y-desafios-para-2030\/","og_locale":"cs_CZ","og_type":"article","og_title":"Energ\u00edas renovables en el mundo: avances y desaf\u00edos para 2030 - Universo Fam\u00edlia","og_description":"Iniciar una conversaci\u00f3n honesta sobre Energ\u00edas renovables en el mundo: avances y desaf\u00edos para 2030 significa asumir que ya no son una...","og_url":"http:\/\/universofamilia.com\/cs\/energias-renovables-en-el-mundo-avances-y-desafios-para-2030\/","og_site_name":"Universo Fam\u00edlia","article_published_time":"2025-11-20T22:32:48+00:00","article_modified_time":"2025-11-20T22:32:51+00:00","og_image":[{"width":450,"height":250,"url":"http:\/\/universofamilia.com\/wp-content\/uploads\/sites\/148\/2025\/11\/Destaque-Novo-Universo-5.jpg","type":"image\/jpeg"}],"author":"Matheus Sangaletti","twitter_card":"summary_large_image","twitter_misc":{"Written by":"Matheus Sangaletti","Est. reading time":"8 minut"},"schema":{"@context":"https:\/\/schema.org","@graph":[{"@type":"WebPage","@id":"http:\/\/universofamilia.com\/ar\/energias-renovables-en-el-mundo-avances-y-desafios-para-2030\/","url":"http:\/\/universofamilia.com\/ar\/energias-renovables-en-el-mundo-avances-y-desafios-para-2030\/","name":"Energ\u00edas renovables en el mundo: avances y desaf\u00edos para 2030 - Universo Fam\u00edlia","isPartOf":{"@id":"https:\/\/universofamilia.com\/el\/#website"},"primaryImageOfPage":{"@id":"http:\/\/universofamilia.com\/ar\/energias-renovables-en-el-mundo-avances-y-desafios-para-2030\/#primaryimage"},"image":{"@id":"http:\/\/universofamilia.com\/ar\/energias-renovables-en-el-mundo-avances-y-desafios-para-2030\/#primaryimage"},"thumbnailUrl":"http:\/\/universofamilia.com\/wp-content\/uploads\/sites\/148\/2025\/11\/Destaque-Novo-Universo-5.jpg","datePublished":"2025-11-20T22:32:48+00:00","dateModified":"2025-11-20T22:32:51+00:00","author":{"@id":"https:\/\/universofamilia.com\/el\/#\/schema\/person\/92fcd07e9b1f4323bf74f3170fc0f78a"},"description":"Iniciar una conversaci\u00f3n honesta sobre Energ\u00edas renovables en el mundo: avances y desaf\u00edos para 2030 significa asumir que ya no son una...","breadcrumb":{"@id":"http:\/\/universofamilia.com\/ar\/energias-renovables-en-el-mundo-avances-y-desafios-para-2030\/#breadcrumb"},"inLanguage":"cs","potentialAction":[{"@type":"ReadAction","target":["http:\/\/universofamilia.com\/ar\/energias-renovables-en-el-mundo-avances-y-desafios-para-2030\/"]}]},{"@type":"ImageObject","inLanguage":"cs","@id":"http:\/\/universofamilia.com\/ar\/energias-renovables-en-el-mundo-avances-y-desafios-para-2030\/#primaryimage","url":"http:\/\/universofamilia.com\/wp-content\/uploads\/sites\/148\/2025\/11\/Destaque-Novo-Universo-5.jpg","contentUrl":"http:\/\/universofamilia.com\/wp-content\/uploads\/sites\/148\/2025\/11\/Destaque-Novo-Universo-5.jpg","width":450,"height":250},{"@type":"BreadcrumbList","@id":"http:\/\/universofamilia.com\/ar\/energias-renovables-en-el-mundo-avances-y-desafios-para-2030\/#breadcrumb","itemListElement":[{"@type":"ListItem","position":1,"name":"Home","item":"https:\/\/universofamilia.com\/el\/"},{"@type":"ListItem","position":2,"name":"Energ\u00edas renovables en el mundo: avances y desaf\u00edos para 2030"}]},{"@type":"WebSite","@id":"https:\/\/universofamilia.com\/el\/#website","url":"https:\/\/universofamilia.com\/el\/","name":"Universo Fam\u00edlia","description":"","potentialAction":[{"@type":"SearchAction","target":{"@type":"EntryPoint","urlTemplate":"https:\/\/universofamilia.com\/el\/?s={search_term_string}"},"query-input":"required name=search_term_string"}],"inLanguage":"cs"},{"@type":"Person","@id":"https:\/\/universofamilia.com\/el\/#\/schema\/person\/92fcd07e9b1f4323bf74f3170fc0f78a","name":"Matheus Sangaletti","image":{"@type":"ImageObject","inLanguage":"cs","@id":"https:\/\/universofamilia.com\/el\/#\/schema\/person\/image\/","url":"http:\/\/2.gravatar.com\/avatar\/280ea957a14a48e6a1ad2133d2cc27c9?s=96&d=mm&r=g","contentUrl":"http:\/\/2.gravatar.com\/avatar\/280ea957a14a48e6a1ad2133d2cc27c9?s=96&d=mm&r=g","caption":"Matheus Sangaletti"},"url":"http:\/\/universofamilia.com\/cs\/author\/matheuss\/"}]}},"_links":{"self":[{"href":"http:\/\/universofamilia.com\/cs\/wp-json\/wp\/v2\/posts\/10357"}],"collection":[{"href":"http:\/\/universofamilia.com\/cs\/wp-json\/wp\/v2\/posts"}],"about":[{"href":"http:\/\/universofamilia.com\/cs\/wp-json\/wp\/v2\/types\/post"}],"author":[{"embeddable":true,"href":"http:\/\/universofamilia.com\/cs\/wp-json\/wp\/v2\/users\/219"}],"replies":[{"embeddable":true,"href":"http:\/\/universofamilia.com\/cs\/wp-json\/wp\/v2\/comments?post=10357"}],"version-history":[{"count":1,"href":"http:\/\/universofamilia.com\/cs\/wp-json\/wp\/v2\/posts\/10357\/revisions"}],"predecessor-version":[{"id":10361,"href":"http:\/\/universofamilia.com\/cs\/wp-json\/wp\/v2\/posts\/10357\/revisions\/10361"}],"wp:featuredmedia":[{"embeddable":true,"href":"http:\/\/universofamilia.com\/cs\/wp-json\/wp\/v2\/media\/10358"}],"wp:attachment":[{"href":"http:\/\/universofamilia.com\/cs\/wp-json\/wp\/v2\/media?parent=10357"}],"wp:term":[{"taxonomy":"category","embeddable":true,"href":"http:\/\/universofamilia.com\/cs\/wp-json\/wp\/v2\/categories?post=10357"},{"taxonomy":"post_tag","embeddable":true,"href":"http:\/\/universofamilia.com\/cs\/wp-json\/wp\/v2\/tags?post=10357"}],"curies":[{"name":"wp","href":"https:\/\/api.w.org\/{rel}","templated":true}]}}