{"id":10390,"date":"2025-11-21T16:03:00","date_gmt":"2025-11-21T19:03:00","guid":{"rendered":"https:\/\/universofamilia.com\/?p=10390"},"modified":"2025-11-21T16:03:03","modified_gmt":"2025-11-21T19:03:03","slug":"paises-lideres-en-energia-solar-y-eolica","status":"publish","type":"post","link":"http:\/\/universofamilia.com\/cs\/paises-lideres-en-energia-solar-y-eolica\/","title":{"rendered":"P\u0159edn\u00ed zem\u011b v oblasti sol\u00e1rn\u00ed a v\u011btrn\u00e9 energie"},"content":{"rendered":"<p class=\"has-text-align-center\">Ve sv\u011bt\u011b, kter\u00fd se sna\u017e\u00ed urychlit p\u0159echod na \u010dist\u00e9 a udr\u017eiteln\u00e9 zdroje energie, <strong>p\u0159edn\u00ed zem\u011b v oblasti sol\u00e1rn\u00ed a v\u011btrn\u00e9 energie<\/strong> St\u00e1vaj\u00ed se inspirativn\u00edmi vzory.<\/p>\n\n\n\n<figure class=\"wp-block-gallery aligncenter has-nested-images columns-default is-cropped wp-block-gallery-1 is-layout-flex wp-block-gallery-is-layout-flex\">\n<figure class=\"wp-block-image size-full\"><img loading=\"lazy\" decoding=\"async\" width=\"450\" height=\"250\" data-id=\"10392\" src=\"https:\/\/universofamilia.com\/wp-content\/uploads\/sites\/148\/2025\/11\/Destaque-Novo-Universo-2-4.jpg\" alt=\"\" class=\"wp-image-10392\" srcset=\"http:\/\/universofamilia.com\/wp-content\/uploads\/sites\/148\/2025\/11\/Destaque-Novo-Universo-2-4.jpg 450w, http:\/\/universofamilia.com\/wp-content\/uploads\/sites\/148\/2025\/11\/Destaque-Novo-Universo-2-4-300x167.jpg 300w, http:\/\/universofamilia.com\/wp-content\/uploads\/sites\/148\/2025\/11\/Destaque-Novo-Universo-2-4-18x10.jpg 18w\" sizes=\"(max-width: 450px) 100vw, 450px\" \/><figcaption class=\"wp-element-caption\">Canva<\/figcaption><\/figure>\n<\/figure>\n\n\n\n<p class=\"has-text-align-center\">Tento \u010dl\u00e1nek zkoum\u00e1, o kter\u00e9 n\u00e1rody se jedn\u00e1, jak dos\u00e1hly sv\u00e9ho postaven\u00ed, jak\u00e9 strategie pou\u017e\u00edvaj\u00ed a pro\u010d je jejich pokrok z\u00e1sadn\u00ed pro energetickou budoucnost.<\/p>\n\n\n\n<p>Zde je stru\u010dn\u00e9 shrnut\u00ed:<\/p>\n\n\n\n<p><strong>Shrnut\u00ed:<\/strong><\/p>\n\n\n\n<p>Glob\u00e1ln\u00ed p\u0159ehled sol\u00e1rn\u00ed a v\u011btrn\u00e9 energie<\/p>\n\n\n\n<p>P\u0159edn\u00ed zem\u011b<\/p>\n\n\n\n<p>B\u011b\u017en\u00e9 faktory \u00fasp\u011bchu a strategie<\/p>\n\n\n\n<p>V\u00fdzvy, kter\u00fdm \u010del\u00ed<\/p>\n\n\n\n<p>Co se od nich m\u016f\u017eeme nau\u010dit?<\/p>\n\n\n\n<p>\u010casto kladen\u00e9 ot\u00e1zky<\/p>\n\n\n\n<h2 class=\"wp-block-heading\">Glob\u00e1ln\u00ed p\u0159ehled: revoluce v oblasti obnoviteln\u00fdch zdroj\u016f energie<\/h2>\n\n\n\n<p>Popt\u00e1vka po \u010dist\u00e9 elekt\u0159in\u011b nebyla nikdy vy\u0161\u0161\u00ed.<\/p>\n\n\n\n<p>V roce 2024 sv\u011bt p\u0159idal <strong>550 GW<\/strong> nov\u00e9 sol\u00e1rn\u00ed fotovoltaick\u00e9 kapacity, co\u017e zv\u00fd\u0161ilo celosv\u011btovou instalovanou kapacitu na p\u0159ibli\u017en\u011b <strong>2,2 TW<\/strong>, podle Mezin\u00e1rodn\u00ed energetick\u00e9 agentury.<\/p>\n\n\n\n<p><br>V\u011btrn\u00e1 energie nav\u00edc v roce 2023 za\u017eila rekordn\u00ed rok, kdy <strong>116 GW<\/strong> byly instalov\u00e1ny dal\u0161\u00ed, uv\u00e1d\u00ed zpr\u00e1va Glob\u00e1ln\u00ed rady pro v\u011btrnou energii.<\/p>\n\n\n\n<p>Tato \u010d\u00edsla zd\u016fraz\u0148uj\u00ed jasn\u00fd trend: r\u016fst obnoviteln\u00fdch zdroj\u016f energie, zejm\u00e9na sol\u00e1rn\u00ed a v\u011btrn\u00e9 energie, dosahuje neb\u00fdval\u00e9ho rozsahu.<\/p>\n\n\n\n<h2 class=\"wp-block-heading\">Kdo jsou <strong>p\u0159edn\u00ed zem\u011b v oblasti sol\u00e1rn\u00ed a v\u011btrn\u00e9 energie<\/strong>?<\/h2>\n\n\n\n<p>Zde uv\u00e1d\u00edme n\u011bkter\u00e9 z hlavn\u00edch n\u00e1rod\u016f:<\/p>\n\n\n\n<h3 class=\"wp-block-heading\">1. <strong>\u010c\u00edna<\/strong><\/h3>\n\n\n\n<p>\u010c\u00edna v obou zdroj\u00edch jasn\u011b vede.<\/p>\n\n\n\n<p>Instalovan\u00fd v\u00fdkon sol\u00e1rn\u00ed energie dos\u00e1hl <strong>887,930 MW<\/strong> do konce roku 2024.<\/p>\n\n\n\n<p>Ve v\u011btrn\u00e9 energii to p\u0159id\u00e1v\u00e1 <strong>521,746 MW<\/strong> instalovan\u00fdch turb\u00edn, co\u017e ji \u0159ad\u00ed na m\u00edsto n\u00e1roda s nejvy\u0161\u0161\u00edm instalovan\u00fdm v\u00fdkonem na sv\u011bt\u011b.<\/p>\n\n\n\n<p>Nav\u00edc podle Global Energy Monitor t\u00e9m\u011b\u0159 <strong>74 % v\u0161ech sol\u00e1rn\u00edch a v\u011btrn\u00fdch projekt\u016f ve v\u00fdstavb\u011b po cel\u00e9m sv\u011bt\u011b<\/strong> Jsou v \u010c\u00edn\u011b.<\/p>\n\n\n\n<p>Rozsah jejich z\u00e1vazku je srovnateln\u00fd s v\u00fdstavbou stovek jadern\u00fdch elektr\u00e1ren rok co rok.<\/p>\n\n\n\n<p>Toto srovn\u00e1n\u00ed zn\u00ed jako analogie:<\/p>\n\n\n\n<p>Je to, jako by asijsk\u00fd gigant budoval \u201eenergetickou arm\u00e1du\u201c slo\u017eenou z panel\u016f a turb\u00edn a nahrazoval star\u00e9 voj\u00e1ky z fosiln\u00edch paliv obnoviteln\u00fdmi silami.<\/p>\n\n\n\n<h3 class=\"wp-block-heading\">2. <strong>USA<\/strong><\/h3>\n\n\n\n<p>M\u00e1 to kolem <strong>177 470 MW<\/strong> instalovan\u00e9 sol\u00e1rn\u00ed kapacity.<\/p>\n\n\n\n<p>U v\u011btrn\u00e9 energie se to s\u010d\u00edt\u00e1 <strong>153,152 MW<\/strong> podle \u00fadaj\u016f z roku 2024.<\/p>\n\n\n\n<p>P\u0159esto\u017ee byl r\u016fst v\u011btrn\u00e9 energie v posledn\u00ed dob\u011b m\u00edrn\u011bj\u0161\u00ed, z\u016fst\u00e1v\u00e1 kl\u00ed\u010dovou silou v transformaci.<\/p>\n\n\n\n<h3 class=\"wp-block-heading\">3. <strong>Indie<\/strong><\/h3>\n\n\n\n<p>Nainstalov\u00e1no <strong>97,384 MW<\/strong> sol\u00e1rn\u00ed kapacita podle nejnov\u011bj\u0161\u00edch \u00fadaj\u016f.<\/p>\n\n\n\n<p>V oblasti v\u011btrn\u00e9 energie tak\u00e9 do\u0161lo k r\u016fstu: podle zpr\u00e1v spole\u010dnosti Visual Capitalist a energetick\u00fdch zpr\u00e1v je to jedna z p\u011bti zem\u00ed s celkovou kapacitou.<\/p>\n\n\n\n<p>Podle Embera Indie v roce 2024 dokonce p\u0159ekonala N\u011bmecko jako kombinovan\u00fd v\u00fdrobce sol\u00e1rn\u00ed a v\u011btrn\u00e9 energie.<\/p>\n\n\n\n<h3 class=\"wp-block-heading\">4. <strong>N\u011bmecko<\/strong><\/h3>\n\n\n\n<p>M\u00e1 <strong>89,943 MW<\/strong> sol\u00e1rn\u00edch panel\u016f instalovan\u00fdch na konci roku 2024.<\/p>\n\n\n\n<p>V oblasti v\u011btrn\u00e9 energie pat\u0159\u00ed N\u011bmecko tak\u00e9 k l\u00eddr\u016fm s v\u00edce ne\u017e <strong>70 000 MW<\/strong>. <\/p>\n\n\n\n<p>Jeho vedouc\u00ed postaven\u00ed v Evrop\u011b je d\u00e1no p\u0159\u00edznivou politikou, podp\u016frn\u00fdmi syst\u00e9my a vysok\u00fdm spole\u010densk\u00fdm z\u00e1vazkem k energetick\u00e9 transformaci.<\/p>\n\n\n\n<h3 class=\"wp-block-heading\">5. <strong>Braz\u00edlie<\/strong><\/h3>\n\n\n\n<p>Zpr\u00e1vy ukazuj\u00ed, \u017ee Braz\u00edlie zaznamenala v oblasti sol\u00e1rn\u00ed energie v\u00fdrazn\u00fd r\u016fst <strong>53,113 MW<\/strong> nainstalov\u00e1no.<\/p>\n\n\n\n<p>V oblasti v\u011btrn\u00e9 energie dosahuje tak\u00e9 siln\u00e9ho pokroku, zejm\u00e9na v severov\u00fdchodn\u00ed oblasti, kde jsou v\u011btrn\u00e9 podm\u00ednky velmi p\u0159\u00edzniv\u00e9.<\/p>\n\n\n\n<h3 class=\"wp-block-heading\">Srovn\u00e1vac\u00ed tabulka instalovan\u00e9ho v\u00fdkonu (sol\u00e1rn\u00ed a v\u011btrn\u00e1 energie, p\u0159ibli\u017en\u011b 2024)<\/h3>\n\n\n\n<figure class=\"wp-block-table\"><table><thead><tr><th>Zem\u011b<\/th><th>Sol\u00e1rn\u00ed kapacita (MW)<\/th><th>Kapacita v\u011btrn\u00e9 energie (MW)<\/th><\/tr><\/thead><tbody><tr><td>\u010c\u00edna<\/td><td>887 930<\/td><td>521 746<\/td><\/tr><tr><td>USA<\/td><td>177 470<\/td><td>153 152<\/td><\/tr><tr><td>Indie<\/td><td>97 384<\/td><td>~45 000 <em>podle historick\u00e9ho r\u016fstu<\/em><\/td><\/tr><tr><td>N\u011bmecko<\/td><td>89 943<\/td><td>72 823<\/td><\/tr><tr><td>Braz\u00edlie<\/td><td>53 113<\/td><td>32 959<\/td><\/tr><\/tbody><\/table><figcaption class=\"wp-element-caption\">P\u0159edn\u00ed zem\u011b v oblasti sol\u00e1rn\u00ed a v\u011btrn\u00e9 energie<\/figcaption><\/figure>\n\n\n\n<figure class=\"wp-block-gallery aligncenter has-nested-images columns-default is-cropped wp-block-gallery-2 is-layout-flex wp-block-gallery-is-layout-flex\">\n<figure class=\"wp-block-image size-full\"><img loading=\"lazy\" decoding=\"async\" width=\"450\" height=\"250\" data-id=\"10393\" src=\"https:\/\/universofamilia.com\/wp-content\/uploads\/sites\/148\/2025\/11\/Destaque-Novo-Universo-3-2.jpg\" alt=\"\" class=\"wp-image-10393\" srcset=\"http:\/\/universofamilia.com\/wp-content\/uploads\/sites\/148\/2025\/11\/Destaque-Novo-Universo-3-2.jpg 450w, http:\/\/universofamilia.com\/wp-content\/uploads\/sites\/148\/2025\/11\/Destaque-Novo-Universo-3-2-300x167.jpg 300w, http:\/\/universofamilia.com\/wp-content\/uploads\/sites\/148\/2025\/11\/Destaque-Novo-Universo-3-2-18x10.jpg 18w\" sizes=\"(max-width: 450px) 100vw, 450px\" \/><figcaption class=\"wp-element-caption\">Canva<\/figcaption><\/figure>\n<\/figure>\n\n\n\n<p>\u010ct\u011bte v\u00edce:\u00a0<a href=\"http:\/\/universofamilia.com\/cs\/descubrimientos-cientificos-que-cambiaran-el-futuro\/\">V\u011bdeck\u00e9 objevy, kter\u00e9 zm\u011bn\u00ed budoucnost<\/a><\/p>\n\n\n\n<h2 class=\"wp-block-heading\">Co je d\u011bl\u00e1 tak \u00fasp\u011b\u0161n\u00fdmi? Faktory \u00fasp\u011bchu<\/h2>\n\n\n\n<p>P\u0159i anal\u00fdze t\u011bchto <strong>p\u0159edn\u00ed zem\u011b v oblasti sol\u00e1rn\u00ed a v\u011btrn\u00e9 energie<\/strong>Objevuje se n\u011bkolik spole\u010dn\u00fdch faktor\u016f, kter\u00e9 vysv\u011btluj\u00ed jejich \u00fasp\u011bch:<\/p>\n\n\n\n<p><strong>Ambici\u00f3zn\u00ed investice<\/strong><\/p>\n\n\n\n<p>Nap\u0159\u00edklad \u010c\u00edna nejen stav\u00ed ve velk\u00e9m m\u011b\u0159\u00edtku, ale d\u011bl\u00e1 to velmi rychle a p\u0159ekra\u010duje c\u00edle stanoven\u00e9 pro rok 2030 ji\u017e v roce 2024. <\/p>\n\n\n\n<p><strong>Podp\u016frn\u00e9 politiky a jasn\u00e9 p\u0159edpisy<\/strong><\/p>\n\n\n\n<p>N\u011bmecko a Spojen\u00e9 st\u00e1ty zavedly pob\u00eddky, aukce obnoviteln\u00e9 energie a pr\u00e1vn\u00ed r\u00e1mce, kter\u00e9 podporuj\u00ed \u00fa\u010dast soukrom\u00e9ho sektoru.<\/p>\n\n\n\n<p><strong>Technologick\u00e1 infrastruktura<\/strong><\/p>\n\n\n\n<p>V\u00fdstavba tov\u00e1ren na sol\u00e1rn\u00ed panely a v\u011btrn\u00e9 turb\u00edny spolu s efektivn\u00edmi p\u0159enosov\u00fdmi s\u00edt\u011bmi umo\u017e\u0148uje rychl\u00e9 nasazen\u00ed kapacity:<\/p>\n\n\n\n<p>\u010c\u00edna dokonce vyr\u00e1b\u00ed velkou \u010d\u00e1st za\u0159\u00edzen\u00ed instalovan\u00e9ho po cel\u00e9m sv\u011bt\u011b.<\/p>\n\n\n\n<p><strong>Soci\u00e1ln\u00ed a environment\u00e1ln\u00ed z\u00e1vazek<\/strong><\/p>\n\n\n\n<p>V mnoha p\u0159\u00edpadech si spole\u010dnosti a vl\u00e1dy uv\u011bdomuj\u00ed, \u017ee transformace se net\u00fdk\u00e1 jen energie, ale tak\u00e9 prosperity, energetick\u00e9 nez\u00e1vislosti a odolnosti v\u016f\u010di zm\u011bn\u011b klimatu.<\/p>\n\n\n\n<h2 class=\"wp-block-heading\">V\u00fdzvy na obzoru<\/h2>\n\n\n\n<p>Navzdory sv\u00e9mu vedouc\u00edmu postaven\u00ed \u010del\u00ed tyto zem\u011b tak\u00e9 slo\u017eit\u00fdm v\u00fdzv\u00e1m:<\/p>\n\n\n\n<p><strong>Integrace do elektrick\u00e9 s\u00edt\u011b<\/strong>Nasazen\u00ed gigawatt\u016f je jedna v\u011bc; zaji\u0161t\u011bn\u00ed efektivn\u00ed distribuce a skladov\u00e1n\u00ed t\u00e9to energie je v\u011bc druh\u00e1.<\/p>\n\n\n\n<p><strong>Variabilita klimatu<\/strong>Slunce i v\u00edtr kol\u00edsaj\u00ed, co\u017e vy\u017eaduje \u0159e\u0161en\u00ed, jako je masivn\u00ed \u00falo\u017ei\u0161t\u011b nebo integrace s jin\u00fdmi \u010dist\u00fdmi zdroji.<\/p>\n\n\n\n<p><strong>Soci\u00e1ln\u00ed p\u0159ijet\u00ed<\/strong>Nen\u00ed v\u017edy snadn\u00e9 budovat velk\u00e9 projekty v oblasti obnoviteln\u00fdch zdroj\u016f energie; m\u016f\u017ee existovat m\u00edstn\u00ed odpor kv\u016fli vyu\u017eit\u00ed p\u016fdy, krajin\u011b a dopadu na \u017eivotn\u00ed prost\u0159ed\u00ed.<\/p>\n\n\n\n<p><strong>Dlouhodob\u00e9 financov\u00e1n\u00ed<\/strong>Stavba je drah\u00e1, ale provoz, \u00fadr\u017eba a modernizace vy\u017eaduj\u00ed tak\u00e9 pr\u016fb\u011b\u017en\u00e9 kapit\u00e1lov\u00e9 investice.<\/p>\n\n\n\n<h2 class=\"wp-block-heading\">Jak\u00e9 ponau\u010den\u00ed si m\u016f\u017eeme vz\u00edt od jin\u00fdch zem\u00ed nebo spole\u010dnost\u00ed?<\/h2>\n\n\n\n<p><strong>Dlouhodob\u00e1 vize:<\/strong> V\u016fdci se prom\u00edtaj\u00ed do budoucnosti o des\u00edtky let; jejich z\u00e1vazek nen\u00ed do\u010dasn\u00fd.<\/p>\n\n\n\n<p><strong>Diverzifikace obnoviteln\u00fdch zdroj\u016f:<\/strong> Kombinace sol\u00e1rn\u00ed a v\u011btrn\u00e9 energie umo\u017e\u0148uje vyv\u00e1\u017eenou v\u00fdrobu energie.<\/p>\n\n\n\n<p><strong>Investice do lid\u00ed a technologi\u00ed:<\/strong> Nejde jen o panely nebo turb\u00edny, ale o odborn\u00edky, v\u00fdzkum, infrastrukturu a hodnotov\u00fd \u0159et\u011bzec.<\/p>\n\n\n\n<p><strong>Mezin\u00e1rodn\u00ed spolupr\u00e1ce:<\/strong> Spolupr\u00e1ce s dal\u0161\u00edmi zem\u011bmi na sd\u00edlen\u00ed technologi\u00ed, financov\u00e1n\u00ed a znalost\u00ed urychluje spole\u010dn\u00fd pokrok.<\/p>\n\n\n\n<p>Nap\u0159\u00edklad mal\u00e1 zem\u011b s dostatkem slune\u010dn\u00edho svitu, ale bez rozvinut\u00fdch technologick\u00fdch kapacit, by se mohla spojit s l\u00eddrem, jako je \u010c\u00edna nebo N\u011bmecko, a urychlit tak zav\u00e1d\u011bn\u00ed vlastn\u00edch obnoviteln\u00fdch zdroj\u016f energie (prvn\u00ed p\u016fvodn\u00ed p\u0159\u00edklad).<\/p>\n\n\n\n<p>Dal\u0161\u00ed p\u0159\u00edklad: pr\u016fmyslov\u00e9 m\u011bsto by mohlo kombinovat st\u0159e\u0161n\u00ed sol\u00e1rn\u00ed parky s m\u011bstsk\u00fdmi v\u011btrn\u00fdmi farmami, \u010d\u00edm\u017e by napodobovalo sm\u00ed\u0161en\u00fd model nejvysp\u011blej\u0161\u00edch zem\u00ed (druh\u00fd p\u016fvodn\u00ed p\u0159\u00edklad).<\/p>\n\n\n\n<h2 class=\"wp-block-heading\">Analogie pro pochopen\u00ed jej\u00edho dopadu<\/h2>\n\n\n\n<p>P\u0159edstavte si velk\u00fd symfonick\u00fd orchestr. Ka\u017ed\u00fd n\u00e1stroj zn\u00ed mocn\u011b s\u00e1m o sob\u011b, ale kdy\u017e v\u0161echny hraj\u00ed spole\u010dn\u011b pod veden\u00edm vizion\u00e1\u0159sk\u00e9ho dirigenta, hudba se vzn\u00e1\u0161\u00ed.<\/p>\n\n\n\n<p>Podobn\u011b, <strong>p\u0159edn\u00ed zem\u011b v oblasti sol\u00e1rn\u00ed a v\u011btrn\u00e9 energie<\/strong> D\u011blaj\u00ed dohromady energickou symfonii:<\/p>\n\n\n\n<p>Sol\u00e1rn\u00ed panely, v\u011btrn\u00e9 turb\u00edny, inteligentn\u00ed s\u00edt\u011b a \u00falo\u017ei\u0161t\u011b energie, to v\u0161e je koordinov\u00e1no tak, aby vytv\u00e1\u0159elo \u010distou harmonii, kterou na\u0161e planeta pot\u0159ebuje.<\/p>\n\n\n\n<h2 class=\"wp-block-heading\">R\u00e9torick\u00e1 ot\u00e1zka k zamy\u0161len\u00ed<\/h2>\n\n\n\n<p>Nen\u00ed inspirativn\u00ed vid\u011bt, jak n\u011bkter\u00e9 n\u00e1rody prom\u011b\u0148uj\u00ed v\u00edtr a slunce, dva svobodn\u00e9 prvky p\u0159\u00edrody, ve skute\u010dnou energii pro sv\u00e9 ob\u010dany a jejich rozvoj, ani\u017e by byly z\u00e1visl\u00e9 na fosiln\u00edch palivech?<\/p>\n\n\n\n<h2 class=\"wp-block-heading\">Z\u00e1v\u011br<\/h2>\n\n\n\n<p>Ten\/Ta\/To <strong>p\u0159edn\u00ed zem\u011b v oblasti sol\u00e1rn\u00ed a v\u011btrn\u00e9 energie<\/strong> \u010c\u00edna, Spojen\u00e9 st\u00e1ty, Indie, N\u011bmecko a Braz\u00edlie ud\u00e1vaj\u00ed tempo glob\u00e1ln\u00ed energetick\u00e9 transformace.<\/p>\n\n\n\n<p>D\u00edky masivn\u00edm investic\u00edm, jasn\u00fdm politik\u00e1m, pokro\u010dil\u00fdm technologi\u00edm a spole\u010densk\u00e9mu z\u00e1vazku dos\u00e1hly dosud nev\u00eddan\u00e9 \u00farovn\u011b kapacity.<\/p>\n\n\n\n<p>Jeho veden\u00ed v\u0161ak nen\u00ed bez v\u00fdzev: integrace ve\u0161ker\u00e9 t\u00e9to energie, zaji\u0161t\u011bn\u00ed jej\u00ed stability a udr\u017een\u00ed tempa vy\u017eaduje neust\u00e1l\u00e9 inovace.<\/p>\n\n\n\n<p>Jejich zku\u0161enosti nab\u00edzej\u00ed cenn\u00e9 ponau\u010den\u00ed: dlouhodob\u00e1 vize, diverzifikace, investice do talent\u016f a infrastruktury a mezin\u00e1rodn\u00ed spolupr\u00e1ce.<\/p>\n\n\n\n<p>Pokud by tyto strategie p\u0159ijalo v\u00edce n\u00e1rod\u016f, sv\u011bt by se mohl rychleji posunout sm\u011brem ke skute\u010dn\u011b \u010dist\u00e9 a bezpe\u010dn\u00e9 budoucnosti.<\/p>\n\n\n\n<p>\u010ct\u011bte v\u00edce:\u00a0<a href=\"http:\/\/universofamilia.com\/cs\/energias-renovables-en-el-mundo-avances-y-desafios-para-2030\/\">Obnoviteln\u00e9 zdroje energie ve sv\u011bt\u011b: pokroky a v\u00fdzvy pro rok 2030<\/a><\/p>\n\n\n\n<h2 class=\"wp-block-heading\">\u010casto kladen\u00e9 ot\u00e1zky (FAQ)<\/h2>\n\n\n\n<p><strong>Pro\u010d je \u010c\u00edna tak daleko nap\u0159ed v oblasti sol\u00e1rn\u00ed a v\u011btrn\u00e9 energie?<\/strong><\/p>\n\n\n\n<p>\u010c\u00edna kombinuje obrovsk\u00fd rozsah investic, p\u0159\u00edznivou politiku, pr\u016fmyslovou kapacitu pro v\u00fdrobu panel\u016f a turb\u00edn a dostupn\u00e9 pozemky pro rozs\u00e1hl\u00e9 projekty.<\/p>\n\n\n\n<p><strong>Znamen\u00e1 r\u016fst obnoviteln\u00fdch zdroj\u016f energie, \u017ee se zcela opust\u00ed fosiln\u00ed paliva?<\/strong><\/p>\n\n\n\n<p>Ne nutn\u011b okam\u017eit\u011b. Mnoho zem\u00ed postupuje paraleln\u011b: nad\u00e1le vyu\u017e\u00edvaj\u00ed fosiln\u00ed paliva a z\u00e1rove\u0148 roz\u0161i\u0159uj\u00ed sv\u00e9 obnoviteln\u00e9 zdroje energie. P\u0159echod je postupn\u00fd.<\/p>\n\n\n\n<p><strong>Jak\u00e1 je role ostatn\u00edch, men\u0161\u00edch zem\u00ed?<\/strong><\/p>\n\n\n\n<p>I kdy\u017e nevedou v glob\u00e1ln\u00edm m\u011b\u0159\u00edtku, mnoz\u00ed si mohou osvojit osv\u011bd\u010den\u00e9 postupy l\u00eddr\u016f:<\/p>\n\n\n\n<p>Aukce obnoviteln\u00fdch zdroj\u016f energie, partnerstv\u00ed s technologick\u00fdmi spole\u010dnostmi, integrace do inteligentn\u00edch s\u00edt\u00ed a usnadn\u011bn\u00ed zapojen\u00ed ob\u010dan\u016f do komunitn\u00edch sol\u00e1rn\u00edch projekt\u016f.<\/p>\n\n\n\n<p><strong>Jak jsou tyto megaprojekty financov\u00e1ny?<\/strong><\/p>\n\n\n\n<p>Kombinuj\u00ed se ve\u0159ejn\u00e9 fondy, soukrom\u00e9 investice, mezin\u00e1rodn\u00ed financov\u00e1n\u00ed, zelen\u00e9 dluhopisy a partnerstv\u00ed ve\u0159ejn\u00e9ho a soukrom\u00e9ho sektoru.<\/p>\n\n\n\n<p><strong>Co m\u016f\u017ee firma nebo m\u011bsto ud\u011blat pro to, aby se k t\u00e9to revoluci p\u0159ipojilo?<\/strong><\/p>\n\n\n\n<p>M\u016f\u017eete za\u010d\u00edt s energetick\u00fdmi audity, pl\u00e1ny na instalaci sol\u00e1rn\u00edch panel\u016f, spoluprac\u00ed s v\u00fdvoj\u00e1\u0159i obnoviteln\u00fdch zdroj\u016f energie, vyu\u017e\u00edv\u00e1n\u00edm zelen\u00fdch finan\u010dn\u00edch n\u00e1stroj\u016f a prosazov\u00e1n\u00edm p\u0159\u00edzniv\u00fdch m\u00edstn\u00edch politik.<\/p>","protected":false},"excerpt":{"rendered":"<p>En un mundo que busca acelerar la transici\u00f3n hacia fuentes limpias y sostenibles, los pa\u00edses l\u00edderes en energ\u00eda solar y e\u00f3lica se convierten en modelos inspiradores. Este art\u00edculo explora cu\u00e1les son esas naciones, c\u00f3mo han llegado a su posici\u00f3n, qu\u00e9 estrategias utilizan y por qu\u00e9 su avance es fundamental para el futuro energ\u00e9tico. A continuaci\u00f3n, [&hellip;]<\/p>","protected":false},"author":219,"featured_media":10391,"comment_status":"closed","ping_status":"open","sticky":false,"template":"","format":"standard","meta":{"footnotes":""},"categories":[4],"tags":[],"yoast_head":"<!-- This site is optimized with the Yoast SEO plugin v23.3 - https:\/\/yoast.com\/wordpress\/plugins\/seo\/ -->\n<title>Pa\u00edses l\u00edderes en energ\u00eda solar y e\u00f3lica - Universo Fam\u00edlia<\/title>\n<meta name=\"description\" content=\"En un mundo que busca acelerar la transici\u00f3n hacia fuentes limpias y sostenibles, los pa\u00edses l\u00edderes en energ\u00eda solar y e\u00f3lica se convierten.\" \/>\n<meta name=\"robots\" content=\"index, follow, max-snippet:-1, max-image-preview:large, max-video-preview:-1\" \/>\n<link rel=\"canonical\" href=\"http:\/\/universofamilia.com\/cs\/paises-lideres-en-energia-solar-y-eolica\/\" \/>\n<meta property=\"og:locale\" content=\"cs_CZ\" \/>\n<meta property=\"og:type\" content=\"article\" \/>\n<meta property=\"og:title\" content=\"Pa\u00edses l\u00edderes en energ\u00eda solar y e\u00f3lica - Universo Fam\u00edlia\" \/>\n<meta property=\"og:description\" content=\"En un mundo que busca acelerar la transici\u00f3n hacia fuentes limpias y sostenibles, los pa\u00edses l\u00edderes en energ\u00eda solar y e\u00f3lica se convierten.\" \/>\n<meta property=\"og:url\" content=\"http:\/\/universofamilia.com\/cs\/paises-lideres-en-energia-solar-y-eolica\/\" \/>\n<meta property=\"og:site_name\" content=\"Universo Fam\u00edlia\" \/>\n<meta property=\"article:published_time\" content=\"2025-11-21T19:03:00+00:00\" \/>\n<meta property=\"article:modified_time\" content=\"2025-11-21T19:03:03+00:00\" \/>\n<meta property=\"og:image\" content=\"http:\/\/universofamilia.com\/wp-content\/uploads\/sites\/148\/2025\/11\/Destaque-Novo-Universo-2-3.jpg\" \/>\n\t<meta property=\"og:image:width\" content=\"450\" \/>\n\t<meta property=\"og:image:height\" content=\"250\" \/>\n\t<meta property=\"og:image:type\" content=\"image\/jpeg\" \/>\n<meta name=\"author\" content=\"Matheus Sangaletti\" \/>\n<meta name=\"twitter:card\" content=\"summary_large_image\" \/>\n<meta name=\"twitter:label1\" content=\"Written by\" \/>\n\t<meta name=\"twitter:data1\" content=\"Matheus Sangaletti\" \/>\n\t<meta name=\"twitter:label2\" content=\"Est. reading time\" \/>\n\t<meta name=\"twitter:data2\" content=\"8 minut\" \/>\n<script type=\"application\/ld+json\" class=\"yoast-schema-graph\">{\"@context\":\"https:\/\/schema.org\",\"@graph\":[{\"@type\":\"WebPage\",\"@id\":\"http:\/\/universofamilia.com\/ar\/paises-lideres-en-energia-solar-y-eolica\/\",\"url\":\"http:\/\/universofamilia.com\/ar\/paises-lideres-en-energia-solar-y-eolica\/\",\"name\":\"Pa\u00edses l\u00edderes en energ\u00eda solar y e\u00f3lica - Universo Fam\u00edlia\",\"isPartOf\":{\"@id\":\"https:\/\/universofamilia.com\/el\/#website\"},\"primaryImageOfPage\":{\"@id\":\"http:\/\/universofamilia.com\/ar\/paises-lideres-en-energia-solar-y-eolica\/#primaryimage\"},\"image\":{\"@id\":\"http:\/\/universofamilia.com\/ar\/paises-lideres-en-energia-solar-y-eolica\/#primaryimage\"},\"thumbnailUrl\":\"http:\/\/universofamilia.com\/wp-content\/uploads\/sites\/148\/2025\/11\/Destaque-Novo-Universo-2-3.jpg\",\"datePublished\":\"2025-11-21T19:03:00+00:00\",\"dateModified\":\"2025-11-21T19:03:03+00:00\",\"author\":{\"@id\":\"https:\/\/universofamilia.com\/el\/#\/schema\/person\/92fcd07e9b1f4323bf74f3170fc0f78a\"},\"description\":\"En un mundo que busca acelerar la transici\u00f3n hacia fuentes limpias y sostenibles, los pa\u00edses l\u00edderes en energ\u00eda solar y e\u00f3lica se convierten.\",\"breadcrumb\":{\"@id\":\"http:\/\/universofamilia.com\/ar\/paises-lideres-en-energia-solar-y-eolica\/#breadcrumb\"},\"inLanguage\":\"cs\",\"potentialAction\":[{\"@type\":\"ReadAction\",\"target\":[\"http:\/\/universofamilia.com\/ar\/paises-lideres-en-energia-solar-y-eolica\/\"]}]},{\"@type\":\"ImageObject\",\"inLanguage\":\"cs\",\"@id\":\"http:\/\/universofamilia.com\/ar\/paises-lideres-en-energia-solar-y-eolica\/#primaryimage\",\"url\":\"http:\/\/universofamilia.com\/wp-content\/uploads\/sites\/148\/2025\/11\/Destaque-Novo-Universo-2-3.jpg\",\"contentUrl\":\"http:\/\/universofamilia.com\/wp-content\/uploads\/sites\/148\/2025\/11\/Destaque-Novo-Universo-2-3.jpg\",\"width\":450,\"height\":250},{\"@type\":\"BreadcrumbList\",\"@id\":\"http:\/\/universofamilia.com\/ar\/paises-lideres-en-energia-solar-y-eolica\/#breadcrumb\",\"itemListElement\":[{\"@type\":\"ListItem\",\"position\":1,\"name\":\"Home\",\"item\":\"https:\/\/universofamilia.com\/el\/\"},{\"@type\":\"ListItem\",\"position\":2,\"name\":\"Pa\u00edses l\u00edderes en energ\u00eda solar y e\u00f3lica\"}]},{\"@type\":\"WebSite\",\"@id\":\"https:\/\/universofamilia.com\/el\/#website\",\"url\":\"https:\/\/universofamilia.com\/el\/\",\"name\":\"Universo Fam\u00edlia\",\"description\":\"\",\"potentialAction\":[{\"@type\":\"SearchAction\",\"target\":{\"@type\":\"EntryPoint\",\"urlTemplate\":\"https:\/\/universofamilia.com\/el\/?s={search_term_string}\"},\"query-input\":\"required name=search_term_string\"}],\"inLanguage\":\"cs\"},{\"@type\":\"Person\",\"@id\":\"https:\/\/universofamilia.com\/el\/#\/schema\/person\/92fcd07e9b1f4323bf74f3170fc0f78a\",\"name\":\"Matheus Sangaletti\",\"image\":{\"@type\":\"ImageObject\",\"inLanguage\":\"cs\",\"@id\":\"https:\/\/universofamilia.com\/el\/#\/schema\/person\/image\/\",\"url\":\"http:\/\/2.gravatar.com\/avatar\/280ea957a14a48e6a1ad2133d2cc27c9?s=96&d=mm&r=g\",\"contentUrl\":\"http:\/\/2.gravatar.com\/avatar\/280ea957a14a48e6a1ad2133d2cc27c9?s=96&d=mm&r=g\",\"caption\":\"Matheus Sangaletti\"},\"url\":\"http:\/\/universofamilia.com\/cs\/author\/matheuss\/\"}]}<\/script>\n<!-- \/ Yoast SEO plugin. -->","yoast_head_json":{"title":"Pa\u00edses l\u00edderes en energ\u00eda solar y e\u00f3lica - Universo Fam\u00edlia","description":"En un mundo que busca acelerar la transici\u00f3n hacia fuentes limpias y sostenibles, los pa\u00edses l\u00edderes en energ\u00eda solar y e\u00f3lica se convierten.","robots":{"index":"index","follow":"follow","max-snippet":"max-snippet:-1","max-image-preview":"max-image-preview:large","max-video-preview":"max-video-preview:-1"},"canonical":"http:\/\/universofamilia.com\/cs\/paises-lideres-en-energia-solar-y-eolica\/","og_locale":"cs_CZ","og_type":"article","og_title":"Pa\u00edses l\u00edderes en energ\u00eda solar y e\u00f3lica - Universo Fam\u00edlia","og_description":"En un mundo que busca acelerar la transici\u00f3n hacia fuentes limpias y sostenibles, los pa\u00edses l\u00edderes en energ\u00eda solar y e\u00f3lica se convierten.","og_url":"http:\/\/universofamilia.com\/cs\/paises-lideres-en-energia-solar-y-eolica\/","og_site_name":"Universo Fam\u00edlia","article_published_time":"2025-11-21T19:03:00+00:00","article_modified_time":"2025-11-21T19:03:03+00:00","og_image":[{"width":450,"height":250,"url":"http:\/\/universofamilia.com\/wp-content\/uploads\/sites\/148\/2025\/11\/Destaque-Novo-Universo-2-3.jpg","type":"image\/jpeg"}],"author":"Matheus Sangaletti","twitter_card":"summary_large_image","twitter_misc":{"Written by":"Matheus Sangaletti","Est. reading time":"8 minut"},"schema":{"@context":"https:\/\/schema.org","@graph":[{"@type":"WebPage","@id":"http:\/\/universofamilia.com\/ar\/paises-lideres-en-energia-solar-y-eolica\/","url":"http:\/\/universofamilia.com\/ar\/paises-lideres-en-energia-solar-y-eolica\/","name":"Pa\u00edses l\u00edderes en energ\u00eda solar y e\u00f3lica - Universo Fam\u00edlia","isPartOf":{"@id":"https:\/\/universofamilia.com\/el\/#website"},"primaryImageOfPage":{"@id":"http:\/\/universofamilia.com\/ar\/paises-lideres-en-energia-solar-y-eolica\/#primaryimage"},"image":{"@id":"http:\/\/universofamilia.com\/ar\/paises-lideres-en-energia-solar-y-eolica\/#primaryimage"},"thumbnailUrl":"http:\/\/universofamilia.com\/wp-content\/uploads\/sites\/148\/2025\/11\/Destaque-Novo-Universo-2-3.jpg","datePublished":"2025-11-21T19:03:00+00:00","dateModified":"2025-11-21T19:03:03+00:00","author":{"@id":"https:\/\/universofamilia.com\/el\/#\/schema\/person\/92fcd07e9b1f4323bf74f3170fc0f78a"},"description":"En un mundo que busca acelerar la transici\u00f3n hacia fuentes limpias y sostenibles, los pa\u00edses l\u00edderes en energ\u00eda solar y e\u00f3lica se convierten.","breadcrumb":{"@id":"http:\/\/universofamilia.com\/ar\/paises-lideres-en-energia-solar-y-eolica\/#breadcrumb"},"inLanguage":"cs","potentialAction":[{"@type":"ReadAction","target":["http:\/\/universofamilia.com\/ar\/paises-lideres-en-energia-solar-y-eolica\/"]}]},{"@type":"ImageObject","inLanguage":"cs","@id":"http:\/\/universofamilia.com\/ar\/paises-lideres-en-energia-solar-y-eolica\/#primaryimage","url":"http:\/\/universofamilia.com\/wp-content\/uploads\/sites\/148\/2025\/11\/Destaque-Novo-Universo-2-3.jpg","contentUrl":"http:\/\/universofamilia.com\/wp-content\/uploads\/sites\/148\/2025\/11\/Destaque-Novo-Universo-2-3.jpg","width":450,"height":250},{"@type":"BreadcrumbList","@id":"http:\/\/universofamilia.com\/ar\/paises-lideres-en-energia-solar-y-eolica\/#breadcrumb","itemListElement":[{"@type":"ListItem","position":1,"name":"Home","item":"https:\/\/universofamilia.com\/el\/"},{"@type":"ListItem","position":2,"name":"Pa\u00edses l\u00edderes en energ\u00eda solar y e\u00f3lica"}]},{"@type":"WebSite","@id":"https:\/\/universofamilia.com\/el\/#website","url":"https:\/\/universofamilia.com\/el\/","name":"Universo Fam\u00edlia","description":"","potentialAction":[{"@type":"SearchAction","target":{"@type":"EntryPoint","urlTemplate":"https:\/\/universofamilia.com\/el\/?s={search_term_string}"},"query-input":"required name=search_term_string"}],"inLanguage":"cs"},{"@type":"Person","@id":"https:\/\/universofamilia.com\/el\/#\/schema\/person\/92fcd07e9b1f4323bf74f3170fc0f78a","name":"Matheus Sangaletti","image":{"@type":"ImageObject","inLanguage":"cs","@id":"https:\/\/universofamilia.com\/el\/#\/schema\/person\/image\/","url":"http:\/\/2.gravatar.com\/avatar\/280ea957a14a48e6a1ad2133d2cc27c9?s=96&d=mm&r=g","contentUrl":"http:\/\/2.gravatar.com\/avatar\/280ea957a14a48e6a1ad2133d2cc27c9?s=96&d=mm&r=g","caption":"Matheus Sangaletti"},"url":"http:\/\/universofamilia.com\/cs\/author\/matheuss\/"}]}},"_links":{"self":[{"href":"http:\/\/universofamilia.com\/cs\/wp-json\/wp\/v2\/posts\/10390"}],"collection":[{"href":"http:\/\/universofamilia.com\/cs\/wp-json\/wp\/v2\/posts"}],"about":[{"href":"http:\/\/universofamilia.com\/cs\/wp-json\/wp\/v2\/types\/post"}],"author":[{"embeddable":true,"href":"http:\/\/universofamilia.com\/cs\/wp-json\/wp\/v2\/users\/219"}],"replies":[{"embeddable":true,"href":"http:\/\/universofamilia.com\/cs\/wp-json\/wp\/v2\/comments?post=10390"}],"version-history":[{"count":1,"href":"http:\/\/universofamilia.com\/cs\/wp-json\/wp\/v2\/posts\/10390\/revisions"}],"predecessor-version":[{"id":10394,"href":"http:\/\/universofamilia.com\/cs\/wp-json\/wp\/v2\/posts\/10390\/revisions\/10394"}],"wp:featuredmedia":[{"embeddable":true,"href":"http:\/\/universofamilia.com\/cs\/wp-json\/wp\/v2\/media\/10391"}],"wp:attachment":[{"href":"http:\/\/universofamilia.com\/cs\/wp-json\/wp\/v2\/media?parent=10390"}],"wp:term":[{"taxonomy":"category","embeddable":true,"href":"http:\/\/universofamilia.com\/cs\/wp-json\/wp\/v2\/categories?post=10390"},{"taxonomy":"post_tag","embeddable":true,"href":"http:\/\/universofamilia.com\/cs\/wp-json\/wp\/v2\/tags?post=10390"}],"curies":[{"name":"wp","href":"https:\/\/api.w.org\/{rel}","templated":true}]}}