{"id":10395,"date":"2025-11-21T22:52:32","date_gmt":"2025-11-22T01:52:32","guid":{"rendered":"https:\/\/universofamilia.com\/?p=10395"},"modified":"2025-11-21T22:52:36","modified_gmt":"2025-11-22T01:52:36","slug":"como-resguardar-tu-informacion-personal-en-la-era-digital","status":"publish","type":"post","link":"http:\/\/universofamilia.com\/cs\/como-resguardar-tu-informacion-personal-en-la-era-digital\/","title":{"rendered":"Jak chr\u00e1nit sv\u00e9 osobn\u00ed \u00fadaje v digit\u00e1ln\u00edm v\u011bku"},"content":{"rendered":"<p class=\"has-text-align-center\">Fr\u00e1ze <strong>\u201e<em>Jak chr\u00e1nit sv\u00e9 osobn\u00ed \u00fadaje v digit\u00e1ln\u00edm v\u011bku<\/em>\u201e<\/strong> V roce 2025 se to stalo ka\u017edodenn\u00edm probl\u00e9mem, zejm\u00e9na kv\u016fli n\u00e1r\u016fstu \u00fanik\u016f a intenzivn\u00edmu vyu\u017e\u00edv\u00e1n\u00ed dat aplikacemi, platformami a slu\u017ebami.<\/p>\n\n\n\n<figure class=\"wp-block-gallery has-nested-images columns-default is-cropped wp-block-gallery-1 is-layout-flex wp-block-gallery-is-layout-flex\">\n<figure class=\"wp-block-image size-full\"><img loading=\"lazy\" decoding=\"async\" width=\"450\" height=\"250\" data-id=\"10399\" src=\"https:\/\/universofamilia.com\/wp-content\/uploads\/sites\/148\/2025\/11\/Destaque-Novo-Universo-9.jpg\" alt=\"\" class=\"wp-image-10399\" srcset=\"http:\/\/universofamilia.com\/wp-content\/uploads\/sites\/148\/2025\/11\/Destaque-Novo-Universo-9.jpg 450w, http:\/\/universofamilia.com\/wp-content\/uploads\/sites\/148\/2025\/11\/Destaque-Novo-Universo-9-300x167.jpg 300w, http:\/\/universofamilia.com\/wp-content\/uploads\/sites\/148\/2025\/11\/Destaque-Novo-Universo-9-18x10.jpg 18w\" sizes=\"(max-width: 450px) 100vw, 450px\" \/><figcaption class=\"wp-element-caption\">Canva<\/figcaption><\/figure>\n<\/figure>\n\n\n\n<p class=\"has-text-align-center\">Ne\u017e se pono\u0159\u00edme do t\u00e9matu, je u\u017eite\u010dn\u00e9 si kr\u00e1tce shrnout:<\/p>\n\n\n\n<p class=\"has-text-align-center\">Pro\u010d se osobn\u00ed \u00fadaje staly tak cenn\u00fdmi, jak\u00e9 postupy nab\u00edzej\u00ed v\u011bt\u0161\u00ed ochranu, ned\u00e1vn\u00e9 ofici\u00e1ln\u00ed statistiky, dva p\u0159\u00edklady z re\u00e1ln\u00e9ho sv\u011bta, jasn\u00e1 analogie, tabulka se z\u00e1kladn\u00edmi opat\u0159en\u00edmi a rychl\u00e9 odpov\u011bdi na \u010dasto kladen\u00e9 ot\u00e1zky.<\/p>\n\n\n\n<p class=\"has-text-align-center\">Nemysl\u00edte si, \u017ee je na\u010dase chr\u00e1nit sv\u016fj digit\u00e1ln\u00ed \u017eivot d\u0159\u00edve, ne\u017e v\u00e1s chybn\u00fd \u00fasudek vystav\u00ed riziku?<\/p>\n\n\n\n<h2 class=\"wp-block-heading\"><strong>Nov\u00e1 hodnota va\u0161\u00ed digit\u00e1ln\u00ed identity<\/strong><\/h2>\n\n\n\n<p>Vzhledem k tomu, \u017ee se st\u00e1le v\u00edce postup\u016f, n\u00e1kup\u016f a konverzac\u00ed p\u0159esouv\u00e1 do online prost\u0159ed\u00ed, soukrom\u00ed p\u0159estalo b\u00fdt technick\u00fdm detailem a stalo se ka\u017edodenn\u00ed odpov\u011bdnost\u00ed.<\/p>\n\n\n\n<p>Americk\u00e1 Feder\u00e1ln\u00ed obchodn\u00ed komise (FTC) zaznamenala v\u00edce ne\u017e <strong>1,1 milionu hl\u00e1\u0161en\u00ed o kr\u00e1de\u017ei identity<\/strong>Toto \u010d\u00edslo m\u00e1 dopad i na Mexiko, a to kv\u016fli neust\u00e1l\u00e9 v\u00fdm\u011bn\u011b p\u0159eshrani\u010dn\u00edch platforem, platebn\u00edch metod a slu\u017eeb.<\/p>\n\n\n\n<p>Vzhledem k tomuto sc\u00e9n\u00e1\u0159i, pochopen\u00ed <strong>Jak chr\u00e1nit sv\u00e9 osobn\u00ed \u00fadaje v digit\u00e1ln\u00edm v\u011bku<\/strong> St\u00e1v\u00e1 se to z\u00e1kladn\u00ed dovednost\u00ed pro ka\u017edou propojenou osobu.<\/p>\n\n\n\n<p>Ochrana dat zahrnuje v\u00edce ne\u017e jen siln\u00e1 hesla; zahrnuje ka\u017edodenn\u00ed rozhodnut\u00ed, kter\u00e1 sni\u017euj\u00ed va\u0161i expozici.<\/p>\n\n\n\n<p>Stejn\u011b jako byste nenech\u00e1vali d\u016fm odem\u010den\u00fd, kdy\u017e jdete ven, digit\u00e1ln\u00ed zabezpe\u010den\u00ed funguje jako instalace dobr\u00e9ho z\u00e1mku, v\u00fdb\u011br toho, kdo m\u00e1 kopii, a kontrola, zda se n\u011bkdo nepokusil vstoupit bez povolen\u00ed.<\/p>\n\n\n\n<p>Tato analogie pom\u00e1h\u00e1 pochopit, \u017ee soukrom\u00ed vy\u017eaduje \u00fasudek, d\u016fslednost a pozornost.<\/p>\n\n\n\n<h2 class=\"wp-block-heading\"><strong>Osobn\u00ed informace jako m\u011bna<\/strong><\/h2>\n\n\n\n<p>Do roku 2025 bude v\u011bt\u0161ina digit\u00e1ln\u00edch slu\u017eeb fungovat na modelu zalo\u017een\u00e9m na datech.<\/p>\n\n\n\n<p>Va\u0161e n\u00e1kupn\u00ed n\u00e1vyky, poloha, preference, tempo prohl\u00ed\u017een\u00ed a interakce slou\u017e\u00ed jako vstupy pro personalizaci obsahu, vylep\u0161en\u00ed syst\u00e9m\u016f um\u011bl\u00e9 inteligence nebo definov\u00e1n\u00ed obchodn\u00edch strategi\u00ed.<\/p>\n\n\n\n<p>Nejde o d\u00e9monizaci t\u00e9to burzy; mnoho platforem dodr\u017euje jasn\u00e9 z\u00e1sady a p\u0159edpisy.<\/p>\n\n\n\n<p>\u00dast\u0159edn\u00edm bodem je pochopen\u00ed toho, co sd\u00edl\u00edte, s k\u00fdm a za jak\u00fdm \u00fa\u010delem.<\/p>\n\n\n\n<p>Lid\u00e9 n\u011bkdy p\u0159ij\u00edmaj\u00ed opr\u00e1vn\u011bn\u00ed v aplikac\u00edch jen proto, aby rychle dos\u00e1hli pokroku, ani\u017e by si uv\u011bdomovali, \u017ee povolen\u00ed p\u0159\u00edstupu k fotografi\u00edm, mikrofonu nebo kontakt\u016fm m\u016f\u017ee otev\u0159\u00edt zbyte\u010dn\u00e9 dve\u0159e t\u0159et\u00edm stran\u00e1m.<\/p>\n\n\n\n<h2 class=\"wp-block-heading\"><strong>Nejlep\u0161\u00ed postupy pro pos\u00edlen\u00ed va\u0161eho digit\u00e1ln\u00edho soukrom\u00ed<\/strong><\/h2>\n\n\n\n<h3 class=\"wp-block-heading\"><strong>1. Pravideln\u00e9 kontroly va\u0161ich \u00fa\u010dt\u016f<\/strong><\/h3>\n\n\n\n<p>Kontrola propojen\u00fdch za\u0159\u00edzen\u00ed, ud\u011blen\u00fdch opr\u00e1vn\u011bn\u00ed a ulo\u017een\u00fdch informac\u00ed pom\u00e1h\u00e1 odhalit neobvykl\u00fd p\u0159\u00edstup.<\/p>\n\n\n\n<p>Mnoho u\u017eivatel\u016f opou\u0161t\u00ed aktivn\u00ed relace na star\u00fdch mobiln\u00edch telefonech nebo sd\u00edlen\u00fdch za\u0159\u00edzen\u00edch, co\u017e zvy\u0161uje rizika, ani\u017e by si toho v\u0161imli.<\/p>\n\n\n\n<h3 class=\"wp-block-heading\"><strong>2. V\u00edcefaktorov\u00e9 ov\u011b\u0159ov\u00e1n\u00ed<\/strong><\/h3>\n\n\n\n<p>Aktivace do\u010dasn\u00fdch k\u00f3d\u016f, bezpe\u010dnostn\u00edch kl\u00ed\u010d\u016f nebo ov\u011b\u0159ovac\u00edch aplikac\u00ed vytv\u00e1\u0159\u00ed silnou bari\u00e9ru proti neopr\u00e1vn\u011bn\u00e9mu p\u0159\u00edstupu.<\/p>\n\n\n\n<p>Je to jedno z nejspolehliv\u011bj\u0161\u00edch opat\u0159en\u00ed pro <strong>Jak chr\u00e1nit sv\u00e9 osobn\u00ed \u00fadaje v digit\u00e1ln\u00edm v\u011bku<\/strong>i bez pokro\u010dil\u00fdch znalost\u00ed.<\/p>\n\n\n\n<h3 class=\"wp-block-heading\"><strong>3. Inteligentn\u00ed spr\u00e1va hesel<\/strong><\/h3>\n\n\n\n<p>Volba dlouh\u00fdch, snadno zapamatovateln\u00fdch fr\u00e1z\u00ed nebo pou\u017e\u00edv\u00e1n\u00ed spr\u00e1vc\u016f hesel zt\u011b\u017euje \u00fatoky hrubou silou.<\/p>\n\n\n\n<p>Zapome\u0148te na pou\u017e\u00edv\u00e1n\u00ed narozenin nebo b\u011b\u017en\u00fdch jmen; to je minulost\u00ed.<\/p>\n\n\n\n<h3 class=\"wp-block-heading\"><strong>4. Neust\u00e1l\u00e1 digit\u00e1ln\u00ed hygiena<\/strong><\/h3>\n\n\n\n<p>Odebr\u00e1n\u00edm aplikac\u00ed, kter\u00e9 ji\u017e nepou\u017e\u00edv\u00e1te, zru\u0161en\u00edm neaktivn\u00edch slu\u017eeb a vymaz\u00e1n\u00edm ulo\u017een\u00fdch informac\u00ed v prohl\u00ed\u017ee\u010di se sn\u00ed\u017e\u00ed mno\u017estv\u00ed dostupn\u00fdch dat.<\/p>\n\n\n\n<p>\u010c\u00edm m\u00e9n\u011b stop zanech\u00e1te, t\u00edm m\u00e9n\u011b odhalen\u00ed.<\/p>\n\n\n\n<h3 class=\"wp-block-heading\"><strong>5. Bezpe\u010dn\u00e9 z\u00e1lohy<\/strong><\/h3>\n\n\n\n<p>Ukl\u00e1d\u00e1n\u00ed d\u016fle\u017eit\u00fdch dokument\u016f na d\u016fv\u011bryhodn\u00fdch slu\u017eb\u00e1ch se \u0161ifrov\u00e1n\u00edm a dvouf\u00e1zov\u00fdm ov\u011b\u0159ov\u00e1n\u00edm zabra\u0148uje neo\u010dek\u00e1van\u00fdm ztr\u00e1t\u00e1m.<\/p>\n\n\n\n<p>Spol\u00e9hat se v\u00fdhradn\u011b na lok\u00e1ln\u00ed \u00falo\u017ei\u0161t\u011b je riskantn\u00ed ve sv\u011bt\u011b, kde selh\u00e1n\u00ed hardwaru a \u00fatoky ransomwaru neust\u00e1le zvy\u0161uj\u00ed.<\/p>\n\n\n\n<h2 class=\"wp-block-heading\"><strong>P\u0159\u00edklady z re\u00e1ln\u00e9ho \u017eivota, kter\u00e9 ukazuj\u00ed, pro\u010d je prevence d\u016fle\u017eit\u00e1<\/strong><\/h2>\n\n\n\n<p><strong>P\u0159\u00edklad 1:<\/strong><br>\u017dena v Mexico City zaznamenala podivn\u00e9 bankovn\u00ed poplatky pot\u00e9, co se v kav\u00e1rn\u011b p\u0159ipojila k ve\u0159ejn\u00e9 Wi-Fi s\u00edti.<\/p>\n\n\n\n<p>Nejednalo se o sofistikovan\u00fd \u00fatok: kyberzlo\u010dinec zachytil pouze ne\u0161ifrovan\u00fd provoz. Va\u0161e banka potvrdila, \u017ee vstupn\u00edm bodem byla nezabezpe\u010den\u00e1 s\u00ed\u0165.<\/p>\n\n\n\n<p><strong>P\u0159\u00edklad 2:<\/strong><br>Podnikatel sd\u00edlel strategick\u00e9 dokumenty prost\u0159ednictv\u00edm otev\u0159en\u00e9ho odkazu v cloudu. Ani\u017e by o tom v\u011bd\u011bl, odkaz byl indexov\u00e1n vyhled\u00e1va\u010di.<\/p>\n\n\n\n<p>O n\u011bkolik t\u00fddn\u016f pozd\u011bji se na soci\u00e1ln\u00edch s\u00edt\u00edch \u0161\u00ed\u0159ily citliv\u00e9 informace. Probl\u00e9m nebyl v hackersk\u00e9m \u00fatoku, ale v nespr\u00e1vn\u00e9 konfiguraci opr\u00e1vn\u011bn\u00ed.<\/p>\n\n\n\n<p>Oba p\u0159\u00edpady zd\u016fraz\u0148uj\u00ed d\u016fle\u017eitost u\u010den\u00ed <strong>Jak chr\u00e1nit sv\u00e9 osobn\u00ed \u00fadaje v digit\u00e1ln\u00edm v\u011bku<\/strong> ne\u017e ponese v\u011bt\u0161\u00ed n\u00e1sledky.<\/p>\n\n\n\n<h2 class=\"wp-block-heading\"><strong>Technologie pom\u00e1h\u00e1, ale va\u0161e rozhodnut\u00ed jsou d\u016fle\u017eit\u011bj\u0161\u00ed.<\/strong><\/h2>\n\n\n\n<p>Spolehliv\u00e9 VPN, zabezpe\u010den\u00e9 prohl\u00ed\u017ee\u010de, aktualizovan\u00e9 syst\u00e9my a roz\u0161\u00ed\u0159en\u00ed o soukrom\u00ed posiluj\u00ed va\u0161i ochranu.<\/p>\n\n\n\n<p>I tak nejlep\u0161\u00ed obranou z\u016fst\u00e1v\u00e1 osobn\u00ed \u00fasudek: vyhn\u011bte se otev\u00edr\u00e1n\u00ed podez\u0159el\u00fdch odkaz\u016f, odm\u00edtn\u011bte zbyte\u010dn\u00e1 opr\u00e1vn\u011bn\u00ed a p\u0159ed zad\u00e1n\u00edm dat ov\u011b\u0159te webov\u00e9 adresy.<\/p>\n\n\n\n<p>Platformy neust\u00e1le m\u011bn\u00ed sv\u00e9 z\u00e1sady; informovanost zabra\u0148uje \u00faniku va\u0161ich dat kv\u016fli v\u00fdchoz\u00edmu nastaven\u00ed, kter\u00e9 jste si mo\u017en\u00e1 nikdy nezkontrolovali.<\/p>\n\n\n\n<h2 class=\"wp-block-heading\">Kl\u00ed\u010dov\u00e1 tabulka pro pos\u00edlen\u00ed va\u0161\u00ed osobn\u00ed strategie<\/h2>\n\n\n\n<figure class=\"wp-block-table\"><table><thead><tr><th>Doporu\u010den\u00fd postup<\/th><th>Hlavn\u00ed v\u00fdhoda<\/th><\/tr><\/thead><tbody><tr><td>V\u00edcefaktorov\u00e9 ov\u011b\u0159ov\u00e1n\u00ed<\/td><td>Sni\u017euje neopr\u00e1vn\u011bn\u00fd p\u0159\u00edstup<\/td><\/tr><tr><td>Kontrola opr\u00e1vn\u011bn\u00ed aplikace<\/td><td>Omezte zbyte\u010dn\u00e9 \u00faniky<\/td><\/tr><tr><td>Siln\u00e1 hesla nebo spr\u00e1vce hesel<\/td><td>Komplikuje automatizovan\u00e9 \u00fatoky<\/td><\/tr><tr><td>Bezpe\u010dn\u00e9 p\u0159ipojen\u00ed (spolehliv\u00e1 Wi-Fi + HTTPS)<\/td><td>Minimalizuje dopravn\u00ed \u0161pion\u00e1\u017e<\/td><\/tr><tr><td>\u0160ifrovan\u00e9 z\u00e1lohy<\/td><td>Zabra\u0148uje ztr\u00e1t\u011b nebo kr\u00e1de\u017ei dat<\/td><\/tr><\/tbody><\/table><figcaption class=\"wp-element-caption\">Jak chr\u00e1nit sv\u00e9 osobn\u00ed \u00fadaje v digit\u00e1ln\u00edm v\u011bku<\/figcaption><\/figure>\n\n\n\n<figure class=\"wp-block-gallery has-nested-images columns-default is-cropped wp-block-gallery-2 is-layout-flex wp-block-gallery-is-layout-flex\">\n<figure class=\"wp-block-image size-full\"><img loading=\"lazy\" decoding=\"async\" width=\"450\" height=\"250\" data-id=\"10400\" src=\"https:\/\/universofamilia.com\/wp-content\/uploads\/sites\/148\/2025\/11\/Destaque-Novo-Universo-1-5.jpg\" alt=\"\" class=\"wp-image-10400\" srcset=\"http:\/\/universofamilia.com\/wp-content\/uploads\/sites\/148\/2025\/11\/Destaque-Novo-Universo-1-5.jpg 450w, http:\/\/universofamilia.com\/wp-content\/uploads\/sites\/148\/2025\/11\/Destaque-Novo-Universo-1-5-300x167.jpg 300w, http:\/\/universofamilia.com\/wp-content\/uploads\/sites\/148\/2025\/11\/Destaque-Novo-Universo-1-5-18x10.jpg 18w\" sizes=\"(max-width: 450px) 100vw, 450px\" \/><figcaption class=\"wp-element-caption\">Canva<\/figcaption><\/figure>\n<\/figure>\n\n\n\n<p>\u010ct\u011bte v\u00edce:<a href=\"http:\/\/universofamilia.com\/cs\/inteligencia-artificial-en-el-dia-a-dia\/\">&nbsp;Um\u011bl\u00e1 inteligence v ka\u017edodenn\u00edm \u017eivot\u011b<\/a><\/p>\n\n\n\n<h2 class=\"wp-block-heading\"><strong>D\u016fle\u017eitost dal\u0161\u00edho digit\u00e1ln\u00edho vzd\u011bl\u00e1v\u00e1n\u00ed<\/strong><\/h2>\n\n\n\n<p>Digit\u00e1ln\u00ed gramotnost je nyn\u00ed stejn\u011b d\u016fle\u017eit\u00e1 jako u\u010den\u00ed se \u0159\u00eddit. Hrozby se vyv\u00edjej\u00ed, n\u00e1stroje se m\u011bn\u00ed a p\u0159edpisy se zlep\u0161uj\u00ed.<\/p>\n\n\n\n<p>Sledov\u00e1n\u00ed spolehliv\u00fdch zdroj\u016f, absolvov\u00e1n\u00ed kr\u00e1tk\u00fdch kurz\u016f nebo konzultace s INAI (N\u00e1rodn\u00ed institut pro transparentnost, p\u0159\u00edstup k informac\u00edm a ochranu osobn\u00edch \u00fadaj\u016f) pos\u00edl\u00ed v\u00e1\u0161 \u00fasudek.<\/p>\n\n\n\n<p>Krom\u011b toho sd\u00edlen\u00ed osv\u011bd\u010den\u00fdch postup\u016f s \u010dleny rodiny, zejm\u00e9na s mlad\u00fdmi lidmi a star\u0161\u00edmi dosp\u011bl\u00fdmi, sni\u017euje pravd\u011bpodobnost, \u017ee se stanou ob\u011bt\u00ed podvod\u016f, vyd\u00e1v\u00e1n\u00ed se za jinou osobu nebo emocion\u00e1ln\u00ed manipulace.<\/p>\n\n\n\n<h2 class=\"wp-block-heading\"><strong>Z\u00e1v\u011br: Ochrana va\u0161ich dat chr\u00e1n\u00ed v\u00e1\u0161 klid<\/strong><\/h2>\n\n\n\n<p>Soukrom\u00ed nen\u00ed luxus, je to pr\u00e1vo. V\u011bnov\u00e1n\u00ed n\u011bkolika minut t\u00fddn\u011b kontrole va\u0161eho digit\u00e1ln\u00edho prost\u0159ed\u00ed v\u00e1m m\u016f\u017ee u\u0161et\u0159it finan\u010dn\u00ed ztr\u00e1ty, stres a zbyte\u010dn\u00e9 naru\u0161en\u00ed bezpe\u010dnosti.<\/p>\n\n\n\n<p>Kombinace konzistentn\u00edch n\u00e1vyk\u016f, spolehliv\u00e9 technologie a aktivn\u00ed pozornosti p\u0159edstavuje nejbezpe\u010dn\u011bj\u0161\u00ed cestu.<\/p>\n\n\n\n<p>V prost\u0159ed\u00ed, kde se t\u00e9m\u011b\u0159 v\u0161e d\u011bje prost\u0159ednictv\u00edm mobiln\u00edho telefonu, po\u010d\u00edta\u010de nebo cloudu, v\u00e1m ochrana va\u0161ich informac\u00ed umo\u017e\u0148uje pohybovat se s v\u011bt\u0161\u00ed svobodou a men\u0161\u00ed nejistotou.<\/p>\n\n\n\n<p>\u010ct\u011bte v\u00edce: <a href=\"http:\/\/universofamilia.com\/cs\/privacidad-en-linea\/\">Jak chr\u00e1nit sv\u00e1 osobn\u00ed data v digit\u00e1ln\u00edm v\u011bku<\/a><\/p>\n\n\n\n<h1 class=\"wp-block-heading\"><strong>\u010casto kladen\u00e9 ot\u00e1zky (FAQ)<\/strong><\/h1>\n\n\n\n<p><strong>1. Jak \u010dasto bych si m\u011bl\/a m\u011bnit hesla?<\/strong><\/p>\n\n\n\n<p>Mezi 3 a 6 m\u011bs\u00edci, v z\u00e1vislosti na typu \u00fa\u010dtu. Pro bankovnictv\u00ed a e-mail jsou vhodn\u011bj\u0161\u00ed krat\u0161\u00ed intervaly.<\/p>\n\n\n\n<p><strong>2. Opravdu VPN chr\u00e1n\u00ed m\u00e9 informace?<\/strong><\/p>\n\n\n\n<p>Ano, pokud se jedn\u00e1 o spolehlivou VPN s jasn\u00fdmi pravidly neukl\u00e1d\u00e1n\u00ed protokol\u016f. Je to obzvl\u00e1\u0161t\u011b u\u017eite\u010dn\u00e9 ve ve\u0159ejn\u00fdch s\u00edt\u00edch.<\/p>\n\n\n\n<p><strong>3. Je bezpe\u010dn\u00e9 ukl\u00e1dat dokumenty v cloudu?<\/strong><\/p>\n\n\n\n<p>Ano, pokud slu\u017eba implementuje kvalitn\u00ed \u0161ifrov\u00e1n\u00ed, dvoufaktorov\u00e9 ov\u011b\u0159ov\u00e1n\u00ed a spr\u00e1vn\u011b nakonfigurovan\u00e1 soukrom\u00e1 opr\u00e1vn\u011bn\u00ed.<\/p>\n\n\n\n<p><strong>4. Co bych m\u011bl\/a zkontrolovat p\u0159ed instalac\u00ed aplikace?<\/strong><\/p>\n\n\n\n<p>Po\u017eadovan\u00e1 opr\u00e1vn\u011bn\u00ed, reputace v\u00fdvoj\u00e1\u0159e, hodnocen\u00ed a z\u00e1sady ochrany osobn\u00edch \u00fadaj\u016f. Jak\u00e9koli opr\u00e1vn\u011bn\u00ed, kter\u00e9 ned\u00e1v\u00e1 smysl, je varovn\u00fdm sign\u00e1lem.<\/p>\n\n\n\n<p><strong>5. Jak zjist\u00edm, zda do\u0161lo k \u00faniku m\u00fdch dat?<\/strong><\/p>\n\n\n\n<p>N\u00e1stroje jako \u201eHave I Been Pwned\u201c v\u00e1m umo\u017e\u0148uj\u00ed zkontrolovat, zda se v\u00e1\u0161 e-mail objevil ve zn\u00e1m\u00fdch \u00fanic\u00edch, a n\u011bkolik bank varuje p\u0159ed podez\u0159elou aktivitou.<\/p>","protected":false},"excerpt":{"rendered":"<p>Fr\u00e1ze \u201eJak chr\u00e1nit sv\u00e9 osobn\u00ed \u00fadaje v digit\u00e1ln\u00edm v\u011bku\u201c se v roce 2025 stala ka\u017edodenn\u00ed z\u00e1le\u017eitost\u00ed, zejm\u00e9na kv\u016fli n\u00e1r\u016fstu \u00fanik\u016f dat a intenzivn\u00edmu vyu\u017e\u00edv\u00e1n\u00ed dat aplikacemi, platformami a slu\u017ebami. Ne\u017e se do t\u00e9matu pono\u0159\u00edme, stoj\u00ed za to si kr\u00e1tce proj\u00edt shrnut\u00ed: Pro\u010d osobn\u00ed \u00fadaje [\u2026]<\/p>","protected":false},"author":219,"featured_media":10396,"comment_status":"closed","ping_status":"open","sticky":false,"template":"","format":"standard","meta":{"footnotes":""},"categories":[3],"tags":[],"yoast_head":"<!-- This site is optimized with the Yoast SEO plugin v23.3 - https:\/\/yoast.com\/wordpress\/plugins\/seo\/ -->\n<title>C\u00f3mo resguardar tu informaci\u00f3n personal en la era digital - Universo Fam\u00edlia<\/title>\n<meta name=\"description\" content=\"La frase \u201cC\u00f3mo resguardar tu informaci\u00f3n personal en la era digital\u201d se ha vuelto una preocupaci\u00f3n diaria en 2025, especialmente por el...\" \/>\n<meta name=\"robots\" content=\"index, follow, max-snippet:-1, max-image-preview:large, max-video-preview:-1\" \/>\n<link rel=\"canonical\" href=\"https:\/\/universofamilia.com\/cs\/como-resguardar-tu-informacion-personal-en-la-era-digital\/\" \/>\n<meta property=\"og:locale\" content=\"cs_CZ\" \/>\n<meta property=\"og:type\" content=\"article\" \/>\n<meta property=\"og:title\" content=\"C\u00f3mo resguardar tu informaci\u00f3n personal en la era digital - Universo Fam\u00edlia\" \/>\n<meta property=\"og:description\" content=\"La frase \u201cC\u00f3mo resguardar tu informaci\u00f3n personal en la era digital\u201d se ha vuelto una preocupaci\u00f3n diaria en 2025, especialmente por el...\" \/>\n<meta property=\"og:url\" content=\"https:\/\/universofamilia.com\/cs\/como-resguardar-tu-informacion-personal-en-la-era-digital\/\" \/>\n<meta property=\"og:site_name\" content=\"Universo Fam\u00edlia\" \/>\n<meta property=\"article:published_time\" content=\"2025-11-22T01:52:32+00:00\" \/>\n<meta property=\"article:modified_time\" content=\"2025-11-22T01:52:36+00:00\" \/>\n<meta property=\"og:image\" content=\"https:\/\/universofamilia.com\/wp-content\/uploads\/sites\/148\/2025\/11\/Destaque-Novo-Universo-7.jpg\" \/>\n\t<meta property=\"og:image:width\" content=\"450\" \/>\n\t<meta property=\"og:image:height\" content=\"250\" \/>\n\t<meta property=\"og:image:type\" content=\"image\/jpeg\" \/>\n<meta name=\"author\" content=\"Matheus Sangaletti\" \/>\n<meta name=\"twitter:card\" content=\"summary_large_image\" \/>\n<meta name=\"twitter:label1\" content=\"Written by\" \/>\n\t<meta name=\"twitter:data1\" content=\"Matheus Sangaletti\" \/>\n\t<meta name=\"twitter:label2\" content=\"Est. reading time\" \/>\n\t<meta name=\"twitter:data2\" content=\"7 minut\" \/>\n<script type=\"application\/ld+json\" class=\"yoast-schema-graph\">{\"@context\":\"https:\/\/schema.org\",\"@graph\":[{\"@type\":\"WebPage\",\"@id\":\"https:\/\/universofamilia.com\/en\/como-resguardar-tu-informacion-personal-en-la-era-digital\/\",\"url\":\"https:\/\/universofamilia.com\/en\/como-resguardar-tu-informacion-personal-en-la-era-digital\/\",\"name\":\"C\u00f3mo resguardar tu informaci\u00f3n personal en la era digital - Universo Fam\u00edlia\",\"isPartOf\":{\"@id\":\"http:\/\/universofamilia.com\/zh_hk\/#website\"},\"primaryImageOfPage\":{\"@id\":\"https:\/\/universofamilia.com\/en\/como-resguardar-tu-informacion-personal-en-la-era-digital\/#primaryimage\"},\"image\":{\"@id\":\"https:\/\/universofamilia.com\/en\/como-resguardar-tu-informacion-personal-en-la-era-digital\/#primaryimage\"},\"thumbnailUrl\":\"http:\/\/universofamilia.com\/wp-content\/uploads\/sites\/148\/2025\/11\/Destaque-Novo-Universo-7.jpg\",\"datePublished\":\"2025-11-22T01:52:32+00:00\",\"dateModified\":\"2025-11-22T01:52:36+00:00\",\"author\":{\"@id\":\"http:\/\/universofamilia.com\/zh_hk\/#\/schema\/person\/92fcd07e9b1f4323bf74f3170fc0f78a\"},\"description\":\"La frase \u201cC\u00f3mo resguardar tu informaci\u00f3n personal en la era digital\u201d se ha vuelto una preocupaci\u00f3n diaria en 2025, especialmente por el...\",\"breadcrumb\":{\"@id\":\"https:\/\/universofamilia.com\/en\/como-resguardar-tu-informacion-personal-en-la-era-digital\/#breadcrumb\"},\"inLanguage\":\"cs\",\"potentialAction\":[{\"@type\":\"ReadAction\",\"target\":[\"https:\/\/universofamilia.com\/en\/como-resguardar-tu-informacion-personal-en-la-era-digital\/\"]}]},{\"@type\":\"ImageObject\",\"inLanguage\":\"cs\",\"@id\":\"https:\/\/universofamilia.com\/en\/como-resguardar-tu-informacion-personal-en-la-era-digital\/#primaryimage\",\"url\":\"http:\/\/universofamilia.com\/wp-content\/uploads\/sites\/148\/2025\/11\/Destaque-Novo-Universo-7.jpg\",\"contentUrl\":\"http:\/\/universofamilia.com\/wp-content\/uploads\/sites\/148\/2025\/11\/Destaque-Novo-Universo-7.jpg\",\"width\":450,\"height\":250},{\"@type\":\"BreadcrumbList\",\"@id\":\"https:\/\/universofamilia.com\/en\/como-resguardar-tu-informacion-personal-en-la-era-digital\/#breadcrumb\",\"itemListElement\":[{\"@type\":\"ListItem\",\"position\":1,\"name\":\"Home\",\"item\":\"http:\/\/universofamilia.com\/zh_hk\/\"},{\"@type\":\"ListItem\",\"position\":2,\"name\":\"C\u00f3mo resguardar tu informaci\u00f3n personal en la era digital\"}]},{\"@type\":\"WebSite\",\"@id\":\"http:\/\/universofamilia.com\/zh_hk\/#website\",\"url\":\"http:\/\/universofamilia.com\/zh_hk\/\",\"name\":\"Universo Fam\u00edlia\",\"description\":\"\",\"potentialAction\":[{\"@type\":\"SearchAction\",\"target\":{\"@type\":\"EntryPoint\",\"urlTemplate\":\"http:\/\/universofamilia.com\/zh_hk\/?s={search_term_string}\"},\"query-input\":\"required name=search_term_string\"}],\"inLanguage\":\"cs\"},{\"@type\":\"Person\",\"@id\":\"http:\/\/universofamilia.com\/zh_hk\/#\/schema\/person\/92fcd07e9b1f4323bf74f3170fc0f78a\",\"name\":\"Matheus Sangaletti\",\"image\":{\"@type\":\"ImageObject\",\"inLanguage\":\"cs\",\"@id\":\"http:\/\/universofamilia.com\/zh_hk\/#\/schema\/person\/image\/\",\"url\":\"http:\/\/2.gravatar.com\/avatar\/280ea957a14a48e6a1ad2133d2cc27c9?s=96&d=mm&r=g\",\"contentUrl\":\"http:\/\/2.gravatar.com\/avatar\/280ea957a14a48e6a1ad2133d2cc27c9?s=96&d=mm&r=g\",\"caption\":\"Matheus Sangaletti\"},\"url\":\"http:\/\/universofamilia.com\/cs\/author\/matheuss\/\"}]}<\/script>\n<!-- \/ Yoast SEO plugin. -->","yoast_head_json":{"title":"C\u00f3mo resguardar tu informaci\u00f3n personal en la era digital - Universo Fam\u00edlia","description":"La frase \u201cC\u00f3mo resguardar tu informaci\u00f3n personal en la era digital\u201d se ha vuelto una preocupaci\u00f3n diaria en 2025, especialmente por el...","robots":{"index":"index","follow":"follow","max-snippet":"max-snippet:-1","max-image-preview":"max-image-preview:large","max-video-preview":"max-video-preview:-1"},"canonical":"https:\/\/universofamilia.com\/cs\/como-resguardar-tu-informacion-personal-en-la-era-digital\/","og_locale":"cs_CZ","og_type":"article","og_title":"C\u00f3mo resguardar tu informaci\u00f3n personal en la era digital - Universo Fam\u00edlia","og_description":"La frase \u201cC\u00f3mo resguardar tu informaci\u00f3n personal en la era digital\u201d se ha vuelto una preocupaci\u00f3n diaria en 2025, especialmente por el...","og_url":"https:\/\/universofamilia.com\/cs\/como-resguardar-tu-informacion-personal-en-la-era-digital\/","og_site_name":"Universo Fam\u00edlia","article_published_time":"2025-11-22T01:52:32+00:00","article_modified_time":"2025-11-22T01:52:36+00:00","og_image":[{"width":450,"height":250,"url":"https:\/\/universofamilia.com\/wp-content\/uploads\/sites\/148\/2025\/11\/Destaque-Novo-Universo-7.jpg","type":"image\/jpeg"}],"author":"Matheus Sangaletti","twitter_card":"summary_large_image","twitter_misc":{"Written by":"Matheus Sangaletti","Est. reading time":"7 minut"},"schema":{"@context":"https:\/\/schema.org","@graph":[{"@type":"WebPage","@id":"https:\/\/universofamilia.com\/en\/como-resguardar-tu-informacion-personal-en-la-era-digital\/","url":"https:\/\/universofamilia.com\/en\/como-resguardar-tu-informacion-personal-en-la-era-digital\/","name":"C\u00f3mo resguardar tu informaci\u00f3n personal en la era digital - Universo Fam\u00edlia","isPartOf":{"@id":"http:\/\/universofamilia.com\/zh_hk\/#website"},"primaryImageOfPage":{"@id":"https:\/\/universofamilia.com\/en\/como-resguardar-tu-informacion-personal-en-la-era-digital\/#primaryimage"},"image":{"@id":"https:\/\/universofamilia.com\/en\/como-resguardar-tu-informacion-personal-en-la-era-digital\/#primaryimage"},"thumbnailUrl":"http:\/\/universofamilia.com\/wp-content\/uploads\/sites\/148\/2025\/11\/Destaque-Novo-Universo-7.jpg","datePublished":"2025-11-22T01:52:32+00:00","dateModified":"2025-11-22T01:52:36+00:00","author":{"@id":"http:\/\/universofamilia.com\/zh_hk\/#\/schema\/person\/92fcd07e9b1f4323bf74f3170fc0f78a"},"description":"La frase \u201cC\u00f3mo resguardar tu informaci\u00f3n personal en la era digital\u201d se ha vuelto una preocupaci\u00f3n diaria en 2025, especialmente por el...","breadcrumb":{"@id":"https:\/\/universofamilia.com\/en\/como-resguardar-tu-informacion-personal-en-la-era-digital\/#breadcrumb"},"inLanguage":"cs","potentialAction":[{"@type":"ReadAction","target":["https:\/\/universofamilia.com\/en\/como-resguardar-tu-informacion-personal-en-la-era-digital\/"]}]},{"@type":"ImageObject","inLanguage":"cs","@id":"https:\/\/universofamilia.com\/en\/como-resguardar-tu-informacion-personal-en-la-era-digital\/#primaryimage","url":"http:\/\/universofamilia.com\/wp-content\/uploads\/sites\/148\/2025\/11\/Destaque-Novo-Universo-7.jpg","contentUrl":"http:\/\/universofamilia.com\/wp-content\/uploads\/sites\/148\/2025\/11\/Destaque-Novo-Universo-7.jpg","width":450,"height":250},{"@type":"BreadcrumbList","@id":"https:\/\/universofamilia.com\/en\/como-resguardar-tu-informacion-personal-en-la-era-digital\/#breadcrumb","itemListElement":[{"@type":"ListItem","position":1,"name":"Home","item":"http:\/\/universofamilia.com\/zh_hk\/"},{"@type":"ListItem","position":2,"name":"C\u00f3mo resguardar tu informaci\u00f3n personal en la era digital"}]},{"@type":"WebSite","@id":"http:\/\/universofamilia.com\/zh_hk\/#website","url":"http:\/\/universofamilia.com\/zh_hk\/","name":"Universo Fam\u00edlia","description":"","potentialAction":[{"@type":"SearchAction","target":{"@type":"EntryPoint","urlTemplate":"http:\/\/universofamilia.com\/zh_hk\/?s={search_term_string}"},"query-input":"required name=search_term_string"}],"inLanguage":"cs"},{"@type":"Person","@id":"http:\/\/universofamilia.com\/zh_hk\/#\/schema\/person\/92fcd07e9b1f4323bf74f3170fc0f78a","name":"Matheus Sangaletti","image":{"@type":"ImageObject","inLanguage":"cs","@id":"http:\/\/universofamilia.com\/zh_hk\/#\/schema\/person\/image\/","url":"http:\/\/2.gravatar.com\/avatar\/280ea957a14a48e6a1ad2133d2cc27c9?s=96&d=mm&r=g","contentUrl":"http:\/\/2.gravatar.com\/avatar\/280ea957a14a48e6a1ad2133d2cc27c9?s=96&d=mm&r=g","caption":"Matheus Sangaletti"},"url":"http:\/\/universofamilia.com\/cs\/author\/matheuss\/"}]}},"_links":{"self":[{"href":"http:\/\/universofamilia.com\/cs\/wp-json\/wp\/v2\/posts\/10395"}],"collection":[{"href":"http:\/\/universofamilia.com\/cs\/wp-json\/wp\/v2\/posts"}],"about":[{"href":"http:\/\/universofamilia.com\/cs\/wp-json\/wp\/v2\/types\/post"}],"author":[{"embeddable":true,"href":"http:\/\/universofamilia.com\/cs\/wp-json\/wp\/v2\/users\/219"}],"replies":[{"embeddable":true,"href":"http:\/\/universofamilia.com\/cs\/wp-json\/wp\/v2\/comments?post=10395"}],"version-history":[{"count":1,"href":"http:\/\/universofamilia.com\/cs\/wp-json\/wp\/v2\/posts\/10395\/revisions"}],"predecessor-version":[{"id":10401,"href":"http:\/\/universofamilia.com\/cs\/wp-json\/wp\/v2\/posts\/10395\/revisions\/10401"}],"wp:featuredmedia":[{"embeddable":true,"href":"http:\/\/universofamilia.com\/cs\/wp-json\/wp\/v2\/media\/10396"}],"wp:attachment":[{"href":"http:\/\/universofamilia.com\/cs\/wp-json\/wp\/v2\/media?parent=10395"}],"wp:term":[{"taxonomy":"category","embeddable":true,"href":"http:\/\/universofamilia.com\/cs\/wp-json\/wp\/v2\/categories?post=10395"},{"taxonomy":"post_tag","embeddable":true,"href":"http:\/\/universofamilia.com\/cs\/wp-json\/wp\/v2\/tags?post=10395"}],"curies":[{"name":"wp","href":"https:\/\/api.w.org\/{rel}","templated":true}]}}