{"id":10459,"date":"2025-12-26T11:16:37","date_gmt":"2025-12-26T14:16:37","guid":{"rendered":"https:\/\/universofamilia.com\/?p=10459"},"modified":"2025-12-26T11:16:39","modified_gmt":"2025-12-26T14:16:39","slug":"como-prepararse-para-entrevistas-de-trabajo-virtuales","status":"publish","type":"post","link":"http:\/\/universofamilia.com\/cs\/como-prepararse-para-entrevistas-de-trabajo-virtuales\/","title":{"rendered":"Jak se p\u0159ipravit na virtu\u00e1ln\u00ed pracovn\u00ed pohovory"},"content":{"rendered":"<p class=\"has-text-align-center\"><strong>Jak se p\u0159ipravit na virtu\u00e1ln\u00ed pracovn\u00ed pohovory<\/strong> Do roku 2025 se stala nezbytnou profesn\u00ed dovednost\u00ed.<\/p>\n\n\n\n<figure class=\"wp-block-gallery has-nested-images columns-default is-cropped wp-block-gallery-1 is-layout-flex wp-block-gallery-is-layout-flex\">\n<figure class=\"wp-block-image size-full\"><img loading=\"lazy\" decoding=\"async\" width=\"450\" height=\"250\" data-id=\"10461\" src=\"https:\/\/universofamilia.com\/wp-content\/uploads\/sites\/148\/2025\/12\/Destaque-Novo-Universo-16-1.jpg\" alt=\"\" class=\"wp-image-10461\" srcset=\"http:\/\/universofamilia.com\/wp-content\/uploads\/sites\/148\/2025\/12\/Destaque-Novo-Universo-16-1.jpg 450w, http:\/\/universofamilia.com\/wp-content\/uploads\/sites\/148\/2025\/12\/Destaque-Novo-Universo-16-1-300x167.jpg 300w, http:\/\/universofamilia.com\/wp-content\/uploads\/sites\/148\/2025\/12\/Destaque-Novo-Universo-16-1-18x10.jpg 18w\" sizes=\"(max-width: 450px) 100vw, 450px\" \/><figcaption class=\"wp-element-caption\">Jak se p\u0159ipravit na virtu\u00e1ln\u00ed pracovn\u00ed pohovory<\/figcaption><\/figure>\n<\/figure>\n\n\n\n<p class=\"has-text-align-center\">R\u016fst pr\u00e1ce na d\u00e1lku, hybridn\u00ed n\u00e1borov\u00e9 procesy a digitalizace talent\u016f nav\u017edy zm\u011bnily zp\u016fsob, jak\u00fdm firmy hodnot\u00ed kandid\u00e1ty.<\/p>\n\n\n\n<p>M\u00edt dobr\u00fd \u017eivotopis u\u017e nesta\u010d\u00ed: nyn\u00ed z\u00e1le\u017e\u00ed i na tom, jak komunikujete prost\u0159ednictv\u00edm obrazovky, jak zvl\u00e1d\u00e1te technologie a jak autenti\u010dt\u00ed dok\u00e1\u017eete b\u00fdt v digit\u00e1ln\u00edm prost\u0159ed\u00ed.<\/p>\n\n\n\n<p>Ne\u017e se do toho pust\u00edme hloub\u011bji, stoj\u00ed za to uv\u00e9st stru\u010dn\u00e9 shrnut\u00ed, kter\u00e9 by \u010dten\u00ed usnadnilo: pro\u010d jsou virtu\u00e1ln\u00ed pohovory nyn\u00ed normou a jak\u00e9 chyby i nad\u00e1le stoj\u00ed p\u0159\u00edle\u017eitosti.<\/p>\n\n\n\n<p>Jak p\u0159ipravit prost\u0159ed\u00ed a technologie, co n\u00e1bor\u00e1\u0159i skute\u010dn\u011b hodnot\u00ed, kl\u00ed\u010dov\u00e1 statistika, dva p\u0159\u00edklady z re\u00e1ln\u00e9ho sv\u011bta, objas\u0148uj\u00edc\u00ed analogie, praktick\u00e1 tabulka a jasn\u00e9 odpov\u011bdi na \u010dasto kladen\u00e9 ot\u00e1zky.<\/p>\n\n\n\n<h2 class=\"wp-block-heading\"><strong>Nov\u00fd kontext virtu\u00e1ln\u00edch pohovor\u016f v roce 2025<\/strong><\/h2>\n\n\n\n<p>Virtu\u00e1ln\u00ed pohovory ji\u017e nejsou do\u010dasn\u00fdm \u0159e\u0161en\u00edm. Platformy jako Zoom, Microsoft Teams a Google Meet se pevn\u011b integrovaly do n\u00e1borov\u00fdch proces\u016f, a to i v tradi\u010dn\u00edch spole\u010dnostech.<\/p>\n\n\n\n<p>Tento form\u00e1t umo\u017e\u0148uje sn\u00ed\u017een\u00ed n\u00e1klad\u016f, roz\u0161\u00ed\u0159en\u00ed glob\u00e1ln\u00edho dosahu talent\u016f a rychlej\u0161\u00ed rozhodov\u00e1n\u00ed.<\/p>\n\n\n\n<p>Zm\u011bna v\u0161ak z\u00e1rove\u0148 zv\u00fd\u0161ila la\u0165ku.<\/p>\n\n\n\n<p>Ti, kte\u0159\u00ed se \u00fa\u010dastn\u00ed online pohovoru, prokazuj\u00ed nejen technick\u00e9 znalosti, ale tak\u00e9 digit\u00e1ln\u00ed dovednosti, jasnou komunikaci a p\u0159izp\u016fsobivost.<\/p>\n\n\n\n<p>B\u00fdt p\u0159ipraven\u00fd u\u017e nen\u00ed voliteln\u00e9; rozhoduje o tom, zda se posuneme vp\u0159ed, nebo z\u016fstaneme pozadu.<\/p>\n\n\n\n<h2 class=\"wp-block-heading\"><strong>Co n\u00e1bor\u00e1\u0159i dnes hledaj\u00ed na virtu\u00e1ln\u00edm pohovoru<\/strong><\/h2>\n\n\n\n<p>Mnoho kandid\u00e1t\u016f se domn\u00edv\u00e1, \u017ee n\u00e1bor\u00e1\u0159 hodnot\u00ed pouze odpov\u011bdi. Ve skute\u010dnosti anal\u00fdza jde mnohem d\u00e1l.<\/p>\n\n\n\n<p>Pozorujte zp\u016fsob vyjad\u0159ov\u00e1n\u00ed, schopnost syntetizovat, \u0159e\u010d t\u011bla p\u0159ed kamerou a \u0159e\u0161en\u00ed nep\u0159edv\u00eddan\u00fdch technick\u00fdch probl\u00e9m\u016f.<\/p>\n\n\n\n<p>Podle zpr\u00e1vy od <strong>Zpr\u00e1va o u\u010den\u00ed na pracovi\u0161ti na LinkedInu<\/strong>v\u00edce ne\u017e <strong>70 % n\u00e1bor\u00e1\u0159\u016f pova\u017euje komunika\u010dn\u00ed dovednosti a dovednosti v oblasti digit\u00e1ln\u00ed adaptability za stejn\u011b d\u016fle\u017eit\u00e9 jako technick\u00e9 znalosti.<\/strong> ve virtu\u00e1ln\u00edch procesech.<\/p>\n\n\n\n<p>Tato data potvrzuj\u00ed, \u017ee p\u0159\u00edprava mus\u00ed b\u00fdt komplexn\u00ed a neomezovat se pouze na odbornou diskusi.<\/p>\n\n\n\n<h2 class=\"wp-block-heading\"><strong>Technick\u00e1 p\u0159\u00edprava: z\u00e1klad, kter\u00fd nenech\u00e1v\u00e1 prostor pro chyby<\/strong><\/h2>\n\n\n\n<p>I kdy\u017e se to m\u016f\u017ee zd\u00e1t samoz\u0159ejm\u00e9, mnoho proces\u016f se ztrat\u00ed kv\u016fli jednoduch\u00fdm chyb\u00e1m. \u0160patn\u00e9 p\u0159ipojen\u00ed, vadn\u00fd mikrofon nebo hlu\u010dn\u00e9 prost\u0159ed\u00ed vytv\u00e1\u0159ej\u00ed okam\u017eit\u00fd negativn\u00ed dojem.<\/p>\n\n\n\n<p>Je vhodn\u00e9 si technologii ov\u011b\u0159it alespo\u0148 den p\u0159edem. Kamera ve v\u00fd\u0161ce o\u010d\u00ed, \u010dist\u00fd zvuk a stabiln\u00ed p\u0159ipojen\u00ed sv\u011bd\u010d\u00ed o profesionalit\u011b.<\/p>\n\n\n\n<p>Zav\u00edr\u00e1n\u00ed nepot\u0159ebn\u00fdch aplikac\u00ed nav\u00edc zabra\u0148uje neo\u010dek\u00e1van\u00fdm p\u0159eru\u0161en\u00edm.<\/p>\n\n\n\n<p>Zde vstupuje do hry m\u00e1lo zmi\u0148ovan\u00e9 pravidlo: jednoduchost.<\/p>\n\n\n\n<p>\u00dahledn\u00e9 a neutr\u00e1ln\u00ed pozad\u00ed vyjad\u0159uje soust\u0159ed\u011bn\u00ed. Nejde o to, aby \u010dlov\u011bk zap\u016fsobil technologi\u00ed, ale o to, aby usnadnil konverzaci.<\/p>\n\n\n\n<h2 class=\"wp-block-heading\"><strong>\u017divotn\u00ed prost\u0159ed\u00ed: d\u016fle\u017eit\u011bj\u0161\u00ed, ne\u017e si p\u0159edstavujete<\/strong><\/h2>\n\n\n\n<p>Prostor, ze kter\u00e9ho se p\u0159ipojujete, tak\u00e9 n\u011bco sd\u011bluje. P\u0159irozen\u00e9 sv\u011btlo, \u010dist\u00e1 ze\u010f nebo diskr\u00e9tn\u00ed virtu\u00e1ln\u00ed pozad\u00ed a pohodln\u00e1 \u017eidle, to v\u0161e ovliv\u0148uje v\u00e1\u0161 v\u00fdkon.<\/p>\n\n\n\n<p>Vzp\u0159\u00edmen\u00fd postoj vyza\u0159uje sebev\u011bdom\u00ed a energii, a to i p\u0159es obrazovku.<\/p>\n\n\n\n<p>Informov\u00e1n\u00ed bl\u00edzk\u00fdch kontakt\u016f, aby se p\u0159ede\u0161lo vyru\u0161en\u00ed, nav\u00edc sv\u011bd\u010d\u00ed o p\u0159edv\u00eddavosti. Tento detail, a\u010dkoli je \u010dasto p\u0159ehl\u00ed\u017een, sni\u017euje stres a zlep\u0161uje plynulost komunikace.<\/p>\n\n\n\n<h2 class=\"wp-block-heading\"><strong>Verb\u00e1ln\u00ed a neverb\u00e1ln\u00ed komunikace na obrazovce<\/strong><\/h2>\n\n\n\n<p>Mluven\u00ed p\u0159ed kamerou vy\u017eaduje \u00fapravy. Pohled p\u0159\u00edmo do objektivu, a ne na vlastn\u00ed obraz, vytv\u00e1\u0159\u00ed pocit o\u010dn\u00edho kontaktu.<\/p>\n\n\n\n<p>Modulace hlasu, pauzy a vyh\u00fdb\u00e1n\u00ed se vulg\u00e1rn\u00edm slov\u016fm posiluj\u00ed srozumitelnost sd\u011blen\u00ed.<\/p>\n\n\n\n<p>V\u00fdrazy obli\u010deje tak\u00e9 z\u00e1le\u017e\u00ed. P\u0159irozen\u00fd \u00fasm\u011bv, p\u0159ikyvov\u00e1n\u00ed a projevov\u00e1n\u00ed z\u00e1jmu udr\u017euj\u00ed lidsk\u00e9 spojen\u00ed.<\/p>\n\n\n\n<p>I kdy\u017e je prost\u0159ed\u00ed digit\u00e1ln\u00ed, pohovor je st\u00e1le konverzac\u00ed mezi lidmi.<\/p>\n\n\n\n<p>To vyvol\u00e1v\u00e1 kl\u00ed\u010dovou ot\u00e1zku k zamy\u0161len\u00ed: <strong>Kdyby n\u00e1bor\u00e1\u0159 m\u011bl k dispozici pouze v\u00e1\u0161 image a v\u00e1\u0161 hlas, jak\u00fd profesion\u00e1ln\u00ed p\u0159\u00edb\u011bh by vn\u00edmal?<\/strong><\/p>\n\n\n\n<h2 class=\"wp-block-heading\"><strong>Jak strategicky strukturovat odpov\u011bdi<\/strong><\/h2>\n\n\n\n<p>Improvizace m\u00e1lokdy funguje. P\u0159\u00edprava odpov\u011bd\u00ed s konkr\u00e9tn\u00edmi p\u0159\u00edklady dod\u00e1v\u00e1 d\u016fv\u011bryhodnost.<\/p>\n\n\n\n<p>U\u017eite\u010dnou technikou je stru\u010dn\u011b popsat situaci, vysv\u011btlit proveden\u00e9 kroky a na z\u00e1v\u011br uv\u00e9st dosa\u017een\u00fd v\u00fdsledek.<\/p>\n\n\n\n<h3 class=\"wp-block-heading\"><strong>P\u0159\u00edklad 1<\/strong><\/h3>\n\n\n\n<p>Kandid\u00e1tka na pozici v digit\u00e1ln\u00edm marketingu vysv\u011btlila, jak b\u011bhem krize adaptovala osobn\u00ed kampa\u0148 do online form\u00e1tu, a zd\u016fraznila p\u0159itom skute\u010dn\u00e9 konverzn\u00ed metriky.<\/p>\n\n\n\n<p>Jasnost a zam\u011b\u0159en\u00ed na v\u00fdsledky pos\u00edlily jej\u00ed profil, a to i bez p\u0159edchoz\u00edch zku\u0161enost\u00ed s prac\u00ed na d\u00e1lku.<\/p>\n\n\n\n<p>Tento typ vypr\u00e1v\u011bn\u00ed propojuje zku\u0161enost s aktu\u00e1ln\u00edm kontextem, co\u017e je u virtu\u00e1ln\u00edch rozhovor\u016f vysoce cen\u011bno.<\/p>\n\n\n\n<h2 class=\"wp-block-heading\"><strong>Profesion\u00e1ln\u00ed oble\u010den\u00ed a vzhled<\/strong><\/h2>\n\n\n\n<p>I kdy\u017e se pohovor kon\u00e1 z domova, image by m\u011bla b\u00fdt v souladu s firemn\u00ed kulturou.<\/p>\n\n\n\n<p>Profesion\u00e1ln\u00ed oble\u010den\u00ed, tlumen\u00e9 barvy a vyh\u00fdb\u00e1n\u00ed se k\u0159iklav\u00fdm potisk\u016fm pom\u00e1haj\u00ed udr\u017eet pozornost na projevu.<\/p>\n\n\n\n<p>Vhodn\u00e9 obl\u00e9k\u00e1n\u00ed tak\u00e9 ovliv\u0148uje postoj. Oble\u010den\u00ed funguje jako psychologick\u00e1 kotva, kter\u00e1 p\u0159ipravuje mysl na sebev\u011bdom\u011bj\u0161\u00ed a soust\u0159ed\u011bn\u011bj\u0161\u00ed v\u00fdkon.<\/p>\n\n\n\n<h2 class=\"wp-block-heading\"><strong>P\u0159edchoz\u00ed v\u00fdzkum: tich\u00fd diferenci\u00e1l<\/strong><\/h2>\n\n\n\n<p>Znalost spole\u010dnosti, jej\u00ed kultury a aktu\u00e1ln\u00edch v\u00fdzev sv\u011bd\u010d\u00ed o skute\u010dn\u00e9m z\u00e1jmu.<\/p>\n\n\n\n<p>Prozkoum\u00e1n\u00ed jejich webov\u00fdch str\u00e1nek, profesn\u00edch s\u00edt\u00ed a ned\u00e1vn\u00fdch zpr\u00e1v v\u00e1m umo\u017en\u00ed formulovat inteligentn\u00ed ot\u00e1zky.<\/p>\n\n\n\n<p>V\u00fdzkumn\u00edci prokazuj\u00ed odhodl\u00e1n\u00ed. Propojen\u00ed va\u0161ich dovednost\u00ed se skute\u010dn\u00fdmi pot\u0159ebami firmy nav\u00edc posiluje vn\u00edm\u00e1n\u00ed hodnoty.<\/p>\n\n\n\n<h2 class=\"wp-block-heading\"><strong>Analogie, kter\u00e1 vysv\u011btluje v\u0161echno<\/strong><\/h2>\n\n\n\n<p>P\u0159\u00edprava na virtu\u00e1ln\u00ed pohovor je velmi podobn\u00e1 <strong>naladit n\u00e1stroj p\u0159ed koncertem<\/strong>Talent u\u017e existuje, ale bez p\u0159edchoz\u00ed \u00fapravy zvuk ztr\u00e1c\u00ed svou s\u00edlu.<\/p>\n\n\n\n<p>P\u0159\u00edprava nezm\u011bn\u00ed to, k\u00fdm jste, jen v\u00e1m umo\u017en\u00ed jasn\u011b projevit se ve va\u0161em nejlep\u0161\u00edm sv\u011btle.<\/p>\n\n\n\n<h2 class=\"wp-block-heading\"><strong>Praktick\u00fd pr\u016fvodce: kl\u00ed\u010dov\u00e9 aspekty \u00fasp\u011b\u0161n\u00e9ho virtu\u00e1ln\u00edho pohovoru<\/strong><\/h2>\n\n\n\n<figure class=\"wp-block-table\"><table><thead><tr><th>Vyhodnocen\u00e1 oblast<\/th><th>Co si ov\u011b\u0159it p\u0159ed pohovorem<\/th><\/tr><\/thead><tbody><tr><td>Technologie<\/td><td>Kamera, mikrofon a p\u0159ipojen\u00ed<\/td><\/tr><tr><td>Kolem<\/td><td>Sv\u011btlo, pozad\u00ed a ticho<\/td><\/tr><tr><td>Sd\u011blen\u00ed<\/td><td>Jasnost, pauzy a o\u010dn\u00ed kontakt<\/td><\/tr><tr><td>Obsah<\/td><td>Strukturovan\u00e9 odpov\u011bdi<\/td><\/tr><tr><td>Profesion\u00e1ln\u00ed image<\/td><td>Oble\u010den\u00ed odpov\u00eddaj\u00edc\u00ed roli<\/td><\/tr><\/tbody><\/table><figcaption class=\"wp-element-caption\">Jak se p\u0159ipravit na virtu\u00e1ln\u00ed pracovn\u00ed pohovory<\/figcaption><\/figure>\n\n\n\n<figure class=\"wp-block-gallery has-nested-images columns-default is-cropped wp-block-gallery-2 is-layout-flex wp-block-gallery-is-layout-flex\">\n<figure class=\"wp-block-image size-full\"><img loading=\"lazy\" decoding=\"async\" width=\"450\" height=\"250\" data-id=\"10462\" src=\"https:\/\/universofamilia.com\/wp-content\/uploads\/sites\/148\/2025\/12\/Destaque-Novo-Universo-17.jpg\" alt=\"\" class=\"wp-image-10462\" srcset=\"http:\/\/universofamilia.com\/wp-content\/uploads\/sites\/148\/2025\/12\/Destaque-Novo-Universo-17.jpg 450w, http:\/\/universofamilia.com\/wp-content\/uploads\/sites\/148\/2025\/12\/Destaque-Novo-Universo-17-300x167.jpg 300w, http:\/\/universofamilia.com\/wp-content\/uploads\/sites\/148\/2025\/12\/Destaque-Novo-Universo-17-18x10.jpg 18w\" sizes=\"(max-width: 450px) 100vw, 450px\" \/><figcaption class=\"wp-element-caption\">Jak se p\u0159ipravit na virtu\u00e1ln\u00ed pracovn\u00ed pohovory<\/figcaption><\/figure>\n<\/figure>\n\n\n\n<p>\u010ct\u011bte v\u00edce:\u00a0<a href=\"http:\/\/universofamilia.com\/cs\/carreras-sostenibles-empleos-verdes-en-auge\/\">Udr\u017eiteln\u00e9 kari\u00e9ry: rozmach zelen\u00fdch pracovn\u00edch m\u00edst<\/a><\/p>\n\n\n\n<h2 class=\"wp-block-heading\"><strong>Zvl\u00e1d\u00e1n\u00ed neo\u010dek\u00e1van\u00fdch ud\u00e1lost\u00ed bez ztr\u00e1ty d\u016fv\u011bryhodnosti<\/strong><\/h2>\n\n\n\n<p>Technick\u00e9 probl\u00e9my se mohou vyskytnout i p\u0159i p\u0159\u00edprav\u011b.<\/p>\n\n\n\n<p>Rozd\u00edl spo\u010d\u00edv\u00e1 v tom, jak se s nimi nakl\u00e1d\u00e1. Klidn\u00e9 informov\u00e1n\u00ed lid\u00ed, navrhov\u00e1n\u00ed rychl\u00e9ho \u0159e\u0161en\u00ed a zachov\u00e1n\u00ed profesion\u00e1ln\u00edho p\u0159\u00edstupu chr\u00e1n\u00ed va\u0161i image.<\/p>\n\n\n\n<h3 class=\"wp-block-heading\"><strong>P\u0159\u00edklad 2<\/strong><\/h3>\n\n\n\n<p>V\u00fdvoj\u00e1\u0159 ztratil spojen\u00ed b\u011bhem mezin\u00e1rodn\u00edho pohovoru.<\/p>\n\n\n\n<p>M\u00edsto paniky se znovu spojila, kr\u00e1tce se omluvila a klidn\u011b pokra\u010dovala v konverzaci.<\/p>\n\n\n\n<p>Tato reakce byla cen\u011bna jako zn\u00e1mka profesion\u00e1ln\u00ed zralosti.<\/p>\n\n\n\n<h2 class=\"wp-block-heading\"><strong>Uzav\u0159en\u00ed: promarn\u011bn\u00e1 p\u0159\u00edle\u017eitost<\/strong><\/h2>\n\n\n\n<p>Mnoho kandid\u00e1t\u016f zanedb\u00e1v\u00e1 z\u00e1v\u011bre\u010dnou f\u00e1zi. Pod\u011bkov\u00e1n\u00ed za jejich \u010das, stru\u010dn\u00e9 shrnut\u00ed va\u0161eho z\u00e1jmu a dotaz na dal\u0161\u00ed kroky zanech\u00e1v\u00e1 pozitivn\u00ed a profesion\u00e1ln\u00ed dojem.<\/p>\n\n\n\n<p>Zasl\u00e1n\u00ed n\u00e1sledn\u00e9 d\u011bkovn\u00e9 zpr\u00e1vy posiluje pouto a projevuje profesion\u00e1ln\u00ed zdvo\u0159ilost, co\u017e je vlastnost, kter\u00e1 je i nad\u00e1le vysoce cen\u011bna.<\/p>\n\n\n\n<h2 class=\"wp-block-heading\"><strong>Z\u00e1v\u011br<\/strong><\/h2>\n\n\n\n<p>Zvl\u00e1dnout <strong>Jak se p\u0159ipravit na virtu\u00e1ln\u00ed pracovn\u00ed pohovory<\/strong> Zahrnuje to mnohem v\u00edc ne\u017e jen zapnut\u00ed kamery a odpov\u00edd\u00e1n\u00ed na ot\u00e1zky.<\/p>\n\n\n\n<p>Vy\u017eaduje to strategii, sebeuv\u011bdom\u011bn\u00ed a adaptaci na nov\u00fd digit\u00e1ln\u00ed jazyk trhu pr\u00e1ce.<\/p>\n\n\n\n<p>Ti, kte\u0159\u00ed jsou p\u0159ipraveni, vyjad\u0159uj\u00ed sebev\u011bdom\u00ed, jasnost a profesionalitu, a to i prost\u0159ednictv\u00edm obrazovky.<\/p>\n\n\n\n<p>V konkuren\u010dn\u00edm a glob\u00e1ln\u00edm prost\u0159ed\u00ed nen\u00ed virtu\u00e1ln\u00ed pohovor p\u0159ek\u00e1\u017ekou, ale sp\u00ed\u0161e uk\u00e1zkou.<\/p>\n\n\n\n<p>Dobr\u00e1 p\u0159\u00edprava v\u00e1m umo\u017en\u00ed uk\u00e1zat svou skute\u010dnou hodnotu a p\u0159istupovat k p\u0159\u00edle\u017eitosti, kterou hled\u00e1te, s v\u011bt\u0161\u00edm sebev\u011bdom\u00edm.<\/p>\n\n\n\n<p>\u010ct\u011bte v\u00edce:\u00a0<a href=\"http:\/\/universofamilia.com\/cs\/el-teletrabajo-en-2025-las-nuevas-tendencias-del-home-office\/\">Pr\u00e1ce na d\u00e1lku v roce 2025: Nov\u00e9 trendy v pr\u00e1ci z domova<\/a><\/p>\n\n\n\n<h2 class=\"wp-block-heading\"><strong>\u010casto kladen\u00e9 ot\u00e1zky<\/strong><\/h2>\n\n\n\n<p><strong>Jsou virtu\u00e1ln\u00ed pohovory m\u00e9n\u011b form\u00e1ln\u00ed ne\u017e osobn\u00ed pohovory?<\/strong><\/p>\n\n\n\n<p>Ne. I kdy\u017e je prost\u0159ed\u00ed digit\u00e1ln\u00ed, o\u010dek\u00e1van\u00e1 \u00farove\u0148 profesionality z\u016fst\u00e1v\u00e1 stejn\u00e1 nebo i vy\u0161\u0161\u00ed.<\/p>\n\n\n\n<p><strong>Je vhodn\u00e9 pou\u017e\u00edvat virtu\u00e1ln\u00ed pen\u00edze?<\/strong><\/p>\n\n\n\n<p>Ano, pokud jsou diskr\u00e9tn\u00ed a stabiln\u00ed. Dob\u0159e organizovan\u00e9, skute\u010dn\u00e9 pozad\u00ed obvykle vytv\u00e1\u0159\u00ed p\u0159irozen\u011bj\u0161\u00ed vzhled.<\/p>\n\n\n\n<p><strong>Jak dlouho p\u0159edem se m\u00e1m p\u0159ihl\u00e1sit?<\/strong><\/p>\n\n\n\n<p>P\u0159\u00edchod 5 a\u017e 10 minut p\u0159edem je dostate\u010dn\u00fd \u010das na ov\u011b\u0159en\u00ed podrobnost\u00ed, ani\u017e byste se obt\u011b\u017eovali.<\/p>\n\n\n\n<p><strong>Je vhodn\u00e9 si b\u011bhem pohovoru d\u011blat pozn\u00e1mky?<\/strong><\/p>\n\n\n\n<p>Ano, pokud se to d\u011bl\u00e1 kr\u00e1tce a bez ztr\u00e1ty o\u010dn\u00edho kontaktu.<\/p>\n\n\n\n<p><strong>M\u016f\u017ee technick\u00e1 p\u0159\u00edprava kompenzovat nedostatek zku\u0161enost\u00ed?<\/strong><\/p>\n\n\n\n<p>Nenahrazuje zku\u0161enosti, ale posiluje vn\u00edm\u00e1n\u00ed kompetence a profesionality.<\/p>\n\n\n\n<p>P\u0159\u00edprava dnes nejen zlep\u0161\u00ed v\u00e1\u0161 v\u00fdkon, ale tak\u00e9 pos\u00edl\u00ed va\u0161i sebed\u016fv\u011bru.<\/p>\n\n\n\n<p>Na digitalizovan\u00e9m trhu pr\u00e1ce z\u016fst\u00e1v\u00e1 tato kombinace jedn\u00edm z nejcenn\u011bj\u0161\u00edch aktiv.<\/p>","protected":false},"excerpt":{"rendered":"<p>C\u00f3mo prepararse para entrevistas de trabajo virtuales se ha convertido en una habilidad profesional imprescindible en 2025. El crecimiento del trabajo remoto, los procesos h\u00edbridos de reclutamiento y la digitalizaci\u00f3n del talento cambiaron para siempre la forma en que las empresas eval\u00faan candidatos. Ya no basta con tener un buen curr\u00edculum: ahora tambi\u00e9n importa c\u00f3mo [&hellip;]<\/p>","protected":false},"author":219,"featured_media":10460,"comment_status":"closed","ping_status":"open","sticky":false,"template":"","format":"standard","meta":{"footnotes":""},"categories":[5],"tags":[],"yoast_head":"<!-- This site is optimized with the Yoast SEO plugin v23.3 - https:\/\/yoast.com\/wordpress\/plugins\/seo\/ -->\n<title>C\u00f3mo prepararse para entrevistas de trabajo virtuales - Universo Fam\u00edlia<\/title>\n<meta name=\"description\" content=\"C\u00f3mo prepararse para entrevistas de trabajo virtuales se ha convertido en una habilidad profesional imprescindible en 2025.\" \/>\n<meta name=\"robots\" content=\"index, follow, max-snippet:-1, max-image-preview:large, max-video-preview:-1\" \/>\n<link rel=\"canonical\" href=\"https:\/\/universofamilia.com\/cs\/como-prepararse-para-entrevistas-de-trabajo-virtuales\/\" \/>\n<meta property=\"og:locale\" content=\"cs_CZ\" \/>\n<meta property=\"og:type\" content=\"article\" \/>\n<meta property=\"og:title\" content=\"C\u00f3mo prepararse para entrevistas de trabajo virtuales - Universo Fam\u00edlia\" \/>\n<meta property=\"og:description\" content=\"C\u00f3mo prepararse para entrevistas de trabajo virtuales se ha convertido en una habilidad profesional imprescindible en 2025.\" \/>\n<meta property=\"og:url\" content=\"https:\/\/universofamilia.com\/cs\/como-prepararse-para-entrevistas-de-trabajo-virtuales\/\" \/>\n<meta property=\"og:site_name\" content=\"Universo Fam\u00edlia\" \/>\n<meta property=\"article:published_time\" content=\"2025-12-26T14:16:37+00:00\" \/>\n<meta property=\"article:modified_time\" content=\"2025-12-26T14:16:39+00:00\" \/>\n<meta property=\"og:image\" content=\"https:\/\/universofamilia.com\/wp-content\/uploads\/sites\/148\/2025\/12\/Destaque-Novo-Universo-16.jpg\" \/>\n\t<meta property=\"og:image:width\" content=\"450\" \/>\n\t<meta property=\"og:image:height\" content=\"250\" \/>\n\t<meta property=\"og:image:type\" content=\"image\/jpeg\" \/>\n<meta name=\"author\" content=\"Matheus Sangaletti\" \/>\n<meta name=\"twitter:card\" content=\"summary_large_image\" \/>\n<meta name=\"twitter:label1\" content=\"Written by\" \/>\n\t<meta name=\"twitter:data1\" content=\"Matheus Sangaletti\" \/>\n\t<meta name=\"twitter:label2\" content=\"Est. reading time\" \/>\n\t<meta name=\"twitter:data2\" content=\"8 minut\" \/>\n<script type=\"application\/ld+json\" class=\"yoast-schema-graph\">{\"@context\":\"https:\/\/schema.org\",\"@graph\":[{\"@type\":\"WebPage\",\"@id\":\"https:\/\/universofamilia.com\/ja\/como-prepararse-para-entrevistas-de-trabajo-virtuales\/\",\"url\":\"https:\/\/universofamilia.com\/ja\/como-prepararse-para-entrevistas-de-trabajo-virtuales\/\",\"name\":\"C\u00f3mo prepararse para entrevistas de trabajo virtuales - Universo Fam\u00edlia\",\"isPartOf\":{\"@id\":\"http:\/\/universofamilia.com\/zh_hk\/#website\"},\"primaryImageOfPage\":{\"@id\":\"https:\/\/universofamilia.com\/ja\/como-prepararse-para-entrevistas-de-trabajo-virtuales\/#primaryimage\"},\"image\":{\"@id\":\"https:\/\/universofamilia.com\/ja\/como-prepararse-para-entrevistas-de-trabajo-virtuales\/#primaryimage\"},\"thumbnailUrl\":\"http:\/\/universofamilia.com\/wp-content\/uploads\/sites\/148\/2025\/12\/Destaque-Novo-Universo-16.jpg\",\"datePublished\":\"2025-12-26T14:16:37+00:00\",\"dateModified\":\"2025-12-26T14:16:39+00:00\",\"author\":{\"@id\":\"http:\/\/universofamilia.com\/zh_hk\/#\/schema\/person\/92fcd07e9b1f4323bf74f3170fc0f78a\"},\"description\":\"C\u00f3mo prepararse para entrevistas de trabajo virtuales se ha convertido en una habilidad profesional imprescindible en 2025.\",\"breadcrumb\":{\"@id\":\"https:\/\/universofamilia.com\/ja\/como-prepararse-para-entrevistas-de-trabajo-virtuales\/#breadcrumb\"},\"inLanguage\":\"cs\",\"potentialAction\":[{\"@type\":\"ReadAction\",\"target\":[\"https:\/\/universofamilia.com\/ja\/como-prepararse-para-entrevistas-de-trabajo-virtuales\/\"]}]},{\"@type\":\"ImageObject\",\"inLanguage\":\"cs\",\"@id\":\"https:\/\/universofamilia.com\/ja\/como-prepararse-para-entrevistas-de-trabajo-virtuales\/#primaryimage\",\"url\":\"http:\/\/universofamilia.com\/wp-content\/uploads\/sites\/148\/2025\/12\/Destaque-Novo-Universo-16.jpg\",\"contentUrl\":\"http:\/\/universofamilia.com\/wp-content\/uploads\/sites\/148\/2025\/12\/Destaque-Novo-Universo-16.jpg\",\"width\":450,\"height\":250,\"caption\":\"C\u00f3mo prepararse para entrevistas de trabajo virtuales\"},{\"@type\":\"BreadcrumbList\",\"@id\":\"https:\/\/universofamilia.com\/ja\/como-prepararse-para-entrevistas-de-trabajo-virtuales\/#breadcrumb\",\"itemListElement\":[{\"@type\":\"ListItem\",\"position\":1,\"name\":\"Home\",\"item\":\"http:\/\/universofamilia.com\/zh_hk\/\"},{\"@type\":\"ListItem\",\"position\":2,\"name\":\"C\u00f3mo prepararse para entrevistas de trabajo virtuales\"}]},{\"@type\":\"WebSite\",\"@id\":\"http:\/\/universofamilia.com\/zh_hk\/#website\",\"url\":\"http:\/\/universofamilia.com\/zh_hk\/\",\"name\":\"Universo Fam\u00edlia\",\"description\":\"\",\"potentialAction\":[{\"@type\":\"SearchAction\",\"target\":{\"@type\":\"EntryPoint\",\"urlTemplate\":\"http:\/\/universofamilia.com\/zh_hk\/?s={search_term_string}\"},\"query-input\":\"required name=search_term_string\"}],\"inLanguage\":\"cs\"},{\"@type\":\"Person\",\"@id\":\"http:\/\/universofamilia.com\/zh_hk\/#\/schema\/person\/92fcd07e9b1f4323bf74f3170fc0f78a\",\"name\":\"Matheus Sangaletti\",\"image\":{\"@type\":\"ImageObject\",\"inLanguage\":\"cs\",\"@id\":\"http:\/\/universofamilia.com\/zh_hk\/#\/schema\/person\/image\/\",\"url\":\"http:\/\/2.gravatar.com\/avatar\/280ea957a14a48e6a1ad2133d2cc27c9?s=96&d=mm&r=g\",\"contentUrl\":\"http:\/\/2.gravatar.com\/avatar\/280ea957a14a48e6a1ad2133d2cc27c9?s=96&d=mm&r=g\",\"caption\":\"Matheus Sangaletti\"},\"url\":\"http:\/\/universofamilia.com\/cs\/author\/matheuss\/\"}]}<\/script>\n<!-- \/ Yoast SEO plugin. -->","yoast_head_json":{"title":"C\u00f3mo prepararse para entrevistas de trabajo virtuales - Universo Fam\u00edlia","description":"C\u00f3mo prepararse para entrevistas de trabajo virtuales se ha convertido en una habilidad profesional imprescindible en 2025.","robots":{"index":"index","follow":"follow","max-snippet":"max-snippet:-1","max-image-preview":"max-image-preview:large","max-video-preview":"max-video-preview:-1"},"canonical":"https:\/\/universofamilia.com\/cs\/como-prepararse-para-entrevistas-de-trabajo-virtuales\/","og_locale":"cs_CZ","og_type":"article","og_title":"C\u00f3mo prepararse para entrevistas de trabajo virtuales - Universo Fam\u00edlia","og_description":"C\u00f3mo prepararse para entrevistas de trabajo virtuales se ha convertido en una habilidad profesional imprescindible en 2025.","og_url":"https:\/\/universofamilia.com\/cs\/como-prepararse-para-entrevistas-de-trabajo-virtuales\/","og_site_name":"Universo Fam\u00edlia","article_published_time":"2025-12-26T14:16:37+00:00","article_modified_time":"2025-12-26T14:16:39+00:00","og_image":[{"width":450,"height":250,"url":"https:\/\/universofamilia.com\/wp-content\/uploads\/sites\/148\/2025\/12\/Destaque-Novo-Universo-16.jpg","type":"image\/jpeg"}],"author":"Matheus Sangaletti","twitter_card":"summary_large_image","twitter_misc":{"Written by":"Matheus Sangaletti","Est. reading time":"8 minut"},"schema":{"@context":"https:\/\/schema.org","@graph":[{"@type":"WebPage","@id":"https:\/\/universofamilia.com\/ja\/como-prepararse-para-entrevistas-de-trabajo-virtuales\/","url":"https:\/\/universofamilia.com\/ja\/como-prepararse-para-entrevistas-de-trabajo-virtuales\/","name":"C\u00f3mo prepararse para entrevistas de trabajo virtuales - Universo Fam\u00edlia","isPartOf":{"@id":"http:\/\/universofamilia.com\/zh_hk\/#website"},"primaryImageOfPage":{"@id":"https:\/\/universofamilia.com\/ja\/como-prepararse-para-entrevistas-de-trabajo-virtuales\/#primaryimage"},"image":{"@id":"https:\/\/universofamilia.com\/ja\/como-prepararse-para-entrevistas-de-trabajo-virtuales\/#primaryimage"},"thumbnailUrl":"http:\/\/universofamilia.com\/wp-content\/uploads\/sites\/148\/2025\/12\/Destaque-Novo-Universo-16.jpg","datePublished":"2025-12-26T14:16:37+00:00","dateModified":"2025-12-26T14:16:39+00:00","author":{"@id":"http:\/\/universofamilia.com\/zh_hk\/#\/schema\/person\/92fcd07e9b1f4323bf74f3170fc0f78a"},"description":"C\u00f3mo prepararse para entrevistas de trabajo virtuales se ha convertido en una habilidad profesional imprescindible en 2025.","breadcrumb":{"@id":"https:\/\/universofamilia.com\/ja\/como-prepararse-para-entrevistas-de-trabajo-virtuales\/#breadcrumb"},"inLanguage":"cs","potentialAction":[{"@type":"ReadAction","target":["https:\/\/universofamilia.com\/ja\/como-prepararse-para-entrevistas-de-trabajo-virtuales\/"]}]},{"@type":"ImageObject","inLanguage":"cs","@id":"https:\/\/universofamilia.com\/ja\/como-prepararse-para-entrevistas-de-trabajo-virtuales\/#primaryimage","url":"http:\/\/universofamilia.com\/wp-content\/uploads\/sites\/148\/2025\/12\/Destaque-Novo-Universo-16.jpg","contentUrl":"http:\/\/universofamilia.com\/wp-content\/uploads\/sites\/148\/2025\/12\/Destaque-Novo-Universo-16.jpg","width":450,"height":250,"caption":"C\u00f3mo prepararse para entrevistas de trabajo virtuales"},{"@type":"BreadcrumbList","@id":"https:\/\/universofamilia.com\/ja\/como-prepararse-para-entrevistas-de-trabajo-virtuales\/#breadcrumb","itemListElement":[{"@type":"ListItem","position":1,"name":"Home","item":"http:\/\/universofamilia.com\/zh_hk\/"},{"@type":"ListItem","position":2,"name":"C\u00f3mo prepararse para entrevistas de trabajo virtuales"}]},{"@type":"WebSite","@id":"http:\/\/universofamilia.com\/zh_hk\/#website","url":"http:\/\/universofamilia.com\/zh_hk\/","name":"Universo Fam\u00edlia","description":"","potentialAction":[{"@type":"SearchAction","target":{"@type":"EntryPoint","urlTemplate":"http:\/\/universofamilia.com\/zh_hk\/?s={search_term_string}"},"query-input":"required name=search_term_string"}],"inLanguage":"cs"},{"@type":"Person","@id":"http:\/\/universofamilia.com\/zh_hk\/#\/schema\/person\/92fcd07e9b1f4323bf74f3170fc0f78a","name":"Matheus Sangaletti","image":{"@type":"ImageObject","inLanguage":"cs","@id":"http:\/\/universofamilia.com\/zh_hk\/#\/schema\/person\/image\/","url":"http:\/\/2.gravatar.com\/avatar\/280ea957a14a48e6a1ad2133d2cc27c9?s=96&d=mm&r=g","contentUrl":"http:\/\/2.gravatar.com\/avatar\/280ea957a14a48e6a1ad2133d2cc27c9?s=96&d=mm&r=g","caption":"Matheus Sangaletti"},"url":"http:\/\/universofamilia.com\/cs\/author\/matheuss\/"}]}},"_links":{"self":[{"href":"http:\/\/universofamilia.com\/cs\/wp-json\/wp\/v2\/posts\/10459"}],"collection":[{"href":"http:\/\/universofamilia.com\/cs\/wp-json\/wp\/v2\/posts"}],"about":[{"href":"http:\/\/universofamilia.com\/cs\/wp-json\/wp\/v2\/types\/post"}],"author":[{"embeddable":true,"href":"http:\/\/universofamilia.com\/cs\/wp-json\/wp\/v2\/users\/219"}],"replies":[{"embeddable":true,"href":"http:\/\/universofamilia.com\/cs\/wp-json\/wp\/v2\/comments?post=10459"}],"version-history":[{"count":1,"href":"http:\/\/universofamilia.com\/cs\/wp-json\/wp\/v2\/posts\/10459\/revisions"}],"predecessor-version":[{"id":10463,"href":"http:\/\/universofamilia.com\/cs\/wp-json\/wp\/v2\/posts\/10459\/revisions\/10463"}],"wp:featuredmedia":[{"embeddable":true,"href":"http:\/\/universofamilia.com\/cs\/wp-json\/wp\/v2\/media\/10460"}],"wp:attachment":[{"href":"http:\/\/universofamilia.com\/cs\/wp-json\/wp\/v2\/media?parent=10459"}],"wp:term":[{"taxonomy":"category","embeddable":true,"href":"http:\/\/universofamilia.com\/cs\/wp-json\/wp\/v2\/categories?post=10459"},{"taxonomy":"post_tag","embeddable":true,"href":"http:\/\/universofamilia.com\/cs\/wp-json\/wp\/v2\/tags?post=10459"}],"curies":[{"name":"wp","href":"https:\/\/api.w.org\/{rel}","templated":true}]}}