{"id":10464,"date":"2025-12-26T12:09:03","date_gmt":"2025-12-26T15:09:03","guid":{"rendered":"https:\/\/universofamilia.com\/?p=10464"},"modified":"2025-12-26T12:09:05","modified_gmt":"2025-12-26T15:09:05","slug":"las-preguntas-de-entrevista-mas-comunes-de-2025","status":"publish","type":"post","link":"http:\/\/universofamilia.com\/cs\/las-preguntas-de-entrevista-mas-comunes-de-2025\/","title":{"rendered":"Nej\u010dast\u011bj\u0161\u00ed ot\u00e1zky na pohovorech v roce 2025"},"content":{"rendered":"<p class=\"has-text-align-center\"><strong>Nej\u010dast\u011bj\u0161\u00ed ot\u00e1zky na pohovorech v roce 2025<\/strong> Odr\u00e1\u017eej\u00ed trh pr\u00e1ce, kter\u00fd je digit\u00e1ln\u011bj\u0161\u00ed, lid\u0161t\u011bj\u0161\u00ed a strategi\u010dt\u011bj\u0161\u00ed ne\u017e kdykoli p\u0159edt\u00edm.<\/p>\n\n\n\n<figure class=\"wp-block-gallery has-nested-images columns-default is-cropped wp-block-gallery-1 is-layout-flex wp-block-gallery-is-layout-flex\">\n<figure class=\"wp-block-image size-full\"><img loading=\"lazy\" decoding=\"async\" width=\"450\" height=\"250\" data-id=\"10465\" src=\"https:\/\/universofamilia.com\/wp-content\/uploads\/sites\/148\/2025\/12\/Destaque-Novo-Universo-18.jpg\" alt=\"\" class=\"wp-image-10465\" srcset=\"http:\/\/universofamilia.com\/wp-content\/uploads\/sites\/148\/2025\/12\/Destaque-Novo-Universo-18.jpg 450w, http:\/\/universofamilia.com\/wp-content\/uploads\/sites\/148\/2025\/12\/Destaque-Novo-Universo-18-300x167.jpg 300w, http:\/\/universofamilia.com\/wp-content\/uploads\/sites\/148\/2025\/12\/Destaque-Novo-Universo-18-18x10.jpg 18w\" sizes=\"(max-width: 450px) 100vw, 450px\" \/><figcaption class=\"wp-element-caption\">Nej\u010dast\u011bj\u0161\u00ed ot\u00e1zky na pohovorech v roce 2025<\/figcaption><\/figure>\n<\/figure>\n\n\n\n<p class=\"has-text-align-center\">V kontextu, kde virtu\u00e1ln\u00ed procesy, um\u011bl\u00e1 inteligence v n\u00e1boru a glob\u00e1ln\u00ed t\u00fdmy koexistuj\u00ed, se pohovory p\u0159estaly zam\u011b\u0159ovat pouze na \u017eivotopis.<\/p>\n\n\n\n<p class=\"has-text-align-center\">Dnes hodnot\u00ed kritick\u00e9 my\u0161len\u00ed, adaptabilitu a profesn\u00ed d\u016fslednost.<\/p>\n\n\n\n<p>Ne\u017e budeme pokra\u010dovat, zde je stru\u010dn\u00e9 shrnut\u00ed, kter\u00e9 v\u00e1m pom\u016f\u017ee s \u010dten\u00edm: jak se v roce 2025 zm\u011bnil p\u0159\u00edstup k pohovor\u016fm, co firmy skute\u010dn\u011b hledaj\u00ed a jak\u00e9 jsou nej\u010dast\u011bji kladen\u00e9 kategorie ot\u00e1zek.<\/p>\n\n\n\n<p>Jak odpov\u011bd\u011bt, ani\u017e by to zn\u011blo obecn\u011b, relevantn\u00ed statistika, dva re\u00e1ln\u00e9 p\u0159\u00edklady, jasn\u00e1 analogie, praktick\u00e1 tabulka a blok \u010dasto kladen\u00fdch ot\u00e1zek.<\/p>\n\n\n\n<h2 class=\"wp-block-heading\"><strong>Pro\u010d se pohovory v roce 2025 tolik zm\u011bnily<\/strong><\/h2>\n\n\n\n<p>Transformace pr\u00e1ce urychlila hlubok\u00fd v\u00fdvoj v\u00fdb\u011brov\u00fdch proces\u016f.<\/p>\n\n\n\n<p>Automatizace, pr\u00e1ce na d\u00e1lku a nedostatek specializovan\u00fdch talent\u016f donutily firmy zp\u0159esnit sv\u00e9 ot\u00e1zky.<\/p>\n\n\n\n<p>U\u017e nesta\u010d\u00ed jen potvrzovat zku\u0161enosti; nyn\u00ed je d\u016fle\u017eit\u00e9 pochopit, jak mysl\u00edte, rozhodujete se a p\u0159izp\u016fsobujete se.<\/p>\n\n\n\n<p>Podle <strong>Zpr\u00e1va o budoucnosti pracovn\u00edch m\u00edst ze Sv\u011btov\u00e9ho ekonomick\u00e9ho f\u00f3ra<\/strong>M\u011bkk\u00e9 dovednosti, schopnost neust\u00e1le se u\u010dit a schopnost \u0159e\u0161it slo\u017eit\u00e9 probl\u00e9my pat\u0159\u00ed mezi nejv\u00edce cen\u011bn\u00e9 zam\u011bstnavateli na cel\u00e9m sv\u011bt\u011b.<\/p>\n\n\n\n<p>Tento trend vysv\u011btluje, pro\u010d se sou\u010dasn\u00e9 pohovory hloub\u011bji zab\u00fdvaj\u00ed osobn\u00edm chov\u00e1n\u00edm a krit\u00e9rii.<\/p>\n\n\n\n<h2 class=\"wp-block-heading\"><strong>Co dnes n\u00e1bor\u00e1\u0159i skute\u010dn\u011b hledaj\u00ed<\/strong><\/h2>\n\n\n\n<p>Za ka\u017edou ot\u00e1zkou se skr\u00fdv\u00e1 jasn\u00fd z\u00e1m\u011br. N\u00e1bor\u00e1\u0159 hled\u00e1 soulad mezi t\u00edm, co \u0159\u00edk\u00e1te, co jste ud\u011blali a \u010d\u00edm byste mohli p\u0159isp\u011bt.<\/p>\n\n\n\n<p>Prokazuje tak\u00e9 jasnost v komunikaci n\u00e1pad\u016f, zvl\u00e1d\u00e1n\u00ed tlaku a profesion\u00e1ln\u00ed poctivost.<\/p>\n\n\n\n<p>Dob\u0159e reagovat neznamen\u00e1 memorovat fr\u00e1ze, ale sp\u00ed\u0161e ch\u00e1pat \u00fa\u010del ka\u017ed\u00e9ho tvrzen\u00ed. Kdy\u017e tuto logiku identifikujete, va\u0161e \u0159e\u010d se stane p\u0159irozen\u011bj\u0161\u00ed a d\u016fv\u011bryhodn\u011bj\u0161\u00ed.<\/p>\n\n\n\n<h2 class=\"wp-block-heading\"><strong>Ot\u00e1zky t\u00fdkaj\u00edc\u00ed se kari\u00e9rn\u00ed dr\u00e1hy<\/strong><\/h2>\n\n\n\n<p>Zku\u0161enosti z\u016fst\u00e1vaj\u00ed jednou z hlavn\u00edch kategori\u00ed, i kdy\u017e s jin\u00fdm zam\u011b\u0159en\u00edm. P\u0159edchoz\u00ed pozice ji\u017e nen\u00ed jedin\u00fdm faktorem; nyn\u00ed je d\u016fle\u017eit\u00fd dosa\u017een\u00fd dopad.<\/p>\n\n\n\n<p>Objevuj\u00ed se zde ot\u00e1zky, jako jsou tyto:<\/p>\n\n\n\n<ul>\n<li>\u0158ekn\u011bte mi o sv\u00e9 nejrelevantn\u011bj\u0161\u00ed zku\u0161enosti s touto pozici.<\/li>\n\n\n\n<li>Co jste se ve sv\u00e9 posledn\u00ed roli nau\u010dil\/a, co byste dnes l\u00e9pe uplatnil\/a?<\/li>\n<\/ul>\n\n\n\n<p>D\u016fraz je kladen na u\u010den\u00ed a v\u00fdvoj, nikoli na seznam funkc\u00ed.<\/p>\n\n\n\n<h3 class=\"wp-block-heading\"><strong>P\u0159\u00edklad 1<\/strong><\/h3>\n\n\n\n<p>Datov\u00e1 analyti\u010dka vysv\u011btlila, jak se od vytv\u00e1\u0159en\u00ed report\u016f dostala k navrhov\u00e1n\u00ed obchodn\u00edch vylep\u0161en\u00ed na z\u00e1klad\u011b poznatk\u016f.<\/p>\n\n\n\n<p>Toto vypr\u00e1v\u011bn\u00ed ukazovalo r\u016fst, iniciativu a soulad s obchodn\u00edmi c\u00edli.<\/p>\n\n\n\n<h2 class=\"wp-block-heading\"><strong>Ot\u00e1zky t\u00fdkaj\u00edc\u00ed se kl\u00ed\u010dov\u00fdch dovednost\u00ed a kompetenc\u00ed<\/strong><\/h2>\n\n\n\n<p>Do roku 2025 budou firmy up\u0159ednost\u0148ovat p\u0159enositeln\u00e9 dovednosti. Proto se objevuj\u00ed ot\u00e1zky, kter\u00e9 se zam\u011b\u0159uj\u00ed na re\u00e1ln\u00e9 situace, nikoli na teorie.<\/p>\n\n\n\n<p>Mezi nejb\u011b\u017en\u011bj\u0161\u00ed pat\u0159\u00ed:<\/p>\n\n\n\n<ul>\n<li>Jak se vypo\u0159\u00e1d\u00e1te s ne\u010dekanou zm\u011bnou priorit?<\/li>\n\n\n\n<li>Popi\u0161te situaci, kdy jste se museli rychle nau\u010dit n\u011bco nov\u00e9ho.<\/li>\n<\/ul>\n\n\n\n<p>Tento typ ot\u00e1zky m\u011b\u0159\u00ed p\u0159izp\u016fsobivost a r\u016fstov\u00e9 my\u0161len\u00ed.<\/p>\n\n\n\n<h2 class=\"wp-block-heading\"><strong>Hodnocen\u00ed digit\u00e1ln\u00edch dovednost\u00ed a pr\u00e1ce na d\u00e1lku<\/strong><\/h2>\n\n\n\n<p>Technologick\u00e1 znalost ji\u017e nen\u00ed v\u00fdhradn\u011b pro technick\u00e9 profily. T\u00e9m\u011b\u0159 ka\u017ed\u00e1 pozice vy\u017eaduje digit\u00e1ln\u00ed plynulost a efektivn\u00ed komunikaci na d\u00e1lku.<\/p>\n\n\n\n<p>Z tohoto d\u016fvodu je b\u011b\u017en\u00e9 sly\u0161et ot\u00e1zky t\u00fdkaj\u00edc\u00ed se organizace, virtu\u00e1ln\u00ed spolupr\u00e1ce a samospr\u00e1vy. Nehledaj\u00ed se softwarov\u00ed experti, ale sp\u00ed\u0161e funk\u010dn\u00ed profesion\u00e1lov\u00e9 v digit\u00e1ln\u00edm prost\u0159ed\u00ed.<\/p>\n\n\n\n<h2 class=\"wp-block-heading\"><strong>Ot\u00e1zky t\u00fdkaj\u00edc\u00ed se kultury a hodnot<\/strong><\/h2>\n\n\n\n<p>Firmy si uv\u011bdomily, \u017ee naj\u00edm\u00e1n\u00ed zam\u011bstnanc\u016f pouze na z\u00e1klad\u011b technick\u00fdch dovednost\u00ed vytv\u00e1\u0159\u00ed dlouhodob\u00e9 t\u0159enice. V d\u016fsledku toho se kulturn\u00ed kompatibilita stala d\u016fle\u017eit\u011bj\u0161\u00ed.<\/p>\n\n\n\n<p>Ot\u00e1zky typu \u201e\u010deho si cen\u00edte v pracovn\u00edm t\u00fdmu?\u201c nebo \u201ejak\u00fd typ veden\u00ed v\u00e1s motivuje?\u201c odhaluj\u00ed o\u010dek\u00e1v\u00e1n\u00ed, limity a profesion\u00e1ln\u00ed styl.<\/p>\n\n\n\n<p>Up\u0159\u00edmn\u011b odpov\u00eddat je efektivn\u011bj\u0161\u00ed ne\u017e se sna\u017eit zavd\u011b\u010dit.<\/p>\n\n\n\n<h2 class=\"wp-block-heading\"><strong>Ot\u00e1zka, kter\u00e1 se objevuje t\u00e9m\u011b\u0159 v\u017edy<\/strong><\/h2>\n\n\n\n<p>Mezi <strong>Nej\u010dast\u011bj\u0161\u00ed ot\u00e1zky na pohovorech v roce 2025<\/strong>Jeden z\u016fst\u00e1v\u00e1 platn\u00fd, i kdy\u017e s nuancemi:<br><strong>Jak\u00e9 jsou va\u0161e siln\u00e9 str\u00e1nky a oblasti pro zlep\u0161en\u00ed?<\/strong><\/p>\n\n\n\n<p>Kl\u00ed\u010dem je rovnov\u00e1ha. Uzn\u00e1n\u00ed skute\u010dn\u00e9 slabosti spolu s konkr\u00e9tn\u00edmi kroky k jej\u00edmu zlep\u0161en\u00ed sv\u011bd\u010d\u00ed o zralosti a sebeuv\u011bdom\u011bn\u00ed.<\/p>\n\n\n\n<p>Vyh\u00fdb\u00e1n\u00ed se p\u0159edem p\u0159ipraven\u00fdm odpov\u011bd\u00edm m\u00e1 z\u00e1sadn\u00ed v\u00fdznam.<\/p>\n\n\n\n<h2 class=\"wp-block-heading\"><strong>Ot\u00e1zky t\u00fdkaj\u00edc\u00ed se \u0159e\u0161en\u00ed probl\u00e9m\u016f<\/strong><\/h2>\n\n\n\n<p>Organizace hledaj\u00ed jednotlivce schopn\u00e9 analyzovat, rozhodovat se a jednat. Proto pohovory zahrnuj\u00ed hypotetick\u00e9 sc\u00e9n\u00e1\u0159e nebo minul\u00e9 zku\u0161enosti.<\/p>\n\n\n\n<p>Zde neexistuje jedin\u00e1 odpov\u011b\u010f. D\u016fle\u017eit\u00e9 je vysv\u011btlit sv\u00e9 uva\u017eov\u00e1n\u00ed, alternativy, kter\u00e9 jste zva\u017eovali, a v\u00fdsledek, kter\u00e9ho jste dos\u00e1hli. Tento proces odhaluje v\u00e1\u0161 zp\u016fsob my\u0161len\u00ed.<\/p>\n\n\n\n<h3 class=\"wp-block-heading\"><strong>P\u0159\u00edklad 2<\/strong><\/h3>\n\n\n\n<p>Ji\u017e\u0161\u00ed mana\u017eer vypr\u00e1v\u011bl, jak vy\u0159e\u0161il meziodd\u011blovac\u00ed konflikt t\u00edm, \u017ee up\u0159ednostnil data, dialog a jasn\u00e9 dohody. V\u00edce ne\u017e kone\u010dn\u00e9 \u0159e\u0161en\u00ed kladl d\u016fraz na sv\u016fj strukturovan\u00fd a empatick\u00fd p\u0159\u00edstup.<\/p>\n\n\n\n<h2 class=\"wp-block-heading\"><strong>Ot\u00e1zky t\u00fdkaj\u00edc\u00ed se motivace a \u00fa\u010delu<\/strong><\/h2>\n\n\n\n<p>Na trhu s vysokou fluktuac\u00ed cht\u011bj\u00ed firmy pochopit, pro\u010d m\u00e1te o danou pozici z\u00e1jem.<\/p>\n\n\n\n<p>Ot\u00e1zky typu \u201eCo v\u00e1s na t\u00e9to roli motivuje?\u201c nebo \u201eKde se vid\u00edte za t\u0159i roky?\u201c poukazuj\u00ed na o\u010dek\u00e1v\u00e1n\u00ed a z\u00e1vazek.<\/p>\n\n\n\n<p>Odpov\u00edd\u00e1n\u00ed z pohledu profesn\u00edho \u00fa\u010delu, a nikoli pouze platu, vytv\u00e1\u0159\u00ed siln\u011bj\u0161\u00ed spojen\u00ed s tazatelem.<\/p>\n\n\n\n<h2 class=\"wp-block-heading\"><strong>Analogie, kter\u00e1 pom\u00e1h\u00e1 pochopit proces<\/strong><\/h2>\n\n\n\n<p>Odpov\u00edd\u00e1n\u00ed na pohovor v roce 2025 bude takov\u00e9 <strong>navigace pomoc\u00ed GPS<\/strong>.<\/p>\n\n\n\n<p>C\u00edl je jasn\u00fd, ale skute\u010dn\u00e1 hodnota spo\u010d\u00edv\u00e1 v tom, jak si zvol\u00edte trasu, jak reagujete na obj\u00ed\u017e\u010fky a jak moc si uv\u011bdomujete cestu, kterou jste pro\u0161li.<\/p>\n\n\n\n<h2 class=\"wp-block-heading\"><strong>Tabulka: Nej\u010dast\u011bj\u0161\u00ed typy ot\u00e1zek v roce 2025<\/strong><\/h2>\n\n\n\n<figure class=\"wp-block-table\"><table><thead><tr><th>Typ ot\u00e1zky<\/th><th>Co prim\u00e1rn\u011b hodnot\u00ed<\/th><\/tr><\/thead><tbody><tr><td>Profesion\u00e1ln\u00ed kari\u00e9ra<\/td><td>Evoluce a u\u010den\u00ed<\/td><\/tr><tr><td>Dovednosti<\/td><td>Adaptabilita a m\u011bkk\u00e9 dovednosti<\/td><\/tr><tr><td>Digit\u00e1ln\u00ed a d\u00e1lkov\u00e9<\/td><td>Autonomie a organizace<\/td><\/tr><tr><td>Kultura a hodnoty<\/td><td>Kompatibilita firem<\/td><\/tr><tr><td>\u0158e\u0161en\u00ed probl\u00e9m\u016f<\/td><td>Kritick\u00e9 my\u0161len\u00ed<\/td><\/tr><\/tbody><\/table><figcaption class=\"wp-element-caption\">Nej\u010dast\u011bj\u0161\u00ed ot\u00e1zky na pohovorech v roce 2025<\/figcaption><\/figure>\n\n\n\n<figure class=\"wp-block-gallery has-nested-images columns-default is-cropped wp-block-gallery-2 is-layout-flex wp-block-gallery-is-layout-flex\">\n<figure class=\"wp-block-image size-full\"><img loading=\"lazy\" decoding=\"async\" width=\"450\" height=\"250\" data-id=\"10467\" src=\"https:\/\/universofamilia.com\/wp-content\/uploads\/sites\/148\/2025\/12\/Destaque-Novo-Universo-19.jpg\" alt=\"\" class=\"wp-image-10467\" srcset=\"http:\/\/universofamilia.com\/wp-content\/uploads\/sites\/148\/2025\/12\/Destaque-Novo-Universo-19.jpg 450w, http:\/\/universofamilia.com\/wp-content\/uploads\/sites\/148\/2025\/12\/Destaque-Novo-Universo-19-300x167.jpg 300w, http:\/\/universofamilia.com\/wp-content\/uploads\/sites\/148\/2025\/12\/Destaque-Novo-Universo-19-18x10.jpg 18w\" sizes=\"(max-width: 450px) 100vw, 450px\" \/><figcaption class=\"wp-element-caption\">Nej\u010dast\u011bj\u0161\u00ed ot\u00e1zky na pohovorech v roce 2025<\/figcaption><\/figure>\n<\/figure>\n\n\n\n<p>\u010ct\u011bte v\u00edce:\u00a0<a href=\"http:\/\/universofamilia.com\/cs\/el-teletrabajo-en-2025-las-nuevas-tendencias-del-home-office\/\">Pr\u00e1ce na d\u00e1lku v roce 2025: Nov\u00e9 trendy v pr\u00e1ci z domova<\/a><\/p>\n\n\n\n<h2 class=\"wp-block-heading\"><strong>Jak se p\u0159ipravit, ani\u017e byste zn\u011bli nacvi\u010den\u011b<\/strong><\/h2>\n\n\n\n<p>Efektivn\u00ed p\u0159\u00edprava nespo\u010d\u00edv\u00e1 v memorov\u00e1n\u00ed odpov\u011bd\u00ed, ale v reflexi skute\u010dn\u00fdch zku\u0161enost\u00ed. Identifikace \u00fasp\u011bch\u016f, v\u00fdzev a z\u00edskan\u00fdch ponau\u010den\u00ed v\u00e1m umo\u017e\u0148uje reagovat p\u0159irozen\u011b.<\/p>\n\n\n\n<p>Procvi\u010dov\u00e1n\u00ed nahlas pom\u00e1h\u00e1 zlep\u0161it plynulost, ale je tak\u00e9 d\u016fle\u017eit\u00e9 nechat prostor pro spont\u00e1nnost. Pohovory si cen\u00ed autenticity, ne dokonalosti.<\/p>\n\n\n\n<h2 class=\"wp-block-heading\"><strong>\u010cast\u00e9 chyby, kter\u00e9 i nad\u00e1le p\u0159ipravuj\u00ed o p\u0159\u00edle\u017eitosti<\/strong><\/h2>\n\n\n\n<p>Nadm\u011brn\u00e9 mluven\u00ed, vyh\u00fdb\u00e1n\u00ed se odpov\u011bd\u00edm nebo vyh\u00fdb\u00e1n\u00ed se p\u0159izn\u00e1n\u00ed chyb je st\u00e1le \u0161kodliv\u00e9. Stejn\u011b tak i odpov\u00edd\u00e1n\u00ed obecn\u00fdmi tvrzen\u00edmi bez kontextu.<\/p>\n\n\n\n<p>Naproti tomu jasnost, konkr\u00e9tn\u00ed p\u0159\u00edklady a aktivn\u00ed naslouch\u00e1n\u00ed buduj\u00ed d\u016fv\u011bru. Tazatel si v\u0161imne, kdy je mezi diskurzem a zku\u0161enost\u00ed soulad.<\/p>\n\n\n\n<h2 class=\"wp-block-heading\"><strong>Z\u00e1v\u011br<\/strong><\/h2>\n\n\n\n<p>Uchopit <strong>Nej\u010dast\u011bj\u0161\u00ed ot\u00e1zky na pohovorech v roce 2025<\/strong> Umo\u017e\u0148uje v\u00e1m \u010delit v\u00fdb\u011brov\u00fdm proces\u016fm s v\u011bt\u0161\u00ed sebed\u016fv\u011brou a strategi\u00ed.<\/p>\n\n\n\n<p>Dne\u0161n\u00ed pohovory hledaj\u00ed v\u0161estrann\u00e9 jedince: s dovednostmi, hodnotami a p\u0159izp\u016fsobivost\u00ed.<\/p>\n\n\n\n<p>P\u0159\u00edprava skrze sebepozn\u00e1n\u00ed, sp\u00ed\u0161e ne\u017e pomoc\u00ed rigidn\u00edch vzorc\u016f, zvy\u0161uje va\u0161e \u0161ance na \u00fasp\u011bch.<\/p>\n\n\n\n<p>Na konkuren\u010dn\u00edm trhu vynikaj\u00ed ti, kte\u0159\u00ed komunikuj\u00ed jasn\u011b a autenticky, ani\u017e by museli p\u0159eh\u00e1n\u011bt.<\/p>\n\n\n\n<p>\u010ct\u011bte v\u00edce:\u00a0<a href=\"http:\/\/universofamilia.com\/cs\/carreras-sostenibles-empleos-verdes-en-auge\/\">Udr\u017eiteln\u00e9 kari\u00e9ry: rozmach zelen\u00fdch pracovn\u00edch m\u00edst<\/a><\/p>\n\n\n\n<h2 class=\"wp-block-heading\"><strong>\u010casto kladen\u00e9 ot\u00e1zky<\/strong><\/h2>\n\n\n\n<p><strong>Jsou ot\u00e1zky na pohovoru stejn\u00e9 ve v\u0161ech odv\u011btv\u00edch?<\/strong><br>Ne. P\u0159esto\u017ee existuj\u00ed spole\u010dn\u00e9 vzorce, ka\u017ed\u00e9 odv\u011btv\u00ed up\u0159ednost\u0148uje specifick\u00e9 dovednosti.<\/p>\n\n\n\n<p><strong>Je vhodn\u00e9 si p\u0159ipravovat p\u00edsemn\u00e9 odpov\u011bdi?<\/strong><br>Slou\u017e\u00ed to jako \u00favodn\u00ed cvi\u010den\u00ed, ale b\u011bhem pohovoru je lep\u0161\u00ed odpov\u00eddat p\u0159irozen\u011b.<\/p>\n\n\n\n<p><strong>Jak d\u016fle\u017eit\u00e1 je up\u0159\u00edmnost?<\/strong><br>Je to kl\u00ed\u010dov\u00e9. N\u00e1bor\u00e1\u0159i snadno odhal\u00ed nesrovnalosti.<\/p>\n\n\n\n<p><strong>M\u011bn\u00ed virtu\u00e1ln\u00ed pohovory typ kladen\u00fdch ot\u00e1zek?<\/strong><br>Zam\u011b\u0159en\u00ed z\u016fst\u00e1v\u00e1 stejn\u00e9, a\u010dkoli se zvy\u0161uje hodnocen\u00ed komunikace a sebe\u0159\u00edzen\u00ed.<\/p>\n\n\n\n<p><strong>Diskvalifikuje nespr\u00e1vn\u00e1 odpov\u011b\u010f na ot\u00e1zku kandid\u00e1ta?<\/strong><br>Ne nutn\u011b. P\u0159\u00edstup, jasnost a schopnost reflexe jsou stejn\u011b d\u016fle\u017eit\u00e9 jako v\u010dasn\u00e1 odpov\u011b\u010f.<\/p>\n\n\n\n<p>V roce 2025 b\u00fdt dob\u0159e p\u0159ipraven neznamen\u00e1 vypadat dokonale, ale uk\u00e1zat, kdo jste, jak mysl\u00edte a jakou skute\u010dnou hodnotu m\u016f\u017eete p\u0159in\u00e9st.<\/p>\n\n\n\n<p>To z\u016fst\u00e1v\u00e1 nejsiln\u011bj\u0161\u00ed odpov\u011bd\u00ed v jak\u00e9mkoli rozhovoru.<\/p>","protected":false},"excerpt":{"rendered":"<p>Las preguntas de entrevista m\u00e1s comunes de 2025 reflejan un mercado laboral m\u00e1s digital, humano y estrat\u00e9gico que nunca. En un contexto donde conviven procesos virtuales, inteligencia artificial en reclutamiento y equipos globales, las entrevistas dejaron de centrarse solo en el curr\u00edculum. Hoy eval\u00faan pensamiento cr\u00edtico, adaptabilidad y coherencia profesional. Antes de avanzar, este es [&hellip;]<\/p>","protected":false},"author":219,"featured_media":10466,"comment_status":"closed","ping_status":"open","sticky":false,"template":"","format":"standard","meta":{"footnotes":""},"categories":[5],"tags":[],"yoast_head":"<!-- This site is optimized with the Yoast SEO plugin v23.3 - https:\/\/yoast.com\/wordpress\/plugins\/seo\/ -->\n<title>Las preguntas de entrevista m\u00e1s comunes de 2025 - Universo Fam\u00edlia<\/title>\n<meta name=\"description\" content=\"Las preguntas de entrevista m\u00e1s comunes de 2025 reflejan un mercado laboral m\u00e1s digital, humano y estrat\u00e9gico que nunca.\" \/>\n<meta name=\"robots\" content=\"index, follow, max-snippet:-1, max-image-preview:large, max-video-preview:-1\" \/>\n<link rel=\"canonical\" href=\"https:\/\/universofamilia.com\/cs\/las-preguntas-de-entrevista-mas-comunes-de-2025\/\" \/>\n<meta property=\"og:locale\" content=\"cs_CZ\" \/>\n<meta property=\"og:type\" content=\"article\" \/>\n<meta property=\"og:title\" content=\"Las preguntas de entrevista m\u00e1s comunes de 2025 - Universo Fam\u00edlia\" \/>\n<meta property=\"og:description\" content=\"Las preguntas de entrevista m\u00e1s comunes de 2025 reflejan un mercado laboral m\u00e1s digital, humano y estrat\u00e9gico que nunca.\" \/>\n<meta property=\"og:url\" content=\"https:\/\/universofamilia.com\/cs\/las-preguntas-de-entrevista-mas-comunes-de-2025\/\" \/>\n<meta property=\"og:site_name\" content=\"Universo Fam\u00edlia\" \/>\n<meta property=\"article:published_time\" content=\"2025-12-26T15:09:03+00:00\" \/>\n<meta property=\"article:modified_time\" content=\"2025-12-26T15:09:05+00:00\" \/>\n<meta property=\"og:image\" content=\"https:\/\/universofamilia.com\/wp-content\/uploads\/sites\/148\/2025\/12\/Destaque-Novo-Universo-18-1.jpg\" \/>\n\t<meta property=\"og:image:width\" content=\"450\" \/>\n\t<meta property=\"og:image:height\" content=\"250\" \/>\n\t<meta property=\"og:image:type\" content=\"image\/jpeg\" \/>\n<meta name=\"author\" content=\"Matheus Sangaletti\" \/>\n<meta name=\"twitter:card\" content=\"summary_large_image\" \/>\n<meta name=\"twitter:label1\" content=\"Written by\" \/>\n\t<meta name=\"twitter:data1\" content=\"Matheus Sangaletti\" \/>\n\t<meta name=\"twitter:label2\" content=\"Est. reading time\" \/>\n\t<meta name=\"twitter:data2\" content=\"7 minut\" \/>\n<script type=\"application\/ld+json\" class=\"yoast-schema-graph\">{\"@context\":\"https:\/\/schema.org\",\"@graph\":[{\"@type\":\"WebPage\",\"@id\":\"https:\/\/universofamilia.com\/sk\/las-preguntas-de-entrevista-mas-comunes-de-2025\/\",\"url\":\"https:\/\/universofamilia.com\/sk\/las-preguntas-de-entrevista-mas-comunes-de-2025\/\",\"name\":\"Las preguntas de entrevista m\u00e1s comunes de 2025 - Universo Fam\u00edlia\",\"isPartOf\":{\"@id\":\"http:\/\/universofamilia.com\/zh_hk\/#website\"},\"primaryImageOfPage\":{\"@id\":\"https:\/\/universofamilia.com\/sk\/las-preguntas-de-entrevista-mas-comunes-de-2025\/#primaryimage\"},\"image\":{\"@id\":\"https:\/\/universofamilia.com\/sk\/las-preguntas-de-entrevista-mas-comunes-de-2025\/#primaryimage\"},\"thumbnailUrl\":\"http:\/\/universofamilia.com\/wp-content\/uploads\/sites\/148\/2025\/12\/Destaque-Novo-Universo-18-1.jpg\",\"datePublished\":\"2025-12-26T15:09:03+00:00\",\"dateModified\":\"2025-12-26T15:09:05+00:00\",\"author\":{\"@id\":\"http:\/\/universofamilia.com\/zh_hk\/#\/schema\/person\/92fcd07e9b1f4323bf74f3170fc0f78a\"},\"description\":\"Las preguntas de entrevista m\u00e1s comunes de 2025 reflejan un mercado laboral m\u00e1s digital, humano y estrat\u00e9gico que nunca.\",\"breadcrumb\":{\"@id\":\"https:\/\/universofamilia.com\/sk\/las-preguntas-de-entrevista-mas-comunes-de-2025\/#breadcrumb\"},\"inLanguage\":\"cs\",\"potentialAction\":[{\"@type\":\"ReadAction\",\"target\":[\"https:\/\/universofamilia.com\/sk\/las-preguntas-de-entrevista-mas-comunes-de-2025\/\"]}]},{\"@type\":\"ImageObject\",\"inLanguage\":\"cs\",\"@id\":\"https:\/\/universofamilia.com\/sk\/las-preguntas-de-entrevista-mas-comunes-de-2025\/#primaryimage\",\"url\":\"http:\/\/universofamilia.com\/wp-content\/uploads\/sites\/148\/2025\/12\/Destaque-Novo-Universo-18-1.jpg\",\"contentUrl\":\"http:\/\/universofamilia.com\/wp-content\/uploads\/sites\/148\/2025\/12\/Destaque-Novo-Universo-18-1.jpg\",\"width\":450,\"height\":250,\"caption\":\"Las preguntas de entrevista m\u00e1s comunes de 2025\"},{\"@type\":\"BreadcrumbList\",\"@id\":\"https:\/\/universofamilia.com\/sk\/las-preguntas-de-entrevista-mas-comunes-de-2025\/#breadcrumb\",\"itemListElement\":[{\"@type\":\"ListItem\",\"position\":1,\"name\":\"Home\",\"item\":\"http:\/\/universofamilia.com\/zh_hk\/\"},{\"@type\":\"ListItem\",\"position\":2,\"name\":\"Las preguntas de entrevista m\u00e1s comunes de 2025\"}]},{\"@type\":\"WebSite\",\"@id\":\"http:\/\/universofamilia.com\/zh_hk\/#website\",\"url\":\"http:\/\/universofamilia.com\/zh_hk\/\",\"name\":\"Universo Fam\u00edlia\",\"description\":\"\",\"potentialAction\":[{\"@type\":\"SearchAction\",\"target\":{\"@type\":\"EntryPoint\",\"urlTemplate\":\"http:\/\/universofamilia.com\/zh_hk\/?s={search_term_string}\"},\"query-input\":\"required name=search_term_string\"}],\"inLanguage\":\"cs\"},{\"@type\":\"Person\",\"@id\":\"http:\/\/universofamilia.com\/zh_hk\/#\/schema\/person\/92fcd07e9b1f4323bf74f3170fc0f78a\",\"name\":\"Matheus Sangaletti\",\"image\":{\"@type\":\"ImageObject\",\"inLanguage\":\"cs\",\"@id\":\"http:\/\/universofamilia.com\/zh_hk\/#\/schema\/person\/image\/\",\"url\":\"http:\/\/2.gravatar.com\/avatar\/280ea957a14a48e6a1ad2133d2cc27c9?s=96&d=mm&r=g\",\"contentUrl\":\"http:\/\/2.gravatar.com\/avatar\/280ea957a14a48e6a1ad2133d2cc27c9?s=96&d=mm&r=g\",\"caption\":\"Matheus Sangaletti\"},\"url\":\"http:\/\/universofamilia.com\/cs\/author\/matheuss\/\"}]}<\/script>\n<!-- \/ Yoast SEO plugin. -->","yoast_head_json":{"title":"Las preguntas de entrevista m\u00e1s comunes de 2025 - Universo Fam\u00edlia","description":"Las preguntas de entrevista m\u00e1s comunes de 2025 reflejan un mercado laboral m\u00e1s digital, humano y estrat\u00e9gico que nunca.","robots":{"index":"index","follow":"follow","max-snippet":"max-snippet:-1","max-image-preview":"max-image-preview:large","max-video-preview":"max-video-preview:-1"},"canonical":"https:\/\/universofamilia.com\/cs\/las-preguntas-de-entrevista-mas-comunes-de-2025\/","og_locale":"cs_CZ","og_type":"article","og_title":"Las preguntas de entrevista m\u00e1s comunes de 2025 - Universo Fam\u00edlia","og_description":"Las preguntas de entrevista m\u00e1s comunes de 2025 reflejan un mercado laboral m\u00e1s digital, humano y estrat\u00e9gico que nunca.","og_url":"https:\/\/universofamilia.com\/cs\/las-preguntas-de-entrevista-mas-comunes-de-2025\/","og_site_name":"Universo Fam\u00edlia","article_published_time":"2025-12-26T15:09:03+00:00","article_modified_time":"2025-12-26T15:09:05+00:00","og_image":[{"width":450,"height":250,"url":"https:\/\/universofamilia.com\/wp-content\/uploads\/sites\/148\/2025\/12\/Destaque-Novo-Universo-18-1.jpg","type":"image\/jpeg"}],"author":"Matheus Sangaletti","twitter_card":"summary_large_image","twitter_misc":{"Written by":"Matheus Sangaletti","Est. reading time":"7 minut"},"schema":{"@context":"https:\/\/schema.org","@graph":[{"@type":"WebPage","@id":"https:\/\/universofamilia.com\/sk\/las-preguntas-de-entrevista-mas-comunes-de-2025\/","url":"https:\/\/universofamilia.com\/sk\/las-preguntas-de-entrevista-mas-comunes-de-2025\/","name":"Las preguntas de entrevista m\u00e1s comunes de 2025 - Universo Fam\u00edlia","isPartOf":{"@id":"http:\/\/universofamilia.com\/zh_hk\/#website"},"primaryImageOfPage":{"@id":"https:\/\/universofamilia.com\/sk\/las-preguntas-de-entrevista-mas-comunes-de-2025\/#primaryimage"},"image":{"@id":"https:\/\/universofamilia.com\/sk\/las-preguntas-de-entrevista-mas-comunes-de-2025\/#primaryimage"},"thumbnailUrl":"http:\/\/universofamilia.com\/wp-content\/uploads\/sites\/148\/2025\/12\/Destaque-Novo-Universo-18-1.jpg","datePublished":"2025-12-26T15:09:03+00:00","dateModified":"2025-12-26T15:09:05+00:00","author":{"@id":"http:\/\/universofamilia.com\/zh_hk\/#\/schema\/person\/92fcd07e9b1f4323bf74f3170fc0f78a"},"description":"Las preguntas de entrevista m\u00e1s comunes de 2025 reflejan un mercado laboral m\u00e1s digital, humano y estrat\u00e9gico que nunca.","breadcrumb":{"@id":"https:\/\/universofamilia.com\/sk\/las-preguntas-de-entrevista-mas-comunes-de-2025\/#breadcrumb"},"inLanguage":"cs","potentialAction":[{"@type":"ReadAction","target":["https:\/\/universofamilia.com\/sk\/las-preguntas-de-entrevista-mas-comunes-de-2025\/"]}]},{"@type":"ImageObject","inLanguage":"cs","@id":"https:\/\/universofamilia.com\/sk\/las-preguntas-de-entrevista-mas-comunes-de-2025\/#primaryimage","url":"http:\/\/universofamilia.com\/wp-content\/uploads\/sites\/148\/2025\/12\/Destaque-Novo-Universo-18-1.jpg","contentUrl":"http:\/\/universofamilia.com\/wp-content\/uploads\/sites\/148\/2025\/12\/Destaque-Novo-Universo-18-1.jpg","width":450,"height":250,"caption":"Las preguntas de entrevista m\u00e1s comunes de 2025"},{"@type":"BreadcrumbList","@id":"https:\/\/universofamilia.com\/sk\/las-preguntas-de-entrevista-mas-comunes-de-2025\/#breadcrumb","itemListElement":[{"@type":"ListItem","position":1,"name":"Home","item":"http:\/\/universofamilia.com\/zh_hk\/"},{"@type":"ListItem","position":2,"name":"Las preguntas de entrevista m\u00e1s comunes de 2025"}]},{"@type":"WebSite","@id":"http:\/\/universofamilia.com\/zh_hk\/#website","url":"http:\/\/universofamilia.com\/zh_hk\/","name":"Universo Fam\u00edlia","description":"","potentialAction":[{"@type":"SearchAction","target":{"@type":"EntryPoint","urlTemplate":"http:\/\/universofamilia.com\/zh_hk\/?s={search_term_string}"},"query-input":"required name=search_term_string"}],"inLanguage":"cs"},{"@type":"Person","@id":"http:\/\/universofamilia.com\/zh_hk\/#\/schema\/person\/92fcd07e9b1f4323bf74f3170fc0f78a","name":"Matheus Sangaletti","image":{"@type":"ImageObject","inLanguage":"cs","@id":"http:\/\/universofamilia.com\/zh_hk\/#\/schema\/person\/image\/","url":"http:\/\/2.gravatar.com\/avatar\/280ea957a14a48e6a1ad2133d2cc27c9?s=96&d=mm&r=g","contentUrl":"http:\/\/2.gravatar.com\/avatar\/280ea957a14a48e6a1ad2133d2cc27c9?s=96&d=mm&r=g","caption":"Matheus Sangaletti"},"url":"http:\/\/universofamilia.com\/cs\/author\/matheuss\/"}]}},"_links":{"self":[{"href":"http:\/\/universofamilia.com\/cs\/wp-json\/wp\/v2\/posts\/10464"}],"collection":[{"href":"http:\/\/universofamilia.com\/cs\/wp-json\/wp\/v2\/posts"}],"about":[{"href":"http:\/\/universofamilia.com\/cs\/wp-json\/wp\/v2\/types\/post"}],"author":[{"embeddable":true,"href":"http:\/\/universofamilia.com\/cs\/wp-json\/wp\/v2\/users\/219"}],"replies":[{"embeddable":true,"href":"http:\/\/universofamilia.com\/cs\/wp-json\/wp\/v2\/comments?post=10464"}],"version-history":[{"count":1,"href":"http:\/\/universofamilia.com\/cs\/wp-json\/wp\/v2\/posts\/10464\/revisions"}],"predecessor-version":[{"id":10468,"href":"http:\/\/universofamilia.com\/cs\/wp-json\/wp\/v2\/posts\/10464\/revisions\/10468"}],"wp:featuredmedia":[{"embeddable":true,"href":"http:\/\/universofamilia.com\/cs\/wp-json\/wp\/v2\/media\/10466"}],"wp:attachment":[{"href":"http:\/\/universofamilia.com\/cs\/wp-json\/wp\/v2\/media?parent=10464"}],"wp:term":[{"taxonomy":"category","embeddable":true,"href":"http:\/\/universofamilia.com\/cs\/wp-json\/wp\/v2\/categories?post=10464"},{"taxonomy":"post_tag","embeddable":true,"href":"http:\/\/universofamilia.com\/cs\/wp-json\/wp\/v2\/tags?post=10464"}],"curies":[{"name":"wp","href":"https:\/\/api.w.org\/{rel}","templated":true}]}}