{"id":10479,"date":"2025-12-29T09:09:19","date_gmt":"2025-12-29T12:09:19","guid":{"rendered":"https:\/\/universofamilia.com\/?p=10479"},"modified":"2025-12-29T09:11:25","modified_gmt":"2025-12-29T12:11:25","slug":"la-salud-mental-en-la-mira","status":"publish","type":"post","link":"http:\/\/universofamilia.com\/cs\/la-salud-mental-en-la-mira\/","title":{"rendered":"Du\u0161evn\u00ed zdrav\u00ed v centru pozornosti: nov\u00e1 glob\u00e1ln\u00ed v\u00fdzva 21. stolet\u00ed"},"content":{"rendered":"<p class=\"has-text-align-center\"><strong>Du\u0161evn\u00ed zdrav\u00ed v centru pozornosti: nov\u00e1 glob\u00e1ln\u00ed v\u00fdzva 21. stolet\u00ed.<\/strong> U\u017e to nen\u00ed popla\u0161n\u00e9 heslo ani probl\u00e9m v\u00fdhradn\u011b pro l\u00e9ka\u0159skou oblast.<\/p>\n\n\n\n<figure class=\"wp-block-gallery has-nested-images columns-default is-cropped wp-block-gallery-1 is-layout-flex wp-block-gallery-is-layout-flex\">\n<figure class=\"wp-block-image size-full\"><img loading=\"lazy\" decoding=\"async\" width=\"450\" height=\"250\" data-id=\"10481\" src=\"https:\/\/universofamilia.com\/wp-content\/uploads\/sites\/148\/2025\/12\/Destaque-Novo-Universo-20-1.jpg\" alt=\"\" class=\"wp-image-10481\" srcset=\"http:\/\/universofamilia.com\/wp-content\/uploads\/sites\/148\/2025\/12\/Destaque-Novo-Universo-20-1.jpg 450w, http:\/\/universofamilia.com\/wp-content\/uploads\/sites\/148\/2025\/12\/Destaque-Novo-Universo-20-1-300x167.jpg 300w, http:\/\/universofamilia.com\/wp-content\/uploads\/sites\/148\/2025\/12\/Destaque-Novo-Universo-20-1-18x10.jpg 18w\" sizes=\"(max-width: 450px) 100vw, 450px\" \/><figcaption class=\"wp-element-caption\">Du\u0161evn\u00ed zdrav\u00ed v centru pozornosti: nov\u00e1 glob\u00e1ln\u00ed v\u00fdzva 21. stolet\u00ed.<\/figcaption><\/figure>\n<\/figure>\n\n\n\n<p class=\"has-text-align-center\">Stala se soci\u00e1ln\u00ed, ekonomickou a politickou prioritou, kter\u00e1 p\u0159esahuje v\u011bky, profese a kultury.<\/p>\n\n\n\n<p class=\"has-text-align-center\">V roce 2025 znamen\u00e1 mluvit o emo\u010dn\u00ed pohod\u011b mluvit o produktivit\u011b, vztaz\u00edch, vzd\u011bl\u00e1v\u00e1n\u00ed, technologi\u00edch a kvalit\u011b \u017eivota.<\/p>\n\n\n\n<p>Ne\u017e se do toho pust\u00edme hloub\u011bji, stoj\u00ed za to si kr\u00e1tce shrnout: pro\u010d je du\u0161evn\u00ed zdrav\u00ed dnes st\u0159edem glob\u00e1ln\u00ed debaty, jak\u00e9 faktory vysv\u011btluj\u00ed jeho zhor\u0161ov\u00e1n\u00ed a jak ovliv\u0148uje ekonomiku a ka\u017edodenn\u00ed \u017eivot.<\/p>\n\n\n\n<p>Kl\u00ed\u010dov\u00e1 statistika podpo\u0159en\u00e1 mezin\u00e1rodn\u00edmi organizacemi, dva p\u0159\u00edklady z re\u00e1ln\u00e9ho sv\u011bta, objas\u0148uj\u00edc\u00ed analogie, tabulka se sou\u010dasn\u00fdmi v\u00fdzvami a sekce s \u010dasto kladen\u00fdmi ot\u00e1zkami.<\/p>\n\n\n\n<h2 class=\"wp-block-heading\"><strong>Pro\u010d se du\u0161evn\u00ed zdrav\u00ed dostalo do centra glob\u00e1ln\u00ed diskuse<\/strong><\/h2>\n\n\n\n<p>Po cel\u00e1 desetilet\u00ed byla psychick\u00e1 pohoda odsunuta do pozad\u00ed. Rychl\u00e9 zm\u011bny 21. stolet\u00ed n\u00e1s v\u0161ak donutily \u010delit probl\u00e9mu, kter\u00fd ti\u0161e nar\u016fstal.<\/p>\n\n\n\n<p>Intenzivn\u00ed pracovn\u00ed rytmy, hyperkonektivita, ekonomick\u00e1 nejistota a hlubok\u00e9 spole\u010densk\u00e9 transformace vytvo\u0159ily slo\u017eitou \u017eivnou p\u016fdu.<\/p>\n\n\n\n<p>V t\u00e9to souvislosti, <strong>Du\u0161evn\u00ed zdrav\u00ed v centru pozornosti: nov\u00e1 glob\u00e1ln\u00ed v\u00fdzva 21. stolet\u00ed.<\/strong> P\u0159estala b\u00fdt akademickou fr\u00e1z\u00ed a stala se ka\u017edodenn\u00ed realitou.<\/p>\n\n\n\n<p>Vl\u00e1dy, podniky a vzd\u011bl\u00e1vac\u00ed syst\u00e9my si dnes uv\u011bdomuj\u00ed, \u017ee ignorov\u00e1n\u00ed tohoto aspektu m\u00e1 hmatateln\u00e9 a n\u00e1kladn\u00e9 d\u016fsledky.<\/p>\n\n\n\n<h2 class=\"wp-block-heading\"><strong>Probl\u00e9m, kter\u00fd nezn\u00e1 hranic ani v\u011bk\u016f<\/strong><\/h2>\n\n\n\n<p>Du\u0161evn\u00ed zdrav\u00ed se net\u00fdk\u00e1 pouze ur\u010dit\u00fdch zem\u00ed nebo soci\u00e1ln\u00edch skupin.<\/p>\n\n\n\n<p>Toto je roz\u0161\u00ed\u0159en\u00fd jev. Mlad\u00ed lid\u00e9, dosp\u011bl\u00ed i star\u0161\u00ed lid\u00e9 \u010del\u00ed rostouc\u00ed m\u00ed\u0159e stresu, \u00fazkosti a emocion\u00e1ln\u00edho vy\u010derp\u00e1n\u00ed.<\/p>\n\n\n\n<p>Podle \u00fadaj\u016f z <strong>Sv\u011btov\u00e1 zdravotnick\u00e1 organizace (WHO)<\/strong>p\u0159ibli\u017en\u011b <strong>Ka\u017ed\u00fd osm\u00fd \u010dlov\u011bk na sv\u011bt\u011b \u017eije s n\u011bjakou formou du\u0161evn\u00ed poruchy<\/strong>Toto \u010d\u00edslo odr\u00e1\u017e\u00ed rozsah probl\u00e9mu a jeho p\u0159\u00edm\u00fd dopad na zdravotnick\u00e9 syst\u00e9my a glob\u00e1ln\u00ed ekonomiku.<\/p>\n\n\n\n<p>Tato data, aktualizovan\u00e1 v ned\u00e1vn\u00fdch zpr\u00e1v\u00e1ch agentury, potvrzuj\u00ed, \u017ee se nejedn\u00e1 o ojedin\u011bl\u00e9 p\u0159\u00edpady, ale o struktur\u00e1ln\u00ed probl\u00e9m.<\/p>\n\n\n\n<h2 class=\"wp-block-heading\"><strong>Tich\u00fd dopad na ekonomiku a pr\u00e1ci<\/strong><\/h2>\n\n\n\n<p>Krom\u011b individu\u00e1ln\u00edho utrpen\u00ed ovliv\u0148uje zhor\u0161en\u00e9 du\u0161evn\u00ed zdrav\u00ed produktivitu, zvy\u0161uje absenci v pr\u00e1ci a zvy\u0161uje n\u00e1klady na zdravotn\u00ed p\u00e9\u010di.<\/p>\n\n\n\n<p>Firmy za\u010daly ch\u00e1pat, \u017ee p\u00e9\u010de o emo\u010dn\u00ed pohodu nen\u00ed dodate\u010dn\u00fdm benefitem, ale strategickou investic\u00ed.<\/p>\n\n\n\n<p>Do roku 2025 mnoho organizac\u00ed integruje programy psychologick\u00e9 podpory, flexibiln\u00ed pracovn\u00ed dobu a z\u00e1sady digit\u00e1ln\u00edho odpojen\u00ed.<\/p>\n\n\n\n<p>D\u011blaj\u00ed to nejen ze spole\u010densk\u00e9 odpov\u011bdnosti, ale tak\u00e9 proto, \u017ee v\u00fdsledky ukazuj\u00ed jasn\u00e9 zlep\u0161en\u00ed ve v\u00fdkonu a odhodl\u00e1n\u00ed.<\/p>\n\n\n\n<h2 class=\"wp-block-heading\"><strong>Technologie: spojenec i riziko<\/strong><\/h2>\n\n\n\n<p>Technologie hraje ambivalentn\u00ed roli. Na jedn\u00e9 stran\u011b usnad\u0148uje p\u0159\u00edstup k informac\u00edm, online terapi\u00edm a podp\u016frn\u00fdm komunit\u00e1m.<\/p>\n\n\n\n<p>Na druhou stranu to zintenziv\u0148uje soci\u00e1ln\u00ed srovn\u00e1v\u00e1n\u00ed, nadm\u011brnou expozici a obt\u00ed\u017ee s odpojen\u00edm se.<\/p>\n\n\n\n<p>V\u00fdzvou je moud\u0159e pou\u017e\u00edvat digit\u00e1ln\u00ed n\u00e1stroje.<\/p>\n\n\n\n<p>Kl\u00ed\u010dem nen\u00ed d\u00e9monizovat technologie, ale stanovit zdrav\u00e9 hranice, kter\u00e9 n\u00e1m umo\u017en\u00ed vyu\u017e\u00edvat jejich v\u00fdhod, ani\u017e bychom ob\u011btovali emocion\u00e1ln\u00ed rovnov\u00e1hu.<\/p>\n\n\n\n<h2 class=\"wp-block-heading\"><strong>Emo\u010dn\u00ed v\u00fdchova: historick\u00fd dluh<\/strong><\/h2>\n\n\n\n<p>Vzd\u011bl\u00e1vac\u00ed syst\u00e9my po l\u00e9ta up\u0159ednost\u0148ovaly akademick\u00fd obsah a zanedb\u00e1valy z\u00e1kladn\u00ed emocion\u00e1ln\u00ed dovednosti. Dnes si toto opomenut\u00ed vyb\u00edr\u00e1 svou da\u0148.<\/p>\n\n\n\n<p>Emo\u010dn\u00ed gramotnost se st\u00e1v\u00e1 nal\u00e9havou pot\u0159ebou.<\/p>\n\n\n\n<p>Za\u010dlen\u011bn\u00ed zvl\u00e1d\u00e1n\u00ed stresu, empatie a sebeuv\u011bdom\u011bn\u00ed od ran\u00e9ho v\u011bku nejen p\u0159edch\u00e1z\u00ed budouc\u00edm poruch\u00e1m, ale tak\u00e9 vytv\u00e1\u0159\u00ed odoln\u011bj\u0161\u00ed a uv\u011bdom\u011blej\u0161\u00ed ob\u010dany.<\/p>\n\n\n\n<h3 class=\"wp-block-heading\"><strong>P\u0159\u00edklad 1<\/strong><\/h3>\n\n\n\n<p>Ve\u0159ejn\u00e1 \u0161kola v Latinsk\u00e9 Americe integrovala t\u00fddenn\u00ed workshopy emo\u010dn\u00ed v\u00fdchovy.<\/p>\n\n\n\n<p>Podle intern\u00edch zpr\u00e1v vzd\u011bl\u00e1vac\u00edho centra se za necel\u00fd rok sn\u00ed\u017eily konflikty mezi studenty a zlep\u0161ily se celkov\u00e9 akademick\u00e9 v\u00fdsledky.<\/p>\n\n\n\n<h2 class=\"wp-block-heading\"><strong>Stigma: nejvytrvalej\u0161\u00ed nep\u0159\u00edtel<\/strong><\/h2>\n\n\n\n<p>P\u0159esto\u017ee se diskurz zm\u011bnil, stigma p\u0159etrv\u00e1v\u00e1. Mnoho lid\u00ed se vyh\u00fdb\u00e1 \u017e\u00e1dosti o pomoc ze strachu ze spole\u010densk\u00e9ho nebo profesn\u00edho odsouzen\u00ed.<\/p>\n\n\n\n<p>Toto ml\u010den\u00ed zhor\u0161uje p\u0159\u00edznaky a oddaluje \u00fa\u010dinnou l\u00e9\u010dbu.<\/p>\n\n\n\n<p>Zviditeln\u011bn\u00ed du\u0161evn\u00edho zdrav\u00ed jako ned\u00edln\u00e9 sou\u010d\u00e1sti celkov\u00e9ho zdrav\u00ed je kl\u00ed\u010dov\u00e9. Normalizace konverzace \u0161et\u0159\u00ed \u010das, zdroje a v n\u011bkter\u00fdch p\u0159\u00edpadech i \u017eivoty.<\/p>\n\n\n\n<h2 class=\"wp-block-heading\"><strong>Analogie, kter\u00e1 pom\u00e1h\u00e1 pochopit nal\u00e9havost<\/strong><\/h2>\n\n\n\n<p>P\u00e9\u010de o du\u0161evn\u00ed zdrav\u00ed je podobn\u00e1 <strong>udr\u017eovat opera\u010dn\u00ed syst\u00e9m za\u0159\u00edzen\u00ed<\/strong>.<\/p>\n\n\n\n<p>M\u016f\u017eete m\u00edt ten nejlep\u0161\u00ed hardware, ale pokud software sel\u017ee, cel\u00fd syst\u00e9m se stane pomal\u00fdm, nestabiln\u00edm a zraniteln\u00fdm. Ignorov\u00e1n\u00ed varovn\u00fdch sign\u00e1l\u016f pouze zhor\u0161uje celkov\u00fd v\u00fdkon.<\/p>\n\n\n\n<h2 class=\"wp-block-heading\"><strong>Ve\u0159ejn\u00e9 politiky a kolektivn\u00ed odpov\u011bdnost<\/strong><\/h2>\n\n\n\n<p>Vl\u00e1dy \u010del\u00ed v\u00fdzv\u011b, jak navrhnout komplexn\u00ed, p\u0159\u00edstupn\u00e9 a udr\u017eiteln\u00e9 politiky.<\/p>\n\n\n\n<p>Pouh\u00e9 zv\u00fd\u0161en\u00ed rozpo\u010dt\u016f nesta\u010d\u00ed; je nutn\u00e1 koordinace mezi zdravotnictv\u00edm, vzd\u011bl\u00e1v\u00e1n\u00edm, prac\u00ed a soci\u00e1ln\u00edm rozvojem.<\/p>\n\n\n\n<p>Z\u00e1rove\u0148 odpov\u011bdnost nele\u017e\u00ed pouze na instituc\u00edch.<\/p>\n\n\n\n<p>Komunity, rodiny a pracovn\u00ed prost\u0159ed\u00ed hraj\u00ed v prevenci a podpo\u0159e z\u00e1sadn\u00ed roli.<\/p>\n\n\n\n<h2 class=\"wp-block-heading\"><strong>Tabulka: Hlavn\u00ed sou\u010dasn\u00e9 v\u00fdzvy v oblasti du\u0161evn\u00edho zdrav\u00ed<\/strong><\/h2>\n\n\n\n<figure class=\"wp-block-table\"><table><thead><tr><th>Glob\u00e1ln\u00ed v\u00fdzva<\/th><th>Hlavn\u00ed dopad<\/th><\/tr><\/thead><tbody><tr><td>Chronick\u00fd pracovn\u00ed stres<\/td><td>Vyho\u0159en\u00ed a n\u00edzk\u00e1 produktivita<\/td><\/tr><tr><td>Soci\u00e1ln\u00ed stigmatizace<\/td><td>Nedostatek v\u010dasn\u00e9 diagn\u00f3zy<\/td><\/tr><tr><td>Omezen\u00fd p\u0159\u00edstup k p\u00e9\u010di<\/td><td>Nedostatky ve ve\u0159ejn\u00e9m zdrav\u00ed<\/td><\/tr><tr><td>Nadm\u011brn\u00e9 pou\u017e\u00edv\u00e1n\u00ed technologi\u00ed<\/td><td>\u00dazkost a emo\u010dn\u00ed odpojen\u00ed<\/td><\/tr><tr><td>Nedostatek emocion\u00e1ln\u00ed v\u00fdchovy<\/td><td>Ni\u017e\u0161\u00ed soci\u00e1ln\u00ed odolnost<\/td><\/tr><\/tbody><\/table><figcaption class=\"wp-element-caption\">Du\u0161evn\u00ed zdrav\u00ed v centru pozornosti: nov\u00e1 glob\u00e1ln\u00ed v\u00fdzva 21. stolet\u00ed.<\/figcaption><\/figure>\n\n\n\n<figure class=\"wp-block-gallery has-nested-images columns-default is-cropped wp-block-gallery-2 is-layout-flex wp-block-gallery-is-layout-flex\">\n<figure class=\"wp-block-image size-full\"><img loading=\"lazy\" decoding=\"async\" width=\"450\" height=\"250\" data-id=\"10482\" src=\"https:\/\/universofamilia.com\/wp-content\/uploads\/sites\/148\/2025\/12\/Destaque-Novo-Universo-21.jpg\" alt=\"\" class=\"wp-image-10482\" srcset=\"http:\/\/universofamilia.com\/wp-content\/uploads\/sites\/148\/2025\/12\/Destaque-Novo-Universo-21.jpg 450w, http:\/\/universofamilia.com\/wp-content\/uploads\/sites\/148\/2025\/12\/Destaque-Novo-Universo-21-300x167.jpg 300w, http:\/\/universofamilia.com\/wp-content\/uploads\/sites\/148\/2025\/12\/Destaque-Novo-Universo-21-18x10.jpg 18w\" sizes=\"(max-width: 450px) 100vw, 450px\" \/><figcaption class=\"wp-element-caption\">Du\u0161evn\u00ed zdrav\u00ed v centru pozornosti: nov\u00e1 glob\u00e1ln\u00ed v\u00fdzva 21. stolet\u00ed.<\/figcaption><\/figure>\n<\/figure>\n\n\n\n<p>\u010ct\u011bte v\u00edce:\u00a0<a href=\"http:\/\/universofamilia.com\/cs\/descubrimientos-cientificos-que-cambiaran-el-futuro\/\">V\u011bdeck\u00e9 objevy, kter\u00e9 zm\u011bn\u00ed budoucnost<\/a><\/p>\n\n\n\n<h2 class=\"wp-block-heading\"><strong>D\u016fle\u017eitost mluven\u00ed, naslouch\u00e1n\u00ed a jedn\u00e1n\u00ed<\/strong><\/h2>\n\n\n\n<p>Vytv\u00e1\u0159en\u00ed prostor\u016f pro up\u0159\u00edmn\u00fd dialog m\u00e1 skute\u010dn\u00fd v\u00fdznam. Naslouch\u00e1n\u00ed bez odsuzov\u00e1n\u00ed a uzn\u00e1v\u00e1n\u00ed emoc\u00ed posiluje vazby a sni\u017euje izolaci.<\/p>\n\n\n\n<p>D\u00e1le podporuje kulturu, kde \u017e\u00e1dost o pomoc nen\u00ed vn\u00edm\u00e1na jako slabost, ale jako osobn\u00ed zodpov\u011bdnost.<\/p>\n\n\n\n<h3 class=\"wp-block-heading\"><strong>P\u0159\u00edklad 2<\/strong><\/h3>\n\n\n\n<p>Servisn\u00ed spole\u010dnost zavedla dobrovoln\u00e1 sezen\u00ed psychologick\u00e9 podpory.<\/p>\n\n\n\n<p>Po \u0161esti m\u011bs\u00edc\u00edch t\u00fdmy hl\u00e1sily v\u011bt\u0161\u00ed soudr\u017enost a pokles vn\u00edman\u00e9ho stresu, co\u017e se odrazilo v hodnocen\u00ed intern\u00edho klimatu na pracovi\u0161ti.<\/p>\n\n\n\n<h2 class=\"wp-block-heading\"><strong>Pro\u010d tato v\u00fdzva definuje 21. stolet\u00ed?<\/strong><\/h2>\n\n\n\n<p>Proto\u017ee lidstvo nikdy p\u0159edt\u00edm nem\u011blo tolik informac\u00ed a z\u00e1rove\u0148 tolik sou\u010dasn\u00fdch tlakov\u00fdch faktor\u016f.<\/p>\n\n\n\n<p>Globalizace, klimatick\u00e1 krize, technologick\u00e9 zm\u011bny a geopolitick\u00e9 nap\u011bt\u00ed p\u0159\u00edmo ovliv\u0148uj\u00ed emocion\u00e1ln\u00ed stabilitu.<\/p>\n\n\n\n<p>M\u00e1 smysl mluvit o pokroku, pokud se zanedb\u00e1v\u00e1 psychick\u00e1 pohoda lid\u00ed?<\/p>\n\n\n\n<h2 class=\"wp-block-heading\"><strong>D\u00edv\u00e1me se do budoucnosti se zodpov\u011bdnost\u00ed<\/strong><\/h2>\n\n\n\n<p>V roce 2025 <strong>Du\u0161evn\u00ed zdrav\u00ed v centru pozornosti: nov\u00e1 glob\u00e1ln\u00ed v\u00fdzva 21. stolet\u00ed.<\/strong> Vy\u017eaduje to konkr\u00e9tn\u00ed \u010diny, ne jen \u0159e\u010di.<\/p>\n\n\n\n<p>Investice do prevence, vzd\u011bl\u00e1v\u00e1n\u00ed a p\u0159\u00edstupu k l\u00e9\u010db\u011b jsou stejn\u011b d\u016fle\u017eit\u00e9 jako jak\u00e1koli fyzick\u00e1 infrastruktura.<\/p>\n\n\n\n<p>Budoucnost bude z\u00e1viset na kolektivn\u00ed schopnosti uznat, \u017ee du\u0161evn\u00ed zdrav\u00ed nen\u00ed luxus, ale pil\u00ed\u0159 udr\u017eiteln\u00e9ho rozvoje.<\/p>\n\n\n\n<h2 class=\"wp-block-heading\"><strong>Z\u00e1v\u011br<\/strong><\/h2>\n\n\n\n<p>Du\u0161evn\u00ed zdrav\u00ed definuje, jak pracujeme, u\u010d\u00edme se, komunikujeme s ostatn\u00edmi a pl\u00e1nujeme budoucnost. Jeho ignorov\u00e1n\u00ed znamen\u00e1 neust\u00e1le rostouc\u00ed lidsk\u00e9 a ekonomick\u00e9 n\u00e1klady.<\/p>\n\n\n\n<p>Naproti tomu, \u0159e\u0161en\u00ed probl\u00e9mu s v\u00e1\u017enost\u00ed, empati\u00ed a strategi\u00ed otev\u00edr\u00e1 dve\u0159e k vyv\u00e1\u017een\u011bj\u0161\u00edm a odoln\u011bj\u0161\u00edm spole\u010dnostem.<\/p>\n\n\n\n<p>V\u00fdzva byla stanovena. Ot\u00e1zkou u\u017e nen\u00ed, zda bychom m\u011bli jednat, ale jak a s jakou nal\u00e9havost\u00ed.<\/p>\n\n\n\n<p>\u010ct\u011bte v\u00edce:\u00a0<a href=\"http:\/\/universofamilia.com\/cs\/el-crecimiento-del-comercio-electronico-mundial-en-2025\/\">R\u016fst glob\u00e1ln\u00edho elektronick\u00e9ho obchodov\u00e1n\u00ed v roce 2025<\/a><\/p>\n\n\n\n<h2 class=\"wp-block-heading\"><strong>\u010casto kladen\u00e9 ot\u00e1zky<\/strong><\/h2>\n\n\n\n<p><strong>Je du\u0161evn\u00ed zdrav\u00ed jen individu\u00e1ln\u00ed z\u00e1le\u017eitost\u00ed?<\/strong><br>Ne. Zahrnuje soci\u00e1ln\u00ed, ekonomick\u00e9 a kulturn\u00ed faktory, kter\u00e9 vy\u017eaduj\u00ed kolektivn\u00ed reakce.<\/p>\n\n\n\n<p><strong>Je vyhled\u00e1v\u00e1n\u00ed psychologick\u00e9 pomoci st\u00e1le odsuzov\u00e1no?<\/strong><br>Stigma se zm\u00edrnilo, ale v n\u011bkter\u00fdch kruz\u00edch st\u00e1le p\u0159etrv\u00e1v\u00e1. Otev\u0159en\u00e9 mluven\u00ed o t\u00e9to problematice pom\u00e1h\u00e1 toto vn\u00edm\u00e1n\u00ed zm\u011bnit.<\/p>\n\n\n\n<p><strong>Zhor\u0161uje technologie du\u0161evn\u00ed zdrav\u00ed?<\/strong><br>Z\u00e1le\u017e\u00ed na pou\u017eit\u00ed. M\u016f\u017ee to b\u00fdt podp\u016frn\u00fd n\u00e1stroj nebo rizikov\u00fd faktor, pokud to nen\u00ed regulov\u00e1no.<\/p>\n\n\n\n<p><strong>M\u011bly by se firmy do t\u00e9to problematiky zapojit?<\/strong><br>Ano. Emo\u010dn\u00ed pohoda p\u0159\u00edmo ovliv\u0148uje v\u00fdkonnost a udr\u017eitelnost organizace.<\/p>\n\n\n\n<p><strong>Opravdu funguje prevence?<\/strong><br>R\u016fzn\u00e9 programy ukazuj\u00ed, \u017ee emo\u010dn\u00ed v\u00fdchova a v\u010dasn\u00e1 detekce sni\u017euj\u00ed dlouhodob\u00e9 probl\u00e9my.<\/p>\n\n\n\n<p>V\u00e1\u017en\u00fd a lidsk\u00fd p\u0159\u00edstup k du\u0161evn\u00edmu zdrav\u00ed nejen zlep\u0161uje \u017eivoty jednotlivc\u016f, ale tak\u00e9 nov\u011b definuje sm\u011br 21. stolet\u00ed.<\/p>","protected":false},"excerpt":{"rendered":"<p>La salud mental en la mira: el nuevo desaf\u00edo global del siglo XXI. ya no es una consigna alarmista ni un tema exclusivo del \u00e1mbito m\u00e9dico. Se convirti\u00f3 en una prioridad social, econ\u00f3mica y pol\u00edtica que atraviesa edades, profesiones y culturas. En 2025, hablar de bienestar emocional implica hablar de productividad, v\u00ednculos, educaci\u00f3n, tecnolog\u00eda y [&hellip;]<\/p>","protected":false},"author":219,"featured_media":10480,"comment_status":"closed","ping_status":"open","sticky":false,"template":"","format":"standard","meta":{"footnotes":""},"categories":[4],"tags":[],"yoast_head":"<!-- This site is optimized with the Yoast SEO plugin v23.3 - https:\/\/yoast.com\/wordpress\/plugins\/seo\/ -->\n<title>La salud mental en la mira: el nuevo desaf\u00edo global del siglo XXI - Universo Fam\u00edlia<\/title>\n<meta name=\"description\" content=\"La salud mental en la mira: el nuevo desaf\u00edo global del siglo XXI. ya no es una consigna alarmista ni un tema exclusivo del \u00e1mbito m\u00e9dico.\" \/>\n<meta name=\"robots\" content=\"index, follow, max-snippet:-1, max-image-preview:large, max-video-preview:-1\" \/>\n<link rel=\"canonical\" href=\"https:\/\/universofamilia.com\/cs\/la-salud-mental-en-la-mira\/\" \/>\n<meta property=\"og:locale\" content=\"cs_CZ\" \/>\n<meta property=\"og:type\" content=\"article\" \/>\n<meta property=\"og:title\" content=\"La salud mental en la mira: el nuevo desaf\u00edo global del siglo XXI - Universo Fam\u00edlia\" \/>\n<meta property=\"og:description\" content=\"La salud mental en la mira: el nuevo desaf\u00edo global del siglo XXI. ya no es una consigna alarmista ni un tema exclusivo del \u00e1mbito m\u00e9dico.\" \/>\n<meta property=\"og:url\" content=\"https:\/\/universofamilia.com\/cs\/la-salud-mental-en-la-mira\/\" \/>\n<meta property=\"og:site_name\" content=\"Universo Fam\u00edlia\" \/>\n<meta property=\"article:published_time\" content=\"2025-12-29T12:09:19+00:00\" \/>\n<meta property=\"article:modified_time\" content=\"2025-12-29T12:11:25+00:00\" \/>\n<meta property=\"og:image\" content=\"https:\/\/universofamilia.com\/wp-content\/uploads\/sites\/148\/2025\/12\/Destaque-Novo-Universo-20.jpg\" \/>\n\t<meta property=\"og:image:width\" content=\"450\" \/>\n\t<meta property=\"og:image:height\" content=\"250\" \/>\n\t<meta property=\"og:image:type\" content=\"image\/jpeg\" \/>\n<meta name=\"author\" content=\"Matheus Sangaletti\" \/>\n<meta name=\"twitter:card\" content=\"summary_large_image\" \/>\n<meta name=\"twitter:label1\" content=\"Written by\" \/>\n\t<meta name=\"twitter:data1\" content=\"Matheus Sangaletti\" \/>\n\t<meta name=\"twitter:label2\" content=\"Est. reading time\" \/>\n\t<meta name=\"twitter:data2\" content=\"1 minuta\" \/>\n<script type=\"application\/ld+json\" class=\"yoast-schema-graph\">{\"@context\":\"https:\/\/schema.org\",\"@graph\":[{\"@type\":\"WebPage\",\"@id\":\"https:\/\/universofamilia.com\/zh_hk\/la-salud-mental-en-la-mira\/\",\"url\":\"https:\/\/universofamilia.com\/zh_hk\/la-salud-mental-en-la-mira\/\",\"name\":\"La salud mental en la mira: el nuevo desaf\u00edo global del siglo XXI - Universo Fam\u00edlia\",\"isPartOf\":{\"@id\":\"http:\/\/universofamilia.com\/zh_hk\/#website\"},\"primaryImageOfPage\":{\"@id\":\"https:\/\/universofamilia.com\/zh_hk\/la-salud-mental-en-la-mira\/#primaryimage\"},\"image\":{\"@id\":\"https:\/\/universofamilia.com\/zh_hk\/la-salud-mental-en-la-mira\/#primaryimage\"},\"thumbnailUrl\":\"http:\/\/universofamilia.com\/wp-content\/uploads\/sites\/148\/2025\/12\/Destaque-Novo-Universo-20.jpg\",\"datePublished\":\"2025-12-29T12:09:19+00:00\",\"dateModified\":\"2025-12-29T12:11:25+00:00\",\"author\":{\"@id\":\"http:\/\/universofamilia.com\/zh_hk\/#\/schema\/person\/92fcd07e9b1f4323bf74f3170fc0f78a\"},\"description\":\"La salud mental en la mira: el nuevo desaf\u00edo global del siglo XXI. ya no es una consigna alarmista ni un tema exclusivo del \u00e1mbito m\u00e9dico.\",\"breadcrumb\":{\"@id\":\"https:\/\/universofamilia.com\/zh_hk\/la-salud-mental-en-la-mira\/#breadcrumb\"},\"inLanguage\":\"cs\",\"potentialAction\":[{\"@type\":\"ReadAction\",\"target\":[\"https:\/\/universofamilia.com\/zh_hk\/la-salud-mental-en-la-mira\/\"]}]},{\"@type\":\"ImageObject\",\"inLanguage\":\"cs\",\"@id\":\"https:\/\/universofamilia.com\/zh_hk\/la-salud-mental-en-la-mira\/#primaryimage\",\"url\":\"http:\/\/universofamilia.com\/wp-content\/uploads\/sites\/148\/2025\/12\/Destaque-Novo-Universo-20.jpg\",\"contentUrl\":\"http:\/\/universofamilia.com\/wp-content\/uploads\/sites\/148\/2025\/12\/Destaque-Novo-Universo-20.jpg\",\"width\":450,\"height\":250,\"caption\":\"La salud mental en la mira: el nuevo desaf\u00edo global del siglo XXI.\"},{\"@type\":\"BreadcrumbList\",\"@id\":\"https:\/\/universofamilia.com\/zh_hk\/la-salud-mental-en-la-mira\/#breadcrumb\",\"itemListElement\":[{\"@type\":\"ListItem\",\"position\":1,\"name\":\"Home\",\"item\":\"http:\/\/universofamilia.com\/zh_hk\/\"},{\"@type\":\"ListItem\",\"position\":2,\"name\":\"La salud mental en la mira: el nuevo desaf\u00edo global del siglo XXI\"}]},{\"@type\":\"WebSite\",\"@id\":\"http:\/\/universofamilia.com\/zh_hk\/#website\",\"url\":\"http:\/\/universofamilia.com\/zh_hk\/\",\"name\":\"Universo Fam\u00edlia\",\"description\":\"\",\"potentialAction\":[{\"@type\":\"SearchAction\",\"target\":{\"@type\":\"EntryPoint\",\"urlTemplate\":\"http:\/\/universofamilia.com\/zh_hk\/?s={search_term_string}\"},\"query-input\":\"required name=search_term_string\"}],\"inLanguage\":\"cs\"},{\"@type\":\"Person\",\"@id\":\"http:\/\/universofamilia.com\/zh_hk\/#\/schema\/person\/92fcd07e9b1f4323bf74f3170fc0f78a\",\"name\":\"Matheus Sangaletti\",\"image\":{\"@type\":\"ImageObject\",\"inLanguage\":\"cs\",\"@id\":\"http:\/\/universofamilia.com\/zh_hk\/#\/schema\/person\/image\/\",\"url\":\"http:\/\/2.gravatar.com\/avatar\/280ea957a14a48e6a1ad2133d2cc27c9?s=96&d=mm&r=g\",\"contentUrl\":\"http:\/\/2.gravatar.com\/avatar\/280ea957a14a48e6a1ad2133d2cc27c9?s=96&d=mm&r=g\",\"caption\":\"Matheus Sangaletti\"},\"url\":\"http:\/\/universofamilia.com\/cs\/author\/matheuss\/\"}]}<\/script>\n<!-- \/ Yoast SEO plugin. -->","yoast_head_json":{"title":"La salud mental en la mira: el nuevo desaf\u00edo global del siglo XXI - Universo Fam\u00edlia","description":"La salud mental en la mira: el nuevo desaf\u00edo global del siglo XXI. ya no es una consigna alarmista ni un tema exclusivo del \u00e1mbito m\u00e9dico.","robots":{"index":"index","follow":"follow","max-snippet":"max-snippet:-1","max-image-preview":"max-image-preview:large","max-video-preview":"max-video-preview:-1"},"canonical":"https:\/\/universofamilia.com\/cs\/la-salud-mental-en-la-mira\/","og_locale":"cs_CZ","og_type":"article","og_title":"La salud mental en la mira: el nuevo desaf\u00edo global del siglo XXI - Universo Fam\u00edlia","og_description":"La salud mental en la mira: el nuevo desaf\u00edo global del siglo XXI. ya no es una consigna alarmista ni un tema exclusivo del \u00e1mbito m\u00e9dico.","og_url":"https:\/\/universofamilia.com\/cs\/la-salud-mental-en-la-mira\/","og_site_name":"Universo Fam\u00edlia","article_published_time":"2025-12-29T12:09:19+00:00","article_modified_time":"2025-12-29T12:11:25+00:00","og_image":[{"width":450,"height":250,"url":"https:\/\/universofamilia.com\/wp-content\/uploads\/sites\/148\/2025\/12\/Destaque-Novo-Universo-20.jpg","type":"image\/jpeg"}],"author":"Matheus Sangaletti","twitter_card":"summary_large_image","twitter_misc":{"Written by":"Matheus Sangaletti","Est. reading time":"1 minuta"},"schema":{"@context":"https:\/\/schema.org","@graph":[{"@type":"WebPage","@id":"https:\/\/universofamilia.com\/zh_hk\/la-salud-mental-en-la-mira\/","url":"https:\/\/universofamilia.com\/zh_hk\/la-salud-mental-en-la-mira\/","name":"La salud mental en la mira: el nuevo desaf\u00edo global del siglo XXI - Universo Fam\u00edlia","isPartOf":{"@id":"http:\/\/universofamilia.com\/zh_hk\/#website"},"primaryImageOfPage":{"@id":"https:\/\/universofamilia.com\/zh_hk\/la-salud-mental-en-la-mira\/#primaryimage"},"image":{"@id":"https:\/\/universofamilia.com\/zh_hk\/la-salud-mental-en-la-mira\/#primaryimage"},"thumbnailUrl":"http:\/\/universofamilia.com\/wp-content\/uploads\/sites\/148\/2025\/12\/Destaque-Novo-Universo-20.jpg","datePublished":"2025-12-29T12:09:19+00:00","dateModified":"2025-12-29T12:11:25+00:00","author":{"@id":"http:\/\/universofamilia.com\/zh_hk\/#\/schema\/person\/92fcd07e9b1f4323bf74f3170fc0f78a"},"description":"La salud mental en la mira: el nuevo desaf\u00edo global del siglo XXI. ya no es una consigna alarmista ni un tema exclusivo del \u00e1mbito m\u00e9dico.","breadcrumb":{"@id":"https:\/\/universofamilia.com\/zh_hk\/la-salud-mental-en-la-mira\/#breadcrumb"},"inLanguage":"cs","potentialAction":[{"@type":"ReadAction","target":["https:\/\/universofamilia.com\/zh_hk\/la-salud-mental-en-la-mira\/"]}]},{"@type":"ImageObject","inLanguage":"cs","@id":"https:\/\/universofamilia.com\/zh_hk\/la-salud-mental-en-la-mira\/#primaryimage","url":"http:\/\/universofamilia.com\/wp-content\/uploads\/sites\/148\/2025\/12\/Destaque-Novo-Universo-20.jpg","contentUrl":"http:\/\/universofamilia.com\/wp-content\/uploads\/sites\/148\/2025\/12\/Destaque-Novo-Universo-20.jpg","width":450,"height":250,"caption":"La salud mental en la mira: el nuevo desaf\u00edo global del siglo XXI."},{"@type":"BreadcrumbList","@id":"https:\/\/universofamilia.com\/zh_hk\/la-salud-mental-en-la-mira\/#breadcrumb","itemListElement":[{"@type":"ListItem","position":1,"name":"Home","item":"http:\/\/universofamilia.com\/zh_hk\/"},{"@type":"ListItem","position":2,"name":"La salud mental en la mira: el nuevo desaf\u00edo global del siglo XXI"}]},{"@type":"WebSite","@id":"http:\/\/universofamilia.com\/zh_hk\/#website","url":"http:\/\/universofamilia.com\/zh_hk\/","name":"Universo Fam\u00edlia","description":"","potentialAction":[{"@type":"SearchAction","target":{"@type":"EntryPoint","urlTemplate":"http:\/\/universofamilia.com\/zh_hk\/?s={search_term_string}"},"query-input":"required name=search_term_string"}],"inLanguage":"cs"},{"@type":"Person","@id":"http:\/\/universofamilia.com\/zh_hk\/#\/schema\/person\/92fcd07e9b1f4323bf74f3170fc0f78a","name":"Matheus Sangaletti","image":{"@type":"ImageObject","inLanguage":"cs","@id":"http:\/\/universofamilia.com\/zh_hk\/#\/schema\/person\/image\/","url":"http:\/\/2.gravatar.com\/avatar\/280ea957a14a48e6a1ad2133d2cc27c9?s=96&d=mm&r=g","contentUrl":"http:\/\/2.gravatar.com\/avatar\/280ea957a14a48e6a1ad2133d2cc27c9?s=96&d=mm&r=g","caption":"Matheus Sangaletti"},"url":"http:\/\/universofamilia.com\/cs\/author\/matheuss\/"}]}},"_links":{"self":[{"href":"http:\/\/universofamilia.com\/cs\/wp-json\/wp\/v2\/posts\/10479"}],"collection":[{"href":"http:\/\/universofamilia.com\/cs\/wp-json\/wp\/v2\/posts"}],"about":[{"href":"http:\/\/universofamilia.com\/cs\/wp-json\/wp\/v2\/types\/post"}],"author":[{"embeddable":true,"href":"http:\/\/universofamilia.com\/cs\/wp-json\/wp\/v2\/users\/219"}],"replies":[{"embeddable":true,"href":"http:\/\/universofamilia.com\/cs\/wp-json\/wp\/v2\/comments?post=10479"}],"version-history":[{"count":2,"href":"http:\/\/universofamilia.com\/cs\/wp-json\/wp\/v2\/posts\/10479\/revisions"}],"predecessor-version":[{"id":10484,"href":"http:\/\/universofamilia.com\/cs\/wp-json\/wp\/v2\/posts\/10479\/revisions\/10484"}],"wp:featuredmedia":[{"embeddable":true,"href":"http:\/\/universofamilia.com\/cs\/wp-json\/wp\/v2\/media\/10480"}],"wp:attachment":[{"href":"http:\/\/universofamilia.com\/cs\/wp-json\/wp\/v2\/media?parent=10479"}],"wp:term":[{"taxonomy":"category","embeddable":true,"href":"http:\/\/universofamilia.com\/cs\/wp-json\/wp\/v2\/categories?post=10479"},{"taxonomy":"post_tag","embeddable":true,"href":"http:\/\/universofamilia.com\/cs\/wp-json\/wp\/v2\/tags?post=10479"}],"curies":[{"name":"wp","href":"https:\/\/api.w.org\/{rel}","templated":true}]}}