{"id":1683,"date":"2023-05-24T20:19:32","date_gmt":"2023-05-24T20:19:32","guid":{"rendered":"https:\/\/universofamilia.com\/?p=1683"},"modified":"2023-05-24T20:19:32","modified_gmt":"2023-05-24T20:19:32","slug":"dicas-praticas-para-noites-tranquilas","status":"publish","type":"post","link":"http:\/\/universofamilia.com\/cs\/dicas-praticas-para-noites-tranquilas\/","title":{"rendered":"Praktick\u00e9 tipy pro klidn\u00e9 ve\u010dery"},"content":{"rendered":"<p>Vytvo\u0159en\u00ed vhodn\u00e9ho re\u017eimu pro d\u011bti va\u0161eho d\u00edt\u011bte je nezbytn\u00e9 pro zaji\u0161t\u011bn\u00ed klidn\u00fdch noc\u00ed pro celou rodinu. Dobr\u00e1 kvalita zvuku je kl\u00ed\u010dov\u00e1 pro zdrav\u00fd v\u00fdvoj miminek a z\u00e1rove\u0148 poskytuje pot\u0159ebn\u00fd odpo\u010dinek cel\u00e9 rodin\u011b.<\/p>\n\n\n\n<p>V tomto \u010dl\u00e1nku se s v\u00e1mi pod\u011bl\u00edme o praktick\u00e9 tipy, jak vytvo\u0159it ide\u00e1ln\u00ed zvukov\u00fd rytmus pro va\u0161e d\u00edt\u011b a zajistit, aby m\u011bl klidn\u00fd a uklid\u0148uj\u00edc\u00ed zvuk.<\/p>\n\n\n\n<h3 class=\"wp-block-heading\">Viz tak\u00e9:<\/h3>\n\n\n\n<p><a href=\"http:\/\/universofamilia.com\/cs\/rotina-ideal-para-a-familia-dormir-bem\/\" target=\"_blank\" rel=\"noreferrer noopener\">Rotina Ide\u00e1ln\u00ed pro rodinu pro dobr\u00fd sp\u00e1nek<\/a><\/p>\n\n\n\n<p><a href=\"http:\/\/universofamilia.com\/cs\/muco-nas-fezes-do-bebe-quando-e-normal-e-quando-se-preocupar\/\" target=\"_blank\" rel=\"noreferrer noopener\">Sliznice nosu: kdy je norm\u00e1ln\u00ed a kdy byste se m\u011bli ob\u00e1vat?<\/a><\/p>\n\n\n\n<p><a href=\"https:\/\/www.luzbaby.com.br\/\" target=\"_blank\" rel=\"noreferrer noopener\">Luz Baby je jeden z nejlep\u0161\u00edch obchod\u016f s kojeneck\u00fdmi pot\u0159ebami. Klikn\u011bte zde.<\/a><\/p>\n\n\n\n<h3 class=\"wp-block-heading\">Pochopte pot\u0159eby sv\u00e9ho d\u00edt\u011bte<\/h3>\n\n\n\n<p>Ka\u017ed\u00e9 d\u00edt\u011b je jedine\u010dn\u00e9 a pochopen\u00ed jeho individu\u00e1ln\u00edch pot\u0159eb je prvn\u00edm krokem k vytvo\u0159en\u00ed ide\u00e1ln\u00edho re\u017eimu pro n\u011bj.<\/p>\n\n\n\n<p>Sledujte sp\u00e1nkov\u00e9 vzorce sv\u00e9ho d\u00edt\u011bte, nap\u0159\u00edklad mno\u017estv\u00ed pot\u0159ebn\u00e9ho sp\u00e1nku a rozvrhy, ve kter\u00fdch je zvykem b\u00fdt v\u00edce ospal\u00e9.<\/p>\n\n\n\n<p>To v\u00e1m pom\u016f\u017ee naj\u00edt ide\u00e1ln\u00ed Janelu a vytvo\u0159it si rutinu, kter\u00e1 bude vyhovovat va\u0161im individu\u00e1ln\u00edm pot\u0159eb\u00e1m.<\/p>\n\n\n\n<h3 class=\"wp-block-heading\">Zave\u010fte si konzistentn\u00ed rutinu<\/h3>\n\n\n\n<p>D\u016fsledn\u00fd re\u017eim je nezbytn\u00fd k tomu, aby va\u0161e d\u00edt\u011b pochopilo, co se bude d\u00edt, a p\u0159ipravilo se na to.<\/p>\n\n\n\n<p>Ne\u017e ho ulo\u017e\u00edte do postele, vytvo\u0159te si sled relaxa\u010dn\u00edch aktivit, jako je rann\u00ed koupel, jemn\u00e1 mas\u00e1\u017e nebo \u010dten\u00ed poh\u00e1dky pro miminko. Aktivity prov\u00e1d\u011bjte v\u017edy ve stejn\u00e9m po\u0159ad\u00ed a harmonogramu, proto\u017ee to pom\u016f\u017ee d\u00edt\u011bti signalizovat, \u017ee je \u010das j\u00edt sp\u00e1t.<\/p>\n\n\n\n<p>Konzistence poskytuje d\u00edt\u011bti bezpe\u010d\u00ed a pohodl\u00ed a usnad\u0148uje p\u0159echod ke sp\u00e1nku.<\/p>\n\n\n<div class=\"wp-block-image\">\n<figure class=\"aligncenter size-full\"><img loading=\"lazy\" decoding=\"async\" width=\"550\" height=\"350\" src=\"http:\/\/universofamilia.com\/wp-content\/uploads\/sites\/148\/2023\/05\/FOTO-POST-dicas-bebe-dormir-bem-universo-familia-.png\" alt=\"\" class=\"wp-image-1929\" srcset=\"http:\/\/universofamilia.com\/wp-content\/uploads\/sites\/148\/2023\/05\/FOTO-POST-dicas-bebe-dormir-bem-universo-familia-.png 550w, http:\/\/universofamilia.com\/wp-content\/uploads\/sites\/148\/2023\/05\/FOTO-POST-dicas-bebe-dormir-bem-universo-familia--300x191.png 300w\" sizes=\"(max-width: 550px) 100vw, 550px\" \/><\/figure><\/div>\n\n\n<h3 class=\"wp-block-heading\">Vytvo\u0159te pro sv\u00e9ho syna p\u0159\u00edzniv\u00e9 prost\u0159ed\u00ed<\/h3>\n\n\n\n<p>Vhodn\u00e9 prost\u0159ed\u00ed je nezbytn\u00e9 pro dobr\u00fd ve\u010der pln\u00fd zvuku.<\/p>\n\n\n\n<p>Udr\u017eujte d\u011btsk\u00fd pokoj tmav\u00fd, tich\u00fd a s p\u0159\u00edjemnou teplotou. Pou\u017e\u00edvejte z\u00e1v\u011bsy blokuj\u00edc\u00ed sv\u011btlo, b\u00edl\u00fd \u0161um nebo jemnou hudbu, kter\u00e9 pomohou vytvo\u0159it klidn\u00e9 prost\u0159ed\u00ed.<\/p>\n\n\n\n<p>Zva\u017ete tak\u00e9 pou\u017eit\u00ed za\u0159\u00edzen\u00ed pro monitorov\u00e1n\u00ed zvuku, kter\u00e9 m\u016f\u017ee pomoci identifikovat rodi\u010de a poskytnout cenn\u00e9 informace o zvuku, kter\u00fd d\u00edt\u011b vyd\u00e1v\u00e1.<\/p>\n\n\n\n<h3 class=\"wp-block-heading\">Vyh\u00fdbejte se podn\u011bt\u016fm p\u0159ed span\u00edm<\/h3>\n\n\n\n<p>P\u0159ed span\u00edm se vyh\u00fdbejte stimuluj\u00edc\u00edm aktivit\u00e1m, jako je energick\u00e9 sk\u00e1k\u00e1n\u00ed nebo nadm\u011brn\u00e9 pou\u017e\u00edv\u00e1n\u00ed elektronick\u00fdch za\u0159\u00edzen\u00ed. Vystaven\u00ed modr\u00e9mu sv\u011btlu ze dvou elektronick\u00fdch za\u0159\u00edzen\u00ed m\u016f\u017ee ru\u0161it zvuk va\u0161eho d\u00edt\u011bte.<\/p>\n\n\n\n<p>M\u00edsto toho volte klidn\u00e9 a relaxa\u010dn\u00ed aktivity, jako je \u010dten\u00ed nebo jemn\u00e1 hudba. To pom\u016f\u017ee d\u00edt\u011bti uklidnit se a p\u0159ipravit se na sp\u00e1nek.<\/p>\n\n\n\n<h3 class=\"wp-block-heading\">V\u011bnujte pozornost zvukov\u00fdm dutin\u00e1m<\/h3>\n\n\n\n<p>Ka\u017ed\u00e9 d\u00edt\u011b m\u00e1 individu\u00e1ln\u00ed p\u0159\u00edznaky ospalosti. V\u011bnujte pozornost o\u010d\u00edm, zraku nebo podr\u00e1\u017ed\u011bnosti, proto\u017ee to jsou zn\u00e1mky toho, \u017ee je d\u00edt\u011b p\u0159ipraveno ke sp\u00e1nku.<\/p>\n\n\n\n<p>V\u010dasnou identifikac\u00ed t\u011bchto dutin m\u016f\u017eete rychle jednat a uspat d\u00edt\u011b d\u0159\u00edve, ne\u017e se p\u0159\u00edli\u0161 unav\u00ed. To usnadn\u00ed proces ukol\u00e9b\u00e1n\u00ed a pom\u016f\u017ee vyhnout se nadm\u011brn\u00e9 stimulaci, kter\u00e1 by mohla d\u00edt\u011bti zt\u00ed\u017eit us\u00edn\u00e1n\u00ed.<\/p>\n\n\n\n<h3 class=\"wp-block-heading\">Z\u00e1v\u011br<\/h3>\n\n\n\n<p>Dodr\u017eov\u00e1n\u00ed ide\u00e1ln\u00edho re\u017eimu pro syna va\u0161eho d\u00edt\u011bte m\u016f\u017ee b\u00fdt n\u00e1ro\u010dn\u00e9, ale s trp\u011blivost\u00ed a d\u016fslednost\u00ed m\u016f\u017eete vytvo\u0159it prost\u0159ed\u00ed p\u0159\u00edzniv\u00e9 pro odpo\u010dinek a zaru\u010dit klidn\u00e9 noci pro celou rodinu.<\/p>\n\n\n<div class=\"wp-block-image\">\n<figure class=\"aligncenter size-large is-resized\"><img loading=\"lazy\" decoding=\"async\" src=\"https:\/\/universofamilia.com\/wp-content\/uploads\/2023\/05\/A-ROTINA-IDEAL-DO-SONO-PARA-FAMILIA-COM-BEBE-1024x710.jpg\" alt=\"\" class=\"wp-image-1667\" width=\"549\" height=\"381\"\/><\/figure><\/div>\n\n\n<p>Uv\u011bdomte si, \u017ee ka\u017ed\u00e9 d\u00edt\u011b je jedine\u010dn\u00e9 a je d\u016fle\u017eit\u00e9 sledovat a ch\u00e1pat jeho individu\u00e1ln\u00ed pot\u0159eby.<\/p>\n\n\n\n<p>Zave\u010fte si pravideln\u00fd re\u017eim, vytvo\u0159te zdrav\u00e9 prost\u0159ed\u00ed, vyh\u00fdbejte se podn\u011bt\u016fm p\u0159ed span\u00edm a v\u011bnujte pozornost zvukov\u00fdm sign\u00e1l\u016fm va\u0161eho d\u00edt\u011bte.<\/p>\n\n\n\n<p>S t\u011bmito praktick\u00fdmi pokyny budete na spr\u00e1vn\u00e9 cest\u011b k vytvo\u0159en\u00ed ide\u00e1ln\u00edho re\u017eimu a zaji\u0161t\u011bn\u00ed klidn\u00e9ho a uklid\u0148uj\u00edc\u00edho zvuku pro va\u0161e d\u00edt\u011b.<\/p>\n\n\n\n<p>V\u011bnovat \u010das a \u00fasil\u00ed vytvo\u0159en\u00ed ide\u00e1ln\u00ed rutiny pro syna va\u0161eho d\u00edt\u011bte je cenn\u00e1 investice.<\/p>\n\n\n\n<p>V\u011bzte, \u017ee spr\u00e1vn\u00fd zvuk je nezbytn\u00fd pro zdrav\u00fd r\u016fst a v\u00fdvoj va\u0161eho d\u00edt\u011bte a z\u00e1rove\u0148 poskytuje pot\u0159ebn\u00fd odpo\u010dinek pro va\u0161i zemi.<\/p>\n\n\n\n<p>Se spr\u00e1vn\u00fdmi technikami a strategiemi budete na spr\u00e1vn\u00e9 cest\u011b k vytvo\u0159en\u00ed zdrav\u00e9 rutiny, kter\u00e1 p\u0159inese dlouhodob\u00e9 v\u00fdhody cel\u00e9 rodin\u011b.<\/p>\n\n\n\n<p>Douf\u00e1me, \u017ee v\u00e1m tyto tipy byly u\u017eite\u010dn\u00e9. Jm\u00e9na jsou p\u0159izp\u016fsobena individu\u00e1ln\u00edm pot\u0159eb\u00e1m a preferenc\u00edm va\u0161eho d\u00edt\u011bte.<\/p>\n\n\n\n<p>Ka\u017ed\u00e1 rodina je jedine\u010dn\u00e1 a je d\u016fle\u017eit\u00e9 naj\u00edt to, co v\u00e1m nejl\u00e9pe vyhovuje. D\u00edky kompatibilit\u011b, d\u016fslednosti a l\u00e1sce budete na spr\u00e1vn\u00e9 cest\u011b k v\u00fdchov\u011b ide\u00e1ln\u00edho zdrav\u00e9ho re\u017eimu a zaji\u0161t\u011bn\u00ed klidn\u00fdch a povzbuzuj\u00edc\u00edch noc\u00ed pro va\u0161e d\u00edt\u011b.<\/p>","protected":false},"excerpt":{"rendered":"<p>Criar uma rotina adequada para o sono do beb\u00ea \u00e9 essencial para garantir noites tranquilas para toda a fam\u00edlia. Uma boa qualidade de sono \u00e9 crucial para o desenvolvimento saud\u00e1vel do beb\u00ea, al\u00e9m de proporcionar descanso necess\u00e1rio aos pais. Neste artigo, compartilharemos dicas pr\u00e1ticas para estabelecer uma rotina ideal para o sono do seu beb\u00ea, [&hellip;]<\/p>","protected":false},"author":0,"featured_media":1930,"comment_status":"closed","ping_status":"open","sticky":false,"template":"","format":"standard","meta":{"footnotes":""},"categories":[5],"tags":[767,774,1438,1498],"yoast_head":"<!-- This site is optimized with the Yoast SEO plugin v23.3 - https:\/\/yoast.com\/wordpress\/plugins\/seo\/ -->\n<title>Dicas pr\u00e1ticas para noites tranquilas - Universo Fam\u00edlia<\/title>\n<meta name=\"description\" content=\"Cada beb\u00ea \u00e9 \u00fanico, e entender suas necessidades individuais \u00e9 o primeiro passo para estabelecer uma rotina ideal para o sono.\" \/>\n<meta name=\"robots\" content=\"index, follow, max-snippet:-1, max-image-preview:large, max-video-preview:-1\" \/>\n<link rel=\"canonical\" href=\"http:\/\/universofamilia.com\/cs\/dicas-praticas-para-noites-tranquilas\/\" \/>\n<meta property=\"og:locale\" content=\"cs_CZ\" \/>\n<meta property=\"og:type\" content=\"article\" \/>\n<meta property=\"og:title\" content=\"Dicas pr\u00e1ticas para noites tranquilas - Universo Fam\u00edlia\" \/>\n<meta property=\"og:description\" content=\"Cada beb\u00ea \u00e9 \u00fanico, e entender suas necessidades individuais \u00e9 o primeiro passo para estabelecer uma rotina ideal para o sono.\" \/>\n<meta property=\"og:url\" content=\"http:\/\/universofamilia.com\/cs\/dicas-praticas-para-noites-tranquilas\/\" \/>\n<meta property=\"og:site_name\" content=\"Universo Fam\u00edlia\" \/>\n<meta property=\"article:published_time\" content=\"2023-05-24T20:19:32+00:00\" \/>\n<meta property=\"og:image\" content=\"http:\/\/universofamilia.com\/wp-content\/uploads\/sites\/148\/2023\/05\/FOTO-DESTAQUE-bebe-dormir-bem-universo-familia-448x350-.png\" \/>\n\t<meta property=\"og:image:width\" content=\"448\" \/>\n\t<meta property=\"og:image:height\" content=\"350\" \/>\n\t<meta property=\"og:image:type\" content=\"image\/png\" \/>\n<meta name=\"twitter:card\" content=\"summary_large_image\" \/>\n<meta name=\"twitter:label1\" content=\"Est. reading time\" \/>\n\t<meta name=\"twitter:data1\" content=\"5 minut\" \/>\n<script type=\"application\/ld+json\" class=\"yoast-schema-graph\">{\"@context\":\"https:\/\/schema.org\",\"@graph\":[{\"@type\":\"WebPage\",\"@id\":\"http:\/\/universofamilia.com\/cs\/dicas-praticas-para-noites-tranquilas\/\",\"url\":\"http:\/\/universofamilia.com\/cs\/dicas-praticas-para-noites-tranquilas\/\",\"name\":\"Dicas pr\u00e1ticas para noites tranquilas - Universo Fam\u00edlia\",\"isPartOf\":{\"@id\":\"https:\/\/universofamilia.com\/el\/#website\"},\"primaryImageOfPage\":{\"@id\":\"http:\/\/universofamilia.com\/cs\/dicas-praticas-para-noites-tranquilas\/#primaryimage\"},\"image\":{\"@id\":\"http:\/\/universofamilia.com\/cs\/dicas-praticas-para-noites-tranquilas\/#primaryimage\"},\"thumbnailUrl\":\"http:\/\/universofamilia.com\/wp-content\/uploads\/sites\/148\/2023\/05\/FOTO-DESTAQUE-bebe-dormir-bem-universo-familia-448x350-.png\",\"datePublished\":\"2023-05-24T20:19:32+00:00\",\"dateModified\":\"2023-05-24T20:19:32+00:00\",\"author\":{\"@id\":\"\"},\"description\":\"Cada beb\u00ea \u00e9 \u00fanico, e entender suas necessidades individuais \u00e9 o primeiro passo para estabelecer uma rotina ideal para o sono.\",\"breadcrumb\":{\"@id\":\"http:\/\/universofamilia.com\/cs\/dicas-praticas-para-noites-tranquilas\/#breadcrumb\"},\"inLanguage\":\"cs\",\"potentialAction\":[{\"@type\":\"ReadAction\",\"target\":[\"http:\/\/universofamilia.com\/cs\/dicas-praticas-para-noites-tranquilas\/\"]}]},{\"@type\":\"ImageObject\",\"inLanguage\":\"cs\",\"@id\":\"http:\/\/universofamilia.com\/cs\/dicas-praticas-para-noites-tranquilas\/#primaryimage\",\"url\":\"http:\/\/universofamilia.com\/wp-content\/uploads\/sites\/148\/2023\/05\/FOTO-DESTAQUE-bebe-dormir-bem-universo-familia-448x350-.png\",\"contentUrl\":\"http:\/\/universofamilia.com\/wp-content\/uploads\/sites\/148\/2023\/05\/FOTO-DESTAQUE-bebe-dormir-bem-universo-familia-448x350-.png\",\"width\":448,\"height\":350},{\"@type\":\"BreadcrumbList\",\"@id\":\"http:\/\/universofamilia.com\/cs\/dicas-praticas-para-noites-tranquilas\/#breadcrumb\",\"itemListElement\":[{\"@type\":\"ListItem\",\"position\":1,\"name\":\"Home\",\"item\":\"https:\/\/universofamilia.com\/el\/\"},{\"@type\":\"ListItem\",\"position\":2,\"name\":\"Dicas pr\u00e1ticas para noites tranquilas\"}]},{\"@type\":\"WebSite\",\"@id\":\"https:\/\/universofamilia.com\/el\/#website\",\"url\":\"https:\/\/universofamilia.com\/el\/\",\"name\":\"Universo Fam\u00edlia\",\"description\":\"\",\"potentialAction\":[{\"@type\":\"SearchAction\",\"target\":{\"@type\":\"EntryPoint\",\"urlTemplate\":\"https:\/\/universofamilia.com\/el\/?s={search_term_string}\"},\"query-input\":\"required name=search_term_string\"}],\"inLanguage\":\"cs\"}]}<\/script>\n<!-- \/ Yoast SEO plugin. -->","yoast_head_json":{"title":"Dicas pr\u00e1ticas para noites tranquilas - Universo Fam\u00edlia","description":"Cada beb\u00ea \u00e9 \u00fanico, e entender suas necessidades individuais \u00e9 o primeiro passo para estabelecer uma rotina ideal para o sono.","robots":{"index":"index","follow":"follow","max-snippet":"max-snippet:-1","max-image-preview":"max-image-preview:large","max-video-preview":"max-video-preview:-1"},"canonical":"http:\/\/universofamilia.com\/cs\/dicas-praticas-para-noites-tranquilas\/","og_locale":"cs_CZ","og_type":"article","og_title":"Dicas pr\u00e1ticas para noites tranquilas - Universo Fam\u00edlia","og_description":"Cada beb\u00ea \u00e9 \u00fanico, e entender suas necessidades individuais \u00e9 o primeiro passo para estabelecer uma rotina ideal para o sono.","og_url":"http:\/\/universofamilia.com\/cs\/dicas-praticas-para-noites-tranquilas\/","og_site_name":"Universo Fam\u00edlia","article_published_time":"2023-05-24T20:19:32+00:00","og_image":[{"width":448,"height":350,"url":"http:\/\/universofamilia.com\/wp-content\/uploads\/sites\/148\/2023\/05\/FOTO-DESTAQUE-bebe-dormir-bem-universo-familia-448x350-.png","type":"image\/png"}],"twitter_card":"summary_large_image","twitter_misc":{"Est. reading time":"5 minut"},"schema":{"@context":"https:\/\/schema.org","@graph":[{"@type":"WebPage","@id":"http:\/\/universofamilia.com\/cs\/dicas-praticas-para-noites-tranquilas\/","url":"http:\/\/universofamilia.com\/cs\/dicas-praticas-para-noites-tranquilas\/","name":"Dicas pr\u00e1ticas para noites tranquilas - Universo Fam\u00edlia","isPartOf":{"@id":"https:\/\/universofamilia.com\/el\/#website"},"primaryImageOfPage":{"@id":"http:\/\/universofamilia.com\/cs\/dicas-praticas-para-noites-tranquilas\/#primaryimage"},"image":{"@id":"http:\/\/universofamilia.com\/cs\/dicas-praticas-para-noites-tranquilas\/#primaryimage"},"thumbnailUrl":"http:\/\/universofamilia.com\/wp-content\/uploads\/sites\/148\/2023\/05\/FOTO-DESTAQUE-bebe-dormir-bem-universo-familia-448x350-.png","datePublished":"2023-05-24T20:19:32+00:00","dateModified":"2023-05-24T20:19:32+00:00","author":{"@id":""},"description":"Cada beb\u00ea \u00e9 \u00fanico, e entender suas necessidades individuais \u00e9 o primeiro passo para estabelecer uma rotina ideal para o sono.","breadcrumb":{"@id":"http:\/\/universofamilia.com\/cs\/dicas-praticas-para-noites-tranquilas\/#breadcrumb"},"inLanguage":"cs","potentialAction":[{"@type":"ReadAction","target":["http:\/\/universofamilia.com\/cs\/dicas-praticas-para-noites-tranquilas\/"]}]},{"@type":"ImageObject","inLanguage":"cs","@id":"http:\/\/universofamilia.com\/cs\/dicas-praticas-para-noites-tranquilas\/#primaryimage","url":"http:\/\/universofamilia.com\/wp-content\/uploads\/sites\/148\/2023\/05\/FOTO-DESTAQUE-bebe-dormir-bem-universo-familia-448x350-.png","contentUrl":"http:\/\/universofamilia.com\/wp-content\/uploads\/sites\/148\/2023\/05\/FOTO-DESTAQUE-bebe-dormir-bem-universo-familia-448x350-.png","width":448,"height":350},{"@type":"BreadcrumbList","@id":"http:\/\/universofamilia.com\/cs\/dicas-praticas-para-noites-tranquilas\/#breadcrumb","itemListElement":[{"@type":"ListItem","position":1,"name":"Home","item":"https:\/\/universofamilia.com\/el\/"},{"@type":"ListItem","position":2,"name":"Dicas pr\u00e1ticas para noites tranquilas"}]},{"@type":"WebSite","@id":"https:\/\/universofamilia.com\/el\/#website","url":"https:\/\/universofamilia.com\/el\/","name":"Universo Fam\u00edlia","description":"","potentialAction":[{"@type":"SearchAction","target":{"@type":"EntryPoint","urlTemplate":"https:\/\/universofamilia.com\/el\/?s={search_term_string}"},"query-input":"required name=search_term_string"}],"inLanguage":"cs"}]}},"_links":{"self":[{"href":"http:\/\/universofamilia.com\/cs\/wp-json\/wp\/v2\/posts\/1683"}],"collection":[{"href":"http:\/\/universofamilia.com\/cs\/wp-json\/wp\/v2\/posts"}],"about":[{"href":"http:\/\/universofamilia.com\/cs\/wp-json\/wp\/v2\/types\/post"}],"replies":[{"embeddable":true,"href":"http:\/\/universofamilia.com\/cs\/wp-json\/wp\/v2\/comments?post=1683"}],"version-history":[{"count":0,"href":"http:\/\/universofamilia.com\/cs\/wp-json\/wp\/v2\/posts\/1683\/revisions"}],"wp:featuredmedia":[{"embeddable":true,"href":"http:\/\/universofamilia.com\/cs\/wp-json\/wp\/v2\/media\/1930"}],"wp:attachment":[{"href":"http:\/\/universofamilia.com\/cs\/wp-json\/wp\/v2\/media?parent=1683"}],"wp:term":[{"taxonomy":"category","embeddable":true,"href":"http:\/\/universofamilia.com\/cs\/wp-json\/wp\/v2\/categories?post=1683"},{"taxonomy":"post_tag","embeddable":true,"href":"http:\/\/universofamilia.com\/cs\/wp-json\/wp\/v2\/tags?post=1683"}],"curies":[{"name":"wp","href":"https:\/\/api.w.org\/{rel}","templated":true}]}}