{"id":1692,"date":"2023-05-25T00:53:43","date_gmt":"2023-05-25T00:53:43","guid":{"rendered":"https:\/\/universofamilia.com\/?p=1692"},"modified":"2023-05-25T00:53:43","modified_gmt":"2023-05-25T00:53:43","slug":"rotina-ideal-para-a-familia-dormir-bem","status":"publish","type":"post","link":"http:\/\/universofamilia.com\/cs\/rotina-ideal-para-a-familia-dormir-bem\/","title":{"rendered":"Rotina ide\u00e1ln\u00ed pro rodinn\u00fd sp\u00e1nek"},"content":{"rendered":"<p>Spr\u00e1vn\u00fd zvukov\u00fd re\u017eim je nezbytn\u00fd pro pohodu a zdrav\u00ed cel\u00e9 rodiny. Sp\u00e1nek nejen zlep\u0161uje n\u00e1ladu nebo v\u00fdkonnost b\u011bhem dne, ale tak\u00e9 posiluje imunitn\u00ed syst\u00e9m a p\u0159isp\u00edv\u00e1 k lep\u0161\u00ed kvalit\u011b \u017eivota. V tomto \u010dl\u00e1nku p\u0159edstav\u00edme ide\u00e1ln\u00ed re\u017eim pro dobr\u00fd sp\u00e1nek cel\u00e9 rodiny a praktick\u00e1 opat\u0159en\u00ed, kter\u00e1 lze snadno implementovat. P\u0159ij\u010fte a objevte, jak zajistit klidn\u00e9 zvukov\u00e9 noci pro v\u0161echny \u010dleny va\u0161\u00ed rodiny.<\/p>\n\n\n\n<h3 class=\"wp-block-heading\">Viz tak\u00e9:<\/h3>\n\n\n\n<p><a href=\"http:\/\/universofamilia.com\/cs\/rotina-ideal-para-a-familia-dormir-bem\/\" target=\"_blank\" rel=\"noreferrer noopener\">Rotina Ide\u00e1ln\u00ed pro rodinu pro dobr\u00fd sp\u00e1nek<\/a><\/p>\n\n\n\n<p><a href=\"http:\/\/universofamilia.com\/cs\/muco-nas-fezes-do-bebe-quando-e-normal-e-quando-se-preocupar\/\" target=\"_blank\" rel=\"noreferrer noopener\">Sliznice nosu: kdy je norm\u00e1ln\u00ed a kdy byste se m\u011bli ob\u00e1vat?<\/a><\/p>\n\n\n\n<p><a href=\"https:\/\/www.luzbaby.com.br\/\" target=\"_blank\" rel=\"noreferrer noopener\">Luz Baby je jeden z nejlep\u0161\u00edch obchod\u016f s kojeneck\u00fdmi pot\u0159ebami. Klikn\u011bte zde.<\/a><\/p>\n\n\n\n<h3 class=\"wp-block-heading\">Stanovte si pravideln\u00e9 zvukov\u00e9 programy<\/h3>\n\n\n\n<p>Jednou z hlavn\u00edch technik pro zlep\u0161en\u00ed kvality zvuku je zaveden\u00ed pravideln\u00fdch re\u017eim\u016f sp\u00e1nku a pamatov\u00e1n\u00ed. D\u011btem i dosp\u011bl\u00fdm prosp\u00edv\u00e1 konzistentn\u00ed strava. Sna\u017ete se definovat re\u017eimy sp\u00e1nku, kter\u00e9 jsou vhodn\u00e9 pro ka\u017ed\u00e9ho \u010dlena rodiny, s ohledem na sp\u00e1nkov\u00e9 pot\u0159eby ka\u017ed\u00e9 v\u011bkov\u00e9 skupiny. Dodr\u017eujte tyto re\u017eimy i o v\u00edkendech, abyste p\u0159ede\u0161li nerovnov\u00e1ze biologick\u00fdch hodin.<\/p>\n\n\n\n<figure class=\"wp-block-image size-full\"><img loading=\"lazy\" decoding=\"async\" width=\"550\" height=\"350\" src=\"http:\/\/universofamilia.com\/wp-content\/uploads\/sites\/148\/2023\/05\/FOTO-POST-dormir-bem-familia-universo-familia-.png\" alt=\"\" class=\"wp-image-1924\" srcset=\"http:\/\/universofamilia.com\/wp-content\/uploads\/sites\/148\/2023\/05\/FOTO-POST-dormir-bem-familia-universo-familia-.png 550w, http:\/\/universofamilia.com\/wp-content\/uploads\/sites\/148\/2023\/05\/FOTO-POST-dormir-bem-familia-universo-familia--300x191.png 300w\" sizes=\"(max-width: 550px) 100vw, 550px\" \/><\/figure>\n\n\n\n<h3 class=\"wp-block-heading\">Vytvo\u0159te pro sv\u00e9ho syna p\u0159\u00edzniv\u00e9 prost\u0159ed\u00ed<\/h3>\n\n\n\n<p>Prost\u0159ed\u00ed, ve kter\u00e9m sp\u00edme, hraje kl\u00ed\u010dovou roli v kvalit\u011b zvuku. Ujist\u011bte se, \u017ee pokoj ka\u017ed\u00e9ho \u010dlena rodiny je tmav\u00fd, tich\u00fd a dob\u0159e v\u011btran\u00fd. Pou\u017e\u00edvejte z\u00e1clony nebo \u017ealuzie k zablokov\u00e1n\u00ed venkovn\u00edho sv\u011btla, sni\u017ete hluk pomoc\u00ed chr\u00e1ni\u010d\u016f sluchu nebo zvlh\u010dova\u010d\u016f vzduchu a regulujte teplotu, abyste zajistili p\u0159\u00edjemn\u00e9 prost\u0159ed\u00ed. D\u016fle\u017eit\u00e9 je tak\u00e9 investovat do vhodn\u00fdch matrac\u00ed a matrac\u00ed, kter\u00e9 poskytuj\u00ed oporu a pohodl\u00ed b\u011bhem noci.<\/p>\n\n\n\n<h3 class=\"wp-block-heading\">Vyh\u00fdbejte se stimulant\u016fm p\u0159ed span\u00edm<\/h3>\n\n\n\n<p>N\u011bkter\u00e9 potraviny a n\u00e1poje mohou naru\u0161ovat sp\u00e1nek, zejm\u00e9na pokud jsou konzumov\u00e1ny t\u011bsn\u011b p\u0159ed span\u00edm. N\u011bkolik hodin p\u0159ed span\u00edm se vyh\u00fdbejte kofeinu, alkoholu a t\u011b\u017ek\u00fdm j\u00eddl\u016fm. Volte relaxa\u010dn\u00ed bylinky, jako je he\u0159m\u00e1nek nebo erva-cidreira, a p\u0159ipravujte si lehk\u00e9 ob\u010derstven\u00ed bez jantaru. Tak\u00e9 omezte pou\u017e\u00edv\u00e1n\u00ed elektronick\u00fdch za\u0159\u00edzen\u00ed, jako jsou chytr\u00e9 telefony a tablety, p\u0159ed span\u00edm, proto\u017ee modr\u00e9 sv\u011btlo vyza\u0159ovan\u00e9 t\u011bmito za\u0159\u00edzen\u00edmi m\u016f\u017ee ovlivnit kvalitu zvuku.<\/p>\n\n\n\n<h3 class=\"wp-block-heading\">Zave\u010fte si relaxa\u010dn\u00ed rutinu p\u0159ed span\u00edm<\/h3>\n\n\n\n<p>Vytvo\u0159en\u00ed relaxa\u010dn\u00ed rutiny p\u0159ed span\u00edm pom\u00e1h\u00e1 p\u0159ipravit va\u0161e t\u011blo i mysl na sp\u00e1nek. Vyhra\u010fte si n\u011bkolik minut na klidn\u00e9 aktivity, jako je \u010dten\u00ed knihy, poslech jemn\u00e9 hudby nebo procvi\u010dov\u00e1n\u00ed relaxa\u010dn\u00edch technik, jako je hlubok\u00e9 d\u00fdch\u00e1n\u00ed \u010di meditace. Vyhn\u011bte se v\u00e1\u0161niv\u00fdm diskus\u00edm nebo stimuluj\u00edc\u00edm aktivit\u00e1m kr\u00e1tce p\u0159ed span\u00edm. C\u00edlem je uklidnit smysly a navodit relaxaci, a p\u0159ipravit se tak na noc plnou odpo\u010dinkov\u00fdch zvuk\u016f.<\/p>\n\n\n\n<h3 class=\"wp-block-heading\">Z\u00e1v\u011br<\/h3>\n\n\n\n<p>Ide\u00e1ln\u00ed sp\u00e1nkov\u00fd re\u017eim pro celou rodinu je nezbytn\u00fd pro zdrav\u00ed a pohodu v\u0161ech \u010dlen\u016f. Zaveden\u00edm pravideln\u00fdch sp\u00e1nkov\u00fdch re\u017eim\u016f, vytvo\u0159en\u00edm prost\u0159ed\u00ed p\u0159\u00edzniv\u00e9ho pro odpo\u010dinek, vyh\u00fdb\u00e1n\u00edm se stimulant\u016fm p\u0159ed span\u00edm a osvojen\u00edm si relaxa\u010dn\u00ed rutiny podpo\u0159\u00edte klidn\u00e9 a revitaliza\u010dn\u00ed noci pro celou rodinu.<\/p>\n\n\n\n<p>M\u011bjte na pam\u011bti, \u017ee ka\u017ed\u00fd \u010dlov\u011bk je jedine\u010dn\u00fd a \u017ee se v jeho pot\u0159eb\u00e1ch ohledn\u011b zvuku mohou vyskytovat individu\u00e1ln\u00ed rozd\u00edly. Proto upravte tyto pokyny podle charakteristik ka\u017ed\u00e9ho \u010dlena rodiny s ohledem na jeho specifick\u00fd zdravotn\u00ed stav, preference a podm\u00ednky.<\/p>\n\n\n\n<p>Mnoho rodin po cel\u00e9m sv\u011bt\u011b \u010del\u00ed kv\u016fli n\u00e1rok\u016fm ka\u017edodenn\u00edho \u017eivota probl\u00e9m\u016fm s udr\u017een\u00edm ide\u00e1ln\u00edho re\u017eimu. Up\u0159ednost\u0148ov\u00e1n\u00ed odpo\u010dinku je v\u0161ak nezbytn\u00e9 pro zaji\u0161t\u011bn\u00ed zdrav\u00e9ho a vyv\u00e1\u017een\u00e9ho \u017eivota. Dodr\u017eov\u00e1n\u00edm t\u011bchto pokyn\u016f investujete do pohody cel\u00e9 rodiny a budete skl\u00edzet v\u00fdhody dobr\u00e9ho no\u010dn\u00edho sp\u00e1nku.<\/p>\n\n\n\n<p>Je tak\u00e9 d\u016fle\u017eit\u00e9 pou\u017e\u00edvat SEO techniky, aby byl tento \u010dl\u00e1nek pro \u010dten\u00e1\u0159e viditeln\u011bj\u0161\u00ed a p\u0159\u00edstupn\u011bj\u0161\u00ed. Zahr\u0148te relevantn\u00ed kl\u00ed\u010dov\u00e1 slova, jako nap\u0159\u00edklad \u201ezdrav\u00fd re\u017eim\u201c, \u201edobr\u00fd sp\u00e1nek v rodin\u011b\u201c, \u201ekvalita zvuku\u201c a dal\u0161\u00ed term\u00edny souvisej\u00edc\u00ed s t\u00e9matem. Pou\u017e\u00edvejte tak\u00e9 jasn\u00e9 a atraktivn\u00ed titulky, kter\u00e9 usnadn\u00ed \u010dten\u00ed a navigaci.<\/p>\n\n\n\n<p>\u010citelnost hraje tak\u00e9 z\u00e1sadn\u00ed roli v z\u00e1\u017eitku \u010dten\u00e1\u0159e. Pou\u017e\u00edvejte kr\u00e1tk\u00e9 v\u011bty a dob\u0159e strukturovan\u00e9 odstavce, kter\u00e9 usnadn\u00ed pochopen\u00ed obsahu. Vyh\u00fdbejte se vysoce technick\u00e9mu \u017eargonu nebo terminologii, pokud nep\u00ed\u0161ete konkr\u00e9tn\u011b pro specializovan\u00e9 publikum.<\/p>\n\n\n\n<figure class=\"wp-block-image size-full\"><img loading=\"lazy\" decoding=\"async\" width=\"550\" height=\"350\" src=\"http:\/\/universofamilia.com\/wp-content\/uploads\/sites\/148\/2023\/05\/FOTO-POST-dormir-bem-familia-universo-familia-1.png\" alt=\"\" class=\"wp-image-1926\" srcset=\"http:\/\/universofamilia.com\/wp-content\/uploads\/sites\/148\/2023\/05\/FOTO-POST-dormir-bem-familia-universo-familia-1.png 550w, http:\/\/universofamilia.com\/wp-content\/uploads\/sites\/148\/2023\/05\/FOTO-POST-dormir-bem-familia-universo-familia-1-300x191.png 300w\" sizes=\"(max-width: 550px) 100vw, 550px\" \/><\/figure>\n\n\n\n<p>Stru\u010dn\u011b \u0159e\u010deno, abyste si vytvo\u0159ili ide\u00e1ln\u00ed re\u017eim pro dobr\u00fd sp\u00e1nek cel\u00e9 rodiny, investujete do pohody v\u0161ech \u010dlen\u016f. Je d\u016fle\u017eit\u00e9 zav\u00e9st pravideln\u00fd sp\u00e1nkov\u00fd re\u017eim, vytvo\u0159it prost\u0159ed\u00ed p\u0159\u00edzniv\u00e9 pro odpo\u010dinek, vyh\u00fdbat se stimulant\u016fm p\u0159ed span\u00edm a osvojit si relaxa\u010dn\u00ed rutinu. Dodr\u017eov\u00e1n\u00edm t\u011bchto praktick\u00fdch tip\u016f se vyd\u00e1te na cestu ke klidn\u00fdm a povzbuzuj\u00edc\u00edm noc\u00edm pln\u00fdm zvuku, kter\u00e9 zajist\u00ed zdrav\u00fd a vyv\u00e1\u017een\u00fd \u017eivot cel\u00e9 va\u0161\u00ed rodin\u011b.<\/p>","protected":false},"excerpt":{"rendered":"<p>Spr\u00e1vn\u00fd a zdrav\u00fd re\u017eim je nezbytn\u00fd pro pohodu a zdrav\u00ed cel\u00e9 rodiny. Sp\u00e1nek nejen zlep\u0161uje n\u00e1ladu nebo v\u00fdkonnost b\u011bhem dne, ale tak\u00e9 posiluje imunitn\u00ed syst\u00e9m a p\u0159isp\u00edv\u00e1 k lep\u0161\u00ed kvalit\u011b \u017eivota. <\/p>","protected":false},"author":0,"featured_media":1925,"comment_status":"closed","ping_status":"open","sticky":false,"template":"","format":"standard","meta":{"footnotes":""},"categories":[5],"tags":[1436,1437],"yoast_head":"<!-- This site is optimized with the Yoast SEO plugin v23.3 - https:\/\/yoast.com\/wordpress\/plugins\/seo\/ -->\n<title>Rotina ideal para a fam\u00edlia dormir bem - Universo Fam\u00edlia<\/title>\n<meta name=\"description\" content=\"Ter uma rotina de sono adequada \u00e9 essencial para o bem-estar e a sa\u00fade de toda a fam\u00edlia\" \/>\n<meta name=\"robots\" content=\"index, follow, max-snippet:-1, max-image-preview:large, max-video-preview:-1\" \/>\n<link rel=\"canonical\" href=\"http:\/\/universofamilia.com\/cs\/\u0438\u0434\u0435\u0430\u043b\u043d\u0430-\u0440\u0443\u0442\u0438\u043d\u0430-\u0437\u0430-\u0434\u043e\u0431\u0440\u043e-\u0441\u043f\u0430\u0432\u0430\u045a\u0435-\u043f\u043e\u0440\u043e\u0434\/\" \/>\n<meta property=\"og:locale\" content=\"cs_CZ\" \/>\n<meta property=\"og:type\" content=\"article\" \/>\n<meta property=\"og:title\" content=\"Rotina ideal para a fam\u00edlia dormir bem - Universo Fam\u00edlia\" \/>\n<meta property=\"og:description\" content=\"Ter uma rotina de sono adequada \u00e9 essencial para o bem-estar e a sa\u00fade de toda a fam\u00edlia\" \/>\n<meta property=\"og:url\" content=\"http:\/\/universofamilia.com\/cs\/\u0438\u0434\u0435\u0430\u043b\u043d\u0430-\u0440\u0443\u0442\u0438\u043d\u0430-\u0437\u0430-\u0434\u043e\u0431\u0440\u043e-\u0441\u043f\u0430\u0432\u0430\u045a\u0435-\u043f\u043e\u0440\u043e\u0434\/\" \/>\n<meta property=\"og:site_name\" content=\"Universo Fam\u00edlia\" \/>\n<meta property=\"article:published_time\" content=\"2023-05-25T00:53:43+00:00\" \/>\n<meta property=\"og:image\" content=\"http:\/\/universofamilia.com\/wp-content\/uploads\/sites\/148\/2023\/05\/FOTO-DESTAQUE-dormir-bem-familia-universo-familia-448x350-.png\" \/>\n\t<meta property=\"og:image:width\" content=\"448\" \/>\n\t<meta property=\"og:image:height\" content=\"350\" \/>\n\t<meta property=\"og:image:type\" content=\"image\/png\" \/>\n<meta name=\"twitter:card\" content=\"summary_large_image\" \/>\n<meta name=\"twitter:label1\" content=\"Est. reading time\" \/>\n\t<meta name=\"twitter:data1\" content=\"5 minut\" \/>\n<script type=\"application\/ld+json\" class=\"yoast-schema-graph\">{\"@context\":\"https:\/\/schema.org\",\"@graph\":[{\"@type\":\"WebPage\",\"@id\":\"http:\/\/universofamilia.com\/sr\/\u0438\u0434\u0435\u0430\u043b\u043d\u0430-\u0440\u0443\u0442\u0438\u043d\u0430-\u0437\u0430-\u0434\u043e\u0431\u0440\u043e-\u0441\u043f\u0430\u0432\u0430\u045a\u0435-\u043f\u043e\u0440\u043e\u0434\/\",\"url\":\"http:\/\/universofamilia.com\/sr\/\u0438\u0434\u0435\u0430\u043b\u043d\u0430-\u0440\u0443\u0442\u0438\u043d\u0430-\u0437\u0430-\u0434\u043e\u0431\u0440\u043e-\u0441\u043f\u0430\u0432\u0430\u045a\u0435-\u043f\u043e\u0440\u043e\u0434\/\",\"name\":\"Rotina ideal para a fam\u00edlia dormir bem - Universo Fam\u00edlia\",\"isPartOf\":{\"@id\":\"https:\/\/universofamilia.com\/el\/#website\"},\"primaryImageOfPage\":{\"@id\":\"http:\/\/universofamilia.com\/sr\/\u0438\u0434\u0435\u0430\u043b\u043d\u0430-\u0440\u0443\u0442\u0438\u043d\u0430-\u0437\u0430-\u0434\u043e\u0431\u0440\u043e-\u0441\u043f\u0430\u0432\u0430\u045a\u0435-\u043f\u043e\u0440\u043e\u0434\/#primaryimage\"},\"image\":{\"@id\":\"http:\/\/universofamilia.com\/sr\/\u0438\u0434\u0435\u0430\u043b\u043d\u0430-\u0440\u0443\u0442\u0438\u043d\u0430-\u0437\u0430-\u0434\u043e\u0431\u0440\u043e-\u0441\u043f\u0430\u0432\u0430\u045a\u0435-\u043f\u043e\u0440\u043e\u0434\/#primaryimage\"},\"thumbnailUrl\":\"http:\/\/universofamilia.com\/wp-content\/uploads\/sites\/148\/2023\/05\/FOTO-DESTAQUE-dormir-bem-familia-universo-familia-448x350-.png\",\"datePublished\":\"2023-05-25T00:53:43+00:00\",\"dateModified\":\"2023-05-25T00:53:43+00:00\",\"author\":{\"@id\":\"\"},\"description\":\"Ter uma rotina de sono adequada \u00e9 essencial para o bem-estar e a sa\u00fade de toda a fam\u00edlia\",\"breadcrumb\":{\"@id\":\"http:\/\/universofamilia.com\/sr\/\u0438\u0434\u0435\u0430\u043b\u043d\u0430-\u0440\u0443\u0442\u0438\u043d\u0430-\u0437\u0430-\u0434\u043e\u0431\u0440\u043e-\u0441\u043f\u0430\u0432\u0430\u045a\u0435-\u043f\u043e\u0440\u043e\u0434\/#breadcrumb\"},\"inLanguage\":\"cs\",\"potentialAction\":[{\"@type\":\"ReadAction\",\"target\":[\"http:\/\/universofamilia.com\/sr\/\u0438\u0434\u0435\u0430\u043b\u043d\u0430-\u0440\u0443\u0442\u0438\u043d\u0430-\u0437\u0430-\u0434\u043e\u0431\u0440\u043e-\u0441\u043f\u0430\u0432\u0430\u045a\u0435-\u043f\u043e\u0440\u043e\u0434\/\"]}]},{\"@type\":\"ImageObject\",\"inLanguage\":\"cs\",\"@id\":\"http:\/\/universofamilia.com\/sr\/\u0438\u0434\u0435\u0430\u043b\u043d\u0430-\u0440\u0443\u0442\u0438\u043d\u0430-\u0437\u0430-\u0434\u043e\u0431\u0440\u043e-\u0441\u043f\u0430\u0432\u0430\u045a\u0435-\u043f\u043e\u0440\u043e\u0434\/#primaryimage\",\"url\":\"http:\/\/universofamilia.com\/wp-content\/uploads\/sites\/148\/2023\/05\/FOTO-DESTAQUE-dormir-bem-familia-universo-familia-448x350-.png\",\"contentUrl\":\"http:\/\/universofamilia.com\/wp-content\/uploads\/sites\/148\/2023\/05\/FOTO-DESTAQUE-dormir-bem-familia-universo-familia-448x350-.png\",\"width\":448,\"height\":350},{\"@type\":\"BreadcrumbList\",\"@id\":\"http:\/\/universofamilia.com\/sr\/\u0438\u0434\u0435\u0430\u043b\u043d\u0430-\u0440\u0443\u0442\u0438\u043d\u0430-\u0437\u0430-\u0434\u043e\u0431\u0440\u043e-\u0441\u043f\u0430\u0432\u0430\u045a\u0435-\u043f\u043e\u0440\u043e\u0434\/#breadcrumb\",\"itemListElement\":[{\"@type\":\"ListItem\",\"position\":1,\"name\":\"Home\",\"item\":\"https:\/\/universofamilia.com\/el\/\"},{\"@type\":\"ListItem\",\"position\":2,\"name\":\"Rotina ideal para a fam\u00edlia dormir bem\"}]},{\"@type\":\"WebSite\",\"@id\":\"https:\/\/universofamilia.com\/el\/#website\",\"url\":\"https:\/\/universofamilia.com\/el\/\",\"name\":\"Universo Fam\u00edlia\",\"description\":\"\",\"potentialAction\":[{\"@type\":\"SearchAction\",\"target\":{\"@type\":\"EntryPoint\",\"urlTemplate\":\"https:\/\/universofamilia.com\/el\/?s={search_term_string}\"},\"query-input\":\"required name=search_term_string\"}],\"inLanguage\":\"cs\"}]}<\/script>\n<!-- \/ Yoast SEO plugin. -->","yoast_head_json":{"title":"Rotina ideal para a fam\u00edlia dormir bem - Universo Fam\u00edlia","description":"Ter uma rotina de sono adequada \u00e9 essencial para o bem-estar e a sa\u00fade de toda a fam\u00edlia","robots":{"index":"index","follow":"follow","max-snippet":"max-snippet:-1","max-image-preview":"max-image-preview:large","max-video-preview":"max-video-preview:-1"},"canonical":"http:\/\/universofamilia.com\/cs\/\u0438\u0434\u0435\u0430\u043b\u043d\u0430-\u0440\u0443\u0442\u0438\u043d\u0430-\u0437\u0430-\u0434\u043e\u0431\u0440\u043e-\u0441\u043f\u0430\u0432\u0430\u045a\u0435-\u043f\u043e\u0440\u043e\u0434\/","og_locale":"cs_CZ","og_type":"article","og_title":"Rotina ideal para a fam\u00edlia dormir bem - Universo Fam\u00edlia","og_description":"Ter uma rotina de sono adequada \u00e9 essencial para o bem-estar e a sa\u00fade de toda a fam\u00edlia","og_url":"http:\/\/universofamilia.com\/cs\/\u0438\u0434\u0435\u0430\u043b\u043d\u0430-\u0440\u0443\u0442\u0438\u043d\u0430-\u0437\u0430-\u0434\u043e\u0431\u0440\u043e-\u0441\u043f\u0430\u0432\u0430\u045a\u0435-\u043f\u043e\u0440\u043e\u0434\/","og_site_name":"Universo Fam\u00edlia","article_published_time":"2023-05-25T00:53:43+00:00","og_image":[{"width":448,"height":350,"url":"http:\/\/universofamilia.com\/wp-content\/uploads\/sites\/148\/2023\/05\/FOTO-DESTAQUE-dormir-bem-familia-universo-familia-448x350-.png","type":"image\/png"}],"twitter_card":"summary_large_image","twitter_misc":{"Est. reading time":"5 minut"},"schema":{"@context":"https:\/\/schema.org","@graph":[{"@type":"WebPage","@id":"http:\/\/universofamilia.com\/sr\/\u0438\u0434\u0435\u0430\u043b\u043d\u0430-\u0440\u0443\u0442\u0438\u043d\u0430-\u0437\u0430-\u0434\u043e\u0431\u0440\u043e-\u0441\u043f\u0430\u0432\u0430\u045a\u0435-\u043f\u043e\u0440\u043e\u0434\/","url":"http:\/\/universofamilia.com\/sr\/\u0438\u0434\u0435\u0430\u043b\u043d\u0430-\u0440\u0443\u0442\u0438\u043d\u0430-\u0437\u0430-\u0434\u043e\u0431\u0440\u043e-\u0441\u043f\u0430\u0432\u0430\u045a\u0435-\u043f\u043e\u0440\u043e\u0434\/","name":"Rotina ideal para a fam\u00edlia dormir bem - Universo Fam\u00edlia","isPartOf":{"@id":"https:\/\/universofamilia.com\/el\/#website"},"primaryImageOfPage":{"@id":"http:\/\/universofamilia.com\/sr\/\u0438\u0434\u0435\u0430\u043b\u043d\u0430-\u0440\u0443\u0442\u0438\u043d\u0430-\u0437\u0430-\u0434\u043e\u0431\u0440\u043e-\u0441\u043f\u0430\u0432\u0430\u045a\u0435-\u043f\u043e\u0440\u043e\u0434\/#primaryimage"},"image":{"@id":"http:\/\/universofamilia.com\/sr\/\u0438\u0434\u0435\u0430\u043b\u043d\u0430-\u0440\u0443\u0442\u0438\u043d\u0430-\u0437\u0430-\u0434\u043e\u0431\u0440\u043e-\u0441\u043f\u0430\u0432\u0430\u045a\u0435-\u043f\u043e\u0440\u043e\u0434\/#primaryimage"},"thumbnailUrl":"http:\/\/universofamilia.com\/wp-content\/uploads\/sites\/148\/2023\/05\/FOTO-DESTAQUE-dormir-bem-familia-universo-familia-448x350-.png","datePublished":"2023-05-25T00:53:43+00:00","dateModified":"2023-05-25T00:53:43+00:00","author":{"@id":""},"description":"Ter uma rotina de sono adequada \u00e9 essencial para o bem-estar e a sa\u00fade de toda a fam\u00edlia","breadcrumb":{"@id":"http:\/\/universofamilia.com\/sr\/\u0438\u0434\u0435\u0430\u043b\u043d\u0430-\u0440\u0443\u0442\u0438\u043d\u0430-\u0437\u0430-\u0434\u043e\u0431\u0440\u043e-\u0441\u043f\u0430\u0432\u0430\u045a\u0435-\u043f\u043e\u0440\u043e\u0434\/#breadcrumb"},"inLanguage":"cs","potentialAction":[{"@type":"ReadAction","target":["http:\/\/universofamilia.com\/sr\/\u0438\u0434\u0435\u0430\u043b\u043d\u0430-\u0440\u0443\u0442\u0438\u043d\u0430-\u0437\u0430-\u0434\u043e\u0431\u0440\u043e-\u0441\u043f\u0430\u0432\u0430\u045a\u0435-\u043f\u043e\u0440\u043e\u0434\/"]}]},{"@type":"ImageObject","inLanguage":"cs","@id":"http:\/\/universofamilia.com\/sr\/\u0438\u0434\u0435\u0430\u043b\u043d\u0430-\u0440\u0443\u0442\u0438\u043d\u0430-\u0437\u0430-\u0434\u043e\u0431\u0440\u043e-\u0441\u043f\u0430\u0432\u0430\u045a\u0435-\u043f\u043e\u0440\u043e\u0434\/#primaryimage","url":"http:\/\/universofamilia.com\/wp-content\/uploads\/sites\/148\/2023\/05\/FOTO-DESTAQUE-dormir-bem-familia-universo-familia-448x350-.png","contentUrl":"http:\/\/universofamilia.com\/wp-content\/uploads\/sites\/148\/2023\/05\/FOTO-DESTAQUE-dormir-bem-familia-universo-familia-448x350-.png","width":448,"height":350},{"@type":"BreadcrumbList","@id":"http:\/\/universofamilia.com\/sr\/\u0438\u0434\u0435\u0430\u043b\u043d\u0430-\u0440\u0443\u0442\u0438\u043d\u0430-\u0437\u0430-\u0434\u043e\u0431\u0440\u043e-\u0441\u043f\u0430\u0432\u0430\u045a\u0435-\u043f\u043e\u0440\u043e\u0434\/#breadcrumb","itemListElement":[{"@type":"ListItem","position":1,"name":"Home","item":"https:\/\/universofamilia.com\/el\/"},{"@type":"ListItem","position":2,"name":"Rotina ideal para a fam\u00edlia dormir bem"}]},{"@type":"WebSite","@id":"https:\/\/universofamilia.com\/el\/#website","url":"https:\/\/universofamilia.com\/el\/","name":"Universo Fam\u00edlia","description":"","potentialAction":[{"@type":"SearchAction","target":{"@type":"EntryPoint","urlTemplate":"https:\/\/universofamilia.com\/el\/?s={search_term_string}"},"query-input":"required name=search_term_string"}],"inLanguage":"cs"}]}},"_links":{"self":[{"href":"http:\/\/universofamilia.com\/cs\/wp-json\/wp\/v2\/posts\/1692"}],"collection":[{"href":"http:\/\/universofamilia.com\/cs\/wp-json\/wp\/v2\/posts"}],"about":[{"href":"http:\/\/universofamilia.com\/cs\/wp-json\/wp\/v2\/types\/post"}],"replies":[{"embeddable":true,"href":"http:\/\/universofamilia.com\/cs\/wp-json\/wp\/v2\/comments?post=1692"}],"version-history":[{"count":0,"href":"http:\/\/universofamilia.com\/cs\/wp-json\/wp\/v2\/posts\/1692\/revisions"}],"wp:featuredmedia":[{"embeddable":true,"href":"http:\/\/universofamilia.com\/cs\/wp-json\/wp\/v2\/media\/1925"}],"wp:attachment":[{"href":"http:\/\/universofamilia.com\/cs\/wp-json\/wp\/v2\/media?parent=1692"}],"wp:term":[{"taxonomy":"category","embeddable":true,"href":"http:\/\/universofamilia.com\/cs\/wp-json\/wp\/v2\/categories?post=1692"},{"taxonomy":"post_tag","embeddable":true,"href":"http:\/\/universofamilia.com\/cs\/wp-json\/wp\/v2\/tags?post=1692"}],"curies":[{"name":"wp","href":"https:\/\/api.w.org\/{rel}","templated":true}]}}