{"id":1697,"date":"2023-05-25T01:47:06","date_gmt":"2023-05-25T01:47:06","guid":{"rendered":"https:\/\/universofamilia.com\/?p=1697"},"modified":"2023-05-25T01:47:06","modified_gmt":"2023-05-25T01:47:06","slug":"7-motivos-para-os-pais-lerem-com-suas-filhos","status":"publish","type":"post","link":"http:\/\/universofamilia.com\/cs\/7-motivos-para-os-pais-lerem-com-suas-filhos\/","title":{"rendered":"6 d\u016fvod\u016f, pro\u010d by si zem\u011b m\u011bly \u010d\u00edst se sv\u00fdmi d\u011btmi."},"content":{"rendered":"<p>\u010cten\u00ed hraje z\u00e1sadn\u00ed roli v kognitivn\u00edm a emocion\u00e1ln\u00edm v\u00fdvoji d\u011bt\u00ed. \u010cten\u00ed zn\u00e1sobuje jeho v\u00fdhody, posiluje rodinn\u00e9 vazby a stimuluje radost ze \u010dten\u00ed.<\/p>\n\n\n\n<h3 class=\"wp-block-heading\">Viz tak\u00e9:<\/h3>\n\n\n\n<p><a href=\"http:\/\/universofamilia.com\/cs\/rotina-ideal-para-a-familia-dormir-bem\/\" target=\"_blank\" rel=\"noreferrer noopener\">Rotina Ide\u00e1ln\u00ed pro rodinu pro dobr\u00fd sp\u00e1nek<\/a><\/p>\n\n\n\n<p>Nejlep\u0161\u00ed aplikace pro dom\u00e1cnost<\/p>\n\n\n\n<p><a href=\"http:\/\/universofamilia.com\/cs\/rotina-ideal-para-a-familia-dormir-bem\/\" target=\"_blank\" rel=\"noreferrer noopener\">Praktick\u00e9 tipy pro klidn\u00e9 ve\u010dery<\/a><\/p>\n\n\n\n<h3 class=\"wp-block-heading\">1. Posilov\u00e1n\u00ed rodinn\u00fdch vazeb<\/h3>\n\n\n\n<p>Rodinn\u00e9 \u010dten\u00ed je vz\u00e1cnou p\u0159\u00edle\u017eitost\u00ed k pos\u00edlen\u00ed citov\u00fdch vazeb mezi zem\u00ed a d\u011btmi. Spole\u010dn\u00fdm \u010dten\u00edm se prohlubuj\u00ed momenty interakce a n\u00e1klonnosti, co\u017e podporuje citov\u00e9 spojen\u00ed mezi zem\u00ed a d\u011btmi.<\/p>\n\n\n\n<p>Spole\u010dn\u00e9 \u010dten\u00ed je nav\u00edc z\u00e1bavn\u00e1 a klidn\u00e1 aktivita, kter\u00e1 vytv\u00e1\u0159\u00ed emocion\u00e1ln\u00ed vzpom\u00ednky, jich\u017e si budeme v\u00e1\u017eit po cel\u00fd \u017eivot.<\/p>\n\n\n\n<h3 class=\"wp-block-heading\">2. Stimulace rozvoje jazyka<\/h3>\n\n\n\n<p>Rodinn\u00e9 \u010dten\u00ed je siln\u00fdm stimulem pro jazykov\u00fd rozvoj d\u011bt\u00ed. Kdy\u017e objevujeme zemi, d\u011bti se setk\u00e1vaj\u00ed s bohatou slovn\u00ed z\u00e1sobou a gramatick\u00fdmi strukturami, \u010d\u00edm\u017e roz\u0161i\u0159uj\u00ed sv\u016fj jazykov\u00fd reperto\u00e1r.<\/p>\n\n\n\n<p>Spole\u010dn\u00e9 \u010dten\u00ed nav\u00edc poskytuje chv\u00edle dialogu a v\u00fdm\u011bny my\u0161lenek, podporuje \u00fastn\u00ed vyj\u00e1d\u0159en\u00ed a kritick\u00e9 my\u0161len\u00ed.<\/p>\n\n\n<div class=\"wp-block-image\">\n<figure class=\"aligncenter size-full\"><img loading=\"lazy\" decoding=\"async\" width=\"550\" height=\"350\" src=\"http:\/\/universofamilia.com\/wp-content\/uploads\/sites\/148\/2023\/05\/FOTO-POST-leitura-em-familia-universo-familia-.png\" alt=\"\" class=\"wp-image-1916\" srcset=\"http:\/\/universofamilia.com\/wp-content\/uploads\/sites\/148\/2023\/05\/FOTO-POST-leitura-em-familia-universo-familia-.png 550w, http:\/\/universofamilia.com\/wp-content\/uploads\/sites\/148\/2023\/05\/FOTO-POST-leitura-em-familia-universo-familia--300x191.png 300w\" sizes=\"(max-width: 550px) 100vw, 550px\" \/><\/figure><\/div>\n\n\n<h3 class=\"wp-block-heading\">3. probuzen\u00ed nebo z\u00e1jem o \u010dten\u00ed<\/h3>\n\n\n\n<p>Kdy\u017e d\u011btem pravideln\u011b \u010dteme, vys\u00edl\u00e1me jim zpr\u00e1vu, \u017ee \u010dten\u00ed je klidn\u00e1 a d\u016fle\u017eit\u00e1 \u010dinnost. D\u011bti maj\u00ed tendenci napodobovat chov\u00e1n\u00ed dosp\u011bl\u00fdch a jakmile vid\u00edme na\u0161e zem\u011b zabalen\u00e9 v knih\u00e1ch, p\u0159irozen\u011b se probud\u00ed a za\u010dnou se o \u010dten\u00ed zaj\u00edmat.<\/p>\n\n\n\n<p>Tento ran\u00fd z\u00e1jem o literaturu m\u00e1 v\u0161ak potenci\u00e1l st\u00e1t se trval\u00fdm zvykem a poskytnout sv\u011bt znalost\u00ed a p\u0159edstavivosti.<\/p>\n\n\n\n<h3 class=\"wp-block-heading\">4\u00ba Stimulace kreativity a p\u0159edstavivosti<\/h3>\n\n\n\n<p>Rodinn\u00e9 \u010dten\u00ed je mocn\u00fdm n\u00e1strojem pro stimulaci d\u011btsk\u00e9 kreativity a p\u0159edstavivosti. Prost\u0159ednictv\u00edm p\u0159\u00edb\u011bh\u016f se d\u011bti p\u0159enesou do fantastick\u00fdch sv\u011bt\u016f pln\u00fdch podmaniv\u00fdch postav a pro\u017e\u00edvaj\u00ed vzru\u0161uj\u00edc\u00ed dobrodru\u017estv\u00ed.<\/p>\n\n\n\n<p>Tyto liter\u00e1rn\u00ed z\u00e1\u017eitky nav\u00edc probouzej\u00ed d\u011btskou fantazii, rozv\u00edjej\u00ed jejich schopnost vytv\u00e1\u0159et a vym\u00fd\u0161let p\u0159\u00edb\u011bhy a roz\u0161i\u0159uj\u00ed jejich vid\u011bn\u00ed sv\u011bta.<\/p>\n\n\n\n<h3 class=\"wp-block-heading\">5. Vytv\u00e1\u0159en\u00ed liter\u00e1rn\u00edho prost\u0159ed\u00ed doma<\/h3>\n\n\n\n<p>Krom\u011b \u010dten\u00ed v rodin\u011b p\u0159isp\u00edv\u00e1 k podpo\u0159e \u010dten\u00ed i vytvo\u0159en\u00ed liter\u00e1rn\u00edho prost\u0159ed\u00ed doma. M\u00edt p\u0159\u00edstupnou knihovnu, vyhradit pohodln\u00fd prostor pro \u010dten\u00ed a povzbuzovat n\u00e1v\u0161t\u011bvy knihovny k p\u011bstov\u00e1n\u00ed \u010dten\u00e1\u0159sk\u00fdch n\u00e1vyk\u016f.<\/p>\n\n\n\n<p>Jakmile se \u010dten\u00ed stane ned\u00edlnou sou\u010d\u00e1st\u00ed rodinn\u00e9ho prost\u0159ed\u00ed, d\u011bti si uv\u011bdom\u00ed, \u017ee \u010dten\u00ed za\u010d\u00edn\u00e1 zkoumat r\u016fzn\u00e9 p\u0159\u00edb\u011bhy.<\/p>\n\n\n\n<h3 class=\"wp-block-heading\">6. Roz\u0161\u00ed\u0159en\u00ed znalost\u00ed o empatii<\/h3>\n\n\n\n<p>Rodinn\u00e9 \u010dten\u00ed umo\u017e\u0148uje d\u011btem z\u00edsk\u00e1vat znalosti o r\u016fzn\u00fdch t\u00e9matech, pozn\u00e1vat r\u016fzn\u00e9 kultury, m\u00edsta a realitu.<\/p>\n\n\n\n<p>Stru\u010dn\u011b \u0159e\u010deno, \u010dten\u00edm p\u0159\u00edb\u011bh\u016f, kter\u00e9 se zab\u00fdvaj\u00ed soci\u00e1ln\u00edmi, emocion\u00e1ln\u00edmi a etick\u00fdmi ot\u00e1zkami, si d\u011bti rozv\u00edjej\u00ed empatii a ch\u00e1pou sv\u011bt kolem sebe otev\u0159en\u011bj\u0161\u00edm zp\u016fsobem. Toto porozum\u011bn\u00ed a citlivost jsou z\u00e1sadn\u00ed pro formov\u00e1n\u00ed uv\u011bdom\u011bl\u00fdch a zodpov\u011bdn\u00fdch m\u011bst.<\/p>\n\n\n\n<h3 class=\"wp-block-heading\">Z\u00e1v\u011br<\/h3>\n\n\n\n<p>Rodinn\u00e9 \u010dten\u00ed hraje kl\u00ed\u010dovou roli ve v\u00fdvoji d\u00edt\u011bte, posiluje rodinn\u00e9 vazby, stimuluje rozvoj jazyka, probouz\u00ed z\u00e1jem o \u010dten\u00ed, stimuluje kreativitu a p\u0159edstavivost a tak\u00e9 roz\u0161i\u0159uje znalosti a empatii.<\/p>\n\n\n\n<p>Vyhra\u010fte si tak\u00e9 \u010das na rodinn\u00e9 \u010dten\u00ed a objevte kouzeln\u00fd sv\u011bt, kter\u00fd knihy mohou va\u0161im d\u011btem poskytnout.<\/p>","protected":false},"excerpt":{"rendered":"<p>\u010cten\u00ed hraje z\u00e1sadn\u00ed roli v kognitivn\u00edm a emocion\u00e1ln\u00edm v\u00fdvoji d\u011bt\u00ed. Kdy\u017e se \u010dten\u00ed praktikuje v rodin\u011b, v\u00fdhody se zn\u00e1sobuj\u00ed, posiluje rodinn\u00e9 vazby a stimulujeme radost z literatury od z\u00e1kladu.<\/p>","protected":false},"author":0,"featured_media":1917,"comment_status":"closed","ping_status":"open","sticky":false,"template":"","format":"standard","meta":{"footnotes":""},"categories":[5],"tags":[45,774,1438],"yoast_head":"<!-- This site is optimized with the Yoast SEO plugin v23.3 - https:\/\/yoast.com\/wordpress\/plugins\/seo\/ -->\n<title>6 motivos para os Pais lerem com seus filhos. - Universo Fam\u00edlia<\/title>\n<meta name=\"description\" content=\"A leitura desempenha um papel fundamental no desenvolvimento cognitivo e emocional das crian\u00e7as.\" \/>\n<meta name=\"robots\" content=\"index, follow, max-snippet:-1, max-image-preview:large, max-video-preview:-1\" \/>\n<link rel=\"canonical\" href=\"http:\/\/universofamilia.com\/cs\/7-motivos-para-os-pais-lerem-com-suas-filhos\/\" \/>\n<meta property=\"og:locale\" content=\"cs_CZ\" \/>\n<meta property=\"og:type\" content=\"article\" \/>\n<meta property=\"og:title\" content=\"6 motivos para os Pais lerem com seus filhos. - Universo Fam\u00edlia\" \/>\n<meta property=\"og:description\" content=\"A leitura desempenha um papel fundamental no desenvolvimento cognitivo e emocional das crian\u00e7as.\" \/>\n<meta property=\"og:url\" content=\"http:\/\/universofamilia.com\/cs\/7-motivos-para-os-pais-lerem-com-suas-filhos\/\" \/>\n<meta property=\"og:site_name\" content=\"Universo Fam\u00edlia\" \/>\n<meta property=\"article:published_time\" content=\"2023-05-25T01:47:06+00:00\" \/>\n<meta property=\"og:image\" content=\"http:\/\/universofamilia.com\/wp-content\/uploads\/sites\/148\/2023\/05\/FOTO-DESTAQUE-leitura-em-familia-universo-familia-448x350-.png\" \/>\n\t<meta property=\"og:image:width\" content=\"448\" \/>\n\t<meta property=\"og:image:height\" content=\"350\" \/>\n\t<meta property=\"og:image:type\" content=\"image\/png\" \/>\n<meta name=\"twitter:card\" content=\"summary_large_image\" \/>\n<meta name=\"twitter:label1\" content=\"Est. reading time\" \/>\n\t<meta name=\"twitter:data1\" content=\"4 minuty\" \/>\n<script type=\"application\/ld+json\" class=\"yoast-schema-graph\">{\"@context\":\"https:\/\/schema.org\",\"@graph\":[{\"@type\":\"WebPage\",\"@id\":\"http:\/\/universofamilia.com\/sr\/7-motivos-para-os-pais-lerem-com-suas-filhos\/\",\"url\":\"http:\/\/universofamilia.com\/sr\/7-motivos-para-os-pais-lerem-com-suas-filhos\/\",\"name\":\"6 motivos para os Pais lerem com seus filhos. - Universo Fam\u00edlia\",\"isPartOf\":{\"@id\":\"https:\/\/universofamilia.com\/el\/#website\"},\"primaryImageOfPage\":{\"@id\":\"http:\/\/universofamilia.com\/sr\/7-motivos-para-os-pais-lerem-com-suas-filhos\/#primaryimage\"},\"image\":{\"@id\":\"http:\/\/universofamilia.com\/sr\/7-motivos-para-os-pais-lerem-com-suas-filhos\/#primaryimage\"},\"thumbnailUrl\":\"http:\/\/universofamilia.com\/wp-content\/uploads\/sites\/148\/2023\/05\/FOTO-DESTAQUE-leitura-em-familia-universo-familia-448x350-.png\",\"datePublished\":\"2023-05-25T01:47:06+00:00\",\"dateModified\":\"2023-05-25T01:47:06+00:00\",\"author\":{\"@id\":\"\"},\"description\":\"A leitura desempenha um papel fundamental no desenvolvimento cognitivo e emocional das crian\u00e7as.\",\"breadcrumb\":{\"@id\":\"http:\/\/universofamilia.com\/sr\/7-motivos-para-os-pais-lerem-com-suas-filhos\/#breadcrumb\"},\"inLanguage\":\"cs\",\"potentialAction\":[{\"@type\":\"ReadAction\",\"target\":[\"http:\/\/universofamilia.com\/sr\/7-motivos-para-os-pais-lerem-com-suas-filhos\/\"]}]},{\"@type\":\"ImageObject\",\"inLanguage\":\"cs\",\"@id\":\"http:\/\/universofamilia.com\/sr\/7-motivos-para-os-pais-lerem-com-suas-filhos\/#primaryimage\",\"url\":\"http:\/\/universofamilia.com\/wp-content\/uploads\/sites\/148\/2023\/05\/FOTO-DESTAQUE-leitura-em-familia-universo-familia-448x350-.png\",\"contentUrl\":\"http:\/\/universofamilia.com\/wp-content\/uploads\/sites\/148\/2023\/05\/FOTO-DESTAQUE-leitura-em-familia-universo-familia-448x350-.png\",\"width\":448,\"height\":350},{\"@type\":\"BreadcrumbList\",\"@id\":\"http:\/\/universofamilia.com\/sr\/7-motivos-para-os-pais-lerem-com-suas-filhos\/#breadcrumb\",\"itemListElement\":[{\"@type\":\"ListItem\",\"position\":1,\"name\":\"Home\",\"item\":\"https:\/\/universofamilia.com\/el\/\"},{\"@type\":\"ListItem\",\"position\":2,\"name\":\"6 motivos para os Pais lerem com seus filhos.\"}]},{\"@type\":\"WebSite\",\"@id\":\"https:\/\/universofamilia.com\/el\/#website\",\"url\":\"https:\/\/universofamilia.com\/el\/\",\"name\":\"Universo Fam\u00edlia\",\"description\":\"\",\"potentialAction\":[{\"@type\":\"SearchAction\",\"target\":{\"@type\":\"EntryPoint\",\"urlTemplate\":\"https:\/\/universofamilia.com\/el\/?s={search_term_string}\"},\"query-input\":\"required name=search_term_string\"}],\"inLanguage\":\"cs\"}]}<\/script>\n<!-- \/ Yoast SEO plugin. -->","yoast_head_json":{"title":"6 motivos para os Pais lerem com seus filhos. - Universo Fam\u00edlia","description":"A leitura desempenha um papel fundamental no desenvolvimento cognitivo e emocional das crian\u00e7as.","robots":{"index":"index","follow":"follow","max-snippet":"max-snippet:-1","max-image-preview":"max-image-preview:large","max-video-preview":"max-video-preview:-1"},"canonical":"http:\/\/universofamilia.com\/cs\/7-motivos-para-os-pais-lerem-com-suas-filhos\/","og_locale":"cs_CZ","og_type":"article","og_title":"6 motivos para os Pais lerem com seus filhos. - Universo Fam\u00edlia","og_description":"A leitura desempenha um papel fundamental no desenvolvimento cognitivo e emocional das crian\u00e7as.","og_url":"http:\/\/universofamilia.com\/cs\/7-motivos-para-os-pais-lerem-com-suas-filhos\/","og_site_name":"Universo Fam\u00edlia","article_published_time":"2023-05-25T01:47:06+00:00","og_image":[{"width":448,"height":350,"url":"http:\/\/universofamilia.com\/wp-content\/uploads\/sites\/148\/2023\/05\/FOTO-DESTAQUE-leitura-em-familia-universo-familia-448x350-.png","type":"image\/png"}],"twitter_card":"summary_large_image","twitter_misc":{"Est. reading time":"4 minuty"},"schema":{"@context":"https:\/\/schema.org","@graph":[{"@type":"WebPage","@id":"http:\/\/universofamilia.com\/sr\/7-motivos-para-os-pais-lerem-com-suas-filhos\/","url":"http:\/\/universofamilia.com\/sr\/7-motivos-para-os-pais-lerem-com-suas-filhos\/","name":"6 motivos para os Pais lerem com seus filhos. - Universo Fam\u00edlia","isPartOf":{"@id":"https:\/\/universofamilia.com\/el\/#website"},"primaryImageOfPage":{"@id":"http:\/\/universofamilia.com\/sr\/7-motivos-para-os-pais-lerem-com-suas-filhos\/#primaryimage"},"image":{"@id":"http:\/\/universofamilia.com\/sr\/7-motivos-para-os-pais-lerem-com-suas-filhos\/#primaryimage"},"thumbnailUrl":"http:\/\/universofamilia.com\/wp-content\/uploads\/sites\/148\/2023\/05\/FOTO-DESTAQUE-leitura-em-familia-universo-familia-448x350-.png","datePublished":"2023-05-25T01:47:06+00:00","dateModified":"2023-05-25T01:47:06+00:00","author":{"@id":""},"description":"A leitura desempenha um papel fundamental no desenvolvimento cognitivo e emocional das crian\u00e7as.","breadcrumb":{"@id":"http:\/\/universofamilia.com\/sr\/7-motivos-para-os-pais-lerem-com-suas-filhos\/#breadcrumb"},"inLanguage":"cs","potentialAction":[{"@type":"ReadAction","target":["http:\/\/universofamilia.com\/sr\/7-motivos-para-os-pais-lerem-com-suas-filhos\/"]}]},{"@type":"ImageObject","inLanguage":"cs","@id":"http:\/\/universofamilia.com\/sr\/7-motivos-para-os-pais-lerem-com-suas-filhos\/#primaryimage","url":"http:\/\/universofamilia.com\/wp-content\/uploads\/sites\/148\/2023\/05\/FOTO-DESTAQUE-leitura-em-familia-universo-familia-448x350-.png","contentUrl":"http:\/\/universofamilia.com\/wp-content\/uploads\/sites\/148\/2023\/05\/FOTO-DESTAQUE-leitura-em-familia-universo-familia-448x350-.png","width":448,"height":350},{"@type":"BreadcrumbList","@id":"http:\/\/universofamilia.com\/sr\/7-motivos-para-os-pais-lerem-com-suas-filhos\/#breadcrumb","itemListElement":[{"@type":"ListItem","position":1,"name":"Home","item":"https:\/\/universofamilia.com\/el\/"},{"@type":"ListItem","position":2,"name":"6 motivos para os Pais lerem com seus filhos."}]},{"@type":"WebSite","@id":"https:\/\/universofamilia.com\/el\/#website","url":"https:\/\/universofamilia.com\/el\/","name":"Universo Fam\u00edlia","description":"","potentialAction":[{"@type":"SearchAction","target":{"@type":"EntryPoint","urlTemplate":"https:\/\/universofamilia.com\/el\/?s={search_term_string}"},"query-input":"required name=search_term_string"}],"inLanguage":"cs"}]}},"_links":{"self":[{"href":"http:\/\/universofamilia.com\/cs\/wp-json\/wp\/v2\/posts\/1697"}],"collection":[{"href":"http:\/\/universofamilia.com\/cs\/wp-json\/wp\/v2\/posts"}],"about":[{"href":"http:\/\/universofamilia.com\/cs\/wp-json\/wp\/v2\/types\/post"}],"replies":[{"embeddable":true,"href":"http:\/\/universofamilia.com\/cs\/wp-json\/wp\/v2\/comments?post=1697"}],"version-history":[{"count":0,"href":"http:\/\/universofamilia.com\/cs\/wp-json\/wp\/v2\/posts\/1697\/revisions"}],"wp:featuredmedia":[{"embeddable":true,"href":"http:\/\/universofamilia.com\/cs\/wp-json\/wp\/v2\/media\/1917"}],"wp:attachment":[{"href":"http:\/\/universofamilia.com\/cs\/wp-json\/wp\/v2\/media?parent=1697"}],"wp:term":[{"taxonomy":"category","embeddable":true,"href":"http:\/\/universofamilia.com\/cs\/wp-json\/wp\/v2\/categories?post=1697"},{"taxonomy":"post_tag","embeddable":true,"href":"http:\/\/universofamilia.com\/cs\/wp-json\/wp\/v2\/tags?post=1697"}],"curies":[{"name":"wp","href":"https:\/\/api.w.org\/{rel}","templated":true}]}}