{"id":1800,"date":"2023-05-25T21:25:20","date_gmt":"2023-05-25T21:25:20","guid":{"rendered":"https:\/\/universofamilia.com\/?p=1800"},"modified":"2023-05-25T21:25:20","modified_gmt":"2023-05-25T21:25:20","slug":"bebe-com-saliva-espumosa","status":"publish","type":"post","link":"http:\/\/universofamilia.com\/cs\/bebe-com-saliva-espumosa\/","title":{"rendered":"D\u00edt\u011b s p\u011bniv\u00fdmi slinami: P\u0159\u00ed\u010diny, p\u0159\u00edznaky a l\u00e9\u010dba"},"content":{"rendered":"<p>Pokud jste znepokojen\u00fd rodi\u010d a v\u0161imnete si, \u017ee va\u0161e d\u00edt\u011b produkuje p\u011bniv\u00e9 sliny, tento \u010dl\u00e1nek v\u00e1m pom\u016f\u017ee pochopit mo\u017en\u00e9 p\u0159\u00ed\u010diny, souvisej\u00edc\u00ed p\u0159\u00edznaky a mo\u017enosti l\u00e9\u010dby. Pokra\u010dujte ve \u010dten\u00ed a dozv\u00edte se d\u016fle\u017eit\u00e9 informace o t\u00e9to z\u00e1le\u017eitosti.<\/p>\n\n\n\n<h3 class=\"wp-block-heading\">Nebo co jsou to p\u011bniv\u00e9 sliny u miminek?<\/h3>\n\n\n\n<p>P\u011bniv\u00e9 sliny ozna\u010duj\u00ed tvorbu p\u00edskov\u00fdch kuli\u010dek v d\u011btsk\u00fdch slin\u00e1ch, kter\u00e9 se mohou hromadit a zp\u016fsobovat p\u011bniv\u00fd vzhled. Tento stav je obecn\u011b ne\u0161kodn\u00fd, ale je d\u016fle\u017eit\u00e9 porozum\u011bt jeho p\u0159\u00ed\u010din\u00e1m a p\u0159\u00edznak\u016fm, abyste zajistili zdrav\u00ed a pohodu va\u0161eho d\u00edt\u011bte.<\/p>\n\n\n<div class=\"wp-block-image\">\n<figure class=\"aligncenter size-full\"><img loading=\"lazy\" decoding=\"async\" width=\"550\" height=\"350\" src=\"http:\/\/universofamilia.com\/wp-content\/uploads\/sites\/148\/2023\/05\/FOTO-POST-bebe-salivando-universo-familia-.png\" alt=\"\" class=\"wp-image-1908\" srcset=\"http:\/\/universofamilia.com\/wp-content\/uploads\/sites\/148\/2023\/05\/FOTO-POST-bebe-salivando-universo-familia-.png 550w, http:\/\/universofamilia.com\/wp-content\/uploads\/sites\/148\/2023\/05\/FOTO-POST-bebe-salivando-universo-familia--300x191.png 300w\" sizes=\"(max-width: 550px) 100vw, 550px\" \/><\/figure><\/div>\n\n\n<h3 class=\"wp-block-heading\">P\u0159\u00ed\u010diny p\u011bniv\u00fdch slin u kojenc\u016f<\/h3>\n\n\n\n<p>Existuje n\u011bkolik d\u016fvod\u016f, pro\u010d m\u016f\u017ee m\u00edt d\u00edt\u011b p\u011bniv\u00e9 sliny. Mezi nej\u010dast\u011bj\u0161\u00ed p\u0159\u00ed\u010diny pat\u0159\u00ed:<\/p>\n\n\n\n<p>B\u011bhem pro\u0159ez\u00e1v\u00e1n\u00ed zoubk\u016f je norm\u00e1ln\u00ed, \u017ee miminka produkuj\u00ed v\u00edce slin. Kombinace nadm\u011brn\u00e9ho mno\u017estv\u00ed slin a pohybu jazyka m\u016f\u017ee v\u00e9st k p\u011bniv\u00fdm slin\u00e1m.<\/p>\n\n\n\n<p>Gastroezofage\u00e1ln\u00ed reflux: Kysel\u00fd reflux m\u016f\u017ee zp\u016fsobit sm\u00edch\u00e1n\u00ed slin s \u017ealude\u010dn\u00ed kyselinou, co\u017e vytv\u00e1\u0159\u00ed p\u011bniv\u00fd vzhled.<\/p>\n\n\n\n<p>Respira\u010dn\u00ed infekce: N\u011bkter\u00e9 infekce, jako je nachlazen\u00ed a ch\u0159ipka, mohou v\u00e9st ke zv\u00fd\u0161en\u00e9 produkci slin, co\u017e zp\u016fsobuje p\u011bn\u011bn\u00ed.<\/p>\n\n\n\n<h3 class=\"wp-block-heading\">P\u0159\u00edznaky spojen\u00e9 s p\u011bniv\u00fdmi slinami u kojenc\u016f<\/h3>\n\n\n\n<p>Krom\u011b vlastn\u00edch p\u011bniv\u00fdch slin se mohou v z\u00e1vislosti na p\u0159\u00ed\u010din\u011b objevit i n\u011bkter\u00e9 dal\u0161\u00ed p\u0159\u00edznaky. V\u011bnujte pozornost:<\/p>\n\n\n\n<p>Podr\u00e1\u017ed\u011bn\u00ed d\u00e1sn\u00ed: Pokud je va\u0161e d\u00edt\u011b ve f\u00e1zi pro\u0159ez\u00e1v\u00e1n\u00ed zoubk\u016f, je mo\u017en\u00e9, \u017ee se u n\u011bj mohou objevit tak\u00e9 p\u0159\u00edznaky, jako je brn\u011bn\u00ed, \u0161t\u00edp\u00e1n\u00ed a nep\u0159\u00edjemn\u00e9 pocity.<\/p>\n\n\n\n<p>Regurgitace: V p\u0159\u00edpad\u011b gastroezofage\u00e1ln\u00edho refluxu m\u016f\u017ee m\u00edt va\u0161e d\u00edt\u011b krom\u011b p\u011bniv\u00fdch slin epizody kysel\u00e9 regurgitace.<\/p>\n\n\n\n<p>Respira\u010dn\u00ed p\u0159\u00edznaky: Pokud se objev\u00ed respira\u010dn\u00ed infekce, m\u016f\u017eete si v\u0161imnout p\u0159\u00edznak\u016f, jako je ka\u0161el, ucpan\u00fd nos a pr\u016fduchy.<\/p>\n\n\n\n<h3 class=\"wp-block-heading\">L\u00e9\u010dba a p\u00e9\u010de<\/h3>\n\n\n\n<p>L\u00e9\u010dba p\u011bniv\u00fdch slin u kojenc\u016f z\u00e1vis\u00ed na jejich p\u0159\u00ed\u010din\u011b. Zde je n\u011bkolik opat\u0159en\u00ed, kter\u00e1 m\u016f\u017eete podniknout:<\/p>\n\n\n\n<p>Zuby: Nab\u00eddn\u011bte d\u00edt\u011bti kous\u00e1tka a bezpe\u010dn\u00e9 p\u0159edm\u011bty k kous\u00e1n\u00ed. To m\u016f\u017ee pomoci zm\u00edrnit bolest d\u00e1sn\u00ed a sn\u00ed\u017eit nadm\u011brnou tvorbu slin.<\/p>\n\n\n\n<p>Gastroezofage\u00e1ln\u00ed reflux: Pora\u010fte se se sv\u00fdm pediatrem o konkr\u00e9tn\u00edch pokynech ohledn\u011b diety a l\u00e9k\u016f vhodn\u00fdch ke kontrole kysel\u00e9ho refluxu.<\/p>\n\n\n\n<p>Respira\u010dn\u00ed infekce: Udr\u017eujte prost\u0159ed\u00ed \u010dist\u00e9 a bez bakteri\u00ed. Pou\u017e\u00edvejte zvlh\u010dova\u010d vzduchu k \u00falev\u011b od ucpan\u00e9ho nosu a \u0159i\u010fte se pokyny sv\u00e9ho l\u00e9ka\u0159e ohledn\u011b l\u00e9k\u016f a dal\u0161\u00ed p\u00e9\u010de.<\/p>\n\n\n\n<h3 class=\"wp-block-heading\">Z\u00e1v\u011br<\/h3>\n\n\n\n<p>Vzhledem k tomu, \u017ee p\u011bniv\u00e9 sliny u kojenc\u016f mohou b\u00fdt pro va\u0161i zemi probl\u00e9mem, je d\u016fle\u017eit\u00e9 si uv\u011bdomit, \u017ee ve v\u011bt\u0161in\u011b p\u0159\u00edpad\u016f je tento stav ne\u0161kodn\u00fd a do\u010dasn\u00fd. Pochopen\u00ed z\u00e1kladn\u00edch p\u0159\u00ed\u010din a dvou souvisej\u00edc\u00edch p\u0159\u00edznak\u016f m\u016f\u017ee pomoci identifikovat, kdy je nutn\u00e9 vyhledat l\u00e9ka\u0159skou pomoc.<\/p>\n\n\n\n<p>Uv\u011bdomte si, \u017ee ka\u017ed\u00e9 d\u00edt\u011b je jedine\u010dn\u00e9 a co funguje u jednoho, nemus\u00ed fungovat u jin\u00e9ho. Proto je nezbytn\u00e9 sledovat chov\u00e1n\u00ed va\u0161eho d\u00edt\u011bte a v p\u0159\u00edpad\u011b jak\u00fdchkoli obav vyhledat l\u00e9ka\u0159skou pomoc.<\/p>\n\n\n\n<p>Douf\u00e1m, \u017ee v\u00e1m n\u011bkdo pomohl a \u0159ekl v\u00e1m, co se t\u00fd\u010de va\u0161eho odd\u00edlu, kter\u00fd n\u00e1m tak pomohl. Ach! Dostal jste se sem s t\u00edmto p\u0159\u00edsp\u011bvkem.<\/p>\n\n\n\n<blockquote class=\"wp-block-quote\">\n<h5 class=\"wp-block-heading\"><em>Pozn\u00e1mky: Materi\u00e1ly a informace na str\u00e1nce Universo Fam\u00edlia nejsou ur\u010deny k l\u00e9ka\u0159sk\u00e9 diagn\u00f3ze ani by nem\u011bly b\u00fdt jako takov\u00e9 pou\u017e\u00edv\u00e1ny. <strong>V\u017edy byste se m\u011bli poradit s l\u00e9ka\u0159em nebo kvalifikovan\u00fdm zdravotn\u00edkem o sv\u00fdch skute\u010dn\u00fdch pot\u0159eb\u00e1ch.<\/strong>.<\/em><\/h5>\n<\/blockquote>\n\n\n\n<h3 class=\"wp-block-heading\">Viz tak\u00e9:<\/h3>\n\n\n\n<p><a href=\"http:\/\/universofamilia.com\/cs\/rotina-ideal-para-a-familia-dormir-bem\/\" target=\"_blank\" rel=\"noreferrer noopener\">Rotina Ide\u00e1ln\u00ed pro rodinu pro dobr\u00fd sp\u00e1nek<\/a><\/p>\n\n\n\n<p><a href=\"http:\/\/universofamilia.com\/cs\/muco-nas-fezes-do-bebe-quando-e-normal-e-quando-se-preocupar\/\" target=\"_blank\" rel=\"noreferrer noopener\">Sliznice nosu: kdy je norm\u00e1ln\u00ed a kdy byste se m\u011bli ob\u00e1vat?<\/a><\/p>\n\n\n\n<p><a href=\"https:\/\/www.luzbaby.com.br\/\" target=\"_blank\" rel=\"noreferrer noopener\">Luz Baby je jeden z nejlep\u0161\u00edch obchod\u016f s kojeneck\u00fdmi pot\u0159ebami. Klikn\u011bte zde.<\/a><\/p>","protected":false},"excerpt":{"rendered":"<p>Pokud jste znepokojen\u00fd rodi\u010d a v\u0161imnete si, \u017ee va\u0161e d\u00edt\u011b produkuje p\u011bniv\u00e9 sliny, tento \u010dl\u00e1nek v\u00e1m pom\u016f\u017ee pochopit mo\u017en\u00e9 p\u0159\u00ed\u010diny, souvisej\u00edc\u00ed p\u0159\u00edznaky a mo\u017enosti l\u00e9\u010dby. Pokra\u010dujte ve \u010dten\u00ed a dozv\u00edte se d\u016fle\u017eit\u00e9 informace o t\u00e9to z\u00e1le\u017eitosti.<\/p>","protected":false},"author":0,"featured_media":1909,"comment_status":"closed","ping_status":"open","sticky":false,"template":"","format":"standard","meta":{"footnotes":""},"categories":[5],"tags":[508,1161,1437],"yoast_head":"<!-- This site is optimized with the Yoast SEO plugin v23.3 - https:\/\/yoast.com\/wordpress\/plugins\/seo\/ -->\n<title>Beb\u00ea com Saliva Espumosa: Causas, Sintomas e Tratamento - Universo Fam\u00edlia<\/title>\n<meta name=\"description\" content=\"Se voc\u00ea \u00e9 um pai ou m\u00e3e preocupado, que notou que o seu beb\u00ea est\u00e1 produzindo saliva espumosa\" \/>\n<meta name=\"robots\" content=\"index, follow, max-snippet:-1, max-image-preview:large, max-video-preview:-1\" \/>\n<link rel=\"canonical\" href=\"http:\/\/universofamilia.com\/cs\/bebe-com-saliva-espumosa\/\" \/>\n<meta property=\"og:locale\" content=\"cs_CZ\" \/>\n<meta property=\"og:type\" content=\"article\" \/>\n<meta property=\"og:title\" content=\"Beb\u00ea com Saliva Espumosa: Causas, Sintomas e Tratamento - Universo Fam\u00edlia\" \/>\n<meta property=\"og:description\" content=\"Se voc\u00ea \u00e9 um pai ou m\u00e3e preocupado, que notou que o seu beb\u00ea est\u00e1 produzindo saliva espumosa\" \/>\n<meta property=\"og:url\" content=\"http:\/\/universofamilia.com\/cs\/bebe-com-saliva-espumosa\/\" \/>\n<meta property=\"og:site_name\" content=\"Universo Fam\u00edlia\" \/>\n<meta property=\"article:published_time\" content=\"2023-05-25T21:25:20+00:00\" \/>\n<meta property=\"og:image\" content=\"http:\/\/universofamilia.com\/wp-content\/uploads\/sites\/148\/2023\/05\/FOTO-DESTAQUE-bebe-salivando-universo-familia-448x350-.png\" \/>\n\t<meta property=\"og:image:width\" content=\"448\" \/>\n\t<meta property=\"og:image:height\" content=\"350\" \/>\n\t<meta property=\"og:image:type\" content=\"image\/png\" \/>\n<meta name=\"twitter:card\" content=\"summary_large_image\" \/>\n<meta name=\"twitter:label1\" content=\"Est. reading time\" \/>\n\t<meta name=\"twitter:data1\" content=\"4 minuty\" \/>\n<script type=\"application\/ld+json\" class=\"yoast-schema-graph\">{\"@context\":\"https:\/\/schema.org\",\"@graph\":[{\"@type\":\"WebPage\",\"@id\":\"http:\/\/universofamilia.com\/ko\/bebe-com-saliva-espumosa\/\",\"url\":\"http:\/\/universofamilia.com\/ko\/bebe-com-saliva-espumosa\/\",\"name\":\"Beb\u00ea com Saliva Espumosa: Causas, Sintomas e Tratamento - Universo Fam\u00edlia\",\"isPartOf\":{\"@id\":\"https:\/\/universofamilia.com\/el\/#website\"},\"primaryImageOfPage\":{\"@id\":\"http:\/\/universofamilia.com\/ko\/bebe-com-saliva-espumosa\/#primaryimage\"},\"image\":{\"@id\":\"http:\/\/universofamilia.com\/ko\/bebe-com-saliva-espumosa\/#primaryimage\"},\"thumbnailUrl\":\"http:\/\/universofamilia.com\/wp-content\/uploads\/sites\/148\/2023\/05\/FOTO-DESTAQUE-bebe-salivando-universo-familia-448x350-.png\",\"datePublished\":\"2023-05-25T21:25:20+00:00\",\"dateModified\":\"2023-05-25T21:25:20+00:00\",\"author\":{\"@id\":\"\"},\"description\":\"Se voc\u00ea \u00e9 um pai ou m\u00e3e preocupado, que notou que o seu beb\u00ea est\u00e1 produzindo saliva espumosa\",\"breadcrumb\":{\"@id\":\"http:\/\/universofamilia.com\/ko\/bebe-com-saliva-espumosa\/#breadcrumb\"},\"inLanguage\":\"cs\",\"potentialAction\":[{\"@type\":\"ReadAction\",\"target\":[\"http:\/\/universofamilia.com\/ko\/bebe-com-saliva-espumosa\/\"]}]},{\"@type\":\"ImageObject\",\"inLanguage\":\"cs\",\"@id\":\"http:\/\/universofamilia.com\/ko\/bebe-com-saliva-espumosa\/#primaryimage\",\"url\":\"http:\/\/universofamilia.com\/wp-content\/uploads\/sites\/148\/2023\/05\/FOTO-DESTAQUE-bebe-salivando-universo-familia-448x350-.png\",\"contentUrl\":\"http:\/\/universofamilia.com\/wp-content\/uploads\/sites\/148\/2023\/05\/FOTO-DESTAQUE-bebe-salivando-universo-familia-448x350-.png\",\"width\":448,\"height\":350},{\"@type\":\"BreadcrumbList\",\"@id\":\"http:\/\/universofamilia.com\/ko\/bebe-com-saliva-espumosa\/#breadcrumb\",\"itemListElement\":[{\"@type\":\"ListItem\",\"position\":1,\"name\":\"Home\",\"item\":\"https:\/\/universofamilia.com\/el\/\"},{\"@type\":\"ListItem\",\"position\":2,\"name\":\"Beb\u00ea com Saliva Espumosa: Causas, Sintomas e Tratamento\"}]},{\"@type\":\"WebSite\",\"@id\":\"https:\/\/universofamilia.com\/el\/#website\",\"url\":\"https:\/\/universofamilia.com\/el\/\",\"name\":\"Universo Fam\u00edlia\",\"description\":\"\",\"potentialAction\":[{\"@type\":\"SearchAction\",\"target\":{\"@type\":\"EntryPoint\",\"urlTemplate\":\"https:\/\/universofamilia.com\/el\/?s={search_term_string}\"},\"query-input\":\"required name=search_term_string\"}],\"inLanguage\":\"cs\"}]}<\/script>\n<!-- \/ Yoast SEO plugin. -->","yoast_head_json":{"title":"Beb\u00ea com Saliva Espumosa: Causas, Sintomas e Tratamento - Universo Fam\u00edlia","description":"Se voc\u00ea \u00e9 um pai ou m\u00e3e preocupado, que notou que o seu beb\u00ea est\u00e1 produzindo saliva espumosa","robots":{"index":"index","follow":"follow","max-snippet":"max-snippet:-1","max-image-preview":"max-image-preview:large","max-video-preview":"max-video-preview:-1"},"canonical":"http:\/\/universofamilia.com\/cs\/bebe-com-saliva-espumosa\/","og_locale":"cs_CZ","og_type":"article","og_title":"Beb\u00ea com Saliva Espumosa: Causas, Sintomas e Tratamento - Universo Fam\u00edlia","og_description":"Se voc\u00ea \u00e9 um pai ou m\u00e3e preocupado, que notou que o seu beb\u00ea est\u00e1 produzindo saliva espumosa","og_url":"http:\/\/universofamilia.com\/cs\/bebe-com-saliva-espumosa\/","og_site_name":"Universo Fam\u00edlia","article_published_time":"2023-05-25T21:25:20+00:00","og_image":[{"width":448,"height":350,"url":"http:\/\/universofamilia.com\/wp-content\/uploads\/sites\/148\/2023\/05\/FOTO-DESTAQUE-bebe-salivando-universo-familia-448x350-.png","type":"image\/png"}],"twitter_card":"summary_large_image","twitter_misc":{"Est. reading time":"4 minuty"},"schema":{"@context":"https:\/\/schema.org","@graph":[{"@type":"WebPage","@id":"http:\/\/universofamilia.com\/ko\/bebe-com-saliva-espumosa\/","url":"http:\/\/universofamilia.com\/ko\/bebe-com-saliva-espumosa\/","name":"Beb\u00ea com Saliva Espumosa: Causas, Sintomas e Tratamento - Universo Fam\u00edlia","isPartOf":{"@id":"https:\/\/universofamilia.com\/el\/#website"},"primaryImageOfPage":{"@id":"http:\/\/universofamilia.com\/ko\/bebe-com-saliva-espumosa\/#primaryimage"},"image":{"@id":"http:\/\/universofamilia.com\/ko\/bebe-com-saliva-espumosa\/#primaryimage"},"thumbnailUrl":"http:\/\/universofamilia.com\/wp-content\/uploads\/sites\/148\/2023\/05\/FOTO-DESTAQUE-bebe-salivando-universo-familia-448x350-.png","datePublished":"2023-05-25T21:25:20+00:00","dateModified":"2023-05-25T21:25:20+00:00","author":{"@id":""},"description":"Se voc\u00ea \u00e9 um pai ou m\u00e3e preocupado, que notou que o seu beb\u00ea est\u00e1 produzindo saliva espumosa","breadcrumb":{"@id":"http:\/\/universofamilia.com\/ko\/bebe-com-saliva-espumosa\/#breadcrumb"},"inLanguage":"cs","potentialAction":[{"@type":"ReadAction","target":["http:\/\/universofamilia.com\/ko\/bebe-com-saliva-espumosa\/"]}]},{"@type":"ImageObject","inLanguage":"cs","@id":"http:\/\/universofamilia.com\/ko\/bebe-com-saliva-espumosa\/#primaryimage","url":"http:\/\/universofamilia.com\/wp-content\/uploads\/sites\/148\/2023\/05\/FOTO-DESTAQUE-bebe-salivando-universo-familia-448x350-.png","contentUrl":"http:\/\/universofamilia.com\/wp-content\/uploads\/sites\/148\/2023\/05\/FOTO-DESTAQUE-bebe-salivando-universo-familia-448x350-.png","width":448,"height":350},{"@type":"BreadcrumbList","@id":"http:\/\/universofamilia.com\/ko\/bebe-com-saliva-espumosa\/#breadcrumb","itemListElement":[{"@type":"ListItem","position":1,"name":"Home","item":"https:\/\/universofamilia.com\/el\/"},{"@type":"ListItem","position":2,"name":"Beb\u00ea com Saliva Espumosa: Causas, Sintomas e Tratamento"}]},{"@type":"WebSite","@id":"https:\/\/universofamilia.com\/el\/#website","url":"https:\/\/universofamilia.com\/el\/","name":"Universo Fam\u00edlia","description":"","potentialAction":[{"@type":"SearchAction","target":{"@type":"EntryPoint","urlTemplate":"https:\/\/universofamilia.com\/el\/?s={search_term_string}"},"query-input":"required name=search_term_string"}],"inLanguage":"cs"}]}},"_links":{"self":[{"href":"http:\/\/universofamilia.com\/cs\/wp-json\/wp\/v2\/posts\/1800"}],"collection":[{"href":"http:\/\/universofamilia.com\/cs\/wp-json\/wp\/v2\/posts"}],"about":[{"href":"http:\/\/universofamilia.com\/cs\/wp-json\/wp\/v2\/types\/post"}],"replies":[{"embeddable":true,"href":"http:\/\/universofamilia.com\/cs\/wp-json\/wp\/v2\/comments?post=1800"}],"version-history":[{"count":0,"href":"http:\/\/universofamilia.com\/cs\/wp-json\/wp\/v2\/posts\/1800\/revisions"}],"wp:featuredmedia":[{"embeddable":true,"href":"http:\/\/universofamilia.com\/cs\/wp-json\/wp\/v2\/media\/1909"}],"wp:attachment":[{"href":"http:\/\/universofamilia.com\/cs\/wp-json\/wp\/v2\/media?parent=1800"}],"wp:term":[{"taxonomy":"category","embeddable":true,"href":"http:\/\/universofamilia.com\/cs\/wp-json\/wp\/v2\/categories?post=1800"},{"taxonomy":"post_tag","embeddable":true,"href":"http:\/\/universofamilia.com\/cs\/wp-json\/wp\/v2\/tags?post=1800"}],"curies":[{"name":"wp","href":"https:\/\/api.w.org\/{rel}","templated":true}]}}