{"id":1802,"date":"2023-05-25T21:51:11","date_gmt":"2023-05-25T21:51:11","guid":{"rendered":"https:\/\/universofamilia.com\/?p=1802"},"modified":"2023-05-25T21:51:11","modified_gmt":"2023-05-25T21:51:11","slug":"tamanho-das-ropinhas-da-carters","status":"publish","type":"post","link":"http:\/\/universofamilia.com\/cs\/tamanho-das-ropinhas-da-carters\/","title":{"rendered":"Velikost Carterov\u00fdch Ropinh"},"content":{"rendered":"<p>Zjist\u011bte v\u0161e, co pot\u0159ebujete v\u011bd\u011bt o velikostech oble\u010den\u00ed od renomovan\u00e9 zna\u010dky Carters.<\/p>\n\n\n\n<p>V tomto komplexn\u00edm pr\u016fvodci v\u00e1m poskytneme cenn\u00e9 informace o tom, jak vybrat spr\u00e1vnou velikost pro va\u0161e d\u00edt\u011b, kter\u00e1 zaru\u010d\u00ed pohodl\u00ed a styl ve v\u0161ech f\u00e1z\u00edch jeho r\u016fstu.<\/p>\n\n\n\n<p>Pokra\u010dujte ve \u010dten\u00ed a objevte tipy, pokyny pro m\u011b\u0159en\u00ed a n\u00e1vrhy, kter\u00e9 zajist\u00ed, \u017ee va\u0161e n\u00e1kupy budou perfektn\u00ed.<\/p>\n\n\n\n<h3 class=\"wp-block-heading\">Tabulka p\u0159evodu velikost\u00ed<\/h3>\n\n\n\n<p>Aby to va\u0161\u00ed \u0161kole je\u0161t\u011b v\u00edce usnadnili, Carters nab\u00edz\u00ed praktickou tabulku pro p\u0159evod velikost\u00ed.<\/p>\n\n\n\n<p>Tato tabulka v\u00e1m umo\u017e\u0148uje porovnat m\u00edry va\u0161eho d\u00edt\u011bte s velikostmi Carters, a\u0165 u\u017e v centimetrech nebo na d\u00e9lku.<\/p>\n\n\n\n<p>Takto se m\u016f\u017eete informovan\u011b rozhodnout p\u0159i n\u00e1kupu zna\u010dkov\u00e9ho oble\u010den\u00ed.<\/p>\n\n\n\n<p>Pod\u00edvejte se na tabulku n\u00ed\u017ee a douf\u00e1m, \u017ee v\u00e1m pom\u016f\u017ee:<\/p>\n\n\n<div class=\"wp-block-image\">\n<figure class=\"aligncenter size-full is-resized\"><img loading=\"lazy\" decoding=\"async\" src=\"http:\/\/universofamilia.com\/wp-content\/uploads\/sites\/148\/2023\/05\/tamanhocartersbebemenor-UNIVERSO-FAMILIA.jpg\" alt=\"\" class=\"wp-image-1803\" width=\"585\" height=\"430\" srcset=\"http:\/\/universofamilia.com\/wp-content\/uploads\/sites\/148\/2023\/05\/tamanhocartersbebemenor-UNIVERSO-FAMILIA.jpg 400w, http:\/\/universofamilia.com\/wp-content\/uploads\/sites\/148\/2023\/05\/tamanhocartersbebemenor-UNIVERSO-FAMILIA-300x221.jpg 300w\" sizes=\"(max-width: 585px) 100vw, 585px\" \/><\/figure><\/div>\n\n\n<p>Batole je definice pro star\u0161\u00ed miminka, kter\u00e1 u\u017e nechod\u00ed, v USA je velmi b\u011b\u017en\u00e9 naz\u00fdvat tuto skupinu d\u011bt\u00ed.<\/p>\n\n\n<div class=\"wp-block-image\">\n<figure class=\"aligncenter size-full is-resized\"><img loading=\"lazy\" decoding=\"async\" src=\"http:\/\/universofamilia.com\/wp-content\/uploads\/sites\/148\/2023\/05\/TABELA-de-2-a-5T-UNIVERSO-FAMILIA.png\" alt=\"\" class=\"wp-image-1804\" width=\"591\" height=\"298\" srcset=\"http:\/\/universofamilia.com\/wp-content\/uploads\/sites\/148\/2023\/05\/TABELA-de-2-a-5T-UNIVERSO-FAMILIA.png 409w, http:\/\/universofamilia.com\/wp-content\/uploads\/sites\/148\/2023\/05\/TABELA-de-2-a-5T-UNIVERSO-FAMILIA-300x151.png 300w\" sizes=\"(max-width: 591px) 100vw, 591px\" \/><\/figure><\/div>\n\n<div class=\"wp-block-image\">\n<figure class=\"aligncenter size-full is-resized\"><img loading=\"lazy\" decoding=\"async\" src=\"http:\/\/universofamilia.com\/wp-content\/uploads\/sites\/148\/2023\/05\/TABELA-de-4-a-xlT-UNIVERSO-FAMILIA.png\" alt=\"\" class=\"wp-image-1805\" width=\"587\" height=\"618\" srcset=\"http:\/\/universofamilia.com\/wp-content\/uploads\/sites\/148\/2023\/05\/TABELA-de-4-a-xlT-UNIVERSO-FAMILIA.png 384w, http:\/\/universofamilia.com\/wp-content\/uploads\/sites\/148\/2023\/05\/TABELA-de-4-a-xlT-UNIVERSO-FAMILIA-285x300.png 285w\" sizes=\"(max-width: 587px) 100vw, 587px\" \/><\/figure><\/div>\n\n\n<h3 class=\"wp-block-heading\">Z\u00e1v\u011br:<\/h3>\n\n\n\n<p>V\u00fdb\u011br vhodn\u00e9 velikosti oble\u010den\u00ed zna\u010dky Carters je nezbytn\u00fd pro zaji\u0161t\u011bn\u00ed pohodl\u00ed va\u0161eho d\u00edt\u011bte.<\/p>\n\n\n\n<p>Vyu\u017eijte pr\u016fvodce m\u00edrami, konverza\u010dn\u00ed tabulku a recenze ostatn\u00edch z\u00e1kazn\u00edk\u016f k n\u00e1kup\u016fm s jistotou. Investujte do v\u011bc\u00ed, kter\u00e9 budou doprov\u00e1zet r\u016fst va\u0161eho d\u00edt\u011bte a zaru\u010d\u00ed styl a kr\u00e1su ve v\u0161ech f\u00e1z\u00edch.<\/p>\n\n\n\n<p>S Carters si budete jisti, \u017ee kupujete vysoce kvalitn\u00ed oble\u010den\u00ed, vyvinut\u00e9 s p\u00e9\u010d\u00ed a d\u016frazem na detail.<\/p>\n\n\n\n<p>Nep\u0159est\u00e1vejte vyu\u017e\u00edvat \u0161irokou \u0161k\u00e1lu styl\u016f a design\u016f, kter\u00e9 Carters nab\u00edz\u00ed, od rozko\u0161n\u00fdch makak\u016f a\u017e po elegantn\u00ed outfity.<\/p>\n\n\n\n<p>Se znalost\u00ed vhodn\u00fdch velikost\u00ed budete moci sv\u00e9 d\u00edt\u011b obl\u00e9knout s jistotou s v\u011bdom\u00edm, \u017ee se c\u00edt\u00ed pohodln\u011b a dob\u0159e oble\u010den\u00e9.<\/p>\n\n\n\n<p>Vyberte si oble\u010den\u00ed pro sv\u00e9 d\u00edt\u011b a jednu z radost\u00ed mate\u0159stv\u00ed\/otcovstv\u00ed. S informacemi uveden\u00fdmi v t\u00e9to p\u0159\u00edru\u010dce budete m\u00edt v\u0161echny n\u00e1stroje pot\u0159ebn\u00e9 k chytr\u00fdm n\u00e1kup\u016fm a informovan\u00fdm rozhodnut\u00edm.<\/p>\n\n\n\n<p>Proto u\u017e d\u00e9le ne\u010dekejte!<\/p>\n\n\n\n<p>Prozkoumejte \u0159adu oble\u010den\u00ed zna\u010dky Carters a dop\u0159ejte sv\u00e9mu d\u00edt\u011bti pohodl\u00ed a styl, kter\u00fd si zaslou\u017e\u00ed.<\/p>\n\n\n\n<p>D\u00edky Cartersov\u011b p\u00e9\u010di o spr\u00e1vn\u00e9 velikosti budete p\u0159ipraveni s jistotou obl\u00e9knout sv\u00e9 d\u00edt\u011b a u\u017e\u00edt si ka\u017ed\u00fd drahocenn\u00fd spole\u010dn\u00fd okam\u017eik.<\/p>\n\n\n\n<p>Douf\u00e1m, \u017ee v\u00e1m bylo s va\u0161\u00edm odd\u00edlem, kter\u00fd n\u00e1m tak pomohl, porozum\u011bno. Ach! Pokud se v\u00e1m tento p\u0159\u00edsp\u011bvek l\u00edbil,<\/p>\n\n\n\n<h3 class=\"wp-block-heading\">Viz tak\u00e9:<\/h3>\n\n\n\n<p><a href=\"http:\/\/universofamilia.com\/cs\/rotina-ideal-para-a-familia-dormir-bem\/\" target=\"_blank\" rel=\"noreferrer noopener\">Rotina Ide\u00e1ln\u00ed pro rodinu pro dobr\u00fd sp\u00e1nek<\/a><\/p>\n\n\n\n<p><a href=\"http:\/\/universofamilia.com\/cs\/muco-nas-fezes-do-bebe-quando-e-normal-e-quando-se-preocupar\/\" target=\"_blank\" rel=\"noreferrer noopener\">Sliznice nosu: kdy je norm\u00e1ln\u00ed a kdy byste se m\u011bli ob\u00e1vat?<\/a><\/p>\n\n\n\n<p><a href=\"https:\/\/www.luzbaby.com.br\/\" target=\"_blank\" rel=\"noreferrer noopener\">Luz Baby je jeden z nejlep\u0161\u00edch obchod\u016f s kojeneck\u00fdmi pot\u0159ebami. Klikn\u011bte zde.<\/a><\/p>","protected":false},"excerpt":{"rendered":"<p>Zjist\u011bte v\u0161e, co pot\u0159ebujete v\u011bd\u011bt o velikostech oble\u010den\u00ed od renomovan\u00e9 zna\u010dky Carters. V tomto komplexn\u00edm pr\u016fvodci v\u00e1m poskytneme cenn\u00e9 informace o tom, jak vybrat spr\u00e1vnou velikost pro va\u0161e d\u00edt\u011b, kter\u00e1 zaru\u010d\u00ed pohodl\u00ed a styl ve v\u0161ech f\u00e1z\u00edch jeho r\u016fstu. \u010ct\u011bte d\u00e1le a objevte tipy, pokyny pro m\u011b\u0159en\u00ed a n\u00e1vrhy, kter\u00e9 zajist\u00ed, \u017ee va\u0161e n\u00e1kupy budou perfektn\u00ed.<\/p>","protected":false},"author":0,"featured_media":1907,"comment_status":"closed","ping_status":"open","sticky":false,"template":"","format":"standard","meta":{"footnotes":""},"categories":[5],"tags":[1023,1161,1504],"yoast_head":"<!-- This site is optimized with the Yoast SEO plugin v23.3 - https:\/\/yoast.com\/wordpress\/plugins\/seo\/ -->\n<title>Tamanho das Ropinhas da Carters - Universo Fam\u00edlia<\/title>\n<meta name=\"description\" content=\"Descubra tudo o que voc\u00ea precisa saber sobre o tamanho das roupinhas da renomada marca Carters.\" \/>\n<meta name=\"robots\" content=\"index, follow, max-snippet:-1, max-image-preview:large, max-video-preview:-1\" \/>\n<link rel=\"canonical\" href=\"https:\/\/universofamilia.com\/cs\/tamanho-das-ropinhas-da-carters\/\" \/>\n<meta property=\"og:locale\" content=\"cs_CZ\" \/>\n<meta property=\"og:type\" content=\"article\" \/>\n<meta property=\"og:title\" content=\"Tamanho das Ropinhas da Carters - Universo Fam\u00edlia\" \/>\n<meta property=\"og:description\" content=\"Descubra tudo o que voc\u00ea precisa saber sobre o tamanho das roupinhas da renomada marca Carters.\" \/>\n<meta property=\"og:url\" content=\"https:\/\/universofamilia.com\/cs\/tamanho-das-ropinhas-da-carters\/\" \/>\n<meta property=\"og:site_name\" content=\"Universo Fam\u00edlia\" \/>\n<meta property=\"article:published_time\" content=\"2023-05-25T21:51:11+00:00\" \/>\n<meta property=\"og:image\" content=\"https:\/\/universofamilia.com\/wp-content\/uploads\/sites\/148\/2023\/05\/FOTO-DESTAQUE-448x350-.png\" \/>\n\t<meta property=\"og:image:width\" content=\"448\" \/>\n\t<meta property=\"og:image:height\" content=\"350\" \/>\n\t<meta property=\"og:image:type\" content=\"image\/png\" \/>\n<meta name=\"twitter:card\" content=\"summary_large_image\" \/>\n<meta name=\"twitter:label1\" content=\"Est. reading time\" \/>\n\t<meta name=\"twitter:data1\" content=\"3 minuty\" \/>\n<script type=\"application\/ld+json\" class=\"yoast-schema-graph\">{\"@context\":\"https:\/\/schema.org\",\"@graph\":[{\"@type\":\"WebPage\",\"@id\":\"https:\/\/universofamilia.com\/ko\/tamanho-das-ropinhas-da-carters\/\",\"url\":\"https:\/\/universofamilia.com\/ko\/tamanho-das-ropinhas-da-carters\/\",\"name\":\"Tamanho das Ropinhas da Carters - Universo Fam\u00edlia\",\"isPartOf\":{\"@id\":\"https:\/\/universofamilia.com\/el\/#website\"},\"primaryImageOfPage\":{\"@id\":\"https:\/\/universofamilia.com\/ko\/tamanho-das-ropinhas-da-carters\/#primaryimage\"},\"image\":{\"@id\":\"https:\/\/universofamilia.com\/ko\/tamanho-das-ropinhas-da-carters\/#primaryimage\"},\"thumbnailUrl\":\"http:\/\/universofamilia.com\/wp-content\/uploads\/sites\/148\/2023\/05\/FOTO-DESTAQUE-448x350-.png\",\"datePublished\":\"2023-05-25T21:51:11+00:00\",\"dateModified\":\"2023-05-25T21:51:11+00:00\",\"author\":{\"@id\":\"\"},\"description\":\"Descubra tudo o que voc\u00ea precisa saber sobre o tamanho das roupinhas da renomada marca Carters.\",\"breadcrumb\":{\"@id\":\"https:\/\/universofamilia.com\/ko\/tamanho-das-ropinhas-da-carters\/#breadcrumb\"},\"inLanguage\":\"cs\",\"potentialAction\":[{\"@type\":\"ReadAction\",\"target\":[\"https:\/\/universofamilia.com\/ko\/tamanho-das-ropinhas-da-carters\/\"]}]},{\"@type\":\"ImageObject\",\"inLanguage\":\"cs\",\"@id\":\"https:\/\/universofamilia.com\/ko\/tamanho-das-ropinhas-da-carters\/#primaryimage\",\"url\":\"http:\/\/universofamilia.com\/wp-content\/uploads\/sites\/148\/2023\/05\/FOTO-DESTAQUE-448x350-.png\",\"contentUrl\":\"http:\/\/universofamilia.com\/wp-content\/uploads\/sites\/148\/2023\/05\/FOTO-DESTAQUE-448x350-.png\",\"width\":448,\"height\":350},{\"@type\":\"BreadcrumbList\",\"@id\":\"https:\/\/universofamilia.com\/ko\/tamanho-das-ropinhas-da-carters\/#breadcrumb\",\"itemListElement\":[{\"@type\":\"ListItem\",\"position\":1,\"name\":\"Home\",\"item\":\"https:\/\/universofamilia.com\/el\/\"},{\"@type\":\"ListItem\",\"position\":2,\"name\":\"Tamanho das Ropinhas da Carters\"}]},{\"@type\":\"WebSite\",\"@id\":\"https:\/\/universofamilia.com\/el\/#website\",\"url\":\"https:\/\/universofamilia.com\/el\/\",\"name\":\"Universo Fam\u00edlia\",\"description\":\"\",\"potentialAction\":[{\"@type\":\"SearchAction\",\"target\":{\"@type\":\"EntryPoint\",\"urlTemplate\":\"https:\/\/universofamilia.com\/el\/?s={search_term_string}\"},\"query-input\":\"required name=search_term_string\"}],\"inLanguage\":\"cs\"}]}<\/script>\n<!-- \/ Yoast SEO plugin. -->","yoast_head_json":{"title":"Tamanho das Ropinhas da Carters - Universo Fam\u00edlia","description":"Descubra tudo o que voc\u00ea precisa saber sobre o tamanho das roupinhas da renomada marca Carters.","robots":{"index":"index","follow":"follow","max-snippet":"max-snippet:-1","max-image-preview":"max-image-preview:large","max-video-preview":"max-video-preview:-1"},"canonical":"https:\/\/universofamilia.com\/cs\/tamanho-das-ropinhas-da-carters\/","og_locale":"cs_CZ","og_type":"article","og_title":"Tamanho das Ropinhas da Carters - Universo Fam\u00edlia","og_description":"Descubra tudo o que voc\u00ea precisa saber sobre o tamanho das roupinhas da renomada marca Carters.","og_url":"https:\/\/universofamilia.com\/cs\/tamanho-das-ropinhas-da-carters\/","og_site_name":"Universo Fam\u00edlia","article_published_time":"2023-05-25T21:51:11+00:00","og_image":[{"width":448,"height":350,"url":"https:\/\/universofamilia.com\/wp-content\/uploads\/sites\/148\/2023\/05\/FOTO-DESTAQUE-448x350-.png","type":"image\/png"}],"twitter_card":"summary_large_image","twitter_misc":{"Est. reading time":"3 minuty"},"schema":{"@context":"https:\/\/schema.org","@graph":[{"@type":"WebPage","@id":"https:\/\/universofamilia.com\/ko\/tamanho-das-ropinhas-da-carters\/","url":"https:\/\/universofamilia.com\/ko\/tamanho-das-ropinhas-da-carters\/","name":"Tamanho das Ropinhas da Carters - Universo Fam\u00edlia","isPartOf":{"@id":"https:\/\/universofamilia.com\/el\/#website"},"primaryImageOfPage":{"@id":"https:\/\/universofamilia.com\/ko\/tamanho-das-ropinhas-da-carters\/#primaryimage"},"image":{"@id":"https:\/\/universofamilia.com\/ko\/tamanho-das-ropinhas-da-carters\/#primaryimage"},"thumbnailUrl":"http:\/\/universofamilia.com\/wp-content\/uploads\/sites\/148\/2023\/05\/FOTO-DESTAQUE-448x350-.png","datePublished":"2023-05-25T21:51:11+00:00","dateModified":"2023-05-25T21:51:11+00:00","author":{"@id":""},"description":"Descubra tudo o que voc\u00ea precisa saber sobre o tamanho das roupinhas da renomada marca Carters.","breadcrumb":{"@id":"https:\/\/universofamilia.com\/ko\/tamanho-das-ropinhas-da-carters\/#breadcrumb"},"inLanguage":"cs","potentialAction":[{"@type":"ReadAction","target":["https:\/\/universofamilia.com\/ko\/tamanho-das-ropinhas-da-carters\/"]}]},{"@type":"ImageObject","inLanguage":"cs","@id":"https:\/\/universofamilia.com\/ko\/tamanho-das-ropinhas-da-carters\/#primaryimage","url":"http:\/\/universofamilia.com\/wp-content\/uploads\/sites\/148\/2023\/05\/FOTO-DESTAQUE-448x350-.png","contentUrl":"http:\/\/universofamilia.com\/wp-content\/uploads\/sites\/148\/2023\/05\/FOTO-DESTAQUE-448x350-.png","width":448,"height":350},{"@type":"BreadcrumbList","@id":"https:\/\/universofamilia.com\/ko\/tamanho-das-ropinhas-da-carters\/#breadcrumb","itemListElement":[{"@type":"ListItem","position":1,"name":"Home","item":"https:\/\/universofamilia.com\/el\/"},{"@type":"ListItem","position":2,"name":"Tamanho das Ropinhas da Carters"}]},{"@type":"WebSite","@id":"https:\/\/universofamilia.com\/el\/#website","url":"https:\/\/universofamilia.com\/el\/","name":"Universo Fam\u00edlia","description":"","potentialAction":[{"@type":"SearchAction","target":{"@type":"EntryPoint","urlTemplate":"https:\/\/universofamilia.com\/el\/?s={search_term_string}"},"query-input":"required name=search_term_string"}],"inLanguage":"cs"}]}},"_links":{"self":[{"href":"http:\/\/universofamilia.com\/cs\/wp-json\/wp\/v2\/posts\/1802"}],"collection":[{"href":"http:\/\/universofamilia.com\/cs\/wp-json\/wp\/v2\/posts"}],"about":[{"href":"http:\/\/universofamilia.com\/cs\/wp-json\/wp\/v2\/types\/post"}],"replies":[{"embeddable":true,"href":"http:\/\/universofamilia.com\/cs\/wp-json\/wp\/v2\/comments?post=1802"}],"version-history":[{"count":0,"href":"http:\/\/universofamilia.com\/cs\/wp-json\/wp\/v2\/posts\/1802\/revisions"}],"wp:featuredmedia":[{"embeddable":true,"href":"http:\/\/universofamilia.com\/cs\/wp-json\/wp\/v2\/media\/1907"}],"wp:attachment":[{"href":"http:\/\/universofamilia.com\/cs\/wp-json\/wp\/v2\/media?parent=1802"}],"wp:term":[{"taxonomy":"category","embeddable":true,"href":"http:\/\/universofamilia.com\/cs\/wp-json\/wp\/v2\/categories?post=1802"},{"taxonomy":"post_tag","embeddable":true,"href":"http:\/\/universofamilia.com\/cs\/wp-json\/wp\/v2\/tags?post=1802"}],"curies":[{"name":"wp","href":"https:\/\/api.w.org\/{rel}","templated":true}]}}