{"id":1977,"date":"2023-05-27T16:15:00","date_gmt":"2023-05-27T16:15:00","guid":{"rendered":"https:\/\/universofamilia.com\/?p=1977"},"modified":"2023-05-27T16:15:00","modified_gmt":"2023-05-27T16:15:00","slug":"o-que-e-ser-mae-adotiva","status":"publish","type":"post","link":"http:\/\/universofamilia.com\/cs\/o-que-e-ser-mae-adotiva\/","title":{"rendered":"Co to znamen\u00e1 b\u00fdt adoptivn\u00ed matkou?"},"content":{"rendered":"<h4 class=\"wp-block-heading\">L\u00e1ska bez hranic<\/h4>\n\n\n\n<p>B\u00fdt v\u00edc je vzne\u0161en\u00fd z\u00e1\u017eitek, kter\u00fd p\u0159esahuje pokrevn\u00ed pouta. Pro miluj\u00edc\u00edho \u010dlov\u011bka je tento z\u00e1\u017eitek je\u0161t\u011b v\u00fdjime\u010dn\u011bj\u0161\u00ed.<\/p>\n\n\n\n<p>V tomto textu zkoum\u00e1me v\u00fdznam v\u00edce l\u00e1skypln\u00e9ho p\u0159\u00edstupu, zab\u00fdv\u00e1me se v\u00fdzvami, radostmi a bezpodm\u00edne\u010dnou l\u00e1skou, kter\u00e9 prostupuj\u00ed touto jedine\u010dnou cestou.<\/p>\n\n\n\n<h3 class=\"wp-block-heading\">Viz tak\u00e9:<\/h3>\n\n\n\n<p><a href=\"https:\/\/universofamilia.com\/cs\/o-que-e-ser-mae\/\" target=\"_blank\" rel=\"noreferrer noopener\">Nebo co je to b\u00fdt m\u00e3e? Bezpodm\u00edne\u010dn\u00e1 l\u00e1ska, kter\u00e1 prom\u011b\u0148uje \u017eivoty<\/a><\/p>\n\n\n\n<p><a href=\"http:\/\/universofamilia.com\/cs\/a-importancia-do-controle-de-gastos-familiar\/\" target=\"_blank\" rel=\"noreferrer noopener\">D\u016fle\u017eitost kontroly rodinn\u00fdch v\u00fddaj\u016f<\/a><\/p>\n\n\n\n<p><a href=\"https:\/\/www.luzbaby.com.br\/\" target=\"_blank\" rel=\"noreferrer noopener\">Luz Baby je jeden z nejlep\u0161\u00edch obchod\u016f s kojeneck\u00fdmi pot\u0159ebami. Klikn\u011bte zde.<\/a><\/p>\n\n\n\n<h4 class=\"wp-block-heading\">V\u00fdzva k srdci<\/h4>\n\n\n\n<p>Kdy\u017e se \u017eena rozhodne b\u00fdt miluj\u00edc\u00ed, \u010del\u00ed \u0161kole odvahy a l\u00e1sky. Otev\u0159e sv\u00e9 srdce, aby p\u0159ijala d\u00edt\u011b, kter\u00e9 se nenarodilo z jej\u00edho b\u0159icha, ale kter\u00e9 je o\u010dek\u00e1v\u00e1no se stejnou intenzitou a touhou.<\/p>\n\n\n\n<p>Adoptivn\u00ed mate\u0159stv\u00ed je p\u0159\u00edle\u017eitost\u00ed k vytvo\u0159en\u00ed hlubok\u00e9ho a trval\u00e9ho pouta s d\u00edt\u011btem, kter\u00e9 kr\u00e1\u010d\u00ed po jin\u00fdch cest\u00e1ch.<\/p>\n\n\n\n<figure class=\"wp-block-image size-full\"><img loading=\"lazy\" decoding=\"async\" width=\"448\" height=\"350\" src=\"http:\/\/universofamilia.com\/wp-content\/uploads\/sites\/148\/2023\/05\/FOTO-DESTAQUE-mae-adotiva-universo-familia-448x350-.png\" alt=\"\" class=\"wp-image-1979\" srcset=\"http:\/\/universofamilia.com\/wp-content\/uploads\/sites\/148\/2023\/05\/FOTO-DESTAQUE-mae-adotiva-universo-familia-448x350-.png 448w, http:\/\/universofamilia.com\/wp-content\/uploads\/sites\/148\/2023\/05\/FOTO-DESTAQUE-mae-adotiva-universo-familia-448x350--300x234.png 300w\" sizes=\"(max-width: 448px) 100vw, 448px\" \/><\/figure>\n\n\n\n<h4 class=\"wp-block-heading\">S\u00edla bezpodm\u00edne\u010dn\u00e9 l\u00e1sky<\/h4>\n\n\n\n<p>L\u00e1ska miluj\u00edc\u00ed matky je skute\u010dn\u011b bezpodm\u00edne\u010dn\u00e1. Podporuje d\u00edt\u011b s jeho vlastn\u00ed histori\u00ed, s jeho zran\u011bn\u00edmi a v\u00fdzvami, kter\u00e9 vy\u017eaduj\u00ed p\u00e9\u010di a pochopen\u00ed.<\/p>\n\n\n\n<p>B\u00fdt miluj\u00edc\u00edm proto znamen\u00e1 b\u00fdt ochotn\u00fd \u010delit t\u011bmto nep\u0159\u00edzn\u00edm osudu s l\u00e1skou, trp\u011blivost\u00ed a oddanost\u00ed a budovat pouto, kter\u00e9 p\u0159ekon\u00e1 jakoukoli p\u0159ek\u00e1\u017eku.<\/p>\n\n\n\n<h4 class=\"wp-block-heading\">Den \u010dek\u00e1n\u00ed<\/h4>\n\n\n\n<p>Den miluj\u00edc\u00ed matky \u010dasto za\u010d\u00edn\u00e1 \u010dek\u00e1n\u00edm. Setk\u00e1v\u00e1 se s rodi\u010di, absolvuje pohovory a zkou\u0161ky a t\u011b\u0161\u00ed se na okam\u017eik, kdy bude moci sv\u00e9 d\u00edt\u011b bezpe\u010dn\u011b dr\u017eet v n\u00e1ru\u010d\u00ed.<\/p>\n\n\n\n<p>Toto \u010dek\u00e1n\u00ed m\u016f\u017ee b\u00fdt stresuj\u00edc\u00ed, ale je to tak\u00e9 p\u0159\u00edle\u017eitost p\u0159ipravit se emocion\u00e1ln\u011b i fyzicky na p\u0159iv\u00edt\u00e1n\u00ed d\u011bt\u00ed se v\u0161\u00ed pot\u0159ebnou l\u00e1skou a p\u00e9\u010d\u00ed.<\/p>\n\n\n\n<figure class=\"wp-block-image size-full\"><img loading=\"lazy\" decoding=\"async\" width=\"550\" height=\"350\" src=\"http:\/\/universofamilia.com\/wp-content\/uploads\/sites\/148\/2023\/05\/POST-FOTO-APPS-DE-mae-adotiva-universo-familia-.png\" alt=\"\" class=\"wp-image-1980\" srcset=\"http:\/\/universofamilia.com\/wp-content\/uploads\/sites\/148\/2023\/05\/POST-FOTO-APPS-DE-mae-adotiva-universo-familia-.png 550w, http:\/\/universofamilia.com\/wp-content\/uploads\/sites\/148\/2023\/05\/POST-FOTO-APPS-DE-mae-adotiva-universo-familia--300x191.png 300w\" sizes=\"(max-width: 550px) 100vw, 550px\" \/><\/figure>\n\n\n\n<h4 class=\"wp-block-heading\">Transformace a u\u010den\u00ed<\/h4>\n\n\n\n<p>Adoptivn\u00ed mate\u0159stv\u00ed je dnem osobn\u00ed transformace. Moje l\u00e1ska se u\u010d\u00ed vn\u00edmat sv\u011bt nov\u00fdm zp\u016fsobem, v\u00e1\u017eit si mal\u00fdch okam\u017eik\u016f a nach\u00e1zet kr\u00e1su v nep\u0159\u00edzni osudu.<\/p>\n\n\n\n<p>St\u00e1v\u00e1 se zdrojem s\u00edly a inspirace pro sv\u00e9 d\u011bti a vede je po cest\u00e1ch \u017eivota s pozn\u00e1n\u00edm a l\u00e1skou.<\/p>\n\n\n\n<h4 class=\"wp-block-heading\">P\u0159ekon\u00e1v\u00e1n\u00ed v\u00fdzev<\/h4>\n\n\n\n<p>B\u00fdt l\u00e1skypln\u011bj\u0161\u00ed zahrnuje tak\u00e9 p\u0159ekon\u00e1v\u00e1n\u00ed jedine\u010dn\u00fdch v\u00fdzev. Nadan\u00e9 d\u00edt\u011b mohlo za\u017e\u00edt traumatick\u00e9 z\u00e1\u017eitky, kter\u00e9 se v minulosti nestaly, nebo kter\u00e9 vy\u017eaduj\u00ed citliv\u00fd a pozorn\u00fd p\u0159\u00edstup.<\/p>\n\n\n\n<p>Proto se moje matka sna\u017e\u00ed pochopit emocion\u00e1ln\u00ed pot\u0159eby sv\u00e9ho d\u00edt\u011bte, nab\u00edz\u00ed mu podporu, bezpe\u010d\u00ed a atmosf\u00e9ru l\u00e1sky a d\u016fv\u011bry. Uprost\u0159ed bou\u0159\u00ed rudne a poskytuje d\u011btem stabilitu a bezpe\u010dn\u00fd p\u0159\u00edstav.<\/p>\n\n\n\n<h4 class=\"wp-block-heading\">Radosti adoptivn\u00edho mate\u0159stv\u00ed<\/h4>\n\n\n\n<p>Radosti mate\u0159stv\u00ed a adopce jsou nespo\u010detn\u00e9. Od okam\u017eiku, kdy d\u00edt\u011b p\u0159ijmeme do n\u00e1ru\u010de, s ka\u017ed\u00fdm v\u00edt\u011bzstv\u00edm, ka\u017ed\u00fdm \u00fasm\u011bvem a ka\u017ed\u00fdm otev\u0159en\u00fdm objet\u00edm, m\u016fj milovan\u00fd pro\u017e\u00edv\u00e1 okam\u017eiky \u010dist\u00e9ho \u0161t\u011bst\u00ed a vd\u011b\u010dnosti.<\/p>\n\n\n\n<p>P\u0159esto oslavuje mal\u00e1 v\u00edt\u011bzstv\u00ed a je hrd\u00e1 na r\u016fst a v\u00fdvoj sv\u00fdch d\u011bt\u00ed, proto\u017ee v\u00ed, \u017ee v jej\u00edm \u017eivot\u011b m\u011bn\u00ed \u017eivot.<\/p>\n\n\n\n<figure class=\"wp-block-image size-full\"><img loading=\"lazy\" decoding=\"async\" width=\"550\" height=\"350\" src=\"http:\/\/universofamilia.com\/wp-content\/uploads\/sites\/148\/2023\/05\/POST-FOTO-APPS-DE-mae-adotiva-universo-familia-1.png\" alt=\"\" class=\"wp-image-1981\" srcset=\"http:\/\/universofamilia.com\/wp-content\/uploads\/sites\/148\/2023\/05\/POST-FOTO-APPS-DE-mae-adotiva-universo-familia-1.png 550w, http:\/\/universofamilia.com\/wp-content\/uploads\/sites\/148\/2023\/05\/POST-FOTO-APPS-DE-mae-adotiva-universo-familia-1-300x191.png 300w\" sizes=\"(max-width: 550px) 100vw, 550px\" \/><\/figure>\n\n\n\n<h4 class=\"wp-block-heading\">Rodina srdce<\/h4>\n\n\n\n<p>V adoptivn\u00edm mate\u0159stv\u00ed se rodina nebudovala jen skrze pokrevn\u00ed spojen\u00ed, ale skrze l\u00e1sku a citov\u00e9 pouto. Moje l\u00e1ska a m\u00e9 d\u00edt\u011b buduj\u00ed vztah napln\u011bn\u00ed a l\u00e1sky, kter\u00fd p\u0159esahuje biologick\u00e1 pouta.<\/p>\n\n\n\n<p>Stanou se z nich srde\u010dn\u00e1 rodina, kterou spojuje l\u00e1ska a vz\u00e1jemn\u00e1 touha sd\u00edlet \u017eivot.<\/p>\n\n\n\n<h4 class=\"wp-block-heading\">Z\u00e1v\u011br<\/h4>\n\n\n\n<p>B\u00fdt miluj\u00edc\u00ed je cesta l\u00e1sky, odvahy a oddanosti. Otev\u0159ete sv\u00e9 srdce, abyste p\u0159ijali d\u00edt\u011b, a nab\u00eddn\u011bte mu bezpe\u010dn\u00fd a l\u00e1skypln\u00fd \u017eivot. Zkr\u00e1tka jde o p\u0159ekon\u00e1v\u00e1n\u00ed v\u00fdzev, prom\u011bnu \u017eivot\u016f a budov\u00e1n\u00ed rodiny zalo\u017een\u00e9 na bezpodm\u00edne\u010dn\u00e9 l\u00e1sce.<\/p>\n\n\n\n<p>Adoptivn\u00ed mate\u0159stv\u00ed je vzru\u0161uj\u00edc\u00ed a obohacuj\u00edc\u00ed z\u00e1\u017eitek, kter\u00fd dok\u00e1\u017ee vytvo\u0159it hlubok\u00e1 a trval\u00e1 pouta. Nen\u00ed to jen kv\u016fli pokrevn\u00edmu poutu, ale kv\u016fli opravdov\u00e9 l\u00e1sce.<\/p>\n\n\n\n<p>A\u0165 u\u017e jde sp\u00ed\u0161e o biologick\u00e9 z\u00e1le\u017eitosti nebo o adopci, skute\u010dn\u011b z\u00e1le\u017e\u00ed na l\u00e1sce a p\u00e9\u010di, kter\u00e1 je d\u00edt\u011bti v\u011bnov\u00e1na.<\/p>\n\n\n\n<p>Adoptivn\u00ed mate\u0159stv\u00ed je siln\u00fdm p\u0159\u00edkladem, kter\u00fd ukazuje, \u017ee l\u00e1ska nezn\u00e1 bari\u00e9ry a \u017ee miluj\u00edc\u00ed matka je schopna nab\u00eddnout sv\u011bt pln\u00fd l\u00e1sky, porozum\u011bn\u00ed a p\u0159\u00edle\u017eitost\u00ed pro r\u016fst a rozvoj sv\u00e9ho d\u00edt\u011bte.<\/p>\n\n\n\n<p>K\u00e9\u017e by v\u0161ichni ti nejmilej\u0161\u00ed byli znovuzrozeni a ocen\u011bni svou odvahou, oddanost\u00ed a bezpodm\u00edne\u010dnou l\u00e1skou. M\u016f\u017eete b\u00fdt miluj\u00edc\u00ed a darem, privilegiem a cestou, kter\u00e1 m\u011bn\u00ed \u017eivoty.<\/p>\n\n\n\n<p>Tyto mimo\u0159\u00e1dn\u00e9 \u017eeny jsou v kone\u010dn\u00e9m d\u016fsledku oslavov\u00e1ny pro svou touhu otev\u0159\u00edt sv\u00e1 srdce a zm\u011bnit \u017eivoty sv\u00fdch d\u011bt\u00ed a zanechat po sob\u011b odkaz l\u00e1sky a p\u00e9\u010de, kter\u00fd vydr\u017e\u00ed nav\u017edy.<\/p>","protected":false},"excerpt":{"rendered":"<p>B\u00fdt v\u00edc je vzne\u0161en\u00fd z\u00e1\u017eitek, kter\u00fd p\u0159esahuje pokrevn\u00ed pouta. Pro miluj\u00edc\u00edho \u010dlov\u011bka je tento z\u00e1\u017eitek je\u0161t\u011b v\u00fdjime\u010dn\u011bj\u0161\u00ed.<\/p>\n<p>V tomto textu zkoum\u00e1me v\u00fdznam v\u00edce l\u00e1skypln\u00e9ho p\u0159\u00edstupu, zab\u00fdv\u00e1me se v\u00fdzvami, radostmi a bezpodm\u00edne\u010dnou l\u00e1skou, kter\u00e9 prostupuj\u00ed touto jedine\u010dnou cestou.<\/p>","protected":false},"author":0,"featured_media":1982,"comment_status":"closed","ping_status":"open","sticky":false,"template":"","format":"standard","meta":{"footnotes":""},"categories":[5],"tags":[74,1058,1484],"yoast_head":"<!-- This site is optimized with the Yoast SEO plugin v23.3 - https:\/\/yoast.com\/wordpress\/plugins\/seo\/ -->\n<title>O Que \u00c9 Ser M\u00e3e Adotiva - Universo Fam\u00edlia<\/title>\n<meta name=\"description\" content=\"Ser m\u00e3e \u00e9 uma experi\u00eancia sublime que transcende os la\u00e7os de sangue. Para uma m\u00e3e adotiva, essa experi\u00eancia \u00e9 ainda mais especial.\" \/>\n<meta name=\"robots\" content=\"index, follow, max-snippet:-1, max-image-preview:large, max-video-preview:-1\" \/>\n<link rel=\"canonical\" href=\"http:\/\/universofamilia.com\/cs\/o-que-e-ser-mae-adotiva\/\" \/>\n<meta property=\"og:locale\" content=\"cs_CZ\" \/>\n<meta property=\"og:type\" content=\"article\" \/>\n<meta property=\"og:title\" content=\"O Que \u00c9 Ser M\u00e3e Adotiva - Universo Fam\u00edlia\" \/>\n<meta property=\"og:description\" content=\"Ser m\u00e3e \u00e9 uma experi\u00eancia sublime que transcende os la\u00e7os de sangue. Para uma m\u00e3e adotiva, essa experi\u00eancia \u00e9 ainda mais especial.\" \/>\n<meta property=\"og:url\" content=\"http:\/\/universofamilia.com\/cs\/o-que-e-ser-mae-adotiva\/\" \/>\n<meta property=\"og:site_name\" content=\"Universo Fam\u00edlia\" \/>\n<meta property=\"article:published_time\" content=\"2023-05-27T16:15:00+00:00\" \/>\n<meta property=\"og:image\" content=\"http:\/\/universofamilia.com\/wp-content\/uploads\/sites\/148\/2023\/05\/FOTO-DESTAQUE-mae-adotiva-universo-familia-448x350-1-1.png\" \/>\n\t<meta property=\"og:image:width\" content=\"448\" \/>\n\t<meta property=\"og:image:height\" content=\"350\" \/>\n\t<meta property=\"og:image:type\" content=\"image\/png\" \/>\n<meta name=\"twitter:card\" content=\"summary_large_image\" \/>\n<meta name=\"twitter:label1\" content=\"Est. reading time\" \/>\n\t<meta name=\"twitter:data1\" content=\"5 minut\" \/>\n<script type=\"application\/ld+json\" class=\"yoast-schema-graph\">{\"@context\":\"https:\/\/schema.org\",\"@graph\":[{\"@type\":\"WebPage\",\"@id\":\"http:\/\/universofamilia.com\/el\/o-que-e-ser-mae-adotiva\/\",\"url\":\"http:\/\/universofamilia.com\/el\/o-que-e-ser-mae-adotiva\/\",\"name\":\"O Que \u00c9 Ser M\u00e3e Adotiva - Universo Fam\u00edlia\",\"isPartOf\":{\"@id\":\"https:\/\/universofamilia.com\/el\/#website\"},\"primaryImageOfPage\":{\"@id\":\"http:\/\/universofamilia.com\/el\/o-que-e-ser-mae-adotiva\/#primaryimage\"},\"image\":{\"@id\":\"http:\/\/universofamilia.com\/el\/o-que-e-ser-mae-adotiva\/#primaryimage\"},\"thumbnailUrl\":\"http:\/\/universofamilia.com\/wp-content\/uploads\/sites\/148\/2023\/05\/FOTO-DESTAQUE-mae-adotiva-universo-familia-448x350-1-1.png\",\"datePublished\":\"2023-05-27T16:15:00+00:00\",\"dateModified\":\"2023-05-27T16:15:00+00:00\",\"author\":{\"@id\":\"\"},\"description\":\"Ser m\u00e3e \u00e9 uma experi\u00eancia sublime que transcende os la\u00e7os de sangue. Para uma m\u00e3e adotiva, essa experi\u00eancia \u00e9 ainda mais especial.\",\"breadcrumb\":{\"@id\":\"http:\/\/universofamilia.com\/el\/o-que-e-ser-mae-adotiva\/#breadcrumb\"},\"inLanguage\":\"cs\",\"potentialAction\":[{\"@type\":\"ReadAction\",\"target\":[\"http:\/\/universofamilia.com\/el\/o-que-e-ser-mae-adotiva\/\"]}]},{\"@type\":\"ImageObject\",\"inLanguage\":\"cs\",\"@id\":\"http:\/\/universofamilia.com\/el\/o-que-e-ser-mae-adotiva\/#primaryimage\",\"url\":\"http:\/\/universofamilia.com\/wp-content\/uploads\/sites\/148\/2023\/05\/FOTO-DESTAQUE-mae-adotiva-universo-familia-448x350-1-1.png\",\"contentUrl\":\"http:\/\/universofamilia.com\/wp-content\/uploads\/sites\/148\/2023\/05\/FOTO-DESTAQUE-mae-adotiva-universo-familia-448x350-1-1.png\",\"width\":448,\"height\":350},{\"@type\":\"BreadcrumbList\",\"@id\":\"http:\/\/universofamilia.com\/el\/o-que-e-ser-mae-adotiva\/#breadcrumb\",\"itemListElement\":[{\"@type\":\"ListItem\",\"position\":1,\"name\":\"Home\",\"item\":\"https:\/\/universofamilia.com\/el\/\"},{\"@type\":\"ListItem\",\"position\":2,\"name\":\"O Que \u00c9 Ser M\u00e3e Adotiva\"}]},{\"@type\":\"WebSite\",\"@id\":\"https:\/\/universofamilia.com\/el\/#website\",\"url\":\"https:\/\/universofamilia.com\/el\/\",\"name\":\"Universo Fam\u00edlia\",\"description\":\"\",\"potentialAction\":[{\"@type\":\"SearchAction\",\"target\":{\"@type\":\"EntryPoint\",\"urlTemplate\":\"https:\/\/universofamilia.com\/el\/?s={search_term_string}\"},\"query-input\":\"required name=search_term_string\"}],\"inLanguage\":\"cs\"}]}<\/script>\n<!-- \/ Yoast SEO plugin. -->","yoast_head_json":{"title":"O Que \u00c9 Ser M\u00e3e Adotiva - Universo Fam\u00edlia","description":"Ser m\u00e3e \u00e9 uma experi\u00eancia sublime que transcende os la\u00e7os de sangue. Para uma m\u00e3e adotiva, essa experi\u00eancia \u00e9 ainda mais especial.","robots":{"index":"index","follow":"follow","max-snippet":"max-snippet:-1","max-image-preview":"max-image-preview:large","max-video-preview":"max-video-preview:-1"},"canonical":"http:\/\/universofamilia.com\/cs\/o-que-e-ser-mae-adotiva\/","og_locale":"cs_CZ","og_type":"article","og_title":"O Que \u00c9 Ser M\u00e3e Adotiva - Universo Fam\u00edlia","og_description":"Ser m\u00e3e \u00e9 uma experi\u00eancia sublime que transcende os la\u00e7os de sangue. Para uma m\u00e3e adotiva, essa experi\u00eancia \u00e9 ainda mais especial.","og_url":"http:\/\/universofamilia.com\/cs\/o-que-e-ser-mae-adotiva\/","og_site_name":"Universo Fam\u00edlia","article_published_time":"2023-05-27T16:15:00+00:00","og_image":[{"width":448,"height":350,"url":"http:\/\/universofamilia.com\/wp-content\/uploads\/sites\/148\/2023\/05\/FOTO-DESTAQUE-mae-adotiva-universo-familia-448x350-1-1.png","type":"image\/png"}],"twitter_card":"summary_large_image","twitter_misc":{"Est. reading time":"5 minut"},"schema":{"@context":"https:\/\/schema.org","@graph":[{"@type":"WebPage","@id":"http:\/\/universofamilia.com\/el\/o-que-e-ser-mae-adotiva\/","url":"http:\/\/universofamilia.com\/el\/o-que-e-ser-mae-adotiva\/","name":"O Que \u00c9 Ser M\u00e3e Adotiva - Universo Fam\u00edlia","isPartOf":{"@id":"https:\/\/universofamilia.com\/el\/#website"},"primaryImageOfPage":{"@id":"http:\/\/universofamilia.com\/el\/o-que-e-ser-mae-adotiva\/#primaryimage"},"image":{"@id":"http:\/\/universofamilia.com\/el\/o-que-e-ser-mae-adotiva\/#primaryimage"},"thumbnailUrl":"http:\/\/universofamilia.com\/wp-content\/uploads\/sites\/148\/2023\/05\/FOTO-DESTAQUE-mae-adotiva-universo-familia-448x350-1-1.png","datePublished":"2023-05-27T16:15:00+00:00","dateModified":"2023-05-27T16:15:00+00:00","author":{"@id":""},"description":"Ser m\u00e3e \u00e9 uma experi\u00eancia sublime que transcende os la\u00e7os de sangue. Para uma m\u00e3e adotiva, essa experi\u00eancia \u00e9 ainda mais especial.","breadcrumb":{"@id":"http:\/\/universofamilia.com\/el\/o-que-e-ser-mae-adotiva\/#breadcrumb"},"inLanguage":"cs","potentialAction":[{"@type":"ReadAction","target":["http:\/\/universofamilia.com\/el\/o-que-e-ser-mae-adotiva\/"]}]},{"@type":"ImageObject","inLanguage":"cs","@id":"http:\/\/universofamilia.com\/el\/o-que-e-ser-mae-adotiva\/#primaryimage","url":"http:\/\/universofamilia.com\/wp-content\/uploads\/sites\/148\/2023\/05\/FOTO-DESTAQUE-mae-adotiva-universo-familia-448x350-1-1.png","contentUrl":"http:\/\/universofamilia.com\/wp-content\/uploads\/sites\/148\/2023\/05\/FOTO-DESTAQUE-mae-adotiva-universo-familia-448x350-1-1.png","width":448,"height":350},{"@type":"BreadcrumbList","@id":"http:\/\/universofamilia.com\/el\/o-que-e-ser-mae-adotiva\/#breadcrumb","itemListElement":[{"@type":"ListItem","position":1,"name":"Home","item":"https:\/\/universofamilia.com\/el\/"},{"@type":"ListItem","position":2,"name":"O Que \u00c9 Ser M\u00e3e Adotiva"}]},{"@type":"WebSite","@id":"https:\/\/universofamilia.com\/el\/#website","url":"https:\/\/universofamilia.com\/el\/","name":"Universo Fam\u00edlia","description":"","potentialAction":[{"@type":"SearchAction","target":{"@type":"EntryPoint","urlTemplate":"https:\/\/universofamilia.com\/el\/?s={search_term_string}"},"query-input":"required name=search_term_string"}],"inLanguage":"cs"}]}},"_links":{"self":[{"href":"http:\/\/universofamilia.com\/cs\/wp-json\/wp\/v2\/posts\/1977"}],"collection":[{"href":"http:\/\/universofamilia.com\/cs\/wp-json\/wp\/v2\/posts"}],"about":[{"href":"http:\/\/universofamilia.com\/cs\/wp-json\/wp\/v2\/types\/post"}],"replies":[{"embeddable":true,"href":"http:\/\/universofamilia.com\/cs\/wp-json\/wp\/v2\/comments?post=1977"}],"version-history":[{"count":0,"href":"http:\/\/universofamilia.com\/cs\/wp-json\/wp\/v2\/posts\/1977\/revisions"}],"wp:featuredmedia":[{"embeddable":true,"href":"http:\/\/universofamilia.com\/cs\/wp-json\/wp\/v2\/media\/1982"}],"wp:attachment":[{"href":"http:\/\/universofamilia.com\/cs\/wp-json\/wp\/v2\/media?parent=1977"}],"wp:term":[{"taxonomy":"category","embeddable":true,"href":"http:\/\/universofamilia.com\/cs\/wp-json\/wp\/v2\/categories?post=1977"},{"taxonomy":"post_tag","embeddable":true,"href":"http:\/\/universofamilia.com\/cs\/wp-json\/wp\/v2\/tags?post=1977"}],"curies":[{"name":"wp","href":"https:\/\/api.w.org\/{rel}","templated":true}]}}