{"id":4871,"date":"2024-01-14T19:23:08","date_gmt":"2024-01-14T19:23:08","guid":{"rendered":"https:\/\/universofamilia.com\/?p=4871"},"modified":"2025-10-12T19:33:41","modified_gmt":"2025-10-12T22:33:41","slug":"un-viaje-personal-por-el-arbol-genealogico","status":"publish","type":"post","link":"http:\/\/universofamilia.com\/cs\/un-viaje-personal-por-el-arbol-genealogico\/","title":{"rendered":"Osobn\u00ed cesta rodokmenem"},"content":{"rendered":"<p>V neust\u00e1le se m\u011bn\u00edc\u00edm sv\u011bt\u011b, kde se p\u0159\u00edb\u011bhy na\u0161ich p\u0159edk\u016f \u010dasto ztr\u00e1cej\u00ed v z\u00e1hybech \u010dasu, se hled\u00e1n\u00ed na\u0161ich ko\u0159en\u016f st\u00e1v\u00e1 fascinuj\u00edc\u00ed historickou cestou.<\/p>\n\n\n\n<p>Objevov\u00e1n\u00ed rodinn\u00e9 historie je v\u00edc ne\u017e jen hled\u00e1n\u00ed jmen a dat; je to zp\u016fsob, jak porozum\u011bt sami sob\u011b a sv\u011btu kolem n\u00e1s.<\/p>\n\n\n\n<p>Koneckonc\u016f, v ka\u017ed\u00e9 rodin\u011b se mohou vyskytnout v\u00fdznamn\u00e9 osobnosti, kter\u00e9 zm\u011bnily b\u011bh d\u011bjin, a my si toho \u010dasto ani nejsme v\u011bdomi.<\/p>\n\n\n\n<h2 class=\"wp-block-heading\">D\u016fle\u017eitost rodokmenu:<\/h2>\n\n\n\n<p>U\u010dit se o historii na\u0161\u00ed rodiny je jako otev\u0159\u00edt zapr\u00e1\u0161enou knihu plnou vzru\u0161uj\u00edc\u00edch p\u0159\u00edb\u011bh\u016f, triumf\u016f a v\u00fdzev, kter\u00e9 formovaly generace.<\/p>\n\n\n\n<p>Rodokmen se st\u00e1v\u00e1 n\u00e1strojem, kter\u00fd odhaluje z\u00e1hady minulosti.<\/p>\n\n\n\n<p>Odhalov\u00e1n\u00ed p\u0159ekvapiv\u00fdch p\u0159\u00edbuzensk\u00fdch vazeb a spojen\u00ed, kter\u00e9 n\u00e1s mohou dov\u00e9st k osobnostem, je\u017e n\u011bjak\u00fdm zp\u016fsobem ovlivnily b\u011bh d\u011bjin.<\/p>\n\n\n\n<h2 class=\"wp-block-heading\">Viz tak\u00e9<\/h2>\n\n\n\n<ul>\n<li><a href=\"https:\/\/universofamilia.com\/cs\/4419\/aplicaciones-para-editar-y-crear-reels\/\">Aplikace pro \u00fapravu a tvorbu videorekord\u00e9r\u016f<\/a><\/li>\n\n\n\n<li><a href=\"https:\/\/universofamilia.com\/cs\/4338\/las-mejores-aplicaciones-para-ver-peliculas-y-series\/\">Nejlep\u0161\u00ed aplikace pro sledov\u00e1n\u00ed film\u016f a seri\u00e1l\u016f<\/a><\/li>\n\n\n\n<li><a href=\"https:\/\/universofamilia.com\/cs\/4829\/aprende-a-tocar-la-guitarra-de-forma-facil-y-practica\/\">Nau\u010dte se hr\u00e1t na kytaru snadno a prakticky<\/a><\/li>\n\n\n\n<li><a href=\"https:\/\/universofamilia.com\/cs\/4369\/las-aplicaciones-de-musica-en-el-estado-de-whatsapp\/\">Hudebn\u00ed aplikace ve stavu WhatsApp<\/a><\/li>\n<\/ul>\n\n\n\n<h2 class=\"wp-block-heading\"><strong>Rodokmen jako sv\u011bdek \u010dasu:<\/strong><\/h2>\n\n\n\n<p>Vytvo\u0159en\u00ed rodokmenu nen\u00ed jen o shroma\u017e\u010fov\u00e1n\u00ed jmen, dat a m\u00edst, ale o vytvo\u0159en\u00ed \u017eiv\u00e9ho portr\u00e9tu toho, kdo jsme a odkud poch\u00e1z\u00edme.<\/p>\n\n\n\n<p>Je to n\u00e1stroj, kter\u00fd n\u00e1s spojuje s ud\u00e1lostmi a lidmi, kte\u0159\u00ed formovali spole\u010dnost, ve kter\u00e9 dnes \u017eijeme.<\/p>\n\n\n\n<p>Sledov\u00e1n\u00edm lini\u00ed p\u0159edk\u016f m\u016f\u017eeme vid\u011bt, jak \u00fasp\u011bchy na\u0161ich p\u0159edk\u016f rezonuj\u00ed v na\u0161\u00ed vlastn\u00ed existenci.<\/p>\n\n\n\n<h2 class=\"wp-block-heading\"><strong>Objevov\u00e1n\u00ed s genealogick\u00fdmi aplikacemi:<\/strong><\/h2>\n\n\n\n<p>V dne\u0161n\u00edm digit\u00e1ln\u00edm sv\u011bt\u011b z\u00edskalo vyhled\u00e1v\u00e1n\u00ed vlastn\u00edch ko\u0159en\u016f d\u00edky genealogick\u00fdm aplikac\u00edm nov\u00fd rozm\u011br.<\/p>\n\n\n\n<p>Dv\u011b v\u00fdznamn\u00e9 jsou Ancestry a FamilySearch. Tyto platformy nab\u00edzej\u00ed inovativn\u00ed p\u0159\u00edstup, kter\u00fd usnad\u0148uje vyhled\u00e1v\u00e1n\u00ed a konstrukci rodokmenu.<\/p>\n\n\n\n<h2 class=\"wp-block-heading\"><strong>Ancestry and FamilySearch: Digit\u00e1ln\u00ed n\u00e1stroje pro osobn\u00ed historii:<\/strong><\/h2>\n\n\n\n<p>Ancestry a FamilySearch jsou jako magick\u00e9 port\u00e1ly, kter\u00e9 n\u00e1s p\u0159enesou zp\u011bt v \u010dase a umo\u017en\u00ed n\u00e1m prozkoum\u00e1vat historick\u00e9 z\u00e1znamy, star\u00e9 fotografie a dokumenty nezbytn\u00e9 pro budov\u00e1n\u00ed na\u0161eho rodokmenu.<\/p>\n\n\n\n<p>Prost\u0159ednictv\u00edm t\u011bchto platforem je mo\u017en\u00e9 vysledovat na\u0161e p\u0159edky a objevit p\u0159\u00edb\u011bhy, kter\u00e9 mohly b\u00fdt zapomenuty.<\/p>\n\n\n\n<h2 class=\"wp-block-heading\"><strong>Kroky k instalaci aplikac\u00ed:<\/strong><\/h2>\n\n\n\n<ol>\n<li><strong>P\u016fvod:<\/strong>\n<ul>\n<li>P\u0159ejd\u011bte do obchodu s aplikacemi na sv\u00e9m za\u0159\u00edzen\u00ed Android nebo iOS.<\/li>\n\n\n\n<li>Vyhledejte \u201eAncestry\u201c a klikn\u011bte na tla\u010d\u00edtko Instalovat.<\/li>\n\n\n\n<li>Vytvo\u0159te si \u00fa\u010det nebo se p\u0159ihlaste a za\u010dn\u011bte svou genealogickou cestu.<\/li>\n<\/ul>\n<\/li>\n\n\n\n<li><strong>Rodinn\u00e9 vyhled\u00e1v\u00e1n\u00ed:<\/strong>\n<ul>\n<li>Najd\u011bte aplikaci v obchod\u011b s aplikacemi ve va\u0161em za\u0159\u00edzen\u00ed.<\/li>\n\n\n\n<li>St\u00e1hn\u011bte a nainstalujte si FamilySearch.<\/li>\n\n\n\n<li>Zaregistrujte se a za\u010dn\u011bte zkoumat sv\u00e9 p\u0159edky.<\/li>\n<\/ul>\n<\/li>\n<\/ol>\n\n\n\n<h2 class=\"wp-block-heading\"><strong>U\u017eivatelsk\u00e1 zku\u0161enost:<\/strong><\/h2>\n\n\n\n<p>U\u017eivatel\u00e9 t\u011bchto platforem \u010dasto hl\u00e1s\u00ed transformativn\u00ed z\u00e1\u017eitek.<\/p>\n\n\n\n<p>Od ne\u010dekan\u00fdch setk\u00e1n\u00ed se vzd\u00e1len\u00fdmi p\u0159\u00edbuzn\u00fdmi a\u017e po objevov\u00e1n\u00ed v\u00fdznamn\u00fdch osobnost\u00ed ve va\u0161ich rodokmenech, tyto aplikace nab\u00edzej\u00ed fascinuj\u00edc\u00ed okno do minulosti.<\/p>\n\n\n<div class=\"wp-block-image\">\n<figure class=\"aligncenter size-full\"><img loading=\"lazy\" decoding=\"async\" width=\"550\" height=\"350\" src=\"http:\/\/universofamilia.com\/wp-content\/uploads\/sites\/148\/2024\/01\/P-550x350-4.jpg\" alt=\"\" class=\"wp-image-4872\" srcset=\"http:\/\/universofamilia.com\/wp-content\/uploads\/sites\/148\/2024\/01\/P-550x350-4.jpg 550w, http:\/\/universofamilia.com\/wp-content\/uploads\/sites\/148\/2024\/01\/P-550x350-4-300x191.jpg 300w\" sizes=\"(max-width: 550px) 100vw, 550px\" \/><figcaption class=\"wp-element-caption\">Osobn\u00ed cesta rodokmenem<\/figcaption><\/figure><\/div>\n\n\n<h2 class=\"wp-block-heading\"><strong>Z\u00e1v\u011br:<\/strong><\/h2>\n\n\n\n<p>Objevov\u00e1n\u00ed na\u0161ich ko\u0159en\u016f je cestou sebepozn\u00e1n\u00ed a spojen\u00ed s minulost\u00ed.<\/p>\n\n\n\n<p>Aplikace Ancestry a FamilySearch zp\u0159\u00edstup\u0148uj\u00ed genealogick\u00fd v\u00fdzkum v\u0161em a prom\u011b\u0148uj\u00ed genealogii v pohlcuj\u00edc\u00ed z\u00e1\u017eitek.<\/p>\n\n\n\n<p>Kr\u00e1\u010den\u00edm ve stop\u00e1ch na\u0161ich p\u0159edk\u016f otev\u00edr\u00e1me dve\u0159e k lep\u0161\u00edmu pochopen\u00ed historie, kter\u00e1 formovala to, k\u00fdm jsme dnes.<\/p>\n\n\n\n<p><strong>St\u00e1hn\u011bte si Ancestry pro <\/strong><a href=\"https:\/\/play.google.com\/store\/apps\/details?id=com.ancestry.android.apps.ancestry&amp;hl=en_US\"><strong>Android<\/strong><\/a><strong> a <a href=\"https:\/\/apps.apple.com\/gb\/app\/ancestry-family-history-dna\/id349554263\">iOS<\/a><\/strong><br><strong>St\u00e1hn\u011bte si FamilySearch pro<\/strong><a href=\"https:\/\/play.google.com\/store\/apps\/details?id=org.familysearch.mobile&amp;hl=pt_BR&amp;gl=US\"><strong> Android<\/strong><\/a><strong> a <a href=\"https:\/\/apps.apple.com\/br\/app\/familysearch-%C3%A1rvore\/id885982973\">iOS<\/a><\/strong><\/p>","protected":false},"excerpt":{"rendered":"<p>V neust\u00e1le se m\u011bn\u00edc\u00edm sv\u011bt\u011b, kde se p\u0159\u00edb\u011bhy na\u0161ich p\u0159edk\u016f \u010dasto ztr\u00e1cej\u00ed v z\u00e1hybech \u010dasu, se hled\u00e1n\u00ed na\u0161ich ko\u0159en\u016f st\u00e1v\u00e1 fascinuj\u00edc\u00ed historickou cestou. Objevov\u00e1n\u00ed rodinn\u00e9 historie je v\u00edc ne\u017e jen hled\u00e1n\u00ed jmen a dat; je to zp\u016fsob, jak porozum\u011bt sami sob\u011b [\u2026]<\/p>","protected":false},"author":219,"featured_media":4872,"comment_status":"closed","ping_status":"open","sticky":false,"template":"","format":"standard","meta":{"footnotes":""},"categories":[2],"tags":[488,1534,1535],"yoast_head":"<!-- This site is optimized with the Yoast SEO plugin v23.3 - https:\/\/yoast.com\/wordpress\/plugins\/seo\/ -->\n<title>Un Viaje Personal por el \u00c1rbol Geneal\u00f3gico - Universo Fam\u00edlia<\/title>\n<meta name=\"description\" content=\"Un Viaje Personal por el \u00c1rbol Geneal\u00f3gico. En un mundo en constante cambio, donde las historias de nuestros antepasados...\" \/>\n<meta name=\"robots\" content=\"index, follow, max-snippet:-1, max-image-preview:large, max-video-preview:-1\" \/>\n<link rel=\"canonical\" href=\"http:\/\/universofamilia.com\/cs\/un-viaje-personal-por-el-arbol-genealogico\/\" \/>\n<meta property=\"og:locale\" content=\"cs_CZ\" \/>\n<meta property=\"og:type\" content=\"article\" \/>\n<meta property=\"og:title\" content=\"Un Viaje Personal por el \u00c1rbol Geneal\u00f3gico - Universo Fam\u00edlia\" \/>\n<meta property=\"og:description\" content=\"Un Viaje Personal por el \u00c1rbol Geneal\u00f3gico. En un mundo en constante cambio, donde las historias de nuestros antepasados...\" \/>\n<meta property=\"og:url\" content=\"http:\/\/universofamilia.com\/cs\/un-viaje-personal-por-el-arbol-genealogico\/\" \/>\n<meta property=\"og:site_name\" content=\"Universo Fam\u00edlia\" \/>\n<meta property=\"article:published_time\" content=\"2024-01-14T19:23:08+00:00\" \/>\n<meta property=\"article:modified_time\" content=\"2025-10-12T22:33:41+00:00\" \/>\n<meta property=\"og:image\" content=\"http:\/\/universofamilia.com\/wp-content\/uploads\/sites\/148\/2024\/01\/P-550x350-4.jpg\" \/>\n\t<meta property=\"og:image:width\" content=\"550\" \/>\n\t<meta property=\"og:image:height\" content=\"350\" \/>\n\t<meta property=\"og:image:type\" content=\"image\/jpeg\" \/>\n<meta name=\"author\" content=\"Matheus Sangaletti\" \/>\n<meta name=\"twitter:card\" content=\"summary_large_image\" \/>\n<meta name=\"twitter:label1\" content=\"Written by\" \/>\n\t<meta name=\"twitter:data1\" content=\"Matheus Sangaletti\" \/>\n\t<meta name=\"twitter:label2\" content=\"Est. reading time\" \/>\n\t<meta name=\"twitter:data2\" content=\"4 minuty\" \/>\n<script type=\"application\/ld+json\" class=\"yoast-schema-graph\">{\"@context\":\"https:\/\/schema.org\",\"@graph\":[{\"@type\":\"WebPage\",\"@id\":\"http:\/\/universofamilia.com\/da\/un-viaje-personal-por-el-arbol-genealogico\/\",\"url\":\"http:\/\/universofamilia.com\/da\/un-viaje-personal-por-el-arbol-genealogico\/\",\"name\":\"Un Viaje Personal por el \u00c1rbol Geneal\u00f3gico - Universo Fam\u00edlia\",\"isPartOf\":{\"@id\":\"https:\/\/universofamilia.com\/el\/#website\"},\"primaryImageOfPage\":{\"@id\":\"http:\/\/universofamilia.com\/da\/un-viaje-personal-por-el-arbol-genealogico\/#primaryimage\"},\"image\":{\"@id\":\"http:\/\/universofamilia.com\/da\/un-viaje-personal-por-el-arbol-genealogico\/#primaryimage\"},\"thumbnailUrl\":\"http:\/\/universofamilia.com\/wp-content\/uploads\/sites\/148\/2024\/01\/P-550x350-4.jpg\",\"datePublished\":\"2024-01-14T19:23:08+00:00\",\"dateModified\":\"2025-10-12T22:33:41+00:00\",\"author\":{\"@id\":\"https:\/\/universofamilia.com\/el\/#\/schema\/person\/92fcd07e9b1f4323bf74f3170fc0f78a\"},\"description\":\"Un Viaje Personal por el \u00c1rbol Geneal\u00f3gico. En un mundo en constante cambio, donde las historias de nuestros antepasados...\",\"breadcrumb\":{\"@id\":\"http:\/\/universofamilia.com\/da\/un-viaje-personal-por-el-arbol-genealogico\/#breadcrumb\"},\"inLanguage\":\"cs\",\"potentialAction\":[{\"@type\":\"ReadAction\",\"target\":[\"http:\/\/universofamilia.com\/da\/un-viaje-personal-por-el-arbol-genealogico\/\"]}]},{\"@type\":\"ImageObject\",\"inLanguage\":\"cs\",\"@id\":\"http:\/\/universofamilia.com\/da\/un-viaje-personal-por-el-arbol-genealogico\/#primaryimage\",\"url\":\"http:\/\/universofamilia.com\/wp-content\/uploads\/sites\/148\/2024\/01\/P-550x350-4.jpg\",\"contentUrl\":\"http:\/\/universofamilia.com\/wp-content\/uploads\/sites\/148\/2024\/01\/P-550x350-4.jpg\",\"width\":550,\"height\":350,\"caption\":\"Un Viaje Personal por el \u00c1rbol Geneal\u00f3gico\"},{\"@type\":\"BreadcrumbList\",\"@id\":\"http:\/\/universofamilia.com\/da\/un-viaje-personal-por-el-arbol-genealogico\/#breadcrumb\",\"itemListElement\":[{\"@type\":\"ListItem\",\"position\":1,\"name\":\"Home\",\"item\":\"https:\/\/universofamilia.com\/el\/\"},{\"@type\":\"ListItem\",\"position\":2,\"name\":\"Un Viaje Personal por el \u00c1rbol Geneal\u00f3gico\"}]},{\"@type\":\"WebSite\",\"@id\":\"https:\/\/universofamilia.com\/el\/#website\",\"url\":\"https:\/\/universofamilia.com\/el\/\",\"name\":\"Universo Fam\u00edlia\",\"description\":\"\",\"potentialAction\":[{\"@type\":\"SearchAction\",\"target\":{\"@type\":\"EntryPoint\",\"urlTemplate\":\"https:\/\/universofamilia.com\/el\/?s={search_term_string}\"},\"query-input\":\"required name=search_term_string\"}],\"inLanguage\":\"cs\"},{\"@type\":\"Person\",\"@id\":\"https:\/\/universofamilia.com\/el\/#\/schema\/person\/92fcd07e9b1f4323bf74f3170fc0f78a\",\"name\":\"Matheus Sangaletti\",\"image\":{\"@type\":\"ImageObject\",\"inLanguage\":\"cs\",\"@id\":\"https:\/\/universofamilia.com\/el\/#\/schema\/person\/image\/\",\"url\":\"http:\/\/2.gravatar.com\/avatar\/280ea957a14a48e6a1ad2133d2cc27c9?s=96&d=mm&r=g\",\"contentUrl\":\"http:\/\/2.gravatar.com\/avatar\/280ea957a14a48e6a1ad2133d2cc27c9?s=96&d=mm&r=g\",\"caption\":\"Matheus Sangaletti\"},\"url\":\"http:\/\/universofamilia.com\/cs\/author\/matheuss\/\"}]}<\/script>\n<!-- \/ Yoast SEO plugin. -->","yoast_head_json":{"title":"Un Viaje Personal por el \u00c1rbol Geneal\u00f3gico - Universo Fam\u00edlia","description":"Un Viaje Personal por el \u00c1rbol Geneal\u00f3gico. En un mundo en constante cambio, donde las historias de nuestros antepasados...","robots":{"index":"index","follow":"follow","max-snippet":"max-snippet:-1","max-image-preview":"max-image-preview:large","max-video-preview":"max-video-preview:-1"},"canonical":"http:\/\/universofamilia.com\/cs\/un-viaje-personal-por-el-arbol-genealogico\/","og_locale":"cs_CZ","og_type":"article","og_title":"Un Viaje Personal por el \u00c1rbol Geneal\u00f3gico - Universo Fam\u00edlia","og_description":"Un Viaje Personal por el \u00c1rbol Geneal\u00f3gico. En un mundo en constante cambio, donde las historias de nuestros antepasados...","og_url":"http:\/\/universofamilia.com\/cs\/un-viaje-personal-por-el-arbol-genealogico\/","og_site_name":"Universo Fam\u00edlia","article_published_time":"2024-01-14T19:23:08+00:00","article_modified_time":"2025-10-12T22:33:41+00:00","og_image":[{"width":550,"height":350,"url":"http:\/\/universofamilia.com\/wp-content\/uploads\/sites\/148\/2024\/01\/P-550x350-4.jpg","type":"image\/jpeg"}],"author":"Matheus Sangaletti","twitter_card":"summary_large_image","twitter_misc":{"Written by":"Matheus Sangaletti","Est. reading time":"4 minuty"},"schema":{"@context":"https:\/\/schema.org","@graph":[{"@type":"WebPage","@id":"http:\/\/universofamilia.com\/da\/un-viaje-personal-por-el-arbol-genealogico\/","url":"http:\/\/universofamilia.com\/da\/un-viaje-personal-por-el-arbol-genealogico\/","name":"Un Viaje Personal por el \u00c1rbol Geneal\u00f3gico - Universo Fam\u00edlia","isPartOf":{"@id":"https:\/\/universofamilia.com\/el\/#website"},"primaryImageOfPage":{"@id":"http:\/\/universofamilia.com\/da\/un-viaje-personal-por-el-arbol-genealogico\/#primaryimage"},"image":{"@id":"http:\/\/universofamilia.com\/da\/un-viaje-personal-por-el-arbol-genealogico\/#primaryimage"},"thumbnailUrl":"http:\/\/universofamilia.com\/wp-content\/uploads\/sites\/148\/2024\/01\/P-550x350-4.jpg","datePublished":"2024-01-14T19:23:08+00:00","dateModified":"2025-10-12T22:33:41+00:00","author":{"@id":"https:\/\/universofamilia.com\/el\/#\/schema\/person\/92fcd07e9b1f4323bf74f3170fc0f78a"},"description":"Un Viaje Personal por el \u00c1rbol Geneal\u00f3gico. En un mundo en constante cambio, donde las historias de nuestros antepasados...","breadcrumb":{"@id":"http:\/\/universofamilia.com\/da\/un-viaje-personal-por-el-arbol-genealogico\/#breadcrumb"},"inLanguage":"cs","potentialAction":[{"@type":"ReadAction","target":["http:\/\/universofamilia.com\/da\/un-viaje-personal-por-el-arbol-genealogico\/"]}]},{"@type":"ImageObject","inLanguage":"cs","@id":"http:\/\/universofamilia.com\/da\/un-viaje-personal-por-el-arbol-genealogico\/#primaryimage","url":"http:\/\/universofamilia.com\/wp-content\/uploads\/sites\/148\/2024\/01\/P-550x350-4.jpg","contentUrl":"http:\/\/universofamilia.com\/wp-content\/uploads\/sites\/148\/2024\/01\/P-550x350-4.jpg","width":550,"height":350,"caption":"Un Viaje Personal por el \u00c1rbol Geneal\u00f3gico"},{"@type":"BreadcrumbList","@id":"http:\/\/universofamilia.com\/da\/un-viaje-personal-por-el-arbol-genealogico\/#breadcrumb","itemListElement":[{"@type":"ListItem","position":1,"name":"Home","item":"https:\/\/universofamilia.com\/el\/"},{"@type":"ListItem","position":2,"name":"Un Viaje Personal por el \u00c1rbol Geneal\u00f3gico"}]},{"@type":"WebSite","@id":"https:\/\/universofamilia.com\/el\/#website","url":"https:\/\/universofamilia.com\/el\/","name":"Universo Fam\u00edlia","description":"","potentialAction":[{"@type":"SearchAction","target":{"@type":"EntryPoint","urlTemplate":"https:\/\/universofamilia.com\/el\/?s={search_term_string}"},"query-input":"required name=search_term_string"}],"inLanguage":"cs"},{"@type":"Person","@id":"https:\/\/universofamilia.com\/el\/#\/schema\/person\/92fcd07e9b1f4323bf74f3170fc0f78a","name":"Matheus Sangaletti","image":{"@type":"ImageObject","inLanguage":"cs","@id":"https:\/\/universofamilia.com\/el\/#\/schema\/person\/image\/","url":"http:\/\/2.gravatar.com\/avatar\/280ea957a14a48e6a1ad2133d2cc27c9?s=96&d=mm&r=g","contentUrl":"http:\/\/2.gravatar.com\/avatar\/280ea957a14a48e6a1ad2133d2cc27c9?s=96&d=mm&r=g","caption":"Matheus Sangaletti"},"url":"http:\/\/universofamilia.com\/cs\/author\/matheuss\/"}]}},"_links":{"self":[{"href":"http:\/\/universofamilia.com\/cs\/wp-json\/wp\/v2\/posts\/4871"}],"collection":[{"href":"http:\/\/universofamilia.com\/cs\/wp-json\/wp\/v2\/posts"}],"about":[{"href":"http:\/\/universofamilia.com\/cs\/wp-json\/wp\/v2\/types\/post"}],"author":[{"embeddable":true,"href":"http:\/\/universofamilia.com\/cs\/wp-json\/wp\/v2\/users\/219"}],"replies":[{"embeddable":true,"href":"http:\/\/universofamilia.com\/cs\/wp-json\/wp\/v2\/comments?post=4871"}],"version-history":[{"count":1,"href":"http:\/\/universofamilia.com\/cs\/wp-json\/wp\/v2\/posts\/4871\/revisions"}],"predecessor-version":[{"id":10058,"href":"http:\/\/universofamilia.com\/cs\/wp-json\/wp\/v2\/posts\/4871\/revisions\/10058"}],"wp:featuredmedia":[{"embeddable":true,"href":"http:\/\/universofamilia.com\/cs\/wp-json\/wp\/v2\/media\/4872"}],"wp:attachment":[{"href":"http:\/\/universofamilia.com\/cs\/wp-json\/wp\/v2\/media?parent=4871"}],"wp:term":[{"taxonomy":"category","embeddable":true,"href":"http:\/\/universofamilia.com\/cs\/wp-json\/wp\/v2\/categories?post=4871"},{"taxonomy":"post_tag","embeddable":true,"href":"http:\/\/universofamilia.com\/cs\/wp-json\/wp\/v2\/tags?post=4871"}],"curies":[{"name":"wp","href":"https:\/\/api.w.org\/{rel}","templated":true}]}}