{"id":4948,"date":"2024-01-21T13:11:51","date_gmt":"2024-01-21T13:11:51","guid":{"rendered":"https:\/\/universofamilia.com\/?p=4948"},"modified":"2025-10-05T01:00:17","modified_gmt":"2025-10-05T04:00:17","slug":"grabar-llamadas-para-la-proteccion-contra-amenazas-ciberneticas","status":"publish","type":"post","link":"http:\/\/universofamilia.com\/cs\/grabar-llamadas-para-la-proteccion-contra-amenazas-ciberneticas\/","title":{"rendered":"Rekordn\u00ed vol\u00e1n\u00ed o ochranu p\u0159ed kybernetick\u00fdmi hrozbami"},"content":{"rendered":"<p>Ve st\u00e1le v\u00edce digit\u00e1ln\u011bj\u0161\u00edm sv\u011bt\u011b je bezpe\u010dnost mobiln\u00edch telefon\u016f st\u00e1le v\u011bt\u0161\u00edm probl\u00e9mem pro uv\u011bdom\u011bl\u00e9 u\u017eivatele.<\/p>\n\n\n\n<p>Jedn\u00edm z \u010dasto p\u0159ehl\u00ed\u017een\u00fdch, ale kl\u00ed\u010dov\u00fdch aspekt\u016f osobn\u00ed ochrany je mo\u017enost nahr\u00e1v\u00e1n\u00ed hovor\u016f.<\/p>\n\n\n\n<p>V tomto \u010dl\u00e1nku se budeme zab\u00fdvat d\u016fle\u017eitost\u00ed tohoto postupu pro zabezpe\u010den\u00ed za\u0159\u00edzen\u00ed a v kone\u010dn\u00e9m d\u016fsledku i ochranu p\u0159ed viry a kybernetick\u00fdmi hrozbami.<\/p>\n\n\n\n<h2 class=\"wp-block-heading\"><strong>Pro\u010d nahr\u00e1vat hovory?<\/strong><\/h2>\n\n\n\n<p>Nahr\u00e1v\u00e1n\u00ed hovor\u016f m\u016f\u017ee b\u00fdt kl\u00ed\u010dov\u00fdm n\u00e1strojem pro ochranu p\u0159ed online hrozbami a uchov\u00e1n\u00ed d\u016fle\u017eit\u00fdch informac\u00ed.<\/p>\n\n\n\n<p>V prost\u0159ed\u00ed, kde se telefonn\u00ed podvody a digit\u00e1ln\u00ed podvody rozm\u00e1haj\u00ed, m\u016f\u017ee m\u00edt zvukov\u00fd z\u00e1znam va\u0161ich hovor\u016f z\u00e1sadn\u00ed roli v tom, zda se stanete ob\u011bt\u00ed, nebo z\u016fstanete chr\u00e1n\u011bni.<\/p>\n\n\n\n<h2 class=\"wp-block-heading\">Viz tak\u00e9<\/h2>\n\n\n\n<ul>\n<li><a href=\"https:\/\/universofamilia.com\/cs\/4419\/aplicaciones-para-editar-y-crear-reels\/\">Aplikace pro \u00fapravu a tvorbu videorekord\u00e9r\u016f<\/a><\/li>\n\n\n\n<li><a href=\"https:\/\/universofamilia.com\/cs\/4338\/las-mejores-aplicaciones-para-ver-peliculas-y-series\/\">Nejlep\u0161\u00ed aplikace pro sledov\u00e1n\u00ed film\u016f a seri\u00e1l\u016f<\/a><\/li>\n\n\n\n<li><a href=\"https:\/\/universofamilia.com\/cs\/4399\/aplicaciones-para-la-identificacion-de-plantas\/\">\u017d\u00e1dosti o identifikaci rostlin<\/a><\/li>\n\n\n\n<li><a href=\"https:\/\/universofamilia.com\/cs\/4353\/aplicaciones-para-descubrir-con-que-celebridad-te-pareces\/\">Aplikace, kter\u00e9 v\u00e1m pomohou zjistit, kter\u00e9 celebrit\u011b se podob\u00e1te<\/a><\/li>\n\n\n\n<li><a href=\"https:\/\/universofamilia.com\/cs\/4369\/las-aplicaciones-de-musica-en-el-estado-de-whatsapp\/\">Hudebn\u00ed aplikace ve stavu WhatsApp<\/a><\/li>\n<\/ul>\n\n\n\n<p>Nav\u00edc v pr\u00e1vn\u00edch situac\u00edch mohou b\u00fdt nahr\u00e1vky hovor\u016f kl\u00ed\u010dov\u00fdm d\u016fkazem.<\/p>\n\n\n\n<p>V soudn\u00edch \u0159\u00edzen\u00edch m\u016f\u017ee b\u00fdt autentick\u00fd z\u00e1znam interakc\u00ed rozhoduj\u00edc\u00ed pro \u0159e\u0161en\u00ed spor\u016f a zji\u0161t\u011bn\u00ed pravdivosti skutkov\u00e9ho stavu.<\/p>\n\n\n\n<p>Je to zp\u016fsob, jak pos\u00edlit postaven\u00ed u\u017eivatel\u016f t\u00edm, \u017ee jim poskytneme prost\u0159edky k dokumentaci d\u016fle\u017eit\u00fdch konverzac\u00ed a ochran\u011b jejich z\u00e1jm\u016f.<\/p>\n\n\n\n<h2 class=\"wp-block-heading\"><strong>Aplikace pro nahr\u00e1v\u00e1n\u00ed hovor\u016f<\/strong><\/h2>\n\n\n\n<p>V oblasti nahr\u00e1v\u00e1n\u00ed hovor\u016f vynikaj\u00ed dv\u011b aplikace: ACR Call Recorder a Cube Call Recorder.<\/p>\n\n\n\n<p>Oba nab\u00edzej\u00ed pokro\u010dil\u00e9 funkce a jsou vysoce spolehliv\u00e9 p\u0159i uchov\u00e1v\u00e1n\u00ed hovor\u016f.<\/p>\n\n\n\n<h2 class=\"wp-block-heading\"><strong>Z\u00e1znamn\u00edk hovor\u016f ACR<\/strong><\/h2>\n\n\n\n<p>Z\u00e1znamn\u00edk hovor\u016f ACR je obl\u00edbenou volbou mezi u\u017eivateli, kte\u0159\u00ed hledaj\u00ed spolehliv\u00e9 a snadno pou\u017eiteln\u00e9 \u0159e\u0161en\u00ed.<\/p>\n\n\n\n<p>D\u00edky intuitivn\u00edmu rozhran\u00ed v\u00e1m aplikace umo\u017e\u0148uje automaticky nahr\u00e1vat p\u0159\u00edchoz\u00ed a odchoz\u00ed hovory.<\/p>\n\n\n\n<p>Krom\u011b toho nab\u00edz\u00ed efektivn\u00ed organiza\u010dn\u00ed funkce, kter\u00e9 usnad\u0148uj\u00ed rychl\u00e9 vyhled\u00e1n\u00ed konkr\u00e9tn\u00edch hovor\u016f v p\u0159\u00edpad\u011b pot\u0159eby.<\/p>\n\n\n\n<h2 class=\"wp-block-heading\"><strong>Z\u00e1znamn\u00edk hovor\u016f Cube<\/strong><\/h2>\n\n\n\n<p>Cube Call Recorder je dal\u0161\u00ed solidn\u00ed volbou s mo\u017enost\u00ed nahr\u00e1v\u00e1n\u00ed hovor\u016f z r\u016fzn\u00fdch platforem.<\/p>\n\n\n\n<p>V\u010detn\u011b WhatsAppu a Skypu. Funkce nahr\u00e1v\u00e1n\u00ed do cloudu poskytuje dal\u0161\u00ed vrstvu zabezpe\u010den\u00ed a zaji\u0161\u0165uje, \u017ee nahr\u00e1vky jsou v\u017edy dostupn\u00e9 bez ohledu na za\u0159\u00edzen\u00ed.<\/p>\n\n\n<div class=\"wp-block-image\">\n<figure class=\"aligncenter size-full\"><img loading=\"lazy\" decoding=\"async\" width=\"550\" height=\"350\" src=\"http:\/\/universofamilia.com\/wp-content\/uploads\/sites\/148\/2024\/01\/P-550x350-7.jpg\" alt=\"\" class=\"wp-image-4949\" srcset=\"http:\/\/universofamilia.com\/wp-content\/uploads\/sites\/148\/2024\/01\/P-550x350-7.jpg 550w, http:\/\/universofamilia.com\/wp-content\/uploads\/sites\/148\/2024\/01\/P-550x350-7-300x191.jpg 300w\" sizes=\"(max-width: 550px) 100vw, 550px\" \/><figcaption class=\"wp-element-caption\">Rekordn\u00ed vol\u00e1n\u00ed o ochranu p\u0159ed kybernetick\u00fdmi hrozbami<\/figcaption><\/figure><\/div>\n\n\n<h2 class=\"wp-block-heading\"><strong>Zaji\u0161t\u011bn\u00ed va\u0161\u00ed bezpe\u010dnosti pomoc\u00ed nahr\u00e1v\u00e1n\u00ed hovor\u016f<\/strong><\/h2>\n\n\n\n<p>Stru\u010dn\u011b \u0159e\u010deno, nahr\u00e1v\u00e1n\u00ed hovor\u016f je cenn\u00fdm n\u00e1strojem pro ochranu p\u0159ed kybernetick\u00fdmi hrozbami a uchov\u00e1n\u00ed d\u016fle\u017eit\u00fdch informac\u00ed.<\/p>\n\n\n\n<p>V\u00fdb\u011brem spolehliv\u00fdch aplikac\u00ed, jako jsou ACR Call Recorder a Cube Call Recorder, mohou u\u017eivatel\u00e9 pos\u00edlit sv\u00e9 digit\u00e1ln\u00ed zabezpe\u010den\u00ed.<\/p>\n\n\n\n<p>Ochrana p\u0159ed viry a online hrozbami je neust\u00e1l\u00fdm \u00fasil\u00edm a nahr\u00e1v\u00e1n\u00ed hovor\u016f je d\u016fle\u017eitou sou\u010d\u00e1st\u00ed t\u00e9to skl\u00e1da\u010dky.<\/p>\n\n\n\n<p>P\u0159ijet\u00edm proaktivn\u00edch postup\u016f mohou u\u017eivatel\u00e9 pos\u00edlit svou kybernetickou obranu a zajistit bezpe\u010dnost sv\u00e9 komunikace.<\/p>\n\n\n\n<ul>\n<li><strong>Pro Android<\/strong>: <a href=\"https:\/\/play.google.com\/store\/apps\/details?id=com.catalinagroup.callrecorder&amp;hl=pt_BR&amp;gl=US\">Z\u00e1znam hovor\u016f v krychli<\/a><\/li>\n\n\n\n<li><strong>Pro iOS<\/strong>:  <a href=\"https:\/\/apps.apple.com\/us\/app\/acr-call-recorder-for-iphone\/id1362975885\">Z\u00e1znamn\u00edk hovor\u016f ACR<\/a> | <a href=\"https:\/\/play.google.com\/store\/apps\/details?id=com.catalinagroup.callrecorder&amp;hl=pt_BR&amp;gl=US\">C<\/a><a href=\"https:\/\/apps.apple.com\/us\/app\/call-recorder-cube-acr\/id1613607637\">Z\u00e1znamn\u00edk hovor\u016f ube<\/a> <\/li>\n<\/ul>\n\n\n\n<p><em>Pozn\u00e1mka: Stahujte aplikace pouze z d\u016fv\u011bryhodn\u00fdch zdroj\u016f, jako je App Store pro u\u017eivatele iOS a Google Play Store pro u\u017eivatele Androidu, abyste se vyhnuli potenci\u00e1ln\u00edm bezpe\u010dnostn\u00edm hrozb\u00e1m.<\/em><\/p>","protected":false},"excerpt":{"rendered":"<p>En un mundo cada vez m\u00e1s digitalizado, la seguridad del celular es una preocupaci\u00f3n creciente para los usuarios conscientes. Uno de los aspectos a menudo pasados por alto pero crucial para la protecci\u00f3n personal es la capacidad de grabar llamadas. En este art\u00edculo, exploraremos la importancia de esta pr\u00e1ctica para la seguridad del dispositivo y, [&hellip;]<\/p>","protected":false},"author":219,"featured_media":4949,"comment_status":"closed","ping_status":"open","sticky":false,"template":"","format":"standard","meta":{"footnotes":""},"categories":[2],"tags":[127,902,904],"yoast_head":"<!-- This site is optimized with the Yoast SEO plugin v23.3 - https:\/\/yoast.com\/wordpress\/plugins\/seo\/ -->\n<title>Grabar Llamadas para la Protecci\u00f3n contra Amenazas Cibern\u00e9ticas - Universo Fam\u00edlia<\/title>\n<meta name=\"description\" content=\"Grabar Llamadas para la Protecci\u00f3n contra Amenazas Cibern\u00e9ticas. En un mundo cada vez m\u00e1s digitalizado, la seguridad del celular...\" \/>\n<meta name=\"robots\" content=\"index, follow, max-snippet:-1, max-image-preview:large, max-video-preview:-1\" \/>\n<link rel=\"canonical\" href=\"http:\/\/universofamilia.com\/cs\/grabar-llamadas-para-la-proteccion-contra-amenazas-ciberneticas\/\" \/>\n<meta property=\"og:locale\" content=\"cs_CZ\" \/>\n<meta property=\"og:type\" content=\"article\" \/>\n<meta property=\"og:title\" content=\"Grabar Llamadas para la Protecci\u00f3n contra Amenazas Cibern\u00e9ticas - Universo Fam\u00edlia\" \/>\n<meta property=\"og:description\" content=\"Grabar Llamadas para la Protecci\u00f3n contra Amenazas Cibern\u00e9ticas. En un mundo cada vez m\u00e1s digitalizado, la seguridad del celular...\" \/>\n<meta property=\"og:url\" content=\"http:\/\/universofamilia.com\/cs\/grabar-llamadas-para-la-proteccion-contra-amenazas-ciberneticas\/\" \/>\n<meta property=\"og:site_name\" content=\"Universo Fam\u00edlia\" \/>\n<meta property=\"article:published_time\" content=\"2024-01-21T13:11:51+00:00\" \/>\n<meta property=\"article:modified_time\" content=\"2025-10-05T04:00:17+00:00\" \/>\n<meta property=\"og:image\" content=\"http:\/\/universofamilia.com\/wp-content\/uploads\/sites\/148\/2024\/01\/P-550x350-7.jpg\" \/>\n\t<meta property=\"og:image:width\" content=\"550\" \/>\n\t<meta property=\"og:image:height\" content=\"350\" \/>\n\t<meta property=\"og:image:type\" content=\"image\/jpeg\" \/>\n<meta name=\"author\" content=\"Matheus Sangaletti\" \/>\n<meta name=\"twitter:card\" content=\"summary_large_image\" \/>\n<meta name=\"twitter:label1\" content=\"Written by\" \/>\n\t<meta name=\"twitter:data1\" content=\"Matheus Sangaletti\" \/>\n\t<meta name=\"twitter:label2\" content=\"Est. reading time\" \/>\n\t<meta name=\"twitter:data2\" content=\"4 minuty\" \/>\n<script type=\"application\/ld+json\" class=\"yoast-schema-graph\">{\"@context\":\"https:\/\/schema.org\",\"@graph\":[{\"@type\":\"WebPage\",\"@id\":\"http:\/\/universofamilia.com\/ja\/grabar-llamadas-para-la-proteccion-contra-amenazas-ciberneticas\/\",\"url\":\"http:\/\/universofamilia.com\/ja\/grabar-llamadas-para-la-proteccion-contra-amenazas-ciberneticas\/\",\"name\":\"Grabar Llamadas para la Protecci\u00f3n contra Amenazas Cibern\u00e9ticas - Universo Fam\u00edlia\",\"isPartOf\":{\"@id\":\"https:\/\/universofamilia.com\/el\/#website\"},\"primaryImageOfPage\":{\"@id\":\"http:\/\/universofamilia.com\/ja\/grabar-llamadas-para-la-proteccion-contra-amenazas-ciberneticas\/#primaryimage\"},\"image\":{\"@id\":\"http:\/\/universofamilia.com\/ja\/grabar-llamadas-para-la-proteccion-contra-amenazas-ciberneticas\/#primaryimage\"},\"thumbnailUrl\":\"http:\/\/universofamilia.com\/wp-content\/uploads\/sites\/148\/2024\/01\/P-550x350-7.jpg\",\"datePublished\":\"2024-01-21T13:11:51+00:00\",\"dateModified\":\"2025-10-05T04:00:17+00:00\",\"author\":{\"@id\":\"https:\/\/universofamilia.com\/el\/#\/schema\/person\/92fcd07e9b1f4323bf74f3170fc0f78a\"},\"description\":\"Grabar Llamadas para la Protecci\u00f3n contra Amenazas Cibern\u00e9ticas. En un mundo cada vez m\u00e1s digitalizado, la seguridad del celular...\",\"breadcrumb\":{\"@id\":\"http:\/\/universofamilia.com\/ja\/grabar-llamadas-para-la-proteccion-contra-amenazas-ciberneticas\/#breadcrumb\"},\"inLanguage\":\"cs\",\"potentialAction\":[{\"@type\":\"ReadAction\",\"target\":[\"http:\/\/universofamilia.com\/ja\/grabar-llamadas-para-la-proteccion-contra-amenazas-ciberneticas\/\"]}]},{\"@type\":\"ImageObject\",\"inLanguage\":\"cs\",\"@id\":\"http:\/\/universofamilia.com\/ja\/grabar-llamadas-para-la-proteccion-contra-amenazas-ciberneticas\/#primaryimage\",\"url\":\"http:\/\/universofamilia.com\/wp-content\/uploads\/sites\/148\/2024\/01\/P-550x350-7.jpg\",\"contentUrl\":\"http:\/\/universofamilia.com\/wp-content\/uploads\/sites\/148\/2024\/01\/P-550x350-7.jpg\",\"width\":550,\"height\":350,\"caption\":\"Grabar Llamadas para la Protecci\u00f3n contra Amenazas Cibern\u00e9ticas\"},{\"@type\":\"BreadcrumbList\",\"@id\":\"http:\/\/universofamilia.com\/ja\/grabar-llamadas-para-la-proteccion-contra-amenazas-ciberneticas\/#breadcrumb\",\"itemListElement\":[{\"@type\":\"ListItem\",\"position\":1,\"name\":\"Home\",\"item\":\"https:\/\/universofamilia.com\/el\/\"},{\"@type\":\"ListItem\",\"position\":2,\"name\":\"Grabar Llamadas para la Protecci\u00f3n contra Amenazas Cibern\u00e9ticas\"}]},{\"@type\":\"WebSite\",\"@id\":\"https:\/\/universofamilia.com\/el\/#website\",\"url\":\"https:\/\/universofamilia.com\/el\/\",\"name\":\"Universo Fam\u00edlia\",\"description\":\"\",\"potentialAction\":[{\"@type\":\"SearchAction\",\"target\":{\"@type\":\"EntryPoint\",\"urlTemplate\":\"https:\/\/universofamilia.com\/el\/?s={search_term_string}\"},\"query-input\":\"required name=search_term_string\"}],\"inLanguage\":\"cs\"},{\"@type\":\"Person\",\"@id\":\"https:\/\/universofamilia.com\/el\/#\/schema\/person\/92fcd07e9b1f4323bf74f3170fc0f78a\",\"name\":\"Matheus Sangaletti\",\"image\":{\"@type\":\"ImageObject\",\"inLanguage\":\"cs\",\"@id\":\"https:\/\/universofamilia.com\/el\/#\/schema\/person\/image\/\",\"url\":\"http:\/\/2.gravatar.com\/avatar\/280ea957a14a48e6a1ad2133d2cc27c9?s=96&d=mm&r=g\",\"contentUrl\":\"http:\/\/2.gravatar.com\/avatar\/280ea957a14a48e6a1ad2133d2cc27c9?s=96&d=mm&r=g\",\"caption\":\"Matheus Sangaletti\"},\"url\":\"http:\/\/universofamilia.com\/cs\/author\/matheuss\/\"}]}<\/script>\n<!-- \/ Yoast SEO plugin. -->","yoast_head_json":{"title":"Grabar Llamadas para la Protecci\u00f3n contra Amenazas Cibern\u00e9ticas - Universo Fam\u00edlia","description":"Grabar Llamadas para la Protecci\u00f3n contra Amenazas Cibern\u00e9ticas. En un mundo cada vez m\u00e1s digitalizado, la seguridad del celular...","robots":{"index":"index","follow":"follow","max-snippet":"max-snippet:-1","max-image-preview":"max-image-preview:large","max-video-preview":"max-video-preview:-1"},"canonical":"http:\/\/universofamilia.com\/cs\/grabar-llamadas-para-la-proteccion-contra-amenazas-ciberneticas\/","og_locale":"cs_CZ","og_type":"article","og_title":"Grabar Llamadas para la Protecci\u00f3n contra Amenazas Cibern\u00e9ticas - Universo Fam\u00edlia","og_description":"Grabar Llamadas para la Protecci\u00f3n contra Amenazas Cibern\u00e9ticas. En un mundo cada vez m\u00e1s digitalizado, la seguridad del celular...","og_url":"http:\/\/universofamilia.com\/cs\/grabar-llamadas-para-la-proteccion-contra-amenazas-ciberneticas\/","og_site_name":"Universo Fam\u00edlia","article_published_time":"2024-01-21T13:11:51+00:00","article_modified_time":"2025-10-05T04:00:17+00:00","og_image":[{"width":550,"height":350,"url":"http:\/\/universofamilia.com\/wp-content\/uploads\/sites\/148\/2024\/01\/P-550x350-7.jpg","type":"image\/jpeg"}],"author":"Matheus Sangaletti","twitter_card":"summary_large_image","twitter_misc":{"Written by":"Matheus Sangaletti","Est. reading time":"4 minuty"},"schema":{"@context":"https:\/\/schema.org","@graph":[{"@type":"WebPage","@id":"http:\/\/universofamilia.com\/ja\/grabar-llamadas-para-la-proteccion-contra-amenazas-ciberneticas\/","url":"http:\/\/universofamilia.com\/ja\/grabar-llamadas-para-la-proteccion-contra-amenazas-ciberneticas\/","name":"Grabar Llamadas para la Protecci\u00f3n contra Amenazas Cibern\u00e9ticas - Universo Fam\u00edlia","isPartOf":{"@id":"https:\/\/universofamilia.com\/el\/#website"},"primaryImageOfPage":{"@id":"http:\/\/universofamilia.com\/ja\/grabar-llamadas-para-la-proteccion-contra-amenazas-ciberneticas\/#primaryimage"},"image":{"@id":"http:\/\/universofamilia.com\/ja\/grabar-llamadas-para-la-proteccion-contra-amenazas-ciberneticas\/#primaryimage"},"thumbnailUrl":"http:\/\/universofamilia.com\/wp-content\/uploads\/sites\/148\/2024\/01\/P-550x350-7.jpg","datePublished":"2024-01-21T13:11:51+00:00","dateModified":"2025-10-05T04:00:17+00:00","author":{"@id":"https:\/\/universofamilia.com\/el\/#\/schema\/person\/92fcd07e9b1f4323bf74f3170fc0f78a"},"description":"Grabar Llamadas para la Protecci\u00f3n contra Amenazas Cibern\u00e9ticas. En un mundo cada vez m\u00e1s digitalizado, la seguridad del celular...","breadcrumb":{"@id":"http:\/\/universofamilia.com\/ja\/grabar-llamadas-para-la-proteccion-contra-amenazas-ciberneticas\/#breadcrumb"},"inLanguage":"cs","potentialAction":[{"@type":"ReadAction","target":["http:\/\/universofamilia.com\/ja\/grabar-llamadas-para-la-proteccion-contra-amenazas-ciberneticas\/"]}]},{"@type":"ImageObject","inLanguage":"cs","@id":"http:\/\/universofamilia.com\/ja\/grabar-llamadas-para-la-proteccion-contra-amenazas-ciberneticas\/#primaryimage","url":"http:\/\/universofamilia.com\/wp-content\/uploads\/sites\/148\/2024\/01\/P-550x350-7.jpg","contentUrl":"http:\/\/universofamilia.com\/wp-content\/uploads\/sites\/148\/2024\/01\/P-550x350-7.jpg","width":550,"height":350,"caption":"Grabar Llamadas para la Protecci\u00f3n contra Amenazas Cibern\u00e9ticas"},{"@type":"BreadcrumbList","@id":"http:\/\/universofamilia.com\/ja\/grabar-llamadas-para-la-proteccion-contra-amenazas-ciberneticas\/#breadcrumb","itemListElement":[{"@type":"ListItem","position":1,"name":"Home","item":"https:\/\/universofamilia.com\/el\/"},{"@type":"ListItem","position":2,"name":"Grabar Llamadas para la Protecci\u00f3n contra Amenazas Cibern\u00e9ticas"}]},{"@type":"WebSite","@id":"https:\/\/universofamilia.com\/el\/#website","url":"https:\/\/universofamilia.com\/el\/","name":"Universo Fam\u00edlia","description":"","potentialAction":[{"@type":"SearchAction","target":{"@type":"EntryPoint","urlTemplate":"https:\/\/universofamilia.com\/el\/?s={search_term_string}"},"query-input":"required name=search_term_string"}],"inLanguage":"cs"},{"@type":"Person","@id":"https:\/\/universofamilia.com\/el\/#\/schema\/person\/92fcd07e9b1f4323bf74f3170fc0f78a","name":"Matheus Sangaletti","image":{"@type":"ImageObject","inLanguage":"cs","@id":"https:\/\/universofamilia.com\/el\/#\/schema\/person\/image\/","url":"http:\/\/2.gravatar.com\/avatar\/280ea957a14a48e6a1ad2133d2cc27c9?s=96&d=mm&r=g","contentUrl":"http:\/\/2.gravatar.com\/avatar\/280ea957a14a48e6a1ad2133d2cc27c9?s=96&d=mm&r=g","caption":"Matheus Sangaletti"},"url":"http:\/\/universofamilia.com\/cs\/author\/matheuss\/"}]}},"_links":{"self":[{"href":"http:\/\/universofamilia.com\/cs\/wp-json\/wp\/v2\/posts\/4948"}],"collection":[{"href":"http:\/\/universofamilia.com\/cs\/wp-json\/wp\/v2\/posts"}],"about":[{"href":"http:\/\/universofamilia.com\/cs\/wp-json\/wp\/v2\/types\/post"}],"author":[{"embeddable":true,"href":"http:\/\/universofamilia.com\/cs\/wp-json\/wp\/v2\/users\/219"}],"replies":[{"embeddable":true,"href":"http:\/\/universofamilia.com\/cs\/wp-json\/wp\/v2\/comments?post=4948"}],"version-history":[{"count":1,"href":"http:\/\/universofamilia.com\/cs\/wp-json\/wp\/v2\/posts\/4948\/revisions"}],"predecessor-version":[{"id":9837,"href":"http:\/\/universofamilia.com\/cs\/wp-json\/wp\/v2\/posts\/4948\/revisions\/9837"}],"wp:featuredmedia":[{"embeddable":true,"href":"http:\/\/universofamilia.com\/cs\/wp-json\/wp\/v2\/media\/4949"}],"wp:attachment":[{"href":"http:\/\/universofamilia.com\/cs\/wp-json\/wp\/v2\/media?parent=4948"}],"wp:term":[{"taxonomy":"category","embeddable":true,"href":"http:\/\/universofamilia.com\/cs\/wp-json\/wp\/v2\/categories?post=4948"},{"taxonomy":"post_tag","embeddable":true,"href":"http:\/\/universofamilia.com\/cs\/wp-json\/wp\/v2\/tags?post=4948"}],"curies":[{"name":"wp","href":"https:\/\/api.w.org\/{rel}","templated":true}]}}