{"id":5241,"date":"2024-02-18T02:29:52","date_gmt":"2024-02-18T02:29:52","guid":{"rendered":"https:\/\/universofamilia.com\/?p=5241"},"modified":"2025-10-05T00:23:13","modified_gmt":"2025-10-05T03:23:13","slug":"aplicacion-para-ver-quien-visita-mis-redes-sociales","status":"publish","type":"post","link":"http:\/\/universofamilia.com\/cs\/aplicacion-para-ver-quien-visita-mis-redes-sociales\/","title":{"rendered":"Aplikace pro zobrazen\u00ed n\u00e1v\u0161t\u011bvn\u00edk\u016f m\u00fdch soci\u00e1ln\u00edch s\u00edt\u00ed"},"content":{"rendered":"<p>V dne\u0161n\u00ed digit\u00e1ln\u00ed dob\u011b se na\u0161e soci\u00e1ln\u00ed m\u00e9dia stala virtu\u00e1ln\u00edm prodlou\u017een\u00edm n\u00e1s sam\u00fdch.<\/p>\n\n\n\n<p>Sd\u00edl\u00edme zvl\u00e1\u0161tn\u00ed okam\u017eiky, spojujeme se s p\u0159\u00e1teli a rodinou, ale tak\u00e9 riskujeme, \u017ee se vystav\u00edme zlomysln\u00fdm lidem.<\/p>\n\n\n\n<p>Kdo sleduje ka\u017ed\u00fd n\u00e1\u0161 krok na soci\u00e1ln\u00edch s\u00edt\u00edch?<\/p>\n\n\n\n<p>V tomto \u010dl\u00e1nku se budeme zab\u00fdvat d\u016fle\u017eitost\u00ed sledov\u00e1n\u00ed toho, kdo si prohl\u00ed\u017e\u00ed na\u0161e profily, upozorn\u011bn\u00edm na p\u0159\u00edtomnost zl\u00fdch jedinc\u016f a poskytnut\u00edm \u0159e\u0161en\u00ed na ochranu na\u0161eho soukrom\u00ed a soukrom\u00ed na\u0161ich rodin.<\/p>\n\n\n\n<h2 class=\"wp-block-heading\"><strong>Ochrana va\u0161ich soci\u00e1ln\u00edch s\u00edt\u00ed<\/strong><\/h2>\n\n\n\n<p>Ve sv\u011bt\u011b pln\u00e9m technologick\u00e9ho pokroku se p\u0159\u00edstup k na\u0161im osobn\u00edm \u00fadaj\u016fm stal pro \u00fato\u010dn\u00edky snaz\u0161\u00edm.<\/p>\n\n\n\n<p>Mo\u017enost, \u017ee jednotlivci sleduj\u00ed ka\u017ed\u00fd n\u00e1\u0161 p\u0159\u00edsp\u011bvek a aktivitu na soci\u00e1ln\u00edch s\u00edt\u00edch, je legitimn\u00ed obavou.<\/p>\n\n\n\n<p>Od kyberzlo\u010dinc\u016f po stalkery je nezbytn\u00e9 m\u00edt p\u0159ehled o tom, kdo se skr\u00fdv\u00e1 za obrazovkou.<\/p>\n\n\n\n<h2 class=\"wp-block-heading\">Viz tak\u00e9<\/h2>\n\n\n\n<ul class=\"has-medium-font-size\">\n<li class=\"has-medium-font-size\">\ud83d\udcf8\ud83d\uddbc\ufe0f\ud83d\udcf1<a href=\"https:\/\/universofamilia.com\/cs\/5099\/restaurar-fotos-eliminadas-en-el-telefono-movil\/\">Obnoven\u00ed smazan\u00fdch fotografi\u00ed na mobiln\u00edm telefonu<\/a><\/li>\n\n\n\n<li class=\"has-medium-font-size\">\ud83d\udc91\u26ea\ufe0f\ud83d\udcd6<a href=\"https:\/\/universofamilia.com\/cs\/5105\/noviazgo-cristiano-para-toda-la-vida\/\">K\u0159es\u0165ansk\u00e9 rand\u011bn\u00ed na cel\u00fd \u017eivot<\/a><\/li>\n<\/ul>\n\n\n\n<h2 class=\"wp-block-heading\"><strong>D\u016fle\u017eitost sledov\u00e1n\u00ed toho, kdo si prohl\u00ed\u017e\u00ed na\u0161e soci\u00e1ln\u00ed s\u00edt\u011b<\/strong><\/h2>\n\n\n\n<p>P\u0159edstavte si, \u017ee v\u00edte, kdo si kontroluje v\u00e1\u0161 profil, koho zaj\u00edm\u00e1 ka\u017ed\u00fd p\u0159\u00edsp\u011bvek, kter\u00fd sd\u00edl\u00edte, a kdo by mohl p\u0159edstavovat hrozbu.<\/p>\n\n\n\n<p>Vzhledem k rostouc\u00ed p\u0159\u00edtomnosti zl\u00fdch jedinc\u016f v kyberprostoru se sledov\u00e1n\u00ed n\u00e1v\u0161t\u011bvn\u00edk\u016f na\u0161ich \u00fa\u010dt\u016f na soci\u00e1ln\u00edch s\u00edt\u00edch stalo kl\u00ed\u010dov\u00fdm pro na\u0161i bezpe\u010dnost online.<\/p>\n\n\n\n<p>Pocit bezpe\u010d\u00ed a kontroly nad na\u0161\u00edm soukrom\u00edm je pr\u00e1vo, kter\u00e9 bychom v\u0161ichni m\u011bli m\u00edt p\u0159i pou\u017e\u00edv\u00e1n\u00ed digit\u00e1ln\u00edch platforem.<\/p>\n\n\n\n<h2 class=\"wp-block-heading\"><strong>Co \u0159\u00edkaj\u00ed u\u017eivatel\u00e9<\/strong><\/h2>\n\n\n\n<p>Ne\u017e se pono\u0159\u00edme do \u0159e\u0161en\u00ed, pod\u00edvejme se, co u\u017eivatel\u00e9 \u0159\u00edkaj\u00ed o aplikac\u00edch, kter\u00e9 nab\u00edzej\u00ed mo\u017enost sledovat, kdo nav\u0161t\u011bvuje na\u0161e profily.<\/p>\n\n\n\n<p>U\u017eivatel\u00e9 z cel\u00e9ho sv\u011bta vyj\u00e1d\u0159ili sv\u00e9 obavy a zku\u0161enosti a zd\u016fraznili pot\u0159ebu t\u011bchto n\u00e1stroj\u016f k ochran\u011b sebe sama online.<\/p>\n\n\n\n<h2 class=\"wp-block-heading\"><strong>Objevov\u00e1n\u00ed \u0159e\u0161en\u00ed: Aplikace pro \u0161pion\u00e1\u017e soci\u00e1ln\u00edch m\u00e9di\u00ed<\/strong><\/h2>\n\n\n\n<p>A te\u010f si pov\u00edme n\u011bco o \u0159e\u0161en\u00edch. Existuj\u00ed aplikace speci\u00e1ln\u011b navr\u017een\u00e9 tak, aby poskytovaly informace o tom, kdo \u0161pehuje na\u0161e soci\u00e1ln\u00ed s\u00edt\u011b.<\/p>\n\n\n\n<p>Ale uklidn\u011bte se! Ne\u017e prozrad\u00edme n\u00e1zvy t\u011bchto aplikac\u00ed, poj\u010fme se pod\u00edvat, pro\u010d byste m\u011bli zv\u00e1\u017eit jejich pou\u017e\u00edv\u00e1n\u00ed.<\/p>\n\n\n\n<h2 class=\"wp-block-heading\"><strong>Ochrana va\u0161\u00ed rodiny a sebe sama<\/strong><\/h2>\n\n\n\n<p>Pochopen\u00ed toho, kdo m\u00e1 z\u00e1jem o va\u0161e p\u0159\u00edsp\u011bvky, v\u00e1m nejen d\u00e1v\u00e1 pocit bezpe\u010d\u00ed, ale tak\u00e9 v\u00e1m umo\u017e\u0148uje chr\u00e1nit va\u0161e bl\u00edzk\u00e9.<\/p>\n\n\n\n<p>Identifikace potenci\u00e1ln\u00edch hrozeb a p\u0159ij\u00edm\u00e1n\u00ed proaktivn\u00edch opat\u0159en\u00ed je v dne\u0161n\u00edm digit\u00e1ln\u00edm sv\u011bt\u011b z\u00e1sadn\u00ed.<\/p>\n\n\n\n<h2 class=\"wp-block-heading\"><strong>Prozkoum\u00e1n\u00ed \u0161pion\u00e1\u017en\u00edch aplikac\u00ed pro soci\u00e1ln\u00ed m\u00e9dia<\/strong><\/h2>\n\n\n\n<p>Po d\u016fkladn\u00e9m hled\u00e1n\u00ed jsme na\u0161li t\u0159i popul\u00e1rn\u00ed aplikace, kter\u00e9 nab\u00edzej\u00ed mo\u017enost sledovat, kdo nav\u0161t\u011bvuje va\u0161e profily:<\/p>\n\n\n\n<ol>\n<li><strong>Sledov\u00e1n\u00ed profil\u016f pro Facebook:<\/strong> Tato aplikace se setkala s protich\u016fdn\u00fdmi recenzemi. U\u017eivatel\u00e9 oce\u0148uj\u00ed jej\u00ed u\u017eivatelsky p\u0159\u00edv\u011btiv\u00e9 rozhran\u00ed, snadn\u00e9 pou\u017eit\u00ed a okam\u017eit\u00e1 ozn\u00e1men\u00ed. N\u011bkte\u0159\u00ed v\u0161ak hl\u00e1s\u00ed nekonzistence v datech a \u010dast\u00e9 reklamy.<\/li>\n\n\n\n<li><strong>Kdo si prohl\u00ed\u017eel m\u016fj profil:<\/strong> Tato aplikace, kter\u00e1 m\u00e1 solidn\u00ed hodnocen\u00ed na Google Play (4,0) a App Storu (4,4), vynik\u00e1 sv\u00fdm jednoduch\u00fdm designem a z\u00e1kladn\u00edmi bezplatn\u00fdmi funkcemi. U\u017eivatel\u00e9 chv\u00e1l\u00ed celkov\u011b pozitivn\u00ed z\u00e1\u017eitek.<\/li>\n\n\n\n<li><strong>N\u00e1v\u0161t\u011bvn\u00edci Pro:<\/strong> S hodnocen\u00edm 4,1 na Google Play a 4,5 na App Storu vynik\u00e1 tato aplikace sv\u00fdm intuitivn\u00edm rozhran\u00edm a dal\u0161\u00edmi funkcemi, jako je identifikace stalker\u016f a t\u011bch, kte\u0159\u00ed dali lajk va\u0161im p\u0159\u00edsp\u011bvk\u016fm. Nab\u00edz\u00ed tak\u00e9 pr\u00e9miovou verzi s dal\u0161\u00edmi v\u00fdhodami.<\/li>\n<\/ol>\n\n\n<div class=\"wp-block-image\">\n<figure class=\"aligncenter size-full\"><img loading=\"lazy\" decoding=\"async\" width=\"550\" height=\"350\" src=\"http:\/\/universofamilia.com\/wp-content\/uploads\/sites\/148\/2024\/02\/P-550x350-8-3.jpg\" alt=\"\" class=\"wp-image-5242\" srcset=\"http:\/\/universofamilia.com\/wp-content\/uploads\/sites\/148\/2024\/02\/P-550x350-8-3.jpg 550w, http:\/\/universofamilia.com\/wp-content\/uploads\/sites\/148\/2024\/02\/P-550x350-8-3-300x191.jpg 300w\" sizes=\"(max-width: 550px) 100vw, 550px\" \/><figcaption class=\"wp-element-caption\">Aplikace pro zobrazen\u00ed n\u00e1v\u0161t\u011bvn\u00edk\u016f m\u00fdch soci\u00e1ln\u00edch s\u00edt\u00ed<\/figcaption><\/figure><\/div>\n\n\n<h2 class=\"wp-block-heading\"><strong>Okam\u017eik zjeven\u00ed: Soubory ke sta\u017een\u00ed dostupn\u00e9 po \u00fapln\u00e9m p\u0159e\u010dten\u00ed<\/strong><\/h2>\n\n\n\n<p>\u010cek\u00e1n\u00ed je u konce! Pot\u00e9, co se dozv\u00edte, jak d\u016fle\u017eit\u00e9 je sledovat na\u0161e soci\u00e1ln\u00ed m\u00e9dia a prozkoum\u00e1te dostupn\u00e9 mo\u017enosti, si m\u016f\u017eete st\u00e1hnout tyto aplikace, kter\u00e9 ochr\u00e1n\u00ed v\u00e1\u0161 digit\u00e1ln\u00ed sv\u011bt.<\/p>\n\n\n\n<p>Udr\u017eujte si nap\u011bt\u00ed a zaujet\u00ed a\u017e do konce, abyste umocnili z\u00e1\u017eitek ze \u010dten\u00ed.<\/p>\n\n\n\n<h2 class=\"wp-block-heading\"><strong>Odkazy ke sta\u017een\u00ed pro iOS a Android:<\/strong><\/h2>\n\n\n\n<ol>\n<li><strong>Sledov\u00e1n\u00ed profil\u016f pro Facebook:<\/strong>\n<ul>\n<li>Google Play: <a href=\"https:\/\/play.google.com\/store\/apps\/details?id=com.analyzing.network&amp;hl=en_US\">Odkaz<\/a><\/li>\n\n\n\n<li>Obchod s aplikacemi: <a href=\"https:\/\/apps.apple.com\/us\/app\/xview-reports-profile-tracker\/id1541777461\">Odkaz<\/a><\/li>\n<\/ul>\n<\/li>\n\n\n\n<li><strong>Kdo si prohl\u00ed\u017eel m\u016fj profil:<\/strong>\n<ul>\n<li>Obchod s aplikacemi: <a href=\"https:\/\/apps.apple.com\/us\/app\/who-profile-view-for-my-insta\/id1554870653\">Odkaz<\/a><\/li>\n<\/ul>\n<\/li>\n<\/ol>\n\n\n\n<h2 class=\"wp-block-heading\"><strong>Z\u00e1v\u011br: Ochrana va\u0161\u00ed digit\u00e1ln\u00ed identity<\/strong><\/h2>\n\n\n\n<p>Z\u00e1v\u011brem lze \u0159\u00edci, \u017ee sledov\u00e1n\u00ed na\u0161ich soci\u00e1ln\u00edch m\u00e9di\u00ed se stalo nezbytn\u00fdm ve st\u00e1le slo\u017eit\u011bj\u0161\u00edm digit\u00e1ln\u00edm sv\u011bt\u011b.<\/p>\n\n\n\n<p>Tyto aplikace nab\u00edzej\u00ed dal\u0161\u00ed vrstvu zabezpe\u010den\u00ed, kter\u00e1 n\u00e1m umo\u017e\u0148uje v\u011bd\u011bt, kdo sleduje na\u0161e online aktivity.<\/p>\n\n\n\n<p>Stahujte zodpov\u011bdn\u011b a p\u0159evezm\u011bte kontrolu nad svou digit\u00e1ln\u00ed identitou. Chra\u0148te sv\u016fj digit\u00e1ln\u00ed sv\u011bt je\u0161t\u011b dnes!<\/p>","protected":false},"excerpt":{"rendered":"<p>V dne\u0161n\u00ed digit\u00e1ln\u00ed dob\u011b se na\u0161e soci\u00e1ln\u00ed s\u00edt\u011b staly virtu\u00e1ln\u00edm prodlou\u017een\u00edm n\u00e1s sam\u00fdch. Sd\u00edl\u00edme zvl\u00e1\u0161tn\u00ed okam\u017eiky a spojujeme se s p\u0159\u00e1teli a rodinou, ale tak\u00e9 riskujeme, \u017ee se vystav\u00edme zlomysln\u00fdm jednotlivc\u016fm. Kdo sleduje ka\u017ed\u00fd n\u00e1\u0161 krok na soci\u00e1ln\u00edch s\u00edt\u00edch? V tomto \u010dl\u00e1nku se budeme zab\u00fdvat d\u016fle\u017eitost\u00ed monitorov\u00e1n\u00ed [\u2026]<\/p>","protected":false},"author":139,"featured_media":5242,"comment_status":"closed","ping_status":"open","sticky":false,"template":"","format":"standard","meta":{"footnotes":""},"categories":[2],"tags":[156,157,1546],"yoast_head":"<!-- This site is optimized with the Yoast SEO plugin v23.3 - https:\/\/yoast.com\/wordpress\/plugins\/seo\/ -->\n<title>Aplicaci\u00f3n para Ver Qui\u00e9n Visita Mis Redes Sociales - Universo Fam\u00edlia<\/title>\n<meta name=\"description\" content=\"Aplicaci\u00f3n para Ver Qui\u00e9n Visita Mis Redes Sociales. En la era digital actual, nuestras redes sociales se han convertido en una extensi\u00f3n...\" \/>\n<meta name=\"robots\" content=\"index, follow, max-snippet:-1, max-image-preview:large, max-video-preview:-1\" \/>\n<link rel=\"canonical\" href=\"https:\/\/universofamilia.com\/cs\/aplicacion-para-ver-quien-visita-mis-redes-sociales\/\" \/>\n<meta property=\"og:locale\" content=\"cs_CZ\" \/>\n<meta property=\"og:type\" content=\"article\" \/>\n<meta property=\"og:title\" content=\"Aplicaci\u00f3n para Ver Qui\u00e9n Visita Mis Redes Sociales - Universo Fam\u00edlia\" \/>\n<meta property=\"og:description\" content=\"Aplicaci\u00f3n para Ver Qui\u00e9n Visita Mis Redes Sociales. En la era digital actual, nuestras redes sociales se han convertido en una extensi\u00f3n...\" \/>\n<meta property=\"og:url\" content=\"https:\/\/universofamilia.com\/cs\/aplicacion-para-ver-quien-visita-mis-redes-sociales\/\" \/>\n<meta property=\"og:site_name\" content=\"Universo Fam\u00edlia\" \/>\n<meta property=\"article:published_time\" content=\"2024-02-18T02:29:52+00:00\" \/>\n<meta property=\"article:modified_time\" content=\"2025-10-05T03:23:13+00:00\" \/>\n<meta property=\"og:image\" content=\"https:\/\/universofamilia.com\/wp-content\/uploads\/sites\/148\/2024\/02\/P-550x350-8-3.jpg\" \/>\n\t<meta property=\"og:image:width\" content=\"550\" \/>\n\t<meta property=\"og:image:height\" content=\"350\" \/>\n\t<meta property=\"og:image:type\" content=\"image\/jpeg\" \/>\n<meta name=\"author\" content=\"Pedro Henrique\" \/>\n<meta name=\"twitter:card\" content=\"summary_large_image\" \/>\n<meta name=\"twitter:label1\" content=\"Written by\" \/>\n\t<meta name=\"twitter:data1\" content=\"Pedro Henrique\" \/>\n\t<meta name=\"twitter:label2\" content=\"Est. reading time\" \/>\n\t<meta name=\"twitter:data2\" content=\"5 minut\" \/>\n<script type=\"application\/ld+json\" class=\"yoast-schema-graph\">{\"@context\":\"https:\/\/schema.org\",\"@graph\":[{\"@type\":\"WebPage\",\"@id\":\"https:\/\/universofamilia.com\/fr\/aplicacion-para-ver-quien-visita-mis-redes-sociales\/\",\"url\":\"https:\/\/universofamilia.com\/fr\/aplicacion-para-ver-quien-visita-mis-redes-sociales\/\",\"name\":\"Aplicaci\u00f3n para Ver Qui\u00e9n Visita Mis Redes Sociales - Universo Fam\u00edlia\",\"isPartOf\":{\"@id\":\"https:\/\/universofamilia.com\/el\/#website\"},\"primaryImageOfPage\":{\"@id\":\"https:\/\/universofamilia.com\/fr\/aplicacion-para-ver-quien-visita-mis-redes-sociales\/#primaryimage\"},\"image\":{\"@id\":\"https:\/\/universofamilia.com\/fr\/aplicacion-para-ver-quien-visita-mis-redes-sociales\/#primaryimage\"},\"thumbnailUrl\":\"http:\/\/universofamilia.com\/wp-content\/uploads\/sites\/148\/2024\/02\/P-550x350-8-3.jpg\",\"datePublished\":\"2024-02-18T02:29:52+00:00\",\"dateModified\":\"2025-10-05T03:23:13+00:00\",\"author\":{\"@id\":\"https:\/\/universofamilia.com\/el\/#\/schema\/person\/f07ce98187dd84d31154262e79b3b7ca\"},\"description\":\"Aplicaci\u00f3n para Ver Qui\u00e9n Visita Mis Redes Sociales. En la era digital actual, nuestras redes sociales se han convertido en una extensi\u00f3n...\",\"breadcrumb\":{\"@id\":\"https:\/\/universofamilia.com\/fr\/aplicacion-para-ver-quien-visita-mis-redes-sociales\/#breadcrumb\"},\"inLanguage\":\"cs\",\"potentialAction\":[{\"@type\":\"ReadAction\",\"target\":[\"https:\/\/universofamilia.com\/fr\/aplicacion-para-ver-quien-visita-mis-redes-sociales\/\"]}]},{\"@type\":\"ImageObject\",\"inLanguage\":\"cs\",\"@id\":\"https:\/\/universofamilia.com\/fr\/aplicacion-para-ver-quien-visita-mis-redes-sociales\/#primaryimage\",\"url\":\"http:\/\/universofamilia.com\/wp-content\/uploads\/sites\/148\/2024\/02\/P-550x350-8-3.jpg\",\"contentUrl\":\"http:\/\/universofamilia.com\/wp-content\/uploads\/sites\/148\/2024\/02\/P-550x350-8-3.jpg\",\"width\":550,\"height\":350,\"caption\":\"Aplicaci\u00f3n para Ver Qui\u00e9n Visita Mis Redes Sociales\"},{\"@type\":\"BreadcrumbList\",\"@id\":\"https:\/\/universofamilia.com\/fr\/aplicacion-para-ver-quien-visita-mis-redes-sociales\/#breadcrumb\",\"itemListElement\":[{\"@type\":\"ListItem\",\"position\":1,\"name\":\"Home\",\"item\":\"https:\/\/universofamilia.com\/el\/\"},{\"@type\":\"ListItem\",\"position\":2,\"name\":\"Aplicaci\u00f3n para Ver Qui\u00e9n Visita Mis Redes Sociales\"}]},{\"@type\":\"WebSite\",\"@id\":\"https:\/\/universofamilia.com\/el\/#website\",\"url\":\"https:\/\/universofamilia.com\/el\/\",\"name\":\"Universo Fam\u00edlia\",\"description\":\"\",\"potentialAction\":[{\"@type\":\"SearchAction\",\"target\":{\"@type\":\"EntryPoint\",\"urlTemplate\":\"https:\/\/universofamilia.com\/el\/?s={search_term_string}\"},\"query-input\":\"required name=search_term_string\"}],\"inLanguage\":\"cs\"},{\"@type\":\"Person\",\"@id\":\"https:\/\/universofamilia.com\/el\/#\/schema\/person\/f07ce98187dd84d31154262e79b3b7ca\",\"name\":\"Pedro Henrique\",\"image\":{\"@type\":\"ImageObject\",\"inLanguage\":\"cs\",\"@id\":\"https:\/\/universofamilia.com\/el\/#\/schema\/person\/image\/\",\"url\":\"http:\/\/0.gravatar.com\/avatar\/9edfeb808cb4e1599f64d6e45b130154?s=96&d=mm&r=g\",\"contentUrl\":\"http:\/\/0.gravatar.com\/avatar\/9edfeb808cb4e1599f64d6e45b130154?s=96&d=mm&r=g\",\"caption\":\"Pedro Henrique\"},\"url\":\"http:\/\/universofamilia.com\/cs\/author\/editor01\/\"}]}<\/script>\n<!-- \/ Yoast SEO plugin. -->","yoast_head_json":{"title":"Aplicaci\u00f3n para Ver Qui\u00e9n Visita Mis Redes Sociales - Universo Fam\u00edlia","description":"Aplicaci\u00f3n para Ver Qui\u00e9n Visita Mis Redes Sociales. En la era digital actual, nuestras redes sociales se han convertido en una extensi\u00f3n...","robots":{"index":"index","follow":"follow","max-snippet":"max-snippet:-1","max-image-preview":"max-image-preview:large","max-video-preview":"max-video-preview:-1"},"canonical":"https:\/\/universofamilia.com\/cs\/aplicacion-para-ver-quien-visita-mis-redes-sociales\/","og_locale":"cs_CZ","og_type":"article","og_title":"Aplicaci\u00f3n para Ver Qui\u00e9n Visita Mis Redes Sociales - Universo Fam\u00edlia","og_description":"Aplicaci\u00f3n para Ver Qui\u00e9n Visita Mis Redes Sociales. En la era digital actual, nuestras redes sociales se han convertido en una extensi\u00f3n...","og_url":"https:\/\/universofamilia.com\/cs\/aplicacion-para-ver-quien-visita-mis-redes-sociales\/","og_site_name":"Universo Fam\u00edlia","article_published_time":"2024-02-18T02:29:52+00:00","article_modified_time":"2025-10-05T03:23:13+00:00","og_image":[{"width":550,"height":350,"url":"https:\/\/universofamilia.com\/wp-content\/uploads\/sites\/148\/2024\/02\/P-550x350-8-3.jpg","type":"image\/jpeg"}],"author":"Pedro Henrique","twitter_card":"summary_large_image","twitter_misc":{"Written by":"Pedro Henrique","Est. reading time":"5 minut"},"schema":{"@context":"https:\/\/schema.org","@graph":[{"@type":"WebPage","@id":"https:\/\/universofamilia.com\/fr\/aplicacion-para-ver-quien-visita-mis-redes-sociales\/","url":"https:\/\/universofamilia.com\/fr\/aplicacion-para-ver-quien-visita-mis-redes-sociales\/","name":"Aplicaci\u00f3n para Ver Qui\u00e9n Visita Mis Redes Sociales - Universo Fam\u00edlia","isPartOf":{"@id":"https:\/\/universofamilia.com\/el\/#website"},"primaryImageOfPage":{"@id":"https:\/\/universofamilia.com\/fr\/aplicacion-para-ver-quien-visita-mis-redes-sociales\/#primaryimage"},"image":{"@id":"https:\/\/universofamilia.com\/fr\/aplicacion-para-ver-quien-visita-mis-redes-sociales\/#primaryimage"},"thumbnailUrl":"http:\/\/universofamilia.com\/wp-content\/uploads\/sites\/148\/2024\/02\/P-550x350-8-3.jpg","datePublished":"2024-02-18T02:29:52+00:00","dateModified":"2025-10-05T03:23:13+00:00","author":{"@id":"https:\/\/universofamilia.com\/el\/#\/schema\/person\/f07ce98187dd84d31154262e79b3b7ca"},"description":"Aplicaci\u00f3n para Ver Qui\u00e9n Visita Mis Redes Sociales. En la era digital actual, nuestras redes sociales se han convertido en una extensi\u00f3n...","breadcrumb":{"@id":"https:\/\/universofamilia.com\/fr\/aplicacion-para-ver-quien-visita-mis-redes-sociales\/#breadcrumb"},"inLanguage":"cs","potentialAction":[{"@type":"ReadAction","target":["https:\/\/universofamilia.com\/fr\/aplicacion-para-ver-quien-visita-mis-redes-sociales\/"]}]},{"@type":"ImageObject","inLanguage":"cs","@id":"https:\/\/universofamilia.com\/fr\/aplicacion-para-ver-quien-visita-mis-redes-sociales\/#primaryimage","url":"http:\/\/universofamilia.com\/wp-content\/uploads\/sites\/148\/2024\/02\/P-550x350-8-3.jpg","contentUrl":"http:\/\/universofamilia.com\/wp-content\/uploads\/sites\/148\/2024\/02\/P-550x350-8-3.jpg","width":550,"height":350,"caption":"Aplicaci\u00f3n para Ver Qui\u00e9n Visita Mis Redes Sociales"},{"@type":"BreadcrumbList","@id":"https:\/\/universofamilia.com\/fr\/aplicacion-para-ver-quien-visita-mis-redes-sociales\/#breadcrumb","itemListElement":[{"@type":"ListItem","position":1,"name":"Home","item":"https:\/\/universofamilia.com\/el\/"},{"@type":"ListItem","position":2,"name":"Aplicaci\u00f3n para Ver Qui\u00e9n Visita Mis Redes Sociales"}]},{"@type":"WebSite","@id":"https:\/\/universofamilia.com\/el\/#website","url":"https:\/\/universofamilia.com\/el\/","name":"Universo Fam\u00edlia","description":"","potentialAction":[{"@type":"SearchAction","target":{"@type":"EntryPoint","urlTemplate":"https:\/\/universofamilia.com\/el\/?s={search_term_string}"},"query-input":"required name=search_term_string"}],"inLanguage":"cs"},{"@type":"Person","@id":"https:\/\/universofamilia.com\/el\/#\/schema\/person\/f07ce98187dd84d31154262e79b3b7ca","name":"Pedro Henrique","image":{"@type":"ImageObject","inLanguage":"cs","@id":"https:\/\/universofamilia.com\/el\/#\/schema\/person\/image\/","url":"http:\/\/0.gravatar.com\/avatar\/9edfeb808cb4e1599f64d6e45b130154?s=96&d=mm&r=g","contentUrl":"http:\/\/0.gravatar.com\/avatar\/9edfeb808cb4e1599f64d6e45b130154?s=96&d=mm&r=g","caption":"Pedro Henrique"},"url":"http:\/\/universofamilia.com\/cs\/author\/editor01\/"}]}},"_links":{"self":[{"href":"http:\/\/universofamilia.com\/cs\/wp-json\/wp\/v2\/posts\/5241"}],"collection":[{"href":"http:\/\/universofamilia.com\/cs\/wp-json\/wp\/v2\/posts"}],"about":[{"href":"http:\/\/universofamilia.com\/cs\/wp-json\/wp\/v2\/types\/post"}],"author":[{"embeddable":true,"href":"http:\/\/universofamilia.com\/cs\/wp-json\/wp\/v2\/users\/139"}],"replies":[{"embeddable":true,"href":"http:\/\/universofamilia.com\/cs\/wp-json\/wp\/v2\/comments?post=5241"}],"version-history":[{"count":2,"href":"http:\/\/universofamilia.com\/cs\/wp-json\/wp\/v2\/posts\/5241\/revisions"}],"predecessor-version":[{"id":9832,"href":"http:\/\/universofamilia.com\/cs\/wp-json\/wp\/v2\/posts\/5241\/revisions\/9832"}],"wp:featuredmedia":[{"embeddable":true,"href":"http:\/\/universofamilia.com\/cs\/wp-json\/wp\/v2\/media\/5242"}],"wp:attachment":[{"href":"http:\/\/universofamilia.com\/cs\/wp-json\/wp\/v2\/media?parent=5241"}],"wp:term":[{"taxonomy":"category","embeddable":true,"href":"http:\/\/universofamilia.com\/cs\/wp-json\/wp\/v2\/categories?post=5241"},{"taxonomy":"post_tag","embeddable":true,"href":"http:\/\/universofamilia.com\/cs\/wp-json\/wp\/v2\/tags?post=5241"}],"curies":[{"name":"wp","href":"https:\/\/api.w.org\/{rel}","templated":true}]}}