{"id":5254,"date":"2024-02-20T00:57:52","date_gmt":"2024-02-20T00:57:52","guid":{"rendered":"https:\/\/universofamilia.com\/?p=5254"},"modified":"2025-10-05T00:21:42","modified_gmt":"2025-10-05T03:21:42","slug":"aumenta-la-vida-util-de-la-bateria-de-tu-telefono","status":"publish","type":"post","link":"http:\/\/universofamilia.com\/cs\/aumenta-la-vida-util-de-la-bateria-de-tu-telefono\/","title":{"rendered":"Prodlu\u017ete v\u00fddr\u017e baterie sv\u00e9ho telefonu\ud83d\udcf1\u26a1"},"content":{"rendered":"<p>U\u017e jste se n\u011bkdy ocitli v situaci, kdy se v\u00e1m telefon ka\u017edou chv\u00edli vyb\u00edj\u00ed a vy jste daleko od domova? P\u0159evl\u00e1d\u00e1 ve v\u00e1s \u00fazkost, \u017ee?<\/p>\n\n\n\n<p>U\u017e neexistuj\u00ed \u017e\u00e1dn\u00e9 v\u00fdmluvy pro to, pro\u010d se vyb\u00edj\u00edme, s technologiemi na dosah ruky.<\/p>\n\n\n\n<p>Dnes v\u00e1m p\u0159edstav\u00edm dv\u011b aplikace, kter\u00e9 v\u00e1m mohou zachr\u00e1nit \u017eivot, pokud jde o prodlou\u017een\u00ed v\u00fddr\u017ee baterie va\u0161eho smartphonu.<\/p>\n\n\n\n<p>Koneckonc\u016f, kdo by necht\u011bl klid, bez obav, jestli mu telefon vydr\u017e\u00ed do konce dne? \ud83c\udf1f<\/p>\n\n\n\n<h2 class=\"wp-block-heading\">Viz tak\u00e9<\/h2>\n\n\n\n<ul class=\"has-medium-font-size\">\n<li class=\"has-medium-font-size\">\ud83d\udd0d\ud83d\udd75\ufe0f\u200d\u2640\ufe0f\ud83d\udd12<a href=\"https:\/\/universofamilia.com\/cs\/5092\/aplicaciones-espias-para-leer-mensajes-de-texto-en-otro-celular\/\">\u0160pion\u00e1\u017en\u00ed aplikace pro \u010dten\u00ed textov\u00fdch zpr\u00e1v na jin\u00e9m mobiln\u00edm telefonu<\/a><\/li>\n\n\n\n<li class=\"has-medium-font-size\">\ud83d\udcf8\ud83d\uddbc\ufe0f\ud83d\udcf1<a href=\"https:\/\/universofamilia.com\/cs\/5099\/restaurar-fotos-eliminadas-en-el-telefono-movil\/\">Obnoven\u00ed smazan\u00fdch fotografi\u00ed na mobiln\u00edm telefonu<\/a><\/li>\n\n\n\n<li class=\"has-medium-font-size\">\ud83d\udc91\u26ea\ufe0f\ud83d\udcd6<a href=\"https:\/\/universofamilia.com\/cs\/5105\/noviazgo-cristiano-para-toda-la-vida\/\">K\u0159es\u0165ansk\u00e9 rand\u011bn\u00ed na cel\u00fd \u017eivot<\/a><\/li>\n<\/ul>\n\n\n\n<h2 class=\"wp-block-heading\"><strong>D\u016fle\u017eitost dostate\u010dn\u00e9ho nabit\u00ed: Vyhn\u011bte se starostem!<\/strong><\/h2>\n\n\n\n<p>Ch\u016fze bez baterie je prakticky \u017eivot na hran\u011b, \u017ee? V dne\u0161n\u00ed dob\u011b, kdy jsou na\u0161e mobiln\u00ed telefony prodlou\u017een\u00edm n\u00e1s samotn\u00fdch, m\u016f\u017ee b\u00fdt vybit\u00ed baterie riskantn\u00ed.<\/p>\n\n\n\n<p>A\u0165 u\u017e jde o pr\u00e1ci, po\u0159izov\u00e1n\u00ed \u00fa\u017easn\u00fdch selfie nebo hran\u00ed n\u00e1vykov\u00e9 hry, v\u00fddr\u017e baterie je kl\u00ed\u010dem k dokonal\u00e9mu z\u00e1\u017eitku.<\/p>\n\n\n\n<p>A pr\u00e1v\u011b proto je nalezen\u00ed zp\u016fsob\u016f, jak prodlou\u017eit \u017eivotnost telefonu, tak d\u016fle\u017eit\u00e9. Dojde v\u00e1m baterie, kdy\u017e ji nejv\u00edc pot\u0159ebujete? Nep\u0159ich\u00e1z\u00ed v \u00favahu. \ud83d\udca1<\/p>\n\n\n\n<h2 class=\"wp-block-heading\"><strong>Drama s vybitou bateri\u00ed daleko od domova<\/strong><\/h2>\n\n\n\n<p>P\u0159edstavte si n\u00e1sleduj\u00edc\u00ed sc\u00e9nu: jste na nezn\u00e1m\u00e9m m\u00edst\u011b, pot\u0159ebujete GPS, abyste se zorientovali, a najednou se objev\u00ed sign\u00e1l slab\u00e9 baterie.<\/p>\n\n\n\n<p>Zoufalstv\u00ed je skute\u010dn\u00e9, \u017ee? Ale nebojte se, nen\u00ed t\u0159eba panika\u0159it! Poj\u010fme se pod\u00edvat na dva n\u00e1stroje, kter\u00e9 v\u00e1m pomohou vyhnout se tomuto dramatu a zajistit, aby byl v\u00e1\u0161 telefon v\u017edy p\u0159ipraven na cokoli, co p\u0159ijde d\u00e1l. \ud83d\ude0c<\/p>\n\n\n<div class=\"wp-block-image\">\n<figure class=\"aligncenter size-full\"><img loading=\"lazy\" decoding=\"async\" width=\"550\" height=\"350\" src=\"http:\/\/universofamilia.com\/wp-content\/uploads\/sites\/148\/2024\/02\/P-550x350-15.jpg\" alt=\"\" class=\"wp-image-5255\" srcset=\"http:\/\/universofamilia.com\/wp-content\/uploads\/sites\/148\/2024\/02\/P-550x350-15.jpg 550w, http:\/\/universofamilia.com\/wp-content\/uploads\/sites\/148\/2024\/02\/P-550x350-15-300x191.jpg 300w\" sizes=\"(max-width: 550px) 100vw, 550px\" \/><figcaption class=\"wp-element-caption\">Prodlu\u017ete v\u00fddr\u017e baterie sv\u00e9ho telefonu\ud83d\udcf1\u26a1<\/figcaption><\/figure><\/div>\n\n\n<h2 class=\"wp-block-heading\"><strong>2 aplikace pro zv\u00fd\u0161en\u00ed v\u00fddr\u017ee baterie telefonu<\/strong><\/h2>\n\n\n\n<h3 class=\"wp-block-heading\"><em>1. Aplikace AccuBattery:<\/em><\/h3>\n\n\n\n<p>Tato aplikace je jako osobn\u00ed tren\u00e9r pro va\u0161e bic\u00ed.<\/p>\n\n\n\n<p>S hodnocen\u00edm 4,6 hv\u011bzdi\u010dkami a v\u00edce ne\u017e 1,7 miliony recenz\u00ed na Androidu sleduje AccuBattery stav va\u0161\u00ed baterie a poskytuje cenn\u00e9 informace o kapacit\u011b, zb\u00fdvaj\u00edc\u00ed dob\u011b pou\u017e\u00edv\u00e1n\u00ed a vyu\u017eit\u00ed jednotliv\u00fdmi aplikacemi. Nab\u00edz\u00ed tak\u00e9 praktick\u00e9 tipy, jak prodlou\u017eit \u017eivotnost baterie. \ud83c\udfcb\ufe0f\u200d\u2642\ufe0f<\/p>\n\n\n\n<h3 class=\"wp-block-heading\">Spokojen\u00ed u\u017eivatel\u00e9 sd\u00edlej\u00ed sv\u00e9 zku\u0161enosti:<\/h3>\n\n\n\n<ul>\n<li>\u201eVynikaj\u00edc\u00ed aplikace pro sledov\u00e1n\u00ed stavu baterie.\u201c<\/li>\n\n\n\n<li>\u201ePomohlo mi to pochopit, jak vyu\u017e\u00edv\u00e1m baterii sv\u00e9ho mobiln\u00edho telefonu a prodlu\u017eovat jej\u00ed \u017eivotnost.\u201c<\/li>\n\n\n\n<li>\u201eTipy na \u00fasporu baterie jsou velmi u\u017eite\u010dn\u00e9.\u201c<\/li>\n<\/ul>\n\n\n\n<h2 class=\"wp-block-heading\"><em>2. Aplikace Greenify:<\/em><\/h2>\n\n\n\n<p>S hodnocen\u00edm 4,4 hv\u011bzdi\u010dky a v\u00edce ne\u017e 10 miliony recenz\u00ed na Androidu je Greenify pro va\u0161e aplikace jako mistr meditace.<\/p>\n\n\n\n<p>P\u0159epne aplikace, kter\u00e9 nepou\u017e\u00edv\u00e1te, do re\u017eimu sp\u00e1nku, \u010d\u00edm\u017e v\u00fdrazn\u011b sn\u00ed\u017e\u00ed spot\u0159ebu baterie.<\/p>\n\n\n\n<p>Nab\u00edz\u00ed tak\u00e9 dal\u0161\u00ed funkce, jako je re\u017eim \u00faspory baterie a monitor vyu\u017eit\u00ed baterie. \ud83c\udf3f<\/p>\n\n\n\n<h3 class=\"wp-block-heading\">Spokojen\u00ed u\u017eivatel\u00e9 sd\u00edlej\u00ed sv\u00e9 zku\u0161enosti:<\/h3>\n\n\n\n<ul>\n<li>\u201eSkv\u011bl\u00e1 aplikace pro \u00fasporu baterie.\u201c<\/li>\n\n\n\n<li>\u201ePomohlo mi to prodlou\u017eit v\u00fddr\u017e baterie m\u00e9ho mobiln\u00edho telefonu.\u201c<\/li>\n\n\n\n<li>\u201eRe\u017eim \u00faspory baterie je velmi u\u017eite\u010dn\u00fd.\u201c<\/li>\n<\/ul>\n\n\n\n<h2 class=\"wp-block-heading\"><strong>D\u016fle\u017eit\u00e9 pozn\u00e1mky:<\/strong><\/h2>\n\n\n\n<p>V\u017edy je dobr\u00e9 si uv\u011bdomit, \u017ee \u00fa\u010dinnost t\u011bchto aplikac\u00ed se m\u016f\u017ee li\u0161it v z\u00e1vislosti na za\u0159\u00edzen\u00ed a individu\u00e1ln\u00edm pou\u017eit\u00ed.<\/p>\n\n\n\n<p>Nav\u00edc je \u017eivotnost baterie omezen\u00e1 a nakonec ji bude nutn\u00e9 vym\u011bnit.<\/p>\n\n\n\n<p>A te\u010f k velk\u00e9mu odhalen\u00ed! Aplikace, kter\u00e9 v\u00e1m mohou b\u00fdt v\u011brn\u00fdmi spojenci ve snaze udr\u017eet si baterii v\u017edy plnou a p\u0159ipravenou na cokoli, co p\u0159ijde, jsou AccuBattery a Greenify.<\/p>\n\n\n\n<p>Za\u017eijte a pod\u011blte se o sv\u00e9 zku\u0161enosti! \ud83d\udcac<\/p>\n\n\n\n<h3 class=\"wp-block-heading\"><strong>Odkazy pro sta\u017een\u00ed aplikac\u00ed:<\/strong><\/h3>\n\n\n\n<ul>\n<li>Android:\n<ul>\n<li><a href=\"https:\/\/play.google.com\/store\/apps\/details?id=com.digibites.accubattery&amp;hl=en_US\">AccuBattery<\/a><\/li>\n\n\n\n<li><a href=\"https:\/\/play.google.com\/store\/apps\/details?id=com.oasisfeng.greenify&amp;hl=en_US\">Greenify<\/a><\/li>\n<\/ul>\n<\/li>\n<\/ul>\n\n\n\n<p>Nev\u00e1hejte se o tyto aplikace pod\u011blit se sv\u00fdmi p\u0159\u00e1teli a rodinou! V\u0161ichni m\u016f\u017eeme m\u00edt \u0161\u0165astn\u011bj\u0161\u00ed a d\u00e9le vydr\u017e\u00edc\u00ed baterie. \ud83d\ude80\u26a1<\/p>","protected":false},"excerpt":{"rendered":"<p>\u00bfAlguna vez has estado en esa situaci\u00f3n en la que tu tel\u00e9fono est\u00e1 a punto de morir, y est\u00e1s lejos de casa? La ansiedad se apodera de ti, \u00bfverdad? Ya no hay excusas para quedarse sin carga, con la tecnolog\u00eda a nuestro alcance. Hoy, te presentar\u00e9 dos aplicaciones que pueden ser la salvaci\u00f3n cuando se [&hellip;]<\/p>","protected":false},"author":219,"featured_media":5255,"comment_status":"closed","ping_status":"open","sticky":false,"template":"","format":"standard","meta":{"footnotes":""},"categories":[3],"tags":[384,494,495],"yoast_head":"<!-- This site is optimized with the Yoast SEO plugin v23.3 - https:\/\/yoast.com\/wordpress\/plugins\/seo\/ -->\n<title>Aumenta la Vida \u00datil de la Bater\u00eda de tu Tel\u00e9fono\ud83d\udcf1\u26a1 - Universo Fam\u00edlia<\/title>\n<meta name=\"description\" content=\"Aumenta la Vida \u00datil de la Bater\u00eda de tu Tel\u00e9fono\ud83d\udcf1\u26a1. \u00bfAlguna vez has estado en esa situaci\u00f3n en la que tu tel\u00e9fono est\u00e1 a punto de morir\" \/>\n<meta name=\"robots\" content=\"index, follow, max-snippet:-1, max-image-preview:large, max-video-preview:-1\" \/>\n<link rel=\"canonical\" href=\"http:\/\/universofamilia.com\/cs\/aumenta-la-vida-util-de-la-bateria-de-tu-telefono\/\" \/>\n<meta property=\"og:locale\" content=\"cs_CZ\" \/>\n<meta property=\"og:type\" content=\"article\" \/>\n<meta property=\"og:title\" content=\"Aumenta la Vida \u00datil de la Bater\u00eda de tu Tel\u00e9fono\ud83d\udcf1\u26a1 - Universo Fam\u00edlia\" \/>\n<meta property=\"og:description\" content=\"Aumenta la Vida \u00datil de la Bater\u00eda de tu Tel\u00e9fono\ud83d\udcf1\u26a1. \u00bfAlguna vez has estado en esa situaci\u00f3n en la que tu tel\u00e9fono est\u00e1 a punto de morir\" \/>\n<meta property=\"og:url\" content=\"http:\/\/universofamilia.com\/cs\/aumenta-la-vida-util-de-la-bateria-de-tu-telefono\/\" \/>\n<meta property=\"og:site_name\" content=\"Universo Fam\u00edlia\" \/>\n<meta property=\"article:published_time\" content=\"2024-02-20T00:57:52+00:00\" \/>\n<meta property=\"article:modified_time\" content=\"2025-10-05T03:21:42+00:00\" \/>\n<meta property=\"og:image\" content=\"http:\/\/universofamilia.com\/wp-content\/uploads\/sites\/148\/2024\/02\/P-550x350-15.jpg\" \/>\n\t<meta property=\"og:image:width\" content=\"550\" \/>\n\t<meta property=\"og:image:height\" content=\"350\" \/>\n\t<meta property=\"og:image:type\" content=\"image\/jpeg\" \/>\n<meta name=\"author\" content=\"Matheus Sangaletti\" \/>\n<meta name=\"twitter:card\" content=\"summary_large_image\" \/>\n<meta name=\"twitter:label1\" content=\"Written by\" \/>\n\t<meta name=\"twitter:data1\" content=\"Matheus Sangaletti\" \/>\n\t<meta name=\"twitter:label2\" content=\"Est. reading time\" \/>\n\t<meta name=\"twitter:data2\" content=\"4 minuty\" \/>\n<script type=\"application\/ld+json\" class=\"yoast-schema-graph\">{\"@context\":\"https:\/\/schema.org\",\"@graph\":[{\"@type\":\"WebPage\",\"@id\":\"http:\/\/universofamilia.com\/aumenta-la-vida-util-de-la-bateria-de-tu-telefono\/\",\"url\":\"http:\/\/universofamilia.com\/aumenta-la-vida-util-de-la-bateria-de-tu-telefono\/\",\"name\":\"Aumenta la Vida \u00datil de la Bater\u00eda de tu Tel\u00e9fono\ud83d\udcf1\u26a1 - Universo Fam\u00edlia\",\"isPartOf\":{\"@id\":\"https:\/\/universofamilia.com\/el\/#website\"},\"primaryImageOfPage\":{\"@id\":\"http:\/\/universofamilia.com\/aumenta-la-vida-util-de-la-bateria-de-tu-telefono\/#primaryimage\"},\"image\":{\"@id\":\"http:\/\/universofamilia.com\/aumenta-la-vida-util-de-la-bateria-de-tu-telefono\/#primaryimage\"},\"thumbnailUrl\":\"http:\/\/universofamilia.com\/wp-content\/uploads\/sites\/148\/2024\/02\/P-550x350-15.jpg\",\"datePublished\":\"2024-02-20T00:57:52+00:00\",\"dateModified\":\"2025-10-05T03:21:42+00:00\",\"author\":{\"@id\":\"https:\/\/universofamilia.com\/el\/#\/schema\/person\/92fcd07e9b1f4323bf74f3170fc0f78a\"},\"description\":\"Aumenta la Vida \u00datil de la Bater\u00eda de tu Tel\u00e9fono\ud83d\udcf1\u26a1. \u00bfAlguna vez has estado en esa situaci\u00f3n en la que tu tel\u00e9fono est\u00e1 a punto de morir\",\"breadcrumb\":{\"@id\":\"http:\/\/universofamilia.com\/aumenta-la-vida-util-de-la-bateria-de-tu-telefono\/#breadcrumb\"},\"inLanguage\":\"cs\",\"potentialAction\":[{\"@type\":\"ReadAction\",\"target\":[\"http:\/\/universofamilia.com\/aumenta-la-vida-util-de-la-bateria-de-tu-telefono\/\"]}]},{\"@type\":\"ImageObject\",\"inLanguage\":\"cs\",\"@id\":\"http:\/\/universofamilia.com\/aumenta-la-vida-util-de-la-bateria-de-tu-telefono\/#primaryimage\",\"url\":\"http:\/\/universofamilia.com\/wp-content\/uploads\/sites\/148\/2024\/02\/P-550x350-15.jpg\",\"contentUrl\":\"http:\/\/universofamilia.com\/wp-content\/uploads\/sites\/148\/2024\/02\/P-550x350-15.jpg\",\"width\":550,\"height\":350,\"caption\":\"Aumenta la Vida \u00datil de la Bater\u00eda de tu Tel\u00e9fono\ud83d\udcf1\u26a1\"},{\"@type\":\"BreadcrumbList\",\"@id\":\"http:\/\/universofamilia.com\/aumenta-la-vida-util-de-la-bateria-de-tu-telefono\/#breadcrumb\",\"itemListElement\":[{\"@type\":\"ListItem\",\"position\":1,\"name\":\"Home\",\"item\":\"https:\/\/universofamilia.com\/el\/\"},{\"@type\":\"ListItem\",\"position\":2,\"name\":\"Aumenta la Vida \u00datil de la Bater\u00eda de tu Tel\u00e9fono\ud83d\udcf1\u26a1\"}]},{\"@type\":\"WebSite\",\"@id\":\"https:\/\/universofamilia.com\/el\/#website\",\"url\":\"https:\/\/universofamilia.com\/el\/\",\"name\":\"Universo Fam\u00edlia\",\"description\":\"\",\"potentialAction\":[{\"@type\":\"SearchAction\",\"target\":{\"@type\":\"EntryPoint\",\"urlTemplate\":\"https:\/\/universofamilia.com\/el\/?s={search_term_string}\"},\"query-input\":\"required name=search_term_string\"}],\"inLanguage\":\"cs\"},{\"@type\":\"Person\",\"@id\":\"https:\/\/universofamilia.com\/el\/#\/schema\/person\/92fcd07e9b1f4323bf74f3170fc0f78a\",\"name\":\"Matheus Sangaletti\",\"image\":{\"@type\":\"ImageObject\",\"inLanguage\":\"cs\",\"@id\":\"https:\/\/universofamilia.com\/el\/#\/schema\/person\/image\/\",\"url\":\"http:\/\/2.gravatar.com\/avatar\/280ea957a14a48e6a1ad2133d2cc27c9?s=96&d=mm&r=g\",\"contentUrl\":\"http:\/\/2.gravatar.com\/avatar\/280ea957a14a48e6a1ad2133d2cc27c9?s=96&d=mm&r=g\",\"caption\":\"Matheus Sangaletti\"},\"url\":\"http:\/\/universofamilia.com\/cs\/author\/matheuss\/\"}]}<\/script>\n<!-- \/ Yoast SEO plugin. -->","yoast_head_json":{"title":"Aumenta la Vida \u00datil de la Bater\u00eda de tu Tel\u00e9fono\ud83d\udcf1\u26a1 - Universo Fam\u00edlia","description":"Aumenta la Vida \u00datil de la Bater\u00eda de tu Tel\u00e9fono\ud83d\udcf1\u26a1. \u00bfAlguna vez has estado en esa situaci\u00f3n en la que tu tel\u00e9fono est\u00e1 a punto de morir","robots":{"index":"index","follow":"follow","max-snippet":"max-snippet:-1","max-image-preview":"max-image-preview:large","max-video-preview":"max-video-preview:-1"},"canonical":"http:\/\/universofamilia.com\/cs\/aumenta-la-vida-util-de-la-bateria-de-tu-telefono\/","og_locale":"cs_CZ","og_type":"article","og_title":"Aumenta la Vida \u00datil de la Bater\u00eda de tu Tel\u00e9fono\ud83d\udcf1\u26a1 - Universo Fam\u00edlia","og_description":"Aumenta la Vida \u00datil de la Bater\u00eda de tu Tel\u00e9fono\ud83d\udcf1\u26a1. \u00bfAlguna vez has estado en esa situaci\u00f3n en la que tu tel\u00e9fono est\u00e1 a punto de morir","og_url":"http:\/\/universofamilia.com\/cs\/aumenta-la-vida-util-de-la-bateria-de-tu-telefono\/","og_site_name":"Universo Fam\u00edlia","article_published_time":"2024-02-20T00:57:52+00:00","article_modified_time":"2025-10-05T03:21:42+00:00","og_image":[{"width":550,"height":350,"url":"http:\/\/universofamilia.com\/wp-content\/uploads\/sites\/148\/2024\/02\/P-550x350-15.jpg","type":"image\/jpeg"}],"author":"Matheus Sangaletti","twitter_card":"summary_large_image","twitter_misc":{"Written by":"Matheus Sangaletti","Est. reading time":"4 minuty"},"schema":{"@context":"https:\/\/schema.org","@graph":[{"@type":"WebPage","@id":"http:\/\/universofamilia.com\/aumenta-la-vida-util-de-la-bateria-de-tu-telefono\/","url":"http:\/\/universofamilia.com\/aumenta-la-vida-util-de-la-bateria-de-tu-telefono\/","name":"Aumenta la Vida \u00datil de la Bater\u00eda de tu Tel\u00e9fono\ud83d\udcf1\u26a1 - Universo Fam\u00edlia","isPartOf":{"@id":"https:\/\/universofamilia.com\/el\/#website"},"primaryImageOfPage":{"@id":"http:\/\/universofamilia.com\/aumenta-la-vida-util-de-la-bateria-de-tu-telefono\/#primaryimage"},"image":{"@id":"http:\/\/universofamilia.com\/aumenta-la-vida-util-de-la-bateria-de-tu-telefono\/#primaryimage"},"thumbnailUrl":"http:\/\/universofamilia.com\/wp-content\/uploads\/sites\/148\/2024\/02\/P-550x350-15.jpg","datePublished":"2024-02-20T00:57:52+00:00","dateModified":"2025-10-05T03:21:42+00:00","author":{"@id":"https:\/\/universofamilia.com\/el\/#\/schema\/person\/92fcd07e9b1f4323bf74f3170fc0f78a"},"description":"Aumenta la Vida \u00datil de la Bater\u00eda de tu Tel\u00e9fono\ud83d\udcf1\u26a1. \u00bfAlguna vez has estado en esa situaci\u00f3n en la que tu tel\u00e9fono est\u00e1 a punto de morir","breadcrumb":{"@id":"http:\/\/universofamilia.com\/aumenta-la-vida-util-de-la-bateria-de-tu-telefono\/#breadcrumb"},"inLanguage":"cs","potentialAction":[{"@type":"ReadAction","target":["http:\/\/universofamilia.com\/aumenta-la-vida-util-de-la-bateria-de-tu-telefono\/"]}]},{"@type":"ImageObject","inLanguage":"cs","@id":"http:\/\/universofamilia.com\/aumenta-la-vida-util-de-la-bateria-de-tu-telefono\/#primaryimage","url":"http:\/\/universofamilia.com\/wp-content\/uploads\/sites\/148\/2024\/02\/P-550x350-15.jpg","contentUrl":"http:\/\/universofamilia.com\/wp-content\/uploads\/sites\/148\/2024\/02\/P-550x350-15.jpg","width":550,"height":350,"caption":"Aumenta la Vida \u00datil de la Bater\u00eda de tu Tel\u00e9fono\ud83d\udcf1\u26a1"},{"@type":"BreadcrumbList","@id":"http:\/\/universofamilia.com\/aumenta-la-vida-util-de-la-bateria-de-tu-telefono\/#breadcrumb","itemListElement":[{"@type":"ListItem","position":1,"name":"Home","item":"https:\/\/universofamilia.com\/el\/"},{"@type":"ListItem","position":2,"name":"Aumenta la Vida \u00datil de la Bater\u00eda de tu Tel\u00e9fono\ud83d\udcf1\u26a1"}]},{"@type":"WebSite","@id":"https:\/\/universofamilia.com\/el\/#website","url":"https:\/\/universofamilia.com\/el\/","name":"Universo Fam\u00edlia","description":"","potentialAction":[{"@type":"SearchAction","target":{"@type":"EntryPoint","urlTemplate":"https:\/\/universofamilia.com\/el\/?s={search_term_string}"},"query-input":"required name=search_term_string"}],"inLanguage":"cs"},{"@type":"Person","@id":"https:\/\/universofamilia.com\/el\/#\/schema\/person\/92fcd07e9b1f4323bf74f3170fc0f78a","name":"Matheus Sangaletti","image":{"@type":"ImageObject","inLanguage":"cs","@id":"https:\/\/universofamilia.com\/el\/#\/schema\/person\/image\/","url":"http:\/\/2.gravatar.com\/avatar\/280ea957a14a48e6a1ad2133d2cc27c9?s=96&d=mm&r=g","contentUrl":"http:\/\/2.gravatar.com\/avatar\/280ea957a14a48e6a1ad2133d2cc27c9?s=96&d=mm&r=g","caption":"Matheus Sangaletti"},"url":"http:\/\/universofamilia.com\/cs\/author\/matheuss\/"}]}},"_links":{"self":[{"href":"http:\/\/universofamilia.com\/cs\/wp-json\/wp\/v2\/posts\/5254"}],"collection":[{"href":"http:\/\/universofamilia.com\/cs\/wp-json\/wp\/v2\/posts"}],"about":[{"href":"http:\/\/universofamilia.com\/cs\/wp-json\/wp\/v2\/types\/post"}],"author":[{"embeddable":true,"href":"http:\/\/universofamilia.com\/cs\/wp-json\/wp\/v2\/users\/219"}],"replies":[{"embeddable":true,"href":"http:\/\/universofamilia.com\/cs\/wp-json\/wp\/v2\/comments?post=5254"}],"version-history":[{"count":1,"href":"http:\/\/universofamilia.com\/cs\/wp-json\/wp\/v2\/posts\/5254\/revisions"}],"predecessor-version":[{"id":9831,"href":"http:\/\/universofamilia.com\/cs\/wp-json\/wp\/v2\/posts\/5254\/revisions\/9831"}],"wp:featuredmedia":[{"embeddable":true,"href":"http:\/\/universofamilia.com\/cs\/wp-json\/wp\/v2\/media\/5255"}],"wp:attachment":[{"href":"http:\/\/universofamilia.com\/cs\/wp-json\/wp\/v2\/media?parent=5254"}],"wp:term":[{"taxonomy":"category","embeddable":true,"href":"http:\/\/universofamilia.com\/cs\/wp-json\/wp\/v2\/categories?post=5254"},{"taxonomy":"post_tag","embeddable":true,"href":"http:\/\/universofamilia.com\/cs\/wp-json\/wp\/v2\/tags?post=5254"}],"curies":[{"name":"wp","href":"https:\/\/api.w.org\/{rel}","templated":true}]}}