{"id":5958,"date":"2024-05-14T19:53:48","date_gmt":"2024-05-14T22:53:48","guid":{"rendered":"https:\/\/universofamilia.com\/?p=5958"},"modified":"2025-01-29T01:24:11","modified_gmt":"2025-01-29T01:24:11","slug":"recuperando-momentos-perdidos-3","status":"publish","type":"post","link":"http:\/\/universofamilia.com\/cs\/recuperando-momentos-perdidos-3\/","title":{"rendered":"\ud83d\udcf8 Obnoven\u00ed ztracen\u00fdch okam\u017eik\u016f"},"content":{"rendered":"<p>\ud83d\udcf8 Obnoven\u00ed ztracen\u00fdch okam\u017eik\u016f: D\u016fle\u017eitost zv\u011b\u010d\u0148ov\u00e1n\u00ed vzpom\u00ednek \ud83d\udcf8<\/p>\n\n\n\n<p>Ach, fotky! Jsou jako mal\u00e1 ok\u00e9nka do minulosti, zachycuj\u00edc\u00ed vz\u00e1cn\u00e9 okam\u017eiky, kter\u00e9 si chceme uchovat nav\u017edy.<\/p>\n\n\n\n<p>N\u011bkdy se v\u0161ak tyto digit\u00e1ln\u00ed poklady mohou ztratit, a\u0165 u\u017e kv\u016fli n\u00e1hodn\u00e9mu dotyku telefonu nebo n\u011bjak\u00e9 technologick\u00e9 z\u00e1had\u011b.<\/p>\n\n\n\n<p>Ale nebojte se! Tato p\u0159\u00edru\u010dka v\u00e1m uk\u00e1\u017ee, jak znovu z\u00edskat ty vz\u00e1cn\u00e9 ztracen\u00e9 okam\u017eiky a zajistit, aby va\u0161e vzpom\u00ednky byly v bezpe\u010d\u00ed nav\u017edy.<\/p>\n\n\n\n<p><\/p>\n\n\n\n<hr class=\"wp-block-separator has-text-color has-luminous-vivid-orange-color has-alpha-channel-opacity has-luminous-vivid-orange-background-color has-background\" \/>\n\n\n\n<h2 class=\"wp-block-heading\">\u010ct\u011bte tak\u00e9:<\/h2>\n\n\n\n<div class=\"wp-block-columns is-layout-flex wp-container-core-columns-layout-1 wp-block-columns-is-layout-flex\">\n<div class=\"wp-block-column is-layout-flow wp-block-column-is-layout-flow\">\n<div class=\"wp-block-buttons is-layout-flex wp-block-buttons-is-layout-flex\">\n<div class=\"wp-block-button has-custom-width wp-block-button__width-100\" style=\"text-decoration:none\"><a class=\"wp-block-button__link has-white-color has-vivid-cyan-blue-background-color has-text-color has-background has-link-color has-text-align-left wp-element-button\" href=\"https:\/\/universofamilia.com\/cs\/5893\/acelera-tu-celular-despierta-tu-productividad\/\" style=\"border-radius:10px\" target=\"_blank\" rel=\"noreferrer noopener\"><font style=\"vertical-align: inherit\"><font style=\"vertical-align: inherit\">\ud83d\udccc Zrychlete sv\u016fj mobiln\u00ed telefon \ud83d\udcf1<\/font><\/font> &gt;<\/a><\/div>\n\n\n\n<div class=\"wp-block-button has-custom-width wp-block-button__width-100\" style=\"text-decoration:none\"><a class=\"wp-block-button__link has-white-color has-vivid-cyan-blue-background-color has-text-color has-background has-link-color has-text-align-left wp-element-button\" href=\"https:\/\/universofamilia.com\/cs\/5869\/descubre-quien-te-esta-observando-en-las-redes-sociales\/\" style=\"border-radius:10px\" target=\"_blank\" rel=\"noreferrer noopener\"><font style=\"vertical-align: inherit\"><font style=\"vertical-align: inherit\"><font style=\"vertical-align: inherit\"><font style=\"vertical-align: inherit\">\ud83d\udccc Kdo nav\u0161t\u00edvil v\u00e1\u0161 profil<\/font><\/font><\/font><\/font> &gt;<\/a><\/div>\n<\/div>\n<\/div>\n\n\n\n<div class=\"wp-block-column is-layout-flow wp-block-column-is-layout-flow\">\n<div class=\"wp-block-buttons is-layout-flex wp-block-buttons-is-layout-flex\">\n<div class=\"wp-block-button has-custom-width wp-block-button__width-100\" style=\"text-decoration:none\"><a class=\"wp-block-button__link has-white-color has-vivid-cyan-blue-background-color has-text-color has-background has-link-color has-text-align-left wp-element-button\" href=\"https:\/\/universofamilia.com\/cs\/5859\/el-encanto-de-las-telenovelas-turcas\/\" style=\"border-radius:10px\" target=\"_blank\" rel=\"noreferrer noopener\"><font style=\"vertical-align: inherit\"><font style=\"vertical-align: inherit\"><font style=\"vertical-align: inherit\"><font style=\"vertical-align: inherit\">\ud83d\udccd<\/font><\/font> Tureck\u00e9 telenovely &gt;<\/font><\/font><\/a><\/div>\n<\/div>\n<\/div>\n<\/div>\n\n\n\n<hr class=\"wp-block-separator has-text-color has-luminous-vivid-orange-color has-alpha-channel-opacity has-luminous-vivid-orange-background-color has-background\" \/>\n\n\n\n<p><\/p>\n\n\n\n<h2 class=\"wp-block-heading\">Bolest ze ztr\u00e1ty drahocenn\u00fdch vzpom\u00ednek \ud83d\ude22<\/h2>\n\n\n\n<p>Je t\u011b\u017ek\u00e9 vyj\u00e1d\u0159it smutek, kter\u00fd c\u00edt\u00edme, kdy\u017e si uv\u011bdom\u00edme, \u017ee z na\u0161ich mobiln\u00edch telefon\u016f zmizely speci\u00e1ln\u00ed fotografie.<\/p>\n\n\n\n<p>Jsou to jedine\u010dn\u00e9 okam\u017eiky, zachycen\u00e9 v magick\u00fdch okam\u017eic\u00edch, kter\u00e9 se nyn\u00ed zdaj\u00ed b\u00fdt nav\u017edy ztraceny.<\/p>\n\n\n\n<p>Koneckonc\u016f, kdo se neocitl v situaci, kdy prohled\u00e1val digit\u00e1ln\u00ed soubory a hledal tu nezapomenutelnou fotku z v\u00fdletu nebo narozeninov\u00e9 oslavy nejlep\u0161\u00edho p\u0159\u00edtele?<\/p>\n\n\n\n<p>Fotografie jsou v\u00edc ne\u017e jen obrazy; jsou to pam\u00e1tky, kter\u00e9 n\u00e1s spojuj\u00ed s minulost\u00ed, pln\u00e9 emoc\u00ed a p\u0159\u00edb\u011bh\u016f.<\/p>\n\n\n\n<p>A kdy\u017e tyto relikvie zmiz\u00ed, zanechaj\u00ed v na\u0161ich srdc\u00edch pr\u00e1zdnotu. Ale nezoufejte! Existuj\u00ed zp\u016fsoby, jak tyto okam\u017eiky o\u017eivit, a my v\u00e1m uk\u00e1\u017eeme jak.<\/p>\n\n\n\n<h2 class=\"wp-block-heading\">Obnova ztracen\u00fdch fotografi\u00ed: Podrobn\u00fd n\u00e1vod \ud83d\udd04<\/h2>\n\n\n\n<p>Pokud jste n\u011bkdy truchlili nad ztr\u00e1tou drahocenn\u00fdch fotografi\u00ed, v\u011bzte, \u017ee existuje nad\u011bje!<\/p>\n\n\n\n<p>S pokrokem v technologii existuj\u00ed aplikace ur\u010den\u00e9 pro obnovu ztracen\u00fdch nebo omylem smazan\u00fdch fotografi\u00ed.<\/p>\n\n\n\n<p>Ne\u017e se ale pust\u00edme do detail\u016f, je d\u016fle\u017eit\u00e9 pochopit, pro\u010d je kl\u00ed\u010dov\u00e9 jednat rychle, kdy\u017e si uv\u011bdom\u00edte, \u017ee va\u0161e fotografie zmizely.<\/p>\n\n\n\n<h2 class=\"wp-block-heading\">\ud83d\udd70\ufe0f Rychl\u00e9 jedn\u00e1n\u00ed: Kl\u00ed\u010d k \u00fasp\u011bchu \ud83d\udd70\ufe0f<\/h2>\n\n\n\n<p>Jakmile si uv\u011bdom\u00edte, \u017ee va\u0161e fotografie zmizely, je nezbytn\u00e9 jednat rychle.<\/p>\n\n\n\n<p>\u010c\u00edm v\u00edce \u010dasu uplyne, t\u00edm v\u011bt\u0161\u00ed je pravd\u011bpodobnost, \u017ee tyto cenn\u00e9 soubory budou p\u0159eps\u00e1ny nov\u00fdmi daty, co\u017e zt\u00ed\u017e\u00ed, ne-li znemo\u017en\u00ed, jejich obnovu.<\/p>\n\n\n\n<p>Jakmile si tedy v\u0161imnete, \u017ee va\u0161e fotografie chyb\u00ed, zastavte v\u0161e a okam\u017eit\u011b spus\u0165te proces obnovy.<\/p>\n\n\n\n<p>Ale jak obnovit ztracen\u00e9 fotografie? N\u00ed\u017ee p\u0159edstavujeme t\u0159i neuv\u011b\u0159iteln\u00e9 aplikace, kter\u00e9 v\u00e1m v t\u00e9to digit\u00e1ln\u00ed z\u00e1chrann\u00e9 misi mohou pomoci.<\/p>\n\n\n\n<p>Nezapome\u0148te \u010d\u00edst d\u00e1l a dozv\u011bd\u011bt se o ka\u017ed\u00e9m z nich v\u00edce a co \u0159\u00edkaj\u00ed u\u017eivatel\u00e9!<\/p>\n\n\n<div class=\"wp-block-image\">\n<figure class=\"aligncenter size-full\"><img loading=\"lazy\" decoding=\"async\" width=\"550\" height=\"350\" src=\"http:\/\/universofamilia.com\/wp-content\/uploads\/sites\/148\/2024\/05\/P-550x350-3-2.jpg\" alt=\"\" class=\"wp-image-5960\" srcset=\"http:\/\/universofamilia.com\/wp-content\/uploads\/sites\/148\/2024\/05\/P-550x350-3-2.jpg 550w, http:\/\/universofamilia.com\/wp-content\/uploads\/sites\/148\/2024\/05\/P-550x350-3-2-300x191.jpg 300w\" sizes=\"(max-width: 550px) 100vw, 550px\" \/><figcaption class=\"wp-element-caption\">\ud83d\udcf8 Obnoven\u00ed ztracen\u00fdch okam\u017eik\u016f<\/figcaption><\/figure><\/div>\n\n\n<h2 class=\"wp-block-heading\">\ud83d\udca1 Aplikace pro z\u00e1chranu zapomenut\u00fdch okam\u017eik\u016f \ud83d\udca1<\/h2>\n\n\n\n<ol>\n<li><strong>Obnova fotografi\u00ed z DiskDiggeru<\/strong>Tato aplikace je jako skute\u010dn\u00fd digit\u00e1ln\u00ed detektiv, schopn\u00fd prohledat hlubok\u00e9 soubory va\u0161eho za\u0159\u00edzen\u00ed a hledat ztracen\u00e9 fotografie. D\u00edky intuitivn\u00edmu rozhran\u00ed DiskDigger usnad\u0148uje proces obnovy a je p\u0159\u00edstupn\u00fd i t\u011bm nejnezku\u0161en\u011bj\u0161\u00edm.<\/li>\n\n\n\n<li><strong>Obnoven\u00ed smazan\u00fdch fotografi\u00ed<\/strong>Pokud jste omylem smazali sv\u00e9 fotografie, tato aplikace se m\u016f\u017ee st\u00e1t va\u0161\u00edm nejlep\u0161\u00edm p\u0159\u00edtelem. D\u00edky vysok\u00e9 m\u00ed\u0159e \u00fasp\u011b\u0161nosti p\u0159i obnov\u011b smazan\u00fdch fotografi\u00ed nab\u00edz\u00ed Undeleter jednoduch\u00e9 a efektivn\u00ed \u0159e\u0161en\u00ed pro zoufal\u00e9 chv\u00edle.<\/li>\n\n\n\n<li><strong>EaseUS MobiSaver pro Android\/iOS<\/strong>A\u0165 u\u017e jste u\u017eivatelem syst\u00e9mu Android nebo iOS, EaseUS MobiSaver je tu, aby v\u00e1m pomohl. D\u00edky u\u017eivatelsky p\u0159\u00edv\u011btiv\u00e9mu rozhran\u00ed a v\u00fdkonn\u00fdm algoritm\u016fm obnovy je tato aplikace nezbytn\u00fdm n\u00e1strojem pro ty, kte\u0159\u00ed cht\u011bj\u00ed obnovit sv\u00e9 ztracen\u00e9 vzpom\u00ednky.<\/li>\n<\/ol>\n\n\n\n<h2 class=\"wp-block-heading\">\ud83d\udde3\ufe0f Co \u0159\u00edkaj\u00ed u\u017eivatel\u00e9? \ud83d\udde3\ufe0f<\/h2>\n\n\n\n<p>Po d\u016fkladn\u00e9m prozkoum\u00e1n\u00ed ka\u017ed\u00e9 z t\u011bchto aplikac\u00ed jsme byli ohromeni t\u00edm, co k nim u\u017eivatel\u00e9 \u0159ekli.<\/p>\n\n\n\n<p>Zde je n\u011bkolik referenc\u00ed:<\/p>\n\n\n\n<ul>\n<li>\u201eNejlep\u0161\u00ed aplikace pro obnovu fotografi\u00ed, jakou jsem kdy pou\u017eil!\u201c \u2013 Jo\u00e3o S.<\/li>\n\n\n\n<li>\u201ePoda\u0159ilo se mi obnovit fotografie, o kter\u00fdch jsem si myslela, \u017ee jsou nav\u017edy ztracen\u00e9!\u201c \u2013 Mar\u00eda A.<\/li>\n\n\n\n<li>\u201eJednoduch\u00e1 a efektivn\u00ed aplikace pro obnovu smazan\u00fdch fotografi\u00ed.\u201c \u2013 Pedro B.<\/li>\n\n\n\n<li>\u201eDoporu\u010duji to t\u011bm, kte\u0159\u00ed pot\u0159ebuj\u00ed obnovit ztracen\u00e9 fotografie.\u201c \u2013 Ana C.<\/li>\n\n\n\n<li>\u201ePoda\u0159ilo se mi obnovit fotografie, kter\u00e9 jsem omylem smazal.\u201c \u2013 Carlos D.<\/li>\n\n\n\n<li>\u201eVelmi dobr\u00e1 aplikace pro obnovu ztracen\u00fdch dat.\u201c \u2013 Fernanda E.<\/li>\n<\/ul>\n\n\n\n<h2 class=\"wp-block-heading\">\ud83c\udf1f Tipy pro \u00fasp\u011b\u0161n\u00e9 zotaven\u00ed \ud83c\udf1f<\/h2>\n\n\n\n<p>Ne\u017e za\u010dnete s procesem zotaven\u00ed, zde je n\u011bkolik u\u017eite\u010dn\u00fdch tip\u016f, kter\u00e9 zv\u00fd\u0161\u00ed va\u0161e \u0161ance na \u00fasp\u011bch:<\/p>\n\n\n\n<ul>\n<li><strong>Jednejte rychle<\/strong>\u010c\u00edm d\u0159\u00edve budete jednat, t\u00edm v\u011bt\u0161\u00ed m\u00e1te \u0161anci na obnoven\u00ed sv\u00fdch fotografi\u00ed.<\/li>\n\n\n\n<li><strong>Vyhn\u011bte se pou\u017e\u00edv\u00e1n\u00ed za\u0159\u00edzen\u00ed<\/strong>Abyste p\u0159ede\u0161li p\u0159et\u00ed\u017een\u00ed dat, je d\u016fle\u017eit\u00e9 za\u0159\u00edzen\u00ed nepou\u017e\u00edvat, jakmile si v\u0161imnete ztr\u00e1ty fotografi\u00ed.<\/li>\n\n\n\n<li><strong>Pravideln\u011b z\u00e1lohujte<\/strong>Prevence je v\u017edy lep\u0161\u00ed ne\u017e l\u00e9\u010dba. Pravideln\u011b z\u00e1lohujte sv\u00e9 fotografie, abyste se v budoucnu vyhnuli probl\u00e9m\u016fm.<\/li>\n<\/ul>\n\n\n\n<h2 class=\"wp-block-heading\">\ud83d\udce5 St\u00e1hnout nyn\u00ed! \ud83d\udce5<\/h2>\n\n\n\n<p>Nyn\u00ed, kdy\u017e zn\u00e1te aplikace a jste p\u0159ipraveni za\u010d\u00edt s obnovou ztracen\u00fdch fotografi\u00ed, neztr\u00e1cejte \u010das!<\/p>\n\n\n\n<p>St\u00e1hn\u011bte si aplikace z n\u00ed\u017ee uveden\u00fdch odkaz\u016f a vdechn\u011bte sv\u00fdm vz\u00e1cn\u00fdm okam\u017eik\u016fm \u017eivot:<\/p>\n\n\n\n<ul>\n<li><strong>Obnova fotografi\u00ed z DiskDiggeru<\/strong>: <a href=\"https:\/\/play.google.com\/store\/apps\/details?id=com.defianttech.diskdigger&amp;hl=en_US\" target=\"_blank\" rel=\"noreferrer noopener\">Obchod Google Play<\/a><\/li>\n\n\n\n<li><strong>Obnoven\u00ed smazan\u00fdch fotografi\u00ed<\/strong>: <a href=\"https:\/\/play.google.com\/store\/apps\/details?id=inshot.data.recovery.restore.deleted.data.diskdigger&amp;hl=en_US\" target=\"_blank\" rel=\"noreferrer noopener\">Obchod Google Play<\/a> | <a href=\"https:\/\/support.apple.com\/guide\/icloud\/recover-deleted-files-mmae56ea1ca5\/icloud\" target=\"_blank\" rel=\"noreferrer noopener\">Obchod s aplikacemi<\/a><\/li>\n\n\n\n<li><strong>EaseUS MobiSaver pro Android\/iOS<\/strong>: <a href=\"https:\/\/play.google.com\/store\/apps\/details?id=com.easeus.mobisaver\" target=\"_blank\" rel=\"noreferrer noopener\">Obchod Google Play<\/a> | <a href=\"https:\/\/apps.apple.com\/us\/app\/easeus-data-recovery-wizard\/id740355970?mt=12\" target=\"_blank\" rel=\"noreferrer noopener\">Obchod s aplikacemi<\/a><\/li>\n<\/ul>\n\n\n\n<p><\/p>\n\n\n\n<hr class=\"wp-block-separator has-text-color has-luminous-vivid-orange-color has-alpha-channel-opacity has-luminous-vivid-orange-background-color has-background\" \/>\n\n\n\n<h2 class=\"wp-block-heading\">\u010ct\u011bte tak\u00e9:<\/h2>\n\n\n\n<div class=\"wp-block-columns is-layout-flex wp-container-core-columns-layout-2 wp-block-columns-is-layout-flex\">\n<div class=\"wp-block-column is-layout-flow wp-block-column-is-layout-flow\">\n<div class=\"wp-block-buttons is-layout-flex wp-block-buttons-is-layout-flex\">\n<div class=\"wp-block-button has-custom-width wp-block-button__width-100\" style=\"text-decoration:none\"><a class=\"wp-block-button__link has-white-color has-vivid-cyan-blue-background-color has-text-color has-background has-link-color has-text-align-left wp-element-button\" href=\"https:\/\/universofamilia.com\/cs\/5893\/acelera-tu-celular-despierta-tu-productividad\/\" style=\"border-radius:10px\" target=\"_blank\" rel=\"noreferrer noopener\"><font style=\"vertical-align: inherit\"><font style=\"vertical-align: inherit\">\ud83d\udccc Zrychlete sv\u016fj mobiln\u00ed telefon \ud83d\udcf1<\/font><\/font> &gt;<\/a><\/div>\n\n\n\n<div class=\"wp-block-button has-custom-width wp-block-button__width-100\" style=\"text-decoration:none\"><a class=\"wp-block-button__link has-white-color has-vivid-cyan-blue-background-color has-text-color has-background has-link-color has-text-align-left wp-element-button\" href=\"https:\/\/universofamilia.com\/cs\/5869\/descubre-quien-te-esta-observando-en-las-redes-sociales\/\" style=\"border-radius:10px\" target=\"_blank\" rel=\"noreferrer noopener\"><font style=\"vertical-align: inherit\"><font style=\"vertical-align: inherit\"><font style=\"vertical-align: inherit\"><font style=\"vertical-align: inherit\">\ud83d\udccc Kdo nav\u0161t\u00edvil v\u00e1\u0161 profil<\/font><\/font><\/font><\/font> &gt;<\/a><\/div>\n<\/div>\n<\/div>\n\n\n\n<div class=\"wp-block-column is-layout-flow wp-block-column-is-layout-flow\">\n<div class=\"wp-block-buttons is-layout-flex wp-block-buttons-is-layout-flex\">\n<div class=\"wp-block-button has-custom-width wp-block-button__width-100\" style=\"text-decoration:none\"><a class=\"wp-block-button__link has-white-color has-vivid-cyan-blue-background-color has-text-color has-background has-link-color has-text-align-left wp-element-button\" href=\"https:\/\/universofamilia.com\/cs\/5859\/el-encanto-de-las-telenovelas-turcas\/\" style=\"border-radius:10px\" target=\"_blank\" rel=\"noreferrer noopener\"><font style=\"vertical-align: inherit\"><font style=\"vertical-align: inherit\"><font style=\"vertical-align: inherit\"><font style=\"vertical-align: inherit\">\ud83d\udccd<\/font><\/font> Tureck\u00e9 telenovely &gt;<\/font><\/font><\/a><\/div>\n<\/div>\n<\/div>\n<\/div>\n\n\n\n<hr class=\"wp-block-separator has-text-color has-luminous-vivid-orange-color has-alpha-channel-opacity has-luminous-vivid-orange-background-color has-background\" \/>\n\n\n\n<p><\/p>\n\n\n\n<h2 class=\"wp-block-heading\">\ud83c\udf08 Z\u00e1v\u011br: Cesta nad\u011bje \ud83c\udf08<\/h2>\n\n\n\n<p>Ztr\u00e1ta cenn\u00fdch fotografi\u00ed m\u016f\u017ee b\u00fdt zni\u010duj\u00edc\u00ed z\u00e1\u017eitek, ale nemus\u00ed to b\u00fdt pro va\u0161e vzpom\u00ednky konec.<\/p>\n\n\n\n<p>Se spr\u00e1vn\u00fdmi aplikacemi a trochou odhodl\u00e1n\u00ed m\u016f\u017eete tyto okam\u017eiky o\u017eivit a zajistit, aby va\u0161e vzpom\u00ednky byly nav\u017edy v bezpe\u010d\u00ed.<\/p>\n\n\n\n<p>Nenechte tedy sv\u00e9 nejcenn\u011bj\u0161\u00ed okam\u017eiky ztratit v digit\u00e1ln\u00edm \u00e9teru.<\/p>\n\n\n\n<p>St\u00e1hn\u011bte si doporu\u010den\u00e9 aplikace, \u0159i\u010fte se na\u0161imi tipy a vydejte se na cestu nad\u011bje a uzdraven\u00ed. Va\u0161e vzpom\u00ednky na v\u00e1s \u010dekaj\u00ed!<\/p>\n\n\n\n<p>Neztr\u00e1cejte \u010das! St\u00e1hn\u011bte si aplikace a zachra\u0148te sv\u00e9 ztracen\u00e9 vzpom\u00ednky je\u0161t\u011b dnes. \ud83d\udcf8\u2728<\/p>","protected":false},"excerpt":{"rendered":"<p>\ud83d\udcf8 Obnoven\u00ed ztracen\u00fdch okam\u017eik\u016f: D\u016fle\u017eitost zv\u011b\u010d\u0148ov\u00e1n\u00ed vzpom\u00ednek \ud83d\udcf8 Ach, fotky! Jsou jako mal\u00e1 ok\u00e9nka do minulosti, zachycuj\u00edc\u00ed vz\u00e1cn\u00e9 okam\u017eiky, kter\u00e9 si chceme uchovat nav\u017edy. N\u011bkdy v\u0161ak tyto digit\u00e1ln\u00ed poklady mohou zmizet, a\u0165 u\u017e n\u00e1hodn\u00fdm dotykem telefonu nebo n\u011bjakou technologickou z\u00e1hadou. Ale nebojte se! Tento pr\u016fvodce [\u2026]<\/p>","protected":false},"author":139,"featured_media":5960,"comment_status":"closed","ping_status":"open","sticky":false,"template":"","format":"standard","meta":{"footnotes":""},"categories":[2],"tags":[110,151,1660],"yoast_head":"<!-- This site is optimized with the Yoast SEO plugin v23.3 - https:\/\/yoast.com\/wordpress\/plugins\/seo\/ -->\n<title>\ud83d\udcf8 Recuperando Momentos Perdidos - Universo Fam\u00edlia<\/title>\n<meta name=\"description\" content=\"\ud83d\udcf8 Recuperando Momentos Perdidos. \u00a1Ah, las fotos! Son como peque\u00f1as ventanas al pasado, capturando momentos preciosos...\" \/>\n<meta name=\"robots\" content=\"index, follow, max-snippet:-1, max-image-preview:large, max-video-preview:-1\" \/>\n<link rel=\"canonical\" href=\"http:\/\/universofamilia.com\/cs\/recuperando-momentos-perdidos-3\/\" \/>\n<meta property=\"og:locale\" content=\"cs_CZ\" \/>\n<meta property=\"og:type\" content=\"article\" \/>\n<meta property=\"og:title\" content=\"\ud83d\udcf8 Recuperando Momentos Perdidos - Universo Fam\u00edlia\" \/>\n<meta property=\"og:description\" content=\"\ud83d\udcf8 Recuperando Momentos Perdidos. \u00a1Ah, las fotos! Son como peque\u00f1as ventanas al pasado, capturando momentos preciosos...\" \/>\n<meta property=\"og:url\" content=\"http:\/\/universofamilia.com\/cs\/recuperando-momentos-perdidos-3\/\" \/>\n<meta property=\"og:site_name\" content=\"Universo Fam\u00edlia\" \/>\n<meta property=\"article:published_time\" content=\"2024-05-14T22:53:48+00:00\" \/>\n<meta property=\"article:modified_time\" content=\"2025-01-29T01:24:11+00:00\" \/>\n<meta property=\"og:image\" content=\"http:\/\/universofamilia.com\/wp-content\/uploads\/sites\/148\/2024\/05\/P-550x350-3-2.jpg\" \/>\n\t<meta property=\"og:image:width\" content=\"550\" \/>\n\t<meta property=\"og:image:height\" content=\"350\" \/>\n\t<meta property=\"og:image:type\" content=\"image\/jpeg\" \/>\n<meta name=\"author\" content=\"Pedro Henrique\" \/>\n<meta name=\"twitter:card\" content=\"summary_large_image\" \/>\n<meta name=\"twitter:label1\" content=\"Written by\" \/>\n\t<meta name=\"twitter:data1\" content=\"Pedro Henrique\" \/>\n\t<meta name=\"twitter:label2\" content=\"Est. reading time\" \/>\n\t<meta name=\"twitter:data2\" content=\"6 minut\" \/>\n<script type=\"application\/ld+json\" class=\"yoast-schema-graph\">{\"@context\":\"https:\/\/schema.org\",\"@graph\":[{\"@type\":\"WebPage\",\"@id\":\"http:\/\/universofamilia.com\/hr\/recuperando-momentos-perdidos-3\/\",\"url\":\"http:\/\/universofamilia.com\/hr\/recuperando-momentos-perdidos-3\/\",\"name\":\"\ud83d\udcf8 Recuperando Momentos Perdidos - Universo Fam\u00edlia\",\"isPartOf\":{\"@id\":\"https:\/\/universofamilia.com\/el\/#website\"},\"primaryImageOfPage\":{\"@id\":\"http:\/\/universofamilia.com\/hr\/recuperando-momentos-perdidos-3\/#primaryimage\"},\"image\":{\"@id\":\"http:\/\/universofamilia.com\/hr\/recuperando-momentos-perdidos-3\/#primaryimage\"},\"thumbnailUrl\":\"http:\/\/universofamilia.com\/wp-content\/uploads\/sites\/148\/2024\/05\/P-550x350-3-2.jpg\",\"datePublished\":\"2024-05-14T22:53:48+00:00\",\"dateModified\":\"2025-01-29T01:24:11+00:00\",\"author\":{\"@id\":\"https:\/\/universofamilia.com\/el\/#\/schema\/person\/f07ce98187dd84d31154262e79b3b7ca\"},\"description\":\"\ud83d\udcf8 Recuperando Momentos Perdidos. \u00a1Ah, las fotos! Son como peque\u00f1as ventanas al pasado, capturando momentos preciosos...\",\"breadcrumb\":{\"@id\":\"http:\/\/universofamilia.com\/hr\/recuperando-momentos-perdidos-3\/#breadcrumb\"},\"inLanguage\":\"cs\",\"potentialAction\":[{\"@type\":\"ReadAction\",\"target\":[\"http:\/\/universofamilia.com\/hr\/recuperando-momentos-perdidos-3\/\"]}]},{\"@type\":\"ImageObject\",\"inLanguage\":\"cs\",\"@id\":\"http:\/\/universofamilia.com\/hr\/recuperando-momentos-perdidos-3\/#primaryimage\",\"url\":\"http:\/\/universofamilia.com\/wp-content\/uploads\/sites\/148\/2024\/05\/P-550x350-3-2.jpg\",\"contentUrl\":\"http:\/\/universofamilia.com\/wp-content\/uploads\/sites\/148\/2024\/05\/P-550x350-3-2.jpg\",\"width\":550,\"height\":350,\"caption\":\"\ud83d\udcf8 Recuperando Momentos Perdidos\"},{\"@type\":\"BreadcrumbList\",\"@id\":\"http:\/\/universofamilia.com\/hr\/recuperando-momentos-perdidos-3\/#breadcrumb\",\"itemListElement\":[{\"@type\":\"ListItem\",\"position\":1,\"name\":\"Home\",\"item\":\"https:\/\/universofamilia.com\/el\/\"},{\"@type\":\"ListItem\",\"position\":2,\"name\":\"\ud83d\udcf8 Recuperando Momentos Perdidos\"}]},{\"@type\":\"WebSite\",\"@id\":\"https:\/\/universofamilia.com\/el\/#website\",\"url\":\"https:\/\/universofamilia.com\/el\/\",\"name\":\"Universo Fam\u00edlia\",\"description\":\"\",\"potentialAction\":[{\"@type\":\"SearchAction\",\"target\":{\"@type\":\"EntryPoint\",\"urlTemplate\":\"https:\/\/universofamilia.com\/el\/?s={search_term_string}\"},\"query-input\":\"required name=search_term_string\"}],\"inLanguage\":\"cs\"},{\"@type\":\"Person\",\"@id\":\"https:\/\/universofamilia.com\/el\/#\/schema\/person\/f07ce98187dd84d31154262e79b3b7ca\",\"name\":\"Pedro Henrique\",\"image\":{\"@type\":\"ImageObject\",\"inLanguage\":\"cs\",\"@id\":\"https:\/\/universofamilia.com\/el\/#\/schema\/person\/image\/\",\"url\":\"http:\/\/0.gravatar.com\/avatar\/9edfeb808cb4e1599f64d6e45b130154?s=96&d=mm&r=g\",\"contentUrl\":\"http:\/\/0.gravatar.com\/avatar\/9edfeb808cb4e1599f64d6e45b130154?s=96&d=mm&r=g\",\"caption\":\"Pedro Henrique\"},\"url\":\"http:\/\/universofamilia.com\/cs\/author\/editor01\/\"}]}<\/script>\n<!-- \/ Yoast SEO plugin. -->","yoast_head_json":{"title":"\ud83d\udcf8 Recuperando Momentos Perdidos - Universo Fam\u00edlia","description":"\ud83d\udcf8 Recuperando Momentos Perdidos. \u00a1Ah, las fotos! Son como peque\u00f1as ventanas al pasado, capturando momentos preciosos...","robots":{"index":"index","follow":"follow","max-snippet":"max-snippet:-1","max-image-preview":"max-image-preview:large","max-video-preview":"max-video-preview:-1"},"canonical":"http:\/\/universofamilia.com\/cs\/recuperando-momentos-perdidos-3\/","og_locale":"cs_CZ","og_type":"article","og_title":"\ud83d\udcf8 Recuperando Momentos Perdidos - Universo Fam\u00edlia","og_description":"\ud83d\udcf8 Recuperando Momentos Perdidos. \u00a1Ah, las fotos! Son como peque\u00f1as ventanas al pasado, capturando momentos preciosos...","og_url":"http:\/\/universofamilia.com\/cs\/recuperando-momentos-perdidos-3\/","og_site_name":"Universo Fam\u00edlia","article_published_time":"2024-05-14T22:53:48+00:00","article_modified_time":"2025-01-29T01:24:11+00:00","og_image":[{"width":550,"height":350,"url":"http:\/\/universofamilia.com\/wp-content\/uploads\/sites\/148\/2024\/05\/P-550x350-3-2.jpg","type":"image\/jpeg"}],"author":"Pedro Henrique","twitter_card":"summary_large_image","twitter_misc":{"Written by":"Pedro Henrique","Est. reading time":"6 minut"},"schema":{"@context":"https:\/\/schema.org","@graph":[{"@type":"WebPage","@id":"http:\/\/universofamilia.com\/hr\/recuperando-momentos-perdidos-3\/","url":"http:\/\/universofamilia.com\/hr\/recuperando-momentos-perdidos-3\/","name":"\ud83d\udcf8 Recuperando Momentos Perdidos - Universo Fam\u00edlia","isPartOf":{"@id":"https:\/\/universofamilia.com\/el\/#website"},"primaryImageOfPage":{"@id":"http:\/\/universofamilia.com\/hr\/recuperando-momentos-perdidos-3\/#primaryimage"},"image":{"@id":"http:\/\/universofamilia.com\/hr\/recuperando-momentos-perdidos-3\/#primaryimage"},"thumbnailUrl":"http:\/\/universofamilia.com\/wp-content\/uploads\/sites\/148\/2024\/05\/P-550x350-3-2.jpg","datePublished":"2024-05-14T22:53:48+00:00","dateModified":"2025-01-29T01:24:11+00:00","author":{"@id":"https:\/\/universofamilia.com\/el\/#\/schema\/person\/f07ce98187dd84d31154262e79b3b7ca"},"description":"\ud83d\udcf8 Recuperando Momentos Perdidos. \u00a1Ah, las fotos! Son como peque\u00f1as ventanas al pasado, capturando momentos preciosos...","breadcrumb":{"@id":"http:\/\/universofamilia.com\/hr\/recuperando-momentos-perdidos-3\/#breadcrumb"},"inLanguage":"cs","potentialAction":[{"@type":"ReadAction","target":["http:\/\/universofamilia.com\/hr\/recuperando-momentos-perdidos-3\/"]}]},{"@type":"ImageObject","inLanguage":"cs","@id":"http:\/\/universofamilia.com\/hr\/recuperando-momentos-perdidos-3\/#primaryimage","url":"http:\/\/universofamilia.com\/wp-content\/uploads\/sites\/148\/2024\/05\/P-550x350-3-2.jpg","contentUrl":"http:\/\/universofamilia.com\/wp-content\/uploads\/sites\/148\/2024\/05\/P-550x350-3-2.jpg","width":550,"height":350,"caption":"\ud83d\udcf8 Recuperando Momentos Perdidos"},{"@type":"BreadcrumbList","@id":"http:\/\/universofamilia.com\/hr\/recuperando-momentos-perdidos-3\/#breadcrumb","itemListElement":[{"@type":"ListItem","position":1,"name":"Home","item":"https:\/\/universofamilia.com\/el\/"},{"@type":"ListItem","position":2,"name":"\ud83d\udcf8 Recuperando Momentos Perdidos"}]},{"@type":"WebSite","@id":"https:\/\/universofamilia.com\/el\/#website","url":"https:\/\/universofamilia.com\/el\/","name":"Universo Fam\u00edlia","description":"","potentialAction":[{"@type":"SearchAction","target":{"@type":"EntryPoint","urlTemplate":"https:\/\/universofamilia.com\/el\/?s={search_term_string}"},"query-input":"required name=search_term_string"}],"inLanguage":"cs"},{"@type":"Person","@id":"https:\/\/universofamilia.com\/el\/#\/schema\/person\/f07ce98187dd84d31154262e79b3b7ca","name":"Pedro Henrique","image":{"@type":"ImageObject","inLanguage":"cs","@id":"https:\/\/universofamilia.com\/el\/#\/schema\/person\/image\/","url":"http:\/\/0.gravatar.com\/avatar\/9edfeb808cb4e1599f64d6e45b130154?s=96&d=mm&r=g","contentUrl":"http:\/\/0.gravatar.com\/avatar\/9edfeb808cb4e1599f64d6e45b130154?s=96&d=mm&r=g","caption":"Pedro Henrique"},"url":"http:\/\/universofamilia.com\/cs\/author\/editor01\/"}]}},"_links":{"self":[{"href":"http:\/\/universofamilia.com\/cs\/wp-json\/wp\/v2\/posts\/5958"}],"collection":[{"href":"http:\/\/universofamilia.com\/cs\/wp-json\/wp\/v2\/posts"}],"about":[{"href":"http:\/\/universofamilia.com\/cs\/wp-json\/wp\/v2\/types\/post"}],"author":[{"embeddable":true,"href":"http:\/\/universofamilia.com\/cs\/wp-json\/wp\/v2\/users\/139"}],"replies":[{"embeddable":true,"href":"http:\/\/universofamilia.com\/cs\/wp-json\/wp\/v2\/comments?post=5958"}],"version-history":[{"count":1,"href":"http:\/\/universofamilia.com\/cs\/wp-json\/wp\/v2\/posts\/5958\/revisions"}],"predecessor-version":[{"id":8468,"href":"http:\/\/universofamilia.com\/cs\/wp-json\/wp\/v2\/posts\/5958\/revisions\/8468"}],"wp:featuredmedia":[{"embeddable":true,"href":"http:\/\/universofamilia.com\/cs\/wp-json\/wp\/v2\/media\/5960"}],"wp:attachment":[{"href":"http:\/\/universofamilia.com\/cs\/wp-json\/wp\/v2\/media?parent=5958"}],"wp:term":[{"taxonomy":"category","embeddable":true,"href":"http:\/\/universofamilia.com\/cs\/wp-json\/wp\/v2\/categories?post=5958"},{"taxonomy":"post_tag","embeddable":true,"href":"http:\/\/universofamilia.com\/cs\/wp-json\/wp\/v2\/tags?post=5958"}],"curies":[{"name":"wp","href":"https:\/\/api.w.org\/{rel}","templated":true}]}}