{"id":5959,"date":"2024-05-14T19:59:35","date_gmt":"2024-05-14T22:59:35","guid":{"rendered":"https:\/\/universofamilia.com\/?p=5959"},"modified":"2025-01-28T14:04:08","modified_gmt":"2025-01-28T14:04:08","slug":"alguna-vez-has-pensado-en-la-importancia-de-las-fotos-en-nuestras-vidas","status":"publish","type":"post","link":"http:\/\/universofamilia.com\/cs\/alguna-vez-has-pensado-en-la-importancia-de-las-fotos-en-nuestras-vidas\/","title":{"rendered":"Obnoven\u00ed ztracen\u00fdch vzpom\u00ednek"},"content":{"rendered":"<p>\ud83d\udcf8 P\u0159em\u00fd\u0161leli jste n\u011bkdy o d\u016fle\u017eitosti fotografi\u00ed v na\u0161ich \u017eivotech?<\/p>\n\n\n\n<p>Ty obrazy, kter\u00e9 zachycuj\u00ed zvl\u00e1\u0161tn\u00ed okam\u017eiky, ty \u00fasm\u011bvy, kter\u00e9 h\u0159ej\u00ed u srdce, ty krajiny, kter\u00e9 n\u00e1m berou dech.<\/p>\n\n\n\n<p>Fotografie jsou jako okna do minulosti, kter\u00e1 n\u00e1m umo\u017e\u0148uj\u00ed znovu pro\u017e\u00edt vz\u00e1cn\u00e9 okam\u017eiky, kdykoli chceme.<\/p>\n\n\n\n<p><\/p>\n\n\n\n<hr class=\"wp-block-separator has-text-color has-luminous-vivid-orange-color has-alpha-channel-opacity has-luminous-vivid-orange-background-color has-background\" \/>\n\n\n\n<h2 class=\"wp-block-heading\">\u010ct\u011bte tak\u00e9:<\/h2>\n\n\n\n<div class=\"wp-block-columns is-layout-flex wp-container-core-columns-layout-1 wp-block-columns-is-layout-flex\">\n<div class=\"wp-block-column is-layout-flow wp-block-column-is-layout-flow\">\n<div class=\"wp-block-buttons is-layout-flex wp-block-buttons-is-layout-flex\">\n<div class=\"wp-block-button has-custom-width wp-block-button__width-100\" style=\"text-decoration:none\"><a class=\"wp-block-button__link has-white-color has-vivid-cyan-blue-background-color has-text-color has-background has-link-color has-text-align-left wp-element-button\" href=\"https:\/\/universofamilia.com\/cs\/5893\/acelera-tu-celular-despierta-tu-productividad\/\" style=\"border-radius:10px\" target=\"_blank\" rel=\"noreferrer noopener\"><font style=\"vertical-align: inherit\"><font style=\"vertical-align: inherit\">\ud83d\udccc Zrychlete sv\u016fj mobiln\u00ed telefon \ud83d\udcf1<\/font><\/font> &gt;<\/a><\/div>\n\n\n\n<div class=\"wp-block-button has-custom-width wp-block-button__width-100\" style=\"text-decoration:none\"><a class=\"wp-block-button__link has-white-color has-vivid-cyan-blue-background-color has-text-color has-background has-link-color has-text-align-left wp-element-button\" href=\"https:\/\/universofamilia.com\/cs\/5869\/descubre-quien-te-esta-observando-en-las-redes-sociales\/\" style=\"border-radius:10px\" target=\"_blank\" rel=\"noreferrer noopener\"><font style=\"vertical-align: inherit\"><font style=\"vertical-align: inherit\"><font style=\"vertical-align: inherit\"><font style=\"vertical-align: inherit\">\ud83d\udccc Kdo nav\u0161t\u00edvil v\u00e1\u0161 profil<\/font><\/font><\/font><\/font> &gt;<\/a><\/div>\n<\/div>\n<\/div>\n\n\n\n<div class=\"wp-block-column is-layout-flow wp-block-column-is-layout-flow\">\n<div class=\"wp-block-buttons is-layout-flex wp-block-buttons-is-layout-flex\">\n<div class=\"wp-block-button has-custom-width wp-block-button__width-100\" style=\"text-decoration:none\"><a class=\"wp-block-button__link has-white-color has-vivid-cyan-blue-background-color has-text-color has-background has-link-color has-text-align-left wp-element-button\" href=\"https:\/\/universofamilia.com\/cs\/5859\/el-encanto-de-las-telenovelas-turcas\/\" style=\"border-radius:10px\" target=\"_blank\" rel=\"noreferrer noopener\"><font style=\"vertical-align: inherit\"><font style=\"vertical-align: inherit\"><font style=\"vertical-align: inherit\"><font style=\"vertical-align: inherit\">\ud83d\udccd<\/font><\/font> Tureck\u00e9 telenovely &gt;<\/font><\/font><\/a><\/div>\n<\/div>\n<\/div>\n<\/div>\n\n\n\n<hr class=\"wp-block-separator has-text-color has-luminous-vivid-orange-color has-alpha-channel-opacity has-luminous-vivid-orange-background-color has-background\" \/>\n\n\n\n<p><\/p>\n\n\n\n<p>Ale co se stane, kdy\u017e tyto vz\u00e1cn\u00e9 vzpom\u00ednky n\u00e1hle zmiz\u00ed? Jak se vypo\u0159\u00e1d\u00e1me se ztr\u00e1tou okam\u017eik\u016f, o kter\u00fdch jsme si mysleli, \u017ee jsou v bezpe\u010d\u00ed na na\u0161ich mobiln\u00edch za\u0159\u00edzen\u00edch?<\/p>\n\n\n\n<p>Nebojte se! V tomto \u010dl\u00e1nku se pod\u00edv\u00e1me na d\u016fle\u017eitost obnovy ztracen\u00fdch fotografi\u00ed a na to, jak to m\u016f\u017eete ud\u011blat snadno a efektivn\u011b.<\/p>\n\n\n\n<p>\u010ct\u011bte d\u00e1l a zjist\u011bte, jak zachr\u00e1nit ztracen\u00e9 poklady!<\/p>\n\n\n\n<h2 class=\"wp-block-heading\">Smutek ze ztr\u00e1ty: Pro\u010d je obnoven\u00ed fotografi\u00ed nezbytn\u00e9<\/h2>\n\n\n\n<p>\ud83d\udcf1 P\u0159edstavte si n\u00e1sleduj\u00edc\u00ed sc\u00e9n\u00e1\u0159: proch\u00e1z\u00edte si fotografie v telefonu a vzpom\u00edn\u00e1te na nezapomenuteln\u00e9 v\u00fdlety, nezapomenuteln\u00e9 ve\u010d\u00edrky a dojemn\u00e9 rodinn\u00e9 chv\u00edle.<\/p>\n\n\n\n<p>Najednou si uv\u011bdom\u00edte, \u017ee n\u011bkolik z t\u011bch obr\u00e1zk\u016f prost\u011b zmizelo.<\/p>\n\n\n\n<p>Co m\u011blo b\u00fdt nostalgick\u00fdm proch\u00e1zen\u00edm fotoalbem, se m\u011bn\u00ed v zoufal\u00e9 hled\u00e1n\u00ed ztracen\u00fdch vzpom\u00ednek.<\/p>\n\n\n\n<p>Pocit zoufalstv\u00ed a smutku, kdy\u017e si uv\u011bdom\u00edte, \u017ee tyto okam\u017eiky mohou b\u00fdt nav\u017edy ztraceny, je nepopsateln\u00fd.<\/p>\n\n\n\n<p>Ale nebojte se, na konci tunelu je sv\u011btlo!<\/p>\n\n\n\n<figure class=\"wp-block-image size-full\"><img loading=\"lazy\" decoding=\"async\" width=\"550\" height=\"350\" src=\"http:\/\/universofamilia.com\/wp-content\/uploads\/sites\/148\/2024\/05\/P-550x350-2-5.jpg\" alt=\"\" class=\"wp-image-5962\" srcset=\"http:\/\/universofamilia.com\/wp-content\/uploads\/sites\/148\/2024\/05\/P-550x350-2-5.jpg 550w, http:\/\/universofamilia.com\/wp-content\/uploads\/sites\/148\/2024\/05\/P-550x350-2-5-300x191.jpg 300w\" sizes=\"(max-width: 550px) 100vw, 550px\" \/><\/figure>\n\n\n\n<h2 class=\"wp-block-heading\">Obnova ztracen\u00fdch dat: Jak obnovit omylem smazan\u00e9 fotografie<\/h2>\n\n\n\n<p>\ud83d\udd0d Pokud jste se n\u011bkdy ocitli v t\u00e9to nep\u0159\u00edjemn\u00e9 situaci, v\u00edte, \u017ee v tom nejste sami.<\/p>\n\n\n\n<p>Mnoz\u00ed z n\u00e1s za\u017eili ne\u00famysln\u00e9 smaz\u00e1n\u00ed cenn\u00fdch fotografi\u00ed, a\u0165 u\u017e kv\u016fli omylu nebo syst\u00e9mov\u00e9 z\u00e1vad\u011b.<\/p>\n\n\n\n<p>Je v\u0161ak d\u016fle\u017eit\u00e9 jednat rychle, abyste zv\u00fd\u0161ili sv\u00e9 \u0161ance na uzdraven\u00ed.<\/p>\n\n\n\n<p>V prvn\u00ed \u0159ad\u011b se vyhn\u011bte pou\u017e\u00edv\u00e1n\u00ed za\u0159\u00edzen\u00ed, jakmile si v\u0161imnete ztr\u00e1ty fotografi\u00ed, proto\u017ee by to mohlo p\u0159epsat data a zt\u00ed\u017eit jejich obnovu.<\/p>\n\n\n\n<p>M\u00edsto toho se \u0159i\u010fte t\u011bmito jednoduch\u00fdmi tipy, abyste z\u00edskali sv\u00e9 cenn\u00e9 v\u011bci zp\u011bt:<\/p>\n\n\n\n<ol>\n<li><strong>Zkontrolujte ko\u0161<\/strong>Na mnoha za\u0159\u00edzen\u00edch se smazan\u00e9 fotografie p\u0159ed trval\u00fdm smaz\u00e1n\u00edm p\u0159esunou do ko\u0161e. Zkontrolujte tedy ko\u0161 v za\u0159\u00edzen\u00ed, zda se tam fotografie nenach\u00e1zej\u00ed.<\/li>\n\n\n\n<li><strong>Pou\u017eijte aplikaci pro obnovu fotografi\u00ed<\/strong>Existuje n\u011bkolik aplikac\u00ed, kter\u00e9 v\u00e1m mohou pomoci obnovit smazan\u00e9 fotografie. Tyto aplikace pou\u017e\u00edvaj\u00ed pokro\u010dil\u00e9 algoritmy k prohled\u00e1n\u00ed va\u0161eho za\u0159\u00edzen\u00ed a nalezen\u00ed ztracen\u00fdch dat a jejich obnoven\u00ed. Nejste si jisti, kde za\u010d\u00edt? \u010ct\u011bte d\u00e1le a objevte n\u011bkter\u00e9 z nejlep\u0161\u00edch aplikac\u00ed pro tento \u00fakol!<\/li>\n<\/ol>\n\n\n\n<h2 class=\"wp-block-heading\">V\u011b\u010dn\u00e9 okam\u017eiky: Pro\u010d jsou fotografie pam\u00e1tkou na v\u011b\u010dnost<\/h2>\n\n\n\n<p>\ud83c\udf1f Fotografie nejsou jen statick\u00e9 obr\u00e1zky; jsou to port\u00e1ly, kter\u00e9 n\u00e1s p\u0159en\u00e1\u0161ej\u00ed zp\u011bt v \u010dase. Umo\u017e\u0148uj\u00ed n\u00e1m znovu pro\u017e\u00edt zvl\u00e1\u0161tn\u00ed okam\u017eiky, sd\u00edlet vzpom\u00ednky s bl\u00edzk\u00fdmi a vypr\u00e1v\u011bt p\u0159\u00edb\u011bhy, kter\u00e9 p\u0159etrv\u00e1vaj\u00ed po generace.<\/p>\n\n\n\n<p>Kdy\u017e tyto fotografie ztrat\u00edme, ztrat\u00edme nejen samotn\u00e9 obrazy, ale i emoce a vzpom\u00ednky s nimi spojen\u00e9. Je to, jako by se n\u00e1hle vymazala \u010d\u00e1st na\u0161\u00ed historie.<\/p>\n\n\n\n<p>Proto je nezbytn\u00e9 tyto poklady zachovat, abychom se mohli i nad\u00e1le spojit s na\u0161\u00ed minulost\u00ed a sd\u00edlet ji s budoucnost\u00ed.<\/p>\n\n\n\n<h2 class=\"wp-block-heading\">Objevte nejlep\u0161\u00ed aplikace pro obnoven\u00ed ztracen\u00fdch fotografi\u00ed<\/h2>\n\n\n\n<p>\u2699\ufe0f Nyn\u00ed, kdy\u017e ch\u00e1peme d\u016fle\u017eitost obnovy ztracen\u00fdch fotografi\u00ed, poj\u010fme prozkoumat n\u011bkter\u00e9 z nejlep\u0161\u00edch aplikac\u00ed, kter\u00e9 jsou pro tento \u00fakol k dispozici.<\/p>\n\n\n\n<p>Tyto aplikace byly chv\u00e1leny pro svou efektivitu a snadn\u00e9 pou\u017eit\u00ed a pomohly tis\u00edc\u016fm lid\u00ed obnovit ztracen\u00e9 vzpom\u00ednky.<\/p>\n\n\n\n<p>Pod\u00edvejte se na to n\u00ed\u017ee:<\/p>\n\n\n\n<ol>\n<li><strong>Obnova fotografi\u00ed z DiskDiggeru<\/strong>Tato aplikace je vysoce doporu\u010dov\u00e1na pro svou schopnost snadno obnovit ztracen\u00e9 fotografie. D\u00edky p\u016fsobiv\u00e9mu hodnocen\u00ed a pozitivn\u00edm recenz\u00edm od spokojen\u00fdch u\u017eivatel\u016f je DiskDigger spolehlivou volbou pro ty, kte\u0159\u00ed cht\u011bj\u00ed obnovit sv\u00e9 cenn\u00e9 fotografie.<\/li>\n\n\n\n<li><strong>Obnoven\u00ed smazan\u00fdch fotografi\u00ed<\/strong>Dal\u0161\u00ed skv\u011bl\u00e1 mo\u017enost pro obnovu omylem smazan\u00fdch fotografi\u00ed. D\u00edky jednoduch\u00e9mu a efektivn\u00edmu rozhran\u00ed tato aplikace zjednodu\u0161uje a zefektiv\u0148uje proces obnovy.<\/li>\n\n\n\n<li><strong>EaseUS MobiSaver pro Android\/iOS<\/strong>Pokud hled\u00e1te komplexn\u00ed \u0159e\u0161en\u00ed pro obnovu nejen fotografi\u00ed, ale i dal\u0161\u00edch typ\u016f ztracen\u00fdch dat, EaseUS MobiSaver je pro v\u00e1s tou spr\u00e1vnou volbou. D\u00edky vysok\u00e9 m\u00ed\u0159e obnovy a intuitivn\u00edmu rozhran\u00ed je tato aplikace cenn\u00fdm n\u00e1strojem pro ty, kte\u0159\u00ed \u010del\u00ed ztr\u00e1t\u011b dat na sv\u00fdch mobiln\u00edch za\u0159\u00edzen\u00edch.<\/li>\n<\/ol>\n\n\n\n<h2 class=\"wp-block-heading\">Z\u00e1v\u011br: Zachovejte si vzpom\u00ednky s nejlep\u0161\u00edmi aplikacemi pro obnovu fotografi\u00ed<\/h2>\n\n\n\n<p>\ud83d\udd12 Fotografie jsou v\u00edc ne\u017e jen obr\u00e1zky; jsou to poklady, kter\u00e9 uchov\u00e1vaj\u00ed na\u0161e nejcenn\u011bj\u0161\u00ed vzpom\u00ednky. Proto je nezbytn\u00e9 tyto vzpom\u00ednky chr\u00e1nit p\u0159ed n\u00e1hodnou ztr\u00e1tou.<\/p>\n\n\n\n<p>Se spr\u00e1vn\u00fdmi aplikacemi m\u016f\u017eete obnovit ztracen\u00e9 fotografie a zajistit, aby tyto nad\u010dasov\u00e9 okam\u017eiky z\u016fstaly uchov\u00e1ny nav\u017edy.<\/p>\n\n\n\n<p>Nenechte sv\u00e9 vzpom\u00ednky zmizet v digit\u00e1ln\u00ed propasti. St\u00e1hn\u011bte si jednu z na\u0161ich doporu\u010den\u00fdch aplikac\u00ed a obnovte sv\u00e9 ztracen\u00e9 fotografie je\u0161t\u011b dnes!<\/p>\n\n\n\n<h3 class=\"wp-block-heading\">\ud83d\udcf2 <strong>Odkazy ke sta\u017een\u00ed<\/strong>:<\/h3>\n\n\n\n<ul>\n<li><strong>Android<\/strong>: <a href=\"https:\/\/play.google.com\/store\/apps\/details?id=com.defianttech.diskdigger&amp;hl=en_US\" target=\"_blank\" rel=\"noreferrer noopener\">Obnova fotografi\u00ed z DiskDiggeru<\/a>, <a href=\"https:\/\/play.google.com\/store\/apps\/details?id=inshot.data.recovery.restore.deleted.data.diskdigger&amp;hl=en_US\" target=\"_blank\" rel=\"noreferrer noopener\">Obnoven\u00ed smazan\u00fdch fotografi\u00ed<\/a>, <a href=\"https:\/\/play.google.com\/store\/apps\/details?id=com.easeus.mobisaver\" target=\"_blank\" rel=\"noreferrer noopener\">EaseUS MobiSaver<\/a><\/li>\n\n\n\n<li><strong>iOS<\/strong>: <a href=\"https:\/\/support.apple.com\/guide\/icloud\/recover-deleted-files-mmae56ea1ca5\/icloud\" target=\"_blank\" rel=\"noreferrer noopener\">Obnoven\u00ed smazan\u00fdch fotografi\u00ed<\/a>, <a href=\"https:\/\/apps.apple.com\/us\/app\/easeus-data-recovery-wizard\/id740355970?mt=12\" target=\"_blank\" rel=\"noreferrer noopener\">EaseUS MobiSaver<\/a><\/li>\n<\/ul>\n\n\n\n<p>\ud83d\udcf8 Nikdy nenechte sv\u00e9 vzpom\u00ednky ztratit se v digit\u00e1ln\u00ed propasti.<\/p>\n\n\n\n<p>St\u00e1hn\u011bte si jednu z t\u011bchto aplikac\u00ed a snadno obnovte sv\u00e9 ztracen\u00e9 fotografie!<\/p>","protected":false},"excerpt":{"rendered":"<p>\ud83d\udcf8 \u00bfAlguna vez has pensado en la importancia de las fotos en nuestras vidas? Esas im\u00e1genes que capturan momentos especiales, esas sonrisas que calientan el coraz\u00f3n, esos paisajes que nos dejan sin aliento. Las fotos son como ventanas al pasado, permiti\u00e9ndonos revivir momentos preciosos siempre que lo deseemos. Lea tambi\u00e9n: Sin embargo, \u00bfqu\u00e9 pasa cuando [&hellip;]<\/p>","protected":false},"author":139,"featured_media":5962,"comment_status":"closed","ping_status":"open","sticky":false,"template":"","format":"standard","meta":{"footnotes":""},"categories":[2],"tags":[110,347,1655],"yoast_head":"<!-- This site is optimized with the Yoast SEO plugin v23.3 - https:\/\/yoast.com\/wordpress\/plugins\/seo\/ -->\n<title>Recuperando Recuerdos Perdidos - Universo Fam\u00edlia<\/title>\n<meta name=\"description\" content=\"\ud83d\udcf8 \u00bfAlguna vez has pensado en la importancia de las fotos en nuestras vidas?Esas im\u00e1genes que capturan momentos especiales...\" \/>\n<meta name=\"robots\" content=\"index, follow, max-snippet:-1, max-image-preview:large, max-video-preview:-1\" \/>\n<link rel=\"canonical\" href=\"http:\/\/universofamilia.com\/cs\/pernahkah-anda-berpikir-tentang-pentingnya-foto-dalam-kehidupan-kita\/\" \/>\n<meta property=\"og:locale\" content=\"cs_CZ\" \/>\n<meta property=\"og:type\" content=\"article\" \/>\n<meta property=\"og:title\" content=\"Recuperando Recuerdos Perdidos - Universo Fam\u00edlia\" \/>\n<meta property=\"og:description\" content=\"\ud83d\udcf8 \u00bfAlguna vez has pensado en la importancia de las fotos en nuestras vidas?Esas im\u00e1genes que capturan momentos especiales...\" \/>\n<meta property=\"og:url\" content=\"http:\/\/universofamilia.com\/cs\/pernahkah-anda-berpikir-tentang-pentingnya-foto-dalam-kehidupan-kita\/\" \/>\n<meta property=\"og:site_name\" content=\"Universo Fam\u00edlia\" \/>\n<meta property=\"article:published_time\" content=\"2024-05-14T22:59:35+00:00\" \/>\n<meta property=\"article:modified_time\" content=\"2025-01-28T14:04:08+00:00\" \/>\n<meta property=\"og:image\" content=\"http:\/\/universofamilia.com\/wp-content\/uploads\/sites\/148\/2024\/05\/P-550x350-2-5.jpg\" \/>\n\t<meta property=\"og:image:width\" content=\"550\" \/>\n\t<meta property=\"og:image:height\" content=\"350\" \/>\n\t<meta property=\"og:image:type\" content=\"image\/jpeg\" \/>\n<meta name=\"author\" content=\"Pedro Henrique\" \/>\n<meta name=\"twitter:card\" content=\"summary_large_image\" \/>\n<meta name=\"twitter:label1\" content=\"Written by\" \/>\n\t<meta name=\"twitter:data1\" content=\"Pedro Henrique\" \/>\n\t<meta name=\"twitter:label2\" content=\"Est. reading time\" \/>\n\t<meta name=\"twitter:data2\" content=\"5 minut\" \/>\n<script type=\"application\/ld+json\" class=\"yoast-schema-graph\">{\"@context\":\"https:\/\/schema.org\",\"@graph\":[{\"@type\":\"WebPage\",\"@id\":\"http:\/\/universofamilia.com\/id\/pernahkah-anda-berpikir-tentang-pentingnya-foto-dalam-kehidupan-kita\/\",\"url\":\"http:\/\/universofamilia.com\/id\/pernahkah-anda-berpikir-tentang-pentingnya-foto-dalam-kehidupan-kita\/\",\"name\":\"Recuperando Recuerdos Perdidos - Universo Fam\u00edlia\",\"isPartOf\":{\"@id\":\"https:\/\/universofamilia.com\/el\/#website\"},\"primaryImageOfPage\":{\"@id\":\"http:\/\/universofamilia.com\/id\/pernahkah-anda-berpikir-tentang-pentingnya-foto-dalam-kehidupan-kita\/#primaryimage\"},\"image\":{\"@id\":\"http:\/\/universofamilia.com\/id\/pernahkah-anda-berpikir-tentang-pentingnya-foto-dalam-kehidupan-kita\/#primaryimage\"},\"thumbnailUrl\":\"http:\/\/universofamilia.com\/wp-content\/uploads\/sites\/148\/2024\/05\/P-550x350-2-5.jpg\",\"datePublished\":\"2024-05-14T22:59:35+00:00\",\"dateModified\":\"2025-01-28T14:04:08+00:00\",\"author\":{\"@id\":\"https:\/\/universofamilia.com\/el\/#\/schema\/person\/f07ce98187dd84d31154262e79b3b7ca\"},\"description\":\"\ud83d\udcf8 \u00bfAlguna vez has pensado en la importancia de las fotos en nuestras vidas?Esas im\u00e1genes que capturan momentos especiales...\",\"breadcrumb\":{\"@id\":\"http:\/\/universofamilia.com\/id\/pernahkah-anda-berpikir-tentang-pentingnya-foto-dalam-kehidupan-kita\/#breadcrumb\"},\"inLanguage\":\"cs\",\"potentialAction\":[{\"@type\":\"ReadAction\",\"target\":[\"http:\/\/universofamilia.com\/id\/pernahkah-anda-berpikir-tentang-pentingnya-foto-dalam-kehidupan-kita\/\"]}]},{\"@type\":\"ImageObject\",\"inLanguage\":\"cs\",\"@id\":\"http:\/\/universofamilia.com\/id\/pernahkah-anda-berpikir-tentang-pentingnya-foto-dalam-kehidupan-kita\/#primaryimage\",\"url\":\"http:\/\/universofamilia.com\/wp-content\/uploads\/sites\/148\/2024\/05\/P-550x350-2-5.jpg\",\"contentUrl\":\"http:\/\/universofamilia.com\/wp-content\/uploads\/sites\/148\/2024\/05\/P-550x350-2-5.jpg\",\"width\":550,\"height\":350,\"caption\":\"\ud83d\udcf8 \u00bfAlguna vez has pensado en la importancia de las fotos en nuestras vidas?\"},{\"@type\":\"BreadcrumbList\",\"@id\":\"http:\/\/universofamilia.com\/id\/pernahkah-anda-berpikir-tentang-pentingnya-foto-dalam-kehidupan-kita\/#breadcrumb\",\"itemListElement\":[{\"@type\":\"ListItem\",\"position\":1,\"name\":\"Home\",\"item\":\"https:\/\/universofamilia.com\/el\/\"},{\"@type\":\"ListItem\",\"position\":2,\"name\":\"Recuperando Recuerdos Perdidos\"}]},{\"@type\":\"WebSite\",\"@id\":\"https:\/\/universofamilia.com\/el\/#website\",\"url\":\"https:\/\/universofamilia.com\/el\/\",\"name\":\"Universo Fam\u00edlia\",\"description\":\"\",\"potentialAction\":[{\"@type\":\"SearchAction\",\"target\":{\"@type\":\"EntryPoint\",\"urlTemplate\":\"https:\/\/universofamilia.com\/el\/?s={search_term_string}\"},\"query-input\":\"required name=search_term_string\"}],\"inLanguage\":\"cs\"},{\"@type\":\"Person\",\"@id\":\"https:\/\/universofamilia.com\/el\/#\/schema\/person\/f07ce98187dd84d31154262e79b3b7ca\",\"name\":\"Pedro Henrique\",\"image\":{\"@type\":\"ImageObject\",\"inLanguage\":\"cs\",\"@id\":\"https:\/\/universofamilia.com\/el\/#\/schema\/person\/image\/\",\"url\":\"http:\/\/0.gravatar.com\/avatar\/9edfeb808cb4e1599f64d6e45b130154?s=96&d=mm&r=g\",\"contentUrl\":\"http:\/\/0.gravatar.com\/avatar\/9edfeb808cb4e1599f64d6e45b130154?s=96&d=mm&r=g\",\"caption\":\"Pedro Henrique\"},\"url\":\"http:\/\/universofamilia.com\/cs\/author\/editor01\/\"}]}<\/script>\n<!-- \/ Yoast SEO plugin. -->","yoast_head_json":{"title":"Recuperando Recuerdos Perdidos - Universo Fam\u00edlia","description":"\ud83d\udcf8 \u00bfAlguna vez has pensado en la importancia de las fotos en nuestras vidas?Esas im\u00e1genes que capturan momentos especiales...","robots":{"index":"index","follow":"follow","max-snippet":"max-snippet:-1","max-image-preview":"max-image-preview:large","max-video-preview":"max-video-preview:-1"},"canonical":"http:\/\/universofamilia.com\/cs\/pernahkah-anda-berpikir-tentang-pentingnya-foto-dalam-kehidupan-kita\/","og_locale":"cs_CZ","og_type":"article","og_title":"Recuperando Recuerdos Perdidos - Universo Fam\u00edlia","og_description":"\ud83d\udcf8 \u00bfAlguna vez has pensado en la importancia de las fotos en nuestras vidas?Esas im\u00e1genes que capturan momentos especiales...","og_url":"http:\/\/universofamilia.com\/cs\/pernahkah-anda-berpikir-tentang-pentingnya-foto-dalam-kehidupan-kita\/","og_site_name":"Universo Fam\u00edlia","article_published_time":"2024-05-14T22:59:35+00:00","article_modified_time":"2025-01-28T14:04:08+00:00","og_image":[{"width":550,"height":350,"url":"http:\/\/universofamilia.com\/wp-content\/uploads\/sites\/148\/2024\/05\/P-550x350-2-5.jpg","type":"image\/jpeg"}],"author":"Pedro Henrique","twitter_card":"summary_large_image","twitter_misc":{"Written by":"Pedro Henrique","Est. reading time":"5 minut"},"schema":{"@context":"https:\/\/schema.org","@graph":[{"@type":"WebPage","@id":"http:\/\/universofamilia.com\/id\/pernahkah-anda-berpikir-tentang-pentingnya-foto-dalam-kehidupan-kita\/","url":"http:\/\/universofamilia.com\/id\/pernahkah-anda-berpikir-tentang-pentingnya-foto-dalam-kehidupan-kita\/","name":"Recuperando Recuerdos Perdidos - Universo Fam\u00edlia","isPartOf":{"@id":"https:\/\/universofamilia.com\/el\/#website"},"primaryImageOfPage":{"@id":"http:\/\/universofamilia.com\/id\/pernahkah-anda-berpikir-tentang-pentingnya-foto-dalam-kehidupan-kita\/#primaryimage"},"image":{"@id":"http:\/\/universofamilia.com\/id\/pernahkah-anda-berpikir-tentang-pentingnya-foto-dalam-kehidupan-kita\/#primaryimage"},"thumbnailUrl":"http:\/\/universofamilia.com\/wp-content\/uploads\/sites\/148\/2024\/05\/P-550x350-2-5.jpg","datePublished":"2024-05-14T22:59:35+00:00","dateModified":"2025-01-28T14:04:08+00:00","author":{"@id":"https:\/\/universofamilia.com\/el\/#\/schema\/person\/f07ce98187dd84d31154262e79b3b7ca"},"description":"\ud83d\udcf8 \u00bfAlguna vez has pensado en la importancia de las fotos en nuestras vidas?Esas im\u00e1genes que capturan momentos especiales...","breadcrumb":{"@id":"http:\/\/universofamilia.com\/id\/pernahkah-anda-berpikir-tentang-pentingnya-foto-dalam-kehidupan-kita\/#breadcrumb"},"inLanguage":"cs","potentialAction":[{"@type":"ReadAction","target":["http:\/\/universofamilia.com\/id\/pernahkah-anda-berpikir-tentang-pentingnya-foto-dalam-kehidupan-kita\/"]}]},{"@type":"ImageObject","inLanguage":"cs","@id":"http:\/\/universofamilia.com\/id\/pernahkah-anda-berpikir-tentang-pentingnya-foto-dalam-kehidupan-kita\/#primaryimage","url":"http:\/\/universofamilia.com\/wp-content\/uploads\/sites\/148\/2024\/05\/P-550x350-2-5.jpg","contentUrl":"http:\/\/universofamilia.com\/wp-content\/uploads\/sites\/148\/2024\/05\/P-550x350-2-5.jpg","width":550,"height":350,"caption":"\ud83d\udcf8 \u00bfAlguna vez has pensado en la importancia de las fotos en nuestras vidas?"},{"@type":"BreadcrumbList","@id":"http:\/\/universofamilia.com\/id\/pernahkah-anda-berpikir-tentang-pentingnya-foto-dalam-kehidupan-kita\/#breadcrumb","itemListElement":[{"@type":"ListItem","position":1,"name":"Home","item":"https:\/\/universofamilia.com\/el\/"},{"@type":"ListItem","position":2,"name":"Recuperando Recuerdos Perdidos"}]},{"@type":"WebSite","@id":"https:\/\/universofamilia.com\/el\/#website","url":"https:\/\/universofamilia.com\/el\/","name":"Universo Fam\u00edlia","description":"","potentialAction":[{"@type":"SearchAction","target":{"@type":"EntryPoint","urlTemplate":"https:\/\/universofamilia.com\/el\/?s={search_term_string}"},"query-input":"required name=search_term_string"}],"inLanguage":"cs"},{"@type":"Person","@id":"https:\/\/universofamilia.com\/el\/#\/schema\/person\/f07ce98187dd84d31154262e79b3b7ca","name":"Pedro Henrique","image":{"@type":"ImageObject","inLanguage":"cs","@id":"https:\/\/universofamilia.com\/el\/#\/schema\/person\/image\/","url":"http:\/\/0.gravatar.com\/avatar\/9edfeb808cb4e1599f64d6e45b130154?s=96&d=mm&r=g","contentUrl":"http:\/\/0.gravatar.com\/avatar\/9edfeb808cb4e1599f64d6e45b130154?s=96&d=mm&r=g","caption":"Pedro Henrique"},"url":"http:\/\/universofamilia.com\/cs\/author\/editor01\/"}]}},"_links":{"self":[{"href":"http:\/\/universofamilia.com\/cs\/wp-json\/wp\/v2\/posts\/5959"}],"collection":[{"href":"http:\/\/universofamilia.com\/cs\/wp-json\/wp\/v2\/posts"}],"about":[{"href":"http:\/\/universofamilia.com\/cs\/wp-json\/wp\/v2\/types\/post"}],"author":[{"embeddable":true,"href":"http:\/\/universofamilia.com\/cs\/wp-json\/wp\/v2\/users\/139"}],"replies":[{"embeddable":true,"href":"http:\/\/universofamilia.com\/cs\/wp-json\/wp\/v2\/comments?post=5959"}],"version-history":[{"count":1,"href":"http:\/\/universofamilia.com\/cs\/wp-json\/wp\/v2\/posts\/5959\/revisions"}],"predecessor-version":[{"id":8382,"href":"http:\/\/universofamilia.com\/cs\/wp-json\/wp\/v2\/posts\/5959\/revisions\/8382"}],"wp:featuredmedia":[{"embeddable":true,"href":"http:\/\/universofamilia.com\/cs\/wp-json\/wp\/v2\/media\/5962"}],"wp:attachment":[{"href":"http:\/\/universofamilia.com\/cs\/wp-json\/wp\/v2\/media?parent=5959"}],"wp:term":[{"taxonomy":"category","embeddable":true,"href":"http:\/\/universofamilia.com\/cs\/wp-json\/wp\/v2\/categories?post=5959"},{"taxonomy":"post_tag","embeddable":true,"href":"http:\/\/universofamilia.com\/cs\/wp-json\/wp\/v2\/tags?post=5959"}],"curies":[{"name":"wp","href":"https:\/\/api.w.org\/{rel}","templated":true}]}}