{"id":5988,"date":"2024-05-20T15:54:01","date_gmt":"2024-05-20T18:54:01","guid":{"rendered":"https:\/\/universofamilia.com\/?p=5988"},"modified":"2026-04-15T11:19:46","modified_gmt":"2026-04-15T14:19:46","slug":"5-consejos-para-mantenerse-en-forma-despues-de-los-45-anos","status":"publish","type":"post","link":"http:\/\/universofamilia.com\/cs\/5-consejos-para-mantenerse-en-forma-despues-de-los-45-anos\/","title":{"rendered":"\ud83c\udfcb\ufe0f\u200d\u2642\ufe0f5 tip\u016f, jak z\u016fstat ve form\u011b i po 45. roce"},"content":{"rendered":"<p>\ud83c\udfcb\ufe0f\u200d\u2642\ufe0f5 tip\u016f, jak z\u016fstat fit i po 45. roce: Jak si udr\u017eet aktivn\u00ed a zdrav\u00fd \u017eivotn\u00ed styl<\/p>\n\n\n\n<p>Kdy\u017e v\u00e1m bude 45 let, udr\u017eet se v kondici se m\u016f\u017ee zd\u00e1t jako n\u00e1ro\u010dn\u00fd \u00fakol, ale nemus\u00ed to tak b\u00fdt!<\/p>\n\n\n\n<p>S n\u011bkolika jednoduch\u00fdmi zm\u011bnami \u017eivotn\u00edho stylu si m\u016f\u017eete zajistit, aby va\u0161e zdrav\u00ed a vitalita z\u016fstaly siln\u00e9 po cel\u00e1 l\u00e9ta.<\/p>\n\n\n\n<p>V tomto \u010dl\u00e1nku prozkoum\u00e1me p\u011bt z\u00e1kladn\u00edch tip\u016f, kter\u00e9 v\u00e1m pomohou z\u016fstat fit a zdrav\u00ed i po 45. roce v\u011bku.<\/p>\n\n\n\n<p>Jdeme na to!<\/p>\n\n\n\n<p><\/p>\n\n\n\n<hr class=\"wp-block-separator has-text-color has-luminous-vivid-orange-color has-alpha-channel-opacity has-luminous-vivid-orange-background-color has-background\" \/>\n\n\n\n<h2 class=\"wp-block-heading\">\u010ct\u011bte tak\u00e9:<\/h2>\n\n\n\n<div class=\"wp-block-columns is-layout-flex wp-container-core-columns-layout-1 wp-block-columns-is-layout-flex\">\n<div class=\"wp-block-column is-layout-flow wp-block-column-is-layout-flow\">\n<div class=\"wp-block-buttons is-layout-flex wp-block-buttons-is-layout-flex\">\n<div class=\"wp-block-button has-custom-width wp-block-button__width-100\" style=\"text-decoration:none\"><a class=\"wp-block-button__link has-white-color has-vivid-cyan-blue-background-color has-text-color has-background has-link-color has-text-align-left wp-element-button\" href=\"https:\/\/universofamilia.com\/cs\/5893\/acelera-tu-celular-despierta-tu-productividad\/\" style=\"border-radius:10px\" target=\"_blank\" rel=\"noreferrer noopener\"><font style=\"vertical-align: inherit\"><font style=\"vertical-align: inherit\">\ud83d\udccc Zrychlete sv\u016fj mobiln\u00ed telefon<\/font><\/font> &gt;<\/a><\/div>\n\n\n\n<div class=\"wp-block-button has-custom-width wp-block-button__width-100\" style=\"text-decoration:none\"><a class=\"wp-block-button__link has-white-color has-vivid-cyan-blue-background-color has-text-color has-background has-link-color has-text-align-left wp-element-button\" href=\"https:\/\/universofamilia.com\/cs\/5869\/descubre-quien-te-esta-observando-en-las-redes-sociales\/\" style=\"border-radius:10px\" target=\"_blank\" rel=\"noreferrer noopener\"><font style=\"vertical-align: inherit\"><font style=\"vertical-align: inherit\"><font style=\"vertical-align: inherit\"><font style=\"vertical-align: inherit\">\ud83d\udccc Kdo nav\u0161t\u00edvil v\u00e1\u0161 profil<\/font><\/font><\/font><\/font> &gt;<\/a><\/div>\n<\/div>\n<\/div>\n\n\n\n<div class=\"wp-block-column is-layout-flow wp-block-column-is-layout-flow\">\n<div class=\"wp-block-buttons is-layout-flex wp-block-buttons-is-layout-flex\">\n<div class=\"wp-block-button has-custom-width wp-block-button__width-100\" style=\"text-decoration:none\"><a class=\"wp-block-button__link has-white-color has-vivid-cyan-blue-background-color has-text-color has-background has-link-color has-text-align-left wp-element-button\" href=\"https:\/\/universofamilia.com\/cs\/5859\/el-encanto-de-las-telenovelas-turcas\/\" style=\"border-radius:10px\" target=\"_blank\" rel=\"noreferrer noopener\"><font style=\"vertical-align: inherit\"><font style=\"vertical-align: inherit\"><font style=\"vertical-align: inherit\"><font style=\"vertical-align: inherit\">\ud83d\udccd<\/font><\/font> Tureck\u00e9 telenovely &gt;<\/font><\/font><\/a><\/div>\n<\/div>\n<\/div>\n<\/div>\n\n\n\n<hr class=\"wp-block-separator has-text-color has-luminous-vivid-orange-color has-alpha-channel-opacity has-luminous-vivid-orange-background-color has-background\" \/>\n\n\n\n<p><\/p>\n\n\n\n<h2 class=\"wp-block-heading\">1. \ud83d\udcaa <strong>Doporu\u010den\u00e9 cviky pro mu\u017ee nad 45 let<\/strong><\/h2>\n\n\n\n<p>Pro udr\u017een\u00ed s\u00edly, flexibility a celkov\u00e9ho zdrav\u00ed je z\u00e1sadn\u00ed za\u010dlenit do sv\u00e9ho tr\u00e9ninkov\u00e9ho re\u017eimu r\u016fzn\u00e9 cviky.<\/p>\n\n\n\n<p>Zde je p\u011bt vysoce doporu\u010den\u00fdch cvik\u016f:<\/p>\n\n\n\n<p><strong>1. D\u0159epy:<\/strong> Tento komplexn\u00ed cvik je skute\u010dn\u011b multitasker. Procvi\u010duje \u010dty\u0159hlav\u00fd stehenn\u00ed sval, hamstringy, h\u00fd\u017e\u010fov\u00e9 svaly a b\u0159i\u0161n\u00ed svaly, \u010d\u00edm\u017e podporuje s\u00edlu a stabilitu.<\/p>\n\n\n\n<p><strong>2. Mrtv\u00fd tah:<\/strong> Dal\u0161\u00ed komplexn\u00ed cvik, kter\u00fd posiluje z\u00e1da, hamstringy, h\u00fd\u017e\u010fov\u00e9 svaly a p\u0159edlokt\u00ed. Pom\u00e1h\u00e1 zlep\u0161it dr\u017een\u00ed t\u011bla a p\u0159edch\u00e1zet zran\u011bn\u00edm.<\/p>\n\n\n\n<p><strong>3. Bench press:<\/strong> Vynikaj\u00edc\u00ed pro pos\u00edlen\u00ed hrudn\u00edku, triceps\u016f a ramenn\u00edch sval\u016f, co\u017e podporuje definovan\u011bj\u0161\u00ed a odoln\u011bj\u0161\u00ed horn\u00ed \u010d\u00e1st t\u011bla.<\/p>\n\n\n\n<p><strong>4. P\u0159\u00edtahy s \u010dinkou:<\/strong> Ide\u00e1ln\u00ed pro pos\u00edlen\u00ed zad, biceps\u016f a p\u0159edlokt\u00ed. Pom\u00e1h\u00e1 korigovat svalovou nerovnov\u00e1hu a zlep\u0161ovat dr\u017een\u00ed t\u011bla.<\/p>\n\n\n\n<p><strong>5. Kliky:<\/strong> Klasick\u00fd cvik, kter\u00fd procvi\u010duje hrudn\u00edk, tricepsy, ramena a b\u0159i\u0161n\u00ed svaly. Podporuje s\u00edlu a vytrvalost v cel\u00e9m t\u011ble.<\/p>\n\n\n\n<h2 class=\"wp-block-heading\">2. \ud83c\udf4e <strong>Zdrav\u00e1 a vyv\u00e1\u017een\u00e1 strava<\/strong><\/h2>\n\n\n\n<p>V\u00fd\u017eivn\u00e1 strava je nezbytn\u00e1 pro udr\u017een\u00ed zdrav\u00ed a kondice po 45. roce v\u011bku. Zde je n\u011bkolik tip\u016f pro zdrav\u00e9 stravov\u00e1n\u00ed:<\/p>\n\n\n\n<ul>\n<li>Up\u0159ednost\u0148ujte celozrnn\u00e9 potraviny, jako je ovoce, zelenina, celozrnn\u00e9 v\u00fdrobky a libov\u00e9 b\u00edlkoviny.<\/li>\n\n\n\n<li>Omezte konzumaci zpracovan\u00fdch potravin, kter\u00e9 mohou p\u0159isp\u00edvat k p\u0159ib\u00edr\u00e1n\u00ed na v\u00e1ze a zdravotn\u00edm probl\u00e9m\u016fm.<\/li>\n\n\n\n<li>Udr\u017eujte se hydratovan\u00ed pit\u00edm dostate\u010dn\u00e9ho mno\u017estv\u00ed vody po cel\u00fd den, co\u017e podpo\u0159\u00ed tr\u00e1ven\u00ed a regulaci t\u011blesn\u00e9 teploty.<\/li>\n<\/ul>\n\n\n<div class=\"wp-block-image\">\n<figure class=\"aligncenter size-full\"><img loading=\"lazy\" decoding=\"async\" width=\"550\" height=\"350\" src=\"http:\/\/universofamilia.com\/wp-content\/uploads\/sites\/148\/2024\/05\/P-550x350-4-2.jpg\" alt=\"\" class=\"wp-image-5989\" srcset=\"http:\/\/universofamilia.com\/wp-content\/uploads\/sites\/148\/2024\/05\/P-550x350-4-2.jpg 550w, http:\/\/universofamilia.com\/wp-content\/uploads\/sites\/148\/2024\/05\/P-550x350-4-2-300x191.jpg 300w\" sizes=\"(max-width: 550px) 100vw, 550px\" \/><figcaption class=\"wp-element-caption\">\ud83c\udfcb\ufe0f\u200d\u2642\ufe0f5 tip\u016f, jak z\u016fstat ve form\u011b i po 45. roce<\/figcaption><\/figure><\/div>\n\n\n<h2 class=\"wp-block-heading\">3. \ud83d\ude34 <strong>Up\u0159ednostn\u011bte kvalitn\u00ed sp\u00e1nek<\/strong><\/h2>\n\n\n\n<p>Sp\u00e1nek hraje kl\u00ed\u010dovou roli ve fyzick\u00e9m i du\u0161evn\u00edm zdrav\u00ed, zejm\u00e9na s p\u0159ib\u00fdvaj\u00edc\u00edm v\u011bkem. Zde je n\u011bkolik tip\u016f, jak zlep\u0161it kvalitu sp\u00e1nku:<\/p>\n\n\n\n<ul>\n<li>Sna\u017ete se sp\u00e1t 7 a\u017e 8 hodin denn\u011b, abyste zajistili spr\u00e1vnou regeneraci t\u011bla i mysli.<\/li>\n\n\n\n<li>Zave\u010fte si relaxa\u010dn\u00ed ve\u010dern\u00ed rutinu, vyh\u00fdbejte se kofeinu a alkoholu p\u0159ed span\u00edm a vytvo\u0159te si v lo\u017enici klidnou atmosf\u00e9ru.<\/li>\n<\/ul>\n\n\n\n<h2 class=\"wp-block-heading\">4. \ud83e\uddd8\u200d\u2642\ufe0f <strong>Zvl\u00e1dejte stres zdrav\u00fdm zp\u016fsobem<\/strong><\/h2>\n\n\n\n<p>Chronick\u00fd stres m\u016f\u017ee m\u00edt v\u00fdznamn\u00fd dopad na zdrav\u00ed a pohodu. Zde je n\u011bkolik strategi\u00ed pro zdrav\u00e9 zvl\u00e1d\u00e1n\u00ed stresu:<\/p>\n\n\n\n<ul>\n<li>Prov\u00e1d\u011bjte relaxa\u010dn\u00ed aktivity, jako je j\u00f3ga, meditace nebo proch\u00e1zky v p\u0159\u00edrod\u011b.<\/li>\n\n\n\n<li>Pokud m\u00e1te pot\u00ed\u017ee se zvl\u00e1d\u00e1n\u00edm stresu, zva\u017ete rozhovor s odborn\u00edkem na du\u0161evn\u00ed zdrav\u00ed.<\/li>\n<\/ul>\n\n\n\n<h2 class=\"wp-block-heading\">5. \ud83d\udc68\u200d\u2695\ufe0f <strong>Pravideln\u011b nav\u0161t\u011bvujte l\u00e9ka\u0159e<\/strong><\/h2>\n\n\n\n<p>Je nezbytn\u00e9 pravideln\u011b doch\u00e1zet na prohl\u00eddky u l\u00e9ka\u0159e, abyste sledovali sv\u016fj zdravotn\u00ed stav a zajistili si \u0159\u00e1dnou preventivn\u00ed p\u00e9\u010di.<\/p>\n\n\n\n<p>V\u00e1\u0161 l\u00e9ka\u0159 v\u00e1m m\u016f\u017ee pomoci vytvo\u0159it personalizovan\u00fd pl\u00e1n zdrav\u00ed a fitness pro va\u0161e specifick\u00e9 pot\u0159eby.<\/p>\n\n\n\n<p>V\u017edy se pora\u010fte s odborn\u00edkem na t\u011blesnou v\u00fdchovu, ne\u017e za\u010dnete s jak\u00fdmkoli cvi\u010debn\u00edm programem, zejm\u00e9na pokud m\u00e1te ji\u017e existuj\u00edc\u00ed zdravotn\u00ed probl\u00e9m.<\/p>\n\n\n\n<p>A te\u010f si pov\u00edme o t\u0159ech \u00fa\u017easn\u00fdch aplikac\u00edch, kter\u00e9 v\u00e1m mohou pomoci dos\u00e1hnout va\u0161ich fitness c\u00edl\u016f!<\/p>\n\n\n\n<h2 class=\"wp-block-heading\">\ud83d\udca1 <strong>Objevte nejlep\u0161\u00ed fitness aplikace, kter\u00e9 v\u00e1m pomohou z\u016fstat aktivn\u00ed i po 45. roce \u017eivota<\/strong><\/h2>\n\n\n\n<p>Pokud jste technicky zdatn\u00fd \u010dlov\u011bk, kter\u00fd chce ze sv\u00e9ho chytr\u00e9ho telefonu vyt\u011b\u017eit maximum, abyste z\u016fstali v kondici, zde jsou t\u0159i bezplatn\u00e9 fitness aplikace, kter\u00e9 byste m\u011bli zn\u00e1t:<\/p>\n\n\n\n<ol>\n<li><strong>Tr\u00e9ninkov\u00fd klub Nike<\/strong>Tato aplikace nab\u00edz\u00ed \u0161irokou \u0161k\u00e1lu tr\u00e9nink\u016f pro r\u016fzn\u00e9 \u00farovn\u011b a c\u00edle. D\u00edky vysoce kvalitn\u00edm instrukt\u00e1\u017en\u00edm vide\u00edm a mo\u017enosti vytv\u00e1\u0159et si vlastn\u00ed tr\u00e9ninky je Nike Training Club vynikaj\u00edc\u00ed volbou pro mu\u017ee i \u017eeny nad 45 let.<\/li>\n\n\n\n<li><strong>Tr\u00e9nink Adidas<\/strong>D\u00edky kr\u00e1tk\u00fdm, intenzivn\u00edm tr\u00e9nink\u016fm je Adidas Training ide\u00e1ln\u00ed pro ty, kte\u0159\u00ed nemaj\u00ed moc \u010dasu. Nab\u00edz\u00ed tak\u00e9 \u0161irokou \u0161k\u00e1lu cvik\u016f pro r\u016fzn\u00e9 partie t\u011bla a mo\u017enost tr\u00e9novat s p\u0159\u00e1teli v online v\u00fdzv\u00e1ch.<\/li>\n\n\n\n<li><strong>Strava<\/strong>Pokud r\u00e1di b\u011bh\u00e1te, jezd\u00edte na kole, plavete nebo m\u00e1te r\u00e1di jin\u00e9 sporty, Strava je pro v\u00e1s ide\u00e1ln\u00ed aplikace. Sleduje v\u00e1\u0161 pokrok, umo\u017e\u0148uje v\u00e1m ho porovn\u00e1vat s p\u0159\u00e1teli a nab\u00edz\u00ed v\u00fdzvy a sout\u011b\u017ee, kter\u00e9 v\u00e1s udr\u017e\u00ed motivovan\u00e9.<\/li>\n<\/ol>\n\n\n\n<p>Tyto aplikace si m\u016f\u017eete zdarma st\u00e1hnout pro za\u0159\u00edzen\u00ed se syst\u00e9my iOS i Android.<\/p>\n\n\n\n<p>Pro sta\u017een\u00ed sta\u010d\u00ed kliknout na n\u00ed\u017ee uveden\u00e9 odkazy:<\/p>\n\n\n\n<ul>\n<li><strong>Tr\u00e9ninkov\u00fd klub Nike<\/strong>: <a href=\"https:\/\/apps.apple.com\/us\/app\/nike-training-club-wellness\/id301521403\" target=\"_blank\" rel=\"noreferrer noopener\">iOS<\/a> | <a href=\"https:\/\/play.google.com\/store\/\" target=\"_blank\" rel=\"noreferrer noopener\">Android<\/a><\/li>\n\n\n\n<li><strong>Tr\u00e9nink Adidas<\/strong>: <a href=\"https:\/\/apps.apple.com\/us\/developer\/adidas\/id336599885\" target=\"_blank\" rel=\"noreferrer noopener\">iOS<\/a> | <a href=\"https:\/\/play.google.com\/store\/\" target=\"_blank\" rel=\"noreferrer noopener\">Android<\/a><\/li>\n\n\n\n<li><strong>Strava<\/strong>: <a href=\"https:\/\/apps.apple.com\/us\/developer\/strava-inc\/id426826312\" target=\"_blank\" rel=\"noreferrer noopener\">iOS<\/a> | <a href=\"https:\/\/play.google.com\/store\/\" target=\"_blank\" rel=\"noreferrer noopener\">Android<\/a><\/li>\n<\/ul>\n\n\n\n<p>Nyn\u00ed, kdy\u017e zn\u00e1te spr\u00e1vn\u00e9 tipy a aplikace, jste p\u0159ipraveni vydat se na cestu za zdrav\u00edm a fitness po 45. roce v\u011bku.<\/p>\n\n\n\n<p>Nezapome\u0148te za\u010d\u00edt pomalu, pora\u010fte se s l\u00e9ka\u0159em a u\u017eijte si proces. Zvl\u00e1dnete to! \ud83d\ude80<\/p>\n\n\n\n<p><\/p>\n\n\n\n<hr class=\"wp-block-separator has-text-color has-luminous-vivid-orange-color has-alpha-channel-opacity has-luminous-vivid-orange-background-color has-background\" \/>\n\n\n\n<h2 class=\"wp-block-heading\">\u010ct\u011bte tak\u00e9:<\/h2>\n\n\n\n<div class=\"wp-block-columns is-layout-flex wp-container-core-columns-layout-2 wp-block-columns-is-layout-flex\">\n<div class=\"wp-block-column is-layout-flow wp-block-column-is-layout-flow\">\n<div class=\"wp-block-buttons is-layout-flex wp-block-buttons-is-layout-flex\">\n<div class=\"wp-block-button has-custom-width wp-block-button__width-100\" style=\"text-decoration:none\"><a class=\"wp-block-button__link has-white-color has-vivid-cyan-blue-background-color has-text-color has-background has-link-color has-text-align-left wp-element-button\" href=\"https:\/\/universofamilia.com\/cs\/5893\/acelera-tu-celular-despierta-tu-productividad\/\" style=\"border-radius:10px\" target=\"_blank\" rel=\"noreferrer noopener\"><font style=\"vertical-align: inherit\"><font style=\"vertical-align: inherit\">\ud83d\udccc Zrychlete sv\u016fj mobiln\u00ed telefon<\/font><\/font> &gt;<\/a><\/div>\n\n\n\n<div class=\"wp-block-button has-custom-width wp-block-button__width-100\" style=\"text-decoration:none\"><a class=\"wp-block-button__link has-white-color has-vivid-cyan-blue-background-color has-text-color has-background has-link-color has-text-align-left wp-element-button\" href=\"https:\/\/universofamilia.com\/cs\/5869\/descubre-quien-te-esta-observando-en-las-redes-sociales\/\" style=\"border-radius:10px\" target=\"_blank\" rel=\"noreferrer noopener\"><font style=\"vertical-align: inherit\"><font style=\"vertical-align: inherit\"><font style=\"vertical-align: inherit\"><font style=\"vertical-align: inherit\">\ud83d\udccc Kdo nav\u0161t\u00edvil v\u00e1\u0161 profil<\/font><\/font><\/font><\/font> &gt;<\/a><\/div>\n<\/div>\n<\/div>\n\n\n\n<div class=\"wp-block-column is-layout-flow wp-block-column-is-layout-flow\">\n<div class=\"wp-block-buttons is-layout-flex wp-block-buttons-is-layout-flex\">\n<div class=\"wp-block-button has-custom-width wp-block-button__width-100\" style=\"text-decoration:none\"><a class=\"wp-block-button__link has-white-color has-vivid-cyan-blue-background-color has-text-color has-background has-link-color has-text-align-left wp-element-button\" href=\"https:\/\/universofamilia.com\/cs\/5859\/el-encanto-de-las-telenovelas-turcas\/\" style=\"border-radius:10px\" target=\"_blank\" rel=\"noreferrer noopener\"><font style=\"vertical-align: inherit\"><font style=\"vertical-align: inherit\"><font style=\"vertical-align: inherit\"><font style=\"vertical-align: inherit\">\ud83d\udccd<\/font><\/font> Tureck\u00e9 telenovely &gt;<\/font><\/font><\/a><\/div>\n<\/div>\n<\/div>\n<\/div>\n\n\n\n<hr class=\"wp-block-separator has-text-color has-luminous-vivid-orange-color has-alpha-channel-opacity has-luminous-vivid-orange-background-color has-background\" \/>\n\n\n\n<p><\/p>","protected":false},"excerpt":{"rendered":"<p>\ud83c\udfcb\ufe0f\u200d\u2642\ufe0f5 tip\u016f, jak z\u016fstat fit i po 45 letech: Jak si udr\u017eet aktivn\u00ed a zdrav\u00fd \u017eivotn\u00ed styl Po dosa\u017een\u00ed 45 let se m\u016f\u017ee udr\u017een\u00ed kondice zd\u00e1t jako n\u00e1ro\u010dn\u00fd \u00fakol, ale nemus\u00ed to tak b\u00fdt! S n\u011bkolika jednoduch\u00fdmi zm\u011bnami \u017eivotn\u00edho stylu si m\u016f\u017eete zajistit dobr\u00e9 zdrav\u00ed [\u2026]<\/p>","protected":false},"author":219,"featured_media":5989,"comment_status":"closed","ping_status":"open","sticky":false,"template":"","format":"standard","meta":{"footnotes":""},"categories":[3],"tags":[37,1595,1596],"yoast_head":"<!-- This site is optimized with the Yoast SEO plugin v23.3 - https:\/\/yoast.com\/wordpress\/plugins\/seo\/ -->\n<title>\ud83c\udfcb\ufe0f\u200d\u2642\ufe0f5 Consejos para Mantenerse en Forma Despu\u00e9s de los 45 A\u00f1os - Universo Fam\u00edlia<\/title>\n<meta name=\"description\" content=\"\ud83c\udfcb\ufe0f\u200d\u2642\ufe0f5 Consejos para Mantenerse en Forma Despu\u00e9s de los 45 A\u00f1os. Cuando alcanzas los 45 a\u00f1os, mantenerse en forma puede parecer una tarea desafiante, \u00a1pero...\" \/>\n<meta name=\"robots\" content=\"index, follow, max-snippet:-1, max-image-preview:large, max-video-preview:-1\" \/>\n<link rel=\"canonical\" href=\"http:\/\/universofamilia.com\/cs\/5-consejos-para-mantenerse-en-forma-despues-de-los-45-anos\/\" \/>\n<meta property=\"og:locale\" content=\"cs_CZ\" \/>\n<meta property=\"og:type\" content=\"article\" \/>\n<meta property=\"og:title\" content=\"\ud83c\udfcb\ufe0f\u200d\u2642\ufe0f5 Consejos para Mantenerse en Forma Despu\u00e9s de los 45 A\u00f1os - Universo Fam\u00edlia\" \/>\n<meta property=\"og:description\" content=\"\ud83c\udfcb\ufe0f\u200d\u2642\ufe0f5 Consejos para Mantenerse en Forma Despu\u00e9s de los 45 A\u00f1os. Cuando alcanzas los 45 a\u00f1os, mantenerse en forma puede parecer una tarea desafiante, \u00a1pero...\" \/>\n<meta property=\"og:url\" content=\"http:\/\/universofamilia.com\/cs\/5-consejos-para-mantenerse-en-forma-despues-de-los-45-anos\/\" \/>\n<meta property=\"og:site_name\" content=\"Universo Fam\u00edlia\" \/>\n<meta property=\"article:published_time\" content=\"2024-05-20T18:54:01+00:00\" \/>\n<meta property=\"article:modified_time\" content=\"2026-04-15T14:19:46+00:00\" \/>\n<meta property=\"og:image\" content=\"http:\/\/universofamilia.com\/wp-content\/uploads\/sites\/148\/2024\/05\/P-550x350-4-2.jpg\" \/>\n\t<meta property=\"og:image:width\" content=\"550\" \/>\n\t<meta property=\"og:image:height\" content=\"350\" \/>\n\t<meta property=\"og:image:type\" content=\"image\/jpeg\" \/>\n<meta name=\"author\" content=\"Matheus Sangaletti\" \/>\n<meta name=\"twitter:card\" content=\"summary_large_image\" \/>\n<meta name=\"twitter:label1\" content=\"Written by\" \/>\n\t<meta name=\"twitter:data1\" content=\"Matheus Sangaletti\" \/>\n\t<meta name=\"twitter:label2\" content=\"Est. reading time\" \/>\n\t<meta name=\"twitter:data2\" content=\"5 minut\" \/>\n<script type=\"application\/ld+json\" class=\"yoast-schema-graph\">{\"@context\":\"https:\/\/schema.org\",\"@graph\":[{\"@type\":\"WebPage\",\"@id\":\"http:\/\/universofamilia.com\/bn\/5-consejos-para-mantenerse-en-forma-despues-de-los-45-anos\/\",\"url\":\"http:\/\/universofamilia.com\/bn\/5-consejos-para-mantenerse-en-forma-despues-de-los-45-anos\/\",\"name\":\"\ud83c\udfcb\ufe0f\u200d\u2642\ufe0f5 Consejos para Mantenerse en Forma Despu\u00e9s de los 45 A\u00f1os - Universo Fam\u00edlia\",\"isPartOf\":{\"@id\":\"https:\/\/universofamilia.com\/el\/#website\"},\"primaryImageOfPage\":{\"@id\":\"http:\/\/universofamilia.com\/bn\/5-consejos-para-mantenerse-en-forma-despues-de-los-45-anos\/#primaryimage\"},\"image\":{\"@id\":\"http:\/\/universofamilia.com\/bn\/5-consejos-para-mantenerse-en-forma-despues-de-los-45-anos\/#primaryimage\"},\"thumbnailUrl\":\"http:\/\/universofamilia.com\/wp-content\/uploads\/sites\/148\/2024\/05\/P-550x350-4-2.jpg\",\"datePublished\":\"2024-05-20T18:54:01+00:00\",\"dateModified\":\"2026-04-15T14:19:46+00:00\",\"author\":{\"@id\":\"https:\/\/universofamilia.com\/el\/#\/schema\/person\/92fcd07e9b1f4323bf74f3170fc0f78a\"},\"description\":\"\ud83c\udfcb\ufe0f\u200d\u2642\ufe0f5 Consejos para Mantenerse en Forma Despu\u00e9s de los 45 A\u00f1os. Cuando alcanzas los 45 a\u00f1os, mantenerse en forma puede parecer una tarea desafiante, \u00a1pero...\",\"breadcrumb\":{\"@id\":\"http:\/\/universofamilia.com\/bn\/5-consejos-para-mantenerse-en-forma-despues-de-los-45-anos\/#breadcrumb\"},\"inLanguage\":\"cs\",\"potentialAction\":[{\"@type\":\"ReadAction\",\"target\":[\"http:\/\/universofamilia.com\/bn\/5-consejos-para-mantenerse-en-forma-despues-de-los-45-anos\/\"]}]},{\"@type\":\"ImageObject\",\"inLanguage\":\"cs\",\"@id\":\"http:\/\/universofamilia.com\/bn\/5-consejos-para-mantenerse-en-forma-despues-de-los-45-anos\/#primaryimage\",\"url\":\"http:\/\/universofamilia.com\/wp-content\/uploads\/sites\/148\/2024\/05\/P-550x350-4-2.jpg\",\"contentUrl\":\"http:\/\/universofamilia.com\/wp-content\/uploads\/sites\/148\/2024\/05\/P-550x350-4-2.jpg\",\"width\":550,\"height\":350,\"caption\":\"\ud83c\udfcb\ufe0f\u200d\u2642\ufe0f5 Consejos para Mantenerse en Forma Despu\u00e9s de los 45 A\u00f1os\"},{\"@type\":\"BreadcrumbList\",\"@id\":\"http:\/\/universofamilia.com\/bn\/5-consejos-para-mantenerse-en-forma-despues-de-los-45-anos\/#breadcrumb\",\"itemListElement\":[{\"@type\":\"ListItem\",\"position\":1,\"name\":\"Home\",\"item\":\"https:\/\/universofamilia.com\/el\/\"},{\"@type\":\"ListItem\",\"position\":2,\"name\":\"\ud83c\udfcb\ufe0f\u200d\u2642\ufe0f5 Consejos para Mantenerse en Forma Despu\u00e9s de los 45 A\u00f1os\"}]},{\"@type\":\"WebSite\",\"@id\":\"https:\/\/universofamilia.com\/el\/#website\",\"url\":\"https:\/\/universofamilia.com\/el\/\",\"name\":\"Universo Fam\u00edlia\",\"description\":\"\",\"potentialAction\":[{\"@type\":\"SearchAction\",\"target\":{\"@type\":\"EntryPoint\",\"urlTemplate\":\"https:\/\/universofamilia.com\/el\/?s={search_term_string}\"},\"query-input\":\"required name=search_term_string\"}],\"inLanguage\":\"cs\"},{\"@type\":\"Person\",\"@id\":\"https:\/\/universofamilia.com\/el\/#\/schema\/person\/92fcd07e9b1f4323bf74f3170fc0f78a\",\"name\":\"Matheus Sangaletti\",\"image\":{\"@type\":\"ImageObject\",\"inLanguage\":\"cs\",\"@id\":\"https:\/\/universofamilia.com\/el\/#\/schema\/person\/image\/\",\"url\":\"http:\/\/2.gravatar.com\/avatar\/280ea957a14a48e6a1ad2133d2cc27c9?s=96&d=mm&r=g\",\"contentUrl\":\"http:\/\/2.gravatar.com\/avatar\/280ea957a14a48e6a1ad2133d2cc27c9?s=96&d=mm&r=g\",\"caption\":\"Matheus Sangaletti\"},\"url\":\"http:\/\/universofamilia.com\/cs\/author\/matheuss\/\"}]}<\/script>\n<!-- \/ Yoast SEO plugin. -->","yoast_head_json":{"title":"\ud83c\udfcb\ufe0f\u200d\u2642\ufe0f5 Consejos para Mantenerse en Forma Despu\u00e9s de los 45 A\u00f1os - Universo Fam\u00edlia","description":"\ud83c\udfcb\ufe0f\u200d\u2642\ufe0f5 Consejos para Mantenerse en Forma Despu\u00e9s de los 45 A\u00f1os. Cuando alcanzas los 45 a\u00f1os, mantenerse en forma puede parecer una tarea desafiante, \u00a1pero...","robots":{"index":"index","follow":"follow","max-snippet":"max-snippet:-1","max-image-preview":"max-image-preview:large","max-video-preview":"max-video-preview:-1"},"canonical":"http:\/\/universofamilia.com\/cs\/5-consejos-para-mantenerse-en-forma-despues-de-los-45-anos\/","og_locale":"cs_CZ","og_type":"article","og_title":"\ud83c\udfcb\ufe0f\u200d\u2642\ufe0f5 Consejos para Mantenerse en Forma Despu\u00e9s de los 45 A\u00f1os - Universo Fam\u00edlia","og_description":"\ud83c\udfcb\ufe0f\u200d\u2642\ufe0f5 Consejos para Mantenerse en Forma Despu\u00e9s de los 45 A\u00f1os. Cuando alcanzas los 45 a\u00f1os, mantenerse en forma puede parecer una tarea desafiante, \u00a1pero...","og_url":"http:\/\/universofamilia.com\/cs\/5-consejos-para-mantenerse-en-forma-despues-de-los-45-anos\/","og_site_name":"Universo Fam\u00edlia","article_published_time":"2024-05-20T18:54:01+00:00","article_modified_time":"2026-04-15T14:19:46+00:00","og_image":[{"width":550,"height":350,"url":"http:\/\/universofamilia.com\/wp-content\/uploads\/sites\/148\/2024\/05\/P-550x350-4-2.jpg","type":"image\/jpeg"}],"author":"Matheus Sangaletti","twitter_card":"summary_large_image","twitter_misc":{"Written by":"Matheus Sangaletti","Est. reading time":"5 minut"},"schema":{"@context":"https:\/\/schema.org","@graph":[{"@type":"WebPage","@id":"http:\/\/universofamilia.com\/bn\/5-consejos-para-mantenerse-en-forma-despues-de-los-45-anos\/","url":"http:\/\/universofamilia.com\/bn\/5-consejos-para-mantenerse-en-forma-despues-de-los-45-anos\/","name":"\ud83c\udfcb\ufe0f\u200d\u2642\ufe0f5 Consejos para Mantenerse en Forma Despu\u00e9s de los 45 A\u00f1os - Universo Fam\u00edlia","isPartOf":{"@id":"https:\/\/universofamilia.com\/el\/#website"},"primaryImageOfPage":{"@id":"http:\/\/universofamilia.com\/bn\/5-consejos-para-mantenerse-en-forma-despues-de-los-45-anos\/#primaryimage"},"image":{"@id":"http:\/\/universofamilia.com\/bn\/5-consejos-para-mantenerse-en-forma-despues-de-los-45-anos\/#primaryimage"},"thumbnailUrl":"http:\/\/universofamilia.com\/wp-content\/uploads\/sites\/148\/2024\/05\/P-550x350-4-2.jpg","datePublished":"2024-05-20T18:54:01+00:00","dateModified":"2026-04-15T14:19:46+00:00","author":{"@id":"https:\/\/universofamilia.com\/el\/#\/schema\/person\/92fcd07e9b1f4323bf74f3170fc0f78a"},"description":"\ud83c\udfcb\ufe0f\u200d\u2642\ufe0f5 Consejos para Mantenerse en Forma Despu\u00e9s de los 45 A\u00f1os. Cuando alcanzas los 45 a\u00f1os, mantenerse en forma puede parecer una tarea desafiante, \u00a1pero...","breadcrumb":{"@id":"http:\/\/universofamilia.com\/bn\/5-consejos-para-mantenerse-en-forma-despues-de-los-45-anos\/#breadcrumb"},"inLanguage":"cs","potentialAction":[{"@type":"ReadAction","target":["http:\/\/universofamilia.com\/bn\/5-consejos-para-mantenerse-en-forma-despues-de-los-45-anos\/"]}]},{"@type":"ImageObject","inLanguage":"cs","@id":"http:\/\/universofamilia.com\/bn\/5-consejos-para-mantenerse-en-forma-despues-de-los-45-anos\/#primaryimage","url":"http:\/\/universofamilia.com\/wp-content\/uploads\/sites\/148\/2024\/05\/P-550x350-4-2.jpg","contentUrl":"http:\/\/universofamilia.com\/wp-content\/uploads\/sites\/148\/2024\/05\/P-550x350-4-2.jpg","width":550,"height":350,"caption":"\ud83c\udfcb\ufe0f\u200d\u2642\ufe0f5 Consejos para Mantenerse en Forma Despu\u00e9s de los 45 A\u00f1os"},{"@type":"BreadcrumbList","@id":"http:\/\/universofamilia.com\/bn\/5-consejos-para-mantenerse-en-forma-despues-de-los-45-anos\/#breadcrumb","itemListElement":[{"@type":"ListItem","position":1,"name":"Home","item":"https:\/\/universofamilia.com\/el\/"},{"@type":"ListItem","position":2,"name":"\ud83c\udfcb\ufe0f\u200d\u2642\ufe0f5 Consejos para Mantenerse en Forma Despu\u00e9s de los 45 A\u00f1os"}]},{"@type":"WebSite","@id":"https:\/\/universofamilia.com\/el\/#website","url":"https:\/\/universofamilia.com\/el\/","name":"Universo Fam\u00edlia","description":"","potentialAction":[{"@type":"SearchAction","target":{"@type":"EntryPoint","urlTemplate":"https:\/\/universofamilia.com\/el\/?s={search_term_string}"},"query-input":"required name=search_term_string"}],"inLanguage":"cs"},{"@type":"Person","@id":"https:\/\/universofamilia.com\/el\/#\/schema\/person\/92fcd07e9b1f4323bf74f3170fc0f78a","name":"Matheus Sangaletti","image":{"@type":"ImageObject","inLanguage":"cs","@id":"https:\/\/universofamilia.com\/el\/#\/schema\/person\/image\/","url":"http:\/\/2.gravatar.com\/avatar\/280ea957a14a48e6a1ad2133d2cc27c9?s=96&d=mm&r=g","contentUrl":"http:\/\/2.gravatar.com\/avatar\/280ea957a14a48e6a1ad2133d2cc27c9?s=96&d=mm&r=g","caption":"Matheus Sangaletti"},"url":"http:\/\/universofamilia.com\/cs\/author\/matheuss\/"}]}},"_links":{"self":[{"href":"http:\/\/universofamilia.com\/cs\/wp-json\/wp\/v2\/posts\/5988"}],"collection":[{"href":"http:\/\/universofamilia.com\/cs\/wp-json\/wp\/v2\/posts"}],"about":[{"href":"http:\/\/universofamilia.com\/cs\/wp-json\/wp\/v2\/types\/post"}],"author":[{"embeddable":true,"href":"http:\/\/universofamilia.com\/cs\/wp-json\/wp\/v2\/users\/219"}],"replies":[{"embeddable":true,"href":"http:\/\/universofamilia.com\/cs\/wp-json\/wp\/v2\/comments?post=5988"}],"version-history":[{"count":2,"href":"http:\/\/universofamilia.com\/cs\/wp-json\/wp\/v2\/posts\/5988\/revisions"}],"predecessor-version":[{"id":10755,"href":"http:\/\/universofamilia.com\/cs\/wp-json\/wp\/v2\/posts\/5988\/revisions\/10755"}],"wp:featuredmedia":[{"embeddable":true,"href":"http:\/\/universofamilia.com\/cs\/wp-json\/wp\/v2\/media\/5989"}],"wp:attachment":[{"href":"http:\/\/universofamilia.com\/cs\/wp-json\/wp\/v2\/media?parent=5988"}],"wp:term":[{"taxonomy":"category","embeddable":true,"href":"http:\/\/universofamilia.com\/cs\/wp-json\/wp\/v2\/categories?post=5988"},{"taxonomy":"post_tag","embeddable":true,"href":"http:\/\/universofamilia.com\/cs\/wp-json\/wp\/v2\/tags?post=5988"}],"curies":[{"name":"wp","href":"https:\/\/api.w.org\/{rel}","templated":true}]}}