{"id":6031,"date":"2024-05-28T16:22:49","date_gmt":"2024-05-28T19:22:49","guid":{"rendered":"https:\/\/universofamilia.com\/?p=6031"},"modified":"2025-01-29T01:18:14","modified_gmt":"2025-01-29T01:18:14","slug":"evita-perder-tus-recuerdos","status":"publish","type":"post","link":"http:\/\/universofamilia.com\/cs\/evita-perder-tus-recuerdos\/","title":{"rendered":"Zabra\u0148te ztr\u00e1t\u011b vzpom\u00ednek"},"content":{"rendered":"<p>Ztr\u00e1ta cenn\u00fdch fotografi\u00ed z mobiln\u00edho telefonu je jako ztr\u00e1ta kusu na\u0161\u00ed historie.<\/p>\n\n\n\n<p>Kdo se nec\u00edtil zoufale, \u017ee nena\u0161el ten zvl\u00e1\u0161tn\u00ed obr\u00e1zek?<\/p>\n\n\n\n<p>Ale nebojte se! V t\u00e9to p\u0159\u00edru\u010dce prozkoum\u00e1me nejlep\u0161\u00ed zp\u016fsoby, jak obnovit ztracen\u00e9 fotografie, a co je d\u016fle\u017eit\u011bj\u0161\u00ed, jak p\u0159edej\u00edt budouc\u00edm ztr\u00e1t\u00e1m.<\/p>\n\n\n\n<p>Jdeme na to!<\/p>\n\n\n\n<h2 class=\"wp-block-heading\">1. D\u016fle\u017eitost uchov\u00e1v\u00e1n\u00ed vzpom\u00ednek \ud83c\udf1f<\/h2>\n\n\n\n<p>Na\u0161e fotografie jsou v\u00edc ne\u017e jen obr\u00e1zky; jsou to vz\u00e1cn\u00e9 z\u00e1znamy jedine\u010dn\u00fdch a nezapomenuteln\u00fdch okam\u017eik\u016f.<\/p>\n\n\n\n<p>A\u0165 u\u017e je to \u00fa\u017easn\u00fd z\u00e1pad slunce, nezapomenuteln\u00e9 narozeniny nebo up\u0159\u00edmn\u00fd \u00fasm\u011bv, ka\u017ed\u00e1 fotografie vypr\u00e1v\u00ed p\u0159\u00edb\u011bh.<\/p>\n\n\n\n<p>Proto je nezbytn\u00e9 si tyto vzpom\u00ednky uchov\u00e1vat, abychom si tyto zvl\u00e1\u0161tn\u00ed okam\u017eiky mohli znovu pro\u017e\u00edt, kdykoli budeme cht\u00edt.<\/p>\n\n\n\n<p><\/p>\n\n\n\n<hr class=\"wp-block-separator has-text-color has-luminous-vivid-orange-color has-alpha-channel-opacity has-luminous-vivid-orange-background-color has-background\" \/>\n\n\n\n<h2 class=\"wp-block-heading\">\u010ct\u011bte tak\u00e9:<\/h2>\n\n\n\n<div class=\"wp-block-columns is-layout-flex wp-container-core-columns-layout-1 wp-block-columns-is-layout-flex\">\n<div class=\"wp-block-column is-layout-flow wp-block-column-is-layout-flow\">\n<div class=\"wp-block-buttons is-layout-flex wp-block-buttons-is-layout-flex\">\n<div class=\"wp-block-button has-custom-width wp-block-button__width-100\" style=\"text-decoration:none\"><a class=\"wp-block-button__link has-white-color has-vivid-cyan-blue-background-color has-text-color has-background has-link-color has-text-align-left wp-element-button\" href=\"https:\/\/universofamilia.com\/cs\/5893\/acelera-tu-celular-despierta-tu-productividad\/\" style=\"border-radius:10px\" target=\"_blank\" rel=\"noreferrer noopener\"><font style=\"vertical-align: inherit\"><font style=\"vertical-align: inherit\">\ud83d\udccc Zrychlete sv\u016fj mobiln\u00ed telefon<\/font><\/font> &gt;<\/a><\/div>\n\n\n\n<div class=\"wp-block-button has-custom-width wp-block-button__width-100\" style=\"text-decoration:none\"><a class=\"wp-block-button__link has-white-color has-vivid-cyan-blue-background-color has-text-color has-background has-link-color has-text-align-left wp-element-button\" href=\"https:\/\/universofamilia.com\/cs\/5869\/descubre-quien-te-esta-observando-en-las-redes-sociales\/\" style=\"border-radius:10px\" target=\"_blank\" rel=\"noreferrer noopener\"><font style=\"vertical-align: inherit\"><font style=\"vertical-align: inherit\"><font style=\"vertical-align: inherit\"><font style=\"vertical-align: inherit\">\ud83d\udccc Kdo nav\u0161t\u00edvil v\u00e1\u0161 profil<\/font><\/font><\/font><\/font> &gt;<\/a><\/div>\n<\/div>\n<\/div>\n\n\n\n<div class=\"wp-block-column is-layout-flow wp-block-column-is-layout-flow\">\n<div class=\"wp-block-buttons is-layout-flex wp-block-buttons-is-layout-flex\">\n<div class=\"wp-block-button has-custom-width wp-block-button__width-100\" style=\"text-decoration:none\"><a class=\"wp-block-button__link has-white-color has-vivid-cyan-blue-background-color has-text-color has-background has-link-color has-text-align-left wp-element-button\" href=\"https:\/\/universofamilia.com\/cs\/5859\/el-encanto-de-las-telenovelas-turcas\/\" style=\"border-radius:10px\" target=\"_blank\" rel=\"noreferrer noopener\"><font style=\"vertical-align: inherit\"><font style=\"vertical-align: inherit\"><font style=\"vertical-align: inherit\"><font style=\"vertical-align: inherit\">\ud83d\udccd<\/font><\/font> Tureck\u00e9 telenovely &gt;<\/font><\/font><\/a><\/div>\n<\/div>\n<\/div>\n<\/div>\n\n\n\n<hr class=\"wp-block-separator has-text-color has-luminous-vivid-orange-color has-alpha-channel-opacity has-luminous-vivid-orange-background-color has-background\" \/>\n\n\n\n<p><\/p>\n\n\n\n<h2 class=\"wp-block-heading\">2. \u010cast\u00e9 p\u0159\u00ed\u010diny ztr\u00e1ty fotografi\u00ed \ud83d\ude1e<\/h2>\n\n\n\n<p>D\u016fvody ztr\u00e1ty fotografi\u00ed se mohou li\u0161it, od necht\u011bn\u00e9ho smaz\u00e1n\u00ed a\u017e po selh\u00e1n\u00ed telefonn\u00edho syst\u00e9mu.<\/p>\n\n\n\n<p>Mezi dal\u0161\u00ed b\u011b\u017en\u00e9 d\u016fvody pat\u0159\u00ed necht\u011bn\u00e9 form\u00e1tov\u00e1n\u00ed, virov\u00e9 \u00fatoky a fyzick\u00e9 po\u0161kozen\u00ed za\u0159\u00edzen\u00ed.<\/p>\n\n\n\n<p>Je d\u016fle\u017eit\u00e9 si b\u00fdt t\u011bchto mo\u017enost\u00ed v\u011bdom, aby bylo mo\u017en\u00e9 p\u0159ijmout preventivn\u00ed opat\u0159en\u00ed.<\/p>\n\n\n\n<h2 class=\"wp-block-heading\">3. Prevence je kl\u00ed\u010dov\u00e1 \ud83d\udd12<\/h2>\n\n\n\n<p>Nejlep\u0161\u00edm zp\u016fsobem, jak se vyhnout zklam\u00e1n\u00ed ze ztr\u00e1ty fotografi\u00ed, je pravideln\u011b si je z\u00e1lohovat.<\/p>\n\n\n\n<p>Pro bezpe\u010dn\u00e9 ukl\u00e1d\u00e1n\u00ed obr\u00e1zk\u016f pou\u017e\u00edvejte cloudov\u00e9 slu\u017eby, jako jsou Fotky Google nebo iCloud.<\/p>\n\n\n\n<p>Zva\u017ete tak\u00e9 pou\u017eit\u00ed aplikac\u00ed pro automatick\u00e9 z\u00e1lohov\u00e1n\u00ed, kter\u00e9 zajist\u00ed, \u017ee va\u0161e fotografie budou chr\u00e1n\u011bny i v p\u0159\u00edpad\u011b selh\u00e1n\u00ed za\u0159\u00edzen\u00ed.<\/p>\n\n\n\n<h2 class=\"wp-block-heading\">4. Jednejte rychle a obnovte fotografie \ud83d\ude80<\/h2>\n\n\n\n<p>Pokud zjist\u00edte, \u017ee va\u0161e fotografie byly omylem smaz\u00e1ny, jednejte rychle! \u010c\u00edm d\u0159\u00edve podniknete kroky, t\u00edm v\u011bt\u0161\u00ed je \u0161ance na \u00fasp\u011b\u0161n\u00e9 obnoven\u00ed.<\/p>\n\n\n\n<p>Nepou\u017e\u00edvejte za\u0159\u00edzen\u00ed k po\u0159izov\u00e1n\u00ed nov\u00fdch fotografi\u00ed ani k instalaci aplikac\u00ed, mohlo by doj\u00edt k p\u0159eps\u00e1n\u00ed ztracen\u00fdch dat.<\/p>\n\n\n<div class=\"wp-block-image\">\n<figure class=\"aligncenter size-full\"><img loading=\"lazy\" decoding=\"async\" width=\"550\" height=\"350\" src=\"http:\/\/universofamilia.com\/wp-content\/uploads\/sites\/148\/2024\/05\/P-550x350-1-10.jpg\" alt=\"\" class=\"wp-image-6032\" srcset=\"http:\/\/universofamilia.com\/wp-content\/uploads\/sites\/148\/2024\/05\/P-550x350-1-10.jpg 550w, http:\/\/universofamilia.com\/wp-content\/uploads\/sites\/148\/2024\/05\/P-550x350-1-10-300x191.jpg 300w\" sizes=\"(max-width: 550px) 100vw, 550px\" \/><figcaption class=\"wp-element-caption\">Zabra\u0148te ztr\u00e1t\u011b vzpom\u00ednek<\/figcaption><\/figure><\/div>\n\n\n<h2 class=\"wp-block-heading\">5. Software pro obnovu fotografi\u00ed \ud83d\udee0\ufe0f<\/h2>\n\n\n\n<p>Existuje n\u011bkolik n\u00e1stroj\u016f, kter\u00e9 v\u00e1m pomohou obnovit ztracen\u00e9 fotografie.<\/p>\n\n\n\n<p>N\u00ed\u017ee jsou uvedeny t\u0159i aplikace doporu\u010den\u00e9 u\u017eivateli a odborn\u00edky:<\/p>\n\n\n\n<h3 class=\"wp-block-heading\">1. Obnova fotografi\u00ed pomoc\u00ed DiskDiggeru<\/h3>\n\n\n\n<p>D\u00edky skv\u011bl\u00fdm recenz\u00edm a intuitivn\u00edmu rozhran\u00ed je DiskDigger obl\u00edbenou volbou pro obnovu ztracen\u00fdch fotografi\u00ed. U\u017eivatel\u00e9 chv\u00e1l\u00ed jeho efektivitu a jednoduchost.<\/p>\n\n\n\n<h3 class=\"wp-block-heading\">2. Obnova fotografi\u00ed pomoc\u00ed Recuva<\/h3>\n\n\n\n<p>Recuva je vysoce spolehliv\u00e1 a nab\u00edz\u00ed \u0161irokou \u0161k\u00e1lu funkc\u00ed pro obnovu. U\u017eivatel\u00e9 chv\u00e1l\u00ed jej\u00ed schopnost obnovit fotografie z n\u00e1hodn\u00e9ho form\u00e1tov\u00e1n\u00ed a jej\u00ed u\u017eivatelsky p\u0159\u00edv\u011btiv\u00e9 rozhran\u00ed.<\/p>\n\n\n\n<h3 class=\"wp-block-heading\">3. EaseUS MobiSaver<\/h3>\n\n\n\n<p>V\u0161estrann\u00fd a v\u00fdkonn\u00fd EaseUS MobiSaver dok\u00e1\u017ee obnovit nejen fotografie, ale i videa a dal\u0161\u00ed soubory. U\u017eivatel\u00e9 si chv\u00e1l\u00ed jeho intuitivn\u00ed rozhran\u00ed a bezprobl\u00e9mov\u00fd proces.<\/p>\n\n\n\n<h2 class=\"wp-block-heading\">Z\u00e1v\u011br: Chra\u0148te si sv\u00e9 vzpom\u00ednky! \ud83d\udee1\ufe0f<\/h2>\n\n\n\n<p>Ztr\u00e1ta cenn\u00fdch fotografi\u00ed m\u016f\u017ee b\u00fdt zni\u010duj\u00edc\u00ed, ale se spr\u00e1vn\u00fdmi opat\u0159en\u00edmi se t\u00e9to no\u010dn\u00ed m\u016f\u0159e m\u016f\u017eete vyhnout.<\/p>\n\n\n\n<p>V\u017edy nezapome\u0148te na pravideln\u00e9 z\u00e1lohov\u00e1n\u00ed a bu\u010fte p\u0159ipraveni rychle jednat v p\u0159\u00edpad\u011b ztr\u00e1ty.<\/p>\n\n\n\n<p>Se spr\u00e1vn\u00fdmi aplikacemi budou va\u0161e vzpom\u00ednky v\u017edy v bezpe\u010d\u00ed!<\/p>\n\n\n\n<h2 class=\"wp-block-heading\">\ud83d\udcf1 <strong>Odkazy ke sta\u017een\u00ed:<\/strong><\/h2>\n\n\n\n<ul>\n<li>DiskDigger: <a href=\"https:\/\/play.google.com\/store\/apps\/details?id=com.defianttech.diskdigger&amp;hl=en&amp;gl=US\" target=\"_blank\" rel=\"noreferrer noopener\">Android<\/a><\/li>\n\n\n\n<li>Recuva: <a href=\"https:\/\/drfone.wondershare.com\/recycle-bin-data\/recuva-iphone.html\" target=\"_blank\" rel=\"noreferrer noopener\">iOS<\/a><\/li>\n\n\n\n<li>EaseUS MobiSaver: <a href=\"https:\/\/play.google.com\/store\/apps\/details?id=com.easeus.mobisaver&amp;hl=en\" target=\"_blank\" rel=\"noreferrer noopener\">Android<\/a> \/ <a href=\"https:\/\/apps.apple.com\/us\/app\/easeus-data-recovery-wizard\/id740355970?mt=12\" target=\"_blank\" rel=\"noreferrer noopener\">iOS<\/a><\/li>\n<\/ul>\n\n\n\n<p>Nenechte sv\u00e9 vzpom\u00ednky zaniknout v \u010dase. Chra\u0148te je je\u0161t\u011b dnes! \ud83d\udcf8\u2728<\/p>","protected":false},"excerpt":{"rendered":"<p>Ztr\u00e1ta cenn\u00fdch fotografi\u00ed z telefonu je jako ztr\u00e1ta kusu historie. Kdo se nec\u00edtil zoufale, \u017ee nem\u016f\u017ee naj\u00edt ten zvl\u00e1\u0161tn\u00ed obr\u00e1zek? Ale nebojte se! V t\u00e9to p\u0159\u00edru\u010dce prozkoum\u00e1me nejlep\u0161\u00ed zp\u016fsoby, jak obnovit ztracen\u00e9 fotografie, a co je d\u016fle\u017eit\u011bj\u0161\u00ed, jak p\u0159edej\u00edt budouc\u00edm ztr\u00e1t\u00e1m. Poj\u010fme za\u010d\u00edt! 1. D\u016fle\u017eitost [\u2026]<\/p>","protected":false},"author":139,"featured_media":6032,"comment_status":"closed","ping_status":"open","sticky":false,"template":"","format":"standard","meta":{"footnotes":""},"categories":[2],"tags":[110,151,848],"yoast_head":"<!-- This site is optimized with the Yoast SEO plugin v23.3 - https:\/\/yoast.com\/wordpress\/plugins\/seo\/ -->\n<title>Evita perder tus recuerdos - Universo Fam\u00edlia<\/title>\n<meta name=\"description\" content=\"Evita perder tus recuerdos. Perder fotos preciosas del celular es como perder un pedacito de nuestra historia....\" \/>\n<meta name=\"robots\" content=\"index, follow, max-snippet:-1, max-image-preview:large, max-video-preview:-1\" \/>\n<link rel=\"canonical\" href=\"http:\/\/universofamilia.com\/cs\/\u09a4\u09cb\u09ae\u09be\u09b0-\u09b8\u09cd\u09ae\u09c3\u09a4\u09bf-\u09b9\u09be\u09b0\u09be\u09a8\u09cb-\u098f\u09a1\u09bc\u09bf\/\" \/>\n<meta property=\"og:locale\" content=\"cs_CZ\" \/>\n<meta property=\"og:type\" content=\"article\" \/>\n<meta property=\"og:title\" content=\"Evita perder tus recuerdos - Universo Fam\u00edlia\" \/>\n<meta property=\"og:description\" content=\"Evita perder tus recuerdos. Perder fotos preciosas del celular es como perder un pedacito de nuestra historia....\" \/>\n<meta property=\"og:url\" content=\"http:\/\/universofamilia.com\/cs\/\u09a4\u09cb\u09ae\u09be\u09b0-\u09b8\u09cd\u09ae\u09c3\u09a4\u09bf-\u09b9\u09be\u09b0\u09be\u09a8\u09cb-\u098f\u09a1\u09bc\u09bf\/\" \/>\n<meta property=\"og:site_name\" content=\"Universo Fam\u00edlia\" \/>\n<meta property=\"article:published_time\" content=\"2024-05-28T19:22:49+00:00\" \/>\n<meta property=\"article:modified_time\" content=\"2025-01-29T01:18:14+00:00\" \/>\n<meta property=\"og:image\" content=\"http:\/\/universofamilia.com\/wp-content\/uploads\/sites\/148\/2024\/05\/P-550x350-1-10.jpg\" \/>\n\t<meta property=\"og:image:width\" content=\"550\" \/>\n\t<meta property=\"og:image:height\" content=\"350\" \/>\n\t<meta property=\"og:image:type\" content=\"image\/jpeg\" \/>\n<meta name=\"author\" content=\"Pedro Henrique\" \/>\n<meta name=\"twitter:card\" content=\"summary_large_image\" \/>\n<meta name=\"twitter:label1\" content=\"Written by\" \/>\n\t<meta name=\"twitter:data1\" content=\"Pedro Henrique\" \/>\n\t<meta name=\"twitter:label2\" content=\"Est. reading time\" \/>\n\t<meta name=\"twitter:data2\" content=\"4 minuty\" \/>\n<script type=\"application\/ld+json\" class=\"yoast-schema-graph\">{\"@context\":\"https:\/\/schema.org\",\"@graph\":[{\"@type\":\"WebPage\",\"@id\":\"http:\/\/universofamilia.com\/bn\/\u09a4\u09cb\u09ae\u09be\u09b0-\u09b8\u09cd\u09ae\u09c3\u09a4\u09bf-\u09b9\u09be\u09b0\u09be\u09a8\u09cb-\u098f\u09a1\u09bc\u09bf\/\",\"url\":\"http:\/\/universofamilia.com\/bn\/\u09a4\u09cb\u09ae\u09be\u09b0-\u09b8\u09cd\u09ae\u09c3\u09a4\u09bf-\u09b9\u09be\u09b0\u09be\u09a8\u09cb-\u098f\u09a1\u09bc\u09bf\/\",\"name\":\"Evita perder tus recuerdos - Universo Fam\u00edlia\",\"isPartOf\":{\"@id\":\"https:\/\/universofamilia.com\/el\/#website\"},\"primaryImageOfPage\":{\"@id\":\"http:\/\/universofamilia.com\/bn\/\u09a4\u09cb\u09ae\u09be\u09b0-\u09b8\u09cd\u09ae\u09c3\u09a4\u09bf-\u09b9\u09be\u09b0\u09be\u09a8\u09cb-\u098f\u09a1\u09bc\u09bf\/#primaryimage\"},\"image\":{\"@id\":\"http:\/\/universofamilia.com\/bn\/\u09a4\u09cb\u09ae\u09be\u09b0-\u09b8\u09cd\u09ae\u09c3\u09a4\u09bf-\u09b9\u09be\u09b0\u09be\u09a8\u09cb-\u098f\u09a1\u09bc\u09bf\/#primaryimage\"},\"thumbnailUrl\":\"http:\/\/universofamilia.com\/wp-content\/uploads\/sites\/148\/2024\/05\/P-550x350-1-10.jpg\",\"datePublished\":\"2024-05-28T19:22:49+00:00\",\"dateModified\":\"2025-01-29T01:18:14+00:00\",\"author\":{\"@id\":\"https:\/\/universofamilia.com\/el\/#\/schema\/person\/f07ce98187dd84d31154262e79b3b7ca\"},\"description\":\"Evita perder tus recuerdos. Perder fotos preciosas del celular es como perder un pedacito de nuestra historia....\",\"breadcrumb\":{\"@id\":\"http:\/\/universofamilia.com\/bn\/\u09a4\u09cb\u09ae\u09be\u09b0-\u09b8\u09cd\u09ae\u09c3\u09a4\u09bf-\u09b9\u09be\u09b0\u09be\u09a8\u09cb-\u098f\u09a1\u09bc\u09bf\/#breadcrumb\"},\"inLanguage\":\"cs\",\"potentialAction\":[{\"@type\":\"ReadAction\",\"target\":[\"http:\/\/universofamilia.com\/bn\/\u09a4\u09cb\u09ae\u09be\u09b0-\u09b8\u09cd\u09ae\u09c3\u09a4\u09bf-\u09b9\u09be\u09b0\u09be\u09a8\u09cb-\u098f\u09a1\u09bc\u09bf\/\"]}]},{\"@type\":\"ImageObject\",\"inLanguage\":\"cs\",\"@id\":\"http:\/\/universofamilia.com\/bn\/\u09a4\u09cb\u09ae\u09be\u09b0-\u09b8\u09cd\u09ae\u09c3\u09a4\u09bf-\u09b9\u09be\u09b0\u09be\u09a8\u09cb-\u098f\u09a1\u09bc\u09bf\/#primaryimage\",\"url\":\"http:\/\/universofamilia.com\/wp-content\/uploads\/sites\/148\/2024\/05\/P-550x350-1-10.jpg\",\"contentUrl\":\"http:\/\/universofamilia.com\/wp-content\/uploads\/sites\/148\/2024\/05\/P-550x350-1-10.jpg\",\"width\":550,\"height\":350,\"caption\":\"Evita perder tus recuerdos\"},{\"@type\":\"BreadcrumbList\",\"@id\":\"http:\/\/universofamilia.com\/bn\/\u09a4\u09cb\u09ae\u09be\u09b0-\u09b8\u09cd\u09ae\u09c3\u09a4\u09bf-\u09b9\u09be\u09b0\u09be\u09a8\u09cb-\u098f\u09a1\u09bc\u09bf\/#breadcrumb\",\"itemListElement\":[{\"@type\":\"ListItem\",\"position\":1,\"name\":\"Home\",\"item\":\"https:\/\/universofamilia.com\/el\/\"},{\"@type\":\"ListItem\",\"position\":2,\"name\":\"Evita perder tus recuerdos\"}]},{\"@type\":\"WebSite\",\"@id\":\"https:\/\/universofamilia.com\/el\/#website\",\"url\":\"https:\/\/universofamilia.com\/el\/\",\"name\":\"Universo Fam\u00edlia\",\"description\":\"\",\"potentialAction\":[{\"@type\":\"SearchAction\",\"target\":{\"@type\":\"EntryPoint\",\"urlTemplate\":\"https:\/\/universofamilia.com\/el\/?s={search_term_string}\"},\"query-input\":\"required name=search_term_string\"}],\"inLanguage\":\"cs\"},{\"@type\":\"Person\",\"@id\":\"https:\/\/universofamilia.com\/el\/#\/schema\/person\/f07ce98187dd84d31154262e79b3b7ca\",\"name\":\"Pedro Henrique\",\"image\":{\"@type\":\"ImageObject\",\"inLanguage\":\"cs\",\"@id\":\"https:\/\/universofamilia.com\/el\/#\/schema\/person\/image\/\",\"url\":\"http:\/\/0.gravatar.com\/avatar\/9edfeb808cb4e1599f64d6e45b130154?s=96&d=mm&r=g\",\"contentUrl\":\"http:\/\/0.gravatar.com\/avatar\/9edfeb808cb4e1599f64d6e45b130154?s=96&d=mm&r=g\",\"caption\":\"Pedro Henrique\"},\"url\":\"http:\/\/universofamilia.com\/cs\/author\/editor01\/\"}]}<\/script>\n<!-- \/ Yoast SEO plugin. -->","yoast_head_json":{"title":"Evita perder tus recuerdos - Universo Fam\u00edlia","description":"Evita perder tus recuerdos. Perder fotos preciosas del celular es como perder un pedacito de nuestra historia....","robots":{"index":"index","follow":"follow","max-snippet":"max-snippet:-1","max-image-preview":"max-image-preview:large","max-video-preview":"max-video-preview:-1"},"canonical":"http:\/\/universofamilia.com\/cs\/\u09a4\u09cb\u09ae\u09be\u09b0-\u09b8\u09cd\u09ae\u09c3\u09a4\u09bf-\u09b9\u09be\u09b0\u09be\u09a8\u09cb-\u098f\u09a1\u09bc\u09bf\/","og_locale":"cs_CZ","og_type":"article","og_title":"Evita perder tus recuerdos - Universo Fam\u00edlia","og_description":"Evita perder tus recuerdos. Perder fotos preciosas del celular es como perder un pedacito de nuestra historia....","og_url":"http:\/\/universofamilia.com\/cs\/\u09a4\u09cb\u09ae\u09be\u09b0-\u09b8\u09cd\u09ae\u09c3\u09a4\u09bf-\u09b9\u09be\u09b0\u09be\u09a8\u09cb-\u098f\u09a1\u09bc\u09bf\/","og_site_name":"Universo Fam\u00edlia","article_published_time":"2024-05-28T19:22:49+00:00","article_modified_time":"2025-01-29T01:18:14+00:00","og_image":[{"width":550,"height":350,"url":"http:\/\/universofamilia.com\/wp-content\/uploads\/sites\/148\/2024\/05\/P-550x350-1-10.jpg","type":"image\/jpeg"}],"author":"Pedro Henrique","twitter_card":"summary_large_image","twitter_misc":{"Written by":"Pedro Henrique","Est. reading time":"4 minuty"},"schema":{"@context":"https:\/\/schema.org","@graph":[{"@type":"WebPage","@id":"http:\/\/universofamilia.com\/bn\/\u09a4\u09cb\u09ae\u09be\u09b0-\u09b8\u09cd\u09ae\u09c3\u09a4\u09bf-\u09b9\u09be\u09b0\u09be\u09a8\u09cb-\u098f\u09a1\u09bc\u09bf\/","url":"http:\/\/universofamilia.com\/bn\/\u09a4\u09cb\u09ae\u09be\u09b0-\u09b8\u09cd\u09ae\u09c3\u09a4\u09bf-\u09b9\u09be\u09b0\u09be\u09a8\u09cb-\u098f\u09a1\u09bc\u09bf\/","name":"Evita perder tus recuerdos - Universo Fam\u00edlia","isPartOf":{"@id":"https:\/\/universofamilia.com\/el\/#website"},"primaryImageOfPage":{"@id":"http:\/\/universofamilia.com\/bn\/\u09a4\u09cb\u09ae\u09be\u09b0-\u09b8\u09cd\u09ae\u09c3\u09a4\u09bf-\u09b9\u09be\u09b0\u09be\u09a8\u09cb-\u098f\u09a1\u09bc\u09bf\/#primaryimage"},"image":{"@id":"http:\/\/universofamilia.com\/bn\/\u09a4\u09cb\u09ae\u09be\u09b0-\u09b8\u09cd\u09ae\u09c3\u09a4\u09bf-\u09b9\u09be\u09b0\u09be\u09a8\u09cb-\u098f\u09a1\u09bc\u09bf\/#primaryimage"},"thumbnailUrl":"http:\/\/universofamilia.com\/wp-content\/uploads\/sites\/148\/2024\/05\/P-550x350-1-10.jpg","datePublished":"2024-05-28T19:22:49+00:00","dateModified":"2025-01-29T01:18:14+00:00","author":{"@id":"https:\/\/universofamilia.com\/el\/#\/schema\/person\/f07ce98187dd84d31154262e79b3b7ca"},"description":"Evita perder tus recuerdos. Perder fotos preciosas del celular es como perder un pedacito de nuestra historia....","breadcrumb":{"@id":"http:\/\/universofamilia.com\/bn\/\u09a4\u09cb\u09ae\u09be\u09b0-\u09b8\u09cd\u09ae\u09c3\u09a4\u09bf-\u09b9\u09be\u09b0\u09be\u09a8\u09cb-\u098f\u09a1\u09bc\u09bf\/#breadcrumb"},"inLanguage":"cs","potentialAction":[{"@type":"ReadAction","target":["http:\/\/universofamilia.com\/bn\/\u09a4\u09cb\u09ae\u09be\u09b0-\u09b8\u09cd\u09ae\u09c3\u09a4\u09bf-\u09b9\u09be\u09b0\u09be\u09a8\u09cb-\u098f\u09a1\u09bc\u09bf\/"]}]},{"@type":"ImageObject","inLanguage":"cs","@id":"http:\/\/universofamilia.com\/bn\/\u09a4\u09cb\u09ae\u09be\u09b0-\u09b8\u09cd\u09ae\u09c3\u09a4\u09bf-\u09b9\u09be\u09b0\u09be\u09a8\u09cb-\u098f\u09a1\u09bc\u09bf\/#primaryimage","url":"http:\/\/universofamilia.com\/wp-content\/uploads\/sites\/148\/2024\/05\/P-550x350-1-10.jpg","contentUrl":"http:\/\/universofamilia.com\/wp-content\/uploads\/sites\/148\/2024\/05\/P-550x350-1-10.jpg","width":550,"height":350,"caption":"Evita perder tus recuerdos"},{"@type":"BreadcrumbList","@id":"http:\/\/universofamilia.com\/bn\/\u09a4\u09cb\u09ae\u09be\u09b0-\u09b8\u09cd\u09ae\u09c3\u09a4\u09bf-\u09b9\u09be\u09b0\u09be\u09a8\u09cb-\u098f\u09a1\u09bc\u09bf\/#breadcrumb","itemListElement":[{"@type":"ListItem","position":1,"name":"Home","item":"https:\/\/universofamilia.com\/el\/"},{"@type":"ListItem","position":2,"name":"Evita perder tus recuerdos"}]},{"@type":"WebSite","@id":"https:\/\/universofamilia.com\/el\/#website","url":"https:\/\/universofamilia.com\/el\/","name":"Universo Fam\u00edlia","description":"","potentialAction":[{"@type":"SearchAction","target":{"@type":"EntryPoint","urlTemplate":"https:\/\/universofamilia.com\/el\/?s={search_term_string}"},"query-input":"required name=search_term_string"}],"inLanguage":"cs"},{"@type":"Person","@id":"https:\/\/universofamilia.com\/el\/#\/schema\/person\/f07ce98187dd84d31154262e79b3b7ca","name":"Pedro Henrique","image":{"@type":"ImageObject","inLanguage":"cs","@id":"https:\/\/universofamilia.com\/el\/#\/schema\/person\/image\/","url":"http:\/\/0.gravatar.com\/avatar\/9edfeb808cb4e1599f64d6e45b130154?s=96&d=mm&r=g","contentUrl":"http:\/\/0.gravatar.com\/avatar\/9edfeb808cb4e1599f64d6e45b130154?s=96&d=mm&r=g","caption":"Pedro Henrique"},"url":"http:\/\/universofamilia.com\/cs\/author\/editor01\/"}]}},"_links":{"self":[{"href":"http:\/\/universofamilia.com\/cs\/wp-json\/wp\/v2\/posts\/6031"}],"collection":[{"href":"http:\/\/universofamilia.com\/cs\/wp-json\/wp\/v2\/posts"}],"about":[{"href":"http:\/\/universofamilia.com\/cs\/wp-json\/wp\/v2\/types\/post"}],"author":[{"embeddable":true,"href":"http:\/\/universofamilia.com\/cs\/wp-json\/wp\/v2\/users\/139"}],"replies":[{"embeddable":true,"href":"http:\/\/universofamilia.com\/cs\/wp-json\/wp\/v2\/comments?post=6031"}],"version-history":[{"count":1,"href":"http:\/\/universofamilia.com\/cs\/wp-json\/wp\/v2\/posts\/6031\/revisions"}],"predecessor-version":[{"id":8464,"href":"http:\/\/universofamilia.com\/cs\/wp-json\/wp\/v2\/posts\/6031\/revisions\/8464"}],"wp:featuredmedia":[{"embeddable":true,"href":"http:\/\/universofamilia.com\/cs\/wp-json\/wp\/v2\/media\/6032"}],"wp:attachment":[{"href":"http:\/\/universofamilia.com\/cs\/wp-json\/wp\/v2\/media?parent=6031"}],"wp:term":[{"taxonomy":"category","embeddable":true,"href":"http:\/\/universofamilia.com\/cs\/wp-json\/wp\/v2\/categories?post=6031"},{"taxonomy":"post_tag","embeddable":true,"href":"http:\/\/universofamilia.com\/cs\/wp-json\/wp\/v2\/tags?post=6031"}],"curies":[{"name":"wp","href":"https:\/\/api.w.org\/{rel}","templated":true}]}}