{"id":6873,"date":"2024-10-14T21:36:56","date_gmt":"2024-10-15T00:36:56","guid":{"rendered":"https:\/\/universofamilia.com\/?p=6873"},"modified":"2025-02-07T01:23:08","modified_gmt":"2025-02-07T01:23:08","slug":"vea-como-aumentar-el-espacio-de-almacenamiento-de-su-celular","status":"publish","type":"post","link":"http:\/\/universofamilia.com\/cs\/vea-como-aumentar-el-espacio-de-almacenamiento-de-su-celular\/","title":{"rendered":"Pod\u00edvejte se, jak zv\u011bt\u0161it \u00falo\u017en\u00fd prostor mobiln\u00edho telefonu"},"content":{"rendered":"<p>Nedostatek m\u00edsta v telefonu je jedn\u00edm z nej\u010dast\u011bj\u0161\u00edch probl\u00e9m\u016f u\u017eivatel\u016f chytr\u00fdch telefon\u016f, zejm\u00e9na kdy\u017e jsou na\u0161e za\u0159\u00edzen\u00ed zahlcena fotografiemi, videi, aplikacemi a dokumenty.<\/p>\n\n\n\n<p>Kdo neza\u017eil frustraci z pokusu o instalaci d\u016fle\u017eit\u00e9 aplikace nebo zachycen\u00ed zvl\u00e1\u0161tn\u00edho okam\u017eiku, jen aby obdr\u017eel ob\u00e1vanou zpr\u00e1vu \u201e\u00dalo\u017ei\u0161t\u011b pln\u00e9\u201c?<\/p>\n\n\n\n<p><\/p>\n\n\n\n<hr class=\"wp-block-separator has-text-color has-luminous-vivid-orange-color has-alpha-channel-opacity has-luminous-vivid-orange-background-color has-background\" \/>\n\n\n\n<h2 class=\"wp-block-heading has-text-align-center\">Co byste cht\u011bl\/a ud\u011blat jako prvn\u00ed?<\/h2>\n\n\n\n<div class=\"wp-block-buttons is-content-justification-center is-layout-flex wp-container-core-buttons-layout-1 wp-block-buttons-is-layout-flex\">\n<div class=\"wp-block-button has-custom-width wp-block-button__width-100 is-style-outline\" style=\"text-decoration:none\"><a class=\"wp-block-button__link has-white-color has-vivid-cyan-blue-background-color has-text-color has-background has-link-color has-text-align-left wp-element-button\" href=\"https:\/\/universofamilia.com\/cs\/6877\/tu-celular-tiene-muchos-anuncios-y-virus\/\" style=\"border-radius:10px\">Odstra\u0148te reklamy a viry \u27a1\ufe0f<\/a><\/div>\n<\/div>\n\n\n\n<div class=\"wp-block-buttons is-content-justification-center is-layout-flex wp-container-core-buttons-layout-2 wp-block-buttons-is-layout-flex\">\n<div class=\"wp-block-button has-custom-width wp-block-button__width-100 is-style-outline\" style=\"text-decoration:none\"><a class=\"wp-block-button__link has-white-color has-vivid-cyan-blue-background-color has-text-color has-background has-link-color has-text-align-left wp-element-button\" href=\"https:\/\/universofamilia.com\/cs\/6883\/tu-telefono-esta-lento\/\" style=\"border-radius:10px\">Zrychli m\u016fj mobil \u27a1\ufe0f<\/a><\/div>\n<\/div>\n\n\n\n<div class=\"wp-block-buttons is-content-justification-center is-layout-flex wp-container-core-buttons-layout-3 wp-block-buttons-is-layout-flex\">\n<div class=\"wp-block-button has-custom-width wp-block-button__width-100 is-style-outline\" style=\"text-decoration:none\"><a class=\"wp-block-button__link has-white-color has-vivid-cyan-blue-background-color has-text-color has-background has-link-color has-text-align-left wp-element-button\" href=\"https:\/\/universofamilia.com\/cs\/6867\/el-mejor-y-mas-eficaz-aplicacion-de-limpieza-de-celular-lanzado\/\" style=\"border-radius:10px\">Vyd\u00e1na nejlep\u0161\u00ed aplikace pro \u010di\u0161t\u011bn\u00ed mobiln\u00edch telefon\u016f \u27a1\ufe0f<\/a><\/div>\n<\/div>\n\n\n\n<p class=\"has-text-align-center\"><em><strong>\u010ct\u011bte d\u00e1l!<\/strong><\/em><\/p>\n\n\n\n<hr class=\"wp-block-separator has-text-color has-luminous-vivid-orange-color has-alpha-channel-opacity has-luminous-vivid-orange-background-color has-background\" \/>\n\n\n\n<p><\/p>\n\n\n\n<p>Dnes se pod\u00edv\u00e1me na to, jak snadno a pohodln\u011b zv\u011bt\u0161it \u00falo\u017en\u00fd prostor telefonu, ani\u017e byste museli mazat sv\u00e9 obl\u00edben\u00e9 fotografie!<\/p>\n\n\n\n<h2 class=\"wp-block-heading\">V\u00fdhody aplikac\u00ed pro \u010di\u0161t\u011bn\u00ed mobiln\u00edch telefon\u016f<\/h2>\n\n\n\n<p>Aplikace na \u010di\u0161t\u011bn\u00ed mobiln\u00edch telefon\u016f jsou rychl\u00e1 a efektivn\u00ed \u0159e\u0161en\u00ed pro optimalizaci \u00falo\u017en\u00e9ho prostoru.<\/p>\n\n\n\n<p>Funguj\u00ed jako mal\u00ed osobn\u00ed asistenti, kte\u0159\u00ed v\u00e1m pomohou uspo\u0159\u00e1dat to, co v\u00e1m v telefonu zab\u00edr\u00e1 zbyte\u010dn\u00e9 m\u00edsto, a nab\u00edzej\u00ed n\u011bkolik funkc\u00ed, kter\u00e9 p\u0159in\u00e1\u0161ej\u00ed okam\u017eit\u00e9 v\u00fdhody.<\/p>\n\n\n\n<h3 class=\"wp-block-heading\">\u010ci\u0161t\u011bn\u00ed nepot\u0159ebn\u00fdch soubor\u016f<\/h3>\n\n\n\n<p>Postupem \u010dasu se v telefonu hromad\u00ed spousta soubor\u016f, kter\u00fdch si ani nev\u0161imnete: videa, kter\u00e1 jste si st\u00e1hli pro jednor\u00e1zov\u00e9 prohl\u00ed\u017een\u00ed, mezipam\u011bti aplikac\u00ed a dokonce i duplicitn\u00ed soubory.<\/p>\n\n\n\n<p>\u010cistic\u00ed aplikace jsou skv\u011bl\u00e9 pro identifikaci a odstran\u011bn\u00ed t\u011bchto soubor\u016f, ani\u017e by to ohrozilo v\u00fdkon va\u0161eho za\u0159\u00edzen\u00ed.<\/p>\n\n\n\n<blockquote class=\"wp-block-quote\">\n<p><strong>Pozorov\u00e1n\u00ed<\/strong>Z politick\u00fdch a komer\u010dn\u00edch d\u016fvod\u016f byla aplikace ukon\u010dena a odstran\u011bna z obchod\u016f s aplikacemi ve Spojen\u00fdch st\u00e1tech.<\/p>\n\n\n\n<p>Z tohoto d\u016fvodu v\u00e1s odkazy v tomto \u010dl\u00e1nku p\u0159esm\u011bruj\u00ed p\u0159\u00edmo na ofici\u00e1ln\u00ed webov\u00e9 str\u00e1nky <strong>Kaspersky<\/strong>.<\/p>\n<\/blockquote>\n\n\n\n<h3 class=\"wp-block-heading\">Spr\u00e1va aplikac\u00ed<\/h3>\n\n\n\n<p>Dal\u0161\u00ed neuv\u011b\u0159itelnou v\u00fdhodou aplikac\u00ed pro \u010di\u0161t\u011bn\u00ed je efektivn\u00ed spr\u00e1va ostatn\u00edch aplikac\u00ed. Mnoz\u00ed z n\u00e1s maj\u00ed sb\u00edrku aplikac\u00ed, kter\u00e9 pou\u017e\u00edv\u00e1me jen z\u0159\u00eddka.<\/p>\n\n\n\n<p>Pomoc\u00ed t\u011bchto \u010distic\u00edch aplikac\u00ed m\u016f\u017eete zjistit, kter\u00e9 z nich zab\u00edraj\u00ed nejv\u00edce m\u00edsta a pou\u017e\u00edvaj\u00ed se nejm\u00e9n\u011b, co\u017e v\u00e1m umo\u017en\u00ed je rychle a snadno odinstalovat.<\/p>\n\n\n\n<h3 class=\"wp-block-heading\">Anal\u00fdza velk\u00fdch soubor\u016f<\/h3>\n\n\n\n<p>Kolikr\u00e1t jste si st\u00e1hli video nebo soubor ve vysok\u00e9 kvalit\u011b, abyste si ho mohli pozd\u011bji p\u0159ehr\u00e1t, a zapomn\u011bli jste ho smazat?<\/p>\n\n\n\n<p>\u010cistic\u00ed aplikace tak\u00e9 tyto velk\u00e9 soubory prohled\u00e1vaj\u00ed a nab\u00edzej\u00ed mo\u017enost je smazat nebo p\u0159en\u00e9st do cloudov\u00e9ho \u00falo\u017ei\u0161t\u011b.<\/p>\n\n\n\n<h3 class=\"wp-block-heading\">Cloudov\u00e9 \u00falo\u017ei\u0161t\u011b<\/h3>\n\n\n\n<p>Kdy\u017e u\u017e mluv\u00edme o cloudu, dal\u0161\u00edm efektivn\u00edm zp\u016fsobem, jak uvolnit m\u00edsto, je ukl\u00e1dat fotografie, videa a dokumenty p\u0159\u00edmo do cloudu.<\/p>\n\n\n\n<p>V\u011bt\u0161ina \u00falo\u017en\u00fdch slu\u017eeb, jako nap\u0159\u00edklad Disk Google a iCloud, nab\u00edz\u00ed zna\u010dn\u00e9 mno\u017estv\u00ed voln\u00e9ho prostoru.<\/p>\n\n\n\n<p>T\u00edmto zp\u016fsobem jsou va\u0161e soubory v bezpe\u010d\u00ed a p\u0159\u00edstupn\u00e9, ale z\u00e1rove\u0148 nezab\u00edraj\u00ed m\u00edsto ve va\u0161em za\u0159\u00edzen\u00ed.<\/p>\n\n\n\n<p><\/p>\n\n\n\n<hr class=\"wp-block-separator has-text-color has-luminous-vivid-orange-color has-alpha-channel-opacity has-luminous-vivid-orange-background-color has-background\" \/>\n\n\n\n<h2 class=\"wp-block-heading\">\u010ct\u011bte tak\u00e9:<\/h2>\n\n\n\n<ul class=\"wp-block-list\">\n<li class=\"has-medium-font-size\"><a href=\"https:\/\/universofamilia.com\/cs\/6832\/aplicacion-para-bailar-zumba\/\">\ud83d\udccc Aplikace pro tane\u010dn\u00ed zumbu &gt;<\/a><\/li>\n\n\n\n<li class=\"has-medium-font-size\"><a href=\"https:\/\/universofamilia.com\/cs\/6568\/aprende-mecanica-automotriz-aplicacion\/\">\ud83d\udccc Nau\u010dte se automechaniku s aplikac\u00ed<\/a><\/li>\n<\/ul>\n\n\n\n<hr class=\"wp-block-separator has-text-color has-luminous-vivid-orange-color has-alpha-channel-opacity has-luminous-vivid-orange-background-color has-background\" \/>\n\n\n\n<p><\/p>\n\n\n\n<h2 class=\"wp-block-heading\">V\u00fdhody aplikace Kaspersky Mobile Security<\/h2>\n\n\n\n<p>Mezi r\u016fzn\u00fdmi \u010distic\u00edmi a bezpe\u010dnostn\u00edmi aplikacemi dostupn\u00fdmi na trhu, <strong>Kaspersky Mobile Security<\/strong> Vynik\u00e1 t\u00edm, \u017ee nab\u00edz\u00ed kombinaci robustn\u00edch n\u00e1stroj\u016f pro spr\u00e1vu dat a digit\u00e1ln\u00edho zabezpe\u010den\u00ed a tak\u00e9 v\u00fdhody, kter\u00e9 si zamilujete.<\/p>\n\n\n\n<h3 class=\"wp-block-heading\">Snadn\u00e9 pou\u017eit\u00ed a \u00faspora \u010dasu<\/h3>\n\n\n\n<p>Jednou z nejv\u011bt\u0161\u00edch v\u00fdhod Kaspersky je jeho u\u017eivatelsky p\u0159\u00edv\u011btiv\u00e9 rozhran\u00ed. I kdy\u017e nejste technick\u00fd expert, navigace v jeho funkc\u00edch je jednoduch\u00e1 a p\u0159\u00edmo\u010dar\u00e1.<\/p>\n\n\n\n<p>Pouh\u00fdmi n\u011bkolika kliknut\u00edmi m\u016f\u017eete prov\u00e9st kompletn\u00ed \u010di\u0161t\u011bn\u00ed, u\u0161et\u0159it \u010das a eliminovat nutnost ru\u010dn\u00edho vyhled\u00e1v\u00e1n\u00ed soubor\u016f.<\/p>\n\n\n\n<h3 class=\"wp-block-heading\">Okam\u017eit\u00e9 zlep\u0161en\u00ed<\/h3>\n\n\n\n<p>Po pou\u017eit\u00ed Kaspersky je zlep\u0161en\u00ed v\u00fdkonu telefonu znateln\u00e9. Eliminac\u00ed zbyte\u010dn\u00fdch mezipam\u011bt\u00ed a velk\u00fdch soubor\u016f b\u011b\u017e\u00ed telefon rychleji, bez otravn\u00e9ho zamrz\u00e1n\u00ed.<\/p>\n\n\n\n<p>V\u0161echno l\u00e9pe plyne a rozd\u00edl je hned patrn\u00fd.<\/p>\n\n\n\n<h3 class=\"wp-block-heading\">V\u00edce \u00falo\u017en\u00e9ho prostoru<\/h3>\n\n\n\n<p>Vymaz\u00e1n\u00ed mezipam\u011bti a do\u010dasn\u00fdch soubor\u016f m\u00e1 p\u0159\u00edm\u00fd vliv na mno\u017estv\u00ed uvoln\u011bn\u00e9ho m\u00edsta.<\/p>\n\n\n\n<p>A Kaspersky to d\u011bl\u00e1 efektivn\u011b a identifikuje, co lze skute\u010dn\u011b odstranit, ani\u017e by to ohrozilo va\u0161e za\u0159\u00edzen\u00ed.<\/p>\n\n\n<div class=\"wp-block-image\">\n<figure class=\"aligncenter size-full\"><img loading=\"lazy\" decoding=\"async\" width=\"550\" height=\"350\" src=\"http:\/\/universofamilia.com\/wp-content\/uploads\/sites\/148\/2024\/10\/DESTAQUE-UNIVERSO-550-x-350-1-3.jpg\" alt=\"\" class=\"wp-image-6874\" srcset=\"http:\/\/universofamilia.com\/wp-content\/uploads\/sites\/148\/2024\/10\/DESTAQUE-UNIVERSO-550-x-350-1-3.jpg 550w, http:\/\/universofamilia.com\/wp-content\/uploads\/sites\/148\/2024\/10\/DESTAQUE-UNIVERSO-550-x-350-1-3-300x191.jpg 300w\" sizes=\"(max-width: 550px) 100vw, 550px\" \/><figcaption class=\"wp-element-caption\">Pod\u00edvejte se, jak zv\u011bt\u0161it \u00falo\u017en\u00fd prostor mobiln\u00edho telefonu<\/figcaption><\/figure><\/div>\n\n\n<h3 class=\"wp-block-heading\">Vylep\u0161en\u00fd v\u00fdkon<\/h3>\n\n\n\n<p>Krom\u011b uvoln\u011bn\u00ed m\u00edsta Kaspersky Mobile Security tak\u00e9 zlep\u0161uje celkov\u00fd v\u00fdkon za\u0159\u00edzen\u00ed.<\/p>\n\n\n\n<p>Je to proto, \u017ee detekuje zbyte\u010dn\u00e9 procesy b\u011b\u017e\u00edc\u00ed na pozad\u00ed a spot\u0159ebov\u00e1vaj\u00edc\u00ed cenn\u00e9 zdroje.<\/p>\n\n\n\n<h3 class=\"wp-block-heading\">Efektivn\u00ed spr\u00e1va dat<\/h3>\n\n\n\n<p>S Kaspersky m\u00e1te \u00faplnou kontrolu nad t\u00edm, co v\u00e1m zab\u00edr\u00e1 m\u00edsto v telefonu.<\/p>\n\n\n\n<p>Uspo\u0159\u00e1dejte si fotografie, videa a dal\u0161\u00ed soubory, abyste vid\u011bli, co v\u00e1s na za\u0159\u00edzen\u00ed skute\u010dn\u011b zat\u011b\u017euje, a mohli se rozhodnout, zda si to ponech\u00e1te, nebo sma\u017eete.<\/p>\n\n\n\n<h3 class=\"wp-block-heading\">Del\u0161\u00ed v\u00fddr\u017e baterie<\/h3>\n\n\n\n<p>Dal\u0161\u00edm zaj\u00edmav\u00fdm aspektem je, \u017ee deaktivac\u00ed nepot\u0159ebn\u00fdch proces\u016f aplikace tak\u00e9 prodlu\u017euje v\u00fddr\u017e baterie.<\/p>\n\n\n\n<p>Nejen\u017ee z\u00edsk\u00e1 v\u00edce m\u00edsta, ale tak\u00e9 prodlu\u017euje v\u00fddr\u017e baterie, co\u017e je obzvl\u00e1\u0161t\u011b u\u017eite\u010dn\u00e9 pro ty, kte\u0159\u00ed telefon pou\u017e\u00edvaj\u00ed cel\u00fd den.<\/p>\n\n\n\n<h3 class=\"wp-block-heading\">Ochrana soukrom\u00ed<\/h3>\n\n\n\n<p>Ochrana soukrom\u00ed je dal\u0161\u00edm d\u016fle\u017eit\u00fdm bodem spole\u010dnosti Kaspersky.<\/p>\n\n\n\n<p>V dob\u011b \u00fanik\u016f dat a kr\u00e1de\u017e\u00ed informac\u00ed je nezbytn\u00e9 m\u00edt aplikaci, kter\u00e1 nejen \u010dist\u00ed, ale tak\u00e9 chr\u00e1n\u00ed va\u0161e osobn\u00ed data.<\/p>\n\n\n\n<p>S n\u00edm m\u016f\u017eete eliminovat stopy prohl\u00ed\u017een\u00ed a chr\u00e1nit sv\u00e9 nejcitliv\u011bj\u0161\u00ed informace.<\/p>\n\n\n\n<h2 class=\"wp-block-heading\">\u010casto kladen\u00e9 ot\u00e1zky o v\u00fdhod\u00e1ch Kaspersky<\/h2>\n\n\n\n<p><strong>1. Opravdu Kaspersky pom\u00e1h\u00e1 uvolnit m\u00edsto v telefonu?<\/strong><\/p>\n\n\n\n<p>Ano! Kaspersky Mobile Security m\u00e1 vestav\u011bn\u00fd n\u00e1stroj pro \u010di\u0161t\u011bn\u00ed, kter\u00fd kompletn\u011b prohled\u00e1 va\u0161e za\u0159\u00edzen\u00ed a bezpe\u010dn\u011b odstran\u00ed nepot\u0159ebn\u00e9 soubory.<\/p>\n\n\n\n<p><strong>2. Je bezpe\u010dn\u00e9 ho pou\u017e\u00edvat?<\/strong><\/p>\n\n\n\n<p>Rozhodn\u011b! Kaspersky je jednou z nejd\u016fv\u011bryhodn\u011bj\u0161\u00edch bezpe\u010dnostn\u00edch aplikac\u00ed na trhu a je \u0161iroce pou\u017e\u00edv\u00e1na po cel\u00e9m sv\u011bt\u011b.<\/p>\n\n\n\n<p><strong>3. Ovliv\u0148uje to v\u00fdkon mobiln\u00edho telefonu?<\/strong><\/p>\n\n\n\n<p>Naopak, vylep\u0161uje ho! Uvoln\u011bn\u00edm pam\u011bti a lep\u0161\u00ed spr\u00e1vou proces\u016f telefonu se zvy\u0161uje celkov\u00fd v\u00fdkon.<\/p>\n\n\n\n<p><strong>4. Je to kompatibiln\u00ed s m\u00fdm telefonem?<\/strong><\/p>\n\n\n\n<p>Kaspersky Mobile Security je k dispozici pro za\u0159\u00edzen\u00ed se syst\u00e9my Android i iOS. Dal\u0161\u00ed informace o kompatibilit\u011b s va\u0161\u00edm za\u0159\u00edzen\u00edm naleznete v odkazech ke sta\u017een\u00ed na konci tohoto \u010dl\u00e1nku.<\/p>\n\n\n\n<h2 class=\"wp-block-heading\">Co \u0159\u00edkaj\u00ed u\u017eivatel\u00e9?<\/h2>\n\n\n\n<p>Abychom v\u00e1m poskytli v\u011bt\u0161\u00ed d\u016fv\u011bru v aplikaci Kaspersky Mobile Security, shrom\u00e1\u017edili jsme n\u011bkolik referenc\u00ed od u\u017eivatel\u016f, kte\u0159\u00ed aplikaci vyzkou\u0161eli a jsou s n\u00ed spokojeni:<\/p>\n\n\n\n<ul class=\"wp-block-list\">\n<li><strong>Juan M.<\/strong>\u201eAplikace se velmi snadno pou\u017e\u00edv\u00e1. Vy\u0159e\u0161il jsem sv\u016fj probl\u00e9m s nedostatkem \u00falo\u017ei\u0161t\u011b b\u011bhem n\u011bkolika minut a tak\u00e9 se mi poda\u0159ilo zlep\u0161it v\u00fddr\u017e baterie telefonu. V\u0159ele ji doporu\u010duji!\u201c<\/li>\n\n\n\n<li><strong>Ana S.<\/strong>\u201eMiluju funkci skenov\u00e1n\u00ed velk\u00fdch soubor\u016f. V\u017edycky jsem m\u011bl obrovsk\u00e1 videa, kter\u00e1 jsem zapomn\u011bl smazat, a Kaspersky mi to vy\u0159e\u0161il. M\u016fj telefon je mnohem rychlej\u0161\u00ed.\u201c<\/li>\n\n\n\n<li><strong>Roberto P.<\/strong>\u201eKrom\u011b uvoln\u011bn\u00ed m\u00edsta mi Kaspersky tak\u00e9 poskytl klid, pokud jde o zabezpe\u010den\u00ed. Stoj\u00ed to za ka\u017edou korunu!\u201c<\/li>\n<\/ul>\n\n\n\n<h2 class=\"wp-block-heading\">Z\u00e1v\u011br<\/h2>\n\n\n\n<p>Pokud se pot\u00fdk\u00e1te s t\u00edm, jak uvolnit m\u00edsto v telefonu a zlep\u0161it jeho v\u00fdkon, ani\u017e byste museli mazat sv\u00e9 nejcenn\u011bj\u0161\u00ed vzpom\u00ednky, je Kaspersky Mobile Security ide\u00e1ln\u00edm \u0159e\u0161en\u00edm.<\/p>\n\n\n\n<p>Nab\u00edz\u00ed snadno pou\u017eiteln\u00e9 n\u00e1stroje, zlep\u0161uje v\u00fdkon va\u0161eho za\u0159\u00edzen\u00ed a tak\u00e9 chr\u00e1n\u00ed va\u0161e soukrom\u00ed.<\/p>\n\n\n\n<p>Nyn\u00ed, kdy\u017e v\u00edte, jak zv\u011bt\u0161it \u00falo\u017en\u00fd prostor telefonu, je \u010das jednat! Vyu\u017eijte t\u00e9to v\u00fdhody a st\u00e1hn\u011bte si aplikaci, kter\u00e1 prom\u011bn\u00ed v\u00fdkon va\u0161eho za\u0159\u00edzen\u00ed v n\u011bco lep\u0161\u00edho.<\/p>\n\n\n\n<p><strong>St\u00e1hn\u011bte si aplikace zde:<\/strong><\/p>\n\n\n\n<ul class=\"wp-block-list\">\n<li><strong>Kaspersky \u2013 <a href=\"https:\/\/www.kaspersky.com.br\/downloads\">Android<\/a><\/strong> \/<strong> <a href=\"https:\/\/www.kaspersky.com.br\/downloads\">iOS<\/a><\/strong><\/li>\n<\/ul>\n\n\n\n<p>V\u00e1\u0161 mobiln\u00ed telefon v\u00e1m pod\u011bkuje!<\/p>","protected":false},"excerpt":{"rendered":"<p>Nedostatek m\u00edsta v telefonu je jedn\u00edm z nej\u010dast\u011bj\u0161\u00edch probl\u00e9m\u016f u\u017eivatel\u016f chytr\u00fdch telefon\u016f, zejm\u00e9na kdy\u017e jsou na\u0161e za\u0159\u00edzen\u00ed zahlcena fotografiemi, videi, aplikacemi a dokumenty. Kdo neza\u017eil frustraci z pokusu o instalaci d\u016fle\u017eit\u00e9 aplikace nebo zachycen\u00ed zvl\u00e1\u0161tn\u00edho okam\u017eiku, jen aby obdr\u017eel ob\u00e1vanou zpr\u00e1vu: [\u2026]<\/p>","protected":false},"author":139,"featured_media":6874,"comment_status":"closed","ping_status":"open","sticky":false,"template":"","format":"standard","meta":{"footnotes":""},"categories":[4],"tags":[196,500,767,969,1027,1083],"yoast_head":"<!-- This site is optimized with the Yoast SEO plugin v23.3 - https:\/\/yoast.com\/wordpress\/plugins\/seo\/ -->\n<title>Vea C\u00f3mo Aumentar el Espacio de Almacenamiento de su Celular - Universo Fam\u00edlia<\/title>\n<meta name=\"description\" content=\"Vea C\u00f3mo Aumentar el Espacio de Almacenamiento de su Celular. La falta de espacio en el celular es uno de los problemas m\u00e1s comunes entre...\" \/>\n<meta name=\"robots\" content=\"index, follow, max-snippet:-1, max-image-preview:large, max-video-preview:-1\" \/>\n<link rel=\"canonical\" href=\"https:\/\/universofamilia.com\/cs\/vea-como-aumentar-el-espacio-de-almacenamiento-de-su-celular\/\" \/>\n<meta property=\"og:locale\" content=\"cs_CZ\" \/>\n<meta property=\"og:type\" content=\"article\" \/>\n<meta property=\"og:title\" content=\"Vea C\u00f3mo Aumentar el Espacio de Almacenamiento de su Celular - Universo Fam\u00edlia\" \/>\n<meta property=\"og:description\" content=\"Vea C\u00f3mo Aumentar el Espacio de Almacenamiento de su Celular. La falta de espacio en el celular es uno de los problemas m\u00e1s comunes entre...\" \/>\n<meta property=\"og:url\" content=\"https:\/\/universofamilia.com\/cs\/vea-como-aumentar-el-espacio-de-almacenamiento-de-su-celular\/\" \/>\n<meta property=\"og:site_name\" content=\"Universo Fam\u00edlia\" \/>\n<meta property=\"article:published_time\" content=\"2024-10-15T00:36:56+00:00\" \/>\n<meta property=\"article:modified_time\" content=\"2025-02-07T01:23:08+00:00\" \/>\n<meta property=\"og:image\" content=\"https:\/\/universofamilia.com\/wp-content\/uploads\/sites\/148\/2024\/10\/DESTAQUE-UNIVERSO-550-x-350-1-3.jpg\" \/>\n\t<meta property=\"og:image:width\" content=\"550\" \/>\n\t<meta property=\"og:image:height\" content=\"350\" \/>\n\t<meta property=\"og:image:type\" content=\"image\/jpeg\" \/>\n<meta name=\"author\" content=\"Pedro Henrique\" \/>\n<meta name=\"twitter:card\" content=\"summary_large_image\" \/>\n<meta name=\"twitter:label1\" content=\"Written by\" \/>\n\t<meta name=\"twitter:data1\" content=\"Pedro Henrique\" \/>\n\t<meta name=\"twitter:label2\" content=\"Est. reading time\" \/>\n\t<meta name=\"twitter:data2\" content=\"7 minut\" \/>\n<script type=\"application\/ld+json\" class=\"yoast-schema-graph\">{\"@context\":\"https:\/\/schema.org\",\"@graph\":[{\"@type\":\"WebPage\",\"@id\":\"https:\/\/universofamilia.com\/nl\/vea-como-aumentar-el-espacio-de-almacenamiento-de-su-celular\/\",\"url\":\"https:\/\/universofamilia.com\/nl\/vea-como-aumentar-el-espacio-de-almacenamiento-de-su-celular\/\",\"name\":\"Vea C\u00f3mo Aumentar el Espacio de Almacenamiento de su Celular - Universo Fam\u00edlia\",\"isPartOf\":{\"@id\":\"https:\/\/universofamilia.com\/el\/#website\"},\"primaryImageOfPage\":{\"@id\":\"https:\/\/universofamilia.com\/nl\/vea-como-aumentar-el-espacio-de-almacenamiento-de-su-celular\/#primaryimage\"},\"image\":{\"@id\":\"https:\/\/universofamilia.com\/nl\/vea-como-aumentar-el-espacio-de-almacenamiento-de-su-celular\/#primaryimage\"},\"thumbnailUrl\":\"http:\/\/universofamilia.com\/wp-content\/uploads\/sites\/148\/2024\/10\/DESTAQUE-UNIVERSO-550-x-350-1-3.jpg\",\"datePublished\":\"2024-10-15T00:36:56+00:00\",\"dateModified\":\"2025-02-07T01:23:08+00:00\",\"author\":{\"@id\":\"https:\/\/universofamilia.com\/el\/#\/schema\/person\/f07ce98187dd84d31154262e79b3b7ca\"},\"description\":\"Vea C\u00f3mo Aumentar el Espacio de Almacenamiento de su Celular. La falta de espacio en el celular es uno de los problemas m\u00e1s comunes entre...\",\"breadcrumb\":{\"@id\":\"https:\/\/universofamilia.com\/nl\/vea-como-aumentar-el-espacio-de-almacenamiento-de-su-celular\/#breadcrumb\"},\"inLanguage\":\"cs\",\"potentialAction\":[{\"@type\":\"ReadAction\",\"target\":[\"https:\/\/universofamilia.com\/nl\/vea-como-aumentar-el-espacio-de-almacenamiento-de-su-celular\/\"]}]},{\"@type\":\"ImageObject\",\"inLanguage\":\"cs\",\"@id\":\"https:\/\/universofamilia.com\/nl\/vea-como-aumentar-el-espacio-de-almacenamiento-de-su-celular\/#primaryimage\",\"url\":\"http:\/\/universofamilia.com\/wp-content\/uploads\/sites\/148\/2024\/10\/DESTAQUE-UNIVERSO-550-x-350-1-3.jpg\",\"contentUrl\":\"http:\/\/universofamilia.com\/wp-content\/uploads\/sites\/148\/2024\/10\/DESTAQUE-UNIVERSO-550-x-350-1-3.jpg\",\"width\":550,\"height\":350,\"caption\":\"Vea C\u00f3mo Aumentar el Espacio de Almacenamiento de su Celular\"},{\"@type\":\"BreadcrumbList\",\"@id\":\"https:\/\/universofamilia.com\/nl\/vea-como-aumentar-el-espacio-de-almacenamiento-de-su-celular\/#breadcrumb\",\"itemListElement\":[{\"@type\":\"ListItem\",\"position\":1,\"name\":\"Home\",\"item\":\"https:\/\/universofamilia.com\/el\/\"},{\"@type\":\"ListItem\",\"position\":2,\"name\":\"Vea C\u00f3mo Aumentar el Espacio de Almacenamiento de su Celular\"}]},{\"@type\":\"WebSite\",\"@id\":\"https:\/\/universofamilia.com\/el\/#website\",\"url\":\"https:\/\/universofamilia.com\/el\/\",\"name\":\"Universo Fam\u00edlia\",\"description\":\"\",\"potentialAction\":[{\"@type\":\"SearchAction\",\"target\":{\"@type\":\"EntryPoint\",\"urlTemplate\":\"https:\/\/universofamilia.com\/el\/?s={search_term_string}\"},\"query-input\":\"required name=search_term_string\"}],\"inLanguage\":\"cs\"},{\"@type\":\"Person\",\"@id\":\"https:\/\/universofamilia.com\/el\/#\/schema\/person\/f07ce98187dd84d31154262e79b3b7ca\",\"name\":\"Pedro Henrique\",\"image\":{\"@type\":\"ImageObject\",\"inLanguage\":\"cs\",\"@id\":\"https:\/\/universofamilia.com\/el\/#\/schema\/person\/image\/\",\"url\":\"http:\/\/0.gravatar.com\/avatar\/9edfeb808cb4e1599f64d6e45b130154?s=96&d=mm&r=g\",\"contentUrl\":\"http:\/\/0.gravatar.com\/avatar\/9edfeb808cb4e1599f64d6e45b130154?s=96&d=mm&r=g\",\"caption\":\"Pedro Henrique\"},\"url\":\"http:\/\/universofamilia.com\/cs\/author\/editor01\/\"}]}<\/script>\n<!-- \/ Yoast SEO plugin. -->","yoast_head_json":{"title":"Vea C\u00f3mo Aumentar el Espacio de Almacenamiento de su Celular - Universo Fam\u00edlia","description":"Vea C\u00f3mo Aumentar el Espacio de Almacenamiento de su Celular. La falta de espacio en el celular es uno de los problemas m\u00e1s comunes entre...","robots":{"index":"index","follow":"follow","max-snippet":"max-snippet:-1","max-image-preview":"max-image-preview:large","max-video-preview":"max-video-preview:-1"},"canonical":"https:\/\/universofamilia.com\/cs\/vea-como-aumentar-el-espacio-de-almacenamiento-de-su-celular\/","og_locale":"cs_CZ","og_type":"article","og_title":"Vea C\u00f3mo Aumentar el Espacio de Almacenamiento de su Celular - Universo Fam\u00edlia","og_description":"Vea C\u00f3mo Aumentar el Espacio de Almacenamiento de su Celular. La falta de espacio en el celular es uno de los problemas m\u00e1s comunes entre...","og_url":"https:\/\/universofamilia.com\/cs\/vea-como-aumentar-el-espacio-de-almacenamiento-de-su-celular\/","og_site_name":"Universo Fam\u00edlia","article_published_time":"2024-10-15T00:36:56+00:00","article_modified_time":"2025-02-07T01:23:08+00:00","og_image":[{"width":550,"height":350,"url":"https:\/\/universofamilia.com\/wp-content\/uploads\/sites\/148\/2024\/10\/DESTAQUE-UNIVERSO-550-x-350-1-3.jpg","type":"image\/jpeg"}],"author":"Pedro Henrique","twitter_card":"summary_large_image","twitter_misc":{"Written by":"Pedro Henrique","Est. reading time":"7 minut"},"schema":{"@context":"https:\/\/schema.org","@graph":[{"@type":"WebPage","@id":"https:\/\/universofamilia.com\/nl\/vea-como-aumentar-el-espacio-de-almacenamiento-de-su-celular\/","url":"https:\/\/universofamilia.com\/nl\/vea-como-aumentar-el-espacio-de-almacenamiento-de-su-celular\/","name":"Vea C\u00f3mo Aumentar el Espacio de Almacenamiento de su Celular - Universo Fam\u00edlia","isPartOf":{"@id":"https:\/\/universofamilia.com\/el\/#website"},"primaryImageOfPage":{"@id":"https:\/\/universofamilia.com\/nl\/vea-como-aumentar-el-espacio-de-almacenamiento-de-su-celular\/#primaryimage"},"image":{"@id":"https:\/\/universofamilia.com\/nl\/vea-como-aumentar-el-espacio-de-almacenamiento-de-su-celular\/#primaryimage"},"thumbnailUrl":"http:\/\/universofamilia.com\/wp-content\/uploads\/sites\/148\/2024\/10\/DESTAQUE-UNIVERSO-550-x-350-1-3.jpg","datePublished":"2024-10-15T00:36:56+00:00","dateModified":"2025-02-07T01:23:08+00:00","author":{"@id":"https:\/\/universofamilia.com\/el\/#\/schema\/person\/f07ce98187dd84d31154262e79b3b7ca"},"description":"Vea C\u00f3mo Aumentar el Espacio de Almacenamiento de su Celular. La falta de espacio en el celular es uno de los problemas m\u00e1s comunes entre...","breadcrumb":{"@id":"https:\/\/universofamilia.com\/nl\/vea-como-aumentar-el-espacio-de-almacenamiento-de-su-celular\/#breadcrumb"},"inLanguage":"cs","potentialAction":[{"@type":"ReadAction","target":["https:\/\/universofamilia.com\/nl\/vea-como-aumentar-el-espacio-de-almacenamiento-de-su-celular\/"]}]},{"@type":"ImageObject","inLanguage":"cs","@id":"https:\/\/universofamilia.com\/nl\/vea-como-aumentar-el-espacio-de-almacenamiento-de-su-celular\/#primaryimage","url":"http:\/\/universofamilia.com\/wp-content\/uploads\/sites\/148\/2024\/10\/DESTAQUE-UNIVERSO-550-x-350-1-3.jpg","contentUrl":"http:\/\/universofamilia.com\/wp-content\/uploads\/sites\/148\/2024\/10\/DESTAQUE-UNIVERSO-550-x-350-1-3.jpg","width":550,"height":350,"caption":"Vea C\u00f3mo Aumentar el Espacio de Almacenamiento de su Celular"},{"@type":"BreadcrumbList","@id":"https:\/\/universofamilia.com\/nl\/vea-como-aumentar-el-espacio-de-almacenamiento-de-su-celular\/#breadcrumb","itemListElement":[{"@type":"ListItem","position":1,"name":"Home","item":"https:\/\/universofamilia.com\/el\/"},{"@type":"ListItem","position":2,"name":"Vea C\u00f3mo Aumentar el Espacio de Almacenamiento de su Celular"}]},{"@type":"WebSite","@id":"https:\/\/universofamilia.com\/el\/#website","url":"https:\/\/universofamilia.com\/el\/","name":"Universo Fam\u00edlia","description":"","potentialAction":[{"@type":"SearchAction","target":{"@type":"EntryPoint","urlTemplate":"https:\/\/universofamilia.com\/el\/?s={search_term_string}"},"query-input":"required name=search_term_string"}],"inLanguage":"cs"},{"@type":"Person","@id":"https:\/\/universofamilia.com\/el\/#\/schema\/person\/f07ce98187dd84d31154262e79b3b7ca","name":"Pedro Henrique","image":{"@type":"ImageObject","inLanguage":"cs","@id":"https:\/\/universofamilia.com\/el\/#\/schema\/person\/image\/","url":"http:\/\/0.gravatar.com\/avatar\/9edfeb808cb4e1599f64d6e45b130154?s=96&d=mm&r=g","contentUrl":"http:\/\/0.gravatar.com\/avatar\/9edfeb808cb4e1599f64d6e45b130154?s=96&d=mm&r=g","caption":"Pedro Henrique"},"url":"http:\/\/universofamilia.com\/cs\/author\/editor01\/"}]}},"_links":{"self":[{"href":"http:\/\/universofamilia.com\/cs\/wp-json\/wp\/v2\/posts\/6873"}],"collection":[{"href":"http:\/\/universofamilia.com\/cs\/wp-json\/wp\/v2\/posts"}],"about":[{"href":"http:\/\/universofamilia.com\/cs\/wp-json\/wp\/v2\/types\/post"}],"author":[{"embeddable":true,"href":"http:\/\/universofamilia.com\/cs\/wp-json\/wp\/v2\/users\/139"}],"replies":[{"embeddable":true,"href":"http:\/\/universofamilia.com\/cs\/wp-json\/wp\/v2\/comments?post=6873"}],"version-history":[{"count":1,"href":"http:\/\/universofamilia.com\/cs\/wp-json\/wp\/v2\/posts\/6873\/revisions"}],"predecessor-version":[{"id":8592,"href":"http:\/\/universofamilia.com\/cs\/wp-json\/wp\/v2\/posts\/6873\/revisions\/8592"}],"wp:featuredmedia":[{"embeddable":true,"href":"http:\/\/universofamilia.com\/cs\/wp-json\/wp\/v2\/media\/6874"}],"wp:attachment":[{"href":"http:\/\/universofamilia.com\/cs\/wp-json\/wp\/v2\/media?parent=6873"}],"wp:term":[{"taxonomy":"category","embeddable":true,"href":"http:\/\/universofamilia.com\/cs\/wp-json\/wp\/v2\/categories?post=6873"},{"taxonomy":"post_tag","embeddable":true,"href":"http:\/\/universofamilia.com\/cs\/wp-json\/wp\/v2\/tags?post=6873"}],"curies":[{"name":"wp","href":"https:\/\/api.w.org\/{rel}","templated":true}]}}