{"id":7906,"date":"2024-12-29T15:37:43","date_gmt":"2024-12-29T18:37:43","guid":{"rendered":"https:\/\/universofamilia.com\/?p=7906"},"modified":"2025-11-16T22:03:05","modified_gmt":"2025-11-17T01:03:05","slug":"descubre-quien-te-observa","status":"publish","type":"post","link":"http:\/\/universofamilia.com\/cs\/descubre-quien-te-observa\/","title":{"rendered":"Zjist\u011bte, kdo v\u00e1s sleduje"},"content":{"rendered":"<p>Zjist\u011bte, kdo v\u00e1s sleduje na soci\u00e1ln\u00edch s\u00edt\u00edch.<\/p>\n\n\n\n<h3 class=\"wp-block-heading has-text-align-center\">Co dnes hled\u00e1\u0161?<\/h3>\n\n\n\n<div class=\"wp-block-buttons is-content-justification-center is-layout-flex wp-container-core-buttons-layout-1 wp-block-buttons-is-layout-flex\">\n<div class=\"wp-block-button has-custom-width wp-block-button__width-100 is-style-outline\" style=\"text-decoration:none\"><a class=\"wp-block-button__link has-white-color has-vivid-cyan-blue-background-color has-text-color has-background has-link-color has-text-align-center wp-element-button\" href=\"https:\/\/universofamilia.com\/cs\/7282\/descubre-quien-esta-observandote\/\" style=\"border-radius:6px\">Zjist\u011bte, kdo v\u00e1s sleduje \u27a1\ufe0f<\/a><\/div>\n<\/div>\n\n\n\n<div class=\"wp-block-buttons is-content-justification-center is-layout-flex wp-container-core-buttons-layout-2 wp-block-buttons-is-layout-flex\">\n<div class=\"wp-block-button has-custom-width wp-block-button__width-100 is-style-outline\" style=\"text-decoration:none\"><a class=\"wp-block-button__link has-white-color has-vivid-cyan-blue-background-color has-text-color has-background has-link-color has-text-align-center wp-element-button\" href=\"https:\/\/universofamilia.com\/cs\/7281\/quien-esta-interesado-en-ti\/\" style=\"border-radius:6px\">Kdo m\u00e1 o tebe z\u00e1jem? \u27a1\ufe0f<\/a><\/div>\n<\/div>\n\n\n\n<div class=\"wp-block-buttons is-content-justification-center is-layout-flex wp-container-core-buttons-layout-3 wp-block-buttons-is-layout-flex\">\n<div class=\"wp-block-button has-custom-width wp-block-button__width-100 is-style-outline\" style=\"text-decoration:none\"><a class=\"wp-block-button__link has-white-color has-vivid-cyan-blue-background-color has-text-color has-background has-link-color has-text-align-center wp-element-button\" href=\"https:\/\/universofamilia.com\/cs\/7271\/encuentra-el-amor-mejores-apps-de-citas\/\" style=\"border-radius:6px\">Najd\u011bte l\u00e1sku \u27a1\ufe0f<\/a><\/div>\n<\/div>\n\n\n\n<p class=\"has-text-align-center\"><em><strong><em><strong><em><strong>\u010ct\u011bte d\u00e1l!<\/strong><\/em><\/strong><\/em><\/strong><\/em><\/p>\n\n\n\n<hr class=\"wp-block-separator has-text-color has-luminous-vivid-orange-color has-alpha-channel-opacity has-luminous-vivid-orange-background-color has-background is-style-wide\" \/>\n\n\n\n<p><\/p>\n\n\n\n<p>\u017dijeme ve sv\u011bt\u011b, kde jsou soci\u00e1ln\u00ed m\u00e9dia p\u0159\u00edtomna t\u00e9m\u011b\u0159 v ka\u017ed\u00e9m okam\u017eiku na\u0161eho dne.<\/p>\n\n\n\n<p>Jsou to platformy pro sd\u00edlen\u00ed zvl\u00e1\u0161tn\u00edch okam\u017eik\u016f, interakci s p\u0159\u00e1teli a samoz\u0159ejm\u011b pro objevov\u00e1n\u00ed nov\u00fdch n\u00e1pad\u016f a obsahu.<\/p>\n\n\n\n<p>Ale p\u0159em\u00fd\u0161leli jste n\u011bkdy o tom, kdo by v\u00e1s mohl sledovat, ani\u017e byste o tom v\u011bd\u011bli?<\/p>\n\n\n\n<p>P\u0159esn\u011b tak, \u010dasto nem\u00e1me tu\u0161en\u00ed, kdo si prohl\u00ed\u017e\u00ed n\u00e1\u0161 profil. Poj\u010fme se na to spole\u010dn\u011b pod\u00edvat!<\/p>\n\n\n\n<h4 class=\"wp-block-heading has-text-align-center\">M\u00e1te n\u011bjak\u00e9 ot\u00e1zky?<\/h4>\n\n\n\n<div class=\"wp-block-buttons is-content-justification-center is-layout-flex wp-container-core-buttons-layout-4 wp-block-buttons-is-layout-flex\">\n<div class=\"wp-block-button has-custom-width wp-block-button__width-100 has-custom-font-size is-style-outline has-large-font-size\" style=\"text-decoration:none\"><a class=\"wp-block-button__link has-white-color has-vivid-purple-background-color has-text-color has-background has-link-color has-border-color has-ast-global-color-5-border-color has-text-align-center wp-element-button\" href=\"https:\/\/www.messenger.com\/login.php?next=https%3A%2F%2Fwww.messenger.com%2Ft%2F110263563681990%2F%3Fref%3Dw30174560--utm_campaign%253D%257B%257Badset.id%257D%257D%26messaging_source%3Dsource%253Apages%253Amessage_shortlink%26source_id%3D1441792%26recurring_notification%3D0\" style=\"border-radius:6px\">\ud83d\udcac Promluvte si s n\u00e1mi! \ud83d\udc69\u200d\ud83e\uddb0\u200d\ud83c\udfa7<\/a><\/div>\n<\/div>\n\n\n\n<p class=\"has-text-align-right\"><em><strong>Budete p\u0159esm\u011brov\u00e1ni na jin\u00fd web<\/strong><\/em><\/p>\n\n\n\n<h3 class=\"wp-block-heading\">Kdo si prohl\u00ed\u017eel m\u016fj profil: kl\u00ed\u010d k z\u00e1had\u011b Facebooku<\/h3>\n\n\n\n<p>Zv\u011bdavost v\u011bd\u011bt, kdo nav\u0161t\u00edvil n\u00e1\u0161 profil, nen\u00ed nic nov\u00e9ho. V p\u0159\u00edpad\u011b Facebooku se z toho stala t\u00e9m\u011b\u0159 m\u011bstsk\u00e1 legenda.<\/p>\n\n\n\n<p>Platforma l\u00e9ta uv\u00e1d\u011bla, \u017ee nem\u00e1 \u017e\u00e1dnou ofici\u00e1ln\u00ed funkci pro identifikaci n\u00e1v\u0161t\u011bvn\u00edk\u016f.<\/p>\n\n\n\n<p>N\u011bkter\u00e9 aplikace v\u0161ak slibuj\u00ed, \u017ee tuto mezeru zapln\u00ed.<\/p>\n\n\n\n<p>Pro\u010d je to tak d\u016fle\u017eit\u00e9? V\u011bd\u011bt, kdo si prohl\u00ed\u017e\u00ed v\u00e1\u0161 profil, v\u00e1m m\u016f\u017ee pomoci l\u00e9pe porozum\u011bt va\u0161emu publiku, a\u0165 u\u017e z osobn\u00edch nebo profesn\u00edch d\u016fvod\u016f.<\/p>\n\n\n\n<p>Nap\u0159\u00edklad m\u016f\u017eete zjistit, \u017ee v\u00e1\u0161 kolega nebo star\u00fd p\u0159\u00edtel sleduje va\u0161e p\u0159\u00edsp\u011bvky.<\/p>\n\n\n\n<h3 class=\"wp-block-heading\">Aspekty ochrany osobn\u00edch \u00fadaj\u016f a zabezpe\u010den\u00ed<\/h3>\n\n\n\n<p>Ne\u017e se pust\u00edte do stahov\u00e1n\u00ed jak\u00e9koli aplikace, je nezbytn\u00e9 zv\u00e1\u017eit ochranu va\u0161eho soukrom\u00ed.<\/p>\n\n\n\n<p>N\u011bkter\u00e9 n\u00e1stroje vy\u017eaduj\u00ed opr\u00e1vn\u011bn\u00ed, kter\u00e1 by mohla ohrozit va\u0161e osobn\u00ed \u00fadaje.<\/p>\n\n\n\n<p>Krom\u011b toho je v\u017edy dobr\u00e9 zkontrolovat reputaci aplikace a recenze ostatn\u00edch u\u017eivatel\u016f.<\/p>\n\n\n\n<p>Rychl\u00fd tip: Vyhn\u011bte se aplikac\u00edm, kter\u00e9 vy\u017eaduj\u00ed p\u0159\u00edstup k nepot\u0159ebn\u00fdm dat\u016fm. Pokud n\u011bco vypad\u00e1 podez\u0159ele, je nejlep\u0161\u00ed to neriskovat.<\/p>\n\n\n\n<h3 class=\"wp-block-heading\">Zv\u011bdavost, kter\u00e1 se skr\u00fdv\u00e1 za na\u0161imi s\u00edt\u011bmi<\/h3>\n\n\n\n<p>Je lidsk\u00e9 cht\u00edt v\u011bd\u011bt v\u00edce o tom, kdo n\u00e1s sleduje. P\u0159irozen\u011b r\u00e1di ch\u00e1peme, jak n\u00e1s ostatn\u00ed vn\u00edmaj\u00ed.<\/p>\n\n\n\n<p>Nav\u00edc se v tak propojen\u00e9m sv\u011bt\u011b tyto informace mohou st\u00e1t mocn\u00fdm n\u00e1strojem k pos\u00edlen\u00ed vztah\u016f a dokonce i k podpo\u0159e podnik\u00e1n\u00ed.<\/p>\n\n\n\n<h3 class=\"wp-block-heading\">V\u00fdhody pou\u017e\u00edv\u00e1n\u00ed aplikac\u00ed pro zji\u0161t\u011bn\u00ed, kdo nav\u0161t\u011bvuje v\u00e1\u0161 profil<\/h3>\n\n\n\n<p>Nyn\u00ed, kdy\u017e l\u00e9pe ch\u00e1pete d\u016fvod va\u0161\u00ed zv\u011bdavosti, poj\u010fme si promluvit o tom, jak mohou b\u00fdt tyto aplikace u\u017eite\u010dn\u00e9:<\/p>\n\n\n\n<ul class=\"wp-block-list\">\n<li><strong>Identifikujte sv\u00e9 publikum<\/strong>Zjist\u011bte, kdo m\u00e1 o v\u00e1s nebo o obsah, kter\u00fd sd\u00edl\u00edte, nejv\u011bt\u0161\u00ed z\u00e1jem.<\/li>\n\n\n\n<li><strong>Posilov\u00e1n\u00ed vztah\u016f<\/strong>V\u011bdom\u00ed toho, kdo sleduje va\u0161e s\u00edt\u011b, v\u00e1m pom\u016f\u017ee zah\u00e1jit smyslupln\u011bj\u0161\u00ed konverzace a navazovat kontakty.<\/li>\n\n\n\n<li><strong>Posilte svou online p\u0159\u00edtomnost<\/strong>Pro ty, kte\u0159\u00ed soci\u00e1ln\u00ed m\u00e9dia pou\u017e\u00edvaj\u00ed profesion\u00e1ln\u011b, mohou b\u00fdt tato data zlat\u00fdm dolem.<\/li>\n<\/ul>\n\n\n\n<h3 class=\"wp-block-heading\">Jak tyto aplikace funguj\u00ed<\/h3>\n\n\n\n<p>V\u011bt\u0161ina aplikac\u00ed pou\u017e\u00edv\u00e1 kombinaci algoritm\u016f k anal\u00fdze interakc\u00ed, jako jsou lajky, koment\u00e1\u0159e a zhl\u00e9dnut\u00ed p\u0159\u00edb\u011bh\u016f.<\/p>\n\n\n\n<p>N\u011bkte\u0159\u00ed tak\u00e9 sleduj\u00ed chov\u00e1n\u00ed va\u0161ich sleduj\u00edc\u00edch a poskytuj\u00ed podrobn\u00e9 zpr\u00e1vy.<\/p>\n\n\n\n<p>Je v\u0161ak d\u016fle\u017eit\u00e9 si uv\u011bdomit, \u017ee mnoho z t\u011bchto aplikac\u00ed nem\u00e1 p\u0159\u00edm\u00fd p\u0159\u00edstup k platform\u00e1m, jako je Facebook a Instagram, tak\u017ee poskytnut\u00e1 data jsou zalo\u017eena na odhadech.<\/p>\n\n\n\n<h3 class=\"wp-block-heading\">Na co se v aplikaci zam\u011b\u0159it, abyste v\u011bd\u011bli, kdo nav\u0161t\u011bvuje v\u00e1\u0161 profil<\/h3>\n\n\n\n<p>Pokud uva\u017eujete o pou\u017e\u00edv\u00e1n\u00ed aplikace, zde je n\u011bkolik bod\u016f, kter\u00e9 je t\u0159eba zv\u00e1\u017eit:<\/p>\n\n\n\n<ul class=\"wp-block-list\">\n<li><strong>Recenze a n\u00e1zory<\/strong>Pod\u00edvejte se, co \u0159\u00edkaj\u00ed ostatn\u00ed u\u017eivatel\u00e9.<\/li>\n\n\n\n<li><strong>Po\u017eadovan\u00e1 opr\u00e1vn\u011bn\u00ed<\/strong>Vyhn\u011bte se aplikac\u00edm, kter\u00e9 vy\u017eaduj\u00ed v\u00edce, ne\u017e je nutn\u00e9.<\/li>\n\n\n\n<li><strong>Snadno pou\u017eiteln\u00e9 rozhran\u00ed<\/strong>: Prost\u0159ed\u00ed by m\u011blo b\u00fdt jednoduch\u00e9 a intuitivn\u00ed.<\/li>\n\n\n\n<li><strong>Pravideln\u00e9 aktualizace<\/strong>: To zaji\u0161\u0165uje spolehlivost a bezpe\u010dnost aplikace.<\/li>\n<\/ul>\n\n\n\n<h3 class=\"wp-block-heading\">V\u00fdhody toho, \u017ee se dozv\u00edte v\u00edce o sv\u00fdch sleduj\u00edc\u00edch<\/h3>\n\n\n\n<p>Pochopen\u00ed toho, kdo v\u00e1s sleduje, m\u016f\u017ee p\u0159in\u00e9st n\u011bkolik v\u00fdhod:<\/p>\n\n\n\n<ul class=\"wp-block-list\">\n<li><strong>Personalizovan\u00e9 strategie<\/strong>M\u016f\u017eete vytv\u00e1\u0159et obsah, kter\u00fd va\u0161e publikum skute\u010dn\u011b zaujme.<\/li>\n\n\n\n<li><strong>Lep\u0161\u00ed interakce<\/strong>Pochopen\u00edm toho, co se va\u0161emu publiku l\u00edb\u00ed, m\u016f\u017eete dos\u00e1hnout v\u011bt\u0161\u00ed interakce.<\/li>\n\n\n\n<li><strong>D\u016fv\u011bra v r\u016fst<\/strong>V\u011bd\u011bt, kdo v\u00e1s sleduje, v\u00e1m d\u00e1v\u00e1 v\u011bt\u0161\u00ed jasnost p\u0159i pl\u00e1nov\u00e1n\u00ed va\u0161\u00ed digit\u00e1ln\u00ed p\u0159\u00edtomnosti.<\/li>\n<\/ul>\n\n\n<div class=\"wp-block-image\">\n<figure class=\"aligncenter size-full\"><img loading=\"lazy\" decoding=\"async\" width=\"550\" height=\"350\" src=\"http:\/\/universofamilia.com\/wp-content\/uploads\/sites\/148\/2024\/12\/DESTAQUE-UNIVERSO-550-x-350-3-6.jpg\" alt=\"\" class=\"wp-image-7907\" srcset=\"http:\/\/universofamilia.com\/wp-content\/uploads\/sites\/148\/2024\/12\/DESTAQUE-UNIVERSO-550-x-350-3-6.jpg 550w, http:\/\/universofamilia.com\/wp-content\/uploads\/sites\/148\/2024\/12\/DESTAQUE-UNIVERSO-550-x-350-3-6-300x191.jpg 300w\" sizes=\"(max-width: 550px) 100vw, 550px\" \/><figcaption class=\"wp-element-caption\">Zjist\u011bte, kdo v\u00e1s sleduje<\/figcaption><\/figure><\/div>\n\n\n<h3 class=\"wp-block-heading\">Pro\u010d t\u011bmto aplikac\u00edm d\u016fv\u011b\u0159ovat<\/h3>\n\n\n\n<p>I kdy\u017e je p\u0159irozen\u00e9 m\u00edt obavy, mnoho aplikac\u00ed je bezpe\u010dn\u00fdch a poskytuje p\u0159esn\u00e9 zpr\u00e1vy.<\/p>\n\n\n\n<p>Zde jsou t\u0159i spolehliv\u00e9 mo\u017enosti:<\/p>\n\n\n\n<ul class=\"wp-block-list\">\n<li><strong>Analyz\u00e1tor profil\u016f<\/strong>Zam\u011b\u0159uje se na jednoduchost a rychl\u00e9 vytv\u00e1\u0159en\u00ed report\u016f, tak\u017ee v\u00e1m pom\u016f\u017ee pochopit, kdo se nejv\u00edce zapojuje do va\u0161ich p\u0159\u00edsp\u011bvk\u016f.<\/li>\n\n\n\n<li><strong>Soci\u00e1ln\u00ed informace<\/strong>: Poskytuje podrobnou anal\u00fdzu a jedine\u010dn\u00e9 poznatky o va\u0161ich sleduj\u00edc\u00edch.<\/li>\n\n\n\n<li><strong>P\u0159\u00edliv<\/strong>Ide\u00e1ln\u00ed pro ty, kte\u0159\u00ed hledaj\u00ed komplexn\u00ed data a u\u017eivatelsky p\u0159\u00edv\u011btiv\u00e9 rozhran\u00ed.<\/li>\n<\/ul>\n\n\n\n<h3 class=\"wp-block-heading\">Co \u0159\u00edkaj\u00ed u\u017eivatel\u00e9<\/h3>\n\n\n\n<p>Mnoho lid\u00ed uv\u00e1d\u00ed pozitivn\u00ed zku\u0161enosti s t\u011bmito aplikacemi.<\/p>\n\n\n\n<p>U\u017eivatel\u00e9 zd\u016fraz\u0148uj\u00ed, jak jim pom\u00e1haj\u00ed l\u00e9pe porozum\u011bt jejich publiku a poskytuj\u00ed cenn\u00e9 informace pro zlep\u0161en\u00ed jejich p\u0159\u00edtomnosti na soci\u00e1ln\u00edch s\u00edt\u00edch.<\/p>\n\n\n\n<p>N\u011bkte\u0159\u00ed dokonce zmi\u0148uj\u00ed, \u017ee se c\u00edtili v\u00edce propojeni se sv\u00fdmi sleduj\u00edc\u00edmi pot\u00e9, co zjistili, kdo je pravideln\u011b sleduje.<\/p>\n\n\n\n<h3 class=\"wp-block-heading\">Z\u00e1v\u011br<\/h3>\n\n\n\n<p>Zjistit, kdo v\u00e1s sleduje na soci\u00e1ln\u00edch s\u00edt\u00edch, m\u016f\u017ee b\u00fdt fascinuj\u00edc\u00ed i nesm\u00edrn\u011b u\u017eite\u010dn\u00e9.<\/p>\n\n\n\n<p>A\u0165 u\u017e ze zv\u011bdavosti nebo z profesion\u00e1ln\u00edch strategi\u00ed, aplikace pro zji\u0161t\u011bn\u00ed, kdo si prohl\u00ed\u017e\u00ed v\u00e1\u0161 profil, nab\u00edzej\u00ed v\u00fdkonn\u00e9 n\u00e1stroje pro prozkoum\u00e1v\u00e1n\u00ed va\u0161ich online kontakt\u016f.<\/p>\n\n\n\n<p>Nezapome\u0148te si pe\u010dliv\u011b vyb\u00edrat aplikace, kter\u00e9 pou\u017e\u00edv\u00e1te, a up\u0159ednost\u0148ovat ty, kter\u00e9 respektuj\u00ed va\u0161e soukrom\u00ed a nab\u00edzej\u00ed relevantn\u00ed informace. Chcete si to vyzkou\u0161et? Zde jsou odkazy ke sta\u017een\u00ed:<\/p>\n\n\n\n<h3 class=\"wp-block-heading\">Odkazy ke sta\u017een\u00ed:<\/h3>\n\n\n\n<ul class=\"wp-block-list\">\n<li class=\"has-medium-font-size\"><strong>Analyz\u00e1tor profilu:<\/strong> <a href=\"https:\/\/play.google.com\/store\/apps\/details?id=com.analyzing.network\">Android<\/a> \/ <a href=\"https:\/\/apps.apple.com\/us\/app\/the-profile-analyzer\/id1441979611\">iOS<\/a><\/li>\n\n\n\n<li class=\"has-medium-font-size\"><strong>Soci\u00e1ln\u00ed informace:<\/strong> <a href=\"https:\/\/play.google.com\/store\/apps\/details?id=com.wprofeel.wprofile&amp;hl=en_US\">Android<\/a> \/ <a href=\"https:\/\/apps.apple.com\/us\/app\/who-profile-view-for-my-insta\/id1554870653\">iOS<\/a><\/li>\n\n\n\n<li class=\"has-medium-font-size\"><strong>P\u0159\u00edliv<\/strong>: <a href=\"https:\/\/play.google.com\/store\/apps\/details?id=app.Influxy.app&amp;hl=pt_BR\">Android<\/a> \/ <a href=\"https:\/\/apps.apple.com\/br\/app\/influxy\/id1488391020\">iOS<\/a><\/li>\n<\/ul>\n\n\n\n<p>Te\u010f je \u0159ada na v\u00e1s! Co takhle sd\u00edlet tento \u010dl\u00e1nek s p\u0159\u00e1teli, kter\u00e9 by tento objev mohl tak\u00e9 zaj\u00edmat?<\/p>\n\n\n\n<h3 class=\"wp-block-heading\">\u010casto kladen\u00e9 ot\u00e1zky (FAQ)<\/h3>\n\n\n\n<h4 class=\"wp-block-heading\">1. Jak tyto aplikace funguj\u00ed?<\/h4>\n\n\n\n<p>Aplikace, kter\u00e9 sleduj\u00ed, kdo nav\u0161t\u011bvuje v\u00e1\u0161 profil, pou\u017e\u00edvaj\u00ed algoritmy k anal\u00fdze va\u0161ich interakc\u00ed na soci\u00e1ln\u00edch s\u00edt\u00edch. Pat\u0159\u00ed sem lajky, koment\u00e1\u0159e a zhl\u00e9dnut\u00ed p\u0159\u00edb\u011bh\u016f. Z t\u011bchto dat generuj\u00ed p\u0159ibli\u017en\u00e9 zpr\u00e1vy o tom, kdo by mohl v\u00e1\u0161 profil nav\u0161t\u011bvovat nebo s n\u00edm nejv\u00edce interagovat.<\/p>\n\n\n\n<h4 class=\"wp-block-heading\">2. Jsou zm\u00edn\u011bn\u00e9 aplikace spolehliv\u00e9?<\/h4>\n\n\n\n<p>Ano, aplikace jako <strong>Analyz\u00e1tor profil\u016f<\/strong>, <strong>Soci\u00e1ln\u00ed informace<\/strong> a <strong>P\u0159\u00edliv<\/strong> Maj\u00ed dobr\u00e9 u\u017eivatelsk\u00e9 recenze a spl\u0148uj\u00ed bezpe\u010dnostn\u00ed standardy. Je v\u0161ak d\u016fle\u017eit\u00e9 stahovat je pouze z ofici\u00e1ln\u00edch obchod\u016f s Androidem nebo iOS, abyste zajistili jejich pravost.<\/p>\n\n\n\n<h4 class=\"wp-block-heading\">3. Mohly by tyto aplikace ohrozit m\u00e9 soukrom\u00ed?<\/h4>\n\n\n\n<p>Z\u00e1le\u017e\u00ed na aplikaci, kterou pou\u017e\u00edv\u00e1te. N\u011bkter\u00e9 mohou po\u017eadovat nadm\u011brn\u00e9 opr\u00e1vn\u011bn\u00ed. Proto se doporu\u010duje vybrat si spolehliv\u00e9 n\u00e1stroje a p\u0159ed jejich instalac\u00ed pe\u010dliv\u011b zkontrolovat po\u017eadovan\u00e1 opr\u00e1vn\u011bn\u00ed.<\/p>\n\n\n\n<h4 class=\"wp-block-heading\">4. Jak\u00e9 informace tyto aplikace poskytuj\u00ed?<\/h4>\n\n\n\n<p>Nab\u00edzej\u00ed data, jako nap\u0159\u00edklad kdo nejv\u00edce interaguje s va\u0161imi p\u0159\u00edsp\u011bvky, kolikr\u00e1t byly va\u0161e p\u0159\u00edb\u011bhy zhl\u00e9dnuty a obecn\u00e9 statistiky o chov\u00e1n\u00ed va\u0161ich sleduj\u00edc\u00edch. Tyto metriky jsou v\u0161ak \u010dasto zalo\u017eeny na odhadech, proto\u017ee platformy soci\u00e1ln\u00edch m\u00e9di\u00ed neumo\u017e\u0148uj\u00ed p\u0159\u00edm\u00fd p\u0159\u00edstup k t\u011bmto dat\u016fm.<\/p>\n\n\n\n<h4 class=\"wp-block-heading\">5. Jsou tyto aplikace zdarma?<\/h4>\n\n\n\n<p>V\u011bt\u0161ina t\u011bchto aplikac\u00ed nab\u00edz\u00ed bezplatn\u00e9 verze se z\u00e1kladn\u00edmi funkcemi, ale maj\u00ed tak\u00e9 pr\u00e9miov\u00e9 mo\u017enosti, kter\u00e9 zahrnuj\u00ed podrobn\u011bj\u0161\u00ed zpr\u00e1vy a pokro\u010dil\u00e9 funkce.<\/p>\n\n\n\n<h4 class=\"wp-block-heading\">6. Co m\u00e1m d\u011blat, kdy\u017e ned\u016fv\u011b\u0159uji poskytnut\u00fdm \u00fadaj\u016fm?<\/h4>\n\n\n\n<p>Pokud se v\u00e1m data nezdaj\u00ed p\u0159esn\u00e1 nebo m\u00e1te ohledn\u011b aplikace obavy, je nejlep\u0161\u00ed ji odinstalovat a hledat alternativy s lep\u0161\u00edmi recenzemi a technickou podporou.<\/p>\n\n\n\n<h4 class=\"wp-block-heading\">7. Mohu tyto aplikace pou\u017e\u00edvat na jak\u00e9koli soci\u00e1ln\u00ed s\u00edti?<\/h4>\n\n\n\n<p>Ne v\u0161echny aplikace funguj\u00ed se v\u0161emi soci\u00e1ln\u00edmi s\u00edt\u011bmi. V\u011bt\u0161ina se zam\u011b\u0159uje na platformy jako Instagram a Facebook. Zkontrolujte popisy v ofici\u00e1ln\u00edch obchodech, abyste ov\u011b\u0159ili kompatibilitu s va\u0161imi s\u00edt\u011bmi.<\/p>","protected":false},"excerpt":{"rendered":"<p>Descubre qui\u00e9n te observa en redes sociales. \u00bfQu\u00e9 est\u00e1s buscando hoy? \u00a1Siga leyendo! Vivimos en un mundo donde las redes sociales est\u00e1n presentes en casi todos los momentos de nuestro d\u00eda. Son plataformas para compartir momentos especiales, interactuar con amigos y, por supuesto, explorar nuevas ideas y contenidos. Pero, \u00bfte has preguntado alguna vez qui\u00e9n [&hellip;]<\/p>","protected":false},"author":139,"featured_media":7907,"comment_status":"closed","ping_status":"open","sticky":false,"template":"","format":"standard","meta":{"footnotes":""},"categories":[2],"tags":[175,1399,1559],"yoast_head":"<!-- This site is optimized with the Yoast SEO plugin v23.3 - https:\/\/yoast.com\/wordpress\/plugins\/seo\/ -->\n<title>Descubre qui\u00e9n te observa - Universo Fam\u00edlia<\/title>\n<meta name=\"description\" content=\"Descubre qui\u00e9n te observa. Vivimos en un mundo donde las redes sociales est\u00e1n presentes en casi todos los momentos de nuestro d\u00eda.\" \/>\n<meta name=\"robots\" content=\"index, follow, max-snippet:-1, max-image-preview:large, max-video-preview:-1\" \/>\n<link rel=\"canonical\" href=\"http:\/\/universofamilia.com\/cs\/descubre-quien-te-observa\/\" \/>\n<meta property=\"og:locale\" content=\"cs_CZ\" \/>\n<meta property=\"og:type\" content=\"article\" \/>\n<meta property=\"og:title\" content=\"Descubre qui\u00e9n te observa - Universo Fam\u00edlia\" \/>\n<meta property=\"og:description\" content=\"Descubre qui\u00e9n te observa. Vivimos en un mundo donde las redes sociales est\u00e1n presentes en casi todos los momentos de nuestro d\u00eda.\" \/>\n<meta property=\"og:url\" content=\"http:\/\/universofamilia.com\/cs\/descubre-quien-te-observa\/\" \/>\n<meta property=\"og:site_name\" content=\"Universo Fam\u00edlia\" \/>\n<meta property=\"article:published_time\" content=\"2024-12-29T18:37:43+00:00\" \/>\n<meta property=\"article:modified_time\" content=\"2025-11-17T01:03:05+00:00\" \/>\n<meta property=\"og:image\" content=\"http:\/\/universofamilia.com\/wp-content\/uploads\/sites\/148\/2024\/12\/DESTAQUE-UNIVERSO-550-x-350-3-6.jpg\" \/>\n\t<meta property=\"og:image:width\" content=\"550\" \/>\n\t<meta property=\"og:image:height\" content=\"350\" \/>\n\t<meta property=\"og:image:type\" content=\"image\/jpeg\" \/>\n<meta name=\"author\" content=\"Pedro Henrique\" \/>\n<meta name=\"twitter:card\" content=\"summary_large_image\" \/>\n<meta name=\"twitter:label1\" content=\"Written by\" \/>\n\t<meta name=\"twitter:data1\" content=\"Pedro Henrique\" \/>\n\t<meta name=\"twitter:label2\" content=\"Est. reading time\" \/>\n\t<meta name=\"twitter:data2\" content=\"7 minut\" \/>\n<script type=\"application\/ld+json\" class=\"yoast-schema-graph\">{\"@context\":\"https:\/\/schema.org\",\"@graph\":[{\"@type\":\"WebPage\",\"@id\":\"http:\/\/universofamilia.com\/bn\/descubre-quien-te-observa\/\",\"url\":\"http:\/\/universofamilia.com\/bn\/descubre-quien-te-observa\/\",\"name\":\"Descubre qui\u00e9n te observa - Universo Fam\u00edlia\",\"isPartOf\":{\"@id\":\"http:\/\/universofamilia.com\/zh_hk\/#website\"},\"primaryImageOfPage\":{\"@id\":\"http:\/\/universofamilia.com\/bn\/descubre-quien-te-observa\/#primaryimage\"},\"image\":{\"@id\":\"http:\/\/universofamilia.com\/bn\/descubre-quien-te-observa\/#primaryimage\"},\"thumbnailUrl\":\"http:\/\/universofamilia.com\/wp-content\/uploads\/sites\/148\/2024\/12\/DESTAQUE-UNIVERSO-550-x-350-3-6.jpg\",\"datePublished\":\"2024-12-29T18:37:43+00:00\",\"dateModified\":\"2025-11-17T01:03:05+00:00\",\"author\":{\"@id\":\"http:\/\/universofamilia.com\/zh_hk\/#\/schema\/person\/f07ce98187dd84d31154262e79b3b7ca\"},\"description\":\"Descubre qui\u00e9n te observa. Vivimos en un mundo donde las redes sociales est\u00e1n presentes en casi todos los momentos de nuestro d\u00eda.\",\"breadcrumb\":{\"@id\":\"http:\/\/universofamilia.com\/bn\/descubre-quien-te-observa\/#breadcrumb\"},\"inLanguage\":\"cs\",\"potentialAction\":[{\"@type\":\"ReadAction\",\"target\":[\"http:\/\/universofamilia.com\/bn\/descubre-quien-te-observa\/\"]}]},{\"@type\":\"ImageObject\",\"inLanguage\":\"cs\",\"@id\":\"http:\/\/universofamilia.com\/bn\/descubre-quien-te-observa\/#primaryimage\",\"url\":\"http:\/\/universofamilia.com\/wp-content\/uploads\/sites\/148\/2024\/12\/DESTAQUE-UNIVERSO-550-x-350-3-6.jpg\",\"contentUrl\":\"http:\/\/universofamilia.com\/wp-content\/uploads\/sites\/148\/2024\/12\/DESTAQUE-UNIVERSO-550-x-350-3-6.jpg\",\"width\":550,\"height\":350,\"caption\":\"Descubre qui\u00e9n te observa\"},{\"@type\":\"BreadcrumbList\",\"@id\":\"http:\/\/universofamilia.com\/bn\/descubre-quien-te-observa\/#breadcrumb\",\"itemListElement\":[{\"@type\":\"ListItem\",\"position\":1,\"name\":\"Home\",\"item\":\"http:\/\/universofamilia.com\/zh_hk\/\"},{\"@type\":\"ListItem\",\"position\":2,\"name\":\"Descubre qui\u00e9n te observa\"}]},{\"@type\":\"WebSite\",\"@id\":\"http:\/\/universofamilia.com\/zh_hk\/#website\",\"url\":\"http:\/\/universofamilia.com\/zh_hk\/\",\"name\":\"Universo Fam\u00edlia\",\"description\":\"\",\"potentialAction\":[{\"@type\":\"SearchAction\",\"target\":{\"@type\":\"EntryPoint\",\"urlTemplate\":\"http:\/\/universofamilia.com\/zh_hk\/?s={search_term_string}\"},\"query-input\":\"required name=search_term_string\"}],\"inLanguage\":\"cs\"},{\"@type\":\"Person\",\"@id\":\"http:\/\/universofamilia.com\/zh_hk\/#\/schema\/person\/f07ce98187dd84d31154262e79b3b7ca\",\"name\":\"Pedro Henrique\",\"image\":{\"@type\":\"ImageObject\",\"inLanguage\":\"cs\",\"@id\":\"http:\/\/universofamilia.com\/zh_hk\/#\/schema\/person\/image\/\",\"url\":\"http:\/\/0.gravatar.com\/avatar\/9edfeb808cb4e1599f64d6e45b130154?s=96&d=mm&r=g\",\"contentUrl\":\"http:\/\/0.gravatar.com\/avatar\/9edfeb808cb4e1599f64d6e45b130154?s=96&d=mm&r=g\",\"caption\":\"Pedro Henrique\"},\"url\":\"http:\/\/universofamilia.com\/cs\/author\/editor01\/\"}]}<\/script>\n<!-- \/ Yoast SEO plugin. -->","yoast_head_json":{"title":"Descubre qui\u00e9n te observa - Universo Fam\u00edlia","description":"Descubre qui\u00e9n te observa. Vivimos en un mundo donde las redes sociales est\u00e1n presentes en casi todos los momentos de nuestro d\u00eda.","robots":{"index":"index","follow":"follow","max-snippet":"max-snippet:-1","max-image-preview":"max-image-preview:large","max-video-preview":"max-video-preview:-1"},"canonical":"http:\/\/universofamilia.com\/cs\/descubre-quien-te-observa\/","og_locale":"cs_CZ","og_type":"article","og_title":"Descubre qui\u00e9n te observa - Universo Fam\u00edlia","og_description":"Descubre qui\u00e9n te observa. Vivimos en un mundo donde las redes sociales est\u00e1n presentes en casi todos los momentos de nuestro d\u00eda.","og_url":"http:\/\/universofamilia.com\/cs\/descubre-quien-te-observa\/","og_site_name":"Universo Fam\u00edlia","article_published_time":"2024-12-29T18:37:43+00:00","article_modified_time":"2025-11-17T01:03:05+00:00","og_image":[{"width":550,"height":350,"url":"http:\/\/universofamilia.com\/wp-content\/uploads\/sites\/148\/2024\/12\/DESTAQUE-UNIVERSO-550-x-350-3-6.jpg","type":"image\/jpeg"}],"author":"Pedro Henrique","twitter_card":"summary_large_image","twitter_misc":{"Written by":"Pedro Henrique","Est. reading time":"7 minut"},"schema":{"@context":"https:\/\/schema.org","@graph":[{"@type":"WebPage","@id":"http:\/\/universofamilia.com\/bn\/descubre-quien-te-observa\/","url":"http:\/\/universofamilia.com\/bn\/descubre-quien-te-observa\/","name":"Descubre qui\u00e9n te observa - Universo Fam\u00edlia","isPartOf":{"@id":"http:\/\/universofamilia.com\/zh_hk\/#website"},"primaryImageOfPage":{"@id":"http:\/\/universofamilia.com\/bn\/descubre-quien-te-observa\/#primaryimage"},"image":{"@id":"http:\/\/universofamilia.com\/bn\/descubre-quien-te-observa\/#primaryimage"},"thumbnailUrl":"http:\/\/universofamilia.com\/wp-content\/uploads\/sites\/148\/2024\/12\/DESTAQUE-UNIVERSO-550-x-350-3-6.jpg","datePublished":"2024-12-29T18:37:43+00:00","dateModified":"2025-11-17T01:03:05+00:00","author":{"@id":"http:\/\/universofamilia.com\/zh_hk\/#\/schema\/person\/f07ce98187dd84d31154262e79b3b7ca"},"description":"Descubre qui\u00e9n te observa. Vivimos en un mundo donde las redes sociales est\u00e1n presentes en casi todos los momentos de nuestro d\u00eda.","breadcrumb":{"@id":"http:\/\/universofamilia.com\/bn\/descubre-quien-te-observa\/#breadcrumb"},"inLanguage":"cs","potentialAction":[{"@type":"ReadAction","target":["http:\/\/universofamilia.com\/bn\/descubre-quien-te-observa\/"]}]},{"@type":"ImageObject","inLanguage":"cs","@id":"http:\/\/universofamilia.com\/bn\/descubre-quien-te-observa\/#primaryimage","url":"http:\/\/universofamilia.com\/wp-content\/uploads\/sites\/148\/2024\/12\/DESTAQUE-UNIVERSO-550-x-350-3-6.jpg","contentUrl":"http:\/\/universofamilia.com\/wp-content\/uploads\/sites\/148\/2024\/12\/DESTAQUE-UNIVERSO-550-x-350-3-6.jpg","width":550,"height":350,"caption":"Descubre qui\u00e9n te observa"},{"@type":"BreadcrumbList","@id":"http:\/\/universofamilia.com\/bn\/descubre-quien-te-observa\/#breadcrumb","itemListElement":[{"@type":"ListItem","position":1,"name":"Home","item":"http:\/\/universofamilia.com\/zh_hk\/"},{"@type":"ListItem","position":2,"name":"Descubre qui\u00e9n te observa"}]},{"@type":"WebSite","@id":"http:\/\/universofamilia.com\/zh_hk\/#website","url":"http:\/\/universofamilia.com\/zh_hk\/","name":"Universo Fam\u00edlia","description":"","potentialAction":[{"@type":"SearchAction","target":{"@type":"EntryPoint","urlTemplate":"http:\/\/universofamilia.com\/zh_hk\/?s={search_term_string}"},"query-input":"required name=search_term_string"}],"inLanguage":"cs"},{"@type":"Person","@id":"http:\/\/universofamilia.com\/zh_hk\/#\/schema\/person\/f07ce98187dd84d31154262e79b3b7ca","name":"Pedro Henrique","image":{"@type":"ImageObject","inLanguage":"cs","@id":"http:\/\/universofamilia.com\/zh_hk\/#\/schema\/person\/image\/","url":"http:\/\/0.gravatar.com\/avatar\/9edfeb808cb4e1599f64d6e45b130154?s=96&d=mm&r=g","contentUrl":"http:\/\/0.gravatar.com\/avatar\/9edfeb808cb4e1599f64d6e45b130154?s=96&d=mm&r=g","caption":"Pedro Henrique"},"url":"http:\/\/universofamilia.com\/cs\/author\/editor01\/"}]}},"_links":{"self":[{"href":"http:\/\/universofamilia.com\/cs\/wp-json\/wp\/v2\/posts\/7906"}],"collection":[{"href":"http:\/\/universofamilia.com\/cs\/wp-json\/wp\/v2\/posts"}],"about":[{"href":"http:\/\/universofamilia.com\/cs\/wp-json\/wp\/v2\/types\/post"}],"author":[{"embeddable":true,"href":"http:\/\/universofamilia.com\/cs\/wp-json\/wp\/v2\/users\/139"}],"replies":[{"embeddable":true,"href":"http:\/\/universofamilia.com\/cs\/wp-json\/wp\/v2\/comments?post=7906"}],"version-history":[{"count":1,"href":"http:\/\/universofamilia.com\/cs\/wp-json\/wp\/v2\/posts\/7906\/revisions"}],"predecessor-version":[{"id":10334,"href":"http:\/\/universofamilia.com\/cs\/wp-json\/wp\/v2\/posts\/7906\/revisions\/10334"}],"wp:featuredmedia":[{"embeddable":true,"href":"http:\/\/universofamilia.com\/cs\/wp-json\/wp\/v2\/media\/7907"}],"wp:attachment":[{"href":"http:\/\/universofamilia.com\/cs\/wp-json\/wp\/v2\/media?parent=7906"}],"wp:term":[{"taxonomy":"category","embeddable":true,"href":"http:\/\/universofamilia.com\/cs\/wp-json\/wp\/v2\/categories?post=7906"},{"taxonomy":"post_tag","embeddable":true,"href":"http:\/\/universofamilia.com\/cs\/wp-json\/wp\/v2\/tags?post=7906"}],"curies":[{"name":"wp","href":"https:\/\/api.w.org\/{rel}","templated":true}]}}