{"id":8308,"date":"2025-01-27T23:45:41","date_gmt":"2025-01-27T23:45:41","guid":{"rendered":"http:\/\/universofamilia.com\/?p=8308"},"modified":"2025-06-02T18:00:00","modified_gmt":"2025-06-02T18:00:00","slug":"la-aplicacion-de-la-biblia-esencial-para-la-vida","status":"publish","type":"post","link":"http:\/\/universofamilia.com\/cs\/la-aplicacion-de-la-biblia-esencial-para-la-vida\/","title":{"rendered":"Z\u00e1sadn\u00ed aplikace Bible v \u017eivot\u011b"},"content":{"rendered":"<p>\u017dijeme v dob\u011b, kdy technologie prostupuje ka\u017ed\u00fdm aspektem na\u0161eho \u017eivota a spiritualita nen\u00ed v\u00fdjimkou.<\/p>\n\n\n\n<h3 class=\"wp-block-heading\">T\u00fdm podpory<\/h3>\n\n\n\n<p>Prohl\u00e9dn\u011bte si n\u00ed\u017ee uveden\u00e9 aplikace nebo kontaktujte n\u00e1\u0161 t\u00fdm podpory, sd\u011blte n\u00e1m, jak\u00fd typ profilu hled\u00e1te, a my v\u00e1m pom\u016f\u017eeme naj\u00edt tu ide\u00e1ln\u00ed aplikaci pro v\u00e1s.<\/p>\n\n\n    <section class=\"mx-1 my-10\">\n                                                <a href=\"https:\/\/www.messenger.com\/login.php?\" class=\"text-white\" data-analytics-label=\"optionsButton\"\n                    data-action=\"analytics#trackCTA\">\n                    <div data-options-target=\"option\"\n                        class=\"custom-section rounded-xl border p-3 shadow-md w-full bg-green-700 my-3\">\n                        <div class=\"flex w-full items-center justify-between\">\n                            <div class=\"flex items-center space-x-3\">\n                                <div class=\"text-lg font-bold\">\n                                    Zah\u00e1jit konverzaci \u279d \u279d\n                                <\/div>\n                            <\/div>\n                        <\/div>\n                    <\/div>\n                <\/a>\n                            <p class=\"text-xs text-gray-500 text-right\"\n            style=\"margin-left: 50%; margin-bottom: 50px; margin-top: 5px;\">\n            <!-- You will be redirected to another website -->\n        <\/p>\n    <\/section>\n\n\n\n\n<p>A\u0165 u\u017e chcete \u010d\u00edst Bibli denn\u011b, \u00fa\u010dastnit se \u010dten\u00e1\u0159sk\u00fdch pl\u00e1n\u016f nebo prost\u011b jen naj\u00edt inspiraci pro sv\u016fj ka\u017edodenn\u00ed \u017eivot, biblick\u00e9 aplikace v\u00e1m mohou b\u00fdt skute\u010dn\u00fdm pomocn\u00edkem.<\/p>\n\n\n\n<p>V tomto \u010dl\u00e1nku se pod\u00edv\u00e1me na to, jak aplikace <strong>YouVersion<\/strong> Stala se nezbytnou sou\u010d\u00e1st\u00ed k\u0159es\u0165ansk\u00e9ho \u017eivota a z\u00e1rove\u0148 nab\u00edz\u00ed t\u0159i neuv\u011b\u0159iteln\u00e9 alternativy: <strong>Biblick\u00e1 br\u00e1na<\/strong>, <strong>Aplikace Bible Olive Tree<\/strong> a <strong>Velebit<\/strong>.<\/p>\n\n\n\n<p>Zjist\u011bte, kter\u00fd z nich nejl\u00e9pe vyhovuje va\u0161emu duchovn\u00edmu \u017eivotn\u00edmu stylu a jak ka\u017ed\u00fd z nich m\u016f\u017ee pozitivn\u011b ovlivnit v\u00e1\u0161 vztah k Bo\u017e\u00edmu slovu.<\/p>\n\n\n\n<h2 class=\"wp-block-heading\">Pro\u010d pou\u017e\u00edvat biblick\u00e9 aplikace?<\/h2>\n\n\n\n<p>Pou\u017e\u00edv\u00e1n\u00ed biblick\u00fdch aplikac\u00ed v\u00e1m umo\u017e\u0148uje p\u0159\u00edstup k Bo\u017e\u00edmu slovu kdykoli a kdekoli, a to i bez p\u0159ipojen\u00ed k internetu.<\/p>\n\n\n\n<p>Tyto aplikace nab\u00edzej\u00ed u\u017eite\u010dn\u00e9 n\u00e1stroje, jako je v\u00edce p\u0159eklad\u016f, personalizovan\u00e9 pl\u00e1ny \u010dten\u00ed a mo\u017enost interakce s ostatn\u00edmi u\u017eivateli.<\/p>\n\n\n\n<p>Nav\u00edc zjednodu\u0161uj\u00ed studium Bible t\u00edm, \u017ee obsahuj\u00ed koment\u00e1\u0159e, pr\u016fvodce a audio verze, co\u017e je \u010din\u00ed ide\u00e1ln\u00edmi pro ka\u017ed\u00e9ho, a\u0165 u\u017e je to za\u010d\u00e1te\u010dn\u00edk nebo odborn\u00edk ve v\u00ed\u0159e.<\/p>\n\n\n\n<p><\/p>\n\n\n\n<hr class=\"wp-block-separator has-alpha-channel-opacity is-style-wide\" \/>\n\n\n\n<h5 class=\"wp-block-heading has-text-align-center\"><strong>Co byste cht\u011bl\/a d\u011blat?<\/strong><\/h5>\n\n\n    <section class=\"mx-1 my-10\">\n                                                <div data-options-target=\"option\" class=\"custom-section rounded-xl border p-3 shadow-md w-full bg-green-700 my-3\">\n                    <div class=\"flex w-full items-center justify-between\">\n                        <div class=\"flex items-center space-x-3\">\n                            <div class=\"text-lg font-bold\">\n                                Nejlep\u0161\u00ed antivirus pro v\u00e1\u0161 mobiln\u00ed telefon v roce 2025                            <\/div>\n                        <\/div>\n                        <div class=\"flex items-center space-x-8\">\n                            <a href=\"http:\/\/universofamilia.com\/cs\/el-mejor-antivirus-para-tu-telefono-movil-2025\/\"\n                                class=\"custom-cta rounded-2xl border bg-green-800 hover:bg-green-900 px-3 py-1 text-xs font-semibold\"\n                                data-analytics-label=\"optionsButton\" data-action=\"analytics#trackCTA\">\n                                Klikn\u011bte zde \u279d\n                            <\/a>\n                        <\/div>\n                    <\/div>\n                <\/div>\n                                                            <div data-options-target=\"option\" class=\"custom-section rounded-xl border p-3 shadow-md w-full bg-green-700 my-3\">\n                    <div class=\"flex w-full items-center justify-between\">\n                        <div class=\"flex items-center space-x-3\">\n                            <div class=\"text-lg font-bold\">\n                                Nov\u00e9 bezplatn\u00e9 GPS aplikace 2025                            <\/div>\n                        <\/div>\n                        <div class=\"flex items-center space-x-8\">\n                            <a href=\"http:\/\/universofamilia.com\/cs\/nuevas-aplicaciones-gps-gratis-2025\/\"\n                                class=\"custom-cta rounded-2xl border bg-green-800 hover:bg-green-900 px-3 py-1 text-xs font-semibold\"\n                                data-analytics-label=\"optionsButton\" data-action=\"analytics#trackCTA\">\n                                Klikn\u011bte zde \u279d\n                            <\/a>\n                        <\/div>\n                    <\/div>\n                <\/div>\n                                                            <div data-options-target=\"option\" class=\"custom-section rounded-xl border p-3 shadow-md w-full bg-green-700 my-3\">\n                    <div class=\"flex w-full items-center justify-between\">\n                        <div class=\"flex items-center space-x-3\">\n                            <div class=\"text-lg font-bold\">\n                                Nejlep\u0161\u00ed aplikace pro sezn\u00e1men\u00ed se \u017eenou                            <\/div>\n                        <\/div>\n                        <div class=\"flex items-center space-x-8\">\n                            <a href=\"http:\/\/universofamilia.com\/cs\/mejores-apps-para-conocer-a-una-mujer\/\"\n                                class=\"custom-cta rounded-2xl border bg-green-800 hover:bg-green-900 px-3 py-1 text-xs font-semibold\"\n                                data-analytics-label=\"optionsButton\" data-action=\"analytics#trackCTA\">\n                                Klikn\u011bte zde \u279d\n                            <\/a>\n                        <\/div>\n                    <\/div>\n                <\/div>\n                            <p class=\"text-xs text-gray-500 text-right hidden\"\n            style=\"margin-left: 50%; margin-bottom: 50px; margin-top: 5px;\">\n            <!-- You will be redirected to another website -->\n        <\/p>\n    <\/section>\n\n\n\n\n<p class=\"has-text-align-right\"><em><strong><em><strong><em><strong><em><strong><em><strong>\u010ct\u011bte d\u00e1l!<\/strong><\/em><\/strong><\/em><\/strong><\/em><\/strong><\/em><\/strong><\/em><\/p>\n\n\n\n<hr class=\"wp-block-separator has-alpha-channel-opacity is-style-wide\" \/>\n\n\n\n<p><\/p>\n\n\n\n<h2 class=\"wp-block-heading\">Jak si vybrat tu nejlep\u0161\u00ed aplikaci pro v\u00e1s?<\/h2>\n\n\n\n<p>V\u00fdb\u011br nejlep\u0161\u00ed aplikace z\u00e1vis\u00ed na va\u0161ich pot\u0159eb\u00e1ch a c\u00edlech. Pokud hled\u00e1te n\u011bco praktick\u00e9ho a dostupn\u00e9ho, <strong>YouVersion<\/strong> je vynikaj\u00edc\u00ed volbou.<\/p>\n\n\n\n<p>Pro hlub\u0161\u00ed studie, <strong>Biblick\u00e1 br\u00e1na<\/strong> bu\u010f <strong>Olivovn\u00edk<\/strong> nab\u00edzej\u00ed pokro\u010dil\u00e9 n\u00e1stroje. Pokud se zam\u011b\u0159ujete na spojen\u00ed spirituality s pohodou, <strong>Velebit<\/strong> vynik\u00e1 sv\u00fdmi \u0159\u00edzen\u00fdmi meditacemi a ka\u017edodenn\u00edmi reflexemi.<\/p>\n\n\n\n<p>Zkuste vyzkou\u0161et n\u011bkolik, abyste zjistili, kter\u00fd nejl\u00e9pe vyhovuje va\u0161emu duchovn\u00edmu \u017eivotn\u00edmu stylu.<\/p>\n\n\n\n<h2 class=\"wp-block-heading\"><strong>YouVersion: Bible ve va\u0161\u00ed dlani<\/strong><\/h2>\n\n\n\n<p>Pokud to je\u0161t\u011b nev\u00edte <strong>YouVersion<\/strong>Zde je \u00favod: je to jedna z nejkomplexn\u011bj\u0161\u00edch a nejobl\u00edben\u011bj\u0161\u00edch aplikac\u00ed pro \u010dten\u00ed Bible na sv\u011bt\u011b s v\u00edce ne\u017e 500 miliony sta\u017een\u00ed. Nab\u00edz\u00ed:<\/p>\n\n\n\n<ul>\n<li><strong>R\u016fzn\u00e9 p\u0159eklady Bible<\/strong>v\u010detn\u011b NIV, Almeida, King James a mnoha dal\u0161\u00edch.<\/li>\n\n\n\n<li><strong>Pl\u00e1ny \u010dten\u00ed<\/strong>: pro r\u016fzn\u00e1 t\u00e9mata, jako je v\u00edra, l\u00e1ska, odpu\u0161t\u011bn\u00ed a mnoho dal\u0161\u00edho.<\/li>\n\n\n\n<li><strong>Offline funkce<\/strong>Ide\u00e1ln\u00ed pro ty, kte\u0159\u00ed cht\u011bj\u00ed \u010d\u00edst i bez internetu.<\/li>\n\n\n\n<li><strong>Spojen\u00ed s p\u0159\u00e1teli<\/strong>Sd\u00edlejte ver\u0161e a pl\u00e1ny \u010dten\u00ed se svou komunitou.<\/li>\n<\/ul>\n\n\n\n<p>Krom\u011b, <strong>YouVersion<\/strong> nab\u00edz\u00ed denn\u00ed ver\u0161e, kter\u00e9 lze sd\u00edlet na soci\u00e1ln\u00edch s\u00edt\u00edch, co\u017e je ide\u00e1ln\u00ed pro ty, kte\u0159\u00ed hledaj\u00ed inspiraci kdykoli b\u011bhem dne.<\/p>\n\n\n\n<h3 class=\"wp-block-heading\"><strong>Pro\u010d si vybrat YouVersion?<\/strong><\/h3>\n\n\n\n<p>Pokud hled\u00e1te n\u011bco praktick\u00e9ho, bezplatn\u00e9ho a dostupn\u00e9ho, tato aplikace je vynikaj\u00edc\u00ed volbou. Je ur\u010dena jak za\u010d\u00e1te\u010dn\u00edk\u016fm, tak i zku\u0161en\u011bj\u0161\u00edm k\u0159es\u0165an\u016fm.<\/p>\n\n\n\n<p><strong>Extra tip:<\/strong> Zkou\u0161eli jste poslouchat Bibli v audioverzi? YouVersion tuto mo\u017enost tak\u00e9 nab\u00edz\u00ed a je skv\u011bl\u00e1 pro poslech v provozu nebo p\u0159i ka\u017edodenn\u00edch \u00fakolech.<\/p>\n\n\n\n<p>Pokud r\u00e1di prozkoum\u00e1te r\u016fzn\u00e9 mo\u017enosti, zn\u00e1te tak\u00e9 <strong>Biblick\u00e1 br\u00e1na<\/strong>, dal\u0161\u00ed nezbytn\u00e1 aplikace.<\/p>\n\n\n\n    <div class=\"d-sm-block py-3 mx-auto px-3 mb-3\"\n        style=\"border-top: 1px solid rgb(204, 204, 204); border-bottom: 1px solid rgb(204, 204, 204);\">\n        <div class=\"text-center mb-4\">\n            <h6 class=\"pt-3 text-center text-gray-900 text-2xl title-font font-medium mb-12\">APLIKACE<\/h6>\n        <\/div>\n        <div class=\"row\">\n            <div class=\"col-lg-5 col-md-5 col-sm-12 mb-4 mb-lg-0\">\n                <img decoding=\"async\" alt=\"karta\" style=\"height: 190px; object-fit: cover;\"\n                    class=\"w-100 h-100 object-cover object-center rounded border\" src=\"http:\/\/blog.universofamilia.com\/wp-content\/uploads\/sites\/154\/2025\/01\/POST-PARA-APP-ARTIGO-9-1.jpg\">\n            <\/div>\n            <div class=\"col-lg-7 col-md-7 col-sm-12 d-flex flex-column justify-content-between\">\n                <h3 class=\"text-gray-900 text-3xl title-font font-medium mb-1\">YouVersion<\/h3>\n\n                                    <div class=\"flex\">\n                                                    <span\n                                class=\"inline-block mx-2 py-1 mx-2 rounded text-xs font-medium tracking-widest text-uppercase mr-2 bg-green-50 text-green-700\">\u010cTEN\u00cd BIBLE BIBLICK\u00c1 APLIKACE<\/span>\n                                            <\/div>\n                                <div class=\"d-block text-justify py-3\">Vezm\u011bte si Bo\u017e\u00ed slovo s sebou. Z\u00edskejte p\u0159\u00edstup ke stovk\u00e1m biblick\u00fdch verz\u00ed, pl\u00e1n\u016fm \u010dten\u00ed, audio Bibl\u00ed a dal\u0161\u00edm materi\u00e1l\u016fm. St\u00e1hn\u011bte si je zdarma a pos\u00edlte svou v\u00edru!<\/div>\n                <div class=\"mt-auto d-flex flex-column align-items-end\">\n                    <a class=\"d-inline-block text-center text-white border-0 py-2 px-8 text-lg focus:outline-none rounded bg-green-700 hover:bg-green-800 btn-block\"\n                        href=\"https:\/\/bible-youversion.br.uptodown.com\/android\"                         data-analytics-label=\"landingPageFirstButton\" data-action=\"analytics#trackCTA\">\n                        St\u00e1hnout aplikaci                    <\/a>\n                                            <div class=\"text-xs text-muted mt-3 d-block col-12 text-center\">Budete p\u0159esm\u011brov\u00e1ni na jin\u00fd web<\/div>\n                                    <\/div>\n            <\/div>\n        <\/div>\n    <\/div>\n\n\n\n<h2 class=\"wp-block-heading\"><strong>Bible Gateway: Pro hlub\u0161\u00ed studium<\/strong><\/h2>\n\n\n\n<p><strong>Biblick\u00e1 br\u00e1na<\/strong> Je to ide\u00e1ln\u00ed aplikace pro ty, kte\u0159\u00ed cht\u011bj\u00ed studovat Bibli podrobn\u011bji. Nab\u00edz\u00ed zdroje, jako nap\u0159\u00edklad:<\/p>\n\n\n\n<ul>\n<li><strong>V\u00edce ne\u017e 90 p\u0159eklad\u016f Bible<\/strong>.<\/li>\n\n\n\n<li><strong>Studijn\u00ed n\u00e1stroje<\/strong>jako nap\u0159\u00edklad koment\u00e1\u0159e, konkordance a pozn\u00e1mky.<\/li>\n\n\n\n<li><strong>Zvukov\u00e9 verze<\/strong>Vynikaj\u00edc\u00ed pro u\u010den\u00ed a reflexi p\u0159i pln\u011bn\u00ed jin\u00fdch \u00fakol\u016f.<\/li>\n<\/ul>\n\n\n\n<p>Tato aplikace je obzvl\u00e1\u0161t\u011b u\u017eite\u010dn\u00e1 pro studenty teologie nebo pro ty, kte\u0159\u00ed si cht\u011bj\u00ed prohloubit znalosti. Obsahuje tak\u00e9 dvojjazy\u010dn\u00e9 verze, co\u017e je vynikaj\u00edc\u00ed pro ty, kte\u0159\u00ed cht\u011bj\u00ed studovat jazyky, jako je biblick\u00e1 hebrej\u0161tina nebo \u0159e\u010dtina.<\/p>\n\n\n\n<p><strong>Doporu\u010den\u00ed:<\/strong> Pro ty, kte\u0159\u00ed hledaj\u00ed aplikaci zam\u011b\u0159enou na slo\u017eit\u011bj\u0161\u00ed studium, <strong>Biblick\u00e1 br\u00e1na<\/strong> Je to spr\u00e1vn\u00e1 volba. Za zm\u00ednku stoj\u00ed, \u017ee ji hojn\u011b pou\u017e\u00edvaj\u00ed i pasto\u0159i a duchovn\u00ed v\u016fdci.<\/p>\n\n\n\n<p>Kdy\u017e u\u017e mluv\u00edme o hloubkov\u00e9m studiu, dal\u0161\u00ed aplikace v\u00e1s p\u0159ekvap\u00ed sv\u00fdmi n\u00e1stroji.<\/p>\n\n\n\n    <div class=\"d-sm-block py-3 mx-auto px-3 mb-3\"\n        style=\"border-top: 1px solid rgb(204, 204, 204); border-bottom: 1px solid rgb(204, 204, 204);\">\n        <div class=\"text-center mb-4\">\n            <h6 class=\"pt-3 text-center text-gray-900 text-2xl title-font font-medium mb-12\">APLIKACE<\/h6>\n        <\/div>\n        <div class=\"row\">\n            <div class=\"col-lg-5 col-md-5 col-sm-12 mb-4 mb-lg-0\">\n                <img decoding=\"async\" alt=\"karta\" style=\"height: 190px; object-fit: cover;\"\n                    class=\"w-100 h-100 object-cover object-center rounded border\" src=\"http:\/\/universofamilia.com\/wp-content\/uploads\/sites\/148\/2025\/01\/POST-PARA-APP-ARTIGO-10-1.jpg\">\n            <\/div>\n            <div class=\"col-lg-7 col-md-7 col-sm-12 d-flex flex-column justify-content-between\">\n                <h3 class=\"text-gray-900 text-3xl title-font font-medium mb-1\">Biblick\u00e1 br\u00e1na<\/h3>\n\n                                    <div class=\"flex\">\n                                                    <span\n                                class=\"inline-block mx-2 py-1 mx-2 rounded text-xs font-medium tracking-widest text-uppercase mr-2 bg-green-50 text-green-700\">POKRO\u010cIL\u00c9 N\u00c1STROJE PRO STUDIUM BIBLE<\/span>\n                                            <\/div>\n                                <div class=\"d-block text-justify py-3\">Prozkoumejte v\u00edce ne\u017e 90 biblick\u00fdch p\u0159eklad\u016f s koment\u00e1\u0159i, konkordancemi a audio verzemi pro hloubkov\u00e9 studium.<\/div>\n                <div class=\"mt-auto d-flex flex-column align-items-end\">\n                    <a class=\"d-inline-block text-center text-white border-0 py-2 px-8 text-lg focus:outline-none rounded bg-green-700 hover:bg-green-800 btn-block\"\n                        href=\"https:\/\/bible-gateway.br.uptodown.com\/android\"                         data-analytics-label=\"landingPageFirstButton\" data-action=\"analytics#trackCTA\">\n                        St\u00e1hnout aplikaci                    <\/a>\n                                            <div class=\"text-xs text-muted mt-3 d-block col-12 text-center\">Budete p\u0159esm\u011brov\u00e1ni na jin\u00fd web<\/div>\n                                    <\/div>\n            <\/div>\n        <\/div>\n    <\/div>\n\n\n\n<h2 class=\"wp-block-heading\"><strong>Aplikace Olive Tree Bible: Studium a duchovn\u00ed organizace<\/strong><\/h2>\n\n\n\n<p><strong>Aplikace Bible Olive Tree<\/strong> Je ur\u010den pro ty, kte\u0159\u00ed si r\u00e1di zapisuj\u00ed, organizuj\u00ed a vytv\u00e1\u0159ej\u00ed skute\u010dn\u00fd duchovn\u00ed den\u00edk. Je \u00fa\u017easn\u00fd, proto\u017ee:<\/p>\n\n\n\n<ul>\n<li><strong>Interaktivn\u00ed mapy a obr\u00e1zky<\/strong> zasadit biblick\u00e9 p\u0159\u00edb\u011bhy do kontextu.<\/li>\n\n\n\n<li><strong>P\u0159izp\u016fsobiteln\u00e9 anotace<\/strong>Ozna\u010dujte ver\u0161e, p\u0159id\u00e1vejte pozn\u00e1mky a vytv\u00e1\u0159ejte zv\u00fdrazn\u011bn\u00ed.<\/li>\n\n\n\n<li><strong>Synchronizace na za\u0159\u00edzen\u00edch<\/strong>Za\u010dn\u011bte studii na telefonu a pokra\u010dujte na tabletu.<\/li>\n<\/ul>\n\n\n\n<p>Tato aplikace je ide\u00e1ln\u00ed pro ty, kte\u0159\u00ed si cht\u011bj\u00ed vytv\u00e1\u0159et organizovan\u00e9 materi\u00e1ly a pr\u016fb\u011b\u017en\u011b si prohl\u00ed\u017eet pozn\u00e1mky. M\u016f\u017eete ji pou\u017e\u00edt pro individu\u00e1ln\u00ed i skupinov\u00e9 studium.<\/p>\n\n\n\n<p><strong>Zv\u011bdavost:<\/strong> Mnoho student\u016f teologie doporu\u010duje Olive Tree pro jeho komplexn\u00ed v\u00fdzkumn\u00e9 a studijn\u00ed n\u00e1stroje.<\/p>\n\n\n\n<p>A pokud hled\u00e1te n\u011bco sp\u00ed\u0161e zam\u011b\u0159en\u00e9ho na ka\u017edodenn\u00ed reflexe a meditace, pod\u00edvejte se na <strong>Velebit<\/strong>.<\/p>\n\n\n\n    <div class=\"d-sm-block py-3 mx-auto px-3 mb-3\"\n        style=\"border-top: 1px solid rgb(204, 204, 204); border-bottom: 1px solid rgb(204, 204, 204);\">\n        <div class=\"text-center mb-4\">\n            <h6 class=\"pt-3 text-center text-gray-900 text-2xl title-font font-medium mb-12\">APLIKACE<\/h6>\n        <\/div>\n        <div class=\"row\">\n            <div class=\"col-lg-5 col-md-5 col-sm-12 mb-4 mb-lg-0\">\n                <img decoding=\"async\" alt=\"karta\" style=\"height: 190px; object-fit: cover;\"\n                    class=\"w-100 h-100 object-cover object-center rounded border\" src=\"http:\/\/universofamilia.com\/wp-content\/uploads\/sites\/148\/2025\/01\/POST-PARA-APP-ARTIGO-13-1.jpg\">\n            <\/div>\n            <div class=\"col-lg-7 col-md-7 col-sm-12 d-flex flex-column justify-content-between\">\n                <h3 class=\"text-gray-900 text-3xl title-font font-medium mb-1\">Aplikace Bible Olive Tree<\/h3>\n\n                                    <div class=\"flex\">\n                                                    <span\n                                class=\"inline-block mx-2 py-1 mx-2 rounded text-xs font-medium tracking-widest text-uppercase mr-2 bg-green-50 text-green-700\">BIBLICK\u00c9 POZN\u00c1MKY DUCHOVN\u00cd \u010cASOPIS<\/span>\n                                            <\/div>\n                                <div class=\"d-block text-justify py-3\">Vytvo\u0159te si duchovn\u00ed den\u00edk, zapisujte si ver\u0161e a prozkoumejte interaktivn\u00ed mapy, abyste se hloub\u011bji pono\u0159ili do Bo\u017e\u00edho slova.<\/div>\n                <div class=\"mt-auto d-flex flex-column align-items-end\">\n                    <a class=\"d-inline-block text-center text-white border-0 py-2 px-8 text-lg focus:outline-none rounded bg-green-700 hover:bg-green-800 btn-block\"\n                        href=\"https:\/\/www.olivetree.com\/\"                         data-analytics-label=\"landingPageFirstButton\" data-action=\"analytics#trackCTA\">\n                        St\u00e1hnout aplikaci                    <\/a>\n                                            <div class=\"text-xs text-muted mt-3 d-block col-12 text-center\">Budete p\u0159esm\u011brov\u00e1ni na jin\u00fd web<\/div>\n                                    <\/div>\n            <\/div>\n        <\/div>\n    <\/div>\n\n\n\n<h2 class=\"wp-block-heading\"><strong>Oslavte: Denn\u00ed duchovn\u00ed cesta<\/strong><\/h2>\n\n\n\n<p>S modern\u00edm a minimalistick\u00fdm p\u0159\u00edstupem, <strong>Velebit<\/strong> Vynik\u00e1 propojen\u00edm denn\u00edch reflex\u00ed, meditac\u00ed s pr\u016fvodcem a relaxa\u010dn\u00ed k\u0159es\u0165ansk\u00e9 hudby. Je ide\u00e1ln\u00ed pro:<\/p>\n\n\n\n<ul>\n<li>Ti, kte\u0159\u00ed hledaj\u00ed chv\u00edle klidu a duchovn\u00ed p\u00e9\u010de o sebe.<\/li>\n\n\n\n<li>Mlad\u00ed lid\u00e9 se z\u00e1jmem o meditaci a pohodu.<\/li>\n\n\n\n<li>Vytvo\u0159te si zdrav\u00e9 n\u00e1vyky, jako je meditace p\u0159ed span\u00edm nebo po probuzen\u00ed.<\/li>\n<\/ul>\n\n\n\n<p><strong>Hlavn\u00ed zdroje:<\/strong><\/p>\n\n\n\n<ul>\n<li>Denn\u00ed meditace zalo\u017een\u00e9 na Bibli.<\/li>\n\n\n\n<li>\u0158\u00edzen\u00e9 reflexe k pos\u00edlen\u00ed v\u00edry.<\/li>\n\n\n\n<li>Hudba, kter\u00e1 pom\u00e1h\u00e1 navodit atmosf\u00e9ru modlitby a klidu.<\/li>\n<\/ul>\n\n\n\n<p>Pokud chcete spojit spiritualitu a blahobyt, <strong>Velebit<\/strong> Je to skv\u011bl\u00e1 volba.<\/p>\n\n\n\n<p><strong>Zvl\u00e1\u0161tn\u00ed rada:<\/strong> Vyu\u017eijte mo\u017enost vytv\u00e1\u0159et si p\u0159ipom\u00ednky v aplikaci, abyste nikdy nezme\u0161kali sv\u016fj denn\u00ed \u010das na reflexi.<\/p>\n\n\n\n    <div class=\"d-sm-block py-3 mx-auto px-3 mb-3\"\n        style=\"border-top: 1px solid rgb(204, 204, 204); border-bottom: 1px solid rgb(204, 204, 204);\">\n        <div class=\"text-center mb-4\">\n            <h6 class=\"pt-3 text-center text-gray-900 text-2xl title-font font-medium mb-12\">APLIKACE<\/h6>\n        <\/div>\n        <div class=\"row\">\n            <div class=\"col-lg-5 col-md-5 col-sm-12 mb-4 mb-lg-0\">\n                <img decoding=\"async\" alt=\"karta\" style=\"height: 190px; object-fit: cover;\"\n                    class=\"w-100 h-100 object-cover object-center rounded border\" src=\"http:\/\/universofamilia.com\/wp-content\/uploads\/sites\/148\/2025\/01\/POST-PARA-APP-ARTIGO-14-1.jpg\">\n            <\/div>\n            <div class=\"col-lg-7 col-md-7 col-sm-12 d-flex flex-column justify-content-between\">\n                <h3 class=\"text-gray-900 text-3xl title-font font-medium mb-1\">Velebit<\/h3>\n\n                                    <div class=\"flex\">\n                                                    <span\n                                class=\"inline-block mx-2 py-1 mx-2 rounded text-xs font-medium tracking-widest text-uppercase mr-2 bg-green-50 text-green-700\">DENN\u00cd MEDITACE K\u0158ES\u0164ANSK\u00c9 POHODY<\/span>\n                                            <\/div>\n                                <div class=\"d-block text-justify py-3\">Najd\u011bte klid a spojen\u00ed s ka\u017edodenn\u00edmi reflexemi, meditacemi s pr\u016fvodcem a relaxa\u010dn\u00ed k\u0159es\u0165anskou hudbou.<\/div>\n                <div class=\"mt-auto d-flex flex-column align-items-end\">\n                    <a class=\"d-inline-block text-center text-white border-0 py-2 px-8 text-lg focus:outline-none rounded bg-green-700 hover:bg-green-800 btn-block\"\n                        href=\"https:\/\/glorify.br.uptodown.com\/android\"                         data-analytics-label=\"landingPageFirstButton\" data-action=\"analytics#trackCTA\">\n                        St\u00e1hnout aplikaci                    <\/a>\n                                            <div class=\"text-xs text-muted mt-3 d-block col-12 text-center\">Budete p\u0159esm\u011brov\u00e1ni na jin\u00fd web<\/div>\n                                    <\/div>\n            <\/div>\n        <\/div>\n    <\/div>\n\n\n\n<h2 class=\"wp-block-heading\"><strong>Kter\u00e1 aplikace je pro v\u00e1s ide\u00e1ln\u00ed?<\/strong><\/h2>\n\n\n\n<p>S tolika mo\u017enostmi bude v\u00e1\u0161 v\u00fdb\u011br z\u00e1viset na tom, co hled\u00e1te. Chcete n\u011bco praktick\u00e9ho a obl\u00edben\u00e9ho? <strong>YouVersion<\/strong> Je to jist\u00e1 s\u00e1zka. D\u00e1v\u00e1te p\u0159ednost studiu do hloubky?<\/p>\n\n\n\n<p><strong>Biblick\u00e1 br\u00e1na<\/strong> bu\u010f <strong>Olivovn\u00edk<\/strong> m\u016f\u017ee b\u00fdt ide\u00e1ln\u00ed. Pokud se nyn\u00ed zam\u011b\u0159\u00edme na spojen\u00ed spirituality a blahobytu, <strong>Velebit<\/strong> je perfektn\u00ed volbou.<\/p>\n\n\n\n<h2 class=\"wp-block-heading\"><strong>Z\u00e1v\u011br<\/strong><\/h2>\n\n\n\n<p>Biblick\u00e9 aplikace dnes zp\u016fsobily revoluci ve zp\u016fsobu, jak\u00fdm lid\u00e9 interaguj\u00ed s Bo\u017e\u00edm slovem, a poskytuj\u00ed snadn\u00fd p\u0159\u00edstup k personalizovan\u00fdm a praktick\u00fdm n\u00e1stroj\u016fm pro ka\u017edou duchovn\u00ed pot\u0159ebu.<\/p>\n\n\n\n<p>A\u0165 u\u017e chcete \u010d\u00edst, studovat nebo meditovat, existuje aplikace navr\u017een\u00e1 speci\u00e1ln\u011b pro v\u00e1s.<\/p>\n\n\n\n<p>D\u016fle\u017eit\u00e9 je pou\u017e\u00edvat technologie jako most k pos\u00edlen\u00ed va\u0161\u00ed v\u00edry a z\u016fstat ve spojen\u00ed s Bohem kdykoli a kdekoli. Kterou z t\u011bchto aplikac\u00ed vyzkou\u0161\u00edte jako prvn\u00ed?<\/p>\n\n\n\n<p>Zanechte n\u00e1m sv\u00e9 koment\u00e1\u0159e a pod\u011blte se o sv\u00e9 zku\u0161enosti!<\/p>","protected":false},"excerpt":{"rendered":"<p>\u017dijeme v dob\u011b, kdy technologie prostupuje ka\u017ed\u00fdm aspektem na\u0161eho \u017eivota a spiritualita nen\u00ed v\u00fdjimkou. T\u00fdm podpory: Prozkoumejte n\u00ed\u017ee uveden\u00e9 aplikace nebo kontaktujte n\u00e1\u0161 t\u00fdm podpory, sd\u011blte n\u00e1m, jak\u00fd typ profilu hled\u00e1te, a my v\u00e1m pom\u016f\u017eeme naj\u00edt ide\u00e1ln\u00ed aplikaci [\u2026]<\/p>","protected":false},"author":139,"featured_media":8312,"comment_status":"closed","ping_status":"open","sticky":false,"template":"","format":"standard","meta":{"footnotes":""},"categories":[3],"tags":[1754,1751,1752,1750,1753],"yoast_head":"<!-- This site is optimized with the Yoast SEO plugin v23.3 - https:\/\/yoast.com\/wordpress\/plugins\/seo\/ -->\n<title>La Aplicaci\u00f3n de la Biblia Esencial para la Vida - Universo Fam\u00edlia<\/title>\n<meta name=\"description\" content=\"La Aplicaci\u00f3n de la Biblia Esencial para la Vida. Vivimos en una \u00e9poca en la que la tecnolog\u00eda est\u00e1 presente en todos los aspectos...\" \/>\n<meta name=\"robots\" content=\"index, follow, max-snippet:-1, max-image-preview:large, max-video-preview:-1\" \/>\n<link rel=\"canonical\" href=\"http:\/\/universofamilia.com\/cs\/la-aplicacion-de-la-biblia-esencial-para-la-vida\/\" \/>\n<meta property=\"og:locale\" content=\"cs_CZ\" \/>\n<meta property=\"og:type\" content=\"article\" \/>\n<meta property=\"og:title\" content=\"La Aplicaci\u00f3n de la Biblia Esencial para la Vida - Universo Fam\u00edlia\" \/>\n<meta property=\"og:description\" content=\"La Aplicaci\u00f3n de la Biblia Esencial para la Vida. Vivimos en una \u00e9poca en la que la tecnolog\u00eda est\u00e1 presente en todos los aspectos...\" \/>\n<meta property=\"og:url\" content=\"http:\/\/universofamilia.com\/cs\/la-aplicacion-de-la-biblia-esencial-para-la-vida\/\" \/>\n<meta property=\"og:site_name\" content=\"Universo Fam\u00edlia\" \/>\n<meta property=\"article:published_time\" content=\"2025-01-27T23:45:41+00:00\" \/>\n<meta property=\"article:modified_time\" content=\"2025-06-02T18:00:00+00:00\" \/>\n<meta property=\"og:image\" content=\"https:\/\/universofamilia.com\/wp-content\/uploads\/sites\/148\/2025\/01\/POST-PARA-APP-ARTIGO-13-1.jpg\" \/>\n\t<meta property=\"og:image:width\" content=\"1080\" \/>\n\t<meta property=\"og:image:height\" content=\"1080\" \/>\n\t<meta property=\"og:image:type\" content=\"image\/jpeg\" \/>\n<meta name=\"author\" content=\"Pedro Henrique\" \/>\n<meta name=\"twitter:card\" content=\"summary_large_image\" \/>\n<meta name=\"twitter:label1\" content=\"Written by\" \/>\n\t<meta name=\"twitter:data1\" content=\"Pedro Henrique\" \/>\n\t<meta name=\"twitter:label2\" content=\"Est. reading time\" \/>\n\t<meta name=\"twitter:data2\" content=\"6 minut\" \/>\n<script type=\"application\/ld+json\" class=\"yoast-schema-graph\">{\"@context\":\"https:\/\/schema.org\",\"@graph\":[{\"@type\":\"WebPage\",\"@id\":\"https:\/\/universofamilia.com\/la-aplicacion-de-la-biblia-esencial-para-la-vida\/\",\"url\":\"https:\/\/universofamilia.com\/la-aplicacion-de-la-biblia-esencial-para-la-vida\/\",\"name\":\"La Aplicaci\u00f3n de la Biblia Esencial para la Vida - Universo Fam\u00edlia\",\"isPartOf\":{\"@id\":\"https:\/\/universofamilia.com\/el\/#website\"},\"primaryImageOfPage\":{\"@id\":\"https:\/\/universofamilia.com\/la-aplicacion-de-la-biblia-esencial-para-la-vida\/#primaryimage\"},\"image\":{\"@id\":\"https:\/\/universofamilia.com\/la-aplicacion-de-la-biblia-esencial-para-la-vida\/#primaryimage\"},\"thumbnailUrl\":\"http:\/\/universofamilia.com\/wp-content\/uploads\/sites\/148\/2025\/01\/POST-PARA-APP-ARTIGO-13-1.jpg\",\"datePublished\":\"2025-01-27T23:45:41+00:00\",\"dateModified\":\"2025-06-02T18:00:00+00:00\",\"author\":{\"@id\":\"https:\/\/universofamilia.com\/el\/#\/schema\/person\/f07ce98187dd84d31154262e79b3b7ca\"},\"description\":\"La Aplicaci\u00f3n de la Biblia Esencial para la Vida. Vivimos en una \u00e9poca en la que la tecnolog\u00eda est\u00e1 presente en todos los aspectos...\",\"breadcrumb\":{\"@id\":\"https:\/\/universofamilia.com\/la-aplicacion-de-la-biblia-esencial-para-la-vida\/#breadcrumb\"},\"inLanguage\":\"cs\",\"potentialAction\":[{\"@type\":\"ReadAction\",\"target\":[\"https:\/\/universofamilia.com\/la-aplicacion-de-la-biblia-esencial-para-la-vida\/\"]}]},{\"@type\":\"ImageObject\",\"inLanguage\":\"cs\",\"@id\":\"https:\/\/universofamilia.com\/la-aplicacion-de-la-biblia-esencial-para-la-vida\/#primaryimage\",\"url\":\"http:\/\/universofamilia.com\/wp-content\/uploads\/sites\/148\/2025\/01\/POST-PARA-APP-ARTIGO-13-1.jpg\",\"contentUrl\":\"http:\/\/universofamilia.com\/wp-content\/uploads\/sites\/148\/2025\/01\/POST-PARA-APP-ARTIGO-13-1.jpg\",\"width\":1080,\"height\":1080,\"caption\":\"La Aplicaci\u00f3n de la Biblia Esencial para la Vida\"},{\"@type\":\"BreadcrumbList\",\"@id\":\"https:\/\/universofamilia.com\/la-aplicacion-de-la-biblia-esencial-para-la-vida\/#breadcrumb\",\"itemListElement\":[{\"@type\":\"ListItem\",\"position\":1,\"name\":\"Home\",\"item\":\"https:\/\/universofamilia.com\/el\/\"},{\"@type\":\"ListItem\",\"position\":2,\"name\":\"La Aplicaci\u00f3n de la Biblia Esencial para la Vida\"}]},{\"@type\":\"WebSite\",\"@id\":\"https:\/\/universofamilia.com\/el\/#website\",\"url\":\"https:\/\/universofamilia.com\/el\/\",\"name\":\"Universo Fam\u00edlia\",\"description\":\"\",\"potentialAction\":[{\"@type\":\"SearchAction\",\"target\":{\"@type\":\"EntryPoint\",\"urlTemplate\":\"https:\/\/universofamilia.com\/el\/?s={search_term_string}\"},\"query-input\":\"required name=search_term_string\"}],\"inLanguage\":\"cs\"},{\"@type\":\"Person\",\"@id\":\"https:\/\/universofamilia.com\/el\/#\/schema\/person\/f07ce98187dd84d31154262e79b3b7ca\",\"name\":\"Pedro Henrique\",\"image\":{\"@type\":\"ImageObject\",\"inLanguage\":\"cs\",\"@id\":\"https:\/\/universofamilia.com\/el\/#\/schema\/person\/image\/\",\"url\":\"http:\/\/0.gravatar.com\/avatar\/9edfeb808cb4e1599f64d6e45b130154?s=96&d=mm&r=g\",\"contentUrl\":\"http:\/\/0.gravatar.com\/avatar\/9edfeb808cb4e1599f64d6e45b130154?s=96&d=mm&r=g\",\"caption\":\"Pedro Henrique\"},\"url\":\"http:\/\/universofamilia.com\/cs\/author\/editor01\/\"}]}<\/script>\n<!-- \/ Yoast SEO plugin. -->","yoast_head_json":{"title":"La Aplicaci\u00f3n de la Biblia Esencial para la Vida - Universo Fam\u00edlia","description":"La Aplicaci\u00f3n de la Biblia Esencial para la Vida. Vivimos en una \u00e9poca en la que la tecnolog\u00eda est\u00e1 presente en todos los aspectos...","robots":{"index":"index","follow":"follow","max-snippet":"max-snippet:-1","max-image-preview":"max-image-preview:large","max-video-preview":"max-video-preview:-1"},"canonical":"http:\/\/universofamilia.com\/cs\/la-aplicacion-de-la-biblia-esencial-para-la-vida\/","og_locale":"cs_CZ","og_type":"article","og_title":"La Aplicaci\u00f3n de la Biblia Esencial para la Vida - Universo Fam\u00edlia","og_description":"La Aplicaci\u00f3n de la Biblia Esencial para la Vida. Vivimos en una \u00e9poca en la que la tecnolog\u00eda est\u00e1 presente en todos los aspectos...","og_url":"http:\/\/universofamilia.com\/cs\/la-aplicacion-de-la-biblia-esencial-para-la-vida\/","og_site_name":"Universo Fam\u00edlia","article_published_time":"2025-01-27T23:45:41+00:00","article_modified_time":"2025-06-02T18:00:00+00:00","og_image":[{"width":1080,"height":1080,"url":"https:\/\/universofamilia.com\/wp-content\/uploads\/sites\/148\/2025\/01\/POST-PARA-APP-ARTIGO-13-1.jpg","type":"image\/jpeg"}],"author":"Pedro Henrique","twitter_card":"summary_large_image","twitter_misc":{"Written by":"Pedro Henrique","Est. reading time":"6 minut"},"schema":{"@context":"https:\/\/schema.org","@graph":[{"@type":"WebPage","@id":"https:\/\/universofamilia.com\/la-aplicacion-de-la-biblia-esencial-para-la-vida\/","url":"https:\/\/universofamilia.com\/la-aplicacion-de-la-biblia-esencial-para-la-vida\/","name":"La Aplicaci\u00f3n de la Biblia Esencial para la Vida - Universo Fam\u00edlia","isPartOf":{"@id":"https:\/\/universofamilia.com\/el\/#website"},"primaryImageOfPage":{"@id":"https:\/\/universofamilia.com\/la-aplicacion-de-la-biblia-esencial-para-la-vida\/#primaryimage"},"image":{"@id":"https:\/\/universofamilia.com\/la-aplicacion-de-la-biblia-esencial-para-la-vida\/#primaryimage"},"thumbnailUrl":"http:\/\/universofamilia.com\/wp-content\/uploads\/sites\/148\/2025\/01\/POST-PARA-APP-ARTIGO-13-1.jpg","datePublished":"2025-01-27T23:45:41+00:00","dateModified":"2025-06-02T18:00:00+00:00","author":{"@id":"https:\/\/universofamilia.com\/el\/#\/schema\/person\/f07ce98187dd84d31154262e79b3b7ca"},"description":"La Aplicaci\u00f3n de la Biblia Esencial para la Vida. Vivimos en una \u00e9poca en la que la tecnolog\u00eda est\u00e1 presente en todos los aspectos...","breadcrumb":{"@id":"https:\/\/universofamilia.com\/la-aplicacion-de-la-biblia-esencial-para-la-vida\/#breadcrumb"},"inLanguage":"cs","potentialAction":[{"@type":"ReadAction","target":["https:\/\/universofamilia.com\/la-aplicacion-de-la-biblia-esencial-para-la-vida\/"]}]},{"@type":"ImageObject","inLanguage":"cs","@id":"https:\/\/universofamilia.com\/la-aplicacion-de-la-biblia-esencial-para-la-vida\/#primaryimage","url":"http:\/\/universofamilia.com\/wp-content\/uploads\/sites\/148\/2025\/01\/POST-PARA-APP-ARTIGO-13-1.jpg","contentUrl":"http:\/\/universofamilia.com\/wp-content\/uploads\/sites\/148\/2025\/01\/POST-PARA-APP-ARTIGO-13-1.jpg","width":1080,"height":1080,"caption":"La Aplicaci\u00f3n de la Biblia Esencial para la Vida"},{"@type":"BreadcrumbList","@id":"https:\/\/universofamilia.com\/la-aplicacion-de-la-biblia-esencial-para-la-vida\/#breadcrumb","itemListElement":[{"@type":"ListItem","position":1,"name":"Home","item":"https:\/\/universofamilia.com\/el\/"},{"@type":"ListItem","position":2,"name":"La Aplicaci\u00f3n de la Biblia Esencial para la Vida"}]},{"@type":"WebSite","@id":"https:\/\/universofamilia.com\/el\/#website","url":"https:\/\/universofamilia.com\/el\/","name":"Universo Fam\u00edlia","description":"","potentialAction":[{"@type":"SearchAction","target":{"@type":"EntryPoint","urlTemplate":"https:\/\/universofamilia.com\/el\/?s={search_term_string}"},"query-input":"required name=search_term_string"}],"inLanguage":"cs"},{"@type":"Person","@id":"https:\/\/universofamilia.com\/el\/#\/schema\/person\/f07ce98187dd84d31154262e79b3b7ca","name":"Pedro Henrique","image":{"@type":"ImageObject","inLanguage":"cs","@id":"https:\/\/universofamilia.com\/el\/#\/schema\/person\/image\/","url":"http:\/\/0.gravatar.com\/avatar\/9edfeb808cb4e1599f64d6e45b130154?s=96&d=mm&r=g","contentUrl":"http:\/\/0.gravatar.com\/avatar\/9edfeb808cb4e1599f64d6e45b130154?s=96&d=mm&r=g","caption":"Pedro Henrique"},"url":"http:\/\/universofamilia.com\/cs\/author\/editor01\/"}]}},"_links":{"self":[{"href":"http:\/\/universofamilia.com\/cs\/wp-json\/wp\/v2\/posts\/8308"}],"collection":[{"href":"http:\/\/universofamilia.com\/cs\/wp-json\/wp\/v2\/posts"}],"about":[{"href":"http:\/\/universofamilia.com\/cs\/wp-json\/wp\/v2\/types\/post"}],"author":[{"embeddable":true,"href":"http:\/\/universofamilia.com\/cs\/wp-json\/wp\/v2\/users\/139"}],"replies":[{"embeddable":true,"href":"http:\/\/universofamilia.com\/cs\/wp-json\/wp\/v2\/comments?post=8308"}],"version-history":[{"count":6,"href":"http:\/\/universofamilia.com\/cs\/wp-json\/wp\/v2\/posts\/8308\/revisions"}],"predecessor-version":[{"id":8755,"href":"http:\/\/universofamilia.com\/cs\/wp-json\/wp\/v2\/posts\/8308\/revisions\/8755"}],"wp:featuredmedia":[{"embeddable":true,"href":"http:\/\/universofamilia.com\/cs\/wp-json\/wp\/v2\/media\/8312"}],"wp:attachment":[{"href":"http:\/\/universofamilia.com\/cs\/wp-json\/wp\/v2\/media?parent=8308"}],"wp:term":[{"taxonomy":"category","embeddable":true,"href":"http:\/\/universofamilia.com\/cs\/wp-json\/wp\/v2\/categories?post=8308"},{"taxonomy":"post_tag","embeddable":true,"href":"http:\/\/universofamilia.com\/cs\/wp-json\/wp\/v2\/tags?post=8308"}],"curies":[{"name":"wp","href":"https:\/\/api.w.org\/{rel}","templated":true}]}}