{"id":8905,"date":"2025-03-05T20:35:12","date_gmt":"2025-03-05T20:35:12","guid":{"rendered":"https:\/\/universofamilia.com\/?p=8905"},"modified":"2025-03-05T20:36:20","modified_gmt":"2025-03-05T20:36:20","slug":"asistencia-de-transicion","status":"publish","type":"post","link":"http:\/\/universofamilia.com\/cs\/asistencia-de-transicion\/","title":{"rendered":"Pomoc p\u0159i p\u0159echodu: Programy na podporu veter\u00e1n\u016f v civiln\u00edm \u017eivot\u011b"},"content":{"rendered":"<p>P\u0159echod z arm\u00e1dy do civiln\u00edho \u017eivota m\u016f\u017ee b\u00fdt pro mnoho veter\u00e1n\u016f n\u00e1ro\u010dn\u00fd.<\/p>\n\n\n<div class=\"wp-block-image\">\n<figure class=\"aligncenter size-full\"><img loading=\"lazy\" decoding=\"async\" width=\"550\" height=\"350\" src=\"https:\/\/universofamilia.com\/wp-content\/uploads\/sites\/148\/2025\/03\/DESTAQUE-UNIVERSO-550-x-350-1.jpg\" alt=\"\" class=\"wp-image-8906\" srcset=\"http:\/\/universofamilia.com\/wp-content\/uploads\/sites\/148\/2025\/03\/DESTAQUE-UNIVERSO-550-x-350-1.jpg 550w, http:\/\/universofamilia.com\/wp-content\/uploads\/sites\/148\/2025\/03\/DESTAQUE-UNIVERSO-550-x-350-1-300x191.jpg 300w, http:\/\/universofamilia.com\/wp-content\/uploads\/sites\/148\/2025\/03\/DESTAQUE-UNIVERSO-550-x-350-1-18x12.jpg 18w\" sizes=\"(max-width: 550px) 100vw, 550px\" \/><figcaption class=\"wp-element-caption\">Pomoc s p\u0159echodem<\/figcaption><\/figure><\/div>\n\n\n<p>Na\u0161t\u011bst\u00ed existuje n\u011bkolik podp\u016frn\u00fdch program\u016f, kter\u00e9 s t\u00edmto procesem pom\u00e1haj\u00ed a nab\u00edzej\u00ed v\u0161e od emocion\u00e1ln\u00ed podpory a\u017e po \u0161kolen\u00ed pro op\u011btovn\u00e9 za\u010dlen\u011bn\u00ed na trh pr\u00e1ce.<\/p>\n\n\n\n<p>V tomto \u010dl\u00e1nku prozkoum\u00e1me hlavn\u00ed zdroje dostupn\u00e9 veter\u00e1n\u016fm a jak k nim z\u00edskat p\u0159\u00edstup.<\/p>\n\n\n\n<h2 class=\"wp-block-heading\">Co jsou programy asistence p\u0159i p\u0159echodu a pro\u010d jsou d\u016fle\u017eit\u00e9?<\/h2>\n\n\n\n<p>Programy asisten\u010dn\u00ed podpory pro p\u0159echod byly vytvo\u0159eny, aby pomohly veter\u00e1n\u016fm p\u0159izp\u016fsobit se civiln\u00edmu \u017eivotu po opu\u0161t\u011bn\u00ed vojensk\u00e9 slu\u017eby.<\/p>\n\n\n\n<p>Poskytuj\u00ed finan\u010dn\u00ed, emocion\u00e1ln\u00ed a odbornou podporu, aby zajistili veter\u00e1n\u016fm p\u0159\u00edstup ke stabiln\u00edmu a \u00fasp\u011b\u0161n\u00e9mu \u017eivotu mimo arm\u00e1du.<\/p>\n\n\n\n<p>V\u00fdznam t\u011bchto program\u016f je obrovsk\u00fd, jeliko\u017e mnoho veter\u00e1n\u016f m\u00e1 pot\u00ed\u017ee s nalezen\u00edm zam\u011bstn\u00e1n\u00ed, trp\u00ed posttraumatickou stresovou poruchou (PTSD) nebo se pot\u00fdk\u00e1 s fyzick\u00fdmi zdravotn\u00edmi probl\u00e9my.<\/p>\n\n\n\n<p>Soci\u00e1ln\u00ed readaptace m\u016f\u017ee b\u00fdt nav\u00edc komplikovan\u00e1, proto\u017ee struktura a rutina civiln\u00edho \u017eivota se velmi li\u0161\u00ed od zku\u0161enost\u00ed s vojenskou slu\u017ebou.<\/p>\n\n\n\n<p>S\u00a0n\u00e1le\u017eitou podporou mohou veter\u00e1ni tyto p\u0159ek\u00e1\u017eky p\u0159ekonat a\u00a0vybudovat si novou cestu k\u00a0\u00fasp\u011bchu, \u010d\u00edm\u017e si zajist\u00ed nejen ekonomickou stabilitu, ale tak\u00e9 kvalitu \u017eivota a\u00a0emocion\u00e1ln\u00ed pohodu.<\/p>\n\n\n<div class=\"wp-block-image\">\n<figure class=\"aligncenter size-full\"><img loading=\"lazy\" decoding=\"async\" width=\"550\" height=\"350\" src=\"https:\/\/universofamilia.com\/wp-content\/uploads\/sites\/148\/2025\/03\/DESTAQUE-UNIVERSO-550-x-350-2.jpg\" alt=\"\" class=\"wp-image-8907\" srcset=\"http:\/\/universofamilia.com\/wp-content\/uploads\/sites\/148\/2025\/03\/DESTAQUE-UNIVERSO-550-x-350-2.jpg 550w, http:\/\/universofamilia.com\/wp-content\/uploads\/sites\/148\/2025\/03\/DESTAQUE-UNIVERSO-550-x-350-2-300x191.jpg 300w, http:\/\/universofamilia.com\/wp-content\/uploads\/sites\/148\/2025\/03\/DESTAQUE-UNIVERSO-550-x-350-2-18x12.jpg 18w\" sizes=\"(max-width: 550px) 100vw, 550px\" \/><figcaption class=\"wp-element-caption\">Pomoc s p\u0159echodem<\/figcaption><\/figure><\/div>\n\n\n<h2 class=\"wp-block-heading\">Nejlep\u0161\u00ed zdroje, kter\u00e9 pomohou veter\u00e1n\u016fm p\u0159izp\u016fsobit se civiln\u00edmu \u017eivotu<\/h2>\n\n\n\n<p>Existuje n\u011bkolik program\u016f a organizac\u00ed, kter\u00e9 se v\u011bnuj\u00ed poskytov\u00e1n\u00ed specifick\u00e9 podpory veter\u00e1n\u016fm a pom\u00e1haj\u00ed jim s r\u016fzn\u00fdmi aspekty civiln\u00edho \u017eivota.<\/p>\n\n\n\n<h3 class=\"wp-block-heading\">Spojen\u00ed s dal\u0161\u00edmi veter\u00e1ny<\/h3>\n\n\n\n<p>Pro hlad\u0161\u00ed p\u0159echod je nezbytn\u00e9 nav\u00e1zat kontakt s dal\u0161\u00edmi veter\u00e1ny.<\/p>\n\n\n\n<p>Organizace jako nap\u0159\u00edklad <strong>Americk\u00e1 legie<\/strong> a <strong>Veter\u00e1ni zahrani\u010dn\u00edch v\u00e1lek (VFW)<\/strong> Podporuj\u00ed podp\u016frn\u00e9 s\u00edt\u011b, spole\u010densk\u00e9 akce a dobrovolnick\u00e9 p\u0159\u00edle\u017eitosti.<\/p>\n\n\n\n<p>Tyto s\u00edt\u011b jsou pro veter\u00e1ny kl\u00ed\u010dov\u00e9 pro sd\u00edlen\u00ed zku\u0161enost\u00ed, nalezen\u00ed emocion\u00e1ln\u00ed podpory a pocit, \u017ee jsou sou\u010d\u00e1st\u00ed komunity, kter\u00e1 ch\u00e1pe jejich v\u00fdzvy.<\/p>\n\n\n\n<h3 class=\"wp-block-heading\">Pohyb vp\u0159ed<\/h3>\n\n\n\n<p><strong>Pohyb vp\u0159ed<\/strong> je online program vyvinut\u00fd s c\u00edlem pomoci veter\u00e1n\u016fm zvl\u00e1dat ka\u017edodenn\u00ed v\u00fdzvy pomoc\u00ed strategi\u00ed zalo\u017een\u00fdch na kognitivn\u011b behavior\u00e1ln\u00ed terapii.<\/p>\n\n\n\n<p>Program u\u010d\u00ed techniky zvl\u00e1d\u00e1n\u00ed stresu, \u0159e\u0161en\u00ed probl\u00e9m\u016f a rozhodov\u00e1n\u00ed, co\u017e pom\u00e1h\u00e1 s adaptac\u00ed na civiln\u00ed \u017eivot.<\/p>\n\n\n\n<h3 class=\"wp-block-heading\">Prevence sebevra\u017ed<\/h3>\n\n\n\n<p>Du\u0161evn\u00ed zdrav\u00ed veter\u00e1n\u016f je prioritou. Organizace jako nap\u0159\u00edklad <strong>Krizov\u00e1 linka pro veter\u00e1ny<\/strong> Nab\u00edzej\u00ed 24hodinovou podporu pro veter\u00e1ny v krizi a zaji\u0161\u0165uj\u00ed okam\u017eitou pomoc.<\/p>\n\n\n\n<p>Veter\u00e1ni maj\u00ed bohu\u017eel vy\u0161\u0161\u00ed m\u00edru sebevra\u017ed ne\u017e b\u011b\u017en\u00e1 populace, tak\u017ee p\u0159\u00edstup ke slu\u017eb\u00e1m v oblasti du\u0161evn\u00edho zdrav\u00ed a prevence sebevra\u017ed je nezbytn\u00fd.<\/p>\n\n\n\n<h3 class=\"wp-block-heading\">P\u00e9\u010de o pacienty s traumatick\u00fdm poran\u011bn\u00edm mozku (TBI)<\/h3>\n\n\n\n<p>Mnoho veter\u00e1n\u016f trp\u00ed <strong>traumatick\u00e9 poran\u011bn\u00ed mozku (TBI)<\/strong> v d\u016fsledku vystaven\u00ed v\u00fdbuch\u016fm a zran\u011bn\u00ed b\u011bhem vojensk\u00e9 slu\u017eby.<\/p>\n\n\n\n<p>Ministerstvo pro z\u00e1le\u017eitosti veter\u00e1n\u016f (VA) nab\u00edz\u00ed specializovan\u00e9 programy pro l\u00e9\u010dbu a rehabilitaci traumatick\u00e9ho poran\u011bn\u00ed mozku (TBI), kter\u00e9 pom\u00e1haj\u00ed veter\u00e1n\u016fm znovu z\u00edskat kognitivn\u00ed a motorick\u00e9 funkce.<\/p>\n\n\n\n<h2 class=\"wp-block-heading\">Jak mohu jako veter\u00e1n z\u00edskat p\u0159\u00edstup k bezplatn\u00e9 odborn\u00e9 podpo\u0159e a \u0161kolen\u00ed?<\/h2>\n\n\n\n<p>On <strong>Ministerstvo pro z\u00e1le\u017eitosti veter\u00e1n\u016f USA (VA)<\/strong> nab\u00edz\u00ed r\u016fzn\u00e9 iniciativy, kter\u00e9 pom\u00e1haj\u00ed veter\u00e1n\u016fm znovu se za\u010dlenit na trh pr\u00e1ce.<\/p>\n\n\n    <section class=\"mx-1 my-10\">\n                                                <a href=\"https:\/\/www.mentalhealth.va.gov\/transitioning-service\/resources.asp\" class=\"text-white\" data-analytics-label=\"optionsButton\"\n                    data-action=\"analytics#trackCTA\">\n                    <div data-options-target=\"option\"\n                        class=\"custom-section rounded-xl border p-3 shadow-md w-full bg-green-700 my-3\">\n                        <div class=\"flex w-full items-center justify-between\">\n                            <div class=\"flex items-center space-x-3\">\n                                <div class=\"text-lg font-bold\">\n                                    Ministerstvo pro z\u00e1le\u017eitosti veter\u00e1n\u016f USA (VA) \u279d\n                                <\/div>\n                            <\/div>\n                        <\/div>\n                    <\/div>\n                <\/a>\n                            <p class=\"text-xs text-gray-500 text-right\"\n            style=\"margin-left: 50%; margin-bottom: 50px; margin-top: 5px;\">\n            <!-- You will be redirected to another website -->\n        <\/p>\n    <\/section>\n\n\n\n\n<p class=\"has-text-align-center\"><em><strong><em><strong><em><strong><em><strong><em><strong><strong><em><strong><em><strong><em><strong><em><strong><em><strong><em><strong><em><strong><em><strong><em><strong><em><strong><strong><em><strong><em><strong><em><strong><em><strong><em><strong><em><strong><em><strong><em><strong><em><strong><em><strong><strong>Budete p\u0159esm\u011brov\u00e1ni na jin\u00fd web<\/strong><\/strong><\/em><\/strong><\/em><\/strong><\/em><\/strong><\/em><\/strong><\/em><\/strong><\/em><\/strong><\/em><\/strong><\/em><\/strong><\/em><\/strong><\/em><\/strong><\/strong><\/em><\/strong><\/em><\/strong><\/em><\/strong><\/em><\/strong><\/em><\/strong><\/em><\/strong><\/em><\/strong><\/em><\/strong><\/em><\/strong><\/em><\/strong><\/strong><\/em><\/strong><\/em><\/strong><\/em><\/strong><\/em><\/strong><\/em><\/p>\n\n\n\n<hr class=\"wp-block-separator has-alpha-channel-opacity is-style-wide\" \/>\n\n\n\n<p><\/p>\n\n\n\n<h3 class=\"wp-block-heading\">Program profesn\u00ed rehabilitace (VR&amp;E)<\/h3>\n\n\n\n<p>Tento program poskytuje odborn\u00e9 vzd\u011bl\u00e1v\u00e1n\u00ed, podporu p\u0159i hled\u00e1n\u00ed zam\u011bstn\u00e1n\u00ed a pomoc veter\u00e1n\u016fm s vojensk\u00fdm posti\u017een\u00edm.<\/p>\n\n\n\n<p>Je to vynikaj\u00edc\u00ed volba pro ty, kte\u0159\u00ed si cht\u011bj\u00ed osvojit nov\u00e9 dovednosti a zajistit si finan\u010dn\u00ed stabilitu.<\/p>\n\n\n\n<p>Krom\u011b toho VA nab\u00edz\u00ed tak\u00e9 bezplatn\u00e9 kurzy ve spolupr\u00e1ci s vysok\u00fdmi \u0161kolami, kter\u00e9 veter\u00e1n\u016fm umo\u017e\u0148uj\u00ed z\u00edskat nov\u00e9 kvalifikace pro jejich civiln\u00ed kari\u00e9ru.<\/p>\n\n\n    <section class=\"mx-1 my-10\">\n                                                <a href=\"https:\/\/www.va.gov\/health-care\/eligibility\/\" class=\"text-white\" data-analytics-label=\"optionsButton\"\n                    data-action=\"analytics#trackCTA\">\n                    <div data-options-target=\"option\"\n                        class=\"custom-section rounded-xl border p-3 shadow-md w-full bg-green-700 my-3\">\n                        <div class=\"flex w-full items-center justify-between\">\n                            <div class=\"flex items-center space-x-3\">\n                                <div class=\"text-lg font-bold\">\n                                    Program profesn\u00ed rehabilitace (VR&amp;E) \u279d\n                                <\/div>\n                            <\/div>\n                        <\/div>\n                    <\/div>\n                <\/a>\n                            <p class=\"text-xs text-gray-500 text-right\"\n            style=\"margin-left: 50%; margin-bottom: 50px; margin-top: 5px;\">\n            <!-- You will be redirected to another website -->\n        <\/p>\n    <\/section>\n\n\n\n\n<p class=\"has-text-align-center\"><em><strong><em><strong><em><strong><em><strong><em><strong><strong><em><strong><em><strong><em><strong><em><strong><em><strong><em><strong><em><strong><em><strong><em><strong><em><strong><strong><em><strong><em><strong><em><strong><em><strong><em><strong><em><strong><em><strong><em><strong><em><strong><em><strong><strong>Budete p\u0159esm\u011brov\u00e1ni na jin\u00fd web<\/strong><\/strong><\/em><\/strong><\/em><\/strong><\/em><\/strong><\/em><\/strong><\/em><\/strong><\/em><\/strong><\/em><\/strong><\/em><\/strong><\/em><\/strong><\/em><\/strong><\/strong><\/em><\/strong><\/em><\/strong><\/em><\/strong><\/em><\/strong><\/em><\/strong><\/em><\/strong><\/em><\/strong><\/em><\/strong><\/em><\/strong><\/em><\/strong><\/strong><\/em><\/strong><\/em><\/strong><\/em><\/strong><\/em><\/strong><\/em><\/p>\n\n\n\n<hr class=\"wp-block-separator has-alpha-channel-opacity is-style-wide\" \/>\n\n\n\n<p><\/p>\n\n\n\n<h2 class=\"wp-block-heading\">Finan\u010dn\u00ed pl\u00e1nov\u00e1n\u00ed a pomoc s bydlen\u00edm pro veter\u00e1ny v p\u0159echodn\u00e9m obdob\u00ed<\/h2>\n\n\n\n<p>Finan\u010dn\u00ed stabilita je jedn\u00edm z nejd\u016fle\u017eit\u011bj\u0161\u00edch pil\u00ed\u0159\u016f p\u0159i p\u0159echodu do civiln\u00edho \u017eivota.<\/p>\n\n\n\n<p>N\u011bkolik program\u016f nab\u00edz\u00ed finan\u010dn\u00ed a bytovou pomoc pro veter\u00e1ny:<\/p>\n\n\n\n<ul>\n<li><strong>V\u00fdhody bydlen\u00ed pro VA<\/strong>VA nab\u00edz\u00ed z\u00e1ruky na \u00fav\u011bry, aby si veter\u00e1ni mohli koupit domy za zvl\u00e1\u0161tn\u00edch podm\u00ednek.<\/li>\n\n\n\n<li><strong>\u0160kolen\u00ed finan\u010dn\u00edho vzd\u011bl\u00e1v\u00e1n\u00ed<\/strong>Organizace jako USAA poskytuj\u00ed finan\u010dn\u00ed podporu, aby pomohly veter\u00e1n\u016fm l\u00e9pe hospoda\u0159it s jejich pen\u011bzi.<\/li>\n<\/ul>\n\n\n\n<h2 class=\"wp-block-heading\">P\u0159\u00edb\u011bhy \u00fasp\u011bchu: Veter\u00e1ni prosperuj\u00ed po vyu\u017eit\u00ed slu\u017eeb TAP<\/h2>\n\n\n\n<p>On <strong>Program podpory p\u0159echodu (TAP)<\/strong> pomohl tis\u00edc\u016fm veter\u00e1n\u016f dos\u00e1hnout \u00fasp\u011bchu po vojensk\u00e9 slu\u017eb\u011b.<\/p>\n\n\n\n<p>Mnoh\u00fdm se poda\u0159ilo otev\u0159\u00edt si vlastn\u00ed podniky, dokon\u010dit vysoko\u0161kolsk\u00e9 vzd\u011bl\u00e1n\u00ed a dos\u00e1hnout vynikaj\u00edc\u00ed kari\u00e9ry ve st\u00e1tn\u00ed spr\u00e1v\u011b.<\/p>\n\n\n\n<h2 class=\"wp-block-heading\">Programy podpory p\u0159echodu jsou nezbytn\u00e9<\/h2>\n\n\n\n<p>P\u0159echod do civiln\u00edho \u017eivota m\u016f\u017ee b\u00fdt n\u00e1ro\u010dn\u00fd, ale se spr\u00e1vn\u00fdmi zdroji si veter\u00e1ni mohou vybudovat sv\u011btlou budoucnost.<\/p>\n\n\n\n<p>Spr\u00e1vn\u00e1 podpora m\u00e1 z\u00e1sadn\u00ed v\u00fdznam a zaji\u0161\u0165uje, aby ti, kte\u0159\u00ed slou\u017eili na\u0161\u00ed zemi, m\u011bli pomoc, kterou pot\u0159ebuj\u00ed k prosperit\u011b.<\/p>\n\n\n\n<p>Pokud jste veter\u00e1n nebo zn\u00e1te n\u011bkoho, kdo pot\u0159ebuje pomoc, zjist\u011bte si informace o t\u011bchto programech a p\u0159ipojte se k t\u00e9to podp\u016frn\u00e9 s\u00edti.<\/p>\n\n\n\n<h2 class=\"wp-block-heading\">Zdroje<\/h2>\n\n\n\n<ul>\n<li>Ministerstvo pro z\u00e1le\u017eitosti veter\u00e1n\u016f USA (VA)<\/li>\n\n\n\n<li>Americk\u00e1 legie<\/li>\n\n\n\n<li>Krizov\u00e1 linka pro veter\u00e1ny<\/li>\n\n\n\n<li>Program podpory p\u0159echodu (TAP)<\/li>\n\n\n\n<li>Finan\u010dn\u00ed slu\u017eby USAA<\/li>\n<\/ul>\n\n\n\n<h2 class=\"wp-block-heading\"><strong>\u010casto kladen\u00e9 ot\u00e1zky o pomoci veter\u00e1n\u016fm v p\u0159echodn\u00e9m obdob\u00ed<\/strong><\/h2>\n\n\n\n<h3 class=\"wp-block-heading\">Co je p\u0159echodn\u00e1 pomoc pro vojensk\u00e9 veter\u00e1ny?<\/h3>\n\n\n\n<p>Asistence p\u0159i p\u0159echodu je soubor program\u016f a zdroj\u016f ur\u010den\u00fdch k pomoci <strong>vojen\u0161t\u00ed veter\u00e1ni<\/strong> p\u0159izp\u016fsobit se <strong>civiln\u00ed \u017eivot<\/strong> po jeho slu\u017eb\u011b v ozbrojen\u00fdch sil\u00e1ch.<\/p>\n\n\n\n<p>Tyto programy zahrnuj\u00ed finan\u010dn\u00ed podporu, poradenstv\u00ed v oblasti du\u0161evn\u00edho zdrav\u00ed, pracovn\u00ed p\u0159\u00edle\u017eitosti a odborn\u00e9 vzd\u011bl\u00e1v\u00e1n\u00ed. Jeho c\u00edlem je zajistit \u00fasp\u011b\u0161nou reintegraci a minimalizovat probl\u00e9my, kter\u00fdm veter\u00e1ni \u010del\u00ed po odchodu z vojensk\u00e9 slu\u017eby.<\/p>\n\n\n\n<h3 class=\"wp-block-heading\">Jak\u00e9 jsou hlavn\u00ed v\u00fdhody pro veter\u00e1ny p\u0159i p\u0159echodu do civiln\u00edho \u017eivota?<\/h3>\n\n\n\n<p>Ten\/Ta\/To <strong>v\u00fdhody pro veter\u00e1ny<\/strong> v p\u0159echodn\u00e9m obdob\u00ed zahrnuj\u00ed pomoc pro <strong>hled\u00e1n\u00ed pr\u00e1ce<\/strong>, p\u0159\u00edstup k vysoko\u0161kolsk\u00e9mu vzd\u011bl\u00e1n\u00ed se stipendii a dotacemi, podpora v <strong>du\u0161evn\u00ed zdrav\u00ed<\/strong> pro l\u00e9\u010dbu <strong>PTSD<\/strong> a dal\u0161\u00ed poruchy souvisej\u00edc\u00ed se slu\u017ebou, jako\u017e i p\u0159\u00edstup k program\u016fm <strong>profesn\u00ed rehabilitace<\/strong> a finan\u010dn\u00ed pomoc na po\u0159\u00edzen\u00ed bydlen\u00ed.<\/p>\n\n\n\n<h3 class=\"wp-block-heading\">Jak\u00e9 programy nab\u00edzej\u00ed podporu du\u0161evn\u00edho zdrav\u00ed pro veter\u00e1ny?<\/h3>\n\n\n\n<p>Existuje n\u011bkolik iniciativ zam\u011b\u0159en\u00fdch na psychickou pohodu <strong>vojen\u0161t\u00ed veter\u00e1ni<\/strong>. On <strong>Krizov\u00e1 linka pro veter\u00e1ny<\/strong> poskytuje 24hodinovou pomoc t\u011bm, kte\u0159\u00ed trp\u00ed emo\u010dn\u00edmi krizemi nebo sebevra\u017eedn\u00fdmi my\u0161lenkami.<\/p>\n\n\n\n<p>Existuj\u00ed tak\u00e9 programy jako nap\u0159. <strong>Pohyb vp\u0159ed<\/strong>, kter\u00e1 nab\u00edz\u00ed strategie zalo\u017een\u00e9 na kognitivn\u011b-behavior\u00e1ln\u00ed terapii pro zvl\u00e1d\u00e1n\u00ed stresu a \u00fazkosti.<\/p>\n\n\n\n<p>Ministerstvo pro z\u00e1le\u017eitosti veter\u00e1n\u016f nav\u00edc poskytuje l\u00e9\u010dbu pro <strong>posttraumatick\u00e1 stresov\u00e1 porucha (PTSD)<\/strong> a <strong>traumatick\u00e9 poran\u011bn\u00ed mozku (TBI)<\/strong>.<\/p>\n\n\n\n<h3 class=\"wp-block-heading\">Jak m\u016f\u017ee veter\u00e1n z\u00edskat p\u0159\u00edstup k program\u016fm profesn\u00ed rehabilitace?<\/h3>\n\n\n\n<p>On <strong>Program profesn\u00ed rehabilitace (VR&amp;E)<\/strong> od Ministerstva pro z\u00e1le\u017eitosti veter\u00e1n\u016f je vynikaj\u00edc\u00ed volbou pro ty, kte\u0159\u00ed hledaj\u00ed bezplatn\u00e9 odborn\u00e9 vzd\u011bl\u00e1v\u00e1n\u00ed.<\/p>\n\n\n\n<p>Tento program pom\u00e1h\u00e1 <strong>vojen\u0161t\u00ed veter\u00e1ni<\/strong> s posti\u017een\u00edm souvisej\u00edc\u00edm se slu\u017ebami, aby z\u00edskali technick\u00e9 \u0161kolen\u00ed, vzd\u011bl\u00e1vac\u00ed podporu a poradenstv\u00ed p\u0159i hled\u00e1n\u00ed zam\u011bstn\u00e1n\u00ed.<\/p>\n\n\n\n<p>Z\u00e1jemci se mohou registrovat prost\u0159ednictv\u00edm ofici\u00e1ln\u00edho port\u00e1lu <strong>GOES<\/strong> nebo nav\u0161tivte centrum p\u00e9\u010de o veter\u00e1ny.<\/p>\n\n\n\n<h3 class=\"wp-block-heading\">Jak\u00fd druh podpory bydlen\u00ed je k dispozici pro veter\u00e1ny?<\/h3>\n\n\n\n<p>Ten\/Ta\/To <strong>vojen\u0161t\u00ed veter\u00e1ni<\/strong> m\u016f\u017ee z\u00edskat p\u0159\u00edstup k \u00fav\u011br\u016fm zaru\u010den\u00fdm <strong>GOES<\/strong> pro n\u00e1kup nemovitost\u00ed s n\u00edzk\u00fdmi \u00farokov\u00fdmi sazbami a bez akontace.<\/p>\n\n\n\n<p>Existuj\u00ed tak\u00e9 dotace pro veter\u00e1ny se zdravotn\u00edm posti\u017een\u00edm, kte\u0159\u00ed pot\u0159ebuj\u00ed \u00fapravy domu. Krom\u011b toho existuj\u00ed organizace, kter\u00e9 nab\u00edzej\u00ed pomoc a podporu s pron\u00e1jmem <strong>bezdomovci veter\u00e1ni<\/strong>.<\/p>\n\n\n\n<h3 class=\"wp-block-heading\">Jak si m\u016f\u017ee veter\u00e1n zlep\u0161it finan\u010dn\u00ed stabilitu po vojensk\u00e9 slu\u017eb\u011b?<\/h3>\n\n\n\n<p>Finan\u010dn\u00ed stabilita je kl\u00ed\u010dov\u00e1 v <strong>p\u0159echod do civiln\u00edho \u017eivota<\/strong>. Existuj\u00ed programy <strong>finan\u010dn\u00ed vzd\u011bl\u00e1v\u00e1n\u00ed<\/strong> jako nap\u0159\u00edklad ty, kter\u00e9 poskytuje USAA a kter\u00e9 u\u010d\u00ed studenty <strong>vojen\u0161t\u00ed veter\u00e1ni<\/strong> o spr\u00e1v\u011b pen\u011bz, investov\u00e1n\u00ed a pl\u00e1nov\u00e1n\u00ed odchodu do d\u016fchodu.<\/p>\n\n\n\n<p>Krom\u011b toho vl\u00e1dn\u00ed a soukrom\u00e9 organizace nab\u00edzej\u00ed pomoc se spr\u00e1vou d\u00e1vek a maximalizac\u00ed finan\u010dn\u00edch zdroj\u016f.<\/p>\n\n\n\n<h3 class=\"wp-block-heading\">Pro\u010d je d\u016fle\u017eit\u00e9, aby se veter\u00e1ni \u00fa\u010dastnili podp\u016frn\u00fdch s\u00edt\u00ed?<\/h3>\n\n\n\n<p>Spojte se s ostatn\u00edmi <strong>vojen\u0161t\u00ed veter\u00e1ni<\/strong> je nezbytn\u00fd pro \u00fasp\u011b\u0161nou reintegraci.<\/p>\n\n\n\n<p>Organizace jako nap\u0159\u00edklad <strong>Americk\u00e1 legie<\/strong> a <strong>Veter\u00e1ni zahrani\u010dn\u00edch v\u00e1lek (VFW)<\/strong> Po\u0159\u00e1daj\u00ed akce, poradenstv\u00ed a dobrovolnick\u00e9 p\u0159\u00edle\u017eitosti, co\u017e umo\u017e\u0148uje veter\u00e1n\u016fm sd\u00edlet zku\u0161enosti, z\u00edsk\u00e1vat emocion\u00e1ln\u00ed podporu a nach\u00e1zet pracovn\u00ed p\u0159\u00edle\u017eitosti.<\/p>\n\n\n\n<p>B\u00fdt sou\u010d\u00e1st\u00ed komunity pom\u00e1h\u00e1 sni\u017eovat pocity izolace a podporuje pocit soun\u00e1le\u017eitosti.<\/p>","protected":false},"excerpt":{"rendered":"<p>P\u0159echod z arm\u00e1dy do civiln\u00edho \u017eivota m\u016f\u017ee b\u00fdt pro mnoho veter\u00e1n\u016f n\u00e1ro\u010dn\u00fd. Na\u0161t\u011bst\u00ed existuje n\u011bkolik podp\u016frn\u00fdch program\u016f, kter\u00e9 s t\u00edmto procesem pom\u00e1haj\u00ed a nab\u00edzej\u00ed v\u0161e od emocion\u00e1ln\u00ed podpory a\u017e po \u0161kolen\u00ed pro op\u011btovn\u00e9 za\u010dlen\u011bn\u00ed do zam\u011bstn\u00e1n\u00ed. V tomto \u010dl\u00e1nku se budeme zab\u00fdvat hlavn\u00edmi zdroji, kter\u00e9 jsou veter\u00e1n\u016fm k dispozici, a t\u00edm, jak k nim z\u00edskat p\u0159\u00edstup.<\/p>","protected":false},"author":139,"featured_media":8907,"comment_status":"closed","ping_status":"open","sticky":false,"template":"","format":"standard","meta":{"footnotes":""},"categories":[5],"tags":[1983,1984,1982,1981,1980],"yoast_head":"<!-- This site is optimized with the Yoast SEO plugin v23.3 - https:\/\/yoast.com\/wordpress\/plugins\/seo\/ -->\n<title>Asistencia de Transici\u00f3n: Programas de Apoyo a Veteranos en la Vida Civil - Universo Fam\u00edlia<\/title>\n<meta name=\"description\" content=\"Asistencia de Transici\u00f3n. La transici\u00f3n de la vida militar a la vida civil puede ser un desaf\u00edo para muchos veteranos.\" \/>\n<meta name=\"robots\" content=\"index, follow, max-snippet:-1, max-image-preview:large, max-video-preview:-1\" \/>\n<link rel=\"canonical\" href=\"http:\/\/universofamilia.com\/cs\/asistencia-de-transicion\/\" \/>\n<meta property=\"og:locale\" content=\"cs_CZ\" \/>\n<meta property=\"og:type\" content=\"article\" \/>\n<meta property=\"og:title\" content=\"Asistencia de Transici\u00f3n: Programas de Apoyo a Veteranos en la Vida Civil - Universo Fam\u00edlia\" \/>\n<meta property=\"og:description\" content=\"Asistencia de Transici\u00f3n. La transici\u00f3n de la vida militar a la vida civil puede ser un desaf\u00edo para muchos veteranos.\" \/>\n<meta property=\"og:url\" content=\"http:\/\/universofamilia.com\/cs\/asistencia-de-transicion\/\" \/>\n<meta property=\"og:site_name\" content=\"Universo Fam\u00edlia\" \/>\n<meta property=\"article:published_time\" content=\"2025-03-05T20:35:12+00:00\" \/>\n<meta property=\"article:modified_time\" content=\"2025-03-05T20:36:20+00:00\" \/>\n<meta property=\"og:image\" content=\"http:\/\/universofamilia.com\/wp-content\/uploads\/sites\/148\/2025\/03\/DESTAQUE-UNIVERSO-550-x-350-2.jpg\" \/>\n\t<meta property=\"og:image:width\" content=\"550\" \/>\n\t<meta property=\"og:image:height\" content=\"350\" \/>\n\t<meta property=\"og:image:type\" content=\"image\/jpeg\" \/>\n<meta name=\"author\" content=\"Pedro Henrique\" \/>\n<meta name=\"twitter:card\" content=\"summary_large_image\" \/>\n<meta name=\"twitter:label1\" content=\"Written by\" \/>\n\t<meta name=\"twitter:data1\" content=\"Pedro Henrique\" \/>\n\t<meta name=\"twitter:label2\" content=\"Est. reading time\" \/>\n\t<meta name=\"twitter:data2\" content=\"8 minut\" \/>\n<script type=\"application\/ld+json\" class=\"yoast-schema-graph\">{\"@context\":\"https:\/\/schema.org\",\"@graph\":[{\"@type\":\"WebPage\",\"@id\":\"http:\/\/universofamilia.com\/sk\/asistencia-de-transicion\/\",\"url\":\"http:\/\/universofamilia.com\/sk\/asistencia-de-transicion\/\",\"name\":\"Asistencia de Transici\u00f3n: Programas de Apoyo a Veteranos en la Vida Civil - Universo Fam\u00edlia\",\"isPartOf\":{\"@id\":\"https:\/\/universofamilia.com\/el\/#website\"},\"primaryImageOfPage\":{\"@id\":\"http:\/\/universofamilia.com\/sk\/asistencia-de-transicion\/#primaryimage\"},\"image\":{\"@id\":\"http:\/\/universofamilia.com\/sk\/asistencia-de-transicion\/#primaryimage\"},\"thumbnailUrl\":\"http:\/\/universofamilia.com\/wp-content\/uploads\/sites\/148\/2025\/03\/DESTAQUE-UNIVERSO-550-x-350-2.jpg\",\"datePublished\":\"2025-03-05T20:35:12+00:00\",\"dateModified\":\"2025-03-05T20:36:20+00:00\",\"author\":{\"@id\":\"https:\/\/universofamilia.com\/el\/#\/schema\/person\/f07ce98187dd84d31154262e79b3b7ca\"},\"description\":\"Asistencia de Transici\u00f3n. La transici\u00f3n de la vida militar a la vida civil puede ser un desaf\u00edo para muchos veteranos.\",\"breadcrumb\":{\"@id\":\"http:\/\/universofamilia.com\/sk\/asistencia-de-transicion\/#breadcrumb\"},\"inLanguage\":\"cs\",\"potentialAction\":[{\"@type\":\"ReadAction\",\"target\":[\"http:\/\/universofamilia.com\/sk\/asistencia-de-transicion\/\"]}]},{\"@type\":\"ImageObject\",\"inLanguage\":\"cs\",\"@id\":\"http:\/\/universofamilia.com\/sk\/asistencia-de-transicion\/#primaryimage\",\"url\":\"http:\/\/universofamilia.com\/wp-content\/uploads\/sites\/148\/2025\/03\/DESTAQUE-UNIVERSO-550-x-350-2.jpg\",\"contentUrl\":\"http:\/\/universofamilia.com\/wp-content\/uploads\/sites\/148\/2025\/03\/DESTAQUE-UNIVERSO-550-x-350-2.jpg\",\"width\":550,\"height\":350,\"caption\":\"Asistencia de Transici\u00f3n\"},{\"@type\":\"BreadcrumbList\",\"@id\":\"http:\/\/universofamilia.com\/sk\/asistencia-de-transicion\/#breadcrumb\",\"itemListElement\":[{\"@type\":\"ListItem\",\"position\":1,\"name\":\"Home\",\"item\":\"https:\/\/universofamilia.com\/el\/\"},{\"@type\":\"ListItem\",\"position\":2,\"name\":\"Asistencia de Transici\u00f3n: Programas de Apoyo a Veteranos en la Vida Civil\"}]},{\"@type\":\"WebSite\",\"@id\":\"https:\/\/universofamilia.com\/el\/#website\",\"url\":\"https:\/\/universofamilia.com\/el\/\",\"name\":\"Universo Fam\u00edlia\",\"description\":\"\",\"potentialAction\":[{\"@type\":\"SearchAction\",\"target\":{\"@type\":\"EntryPoint\",\"urlTemplate\":\"https:\/\/universofamilia.com\/el\/?s={search_term_string}\"},\"query-input\":\"required name=search_term_string\"}],\"inLanguage\":\"cs\"},{\"@type\":\"Person\",\"@id\":\"https:\/\/universofamilia.com\/el\/#\/schema\/person\/f07ce98187dd84d31154262e79b3b7ca\",\"name\":\"Pedro Henrique\",\"image\":{\"@type\":\"ImageObject\",\"inLanguage\":\"cs\",\"@id\":\"https:\/\/universofamilia.com\/el\/#\/schema\/person\/image\/\",\"url\":\"http:\/\/0.gravatar.com\/avatar\/9edfeb808cb4e1599f64d6e45b130154?s=96&d=mm&r=g\",\"contentUrl\":\"http:\/\/0.gravatar.com\/avatar\/9edfeb808cb4e1599f64d6e45b130154?s=96&d=mm&r=g\",\"caption\":\"Pedro Henrique\"},\"url\":\"http:\/\/universofamilia.com\/cs\/author\/editor01\/\"}]}<\/script>\n<!-- \/ Yoast SEO plugin. -->","yoast_head_json":{"title":"Asistencia de Transici\u00f3n: Programas de Apoyo a Veteranos en la Vida Civil - Universo Fam\u00edlia","description":"Asistencia de Transici\u00f3n. La transici\u00f3n de la vida militar a la vida civil puede ser un desaf\u00edo para muchos veteranos.","robots":{"index":"index","follow":"follow","max-snippet":"max-snippet:-1","max-image-preview":"max-image-preview:large","max-video-preview":"max-video-preview:-1"},"canonical":"http:\/\/universofamilia.com\/cs\/asistencia-de-transicion\/","og_locale":"cs_CZ","og_type":"article","og_title":"Asistencia de Transici\u00f3n: Programas de Apoyo a Veteranos en la Vida Civil - Universo Fam\u00edlia","og_description":"Asistencia de Transici\u00f3n. La transici\u00f3n de la vida militar a la vida civil puede ser un desaf\u00edo para muchos veteranos.","og_url":"http:\/\/universofamilia.com\/cs\/asistencia-de-transicion\/","og_site_name":"Universo Fam\u00edlia","article_published_time":"2025-03-05T20:35:12+00:00","article_modified_time":"2025-03-05T20:36:20+00:00","og_image":[{"width":550,"height":350,"url":"http:\/\/universofamilia.com\/wp-content\/uploads\/sites\/148\/2025\/03\/DESTAQUE-UNIVERSO-550-x-350-2.jpg","type":"image\/jpeg"}],"author":"Pedro Henrique","twitter_card":"summary_large_image","twitter_misc":{"Written by":"Pedro Henrique","Est. reading time":"8 minut"},"schema":{"@context":"https:\/\/schema.org","@graph":[{"@type":"WebPage","@id":"http:\/\/universofamilia.com\/sk\/asistencia-de-transicion\/","url":"http:\/\/universofamilia.com\/sk\/asistencia-de-transicion\/","name":"Asistencia de Transici\u00f3n: Programas de Apoyo a Veteranos en la Vida Civil - Universo Fam\u00edlia","isPartOf":{"@id":"https:\/\/universofamilia.com\/el\/#website"},"primaryImageOfPage":{"@id":"http:\/\/universofamilia.com\/sk\/asistencia-de-transicion\/#primaryimage"},"image":{"@id":"http:\/\/universofamilia.com\/sk\/asistencia-de-transicion\/#primaryimage"},"thumbnailUrl":"http:\/\/universofamilia.com\/wp-content\/uploads\/sites\/148\/2025\/03\/DESTAQUE-UNIVERSO-550-x-350-2.jpg","datePublished":"2025-03-05T20:35:12+00:00","dateModified":"2025-03-05T20:36:20+00:00","author":{"@id":"https:\/\/universofamilia.com\/el\/#\/schema\/person\/f07ce98187dd84d31154262e79b3b7ca"},"description":"Asistencia de Transici\u00f3n. La transici\u00f3n de la vida militar a la vida civil puede ser un desaf\u00edo para muchos veteranos.","breadcrumb":{"@id":"http:\/\/universofamilia.com\/sk\/asistencia-de-transicion\/#breadcrumb"},"inLanguage":"cs","potentialAction":[{"@type":"ReadAction","target":["http:\/\/universofamilia.com\/sk\/asistencia-de-transicion\/"]}]},{"@type":"ImageObject","inLanguage":"cs","@id":"http:\/\/universofamilia.com\/sk\/asistencia-de-transicion\/#primaryimage","url":"http:\/\/universofamilia.com\/wp-content\/uploads\/sites\/148\/2025\/03\/DESTAQUE-UNIVERSO-550-x-350-2.jpg","contentUrl":"http:\/\/universofamilia.com\/wp-content\/uploads\/sites\/148\/2025\/03\/DESTAQUE-UNIVERSO-550-x-350-2.jpg","width":550,"height":350,"caption":"Asistencia de Transici\u00f3n"},{"@type":"BreadcrumbList","@id":"http:\/\/universofamilia.com\/sk\/asistencia-de-transicion\/#breadcrumb","itemListElement":[{"@type":"ListItem","position":1,"name":"Home","item":"https:\/\/universofamilia.com\/el\/"},{"@type":"ListItem","position":2,"name":"Asistencia de Transici\u00f3n: Programas de Apoyo a Veteranos en la Vida Civil"}]},{"@type":"WebSite","@id":"https:\/\/universofamilia.com\/el\/#website","url":"https:\/\/universofamilia.com\/el\/","name":"Universo Fam\u00edlia","description":"","potentialAction":[{"@type":"SearchAction","target":{"@type":"EntryPoint","urlTemplate":"https:\/\/universofamilia.com\/el\/?s={search_term_string}"},"query-input":"required name=search_term_string"}],"inLanguage":"cs"},{"@type":"Person","@id":"https:\/\/universofamilia.com\/el\/#\/schema\/person\/f07ce98187dd84d31154262e79b3b7ca","name":"Pedro Henrique","image":{"@type":"ImageObject","inLanguage":"cs","@id":"https:\/\/universofamilia.com\/el\/#\/schema\/person\/image\/","url":"http:\/\/0.gravatar.com\/avatar\/9edfeb808cb4e1599f64d6e45b130154?s=96&d=mm&r=g","contentUrl":"http:\/\/0.gravatar.com\/avatar\/9edfeb808cb4e1599f64d6e45b130154?s=96&d=mm&r=g","caption":"Pedro Henrique"},"url":"http:\/\/universofamilia.com\/cs\/author\/editor01\/"}]}},"_links":{"self":[{"href":"http:\/\/universofamilia.com\/cs\/wp-json\/wp\/v2\/posts\/8905"}],"collection":[{"href":"http:\/\/universofamilia.com\/cs\/wp-json\/wp\/v2\/posts"}],"about":[{"href":"http:\/\/universofamilia.com\/cs\/wp-json\/wp\/v2\/types\/post"}],"author":[{"embeddable":true,"href":"http:\/\/universofamilia.com\/cs\/wp-json\/wp\/v2\/users\/139"}],"replies":[{"embeddable":true,"href":"http:\/\/universofamilia.com\/cs\/wp-json\/wp\/v2\/comments?post=8905"}],"version-history":[{"count":3,"href":"http:\/\/universofamilia.com\/cs\/wp-json\/wp\/v2\/posts\/8905\/revisions"}],"predecessor-version":[{"id":8910,"href":"http:\/\/universofamilia.com\/cs\/wp-json\/wp\/v2\/posts\/8905\/revisions\/8910"}],"wp:featuredmedia":[{"embeddable":true,"href":"http:\/\/universofamilia.com\/cs\/wp-json\/wp\/v2\/media\/8907"}],"wp:attachment":[{"href":"http:\/\/universofamilia.com\/cs\/wp-json\/wp\/v2\/media?parent=8905"}],"wp:term":[{"taxonomy":"category","embeddable":true,"href":"http:\/\/universofamilia.com\/cs\/wp-json\/wp\/v2\/categories?post=8905"},{"taxonomy":"post_tag","embeddable":true,"href":"http:\/\/universofamilia.com\/cs\/wp-json\/wp\/v2\/tags?post=8905"}],"curies":[{"name":"wp","href":"https:\/\/api.w.org\/{rel}","templated":true}]}}