{"id":8927,"date":"2025-03-08T15:29:57","date_gmt":"2025-03-08T15:29:57","guid":{"rendered":"https:\/\/universofamilia.com\/?p=8927"},"modified":"2025-03-08T15:29:59","modified_gmt":"2025-03-08T15:29:59","slug":"aplicaciones-para-hacer-collages-de-fotos","status":"publish","type":"post","link":"http:\/\/universofamilia.com\/cs\/aplicaciones-para-hacer-collages-de-fotos\/","title":{"rendered":"Aplikace pro tvorbu fotografick\u00fdch kol\u00e1\u017e\u00ed"},"content":{"rendered":"<p>Dnes se tvorba fotomont\u00e1\u017e\u00ed stala z\u00e1bavn\u00fdm a kreativn\u00edm zp\u016fsobem, jak zachytit zvl\u00e1\u0161tn\u00ed okam\u017eiky.<\/p>\n\n\n\n<p>S technologick\u00fdm pokrokem byly vyvinuty r\u016fzn\u00e9 aplikace, kter\u00e9 tento \u00fakol usnad\u0148uj\u00ed a nab\u00edzej\u00ed intuitivn\u00ed n\u00e1stroje a p\u016fsobiv\u00e9 v\u00fdsledky.<\/p>\n\n\n\n<p>V tomto \u010dl\u00e1nku prozkoum\u00e1me nejlep\u0161\u00ed aplikace pro fotokol\u00e1\u017e, zd\u016frazn\u00edme jejich kl\u00ed\u010dov\u00e9 funkce a to, jak je lze pou\u017e\u00edt k vylep\u0161en\u00ed va\u0161ich \u00faprav.<\/p>\n\n\n\n<h3 class=\"wp-block-heading\">T\u00fdm podpory<\/h3>\n\n\n\n<p>Prohl\u00e9dn\u011bte si n\u00ed\u017ee uveden\u00e9 aplikace nebo kontaktujte n\u00e1\u0161 t\u00fdm podpory, sd\u011blte n\u00e1m, jak\u00fd typ profilu hled\u00e1te, a my v\u00e1m pom\u016f\u017eeme naj\u00edt tu ide\u00e1ln\u00ed aplikaci pro v\u00e1s.<\/p>\n\n\n    <section class=\"mx-1 my-10\">\n                                                <a href=\"https:\/\/www.messenger.com\/login.php?\" class=\"text-white\" data-analytics-label=\"optionsButton\"\n                    data-action=\"analytics#trackCTA\">\n                    <div data-options-target=\"option\"\n                        class=\"custom-section rounded-xl border p-3 shadow-md w-full bg-green-700 my-3\">\n                        <div class=\"flex w-full items-center justify-between\">\n                            <div class=\"flex items-center space-x-3\">\n                                <div class=\"text-lg font-bold\">\n                                    Promluv si s Laurou!  \u279d\n                                <\/div>\n                            <\/div>\n                        <\/div>\n                    <\/div>\n                <\/a>\n                            <p class=\"text-xs text-gray-500 text-right\"\n            style=\"margin-left: 50%; margin-bottom: 50px; margin-top: 5px;\">\n            <!-- You will be redirected to another website -->\n        <\/p>\n    <\/section>\n\n\n\n\n<h2 class=\"wp-block-heading\">Pro\u010d pou\u017e\u00edvat aplikace pro fotokol\u00e1\u017e?<\/h2>\n\n\n\n<p>Aplikace pro fotokol\u00e1\u017e umo\u017e\u0148uj\u00ed kombinovat v\u00edce obr\u00e1zk\u016f do jednoho rozvr\u017een\u00ed a p\u0159id\u00e1vat efekty, text a dekorativn\u00ed prvky.<\/p>\n\n\n\n<p>Tyto aplikace jsou ide\u00e1ln\u00ed pro vytv\u00e1\u0159en\u00ed personalizovan\u00fdch suven\u00fdr\u016f, obsahu pro soci\u00e1ln\u00ed m\u00e9dia a dokonce i propaga\u010dn\u00edch materi\u00e1l\u016f pro mal\u00e9 firmy.<\/p>\n\n\n\n<p>Nav\u00edc pou\u017e\u00edv\u00e1n\u00ed t\u011bchto n\u00e1stroj\u016f nejen usnad\u0148uje vytv\u00e1\u0159en\u00ed atraktivn\u00edch obr\u00e1zk\u016f, ale tak\u00e9 optimalizuje \u010das \u00faprav.<\/p>\n\n\n\n<p><\/p>\n\n\n\n<hr class=\"wp-block-separator has-alpha-channel-opacity is-style-wide\" \/>\n\n\n\n<h5 class=\"wp-block-heading has-text-align-center\"><strong>\u010ct\u011bte tak\u00e9<\/strong><\/h5>\n\n\n    <section class=\"mx-1 my-10\">\n                                                <a href=\"http:\/\/universofamilia.com\/cs\/asijske-lp-filmy\/\" class=\"text-white\" data-analytics-label=\"optionsButton\"\n                    data-action=\"analytics#trackCTA\">\n                    <div data-options-target=\"option\"\n                        class=\"custom-section rounded-xl border p-3 shadow-md w-full bg-green-700 my-3\">\n                        <div class=\"flex w-full items-center justify-between\">\n                            <div class=\"flex items-center space-x-3\">\n                                <div class=\"text-lg font-bold\">\n                                    Aplikace pro sledov\u00e1n\u00ed korejsk\u00fdch dramat \u279d\n                                <\/div>\n                            <\/div>\n                        <\/div>\n                    <\/div>\n                <\/a>\n                                                            <a href=\"http:\/\/universofamilia.com\/cs\/lp-recuperar-fotos\/\" class=\"text-white\" data-analytics-label=\"optionsButton\"\n                    data-action=\"analytics#trackCTA\">\n                    <div data-options-target=\"option\"\n                        class=\"custom-section rounded-xl border p-3 shadow-md w-full bg-green-700 my-3\">\n                        <div class=\"flex w-full items-center justify-between\">\n                            <div class=\"flex items-center space-x-3\">\n                                <div class=\"text-lg font-bold\">\n                                    Obnovte smazan\u00e9 fotografie pomoc\u00ed t\u00e9to aplikace!  \u279d\n                                <\/div>\n                            <\/div>\n                        <\/div>\n                    <\/div>\n                <\/a>\n                                                            <a href=\"http:\/\/universofamilia.com\/cs\/el-amor-a-un-clic\/\" class=\"text-white\" data-analytics-label=\"optionsButton\"\n                    data-action=\"analytics#trackCTA\">\n                    <div data-options-target=\"option\"\n                        class=\"custom-section rounded-xl border p-3 shadow-md w-full bg-green-700 my-3\">\n                        <div class=\"flex w-full items-center justify-between\">\n                            <div class=\"flex items-center space-x-3\">\n                                <div class=\"text-lg font-bold\">\n                                    Objevte ide\u00e1ln\u00ed seznamovac\u00ed aplikaci pro v\u00e1s \u279d\n                                <\/div>\n                            <\/div>\n                        <\/div>\n                    <\/div>\n                <\/a>\n                            <p class=\"text-xs text-gray-500 text-right hidden\"\n            style=\"margin-left: 50%; margin-bottom: 50px; margin-top: 5px;\">\n            <!-- You will be redirected to another website -->\n        <\/p>\n    <\/section>\n\n\n\n\n<p class=\"has-text-align-right\"><em><strong><em><strong><em><strong><em><strong><em><strong>Z\u016fstane na stejn\u00e9m m\u00edst\u011b!<\/strong><\/em><\/strong><\/em><\/strong><\/em><\/strong><\/em><\/strong><\/em><\/p>\n\n\n\n<hr class=\"wp-block-separator has-alpha-channel-opacity is-style-wide\" \/>\n\n\n\n<p><\/p>\n\n\n\n<p>Jen n\u011bkolika kliknut\u00edmi m\u016f\u017eete prom\u011bnit v\u00edce fotografi\u00ed v jeden vizu\u00e1ln\u011b poutav\u00fd kus.<\/p>\n\n\n\n<p>V dne\u0161n\u00edm sv\u011bt\u011b, kde je vizu\u00e1ln\u00ed obsah kl\u00ed\u010dov\u00fd pro interakci na soci\u00e1ln\u00edch s\u00edt\u00edch, se tyto aplikace staly nepostradateln\u00fdmi spojenci.<\/p>\n\n\n\n<p>Dal\u0161\u00edm d\u016fle\u017eit\u00fdm aspektem je p\u0159\u00edstupnost. V\u011bt\u0161ina t\u011bchto aplikac\u00ed je k dispozici zdarma nebo za dostupnou cenu, co\u017e umo\u017e\u0148uje ka\u017ed\u00e9mu u\u017eivateli bez ohledu na \u00farove\u0148 zku\u0161enost\u00ed vytv\u00e1\u0159et kol\u00e1\u017ee profesion\u00e1ln\u00ed kvality.<\/p>\n\n\n\n<p>Z tohoto d\u016fvodu st\u00e1le v\u00edce lid\u00ed a zna\u010dek vyu\u017e\u00edv\u00e1 tyto n\u00e1stroje ke zlep\u0161en\u00ed sv\u00e9 online p\u0159\u00edtomnosti.<\/p>\n\n\n\n<h2 class=\"wp-block-heading\">Nejlep\u0161\u00ed aplikace pro vytv\u00e1\u0159en\u00ed fotografick\u00fdch kol\u00e1\u017e\u00ed<\/h2>\n\n\n\n<h3 class=\"wp-block-heading\">1. InCollage \u2013 Photo Collage<\/h3>\n\n\n\n<p><strong>InCollage<\/strong> Je to jedna z nejobl\u00edben\u011bj\u0161\u00edch mo\u017enost\u00ed, pokud jde o vytv\u00e1\u0159en\u00ed fotomont\u00e1\u017e\u00ed. Nab\u00edz\u00ed r\u016fzn\u00e1 rozvr\u017een\u00ed, r\u00e1me\u010dky a filtry, kter\u00e9 v\u00e1m umo\u017e\u0148uj\u00ed rychle a snadno p\u0159izp\u016fsobit kol\u00e1\u017ee.<\/p>\n\n\n\n<p>Mezi jeho hlavn\u00ed funkce pat\u0159\u00ed:<\/p>\n\n\n\n<ul>\n<li>P\u0159edp\u0159ipraven\u00e9 \u0161ablony pro snadnou \u00fapravu<\/li>\n\n\n\n<li>\u00daprava barev a filtr\u016f<\/li>\n\n\n\n<li>P\u0159id\u00e1v\u00e1n\u00ed samolepek a vlastn\u00edho textu<\/li>\n\n\n\n<li>Mo\u017enosti exportu ve vysok\u00e9m rozli\u0161en\u00ed<\/li>\n<\/ul>\n\n\n\n<p>Krom\u011b t\u011bchto z\u00e1kladn\u00edch funkc\u00ed, <strong>InCollage<\/strong> Umo\u017e\u0148uje v\u00e1m upravovat ka\u017ed\u00fd obr\u00e1zek v kol\u00e1\u017ei jednotliv\u011b. To znamen\u00e1, \u017ee m\u016f\u017eete upravit jas, kontrast, sytost a dokonce i p\u0159idat jedine\u010dn\u00e9 efekty ke ka\u017ed\u00e9 fotografii zvl\u00e1\u0161\u0165.<\/p>\n\n\n\n<p>Dal\u0161\u00ed zaj\u00edmavou v\u00fdhodou je knihovna p\u00edsem, kter\u00e1 umo\u017e\u0148uje upravovat texty r\u016fzn\u00fdmi zp\u016fsoby, \u010d\u00edm\u017e se ka\u017ed\u00fd v\u00fdtvor stane je\u0161t\u011b origin\u00e1ln\u011bj\u0161\u00edm.<\/p>\n\n\n\n<p>Pro ty, kte\u0159\u00ed r\u00e1di sd\u00edlej\u00ed svou pr\u00e1ci, m\u00e1 aplikace p\u0159\u00edmou integraci se soci\u00e1ln\u00edmi s\u00edt\u011bmi, jako je Instagram, Facebook, TikTok a mnoho dal\u0161\u00edch.<\/p>\n\n\n\n<p>Tento editor tak\u00e9 obsahuje funkci automatick\u00e9ho retu\u0161ov\u00e1n\u00ed, kter\u00e1 vylep\u0161\u00ed kvalitu va\u0161ich obr\u00e1zk\u016f jedin\u00fdm kliknut\u00edm.<\/p>\n\n\n\n<p>Pokud r\u00e1di experimentujete s r\u016fzn\u00fdmi styly, InCollage nab\u00edz\u00ed rozs\u00e1hlou sb\u00edrku um\u011bleck\u00fdch efekt\u016f, ozdobn\u00fdch okraj\u016f a tematick\u00fdch pozad\u00ed, kter\u00e9 v\u00e1m umo\u017en\u00ed prom\u011bnit va\u0161e kol\u00e1\u017ee v jedine\u010dn\u00e9 kousky.<\/p>\n\n\n\n    <div class=\"d-sm-block py-3 mx-auto px-3 mb-3\"\n        style=\"border-top: 1px solid rgb(204, 204, 204); border-bottom: 1px solid rgb(204, 204, 204);\">\n        <div class=\"text-center mb-4\">\n            <h6 class=\"pt-3 text-center text-gray-900 text-2xl title-font font-medium mb-12\">Aplikace:<\/h6>\n        <\/div>\n        <div class=\"row\">\n            <div class=\"col-lg-5 col-md-5 col-sm-12 mb-4 mb-lg-0\">\n                <img decoding=\"async\" alt=\"karta\" style=\"height: 190px; object-fit: cover;\"\n                    class=\"w-100 h-100 object-cover object-center rounded border\" src=\"http:\/\/universofamilia.com\/wp-content\/uploads\/sites\/148\/2025\/03\/BLOCO-APP-ARTIGO-9.jpg\">\n            <\/div>\n            <div class=\"col-lg-7 col-md-7 col-sm-12 d-flex flex-column justify-content-between\">\n                <h3 class=\"text-gray-900 text-3xl title-font font-medium mb-1\">InCollage \u2013 Tv\u016frce kol\u00e1\u017e\u00ed<\/h3>\n\n                                    <div class=\"flex\">\n                                                    <span\n                                class=\"inline-block mx-2 py-1 mx-2 rounded text-xs font-medium tracking-widest text-uppercase mr-2 bg-green-50 text-green-700\">EDITOR FOTO KOL\u00c1\u017d\u00cd<\/span>\n                                            <\/div>\n                                <div class=\"d-block text-justify py-3\">InCollage je univerz\u00e1ln\u00ed aplikace pro vytv\u00e1\u0159en\u00ed kol\u00e1\u017e\u00ed a \u00fapravu fotografi\u00ed. S v\u00edce ne\u017e 500 rozvr\u017een\u00edmi kol\u00e1\u017e\u00ed, r\u00e1me\u010dky, pozad\u00edmi, \u0161ablonami, samolepkami a textov\u00fdmi fonty v\u00e1m umo\u017en\u00ed jednodu\u0161e a stylov\u011b zkombinovat va\u0161e v\u00fdjime\u010dn\u00e9 okam\u017eiky.<\/div>\n                <div class=\"mt-auto d-flex flex-column align-items-end\">\n                    <a class=\"d-inline-block text-center text-white border-0 py-2 px-8 text-lg focus:outline-none rounded bg-green-700 hover:bg-green-800 btn-block\"\n                        href=\"https:\/\/apps.apple.com\/br\/app\/incollage-colagem-de-fotos\/id1446828002\"                         data-analytics-label=\"landingPageFirstButton\" data-action=\"analytics#trackCTA\">\n                        St\u00e1hnout aplikaci                    <\/a>\n                                            <div class=\"text-xs text-muted mt-3 d-block col-12 text-center\">Budete p\u0159esm\u011brov\u00e1ni na jin\u00fd web<\/div>\n                                    <\/div>\n            <\/div>\n        <\/div>\n    <\/div>\n\n\n\n<h3 class=\"wp-block-heading\">2. \u00daprava obr\u00e1zk\u016f z kol\u00e1\u017e\u00ed<\/h3>\n\n\n\n<p>Tato aplikace vynik\u00e1 sv\u00fdm jednoduch\u00fdm rozhran\u00edm a pokro\u010dil\u00fdmi funkcemi pro \u00fapravu.<\/p>\n\n\n\n<p>Krom\u011b vytv\u00e1\u0159en\u00ed kol\u00e1\u017e\u00ed umo\u017e\u0148uje individu\u00e1ln\u00ed \u00fapravy ka\u017ed\u00e9ho obr\u00e1zku v mont\u00e1\u017ei, \u010d\u00edm\u017e dosahuje profesion\u00e1ln\u011bj\u0161\u00edho v\u00fdsledku. Mezi jeho kl\u00ed\u010dov\u00e9 funkce pat\u0159\u00ed:<\/p>\n\n\n\n<ul>\n<li>Inteligentn\u00ed o\u0159ez\u00e1v\u00e1n\u00ed obr\u00e1zk\u016f<\/li>\n\n\n\n<li>P\u0159ekryt\u00ed fotografi\u00ed<\/li>\n\n\n\n<li>Exkluzivn\u00ed um\u011bleck\u00e9 filtry<\/li>\n\n\n\n<li>Podpora soci\u00e1ln\u00edch m\u00e9di\u00ed pro okam\u017eit\u00e9 sd\u00edlen\u00ed<\/li>\n<\/ul>\n\n\n\n<p><strong>\u00daprava obr\u00e1zk\u016f z kol\u00e1\u017e\u00ed<\/strong> Nab\u00edz\u00ed tak\u00e9 \u0161irokou \u0161k\u00e1lu n\u00e1stroj\u016f pro p\u0159izp\u016fsoben\u00ed.<\/p>\n\n\n\n<p>S touto aplikac\u00ed m\u016f\u017eete vytv\u00e1\u0159et asymetrick\u00e9 kol\u00e1\u017ee, p\u0159id\u00e1vat vlastn\u00ed okraje a dokonce aplikovat efekty st\u00edn\u016f, abyste sv\u00fdm obr\u00e1zk\u016fm dodali trojrozm\u011brn\u00fd vzhled.<\/p>\n\n\n\n<p>Dal\u0161\u00ed zaj\u00edmavou funkc\u00ed je mo\u017enost vytv\u00e1\u0159et kol\u00e1\u017ee s vlastn\u00edmi tvary, jako jsou kruhy, \u0161esti\u00faheln\u00edky a voln\u00e9 tvary, co\u017e d\u00e1le roz\u0161i\u0159uje tv\u016fr\u010d\u00ed mo\u017enosti.<\/p>\n\n\n\n<p>Pokud r\u00e1di experimentujete, aplikace je \u010dasto aktualizov\u00e1na o nov\u00e9 filtry a exkluzivn\u00ed grafick\u00e9 prvky.<\/p>\n\n\n\n<p>Zaj\u00edmavou funkc\u00ed t\u00e9to aplikace je mo\u017enost kombinovat r\u016fzn\u00e9 efekty do jednoho obr\u00e1zku, co\u017e umo\u017e\u0148uje pokro\u010dil\u00e9 \u00fapravy barev a textur.<\/p>\n\n\n\n<p>Obsahuje tak\u00e9 n\u00e1stroje pro odstran\u011bn\u00ed pozad\u00ed z obr\u00e1zku a jeho nahrazen\u00ed jin\u00fdm designem, co\u017e je ide\u00e1ln\u00ed pro vytv\u00e1\u0159en\u00ed kol\u00e1\u017e\u00ed s um\u011ble\u010dt\u011bj\u0161\u00edm a profesion\u00e1ln\u011bj\u0161\u00edm n\u00e1dechem.<\/p>\n\n\n\n    <div class=\"d-sm-block py-3 mx-auto px-3 mb-3\"\n        style=\"border-top: 1px solid rgb(204, 204, 204); border-bottom: 1px solid rgb(204, 204, 204);\">\n        <div class=\"text-center mb-4\">\n            <h6 class=\"pt-3 text-center text-gray-900 text-2xl title-font font-medium mb-12\">Aplikace:<\/h6>\n        <\/div>\n        <div class=\"row\">\n            <div class=\"col-lg-5 col-md-5 col-sm-12 mb-4 mb-lg-0\">\n                <img decoding=\"async\" alt=\"karta\" style=\"height: 190px; object-fit: cover;\"\n                    class=\"w-100 h-100 object-cover object-center rounded border\" src=\"http:\/\/universofamilia.com\/wp-content\/uploads\/sites\/148\/2025\/03\/BLOCO-APP-ARTIGO-1-5.jpg\">\n            <\/div>\n            <div class=\"col-lg-7 col-md-7 col-sm-12 d-flex flex-column justify-content-between\">\n                <h3 class=\"text-gray-900 text-3xl title-font font-medium mb-1\">\u00daprava obr\u00e1zk\u016f z kol\u00e1\u017e\u00ed<\/h3>\n\n                                    <div class=\"flex\">\n                                                    <span\n                                class=\"inline-block mx-2 py-1 mx-2 rounded text-xs font-medium tracking-widest text-uppercase mr-2 bg-green-50 text-green-700\">KOL\u00c1\u017dOV\u00c1 EDICE<\/span>\n                                            <\/div>\n                                <div class=\"d-block text-justify py-3\">Tato aplikace vynik\u00e1 sv\u00fdm jednoduch\u00fdm rozhran\u00edm a pokro\u010dil\u00fdmi funkcemi pro \u00fapravy. Nab\u00edz\u00ed inteligentn\u00ed o\u0159ez\u00e1v\u00e1n\u00ed obr\u00e1zk\u016f, p\u0159ekryt\u00ed fotografi\u00ed a exkluzivn\u00ed um\u011bleck\u00e9 filtry, kter\u00e9 v\u00e1m umo\u017e\u0148uj\u00ed vytv\u00e1\u0159et profesion\u00e1ln\u00ed a personalizovan\u00e9 kol\u00e1\u017ee.<\/div>\n                <div class=\"mt-auto d-flex flex-column align-items-end\">\n                    <a class=\"d-inline-block text-center text-white border-0 py-2 px-8 text-lg focus:outline-none rounded bg-green-700 hover:bg-green-800 btn-block\"\n                        href=\"https:\/\/apps.apple.com\/br\/app\/colagem-fotos-edi%C3%A7%C3%A3o-de-imagen\/id502319134\"                         data-analytics-label=\"landingPageFirstButton\" data-action=\"analytics#trackCTA\">\n                        St\u00e1hnout aplikaci                    <\/a>\n                                            <div class=\"text-xs text-muted mt-3 d-block col-12 text-center\">Budete p\u0159esm\u011brov\u00e1ni na jin\u00fd web<\/div>\n                                    <\/div>\n            <\/div>\n        <\/div>\n    <\/div>\n\n\n\n<h3 class=\"wp-block-heading\">3. Kol\u00e1\u017e obr\u00e1zk\u016f<\/h3>\n\n\n\n<p><strong>Kol\u00e1\u017e obr\u00e1zk\u016f<\/strong> Je to vynikaj\u00edc\u00ed volba pro ty, kte\u0159\u00ed hledaj\u00ed kreativn\u00ed a dynamick\u00fd editor fotografi\u00ed.<\/p>\n\n\n\n<p>Nab\u00edz\u00ed r\u016fzn\u00e9 n\u00e1stroje, kter\u00e9 v\u00e1m umo\u017e\u0148uj\u00ed vytv\u00e1\u0159et personalizovan\u00e9 kol\u00e1\u017ee jen n\u011bkolika klepnut\u00edmi na obrazovku.<\/p>\n\n\n\n<p>Mezi jeho hlavn\u00ed vlastnosti pat\u0159\u00ed:<\/p>\n\n\n\n<ul>\n<li>R\u016fzn\u00e9 a upraviteln\u00e9 n\u00e1vrhy<\/li>\n\n\n\n<li>Pokro\u010dil\u00e9 n\u00e1stroje pro o\u0159ez\u00e1v\u00e1n\u00ed<\/li>\n\n\n\n<li>P\u0159id\u00e1v\u00e1n\u00ed samolepek a kreseb od ruky<\/li>\n\n\n\n<li>Speci\u00e1ln\u00ed efekty pro zv\u00fdrazn\u011bn\u00ed obr\u00e1zk\u016f<\/li>\n<\/ul>\n\n\n\n<p>Velk\u00fd rozd\u00edl <strong>Kol\u00e1\u017e obr\u00e1zk\u016f<\/strong> Je to jeho zam\u011b\u0159en\u00ed na kreativitu. Umo\u017e\u0148uje v\u00e1m nejen vytv\u00e1\u0159et konven\u010dn\u00ed kol\u00e1\u017ee, ale tak\u00e9 prom\u011b\u0148uje va\u0161e mont\u00e1\u017ee ve skute\u010dn\u00e1 um\u011bleck\u00e1 d\u00edla.<\/p>\n\n\n\n<p>Pomoc\u00ed n\u00e1stroj\u016f pro kreslen\u00ed od ruky m\u016f\u017eete k obr\u00e1zk\u016fm p\u0159id\u00e1vat vlastn\u00ed tahy a vytv\u00e1\u0159et tak jedine\u010dn\u00fd styl.<\/p>\n\n\n\n<p>Aplikace nav\u00edc nab\u00edz\u00ed rozs\u00e1hlou galerii samolepek, tematick\u00fdch r\u00e1me\u010dk\u016f a exkluzivn\u00edch pozad\u00ed, kter\u00e9 vdechnou va\u0161im v\u00fdtvor\u016fm \u017eivot.<\/p>\n\n\n\n<p>Dal\u0161\u00ed v\u00fdhodou je mo\u017enost vytv\u00e1\u0159et animovan\u00e9 kol\u00e1\u017ee, ve kter\u00fdch se prvky mohou m\u00edrn\u011b pohybovat, co\u017e d\u011bl\u00e1 obsah je\u0161t\u011b interaktivn\u011bj\u0161\u00edm a poutav\u011bj\u0161\u00edm pro soci\u00e1ln\u00ed m\u00e9dia.<\/p>\n\n\n\n<p>Dal\u0161\u00edm aspektem, kter\u00fd zp\u016fsobuje <strong>Kol\u00e1\u017e obr\u00e1zk\u016f<\/strong> je unik\u00e1tn\u00ed svou schopnost\u00ed vytv\u00e1\u0159et interaktivn\u00ed kol\u00e1\u017ee.<\/p>\n\n\n\n<p>M\u016f\u017eete vytv\u00e1\u0159et klikateln\u00e9 obr\u00e1zky, p\u0159id\u00e1vat odkazy na soci\u00e1ln\u00ed m\u00e9dia nebo zahrnovat QR k\u00f3dy, kter\u00e9 odkazuj\u00ed na webov\u00e9 str\u00e1nky, co\u017e z n\u011bj \u010din\u00ed skv\u011blou volbu pro mal\u00e9 firmy a tv\u016frce obsahu.<\/p>\n\n\n\n    <div class=\"d-sm-block py-3 mx-auto px-3 mb-3\"\n        style=\"border-top: 1px solid rgb(204, 204, 204); border-bottom: 1px solid rgb(204, 204, 204);\">\n        <div class=\"text-center mb-4\">\n            <h6 class=\"pt-3 text-center text-gray-900 text-2xl title-font font-medium mb-12\">Aplikace:<\/h6>\n        <\/div>\n        <div class=\"row\">\n            <div class=\"col-lg-5 col-md-5 col-sm-12 mb-4 mb-lg-0\">\n                <img decoding=\"async\" alt=\"karta\" style=\"height: 190px; object-fit: cover;\"\n                    class=\"w-100 h-100 object-cover object-center rounded border\" src=\"http:\/\/universofamilia.com\/wp-content\/uploads\/sites\/148\/2025\/03\/BLOCO-APP-ARTIGO-2-3.jpg\">\n            <\/div>\n            <div class=\"col-lg-7 col-md-7 col-sm-12 d-flex flex-column justify-content-between\">\n                <h3 class=\"text-gray-900 text-3xl title-font font-medium mb-1\">PicCollage<\/h3>\n\n                                    <div class=\"flex\">\n                                                    <span\n                                class=\"inline-block mx-2 py-1 mx-2 rounded text-xs font-medium tracking-widest text-uppercase mr-2 bg-green-50 text-green-700\">KOL\u00c1\u017d KREATIVITY<\/span>\n                                            <\/div>\n                                <div class=\"d-block text-justify py-3\">PicCollage je aplikace, kter\u00e1 v\u00e1m umo\u017en\u00ed vytvo\u0159it cokoli k oslav\u011b \u010dehokoli. Prom\u011b\u0148te sv\u00e9 fotografie a videa ve vzpom\u00ednky, kter\u00e9 si budete cht\u00edt ukl\u00e1dat a sd\u00edlet, a\u0165 u\u017e p\u0159edv\u00e1d\u00edte svou kreativitu s freestyle kol\u00e1\u017e\u00ed, sestavujete sb\u00edrku fotografi\u00ed ze sv\u00fdch dobrodru\u017estv\u00ed nebo vytv\u00e1\u0159\u00edte rychlou narozeninovou kartu.<\/div>\n                <div class=\"mt-auto d-flex flex-column align-items-end\">\n                    <a class=\"d-inline-block text-center text-white border-0 py-2 px-8 text-lg focus:outline-none rounded bg-green-700 hover:bg-green-800 btn-block\"\n                        href=\"https:\/\/apps.apple.com\/br\/app\/piccollage-editor-de-fotos\/id448639966\"                         data-analytics-label=\"landingPageFirstButton\" data-action=\"analytics#trackCTA\">\n                        St\u00e1hnout aplikaci                    <\/a>\n                                            <div class=\"text-xs text-muted mt-3 d-block col-12 text-center\">Budete p\u0159esm\u011brov\u00e1ni na jin\u00fd web<\/div>\n                                    <\/div>\n            <\/div>\n        <\/div>\n    <\/div>\n\n\n\n<h2 class=\"wp-block-heading\">Jak vybrat nejlep\u0161\u00ed aplikaci pro kol\u00e1\u017e?<\/h2>\n\n\n\n<p>V\u00fdb\u011br ide\u00e1ln\u00ed aplikace z\u00e1vis\u00ed na va\u0161em c\u00edli a \u00farovni zku\u0161enost\u00ed s \u00fapravou fotografi\u00ed. Pokud hled\u00e1te n\u011bco jednoduch\u00e9ho a intuitivn\u00edho, <strong>InCollage<\/strong> m\u016f\u017ee b\u00fdt nejlep\u0161\u00ed volbou.<\/p>\n\n\n\n<p>Pro podrobn\u011bj\u0161\u00ed vyd\u00e1n\u00ed, <strong>\u00daprava obr\u00e1zk\u016f z kol\u00e1\u017e\u00ed<\/strong> vynik\u00e1. Pokud d\u00e1v\u00e1te p\u0159ednost um\u011ble\u010dt\u011bj\u0161\u00edmu a kreativn\u011bj\u0161\u00edmu p\u0159\u00edstupu, <strong>Kol\u00e1\u017e obr\u00e1zk\u016f<\/strong> je vynikaj\u00edc\u00ed volbou.<\/p>\n\n\n\n<p>Je tak\u00e9 d\u016fle\u017eit\u00e9 zv\u00e1\u017eit typ obsahu, kter\u00fd chcete vytvo\u0159it. Pokud pot\u0159ebujete rychlou kol\u00e1\u017e pro soci\u00e1ln\u00ed m\u00e9dia, m\u016f\u017ee b\u00fdt nejlep\u0161\u00ed volbou aplikace s p\u0159edp\u0159ipraven\u00fdmi \u0161ablonami.<\/p>\n\n\n\n<p>Pokud hled\u00e1te n\u011bco sofistikovan\u011bj\u0161\u00edho, lep\u0161\u00edch v\u00fdsledk\u016f dos\u00e1hnete v\u00fdb\u011brem n\u00e1stroje s pokro\u010dil\u00fdmi mo\u017enostmi p\u0159izp\u016fsoben\u00ed.<\/p>\n\n\n\n<h2 class=\"wp-block-heading\">Tipy pro vytv\u00e1\u0159en\u00ed \u00fa\u017easn\u00fdch fotografick\u00fdch kol\u00e1\u017e\u00ed<\/h2>\n\n\n\n<ul>\n<li>Vyberte si t\u00e9ma nebo styl pro svou kol\u00e1\u017e<\/li>\n\n\n\n<li>Pro lep\u0161\u00ed rozli\u0161en\u00ed pou\u017e\u00edvejte vysoce kvalitn\u00ed obr\u00e1zky<\/li>\n\n\n\n<li>Experimentujte s r\u016fzn\u00fdmi designy a barevn\u00fdmi kombinacemi<\/li>\n\n\n\n<li>P\u0159idejte grafick\u00e9 prvky pro zvl\u00e1\u0161tn\u00ed n\u00e1dech<\/li>\n\n\n\n<li>Sd\u00edlejte svou pr\u00e1ci na soci\u00e1ln\u00edch s\u00edt\u00edch, abyste inspirovali ostatn\u00ed.<\/li>\n\n\n\n<li>Vyu\u017eijte pokro\u010dil\u00e9 edita\u010dn\u00ed n\u00e1stroje k vylep\u0161en\u00ed estetiky va\u0161\u00ed kol\u00e1\u017ee.<\/li>\n\n\n\n<li>Pro v\u00fdrazn\u011bj\u0161\u00ed v\u00fdsledek pou\u017eijte efekty p\u0159ekryt\u00ed<\/li>\n\n\n\n<li>Vytv\u00e1\u0159ejte vertik\u00e1ln\u00ed kol\u00e1\u017ee pro p\u0159\u00edb\u011bhy a p\u0159\u00edsp\u011bvky na soci\u00e1ln\u00edch s\u00edt\u00edch.<\/li>\n<\/ul>\n\n\n\n<h2 class=\"wp-block-heading\">Z\u00e1v\u011br<\/h2>\n\n\n\n<p>Aplikace pro fotomont\u00e1\u017e nab\u00edzej\u00ed nespo\u010det mo\u017enost\u00ed pro ty, kte\u0159\u00ed cht\u011bj\u00ed vytv\u00e1\u0159et \u00fa\u017easn\u00e9, personalizovan\u00e9 kol\u00e1\u017ee.<\/p>\n\n\n\n<p>S tolika dostupn\u00fdmi mo\u017enostmi si sta\u010d\u00ed vybrat tu, kter\u00e1 nejl\u00e9pe vyhovuje va\u0161im pot\u0159eb\u00e1m, a za\u010d\u00edt objevovat svou kreativitu.<\/p>\n\n\n\n<p>Vyzkou\u0161eli jste n\u011bkterou z t\u011bchto aplikac\u00ed? Pod\u011blte se o sv\u00e9 zku\u0161enosti v koment\u00e1\u0159\u00edch!<\/p>","protected":false},"excerpt":{"rendered":"<p>Hoy en d\u00eda, crear montajes de fotos se ha convertido en una forma divertida y creativa de capturar momentos especiales. Con los avances tecnol\u00f3gicos, se han desarrollado diversas aplicaciones para facilitar esta tarea, ofreciendo herramientas intuitivas y resultados impresionantes. En este art\u00edculo, exploraremos las mejores aplicaciones para hacer collages de fotos, destacando sus principales caracter\u00edsticas [&hellip;]<\/p>","protected":false},"author":139,"featured_media":8930,"comment_status":"closed","ping_status":"open","sticky":false,"template":"","format":"standard","meta":{"footnotes":""},"categories":[2],"tags":[2002,2003,2000,1999,2004],"yoast_head":"<!-- This site is optimized with the Yoast SEO plugin v23.3 - https:\/\/yoast.com\/wordpress\/plugins\/seo\/ -->\n<title>Aplicaciones para Hacer Collages de Fotos - Universo Fam\u00edlia<\/title>\n<meta name=\"description\" content=\"Aplicaciones para Hacer Collages de Fotos. Hoy en d\u00eda, crear montajes de fotos se ha convertido en una forma divertida y creativa...\" \/>\n<meta name=\"robots\" content=\"index, follow, max-snippet:-1, max-image-preview:large, max-video-preview:-1\" \/>\n<link rel=\"canonical\" href=\"http:\/\/universofamilia.com\/cs\/aplicaciones-para-hacer-collages-de-fotos\/\" \/>\n<meta property=\"og:locale\" content=\"cs_CZ\" \/>\n<meta property=\"og:type\" content=\"article\" \/>\n<meta property=\"og:title\" content=\"Aplicaciones para Hacer Collages de Fotos - Universo Fam\u00edlia\" \/>\n<meta property=\"og:description\" content=\"Aplicaciones para Hacer Collages de Fotos. Hoy en d\u00eda, crear montajes de fotos se ha convertido en una forma divertida y creativa...\" \/>\n<meta property=\"og:url\" content=\"http:\/\/universofamilia.com\/cs\/aplicaciones-para-hacer-collages-de-fotos\/\" \/>\n<meta property=\"og:site_name\" content=\"Universo Fam\u00edlia\" \/>\n<meta property=\"article:published_time\" content=\"2025-03-08T15:29:57+00:00\" \/>\n<meta property=\"article:modified_time\" content=\"2025-03-08T15:29:59+00:00\" \/>\n<meta property=\"og:image\" content=\"http:\/\/universofamilia.com\/wp-content\/uploads\/sites\/148\/2025\/03\/BLOCO-APP-ARTIGO-2-3.jpg\" \/>\n\t<meta property=\"og:image:width\" content=\"1080\" \/>\n\t<meta property=\"og:image:height\" content=\"1080\" \/>\n\t<meta property=\"og:image:type\" content=\"image\/jpeg\" \/>\n<meta name=\"author\" content=\"Pedro Henrique\" \/>\n<meta name=\"twitter:card\" content=\"summary_large_image\" \/>\n<meta name=\"twitter:label1\" content=\"Written by\" \/>\n\t<meta name=\"twitter:data1\" content=\"Pedro Henrique\" \/>\n\t<meta name=\"twitter:label2\" content=\"Est. reading time\" \/>\n\t<meta name=\"twitter:data2\" content=\"7 minut\" \/>\n<script type=\"application\/ld+json\" class=\"yoast-schema-graph\">{\"@context\":\"https:\/\/schema.org\",\"@graph\":[{\"@type\":\"WebPage\",\"@id\":\"http:\/\/universofamilia.com\/hu\/aplicaciones-para-hacer-collages-de-fotos\/\",\"url\":\"http:\/\/universofamilia.com\/hu\/aplicaciones-para-hacer-collages-de-fotos\/\",\"name\":\"Aplicaciones para Hacer Collages de Fotos - Universo Fam\u00edlia\",\"isPartOf\":{\"@id\":\"https:\/\/universofamilia.com\/el\/#website\"},\"primaryImageOfPage\":{\"@id\":\"http:\/\/universofamilia.com\/hu\/aplicaciones-para-hacer-collages-de-fotos\/#primaryimage\"},\"image\":{\"@id\":\"http:\/\/universofamilia.com\/hu\/aplicaciones-para-hacer-collages-de-fotos\/#primaryimage\"},\"thumbnailUrl\":\"http:\/\/universofamilia.com\/wp-content\/uploads\/sites\/148\/2025\/03\/BLOCO-APP-ARTIGO-2-3.jpg\",\"datePublished\":\"2025-03-08T15:29:57+00:00\",\"dateModified\":\"2025-03-08T15:29:59+00:00\",\"author\":{\"@id\":\"https:\/\/universofamilia.com\/el\/#\/schema\/person\/f07ce98187dd84d31154262e79b3b7ca\"},\"description\":\"Aplicaciones para Hacer Collages de Fotos. Hoy en d\u00eda, crear montajes de fotos se ha convertido en una forma divertida y creativa...\",\"breadcrumb\":{\"@id\":\"http:\/\/universofamilia.com\/hu\/aplicaciones-para-hacer-collages-de-fotos\/#breadcrumb\"},\"inLanguage\":\"cs\",\"potentialAction\":[{\"@type\":\"ReadAction\",\"target\":[\"http:\/\/universofamilia.com\/hu\/aplicaciones-para-hacer-collages-de-fotos\/\"]}]},{\"@type\":\"ImageObject\",\"inLanguage\":\"cs\",\"@id\":\"http:\/\/universofamilia.com\/hu\/aplicaciones-para-hacer-collages-de-fotos\/#primaryimage\",\"url\":\"http:\/\/universofamilia.com\/wp-content\/uploads\/sites\/148\/2025\/03\/BLOCO-APP-ARTIGO-2-3.jpg\",\"contentUrl\":\"http:\/\/universofamilia.com\/wp-content\/uploads\/sites\/148\/2025\/03\/BLOCO-APP-ARTIGO-2-3.jpg\",\"width\":1080,\"height\":1080,\"caption\":\"PicCollage\"},{\"@type\":\"BreadcrumbList\",\"@id\":\"http:\/\/universofamilia.com\/hu\/aplicaciones-para-hacer-collages-de-fotos\/#breadcrumb\",\"itemListElement\":[{\"@type\":\"ListItem\",\"position\":1,\"name\":\"Home\",\"item\":\"https:\/\/universofamilia.com\/el\/\"},{\"@type\":\"ListItem\",\"position\":2,\"name\":\"Aplicaciones para Hacer Collages de Fotos\"}]},{\"@type\":\"WebSite\",\"@id\":\"https:\/\/universofamilia.com\/el\/#website\",\"url\":\"https:\/\/universofamilia.com\/el\/\",\"name\":\"Universo Fam\u00edlia\",\"description\":\"\",\"potentialAction\":[{\"@type\":\"SearchAction\",\"target\":{\"@type\":\"EntryPoint\",\"urlTemplate\":\"https:\/\/universofamilia.com\/el\/?s={search_term_string}\"},\"query-input\":\"required name=search_term_string\"}],\"inLanguage\":\"cs\"},{\"@type\":\"Person\",\"@id\":\"https:\/\/universofamilia.com\/el\/#\/schema\/person\/f07ce98187dd84d31154262e79b3b7ca\",\"name\":\"Pedro Henrique\",\"image\":{\"@type\":\"ImageObject\",\"inLanguage\":\"cs\",\"@id\":\"https:\/\/universofamilia.com\/el\/#\/schema\/person\/image\/\",\"url\":\"http:\/\/0.gravatar.com\/avatar\/9edfeb808cb4e1599f64d6e45b130154?s=96&d=mm&r=g\",\"contentUrl\":\"http:\/\/0.gravatar.com\/avatar\/9edfeb808cb4e1599f64d6e45b130154?s=96&d=mm&r=g\",\"caption\":\"Pedro Henrique\"},\"url\":\"http:\/\/universofamilia.com\/cs\/author\/editor01\/\"}]}<\/script>\n<!-- \/ Yoast SEO plugin. -->","yoast_head_json":{"title":"Aplicaciones para Hacer Collages de Fotos - Universo Fam\u00edlia","description":"Aplicaciones para Hacer Collages de Fotos. Hoy en d\u00eda, crear montajes de fotos se ha convertido en una forma divertida y creativa...","robots":{"index":"index","follow":"follow","max-snippet":"max-snippet:-1","max-image-preview":"max-image-preview:large","max-video-preview":"max-video-preview:-1"},"canonical":"http:\/\/universofamilia.com\/cs\/aplicaciones-para-hacer-collages-de-fotos\/","og_locale":"cs_CZ","og_type":"article","og_title":"Aplicaciones para Hacer Collages de Fotos - Universo Fam\u00edlia","og_description":"Aplicaciones para Hacer Collages de Fotos. Hoy en d\u00eda, crear montajes de fotos se ha convertido en una forma divertida y creativa...","og_url":"http:\/\/universofamilia.com\/cs\/aplicaciones-para-hacer-collages-de-fotos\/","og_site_name":"Universo Fam\u00edlia","article_published_time":"2025-03-08T15:29:57+00:00","article_modified_time":"2025-03-08T15:29:59+00:00","og_image":[{"width":1080,"height":1080,"url":"http:\/\/universofamilia.com\/wp-content\/uploads\/sites\/148\/2025\/03\/BLOCO-APP-ARTIGO-2-3.jpg","type":"image\/jpeg"}],"author":"Pedro Henrique","twitter_card":"summary_large_image","twitter_misc":{"Written by":"Pedro Henrique","Est. reading time":"7 minut"},"schema":{"@context":"https:\/\/schema.org","@graph":[{"@type":"WebPage","@id":"http:\/\/universofamilia.com\/hu\/aplicaciones-para-hacer-collages-de-fotos\/","url":"http:\/\/universofamilia.com\/hu\/aplicaciones-para-hacer-collages-de-fotos\/","name":"Aplicaciones para Hacer Collages de Fotos - Universo Fam\u00edlia","isPartOf":{"@id":"https:\/\/universofamilia.com\/el\/#website"},"primaryImageOfPage":{"@id":"http:\/\/universofamilia.com\/hu\/aplicaciones-para-hacer-collages-de-fotos\/#primaryimage"},"image":{"@id":"http:\/\/universofamilia.com\/hu\/aplicaciones-para-hacer-collages-de-fotos\/#primaryimage"},"thumbnailUrl":"http:\/\/universofamilia.com\/wp-content\/uploads\/sites\/148\/2025\/03\/BLOCO-APP-ARTIGO-2-3.jpg","datePublished":"2025-03-08T15:29:57+00:00","dateModified":"2025-03-08T15:29:59+00:00","author":{"@id":"https:\/\/universofamilia.com\/el\/#\/schema\/person\/f07ce98187dd84d31154262e79b3b7ca"},"description":"Aplicaciones para Hacer Collages de Fotos. Hoy en d\u00eda, crear montajes de fotos se ha convertido en una forma divertida y creativa...","breadcrumb":{"@id":"http:\/\/universofamilia.com\/hu\/aplicaciones-para-hacer-collages-de-fotos\/#breadcrumb"},"inLanguage":"cs","potentialAction":[{"@type":"ReadAction","target":["http:\/\/universofamilia.com\/hu\/aplicaciones-para-hacer-collages-de-fotos\/"]}]},{"@type":"ImageObject","inLanguage":"cs","@id":"http:\/\/universofamilia.com\/hu\/aplicaciones-para-hacer-collages-de-fotos\/#primaryimage","url":"http:\/\/universofamilia.com\/wp-content\/uploads\/sites\/148\/2025\/03\/BLOCO-APP-ARTIGO-2-3.jpg","contentUrl":"http:\/\/universofamilia.com\/wp-content\/uploads\/sites\/148\/2025\/03\/BLOCO-APP-ARTIGO-2-3.jpg","width":1080,"height":1080,"caption":"PicCollage"},{"@type":"BreadcrumbList","@id":"http:\/\/universofamilia.com\/hu\/aplicaciones-para-hacer-collages-de-fotos\/#breadcrumb","itemListElement":[{"@type":"ListItem","position":1,"name":"Home","item":"https:\/\/universofamilia.com\/el\/"},{"@type":"ListItem","position":2,"name":"Aplicaciones para Hacer Collages de Fotos"}]},{"@type":"WebSite","@id":"https:\/\/universofamilia.com\/el\/#website","url":"https:\/\/universofamilia.com\/el\/","name":"Universo Fam\u00edlia","description":"","potentialAction":[{"@type":"SearchAction","target":{"@type":"EntryPoint","urlTemplate":"https:\/\/universofamilia.com\/el\/?s={search_term_string}"},"query-input":"required name=search_term_string"}],"inLanguage":"cs"},{"@type":"Person","@id":"https:\/\/universofamilia.com\/el\/#\/schema\/person\/f07ce98187dd84d31154262e79b3b7ca","name":"Pedro Henrique","image":{"@type":"ImageObject","inLanguage":"cs","@id":"https:\/\/universofamilia.com\/el\/#\/schema\/person\/image\/","url":"http:\/\/0.gravatar.com\/avatar\/9edfeb808cb4e1599f64d6e45b130154?s=96&d=mm&r=g","contentUrl":"http:\/\/0.gravatar.com\/avatar\/9edfeb808cb4e1599f64d6e45b130154?s=96&d=mm&r=g","caption":"Pedro Henrique"},"url":"http:\/\/universofamilia.com\/cs\/author\/editor01\/"}]}},"_links":{"self":[{"href":"http:\/\/universofamilia.com\/cs\/wp-json\/wp\/v2\/posts\/8927"}],"collection":[{"href":"http:\/\/universofamilia.com\/cs\/wp-json\/wp\/v2\/posts"}],"about":[{"href":"http:\/\/universofamilia.com\/cs\/wp-json\/wp\/v2\/types\/post"}],"author":[{"embeddable":true,"href":"http:\/\/universofamilia.com\/cs\/wp-json\/wp\/v2\/users\/139"}],"replies":[{"embeddable":true,"href":"http:\/\/universofamilia.com\/cs\/wp-json\/wp\/v2\/comments?post=8927"}],"version-history":[{"count":1,"href":"http:\/\/universofamilia.com\/cs\/wp-json\/wp\/v2\/posts\/8927\/revisions"}],"predecessor-version":[{"id":8931,"href":"http:\/\/universofamilia.com\/cs\/wp-json\/wp\/v2\/posts\/8927\/revisions\/8931"}],"wp:featuredmedia":[{"embeddable":true,"href":"http:\/\/universofamilia.com\/cs\/wp-json\/wp\/v2\/media\/8930"}],"wp:attachment":[{"href":"http:\/\/universofamilia.com\/cs\/wp-json\/wp\/v2\/media?parent=8927"}],"wp:term":[{"taxonomy":"category","embeddable":true,"href":"http:\/\/universofamilia.com\/cs\/wp-json\/wp\/v2\/categories?post=8927"},{"taxonomy":"post_tag","embeddable":true,"href":"http:\/\/universofamilia.com\/cs\/wp-json\/wp\/v2\/tags?post=8927"}],"curies":[{"name":"wp","href":"https:\/\/api.w.org\/{rel}","templated":true}]}}