{"id":8995,"date":"2025-03-18T20:14:10","date_gmt":"2025-03-18T20:14:10","guid":{"rendered":"https:\/\/universofamilia.com\/?p=8995"},"modified":"2025-10-13T16:05:39","modified_gmt":"2025-10-13T19:05:39","slug":"descubre-quien-visualiza-tu-perfil-en-instagram-y-facebook","status":"publish","type":"post","link":"http:\/\/universofamilia.com\/cs\/descubre-quien-visualiza-tu-perfil-en-instagram-y-facebook\/","title":{"rendered":"Zjist\u011bte, kdo si prohl\u00ed\u017e\u00ed v\u00e1\u0161 profil na Instagramu a Facebooku"},"content":{"rendered":"<p>V dne\u0161n\u00edm digit\u00e1ln\u00edm sv\u011bt\u011b v\u00e1m znalost toho, kdo nav\u0161t\u011bvuje va\u0161e profily, m\u016f\u017ee pomoci \u010dinit informovan\u00e1 rozhodnut\u00ed o va\u0161\u00ed online p\u0159\u00edtomnosti.<\/p>\n\n\n\n<p>Pochopen\u00ed t\u011bchto dat m\u016f\u017ee b\u00fdt kl\u00ed\u010dov\u00e9 pro vylep\u0161en\u00ed va\u0161\u00ed strategie v oblasti soci\u00e1ln\u00edch m\u00e9di\u00ed.<\/p>\n\n\n\n<p>D\u00edky informac\u00edm o va\u0161ich n\u00e1v\u0161t\u011bvn\u00edc\u00edch m\u016f\u017eete upravovat sv\u00e9 p\u0159\u00edsp\u011bvky a zlep\u0161ovat zapojen\u00ed.<br>Technologie se vyv\u00edj\u00ed a dnes existuj\u00ed aplikace, kter\u00e9 nab\u00edzej\u00ed statistiky v re\u00e1ln\u00e9m \u010dase jednoduch\u00fdm zp\u016fsobem.<\/p>\n\n\n\n<p>Seznamte se s n\u00e1stroji, kter\u00e9 v\u00e1m pomohou odhalit n\u00e1v\u0161t\u011bvn\u00edky a spravovat va\u0161e soukrom\u00ed.<\/p>\n\n\n\n<p>V cel\u00e9m \u010dl\u00e1nku objev\u00edte tipy a praktick\u00e9 p\u0159\u00edklady, jak vylep\u0161it sv\u016fj z\u00e1\u017eitek z Instagramu a Facebooku.<\/p>\n\n\n\n<h2 class=\"wp-block-heading\">Pro\u010d je d\u016fle\u017eit\u00e9 zn\u00e1t sv\u00e9 n\u00e1v\u0161t\u011bvn\u00edky?<\/h2>\n\n\n\n<p>Viditelnost a anal\u00fdza va\u0161ich profil\u016f v\u00e1m p\u0159in\u00e1\u0161ej\u00ed \u0159adu v\u00fdhod.<br>Pochopen\u00ed toho, kdo interaguje s va\u0161\u00edm obsahem, v\u00e1m umo\u017e\u0148uje p\u0159izp\u016fsobit strategie a zv\u00fd\u0161it v\u00e1\u0161 dopad.<\/p>\n\n\n\n<ul>\n<li><strong>Optimalizace obsahu:<\/strong> V\u011bd\u011bt, kdo v\u00e1s nav\u0161t\u011bvuje, v\u00e1m pom\u016f\u017ee p\u0159izp\u016fsobit obsah z\u00e1jm\u016fm va\u0161eho publika.<\/li>\n\n\n\n<li><strong>Vylep\u0161en\u00e1 anga\u017eovanost:<\/strong> S p\u0159esn\u00fdmi daty m\u016f\u017eete p\u0159\u00edmo motivovat k interakc\u00edm.<\/li>\n\n\n\n<li><strong>Marketingov\u00e1 strategie:<\/strong> Znalost va\u0161ich n\u00e1v\u0161t\u011bvn\u00edk\u016f je nezbytn\u00e1 pro veden\u00ed efektivn\u00edch reklamn\u00edch kampan\u00ed.<\/li>\n\n\n\n<li><strong>Zabezpe\u010den\u00ed a soukrom\u00ed:<\/strong> Sledov\u00e1n\u00ed toho, kdo si prohl\u00ed\u017e\u00ed v\u00e1\u0161 profil, v\u00e1m umo\u017e\u0148uje odhalit potenci\u00e1ln\u00ed hrozby nebo ne\u017e\u00e1douc\u00ed p\u0159\u00edstup.<\/li>\n<\/ul>\n\n\n\n<h3 class=\"wp-block-heading\">Re\u00e1ln\u00e1 data a p\u0159\u00edklady<\/h3>\n\n\n\n<p>Ned\u00e1vn\u00e9 studie ukazuj\u00ed, \u017ee u\u017eivatel\u00e9, kte\u0159\u00ed znaj\u00ed sv\u00e9 statistiky, maj\u00ed o 35% v\u00edce interakc\u00ed se sv\u00fdmi p\u0159\u00edsp\u011bvky.<\/p>\n\n\n\n<p>Anal\u00fdza dat ze soci\u00e1ln\u00edch m\u00e9di\u00ed se nav\u00edc stala z\u00e1kladn\u00edm n\u00e1strojem pro podnikatele a osobn\u00ed zna\u010dky.<\/p>\n\n\n\n<p>Nap\u0159\u00edklad jeden influencer, kter\u00fd pou\u017e\u00edval aplikace k pochopen\u00ed sv\u00e9ho publika, dok\u00e1zal zv\u00fd\u0161it m\u00edru odezvy o 25%.<\/p>\n\n\n\n<p>Tento typ informac\u00ed n\u00e1m umo\u017e\u0148uje vylep\u0161it nejen obsah, ale i strategii komunikace na soci\u00e1ln\u00edch s\u00edt\u00edch.<\/p>\n\n\n\n<p><\/p>\n\n\n\n<hr class=\"wp-block-separator has-alpha-channel-opacity is-style-wide\" \/>\n\n\n\n<h5 class=\"wp-block-heading has-text-align-center\"><strong>\u010ct\u011bte tak\u00e9<\/strong><\/h5>\n\n\n    <section class=\"mx-1 my-10\">\n                                                <a href=\"http:\/\/universofamilia.com\/cs\/asijske-lp-filmy\/\" class=\"text-white\" data-analytics-label=\"optionsButton\"\n                    data-action=\"analytics#trackCTA\">\n                    <div data-options-target=\"option\"\n                        class=\"custom-section rounded-xl border p-3 shadow-md w-full bg-green-700 my-3\">\n                        <div class=\"flex w-full items-center justify-between\">\n                            <div class=\"flex items-center space-x-3\">\n                                <div class=\"text-lg font-bold\">\n                                    Aplikace pro sledov\u00e1n\u00ed korejsk\u00fdch dramat \u279d\n                                <\/div>\n                            <\/div>\n                        <\/div>\n                    <\/div>\n                <\/a>\n                                                            <a href=\"http:\/\/universofamilia.com\/cs\/lp-recuperar-fotos\/\" class=\"text-white\" data-analytics-label=\"optionsButton\"\n                    data-action=\"analytics#trackCTA\">\n                    <div data-options-target=\"option\"\n                        class=\"custom-section rounded-xl border p-3 shadow-md w-full bg-green-700 my-3\">\n                        <div class=\"flex w-full items-center justify-between\">\n                            <div class=\"flex items-center space-x-3\">\n                                <div class=\"text-lg font-bold\">\n                                    Obnovte smazan\u00e9 fotografie pomoc\u00ed t\u00e9to aplikace!  \u279d\n                                <\/div>\n                            <\/div>\n                        <\/div>\n                    <\/div>\n                <\/a>\n                                                            <a href=\"http:\/\/universofamilia.com\/cs\/el-amor-a-un-clic\/\" class=\"text-white\" data-analytics-label=\"optionsButton\"\n                    data-action=\"analytics#trackCTA\">\n                    <div data-options-target=\"option\"\n                        class=\"custom-section rounded-xl border p-3 shadow-md w-full bg-green-700 my-3\">\n                        <div class=\"flex w-full items-center justify-between\">\n                            <div class=\"flex items-center space-x-3\">\n                                <div class=\"text-lg font-bold\">\n                                    Objevte ide\u00e1ln\u00ed seznamovac\u00ed aplikaci pro v\u00e1s \u279d\n                                <\/div>\n                            <\/div>\n                        <\/div>\n                    <\/div>\n                <\/a>\n                            <p class=\"text-xs text-gray-500 text-right hidden\"\n            style=\"margin-left: 50%; margin-bottom: 50px; margin-top: 5px;\">\n            <!-- You will be redirected to another website -->\n        <\/p>\n    <\/section>\n\n\n\n\n<p class=\"has-text-align-right\"><em><strong><em><strong><em><strong><em><strong><em><strong>Z\u016fstane na stejn\u00e9m m\u00edst\u011b!<\/strong><\/em><\/strong><\/em><\/strong><\/em><\/strong><\/em><\/strong><\/em><\/p>\n\n\n\n<hr class=\"wp-block-separator has-alpha-channel-opacity is-style-wide\" \/>\n\n\n\n<p><\/p>\n\n\n\n<h2 class=\"wp-block-heading\">Jak funguj\u00ed aplikace pro vyhled\u00e1v\u00e1n\u00ed n\u00e1v\u0161t\u011bvn\u00edk\u016f<\/h2>\n\n\n\n<p>Doporu\u010den\u00e9 aplikace pou\u017e\u00edvaj\u00ed pokro\u010dil\u00e9 algoritmy, kter\u00e9 bezpe\u010dn\u011b shroma\u017e\u010fuj\u00ed data.<\/p>\n\n\n\n<p>Tyto n\u00e1stroje se integruj\u00ed s va\u0161imi profily na soci\u00e1ln\u00edch s\u00edt\u00edch a poskytuj\u00ed v\u00e1m podrobn\u00e9 anal\u00fdzy.<\/p>\n\n\n\n<h3 class=\"wp-block-heading\">Mechanismy sb\u011bru dat<\/h3>\n\n\n\n<p>Aplikace pou\u017e\u00edvaj\u00ed r\u016fzn\u00e9 metody k anonymn\u00edmu a bezpe\u010dn\u00e9mu sledov\u00e1n\u00ed n\u00e1v\u0161t\u011bvn\u00edk\u016f:<\/p>\n\n\n\n<ul>\n<li><strong>P\u0159ipojen\u00ed k API:<\/strong> Komunikuj\u00ed s API soci\u00e1ln\u00ed s\u00edt\u011b, aby z\u00edskaly statistiky, ani\u017e by ohrozily va\u0161e soukrom\u00ed.<\/li>\n\n\n\n<li><strong>Behavior\u00e1ln\u00ed anal\u00fdza:<\/strong> Pou\u017e\u00edvaj\u00ed algoritmy, kter\u00e9 identifikuj\u00ed vzorce chov\u00e1n\u00ed u\u017eivatel\u016f p\u0159i prohl\u00ed\u017een\u00ed.<\/li>\n\n\n\n<li><strong>Upozorn\u011bn\u00ed a ozn\u00e1men\u00ed:<\/strong> Informuj\u00ed v\u00e1s v re\u00e1ln\u00e9m \u010dase, kdy\u017e jsou zji\u0161t\u011bny neobvykl\u00e9 n\u00e1v\u0161t\u011bvy nebo n\u00e1v\u0161t\u011bvy z nezn\u00e1m\u00fdch profil\u016f.<\/li>\n\n\n\n<li><strong>U\u017eivatelsky p\u0159\u00edv\u011btiv\u00e9 rozhran\u00ed:<\/strong> Jsou navr\u017eeny tak, aby byly intuitivn\u00ed, a umo\u017e\u0148uj\u00ed je pou\u017e\u00edvat i netechnick\u00fdm u\u017eivatel\u016fm.<\/li>\n<\/ul>\n\n\n<div class=\"wp-block-image\">\n<figure class=\"aligncenter size-full\"><img loading=\"lazy\" decoding=\"async\" width=\"550\" height=\"350\" src=\"https:\/\/universofamilia.com\/wp-content\/uploads\/sites\/148\/2025\/03\/DESTAQUE-UNIVERSO-550-x-350-5.jpg\" alt=\"\" class=\"wp-image-8997\" srcset=\"http:\/\/universofamilia.com\/wp-content\/uploads\/sites\/148\/2025\/03\/DESTAQUE-UNIVERSO-550-x-350-5.jpg 550w, http:\/\/universofamilia.com\/wp-content\/uploads\/sites\/148\/2025\/03\/DESTAQUE-UNIVERSO-550-x-350-5-300x191.jpg 300w, http:\/\/universofamilia.com\/wp-content\/uploads\/sites\/148\/2025\/03\/DESTAQUE-UNIVERSO-550-x-350-5-18x12.jpg 18w\" sizes=\"(max-width: 550px) 100vw, 550px\" \/><\/figure><\/div>\n\n\n<h3 class=\"wp-block-heading\">V\u00fdhody pou\u017e\u00edv\u00e1n\u00ed t\u011bchto n\u00e1stroj\u016f<\/h3>\n\n\n\n<p>Pou\u017e\u00edv\u00e1n\u00ed specializovan\u00fdch aplikac\u00ed m\u00e1 \u0159adu v\u00fdhod, v\u010detn\u011b:<\/p>\n\n\n\n<ul>\n<li><strong>Data v re\u00e1ln\u00e9m \u010dase:<\/strong> Dost\u00e1vejte aktualizace p\u0159i ka\u017ed\u00e9 n\u00e1v\u0161t\u011bv\u011b va\u0161eho profilu.<\/li>\n\n\n\n<li><strong>Zjednodu\u0161en\u00e9 rozhran\u00ed:<\/strong> Navr\u017eeno pro usnadn\u011bn\u00ed anal\u00fdzy bez komplikac\u00ed.<\/li>\n\n\n\n<li><strong>Zaru\u010deno soukrom\u00ed:<\/strong> Funguj\u00ed podle bezpe\u010dnostn\u00edch protokol\u016f, kter\u00e9 chr\u00e1n\u00ed va\u0161e osobn\u00ed \u00fadaje.<\/li>\n\n\n\n<li><strong>Strategie na m\u00edru:<\/strong> Umo\u017e\u0148uj\u00ed v\u00e1m navrhovat marketingov\u00e9 kampan\u011b zalo\u017een\u00e9 na re\u00e1ln\u00fdch datech.<\/li>\n<\/ul>\n\n\n\n<h2 class=\"wp-block-heading\">Doporu\u010den\u00e9 aplikace pro objevov\u00e1n\u00ed va\u0161ich n\u00e1v\u0161t\u011bvn\u00edk\u016f<\/h2>\n\n\n\n<p>N\u00ed\u017ee p\u0159edstavujeme t\u0159i aplikace, kter\u00e9 byly vysoce hodnoceny pro svou efektivitu a snadnou pou\u017eitelnost. Ka\u017ed\u00e1 aplikace vynik\u00e1 jedine\u010dn\u00fdmi funkcemi, kter\u00e9 v\u00e1m pomohou l\u00e9pe porozum\u011bt va\u0161emu publiku.<\/p>\n\n\n\n<h3 class=\"wp-block-heading\">1. InstaTracker<\/h3>\n\n\n\n<p><strong>InstaTracker<\/strong> Je to aplikace ur\u010den\u00e1 pro u\u017eivatele Instagramu, kte\u0159\u00ed cht\u011bj\u00ed podrobn\u011b v\u011bd\u011bt, kdo nav\u0161t\u011bvuje jejich profil.<\/p>\n\n\n\n<p>Mezi jeho hlavn\u00ed vlastnosti pat\u0159\u00ed:<\/p>\n\n\n\n<ul>\n<li><strong>Statistiky v re\u00e1ln\u00e9m \u010dase:<\/strong> Z\u00edskejte okam\u017eit\u00e9 p\u0159ehledy o n\u00e1v\u0161t\u011bvn\u00edc\u00edch va\u0161eho \u00fa\u010dtu.<\/li>\n\n\n\n<li><strong>Intuitivn\u00ed rozhran\u00ed:<\/strong> Snadn\u00e9 pou\u017eit\u00ed, a to i pro netechnick\u00e9 lidi.<\/li>\n\n\n\n<li><strong>Zabezpe\u010den\u00ed a soukrom\u00ed:<\/strong> Spl\u0148uje vysok\u00e9 standardy ochrany osobn\u00edch \u00fadaj\u016f a zaji\u0161\u0165uje d\u016fv\u011brnost informac\u00ed.<\/li>\n\n\n\n<li><strong>Vlastn\u00ed upozorn\u011bn\u00ed:<\/strong> Nastavte si ozn\u00e1men\u00ed pro detekci neobvykl\u00fdch n\u00e1v\u0161t\u011bv nebo profil\u016f, kter\u00e9 v\u00e1s zaj\u00edmaj\u00ed.<\/li>\n<\/ul>\n\n\n\n<p>Tato aplikace je ide\u00e1ln\u00ed pro influencery, mal\u00e9 firmy a kohokoli, kdo chce vylep\u0161it svou p\u0159\u00edtomnost na Instagramu.<\/p>\n\n\n\n<p>InstaTracker v\u00e1m nav\u00edc umo\u017e\u0148uje porovn\u00e1vat v\u00fdkon r\u016fzn\u00fdch p\u0159\u00edsp\u011bvk\u016f, co\u017e v\u00e1m pom\u00e1h\u00e1 doladit va\u0161i obsahovou strategii.<\/p>\n\n\n\n<h3 class=\"wp-block-heading\">2. Kontrola obli\u010deje<\/h3>\n\n\n\n<p><strong>Kontrola obli\u010deje<\/strong> Je to perfektn\u00ed volba pro ty, kte\u0159\u00ed cht\u011bj\u00ed sledovat aktivitu na Facebooku.<br>Tato aplikace se zam\u011b\u0159uje na poskytov\u00e1n\u00ed podrobn\u00fdch \u00fadaj\u016f o tom, kdo interaguje s va\u0161\u00edm profilem a p\u0159\u00edsp\u011bvky.<br>Mezi jeho v\u00fdhody pat\u0159\u00ed:<\/p>\n\n\n\n<ul>\n<li><strong>Hloubkov\u00e1 anal\u00fdza n\u00e1v\u0161t\u011bv:<\/strong> Umo\u017e\u0148uje v\u00e1m zjistit, jak \u010dasto a jak \u010dasto va\u0161e p\u0159\u00edsp\u011bvky generuj\u00ed interakce.<\/li>\n\n\n\n<li><strong>Historie aktivit:<\/strong> Ve\u010fte si podrobn\u00e9 z\u00e1znamy o n\u00e1v\u0161t\u011bv\u00e1ch, abyste mohli analyzovat trendy v \u010dase.<\/li>\n\n\n\n<li><strong>Nastaven\u00ed upozorn\u011bn\u00ed:<\/strong> Upozorn\u011bn\u00ed v re\u00e1ln\u00e9m \u010dase, kter\u00e1 v\u00e1s informuj\u00ed o zm\u011bn\u00e1ch ve va\u0161\u00ed aktivit\u011b na profilu.<\/li>\n\n\n\n<li><strong>U\u017eivatelsky p\u0159\u00edv\u011btiv\u00fd design:<\/strong> Navr\u017eeno pro u\u017eivatele v\u0161ech v\u011bkov\u00fdch kategori\u00ed s jednoduch\u00fdm a p\u0159\u00edmo\u010dar\u00fdm rozhran\u00edm.<\/li>\n<\/ul>\n\n\n\n<p>FaceCheck vynik\u00e1 svou schopnost\u00ed poskytovat p\u0159esn\u00e9 informace, co\u017e z n\u011bj \u010din\u00ed nepostradateln\u00fd n\u00e1stroj pro u\u017eivatele, kte\u0159\u00ed cht\u011bj\u00ed optimalizovat svou strategii na Facebooku.<\/p>\n\n\n\n<h3 class=\"wp-block-heading\">3. SocialViewer<\/h3>\n\n\n\n<p><strong>SocialViewer<\/strong> Je to v\u0161estrann\u00e1 aplikace, kter\u00e1 umo\u017e\u0148uje sledovat Instagram i Facebook.<\/p>\n\n\n\n<p>Tento n\u00e1stroj kombinuje to nejlep\u0161\u00ed z obou sv\u011bt\u016f a nab\u00edz\u00ed komplexn\u00ed statistiky o va\u0161ich profilech.<\/p>\n\n\n\n<p>Jeho hlavn\u00ed funkce jsou:<\/p>\n\n\n\n<ul>\n<li><strong>Sjednocen\u00fd \u0159\u00eddic\u00ed panel:<\/strong> Zobrazte si v\u0161echny relevantn\u00ed metriky soci\u00e1ln\u00edch m\u00e9di\u00ed na jednom m\u00edst\u011b.<\/li>\n\n\n\n<li><strong>Porovn\u00e1n\u00ed dat:<\/strong> Analyzujte a porovn\u00e1vejte aktivitu na Instagramu a Facebooku a odhalte spole\u010dn\u00e9 vzorce.<\/li>\n\n\n\n<li><strong>Podrobn\u00e9 zpr\u00e1vy:<\/strong> Generujte reporty, kter\u00e9 v\u00e1m pomohou l\u00e9pe porozum\u011bt chov\u00e1n\u00ed va\u0161ich sleduj\u00edc\u00edch.<\/li>\n\n\n\n<li><strong>Snadn\u00e1 integrace:<\/strong> Bezpe\u010dn\u011b se p\u0159ipojuje k ob\u011bma s\u00edt\u00edm, ani\u017e by to ohrozilo soukrom\u00ed va\u0161ich dat.<\/li>\n<\/ul>\n\n\n\n<p>SocialViewer je obzvl\u00e1\u0161t\u011b u\u017eite\u010dn\u00fd pro podnikatele a brand mana\u017eery, kte\u0159\u00ed spravuj\u00ed v\u00edce profil\u016f na soci\u00e1ln\u00edch s\u00edt\u00edch.<\/p>\n\n\n\n<p>Tato aplikace v\u00e1m umo\u017e\u0148uje \u010dinit rozhodnut\u00ed na z\u00e1klad\u011b dat a zlep\u0161ovat efektivitu va\u0161ich digit\u00e1ln\u00edch kampan\u00ed.<\/p>\n\n\n\n<h2 class=\"wp-block-heading\">V\u00fdhody pozn\u00e1v\u00e1n\u00ed n\u00e1v\u0161t\u011bvn\u00edk\u016f na soci\u00e1ln\u00edch s\u00edt\u00edch<\/h2>\n\n\n\n<p>Pochopen\u00ed toho, kdo nav\u0161t\u011bvuje v\u00e1\u0161 profil, jde nad r\u00e1mec pouh\u00e9 zv\u011bdavosti.<\/p>\n\n\n\n<p>Znalost va\u0161ich n\u00e1v\u0161t\u011bvn\u00edk\u016f nab\u00edz\u00ed \u0159adu v\u00fdhod, kter\u00e9 mohou transformovat va\u0161i digit\u00e1ln\u00ed prezentaci.<\/p>\n\n\n\n<h3 class=\"wp-block-heading\">Zvy\u0161te interakci a zapojen\u00ed<\/h3>\n\n\n\n<p>P\u0159esn\u00e9 \u00fadaje o va\u0161ich n\u00e1v\u0161t\u011bvn\u00edc\u00edch v\u00e1m umo\u017e\u0148uj\u00ed:<\/p>\n\n\n\n<ul>\n<li><strong>P\u0159izp\u016fsobte si obsah:<\/strong> P\u0159izp\u016fsobte sv\u00e9 p\u0159\u00edsp\u011bvky z\u00e1jm\u016fm a chov\u00e1n\u00ed sv\u00e9ho publika.<\/li>\n\n\n\n<li><strong>Povzbu\u010fte k \u00fa\u010dasti:<\/strong> Vytv\u00e1\u0159ejte interaktivn\u00ed obsah, kter\u00fd vyzve va\u0161e sleduj\u00edc\u00ed k aktivn\u00ed \u00fa\u010dasti.<\/li>\n\n\n\n<li><strong>Detekce trend\u016f:<\/strong> Sledujte vzorce, kter\u00e9 nazna\u010duj\u00ed, jak\u00fd typ obsahu generuje nejv\u011bt\u0161\u00ed z\u00e1jem.<\/li>\n<\/ul>\n\n\n\n<h3 class=\"wp-block-heading\">Zlep\u0161uje rozhodov\u00e1n\u00ed<\/h3>\n\n\n\n<p>Informace o va\u0161ich n\u00e1v\u0161t\u011bvn\u00edc\u00edch v\u00e1m usnadn\u00ed:<\/p>\n\n\n\n<ul>\n<li><strong>\u00daprava strategie:<\/strong> Umo\u017e\u0148uje v\u00e1m upravit v\u00e1\u0161 p\u0159\u00edstup k obsahu na z\u00e1klad\u011b re\u00e1ln\u00fdch dat.<\/li>\n\n\n\n<li><strong>Optimalizace kampan\u011b:<\/strong> Zam\u011b\u0159te sv\u00e9 marketingov\u00e9 \u00fasil\u00ed na segmenty publika, na kter\u00fdch skute\u010dn\u011b z\u00e1le\u017e\u00ed.<\/li>\n\n\n\n<li><strong>Neust\u00e1l\u00e9 sledov\u00e1n\u00ed:<\/strong> Sledujte aktivitu na sv\u00fdch profilech v re\u00e1ln\u00e9m \u010dase, abyste mohli okam\u017eit\u011b reagovat.<\/li>\n<\/ul>\n\n\n\n<h3 class=\"wp-block-heading\">Zabezpe\u010den\u00ed a kontrola soukrom\u00ed<\/h3>\n\n\n\n<p>V\u011bd\u011bt, kdo nav\u0161t\u011bvuje v\u00e1\u0161 profil, v\u00e1m pom\u016f\u017ee sledovat va\u0161e osobn\u00ed \u00fadaje.<\/p>\n\n\n\n<p>M\u016f\u017eete identifikovat podez\u0159el\u00e9 vzorce nebo neopr\u00e1vn\u011bn\u00fd p\u0159\u00edstup a podle toho jednat.<\/p>\n\n\n\n<ul>\n<li><strong>Ochrana proti podvod\u016fm:<\/strong> Detekuje \u00fa\u010dty nebo u\u017eivatele, kte\u0159\u00ed mohou m\u00edt zl\u00e9 \u00famysly.<\/li>\n\n\n\n<li><strong>Udr\u017eov\u00e1n\u00ed reputace:<\/strong> Zabra\u0148te tomu, aby byly pochybn\u00e9 profily spojov\u00e1ny s va\u0161\u00edm obr\u00e1zkem na soci\u00e1ln\u00edch s\u00edt\u00edch.<\/li>\n\n\n\n<li><strong>\u0158\u00edzen\u00ed p\u0159\u00edstupu:<\/strong> Upravte nastaven\u00ed soukrom\u00ed, abyste omezili ne\u017e\u00e1douc\u00ed n\u00e1v\u0161t\u011bvy.<\/li>\n<\/ul>\n\n\n\n<h2 class=\"wp-block-heading\">Tipy pro maximalizaci zabezpe\u010den\u00ed va\u0161ich profil\u016f<\/h2>\n\n\n\n<p>Krom\u011b pochopen\u00ed va\u0161ich n\u00e1v\u0161t\u011bvn\u00edk\u016f je nezbytn\u00e9, abyste podnikli kroky k ochran\u011b sv\u00e9ho soukrom\u00ed na soci\u00e1ln\u00edch s\u00edt\u00edch.<\/p>\n\n\n\n<p>Zde je n\u011bkolik praktick\u00fdch tip\u016f:<\/p>\n\n\n\n<ul>\n<li><strong>Nastaven\u00ed soukrom\u00ed:<\/strong> Zkontrolujte a upravte nastaven\u00ed soukrom\u00ed na Instagramu a Facebooku, abyste omezili, kdo m\u016f\u017ee v\u00e1\u0161 obsah vid\u011bt.<\/li>\n\n\n\n<li><strong>Pou\u017e\u00edvejte siln\u00e1 hesla:<\/strong> Pravideln\u011b m\u011b\u0148te hesla a pou\u017e\u00edvejte kombinace p\u00edsmen, \u010d\u00edslic a symbol\u016f.<\/li>\n\n\n\n<li><strong>Udr\u017eujte sv\u00e9 aplikace aktu\u00e1ln\u00ed:<\/strong> Ujist\u011bte se, \u017ee m\u00e1te v\u017edy aktu\u00e1ln\u00ed aplikace pro soci\u00e1ln\u00ed m\u00e9dia i monitorovac\u00ed aplikace.<\/li>\n\n\n\n<li><strong>Aktivujte dvouf\u00e1zov\u00e9 ov\u011b\u0159ov\u00e1n\u00ed:<\/strong> To p\u0159id\u00e1v\u00e1 va\u0161im \u00fa\u010dt\u016fm dal\u0161\u00ed vrstvu zabezpe\u010den\u00ed.<\/li>\n\n\n\n<li><strong>Zkontrolujte opr\u00e1vn\u011bn\u00ed aplikace:<\/strong> Zkontrolujte, jak\u00e1 data aplikace sd\u00edlej\u00ed s t\u0159et\u00edmi stranami, a deaktivujte nepodstatn\u00e1 data.<\/li>\n<\/ul>\n\n\n\n<h3 class=\"wp-block-heading\">P\u0159\u00edklady osv\u011bd\u010den\u00fdch postup\u016f<\/h3>\n\n\n\n<ul>\n<li>U\u017eivatel FaceChecku zaznamenal n\u011bkolik n\u00e1v\u0161t\u011bv z nezn\u00e1m\u00fdch profil\u016f a po \u00faprav\u011b nastaven\u00ed v\u00fdrazn\u011b vylep\u0161il zabezpe\u010den\u00ed sv\u00e9ho \u00fa\u010dtu.<\/li>\n\n\n\n<li>Dal\u0161\u00ed p\u0159\u00edpad se t\u00fdkal influencery, kter\u00e1 pomoc\u00ed InstaTrackeru identifikovala a zablokovala podez\u0159el\u00e9 \u00fa\u010dty, \u010d\u00edm\u017e zv\u00fd\u0161ila kvalitu sv\u00e9 digit\u00e1ln\u00ed komunity.<\/li>\n<\/ul>\n\n\n\n<h2 class=\"wp-block-heading\">Strategie, jak p\u0159esv\u011bd\u010dit u\u017eivatele ke sta\u017een\u00ed t\u011bchto aplikac\u00ed<\/h2>\n\n\n\n<p>C\u00edlem tohoto \u010dl\u00e1nku je v\u00e1s vzd\u011bl\u00e1vat, pobavit a p\u0159edev\u0161\u00edm p\u0159esv\u011bd\u010dit ke sta\u017een\u00ed t\u011bchto n\u00e1stroj\u016f, kter\u00e9 optimalizuj\u00ed v\u00e1\u0161 z\u00e1\u017eitek ze soci\u00e1ln\u00edch m\u00e9di\u00ed.<\/p>\n\n\n\n<p>Zde je n\u011bkolik kl\u00ed\u010dov\u00fdch bod\u016f, kter\u00e9 v\u00e1s p\u0159esv\u011bd\u010d\u00ed:<\/p>\n\n\n\n<ul>\n<li><strong>Prok\u00e1zan\u00e1 \u00fa\u010dinnost:<\/strong> V\u00fd\u0161e uveden\u00e9 aplikace pomohly tis\u00edc\u016fm u\u017eivatel\u016f l\u00e9pe porozum\u011bt jejich publiku.<\/li>\n\n\n\n<li><strong>U\u017eivatelsky p\u0159\u00edv\u011btiv\u00e9 rozhran\u00ed:<\/strong> Navr\u017eeno pro pou\u017eit\u00ed lidmi v\u0161ech v\u011bkov\u00fdch kategori\u00ed bez komplikac\u00ed.<\/li>\n\n\n\n<li><strong>Hmatateln\u00e9 v\u00fdhody:<\/strong> S p\u0159esn\u00fdmi daty m\u016f\u017eete vylep\u0161it sv\u00e9 obsahov\u00e9 strategie a zv\u00fd\u0161it zapojen\u00ed.<\/li>\n\n\n\n<li><strong>Neust\u00e1l\u00e1 podpora a aktualizace:<\/strong> V\u00fdvoj\u00e1\u0159i t\u011bchto aplikac\u00ed se zav\u00e1zali k neust\u00e1l\u00e9mu zlep\u0161ov\u00e1n\u00ed a zabezpe\u010den\u00ed dat.<\/li>\n\n\n\n<li><strong>Snadn\u00e1 instalace:<\/strong> Stahov\u00e1n\u00ed a integrace se soci\u00e1ln\u00edmi s\u00edt\u011bmi je rychl\u00e9 a bezprobl\u00e9mov\u00e9.<\/li>\n<\/ul>\n\n\n\n<h3 class=\"wp-block-heading\">Komparativn\u00ed v\u00fdhody doporu\u010den\u00fdch aplikac\u00ed<\/h3>\n\n\n\n<p>Ka\u017ed\u00e1 aplikace m\u00e1 sv\u00e9 siln\u00e9 str\u00e1nky, tak\u017ee si m\u016f\u017eete vybrat tu, kter\u00e1 nejl\u00e9pe vyhovuje va\u0161im pot\u0159eb\u00e1m:<\/p>\n\n\n\n<ul>\n<li><strong>InstaTracker:<\/strong>\n<ul>\n<li>Exkluzivn\u00ed zam\u011b\u0159en\u00ed na Instagram.<\/li>\n\n\n\n<li>Vizu\u00e1ln\u00ed a snadno interpretovateln\u00e9 reporty.<\/li>\n\n\n\n<li>Funkce upozorn\u011bn\u00ed a ozn\u00e1men\u00ed v re\u00e1ln\u00e9m \u010dase.<\/li>\n<\/ul>\n<\/li>\n\n\n\n<li><strong>Kontrola obli\u010deje:<\/strong>\n<ul>\n<li>Specializuje se na anal\u00fdzu Facebooku.<\/li>\n\n\n\n<li>Podrobn\u00e1 historie aktivit.<\/li>\n\n\n\n<li>Rozhran\u00ed optimalizovan\u00e9 pro star\u0161\u00ed u\u017eivatele.<\/li>\n<\/ul>\n<\/li>\n\n\n\n<li><strong>SocialViewer:<\/strong>\n<ul>\n<li>Komplexn\u00ed \u0159e\u0161en\u00ed pro v\u00edce soci\u00e1ln\u00edch s\u00edt\u00ed.<\/li>\n\n\n\n<li>Porovn\u00e1n\u00ed dat mezi platformami.<\/li>\n\n\n\n<li>Ide\u00e1ln\u00ed pro spr\u00e1vu profil\u016f zna\u010dek a firem.<\/li>\n<\/ul>\n<\/li>\n<\/ul>\n\n\n\n<p>Tyto body v\u00e1m pomohou informovan\u011b se rozhodnout a vybrat si aplikaci, kter\u00e1 nejl\u00e9pe vyhovuje va\u0161emu profilu a pot\u0159eb\u00e1m.<\/p>\n\n\n\n<h2 class=\"wp-block-heading\">Jak tyto aplikace nainstalovat a pou\u017e\u00edvat<\/h2>\n\n\n\n<p>Tyto n\u00e1stroje se snadno instaluj\u00ed a jsou navr\u017eeny tak, aby s nimi mohl snadno za\u010d\u00edt kdokoli.<br>N\u00ed\u017ee vysv\u011btlujeme postup krok za krokem.<\/p>\n\n\n\n<h3 class=\"wp-block-heading\">Kroky instalace<\/h3>\n\n\n\n<ol>\n<li><strong>St\u00e1hnout z ofici\u00e1ln\u00edho obchodu:<\/strong><br>Nav\u0161tivte Google Play nebo App Store a vyhledejte n\u00e1zev aplikace (nap\u0159. InstaTracker).<\/li>\n\n\n\n<li><strong>Nainstalujte si aplikaci:<\/strong><br>Postupujte podle pokyn\u016f k instalaci aplikace do mobiln\u00edho za\u0159\u00edzen\u00ed.<\/li>\n\n\n\n<li><strong>Nastavte si \u00fa\u010det:<\/strong><br>Propojte sv\u00e9 profily na Instagramu a\/nebo Facebooku pomoc\u00ed pr\u016fvodce nastaven\u00edm.<\/li>\n\n\n\n<li><strong>Zapnout ozn\u00e1men\u00ed:<\/strong><br>Umo\u017e\u0148uje aplikaci zas\u00edlat v\u00e1m upozorn\u011bn\u00ed v re\u00e1ln\u00e9m \u010dase o aktivit\u011b na va\u0161em profilu.<\/li>\n\n\n\n<li><strong>P\u0159izp\u016fsobte si z\u00e1\u017eitek:<\/strong><br>Upravte si nastaven\u00ed a preference soukrom\u00ed podle sv\u00fdch pot\u0159eb.<\/li>\n<\/ol>\n\n\n\n<h3 class=\"wp-block-heading\">Tipy, jak z aplikace vyt\u011b\u017eit maximum<\/h3>\n\n\n\n<ul>\n<li><strong>Pod\u00edvejte se na intern\u00ed tutori\u00e1ly:<\/strong><br>Mnoho aplikac\u00ed obsahuje pr\u016fvodce a tutori\u00e1ly, kter\u00e9 v\u00e1m pomohou objevit v\u0161echny jejich funkce.<\/li>\n\n\n\n<li><strong>Zapojte se do f\u00f3r a komunit:<\/strong><br>P\u0159ipojte se k u\u017eivatelsk\u00fdm skupin\u00e1m a sd\u00edlejte zku\u0161enosti a tipy k pou\u017e\u00edv\u00e1n\u00ed aplikace.<\/li>\n\n\n\n<li><strong>Pravideln\u011b aktualizov\u00e1no:<\/strong><br>Aktualizace zlep\u0161uj\u00ed zabezpe\u010den\u00ed a p\u0159id\u00e1vaj\u00ed nov\u00e9 funkce, proto je nezbytn\u00e9 udr\u017eovat aplikaci aktu\u00e1ln\u00ed.<\/li>\n\n\n\n<li><strong>Experimentujte s pokro\u010dil\u00fdmi funkcemi:<\/strong><br>Prozkoumejte podrobn\u00e9 mo\u017enosti anal\u00fdzy a p\u0159izp\u016fsobte si reporty podle sv\u00fdch preferenc\u00ed.<\/li>\n<\/ul>\n\n\n\n<h2 class=\"wp-block-heading\">P\u0159\u00edb\u011bhy \u00fasp\u011bchu a u\u017eivatelsk\u00e9 reference<\/h2>\n\n\n\n<p>Nic nep\u0159esv\u011bd\u010d\u00ed v\u00edce ne\u017e skute\u010dn\u00e9 zku\u0161enosti ostatn\u00edch u\u017eivatel\u016f.<\/p>\n\n\n\n<p>Zde se s v\u00e1mi pod\u011bl\u00edme o n\u011bkolik referenc\u00ed od lid\u00ed, kte\u0159\u00ed pomoc\u00ed t\u011bchto aplikac\u00ed transformovali svou strategii pro soci\u00e1ln\u00ed m\u00e9dia:<\/p>\n\n\n\n<ul>\n<li><strong>Mar\u00eda G. (influencerka):<\/strong><br>\u201eOd doby, co jsem si nainstaloval InstaTracker, jsem u sv\u00fdch sleduj\u00edc\u00edch identifikoval vzorce, kter\u00e9 mi umo\u017enily doladit m\u016fj obsah. Moje anga\u017eovanost se v\u00fdrazn\u011b zv\u00fd\u0161ila!\u201c<\/li>\n\n\n\n<li><strong>Jorge L. (mal\u00fd podnikatel):<\/strong><br>\u201eFaceCheck mi pomohl odhalit neobvykl\u00e9 n\u00e1v\u0161t\u011bvy a pos\u00edlit zabezpe\u010den\u00ed m\u00e9ho facebookov\u00e9ho \u00fa\u010dtu. Nyn\u00ed m\u00e1m v\u011bt\u0161\u00ed kontrolu nad sv\u00fdm soukrom\u00edm.\u201c<\/li>\n\n\n\n<li><strong>Alejandra R. (mana\u017eerka komunity):<\/strong><br>\u201eSe SocialViewerem mohu sledovat dv\u011b soci\u00e1ln\u00ed s\u00edt\u011b na jedn\u00e9 platform\u011b. Z\u00edskan\u00e9 informace mi umo\u017e\u0148uj\u00ed pl\u00e1novat efektivn\u011bj\u0161\u00ed a c\u00edlen\u011bj\u0161\u00ed kampan\u011b.\u201c<\/li>\n<\/ul>\n\n\n\n<p>Tyto p\u0159\u00edpady ukazuj\u00ed, \u017ee znalost\u00ed toho, kdo si prohl\u00ed\u017e\u00ed v\u00e1\u0161 profil, m\u016f\u017eete v\u00fdrazn\u011b vylep\u0161it svou strategii a zv\u00fd\u0161it dosah sv\u00fdch p\u0159\u00edsp\u011bvk\u016f.<\/p>\n\n\n\n<h2 class=\"wp-block-heading\">Za\u010dn\u011bte svou cestu hned te\u010f<\/h2>\n\n\n\n<p>Digit\u00e1ln\u00ed sv\u011bt v\u00e1m nab\u00edz\u00ed v\u00fdkonn\u00e9 n\u00e1stroje pro lep\u0161\u00ed pochopen\u00ed va\u0161eho publika.<\/p>\n\n\n\n<p>Ne\u010dekejte d\u00e9le a prom\u011b\u0148te sv\u016fj z\u00e1\u017eitek z Instagramu a Facebooku.<\/p>\n\n\n\n<p>Sta\u017een\u00ed a pou\u017e\u00edv\u00e1n\u00ed aplikac\u00ed jako InstaTracker, FaceCheck a SocialViewer je prvn\u00edm krokem k optimalizaci va\u0161\u00ed online p\u0159\u00edtomnosti.<\/p>\n\n\n\n<p>Vyu\u017eijte ka\u017edou funkci, p\u0159izp\u016fsobte si sv\u016fj z\u00e1\u017eitek a sta\u0148te se mistrem sv\u00e9 digit\u00e1ln\u00ed strategie.<\/p>\n\n\n\n<p><strong>Za\u010dn\u011bte je\u0161t\u011b dnes:<\/strong><\/p>\n\n\n\n<ul>\n<li>St\u00e1hn\u011bte si aplikaci, kter\u00e1 nejl\u00e9pe vyhovuje va\u0161im pot\u0159eb\u00e1m.<\/li>\n\n\n\n<li>Nastavte si profil a zapn\u011bte ozn\u00e1men\u00ed, abyste dost\u00e1vali upozorn\u011bn\u00ed v re\u00e1ln\u00e9m \u010dase.<\/li>\n\n\n\n<li>Experimentujte s analytick\u00fdmi n\u00e1stroji a objevte nov\u00e9 p\u0159\u00edle\u017eitosti k r\u016fstu.<\/li>\n<\/ul>\n\n\n\n<p>Nezapome\u0148te, \u017ee znalost va\u0161ich n\u00e1v\u0161t\u011bvn\u00edk\u016f je kl\u00ed\u010dem k vybudov\u00e1n\u00ed siln\u00e9 a anga\u017eovan\u00e9 komunity.<\/p>\n\n\n\n<p>Za\u010dn\u011bte svou cestu hned te\u010f a posu\u0148te svou strategii pro soci\u00e1ln\u00ed m\u00e9dia na dal\u0161\u00ed \u00farove\u0148.<\/p>\n\n\n\n<h3 class=\"wp-block-heading\"><mark class=\"has-inline-color has-luminous-vivid-amber-color\"><strong>St\u00e1hn\u011bte si aplikace<\/strong>.<\/mark><\/h3>\n\n\n\n<ul>\n<li class=\"has-medium-font-size\"><strong>InstaTracker \u2013 <a href=\"https:\/\/apps.apple.com\/br\/app\/instrack-for-instagram\/id558512661\">iOS<\/a><\/strong><\/li>\n\n\n\n<li class=\"has-medium-font-size\"><strong>Kontrola obli\u010deje \u2013 <a href=\"https:\/\/facecheck-id.en.uptodown.com\/android\">Android <\/a><\/strong><\/li>\n\n\n\n<li class=\"has-medium-font-size\"><strong>SocialViewer \u2013 <a href=\"https:\/\/apps.apple.com\/br\/app\/social-spy\/id1107522062\">iOS<\/a><\/strong><\/li>\n<\/ul>","protected":false},"excerpt":{"rendered":"<p>V dne\u0161n\u00edm digit\u00e1ln\u00edm sv\u011bt\u011b v\u00e1m znalost n\u00e1v\u0161t\u011bvn\u00edk\u016f va\u0161ich profil\u016f m\u016f\u017ee pomoci \u010dinit informovan\u00e1 rozhodnut\u00ed o va\u0161\u00ed online prezentaci. Pochopen\u00ed t\u011bchto dat m\u016f\u017ee b\u00fdt kl\u00ed\u010dem k pos\u00edlen\u00ed va\u0161\u00ed strategie pro soci\u00e1ln\u00ed m\u00e9dia. Informace o va\u0161ich n\u00e1v\u0161t\u011bvn\u00edc\u00edch v\u00e1m umo\u017e\u0148uj\u00ed upravovat va\u0161e p\u0159\u00edsp\u011bvky a zlep\u0161ovat zapojen\u00ed. Technologie se neust\u00e1le vyv\u00edjej\u00ed a dnes [\u2026]<\/p>","protected":false},"author":139,"featured_media":8997,"comment_status":"closed","ping_status":"open","sticky":false,"template":"","format":"standard","meta":{"footnotes":""},"categories":[2],"tags":[2045,2055,2053,2056,2054],"yoast_head":"<!-- This site is optimized with the Yoast SEO plugin v23.3 - https:\/\/yoast.com\/wordpress\/plugins\/seo\/ -->\n<title>Descubre qui\u00e9n visualiza tu perfil en Instagram y Facebook - Universo Fam\u00edlia<\/title>\n<meta name=\"description\" content=\"Descubre qui\u00e9n visualiza tu perfil en Instagram y Facebook. En el mundo digital actual, saber qui\u00e9n visita tus perfiles puede ayudarte...\" \/>\n<meta name=\"robots\" content=\"index, follow, max-snippet:-1, max-image-preview:large, max-video-preview:-1\" \/>\n<link rel=\"canonical\" href=\"https:\/\/universofamilia.com\/cs\/descubre-quien-visualiza-tu-perfil-en-instagram-y-facebook\/\" \/>\n<meta property=\"og:locale\" content=\"cs_CZ\" \/>\n<meta property=\"og:type\" content=\"article\" \/>\n<meta property=\"og:title\" content=\"Descubre qui\u00e9n visualiza tu perfil en Instagram y Facebook - Universo Fam\u00edlia\" \/>\n<meta property=\"og:description\" content=\"Descubre qui\u00e9n visualiza tu perfil en Instagram y Facebook. En el mundo digital actual, saber qui\u00e9n visita tus perfiles puede ayudarte...\" \/>\n<meta property=\"og:url\" content=\"https:\/\/universofamilia.com\/cs\/descubre-quien-visualiza-tu-perfil-en-instagram-y-facebook\/\" \/>\n<meta property=\"og:site_name\" content=\"Universo Fam\u00edlia\" \/>\n<meta property=\"article:published_time\" content=\"2025-03-18T20:14:10+00:00\" \/>\n<meta property=\"article:modified_time\" content=\"2025-10-13T19:05:39+00:00\" \/>\n<meta property=\"og:image\" content=\"https:\/\/universofamilia.com\/wp-content\/uploads\/sites\/148\/2025\/03\/DESTAQUE-UNIVERSO-550-x-350-5.jpg\" \/>\n\t<meta property=\"og:image:width\" content=\"550\" \/>\n\t<meta property=\"og:image:height\" content=\"350\" \/>\n\t<meta property=\"og:image:type\" content=\"image\/jpeg\" \/>\n<meta name=\"author\" content=\"Pedro Henrique\" \/>\n<meta name=\"twitter:card\" content=\"summary_large_image\" \/>\n<meta name=\"twitter:label1\" content=\"Written by\" \/>\n\t<meta name=\"twitter:data1\" content=\"Pedro Henrique\" \/>\n\t<meta name=\"twitter:label2\" content=\"Est. reading time\" \/>\n\t<meta name=\"twitter:data2\" content=\"12 minut\" \/>\n<script type=\"application\/ld+json\" class=\"yoast-schema-graph\">{\"@context\":\"https:\/\/schema.org\",\"@graph\":[{\"@type\":\"WebPage\",\"@id\":\"https:\/\/universofamilia.com\/ar\/descubre-quien-visualiza-tu-perfil-en-instagram-y-facebook\/\",\"url\":\"https:\/\/universofamilia.com\/ar\/descubre-quien-visualiza-tu-perfil-en-instagram-y-facebook\/\",\"name\":\"Descubre qui\u00e9n visualiza tu perfil en Instagram y Facebook - Universo Fam\u00edlia\",\"isPartOf\":{\"@id\":\"https:\/\/universofamilia.com\/el\/#website\"},\"primaryImageOfPage\":{\"@id\":\"https:\/\/universofamilia.com\/ar\/descubre-quien-visualiza-tu-perfil-en-instagram-y-facebook\/#primaryimage\"},\"image\":{\"@id\":\"https:\/\/universofamilia.com\/ar\/descubre-quien-visualiza-tu-perfil-en-instagram-y-facebook\/#primaryimage\"},\"thumbnailUrl\":\"http:\/\/universofamilia.com\/wp-content\/uploads\/sites\/148\/2025\/03\/DESTAQUE-UNIVERSO-550-x-350-5.jpg\",\"datePublished\":\"2025-03-18T20:14:10+00:00\",\"dateModified\":\"2025-10-13T19:05:39+00:00\",\"author\":{\"@id\":\"https:\/\/universofamilia.com\/el\/#\/schema\/person\/f07ce98187dd84d31154262e79b3b7ca\"},\"description\":\"Descubre qui\u00e9n visualiza tu perfil en Instagram y Facebook. En el mundo digital actual, saber qui\u00e9n visita tus perfiles puede ayudarte...\",\"breadcrumb\":{\"@id\":\"https:\/\/universofamilia.com\/ar\/descubre-quien-visualiza-tu-perfil-en-instagram-y-facebook\/#breadcrumb\"},\"inLanguage\":\"cs\",\"potentialAction\":[{\"@type\":\"ReadAction\",\"target\":[\"https:\/\/universofamilia.com\/ar\/descubre-quien-visualiza-tu-perfil-en-instagram-y-facebook\/\"]}]},{\"@type\":\"ImageObject\",\"inLanguage\":\"cs\",\"@id\":\"https:\/\/universofamilia.com\/ar\/descubre-quien-visualiza-tu-perfil-en-instagram-y-facebook\/#primaryimage\",\"url\":\"http:\/\/universofamilia.com\/wp-content\/uploads\/sites\/148\/2025\/03\/DESTAQUE-UNIVERSO-550-x-350-5.jpg\",\"contentUrl\":\"http:\/\/universofamilia.com\/wp-content\/uploads\/sites\/148\/2025\/03\/DESTAQUE-UNIVERSO-550-x-350-5.jpg\",\"width\":550,\"height\":350,\"caption\":\"Descubre qui\u00e9n visualiza tu perfil en Instagram y Facebook\"},{\"@type\":\"BreadcrumbList\",\"@id\":\"https:\/\/universofamilia.com\/ar\/descubre-quien-visualiza-tu-perfil-en-instagram-y-facebook\/#breadcrumb\",\"itemListElement\":[{\"@type\":\"ListItem\",\"position\":1,\"name\":\"Home\",\"item\":\"https:\/\/universofamilia.com\/el\/\"},{\"@type\":\"ListItem\",\"position\":2,\"name\":\"Descubre qui\u00e9n visualiza tu perfil en Instagram y Facebook\"}]},{\"@type\":\"WebSite\",\"@id\":\"https:\/\/universofamilia.com\/el\/#website\",\"url\":\"https:\/\/universofamilia.com\/el\/\",\"name\":\"Universo Fam\u00edlia\",\"description\":\"\",\"potentialAction\":[{\"@type\":\"SearchAction\",\"target\":{\"@type\":\"EntryPoint\",\"urlTemplate\":\"https:\/\/universofamilia.com\/el\/?s={search_term_string}\"},\"query-input\":\"required name=search_term_string\"}],\"inLanguage\":\"cs\"},{\"@type\":\"Person\",\"@id\":\"https:\/\/universofamilia.com\/el\/#\/schema\/person\/f07ce98187dd84d31154262e79b3b7ca\",\"name\":\"Pedro Henrique\",\"image\":{\"@type\":\"ImageObject\",\"inLanguage\":\"cs\",\"@id\":\"https:\/\/universofamilia.com\/el\/#\/schema\/person\/image\/\",\"url\":\"http:\/\/0.gravatar.com\/avatar\/9edfeb808cb4e1599f64d6e45b130154?s=96&d=mm&r=g\",\"contentUrl\":\"http:\/\/0.gravatar.com\/avatar\/9edfeb808cb4e1599f64d6e45b130154?s=96&d=mm&r=g\",\"caption\":\"Pedro Henrique\"},\"url\":\"http:\/\/universofamilia.com\/cs\/author\/editor01\/\"}]}<\/script>\n<!-- \/ Yoast SEO plugin. -->","yoast_head_json":{"title":"Descubre qui\u00e9n visualiza tu perfil en Instagram y Facebook - Universo Fam\u00edlia","description":"Descubre qui\u00e9n visualiza tu perfil en Instagram y Facebook. En el mundo digital actual, saber qui\u00e9n visita tus perfiles puede ayudarte...","robots":{"index":"index","follow":"follow","max-snippet":"max-snippet:-1","max-image-preview":"max-image-preview:large","max-video-preview":"max-video-preview:-1"},"canonical":"https:\/\/universofamilia.com\/cs\/descubre-quien-visualiza-tu-perfil-en-instagram-y-facebook\/","og_locale":"cs_CZ","og_type":"article","og_title":"Descubre qui\u00e9n visualiza tu perfil en Instagram y Facebook - Universo Fam\u00edlia","og_description":"Descubre qui\u00e9n visualiza tu perfil en Instagram y Facebook. En el mundo digital actual, saber qui\u00e9n visita tus perfiles puede ayudarte...","og_url":"https:\/\/universofamilia.com\/cs\/descubre-quien-visualiza-tu-perfil-en-instagram-y-facebook\/","og_site_name":"Universo Fam\u00edlia","article_published_time":"2025-03-18T20:14:10+00:00","article_modified_time":"2025-10-13T19:05:39+00:00","og_image":[{"width":550,"height":350,"url":"https:\/\/universofamilia.com\/wp-content\/uploads\/sites\/148\/2025\/03\/DESTAQUE-UNIVERSO-550-x-350-5.jpg","type":"image\/jpeg"}],"author":"Pedro Henrique","twitter_card":"summary_large_image","twitter_misc":{"Written by":"Pedro Henrique","Est. reading time":"12 minut"},"schema":{"@context":"https:\/\/schema.org","@graph":[{"@type":"WebPage","@id":"https:\/\/universofamilia.com\/ar\/descubre-quien-visualiza-tu-perfil-en-instagram-y-facebook\/","url":"https:\/\/universofamilia.com\/ar\/descubre-quien-visualiza-tu-perfil-en-instagram-y-facebook\/","name":"Descubre qui\u00e9n visualiza tu perfil en Instagram y Facebook - Universo Fam\u00edlia","isPartOf":{"@id":"https:\/\/universofamilia.com\/el\/#website"},"primaryImageOfPage":{"@id":"https:\/\/universofamilia.com\/ar\/descubre-quien-visualiza-tu-perfil-en-instagram-y-facebook\/#primaryimage"},"image":{"@id":"https:\/\/universofamilia.com\/ar\/descubre-quien-visualiza-tu-perfil-en-instagram-y-facebook\/#primaryimage"},"thumbnailUrl":"http:\/\/universofamilia.com\/wp-content\/uploads\/sites\/148\/2025\/03\/DESTAQUE-UNIVERSO-550-x-350-5.jpg","datePublished":"2025-03-18T20:14:10+00:00","dateModified":"2025-10-13T19:05:39+00:00","author":{"@id":"https:\/\/universofamilia.com\/el\/#\/schema\/person\/f07ce98187dd84d31154262e79b3b7ca"},"description":"Descubre qui\u00e9n visualiza tu perfil en Instagram y Facebook. En el mundo digital actual, saber qui\u00e9n visita tus perfiles puede ayudarte...","breadcrumb":{"@id":"https:\/\/universofamilia.com\/ar\/descubre-quien-visualiza-tu-perfil-en-instagram-y-facebook\/#breadcrumb"},"inLanguage":"cs","potentialAction":[{"@type":"ReadAction","target":["https:\/\/universofamilia.com\/ar\/descubre-quien-visualiza-tu-perfil-en-instagram-y-facebook\/"]}]},{"@type":"ImageObject","inLanguage":"cs","@id":"https:\/\/universofamilia.com\/ar\/descubre-quien-visualiza-tu-perfil-en-instagram-y-facebook\/#primaryimage","url":"http:\/\/universofamilia.com\/wp-content\/uploads\/sites\/148\/2025\/03\/DESTAQUE-UNIVERSO-550-x-350-5.jpg","contentUrl":"http:\/\/universofamilia.com\/wp-content\/uploads\/sites\/148\/2025\/03\/DESTAQUE-UNIVERSO-550-x-350-5.jpg","width":550,"height":350,"caption":"Descubre qui\u00e9n visualiza tu perfil en Instagram y Facebook"},{"@type":"BreadcrumbList","@id":"https:\/\/universofamilia.com\/ar\/descubre-quien-visualiza-tu-perfil-en-instagram-y-facebook\/#breadcrumb","itemListElement":[{"@type":"ListItem","position":1,"name":"Home","item":"https:\/\/universofamilia.com\/el\/"},{"@type":"ListItem","position":2,"name":"Descubre qui\u00e9n visualiza tu perfil en Instagram y Facebook"}]},{"@type":"WebSite","@id":"https:\/\/universofamilia.com\/el\/#website","url":"https:\/\/universofamilia.com\/el\/","name":"Universo Fam\u00edlia","description":"","potentialAction":[{"@type":"SearchAction","target":{"@type":"EntryPoint","urlTemplate":"https:\/\/universofamilia.com\/el\/?s={search_term_string}"},"query-input":"required name=search_term_string"}],"inLanguage":"cs"},{"@type":"Person","@id":"https:\/\/universofamilia.com\/el\/#\/schema\/person\/f07ce98187dd84d31154262e79b3b7ca","name":"Pedro Henrique","image":{"@type":"ImageObject","inLanguage":"cs","@id":"https:\/\/universofamilia.com\/el\/#\/schema\/person\/image\/","url":"http:\/\/0.gravatar.com\/avatar\/9edfeb808cb4e1599f64d6e45b130154?s=96&d=mm&r=g","contentUrl":"http:\/\/0.gravatar.com\/avatar\/9edfeb808cb4e1599f64d6e45b130154?s=96&d=mm&r=g","caption":"Pedro Henrique"},"url":"http:\/\/universofamilia.com\/cs\/author\/editor01\/"}]}},"_links":{"self":[{"href":"http:\/\/universofamilia.com\/cs\/wp-json\/wp\/v2\/posts\/8995"}],"collection":[{"href":"http:\/\/universofamilia.com\/cs\/wp-json\/wp\/v2\/posts"}],"about":[{"href":"http:\/\/universofamilia.com\/cs\/wp-json\/wp\/v2\/types\/post"}],"author":[{"embeddable":true,"href":"http:\/\/universofamilia.com\/cs\/wp-json\/wp\/v2\/users\/139"}],"replies":[{"embeddable":true,"href":"http:\/\/universofamilia.com\/cs\/wp-json\/wp\/v2\/comments?post=8995"}],"version-history":[{"count":3,"href":"http:\/\/universofamilia.com\/cs\/wp-json\/wp\/v2\/posts\/8995\/revisions"}],"predecessor-version":[{"id":10103,"href":"http:\/\/universofamilia.com\/cs\/wp-json\/wp\/v2\/posts\/8995\/revisions\/10103"}],"wp:featuredmedia":[{"embeddable":true,"href":"http:\/\/universofamilia.com\/cs\/wp-json\/wp\/v2\/media\/8997"}],"wp:attachment":[{"href":"http:\/\/universofamilia.com\/cs\/wp-json\/wp\/v2\/media?parent=8995"}],"wp:term":[{"taxonomy":"category","embeddable":true,"href":"http:\/\/universofamilia.com\/cs\/wp-json\/wp\/v2\/categories?post=8995"},{"taxonomy":"post_tag","embeddable":true,"href":"http:\/\/universofamilia.com\/cs\/wp-json\/wp\/v2\/tags?post=8995"}],"curies":[{"name":"wp","href":"https:\/\/api.w.org\/{rel}","templated":true}]}}