{"id":9125,"date":"2025-03-27T19:54:57","date_gmt":"2025-03-27T19:54:57","guid":{"rendered":"https:\/\/universofamilia.com\/?p=9125"},"modified":"2025-11-09T18:18:36","modified_gmt":"2025-11-09T21:18:36","slug":"a-palabra-de-dios-donde-y-cuando-quieras","status":"publish","type":"post","link":"http:\/\/universofamilia.com\/cs\/a-palabra-de-dios-donde-y-cuando-quieras\/","title":{"rendered":"Bo\u017e\u00ed slovo, kdekoli a kdykoli chcete"},"content":{"rendered":"<p><\/p>\n\n\n\n<h4 class=\"wp-block-heading has-text-align-center\">Co hled\u00e1te?<\/h4>\n\n\n    <section class=\"mx-1 my-10\">\n                                                <a href=\"http:\/\/universofamilia.com\/cs\/la-aplicacion-mas-completa-de-la-biblia-catolica-conoce-laudate\/\" class=\"text-white\" data-analytics-label=\"optionsButton\"\n                    data-action=\"analytics#trackCTA\">\n                    <div data-options-target=\"option\"\n                        class=\"custom-section rounded-xl border p-3 shadow-md w-full bg-green-700 my-3\">\n                        <div class=\"flex w-full items-center justify-between\">\n                            <div class=\"flex items-center space-x-3\">\n                                <div class=\"text-lg font-bold\">\n                                    Katolick\u00e1 Bible \u279d\n                                <\/div>\n                            <\/div>\n                        <\/div>\n                    <\/div>\n                <\/a>\n                                                            <a href=\"http:\/\/universofamilia.com\/cs\/biblia-ave-maria\/\" class=\"text-white\" data-analytics-label=\"optionsButton\"\n                    data-action=\"analytics#trackCTA\">\n                    <div data-options-target=\"option\"\n                        class=\"custom-section rounded-xl border p-3 shadow-md w-full bg-green-700 my-3\">\n                        <div class=\"flex w-full items-center justify-between\">\n                            <div class=\"flex items-center space-x-3\">\n                                <div class=\"text-lg font-bold\">\n                                    Bible Zdr\u00e1vas Maria \u279d\n                                <\/div>\n                            <\/div>\n                        <\/div>\n                    <\/div>\n                <\/a>\n                                                            <a href=\"http:\/\/universofamilia.com\/cs\/la-aplicacion-de-la-biblia-esencial-para-la-vida\/\" class=\"text-white\" data-analytics-label=\"optionsButton\"\n                    data-action=\"analytics#trackCTA\">\n                    <div data-options-target=\"option\"\n                        class=\"custom-section rounded-xl border p-3 shadow-md w-full bg-green-700 my-3\">\n                        <div class=\"flex w-full items-center justify-between\">\n                            <div class=\"flex items-center space-x-3\">\n                                <div class=\"text-lg font-bold\">\n                                    Katolick\u00e9 biblick\u00e9 studium \u279d\n                                <\/div>\n                            <\/div>\n                        <\/div>\n                    <\/div>\n                <\/a>\n                            <p class=\"text-xs text-gray-500 text-right hidden\"\n            style=\"margin-left: 50%; margin-bottom: 50px; margin-top: 5px;\">\n            <!-- You will be redirected to another website -->\n        <\/p>\n    <\/section>\n\n\n\n\n<p class=\"has-text-align-right\"><em><strong><em><strong><em><strong><em><strong><em><strong>Z\u016fstane na stejn\u00e9m m\u00edst\u011b!<\/strong><\/em><\/strong><\/em><\/strong><\/em><\/strong><\/em><\/strong><\/em><\/p>\n\n\n\n<p>U\u017e jste n\u011bkdy c\u00edtili pot\u0159ebu spojit se s Bohem, kdy\u017e jste sed\u011bli v dopravn\u00ed z\u00e1cp\u011b, va\u0159ili nebo \u0161li sp\u00e1t, ale nem\u011bli jste po ruce Bibli?<\/p>\n\n\n\n<p>No, nebojte se, proto\u017ee dnes je snaz\u0161\u00ed ne\u017e kdy jindy vz\u00edt si Slovo s sebou, a\u0165 jste kdekoli. A co je nejlep\u0161\u00ed: nic to nestoj\u00ed.<\/p>\n\n\n\n<p>Poj\u010fme si promluvit o tom nejlep\u0161\u00edm <strong>aplikace pro \u010dten\u00ed a poslech Bible<\/strong> z va\u0161eho mobiln\u00edho telefonu. Ide\u00e1ln\u00ed pro ty, kte\u0159\u00ed hledaj\u00ed v\u00edru, klid a sm\u011br ve sv\u00e9m ka\u017edodenn\u00edm \u017eivot\u011b.<\/p>\n\n\n\n<h3 class=\"wp-block-heading\"><mark class=\"has-inline-color has-luminous-vivid-amber-color\"><strong>T\u00fdm podpory<\/strong><\/mark><\/h3>\n\n\n\n<p>Prohl\u00e9dn\u011bte si n\u00ed\u017ee uveden\u00e9 aplikace nebo kontaktujte n\u00e1\u0161 t\u00fdm podpory, sd\u011blte n\u00e1m, jak\u00fd typ profilu hled\u00e1te, a my v\u00e1m pom\u016f\u017eeme naj\u00edt tu ide\u00e1ln\u00ed aplikaci pro v\u00e1s.<\/p>\n\n\n    <section class=\"mx-1 my-10\">\n                                                <a href=\"https:\/\/www.messenger.com\/login.php?\" class=\"text-white\" data-analytics-label=\"optionsButton\"\n                    data-action=\"analytics#trackCTA\">\n                    <div data-options-target=\"option\"\n                        class=\"custom-section rounded-xl border p-3 shadow-md w-full bg-green-700 my-3\">\n                        <div class=\"flex w-full items-center justify-between\">\n                            <div class=\"flex items-center space-x-3\">\n                                <div class=\"text-lg font-bold\">\n                                    Promluv si s Laurou!  \u279d\n                                <\/div>\n                            <\/div>\n                        <\/div>\n                    <\/div>\n                <\/a>\n                            <p class=\"text-xs text-gray-500 text-right\"\n            style=\"margin-left: 50%; margin-bottom: 50px; margin-top: 5px;\">\n            <!-- You will be redirected to another website -->\n        <\/p>\n    <\/section>\n\n\n\n\n<p>V tomto \u010dl\u00e1nku v\u00e1m uk\u00e1\u017eu nejlep\u0161\u00ed mo\u017enosti, jak si Bibli u\u017e\u00edt praktick\u00fdm zp\u016fsobem, s neuv\u011b\u0159iteln\u00fdmi funkcemi a p\u0159izp\u016fsoben\u00fdmi pro v\u0161echny v\u011bkov\u00e9 kategorie.<\/p>\n\n\n\n<p>A\u0165 u\u017e d\u00e1v\u00e1te p\u0159ednost \u010dten\u00ed r\u00e1no nebo poslouch\u00e1n\u00ed p\u0159i ch\u016fzi, tyto <strong>K\u0159es\u0165ansk\u00e9 aplikace<\/strong> Jsou naprost\u00fdm po\u017eehn\u00e1n\u00edm. Jdeme do toho!<\/p>\n\n\n\n<h2 class=\"wp-block-heading\">Pro\u010d pou\u017e\u00edvat aplikaci pro \u010dten\u00ed Bible?<\/h2>\n\n\n\n<p>Abych byl up\u0159\u00edmn\u00fd: ne ka\u017ed\u00fd m\u016f\u017ee nosit fyzickou Bibli po\u0159\u00e1d u sebe. Ale t\u00e9m\u011b\u0159 v\u0161ichni m\u00e1me v kapse mobiln\u00ed telefon, \u017ee?<\/p>\n\n\n\n<p>Tak\u017ee vyu\u017e\u00edt toho k p\u0159ibl\u00ed\u017een\u00ed se k Bohu je prost\u011b skv\u011bl\u00e9. A tak\u00e9:<\/p>\n\n\n\n<ul>\n<li>M\u016f\u017ee <strong>\u010d\u00edst Bibli ka\u017ed\u00fd den<\/strong>, bez ohledu na lokalitu.<\/li>\n\n\n\n<li>N\u011bkter\u00e9 aplikace budou <strong>\u010d\u00edst nahlas<\/strong> (ano, jako audiokniha).<\/li>\n\n\n\n<li>K dispozici jsou denn\u00ed pl\u00e1ny \u010dten\u00ed, p\u0159ipom\u00ednky a zamy\u0161len\u00ed.<\/li>\n\n\n\n<li>Jsou ide\u00e1ln\u00ed pro mlad\u00e9 lidi, zanepr\u00e1zdn\u011bn\u00e9 dosp\u011bl\u00e9 a dokonce i prarodi\u010de.<\/li>\n\n\n\n<li>A mnoho z nich je k dispozici zdarma!<\/li>\n<\/ul>\n\n\n\n<p>Tyto aplikace v\u00e1m nejen pom\u00e1haj\u00ed udr\u017eovat v\u00edru \u017eivou, ale tak\u00e9 v\u00e1s motivuj\u00ed k tomu, abyste se dozv\u011bd\u011bli v\u00edce, p\u0159em\u00fd\u0161leli a sd\u00edleli Slovo s ostatn\u00edmi.<\/p>\n\n\n\n<p><\/p>\n\n\n\n<hr class=\"wp-block-separator has-alpha-channel-opacity is-style-wide\" \/>\n\n\n\n<h5 class=\"wp-block-heading has-text-align-center\"><strong><mark class=\"has-inline-color has-luminous-vivid-amber-color\">\u010ct\u011bte tak\u00e9<\/mark><\/strong><\/h5>\n\n\n    <section class=\"mx-1 my-10\">\n                                                <a href=\"http:\/\/universofamilia.com\/cs\/asijske-lp-filmy\/\" class=\"text-white\" data-analytics-label=\"optionsButton\"\n                    data-action=\"analytics#trackCTA\">\n                    <div data-options-target=\"option\"\n                        class=\"custom-section rounded-xl border p-3 shadow-md w-full bg-green-700 my-3\">\n                        <div class=\"flex w-full items-center justify-between\">\n                            <div class=\"flex items-center space-x-3\">\n                                <div class=\"text-lg font-bold\">\n                                    Aplikace pro sledov\u00e1n\u00ed korejsk\u00fdch dramat \u279d\n                                <\/div>\n                            <\/div>\n                        <\/div>\n                    <\/div>\n                <\/a>\n                                                            <a href=\"http:\/\/universofamilia.com\/cs\/lp-recuperar-fotos\/\" class=\"text-white\" data-analytics-label=\"optionsButton\"\n                    data-action=\"analytics#trackCTA\">\n                    <div data-options-target=\"option\"\n                        class=\"custom-section rounded-xl border p-3 shadow-md w-full bg-green-700 my-3\">\n                        <div class=\"flex w-full items-center justify-between\">\n                            <div class=\"flex items-center space-x-3\">\n                                <div class=\"text-lg font-bold\">\n                                    Obnovte smazan\u00e9 fotografie pomoc\u00ed t\u00e9to aplikace!  \u279d\n                                <\/div>\n                            <\/div>\n                        <\/div>\n                    <\/div>\n                <\/a>\n                                                            <a href=\"http:\/\/universofamilia.com\/cs\/el-amor-a-un-clic\/\" class=\"text-white\" data-analytics-label=\"optionsButton\"\n                    data-action=\"analytics#trackCTA\">\n                    <div data-options-target=\"option\"\n                        class=\"custom-section rounded-xl border p-3 shadow-md w-full bg-green-700 my-3\">\n                        <div class=\"flex w-full items-center justify-between\">\n                            <div class=\"flex items-center space-x-3\">\n                                <div class=\"text-lg font-bold\">\n                                    Objevte ide\u00e1ln\u00ed seznamovac\u00ed aplikaci pro v\u00e1s \u279d\n                                <\/div>\n                            <\/div>\n                        <\/div>\n                    <\/div>\n                <\/a>\n                            <p class=\"text-xs text-gray-500 text-right hidden\"\n            style=\"margin-left: 50%; margin-bottom: 50px; margin-top: 5px;\">\n            <!-- You will be redirected to another website -->\n        <\/p>\n    <\/section>\n\n\n\n\n<p class=\"has-text-align-right\"><em><strong><em><strong><em><strong><em><strong><em><strong>Z\u016fstane na stejn\u00e9m m\u00edst\u011b!<\/strong><\/em><\/strong><\/em><\/strong><\/em><\/strong><\/em><\/strong><\/em><\/p>\n\n\n\n<hr class=\"wp-block-separator has-alpha-channel-opacity is-style-wide\" \/>\n\n\n\n<p><\/p>\n\n\n\n<h2 class=\"wp-block-heading\">Nejlep\u0161\u00ed aplikace pro \u010dten\u00ed a poslech Bible<\/h2>\n\n\n\n<p>Po otestov\u00e1n\u00ed a porovn\u00e1n\u00ed n\u011bkolika mo\u017enost\u00ed jsme vybrali t\u0159i nejlep\u0161\u00ed <strong>K\u0159es\u0165ansk\u00e9 aplikace<\/strong> kter\u00e9 v\u00e1m umo\u017e\u0148uj\u00ed <strong>\u010d\u00edst Bibli ka\u017ed\u00fd den<\/strong> a tak\u00e9 si to poslechn\u011bte, kdy\u017e neum\u00edte \u010d\u00edst. Pod\u00edvejte se na toto:<\/p>\n\n\n\n<h3 class=\"wp-block-heading\">1. YouVersion: Biblick\u00e1 aplikace<\/h3>\n\n\n\n<p><strong>Nejkompletn\u011bj\u0161\u00ed a nejobl\u00edben\u011bj\u0161\u00ed.<\/strong> YouVersion je v digit\u00e1ln\u00edm k\u0159es\u0165ansk\u00e9m sv\u011bt\u011b t\u00e9m\u011b\u0159 klasikou. M\u00e1 v\u0161echno:<\/p>\n\n\n\n<ul>\n<li>V\u00edce ne\u017e 2 000 verz\u00ed Bible ve stovk\u00e1ch jazyk\u016f.<\/li>\n\n\n\n<li><strong>Zvukov\u00e1 Bible zdarma<\/strong> s \u010dist\u00fdmi a kvalitn\u00edmi hlasy.<\/li>\n\n\n\n<li>Pl\u00e1ny \u010dten\u00ed pro mlad\u00e9 lidi, p\u00e1ry, \u00fazkost, v\u00edru atd.<\/li>\n\n\n\n<li>Sv\u00e9 obl\u00edben\u00e9 ver\u0161e si m\u016f\u017eete ulo\u017eit do z\u00e1lo\u017eek a sd\u00edlet je.<\/li>\n\n\n\n<li>Denn\u00ed zamy\u0161len\u00ed a komunita pro komentov\u00e1n\u00ed.<\/li>\n<\/ul>\n\n\n\n<p>\ud83d\udfe2 <em>K dispozici pro Android a iOS.<\/em><\/p>\n\n\n\n<h3 class=\"wp-block-heading\">2. Bible Reiny Valery + audio<\/h3>\n\n\n\n<p>Pokud hled\u00e1te klasi\u010dt\u011bj\u0161\u00ed z\u00e1\u017eitek s Bibl\u00ed kr\u00e1le Valery, tato aplikace je pro v\u00e1s:<\/p>\n\n\n\n<ul>\n<li>Text <strong>Reina Valera 1960<\/strong> s velmi snadnou navigac\u00ed.<\/li>\n\n\n\n<li><strong>Zvukov\u00fd re\u017eim<\/strong> poslechnout si cel\u00e9 kapitoly.<\/li>\n\n\n\n<li>Funkce zv\u00fdraz\u0148ov\u00e1n\u00ed, pozn\u00e1mek a z\u00e1lo\u017eek.<\/li>\n\n\n\n<li>Funguje bez internetu (ide\u00e1ln\u00ed, pokud cestujete nebo m\u00e1te omezen\u00e1 data).<\/li>\n<\/ul>\n\n\n\n<p>\ud83d\udfe2 <em>Ide\u00e1ln\u00ed pro ty, kte\u0159\u00ed d\u00e1vaj\u00ed p\u0159ednost tradi\u010dn\u00edm variant\u00e1m.<\/em><\/p>\n\n\n\n<h3 class=\"wp-block-heading\">3. Denn\u00ed audio biblick\u00e9 ver\u0161e<\/h3>\n\n\n\n<p>Tato aplikace se zam\u011b\u0159uje na to, aby v\u00e1m ka\u017ed\u00fd den d\u00e1vala mal\u00e9 d\u00e1vky v\u00edry:<\/p>\n\n\n\n<ul>\n<li>Denn\u00ed ver\u0161e v textov\u00e9m form\u00e1tu a <strong>zvuk<\/strong>.<\/li>\n\n\n\n<li>Kr\u00e1tk\u00e9 zamy\u0161len\u00ed a modlitby pro dobr\u00fd za\u010d\u00e1tek dne.<\/li>\n\n\n\n<li>M\u016f\u017eete sd\u00edlet na soci\u00e1ln\u00edch s\u00edt\u00edch nebo si ulo\u017eit sv\u00e9 obl\u00edben\u00e9.<\/li>\n\n\n\n<li>Jednoduch\u00fd a snadno pou\u017eiteln\u00fd design.<\/li>\n<\/ul>\n\n\n\n<p>\ud83d\udfe2 <em>Ide\u00e1ln\u00ed pro ty, kte\u0159\u00ed cht\u011bj\u00ed za\u010d\u00edt \u010d\u00edst Bibli, ani\u017e by se c\u00edtili zahlceni.<\/em><\/p>\n\n\n<div class=\"wp-block-image\">\n<figure class=\"aligncenter size-full\"><img loading=\"lazy\" decoding=\"async\" width=\"550\" height=\"350\" src=\"https:\/\/universofamilia.com\/wp-content\/uploads\/sites\/148\/2025\/03\/DESTAQUE-UNIVERSO-550-x-350-9-1.jpg\" alt=\"\" class=\"wp-image-9128\" srcset=\"http:\/\/universofamilia.com\/wp-content\/uploads\/sites\/148\/2025\/03\/DESTAQUE-UNIVERSO-550-x-350-9-1.jpg 550w, http:\/\/universofamilia.com\/wp-content\/uploads\/sites\/148\/2025\/03\/DESTAQUE-UNIVERSO-550-x-350-9-1-300x191.jpg 300w, http:\/\/universofamilia.com\/wp-content\/uploads\/sites\/148\/2025\/03\/DESTAQUE-UNIVERSO-550-x-350-9-1-18x12.jpg 18w\" sizes=\"(max-width: 550px) 100vw, 550px\" \/><figcaption class=\"wp-element-caption\">Bo\u017e\u00ed slovo, kdekoli a kdykoli chcete<\/figcaption><\/figure><\/div>\n\n\n<h2 class=\"wp-block-heading\">V\u00fdhody pou\u017e\u00edv\u00e1n\u00ed bezplatn\u00e9 audio Bible<\/h2>\n\n\n\n<p>V\u011bd\u011bli jste, \u017ee mnoho lid\u00ed rozum\u00ed l\u00e9pe, kdy\u017e poslouchaj\u00ed, ne\u017e kdy\u017e \u010dtou?<\/p>\n\n\n\n<p>Proto a <strong>Zvukov\u00e1 Bible zdarma<\/strong> Je to skv\u011bl\u00fd n\u00e1stroj. Pod\u00edvejte se na jeho v\u00fdhody:<\/p>\n\n\n\n<ul>\n<li>M\u016f\u017eete si ho poslechnout p\u0159i \u0159\u00edzen\u00ed, va\u0159en\u00ed nebo ch\u016fzi.<\/li>\n\n\n\n<li>Je ide\u00e1ln\u00ed pro lidi s probl\u00e9my se zrakem nebo \u010dten\u00edm.<\/li>\n\n\n\n<li>Pom\u00e1h\u00e1 to l\u00e9pe si zapamatovat ver\u0161e.<\/li>\n\n\n\n<li>Umo\u017e\u0148uje v\u00e1m \u017e\u00edt Slovo s v\u011bt\u0161\u00edmi emocemi a hloubkou.<\/li>\n<\/ul>\n\n\n\n<p>A nejlep\u0161\u00ed na tom je, \u017ee hlasy jsou tak p\u0159\u00edjemn\u00e9, \u017ee se zd\u00e1, jako byste poslouchali s l\u00e1skou vypr\u00e1v\u011bn\u00fd p\u0159\u00edb\u011bh.<\/p>\n\n\n\n<h2 class=\"wp-block-heading\">Jak za\u010d\u00edt \u010d\u00edst Bibli ka\u017ed\u00fd den<\/h2>\n\n\n\n<p>Jednou z nej\u010dast\u011bj\u0161\u00edch v\u00fdzev je d\u016fslednost. Za\u010d\u00edt je snadn\u00e9, ale vytrvat u toho\u2026 to je jin\u00fd p\u0159\u00edb\u011bh.<\/p>\n\n\n\n<p>Zde je tedy n\u011bkolik tip\u016f pro <strong>\u010d\u00edst Bibli ka\u017ed\u00fd den<\/strong>:<\/p>\n\n\n\n<ul>\n<li>Vlo\u017ete <strong>denn\u00ed p\u0159ipom\u00ednka<\/strong> v aplikaci nebo v kalend\u00e1\u0159i.<\/li>\n\n\n\n<li>Vyberte si \u010dten\u00e1\u0159sk\u00fd pl\u00e1n, kter\u00fd v\u00e1s zaj\u00edm\u00e1 (l\u00e1ska, \u00fazkost, smysl \u017eivota atd.).<\/li>\n\n\n\n<li>\u010ct\u011bte, i kdyby to m\u011blo b\u00fdt jen 5 minut denn\u011b, i to se po\u010d\u00edt\u00e1!<\/li>\n\n\n\n<li>Poslouchejte Bibli, zat\u00edmco si d\u011bl\u00e1te dom\u00e1c\u00ed \u00fakoly.<\/li>\n\n\n\n<li>Sd\u00edlejte ka\u017ed\u00fd den s n\u011bk\u00fdm ver\u0161.<\/li>\n<\/ul>\n\n\n\n<p>Nap\u0159\u00edklad jsem za\u010dal se 7denn\u00edm pl\u00e1nem vd\u011b\u010dnosti.<\/p>\n\n\n\n<p>Bylo to tak kr\u00e1sn\u00e9, \u017ee jsem to dokon\u010dil a te\u010f jsem u sv\u00e9ho \u010dtvrt\u00e9ho pl\u00e1nu v \u0159ad\u011b. V\u011b\u0159te mi, d\u00e1 se to zvl\u00e1dnout.<\/p>\n\n\n\n<h2 class=\"wp-block-heading\">Jak\u00e1 je pro v\u00e1s nejlep\u0161\u00ed k\u0159es\u0165ansk\u00e1 aplikace?<\/h2>\n\n\n\n<p>Odpov\u011b\u010f z\u00e1vis\u00ed na va\u0161em \u017eivotn\u00edm stylu:<\/p>\n\n\n\n<ul>\n<li>M\u00e1te r\u00e1di modern\u00ed a funk\u010dn\u011b bohat\u00e9 produkty? \u27a1\ufe0f YouVersion<\/li>\n\n\n\n<li>D\u00e1v\u00e1te p\u0159ednost n\u011b\u010demu klasick\u00e9mu a bez ru\u0161iv\u00fdch element\u016f? \u27a1\ufe0f Reina Valera + Audio<\/li>\n\n\n\n<li>Chcete n\u011bco jednoduch\u00e9ho a motivuj\u00edc\u00edho? \u27a1\ufe0f Denn\u00ed audio biblick\u00e9 ver\u0161e<\/li>\n<\/ul>\n\n\n\n<p>D\u016fle\u017eit\u00e9 je, abyste za\u010dali. Nez\u00e1le\u017e\u00ed na tom, jestli \u010dtete jeden ver\u0161 denn\u011b nebo celou kapitolu. B\u016fh nepo\u010d\u00edt\u00e1 str\u00e1nky, ale ochotn\u00e1 srdce.<\/p>\n\n\n\n<h2 class=\"wp-block-heading\">Za\u010dn\u011bte sv\u00e9 spojen\u00ed s Bohem je\u0161t\u011b dnes!<\/h2>\n\n\n\n<p>\u017d\u00e1dn\u00e9 v\u00fdmluvy. Dnes si m\u016f\u017eete jeden z nich st\u00e1hnout. <strong>K\u0159es\u0165ansk\u00e9 aplikace<\/strong>, za\u010dn\u011bte pl\u00e1novat a <strong>\u010d\u00edst Bibli ka\u017ed\u00fd den<\/strong>.<\/p>\n\n\n\n<p>S <strong>Zvukov\u00e1 Bible zdarma<\/strong>, m\u016f\u017eete si vz\u00edt Slovo s sebou, i kdy\u017e nem\u00e1te \u010das si sednout a \u010d\u00edst.<\/p>\n\n\n\n<p>Ud\u011blejte to pro sebe, pro sv\u016fj pokoj, pro svou v\u00edru. Nez\u00e1le\u017e\u00ed na va\u0161em v\u011bku, va\u0161ich zvyklostech ani na va\u0161ich zku\u0161enostech s Bibl\u00ed. Za\u010dn\u011bte tam, kde jste, s t\u00edm, co m\u00e1te. B\u016fh se postar\u00e1 o zbytek.<\/p>\n\n\n\n<p>\ud83d\udcf2 <strong>St\u00e1hn\u011bte si jednu z doporu\u010den\u00fdch aplikac\u00ed hned te\u010f<\/strong> a prom\u011b\u0148te sv\u016fj ka\u017edodenn\u00ed \u017eivot moudrost\u00ed, l\u00e1skou a smyslem.<\/p>\n\n\n\n<h2 class=\"wp-block-heading\">Souhrn doporu\u010den\u00fdch aplikac\u00ed:<\/h2>\n\n\n\n<ul>\n<li><strong>YouVersion<\/strong>Kompletn\u00ed, modern\u00ed a s komunitou. Bezplatn\u00e1 audio Bible.<\/li>\n\n\n\n<li><strong>Bible Reiny Valery + audio<\/strong>Klasick\u00e9, jednoduch\u00e9 a offline.<\/li>\n\n\n\n<li><strong>Denn\u00ed audio ver\u0161 z Bible<\/strong>Motiva\u010dn\u00ed a perfektn\u00ed pro za\u010d\u00e1tek.<\/li>\n<\/ul>\n\n\n\n<h3 class=\"wp-block-heading\"><mark class=\"has-inline-color has-luminous-vivid-amber-color\"><strong>St\u00e1hn\u011bte si aplikace<\/strong>.<\/mark><\/h3>\n\n\n\n<ol class=\"has-medium-font-size\">\n<li class=\"has-medium-font-size\"><strong><strong>Bible Reiny Valery + audio<\/strong>  &#8211; <a href=\"https:\/\/www.bible.com\/pt\/audio-bible-app-versions\/1782\">Android<\/a><\/strong><\/li>\n\n\n\n<li class=\"has-medium-font-size\"><strong><strong><strong><strong><strong><strong>Denn\u00ed audio ver\u0161 z Bible<\/strong><\/strong><\/strong><\/strong><\/strong>  &#8211; <a href=\"https:\/\/dailyaudiobible.com\/\">Android<\/a><\/strong><\/li>\n<\/ol>\n\n\n\n<p><\/p>","protected":false},"excerpt":{"rendered":"<p>\u00bfQu\u00e9 est\u00e1s buscando? \u00a1Permanecer\u00e1 en el mismo sitio! \u00bfAlguna vez te ha pasado que sentiste la necesidad de conectar con Dios en medio del tr\u00e1fico, mientras cocinas o antes de dormir, pero no ten\u00edas una Biblia a la mano? Pues tranquilo, porque hoy en d\u00eda es m\u00e1s f\u00e1cil que nunca llevar la Palabra contigo, sin [&hellip;]<\/p>","protected":false},"author":139,"featured_media":9128,"comment_status":"closed","ping_status":"open","sticky":false,"template":"","format":"standard","meta":{"footnotes":""},"categories":[2],"tags":[2007,2112,2109,2110,2111],"yoast_head":"<!-- This site is optimized with the Yoast SEO plugin v23.3 - https:\/\/yoast.com\/wordpress\/plugins\/seo\/ -->\n<title>A Palabra de Dios Donde y Cuando Quieras - Universo Fam\u00edlia<\/title>\n<meta name=\"description\" content=\"A Palabra de Dios Donde y Cuando Quieras. \u00bfAlguna vez te ha pasado que sentiste la necesidad de conectar con Dios en medio del tr\u00e1fico\" \/>\n<meta name=\"robots\" content=\"index, follow, max-snippet:-1, max-image-preview:large, max-video-preview:-1\" \/>\n<link rel=\"canonical\" href=\"http:\/\/universofamilia.com\/cs\/a-palavra-de-deus-onde-e-quando-voce-quiser\/\" \/>\n<meta property=\"og:locale\" content=\"cs_CZ\" \/>\n<meta property=\"og:type\" content=\"article\" \/>\n<meta property=\"og:title\" content=\"A Palabra de Dios Donde y Cuando Quieras - Universo Fam\u00edlia\" \/>\n<meta property=\"og:description\" content=\"A Palabra de Dios Donde y Cuando Quieras. \u00bfAlguna vez te ha pasado que sentiste la necesidad de conectar con Dios en medio del tr\u00e1fico\" \/>\n<meta property=\"og:url\" content=\"http:\/\/universofamilia.com\/cs\/a-palavra-de-deus-onde-e-quando-voce-quiser\/\" \/>\n<meta property=\"og:site_name\" content=\"Universo Fam\u00edlia\" \/>\n<meta property=\"article:published_time\" content=\"2025-03-27T19:54:57+00:00\" \/>\n<meta property=\"article:modified_time\" content=\"2025-11-09T21:18:36+00:00\" \/>\n<meta property=\"og:image\" content=\"http:\/\/universofamilia.com\/wp-content\/uploads\/sites\/148\/2025\/03\/DESTAQUE-UNIVERSO-550-x-350-9-1.jpg\" \/>\n\t<meta property=\"og:image:width\" content=\"550\" \/>\n\t<meta property=\"og:image:height\" content=\"350\" \/>\n\t<meta property=\"og:image:type\" content=\"image\/jpeg\" \/>\n<meta name=\"author\" content=\"Pedro Henrique\" \/>\n<meta name=\"twitter:card\" content=\"summary_large_image\" \/>\n<meta name=\"twitter:label1\" content=\"Written by\" \/>\n\t<meta name=\"twitter:data1\" content=\"Pedro Henrique\" \/>\n\t<meta name=\"twitter:label2\" content=\"Est. reading time\" \/>\n\t<meta name=\"twitter:data2\" content=\"6 minut\" \/>\n<script type=\"application\/ld+json\" class=\"yoast-schema-graph\">{\"@context\":\"https:\/\/schema.org\",\"@graph\":[{\"@type\":\"WebPage\",\"@id\":\"http:\/\/universofamilia.com\/pt_pt\/a-palavra-de-deus-onde-e-quando-voce-quiser\/\",\"url\":\"http:\/\/universofamilia.com\/pt_pt\/a-palavra-de-deus-onde-e-quando-voce-quiser\/\",\"name\":\"A Palabra de Dios Donde y Cuando Quieras - Universo Fam\u00edlia\",\"isPartOf\":{\"@id\":\"http:\/\/universofamilia.com\/zh_hk\/#website\"},\"primaryImageOfPage\":{\"@id\":\"http:\/\/universofamilia.com\/pt_pt\/a-palavra-de-deus-onde-e-quando-voce-quiser\/#primaryimage\"},\"image\":{\"@id\":\"http:\/\/universofamilia.com\/pt_pt\/a-palavra-de-deus-onde-e-quando-voce-quiser\/#primaryimage\"},\"thumbnailUrl\":\"http:\/\/universofamilia.com\/wp-content\/uploads\/sites\/148\/2025\/03\/DESTAQUE-UNIVERSO-550-x-350-9-1.jpg\",\"datePublished\":\"2025-03-27T19:54:57+00:00\",\"dateModified\":\"2025-11-09T21:18:36+00:00\",\"author\":{\"@id\":\"http:\/\/universofamilia.com\/zh_hk\/#\/schema\/person\/f07ce98187dd84d31154262e79b3b7ca\"},\"description\":\"A Palabra de Dios Donde y Cuando Quieras. \u00bfAlguna vez te ha pasado que sentiste la necesidad de conectar con Dios en medio del tr\u00e1fico\",\"breadcrumb\":{\"@id\":\"http:\/\/universofamilia.com\/pt_pt\/a-palavra-de-deus-onde-e-quando-voce-quiser\/#breadcrumb\"},\"inLanguage\":\"cs\",\"potentialAction\":[{\"@type\":\"ReadAction\",\"target\":[\"http:\/\/universofamilia.com\/pt_pt\/a-palavra-de-deus-onde-e-quando-voce-quiser\/\"]}]},{\"@type\":\"ImageObject\",\"inLanguage\":\"cs\",\"@id\":\"http:\/\/universofamilia.com\/pt_pt\/a-palavra-de-deus-onde-e-quando-voce-quiser\/#primaryimage\",\"url\":\"http:\/\/universofamilia.com\/wp-content\/uploads\/sites\/148\/2025\/03\/DESTAQUE-UNIVERSO-550-x-350-9-1.jpg\",\"contentUrl\":\"http:\/\/universofamilia.com\/wp-content\/uploads\/sites\/148\/2025\/03\/DESTAQUE-UNIVERSO-550-x-350-9-1.jpg\",\"width\":550,\"height\":350,\"caption\":\"A Palabra de Dios Donde y Cuando Quieras\"},{\"@type\":\"BreadcrumbList\",\"@id\":\"http:\/\/universofamilia.com\/pt_pt\/a-palavra-de-deus-onde-e-quando-voce-quiser\/#breadcrumb\",\"itemListElement\":[{\"@type\":\"ListItem\",\"position\":1,\"name\":\"Home\",\"item\":\"http:\/\/universofamilia.com\/zh_hk\/\"},{\"@type\":\"ListItem\",\"position\":2,\"name\":\"A Palabra de Dios Donde y Cuando Quieras\"}]},{\"@type\":\"WebSite\",\"@id\":\"http:\/\/universofamilia.com\/zh_hk\/#website\",\"url\":\"http:\/\/universofamilia.com\/zh_hk\/\",\"name\":\"Universo Fam\u00edlia\",\"description\":\"\",\"potentialAction\":[{\"@type\":\"SearchAction\",\"target\":{\"@type\":\"EntryPoint\",\"urlTemplate\":\"http:\/\/universofamilia.com\/zh_hk\/?s={search_term_string}\"},\"query-input\":\"required name=search_term_string\"}],\"inLanguage\":\"cs\"},{\"@type\":\"Person\",\"@id\":\"http:\/\/universofamilia.com\/zh_hk\/#\/schema\/person\/f07ce98187dd84d31154262e79b3b7ca\",\"name\":\"Pedro Henrique\",\"image\":{\"@type\":\"ImageObject\",\"inLanguage\":\"cs\",\"@id\":\"http:\/\/universofamilia.com\/zh_hk\/#\/schema\/person\/image\/\",\"url\":\"http:\/\/0.gravatar.com\/avatar\/9edfeb808cb4e1599f64d6e45b130154?s=96&d=mm&r=g\",\"contentUrl\":\"http:\/\/0.gravatar.com\/avatar\/9edfeb808cb4e1599f64d6e45b130154?s=96&d=mm&r=g\",\"caption\":\"Pedro Henrique\"},\"url\":\"http:\/\/universofamilia.com\/cs\/author\/editor01\/\"}]}<\/script>\n<!-- \/ Yoast SEO plugin. -->","yoast_head_json":{"title":"A Palabra de Dios Donde y Cuando Quieras - Universo Fam\u00edlia","description":"A Palabra de Dios Donde y Cuando Quieras. \u00bfAlguna vez te ha pasado que sentiste la necesidad de conectar con Dios en medio del tr\u00e1fico","robots":{"index":"index","follow":"follow","max-snippet":"max-snippet:-1","max-image-preview":"max-image-preview:large","max-video-preview":"max-video-preview:-1"},"canonical":"http:\/\/universofamilia.com\/cs\/a-palavra-de-deus-onde-e-quando-voce-quiser\/","og_locale":"cs_CZ","og_type":"article","og_title":"A Palabra de Dios Donde y Cuando Quieras - Universo Fam\u00edlia","og_description":"A Palabra de Dios Donde y Cuando Quieras. \u00bfAlguna vez te ha pasado que sentiste la necesidad de conectar con Dios en medio del tr\u00e1fico","og_url":"http:\/\/universofamilia.com\/cs\/a-palavra-de-deus-onde-e-quando-voce-quiser\/","og_site_name":"Universo Fam\u00edlia","article_published_time":"2025-03-27T19:54:57+00:00","article_modified_time":"2025-11-09T21:18:36+00:00","og_image":[{"width":550,"height":350,"url":"http:\/\/universofamilia.com\/wp-content\/uploads\/sites\/148\/2025\/03\/DESTAQUE-UNIVERSO-550-x-350-9-1.jpg","type":"image\/jpeg"}],"author":"Pedro Henrique","twitter_card":"summary_large_image","twitter_misc":{"Written by":"Pedro Henrique","Est. reading time":"6 minut"},"schema":{"@context":"https:\/\/schema.org","@graph":[{"@type":"WebPage","@id":"http:\/\/universofamilia.com\/pt_pt\/a-palavra-de-deus-onde-e-quando-voce-quiser\/","url":"http:\/\/universofamilia.com\/pt_pt\/a-palavra-de-deus-onde-e-quando-voce-quiser\/","name":"A Palabra de Dios Donde y Cuando Quieras - Universo Fam\u00edlia","isPartOf":{"@id":"http:\/\/universofamilia.com\/zh_hk\/#website"},"primaryImageOfPage":{"@id":"http:\/\/universofamilia.com\/pt_pt\/a-palavra-de-deus-onde-e-quando-voce-quiser\/#primaryimage"},"image":{"@id":"http:\/\/universofamilia.com\/pt_pt\/a-palavra-de-deus-onde-e-quando-voce-quiser\/#primaryimage"},"thumbnailUrl":"http:\/\/universofamilia.com\/wp-content\/uploads\/sites\/148\/2025\/03\/DESTAQUE-UNIVERSO-550-x-350-9-1.jpg","datePublished":"2025-03-27T19:54:57+00:00","dateModified":"2025-11-09T21:18:36+00:00","author":{"@id":"http:\/\/universofamilia.com\/zh_hk\/#\/schema\/person\/f07ce98187dd84d31154262e79b3b7ca"},"description":"A Palabra de Dios Donde y Cuando Quieras. \u00bfAlguna vez te ha pasado que sentiste la necesidad de conectar con Dios en medio del tr\u00e1fico","breadcrumb":{"@id":"http:\/\/universofamilia.com\/pt_pt\/a-palavra-de-deus-onde-e-quando-voce-quiser\/#breadcrumb"},"inLanguage":"cs","potentialAction":[{"@type":"ReadAction","target":["http:\/\/universofamilia.com\/pt_pt\/a-palavra-de-deus-onde-e-quando-voce-quiser\/"]}]},{"@type":"ImageObject","inLanguage":"cs","@id":"http:\/\/universofamilia.com\/pt_pt\/a-palavra-de-deus-onde-e-quando-voce-quiser\/#primaryimage","url":"http:\/\/universofamilia.com\/wp-content\/uploads\/sites\/148\/2025\/03\/DESTAQUE-UNIVERSO-550-x-350-9-1.jpg","contentUrl":"http:\/\/universofamilia.com\/wp-content\/uploads\/sites\/148\/2025\/03\/DESTAQUE-UNIVERSO-550-x-350-9-1.jpg","width":550,"height":350,"caption":"A Palabra de Dios Donde y Cuando Quieras"},{"@type":"BreadcrumbList","@id":"http:\/\/universofamilia.com\/pt_pt\/a-palavra-de-deus-onde-e-quando-voce-quiser\/#breadcrumb","itemListElement":[{"@type":"ListItem","position":1,"name":"Home","item":"http:\/\/universofamilia.com\/zh_hk\/"},{"@type":"ListItem","position":2,"name":"A Palabra de Dios Donde y Cuando Quieras"}]},{"@type":"WebSite","@id":"http:\/\/universofamilia.com\/zh_hk\/#website","url":"http:\/\/universofamilia.com\/zh_hk\/","name":"Universo Fam\u00edlia","description":"","potentialAction":[{"@type":"SearchAction","target":{"@type":"EntryPoint","urlTemplate":"http:\/\/universofamilia.com\/zh_hk\/?s={search_term_string}"},"query-input":"required name=search_term_string"}],"inLanguage":"cs"},{"@type":"Person","@id":"http:\/\/universofamilia.com\/zh_hk\/#\/schema\/person\/f07ce98187dd84d31154262e79b3b7ca","name":"Pedro Henrique","image":{"@type":"ImageObject","inLanguage":"cs","@id":"http:\/\/universofamilia.com\/zh_hk\/#\/schema\/person\/image\/","url":"http:\/\/0.gravatar.com\/avatar\/9edfeb808cb4e1599f64d6e45b130154?s=96&d=mm&r=g","contentUrl":"http:\/\/0.gravatar.com\/avatar\/9edfeb808cb4e1599f64d6e45b130154?s=96&d=mm&r=g","caption":"Pedro Henrique"},"url":"http:\/\/universofamilia.com\/cs\/author\/editor01\/"}]}},"_links":{"self":[{"href":"http:\/\/universofamilia.com\/cs\/wp-json\/wp\/v2\/posts\/9125"}],"collection":[{"href":"http:\/\/universofamilia.com\/cs\/wp-json\/wp\/v2\/posts"}],"about":[{"href":"http:\/\/universofamilia.com\/cs\/wp-json\/wp\/v2\/types\/post"}],"author":[{"embeddable":true,"href":"http:\/\/universofamilia.com\/cs\/wp-json\/wp\/v2\/users\/139"}],"replies":[{"embeddable":true,"href":"http:\/\/universofamilia.com\/cs\/wp-json\/wp\/v2\/comments?post=9125"}],"version-history":[{"count":2,"href":"http:\/\/universofamilia.com\/cs\/wp-json\/wp\/v2\/posts\/9125\/revisions"}],"predecessor-version":[{"id":10316,"href":"http:\/\/universofamilia.com\/cs\/wp-json\/wp\/v2\/posts\/9125\/revisions\/10316"}],"wp:featuredmedia":[{"embeddable":true,"href":"http:\/\/universofamilia.com\/cs\/wp-json\/wp\/v2\/media\/9128"}],"wp:attachment":[{"href":"http:\/\/universofamilia.com\/cs\/wp-json\/wp\/v2\/media?parent=9125"}],"wp:term":[{"taxonomy":"category","embeddable":true,"href":"http:\/\/universofamilia.com\/cs\/wp-json\/wp\/v2\/categories?post=9125"},{"taxonomy":"post_tag","embeddable":true,"href":"http:\/\/universofamilia.com\/cs\/wp-json\/wp\/v2\/tags?post=9125"}],"curies":[{"name":"wp","href":"https:\/\/api.w.org\/{rel}","templated":true}]}}