{"id":9186,"date":"2025-04-02T20:40:24","date_gmt":"2025-04-02T20:40:24","guid":{"rendered":"https:\/\/universofamilia.com\/?p=9186"},"modified":"2025-10-13T22:06:25","modified_gmt":"2025-10-14T01:06:25","slug":"aplicativo-para-leer-y-escuchar-la-biblia-catolica","status":"publish","type":"post","link":"http:\/\/universofamilia.com\/cs\/aplicativo-para-leer-y-escuchar-la-biblia-catolica\/","title":{"rendered":"Aplikace pro \u010dten\u00ed a poslech katolick\u00e9 Bible"},"content":{"rendered":"<h5 class=\"wp-block-heading has-text-align-center\"><strong>Vezm\u011bte si s sebou Bo\u017e\u00ed slovo<\/strong><\/h5>\n\n\n\n<p><\/p>\n\n\n\n<h4 class=\"wp-block-heading has-text-align-center\"><mark class=\"has-inline-color has-vivid-cyan-blue-color\">Co hled\u00e1te?<\/mark><\/h4>\n\n\n    <section class=\"mx-1 my-10\">\n                                                <a href=\"http:\/\/universofamilia.com\/cs\/la-aplicacion-mas-completa-de-la-biblia-catolica-conoce-laudate\/\" class=\"text-white\" data-analytics-label=\"optionsButton\"\n                    data-action=\"analytics#trackCTA\">\n                    <div data-options-target=\"option\"\n                        class=\"custom-section rounded-xl border p-3 shadow-md w-full bg-green-700 my-3\">\n                        <div class=\"flex w-full items-center justify-between\">\n                            <div class=\"flex items-center space-x-3\">\n                                <div class=\"text-lg font-bold\">\n                                    Katolick\u00e1 Bible \u279d\n                                <\/div>\n                            <\/div>\n                        <\/div>\n                    <\/div>\n                <\/a>\n                                                            <a href=\"http:\/\/universofamilia.com\/cs\/biblia-ave-maria\/\" class=\"text-white\" data-analytics-label=\"optionsButton\"\n                    data-action=\"analytics#trackCTA\">\n                    <div data-options-target=\"option\"\n                        class=\"custom-section rounded-xl border p-3 shadow-md w-full bg-green-700 my-3\">\n                        <div class=\"flex w-full items-center justify-between\">\n                            <div class=\"flex items-center space-x-3\">\n                                <div class=\"text-lg font-bold\">\n                                    Bible Zdr\u00e1vas Maria \u279d\n                                <\/div>\n                            <\/div>\n                        <\/div>\n                    <\/div>\n                <\/a>\n                                                            <a href=\"http:\/\/universofamilia.com\/cs\/la-aplicacion-de-la-biblia-esencial-para-la-vida\/\" class=\"text-white\" data-analytics-label=\"optionsButton\"\n                    data-action=\"analytics#trackCTA\">\n                    <div data-options-target=\"option\"\n                        class=\"custom-section rounded-xl border p-3 shadow-md w-full bg-green-700 my-3\">\n                        <div class=\"flex w-full items-center justify-between\">\n                            <div class=\"flex items-center space-x-3\">\n                                <div class=\"text-lg font-bold\">\n                                    Katolick\u00e9 biblick\u00e9 studium \u279d\n                                <\/div>\n                            <\/div>\n                        <\/div>\n                    <\/div>\n                <\/a>\n                            <p class=\"text-xs text-gray-500 text-right hidden\"\n            style=\"margin-left: 50%; margin-bottom: 50px; margin-top: 5px;\">\n            <!-- You will be redirected to another website -->\n        <\/p>\n    <\/section>\n\n\n\n\n<p><\/p>\n\n\n\n<h3 class=\"wp-block-heading\">Objevte nov\u00fd zp\u016fsob, jak se spojit se svou v\u00edrou<\/h3>\n\n\n\n<p><strong>Aplikace pro \u010dten\u00ed a poslech katolick\u00e9 Bible<\/strong>Tento n\u00e1stroj zm\u011bnil zp\u016fsob, jak\u00fdm miliony lid\u00ed p\u0159istupuj\u00ed ke Slovu.<\/p>\n\n\n\n    <div class=\"d-sm-block py-3 mx-auto px-3 mb-3\"\n        style=\"border-top: 1px solid rgb(204, 204, 204); border-bottom: 1px solid rgb(204, 204, 204);\">\n        <div class=\"text-center mb-4\">\n            <h6 class=\"pt-3 text-center text-gray-900 text-2xl title-font font-medium mb-12\">Nejlep\u0161\u00ed aplikace pro katolickou Bibli<\/h6>\n        <\/div>\n        <div class=\"row\">\n            <div class=\"col-lg-5 col-md-5 col-sm-12 mb-4 mb-lg-0\">\n                <img decoding=\"async\" alt=\"karta\" style=\"height: 190px; object-fit: cover;\"\n                    class=\"w-100 h-100 object-cover object-center rounded border\" src=\"http:\/\/universofamilia.com\/wp-content\/uploads\/sites\/148\/2025\/02\/POST-PARA-APP-ARTIGO-1-1.jpg\">\n            <\/div>\n            <div class=\"col-lg-7 col-md-7 col-sm-12 d-flex flex-column justify-content-between\">\n                <h3 class=\"text-gray-900 text-3xl title-font font-medium mb-1\"><\/h3>\n\n                                <div class=\"d-block text-justify py-3\">Z\u00edskejte p\u0159\u00edstup k Bo\u017e\u00edmu slovu kdykoli a kdekoli s nejlep\u0161\u00ed aplikac\u00ed pro katolickou Bibli. D\u00edky mo\u017enostem \u010dten\u00ed a poslechu Bible v\u00e1m tento n\u00e1stroj usnad\u0148uje spojen\u00ed s Bohem prost\u0159ednictv\u00edm denn\u00edch biblick\u00fdch pas\u00e1\u017e\u00ed, duchovn\u00edch reflex\u00ed a \u010dten\u00e1\u0159sk\u00fdch pl\u00e1n\u016f.<\/div>\n                <div class=\"mt-auto d-flex flex-column align-items-end\">\n                    <a class=\"d-inline-block text-center text-white border-0 py-2 px-8 text-lg focus:outline-none rounded bg-green-700 hover:bg-green-800 btn-block\"\n                        href=\"http:\/\/universofamilia.com\/cs\/aplicaciones-para-leer-y-escuchar-la-biblia-catolica\/\"                         data-analytics-label=\"landingPageFirstButton\" data-action=\"analytics#trackCTA\">\n                        CHCI V\u011aD\u011aT V\u00cdCE                    <\/a>\n                                            <div class=\"text-xs text-muted mt-3 d-block col-12 text-center\">Z\u016fstane\u0161 na stejn\u00e9m m\u00edst\u011b<\/div>\n                                    <\/div>\n            <\/div>\n        <\/div>\n    <\/div>\n\n\n\n<p>Cht\u011bli byste m\u00edt Bibli v\u017edy po ruce, ani\u017e byste ji museli nosit s sebou t\u011b\u017ekou v\u00e1hu?<a href=\"http:\/\/universofamilia.com\/cs\/la-aplicacion-mas-completa-de-la-biblia-catolica-conoce-laudate\/\">?<\/a><\/p>\n\n\n\n<p>M\u00e1te probl\u00e9m naj\u00edt si \u010das nebo se soust\u0159edit na to, abyste si to p\u0159e\u010detli?<\/p>\n\n\n\n<p>Dnes v\u00e1m p\u0159edstav\u00edm praktick\u00e9, jednoduch\u00e9 a bezplatn\u00e9 \u0159e\u0161en\u00ed.<\/p>\n\n\n\n<p>U\u017e nemus\u00edte b\u00fdt technick\u00fd expert ani m\u00edt spoustu voln\u00e9ho \u010dasu.<\/p>\n\n\n\n<p>S t\u011bmito <strong>Aplikace pro \u010dten\u00ed a poslech Bible<\/strong>K Bohu se m\u016f\u017eete p\u0159ibl\u00ed\u017eit kdekoli. A to nejlep\u0161\u00ed: jen n\u011bkolika klepnut\u00edmi na telefonu.<\/p>\n\n\n\n<p><\/p>\n\n\n\n<hr class=\"wp-block-separator has-alpha-channel-opacity is-style-wide\" \/>\n\n\n\n<h4 class=\"wp-block-heading has-text-align-center\"><strong><mark class=\"has-inline-color has-luminous-vivid-orange-color\">\u010ct\u011bte tak\u00e9<\/mark><\/strong><\/h4>\n\n\n    <section class=\"mx-1 my-10\">\n                                                <a href=\"http:\/\/universofamilia.com\/cs\/asijske-lp-filmy\/\" class=\"text-white\" data-analytics-label=\"optionsButton\"\n                    data-action=\"analytics#trackCTA\">\n                    <div data-options-target=\"option\"\n                        class=\"custom-section rounded-xl border p-3 shadow-md w-full bg-green-700 my-3\">\n                        <div class=\"flex w-full items-center justify-between\">\n                            <div class=\"flex items-center space-x-3\">\n                                <div class=\"text-lg font-bold\">\n                                    Aplikace pro sledov\u00e1n\u00ed korejsk\u00fdch dramat \u279d\n                                <\/div>\n                            <\/div>\n                        <\/div>\n                    <\/div>\n                <\/a>\n                                                            <a href=\"http:\/\/universofamilia.com\/cs\/lp-recuperar-fotos\/\" class=\"text-white\" data-analytics-label=\"optionsButton\"\n                    data-action=\"analytics#trackCTA\">\n                    <div data-options-target=\"option\"\n                        class=\"custom-section rounded-xl border p-3 shadow-md w-full bg-green-700 my-3\">\n                        <div class=\"flex w-full items-center justify-between\">\n                            <div class=\"flex items-center space-x-3\">\n                                <div class=\"text-lg font-bold\">\n                                    Obnovte smazan\u00e9 fotografie pomoc\u00ed t\u00e9to aplikace!  \u279d\n                                <\/div>\n                            <\/div>\n                        <\/div>\n                    <\/div>\n                <\/a>\n                                                            <a href=\"http:\/\/universofamilia.com\/cs\/el-amor-a-un-clic\/\" class=\"text-white\" data-analytics-label=\"optionsButton\"\n                    data-action=\"analytics#trackCTA\">\n                    <div data-options-target=\"option\"\n                        class=\"custom-section rounded-xl border p-3 shadow-md w-full bg-green-700 my-3\">\n                        <div class=\"flex w-full items-center justify-between\">\n                            <div class=\"flex items-center space-x-3\">\n                                <div class=\"text-lg font-bold\">\n                                    Objevte ide\u00e1ln\u00ed seznamovac\u00ed aplikaci pro v\u00e1s \u279d\n                                <\/div>\n                            <\/div>\n                        <\/div>\n                    <\/div>\n                <\/a>\n                            <p class=\"text-xs text-gray-500 text-right hidden\"\n            style=\"margin-left: 50%; margin-bottom: 50px; margin-top: 5px;\">\n            <!-- You will be redirected to another website -->\n        <\/p>\n    <\/section>\n\n\n\n\n<p class=\"has-text-align-right\"><em><strong><em><strong><em><strong><em><strong><em><strong>Z\u016fstane na stejn\u00e9m m\u00edst\u011b!<\/strong><\/em><\/strong><\/em><\/strong><\/em><\/strong><\/em><\/strong><\/em><\/p>\n\n\n\n<hr class=\"wp-block-separator has-alpha-channel-opacity is-style-wide\" \/>\n\n\n\n<p><\/p>\n\n\n\n<h2 class=\"wp-block-heading\">Pro\u010d pou\u017e\u00edvat aplikaci ke \u010dten\u00ed a poslechu katolick\u00e9 Bible?<\/h2>\n\n\n\n<h3 class=\"wp-block-heading\">Technologie m\u016f\u017ee b\u00fdt i duchovn\u00ed<\/h3>\n\n\n\n<p>N\u011bkdy si mysl\u00edme, \u017ee na\u0161e mobiln\u00ed telefony jsou dobr\u00e9 jen pro soci\u00e1ln\u00ed m\u00e9dia nebo z\u00e1bavu. Mohou v\u0161ak b\u00fdt tak\u00e9 mostem k v\u00ed\u0159e. <strong>Katolick\u00e1 aplikace<\/strong> v\u00e1m m\u016f\u017ee pomoci:<\/p>\n\n\n\n<ul>\n<li><strong>P\u0159e\u010dt\u011bte si celou Bibli<\/strong> s jasn\u00fdm rukopisem a spolehliv\u00fdmi p\u0159eklady.<\/li>\n\n\n\n<li><strong>Poslechn\u011bte si audio kapitoly<\/strong>, i kdy\u017e m\u00e1te zav\u0159en\u00e9 o\u010di.<\/li>\n\n\n\n<li><strong>Modlete se denn\u011b<\/strong> s pobo\u017enostmi a inspirativn\u00edmi ver\u0161i.<\/li>\n\n\n\n<li><strong>Denn\u00ed p\u0159ipomenut\u00ed<\/strong>, abyste nezapomn\u011bli na sv\u016fj okam\u017eik s Bohem.<\/li>\n<\/ul>\n\n\n\n<h3 class=\"wp-block-heading\">V\u00fdhody pro v\u0161echny v\u011bkov\u00e9 kategorie<\/h3>\n\n\n\n<p>Je v\u00e1m p\u0159es 50? Jste mlad\u00ed, ale m\u00e1te m\u00e1lo voln\u00e9ho \u010dasu? Na tom nez\u00e1le\u017e\u00ed. Tyto aplikace jsou ur\u010deny pro ka\u017ed\u00e9ho:<\/p>\n\n\n\n<ul>\n<li>Velk\u00e1 p\u00edsmena pro v\u011bt\u0161\u00ed pohodl\u00ed.<\/li>\n\n\n\n<li>Intuitivn\u00ed a jednoduch\u00e1 navigace.<\/li>\n\n\n\n<li>\u010cist\u00fd zvuk s p\u0159\u00e1telsk\u00fdmi hlasy.<\/li>\n\n\n\n<li>Mo\u017enost ulo\u017een\u00ed obl\u00edben\u00fdch pas\u00e1\u017e\u00ed.<\/li>\n<\/ul>\n\n\n\n<h3 class=\"wp-block-heading\">Noste v\u00edru v kapse<\/h3>\n\n\n\n<p>P\u0159edstavte si, \u017ee si m\u016f\u017eete otev\u0159\u00edt Bibli, kdy\u017e \u010dek\u00e1te ve front\u011b, jedete autobusem nebo si d\u00e1v\u00e1te p\u0159est\u00e1vku. Nemus\u00edte s sebou nosit t\u011b\u017ek\u00e9 knihy. Bible je v\u017edy s v\u00e1mi.<\/p>\n\n\n\n<h2 class=\"wp-block-heading\">3 nejlep\u0161\u00ed aplikace pro \u010dten\u00ed a poslech katolick\u00e9 Bible<\/h2>\n\n\n\n<p>Po anal\u00fdze popularity, hodnocen\u00ed a u\u017eivatelsk\u00e9 zku\u0161enosti jsme vybrali <strong>3 nejlep\u0161\u00ed aplikace dostupn\u00e9 v Obchod\u011b Play<\/strong>.<\/p>\n\n\n\n<h3 class=\"wp-block-heading\">Katolick\u00e1 audio Bible<\/h3>\n\n\n\n<p>Jedna z nejkomplexn\u011bj\u0161\u00edch a vysoce cen\u011bn\u00fdch aplikac\u00ed mezi katolick\u00fdmi v\u011b\u0159\u00edc\u00edmi. Jej\u00ed hlavn\u00ed v\u00fdhodou je <strong>\u010dten\u00ed a audio bez p\u0159ipojen\u00ed k internetu<\/strong>.<\/p>\n\n\n\n<p><strong>Zv\u00fdrazn\u011bn\u00e9 vlastnosti:<\/strong><\/p>\n\n\n\n<ul>\n<li>Ofici\u00e1ln\u00ed katolick\u00fd p\u0159eklad.<\/li>\n\n\n\n<li>Audio s jasn\u00fdm a pomal\u00fdm vypr\u00e1v\u011bn\u00edm.<\/li>\n\n\n\n<li>Pl\u00e1ny \u010dten\u00ed na 7, 30 nebo 90 dn\u00ed.<\/li>\n\n\n\n<li>No\u010dn\u00ed re\u017eim pro zamezen\u00ed nam\u00e1h\u00e1n\u00ed o\u010d\u00ed.<\/li>\n\n\n\n<li>Z\u00e1lo\u017eky, pozn\u00e1mky a zv\u00fdraz\u0148ov\u00e1n\u00ed ver\u0161\u016f.<\/li>\n<\/ul>\n\n\n\n<p>Ide\u00e1ln\u00ed pro ty, kte\u0159\u00ed cht\u011bj\u00ed prohloubit svou v\u00edru bez komplikac\u00ed.<\/p>\n\n\n\n<h3 class=\"wp-block-heading\">Svat\u00e1 katolick\u00e1 Bible<\/h3>\n\n\n\n<p>Velmi snadn\u00e9 pou\u017eit\u00ed s rozhran\u00edm navr\u017een\u00fdm pro star\u0161\u00ed lidi nebo osoby s omezen\u00fdmi digit\u00e1ln\u00edmi zku\u0161enostmi. Jeho siln\u00e1 str\u00e1nka: <strong>ver\u0161e dne s kr\u00e1tk\u00fdmi zamy\u0161len\u00edmi<\/strong>.<\/p>\n\n\n\n<p><strong>Co se u\u017eivatel\u016fm l\u00edb\u00ed nejv\u00edc:<\/strong><\/p>\n\n\n\n<ul>\n<li>Navigace podle knihy, kapitoly a ver\u0161e.<\/li>\n\n\n\n<li>Zvukov\u00e1 funkce pro ka\u017edou kapitolu.<\/li>\n\n\n\n<li>Denn\u00ed \u00favahy v textu i hlase.<\/li>\n\n\n\n<li>M\u016f\u017eete snadno sd\u00edlet na WhatsAppu.<\/li>\n<\/ul>\n\n\n\n<p>Ide\u00e1ln\u00ed pro za\u010d\u00e1tek ka\u017edodenn\u00edho \u010dten\u00ed Bible.<\/p>\n\n\n\n<h3 class=\"wp-block-heading\">Latinskoamerick\u00e1 katolick\u00e1 Bible<\/h3>\n\n\n\n<p>Navr\u017eeno speci\u00e1ln\u011b pro u\u017eivatele v Latinsk\u00e9 Americe. Pou\u017e\u00edv\u00e1 p\u0159eklad, kter\u00fd mnoz\u00ed znaj\u00ed z ned\u011bln\u00edch m\u0161\u00ed.<\/p>\n\n\n\n<p><strong>Jedine\u010dn\u00e9 v\u00fdhody:<\/strong><\/p>\n\n\n\n<ul>\n<li>P\u0159eklad <a href=\"https:\/\/biblia-catolica-latinoamericana-completa.br.uptodown.com\/android\">Latinskoamerick\u00e9 <\/a>(CELAM).<\/li>\n\n\n\n<li>Dramatick\u00e9 audio \u010dten\u00ed: hlasy a prost\u0159ed\u00ed.<\/li>\n\n\n\n<li>Denn\u00ed upozorn\u011bn\u00ed, abyste nezapomn\u011bli na sv\u016fj p\u0159e\u010dten\u00fd text.<\/li>\n\n\n\n<li>V\u010detn\u011b katolick\u00fdch pobo\u017enost\u00ed.<\/li>\n<\/ul>\n\n\n\n<p>Doporu\u010deno pro ty, kte\u0159\u00ed hledaj\u00ed hlubok\u00e9 citov\u00e9 spojen\u00ed.<\/p>\n\n\n\n<p><\/p>\n\n\n\n<hr class=\"wp-block-separator has-alpha-channel-opacity is-style-wide\" \/>\n\n\n\n<h3 class=\"wp-block-heading\"><mark class=\"has-inline-color has-luminous-vivid-amber-color\"><strong>St\u00e1hn\u011bte si aplikace<\/strong>.<\/mark><\/h3>\n\n\n    <section class=\"mx-1 my-10\">\n                                                <a href=\"https:\/\/audiobibleapp.com\/biblia-catolica-2\/\" class=\"text-white\" data-analytics-label=\"optionsButton\"\n                    data-action=\"analytics#trackCTA\">\n                    <div data-options-target=\"option\"\n                        class=\"custom-section rounded-xl border p-3 shadow-md w-full bg-green-700 my-3\">\n                        <div class=\"flex w-full items-center justify-between\">\n                            <div class=\"flex items-center space-x-3\">\n                                <div class=\"text-lg font-bold\">\n                                    Katolick\u00e1 audio Bible \u279d\n                                <\/div>\n                            <\/div>\n                        <\/div>\n                    <\/div>\n                <\/a>\n                                                            <a href=\"https:\/\/la-santa-biblia-catolica.br.uptodown.com\/android\/download\" class=\"text-white\" data-analytics-label=\"optionsButton\"\n                    data-action=\"analytics#trackCTA\">\n                    <div data-options-target=\"option\"\n                        class=\"custom-section rounded-xl border p-3 shadow-md w-full bg-green-700 my-3\">\n                        <div class=\"flex w-full items-center justify-between\">\n                            <div class=\"flex items-center space-x-3\">\n                                <div class=\"text-lg font-bold\">\n                                    Svat\u00e1 katolick\u00e1 Bible \u279d\n                                <\/div>\n                            <\/div>\n                        <\/div>\n                    <\/div>\n                <\/a>\n                                                            <a href=\"https:\/\/biblia-catolica-latinoamericana-completa.br.uptodown.com\/android\" class=\"text-white\" data-analytics-label=\"optionsButton\"\n                    data-action=\"analytics#trackCTA\">\n                    <div data-options-target=\"option\"\n                        class=\"custom-section rounded-xl border p-3 shadow-md w-full bg-green-700 my-3\">\n                        <div class=\"flex w-full items-center justify-between\">\n                            <div class=\"flex items-center space-x-3\">\n                                <div class=\"text-lg font-bold\">\n                                    Latinskoamerick\u00e1 katolick\u00e1 Bible \u279d\n                                <\/div>\n                            <\/div>\n                        <\/div>\n                    <\/div>\n                <\/a>\n                            <p class=\"text-xs text-gray-500 text-right\"\n            style=\"margin-left: 50%; margin-bottom: 50px; margin-top: 5px;\">\n            <!-- You will be redirected to another website -->\n        <\/p>\n    <\/section>\n\n\n\n\n<p class=\"has-text-align-right\"><strong><em>Budete p\u0159esm\u011brov\u00e1ni na jin\u00fd web<\/em><\/strong><\/p>\n\n\n\n<hr class=\"wp-block-separator has-alpha-channel-opacity is-style-wide\" \/>\n\n\n\n<p><\/p>\n\n\n\n<h2 class=\"wp-block-heading\">Jak v\u00e1m tyto aplikace zm\u011bn\u00ed den?<\/h2>\n\n\n\n<h3 class=\"wp-block-heading\">Rutina s c\u00edlem<\/h3>\n\n\n\n<p>M\u016f\u017eete za\u010d\u00edt r\u00e1no povzbudiv\u00fdm ver\u0161em. Nebo zakon\u010dit den \u017ealmem, kter\u00fd v\u00e1m dod\u00e1 klid. S t\u011bmito aplikacemi si m\u016f\u017eete p\u0159e\u010d\u00edst a <strong>poslouchejte katolickou Bibli<\/strong> Stane se to p\u0159irozen\u00fdm, sou\u010d\u00e1st\u00ed va\u0161\u00ed ka\u017edodenn\u00ed rutiny.<\/p>\n\n\n\n<h3 class=\"wp-block-heading\">P\u0159\u00edklady pou\u017eit\u00ed z praxe:<\/h3>\n\n\n\n<ul>\n<li>Zat\u00edmco va\u0159\u00edte, m\u016f\u017eete poslouchat evangelium dne.<\/li>\n\n\n\n<li>V autobuse vyu\u017eijete p\u0159\u00edle\u017eitosti k tich\u00e9 modlitb\u011b.<\/li>\n\n\n\n<li>V chv\u00edl\u00edch \u00fazkosti si p\u0159e\u010dtete uklid\u0148uj\u00edc\u00ed pas\u00e1\u017e.<\/li>\n<\/ul>\n\n\n\n<h2 class=\"wp-block-heading\">Co kdy\u017e nem\u00e1m \u017e\u00e1dn\u00e9 zku\u0161enosti s technologiemi?<\/h2>\n\n\n\n<p>Nebojte se! V\u0161echny aplikace, kter\u00e9 doporu\u010dujeme, maj\u00ed:<\/p>\n\n\n\n<ul>\n<li>Jednoduch\u00e9 pokyny krok za krokem.<\/li>\n\n\n\n<li>Velk\u00e1 a viditeln\u00e1 tla\u010d\u00edtka.<\/li>\n\n\n\n<li>Podpora ve \u0161pan\u011bl\u0161tin\u011b.<\/li>\n\n\n\n<li>\u010cast\u00e9 aktualizace.<\/li>\n<\/ul>\n\n\n\n<p>Nav\u00edc, pokud m\u00e1te d\u011bti nebo vnou\u010data, ur\u010dit\u011b v\u00e1m s jeho nastaven\u00edm pomohou!<\/p>\n\n\n\n<h2 class=\"wp-block-heading\">Bo\u017e\u00ed slovo v \u010d\u00edslech<\/h2>\n\n\n\n<ul>\n<li>V\u00edce ne\u017e <strong>100 milion\u016f lid\u00ed<\/strong> U\u017e pou\u017e\u00edvaj\u00ed biblick\u00e9 aplikace na sv\u00fdch mobiln\u00edch telefonech.<\/li>\n\n\n\n<li>Katolickou audio Bibli vyhled\u00e1v\u00e1 v\u00edce ne\u017e <strong>300 000 lid\u00ed ka\u017ed\u00fd m\u011bs\u00edc<\/strong>.<\/li>\n\n\n\n<li>Studie ukazuj\u00ed, \u017ee <strong>Poslech Bible zlep\u0161uje pam\u011b\u0165<\/strong> zpr\u00e1v na 60% oproti pouh\u00e9mu \u010dten\u00ed.<\/li>\n<\/ul>\n\n\n<div class=\"wp-block-image\">\n<figure class=\"aligncenter size-full\"><img loading=\"lazy\" decoding=\"async\" width=\"550\" height=\"350\" src=\"https:\/\/universofamilia.com\/wp-content\/uploads\/sites\/148\/2025\/04\/DESTAQUE-UNIVERSO-550-x-350-19-2.jpg\" alt=\"\" class=\"wp-image-9190\" srcset=\"http:\/\/universofamilia.com\/wp-content\/uploads\/sites\/148\/2025\/04\/DESTAQUE-UNIVERSO-550-x-350-19-2.jpg 550w, http:\/\/universofamilia.com\/wp-content\/uploads\/sites\/148\/2025\/04\/DESTAQUE-UNIVERSO-550-x-350-19-2-300x191.jpg 300w, http:\/\/universofamilia.com\/wp-content\/uploads\/sites\/148\/2025\/04\/DESTAQUE-UNIVERSO-550-x-350-19-2-18x12.jpg 18w\" sizes=\"(max-width: 550px) 100vw, 550px\" \/><figcaption class=\"wp-element-caption\">Aplikace pro \u010dten\u00ed a poslech katolick\u00e9 Bible<\/figcaption><\/figure><\/div>\n\n\n<h2 class=\"wp-block-heading\">Tipy, jak co nejl\u00e9pe vyu\u017e\u00edt biblickou aplikaci<\/h2>\n\n\n\n<h3 class=\"wp-block-heading\">Stanovte si pevn\u00fd rozvrh<\/h3>\n\n\n\n<p>V\u011bnujte tomu 10 minut denn\u011b, po probuzen\u00ed nebo p\u0159ed span\u00edm.<\/p>\n\n\n\n<h3 class=\"wp-block-heading\">Pou\u017e\u00edvejte z\u00e1lo\u017eky a pozn\u00e1mky<\/h3>\n\n\n\n<p>Takto se m\u016f\u017eete snadno vr\u00e1tit ke sv\u00fdm obl\u00edben\u00fdm pas\u00e1\u017e\u00edm.<\/p>\n\n\n\n<h3 class=\"wp-block-heading\">Sd\u00edlejte s rodinou<\/h3>\n\n\n\n<p>\u010ct\u011bte nebo poslouchejte spole\u010dn\u011b se sv\u00fdmi d\u011btmi nebo partnerem.<\/p>\n\n\n\n<h3 class=\"wp-block-heading\">Zapojte se do \u010dten\u00e1\u0159sk\u00fdch v\u00fdzev<\/h3>\n\n\n\n<p>N\u011bkter\u00e9 aplikace maj\u00ed t\u00fddenn\u00ed nebo m\u011bs\u00ed\u010dn\u00ed v\u00fdzvy.<\/p>\n\n\n\n<h2 class=\"wp-block-heading\">V\u00edce ne\u017e jen \u010dten\u00ed: duchovn\u00ed z\u00e1\u017eitek<\/h2>\n\n\n\n<h3 class=\"wp-block-heading\">Skute\u010dn\u00e9 sv\u011bdectv\u00ed<\/h3>\n\n\n\n<p>Maria, 64 let, n\u00e1m napsala:<\/p>\n\n\n\n<p>\u201eMyslel jsem si, \u017ee nikdy nepochop\u00edm, jak se pou\u017e\u00edv\u00e1 aplikace. Ale s pomoc\u00ed m\u00e9ho vnuka jsem si st\u00e1hl katolickou audiobibli. Te\u010f za\u010d\u00edn\u00e1m ka\u017ed\u00fd den Bo\u017e\u00edm slovem. Moje v\u00edra se pos\u00edlila a v\u017edy c\u00edt\u00edm podporu.\u201c<\/p>\n\n\n\n<h2 class=\"wp-block-heading\">Kter\u00fd p\u0159eklad Bible je nejlep\u0161\u00ed?<\/h2>\n\n\n\n<p>Pro katol\u00edky se doporu\u010duje:<\/p>\n\n\n\n<ul>\n<li>Jeruzal\u00e9msk\u00e1 Bible<\/li>\n\n\n\n<li>Latinskoamerick\u00e1 Bible<\/li>\n\n\n\n<li>Bible Nacre-Colunga<\/li>\n<\/ul>\n\n\n\n<p>V\u0161echny jsou p\u0159\u00edtomny v aplikac\u00edch, kter\u00e9 doporu\u010dujeme.<\/p>\n\n\n\n<h2 class=\"wp-block-heading\">Ud\u011blejte prvn\u00ed krok k duchovn\u011bj\u0161\u00edmu \u017eivotu<\/h2>\n\n\n\n<p>U\u017e \u017e\u00e1dn\u00e9 v\u00fdmluvy. S mobiln\u00edm telefonem a jednou z t\u011bchto aplikac\u00ed si m\u016f\u017eete \u010d\u00edst a poslouchat\u2026 <strong>Katolick\u00e1 Bible<\/strong> kdekoli a kdykoli chcete.<\/p>\n\n\n\n<p>Pamatujte: nepot\u0159ebujete neust\u00e1l\u00e9 p\u0159ipojen\u00ed ani technick\u00e9 znalosti. Sta\u010d\u00ed touha b\u00fdt bl\u00ed\u017ee k Bohu.<\/p>\n\n\n\n<p>Klikn\u011bte na odkazy, nainstalujte si aplikaci, kter\u00e1 se v\u00e1m nejv\u00edce l\u00edb\u00ed, a za\u010dn\u011bte je\u0161t\u011b dnes.<\/p>\n\n\n\n<h2 class=\"wp-block-heading\">Jednat je\u0161t\u011b dnes<\/h2>\n\n\n\n<p>Pokud jste se dostali a\u017e sem, prvn\u00ed krok jste ji\u017e ud\u011blali. Te\u010f u\u017e jen zb\u00fdv\u00e1 nainstalovat jednu z doporu\u010den\u00fdch aplikac\u00ed.<\/p>\n\n\n\n<p>Objevte, jak technologie mohou \u017eivit va\u0161i v\u00edru, p\u0159in\u00e1\u0161et \u00fat\u011bchu a posilovat va\u0161eho ducha.<\/p>\n\n\n\n<p>Klikn\u011bte, nainstalujte a nechte Slovo prom\u011bnit v\u00e1\u0161 den. \ud83d\ude4f<\/p>","protected":false},"excerpt":{"rendered":"<p>Vezm\u011bte si s sebou Bo\u017e\u00ed slovo. Co hled\u00e1te? Objevte nov\u00fd zp\u016fsob, jak se spojit se svou v\u00edrou. Aplikace pro \u010dten\u00ed a poslech katolick\u00e9 Bible: tento n\u00e1stroj zm\u011bnil zp\u016fsob, jak\u00fdm miliony lid\u00ed p\u0159istupuj\u00ed ke Slovu. Cht\u011bli byste m\u00edt Bibli v\u017edy po ruce, ani\u017e byste ji museli n\u00e9st jakoukoli z\u00e1t\u011b\u017e? Je pro v\u00e1s t\u011b\u017ek\u00e9 naj\u00edt si \u010das [\u2026]<\/p>","protected":false},"author":139,"featured_media":9190,"comment_status":"closed","ping_status":"open","sticky":false,"template":"","format":"standard","meta":{"footnotes":""},"categories":[2],"tags":[2162,2163,2161,2164,1018],"yoast_head":"<!-- This site is optimized with the Yoast SEO plugin v23.3 - https:\/\/yoast.com\/wordpress\/plugins\/seo\/ -->\n<title>Aplicativo para leer y escuchar la Biblia Cat\u00f3lica - Universo Fam\u00edlia<\/title>\n<meta name=\"description\" content=\"Aplicativo para leer y escuchar la Biblia Cat\u00f3lica. Aplicativo para leer y escuchar la Biblia Cat\u00f3lica: esta herramienta ha transformado...\" \/>\n<meta name=\"robots\" content=\"index, follow, max-snippet:-1, max-image-preview:large, max-video-preview:-1\" \/>\n<link rel=\"canonical\" href=\"http:\/\/universofamilia.com\/cs\/aplicativo-para-leer-y-escuchar-la-biblia-catolica\/\" \/>\n<meta property=\"og:locale\" content=\"cs_CZ\" \/>\n<meta property=\"og:type\" content=\"article\" \/>\n<meta property=\"og:title\" content=\"Aplicativo para leer y escuchar la Biblia Cat\u00f3lica - Universo Fam\u00edlia\" \/>\n<meta property=\"og:description\" content=\"Aplicativo para leer y escuchar la Biblia Cat\u00f3lica. Aplicativo para leer y escuchar la Biblia Cat\u00f3lica: esta herramienta ha transformado...\" \/>\n<meta property=\"og:url\" content=\"http:\/\/universofamilia.com\/cs\/aplicativo-para-leer-y-escuchar-la-biblia-catolica\/\" \/>\n<meta property=\"og:site_name\" content=\"Universo Fam\u00edlia\" \/>\n<meta property=\"article:published_time\" content=\"2025-04-02T20:40:24+00:00\" \/>\n<meta property=\"article:modified_time\" content=\"2025-10-14T01:06:25+00:00\" \/>\n<meta property=\"og:image\" content=\"https:\/\/universofamilia.com\/wp-content\/uploads\/sites\/148\/2025\/04\/DESTAQUE-UNIVERSO-550-x-350-19-2.jpg\" \/>\n\t<meta property=\"og:image:width\" content=\"550\" \/>\n\t<meta property=\"og:image:height\" content=\"350\" \/>\n\t<meta property=\"og:image:type\" content=\"image\/jpeg\" \/>\n<meta name=\"author\" content=\"Pedro Henrique\" \/>\n<meta name=\"twitter:card\" content=\"summary_large_image\" \/>\n<meta name=\"twitter:label1\" content=\"Written by\" \/>\n\t<meta name=\"twitter:data1\" content=\"Pedro Henrique\" \/>\n\t<meta name=\"twitter:label2\" content=\"Est. reading time\" \/>\n\t<meta name=\"twitter:data2\" content=\"6 minut\" \/>\n<script type=\"application\/ld+json\" class=\"yoast-schema-graph\">{\"@context\":\"https:\/\/schema.org\",\"@graph\":[{\"@type\":\"WebPage\",\"@id\":\"https:\/\/universofamilia.com\/aplicativo-para-leer-y-escuchar-la-biblia-catolica\/\",\"url\":\"https:\/\/universofamilia.com\/aplicativo-para-leer-y-escuchar-la-biblia-catolica\/\",\"name\":\"Aplicativo para leer y escuchar la Biblia Cat\u00f3lica - Universo Fam\u00edlia\",\"isPartOf\":{\"@id\":\"https:\/\/universofamilia.com\/el\/#website\"},\"primaryImageOfPage\":{\"@id\":\"https:\/\/universofamilia.com\/aplicativo-para-leer-y-escuchar-la-biblia-catolica\/#primaryimage\"},\"image\":{\"@id\":\"https:\/\/universofamilia.com\/aplicativo-para-leer-y-escuchar-la-biblia-catolica\/#primaryimage\"},\"thumbnailUrl\":\"http:\/\/universofamilia.com\/wp-content\/uploads\/sites\/148\/2025\/04\/DESTAQUE-UNIVERSO-550-x-350-19-2.jpg\",\"datePublished\":\"2025-04-02T20:40:24+00:00\",\"dateModified\":\"2025-10-14T01:06:25+00:00\",\"author\":{\"@id\":\"https:\/\/universofamilia.com\/el\/#\/schema\/person\/f07ce98187dd84d31154262e79b3b7ca\"},\"description\":\"Aplicativo para leer y escuchar la Biblia Cat\u00f3lica. Aplicativo para leer y escuchar la Biblia Cat\u00f3lica: esta herramienta ha transformado...\",\"breadcrumb\":{\"@id\":\"https:\/\/universofamilia.com\/aplicativo-para-leer-y-escuchar-la-biblia-catolica\/#breadcrumb\"},\"inLanguage\":\"cs\",\"potentialAction\":[{\"@type\":\"ReadAction\",\"target\":[\"https:\/\/universofamilia.com\/aplicativo-para-leer-y-escuchar-la-biblia-catolica\/\"]}]},{\"@type\":\"ImageObject\",\"inLanguage\":\"cs\",\"@id\":\"https:\/\/universofamilia.com\/aplicativo-para-leer-y-escuchar-la-biblia-catolica\/#primaryimage\",\"url\":\"http:\/\/universofamilia.com\/wp-content\/uploads\/sites\/148\/2025\/04\/DESTAQUE-UNIVERSO-550-x-350-19-2.jpg\",\"contentUrl\":\"http:\/\/universofamilia.com\/wp-content\/uploads\/sites\/148\/2025\/04\/DESTAQUE-UNIVERSO-550-x-350-19-2.jpg\",\"width\":550,\"height\":350,\"caption\":\"Aplicativo para leer y escuchar la Biblia Cat\u00f3lica\"},{\"@type\":\"BreadcrumbList\",\"@id\":\"https:\/\/universofamilia.com\/aplicativo-para-leer-y-escuchar-la-biblia-catolica\/#breadcrumb\",\"itemListElement\":[{\"@type\":\"ListItem\",\"position\":1,\"name\":\"Home\",\"item\":\"https:\/\/universofamilia.com\/el\/\"},{\"@type\":\"ListItem\",\"position\":2,\"name\":\"Aplicativo para leer y escuchar la Biblia Cat\u00f3lica\"}]},{\"@type\":\"WebSite\",\"@id\":\"https:\/\/universofamilia.com\/el\/#website\",\"url\":\"https:\/\/universofamilia.com\/el\/\",\"name\":\"Universo Fam\u00edlia\",\"description\":\"\",\"potentialAction\":[{\"@type\":\"SearchAction\",\"target\":{\"@type\":\"EntryPoint\",\"urlTemplate\":\"https:\/\/universofamilia.com\/el\/?s={search_term_string}\"},\"query-input\":\"required name=search_term_string\"}],\"inLanguage\":\"cs\"},{\"@type\":\"Person\",\"@id\":\"https:\/\/universofamilia.com\/el\/#\/schema\/person\/f07ce98187dd84d31154262e79b3b7ca\",\"name\":\"Pedro Henrique\",\"image\":{\"@type\":\"ImageObject\",\"inLanguage\":\"cs\",\"@id\":\"https:\/\/universofamilia.com\/el\/#\/schema\/person\/image\/\",\"url\":\"http:\/\/0.gravatar.com\/avatar\/9edfeb808cb4e1599f64d6e45b130154?s=96&d=mm&r=g\",\"contentUrl\":\"http:\/\/0.gravatar.com\/avatar\/9edfeb808cb4e1599f64d6e45b130154?s=96&d=mm&r=g\",\"caption\":\"Pedro Henrique\"},\"url\":\"http:\/\/universofamilia.com\/cs\/author\/editor01\/\"}]}<\/script>\n<!-- \/ Yoast SEO plugin. -->","yoast_head_json":{"title":"Aplicativo para leer y escuchar la Biblia Cat\u00f3lica - Universo Fam\u00edlia","description":"Aplicativo para leer y escuchar la Biblia Cat\u00f3lica. Aplicativo para leer y escuchar la Biblia Cat\u00f3lica: esta herramienta ha transformado...","robots":{"index":"index","follow":"follow","max-snippet":"max-snippet:-1","max-image-preview":"max-image-preview:large","max-video-preview":"max-video-preview:-1"},"canonical":"http:\/\/universofamilia.com\/cs\/aplicativo-para-leer-y-escuchar-la-biblia-catolica\/","og_locale":"cs_CZ","og_type":"article","og_title":"Aplicativo para leer y escuchar la Biblia Cat\u00f3lica - Universo Fam\u00edlia","og_description":"Aplicativo para leer y escuchar la Biblia Cat\u00f3lica. Aplicativo para leer y escuchar la Biblia Cat\u00f3lica: esta herramienta ha transformado...","og_url":"http:\/\/universofamilia.com\/cs\/aplicativo-para-leer-y-escuchar-la-biblia-catolica\/","og_site_name":"Universo Fam\u00edlia","article_published_time":"2025-04-02T20:40:24+00:00","article_modified_time":"2025-10-14T01:06:25+00:00","og_image":[{"width":550,"height":350,"url":"https:\/\/universofamilia.com\/wp-content\/uploads\/sites\/148\/2025\/04\/DESTAQUE-UNIVERSO-550-x-350-19-2.jpg","type":"image\/jpeg"}],"author":"Pedro Henrique","twitter_card":"summary_large_image","twitter_misc":{"Written by":"Pedro Henrique","Est. reading time":"6 minut"},"schema":{"@context":"https:\/\/schema.org","@graph":[{"@type":"WebPage","@id":"https:\/\/universofamilia.com\/aplicativo-para-leer-y-escuchar-la-biblia-catolica\/","url":"https:\/\/universofamilia.com\/aplicativo-para-leer-y-escuchar-la-biblia-catolica\/","name":"Aplicativo para leer y escuchar la Biblia Cat\u00f3lica - Universo Fam\u00edlia","isPartOf":{"@id":"https:\/\/universofamilia.com\/el\/#website"},"primaryImageOfPage":{"@id":"https:\/\/universofamilia.com\/aplicativo-para-leer-y-escuchar-la-biblia-catolica\/#primaryimage"},"image":{"@id":"https:\/\/universofamilia.com\/aplicativo-para-leer-y-escuchar-la-biblia-catolica\/#primaryimage"},"thumbnailUrl":"http:\/\/universofamilia.com\/wp-content\/uploads\/sites\/148\/2025\/04\/DESTAQUE-UNIVERSO-550-x-350-19-2.jpg","datePublished":"2025-04-02T20:40:24+00:00","dateModified":"2025-10-14T01:06:25+00:00","author":{"@id":"https:\/\/universofamilia.com\/el\/#\/schema\/person\/f07ce98187dd84d31154262e79b3b7ca"},"description":"Aplicativo para leer y escuchar la Biblia Cat\u00f3lica. Aplicativo para leer y escuchar la Biblia Cat\u00f3lica: esta herramienta ha transformado...","breadcrumb":{"@id":"https:\/\/universofamilia.com\/aplicativo-para-leer-y-escuchar-la-biblia-catolica\/#breadcrumb"},"inLanguage":"cs","potentialAction":[{"@type":"ReadAction","target":["https:\/\/universofamilia.com\/aplicativo-para-leer-y-escuchar-la-biblia-catolica\/"]}]},{"@type":"ImageObject","inLanguage":"cs","@id":"https:\/\/universofamilia.com\/aplicativo-para-leer-y-escuchar-la-biblia-catolica\/#primaryimage","url":"http:\/\/universofamilia.com\/wp-content\/uploads\/sites\/148\/2025\/04\/DESTAQUE-UNIVERSO-550-x-350-19-2.jpg","contentUrl":"http:\/\/universofamilia.com\/wp-content\/uploads\/sites\/148\/2025\/04\/DESTAQUE-UNIVERSO-550-x-350-19-2.jpg","width":550,"height":350,"caption":"Aplicativo para leer y escuchar la Biblia Cat\u00f3lica"},{"@type":"BreadcrumbList","@id":"https:\/\/universofamilia.com\/aplicativo-para-leer-y-escuchar-la-biblia-catolica\/#breadcrumb","itemListElement":[{"@type":"ListItem","position":1,"name":"Home","item":"https:\/\/universofamilia.com\/el\/"},{"@type":"ListItem","position":2,"name":"Aplicativo para leer y escuchar la Biblia Cat\u00f3lica"}]},{"@type":"WebSite","@id":"https:\/\/universofamilia.com\/el\/#website","url":"https:\/\/universofamilia.com\/el\/","name":"Universo Fam\u00edlia","description":"","potentialAction":[{"@type":"SearchAction","target":{"@type":"EntryPoint","urlTemplate":"https:\/\/universofamilia.com\/el\/?s={search_term_string}"},"query-input":"required name=search_term_string"}],"inLanguage":"cs"},{"@type":"Person","@id":"https:\/\/universofamilia.com\/el\/#\/schema\/person\/f07ce98187dd84d31154262e79b3b7ca","name":"Pedro Henrique","image":{"@type":"ImageObject","inLanguage":"cs","@id":"https:\/\/universofamilia.com\/el\/#\/schema\/person\/image\/","url":"http:\/\/0.gravatar.com\/avatar\/9edfeb808cb4e1599f64d6e45b130154?s=96&d=mm&r=g","contentUrl":"http:\/\/0.gravatar.com\/avatar\/9edfeb808cb4e1599f64d6e45b130154?s=96&d=mm&r=g","caption":"Pedro Henrique"},"url":"http:\/\/universofamilia.com\/cs\/author\/editor01\/"}]}},"_links":{"self":[{"href":"http:\/\/universofamilia.com\/cs\/wp-json\/wp\/v2\/posts\/9186"}],"collection":[{"href":"http:\/\/universofamilia.com\/cs\/wp-json\/wp\/v2\/posts"}],"about":[{"href":"http:\/\/universofamilia.com\/cs\/wp-json\/wp\/v2\/types\/post"}],"author":[{"embeddable":true,"href":"http:\/\/universofamilia.com\/cs\/wp-json\/wp\/v2\/users\/139"}],"replies":[{"embeddable":true,"href":"http:\/\/universofamilia.com\/cs\/wp-json\/wp\/v2\/comments?post=9186"}],"version-history":[{"count":4,"href":"http:\/\/universofamilia.com\/cs\/wp-json\/wp\/v2\/posts\/9186\/revisions"}],"predecessor-version":[{"id":9537,"href":"http:\/\/universofamilia.com\/cs\/wp-json\/wp\/v2\/posts\/9186\/revisions\/9537"}],"wp:featuredmedia":[{"embeddable":true,"href":"http:\/\/universofamilia.com\/cs\/wp-json\/wp\/v2\/media\/9190"}],"wp:attachment":[{"href":"http:\/\/universofamilia.com\/cs\/wp-json\/wp\/v2\/media?parent=9186"}],"wp:term":[{"taxonomy":"category","embeddable":true,"href":"http:\/\/universofamilia.com\/cs\/wp-json\/wp\/v2\/categories?post=9186"},{"taxonomy":"post_tag","embeddable":true,"href":"http:\/\/universofamilia.com\/cs\/wp-json\/wp\/v2\/tags?post=9186"}],"curies":[{"name":"wp","href":"https:\/\/api.w.org\/{rel}","templated":true}]}}