{"id":10390,"date":"2025-11-21T16:03:00","date_gmt":"2025-11-21T19:03:00","guid":{"rendered":"https:\/\/universofamilia.com\/?p=10390"},"modified":"2025-11-21T16:03:03","modified_gmt":"2025-11-21T19:03:03","slug":"paises-lideres-en-energia-solar-y-eolica","status":"publish","type":"post","link":"http:\/\/universofamilia.com\/da\/paises-lideres-en-energia-solar-y-eolica\/","title":{"rendered":"F\u00f8rende lande inden for sol- og vindenergi"},"content":{"rendered":"<p class=\"has-text-align-center\">I en verden, der s\u00f8ger at fremskynde overgangen til rene og b\u00e6redygtige energikilder, <strong>f\u00f8rende lande inden for sol- og vindenergi<\/strong> De bliver inspirerende rollemodeller.<\/p>\n\n\n\n<figure class=\"wp-block-gallery aligncenter has-nested-images columns-default is-cropped wp-block-gallery-1 is-layout-flex wp-block-gallery-is-layout-flex\">\n<figure class=\"wp-block-image size-full\"><img loading=\"lazy\" decoding=\"async\" width=\"450\" height=\"250\" data-id=\"10392\" src=\"https:\/\/universofamilia.com\/wp-content\/uploads\/sites\/148\/2025\/11\/Destaque-Novo-Universo-2-4.jpg\" alt=\"\" class=\"wp-image-10392\" srcset=\"http:\/\/universofamilia.com\/wp-content\/uploads\/sites\/148\/2025\/11\/Destaque-Novo-Universo-2-4.jpg 450w, http:\/\/universofamilia.com\/wp-content\/uploads\/sites\/148\/2025\/11\/Destaque-Novo-Universo-2-4-300x167.jpg 300w, http:\/\/universofamilia.com\/wp-content\/uploads\/sites\/148\/2025\/11\/Destaque-Novo-Universo-2-4-18x10.jpg 18w\" sizes=\"(max-width: 450px) 100vw, 450px\" \/><figcaption class=\"wp-element-caption\">Canva<\/figcaption><\/figure>\n<\/figure>\n\n\n\n<p class=\"has-text-align-center\">Denne artikel unders\u00f8ger, hvilke nationer disse er, hvordan de er n\u00e5et frem til deres position, hvilke strategier de bruger, og hvorfor deres fremskridt er fundamentalt for fremtidens energi.<\/p>\n\n\n\n<p>Her er en kort opsummering:<\/p>\n\n\n\n<p><strong>Oversigt:<\/strong><\/p>\n\n\n\n<p>Globalt overblik over sol- og vindenergi<\/p>\n\n\n\n<p>F\u00f8rende lande<\/p>\n\n\n\n<p>F\u00e6lles succesfaktorer og strategier<\/p>\n\n\n\n<p>Udfordringer de st\u00e5r over for<\/p>\n\n\n\n<p>Hvad kan vi l\u00e6re af dem?<\/p>\n\n\n\n<p>Ofte stillede sp\u00f8rgsm\u00e5l<\/p>\n\n\n\n<h2 class=\"wp-block-heading\">Globalt overblik: den vedvarende revolution<\/h2>\n\n\n\n<p>Eftersp\u00f8rgslen efter ren elektricitet har aldrig v\u00e6ret h\u00f8jere.<\/p>\n\n\n\n<p>I 2024 tilf\u00f8jede verden <strong>550 GW<\/strong> af ny solcellekapacitet, hvilket \u00f8gede den globale installerede kapacitet til ca. <strong>2,2 TW<\/strong>if\u00f8lge Det Internationale Energiagentur.<\/p>\n\n\n\n<p><br>Derudover oplevede vindenergi et rekord\u00e5r i 2023, med <strong>116 GW<\/strong> yderligere installeret, if\u00f8lge rapporten fra Global Wind Energy Council.<\/p>\n\n\n\n<p>Disse tal fremh\u00e6ver en klar tendens: v\u00e6ksten inden for vedvarende energi, is\u00e6r sol- og vindenergi, n\u00e5r et hidtil uset omfang.<\/p>\n\n\n\n<h2 class=\"wp-block-heading\">Hvem er de <strong>f\u00f8rende lande inden for sol- og vindenergi<\/strong>?<\/h2>\n\n\n\n<p>Her fremh\u00e6ver vi nogle af de vigtigste nationer:<\/p>\n\n\n\n<h3 class=\"wp-block-heading\">1. <strong>Kina<\/strong><\/h3>\n\n\n\n<p>Kina f\u00f8rer klart an i begge kilder.<\/p>\n\n\n\n<p>For solenergi n\u00e5ede den installerede kapacitet <strong>887,930 MW<\/strong> inden udgangen af 2024.<\/p>\n\n\n\n<p>Inden for vindkraft tilf\u00f8jer det <strong>521,746 MW<\/strong> af installerede turbiner, hvilket placerer den som den nation med den mest installerede str\u00f8m i verden.<\/p>\n\n\n\n<p>Desuden, if\u00f8lge Global Energy Monitor, n\u00e6sten <strong>74 % af alle sol- og vindprojekter under opf\u00f8relse p\u00e5 verdensplan<\/strong> De er i Kina.<\/p>\n\n\n\n<p>Omfanget af deres engagement kan sammenlignes med at bygge hundredvis af atomkraftv\u00e6rker \u00e5r efter \u00e5r.<\/p>\n\n\n\n<p>Denne sammenligning lyder som en analogi:<\/p>\n\n\n\n<p>Det er som om den asiatiske gigant opbyggede en &quot;energih\u00e6r&quot; best\u00e5ende af paneler og turbiner og erstattede gamle fossile br\u00e6ndstofsoldater med vedvarende kr\u00e6fter.<\/p>\n\n\n\n<h3 class=\"wp-block-heading\">2. <strong>USA<\/strong><\/h3>\n\n\n\n<p>Det har omkring <strong>177.470 MW<\/strong> af installeret solkapacitet.<\/p>\n\n\n\n<p>Inden for vindkraft l\u00f8ber det op i nogle <strong>153,152 MW<\/strong> if\u00f8lge data fra 2024.<\/p>\n\n\n\n<p>Selv om v\u00e6ksten inden for vindkraft har v\u00e6ret mere moderat p\u00e5 det seneste, er den fortsat en n\u00f8glekraft i overgangen.<\/p>\n\n\n\n<h3 class=\"wp-block-heading\">3. <strong>Indien<\/strong><\/h3>\n\n\n\n<p>Installeret <strong>97,384 MW<\/strong> solkapacitet if\u00f8lge de seneste data.<\/p>\n\n\n\n<p>Inden for vindkraft er den ogs\u00e5 vokset: if\u00f8lge Visual Capitalist og energirapporter er det et af de fem st\u00f8rste lande m\u00e5lt p\u00e5 samlet kapacitet.<\/p>\n\n\n\n<p>Faktisk overhalede Indien i 2024 Tyskland som en kombineret generator af sol- og vindenergi, if\u00f8lge Ember.<\/p>\n\n\n\n<h3 class=\"wp-block-heading\">4. <strong>Tyskland<\/strong><\/h3>\n\n\n\n<p>Har <strong>89,943 MW<\/strong> af solcelleanl\u00e6g installeret ved udgangen af 2024.<\/p>\n\n\n\n<p>Inden for vindkraft er Tyskland ogs\u00e5 blandt de f\u00f8rende med mere end <strong>70.000 MW<\/strong>. <\/p>\n\n\n\n<p>Dens europ\u00e6iske lederskab skyldes gunstige politikker, st\u00f8ttesystemer og et stort socialt engagement i energiomstillingen.<\/p>\n\n\n\n<h3 class=\"wp-block-heading\">5. <strong>Brasilien<\/strong><\/h3>\n\n\n\n<p>Inden for solenergi er Brasilien vokset betydeligt; rapporter viser <strong>53,113 MW<\/strong> installeret.<\/p>\n\n\n\n<p>Inden for vindenergi g\u00f8r den ogs\u00e5 st\u00e6rke fremskridt, is\u00e6r i den nord\u00f8stlige region, hvor vindforholdene er meget gunstige.<\/p>\n\n\n\n<h3 class=\"wp-block-heading\">Sammenlignende tabel over installeret kapacitet (sol og vind, cirka 2024)<\/h3>\n\n\n\n<figure class=\"wp-block-table\"><table><thead><tr><th>Land<\/th><th>Solkapacitet (MW)<\/th><th>Vindkraftkapacitet (MW)<\/th><\/tr><\/thead><tbody><tr><td>Kina<\/td><td>887 930<\/td><td>521 746<\/td><\/tr><tr><td>USA<\/td><td>177 470<\/td><td>153 152<\/td><\/tr><tr><td>Indien<\/td><td>97 384<\/td><td>~45 000 <em>i henhold til historisk v\u00e6kst<\/em><\/td><\/tr><tr><td>Tyskland<\/td><td>89 943<\/td><td>72 823<\/td><\/tr><tr><td>Brasilien<\/td><td>53 113<\/td><td>32 959<\/td><\/tr><\/tbody><\/table><figcaption class=\"wp-element-caption\">F\u00f8rende lande inden for sol- og vindenergi<\/figcaption><\/figure>\n\n\n\n<figure class=\"wp-block-gallery aligncenter has-nested-images columns-default is-cropped wp-block-gallery-2 is-layout-flex wp-block-gallery-is-layout-flex\">\n<figure class=\"wp-block-image size-full\"><img loading=\"lazy\" decoding=\"async\" width=\"450\" height=\"250\" data-id=\"10393\" src=\"https:\/\/universofamilia.com\/wp-content\/uploads\/sites\/148\/2025\/11\/Destaque-Novo-Universo-3-2.jpg\" alt=\"\" class=\"wp-image-10393\" srcset=\"http:\/\/universofamilia.com\/wp-content\/uploads\/sites\/148\/2025\/11\/Destaque-Novo-Universo-3-2.jpg 450w, http:\/\/universofamilia.com\/wp-content\/uploads\/sites\/148\/2025\/11\/Destaque-Novo-Universo-3-2-300x167.jpg 300w, http:\/\/universofamilia.com\/wp-content\/uploads\/sites\/148\/2025\/11\/Destaque-Novo-Universo-3-2-18x10.jpg 18w\" sizes=\"(max-width: 450px) 100vw, 450px\" \/><figcaption class=\"wp-element-caption\">Canva<\/figcaption><\/figure>\n<\/figure>\n\n\n\n<p>L\u00e6s mere:\u00a0<a href=\"http:\/\/universofamilia.com\/da\/descubrimientos-cientificos-que-cambiaran-el-futuro\/\">Videnskabelige opdagelser, der vil \u00e6ndre fremtiden<\/a><\/p>\n\n\n\n<h2 class=\"wp-block-heading\">Hvad g\u00f8r dem s\u00e5 succesfulde? Succesfaktorer<\/h2>\n\n\n\n<p>N\u00e5r man analyserer disse <strong>f\u00f8rende lande inden for sol- og vindenergi<\/strong>Flere f\u00e6lles faktorer fremg\u00e5r, som forklarer deres succes:<\/p>\n\n\n\n<p><strong>Ambiti\u00f8se investeringer<\/strong><\/p>\n\n\n\n<p>Kina bygger for eksempel ikke blot i stor skala, men g\u00f8r det meget hurtigt og overg\u00e5r m\u00e5lene for 2030 allerede i 2024. <\/p>\n\n\n\n<p><strong>St\u00f8ttende politikker og klare regler<\/strong><\/p>\n\n\n\n<p>Tyskland og USA har etableret incitamenter, auktioner over vedvarende energi og juridiske rammer, der tilskynder til privat deltagelse.<\/p>\n\n\n\n<p><strong>Teknologisk infrastruktur<\/strong><\/p>\n\n\n\n<p>Udviklingen af fabrikker til solpaneler og vindm\u00f8ller, kombineret med effektive transmissionsnetv\u00e6rk, muligg\u00f8r hurtig kapacitetsudrulning:<\/p>\n\n\n\n<p>Kina producerer endda en stor del af det udstyr, der er installeret globalt.<\/p>\n\n\n\n<p><strong>Socialt og milj\u00f8m\u00e6ssigt engagement<\/strong><\/p>\n\n\n\n<p>I mange tilf\u00e6lde forst\u00e5r samfund og regeringer, at omstillingen ikke kun handler om energi, men ogs\u00e5 om en l\u00f8ftestang for velstand, energiuafh\u00e6ngighed og modstandsdygtighed over for klimaforandringer.<\/p>\n\n\n\n<h2 class=\"wp-block-heading\">Udfordringer i horisonten<\/h2>\n\n\n\n<p>Trods deres lederskab st\u00e5r disse lande ogs\u00e5 over for komplekse udfordringer:<\/p>\n\n\n\n<p><strong>Integration i elnettet<\/strong>At udnytte gigawatt er \u00e9n ting; at sikre, at energien distribueres og lagres effektivt, er noget andet.<\/p>\n\n\n\n<p><strong>Klimavariabilitet<\/strong>B\u00e5de solen og vinden svinger, hvilket kr\u00e6ver l\u00f8sninger som massiv lagring eller integration med andre rene kilder.<\/p>\n\n\n\n<p><strong>Social accept<\/strong>Det er ikke altid let at bygge store vedvarende energiprojekter; der kan v\u00e6re lokal modstand p\u00e5 grund af arealanvendelse, landskaber og milj\u00f8p\u00e5virkning.<\/p>\n\n\n\n<p><strong>Langfristet finansiering<\/strong>Byggeri er dyrt, men drift, vedligeholdelse og modernisering kr\u00e6ver ogs\u00e5 l\u00f8bende kapital.<\/p>\n\n\n\n<h2 class=\"wp-block-heading\">Hvilke erfaringer kan vi l\u00e6re af andre lande eller virksomheder?<\/h2>\n\n\n\n<p><strong>Langsigtet vision:<\/strong> Ledere projicerer sig selv \u00e5rtier ind i fremtiden; deres engagement er ikke midlertidigt.<\/p>\n\n\n\n<p><strong>Diversificering af vedvarende energikilder:<\/strong> Kombinationen af sol- og vindenergi muligg\u00f8r en balanceret energiproduktion.<\/p>\n\n\n\n<p><strong>Investering i mennesker og teknologi:<\/strong> Det handler ikke kun om paneler eller turbiner, men om eksperter, forskning, infrastruktur og v\u00e6rdik\u00e6den.<\/p>\n\n\n\n<p><strong>Internationalt samarbejde:<\/strong> Samarbejde med andre lande om at dele teknologi, finansiering og viden fremskynder f\u00e6lles fremskridt.<\/p>\n\n\n\n<p>For eksempel kunne et lille land med masser af solskin, men ingen udviklet teknologisk kapacitet, samarbejde med en leder som Kina eller Tyskland for at fremskynde sin egen udrulning af vedvarende energi (f\u00f8rste originale eksempel).<\/p>\n\n\n\n<p>Et andet eksempel: en industriby kunne kombinere solcelleparker p\u00e5 taget med byvindm\u00f8lleparker og dermed efterligne den blandede model fra de mest avancerede lande (andet originalt eksempel).<\/p>\n\n\n\n<h2 class=\"wp-block-heading\">Analogi for at forst\u00e5 dens indflydelse<\/h2>\n\n\n\n<p>Forestil dig et stort symfoniorkester. Hvert instrument lyder kraftfuldt i sig selv, men n\u00e5r de alle spiller sammen under en vision\u00e6r dirigent, sv\u00e6ver musikken.<\/p>\n\n\n\n<p>P\u00e5 samme m\u00e5de <strong>f\u00f8rende lande inden for sol- og vindenergi<\/strong> De sammens\u00e6tter en energisk symfoni:<\/p>\n\n\n\n<p>Solpaneler, vindm\u00f8ller, smarte net og lagring, alt sammen koordineret for at skabe den rene harmoni, vores planet har brug for.<\/p>\n\n\n\n<h2 class=\"wp-block-heading\">Retorisk sp\u00f8rgsm\u00e5l til refleksion<\/h2>\n\n\n\n<p>Er det ikke inspirerende at se, hvordan nogle nationer forvandler vind og sol, to frie elementer i naturen, til reel energi for deres borgere og deres udvikling, uden at v\u00e6re afh\u00e6ngige af fossile br\u00e6ndstoffer?<\/p>\n\n\n\n<h2 class=\"wp-block-heading\">Konklusion<\/h2>\n\n\n\n<p>De <strong>f\u00f8rende lande inden for sol- og vindenergi<\/strong> Kina, USA, Indien, Tyskland og Brasilien s\u00e6tter tempoet for den globale energiomstilling.<\/p>\n\n\n\n<p>Takket v\u00e6re massive investeringer, klare politikker, avanceret teknologi og socialt engagement har de n\u00e5et et kapacitetsniveau, der aldrig er set f\u00f8r.<\/p>\n\n\n\n<p>Hans lederskab er dog ikke uden udfordringer: at integrere al den energi, sikre dens stabilitet og holde trit kr\u00e6ver konstant innovation.<\/p>\n\n\n\n<p>Deres erfaring giver v\u00e6rdifulde lektioner: langsigtet vision, diversificering, investering i talent og infrastruktur samt internationalt samarbejde.<\/p>\n\n\n\n<p>Hvis flere nationer adopterede disse strategier, kunne verden bev\u00e6ge sig hurtigere mod en virkelig ren og sikker fremtid.<\/p>\n\n\n\n<p>L\u00e6s mere:\u00a0<a href=\"http:\/\/universofamilia.com\/da\/energias-renovables-en-el-mundo-avances-y-desafios-para-2030\/\">Vedvarende energi i verden: fremskridt og udfordringer for 2030<\/a><\/p>\n\n\n\n<h2 class=\"wp-block-heading\">Ofte stillede sp\u00f8rgsm\u00e5l (FAQ)<\/h2>\n\n\n\n<p><strong>Hvorfor er Kina s\u00e5 langt foran, hvad ang\u00e5r sol- og vindkraft?<\/strong><\/p>\n\n\n\n<p>Kina kombinerer en enorm investeringsskala, gunstig politik, industriel kapacitet til at fremstille paneler og turbiner samt tilg\u00e6ngelig jord til massive projekter.<\/p>\n\n\n\n<p><strong>Betyder v\u00e6ksten inden for vedvarende energi, at de helt vil opgive fossile br\u00e6ndstoffer?<\/strong><\/p>\n\n\n\n<p>Ikke n\u00f8dvendigvis med det samme. Mange lande g\u00f8r parallelle fremskridt: de forts\u00e6tter med at bruge fossile br\u00e6ndstoffer, samtidig med at de udvider deres vedvarende energikilder. Overgangen er gradvis.<\/p>\n\n\n\n<p><strong>Hvad er andre, mindre landes rolle?<\/strong><\/p>\n\n\n\n<p>Selv hvis de ikke f\u00f8rer an p\u00e5 globalt plan, kan mange anvende ledernes bedste praksis:<\/p>\n\n\n\n<p>Auktioner over vedvarende energi, partnerskaber med teknologivirksomheder, integration i smarte net og fremme af borgerdeltagelse i lokale solcelleprojekter.<\/p>\n\n\n\n<p><strong>Hvordan finansieres disse megaprojekter?<\/strong><\/p>\n\n\n\n<p>Offentlige midler, private investeringer, international finansiering, gr\u00f8nne obligationer og offentlig-private partnerskaber kombineres.<\/p>\n\n\n\n<p><strong>Hvad kan en virksomhed eller by g\u00f8re for at deltage i denne revolution?<\/strong><\/p>\n\n\n\n<p>Du kan starte med energirevisioner, planer om installation af solpaneler, samarbejde med udviklere af vedvarende energi, bruge gr\u00f8nne finansielle instrumenter og fremme gunstige lokale politikker.<\/p>","protected":false},"excerpt":{"rendered":"<p>En un mundo que busca acelerar la transici\u00f3n hacia fuentes limpias y sostenibles, los pa\u00edses l\u00edderes en energ\u00eda solar y e\u00f3lica se convierten en modelos inspiradores. Este art\u00edculo explora cu\u00e1les son esas naciones, c\u00f3mo han llegado a su posici\u00f3n, qu\u00e9 estrategias utilizan y por qu\u00e9 su avance es fundamental para el futuro energ\u00e9tico. A continuaci\u00f3n, [&hellip;]<\/p>","protected":false},"author":219,"featured_media":10391,"comment_status":"closed","ping_status":"open","sticky":false,"template":"","format":"standard","meta":{"footnotes":""},"categories":[4],"tags":[],"yoast_head":"<!-- This site is optimized with the Yoast SEO plugin v23.3 - https:\/\/yoast.com\/wordpress\/plugins\/seo\/ -->\n<title>Pa\u00edses l\u00edderes en energ\u00eda solar y e\u00f3lica - Universo Fam\u00edlia<\/title>\n<meta name=\"description\" content=\"En un mundo que busca acelerar la transici\u00f3n hacia fuentes limpias y sostenibles, los pa\u00edses l\u00edderes en energ\u00eda solar y e\u00f3lica se convierten.\" \/>\n<meta name=\"robots\" content=\"index, follow, max-snippet:-1, max-image-preview:large, max-video-preview:-1\" \/>\n<link rel=\"canonical\" href=\"http:\/\/universofamilia.com\/da\/paises-lideres-en-energia-solar-y-eolica\/\" \/>\n<meta property=\"og:locale\" content=\"da_DK\" \/>\n<meta property=\"og:type\" content=\"article\" \/>\n<meta property=\"og:title\" content=\"Pa\u00edses l\u00edderes en energ\u00eda solar y e\u00f3lica - Universo Fam\u00edlia\" \/>\n<meta property=\"og:description\" content=\"En un mundo que busca acelerar la transici\u00f3n hacia fuentes limpias y sostenibles, los pa\u00edses l\u00edderes en energ\u00eda solar y e\u00f3lica se convierten.\" \/>\n<meta property=\"og:url\" content=\"http:\/\/universofamilia.com\/da\/paises-lideres-en-energia-solar-y-eolica\/\" \/>\n<meta property=\"og:site_name\" content=\"Universo Fam\u00edlia\" \/>\n<meta property=\"article:published_time\" content=\"2025-11-21T19:03:00+00:00\" \/>\n<meta property=\"article:modified_time\" content=\"2025-11-21T19:03:03+00:00\" \/>\n<meta property=\"og:image\" content=\"http:\/\/universofamilia.com\/wp-content\/uploads\/sites\/148\/2025\/11\/Destaque-Novo-Universo-2-3.jpg\" \/>\n\t<meta property=\"og:image:width\" content=\"450\" \/>\n\t<meta property=\"og:image:height\" content=\"250\" \/>\n\t<meta property=\"og:image:type\" content=\"image\/jpeg\" \/>\n<meta name=\"author\" content=\"Matheus Sangaletti\" \/>\n<meta name=\"twitter:card\" content=\"summary_large_image\" \/>\n<meta name=\"twitter:label1\" content=\"Written by\" \/>\n\t<meta name=\"twitter:data1\" content=\"Matheus Sangaletti\" \/>\n\t<meta name=\"twitter:label2\" content=\"Est. reading time\" \/>\n\t<meta name=\"twitter:data2\" content=\"8 minutter\" \/>\n<script type=\"application\/ld+json\" class=\"yoast-schema-graph\">{\"@context\":\"https:\/\/schema.org\",\"@graph\":[{\"@type\":\"WebPage\",\"@id\":\"http:\/\/universofamilia.com\/ar\/paises-lideres-en-energia-solar-y-eolica\/\",\"url\":\"http:\/\/universofamilia.com\/ar\/paises-lideres-en-energia-solar-y-eolica\/\",\"name\":\"Pa\u00edses l\u00edderes en energ\u00eda solar y e\u00f3lica - Universo Fam\u00edlia\",\"isPartOf\":{\"@id\":\"https:\/\/universofamilia.com\/el\/#website\"},\"primaryImageOfPage\":{\"@id\":\"http:\/\/universofamilia.com\/ar\/paises-lideres-en-energia-solar-y-eolica\/#primaryimage\"},\"image\":{\"@id\":\"http:\/\/universofamilia.com\/ar\/paises-lideres-en-energia-solar-y-eolica\/#primaryimage\"},\"thumbnailUrl\":\"http:\/\/universofamilia.com\/wp-content\/uploads\/sites\/148\/2025\/11\/Destaque-Novo-Universo-2-3.jpg\",\"datePublished\":\"2025-11-21T19:03:00+00:00\",\"dateModified\":\"2025-11-21T19:03:03+00:00\",\"author\":{\"@id\":\"https:\/\/universofamilia.com\/el\/#\/schema\/person\/92fcd07e9b1f4323bf74f3170fc0f78a\"},\"description\":\"En un mundo que busca acelerar la transici\u00f3n hacia fuentes limpias y sostenibles, los pa\u00edses l\u00edderes en energ\u00eda solar y e\u00f3lica se convierten.\",\"breadcrumb\":{\"@id\":\"http:\/\/universofamilia.com\/ar\/paises-lideres-en-energia-solar-y-eolica\/#breadcrumb\"},\"inLanguage\":\"da-DK\",\"potentialAction\":[{\"@type\":\"ReadAction\",\"target\":[\"http:\/\/universofamilia.com\/ar\/paises-lideres-en-energia-solar-y-eolica\/\"]}]},{\"@type\":\"ImageObject\",\"inLanguage\":\"da-DK\",\"@id\":\"http:\/\/universofamilia.com\/ar\/paises-lideres-en-energia-solar-y-eolica\/#primaryimage\",\"url\":\"http:\/\/universofamilia.com\/wp-content\/uploads\/sites\/148\/2025\/11\/Destaque-Novo-Universo-2-3.jpg\",\"contentUrl\":\"http:\/\/universofamilia.com\/wp-content\/uploads\/sites\/148\/2025\/11\/Destaque-Novo-Universo-2-3.jpg\",\"width\":450,\"height\":250},{\"@type\":\"BreadcrumbList\",\"@id\":\"http:\/\/universofamilia.com\/ar\/paises-lideres-en-energia-solar-y-eolica\/#breadcrumb\",\"itemListElement\":[{\"@type\":\"ListItem\",\"position\":1,\"name\":\"Home\",\"item\":\"https:\/\/universofamilia.com\/el\/\"},{\"@type\":\"ListItem\",\"position\":2,\"name\":\"Pa\u00edses l\u00edderes en energ\u00eda solar y e\u00f3lica\"}]},{\"@type\":\"WebSite\",\"@id\":\"https:\/\/universofamilia.com\/el\/#website\",\"url\":\"https:\/\/universofamilia.com\/el\/\",\"name\":\"Universo Fam\u00edlia\",\"description\":\"\",\"potentialAction\":[{\"@type\":\"SearchAction\",\"target\":{\"@type\":\"EntryPoint\",\"urlTemplate\":\"https:\/\/universofamilia.com\/el\/?s={search_term_string}\"},\"query-input\":\"required name=search_term_string\"}],\"inLanguage\":\"da-DK\"},{\"@type\":\"Person\",\"@id\":\"https:\/\/universofamilia.com\/el\/#\/schema\/person\/92fcd07e9b1f4323bf74f3170fc0f78a\",\"name\":\"Matheus Sangaletti\",\"image\":{\"@type\":\"ImageObject\",\"inLanguage\":\"da-DK\",\"@id\":\"https:\/\/universofamilia.com\/el\/#\/schema\/person\/image\/\",\"url\":\"http:\/\/2.gravatar.com\/avatar\/280ea957a14a48e6a1ad2133d2cc27c9?s=96&d=mm&r=g\",\"contentUrl\":\"http:\/\/2.gravatar.com\/avatar\/280ea957a14a48e6a1ad2133d2cc27c9?s=96&d=mm&r=g\",\"caption\":\"Matheus Sangaletti\"},\"url\":\"http:\/\/universofamilia.com\/da\/author\/matheuss\/\"}]}<\/script>\n<!-- \/ Yoast SEO plugin. -->","yoast_head_json":{"title":"Pa\u00edses l\u00edderes en energ\u00eda solar y e\u00f3lica - Universo Fam\u00edlia","description":"En un mundo que busca acelerar la transici\u00f3n hacia fuentes limpias y sostenibles, los pa\u00edses l\u00edderes en energ\u00eda solar y e\u00f3lica se convierten.","robots":{"index":"index","follow":"follow","max-snippet":"max-snippet:-1","max-image-preview":"max-image-preview:large","max-video-preview":"max-video-preview:-1"},"canonical":"http:\/\/universofamilia.com\/da\/paises-lideres-en-energia-solar-y-eolica\/","og_locale":"da_DK","og_type":"article","og_title":"Pa\u00edses l\u00edderes en energ\u00eda solar y e\u00f3lica - Universo Fam\u00edlia","og_description":"En un mundo que busca acelerar la transici\u00f3n hacia fuentes limpias y sostenibles, los pa\u00edses l\u00edderes en energ\u00eda solar y e\u00f3lica se convierten.","og_url":"http:\/\/universofamilia.com\/da\/paises-lideres-en-energia-solar-y-eolica\/","og_site_name":"Universo Fam\u00edlia","article_published_time":"2025-11-21T19:03:00+00:00","article_modified_time":"2025-11-21T19:03:03+00:00","og_image":[{"width":450,"height":250,"url":"http:\/\/universofamilia.com\/wp-content\/uploads\/sites\/148\/2025\/11\/Destaque-Novo-Universo-2-3.jpg","type":"image\/jpeg"}],"author":"Matheus Sangaletti","twitter_card":"summary_large_image","twitter_misc":{"Written by":"Matheus Sangaletti","Est. reading time":"8 minutter"},"schema":{"@context":"https:\/\/schema.org","@graph":[{"@type":"WebPage","@id":"http:\/\/universofamilia.com\/ar\/paises-lideres-en-energia-solar-y-eolica\/","url":"http:\/\/universofamilia.com\/ar\/paises-lideres-en-energia-solar-y-eolica\/","name":"Pa\u00edses l\u00edderes en energ\u00eda solar y e\u00f3lica - Universo Fam\u00edlia","isPartOf":{"@id":"https:\/\/universofamilia.com\/el\/#website"},"primaryImageOfPage":{"@id":"http:\/\/universofamilia.com\/ar\/paises-lideres-en-energia-solar-y-eolica\/#primaryimage"},"image":{"@id":"http:\/\/universofamilia.com\/ar\/paises-lideres-en-energia-solar-y-eolica\/#primaryimage"},"thumbnailUrl":"http:\/\/universofamilia.com\/wp-content\/uploads\/sites\/148\/2025\/11\/Destaque-Novo-Universo-2-3.jpg","datePublished":"2025-11-21T19:03:00+00:00","dateModified":"2025-11-21T19:03:03+00:00","author":{"@id":"https:\/\/universofamilia.com\/el\/#\/schema\/person\/92fcd07e9b1f4323bf74f3170fc0f78a"},"description":"En un mundo que busca acelerar la transici\u00f3n hacia fuentes limpias y sostenibles, los pa\u00edses l\u00edderes en energ\u00eda solar y e\u00f3lica se convierten.","breadcrumb":{"@id":"http:\/\/universofamilia.com\/ar\/paises-lideres-en-energia-solar-y-eolica\/#breadcrumb"},"inLanguage":"da-DK","potentialAction":[{"@type":"ReadAction","target":["http:\/\/universofamilia.com\/ar\/paises-lideres-en-energia-solar-y-eolica\/"]}]},{"@type":"ImageObject","inLanguage":"da-DK","@id":"http:\/\/universofamilia.com\/ar\/paises-lideres-en-energia-solar-y-eolica\/#primaryimage","url":"http:\/\/universofamilia.com\/wp-content\/uploads\/sites\/148\/2025\/11\/Destaque-Novo-Universo-2-3.jpg","contentUrl":"http:\/\/universofamilia.com\/wp-content\/uploads\/sites\/148\/2025\/11\/Destaque-Novo-Universo-2-3.jpg","width":450,"height":250},{"@type":"BreadcrumbList","@id":"http:\/\/universofamilia.com\/ar\/paises-lideres-en-energia-solar-y-eolica\/#breadcrumb","itemListElement":[{"@type":"ListItem","position":1,"name":"Home","item":"https:\/\/universofamilia.com\/el\/"},{"@type":"ListItem","position":2,"name":"Pa\u00edses l\u00edderes en energ\u00eda solar y e\u00f3lica"}]},{"@type":"WebSite","@id":"https:\/\/universofamilia.com\/el\/#website","url":"https:\/\/universofamilia.com\/el\/","name":"Universo Fam\u00edlia","description":"","potentialAction":[{"@type":"SearchAction","target":{"@type":"EntryPoint","urlTemplate":"https:\/\/universofamilia.com\/el\/?s={search_term_string}"},"query-input":"required name=search_term_string"}],"inLanguage":"da-DK"},{"@type":"Person","@id":"https:\/\/universofamilia.com\/el\/#\/schema\/person\/92fcd07e9b1f4323bf74f3170fc0f78a","name":"Matheus Sangaletti","image":{"@type":"ImageObject","inLanguage":"da-DK","@id":"https:\/\/universofamilia.com\/el\/#\/schema\/person\/image\/","url":"http:\/\/2.gravatar.com\/avatar\/280ea957a14a48e6a1ad2133d2cc27c9?s=96&d=mm&r=g","contentUrl":"http:\/\/2.gravatar.com\/avatar\/280ea957a14a48e6a1ad2133d2cc27c9?s=96&d=mm&r=g","caption":"Matheus Sangaletti"},"url":"http:\/\/universofamilia.com\/da\/author\/matheuss\/"}]}},"_links":{"self":[{"href":"http:\/\/universofamilia.com\/da\/wp-json\/wp\/v2\/posts\/10390"}],"collection":[{"href":"http:\/\/universofamilia.com\/da\/wp-json\/wp\/v2\/posts"}],"about":[{"href":"http:\/\/universofamilia.com\/da\/wp-json\/wp\/v2\/types\/post"}],"author":[{"embeddable":true,"href":"http:\/\/universofamilia.com\/da\/wp-json\/wp\/v2\/users\/219"}],"replies":[{"embeddable":true,"href":"http:\/\/universofamilia.com\/da\/wp-json\/wp\/v2\/comments?post=10390"}],"version-history":[{"count":1,"href":"http:\/\/universofamilia.com\/da\/wp-json\/wp\/v2\/posts\/10390\/revisions"}],"predecessor-version":[{"id":10394,"href":"http:\/\/universofamilia.com\/da\/wp-json\/wp\/v2\/posts\/10390\/revisions\/10394"}],"wp:featuredmedia":[{"embeddable":true,"href":"http:\/\/universofamilia.com\/da\/wp-json\/wp\/v2\/media\/10391"}],"wp:attachment":[{"href":"http:\/\/universofamilia.com\/da\/wp-json\/wp\/v2\/media?parent=10390"}],"wp:term":[{"taxonomy":"category","embeddable":true,"href":"http:\/\/universofamilia.com\/da\/wp-json\/wp\/v2\/categories?post=10390"},{"taxonomy":"post_tag","embeddable":true,"href":"http:\/\/universofamilia.com\/da\/wp-json\/wp\/v2\/tags?post=10390"}],"curies":[{"name":"wp","href":"https:\/\/api.w.org\/{rel}","templated":true}]}}