{"id":10395,"date":"2025-11-21T22:52:32","date_gmt":"2025-11-22T01:52:32","guid":{"rendered":"https:\/\/universofamilia.com\/?p=10395"},"modified":"2025-11-21T22:52:36","modified_gmt":"2025-11-22T01:52:36","slug":"como-resguardar-tu-informacion-personal-en-la-era-digital","status":"publish","type":"post","link":"http:\/\/universofamilia.com\/da\/como-resguardar-tu-informacion-personal-en-la-era-digital\/","title":{"rendered":"S\u00e5dan beskytter du dine personlige oplysninger i den digitale tidsalder"},"content":{"rendered":"<p class=\"has-text-align-center\">Udtrykket <strong>&quot;<em>S\u00e5dan beskytter du dine personlige oplysninger i den digitale tidsalder<\/em>&quot;<\/strong> Det er blevet en daglig bekymring i 2025, is\u00e6r p\u00e5 grund af stigningen i l\u00e6kager og den intensive brug af data fra apps, platforme og tjenester.<\/p>\n\n\n\n<figure class=\"wp-block-gallery has-nested-images columns-default is-cropped wp-block-gallery-1 is-layout-flex wp-block-gallery-is-layout-flex\">\n<figure class=\"wp-block-image size-full\"><img loading=\"lazy\" decoding=\"async\" width=\"450\" height=\"250\" data-id=\"10399\" src=\"https:\/\/universofamilia.com\/wp-content\/uploads\/sites\/148\/2025\/11\/Destaque-Novo-Universo-9.jpg\" alt=\"\" class=\"wp-image-10399\" srcset=\"http:\/\/universofamilia.com\/wp-content\/uploads\/sites\/148\/2025\/11\/Destaque-Novo-Universo-9.jpg 450w, http:\/\/universofamilia.com\/wp-content\/uploads\/sites\/148\/2025\/11\/Destaque-Novo-Universo-9-300x167.jpg 300w, http:\/\/universofamilia.com\/wp-content\/uploads\/sites\/148\/2025\/11\/Destaque-Novo-Universo-9-18x10.jpg 18w\" sizes=\"(max-width: 450px) 100vw, 450px\" \/><figcaption class=\"wp-element-caption\">Canva<\/figcaption><\/figure>\n<\/figure>\n\n\n\n<p class=\"has-text-align-center\">F\u00f8r man dykker ned i emnet, er det nyttigt at gennemg\u00e5 en kort opsummering:<\/p>\n\n\n\n<p class=\"has-text-align-center\">Hvorfor personoplysninger er blevet s\u00e5 v\u00e6rdifulde, hvilke praksisser der tilbyder bedre beskyttelse, nyere officielle statistikker, to eksempler fra den virkelige verden, en klar analogi, en tabel med vigtige m\u00e5linger og hurtige svar p\u00e5 ofte stillede sp\u00f8rgsm\u00e5l.<\/p>\n\n\n\n<p class=\"has-text-align-center\">Synes du ikke, det er tid til at beskytte dit digitale liv, f\u00f8r en fejltagelse i d\u00f8mmekraften s\u00e6tter dig i fare?<\/p>\n\n\n\n<h2 class=\"wp-block-heading\"><strong>Den nye v\u00e6rdi af din digitale identitet<\/strong><\/h2>\n\n\n\n<p>Med flere og flere procedurer, k\u00f8b og samtaler, der flytter sig online, er privatliv ikke l\u00e6ngere en teknisk detalje og er blevet et dagligt ansvar.<\/p>\n\n\n\n<p>Den amerikanske f\u00f8derale handelskommission (FTC) registrerede mere end <strong>1,1 millioner anmeldelser af identitetstyveri<\/strong>Dette tal har ogs\u00e5 en indvirkning p\u00e5 Mexico p\u00e5 grund af den konstante udveksling af gr\u00e6nseoverskridende platforme, betalingsmetoder og tjenester.<\/p>\n\n\n\n<p>I betragtning af det scenarie, forst\u00e5else <strong>S\u00e5dan beskytter du dine personlige oplysninger i den digitale tidsalder<\/strong> Det bliver en grundl\u00e6ggende f\u00e6rdighed for enhver forbundet person.<\/p>\n\n\n\n<p>Beskyttelse af data involverer mere end blot at have st\u00e6rke adgangskoder; det omfatter daglige beslutninger, der reducerer din eksponering.<\/p>\n\n\n\n<p>Ligesom du ikke ville lade dit hus v\u00e6re ul\u00e5st, n\u00e5r du g\u00e5r ud, fungerer digital sikkerhed som at installere en god l\u00e5s, v\u00e6lge, hvem der har en kopi, og kontrollere, om nogen har fors\u00f8gt at komme ind uden tilladelse.<\/p>\n\n\n\n<p>Denne analogi hj\u00e6lper med at forst\u00e5, at privatliv kr\u00e6ver d\u00f8mmekraft, konsistens og opm\u00e6rksomhed.<\/p>\n\n\n\n<h2 class=\"wp-block-heading\"><strong>Personlige oplysninger som valuta<\/strong><\/h2>\n\n\n\n<p>I 2025 vil de fleste digitale tjenester operere p\u00e5 en datadrevet model.<\/p>\n\n\n\n<p>Dine shoppingvaner, placering, pr\u00e6ferencer, browsingtempo og interaktioner fungerer som input til at personligg\u00f8re indhold, forbedre kunstig intelligens-systemer eller definere forretningsstrategier.<\/p>\n\n\n\n<p>Det handler ikke om at d\u00e6monisere denne udveksling; mange platforme har klare politikker og overholder reglerne.<\/p>\n\n\n\n<p>Det centrale punkt ligger i at forst\u00e5, hvad du deler, med hvem og med hvilket form\u00e5l.<\/p>\n\n\n\n<p>Nogle gange accepterer folk tilladelser i apps bare for at komme hurtigt fremad, uden at bem\u00e6rke, at adgang til fotos, mikrofon eller kontakter kan \u00e5bne un\u00f8dvendige d\u00f8re til tredjeparter.<\/p>\n\n\n\n<h2 class=\"wp-block-heading\"><strong>Bedste praksisser til at styrke dit digitale privatliv<\/strong><\/h2>\n\n\n\n<h3 class=\"wp-block-heading\"><strong>1. Periodiske gennemgange af dine konti<\/strong><\/h3>\n\n\n\n<p>Det hj\u00e6lper med at registrere us\u00e6dvanlig adgang ved at kontrollere, hvilke enheder der er forbundet, hvilke tilladelser du har givet, og hvilke oplysninger der er gemt.<\/p>\n\n\n\n<p>Mange brugere efterlader aktive sessioner p\u00e5 gamle mobiltelefoner eller delte enheder, hvilket forst\u00e6rker risiciene uden at de bem\u00e6rker det.<\/p>\n\n\n\n<h3 class=\"wp-block-heading\"><strong>2. Multifaktorgodkendelse<\/strong><\/h3>\n\n\n\n<p>Aktivering af midlertidige koder, sikkerhedsn\u00f8gler eller godkendelsesapps skaber en st\u00e6rk barriere mod uautoriseret adgang.<\/p>\n\n\n\n<p>Det er en af de mest p\u00e5lidelige m\u00e5linger til <strong>S\u00e5dan beskytter du dine personlige oplysninger i den digitale tidsalder<\/strong>selv uden avanceret viden.<\/p>\n\n\n\n<h3 class=\"wp-block-heading\"><strong>3. Intelligent adgangskodeh\u00e5ndtering<\/strong><\/h3>\n\n\n\n<p>Det er vanskeligere at v\u00e6lge lange, let huskelige s\u00e6tninger eller bruge adgangskodeadministratorer.<\/p>\n\n\n\n<p>Glem alt om at bruge f\u00f8dselsdage eller almindelige navne; det er fortid.<\/p>\n\n\n\n<h3 class=\"wp-block-heading\"><strong>4. Kontinuerlig digital hygiejne<\/strong><\/h3>\n\n\n\n<p>Fjernelse af apps, du ikke l\u00e6ngere bruger, annullering af inaktive tjenester og rydning af gemte oplysninger i din browser reducerer m\u00e6ngden af tilg\u00e6ngelige data.<\/p>\n\n\n\n<p>Jo f\u00e6rre spor du efterlader, jo mindre eksponering.<\/p>\n\n\n\n<h3 class=\"wp-block-heading\"><strong>5. Sikre sikkerhedskopier<\/strong><\/h3>\n\n\n\n<p>Lagring af vigtige dokumenter p\u00e5 betroede tjenester med kryptering og totrinsgodkendelse forhindrer uventede tab.<\/p>\n\n\n\n<p>Det er risikabelt udelukkende at stole p\u00e5 lokal lagring i en verden, hvor hardwarefejl og ransomware-angreb forts\u00e6tter med at stige.<\/p>\n\n\n\n<h2 class=\"wp-block-heading\"><strong>Eksempler fra virkeligheden, der viser, hvorfor forebyggelse er vigtig<\/strong><\/h2>\n\n\n\n<p><strong>Eksempel 1:<\/strong><br>En professionel kvinde i Mexico City opdagede m\u00e6rkelige bankgebyrer efter at have oprettet forbindelse til offentlig Wi-Fi p\u00e5 en caf\u00e9.<\/p>\n\n\n\n<p>Det var ikke et sofistikeret angreb: cyberkriminelle opsnappede kun ukrypteret trafik. Din bank bekr\u00e6ftede, at det usikre netv\u00e6rk var indgangspunktet.<\/p>\n\n\n\n<p><strong>Eksempel 2:<\/strong><br>En iv\u00e6rks\u00e6tter delte strategiske dokumenter via et \u00e5bent link i skyen. Uden hans viden blev linket indekseret af s\u00f8gemaskiner.<\/p>\n\n\n\n<p>Uger senere cirkulerede f\u00f8lsomme oplysninger p\u00e5 sociale medier. Problemet var ikke et hackerangreb, men en forkert konfiguration af tilladelser.<\/p>\n\n\n\n<p>Begge tilf\u00e6lde understreger vigtigheden af l\u00e6ring <strong>S\u00e5dan beskytter du dine personlige oplysninger i den digitale tidsalder<\/strong> f\u00f8r de lider under st\u00f8rre konsekvenser.<\/p>\n\n\n\n<h2 class=\"wp-block-heading\"><strong>Teknologi hj\u00e6lper, men dine beslutninger betyder mere.<\/strong><\/h2>\n\n\n\n<p>P\u00e5lidelige VPN&#039;er, sikre browsere, opdaterede systemer og privatlivsudvidelser styrker din beskyttelse.<\/p>\n\n\n\n<p>Alligevel er det bedste forsvar stadig personlig d\u00f8mmekraft: undg\u00e5 at \u00e5bne mist\u00e6nkelige links, afvis un\u00f8dvendige tilladelser, og bekr\u00e6ft webadresser, f\u00f8r du indtaster data.<\/p>\n\n\n\n<p>Platforme \u00e6ndrer konstant deres politikker; at holde sig informeret forhindrer, at dine data bliver eksponeret p\u00e5 grund af standardindstillinger, du m\u00e5ske aldrig har gennemg\u00e5et.<\/p>\n\n\n\n<h2 class=\"wp-block-heading\">N\u00f8gletabel til at styrke din personlige strategi<\/h2>\n\n\n\n<figure class=\"wp-block-table\"><table><thead><tr><th>Anbefalet praksis<\/th><th>Hovedfordel<\/th><\/tr><\/thead><tbody><tr><td>Multifaktorgodkendelse<\/td><td>Reducerer uautoriseret adgang<\/td><\/tr><tr><td>Gennemgang af apptilladelser<\/td><td>Begr\u00e6ns un\u00f8dvendige l\u00e6kager<\/td><\/tr><tr><td>St\u00e6rke adgangskoder eller adgangskodeadministrator<\/td><td>Komplicerer automatiserede angreb<\/td><\/tr><tr><td>Sikre forbindelser (p\u00e5lidelig Wi-Fi + HTTPS)<\/td><td>Minimerer trafikspionage<\/td><\/tr><tr><td>Krypterede sikkerhedskopier<\/td><td>Forhindrer datatab eller tyveri<\/td><\/tr><\/tbody><\/table><figcaption class=\"wp-element-caption\">S\u00e5dan beskytter du dine personlige oplysninger i den digitale tidsalder<\/figcaption><\/figure>\n\n\n\n<figure class=\"wp-block-gallery has-nested-images columns-default is-cropped wp-block-gallery-2 is-layout-flex wp-block-gallery-is-layout-flex\">\n<figure class=\"wp-block-image size-full\"><img loading=\"lazy\" decoding=\"async\" width=\"450\" height=\"250\" data-id=\"10400\" src=\"https:\/\/universofamilia.com\/wp-content\/uploads\/sites\/148\/2025\/11\/Destaque-Novo-Universo-1-5.jpg\" alt=\"\" class=\"wp-image-10400\" srcset=\"http:\/\/universofamilia.com\/wp-content\/uploads\/sites\/148\/2025\/11\/Destaque-Novo-Universo-1-5.jpg 450w, http:\/\/universofamilia.com\/wp-content\/uploads\/sites\/148\/2025\/11\/Destaque-Novo-Universo-1-5-300x167.jpg 300w, http:\/\/universofamilia.com\/wp-content\/uploads\/sites\/148\/2025\/11\/Destaque-Novo-Universo-1-5-18x10.jpg 18w\" sizes=\"(max-width: 450px) 100vw, 450px\" \/><figcaption class=\"wp-element-caption\">Canva<\/figcaption><\/figure>\n<\/figure>\n\n\n\n<p>L\u00e6s mere:<a href=\"http:\/\/universofamilia.com\/da\/inteligencia-artificial-en-el-dia-a-dia\/\">&nbsp;Kunstig intelligens i hverdagen<\/a><\/p>\n\n\n\n<h2 class=\"wp-block-heading\"><strong>Vigtigheden af fortsat digital uddannelse<\/strong><\/h2>\n\n\n\n<p>Digital f\u00e6rdighed er nu lige s\u00e5 vigtig som at l\u00e6re at k\u00f8re bil. Trusler udvikler sig, v\u00e6rkt\u00f8jer \u00e6ndrer sig, og regler forbedres.<\/p>\n\n\n\n<p>At f\u00f8lge p\u00e5lidelige kilder, tage korte kurser eller konsultere INAI (National Institute for Transparency, Access to Information and Protection of Personal Data) styrker din d\u00f8mmekraft.<\/p>\n\n\n\n<p>Derudover reducerer det at dele god praksis med familiemedlemmer, is\u00e6r unge og \u00e6ldre voksne, sandsynligheden for at blive offer for svindel, efterligning eller f\u00f8lelsesm\u00e6ssig manipulation.<\/p>\n\n\n\n<h2 class=\"wp-block-heading\"><strong>Konklusion: At beskytte dine data er at beskytte din sindsro<\/strong><\/h2>\n\n\n\n<p>Privatliv er ikke en luksus, det er en rettighed. At bruge et par minutter om ugen p\u00e5 at gennemg\u00e5 dit digitale milj\u00f8 kan spare dig for \u00f8konomiske tab, stress og un\u00f8dvendige sikkerhedsbrud.<\/p>\n\n\n\n<p>Kombinationen af konsekvente vaner, p\u00e5lidelig teknologi og aktiv opm\u00e6rksomhed udg\u00f8r den sikreste rute.<\/p>\n\n\n\n<p>I et milj\u00f8, hvor n\u00e6sten alt sker via din mobiltelefon, computer eller skyen, giver beskyttelse af dine oplysninger dig mulighed for at navigere med mere frihed og mindre usikkerhed.<\/p>\n\n\n\n<p>L\u00e6s mere: <a href=\"http:\/\/universofamilia.com\/da\/privacidad-en-linea\/\">S\u00e5dan beskytter du dine personlige data i den digitale tidsalder<\/a><\/p>\n\n\n\n<h1 class=\"wp-block-heading\"><strong>Ofte stillede sp\u00f8rgsm\u00e5l (FAQ)<\/strong><\/h1>\n\n\n\n<p><strong>1. Hvor ofte skal jeg \u00e6ndre mine adgangskoder?<\/strong><\/p>\n\n\n\n<p>Mellem 3 og 6 m\u00e5neder, afh\u00e6ngigt af kontotypen. For banktjenester og e-mail fungerer kortere intervaller bedre.<\/p>\n\n\n\n<p><strong>2. Beskytter en VPN virkelig mine oplysninger?<\/strong><\/p>\n\n\n\n<p>Ja, s\u00e5 l\u00e6nge det er en p\u00e5lidelig VPN med klare regler for ingen logs. Det er is\u00e6r nyttigt p\u00e5 offentlige netv\u00e6rk.<\/p>\n\n\n\n<p><strong>3. Er det sikkert at gemme dokumenter i skyen?<\/strong><\/p>\n\n\n\n<p>Ja, s\u00e5 l\u00e6nge tjenesten implementerer god kryptering, tofaktorgodkendelse og korrekt konfigurerede private tilladelser.<\/p>\n\n\n\n<p><strong>4. Hvad skal jeg kontrollere, f\u00f8r jeg installerer en app?<\/strong><\/p>\n\n\n\n<p>Anmodede tilladelser, udviklerens omd\u00f8mme, vurderinger og privatlivspolitik. Enhver tilladelse, der ikke giver mening, er et r\u00f8dt flag.<\/p>\n\n\n\n<p><strong>5. Hvordan kan jeg finde ud af, om mine data er blevet l\u00e6kket?<\/strong><\/p>\n\n\n\n<p>V\u00e6rkt\u00f8jer som \u201cHave I Been Pwned\u201d giver dig mulighed for at tjekke, om din e-mail har optr\u00e5dt i kendte sikkerhedsbrud, og flere banker advarer om mist\u00e6nkelig aktivitet.<\/p>","protected":false},"excerpt":{"rendered":"<p>Udtrykket &quot;S\u00e5dan beskytter du dine personlige oplysninger i den digitale tidsalder&quot; er blevet en daglig bekymring i 2025, is\u00e6r p\u00e5 grund af stigningen i databrud og den intensive brug af data af apps, platforme og tjenester. F\u00f8r vi dykker ned i emnet, er det v\u00e6rd at gennemg\u00e5 en kort opsummering: Hvorfor personoplysninger [\u2026]<\/p>","protected":false},"author":219,"featured_media":10396,"comment_status":"closed","ping_status":"open","sticky":false,"template":"","format":"standard","meta":{"footnotes":""},"categories":[3],"tags":[],"yoast_head":"<!-- This site is optimized with the Yoast SEO plugin v23.3 - https:\/\/yoast.com\/wordpress\/plugins\/seo\/ -->\n<title>C\u00f3mo resguardar tu informaci\u00f3n personal en la era digital - Universo Fam\u00edlia<\/title>\n<meta name=\"description\" content=\"La frase \u201cC\u00f3mo resguardar tu informaci\u00f3n personal en la era digital\u201d se ha vuelto una preocupaci\u00f3n diaria en 2025, especialmente por el...\" \/>\n<meta name=\"robots\" content=\"index, follow, max-snippet:-1, max-image-preview:large, max-video-preview:-1\" \/>\n<link rel=\"canonical\" href=\"http:\/\/universofamilia.com\/da\/como-resguardar-tu-informacion-personal-en-la-era-digital\/\" \/>\n<meta property=\"og:locale\" content=\"da_DK\" \/>\n<meta property=\"og:type\" content=\"article\" \/>\n<meta property=\"og:title\" content=\"C\u00f3mo resguardar tu informaci\u00f3n personal en la era digital - Universo Fam\u00edlia\" \/>\n<meta property=\"og:description\" content=\"La frase \u201cC\u00f3mo resguardar tu informaci\u00f3n personal en la era digital\u201d se ha vuelto una preocupaci\u00f3n diaria en 2025, especialmente por el...\" \/>\n<meta property=\"og:url\" content=\"http:\/\/universofamilia.com\/da\/como-resguardar-tu-informacion-personal-en-la-era-digital\/\" \/>\n<meta property=\"og:site_name\" content=\"Universo Fam\u00edlia\" \/>\n<meta property=\"article:published_time\" content=\"2025-11-22T01:52:32+00:00\" \/>\n<meta property=\"article:modified_time\" content=\"2025-11-22T01:52:36+00:00\" \/>\n<meta property=\"og:image\" content=\"http:\/\/universofamilia.com\/wp-content\/uploads\/sites\/148\/2025\/11\/Destaque-Novo-Universo-7.jpg\" \/>\n\t<meta property=\"og:image:width\" content=\"450\" \/>\n\t<meta property=\"og:image:height\" content=\"250\" \/>\n\t<meta property=\"og:image:type\" content=\"image\/jpeg\" \/>\n<meta name=\"author\" content=\"Matheus Sangaletti\" \/>\n<meta name=\"twitter:card\" content=\"summary_large_image\" \/>\n<meta name=\"twitter:label1\" content=\"Written by\" \/>\n\t<meta name=\"twitter:data1\" content=\"Matheus Sangaletti\" \/>\n\t<meta name=\"twitter:label2\" content=\"Est. reading time\" \/>\n\t<meta name=\"twitter:data2\" content=\"7 minutter\" \/>\n<script type=\"application\/ld+json\" class=\"yoast-schema-graph\">{\"@context\":\"https:\/\/schema.org\",\"@graph\":[{\"@type\":\"WebPage\",\"@id\":\"http:\/\/universofamilia.com\/ja\/como-resguardar-tu-informacion-personal-en-la-era-digital\/\",\"url\":\"http:\/\/universofamilia.com\/ja\/como-resguardar-tu-informacion-personal-en-la-era-digital\/\",\"name\":\"C\u00f3mo resguardar tu informaci\u00f3n personal en la era digital - Universo Fam\u00edlia\",\"isPartOf\":{\"@id\":\"https:\/\/universofamilia.com\/el\/#website\"},\"primaryImageOfPage\":{\"@id\":\"http:\/\/universofamilia.com\/ja\/como-resguardar-tu-informacion-personal-en-la-era-digital\/#primaryimage\"},\"image\":{\"@id\":\"http:\/\/universofamilia.com\/ja\/como-resguardar-tu-informacion-personal-en-la-era-digital\/#primaryimage\"},\"thumbnailUrl\":\"http:\/\/universofamilia.com\/wp-content\/uploads\/sites\/148\/2025\/11\/Destaque-Novo-Universo-7.jpg\",\"datePublished\":\"2025-11-22T01:52:32+00:00\",\"dateModified\":\"2025-11-22T01:52:36+00:00\",\"author\":{\"@id\":\"https:\/\/universofamilia.com\/el\/#\/schema\/person\/92fcd07e9b1f4323bf74f3170fc0f78a\"},\"description\":\"La frase \u201cC\u00f3mo resguardar tu informaci\u00f3n personal en la era digital\u201d se ha vuelto una preocupaci\u00f3n diaria en 2025, especialmente por el...\",\"breadcrumb\":{\"@id\":\"http:\/\/universofamilia.com\/ja\/como-resguardar-tu-informacion-personal-en-la-era-digital\/#breadcrumb\"},\"inLanguage\":\"da-DK\",\"potentialAction\":[{\"@type\":\"ReadAction\",\"target\":[\"http:\/\/universofamilia.com\/ja\/como-resguardar-tu-informacion-personal-en-la-era-digital\/\"]}]},{\"@type\":\"ImageObject\",\"inLanguage\":\"da-DK\",\"@id\":\"http:\/\/universofamilia.com\/ja\/como-resguardar-tu-informacion-personal-en-la-era-digital\/#primaryimage\",\"url\":\"http:\/\/universofamilia.com\/wp-content\/uploads\/sites\/148\/2025\/11\/Destaque-Novo-Universo-7.jpg\",\"contentUrl\":\"http:\/\/universofamilia.com\/wp-content\/uploads\/sites\/148\/2025\/11\/Destaque-Novo-Universo-7.jpg\",\"width\":450,\"height\":250},{\"@type\":\"BreadcrumbList\",\"@id\":\"http:\/\/universofamilia.com\/ja\/como-resguardar-tu-informacion-personal-en-la-era-digital\/#breadcrumb\",\"itemListElement\":[{\"@type\":\"ListItem\",\"position\":1,\"name\":\"Home\",\"item\":\"https:\/\/universofamilia.com\/el\/\"},{\"@type\":\"ListItem\",\"position\":2,\"name\":\"C\u00f3mo resguardar tu informaci\u00f3n personal en la era digital\"}]},{\"@type\":\"WebSite\",\"@id\":\"https:\/\/universofamilia.com\/el\/#website\",\"url\":\"https:\/\/universofamilia.com\/el\/\",\"name\":\"Universo Fam\u00edlia\",\"description\":\"\",\"potentialAction\":[{\"@type\":\"SearchAction\",\"target\":{\"@type\":\"EntryPoint\",\"urlTemplate\":\"https:\/\/universofamilia.com\/el\/?s={search_term_string}\"},\"query-input\":\"required name=search_term_string\"}],\"inLanguage\":\"da-DK\"},{\"@type\":\"Person\",\"@id\":\"https:\/\/universofamilia.com\/el\/#\/schema\/person\/92fcd07e9b1f4323bf74f3170fc0f78a\",\"name\":\"Matheus Sangaletti\",\"image\":{\"@type\":\"ImageObject\",\"inLanguage\":\"da-DK\",\"@id\":\"https:\/\/universofamilia.com\/el\/#\/schema\/person\/image\/\",\"url\":\"http:\/\/2.gravatar.com\/avatar\/280ea957a14a48e6a1ad2133d2cc27c9?s=96&d=mm&r=g\",\"contentUrl\":\"http:\/\/2.gravatar.com\/avatar\/280ea957a14a48e6a1ad2133d2cc27c9?s=96&d=mm&r=g\",\"caption\":\"Matheus Sangaletti\"},\"url\":\"http:\/\/universofamilia.com\/da\/author\/matheuss\/\"}]}<\/script>\n<!-- \/ Yoast SEO plugin. -->","yoast_head_json":{"title":"C\u00f3mo resguardar tu informaci\u00f3n personal en la era digital - Universo Fam\u00edlia","description":"La frase \u201cC\u00f3mo resguardar tu informaci\u00f3n personal en la era digital\u201d se ha vuelto una preocupaci\u00f3n diaria en 2025, especialmente por el...","robots":{"index":"index","follow":"follow","max-snippet":"max-snippet:-1","max-image-preview":"max-image-preview:large","max-video-preview":"max-video-preview:-1"},"canonical":"http:\/\/universofamilia.com\/da\/como-resguardar-tu-informacion-personal-en-la-era-digital\/","og_locale":"da_DK","og_type":"article","og_title":"C\u00f3mo resguardar tu informaci\u00f3n personal en la era digital - Universo Fam\u00edlia","og_description":"La frase \u201cC\u00f3mo resguardar tu informaci\u00f3n personal en la era digital\u201d se ha vuelto una preocupaci\u00f3n diaria en 2025, especialmente por el...","og_url":"http:\/\/universofamilia.com\/da\/como-resguardar-tu-informacion-personal-en-la-era-digital\/","og_site_name":"Universo Fam\u00edlia","article_published_time":"2025-11-22T01:52:32+00:00","article_modified_time":"2025-11-22T01:52:36+00:00","og_image":[{"width":450,"height":250,"url":"http:\/\/universofamilia.com\/wp-content\/uploads\/sites\/148\/2025\/11\/Destaque-Novo-Universo-7.jpg","type":"image\/jpeg"}],"author":"Matheus Sangaletti","twitter_card":"summary_large_image","twitter_misc":{"Written by":"Matheus Sangaletti","Est. reading time":"7 minutter"},"schema":{"@context":"https:\/\/schema.org","@graph":[{"@type":"WebPage","@id":"http:\/\/universofamilia.com\/ja\/como-resguardar-tu-informacion-personal-en-la-era-digital\/","url":"http:\/\/universofamilia.com\/ja\/como-resguardar-tu-informacion-personal-en-la-era-digital\/","name":"C\u00f3mo resguardar tu informaci\u00f3n personal en la era digital - Universo Fam\u00edlia","isPartOf":{"@id":"https:\/\/universofamilia.com\/el\/#website"},"primaryImageOfPage":{"@id":"http:\/\/universofamilia.com\/ja\/como-resguardar-tu-informacion-personal-en-la-era-digital\/#primaryimage"},"image":{"@id":"http:\/\/universofamilia.com\/ja\/como-resguardar-tu-informacion-personal-en-la-era-digital\/#primaryimage"},"thumbnailUrl":"http:\/\/universofamilia.com\/wp-content\/uploads\/sites\/148\/2025\/11\/Destaque-Novo-Universo-7.jpg","datePublished":"2025-11-22T01:52:32+00:00","dateModified":"2025-11-22T01:52:36+00:00","author":{"@id":"https:\/\/universofamilia.com\/el\/#\/schema\/person\/92fcd07e9b1f4323bf74f3170fc0f78a"},"description":"La frase \u201cC\u00f3mo resguardar tu informaci\u00f3n personal en la era digital\u201d se ha vuelto una preocupaci\u00f3n diaria en 2025, especialmente por el...","breadcrumb":{"@id":"http:\/\/universofamilia.com\/ja\/como-resguardar-tu-informacion-personal-en-la-era-digital\/#breadcrumb"},"inLanguage":"da-DK","potentialAction":[{"@type":"ReadAction","target":["http:\/\/universofamilia.com\/ja\/como-resguardar-tu-informacion-personal-en-la-era-digital\/"]}]},{"@type":"ImageObject","inLanguage":"da-DK","@id":"http:\/\/universofamilia.com\/ja\/como-resguardar-tu-informacion-personal-en-la-era-digital\/#primaryimage","url":"http:\/\/universofamilia.com\/wp-content\/uploads\/sites\/148\/2025\/11\/Destaque-Novo-Universo-7.jpg","contentUrl":"http:\/\/universofamilia.com\/wp-content\/uploads\/sites\/148\/2025\/11\/Destaque-Novo-Universo-7.jpg","width":450,"height":250},{"@type":"BreadcrumbList","@id":"http:\/\/universofamilia.com\/ja\/como-resguardar-tu-informacion-personal-en-la-era-digital\/#breadcrumb","itemListElement":[{"@type":"ListItem","position":1,"name":"Home","item":"https:\/\/universofamilia.com\/el\/"},{"@type":"ListItem","position":2,"name":"C\u00f3mo resguardar tu informaci\u00f3n personal en la era digital"}]},{"@type":"WebSite","@id":"https:\/\/universofamilia.com\/el\/#website","url":"https:\/\/universofamilia.com\/el\/","name":"Universo Fam\u00edlia","description":"","potentialAction":[{"@type":"SearchAction","target":{"@type":"EntryPoint","urlTemplate":"https:\/\/universofamilia.com\/el\/?s={search_term_string}"},"query-input":"required name=search_term_string"}],"inLanguage":"da-DK"},{"@type":"Person","@id":"https:\/\/universofamilia.com\/el\/#\/schema\/person\/92fcd07e9b1f4323bf74f3170fc0f78a","name":"Matheus Sangaletti","image":{"@type":"ImageObject","inLanguage":"da-DK","@id":"https:\/\/universofamilia.com\/el\/#\/schema\/person\/image\/","url":"http:\/\/2.gravatar.com\/avatar\/280ea957a14a48e6a1ad2133d2cc27c9?s=96&d=mm&r=g","contentUrl":"http:\/\/2.gravatar.com\/avatar\/280ea957a14a48e6a1ad2133d2cc27c9?s=96&d=mm&r=g","caption":"Matheus Sangaletti"},"url":"http:\/\/universofamilia.com\/da\/author\/matheuss\/"}]}},"_links":{"self":[{"href":"http:\/\/universofamilia.com\/da\/wp-json\/wp\/v2\/posts\/10395"}],"collection":[{"href":"http:\/\/universofamilia.com\/da\/wp-json\/wp\/v2\/posts"}],"about":[{"href":"http:\/\/universofamilia.com\/da\/wp-json\/wp\/v2\/types\/post"}],"author":[{"embeddable":true,"href":"http:\/\/universofamilia.com\/da\/wp-json\/wp\/v2\/users\/219"}],"replies":[{"embeddable":true,"href":"http:\/\/universofamilia.com\/da\/wp-json\/wp\/v2\/comments?post=10395"}],"version-history":[{"count":1,"href":"http:\/\/universofamilia.com\/da\/wp-json\/wp\/v2\/posts\/10395\/revisions"}],"predecessor-version":[{"id":10401,"href":"http:\/\/universofamilia.com\/da\/wp-json\/wp\/v2\/posts\/10395\/revisions\/10401"}],"wp:featuredmedia":[{"embeddable":true,"href":"http:\/\/universofamilia.com\/da\/wp-json\/wp\/v2\/media\/10396"}],"wp:attachment":[{"href":"http:\/\/universofamilia.com\/da\/wp-json\/wp\/v2\/media?parent=10395"}],"wp:term":[{"taxonomy":"category","embeddable":true,"href":"http:\/\/universofamilia.com\/da\/wp-json\/wp\/v2\/categories?post=10395"},{"taxonomy":"post_tag","embeddable":true,"href":"http:\/\/universofamilia.com\/da\/wp-json\/wp\/v2\/tags?post=10395"}],"curies":[{"name":"wp","href":"https:\/\/api.w.org\/{rel}","templated":true}]}}