{"id":10459,"date":"2025-12-26T11:16:37","date_gmt":"2025-12-26T14:16:37","guid":{"rendered":"https:\/\/universofamilia.com\/?p=10459"},"modified":"2025-12-26T11:16:39","modified_gmt":"2025-12-26T14:16:39","slug":"como-prepararse-para-entrevistas-de-trabajo-virtuales","status":"publish","type":"post","link":"http:\/\/universofamilia.com\/da\/como-prepararse-para-entrevistas-de-trabajo-virtuales\/","title":{"rendered":"S\u00e5dan forbereder du dig til virtuelle jobsamtaler"},"content":{"rendered":"<p class=\"has-text-align-center\"><strong>S\u00e5dan forbereder du dig til virtuelle jobsamtaler<\/strong> Det er blevet en essentiel professionel f\u00e6rdighed inden 2025.<\/p>\n\n\n\n<figure class=\"wp-block-gallery has-nested-images columns-default is-cropped wp-block-gallery-1 is-layout-flex wp-block-gallery-is-layout-flex\">\n<figure class=\"wp-block-image size-full\"><img loading=\"lazy\" decoding=\"async\" width=\"450\" height=\"250\" data-id=\"10461\" src=\"https:\/\/universofamilia.com\/wp-content\/uploads\/sites\/148\/2025\/12\/Destaque-Novo-Universo-16-1.jpg\" alt=\"\" class=\"wp-image-10461\" srcset=\"http:\/\/universofamilia.com\/wp-content\/uploads\/sites\/148\/2025\/12\/Destaque-Novo-Universo-16-1.jpg 450w, http:\/\/universofamilia.com\/wp-content\/uploads\/sites\/148\/2025\/12\/Destaque-Novo-Universo-16-1-300x167.jpg 300w, http:\/\/universofamilia.com\/wp-content\/uploads\/sites\/148\/2025\/12\/Destaque-Novo-Universo-16-1-18x10.jpg 18w\" sizes=\"(max-width: 450px) 100vw, 450px\" \/><figcaption class=\"wp-element-caption\">S\u00e5dan forbereder du dig til virtuelle jobsamtaler<\/figcaption><\/figure>\n<\/figure>\n\n\n\n<p class=\"has-text-align-center\">V\u00e6ksten i fjernarbejde, hybride rekrutteringsprocesser og digitaliseringen af talent har for altid \u00e6ndret den m\u00e5de, virksomheder evaluerer kandidater p\u00e5.<\/p>\n\n\n\n<p>Det er ikke l\u00e6ngere nok at have et godt CV: nu er det ogs\u00e5 vigtigt, hvordan du kommunikerer via en sk\u00e6rm, hvordan du h\u00e5ndterer teknologi, og hvor autentisk du kan v\u00e6re i et digitalt milj\u00f8.<\/p>\n\n\n\n<p>F\u00f8r vi g\u00e5r i dybden, er det v\u00e6rd at give et kort resum\u00e9 som en guide til l\u00e6sningen: hvorfor virtuelle interviews nu er normen, og hvilke fejl forts\u00e6tter med at koste muligheder.<\/p>\n\n\n\n<p>Hvordan man forbereder milj\u00f8et og teknologien, hvad rekrutteringskonsulenter virkelig evaluerer, en n\u00f8glestatistik, to eksempler fra den virkelige verden, en belysende analogi, en praktisk tabel og klare svar p\u00e5 ofte stillede sp\u00f8rgsm\u00e5l.<\/p>\n\n\n\n<h2 class=\"wp-block-heading\"><strong>Den nye kontekst for virtuelle interviews i 2025<\/strong><\/h2>\n\n\n\n<p>Virtuelle interviews er ikke l\u00e6ngere en midlertidig l\u00f8sning. Platforme som Zoom, Microsoft Teams og Google Meet er blevet solidt integreret i rekrutteringsprocesser, selv i traditionelle virksomheder.<\/p>\n\n\n\n<p>Dette format giver mulighed for reducerede omkostninger, udvidet global r\u00e6kkevidde af talenter og hurtigere beslutningstagning.<\/p>\n\n\n\n<p>\u00c6ndringen h\u00e6vede dog ogs\u00e5 barren.<\/p>\n\n\n\n<p>De, der deltager i et online interview, demonstrerer ikke kun teknisk viden, men ogs\u00e5 digitale f\u00e6rdigheder, klar kommunikation og tilpasningsevne.<\/p>\n\n\n\n<p>Forberedelse er ikke l\u00e6ngere valgfrit; det g\u00f8r forskellen p\u00e5 at g\u00e5 videre eller blive efterladt.<\/p>\n\n\n\n<h2 class=\"wp-block-heading\"><strong>Hvad rekrutterere leder efter i en virtuel jobsamtale i dag<\/strong><\/h2>\n\n\n\n<p>Mange kandidater tror, at rekruttereren kun evaluerer svarene. I virkeligheden g\u00e5r analysen meget l\u00e6ngere.<\/p>\n\n\n\n<p>Vi observerer deres udtryksm\u00e5de, deres evne til at syntetisere information, deres kropssprog foran kameraet og deres h\u00e5ndtering af uventede tekniske problemer.<\/p>\n\n\n\n<p>If\u00f8lge en rapport fra <strong>LinkedIn Workplace Learning-rapport<\/strong>, mere end <strong>70 % af rekrutterere anser kommunikations- og digitale tilpasningsevner for at v\u00e6re lige s\u00e5 vigtige som teknisk ekspertise.<\/strong> i virtuelle processer.<\/p>\n\n\n\n<p>Disse data bekr\u00e6fter, at forberedelsen skal v\u00e6re omfattende og ikke begr\u00e6nset til professionel diskurs.<\/p>\n\n\n\n<h2 class=\"wp-block-heading\"><strong>Teknisk forberedelse: fundamentet, der ikke giver plads til fejl<\/strong><\/h2>\n\n\n\n<p>Selvom det kan virke indlysende, g\u00e5r mange processer tabt p\u00e5 grund af simple fejl. En d\u00e5rlig forbindelse, en defekt mikrofon eller et st\u00f8jende milj\u00f8 skaber et \u00f8jeblikkeligt negativt indtryk.<\/p>\n\n\n\n<p>Det er tilr\u00e5deligt at tjekke teknologien mindst en dag i forvejen. Et kamera i \u00f8jenh\u00f8jde, klar lyd og en stabil forbindelse udstr\u00e5ler professionalisme.<\/p>\n\n\n\n<p>Derudover forhindrer lukning af un\u00f8dvendige programmer uventede afbrydelser.<\/p>\n\n\n\n<p>Det er her, en mindre n\u00e6vnt regel kommer i spil: enkelhed.<\/p>\n\n\n\n<p>En p\u00e6n og neutral baggrund formidler fokus. Det handler ikke om at imponere med teknologi, men om at fremme samtaler.<\/p>\n\n\n\n<h2 class=\"wp-block-heading\"><strong>Milj\u00f8et: vigtigere end du tror<\/strong><\/h2>\n\n\n\n<p>Det rum, du forbinder dig fra, kommunikerer ogs\u00e5 noget. Naturligt lys, en ren v\u00e6g eller en diskret virtuel baggrund og en behagelig stol p\u00e5virker alle din pr\u00e6station.<\/p>\n\n\n\n<p>En oprejst kropsholdning udstr\u00e5ler selvtillid og energi, selv gennem sk\u00e6rmen.<\/p>\n\n\n\n<p>Derudover viser det fremsynethed at underrette n\u00e6re kontakter for at undg\u00e5 afbrydelser. Denne detalje, selvom den ofte overses, reducerer stress og forbedrer kommunikationsflowet.<\/p>\n\n\n\n<h2 class=\"wp-block-heading\"><strong>Verbal og nonverbal kommunikation p\u00e5 sk\u00e6rmen<\/strong><\/h2>\n\n\n\n<p>At tale foran et kamera kr\u00e6ver justeringer. At se direkte ind i linsen, og ikke p\u00e5 dit eget billede, skaber en f\u00f8lelse af \u00f8jenkontakt.<\/p>\n\n\n\n<p>Ved at modulere din stemme, holde pauser og undg\u00e5 fyldord forst\u00e6rkes budskabets klarhed.<\/p>\n\n\n\n<p>Ansigtsudtryk betyder ogs\u00e5 noget. At smile naturligt, nikke og vise interesse opretholder den menneskelige forbindelse.<\/p>\n\n\n\n<p>Selvom milj\u00f8et er digitalt, er interviewet stadig en samtale mellem mennesker.<\/p>\n\n\n\n<p>Dette rejser et centralt sp\u00f8rgsm\u00e5l til refleksion: <strong>Hvis rekruttereren kun havde dit image og din stemme, hvilken professionel historie ville de s\u00e5 opfatte?<\/strong><\/p>\n\n\n\n<h2 class=\"wp-block-heading\"><strong>S\u00e5dan strukturerer du svar strategisk<\/strong><\/h2>\n\n\n\n<p>Improvisation virker sj\u00e6ldent. At forberede svar med konkrete eksempler giver trov\u00e6rdighed.<\/p>\n\n\n\n<p>En nyttig teknik er kort at beskrive situationen, forklare den foretagne handling og konkludere med det opn\u00e5ede resultat.<\/p>\n\n\n\n<h3 class=\"wp-block-heading\"><strong>Eksempel 1<\/strong><\/h3>\n\n\n\n<p>En kandidat til en stilling inden for digital marketing forklarede, hvordan hun tilpassede en ansigt-til-ansigt-kampagne til et onlineformat under en krise, hvor hun fremh\u00e6vede reelle konverteringsm\u00e5linger.<\/p>\n\n\n\n<p>Klarhed og fokus p\u00e5 resultater styrkede hendes profil, selv uden forudg\u00e5ende erfaring med fjernarbejde.<\/p>\n\n\n\n<p>Denne type fort\u00e6lling forbinder oplevelsen med den aktuelle kontekst, noget der v\u00e6rds\u00e6ttes h\u00f8jt i virtuelle interviews.<\/p>\n\n\n\n<h2 class=\"wp-block-heading\"><strong>Professionel p\u00e5kl\u00e6dning og udseende<\/strong><\/h2>\n\n\n\n<p>Selv hvis interviewet finder sted hjemmefra, b\u00f8r billedet stemme overens med virksomhedskulturen.<\/p>\n\n\n\n<p>Professionel p\u00e5kl\u00e6dning, afd\u00e6mpede farver og at undg\u00e5 prangende print hj\u00e6lper med at holde fokus p\u00e5 talen.<\/p>\n\n\n\n<p>Passende p\u00e5kl\u00e6dning p\u00e5virker ogs\u00e5 attituden. T\u00f8jet fungerer som et psykologisk anker, der forbereder sindet p\u00e5 en mere selvsikker og fokuseret pr\u00e6station.<\/p>\n\n\n\n<h2 class=\"wp-block-heading\"><strong>Tidligere forskning: den tavse differentiale<\/strong><\/h2>\n\n\n\n<p>Kendskab til virksomheden, dens kultur og dens nuv\u00e6rende udfordringer viser \u00e6gte interesse.<\/p>\n\n\n\n<p>Ved at gennemg\u00e5 deres hjemmeside, professionelle netv\u00e6rk og de seneste nyheder kan du formulere intelligente sp\u00f8rgsm\u00e5l.<\/p>\n\n\n\n<p>Forskere udviser engagement. Desuden styrker det opfattelsen af v\u00e6rdi, hvis du forbinder dine f\u00e6rdigheder med reelle forretningsbehov.<\/p>\n\n\n\n<h2 class=\"wp-block-heading\"><strong>Analogien der forklarer alt<\/strong><\/h2>\n\n\n\n<p>Forberedelse til en virtuel jobsamtale minder meget om <strong>at stemme et instrument f\u00f8r en koncert<\/strong>Talentet findes allerede, men uden forudg\u00e5ende justering mister lyden sin kraft.<\/p>\n\n\n\n<p>Forberedelse \u00e6ndrer ikke, hvem du er, det giver bare mulighed for at h\u00f8re dit bedste jeg tydeligt.<\/p>\n\n\n\n<h2 class=\"wp-block-heading\"><strong>Praktisk guide: n\u00f8gleaspekter for en vellykket virtuel jobsamtale<\/strong><\/h2>\n\n\n\n<figure class=\"wp-block-table\"><table><thead><tr><th>Omr\u00e5de evalueret<\/th><th>Hvad skal man tjekke f\u00f8r interviewet<\/th><\/tr><\/thead><tbody><tr><td>Teknologi<\/td><td>Kamera, mikrofon og forbindelse<\/td><\/tr><tr><td>Omkring<\/td><td>Lys, baggrund og stilhed<\/td><\/tr><tr><td>Meddelelse<\/td><td>Klarhed, pauser og \u00f8jenkontakt<\/td><\/tr><tr><td>Tilfreds<\/td><td>Strukturerede svar<\/td><\/tr><tr><td>Professionelt image<\/td><td>T\u00f8j passende til rollen<\/td><\/tr><\/tbody><\/table><figcaption class=\"wp-element-caption\">S\u00e5dan forbereder du dig til virtuelle jobsamtaler<\/figcaption><\/figure>\n\n\n\n<figure class=\"wp-block-gallery has-nested-images columns-default is-cropped wp-block-gallery-2 is-layout-flex wp-block-gallery-is-layout-flex\">\n<figure class=\"wp-block-image size-full\"><img loading=\"lazy\" decoding=\"async\" width=\"450\" height=\"250\" data-id=\"10462\" src=\"https:\/\/universofamilia.com\/wp-content\/uploads\/sites\/148\/2025\/12\/Destaque-Novo-Universo-17.jpg\" alt=\"\" class=\"wp-image-10462\" srcset=\"http:\/\/universofamilia.com\/wp-content\/uploads\/sites\/148\/2025\/12\/Destaque-Novo-Universo-17.jpg 450w, http:\/\/universofamilia.com\/wp-content\/uploads\/sites\/148\/2025\/12\/Destaque-Novo-Universo-17-300x167.jpg 300w, http:\/\/universofamilia.com\/wp-content\/uploads\/sites\/148\/2025\/12\/Destaque-Novo-Universo-17-18x10.jpg 18w\" sizes=\"(max-width: 450px) 100vw, 450px\" \/><figcaption class=\"wp-element-caption\">S\u00e5dan forbereder du dig til virtuelle jobsamtaler<\/figcaption><\/figure>\n<\/figure>\n\n\n\n<p>L\u00e6s mere:\u00a0<a href=\"http:\/\/universofamilia.com\/da\/carreras-sostenibles-empleos-verdes-en-auge\/\">B\u00e6redygtige karrierer: blomstrende gr\u00f8nne job<\/a><\/p>\n\n\n\n<h2 class=\"wp-block-heading\"><strong>H\u00e5ndtering af uventede h\u00e6ndelser uden at miste trov\u00e6rdighed<\/strong><\/h2>\n\n\n\n<p>Tekniske problemer kan opst\u00e5 selv under forberedelsen.<\/p>\n\n\n\n<p>Forskellen ligger i, hvordan de h\u00e5ndteres. At underrette folk roligt, foresl\u00e5 en hurtig l\u00f8sning og opretholde en professionel holdning beskytter dit image.<\/p>\n\n\n\n<h3 class=\"wp-block-heading\"><strong>Eksempel 2<\/strong><\/h3>\n\n\n\n<p>En udvikler mistede forbindelsen under en international jobsamtale.<\/p>\n\n\n\n<p>I stedet for at g\u00e5 i panik, genoptog hun forbindelsen, gav en kort undskyldning og genoptog roligt samtalen.<\/p>\n\n\n\n<p>Den reaktion blev v\u00e6rdsat som et tegn p\u00e5 professionel modenhed.<\/p>\n\n\n\n<h2 class=\"wp-block-heading\"><strong>Lukningen: en spildt mulighed<\/strong><\/h2>\n\n\n\n<p>Mange kandidater fors\u00f8mmer at afslutte ans\u00f8gningen. At takke dem for deres tid, kort opsummere din interesse og sp\u00f8rge om de n\u00e6ste skridt efterlader et positivt og professionelt indtryk.<\/p>\n\n\n\n<p>At sende en opf\u00f8lgende takkebesked styrker b\u00e5ndet og demonstrerer professionel h\u00f8flighed, en egenskab der fortsat v\u00e6rds\u00e6ttes h\u00f8jt.<\/p>\n\n\n\n<h2 class=\"wp-block-heading\"><strong>Konklusion<\/strong><\/h2>\n\n\n\n<p>Mestre <strong>S\u00e5dan forbereder du dig til virtuelle jobsamtaler<\/strong> Det involverer meget mere end at t\u00e6nde kameraet og besvare sp\u00f8rgsm\u00e5l.<\/p>\n\n\n\n<p>Det kr\u00e6ver strategi, selvbevidsthed og tilpasning til arbejdsmarkedets nye digitale sprog.<\/p>\n\n\n\n<p>De, der er forberedte, formidler selvtillid, klarhed og professionalisme, selv gennem en sk\u00e6rm.<\/p>\n\n\n\n<p>I et konkurrencepr\u00e6get og globalt milj\u00f8 er det virtuelle interview ikke en hindring, men et udstillingsvindue.<\/p>\n\n\n\n<p>Ved at forberede dig godt kan du vise din sande v\u00e6rdi og gribe den mulighed, du s\u00f8ger, an med st\u00f8rre selvtillid.<\/p>\n\n\n\n<p>L\u00e6s mere:\u00a0<a href=\"http:\/\/universofamilia.com\/da\/el-teletrabajo-en-2025-las-nuevas-tendencias-del-home-office\/\">Telearbejde i 2025: Nye trends inden for hjemmekontor<\/a><\/p>\n\n\n\n<h2 class=\"wp-block-heading\"><strong>Ofte stillede sp\u00f8rgsm\u00e5l<\/strong><\/h2>\n\n\n\n<p><strong>Er virtuelle interviews mindre formelle end personlige interviews?<\/strong><\/p>\n\n\n\n<p>Nej. Selvom milj\u00f8et er digitalt, forbliver det forventede niveau af professionalisme det samme eller endda h\u00f8jere.<\/p>\n\n\n\n<p><strong>Er det tilr\u00e5deligt at bruge virtuelle midler?<\/strong><\/p>\n\n\n\n<p>Ja, s\u00e5 l\u00e6nge de er diskrete og stabile. En velorganiseret, \u00e6gte baggrund skaber normalt et mere naturligt udseende.<\/p>\n\n\n\n<p><strong>Hvor lang tid i forvejen skal jeg logge ind?<\/strong><\/p>\n\n\n\n<p>Det er nok at ankomme 5 til 10 minutter i forvejen til at tjekke detaljer uden at for\u00e5rsage ubehag.<\/p>\n\n\n\n<p><strong>Er det tilr\u00e5deligt at tage noter under interviewet?<\/strong><\/p>\n\n\n\n<p>Ja, s\u00e5 l\u00e6nge det g\u00f8res kort og uden at miste \u00f8jenkontakt.<\/p>\n\n\n\n<p><strong>Kan teknisk forberedelse kompensere for manglende erfaring?<\/strong><\/p>\n\n\n\n<p>Det erstatter ikke erfaring, men det forst\u00e6rker opfattelsen af kompetence og professionalisme.<\/p>\n\n\n\n<p>Forberedelse i dag forbedrer ikke kun din pr\u00e6station, det \u00f8ger ogs\u00e5 din selvtillid.<\/p>\n\n\n\n<p>P\u00e5 et digitaliseret arbejdsmarked er den kombination fortsat et af de mest v\u00e6rdifulde aktiver.<\/p>","protected":false},"excerpt":{"rendered":"<p>C\u00f3mo prepararse para entrevistas de trabajo virtuales se ha convertido en una habilidad profesional imprescindible en 2025. El crecimiento del trabajo remoto, los procesos h\u00edbridos de reclutamiento y la digitalizaci\u00f3n del talento cambiaron para siempre la forma en que las empresas eval\u00faan candidatos. Ya no basta con tener un buen curr\u00edculum: ahora tambi\u00e9n importa c\u00f3mo [&hellip;]<\/p>","protected":false},"author":219,"featured_media":10460,"comment_status":"closed","ping_status":"open","sticky":false,"template":"","format":"standard","meta":{"footnotes":""},"categories":[5],"tags":[],"yoast_head":"<!-- This site is optimized with the Yoast SEO plugin v23.3 - https:\/\/yoast.com\/wordpress\/plugins\/seo\/ -->\n<title>C\u00f3mo prepararse para entrevistas de trabajo virtuales - Universo Fam\u00edlia<\/title>\n<meta name=\"description\" content=\"C\u00f3mo prepararse para entrevistas de trabajo virtuales se ha convertido en una habilidad profesional imprescindible en 2025.\" \/>\n<meta name=\"robots\" content=\"index, follow, max-snippet:-1, max-image-preview:large, max-video-preview:-1\" \/>\n<link rel=\"canonical\" href=\"https:\/\/universofamilia.com\/da\/como-prepararse-para-entrevistas-de-trabajo-virtuales\/\" \/>\n<meta property=\"og:locale\" content=\"da_DK\" \/>\n<meta property=\"og:type\" content=\"article\" \/>\n<meta property=\"og:title\" content=\"C\u00f3mo prepararse para entrevistas de trabajo virtuales - Universo Fam\u00edlia\" \/>\n<meta property=\"og:description\" content=\"C\u00f3mo prepararse para entrevistas de trabajo virtuales se ha convertido en una habilidad profesional imprescindible en 2025.\" \/>\n<meta property=\"og:url\" content=\"https:\/\/universofamilia.com\/da\/como-prepararse-para-entrevistas-de-trabajo-virtuales\/\" \/>\n<meta property=\"og:site_name\" content=\"Universo Fam\u00edlia\" \/>\n<meta property=\"article:published_time\" content=\"2025-12-26T14:16:37+00:00\" \/>\n<meta property=\"article:modified_time\" content=\"2025-12-26T14:16:39+00:00\" \/>\n<meta property=\"og:image\" content=\"https:\/\/universofamilia.com\/wp-content\/uploads\/sites\/148\/2025\/12\/Destaque-Novo-Universo-16.jpg\" \/>\n\t<meta property=\"og:image:width\" content=\"450\" \/>\n\t<meta property=\"og:image:height\" content=\"250\" \/>\n\t<meta property=\"og:image:type\" content=\"image\/jpeg\" \/>\n<meta name=\"author\" content=\"Matheus Sangaletti\" \/>\n<meta name=\"twitter:card\" content=\"summary_large_image\" \/>\n<meta name=\"twitter:label1\" content=\"Written by\" \/>\n\t<meta name=\"twitter:data1\" content=\"Matheus Sangaletti\" \/>\n\t<meta name=\"twitter:label2\" content=\"Est. reading time\" \/>\n\t<meta name=\"twitter:data2\" content=\"8 minutter\" \/>\n<script type=\"application\/ld+json\" class=\"yoast-schema-graph\">{\"@context\":\"https:\/\/schema.org\",\"@graph\":[{\"@type\":\"WebPage\",\"@id\":\"https:\/\/universofamilia.com\/ja\/como-prepararse-para-entrevistas-de-trabajo-virtuales\/\",\"url\":\"https:\/\/universofamilia.com\/ja\/como-prepararse-para-entrevistas-de-trabajo-virtuales\/\",\"name\":\"C\u00f3mo prepararse para entrevistas de trabajo virtuales - Universo Fam\u00edlia\",\"isPartOf\":{\"@id\":\"http:\/\/universofamilia.com\/zh_hk\/#website\"},\"primaryImageOfPage\":{\"@id\":\"https:\/\/universofamilia.com\/ja\/como-prepararse-para-entrevistas-de-trabajo-virtuales\/#primaryimage\"},\"image\":{\"@id\":\"https:\/\/universofamilia.com\/ja\/como-prepararse-para-entrevistas-de-trabajo-virtuales\/#primaryimage\"},\"thumbnailUrl\":\"http:\/\/universofamilia.com\/wp-content\/uploads\/sites\/148\/2025\/12\/Destaque-Novo-Universo-16.jpg\",\"datePublished\":\"2025-12-26T14:16:37+00:00\",\"dateModified\":\"2025-12-26T14:16:39+00:00\",\"author\":{\"@id\":\"http:\/\/universofamilia.com\/zh_hk\/#\/schema\/person\/92fcd07e9b1f4323bf74f3170fc0f78a\"},\"description\":\"C\u00f3mo prepararse para entrevistas de trabajo virtuales se ha convertido en una habilidad profesional imprescindible en 2025.\",\"breadcrumb\":{\"@id\":\"https:\/\/universofamilia.com\/ja\/como-prepararse-para-entrevistas-de-trabajo-virtuales\/#breadcrumb\"},\"inLanguage\":\"da-DK\",\"potentialAction\":[{\"@type\":\"ReadAction\",\"target\":[\"https:\/\/universofamilia.com\/ja\/como-prepararse-para-entrevistas-de-trabajo-virtuales\/\"]}]},{\"@type\":\"ImageObject\",\"inLanguage\":\"da-DK\",\"@id\":\"https:\/\/universofamilia.com\/ja\/como-prepararse-para-entrevistas-de-trabajo-virtuales\/#primaryimage\",\"url\":\"http:\/\/universofamilia.com\/wp-content\/uploads\/sites\/148\/2025\/12\/Destaque-Novo-Universo-16.jpg\",\"contentUrl\":\"http:\/\/universofamilia.com\/wp-content\/uploads\/sites\/148\/2025\/12\/Destaque-Novo-Universo-16.jpg\",\"width\":450,\"height\":250,\"caption\":\"C\u00f3mo prepararse para entrevistas de trabajo virtuales\"},{\"@type\":\"BreadcrumbList\",\"@id\":\"https:\/\/universofamilia.com\/ja\/como-prepararse-para-entrevistas-de-trabajo-virtuales\/#breadcrumb\",\"itemListElement\":[{\"@type\":\"ListItem\",\"position\":1,\"name\":\"Home\",\"item\":\"http:\/\/universofamilia.com\/zh_hk\/\"},{\"@type\":\"ListItem\",\"position\":2,\"name\":\"C\u00f3mo prepararse para entrevistas de trabajo virtuales\"}]},{\"@type\":\"WebSite\",\"@id\":\"http:\/\/universofamilia.com\/zh_hk\/#website\",\"url\":\"http:\/\/universofamilia.com\/zh_hk\/\",\"name\":\"Universo Fam\u00edlia\",\"description\":\"\",\"potentialAction\":[{\"@type\":\"SearchAction\",\"target\":{\"@type\":\"EntryPoint\",\"urlTemplate\":\"http:\/\/universofamilia.com\/zh_hk\/?s={search_term_string}\"},\"query-input\":\"required name=search_term_string\"}],\"inLanguage\":\"da-DK\"},{\"@type\":\"Person\",\"@id\":\"http:\/\/universofamilia.com\/zh_hk\/#\/schema\/person\/92fcd07e9b1f4323bf74f3170fc0f78a\",\"name\":\"Matheus Sangaletti\",\"image\":{\"@type\":\"ImageObject\",\"inLanguage\":\"da-DK\",\"@id\":\"http:\/\/universofamilia.com\/zh_hk\/#\/schema\/person\/image\/\",\"url\":\"http:\/\/2.gravatar.com\/avatar\/280ea957a14a48e6a1ad2133d2cc27c9?s=96&d=mm&r=g\",\"contentUrl\":\"http:\/\/2.gravatar.com\/avatar\/280ea957a14a48e6a1ad2133d2cc27c9?s=96&d=mm&r=g\",\"caption\":\"Matheus Sangaletti\"},\"url\":\"http:\/\/universofamilia.com\/da\/author\/matheuss\/\"}]}<\/script>\n<!-- \/ Yoast SEO plugin. -->","yoast_head_json":{"title":"C\u00f3mo prepararse para entrevistas de trabajo virtuales - Universo Fam\u00edlia","description":"C\u00f3mo prepararse para entrevistas de trabajo virtuales se ha convertido en una habilidad profesional imprescindible en 2025.","robots":{"index":"index","follow":"follow","max-snippet":"max-snippet:-1","max-image-preview":"max-image-preview:large","max-video-preview":"max-video-preview:-1"},"canonical":"https:\/\/universofamilia.com\/da\/como-prepararse-para-entrevistas-de-trabajo-virtuales\/","og_locale":"da_DK","og_type":"article","og_title":"C\u00f3mo prepararse para entrevistas de trabajo virtuales - Universo Fam\u00edlia","og_description":"C\u00f3mo prepararse para entrevistas de trabajo virtuales se ha convertido en una habilidad profesional imprescindible en 2025.","og_url":"https:\/\/universofamilia.com\/da\/como-prepararse-para-entrevistas-de-trabajo-virtuales\/","og_site_name":"Universo Fam\u00edlia","article_published_time":"2025-12-26T14:16:37+00:00","article_modified_time":"2025-12-26T14:16:39+00:00","og_image":[{"width":450,"height":250,"url":"https:\/\/universofamilia.com\/wp-content\/uploads\/sites\/148\/2025\/12\/Destaque-Novo-Universo-16.jpg","type":"image\/jpeg"}],"author":"Matheus Sangaletti","twitter_card":"summary_large_image","twitter_misc":{"Written by":"Matheus Sangaletti","Est. reading time":"8 minutter"},"schema":{"@context":"https:\/\/schema.org","@graph":[{"@type":"WebPage","@id":"https:\/\/universofamilia.com\/ja\/como-prepararse-para-entrevistas-de-trabajo-virtuales\/","url":"https:\/\/universofamilia.com\/ja\/como-prepararse-para-entrevistas-de-trabajo-virtuales\/","name":"C\u00f3mo prepararse para entrevistas de trabajo virtuales - Universo Fam\u00edlia","isPartOf":{"@id":"http:\/\/universofamilia.com\/zh_hk\/#website"},"primaryImageOfPage":{"@id":"https:\/\/universofamilia.com\/ja\/como-prepararse-para-entrevistas-de-trabajo-virtuales\/#primaryimage"},"image":{"@id":"https:\/\/universofamilia.com\/ja\/como-prepararse-para-entrevistas-de-trabajo-virtuales\/#primaryimage"},"thumbnailUrl":"http:\/\/universofamilia.com\/wp-content\/uploads\/sites\/148\/2025\/12\/Destaque-Novo-Universo-16.jpg","datePublished":"2025-12-26T14:16:37+00:00","dateModified":"2025-12-26T14:16:39+00:00","author":{"@id":"http:\/\/universofamilia.com\/zh_hk\/#\/schema\/person\/92fcd07e9b1f4323bf74f3170fc0f78a"},"description":"C\u00f3mo prepararse para entrevistas de trabajo virtuales se ha convertido en una habilidad profesional imprescindible en 2025.","breadcrumb":{"@id":"https:\/\/universofamilia.com\/ja\/como-prepararse-para-entrevistas-de-trabajo-virtuales\/#breadcrumb"},"inLanguage":"da-DK","potentialAction":[{"@type":"ReadAction","target":["https:\/\/universofamilia.com\/ja\/como-prepararse-para-entrevistas-de-trabajo-virtuales\/"]}]},{"@type":"ImageObject","inLanguage":"da-DK","@id":"https:\/\/universofamilia.com\/ja\/como-prepararse-para-entrevistas-de-trabajo-virtuales\/#primaryimage","url":"http:\/\/universofamilia.com\/wp-content\/uploads\/sites\/148\/2025\/12\/Destaque-Novo-Universo-16.jpg","contentUrl":"http:\/\/universofamilia.com\/wp-content\/uploads\/sites\/148\/2025\/12\/Destaque-Novo-Universo-16.jpg","width":450,"height":250,"caption":"C\u00f3mo prepararse para entrevistas de trabajo virtuales"},{"@type":"BreadcrumbList","@id":"https:\/\/universofamilia.com\/ja\/como-prepararse-para-entrevistas-de-trabajo-virtuales\/#breadcrumb","itemListElement":[{"@type":"ListItem","position":1,"name":"Home","item":"http:\/\/universofamilia.com\/zh_hk\/"},{"@type":"ListItem","position":2,"name":"C\u00f3mo prepararse para entrevistas de trabajo virtuales"}]},{"@type":"WebSite","@id":"http:\/\/universofamilia.com\/zh_hk\/#website","url":"http:\/\/universofamilia.com\/zh_hk\/","name":"Universo Fam\u00edlia","description":"","potentialAction":[{"@type":"SearchAction","target":{"@type":"EntryPoint","urlTemplate":"http:\/\/universofamilia.com\/zh_hk\/?s={search_term_string}"},"query-input":"required name=search_term_string"}],"inLanguage":"da-DK"},{"@type":"Person","@id":"http:\/\/universofamilia.com\/zh_hk\/#\/schema\/person\/92fcd07e9b1f4323bf74f3170fc0f78a","name":"Matheus Sangaletti","image":{"@type":"ImageObject","inLanguage":"da-DK","@id":"http:\/\/universofamilia.com\/zh_hk\/#\/schema\/person\/image\/","url":"http:\/\/2.gravatar.com\/avatar\/280ea957a14a48e6a1ad2133d2cc27c9?s=96&d=mm&r=g","contentUrl":"http:\/\/2.gravatar.com\/avatar\/280ea957a14a48e6a1ad2133d2cc27c9?s=96&d=mm&r=g","caption":"Matheus Sangaletti"},"url":"http:\/\/universofamilia.com\/da\/author\/matheuss\/"}]}},"_links":{"self":[{"href":"http:\/\/universofamilia.com\/da\/wp-json\/wp\/v2\/posts\/10459"}],"collection":[{"href":"http:\/\/universofamilia.com\/da\/wp-json\/wp\/v2\/posts"}],"about":[{"href":"http:\/\/universofamilia.com\/da\/wp-json\/wp\/v2\/types\/post"}],"author":[{"embeddable":true,"href":"http:\/\/universofamilia.com\/da\/wp-json\/wp\/v2\/users\/219"}],"replies":[{"embeddable":true,"href":"http:\/\/universofamilia.com\/da\/wp-json\/wp\/v2\/comments?post=10459"}],"version-history":[{"count":1,"href":"http:\/\/universofamilia.com\/da\/wp-json\/wp\/v2\/posts\/10459\/revisions"}],"predecessor-version":[{"id":10463,"href":"http:\/\/universofamilia.com\/da\/wp-json\/wp\/v2\/posts\/10459\/revisions\/10463"}],"wp:featuredmedia":[{"embeddable":true,"href":"http:\/\/universofamilia.com\/da\/wp-json\/wp\/v2\/media\/10460"}],"wp:attachment":[{"href":"http:\/\/universofamilia.com\/da\/wp-json\/wp\/v2\/media?parent=10459"}],"wp:term":[{"taxonomy":"category","embeddable":true,"href":"http:\/\/universofamilia.com\/da\/wp-json\/wp\/v2\/categories?post=10459"},{"taxonomy":"post_tag","embeddable":true,"href":"http:\/\/universofamilia.com\/da\/wp-json\/wp\/v2\/tags?post=10459"}],"curies":[{"name":"wp","href":"https:\/\/api.w.org\/{rel}","templated":true}]}}