{"id":10464,"date":"2025-12-26T12:09:03","date_gmt":"2025-12-26T15:09:03","guid":{"rendered":"https:\/\/universofamilia.com\/?p=10464"},"modified":"2025-12-26T12:09:05","modified_gmt":"2025-12-26T15:09:05","slug":"las-preguntas-de-entrevista-mas-comunes-de-2025","status":"publish","type":"post","link":"http:\/\/universofamilia.com\/da\/las-preguntas-de-entrevista-mas-comunes-de-2025\/","title":{"rendered":"De mest almindelige interviewsp\u00f8rgsm\u00e5l i 2025"},"content":{"rendered":"<p class=\"has-text-align-center\"><strong>De mest almindelige interviewsp\u00f8rgsm\u00e5l i 2025<\/strong> De afspejler et arbejdsmarked, der er mere digitalt, menneskeligt og strategisk end nogensinde f\u00f8r.<\/p>\n\n\n\n<figure class=\"wp-block-gallery has-nested-images columns-default is-cropped wp-block-gallery-1 is-layout-flex wp-block-gallery-is-layout-flex\">\n<figure class=\"wp-block-image size-full\"><img loading=\"lazy\" decoding=\"async\" width=\"450\" height=\"250\" data-id=\"10465\" src=\"https:\/\/universofamilia.com\/wp-content\/uploads\/sites\/148\/2025\/12\/Destaque-Novo-Universo-18.jpg\" alt=\"\" class=\"wp-image-10465\" srcset=\"http:\/\/universofamilia.com\/wp-content\/uploads\/sites\/148\/2025\/12\/Destaque-Novo-Universo-18.jpg 450w, http:\/\/universofamilia.com\/wp-content\/uploads\/sites\/148\/2025\/12\/Destaque-Novo-Universo-18-300x167.jpg 300w, http:\/\/universofamilia.com\/wp-content\/uploads\/sites\/148\/2025\/12\/Destaque-Novo-Universo-18-18x10.jpg 18w\" sizes=\"(max-width: 450px) 100vw, 450px\" \/><figcaption class=\"wp-element-caption\">De mest almindelige interviewsp\u00f8rgsm\u00e5l i 2025<\/figcaption><\/figure>\n<\/figure>\n\n\n\n<p class=\"has-text-align-center\">I en kontekst hvor virtuelle processer, kunstig intelligens i rekruttering og globale teams sameksisterer, er jobsamtaler holdt op med at fokusere udelukkende p\u00e5 CV&#039;et.<\/p>\n\n\n\n<p class=\"has-text-align-center\">I dag evaluerer de kritisk t\u00e6nkning, tilpasningsevne og professionel konsistens.<\/p>\n\n\n\n<p>F\u00f8r du g\u00e5r videre, er her et kort resum\u00e9 som en guide til din l\u00e6sning: hvordan tilgangen til interviews \u00e6ndrede sig i 2025, hvad virksomheder virkelig leder efter, og de oftest stillede sp\u00f8rgsm\u00e5lskategorier.<\/p>\n\n\n\n<p>Hvordan man svarer uden at lyde generisk, en relevant statistik, to virkelige eksempler, en klar analogi, en praktisk tabel og en blok med ofte stillede sp\u00f8rgsm\u00e5l.<\/p>\n\n\n\n<h2 class=\"wp-block-heading\"><strong>Hvorfor jobsamtaler \u00e6ndrede sig s\u00e5 meget i 2025<\/strong><\/h2>\n\n\n\n<p>Transformationen af arbejdet accelererede en dybtg\u00e5ende udvikling i udv\u00e6lgelsesprocesser.<\/p>\n\n\n\n<p>Automatisering, fjernarbejde og mangel p\u00e5 specialiseret talent tvang virksomheder til at forfine deres sp\u00f8rgsm\u00e5l.<\/p>\n\n\n\n<p>Det er ikke l\u00e6ngere nok at bekr\u00e6fte erfaring; nu er det vigtigt at forst\u00e5, hvordan du t\u00e6nker, beslutter og tilpasser dig.<\/p>\n\n\n\n<p>If\u00f8lge <strong>Rapport om fremtidens job fra World Economic Forum<\/strong>Bl\u00f8de f\u00e6rdigheder, evnen til kontinuerlig l\u00e6ring og evnen til at l\u00f8se komplekse problemer er blandt de mest v\u00e6rdsatte af arbejdsgivere globalt.<\/p>\n\n\n\n<p>Denne tendens forklarer, hvorfor nuv\u00e6rende interviews dykker dybere ned i personlig adf\u00e6rd og kriterier.<\/p>\n\n\n\n<h2 class=\"wp-block-heading\"><strong>Hvad rekrutterere virkelig leder efter i dag<\/strong><\/h2>\n\n\n\n<p>Bag hvert sp\u00f8rgsm\u00e5l ligger en klar intention. Rekruttereren leder efter overensstemmelse mellem, hvad du siger, hvad du har gjort, og hvad du kunne bidrage med.<\/p>\n\n\n\n<p>Han observerede ogs\u00e5 klarhed i kommunikationen af ideer, h\u00e5ndtering af pres og professionel \u00e6rlighed.<\/p>\n\n\n\n<p>At svare godt betyder ikke at l\u00e6re s\u00e6tninger udenad, men snarere at forst\u00e5 form\u00e5let med hver udtalelse. N\u00e5r du identificerer den logik, bliver din diskurs mere naturlig og trov\u00e6rdig.<\/p>\n\n\n\n<h2 class=\"wp-block-heading\"><strong>Sp\u00f8rgsm\u00e5l om karrierevejen<\/strong><\/h2>\n\n\n\n<p>Erfaring er fortsat en af de prim\u00e6re kategorier, omend med et andet fokus. Den tidligere position er ikke l\u00e6ngere den eneste faktor; den genererede effekt er det, der betyder noget nu.<\/p>\n\n\n\n<p>Sp\u00f8rgsm\u00e5l som disse dukker op her:<\/p>\n\n\n\n<ul>\n<li>Fort\u00e6l mig om din mest relevante erfaring til denne stilling.<\/li>\n\n\n\n<li>Hvad l\u00e6rte du i din sidste rolle, som du ville bruge bedre i dag?<\/li>\n<\/ul>\n\n\n\n<p>Fokus er p\u00e5 l\u00e6ring og udvikling, ikke p\u00e5 en liste af funktioner.<\/p>\n\n\n\n<h3 class=\"wp-block-heading\"><strong>Eksempel 1<\/strong><\/h3>\n\n\n\n<p>En dataanalytiker forklarede, hvordan hun gik fra at k\u00f8re rapporter til at foresl\u00e5 forretningsforbedringer baseret p\u00e5 indsigt.<\/p>\n\n\n\n<p>Den fort\u00e6lling viste v\u00e6kst, initiativ og overensstemmelse med forretningsm\u00e5l.<\/p>\n\n\n\n<h2 class=\"wp-block-heading\"><strong>Sp\u00f8rgsm\u00e5l om n\u00f8glekompetencer og f\u00e6rdigheder<\/strong><\/h2>\n\n\n\n<p>Inden 2025 vil virksomheder prioritere overf\u00f8rbare f\u00e6rdigheder. Derfor dukker der sp\u00f8rgsm\u00e5l op, der fokuserer p\u00e5 virkelige situationer, ikke teorier.<\/p>\n\n\n\n<p>Nogle af de mest almindelige inkluderer:<\/p>\n\n\n\n<ul>\n<li>Hvordan h\u00e5ndterer du en uventet \u00e6ndring i dine prioriteter?<\/li>\n\n\n\n<li>Beskriv en situation, hvor du hurtigt skulle l\u00e6re noget nyt.<\/li>\n<\/ul>\n\n\n\n<p>Denne type sp\u00f8rgsm\u00e5l m\u00e5ler tilpasningsevne og en v\u00e6ksttankegang.<\/p>\n\n\n\n<h2 class=\"wp-block-heading\"><strong>Vurdering af digitale f\u00e6rdigheder og fjernarbejde<\/strong><\/h2>\n\n\n\n<p>Teknologiske f\u00e6rdigheder er ikke l\u00e6ngere udelukkende for tekniske profiler. N\u00e6sten alle roller kr\u00e6ver digital flydendehed og effektiv fjernkommunikation.<\/p>\n\n\n\n<p>Af denne grund er det almindeligt at h\u00f8re sp\u00f8rgsm\u00e5l relateret til organisering, virtuelt samarbejde og selvledelse. De leder ikke efter softwareeksperter, men snarere funktionelle fagfolk i digitale milj\u00f8er.<\/p>\n\n\n\n<h2 class=\"wp-block-heading\"><strong>Sp\u00f8rgsm\u00e5l om kultur og v\u00e6rdier<\/strong><\/h2>\n\n\n\n<p>Virksomheder l\u00e6rte, at ans\u00e6ttelse udelukkende baseret p\u00e5 tekniske f\u00e6rdigheder skaber langvarige konflikter. Derfor blev kulturel kompatibilitet vigtigere.<\/p>\n\n\n\n<p>Sp\u00f8rgsm\u00e5l som &quot;hvad v\u00e6rds\u00e6tter du i et arbejdsteam?&quot; eller &quot;hvilken type lederskab motiverer dig?&quot; afsl\u00f8rer forventninger, begr\u00e6nsninger og professionel stil.<\/p>\n\n\n\n<p>At svare \u00e6rligt er mere effektivt end at fors\u00f8ge at behage.<\/p>\n\n\n\n<h2 class=\"wp-block-heading\"><strong>Det sp\u00f8rgsm\u00e5l, der n\u00e6sten altid dukker op<\/strong><\/h2>\n\n\n\n<p>Mellem <strong>De mest almindelige interviewsp\u00f8rgsm\u00e5l i 2025<\/strong>Der er \u00e9n, der stadig er gyldig, omend med nuancer:<br><strong>Hvad er dine styrker og omr\u00e5der til forbedring?<\/strong><\/p>\n\n\n\n<p>N\u00f8glen er balance. At anerkende en reel svaghed, kombineret med konkrete handlinger for at forbedre den, formidler modenhed og selvbevidsthed.<\/p>\n\n\n\n<p>At undg\u00e5 forudforberedte svar g\u00f8r hele forskellen.<\/p>\n\n\n\n<h2 class=\"wp-block-heading\"><strong>Sp\u00f8rgsm\u00e5l om probleml\u00f8sning<\/strong><\/h2>\n\n\n\n<p>Organisationer s\u00f8ger personer, der er i stand til at analysere, beslutte og handle. Derfor inkluderer interviews hypotetiske scenarier eller tidligere erfaringer.<\/p>\n\n\n\n<p>Der er ikke et enkelt svar her. Det vigtigste er at forklare din argumentation, de alternativer, du overvejede, og det resultat, du opn\u00e5ede. Denne proces afsl\u00f8rer din m\u00e5de at t\u00e6nke p\u00e5.<\/p>\n\n\n\n<h3 class=\"wp-block-heading\"><strong>Eksempel 2<\/strong><\/h3>\n\n\n\n<p>En juniorleder fortalte, hvordan han l\u00f8ste en tv\u00e6rfaglig konflikt ved at prioritere data, dialog og klare aftaler. Mere end den endelige l\u00f8sning lagde han v\u00e6gt p\u00e5 sin strukturerede og empatiske tilgang.<\/p>\n\n\n\n<h2 class=\"wp-block-heading\"><strong>Sp\u00f8rgsm\u00e5l om motivation og form\u00e5l<\/strong><\/h2>\n\n\n\n<p>I et marked med h\u00f8j udskiftning vil virksomheder gerne forst\u00e5, hvorfor du er interesseret i stillingen.<\/p>\n\n\n\n<p>Sp\u00f8rgsm\u00e5l som &quot;Hvad motiverer dig ved denne rolle?&quot; eller &quot;Hvor ser du dig selv om tre \u00e5r?&quot; peger p\u00e5 forventninger og engagement.<\/p>\n\n\n\n<p>At svare ud fra et professionelt form\u00e5l, og ikke kun l\u00f8n, skaber en st\u00e6rkere forbindelse med intervieweren.<\/p>\n\n\n\n<h2 class=\"wp-block-heading\"><strong>Analogien, der hj\u00e6lper med at forst\u00e5 processen<\/strong><\/h2>\n\n\n\n<p>At besvare et interview i 2025 vil v\u00e6re som <strong>navig\u00e9r med GPS<\/strong>.<\/p>\n\n\n\n<p>Destinationen er klar, men den virkelige v\u00e6rdi ligger i, hvordan du v\u00e6lger ruten, hvordan du reagerer p\u00e5 omveje, og hvor bevidst du er om den vej, du har rejst.<\/p>\n\n\n\n<h2 class=\"wp-block-heading\"><strong>Tabel: Hyppigste sp\u00f8rgsm\u00e5lstyper i 2025<\/strong><\/h2>\n\n\n\n<figure class=\"wp-block-table\"><table><thead><tr><th>Sp\u00f8rgsm\u00e5lstype<\/th><th>Hvad den prim\u00e6rt evaluerer<\/th><\/tr><\/thead><tbody><tr><td>Professionel karriere<\/td><td>Evolution og l\u00e6ring<\/td><\/tr><tr><td>F\u00e6rdigheder<\/td><td>Tilpasningsevne og bl\u00f8de f\u00e6rdigheder<\/td><\/tr><tr><td>Digital og fjernbetjent<\/td><td>Autonomi og organisering<\/td><\/tr><tr><td>Kultur og v\u00e6rdier<\/td><td>Virksomhedskompatibilitet<\/td><\/tr><tr><td>Probleml\u00f8sning<\/td><td>Kritisk t\u00e6nkning<\/td><\/tr><\/tbody><\/table><figcaption class=\"wp-element-caption\">De mest almindelige interviewsp\u00f8rgsm\u00e5l i 2025<\/figcaption><\/figure>\n\n\n\n<figure class=\"wp-block-gallery has-nested-images columns-default is-cropped wp-block-gallery-2 is-layout-flex wp-block-gallery-is-layout-flex\">\n<figure class=\"wp-block-image size-full\"><img loading=\"lazy\" decoding=\"async\" width=\"450\" height=\"250\" data-id=\"10467\" src=\"https:\/\/universofamilia.com\/wp-content\/uploads\/sites\/148\/2025\/12\/Destaque-Novo-Universo-19.jpg\" alt=\"\" class=\"wp-image-10467\" srcset=\"http:\/\/universofamilia.com\/wp-content\/uploads\/sites\/148\/2025\/12\/Destaque-Novo-Universo-19.jpg 450w, http:\/\/universofamilia.com\/wp-content\/uploads\/sites\/148\/2025\/12\/Destaque-Novo-Universo-19-300x167.jpg 300w, http:\/\/universofamilia.com\/wp-content\/uploads\/sites\/148\/2025\/12\/Destaque-Novo-Universo-19-18x10.jpg 18w\" sizes=\"(max-width: 450px) 100vw, 450px\" \/><figcaption class=\"wp-element-caption\">De mest almindelige interviewsp\u00f8rgsm\u00e5l i 2025<\/figcaption><\/figure>\n<\/figure>\n\n\n\n<p>L\u00e6s mere:\u00a0<a href=\"http:\/\/universofamilia.com\/da\/el-teletrabajo-en-2025-las-nuevas-tendencias-del-home-office\/\">Telearbejde i 2025: Nye trends inden for hjemmekontor<\/a><\/p>\n\n\n\n<h2 class=\"wp-block-heading\"><strong>S\u00e5dan forbereder du dig uden at lyde ind\u00f8vet<\/strong><\/h2>\n\n\n\n<p>Effektiv forberedelse handler ikke om at huske svar, men om at reflektere over virkelige oplevelser. At identificere pr\u00e6stationer, udfordringer og erfaringer giver dig mulighed for at reagere naturligt.<\/p>\n\n\n\n<p>H\u00f8jt\u00f8velse hj\u00e6lper med at forbedre talef\u00e6rdigheden, men det er ogs\u00e5 vigtigt at give plads til spontanitet. Interviews v\u00e6rds\u00e6tter autenticitet, ikke perfektion.<\/p>\n\n\n\n<h2 class=\"wp-block-heading\"><strong>Almindelige fejl, der forts\u00e6tter med at koste muligheder<\/strong><\/h2>\n\n\n\n<p>Det er stadig skadeligt at tale for meget, aflede svar eller undg\u00e5 at indr\u00f8mme fejl. Det samme g\u00e6lder at reagere med generaliseringer, der mangler kontekst.<\/p>\n\n\n\n<p>I mods\u00e6tning hertil opbygger klarhed, konkrete eksempler og aktiv lytning tillid. Intervieweren bem\u00e6rker, n\u00e5r der er overensstemmelse mellem diskursen og oplevelsen.<\/p>\n\n\n\n<h2 class=\"wp-block-heading\"><strong>Konklusion<\/strong><\/h2>\n\n\n\n<p>Forst\u00e5else <strong>De mest almindelige interviewsp\u00f8rgsm\u00e5l i 2025<\/strong> Det giver dig mulighed for at m\u00f8de udv\u00e6lgelsesprocesser med st\u00f8rre selvtillid og strategi.<\/p>\n\n\n\n<p>Dagens jobsamtaler s\u00f8ger alsidige personer: med f\u00e6rdigheder, v\u00e6rdier og tilpasningsevne.<\/p>\n\n\n\n<p>At forberede dig selv gennem selverkendelse, snarere end rigide formler, \u00f8ger dine chancer for succes.<\/p>\n\n\n\n<p>I et konkurrencepr\u00e6get marked skiller de, der kommunikerer klart og autentisk, sig ud, uden at det er n\u00f8dvendigt at overdrive.<\/p>\n\n\n\n<p>L\u00e6s mere:\u00a0<a href=\"http:\/\/universofamilia.com\/da\/carreras-sostenibles-empleos-verdes-en-auge\/\">B\u00e6redygtige karrierer: blomstrende gr\u00f8nne job<\/a><\/p>\n\n\n\n<h2 class=\"wp-block-heading\"><strong>Ofte stillede sp\u00f8rgsm\u00e5l<\/strong><\/h2>\n\n\n\n<p><strong>Er interviewsp\u00f8rgsm\u00e5lene de samme p\u00e5 tv\u00e6rs af alle sektorer?<\/strong><br>Nej. Selvom der er f\u00e6lles m\u00f8nstre, prioriterer hver branche specifikke f\u00e6rdigheder.<\/p>\n\n\n\n<p><strong>Er det tilr\u00e5deligt at forberede skriftlige svar?<\/strong><br>Det fungerer som en indledende \u00f8velse, men under interviewet er det bedre at svare naturligt.<\/p>\n\n\n\n<p><strong>Hvor vigtig er \u00e6rlighed?<\/strong><br>Det er afg\u00f8rende. Rekrutterere kan nemt f\u00e5 \u00f8je p\u00e5 uoverensstemmelser.<\/p>\n\n\n\n<p><strong>\u00c6ndrer virtuelle interviews typen af sp\u00f8rgsm\u00e5l, der stilles?<\/strong><br>Fokuset forbliver det samme, selvom evalueringen af kommunikation og selvledelse \u00f8ges.<\/p>\n\n\n\n<p><strong>Diskvalificerer et forkert svar p\u00e5 et sp\u00f8rgsm\u00e5l en kandidat?<\/strong><br>Ikke n\u00f8dvendigvis. Holdning, klarhed og evnen til at reflektere er lige s\u00e5 vigtige som et rettidigt svar.<\/p>\n\n\n\n<p>I 2025 betyder det at v\u00e6re godt forberedt ikke at se perfekt ud, men at vise, hvem du er, hvordan du t\u00e6nker, og hvilken reel v\u00e6rdi du kan bidrage med.<\/p>\n\n\n\n<p>Det er fortsat det st\u00e6rkeste svar i ethvert interview.<\/p>","protected":false},"excerpt":{"rendered":"<p>De mest almindelige interviewsp\u00f8rgsm\u00e5l i 2025 afspejler et jobmarked, der er mere digitalt, menneskeligt og strategisk end nogensinde f\u00f8r. I en kontekst, hvor virtuelle processer, kunstig intelligens i rekruttering og globale teams sameksisterer, er interviews g\u00e5et ud over at fokusere udelukkende p\u00e5 CV&#039;et. I dag vurderer de kritisk t\u00e6nkning, tilpasningsevne og professionel konsistens. F\u00f8r vi g\u00e5r videre, er dette [\u2026]<\/p>","protected":false},"author":219,"featured_media":10466,"comment_status":"closed","ping_status":"open","sticky":false,"template":"","format":"standard","meta":{"footnotes":""},"categories":[5],"tags":[],"yoast_head":"<!-- This site is optimized with the Yoast SEO plugin v23.3 - https:\/\/yoast.com\/wordpress\/plugins\/seo\/ -->\n<title>Las preguntas de entrevista m\u00e1s comunes de 2025 - Universo Fam\u00edlia<\/title>\n<meta name=\"description\" content=\"Las preguntas de entrevista m\u00e1s comunes de 2025 reflejan un mercado laboral m\u00e1s digital, humano y estrat\u00e9gico que nunca.\" \/>\n<meta name=\"robots\" content=\"index, follow, max-snippet:-1, max-image-preview:large, max-video-preview:-1\" \/>\n<link rel=\"canonical\" href=\"https:\/\/universofamilia.com\/da\/las-preguntas-de-entrevista-mas-comunes-de-2025\/\" \/>\n<meta property=\"og:locale\" content=\"da_DK\" \/>\n<meta property=\"og:type\" content=\"article\" \/>\n<meta property=\"og:title\" content=\"Las preguntas de entrevista m\u00e1s comunes de 2025 - Universo Fam\u00edlia\" \/>\n<meta property=\"og:description\" content=\"Las preguntas de entrevista m\u00e1s comunes de 2025 reflejan un mercado laboral m\u00e1s digital, humano y estrat\u00e9gico que nunca.\" \/>\n<meta property=\"og:url\" content=\"https:\/\/universofamilia.com\/da\/las-preguntas-de-entrevista-mas-comunes-de-2025\/\" \/>\n<meta property=\"og:site_name\" content=\"Universo Fam\u00edlia\" \/>\n<meta property=\"article:published_time\" content=\"2025-12-26T15:09:03+00:00\" \/>\n<meta property=\"article:modified_time\" content=\"2025-12-26T15:09:05+00:00\" \/>\n<meta property=\"og:image\" content=\"https:\/\/universofamilia.com\/wp-content\/uploads\/sites\/148\/2025\/12\/Destaque-Novo-Universo-18-1.jpg\" \/>\n\t<meta property=\"og:image:width\" content=\"450\" \/>\n\t<meta property=\"og:image:height\" content=\"250\" \/>\n\t<meta property=\"og:image:type\" content=\"image\/jpeg\" \/>\n<meta name=\"author\" content=\"Matheus Sangaletti\" \/>\n<meta name=\"twitter:card\" content=\"summary_large_image\" \/>\n<meta name=\"twitter:label1\" content=\"Written by\" \/>\n\t<meta name=\"twitter:data1\" content=\"Matheus Sangaletti\" \/>\n\t<meta name=\"twitter:label2\" content=\"Est. reading time\" \/>\n\t<meta name=\"twitter:data2\" content=\"7 minutter\" \/>\n<script type=\"application\/ld+json\" class=\"yoast-schema-graph\">{\"@context\":\"https:\/\/schema.org\",\"@graph\":[{\"@type\":\"WebPage\",\"@id\":\"https:\/\/universofamilia.com\/sk\/las-preguntas-de-entrevista-mas-comunes-de-2025\/\",\"url\":\"https:\/\/universofamilia.com\/sk\/las-preguntas-de-entrevista-mas-comunes-de-2025\/\",\"name\":\"Las preguntas de entrevista m\u00e1s comunes de 2025 - Universo Fam\u00edlia\",\"isPartOf\":{\"@id\":\"http:\/\/universofamilia.com\/zh_hk\/#website\"},\"primaryImageOfPage\":{\"@id\":\"https:\/\/universofamilia.com\/sk\/las-preguntas-de-entrevista-mas-comunes-de-2025\/#primaryimage\"},\"image\":{\"@id\":\"https:\/\/universofamilia.com\/sk\/las-preguntas-de-entrevista-mas-comunes-de-2025\/#primaryimage\"},\"thumbnailUrl\":\"http:\/\/universofamilia.com\/wp-content\/uploads\/sites\/148\/2025\/12\/Destaque-Novo-Universo-18-1.jpg\",\"datePublished\":\"2025-12-26T15:09:03+00:00\",\"dateModified\":\"2025-12-26T15:09:05+00:00\",\"author\":{\"@id\":\"http:\/\/universofamilia.com\/zh_hk\/#\/schema\/person\/92fcd07e9b1f4323bf74f3170fc0f78a\"},\"description\":\"Las preguntas de entrevista m\u00e1s comunes de 2025 reflejan un mercado laboral m\u00e1s digital, humano y estrat\u00e9gico que nunca.\",\"breadcrumb\":{\"@id\":\"https:\/\/universofamilia.com\/sk\/las-preguntas-de-entrevista-mas-comunes-de-2025\/#breadcrumb\"},\"inLanguage\":\"da-DK\",\"potentialAction\":[{\"@type\":\"ReadAction\",\"target\":[\"https:\/\/universofamilia.com\/sk\/las-preguntas-de-entrevista-mas-comunes-de-2025\/\"]}]},{\"@type\":\"ImageObject\",\"inLanguage\":\"da-DK\",\"@id\":\"https:\/\/universofamilia.com\/sk\/las-preguntas-de-entrevista-mas-comunes-de-2025\/#primaryimage\",\"url\":\"http:\/\/universofamilia.com\/wp-content\/uploads\/sites\/148\/2025\/12\/Destaque-Novo-Universo-18-1.jpg\",\"contentUrl\":\"http:\/\/universofamilia.com\/wp-content\/uploads\/sites\/148\/2025\/12\/Destaque-Novo-Universo-18-1.jpg\",\"width\":450,\"height\":250,\"caption\":\"Las preguntas de entrevista m\u00e1s comunes de 2025\"},{\"@type\":\"BreadcrumbList\",\"@id\":\"https:\/\/universofamilia.com\/sk\/las-preguntas-de-entrevista-mas-comunes-de-2025\/#breadcrumb\",\"itemListElement\":[{\"@type\":\"ListItem\",\"position\":1,\"name\":\"Home\",\"item\":\"http:\/\/universofamilia.com\/zh_hk\/\"},{\"@type\":\"ListItem\",\"position\":2,\"name\":\"Las preguntas de entrevista m\u00e1s comunes de 2025\"}]},{\"@type\":\"WebSite\",\"@id\":\"http:\/\/universofamilia.com\/zh_hk\/#website\",\"url\":\"http:\/\/universofamilia.com\/zh_hk\/\",\"name\":\"Universo Fam\u00edlia\",\"description\":\"\",\"potentialAction\":[{\"@type\":\"SearchAction\",\"target\":{\"@type\":\"EntryPoint\",\"urlTemplate\":\"http:\/\/universofamilia.com\/zh_hk\/?s={search_term_string}\"},\"query-input\":\"required name=search_term_string\"}],\"inLanguage\":\"da-DK\"},{\"@type\":\"Person\",\"@id\":\"http:\/\/universofamilia.com\/zh_hk\/#\/schema\/person\/92fcd07e9b1f4323bf74f3170fc0f78a\",\"name\":\"Matheus Sangaletti\",\"image\":{\"@type\":\"ImageObject\",\"inLanguage\":\"da-DK\",\"@id\":\"http:\/\/universofamilia.com\/zh_hk\/#\/schema\/person\/image\/\",\"url\":\"http:\/\/2.gravatar.com\/avatar\/280ea957a14a48e6a1ad2133d2cc27c9?s=96&d=mm&r=g\",\"contentUrl\":\"http:\/\/2.gravatar.com\/avatar\/280ea957a14a48e6a1ad2133d2cc27c9?s=96&d=mm&r=g\",\"caption\":\"Matheus Sangaletti\"},\"url\":\"http:\/\/universofamilia.com\/da\/author\/matheuss\/\"}]}<\/script>\n<!-- \/ Yoast SEO plugin. -->","yoast_head_json":{"title":"Las preguntas de entrevista m\u00e1s comunes de 2025 - Universo Fam\u00edlia","description":"Las preguntas de entrevista m\u00e1s comunes de 2025 reflejan un mercado laboral m\u00e1s digital, humano y estrat\u00e9gico que nunca.","robots":{"index":"index","follow":"follow","max-snippet":"max-snippet:-1","max-image-preview":"max-image-preview:large","max-video-preview":"max-video-preview:-1"},"canonical":"https:\/\/universofamilia.com\/da\/las-preguntas-de-entrevista-mas-comunes-de-2025\/","og_locale":"da_DK","og_type":"article","og_title":"Las preguntas de entrevista m\u00e1s comunes de 2025 - Universo Fam\u00edlia","og_description":"Las preguntas de entrevista m\u00e1s comunes de 2025 reflejan un mercado laboral m\u00e1s digital, humano y estrat\u00e9gico que nunca.","og_url":"https:\/\/universofamilia.com\/da\/las-preguntas-de-entrevista-mas-comunes-de-2025\/","og_site_name":"Universo Fam\u00edlia","article_published_time":"2025-12-26T15:09:03+00:00","article_modified_time":"2025-12-26T15:09:05+00:00","og_image":[{"width":450,"height":250,"url":"https:\/\/universofamilia.com\/wp-content\/uploads\/sites\/148\/2025\/12\/Destaque-Novo-Universo-18-1.jpg","type":"image\/jpeg"}],"author":"Matheus Sangaletti","twitter_card":"summary_large_image","twitter_misc":{"Written by":"Matheus Sangaletti","Est. reading time":"7 minutter"},"schema":{"@context":"https:\/\/schema.org","@graph":[{"@type":"WebPage","@id":"https:\/\/universofamilia.com\/sk\/las-preguntas-de-entrevista-mas-comunes-de-2025\/","url":"https:\/\/universofamilia.com\/sk\/las-preguntas-de-entrevista-mas-comunes-de-2025\/","name":"Las preguntas de entrevista m\u00e1s comunes de 2025 - Universo Fam\u00edlia","isPartOf":{"@id":"http:\/\/universofamilia.com\/zh_hk\/#website"},"primaryImageOfPage":{"@id":"https:\/\/universofamilia.com\/sk\/las-preguntas-de-entrevista-mas-comunes-de-2025\/#primaryimage"},"image":{"@id":"https:\/\/universofamilia.com\/sk\/las-preguntas-de-entrevista-mas-comunes-de-2025\/#primaryimage"},"thumbnailUrl":"http:\/\/universofamilia.com\/wp-content\/uploads\/sites\/148\/2025\/12\/Destaque-Novo-Universo-18-1.jpg","datePublished":"2025-12-26T15:09:03+00:00","dateModified":"2025-12-26T15:09:05+00:00","author":{"@id":"http:\/\/universofamilia.com\/zh_hk\/#\/schema\/person\/92fcd07e9b1f4323bf74f3170fc0f78a"},"description":"Las preguntas de entrevista m\u00e1s comunes de 2025 reflejan un mercado laboral m\u00e1s digital, humano y estrat\u00e9gico que nunca.","breadcrumb":{"@id":"https:\/\/universofamilia.com\/sk\/las-preguntas-de-entrevista-mas-comunes-de-2025\/#breadcrumb"},"inLanguage":"da-DK","potentialAction":[{"@type":"ReadAction","target":["https:\/\/universofamilia.com\/sk\/las-preguntas-de-entrevista-mas-comunes-de-2025\/"]}]},{"@type":"ImageObject","inLanguage":"da-DK","@id":"https:\/\/universofamilia.com\/sk\/las-preguntas-de-entrevista-mas-comunes-de-2025\/#primaryimage","url":"http:\/\/universofamilia.com\/wp-content\/uploads\/sites\/148\/2025\/12\/Destaque-Novo-Universo-18-1.jpg","contentUrl":"http:\/\/universofamilia.com\/wp-content\/uploads\/sites\/148\/2025\/12\/Destaque-Novo-Universo-18-1.jpg","width":450,"height":250,"caption":"Las preguntas de entrevista m\u00e1s comunes de 2025"},{"@type":"BreadcrumbList","@id":"https:\/\/universofamilia.com\/sk\/las-preguntas-de-entrevista-mas-comunes-de-2025\/#breadcrumb","itemListElement":[{"@type":"ListItem","position":1,"name":"Home","item":"http:\/\/universofamilia.com\/zh_hk\/"},{"@type":"ListItem","position":2,"name":"Las preguntas de entrevista m\u00e1s comunes de 2025"}]},{"@type":"WebSite","@id":"http:\/\/universofamilia.com\/zh_hk\/#website","url":"http:\/\/universofamilia.com\/zh_hk\/","name":"Universo Fam\u00edlia","description":"","potentialAction":[{"@type":"SearchAction","target":{"@type":"EntryPoint","urlTemplate":"http:\/\/universofamilia.com\/zh_hk\/?s={search_term_string}"},"query-input":"required name=search_term_string"}],"inLanguage":"da-DK"},{"@type":"Person","@id":"http:\/\/universofamilia.com\/zh_hk\/#\/schema\/person\/92fcd07e9b1f4323bf74f3170fc0f78a","name":"Matheus Sangaletti","image":{"@type":"ImageObject","inLanguage":"da-DK","@id":"http:\/\/universofamilia.com\/zh_hk\/#\/schema\/person\/image\/","url":"http:\/\/2.gravatar.com\/avatar\/280ea957a14a48e6a1ad2133d2cc27c9?s=96&d=mm&r=g","contentUrl":"http:\/\/2.gravatar.com\/avatar\/280ea957a14a48e6a1ad2133d2cc27c9?s=96&d=mm&r=g","caption":"Matheus Sangaletti"},"url":"http:\/\/universofamilia.com\/da\/author\/matheuss\/"}]}},"_links":{"self":[{"href":"http:\/\/universofamilia.com\/da\/wp-json\/wp\/v2\/posts\/10464"}],"collection":[{"href":"http:\/\/universofamilia.com\/da\/wp-json\/wp\/v2\/posts"}],"about":[{"href":"http:\/\/universofamilia.com\/da\/wp-json\/wp\/v2\/types\/post"}],"author":[{"embeddable":true,"href":"http:\/\/universofamilia.com\/da\/wp-json\/wp\/v2\/users\/219"}],"replies":[{"embeddable":true,"href":"http:\/\/universofamilia.com\/da\/wp-json\/wp\/v2\/comments?post=10464"}],"version-history":[{"count":1,"href":"http:\/\/universofamilia.com\/da\/wp-json\/wp\/v2\/posts\/10464\/revisions"}],"predecessor-version":[{"id":10468,"href":"http:\/\/universofamilia.com\/da\/wp-json\/wp\/v2\/posts\/10464\/revisions\/10468"}],"wp:featuredmedia":[{"embeddable":true,"href":"http:\/\/universofamilia.com\/da\/wp-json\/wp\/v2\/media\/10466"}],"wp:attachment":[{"href":"http:\/\/universofamilia.com\/da\/wp-json\/wp\/v2\/media?parent=10464"}],"wp:term":[{"taxonomy":"category","embeddable":true,"href":"http:\/\/universofamilia.com\/da\/wp-json\/wp\/v2\/categories?post=10464"},{"taxonomy":"post_tag","embeddable":true,"href":"http:\/\/universofamilia.com\/da\/wp-json\/wp\/v2\/tags?post=10464"}],"curies":[{"name":"wp","href":"https:\/\/api.w.org\/{rel}","templated":true}]}}