{"id":10479,"date":"2025-12-29T09:09:19","date_gmt":"2025-12-29T12:09:19","guid":{"rendered":"https:\/\/universofamilia.com\/?p=10479"},"modified":"2025-12-29T09:11:25","modified_gmt":"2025-12-29T12:11:25","slug":"la-salud-mental-en-la-mira","status":"publish","type":"post","link":"http:\/\/universofamilia.com\/da\/la-salud-mental-en-la-mira\/","title":{"rendered":"Mental sundhed i s\u00f8gelyset: den nye globale udfordring i det 21. \u00e5rhundrede"},"content":{"rendered":"<p class=\"has-text-align-center\"><strong>Mental sundhed i s\u00f8gelyset: den nye globale udfordring i det 21. \u00e5rhundrede.<\/strong> Det er ikke l\u00e6ngere et alarmistisk slogan eller et problem, der er eksklusivt for det medicinske omr\u00e5de.<\/p>\n\n\n\n<figure class=\"wp-block-gallery has-nested-images columns-default is-cropped wp-block-gallery-1 is-layout-flex wp-block-gallery-is-layout-flex\">\n<figure class=\"wp-block-image size-full\"><img loading=\"lazy\" decoding=\"async\" width=\"450\" height=\"250\" data-id=\"10481\" src=\"https:\/\/universofamilia.com\/wp-content\/uploads\/sites\/148\/2025\/12\/Destaque-Novo-Universo-20-1.jpg\" alt=\"\" class=\"wp-image-10481\" srcset=\"http:\/\/universofamilia.com\/wp-content\/uploads\/sites\/148\/2025\/12\/Destaque-Novo-Universo-20-1.jpg 450w, http:\/\/universofamilia.com\/wp-content\/uploads\/sites\/148\/2025\/12\/Destaque-Novo-Universo-20-1-300x167.jpg 300w, http:\/\/universofamilia.com\/wp-content\/uploads\/sites\/148\/2025\/12\/Destaque-Novo-Universo-20-1-18x10.jpg 18w\" sizes=\"(max-width: 450px) 100vw, 450px\" \/><figcaption class=\"wp-element-caption\">Mental sundhed i s\u00f8gelyset: den nye globale udfordring i det 21. \u00e5rhundrede.<\/figcaption><\/figure>\n<\/figure>\n\n\n\n<p class=\"has-text-align-center\">Det blev en social, \u00f8konomisk og politisk prioritet, der g\u00e5r p\u00e5 tv\u00e6rs af aldre, erhverv og kulturer.<\/p>\n\n\n\n<p class=\"has-text-align-center\">I 2025 betyder det at tale om f\u00f8lelsesm\u00e6ssigt velv\u00e6re at tale om produktivitet, relationer, uddannelse, teknologi og livskvalitet.<\/p>\n\n\n\n<p>F\u00f8r vi g\u00e5r i dybden, er det v\u00e6rd at gennemg\u00e5 en kort opsummering: hvorfor mental sundhed er i centrum for den globale debat i dag, hvilke faktorer forklarer dens forv\u00e6rring, og hvordan det p\u00e5virker \u00f8konomien og dagligdagen.<\/p>\n\n\n\n<p>En n\u00f8glestatistik bakket op af internationale organisationer, to eksempler fra den virkelige verden, en belysende analogi, en tabel med aktuelle udfordringer og en sektion med ofte stillede sp\u00f8rgsm\u00e5l.<\/p>\n\n\n\n<h2 class=\"wp-block-heading\"><strong>Hvorfor mental sundhed er blevet centrum for den globale samtale<\/strong><\/h2>\n\n\n\n<p>I \u00e5rtier blev psykisk velv\u00e6re henvist til baggrunden. De hurtige forandringer i det 21. \u00e5rhundrede tvang os dog til at konfrontere et problem, der stille og roligt var vokset.<\/p>\n\n\n\n<p>Intense arbejdsrytmer, hyperkonnektivitet, \u00f8konomisk usikkerhed og dybtg\u00e5ende sociale forandringer skabte et komplekst yngleplads.<\/p>\n\n\n\n<p>I denne sammenh\u00e6ng, <strong>Mental sundhed i s\u00f8gelyset: den nye globale udfordring i det 21. \u00e5rhundrede.<\/strong> Det holdt op med at v\u00e6re en akademisk frase og blev en hverdagsrealitet.<\/p>\n\n\n\n<p>I dag erkender regeringer, virksomheder og uddannelsessystemer, at det har h\u00e5ndgribelige og dyre konsekvenser at ignorere dette aspekt.<\/p>\n\n\n\n<h2 class=\"wp-block-heading\"><strong>Et problem uden gr\u00e6nser eller aldre<\/strong><\/h2>\n\n\n\n<p>Mental sundhed p\u00e5virker ikke kun bestemte lande eller sociale grupper.<\/p>\n\n\n\n<p>Dette er et udbredt f\u00e6nomen. Unge mennesker, voksne og \u00e6ldre st\u00e5r over for stigende niveauer af stress, angst og f\u00f8lelsesm\u00e6ssig udmattelse.<\/p>\n\n\n\n<p>If\u00f8lge data fra <strong>Verdenssundhedsorganisationen (WHO)<\/strong>, cirka <strong>1 ud af 8 personer p\u00e5 verdensplan lever med en eller anden form for psykisk lidelse<\/strong>Dette tal afspejler udfordringens omfang og dens direkte indvirkning p\u00e5 sundhedssystemer og den globale \u00f8konomi.<\/p>\n\n\n\n<p>Disse data, som er opdateret i nylige rapporter fra agenturet, bekr\u00e6fter, at der ikke er tale om isolerede tilf\u00e6lde, men et strukturelt problem.<\/p>\n\n\n\n<h2 class=\"wp-block-heading\"><strong>Den stille indvirkning p\u00e5 \u00f8konomien og arbejdet<\/strong><\/h2>\n\n\n\n<p>Ud over individuel lidelse p\u00e5virker nedsat mental sundhed produktiviteten, \u00f8ger frav\u00e6r og \u00f8ger sundhedsudgifterne.<\/p>\n\n\n\n<p>Virksomheder begyndte at forst\u00e5, at det at tage sig af f\u00f8lelsesm\u00e6ssigt velv\u00e6re ikke er en ekstra fordel, men en strategisk investering.<\/p>\n\n\n\n<p>Inden 2025 vil mange organisationer integrere psykologiske st\u00f8tteprogrammer, fleksible arbejdstider og politikker for digital afbrydelse.<\/p>\n\n\n\n<p>De g\u00f8r det ikke kun af social ansvarlighed, men fordi resultaterne viser klare forbedringer i pr\u00e6station og engagement.<\/p>\n\n\n\n<h2 class=\"wp-block-heading\"><strong>Teknologi: b\u00e5de allieret og risikoen<\/strong><\/h2>\n\n\n\n<p>Teknologi spiller en ambivalent rolle. P\u00e5 den ene side letter den adgangen til information, online terapier og st\u00f8ttef\u00e6llesskaber.<\/p>\n\n\n\n<p>P\u00e5 den anden side intensiverer det social sammenligning, overeksponering og vanskeligheden ved at afbryde forbindelsen.<\/p>\n\n\n\n<p>Udfordringen er at bruge digitale v\u00e6rkt\u00f8jer klogt.<\/p>\n\n\n\n<p>N\u00f8glen er ikke at d\u00e6monisere teknologi, men at etablere sunde gr\u00e6nser, der giver os mulighed for at drage fordel af dens fordele uden at ofre den f\u00f8lelsesm\u00e6ssige balance.<\/p>\n\n\n\n<h2 class=\"wp-block-heading\"><strong>Emotionel uddannelse: en historisk g\u00e6ld<\/strong><\/h2>\n\n\n\n<p>I \u00e5revis prioriterede uddannelsessystemerne akademisk indhold og fors\u00f8mte grundl\u00e6ggende f\u00f8lelsesm\u00e6ssige f\u00e6rdigheder. I dag s\u00e6tter denne mangel sine spor.<\/p>\n\n\n\n<p>Emotionel forst\u00e5else er ved at blive et presserende behov.<\/p>\n\n\n\n<p>At indarbejde stressh\u00e5ndtering, empati og selvbevidsthed fra en tidlig alder forebygger ikke kun fremtidige lidelser, men skaber ogs\u00e5 mere robuste og bevidste borgere.<\/p>\n\n\n\n<h3 class=\"wp-block-heading\"><strong>Eksempel 1<\/strong><\/h3>\n\n\n\n<p>En offentlig skole i Latinamerika integrerede ugentlige workshops om f\u00f8lelsesm\u00e6ssig uddannelse.<\/p>\n\n\n\n<p>P\u00e5 mindre end et \u00e5r faldt konflikterne mellem eleverne, og den samlede akademiske pr\u00e6station forbedredes, if\u00f8lge interne rapporter fra uddannelsescentret.<\/p>\n\n\n\n<h2 class=\"wp-block-heading\"><strong>Stigma: den mest vedholdende fjende<\/strong><\/h2>\n\n\n\n<p>Selvom diskursen har \u00e6ndret sig, er stigmatiseringen stadig til stede. Mange mennesker undg\u00e5r at bede om hj\u00e6lp af frygt for social eller professionel ford\u00f8mmelse.<\/p>\n\n\n\n<p>Denne tavshed forv\u00e6rrer symptomerne og forsinker effektive behandlinger.<\/p>\n\n\n\n<p>Det er vigtigt at synligg\u00f8re mental sundhed som en integreret del af den generelle sundhed. At normalisere samtalen sparer tid, ressourcer og i nogle tilf\u00e6lde liv.<\/p>\n\n\n\n<h2 class=\"wp-block-heading\"><strong>Analogien der hj\u00e6lper med at forst\u00e5 hvor presserende det er<\/strong><\/h2>\n\n\n\n<p>At tage sig af sin mentale sundhed er ligesom <strong>vedligeholde operativsystemet p\u00e5 en enhed<\/strong>.<\/p>\n\n\n\n<p>Du kan have den bedste hardware, men hvis softwaren fejler, bliver hele systemet langsomt, ustabilt og s\u00e5rbart. At ignorere advarselstegn forv\u00e6rrer kun den samlede ydeevne.<\/p>\n\n\n\n<h2 class=\"wp-block-heading\"><strong>Offentlig politik og kollektivt ansvar<\/strong><\/h2>\n\n\n\n<p>Regeringer st\u00e5r over for udfordringen med at udforme omfattende, tilg\u00e6ngelige og b\u00e6redygtige politikker.<\/p>\n\n\n\n<p>Det er ikke nok blot at \u00f8ge budgetterne; der kr\u00e6ves koordinering mellem sundhed, uddannelse, arbejdsmarked og social udvikling.<\/p>\n\n\n\n<p>Samtidig ligger ansvaret ikke udelukkende hos institutionerne.<\/p>\n\n\n\n<p>Lokalsamfund, familier og arbejdsmilj\u00f8er spiller en fundamental rolle i forebyggelse og st\u00f8tte.<\/p>\n\n\n\n<h2 class=\"wp-block-heading\"><strong>Tabel: De vigtigste aktuelle udfordringer inden for mental sundhed<\/strong><\/h2>\n\n\n\n<figure class=\"wp-block-table\"><table><thead><tr><th>Global udfordring<\/th><th>Hovedp\u00e5virkning<\/th><\/tr><\/thead><tbody><tr><td>Kronisk arbejdsstress<\/td><td>Udbr\u00e6ndthed og lav produktivitet<\/td><\/tr><tr><td>Social stigmatisering<\/td><td>Mangel p\u00e5 tidlig diagnose<\/td><\/tr><tr><td>Begr\u00e6nset adgang til pleje<\/td><td>Huller i folkesundheden<\/td><\/tr><tr><td>Overdreven brug af teknologi<\/td><td>Angst og f\u00f8lelsesm\u00e6ssig afbrydelse<\/td><\/tr><tr><td>Mangel p\u00e5 f\u00f8lelsesm\u00e6ssig uddannelse<\/td><td>Lavere social modstandsdygtighed<\/td><\/tr><\/tbody><\/table><figcaption class=\"wp-element-caption\">Mental sundhed i s\u00f8gelyset: den nye globale udfordring i det 21. \u00e5rhundrede.<\/figcaption><\/figure>\n\n\n\n<figure class=\"wp-block-gallery has-nested-images columns-default is-cropped wp-block-gallery-2 is-layout-flex wp-block-gallery-is-layout-flex\">\n<figure class=\"wp-block-image size-full\"><img loading=\"lazy\" decoding=\"async\" width=\"450\" height=\"250\" data-id=\"10482\" src=\"https:\/\/universofamilia.com\/wp-content\/uploads\/sites\/148\/2025\/12\/Destaque-Novo-Universo-21.jpg\" alt=\"\" class=\"wp-image-10482\" srcset=\"http:\/\/universofamilia.com\/wp-content\/uploads\/sites\/148\/2025\/12\/Destaque-Novo-Universo-21.jpg 450w, http:\/\/universofamilia.com\/wp-content\/uploads\/sites\/148\/2025\/12\/Destaque-Novo-Universo-21-300x167.jpg 300w, http:\/\/universofamilia.com\/wp-content\/uploads\/sites\/148\/2025\/12\/Destaque-Novo-Universo-21-18x10.jpg 18w\" sizes=\"(max-width: 450px) 100vw, 450px\" \/><figcaption class=\"wp-element-caption\">Mental sundhed i s\u00f8gelyset: den nye globale udfordring i det 21. \u00e5rhundrede.<\/figcaption><\/figure>\n<\/figure>\n\n\n\n<p>L\u00e6s mere:\u00a0<a href=\"http:\/\/universofamilia.com\/da\/descubrimientos-cientificos-que-cambiaran-el-futuro\/\">Videnskabelige opdagelser, der vil \u00e6ndre fremtiden<\/a><\/p>\n\n\n\n<h2 class=\"wp-block-heading\"><strong>Vigtigheden af at tale, lytte og handle<\/strong><\/h2>\n\n\n\n<p>At skabe rum for oprigtig dialog g\u00f8r en reel forskel. At lytte uden at d\u00f8mme og bekr\u00e6fte f\u00f8lelser styrker b\u00e5nd og reducerer isolation.<\/p>\n\n\n\n<p>Desuden fremmer det en kultur, hvor det at bede om hj\u00e6lp ikke opfattes som en svaghed, men som et personligt ansvar.<\/p>\n\n\n\n<h3 class=\"wp-block-heading\"><strong>Eksempel 2<\/strong><\/h3>\n\n\n\n<p>En servicevirksomhed implementerede frivillige psykologiske st\u00f8ttesessioner.<\/p>\n\n\n\n<p>Efter seks m\u00e5neder rapporterede teamene st\u00f8rre samh\u00f8righed og et fald i opfattet stress, hvilket afspejles i interne vurderinger af arbejdsklimaet.<\/p>\n\n\n\n<h2 class=\"wp-block-heading\"><strong>Hvorfor definerer denne udfordring det 21. \u00e5rhundrede?<\/strong><\/h2>\n\n\n\n<p>Fordi aldrig f\u00f8r har menneskeheden haft s\u00e5 meget information og samtidig s\u00e5 mange samtidige presfaktorer.<\/p>\n\n\n\n<p>Globalisering, klimakrise, teknologiske forandringer og geopolitiske sp\u00e6ndinger p\u00e5virker direkte f\u00f8lelsesm\u00e6ssig stabilitet.<\/p>\n\n\n\n<p>Giver det mening at tale om fremskridt, hvis folks psykiske velbefindende fors\u00f8mmes?<\/p>\n\n\n\n<h2 class=\"wp-block-heading\"><strong>Ser fremad med ansvar<\/strong><\/h2>\n\n\n\n<p>I 2025, <strong>Mental sundhed i s\u00f8gelyset: den nye globale udfordring i det 21. \u00e5rhundrede.<\/strong> Det kr\u00e6ver konkrete handlinger, ikke bare taler.<\/p>\n\n\n\n<p>Investering i forebyggelse, uddannelse og adgang til behandling er lige s\u00e5 vigtigt som enhver fysisk infrastruktur.<\/p>\n\n\n\n<p>Fremtiden vil afh\u00e6nge af den kollektive evne til at erkende, at mental sundhed ikke er en luksus, men en s\u00f8jle for b\u00e6redygtig udvikling.<\/p>\n\n\n\n<h2 class=\"wp-block-heading\"><strong>Konklusion<\/strong><\/h2>\n\n\n\n<p>Mental sundhed definerer, hvordan vi arbejder, l\u00e6rer, omg\u00e5s andre og planl\u00e6gger for fremtiden. At ignorere den betyder, at vi p\u00e5drager os stadigt stigende menneskelige og \u00f8konomiske omkostninger.<\/p>\n\n\n\n<p>I mods\u00e6tning hertil \u00e5bner det d\u00f8ren for mere afbalancerede og modstandsdygtige samfund at h\u00e5ndtere det med seri\u00f8sitet, empati og strategi.<\/p>\n\n\n\n<p>Udfordringen er stillet. Sp\u00f8rgsm\u00e5let er ikke l\u00e6ngere, om vi skal handle, men hvordan og med hvilken hast.<\/p>\n\n\n\n<p>L\u00e6s mere:\u00a0<a href=\"http:\/\/universofamilia.com\/da\/el-crecimiento-del-comercio-electronico-mundial-en-2025\/\">V\u00e6ksten i global e-handel i 2025<\/a><\/p>\n\n\n\n<h2 class=\"wp-block-heading\"><strong>Ofte stillede sp\u00f8rgsm\u00e5l<\/strong><\/h2>\n\n\n\n<p><strong>Er mental sundhed kun et individuelt problem?<\/strong><br>Nej. Det involverer sociale, \u00f8konomiske og kulturelle faktorer, der kr\u00e6ver kollektive reaktioner.<\/p>\n\n\n\n<p><strong>Er det stadig upassende at s\u00f8ge psykologisk hj\u00e6lp?<\/strong><br>Stigmatiseringen er faldet, men den eksisterer stadig i nogle kredse. At tale \u00e5bent er med til at \u00e6ndre den opfattelse.<\/p>\n\n\n\n<p><strong>Forv\u00e6rrer teknologi den mentale sundhed?<\/strong><br>Det afh\u00e6nger af brugen. Det kan v\u00e6re et st\u00f8ttev\u00e6rkt\u00f8j eller en risikofaktor, hvis det ikke er reguleret.<\/p>\n\n\n\n<p><strong>Skal virksomhederne involvere sig i dette problem?<\/strong><br>Ja. F\u00f8lelsesm\u00e6ssig velv\u00e6re p\u00e5virker direkte organisationens pr\u00e6station og b\u00e6redygtighed.<\/p>\n\n\n\n<p><strong>Virker forebyggelse virkelig?<\/strong><br>Forskellige programmer viser, at f\u00f8lelsesm\u00e6ssig uddannelse og tidlig opsporing reducerer langsigtede problemer.<\/p>\n\n\n\n<p>At adressere mental sundhed med alvor og medmenneskelighed forbedrer ikke blot individuelle liv; det omdefinerer ogs\u00e5 det 21. \u00e5rhundredes forl\u00f8b.<\/p>","protected":false},"excerpt":{"rendered":"<p>La salud mental en la mira: el nuevo desaf\u00edo global del siglo XXI. ya no es una consigna alarmista ni un tema exclusivo del \u00e1mbito m\u00e9dico. Se convirti\u00f3 en una prioridad social, econ\u00f3mica y pol\u00edtica que atraviesa edades, profesiones y culturas. En 2025, hablar de bienestar emocional implica hablar de productividad, v\u00ednculos, educaci\u00f3n, tecnolog\u00eda y [&hellip;]<\/p>","protected":false},"author":219,"featured_media":10480,"comment_status":"closed","ping_status":"open","sticky":false,"template":"","format":"standard","meta":{"footnotes":""},"categories":[4],"tags":[],"yoast_head":"<!-- This site is optimized with the Yoast SEO plugin v23.3 - https:\/\/yoast.com\/wordpress\/plugins\/seo\/ -->\n<title>La salud mental en la mira: el nuevo desaf\u00edo global del siglo XXI - Universo Fam\u00edlia<\/title>\n<meta name=\"description\" content=\"La salud mental en la mira: el nuevo desaf\u00edo global del siglo XXI. ya no es una consigna alarmista ni un tema exclusivo del \u00e1mbito m\u00e9dico.\" \/>\n<meta name=\"robots\" content=\"index, follow, max-snippet:-1, max-image-preview:large, max-video-preview:-1\" \/>\n<link rel=\"canonical\" href=\"https:\/\/universofamilia.com\/da\/la-salud-mental-en-la-mira\/\" \/>\n<meta property=\"og:locale\" content=\"da_DK\" \/>\n<meta property=\"og:type\" content=\"article\" \/>\n<meta property=\"og:title\" content=\"La salud mental en la mira: el nuevo desaf\u00edo global del siglo XXI - Universo Fam\u00edlia\" \/>\n<meta property=\"og:description\" content=\"La salud mental en la mira: el nuevo desaf\u00edo global del siglo XXI. ya no es una consigna alarmista ni un tema exclusivo del \u00e1mbito m\u00e9dico.\" \/>\n<meta property=\"og:url\" content=\"https:\/\/universofamilia.com\/da\/la-salud-mental-en-la-mira\/\" \/>\n<meta property=\"og:site_name\" content=\"Universo Fam\u00edlia\" \/>\n<meta property=\"article:published_time\" content=\"2025-12-29T12:09:19+00:00\" \/>\n<meta property=\"article:modified_time\" content=\"2025-12-29T12:11:25+00:00\" \/>\n<meta property=\"og:image\" content=\"https:\/\/universofamilia.com\/wp-content\/uploads\/sites\/148\/2025\/12\/Destaque-Novo-Universo-20.jpg\" \/>\n\t<meta property=\"og:image:width\" content=\"450\" \/>\n\t<meta property=\"og:image:height\" content=\"250\" \/>\n\t<meta property=\"og:image:type\" content=\"image\/jpeg\" \/>\n<meta name=\"author\" content=\"Matheus Sangaletti\" \/>\n<meta name=\"twitter:card\" content=\"summary_large_image\" \/>\n<meta name=\"twitter:label1\" content=\"Written by\" \/>\n\t<meta name=\"twitter:data1\" content=\"Matheus Sangaletti\" \/>\n\t<meta name=\"twitter:label2\" content=\"Est. reading time\" \/>\n\t<meta name=\"twitter:data2\" content=\"1 minut\" \/>\n<script type=\"application\/ld+json\" class=\"yoast-schema-graph\">{\"@context\":\"https:\/\/schema.org\",\"@graph\":[{\"@type\":\"WebPage\",\"@id\":\"https:\/\/universofamilia.com\/zh_hk\/la-salud-mental-en-la-mira\/\",\"url\":\"https:\/\/universofamilia.com\/zh_hk\/la-salud-mental-en-la-mira\/\",\"name\":\"La salud mental en la mira: el nuevo desaf\u00edo global del siglo XXI - Universo Fam\u00edlia\",\"isPartOf\":{\"@id\":\"http:\/\/universofamilia.com\/zh_hk\/#website\"},\"primaryImageOfPage\":{\"@id\":\"https:\/\/universofamilia.com\/zh_hk\/la-salud-mental-en-la-mira\/#primaryimage\"},\"image\":{\"@id\":\"https:\/\/universofamilia.com\/zh_hk\/la-salud-mental-en-la-mira\/#primaryimage\"},\"thumbnailUrl\":\"http:\/\/universofamilia.com\/wp-content\/uploads\/sites\/148\/2025\/12\/Destaque-Novo-Universo-20.jpg\",\"datePublished\":\"2025-12-29T12:09:19+00:00\",\"dateModified\":\"2025-12-29T12:11:25+00:00\",\"author\":{\"@id\":\"http:\/\/universofamilia.com\/zh_hk\/#\/schema\/person\/92fcd07e9b1f4323bf74f3170fc0f78a\"},\"description\":\"La salud mental en la mira: el nuevo desaf\u00edo global del siglo XXI. ya no es una consigna alarmista ni un tema exclusivo del \u00e1mbito m\u00e9dico.\",\"breadcrumb\":{\"@id\":\"https:\/\/universofamilia.com\/zh_hk\/la-salud-mental-en-la-mira\/#breadcrumb\"},\"inLanguage\":\"da-DK\",\"potentialAction\":[{\"@type\":\"ReadAction\",\"target\":[\"https:\/\/universofamilia.com\/zh_hk\/la-salud-mental-en-la-mira\/\"]}]},{\"@type\":\"ImageObject\",\"inLanguage\":\"da-DK\",\"@id\":\"https:\/\/universofamilia.com\/zh_hk\/la-salud-mental-en-la-mira\/#primaryimage\",\"url\":\"http:\/\/universofamilia.com\/wp-content\/uploads\/sites\/148\/2025\/12\/Destaque-Novo-Universo-20.jpg\",\"contentUrl\":\"http:\/\/universofamilia.com\/wp-content\/uploads\/sites\/148\/2025\/12\/Destaque-Novo-Universo-20.jpg\",\"width\":450,\"height\":250,\"caption\":\"La salud mental en la mira: el nuevo desaf\u00edo global del siglo XXI.\"},{\"@type\":\"BreadcrumbList\",\"@id\":\"https:\/\/universofamilia.com\/zh_hk\/la-salud-mental-en-la-mira\/#breadcrumb\",\"itemListElement\":[{\"@type\":\"ListItem\",\"position\":1,\"name\":\"Home\",\"item\":\"http:\/\/universofamilia.com\/zh_hk\/\"},{\"@type\":\"ListItem\",\"position\":2,\"name\":\"La salud mental en la mira: el nuevo desaf\u00edo global del siglo XXI\"}]},{\"@type\":\"WebSite\",\"@id\":\"http:\/\/universofamilia.com\/zh_hk\/#website\",\"url\":\"http:\/\/universofamilia.com\/zh_hk\/\",\"name\":\"Universo Fam\u00edlia\",\"description\":\"\",\"potentialAction\":[{\"@type\":\"SearchAction\",\"target\":{\"@type\":\"EntryPoint\",\"urlTemplate\":\"http:\/\/universofamilia.com\/zh_hk\/?s={search_term_string}\"},\"query-input\":\"required name=search_term_string\"}],\"inLanguage\":\"da-DK\"},{\"@type\":\"Person\",\"@id\":\"http:\/\/universofamilia.com\/zh_hk\/#\/schema\/person\/92fcd07e9b1f4323bf74f3170fc0f78a\",\"name\":\"Matheus Sangaletti\",\"image\":{\"@type\":\"ImageObject\",\"inLanguage\":\"da-DK\",\"@id\":\"http:\/\/universofamilia.com\/zh_hk\/#\/schema\/person\/image\/\",\"url\":\"http:\/\/2.gravatar.com\/avatar\/280ea957a14a48e6a1ad2133d2cc27c9?s=96&d=mm&r=g\",\"contentUrl\":\"http:\/\/2.gravatar.com\/avatar\/280ea957a14a48e6a1ad2133d2cc27c9?s=96&d=mm&r=g\",\"caption\":\"Matheus Sangaletti\"},\"url\":\"http:\/\/universofamilia.com\/da\/author\/matheuss\/\"}]}<\/script>\n<!-- \/ Yoast SEO plugin. -->","yoast_head_json":{"title":"La salud mental en la mira: el nuevo desaf\u00edo global del siglo XXI - Universo Fam\u00edlia","description":"La salud mental en la mira: el nuevo desaf\u00edo global del siglo XXI. ya no es una consigna alarmista ni un tema exclusivo del \u00e1mbito m\u00e9dico.","robots":{"index":"index","follow":"follow","max-snippet":"max-snippet:-1","max-image-preview":"max-image-preview:large","max-video-preview":"max-video-preview:-1"},"canonical":"https:\/\/universofamilia.com\/da\/la-salud-mental-en-la-mira\/","og_locale":"da_DK","og_type":"article","og_title":"La salud mental en la mira: el nuevo desaf\u00edo global del siglo XXI - Universo Fam\u00edlia","og_description":"La salud mental en la mira: el nuevo desaf\u00edo global del siglo XXI. ya no es una consigna alarmista ni un tema exclusivo del \u00e1mbito m\u00e9dico.","og_url":"https:\/\/universofamilia.com\/da\/la-salud-mental-en-la-mira\/","og_site_name":"Universo Fam\u00edlia","article_published_time":"2025-12-29T12:09:19+00:00","article_modified_time":"2025-12-29T12:11:25+00:00","og_image":[{"width":450,"height":250,"url":"https:\/\/universofamilia.com\/wp-content\/uploads\/sites\/148\/2025\/12\/Destaque-Novo-Universo-20.jpg","type":"image\/jpeg"}],"author":"Matheus Sangaletti","twitter_card":"summary_large_image","twitter_misc":{"Written by":"Matheus Sangaletti","Est. reading time":"1 minut"},"schema":{"@context":"https:\/\/schema.org","@graph":[{"@type":"WebPage","@id":"https:\/\/universofamilia.com\/zh_hk\/la-salud-mental-en-la-mira\/","url":"https:\/\/universofamilia.com\/zh_hk\/la-salud-mental-en-la-mira\/","name":"La salud mental en la mira: el nuevo desaf\u00edo global del siglo XXI - Universo Fam\u00edlia","isPartOf":{"@id":"http:\/\/universofamilia.com\/zh_hk\/#website"},"primaryImageOfPage":{"@id":"https:\/\/universofamilia.com\/zh_hk\/la-salud-mental-en-la-mira\/#primaryimage"},"image":{"@id":"https:\/\/universofamilia.com\/zh_hk\/la-salud-mental-en-la-mira\/#primaryimage"},"thumbnailUrl":"http:\/\/universofamilia.com\/wp-content\/uploads\/sites\/148\/2025\/12\/Destaque-Novo-Universo-20.jpg","datePublished":"2025-12-29T12:09:19+00:00","dateModified":"2025-12-29T12:11:25+00:00","author":{"@id":"http:\/\/universofamilia.com\/zh_hk\/#\/schema\/person\/92fcd07e9b1f4323bf74f3170fc0f78a"},"description":"La salud mental en la mira: el nuevo desaf\u00edo global del siglo XXI. ya no es una consigna alarmista ni un tema exclusivo del \u00e1mbito m\u00e9dico.","breadcrumb":{"@id":"https:\/\/universofamilia.com\/zh_hk\/la-salud-mental-en-la-mira\/#breadcrumb"},"inLanguage":"da-DK","potentialAction":[{"@type":"ReadAction","target":["https:\/\/universofamilia.com\/zh_hk\/la-salud-mental-en-la-mira\/"]}]},{"@type":"ImageObject","inLanguage":"da-DK","@id":"https:\/\/universofamilia.com\/zh_hk\/la-salud-mental-en-la-mira\/#primaryimage","url":"http:\/\/universofamilia.com\/wp-content\/uploads\/sites\/148\/2025\/12\/Destaque-Novo-Universo-20.jpg","contentUrl":"http:\/\/universofamilia.com\/wp-content\/uploads\/sites\/148\/2025\/12\/Destaque-Novo-Universo-20.jpg","width":450,"height":250,"caption":"La salud mental en la mira: el nuevo desaf\u00edo global del siglo XXI."},{"@type":"BreadcrumbList","@id":"https:\/\/universofamilia.com\/zh_hk\/la-salud-mental-en-la-mira\/#breadcrumb","itemListElement":[{"@type":"ListItem","position":1,"name":"Home","item":"http:\/\/universofamilia.com\/zh_hk\/"},{"@type":"ListItem","position":2,"name":"La salud mental en la mira: el nuevo desaf\u00edo global del siglo XXI"}]},{"@type":"WebSite","@id":"http:\/\/universofamilia.com\/zh_hk\/#website","url":"http:\/\/universofamilia.com\/zh_hk\/","name":"Universo Fam\u00edlia","description":"","potentialAction":[{"@type":"SearchAction","target":{"@type":"EntryPoint","urlTemplate":"http:\/\/universofamilia.com\/zh_hk\/?s={search_term_string}"},"query-input":"required name=search_term_string"}],"inLanguage":"da-DK"},{"@type":"Person","@id":"http:\/\/universofamilia.com\/zh_hk\/#\/schema\/person\/92fcd07e9b1f4323bf74f3170fc0f78a","name":"Matheus Sangaletti","image":{"@type":"ImageObject","inLanguage":"da-DK","@id":"http:\/\/universofamilia.com\/zh_hk\/#\/schema\/person\/image\/","url":"http:\/\/2.gravatar.com\/avatar\/280ea957a14a48e6a1ad2133d2cc27c9?s=96&d=mm&r=g","contentUrl":"http:\/\/2.gravatar.com\/avatar\/280ea957a14a48e6a1ad2133d2cc27c9?s=96&d=mm&r=g","caption":"Matheus Sangaletti"},"url":"http:\/\/universofamilia.com\/da\/author\/matheuss\/"}]}},"_links":{"self":[{"href":"http:\/\/universofamilia.com\/da\/wp-json\/wp\/v2\/posts\/10479"}],"collection":[{"href":"http:\/\/universofamilia.com\/da\/wp-json\/wp\/v2\/posts"}],"about":[{"href":"http:\/\/universofamilia.com\/da\/wp-json\/wp\/v2\/types\/post"}],"author":[{"embeddable":true,"href":"http:\/\/universofamilia.com\/da\/wp-json\/wp\/v2\/users\/219"}],"replies":[{"embeddable":true,"href":"http:\/\/universofamilia.com\/da\/wp-json\/wp\/v2\/comments?post=10479"}],"version-history":[{"count":2,"href":"http:\/\/universofamilia.com\/da\/wp-json\/wp\/v2\/posts\/10479\/revisions"}],"predecessor-version":[{"id":10484,"href":"http:\/\/universofamilia.com\/da\/wp-json\/wp\/v2\/posts\/10479\/revisions\/10484"}],"wp:featuredmedia":[{"embeddable":true,"href":"http:\/\/universofamilia.com\/da\/wp-json\/wp\/v2\/media\/10480"}],"wp:attachment":[{"href":"http:\/\/universofamilia.com\/da\/wp-json\/wp\/v2\/media?parent=10479"}],"wp:term":[{"taxonomy":"category","embeddable":true,"href":"http:\/\/universofamilia.com\/da\/wp-json\/wp\/v2\/categories?post=10479"},{"taxonomy":"post_tag","embeddable":true,"href":"http:\/\/universofamilia.com\/da\/wp-json\/wp\/v2\/tags?post=10479"}],"curies":[{"name":"wp","href":"https:\/\/api.w.org\/{rel}","templated":true}]}}