{"id":1683,"date":"2023-05-24T20:19:32","date_gmt":"2023-05-24T20:19:32","guid":{"rendered":"https:\/\/universofamilia.com\/?p=1683"},"modified":"2023-05-24T20:19:32","modified_gmt":"2023-05-24T20:19:32","slug":"dicas-praticas-para-noites-tranquilas","status":"publish","type":"post","link":"http:\/\/universofamilia.com\/da\/dicas-praticas-para-noites-tranquilas\/","title":{"rendered":"Praktiske tips til rolige aftener"},"content":{"rendered":"<p>Det er vigtigt at skabe en passende rutine for dit barns b\u00f8rn for at sikre fredfyldte n\u00e6tter for hele familien. God lydkvalitet er afg\u00f8rende for babyers sunde udvikling, udover at give landet den n\u00f8dvendige hvile.<\/p>\n\n\n\n<p>I denne artikel deler vi praktiske tips til at etablere en ideel rutine for din babys lyd, s\u00e5 han har en rolig og afslappende lyd.<\/p>\n\n\n\n<h3 class=\"wp-block-heading\">Se ogs\u00e5:<\/h3>\n\n\n\n<p><a href=\"http:\/\/universofamilia.com\/da\/rotina-ideal-para-a-familia-dormir-bem\/\" target=\"_blank\" rel=\"noreferrer noopener\">Rotina Ideel til familien, der \u00f8nsker at sove godt<\/a><\/p>\n\n\n\n<p><a href=\"http:\/\/universofamilia.com\/da\/muco-nas-fezes-do-bebe-quando-e-normal-e-quando-se-preocupar\/\" target=\"_blank\" rel=\"noreferrer noopener\">Slim i maven: hvorn\u00e5r er det normalt, og hvorn\u00e5r skal man bekymre sig?<\/a><\/p>\n\n\n\n<p><a href=\"https:\/\/www.luzbaby.com.br\/\" target=\"_blank\" rel=\"noreferrer noopener\">A Luz Baby er en af de bedste butikker med babyprodukter. Klik her.<\/a><\/p>\n\n\n\n<h3 class=\"wp-block-heading\">Forst\u00e5 din babys behov<\/h3>\n\n\n\n<p>Hver baby er unik, og at forst\u00e5 deres individuelle behov er det f\u00f8rste skridt til at etablere en ideel rutine for dem.<\/p>\n\n\n\n<p>Observer din babys s\u00f8vnm\u00f8nstre, s\u00e5som hvor meget s\u00f8vn den har brug for, og de tidsplaner, hvor det er s\u00e6dvanligt at v\u00e6re mere s\u00f8vnig.<\/p>\n\n\n\n<p>Dette vil hj\u00e6lpe dig med at identificere den ideelle Janela for dig, s\u00e5 du kan etablere en rutine, der passer til dine individuelle behov.<\/p>\n\n\n\n<h3 class=\"wp-block-heading\">Etabler en fast rutine<\/h3>\n\n\n\n<p>En fast rutine er afg\u00f8rende for at hj\u00e6lpe din baby med at forst\u00e5 og forberede sig p\u00e5, hvad der sker.<\/p>\n\n\n\n<p>Lav en r\u00e6kke afslappende aktiviteter, inden du l\u00e6gger ham i seng, s\u00e5som et morgenbad, en blid massage eller en babyhistorie. Udf\u00f8r altid aktiviteterne i samme r\u00e6kkef\u00f8lge og tidsplan, da dette vil hj\u00e6lpe med at signalere til babyen, at det er tid til at sove.<\/p>\n\n\n\n<p>Konsistens giver babyen sikkerhed og komfort og letter overgangen til s\u00f8vn.<\/p>\n\n\n<div class=\"wp-block-image\">\n<figure class=\"aligncenter size-full\"><img loading=\"lazy\" decoding=\"async\" width=\"550\" height=\"350\" src=\"http:\/\/universofamilia.com\/wp-content\/uploads\/sites\/148\/2023\/05\/FOTO-POST-dicas-bebe-dormir-bem-universo-familia-.png\" alt=\"\" class=\"wp-image-1929\" srcset=\"http:\/\/universofamilia.com\/wp-content\/uploads\/sites\/148\/2023\/05\/FOTO-POST-dicas-bebe-dormir-bem-universo-familia-.png 550w, http:\/\/universofamilia.com\/wp-content\/uploads\/sites\/148\/2023\/05\/FOTO-POST-dicas-bebe-dormir-bem-universo-familia--300x191.png 300w\" sizes=\"(max-width: 550px) 100vw, 550px\" \/><\/figure><\/div>\n\n\n<h3 class=\"wp-block-heading\">Skab et gunstigt milj\u00f8 for din s\u00f8n<\/h3>\n\n\n\n<p>Et passende milj\u00f8 er afg\u00f8rende for en god lydaften.<\/p>\n\n\n\n<p>Hold babyens v\u00e6relse m\u00f8rkt, stille og med en behagelig temperatur. Brug lysd\u00e6mpende gardiner, hvid st\u00f8j eller bl\u00f8d musik for at skabe et roligt milj\u00f8.<\/p>\n\n\n\n<p>Overvej ogs\u00e5 at bruge en lydoverv\u00e5gningsenhed, som kan hj\u00e6lpe med at identificere for\u00e6ldre og give v\u00e6rdifuld information om babyens lyd.<\/p>\n\n\n\n<h3 class=\"wp-block-heading\">Undg\u00e5 stimuli f\u00f8r sengetid<\/h3>\n\n\n\n<p>Undg\u00e5 stimulerende aktiviteter, s\u00e5som kraftig hopning eller overdreven brug af elektroniske apparater, f\u00f8r sengetid. Eksponering for bl\u00e5t lys p\u00e5 to elektroniske enheder kan forstyrre din babys lyd.<\/p>\n\n\n\n<p>V\u00e6lg i stedet rolige og afslappende aktiviteter, s\u00e5som l\u00e6sning eller bl\u00f8d musik. Dette vil hj\u00e6lpe babyen med at falde til ro og forberede sig p\u00e5 at sove.<\/p>\n\n\n\n<h3 class=\"wp-block-heading\">V\u00e6r opm\u00e6rksom p\u00e5 de sunde bihuler<\/h3>\n\n\n\n<p>Hver baby har individuelle tegn p\u00e5 s\u00f8vnighed. V\u00e6r opm\u00e6rksom p\u00e5 \u00f8jne, \u00f8jne eller irritabilitet, da disse er tegn p\u00e5, at babyen er klar til at sove.<\/p>\n\n\n\n<p>Ved at identificere disse bihuler tidligt kan du hurtigt handle og l\u00e6gge din baby til at sove, f\u00f8r han bliver for tr\u00e6t. Dette vil fremme s\u00f8vnprocessen og hj\u00e6lpe med at undg\u00e5 overstimulering, hvilket kan g\u00f8re det sv\u00e6rt for din baby at sove.<\/p>\n\n\n\n<h3 class=\"wp-block-heading\">Konklusion<\/h3>\n\n\n\n<p>Det kan v\u00e6re en udfordring at f\u00f8lge en ideel rutine for din babys s\u00f8n, men med t\u00e5lmodighed og vedholdenhed kan du skabe et milj\u00f8, der fremmer hvile og garanterer fredelige n\u00e6tter for hele familien.<\/p>\n\n\n<div class=\"wp-block-image\">\n<figure class=\"aligncenter size-large is-resized\"><img loading=\"lazy\" decoding=\"async\" src=\"https:\/\/universofamilia.com\/wp-content\/uploads\/2023\/05\/A-ROTINA-IDEAL-DO-SONO-PARA-FAMILIA-COM-BEBE-1024x710.jpg\" alt=\"\" class=\"wp-image-1667\" width=\"549\" height=\"381\"\/><\/figure><\/div>\n\n\n<p>Det er vigtigt at vide, at hvert barn er unikt, og det er vigtigt at observere og forst\u00e5 deres individuelle behov.<\/p>\n\n\n\n<p>Etabler en fast rutine, skab et sundt milj\u00f8, undg\u00e5 stimuli f\u00f8r sengetid, og v\u00e6r opm\u00e6rksom p\u00e5 din babys lydsignaler.<\/p>\n\n\n\n<p>Med disse praktiske instruktioner vil du v\u00e6re p\u00e5 rette vej til at etablere en ideel rutine og garantere en rolig og afslappende lyd for din baby.<\/p>\n\n\n\n<p>Det er en v\u00e6rdifuld investering at bruge tid og kr\u00e6fter p\u00e5 at skabe en ideel rutine for din babys s\u00f8n.<\/p>\n\n\n\n<p>Vid, at den rigtige lyd er afg\u00f8rende for din babys sunde v\u00e6kst og udvikling, udover at give den n\u00f8dvendige hvile til dit land.<\/p>\n\n\n\n<p>Med de rigtige teknikker og strategier vil du v\u00e6re p\u00e5 rette vej til at etablere en sund rutine, der vil give langsigtede fordele for hele familien.<\/p>\n\n\n\n<p>Vi h\u00e5ber, at disse tips har v\u00e6ret nyttige for dig. Navne tilpasses din babys individuelle behov og pr\u00e6ferencer.<\/p>\n\n\n\n<p>Hver familie er unik, og det er vigtigt at finde det, der fungerer bedst for jer. Kompatibilitet, konsistens og k\u00e6rlighed, s\u00e5 I er p\u00e5 rette vej til at skabe en ideel, sund rutine og give jeres baby rolige og forfriskende n\u00e6tter.<\/p>","protected":false},"excerpt":{"rendered":"<p>Det er vigtigt at skabe en passende rutine for dit barns b\u00f8rn for at sikre fredfyldte n\u00e6tter for hele familien. God lydkvalitet er afg\u00f8rende for en sund udvikling af babyer, udover at give landet den n\u00f8dvendige hvile. I denne artikel deler vi praktiske tips til at etablere en ideel rutine for dit barns s\u00f8n, [\u2026]<\/p>","protected":false},"author":0,"featured_media":1930,"comment_status":"closed","ping_status":"open","sticky":false,"template":"","format":"standard","meta":{"footnotes":""},"categories":[5],"tags":[767,774,1438,1498],"yoast_head":"<!-- This site is optimized with the Yoast SEO plugin v23.3 - https:\/\/yoast.com\/wordpress\/plugins\/seo\/ -->\n<title>Dicas pr\u00e1ticas para noites tranquilas - Universo Fam\u00edlia<\/title>\n<meta name=\"description\" content=\"Cada beb\u00ea \u00e9 \u00fanico, e entender suas necessidades individuais \u00e9 o primeiro passo para estabelecer uma rotina ideal para o sono.\" \/>\n<meta name=\"robots\" content=\"index, follow, max-snippet:-1, max-image-preview:large, max-video-preview:-1\" \/>\n<link rel=\"canonical\" href=\"http:\/\/universofamilia.com\/da\/dicas-praticas-para-noites-tranquilas\/\" \/>\n<meta property=\"og:locale\" content=\"da_DK\" \/>\n<meta property=\"og:type\" content=\"article\" \/>\n<meta property=\"og:title\" content=\"Dicas pr\u00e1ticas para noites tranquilas - Universo Fam\u00edlia\" \/>\n<meta property=\"og:description\" content=\"Cada beb\u00ea \u00e9 \u00fanico, e entender suas necessidades individuais \u00e9 o primeiro passo para estabelecer uma rotina ideal para o sono.\" \/>\n<meta property=\"og:url\" content=\"http:\/\/universofamilia.com\/da\/dicas-praticas-para-noites-tranquilas\/\" \/>\n<meta property=\"og:site_name\" content=\"Universo Fam\u00edlia\" \/>\n<meta property=\"article:published_time\" content=\"2023-05-24T20:19:32+00:00\" \/>\n<meta property=\"og:image\" content=\"http:\/\/universofamilia.com\/wp-content\/uploads\/sites\/148\/2023\/05\/FOTO-DESTAQUE-bebe-dormir-bem-universo-familia-448x350-.png\" \/>\n\t<meta property=\"og:image:width\" content=\"448\" \/>\n\t<meta property=\"og:image:height\" content=\"350\" \/>\n\t<meta property=\"og:image:type\" content=\"image\/png\" \/>\n<meta name=\"twitter:card\" content=\"summary_large_image\" \/>\n<meta name=\"twitter:label1\" content=\"Est. reading time\" \/>\n\t<meta name=\"twitter:data1\" content=\"5 minutter\" \/>\n<script type=\"application\/ld+json\" class=\"yoast-schema-graph\">{\"@context\":\"https:\/\/schema.org\",\"@graph\":[{\"@type\":\"WebPage\",\"@id\":\"http:\/\/universofamilia.com\/cs\/dicas-praticas-para-noites-tranquilas\/\",\"url\":\"http:\/\/universofamilia.com\/cs\/dicas-praticas-para-noites-tranquilas\/\",\"name\":\"Dicas pr\u00e1ticas para noites tranquilas - Universo Fam\u00edlia\",\"isPartOf\":{\"@id\":\"https:\/\/universofamilia.com\/el\/#website\"},\"primaryImageOfPage\":{\"@id\":\"http:\/\/universofamilia.com\/cs\/dicas-praticas-para-noites-tranquilas\/#primaryimage\"},\"image\":{\"@id\":\"http:\/\/universofamilia.com\/cs\/dicas-praticas-para-noites-tranquilas\/#primaryimage\"},\"thumbnailUrl\":\"http:\/\/universofamilia.com\/wp-content\/uploads\/sites\/148\/2023\/05\/FOTO-DESTAQUE-bebe-dormir-bem-universo-familia-448x350-.png\",\"datePublished\":\"2023-05-24T20:19:32+00:00\",\"dateModified\":\"2023-05-24T20:19:32+00:00\",\"author\":{\"@id\":\"\"},\"description\":\"Cada beb\u00ea \u00e9 \u00fanico, e entender suas necessidades individuais \u00e9 o primeiro passo para estabelecer uma rotina ideal para o sono.\",\"breadcrumb\":{\"@id\":\"http:\/\/universofamilia.com\/cs\/dicas-praticas-para-noites-tranquilas\/#breadcrumb\"},\"inLanguage\":\"da-DK\",\"potentialAction\":[{\"@type\":\"ReadAction\",\"target\":[\"http:\/\/universofamilia.com\/cs\/dicas-praticas-para-noites-tranquilas\/\"]}]},{\"@type\":\"ImageObject\",\"inLanguage\":\"da-DK\",\"@id\":\"http:\/\/universofamilia.com\/cs\/dicas-praticas-para-noites-tranquilas\/#primaryimage\",\"url\":\"http:\/\/universofamilia.com\/wp-content\/uploads\/sites\/148\/2023\/05\/FOTO-DESTAQUE-bebe-dormir-bem-universo-familia-448x350-.png\",\"contentUrl\":\"http:\/\/universofamilia.com\/wp-content\/uploads\/sites\/148\/2023\/05\/FOTO-DESTAQUE-bebe-dormir-bem-universo-familia-448x350-.png\",\"width\":448,\"height\":350},{\"@type\":\"BreadcrumbList\",\"@id\":\"http:\/\/universofamilia.com\/cs\/dicas-praticas-para-noites-tranquilas\/#breadcrumb\",\"itemListElement\":[{\"@type\":\"ListItem\",\"position\":1,\"name\":\"Home\",\"item\":\"https:\/\/universofamilia.com\/el\/\"},{\"@type\":\"ListItem\",\"position\":2,\"name\":\"Dicas pr\u00e1ticas para noites tranquilas\"}]},{\"@type\":\"WebSite\",\"@id\":\"https:\/\/universofamilia.com\/el\/#website\",\"url\":\"https:\/\/universofamilia.com\/el\/\",\"name\":\"Universo Fam\u00edlia\",\"description\":\"\",\"potentialAction\":[{\"@type\":\"SearchAction\",\"target\":{\"@type\":\"EntryPoint\",\"urlTemplate\":\"https:\/\/universofamilia.com\/el\/?s={search_term_string}\"},\"query-input\":\"required name=search_term_string\"}],\"inLanguage\":\"da-DK\"}]}<\/script>\n<!-- \/ Yoast SEO plugin. -->","yoast_head_json":{"title":"Dicas pr\u00e1ticas para noites tranquilas - Universo Fam\u00edlia","description":"Cada beb\u00ea \u00e9 \u00fanico, e entender suas necessidades individuais \u00e9 o primeiro passo para estabelecer uma rotina ideal para o sono.","robots":{"index":"index","follow":"follow","max-snippet":"max-snippet:-1","max-image-preview":"max-image-preview:large","max-video-preview":"max-video-preview:-1"},"canonical":"http:\/\/universofamilia.com\/da\/dicas-praticas-para-noites-tranquilas\/","og_locale":"da_DK","og_type":"article","og_title":"Dicas pr\u00e1ticas para noites tranquilas - Universo Fam\u00edlia","og_description":"Cada beb\u00ea \u00e9 \u00fanico, e entender suas necessidades individuais \u00e9 o primeiro passo para estabelecer uma rotina ideal para o sono.","og_url":"http:\/\/universofamilia.com\/da\/dicas-praticas-para-noites-tranquilas\/","og_site_name":"Universo Fam\u00edlia","article_published_time":"2023-05-24T20:19:32+00:00","og_image":[{"width":448,"height":350,"url":"http:\/\/universofamilia.com\/wp-content\/uploads\/sites\/148\/2023\/05\/FOTO-DESTAQUE-bebe-dormir-bem-universo-familia-448x350-.png","type":"image\/png"}],"twitter_card":"summary_large_image","twitter_misc":{"Est. reading time":"5 minutter"},"schema":{"@context":"https:\/\/schema.org","@graph":[{"@type":"WebPage","@id":"http:\/\/universofamilia.com\/cs\/dicas-praticas-para-noites-tranquilas\/","url":"http:\/\/universofamilia.com\/cs\/dicas-praticas-para-noites-tranquilas\/","name":"Dicas pr\u00e1ticas para noites tranquilas - Universo Fam\u00edlia","isPartOf":{"@id":"https:\/\/universofamilia.com\/el\/#website"},"primaryImageOfPage":{"@id":"http:\/\/universofamilia.com\/cs\/dicas-praticas-para-noites-tranquilas\/#primaryimage"},"image":{"@id":"http:\/\/universofamilia.com\/cs\/dicas-praticas-para-noites-tranquilas\/#primaryimage"},"thumbnailUrl":"http:\/\/universofamilia.com\/wp-content\/uploads\/sites\/148\/2023\/05\/FOTO-DESTAQUE-bebe-dormir-bem-universo-familia-448x350-.png","datePublished":"2023-05-24T20:19:32+00:00","dateModified":"2023-05-24T20:19:32+00:00","author":{"@id":""},"description":"Cada beb\u00ea \u00e9 \u00fanico, e entender suas necessidades individuais \u00e9 o primeiro passo para estabelecer uma rotina ideal para o sono.","breadcrumb":{"@id":"http:\/\/universofamilia.com\/cs\/dicas-praticas-para-noites-tranquilas\/#breadcrumb"},"inLanguage":"da-DK","potentialAction":[{"@type":"ReadAction","target":["http:\/\/universofamilia.com\/cs\/dicas-praticas-para-noites-tranquilas\/"]}]},{"@type":"ImageObject","inLanguage":"da-DK","@id":"http:\/\/universofamilia.com\/cs\/dicas-praticas-para-noites-tranquilas\/#primaryimage","url":"http:\/\/universofamilia.com\/wp-content\/uploads\/sites\/148\/2023\/05\/FOTO-DESTAQUE-bebe-dormir-bem-universo-familia-448x350-.png","contentUrl":"http:\/\/universofamilia.com\/wp-content\/uploads\/sites\/148\/2023\/05\/FOTO-DESTAQUE-bebe-dormir-bem-universo-familia-448x350-.png","width":448,"height":350},{"@type":"BreadcrumbList","@id":"http:\/\/universofamilia.com\/cs\/dicas-praticas-para-noites-tranquilas\/#breadcrumb","itemListElement":[{"@type":"ListItem","position":1,"name":"Home","item":"https:\/\/universofamilia.com\/el\/"},{"@type":"ListItem","position":2,"name":"Dicas pr\u00e1ticas para noites tranquilas"}]},{"@type":"WebSite","@id":"https:\/\/universofamilia.com\/el\/#website","url":"https:\/\/universofamilia.com\/el\/","name":"Universo Fam\u00edlia","description":"","potentialAction":[{"@type":"SearchAction","target":{"@type":"EntryPoint","urlTemplate":"https:\/\/universofamilia.com\/el\/?s={search_term_string}"},"query-input":"required name=search_term_string"}],"inLanguage":"da-DK"}]}},"_links":{"self":[{"href":"http:\/\/universofamilia.com\/da\/wp-json\/wp\/v2\/posts\/1683"}],"collection":[{"href":"http:\/\/universofamilia.com\/da\/wp-json\/wp\/v2\/posts"}],"about":[{"href":"http:\/\/universofamilia.com\/da\/wp-json\/wp\/v2\/types\/post"}],"replies":[{"embeddable":true,"href":"http:\/\/universofamilia.com\/da\/wp-json\/wp\/v2\/comments?post=1683"}],"version-history":[{"count":0,"href":"http:\/\/universofamilia.com\/da\/wp-json\/wp\/v2\/posts\/1683\/revisions"}],"wp:featuredmedia":[{"embeddable":true,"href":"http:\/\/universofamilia.com\/da\/wp-json\/wp\/v2\/media\/1930"}],"wp:attachment":[{"href":"http:\/\/universofamilia.com\/da\/wp-json\/wp\/v2\/media?parent=1683"}],"wp:term":[{"taxonomy":"category","embeddable":true,"href":"http:\/\/universofamilia.com\/da\/wp-json\/wp\/v2\/categories?post=1683"},{"taxonomy":"post_tag","embeddable":true,"href":"http:\/\/universofamilia.com\/da\/wp-json\/wp\/v2\/tags?post=1683"}],"curies":[{"name":"wp","href":"https:\/\/api.w.org\/{rel}","templated":true}]}}