{"id":1692,"date":"2023-05-25T00:53:43","date_gmt":"2023-05-25T00:53:43","guid":{"rendered":"https:\/\/universofamilia.com\/?p=1692"},"modified":"2023-05-25T00:53:43","modified_gmt":"2023-05-25T00:53:43","slug":"rotina-ideal-para-a-familia-dormir-bem","status":"publish","type":"post","link":"http:\/\/universofamilia.com\/da\/rotina-ideal-para-a-familia-dormir-bem\/","title":{"rendered":"Rotina ideel til familien, der \u00f8nsker at sove godt"},"content":{"rendered":"<p>En ordentlig rutine med god s\u00f8vn er afg\u00f8rende for hele familiens velbefindende og sundhed. S\u00f8vn forbedrer ikke kun hum\u00f8ret eller pr\u00e6stationen i l\u00f8bet af dagen, men styrker ogs\u00e5 immunforsvaret og bidrager til en bedre livskvalitet. I denne artikel pr\u00e6senterer vi en ideel rutine for, hvordan familien kan sove godt, samt praktiske foranstaltninger, der nemt kan implementeres. Kom og opdag, hvordan du sikrer fredelige n\u00e6tter med god s\u00f8vn for alle medlemmer af din familie.<\/p>\n\n\n\n<h3 class=\"wp-block-heading\">Se ogs\u00e5:<\/h3>\n\n\n\n<p><a href=\"http:\/\/universofamilia.com\/da\/rotina-ideal-para-a-familia-dormir-bem\/\" target=\"_blank\" rel=\"noreferrer noopener\">Rotina Ideel til familien, der \u00f8nsker at sove godt<\/a><\/p>\n\n\n\n<p><a href=\"http:\/\/universofamilia.com\/da\/muco-nas-fezes-do-bebe-quando-e-normal-e-quando-se-preocupar\/\" target=\"_blank\" rel=\"noreferrer noopener\">Slim i maven: hvorn\u00e5r er det normalt, og hvorn\u00e5r skal man bekymre sig?<\/a><\/p>\n\n\n\n<p><a href=\"https:\/\/www.luzbaby.com.br\/\" target=\"_blank\" rel=\"noreferrer noopener\">A Luz Baby er en af de bedste butikker med babyprodukter. Klik her.<\/a><\/p>\n\n\n\n<h3 class=\"wp-block-heading\">Etabler regelm\u00e6ssige lydplaner<\/h3>\n\n\n\n<p>En af de vigtigste teknikker til at forbedre lydkvaliteten er at etablere regelm\u00e6ssige s\u00f8vn- og hukommelsesplaner. B\u00e5de b\u00f8rn og voksne har gavn af en ensartet kost. Pr\u00f8v at definere s\u00f8vnplaner, der er passende for hvert familiemedlem, under hensyntagen til s\u00f8vnbehovet i hver aldersgruppe. Oprethold disse planer ogs\u00e5 i weekenderne for at undg\u00e5 ubalancer i det biologiske ur.<\/p>\n\n\n\n<figure class=\"wp-block-image size-full\"><img loading=\"lazy\" decoding=\"async\" width=\"550\" height=\"350\" src=\"http:\/\/universofamilia.com\/wp-content\/uploads\/sites\/148\/2023\/05\/FOTO-POST-dormir-bem-familia-universo-familia-.png\" alt=\"\" class=\"wp-image-1924\" srcset=\"http:\/\/universofamilia.com\/wp-content\/uploads\/sites\/148\/2023\/05\/FOTO-POST-dormir-bem-familia-universo-familia-.png 550w, http:\/\/universofamilia.com\/wp-content\/uploads\/sites\/148\/2023\/05\/FOTO-POST-dormir-bem-familia-universo-familia--300x191.png 300w\" sizes=\"(max-width: 550px) 100vw, 550px\" \/><\/figure>\n\n\n\n<h3 class=\"wp-block-heading\">Skab et gunstigt milj\u00f8 for din s\u00f8n<\/h3>\n\n\n\n<p>Det milj\u00f8, vi sover i, spiller en afg\u00f8rende rolle for lydkvaliteten. S\u00f8rg for, at hvert familiemedlems v\u00e6relse er m\u00f8rkt, stille og godt ventileret. Brug gardiner eller persienner til at blokere for udelys, reducer st\u00f8j med h\u00f8rev\u00e6rn eller luftfugtere, og styr temperaturen for at sikre et behageligt milj\u00f8. Det er ogs\u00e5 vigtigt at investere i tilstr\u00e6kkelige madrasser og sengegavle, der giver st\u00f8tte og komfort om natten.<\/p>\n\n\n\n<h3 class=\"wp-block-heading\">Undg\u00e5 stimulanser f\u00f8r sengetid<\/h3>\n\n\n\n<p>Visse f\u00f8devarer og drikkevarer kan forstyrre s\u00f8vnen, is\u00e6r hvis de indtages t\u00e6t p\u00e5 sengetid. Undg\u00e5 koffein, alkohol og tung mad et par timer f\u00f8r sengetid. V\u00e6lg afslappende urter, s\u00e5som kamille eller erva-cidreira, og lav lette forfriskninger uden jantar. Begr\u00e6ns ogs\u00e5 brugen af elektroniske enheder, s\u00e5som smartphones og tablets, inden du g\u00e5r i seng, da det bl\u00e5 lys, der udsendes fra disse enheder, kan p\u00e5virke lydkvaliteten.<\/p>\n\n\n\n<h3 class=\"wp-block-heading\">Etabler en afslapningsrutine inden du g\u00e5r i seng<\/h3>\n\n\n\n<p>At skabe en afslappende rutine f\u00f8r sengetid hj\u00e6lper med at forberede din krop og dit sind p\u00e5 s\u00f8vn. S\u00e6t et par minutter af til stille aktiviteter, s\u00e5som at l\u00e6se en bog, lytte til bl\u00f8d musik eller \u00f8ve afslapningsteknikker, s\u00e5som dyb vejrtr\u00e6kning eller meditation. Undg\u00e5 ophedede diskussioner eller stimulerende aktiviteter lige f\u00f8r sengetid. M\u00e5let er at berolige sanserne og fremkalde afslapning, og dermed forberede dig p\u00e5 en nat med afslappende lyde.<\/p>\n\n\n\n<h3 class=\"wp-block-heading\">Konklusion<\/h3>\n\n\n\n<p>En ideel rutine for familiens s\u00f8vn er afg\u00f8rende for alles sundhed og velbefindende. Ved at etablere regelm\u00e6ssige s\u00f8vnplaner, skabe et milj\u00f8, der fremmer hvile, undg\u00e5 stimulanser f\u00f8r sengetid og indf\u00f8re en afslapningsrutine, vil du fremme rolige og revitaliserende n\u00e6tter for hele familien.<\/p>\n\n\n\n<p>V\u00e6r opm\u00e6rksom p\u00e5, at hver person er unik, og at der kan v\u00e6re individuelle variationer i lydbehov. Just\u00e9r derfor disse retningslinjer i henhold til hvert familiemedlems karakteristika, under hensyntagen til specifikke helbredstilstande, pr\u00e6ferencer og forhold.<\/p>\n\n\n\n<p>Verden over st\u00e5r mange familier over for udfordringer med at opretholde en ideel rutine p\u00e5 grund af hverdagens krav. Det er dog vigtigt at prioritere hvile for at garantere et sundt og afbalanceret liv. Ved at f\u00f8lge disse instruktioner investerer du i hele familiens velbefindende og h\u00f8ster fordelene ved en god nats s\u00f8vn.<\/p>\n\n\n\n<p>Det er ogs\u00e5 vigtigt at bruge SEO-teknikker for at g\u00f8re denne artikel mere synlig og tilg\u00e6ngelig for l\u00e6serne. Inkluder relevante n\u00f8gleord, s\u00e5som &quot;lydrutine&quot;, &quot;familie sover godt&quot;, &quot;lydkvalitet&quot; og andre termer relateret til emnet. Brug ogs\u00e5 klare og attraktive undertekster for at lette l\u00e6sning og navigation.<\/p>\n\n\n\n<p>L\u00e6selighed spiller ogs\u00e5 en fundamental rolle i l\u00e6seroplevelsen. Brug korte s\u00e6tninger og velstrukturerede afsnit for at lette forst\u00e5elsen af indholdet. Undg\u00e5 meget teknisk jargon eller terminologi, medmindre du specifikt skriver det til et specialiseret publikum.<\/p>\n\n\n\n<figure class=\"wp-block-image size-full\"><img loading=\"lazy\" decoding=\"async\" width=\"550\" height=\"350\" src=\"http:\/\/universofamilia.com\/wp-content\/uploads\/sites\/148\/2023\/05\/FOTO-POST-dormir-bem-familia-universo-familia-1.png\" alt=\"\" class=\"wp-image-1926\" srcset=\"http:\/\/universofamilia.com\/wp-content\/uploads\/sites\/148\/2023\/05\/FOTO-POST-dormir-bem-familia-universo-familia-1.png 550w, http:\/\/universofamilia.com\/wp-content\/uploads\/sites\/148\/2023\/05\/FOTO-POST-dormir-bem-familia-universo-familia-1-300x191.png 300w\" sizes=\"(max-width: 550px) 100vw, 550px\" \/><\/figure>\n\n\n\n<p>Kort sagt, for at etablere en ideel rutine for en god families s\u00f8vn, investerer du i alles velbefindende. Det er vigtigt at etablere regelm\u00e6ssige s\u00f8vnplaner, skabe et milj\u00f8, der fremmer hvile, undg\u00e5 stimulanser f\u00f8r sengetid og indf\u00f8re en afslapningsrutine. Ved at implementere disse praktiske tips vil du v\u00e6re p\u00e5 vej til fredelige og forfriskende n\u00e6tter med god lyd, der giver et sundt og afbalanceret liv for hele familien.<\/p>","protected":false},"excerpt":{"rendered":"<p>En god og sund rutine er afg\u00f8rende for hele familiens velbefindende og sundhed. S\u00f8vn forbedrer ikke kun hum\u00f8ret eller pr\u00e6stationsevnen i l\u00f8bet af dagen, men styrker ogs\u00e5 immunforsvaret og bidrager til en bedre livskvalitet. <\/p>","protected":false},"author":0,"featured_media":1925,"comment_status":"closed","ping_status":"open","sticky":false,"template":"","format":"standard","meta":{"footnotes":""},"categories":[5],"tags":[1436,1437],"yoast_head":"<!-- This site is optimized with the Yoast SEO plugin v23.3 - https:\/\/yoast.com\/wordpress\/plugins\/seo\/ -->\n<title>Rotina ideal para a fam\u00edlia dormir bem - Universo Fam\u00edlia<\/title>\n<meta name=\"description\" content=\"Ter uma rotina de sono adequada \u00e9 essencial para o bem-estar e a sa\u00fade de toda a fam\u00edlia\" \/>\n<meta name=\"robots\" content=\"index, follow, max-snippet:-1, max-image-preview:large, max-video-preview:-1\" \/>\n<link rel=\"canonical\" href=\"http:\/\/universofamilia.com\/da\/\u0438\u0434\u0435\u0430\u043b\u043d\u0430-\u0440\u0443\u0442\u0438\u043d\u0430-\u0437\u0430-\u0434\u043e\u0431\u0440\u043e-\u0441\u043f\u0430\u0432\u0430\u045a\u0435-\u043f\u043e\u0440\u043e\u0434\/\" \/>\n<meta property=\"og:locale\" content=\"da_DK\" \/>\n<meta property=\"og:type\" content=\"article\" \/>\n<meta property=\"og:title\" content=\"Rotina ideal para a fam\u00edlia dormir bem - Universo Fam\u00edlia\" \/>\n<meta property=\"og:description\" content=\"Ter uma rotina de sono adequada \u00e9 essencial para o bem-estar e a sa\u00fade de toda a fam\u00edlia\" \/>\n<meta property=\"og:url\" content=\"http:\/\/universofamilia.com\/da\/\u0438\u0434\u0435\u0430\u043b\u043d\u0430-\u0440\u0443\u0442\u0438\u043d\u0430-\u0437\u0430-\u0434\u043e\u0431\u0440\u043e-\u0441\u043f\u0430\u0432\u0430\u045a\u0435-\u043f\u043e\u0440\u043e\u0434\/\" \/>\n<meta property=\"og:site_name\" content=\"Universo Fam\u00edlia\" \/>\n<meta property=\"article:published_time\" content=\"2023-05-25T00:53:43+00:00\" \/>\n<meta property=\"og:image\" content=\"http:\/\/universofamilia.com\/wp-content\/uploads\/sites\/148\/2023\/05\/FOTO-DESTAQUE-dormir-bem-familia-universo-familia-448x350-.png\" \/>\n\t<meta property=\"og:image:width\" content=\"448\" \/>\n\t<meta property=\"og:image:height\" content=\"350\" \/>\n\t<meta property=\"og:image:type\" content=\"image\/png\" \/>\n<meta name=\"twitter:card\" content=\"summary_large_image\" \/>\n<meta name=\"twitter:label1\" content=\"Est. reading time\" \/>\n\t<meta name=\"twitter:data1\" content=\"5 minutter\" \/>\n<script type=\"application\/ld+json\" class=\"yoast-schema-graph\">{\"@context\":\"https:\/\/schema.org\",\"@graph\":[{\"@type\":\"WebPage\",\"@id\":\"http:\/\/universofamilia.com\/sr\/\u0438\u0434\u0435\u0430\u043b\u043d\u0430-\u0440\u0443\u0442\u0438\u043d\u0430-\u0437\u0430-\u0434\u043e\u0431\u0440\u043e-\u0441\u043f\u0430\u0432\u0430\u045a\u0435-\u043f\u043e\u0440\u043e\u0434\/\",\"url\":\"http:\/\/universofamilia.com\/sr\/\u0438\u0434\u0435\u0430\u043b\u043d\u0430-\u0440\u0443\u0442\u0438\u043d\u0430-\u0437\u0430-\u0434\u043e\u0431\u0440\u043e-\u0441\u043f\u0430\u0432\u0430\u045a\u0435-\u043f\u043e\u0440\u043e\u0434\/\",\"name\":\"Rotina ideal para a fam\u00edlia dormir bem - Universo Fam\u00edlia\",\"isPartOf\":{\"@id\":\"https:\/\/universofamilia.com\/el\/#website\"},\"primaryImageOfPage\":{\"@id\":\"http:\/\/universofamilia.com\/sr\/\u0438\u0434\u0435\u0430\u043b\u043d\u0430-\u0440\u0443\u0442\u0438\u043d\u0430-\u0437\u0430-\u0434\u043e\u0431\u0440\u043e-\u0441\u043f\u0430\u0432\u0430\u045a\u0435-\u043f\u043e\u0440\u043e\u0434\/#primaryimage\"},\"image\":{\"@id\":\"http:\/\/universofamilia.com\/sr\/\u0438\u0434\u0435\u0430\u043b\u043d\u0430-\u0440\u0443\u0442\u0438\u043d\u0430-\u0437\u0430-\u0434\u043e\u0431\u0440\u043e-\u0441\u043f\u0430\u0432\u0430\u045a\u0435-\u043f\u043e\u0440\u043e\u0434\/#primaryimage\"},\"thumbnailUrl\":\"http:\/\/universofamilia.com\/wp-content\/uploads\/sites\/148\/2023\/05\/FOTO-DESTAQUE-dormir-bem-familia-universo-familia-448x350-.png\",\"datePublished\":\"2023-05-25T00:53:43+00:00\",\"dateModified\":\"2023-05-25T00:53:43+00:00\",\"author\":{\"@id\":\"\"},\"description\":\"Ter uma rotina de sono adequada \u00e9 essencial para o bem-estar e a sa\u00fade de toda a fam\u00edlia\",\"breadcrumb\":{\"@id\":\"http:\/\/universofamilia.com\/sr\/\u0438\u0434\u0435\u0430\u043b\u043d\u0430-\u0440\u0443\u0442\u0438\u043d\u0430-\u0437\u0430-\u0434\u043e\u0431\u0440\u043e-\u0441\u043f\u0430\u0432\u0430\u045a\u0435-\u043f\u043e\u0440\u043e\u0434\/#breadcrumb\"},\"inLanguage\":\"da-DK\",\"potentialAction\":[{\"@type\":\"ReadAction\",\"target\":[\"http:\/\/universofamilia.com\/sr\/\u0438\u0434\u0435\u0430\u043b\u043d\u0430-\u0440\u0443\u0442\u0438\u043d\u0430-\u0437\u0430-\u0434\u043e\u0431\u0440\u043e-\u0441\u043f\u0430\u0432\u0430\u045a\u0435-\u043f\u043e\u0440\u043e\u0434\/\"]}]},{\"@type\":\"ImageObject\",\"inLanguage\":\"da-DK\",\"@id\":\"http:\/\/universofamilia.com\/sr\/\u0438\u0434\u0435\u0430\u043b\u043d\u0430-\u0440\u0443\u0442\u0438\u043d\u0430-\u0437\u0430-\u0434\u043e\u0431\u0440\u043e-\u0441\u043f\u0430\u0432\u0430\u045a\u0435-\u043f\u043e\u0440\u043e\u0434\/#primaryimage\",\"url\":\"http:\/\/universofamilia.com\/wp-content\/uploads\/sites\/148\/2023\/05\/FOTO-DESTAQUE-dormir-bem-familia-universo-familia-448x350-.png\",\"contentUrl\":\"http:\/\/universofamilia.com\/wp-content\/uploads\/sites\/148\/2023\/05\/FOTO-DESTAQUE-dormir-bem-familia-universo-familia-448x350-.png\",\"width\":448,\"height\":350},{\"@type\":\"BreadcrumbList\",\"@id\":\"http:\/\/universofamilia.com\/sr\/\u0438\u0434\u0435\u0430\u043b\u043d\u0430-\u0440\u0443\u0442\u0438\u043d\u0430-\u0437\u0430-\u0434\u043e\u0431\u0440\u043e-\u0441\u043f\u0430\u0432\u0430\u045a\u0435-\u043f\u043e\u0440\u043e\u0434\/#breadcrumb\",\"itemListElement\":[{\"@type\":\"ListItem\",\"position\":1,\"name\":\"Home\",\"item\":\"https:\/\/universofamilia.com\/el\/\"},{\"@type\":\"ListItem\",\"position\":2,\"name\":\"Rotina ideal para a fam\u00edlia dormir bem\"}]},{\"@type\":\"WebSite\",\"@id\":\"https:\/\/universofamilia.com\/el\/#website\",\"url\":\"https:\/\/universofamilia.com\/el\/\",\"name\":\"Universo Fam\u00edlia\",\"description\":\"\",\"potentialAction\":[{\"@type\":\"SearchAction\",\"target\":{\"@type\":\"EntryPoint\",\"urlTemplate\":\"https:\/\/universofamilia.com\/el\/?s={search_term_string}\"},\"query-input\":\"required name=search_term_string\"}],\"inLanguage\":\"da-DK\"}]}<\/script>\n<!-- \/ Yoast SEO plugin. -->","yoast_head_json":{"title":"Rotina ideal para a fam\u00edlia dormir bem - Universo Fam\u00edlia","description":"Ter uma rotina de sono adequada \u00e9 essencial para o bem-estar e a sa\u00fade de toda a fam\u00edlia","robots":{"index":"index","follow":"follow","max-snippet":"max-snippet:-1","max-image-preview":"max-image-preview:large","max-video-preview":"max-video-preview:-1"},"canonical":"http:\/\/universofamilia.com\/da\/\u0438\u0434\u0435\u0430\u043b\u043d\u0430-\u0440\u0443\u0442\u0438\u043d\u0430-\u0437\u0430-\u0434\u043e\u0431\u0440\u043e-\u0441\u043f\u0430\u0432\u0430\u045a\u0435-\u043f\u043e\u0440\u043e\u0434\/","og_locale":"da_DK","og_type":"article","og_title":"Rotina ideal para a fam\u00edlia dormir bem - Universo Fam\u00edlia","og_description":"Ter uma rotina de sono adequada \u00e9 essencial para o bem-estar e a sa\u00fade de toda a fam\u00edlia","og_url":"http:\/\/universofamilia.com\/da\/\u0438\u0434\u0435\u0430\u043b\u043d\u0430-\u0440\u0443\u0442\u0438\u043d\u0430-\u0437\u0430-\u0434\u043e\u0431\u0440\u043e-\u0441\u043f\u0430\u0432\u0430\u045a\u0435-\u043f\u043e\u0440\u043e\u0434\/","og_site_name":"Universo Fam\u00edlia","article_published_time":"2023-05-25T00:53:43+00:00","og_image":[{"width":448,"height":350,"url":"http:\/\/universofamilia.com\/wp-content\/uploads\/sites\/148\/2023\/05\/FOTO-DESTAQUE-dormir-bem-familia-universo-familia-448x350-.png","type":"image\/png"}],"twitter_card":"summary_large_image","twitter_misc":{"Est. reading time":"5 minutter"},"schema":{"@context":"https:\/\/schema.org","@graph":[{"@type":"WebPage","@id":"http:\/\/universofamilia.com\/sr\/\u0438\u0434\u0435\u0430\u043b\u043d\u0430-\u0440\u0443\u0442\u0438\u043d\u0430-\u0437\u0430-\u0434\u043e\u0431\u0440\u043e-\u0441\u043f\u0430\u0432\u0430\u045a\u0435-\u043f\u043e\u0440\u043e\u0434\/","url":"http:\/\/universofamilia.com\/sr\/\u0438\u0434\u0435\u0430\u043b\u043d\u0430-\u0440\u0443\u0442\u0438\u043d\u0430-\u0437\u0430-\u0434\u043e\u0431\u0440\u043e-\u0441\u043f\u0430\u0432\u0430\u045a\u0435-\u043f\u043e\u0440\u043e\u0434\/","name":"Rotina ideal para a fam\u00edlia dormir bem - Universo Fam\u00edlia","isPartOf":{"@id":"https:\/\/universofamilia.com\/el\/#website"},"primaryImageOfPage":{"@id":"http:\/\/universofamilia.com\/sr\/\u0438\u0434\u0435\u0430\u043b\u043d\u0430-\u0440\u0443\u0442\u0438\u043d\u0430-\u0437\u0430-\u0434\u043e\u0431\u0440\u043e-\u0441\u043f\u0430\u0432\u0430\u045a\u0435-\u043f\u043e\u0440\u043e\u0434\/#primaryimage"},"image":{"@id":"http:\/\/universofamilia.com\/sr\/\u0438\u0434\u0435\u0430\u043b\u043d\u0430-\u0440\u0443\u0442\u0438\u043d\u0430-\u0437\u0430-\u0434\u043e\u0431\u0440\u043e-\u0441\u043f\u0430\u0432\u0430\u045a\u0435-\u043f\u043e\u0440\u043e\u0434\/#primaryimage"},"thumbnailUrl":"http:\/\/universofamilia.com\/wp-content\/uploads\/sites\/148\/2023\/05\/FOTO-DESTAQUE-dormir-bem-familia-universo-familia-448x350-.png","datePublished":"2023-05-25T00:53:43+00:00","dateModified":"2023-05-25T00:53:43+00:00","author":{"@id":""},"description":"Ter uma rotina de sono adequada \u00e9 essencial para o bem-estar e a sa\u00fade de toda a fam\u00edlia","breadcrumb":{"@id":"http:\/\/universofamilia.com\/sr\/\u0438\u0434\u0435\u0430\u043b\u043d\u0430-\u0440\u0443\u0442\u0438\u043d\u0430-\u0437\u0430-\u0434\u043e\u0431\u0440\u043e-\u0441\u043f\u0430\u0432\u0430\u045a\u0435-\u043f\u043e\u0440\u043e\u0434\/#breadcrumb"},"inLanguage":"da-DK","potentialAction":[{"@type":"ReadAction","target":["http:\/\/universofamilia.com\/sr\/\u0438\u0434\u0435\u0430\u043b\u043d\u0430-\u0440\u0443\u0442\u0438\u043d\u0430-\u0437\u0430-\u0434\u043e\u0431\u0440\u043e-\u0441\u043f\u0430\u0432\u0430\u045a\u0435-\u043f\u043e\u0440\u043e\u0434\/"]}]},{"@type":"ImageObject","inLanguage":"da-DK","@id":"http:\/\/universofamilia.com\/sr\/\u0438\u0434\u0435\u0430\u043b\u043d\u0430-\u0440\u0443\u0442\u0438\u043d\u0430-\u0437\u0430-\u0434\u043e\u0431\u0440\u043e-\u0441\u043f\u0430\u0432\u0430\u045a\u0435-\u043f\u043e\u0440\u043e\u0434\/#primaryimage","url":"http:\/\/universofamilia.com\/wp-content\/uploads\/sites\/148\/2023\/05\/FOTO-DESTAQUE-dormir-bem-familia-universo-familia-448x350-.png","contentUrl":"http:\/\/universofamilia.com\/wp-content\/uploads\/sites\/148\/2023\/05\/FOTO-DESTAQUE-dormir-bem-familia-universo-familia-448x350-.png","width":448,"height":350},{"@type":"BreadcrumbList","@id":"http:\/\/universofamilia.com\/sr\/\u0438\u0434\u0435\u0430\u043b\u043d\u0430-\u0440\u0443\u0442\u0438\u043d\u0430-\u0437\u0430-\u0434\u043e\u0431\u0440\u043e-\u0441\u043f\u0430\u0432\u0430\u045a\u0435-\u043f\u043e\u0440\u043e\u0434\/#breadcrumb","itemListElement":[{"@type":"ListItem","position":1,"name":"Home","item":"https:\/\/universofamilia.com\/el\/"},{"@type":"ListItem","position":2,"name":"Rotina ideal para a fam\u00edlia dormir bem"}]},{"@type":"WebSite","@id":"https:\/\/universofamilia.com\/el\/#website","url":"https:\/\/universofamilia.com\/el\/","name":"Universo Fam\u00edlia","description":"","potentialAction":[{"@type":"SearchAction","target":{"@type":"EntryPoint","urlTemplate":"https:\/\/universofamilia.com\/el\/?s={search_term_string}"},"query-input":"required name=search_term_string"}],"inLanguage":"da-DK"}]}},"_links":{"self":[{"href":"http:\/\/universofamilia.com\/da\/wp-json\/wp\/v2\/posts\/1692"}],"collection":[{"href":"http:\/\/universofamilia.com\/da\/wp-json\/wp\/v2\/posts"}],"about":[{"href":"http:\/\/universofamilia.com\/da\/wp-json\/wp\/v2\/types\/post"}],"replies":[{"embeddable":true,"href":"http:\/\/universofamilia.com\/da\/wp-json\/wp\/v2\/comments?post=1692"}],"version-history":[{"count":0,"href":"http:\/\/universofamilia.com\/da\/wp-json\/wp\/v2\/posts\/1692\/revisions"}],"wp:featuredmedia":[{"embeddable":true,"href":"http:\/\/universofamilia.com\/da\/wp-json\/wp\/v2\/media\/1925"}],"wp:attachment":[{"href":"http:\/\/universofamilia.com\/da\/wp-json\/wp\/v2\/media?parent=1692"}],"wp:term":[{"taxonomy":"category","embeddable":true,"href":"http:\/\/universofamilia.com\/da\/wp-json\/wp\/v2\/categories?post=1692"},{"taxonomy":"post_tag","embeddable":true,"href":"http:\/\/universofamilia.com\/da\/wp-json\/wp\/v2\/tags?post=1692"}],"curies":[{"name":"wp","href":"https:\/\/api.w.org\/{rel}","templated":true}]}}