{"id":1797,"date":"2023-05-25T21:01:58","date_gmt":"2023-05-25T21:01:58","guid":{"rendered":"https:\/\/universofamilia.com\/?p=1797"},"modified":"2023-05-25T21:01:58","modified_gmt":"2023-05-25T21:01:58","slug":"muco-nas-fezes-do-bebe-quando-e-normal-e-quando-se-preocupar","status":"publish","type":"post","link":"http:\/\/universofamilia.com\/da\/muco-nas-fezes-do-bebe-quando-e-normal-e-quando-se-preocupar\/","title":{"rendered":"Meget i babyens aff\u00f8ring, hvorn\u00e5r er det normalt, og hvorn\u00e5r skal man bekymre sig?"},"content":{"rendered":"<p>Meget i babyers aff\u00f8ring er en almindelig bekymring i landene. Dette kan v\u00e6re alarmerende, og det er vigtigt at forst\u00e5, at meget af det kan v\u00e6re normalt i visse situationer.<\/p>\n\n\n\n<p>I denne artikel vil vi diskutere, hvorn\u00e5r eller hvor meget aff\u00f8ring kan v\u00e6re normal, og hvorn\u00e5r det er en grund til bekymring. Forts\u00e6t med at l\u00e6se for mere information og tryghed.<\/p>\n\n\n\n<h3 class=\"wp-block-heading\">Eller er der meget i babyens aff\u00f8ring?<\/h3>\n\n\n\n<p>Slim i babyens aff\u00f8ring refererer til tilstedev\u00e6relsen af et gel\u00e9agtigt og kl\u00e6brigt stof i babyens aff\u00f8ring. Dette kan variere meget i konsistens, konsistens og m\u00e6ngde.<\/p>\n\n\n\n<p>Det er vigtigt at bem\u00e6rke, at aff\u00f8ring i nogle tilf\u00e6lde er helt normal og ikke repr\u00e6senterer et helbredsproblem.<\/p>\n\n\n\n<h3 class=\"wp-block-heading\">Hvorn\u00e5r betragter vi en babys aff\u00f8ring som normal eller meget normal?<\/h3>\n\n\n\n<p>Under visse omst\u00e6ndigheder er tilstedev\u00e6relsen af slim i barnets aff\u00f8ring normal og b\u00f8r ikke v\u00e6re en grund til bekymring.<\/p>\n\n\n\n<p>Under tandfrembrud er det for eksempel almindeligt, at babyen producerer mere slim, som kan ende i aff\u00f8ringen.<\/p>\n\n\n\n<p>Introduktionen af fast f\u00f8de i en babys kost kan ogs\u00e5 for\u00e5rsage midlertidige fosterforandringer, herunder tilstedev\u00e6relsen af slim.<\/p>\n\n\n\n<h3 class=\"wp-block-heading\">Hvorn\u00e5r skal du bekymre dig om din babys slim?<\/h3>\n\n\n<div class=\"wp-block-image\">\n<figure class=\"aligncenter size-full\"><img loading=\"lazy\" decoding=\"async\" width=\"550\" height=\"350\" src=\"http:\/\/universofamilia.com\/wp-content\/uploads\/sites\/148\/2023\/05\/FOTO-POST-muco-fese-bebe-universo-familia-.png\" alt=\"\" class=\"wp-image-1911\" srcset=\"http:\/\/universofamilia.com\/wp-content\/uploads\/sites\/148\/2023\/05\/FOTO-POST-muco-fese-bebe-universo-familia-.png 550w, http:\/\/universofamilia.com\/wp-content\/uploads\/sites\/148\/2023\/05\/FOTO-POST-muco-fese-bebe-universo-familia--300x191.png 300w\" sizes=\"(max-width: 550px) 100vw, 550px\" \/><\/figure><\/div>\n\n\n<p>Embora eller slim i en babys aff\u00f8ring kan v\u00e6re normalt i nogle situationer, der er tidspunkter, hvor det er vigtigt at v\u00e6re opm\u00e6rksom og s\u00f8ge l\u00e6gehj\u00e6lp.<\/p>\n\n\n\n<p>Hvis du har meget feber ledsaget af blod, vedvarende diarr\u00e9, opkastning, feber, eller hvis din baby har andre bekymrende symptomer, anbefales det at kontakte din b\u00f8rnel\u00e6ge.<\/p>\n\n\n\n<p>Disse symptomer kan indikere en gastrointestinal infektion eller andre underliggende tilstande, der skal vurderes og behandles passende.<\/p>\n\n\n\n<h3 class=\"wp-block-heading\">Mulige \u00e5rsager til slim i en babys aff\u00f8ring<\/h3>\n\n\n\n<p>Der er flere mulige \u00e5rsager til slimhinderne i en babys aff\u00f8ring. Udover de allerede n\u00e6vnte \u00e5rsager, s\u00e5som t\u00e6nder og introduktion af fast f\u00f8de, kan det ogs\u00e5 v\u00e6re et resultat af infektioner, f\u00f8devareallergier, intolerancer, forstoppelse eller tarmirritation.<\/p>\n\n\n\n<p>Hver \u00e5rsag kan have specifikke karakteristika, og det er vigtigt at have l\u00e6gehj\u00e6lp til at identificere slimens oprindelse og om n\u00f8dvendigt bestemme den passende behandling.<\/p>\n\n\n\n<h3 class=\"wp-block-heading\">Konklusion<\/h3>\n\n\n\n<p>Kort sagt kan noget af babyens aff\u00f8ring v\u00e6re normal i visse situationer, f.eks. under tandfrembrud eller n\u00e5r barnet introduceres til fast f\u00f8de.<\/p>\n\n\n\n<p>Det er dog vigtigt at v\u00e6re opm\u00e6rksom p\u00e5 tegn p\u00e5 bekymring, s\u00e5som bl\u00f8dning fra aff\u00f8ringen eller yderligere symptomer.<\/p>\n\n\n\n<p>Det er vigtigt at konsultere en b\u00f8rnel\u00e6ge for at f\u00e5 en pr\u00e6cis diagnose og garantere barnets helbred.<\/p>\n\n\n\n<p>Jeg h\u00e5ber, du er blevet hjulpet og har f\u00e5et at vide med dit rum, som er s\u00e5 nyttigt for os. \u00c5h! Se voc\u00ea gostou disse post.<\/p>\n\n\n\n<blockquote class=\"wp-block-quote\">\n<h5 class=\"wp-block-heading\"><em>Bem\u00e6rkninger: Materialerne og oplysningerne p\u00e5 Universo Fam\u00edlia-siden er ikke beregnet til medicinsk diagnose og b\u00f8r heller ikke anvendes som s\u00e5dan. <strong>Du b\u00f8r altid konsultere en l\u00e6ge eller en kvalificeret sundhedsperson om dine reelle behov.<\/strong>.<\/em><\/h5>\n<\/blockquote>\n\n\n\n<h4 class=\"wp-block-heading\">Se ogs\u00e5:<\/h4>\n\n\n\n<p><a href=\"http:\/\/universofamilia.com\/da\/rotina-ideal-para-a-familia-dormir-bem\/\" target=\"_blank\" rel=\"noreferrer noopener\">Rotina Ideel til familien, der \u00f8nsker at sove godt<\/a><\/p>\n\n\n\n<p><a href=\"https:\/\/www.luzbaby.com.br\/\" target=\"_blank\" rel=\"noreferrer noopener\">A Luz Baby er en af de bedste butikker med babyprodukter. Klik her.<\/a><\/p>","protected":false},"excerpt":{"rendered":"<p>Meget i babyers aff\u00f8ring er en almindelig bekymring i landene. Dette kan v\u00e6re alarmerende, og det er vigtigt at forst\u00e5, at meget af det kan v\u00e6re normalt i visse situationer.<br \/>\nI denne artikel vil vi diskutere, hvorn\u00e5r slim i babyens aff\u00f8ring betragtes som normalt, og hvorn\u00e5r det er grund til bekymring. Forts\u00e6t med at l\u00e6se for mere information og tryghed.<\/p>","protected":false},"author":0,"featured_media":1912,"comment_status":"closed","ping_status":"open","sticky":false,"template":"","format":"standard","meta":{"footnotes":""},"categories":[5],"tags":[1023,1161,1437],"yoast_head":"<!-- This site is optimized with the Yoast SEO plugin v23.3 - https:\/\/yoast.com\/wordpress\/plugins\/seo\/ -->\n<title>Muco nas fezes do beb\u00ea, quando \u00e9 normal e quando se preocupar? - Universo Fam\u00edlia<\/title>\n<meta name=\"description\" content=\"O muco nas fezes do beb\u00ea \u00e9 uma preocupa\u00e7\u00e3o comum entre os pais. Embora possa ser alarmante, \u00e9 importante entender que o muco pode ser normal em certas situa\u00e7\u00f5es.\" \/>\n<meta name=\"robots\" content=\"index, follow, max-snippet:-1, max-image-preview:large, max-video-preview:-1\" \/>\n<link rel=\"canonical\" href=\"https:\/\/universofamilia.com\/da\/muco-nas-fezes-do-bebe-quando-e-normal-e-quando-se-preocupar\/\" \/>\n<meta property=\"og:locale\" content=\"da_DK\" \/>\n<meta property=\"og:type\" content=\"article\" \/>\n<meta property=\"og:title\" content=\"Muco nas fezes do beb\u00ea, quando \u00e9 normal e quando se preocupar? - Universo Fam\u00edlia\" \/>\n<meta property=\"og:description\" content=\"O muco nas fezes do beb\u00ea \u00e9 uma preocupa\u00e7\u00e3o comum entre os pais. Embora possa ser alarmante, \u00e9 importante entender que o muco pode ser normal em certas situa\u00e7\u00f5es.\" \/>\n<meta property=\"og:url\" content=\"https:\/\/universofamilia.com\/da\/muco-nas-fezes-do-bebe-quando-e-normal-e-quando-se-preocupar\/\" \/>\n<meta property=\"og:site_name\" content=\"Universo Fam\u00edlia\" \/>\n<meta property=\"article:published_time\" content=\"2023-05-25T21:01:58+00:00\" \/>\n<meta property=\"og:image\" content=\"https:\/\/universofamilia.com\/wp-content\/uploads\/sites\/148\/2023\/05\/FOTO-DESTAQUE-muco-fezes-bebe-universo-familia-448x350-.png\" \/>\n\t<meta property=\"og:image:width\" content=\"448\" \/>\n\t<meta property=\"og:image:height\" content=\"350\" \/>\n\t<meta property=\"og:image:type\" content=\"image\/png\" \/>\n<meta name=\"twitter:card\" content=\"summary_large_image\" \/>\n<meta name=\"twitter:label1\" content=\"Est. reading time\" \/>\n\t<meta name=\"twitter:data1\" content=\"3 minutter\" \/>\n<script type=\"application\/ld+json\" class=\"yoast-schema-graph\">{\"@context\":\"https:\/\/schema.org\",\"@graph\":[{\"@type\":\"WebPage\",\"@id\":\"https:\/\/universofamilia.com\/hu\/muco-nas-fezes-do-bebe-quando-e-normal-e-quando-se-preocupar\/\",\"url\":\"https:\/\/universofamilia.com\/hu\/muco-nas-fezes-do-bebe-quando-e-normal-e-quando-se-preocupar\/\",\"name\":\"Muco nas fezes do beb\u00ea, quando \u00e9 normal e quando se preocupar? - Universo Fam\u00edlia\",\"isPartOf\":{\"@id\":\"https:\/\/universofamilia.com\/el\/#website\"},\"primaryImageOfPage\":{\"@id\":\"https:\/\/universofamilia.com\/hu\/muco-nas-fezes-do-bebe-quando-e-normal-e-quando-se-preocupar\/#primaryimage\"},\"image\":{\"@id\":\"https:\/\/universofamilia.com\/hu\/muco-nas-fezes-do-bebe-quando-e-normal-e-quando-se-preocupar\/#primaryimage\"},\"thumbnailUrl\":\"http:\/\/universofamilia.com\/wp-content\/uploads\/sites\/148\/2023\/05\/FOTO-DESTAQUE-muco-fezes-bebe-universo-familia-448x350-.png\",\"datePublished\":\"2023-05-25T21:01:58+00:00\",\"dateModified\":\"2023-05-25T21:01:58+00:00\",\"author\":{\"@id\":\"\"},\"description\":\"O muco nas fezes do beb\u00ea \u00e9 uma preocupa\u00e7\u00e3o comum entre os pais. Embora possa ser alarmante, \u00e9 importante entender que o muco pode ser normal em certas situa\u00e7\u00f5es.\",\"breadcrumb\":{\"@id\":\"https:\/\/universofamilia.com\/hu\/muco-nas-fezes-do-bebe-quando-e-normal-e-quando-se-preocupar\/#breadcrumb\"},\"inLanguage\":\"da-DK\",\"potentialAction\":[{\"@type\":\"ReadAction\",\"target\":[\"https:\/\/universofamilia.com\/hu\/muco-nas-fezes-do-bebe-quando-e-normal-e-quando-se-preocupar\/\"]}]},{\"@type\":\"ImageObject\",\"inLanguage\":\"da-DK\",\"@id\":\"https:\/\/universofamilia.com\/hu\/muco-nas-fezes-do-bebe-quando-e-normal-e-quando-se-preocupar\/#primaryimage\",\"url\":\"http:\/\/universofamilia.com\/wp-content\/uploads\/sites\/148\/2023\/05\/FOTO-DESTAQUE-muco-fezes-bebe-universo-familia-448x350-.png\",\"contentUrl\":\"http:\/\/universofamilia.com\/wp-content\/uploads\/sites\/148\/2023\/05\/FOTO-DESTAQUE-muco-fezes-bebe-universo-familia-448x350-.png\",\"width\":448,\"height\":350},{\"@type\":\"BreadcrumbList\",\"@id\":\"https:\/\/universofamilia.com\/hu\/muco-nas-fezes-do-bebe-quando-e-normal-e-quando-se-preocupar\/#breadcrumb\",\"itemListElement\":[{\"@type\":\"ListItem\",\"position\":1,\"name\":\"Home\",\"item\":\"https:\/\/universofamilia.com\/el\/\"},{\"@type\":\"ListItem\",\"position\":2,\"name\":\"Muco nas fezes do beb\u00ea, quando \u00e9 normal e quando se preocupar?\"}]},{\"@type\":\"WebSite\",\"@id\":\"https:\/\/universofamilia.com\/el\/#website\",\"url\":\"https:\/\/universofamilia.com\/el\/\",\"name\":\"Universo Fam\u00edlia\",\"description\":\"\",\"potentialAction\":[{\"@type\":\"SearchAction\",\"target\":{\"@type\":\"EntryPoint\",\"urlTemplate\":\"https:\/\/universofamilia.com\/el\/?s={search_term_string}\"},\"query-input\":\"required name=search_term_string\"}],\"inLanguage\":\"da-DK\"}]}<\/script>\n<!-- \/ Yoast SEO plugin. -->","yoast_head_json":{"title":"Muco nas fezes do beb\u00ea, quando \u00e9 normal e quando se preocupar? - Universo Fam\u00edlia","description":"O muco nas fezes do beb\u00ea \u00e9 uma preocupa\u00e7\u00e3o comum entre os pais. Embora possa ser alarmante, \u00e9 importante entender que o muco pode ser normal em certas situa\u00e7\u00f5es.","robots":{"index":"index","follow":"follow","max-snippet":"max-snippet:-1","max-image-preview":"max-image-preview:large","max-video-preview":"max-video-preview:-1"},"canonical":"https:\/\/universofamilia.com\/da\/muco-nas-fezes-do-bebe-quando-e-normal-e-quando-se-preocupar\/","og_locale":"da_DK","og_type":"article","og_title":"Muco nas fezes do beb\u00ea, quando \u00e9 normal e quando se preocupar? - Universo Fam\u00edlia","og_description":"O muco nas fezes do beb\u00ea \u00e9 uma preocupa\u00e7\u00e3o comum entre os pais. Embora possa ser alarmante, \u00e9 importante entender que o muco pode ser normal em certas situa\u00e7\u00f5es.","og_url":"https:\/\/universofamilia.com\/da\/muco-nas-fezes-do-bebe-quando-e-normal-e-quando-se-preocupar\/","og_site_name":"Universo Fam\u00edlia","article_published_time":"2023-05-25T21:01:58+00:00","og_image":[{"width":448,"height":350,"url":"https:\/\/universofamilia.com\/wp-content\/uploads\/sites\/148\/2023\/05\/FOTO-DESTAQUE-muco-fezes-bebe-universo-familia-448x350-.png","type":"image\/png"}],"twitter_card":"summary_large_image","twitter_misc":{"Est. reading time":"3 minutter"},"schema":{"@context":"https:\/\/schema.org","@graph":[{"@type":"WebPage","@id":"https:\/\/universofamilia.com\/hu\/muco-nas-fezes-do-bebe-quando-e-normal-e-quando-se-preocupar\/","url":"https:\/\/universofamilia.com\/hu\/muco-nas-fezes-do-bebe-quando-e-normal-e-quando-se-preocupar\/","name":"Muco nas fezes do beb\u00ea, quando \u00e9 normal e quando se preocupar? - Universo Fam\u00edlia","isPartOf":{"@id":"https:\/\/universofamilia.com\/el\/#website"},"primaryImageOfPage":{"@id":"https:\/\/universofamilia.com\/hu\/muco-nas-fezes-do-bebe-quando-e-normal-e-quando-se-preocupar\/#primaryimage"},"image":{"@id":"https:\/\/universofamilia.com\/hu\/muco-nas-fezes-do-bebe-quando-e-normal-e-quando-se-preocupar\/#primaryimage"},"thumbnailUrl":"http:\/\/universofamilia.com\/wp-content\/uploads\/sites\/148\/2023\/05\/FOTO-DESTAQUE-muco-fezes-bebe-universo-familia-448x350-.png","datePublished":"2023-05-25T21:01:58+00:00","dateModified":"2023-05-25T21:01:58+00:00","author":{"@id":""},"description":"O muco nas fezes do beb\u00ea \u00e9 uma preocupa\u00e7\u00e3o comum entre os pais. Embora possa ser alarmante, \u00e9 importante entender que o muco pode ser normal em certas situa\u00e7\u00f5es.","breadcrumb":{"@id":"https:\/\/universofamilia.com\/hu\/muco-nas-fezes-do-bebe-quando-e-normal-e-quando-se-preocupar\/#breadcrumb"},"inLanguage":"da-DK","potentialAction":[{"@type":"ReadAction","target":["https:\/\/universofamilia.com\/hu\/muco-nas-fezes-do-bebe-quando-e-normal-e-quando-se-preocupar\/"]}]},{"@type":"ImageObject","inLanguage":"da-DK","@id":"https:\/\/universofamilia.com\/hu\/muco-nas-fezes-do-bebe-quando-e-normal-e-quando-se-preocupar\/#primaryimage","url":"http:\/\/universofamilia.com\/wp-content\/uploads\/sites\/148\/2023\/05\/FOTO-DESTAQUE-muco-fezes-bebe-universo-familia-448x350-.png","contentUrl":"http:\/\/universofamilia.com\/wp-content\/uploads\/sites\/148\/2023\/05\/FOTO-DESTAQUE-muco-fezes-bebe-universo-familia-448x350-.png","width":448,"height":350},{"@type":"BreadcrumbList","@id":"https:\/\/universofamilia.com\/hu\/muco-nas-fezes-do-bebe-quando-e-normal-e-quando-se-preocupar\/#breadcrumb","itemListElement":[{"@type":"ListItem","position":1,"name":"Home","item":"https:\/\/universofamilia.com\/el\/"},{"@type":"ListItem","position":2,"name":"Muco nas fezes do beb\u00ea, quando \u00e9 normal e quando se preocupar?"}]},{"@type":"WebSite","@id":"https:\/\/universofamilia.com\/el\/#website","url":"https:\/\/universofamilia.com\/el\/","name":"Universo Fam\u00edlia","description":"","potentialAction":[{"@type":"SearchAction","target":{"@type":"EntryPoint","urlTemplate":"https:\/\/universofamilia.com\/el\/?s={search_term_string}"},"query-input":"required name=search_term_string"}],"inLanguage":"da-DK"}]}},"_links":{"self":[{"href":"http:\/\/universofamilia.com\/da\/wp-json\/wp\/v2\/posts\/1797"}],"collection":[{"href":"http:\/\/universofamilia.com\/da\/wp-json\/wp\/v2\/posts"}],"about":[{"href":"http:\/\/universofamilia.com\/da\/wp-json\/wp\/v2\/types\/post"}],"replies":[{"embeddable":true,"href":"http:\/\/universofamilia.com\/da\/wp-json\/wp\/v2\/comments?post=1797"}],"version-history":[{"count":0,"href":"http:\/\/universofamilia.com\/da\/wp-json\/wp\/v2\/posts\/1797\/revisions"}],"wp:featuredmedia":[{"embeddable":true,"href":"http:\/\/universofamilia.com\/da\/wp-json\/wp\/v2\/media\/1912"}],"wp:attachment":[{"href":"http:\/\/universofamilia.com\/da\/wp-json\/wp\/v2\/media?parent=1797"}],"wp:term":[{"taxonomy":"category","embeddable":true,"href":"http:\/\/universofamilia.com\/da\/wp-json\/wp\/v2\/categories?post=1797"},{"taxonomy":"post_tag","embeddable":true,"href":"http:\/\/universofamilia.com\/da\/wp-json\/wp\/v2\/tags?post=1797"}],"curies":[{"name":"wp","href":"https:\/\/api.w.org\/{rel}","templated":true}]}}