{"id":1977,"date":"2023-05-27T16:15:00","date_gmt":"2023-05-27T16:15:00","guid":{"rendered":"https:\/\/universofamilia.com\/?p=1977"},"modified":"2023-05-27T16:15:00","modified_gmt":"2023-05-27T16:15:00","slug":"o-que-e-ser-mae-adotiva","status":"publish","type":"post","link":"http:\/\/universofamilia.com\/da\/o-que-e-ser-mae-adotiva\/","title":{"rendered":"Hvad vil det sige at v\u00e6re adoptivmor?"},"content":{"rendered":"<h4 class=\"wp-block-heading\">En k\u00e6rlighed uden gr\u00e6nser<\/h4>\n\n\n\n<p>At v\u00e6re mere er en sublim oplevelse, der overskrider blodets b\u00e5nd. For en mere k\u00e6rlig person er denne oplevelse endnu mere speciel.<\/p>\n\n\n\n<p>I denne tekst udforsker vi betydningen af at v\u00e6re mere k\u00e6rlig og adresserer de udfordringer, gl\u00e6der og ubetingede k\u00e6rlighed, der gennemsyrer denne unikke rejse.<\/p>\n\n\n\n<h3 class=\"wp-block-heading\">Se ogs\u00e5:<\/h3>\n\n\n\n<p><a href=\"https:\/\/universofamilia.com\/da\/o-que-e-ser-mae\/\" target=\"_blank\" rel=\"noreferrer noopener\">Eller hvad er det at v\u00e6re m\u00e3e? En ubetinget k\u00e6rlighed, der forvandler liv.<\/a><\/p>\n\n\n\n<p><a href=\"http:\/\/universofamilia.com\/da\/a-importancia-do-controle-de-gastos-familiar\/\" target=\"_blank\" rel=\"noreferrer noopener\">Vigtigheden af at kontrollere familiens udgifter<\/a><\/p>\n\n\n\n<p><a href=\"https:\/\/www.luzbaby.com.br\/\" target=\"_blank\" rel=\"noreferrer noopener\">A Luz Baby er en af de bedste butikker med babyprodukter. Klik her.<\/a><\/p>\n\n\n\n<h4 class=\"wp-block-heading\">En skole i Cora\u00e7\u00e3o<\/h4>\n\n\n\n<p>N\u00e5r en kvinde beslutter sig for at v\u00e6re mere k\u00e6rlig, st\u00e5r hun over for en skole af mod og k\u00e6rlighed. Hun \u00e5bner sit hjerte for at modtage et barn, der ikke er f\u00f8dt fra hendes mave, men som forventes med samme intensitet og l\u00e6ngsel.<\/p>\n\n\n\n<p>Adoptivmoderskab er en mulighed for at skabe dybe og varige b\u00e5nd med et barn, der g\u00e5r andre veje.<\/p>\n\n\n\n<figure class=\"wp-block-image size-full\"><img loading=\"lazy\" decoding=\"async\" width=\"448\" height=\"350\" src=\"http:\/\/universofamilia.com\/wp-content\/uploads\/sites\/148\/2023\/05\/FOTO-DESTAQUE-mae-adotiva-universo-familia-448x350-.png\" alt=\"\" class=\"wp-image-1979\" srcset=\"http:\/\/universofamilia.com\/wp-content\/uploads\/sites\/148\/2023\/05\/FOTO-DESTAQUE-mae-adotiva-universo-familia-448x350-.png 448w, http:\/\/universofamilia.com\/wp-content\/uploads\/sites\/148\/2023\/05\/FOTO-DESTAQUE-mae-adotiva-universo-familia-448x350--300x234.png 300w\" sizes=\"(max-width: 448px) 100vw, 448px\" \/><\/figure>\n\n\n\n<h4 class=\"wp-block-heading\">Kraften i ubetinget k\u00e6rlighed<\/h4>\n\n\n\n<p>En k\u00e6rlig mors k\u00e6rlighed er i sandhed ubetinget. Den st\u00f8tter et barn med dets egen historie, med s\u00e5r og udfordringer, der kr\u00e6ver omsorg og forst\u00e5else.<\/p>\n\n\n\n<p>Derfor er det at v\u00e6re mere k\u00e6rlig at v\u00e6re villig til at m\u00f8de disse modgange med k\u00e6rlighed, t\u00e5lmodighed og dedikation og opbygge et b\u00e5nd, der overvinder enhver hindring.<\/p>\n\n\n\n<h4 class=\"wp-block-heading\">Ventedagen<\/h4>\n\n\n\n<p>En k\u00e6rlig mors dag begynder ofte med at vente. Hun m\u00f8der for\u00e6ldre, g\u00e5r gennem samtaler og eksamener og ser frem til det \u00f8jeblik, hvor hun kan trygt holde sit barn i vores arme.<\/p>\n\n\n\n<p>Denne ventetid kan v\u00e6re ubehagelig, men det er ogs\u00e5 en mulighed for at forberede dig f\u00f8lelsesm\u00e6ssigt og fysisk p\u00e5 at byde b\u00f8rn velkommen med al den n\u00f8dvendige k\u00e6rlighed og omsorg.<\/p>\n\n\n\n<figure class=\"wp-block-image size-full\"><img loading=\"lazy\" decoding=\"async\" width=\"550\" height=\"350\" src=\"http:\/\/universofamilia.com\/wp-content\/uploads\/sites\/148\/2023\/05\/POST-FOTO-APPS-DE-mae-adotiva-universo-familia-.png\" alt=\"\" class=\"wp-image-1980\" srcset=\"http:\/\/universofamilia.com\/wp-content\/uploads\/sites\/148\/2023\/05\/POST-FOTO-APPS-DE-mae-adotiva-universo-familia-.png 550w, http:\/\/universofamilia.com\/wp-content\/uploads\/sites\/148\/2023\/05\/POST-FOTO-APPS-DE-mae-adotiva-universo-familia--300x191.png 300w\" sizes=\"(max-width: 550px) 100vw, 550px\" \/><\/figure>\n\n\n\n<h4 class=\"wp-block-heading\">Transformation og l\u00e6ring<\/h4>\n\n\n\n<p>Adoptivmoderskab er en dag med personlig transformation. Min k\u00e6rlighed l\u00e6rer at begejstre verden p\u00e5 en ny m\u00e5de, at v\u00e6rds\u00e6tte de sm\u00e5 \u00f8jeblikke og at finde sk\u00f8nhed i modgang.<\/p>\n\n\n\n<p>Hun bliver en kilde til styrke og inspiration for sine b\u00f8rn og vejleder dem p\u00e5 livets veje med viden og k\u00e6rlighed.<\/p>\n\n\n\n<h4 class=\"wp-block-heading\">Overvindelse af udfordringer<\/h4>\n\n\n\n<p>At v\u00e6re mere k\u00e6rlig indeb\u00e6rer ogs\u00e5 at overvinde unikke udfordringer. Et begavet barn kan have oplevet traumatiske oplevelser, der ikke er sket tidligere, eller som kr\u00e6ver en f\u00f8lsom og opm\u00e6rksom tilgang.<\/p>\n\n\n\n<p>Derfor s\u00f8ger min mor at forst\u00e5 sit barns f\u00f8lelsesm\u00e6ssige behov og tilbyder st\u00f8tte, tryghed og en atmosf\u00e6re af k\u00e6rlighed og tillid. Den bliver r\u00f8d midt i storme og giver stabilitet og en sikker havn for b\u00f8rn.<\/p>\n\n\n\n<h4 class=\"wp-block-heading\">Gl\u00e6der ved adoptivbarsel<\/h4>\n\n\n\n<p>Gl\u00e6derne ved moderskab og adoption er utallige. Fra det \u00f8jeblik barnet tages i vores arme, hver erobring, hvert smil og hvert \u00e5bne kram, lever min elskede \u00f8jeblikke af ren lykke og taknemmelighed.<\/p>\n\n\n\n<p>Alligevel fejrer hun de sm\u00e5 sejre og er stolt af sine b\u00f8rns v\u00e6kst og udvikling, vel vidende at de g\u00f8r en forskel i hendes liv.<\/p>\n\n\n\n<figure class=\"wp-block-image size-full\"><img loading=\"lazy\" decoding=\"async\" width=\"550\" height=\"350\" src=\"http:\/\/universofamilia.com\/wp-content\/uploads\/sites\/148\/2023\/05\/POST-FOTO-APPS-DE-mae-adotiva-universo-familia-1.png\" alt=\"\" class=\"wp-image-1981\" srcset=\"http:\/\/universofamilia.com\/wp-content\/uploads\/sites\/148\/2023\/05\/POST-FOTO-APPS-DE-mae-adotiva-universo-familia-1.png 550w, http:\/\/universofamilia.com\/wp-content\/uploads\/sites\/148\/2023\/05\/POST-FOTO-APPS-DE-mae-adotiva-universo-familia-1-300x191.png 300w\" sizes=\"(max-width: 550px) 100vw, 550px\" \/><\/figure>\n\n\n\n<h4 class=\"wp-block-heading\">En hjertefamilie<\/h4>\n\n\n\n<p>I adoptivm\u00f8dreskabet blev en familie ikke kun bygget op gennem blod, men gennem k\u00e6rlighed og f\u00f8lelsesm\u00e6ssige b\u00e5nd. Min k\u00e6rlighed og mit barn opbygger et forhold pr\u00e6get af tilfredsstillelse og k\u00e6rlighed, der overskrider biologiske b\u00e5nd.<\/p>\n\n\n\n<p>De bliver en hjertevarm familie, forenet af k\u00e6rlighed og et f\u00e6lles \u00f8nske om at dele livet.<\/p>\n\n\n\n<h4 class=\"wp-block-heading\">Konklusion<\/h4>\n\n\n\n<p>At v\u00e6re mere k\u00e6rlig er en rejse pr\u00e6get af k\u00e6rlighed, mod og dedikation. \u00c5bn dit hjerte for at modtage et barn og tilbyd hende et trygt og k\u00e6rligt liv. Kort sagt handler det om at overvinde udfordringer, forandre liv og opbygge en familie baseret p\u00e5 ubetinget k\u00e6rlighed.<\/p>\n\n\n\n<p>Adoptivmoderskab er en sp\u00e6ndende og berigende oplevelse, der kan skabe dybe og varige b\u00e5nd. Jeg er det ikke kun p\u00e5 grund af blodsb\u00e5nd, men p\u00e5 grund af \u00e6gte k\u00e6rlighed.<\/p>\n\n\n\n<p>Uanset om det er mere biologisk eller mere adoption, er det, der virkelig betyder noget, den k\u00e6rlighed og omsorg, der tilbydes et barn.<\/p>\n\n\n\n<p>Adoptivmoderskab er et st\u00e6rkt eksempel, der viser, at k\u00e6rlighed ikke rummer barrierer, og at en k\u00e6rlig mor er i stand til at tilbyde en verden fuld af k\u00e6rlighed, forst\u00e5else og muligheder for sit barns v\u00e6kst og udvikling.<\/p>\n\n\n\n<p>M\u00e5 alle de mest k\u00e6rlige blive genskabt og v\u00e6rdsat af deres mod, dedikation og ubetingede k\u00e6rlighed. Du kan v\u00e6re mere k\u00e6rlig og en gave, et privilegium og en rejse, der forandrer liv.<\/p>\n\n\n\n<p>I sidste ende hyldes disse ekstraordin\u00e6re kvinder for deres \u00f8nske om at \u00e5bne deres hjerter og g\u00f8re en forskel i deres b\u00f8rns liv og efterlade en arv af k\u00e6rlighed og omsorg, der vil vare evigt.<\/p>","protected":false},"excerpt":{"rendered":"<p>At v\u00e6re mere er en sublim oplevelse, der overskrider blodets b\u00e5nd. For en mere k\u00e6rlig person er denne oplevelse endnu mere speciel.<\/p>\n<p>I denne tekst udforsker vi betydningen af at v\u00e6re mere k\u00e6rlig og adresserer de udfordringer, gl\u00e6der og ubetingede k\u00e6rlighed, der gennemsyrer denne unikke rejse.<\/p>","protected":false},"author":0,"featured_media":1982,"comment_status":"closed","ping_status":"open","sticky":false,"template":"","format":"standard","meta":{"footnotes":""},"categories":[5],"tags":[74,1058,1484],"yoast_head":"<!-- This site is optimized with the Yoast SEO plugin v23.3 - https:\/\/yoast.com\/wordpress\/plugins\/seo\/ -->\n<title>O Que \u00c9 Ser M\u00e3e Adotiva - Universo Fam\u00edlia<\/title>\n<meta name=\"description\" content=\"Ser m\u00e3e \u00e9 uma experi\u00eancia sublime que transcende os la\u00e7os de sangue. Para uma m\u00e3e adotiva, essa experi\u00eancia \u00e9 ainda mais especial.\" \/>\n<meta name=\"robots\" content=\"index, follow, max-snippet:-1, max-image-preview:large, max-video-preview:-1\" \/>\n<link rel=\"canonical\" href=\"http:\/\/universofamilia.com\/da\/o-que-e-ser-mae-adotiva\/\" \/>\n<meta property=\"og:locale\" content=\"da_DK\" \/>\n<meta property=\"og:type\" content=\"article\" \/>\n<meta property=\"og:title\" content=\"O Que \u00c9 Ser M\u00e3e Adotiva - Universo Fam\u00edlia\" \/>\n<meta property=\"og:description\" content=\"Ser m\u00e3e \u00e9 uma experi\u00eancia sublime que transcende os la\u00e7os de sangue. Para uma m\u00e3e adotiva, essa experi\u00eancia \u00e9 ainda mais especial.\" \/>\n<meta property=\"og:url\" content=\"http:\/\/universofamilia.com\/da\/o-que-e-ser-mae-adotiva\/\" \/>\n<meta property=\"og:site_name\" content=\"Universo Fam\u00edlia\" \/>\n<meta property=\"article:published_time\" content=\"2023-05-27T16:15:00+00:00\" \/>\n<meta property=\"og:image\" content=\"http:\/\/universofamilia.com\/wp-content\/uploads\/sites\/148\/2023\/05\/FOTO-DESTAQUE-mae-adotiva-universo-familia-448x350-1-1.png\" \/>\n\t<meta property=\"og:image:width\" content=\"448\" \/>\n\t<meta property=\"og:image:height\" content=\"350\" \/>\n\t<meta property=\"og:image:type\" content=\"image\/png\" \/>\n<meta name=\"twitter:card\" content=\"summary_large_image\" \/>\n<meta name=\"twitter:label1\" content=\"Est. reading time\" \/>\n\t<meta name=\"twitter:data1\" content=\"5 minutter\" \/>\n<script type=\"application\/ld+json\" class=\"yoast-schema-graph\">{\"@context\":\"https:\/\/schema.org\",\"@graph\":[{\"@type\":\"WebPage\",\"@id\":\"http:\/\/universofamilia.com\/el\/o-que-e-ser-mae-adotiva\/\",\"url\":\"http:\/\/universofamilia.com\/el\/o-que-e-ser-mae-adotiva\/\",\"name\":\"O Que \u00c9 Ser M\u00e3e Adotiva - Universo Fam\u00edlia\",\"isPartOf\":{\"@id\":\"https:\/\/universofamilia.com\/el\/#website\"},\"primaryImageOfPage\":{\"@id\":\"http:\/\/universofamilia.com\/el\/o-que-e-ser-mae-adotiva\/#primaryimage\"},\"image\":{\"@id\":\"http:\/\/universofamilia.com\/el\/o-que-e-ser-mae-adotiva\/#primaryimage\"},\"thumbnailUrl\":\"http:\/\/universofamilia.com\/wp-content\/uploads\/sites\/148\/2023\/05\/FOTO-DESTAQUE-mae-adotiva-universo-familia-448x350-1-1.png\",\"datePublished\":\"2023-05-27T16:15:00+00:00\",\"dateModified\":\"2023-05-27T16:15:00+00:00\",\"author\":{\"@id\":\"\"},\"description\":\"Ser m\u00e3e \u00e9 uma experi\u00eancia sublime que transcende os la\u00e7os de sangue. Para uma m\u00e3e adotiva, essa experi\u00eancia \u00e9 ainda mais especial.\",\"breadcrumb\":{\"@id\":\"http:\/\/universofamilia.com\/el\/o-que-e-ser-mae-adotiva\/#breadcrumb\"},\"inLanguage\":\"da-DK\",\"potentialAction\":[{\"@type\":\"ReadAction\",\"target\":[\"http:\/\/universofamilia.com\/el\/o-que-e-ser-mae-adotiva\/\"]}]},{\"@type\":\"ImageObject\",\"inLanguage\":\"da-DK\",\"@id\":\"http:\/\/universofamilia.com\/el\/o-que-e-ser-mae-adotiva\/#primaryimage\",\"url\":\"http:\/\/universofamilia.com\/wp-content\/uploads\/sites\/148\/2023\/05\/FOTO-DESTAQUE-mae-adotiva-universo-familia-448x350-1-1.png\",\"contentUrl\":\"http:\/\/universofamilia.com\/wp-content\/uploads\/sites\/148\/2023\/05\/FOTO-DESTAQUE-mae-adotiva-universo-familia-448x350-1-1.png\",\"width\":448,\"height\":350},{\"@type\":\"BreadcrumbList\",\"@id\":\"http:\/\/universofamilia.com\/el\/o-que-e-ser-mae-adotiva\/#breadcrumb\",\"itemListElement\":[{\"@type\":\"ListItem\",\"position\":1,\"name\":\"Home\",\"item\":\"https:\/\/universofamilia.com\/el\/\"},{\"@type\":\"ListItem\",\"position\":2,\"name\":\"O Que \u00c9 Ser M\u00e3e Adotiva\"}]},{\"@type\":\"WebSite\",\"@id\":\"https:\/\/universofamilia.com\/el\/#website\",\"url\":\"https:\/\/universofamilia.com\/el\/\",\"name\":\"Universo Fam\u00edlia\",\"description\":\"\",\"potentialAction\":[{\"@type\":\"SearchAction\",\"target\":{\"@type\":\"EntryPoint\",\"urlTemplate\":\"https:\/\/universofamilia.com\/el\/?s={search_term_string}\"},\"query-input\":\"required name=search_term_string\"}],\"inLanguage\":\"da-DK\"}]}<\/script>\n<!-- \/ Yoast SEO plugin. -->","yoast_head_json":{"title":"O Que \u00c9 Ser M\u00e3e Adotiva - Universo Fam\u00edlia","description":"Ser m\u00e3e \u00e9 uma experi\u00eancia sublime que transcende os la\u00e7os de sangue. Para uma m\u00e3e adotiva, essa experi\u00eancia \u00e9 ainda mais especial.","robots":{"index":"index","follow":"follow","max-snippet":"max-snippet:-1","max-image-preview":"max-image-preview:large","max-video-preview":"max-video-preview:-1"},"canonical":"http:\/\/universofamilia.com\/da\/o-que-e-ser-mae-adotiva\/","og_locale":"da_DK","og_type":"article","og_title":"O Que \u00c9 Ser M\u00e3e Adotiva - Universo Fam\u00edlia","og_description":"Ser m\u00e3e \u00e9 uma experi\u00eancia sublime que transcende os la\u00e7os de sangue. Para uma m\u00e3e adotiva, essa experi\u00eancia \u00e9 ainda mais especial.","og_url":"http:\/\/universofamilia.com\/da\/o-que-e-ser-mae-adotiva\/","og_site_name":"Universo Fam\u00edlia","article_published_time":"2023-05-27T16:15:00+00:00","og_image":[{"width":448,"height":350,"url":"http:\/\/universofamilia.com\/wp-content\/uploads\/sites\/148\/2023\/05\/FOTO-DESTAQUE-mae-adotiva-universo-familia-448x350-1-1.png","type":"image\/png"}],"twitter_card":"summary_large_image","twitter_misc":{"Est. reading time":"5 minutter"},"schema":{"@context":"https:\/\/schema.org","@graph":[{"@type":"WebPage","@id":"http:\/\/universofamilia.com\/el\/o-que-e-ser-mae-adotiva\/","url":"http:\/\/universofamilia.com\/el\/o-que-e-ser-mae-adotiva\/","name":"O Que \u00c9 Ser M\u00e3e Adotiva - Universo Fam\u00edlia","isPartOf":{"@id":"https:\/\/universofamilia.com\/el\/#website"},"primaryImageOfPage":{"@id":"http:\/\/universofamilia.com\/el\/o-que-e-ser-mae-adotiva\/#primaryimage"},"image":{"@id":"http:\/\/universofamilia.com\/el\/o-que-e-ser-mae-adotiva\/#primaryimage"},"thumbnailUrl":"http:\/\/universofamilia.com\/wp-content\/uploads\/sites\/148\/2023\/05\/FOTO-DESTAQUE-mae-adotiva-universo-familia-448x350-1-1.png","datePublished":"2023-05-27T16:15:00+00:00","dateModified":"2023-05-27T16:15:00+00:00","author":{"@id":""},"description":"Ser m\u00e3e \u00e9 uma experi\u00eancia sublime que transcende os la\u00e7os de sangue. Para uma m\u00e3e adotiva, essa experi\u00eancia \u00e9 ainda mais especial.","breadcrumb":{"@id":"http:\/\/universofamilia.com\/el\/o-que-e-ser-mae-adotiva\/#breadcrumb"},"inLanguage":"da-DK","potentialAction":[{"@type":"ReadAction","target":["http:\/\/universofamilia.com\/el\/o-que-e-ser-mae-adotiva\/"]}]},{"@type":"ImageObject","inLanguage":"da-DK","@id":"http:\/\/universofamilia.com\/el\/o-que-e-ser-mae-adotiva\/#primaryimage","url":"http:\/\/universofamilia.com\/wp-content\/uploads\/sites\/148\/2023\/05\/FOTO-DESTAQUE-mae-adotiva-universo-familia-448x350-1-1.png","contentUrl":"http:\/\/universofamilia.com\/wp-content\/uploads\/sites\/148\/2023\/05\/FOTO-DESTAQUE-mae-adotiva-universo-familia-448x350-1-1.png","width":448,"height":350},{"@type":"BreadcrumbList","@id":"http:\/\/universofamilia.com\/el\/o-que-e-ser-mae-adotiva\/#breadcrumb","itemListElement":[{"@type":"ListItem","position":1,"name":"Home","item":"https:\/\/universofamilia.com\/el\/"},{"@type":"ListItem","position":2,"name":"O Que \u00c9 Ser M\u00e3e Adotiva"}]},{"@type":"WebSite","@id":"https:\/\/universofamilia.com\/el\/#website","url":"https:\/\/universofamilia.com\/el\/","name":"Universo Fam\u00edlia","description":"","potentialAction":[{"@type":"SearchAction","target":{"@type":"EntryPoint","urlTemplate":"https:\/\/universofamilia.com\/el\/?s={search_term_string}"},"query-input":"required name=search_term_string"}],"inLanguage":"da-DK"}]}},"_links":{"self":[{"href":"http:\/\/universofamilia.com\/da\/wp-json\/wp\/v2\/posts\/1977"}],"collection":[{"href":"http:\/\/universofamilia.com\/da\/wp-json\/wp\/v2\/posts"}],"about":[{"href":"http:\/\/universofamilia.com\/da\/wp-json\/wp\/v2\/types\/post"}],"replies":[{"embeddable":true,"href":"http:\/\/universofamilia.com\/da\/wp-json\/wp\/v2\/comments?post=1977"}],"version-history":[{"count":0,"href":"http:\/\/universofamilia.com\/da\/wp-json\/wp\/v2\/posts\/1977\/revisions"}],"wp:featuredmedia":[{"embeddable":true,"href":"http:\/\/universofamilia.com\/da\/wp-json\/wp\/v2\/media\/1982"}],"wp:attachment":[{"href":"http:\/\/universofamilia.com\/da\/wp-json\/wp\/v2\/media?parent=1977"}],"wp:term":[{"taxonomy":"category","embeddable":true,"href":"http:\/\/universofamilia.com\/da\/wp-json\/wp\/v2\/categories?post=1977"},{"taxonomy":"post_tag","embeddable":true,"href":"http:\/\/universofamilia.com\/da\/wp-json\/wp\/v2\/tags?post=1977"}],"curies":[{"name":"wp","href":"https:\/\/api.w.org\/{rel}","templated":true}]}}