{"id":4948,"date":"2024-01-21T13:11:51","date_gmt":"2024-01-21T13:11:51","guid":{"rendered":"https:\/\/universofamilia.com\/?p=4948"},"modified":"2025-10-05T01:00:17","modified_gmt":"2025-10-05T04:00:17","slug":"grabar-llamadas-para-la-proteccion-contra-amenazas-ciberneticas","status":"publish","type":"post","link":"http:\/\/universofamilia.com\/da\/grabar-llamadas-para-la-proteccion-contra-amenazas-ciberneticas\/","title":{"rendered":"Optag opkald for beskyttelse mod cybertrusler"},"content":{"rendered":"<p>I en stadig mere digital verden er mobiltelefonsikkerhed en voksende bekymring for bevidste brugere.<\/p>\n\n\n\n<p>Et af de ofte oversete, men afg\u00f8rende aspekter af personlig beskyttelse er muligheden for at optage opkald.<\/p>\n\n\n\n<p>I denne artikel vil vi unders\u00f8ge vigtigheden af denne praksis for enhedssikkerhed og i sidste ende beskyttelse mod virus og cybertrusler.<\/p>\n\n\n\n<h2 class=\"wp-block-heading\"><strong>Hvorfor optage opkald?<\/strong><\/h2>\n\n\n\n<p>Optagelse af opkald kan v\u00e6re et vigtigt v\u00e6rkt\u00f8j til at beskytte mod onlinetrusler og bevare vigtige oplysninger.<\/p>\n\n\n\n<p>I et klima hvor telefonsvindel og digital svindel er stigende, kan en lydoptagelse af dine samtaler betyde forskellen p\u00e5 at blive offer og at forblive beskyttet.<\/p>\n\n\n\n<h2 class=\"wp-block-heading\">Se ogs\u00e5<\/h2>\n\n\n\n<ul>\n<li><a href=\"https:\/\/universofamilia.com\/da\/4419\/aplicaciones-para-editar-y-crear-reels\/\">Apps til redigering og oprettelse af reels<\/a><\/li>\n\n\n\n<li><a href=\"https:\/\/universofamilia.com\/da\/4338\/las-mejores-aplicaciones-para-ver-peliculas-y-series\/\">De bedste apps til at se film og serier<\/a><\/li>\n\n\n\n<li><a href=\"https:\/\/universofamilia.com\/da\/4399\/aplicaciones-para-la-identificacion-de-plantas\/\">Ans\u00f8gninger om planteidentifikation<\/a><\/li>\n\n\n\n<li><a href=\"https:\/\/universofamilia.com\/da\/4353\/aplicaciones-para-descubrir-con-que-celebridad-te-pareces\/\">Apps til at finde ud af, hvilken ber\u00f8mthed du ligner<\/a><\/li>\n\n\n\n<li><a href=\"https:\/\/universofamilia.com\/da\/4369\/las-aplicaciones-de-musica-en-el-estado-de-whatsapp\/\">Musikapps i WhatsApp-status<\/a><\/li>\n<\/ul>\n\n\n\n<p>Derudover kan optagelser af opkald v\u00e6re afg\u00f8rende bevismateriale i juridiske situationer.<\/p>\n\n\n\n<p>I retssager kan det v\u00e6re afg\u00f8rende at have en autentisk registrering af interaktioner for at l\u00f8se tvister og fastsl\u00e5 sandheden af de faktiske omst\u00e6ndigheder.<\/p>\n\n\n\n<p>Det er en m\u00e5de at styrke brugerne ved at give dem mulighed for at dokumentere vigtige samtaler og beskytte deres interesser.<\/p>\n\n\n\n<h2 class=\"wp-block-heading\"><strong>Apps til optagelse af opkald<\/strong><\/h2>\n\n\n\n<p>To apps skiller sig ud inden for opkaldsoptagelse: ACR Call Recorder og Cube Call Recorder.<\/p>\n\n\n\n<p>Begge tilbyder avancerede funktioner og er yderst p\u00e5lidelige til at bevare opkald.<\/p>\n\n\n\n<h2 class=\"wp-block-heading\"><strong>ACR-opkaldsoptager<\/strong><\/h2>\n\n\n\n<p>ACR Call Recorder er et popul\u00e6rt valg blandt brugere, der leder efter en p\u00e5lidelig og brugervenlig l\u00f8sning.<\/p>\n\n\n\n<p>Med en intuitiv brugerflade giver applikationen dig mulighed for automatisk at optage indg\u00e5ende og udg\u00e5ende opkald.<\/p>\n\n\n\n<p>Derudover tilbyder den effektive organisatoriske funktioner, der g\u00f8r det nemt hurtigt at finde specifikke opkald, n\u00e5r det er n\u00f8dvendigt.<\/p>\n\n\n\n<h2 class=\"wp-block-heading\"><strong>Cube Opkaldsoptager<\/strong><\/h2>\n\n\n\n<p>Cube Call Recorder er en anden solid mulighed, med mulighed for at optage opkald fra en r\u00e6kke forskellige platforme.<\/p>\n\n\n\n<p>Inklusive WhatsApp og Skype. Dens cloud-optagelsesfunktionalitet giver et ekstra lag af sikkerhed, der sikrer, at optagelser altid er tilg\u00e6ngelige, uanset enhed.<\/p>\n\n\n<div class=\"wp-block-image\">\n<figure class=\"aligncenter size-full\"><img loading=\"lazy\" decoding=\"async\" width=\"550\" height=\"350\" src=\"http:\/\/universofamilia.com\/wp-content\/uploads\/sites\/148\/2024\/01\/P-550x350-7.jpg\" alt=\"\" class=\"wp-image-4949\" srcset=\"http:\/\/universofamilia.com\/wp-content\/uploads\/sites\/148\/2024\/01\/P-550x350-7.jpg 550w, http:\/\/universofamilia.com\/wp-content\/uploads\/sites\/148\/2024\/01\/P-550x350-7-300x191.jpg 300w\" sizes=\"(max-width: 550px) 100vw, 550px\" \/><figcaption class=\"wp-element-caption\">Optag opkald for beskyttelse mod cybertrusler<\/figcaption><\/figure><\/div>\n\n\n<h2 class=\"wp-block-heading\"><strong>Sikring af din sikkerhed med opkaldsoptagelse<\/strong><\/h2>\n\n\n\n<p>Kort sagt er optagelse af opkald et v\u00e6rdifuldt v\u00e6rkt\u00f8j til at beskytte mod cybertrusler og bevare vigtige oplysninger.<\/p>\n\n\n\n<p>Ved at v\u00e6lge p\u00e5lidelige apps som ACR Call Recorder og Cube Call Recorder kan brugerne styrke deres digitale sikkerhed.<\/p>\n\n\n\n<p>Det er en l\u00f8bende indsats at beskytte sig selv mod virus og onlinetrusler, og optagelse af opkald er en vigtig brik i dette puslespil.<\/p>\n\n\n\n<p>Ved at anvende proaktive praksisser kan brugerne styrke deres cyberforsvar og sikre, at deres kommunikation forbliver sikker.<\/p>\n\n\n\n<ul>\n<li><strong>Til Android<\/strong>: <a href=\"https:\/\/play.google.com\/store\/apps\/details?id=com.catalinagroup.callrecorder&amp;hl=pt_BR&amp;gl=US\">Cube-opkaldspost<\/a><\/li>\n\n\n\n<li><strong>Til iOS<\/strong>:  <a href=\"https:\/\/apps.apple.com\/us\/app\/acr-call-recorder-for-iphone\/id1362975885\">ACR-opkaldsoptager<\/a> | <a href=\"https:\/\/play.google.com\/store\/apps\/details?id=com.catalinagroup.callrecorder&amp;hl=pt_BR&amp;gl=US\">C<\/a><a href=\"https:\/\/apps.apple.com\/us\/app\/call-recorder-cube-acr\/id1613607637\">Ube Opkaldsoptager<\/a> <\/li>\n<\/ul>\n\n\n\n<p><em>Bem\u00e6rk: S\u00f8rg for kun at downloade apps fra p\u00e5lidelige kilder, s\u00e5som App Store for iOS-brugere og Google Play Store for Android-brugere, for at undg\u00e5 potentielle sikkerhedstrusler.<\/em><\/p>","protected":false},"excerpt":{"rendered":"<p>I en stadig mere digitaliseret verden er mobiltelefonsikkerhed en voksende bekymring for samvittighedsfulde brugere. Et af de ofte oversete, men afg\u00f8rende aspekter af personlig beskyttelse er muligheden for at optage opkald. I denne artikel vil vi unders\u00f8ge vigtigheden af denne praksis for enhedssikkerhed og, [\u2026]<\/p>","protected":false},"author":219,"featured_media":4949,"comment_status":"closed","ping_status":"open","sticky":false,"template":"","format":"standard","meta":{"footnotes":""},"categories":[2],"tags":[127,902,904],"yoast_head":"<!-- This site is optimized with the Yoast SEO plugin v23.3 - https:\/\/yoast.com\/wordpress\/plugins\/seo\/ -->\n<title>Grabar Llamadas para la Protecci\u00f3n contra Amenazas Cibern\u00e9ticas - Universo Fam\u00edlia<\/title>\n<meta name=\"description\" content=\"Grabar Llamadas para la Protecci\u00f3n contra Amenazas Cibern\u00e9ticas. En un mundo cada vez m\u00e1s digitalizado, la seguridad del celular...\" \/>\n<meta name=\"robots\" content=\"index, follow, max-snippet:-1, max-image-preview:large, max-video-preview:-1\" \/>\n<link rel=\"canonical\" href=\"http:\/\/universofamilia.com\/da\/grabar-llamadas-para-la-proteccion-contra-amenazas-ciberneticas\/\" \/>\n<meta property=\"og:locale\" content=\"da_DK\" \/>\n<meta property=\"og:type\" content=\"article\" \/>\n<meta property=\"og:title\" content=\"Grabar Llamadas para la Protecci\u00f3n contra Amenazas Cibern\u00e9ticas - Universo Fam\u00edlia\" \/>\n<meta property=\"og:description\" content=\"Grabar Llamadas para la Protecci\u00f3n contra Amenazas Cibern\u00e9ticas. En un mundo cada vez m\u00e1s digitalizado, la seguridad del celular...\" \/>\n<meta property=\"og:url\" content=\"http:\/\/universofamilia.com\/da\/grabar-llamadas-para-la-proteccion-contra-amenazas-ciberneticas\/\" \/>\n<meta property=\"og:site_name\" content=\"Universo Fam\u00edlia\" \/>\n<meta property=\"article:published_time\" content=\"2024-01-21T13:11:51+00:00\" \/>\n<meta property=\"article:modified_time\" content=\"2025-10-05T04:00:17+00:00\" \/>\n<meta property=\"og:image\" content=\"http:\/\/universofamilia.com\/wp-content\/uploads\/sites\/148\/2024\/01\/P-550x350-7.jpg\" \/>\n\t<meta property=\"og:image:width\" content=\"550\" \/>\n\t<meta property=\"og:image:height\" content=\"350\" \/>\n\t<meta property=\"og:image:type\" content=\"image\/jpeg\" \/>\n<meta name=\"author\" content=\"Matheus Sangaletti\" \/>\n<meta name=\"twitter:card\" content=\"summary_large_image\" \/>\n<meta name=\"twitter:label1\" content=\"Written by\" \/>\n\t<meta name=\"twitter:data1\" content=\"Matheus Sangaletti\" \/>\n\t<meta name=\"twitter:label2\" content=\"Est. reading time\" \/>\n\t<meta name=\"twitter:data2\" content=\"4 minutter\" \/>\n<script type=\"application\/ld+json\" class=\"yoast-schema-graph\">{\"@context\":\"https:\/\/schema.org\",\"@graph\":[{\"@type\":\"WebPage\",\"@id\":\"http:\/\/universofamilia.com\/ja\/grabar-llamadas-para-la-proteccion-contra-amenazas-ciberneticas\/\",\"url\":\"http:\/\/universofamilia.com\/ja\/grabar-llamadas-para-la-proteccion-contra-amenazas-ciberneticas\/\",\"name\":\"Grabar Llamadas para la Protecci\u00f3n contra Amenazas Cibern\u00e9ticas - Universo Fam\u00edlia\",\"isPartOf\":{\"@id\":\"https:\/\/universofamilia.com\/el\/#website\"},\"primaryImageOfPage\":{\"@id\":\"http:\/\/universofamilia.com\/ja\/grabar-llamadas-para-la-proteccion-contra-amenazas-ciberneticas\/#primaryimage\"},\"image\":{\"@id\":\"http:\/\/universofamilia.com\/ja\/grabar-llamadas-para-la-proteccion-contra-amenazas-ciberneticas\/#primaryimage\"},\"thumbnailUrl\":\"http:\/\/universofamilia.com\/wp-content\/uploads\/sites\/148\/2024\/01\/P-550x350-7.jpg\",\"datePublished\":\"2024-01-21T13:11:51+00:00\",\"dateModified\":\"2025-10-05T04:00:17+00:00\",\"author\":{\"@id\":\"https:\/\/universofamilia.com\/el\/#\/schema\/person\/92fcd07e9b1f4323bf74f3170fc0f78a\"},\"description\":\"Grabar Llamadas para la Protecci\u00f3n contra Amenazas Cibern\u00e9ticas. En un mundo cada vez m\u00e1s digitalizado, la seguridad del celular...\",\"breadcrumb\":{\"@id\":\"http:\/\/universofamilia.com\/ja\/grabar-llamadas-para-la-proteccion-contra-amenazas-ciberneticas\/#breadcrumb\"},\"inLanguage\":\"da-DK\",\"potentialAction\":[{\"@type\":\"ReadAction\",\"target\":[\"http:\/\/universofamilia.com\/ja\/grabar-llamadas-para-la-proteccion-contra-amenazas-ciberneticas\/\"]}]},{\"@type\":\"ImageObject\",\"inLanguage\":\"da-DK\",\"@id\":\"http:\/\/universofamilia.com\/ja\/grabar-llamadas-para-la-proteccion-contra-amenazas-ciberneticas\/#primaryimage\",\"url\":\"http:\/\/universofamilia.com\/wp-content\/uploads\/sites\/148\/2024\/01\/P-550x350-7.jpg\",\"contentUrl\":\"http:\/\/universofamilia.com\/wp-content\/uploads\/sites\/148\/2024\/01\/P-550x350-7.jpg\",\"width\":550,\"height\":350,\"caption\":\"Grabar Llamadas para la Protecci\u00f3n contra Amenazas Cibern\u00e9ticas\"},{\"@type\":\"BreadcrumbList\",\"@id\":\"http:\/\/universofamilia.com\/ja\/grabar-llamadas-para-la-proteccion-contra-amenazas-ciberneticas\/#breadcrumb\",\"itemListElement\":[{\"@type\":\"ListItem\",\"position\":1,\"name\":\"Home\",\"item\":\"https:\/\/universofamilia.com\/el\/\"},{\"@type\":\"ListItem\",\"position\":2,\"name\":\"Grabar Llamadas para la Protecci\u00f3n contra Amenazas Cibern\u00e9ticas\"}]},{\"@type\":\"WebSite\",\"@id\":\"https:\/\/universofamilia.com\/el\/#website\",\"url\":\"https:\/\/universofamilia.com\/el\/\",\"name\":\"Universo Fam\u00edlia\",\"description\":\"\",\"potentialAction\":[{\"@type\":\"SearchAction\",\"target\":{\"@type\":\"EntryPoint\",\"urlTemplate\":\"https:\/\/universofamilia.com\/el\/?s={search_term_string}\"},\"query-input\":\"required name=search_term_string\"}],\"inLanguage\":\"da-DK\"},{\"@type\":\"Person\",\"@id\":\"https:\/\/universofamilia.com\/el\/#\/schema\/person\/92fcd07e9b1f4323bf74f3170fc0f78a\",\"name\":\"Matheus Sangaletti\",\"image\":{\"@type\":\"ImageObject\",\"inLanguage\":\"da-DK\",\"@id\":\"https:\/\/universofamilia.com\/el\/#\/schema\/person\/image\/\",\"url\":\"http:\/\/2.gravatar.com\/avatar\/280ea957a14a48e6a1ad2133d2cc27c9?s=96&d=mm&r=g\",\"contentUrl\":\"http:\/\/2.gravatar.com\/avatar\/280ea957a14a48e6a1ad2133d2cc27c9?s=96&d=mm&r=g\",\"caption\":\"Matheus Sangaletti\"},\"url\":\"http:\/\/universofamilia.com\/da\/author\/matheuss\/\"}]}<\/script>\n<!-- \/ Yoast SEO plugin. -->","yoast_head_json":{"title":"Grabar Llamadas para la Protecci\u00f3n contra Amenazas Cibern\u00e9ticas - Universo Fam\u00edlia","description":"Grabar Llamadas para la Protecci\u00f3n contra Amenazas Cibern\u00e9ticas. En un mundo cada vez m\u00e1s digitalizado, la seguridad del celular...","robots":{"index":"index","follow":"follow","max-snippet":"max-snippet:-1","max-image-preview":"max-image-preview:large","max-video-preview":"max-video-preview:-1"},"canonical":"http:\/\/universofamilia.com\/da\/grabar-llamadas-para-la-proteccion-contra-amenazas-ciberneticas\/","og_locale":"da_DK","og_type":"article","og_title":"Grabar Llamadas para la Protecci\u00f3n contra Amenazas Cibern\u00e9ticas - Universo Fam\u00edlia","og_description":"Grabar Llamadas para la Protecci\u00f3n contra Amenazas Cibern\u00e9ticas. En un mundo cada vez m\u00e1s digitalizado, la seguridad del celular...","og_url":"http:\/\/universofamilia.com\/da\/grabar-llamadas-para-la-proteccion-contra-amenazas-ciberneticas\/","og_site_name":"Universo Fam\u00edlia","article_published_time":"2024-01-21T13:11:51+00:00","article_modified_time":"2025-10-05T04:00:17+00:00","og_image":[{"width":550,"height":350,"url":"http:\/\/universofamilia.com\/wp-content\/uploads\/sites\/148\/2024\/01\/P-550x350-7.jpg","type":"image\/jpeg"}],"author":"Matheus Sangaletti","twitter_card":"summary_large_image","twitter_misc":{"Written by":"Matheus Sangaletti","Est. reading time":"4 minutter"},"schema":{"@context":"https:\/\/schema.org","@graph":[{"@type":"WebPage","@id":"http:\/\/universofamilia.com\/ja\/grabar-llamadas-para-la-proteccion-contra-amenazas-ciberneticas\/","url":"http:\/\/universofamilia.com\/ja\/grabar-llamadas-para-la-proteccion-contra-amenazas-ciberneticas\/","name":"Grabar Llamadas para la Protecci\u00f3n contra Amenazas Cibern\u00e9ticas - Universo Fam\u00edlia","isPartOf":{"@id":"https:\/\/universofamilia.com\/el\/#website"},"primaryImageOfPage":{"@id":"http:\/\/universofamilia.com\/ja\/grabar-llamadas-para-la-proteccion-contra-amenazas-ciberneticas\/#primaryimage"},"image":{"@id":"http:\/\/universofamilia.com\/ja\/grabar-llamadas-para-la-proteccion-contra-amenazas-ciberneticas\/#primaryimage"},"thumbnailUrl":"http:\/\/universofamilia.com\/wp-content\/uploads\/sites\/148\/2024\/01\/P-550x350-7.jpg","datePublished":"2024-01-21T13:11:51+00:00","dateModified":"2025-10-05T04:00:17+00:00","author":{"@id":"https:\/\/universofamilia.com\/el\/#\/schema\/person\/92fcd07e9b1f4323bf74f3170fc0f78a"},"description":"Grabar Llamadas para la Protecci\u00f3n contra Amenazas Cibern\u00e9ticas. En un mundo cada vez m\u00e1s digitalizado, la seguridad del celular...","breadcrumb":{"@id":"http:\/\/universofamilia.com\/ja\/grabar-llamadas-para-la-proteccion-contra-amenazas-ciberneticas\/#breadcrumb"},"inLanguage":"da-DK","potentialAction":[{"@type":"ReadAction","target":["http:\/\/universofamilia.com\/ja\/grabar-llamadas-para-la-proteccion-contra-amenazas-ciberneticas\/"]}]},{"@type":"ImageObject","inLanguage":"da-DK","@id":"http:\/\/universofamilia.com\/ja\/grabar-llamadas-para-la-proteccion-contra-amenazas-ciberneticas\/#primaryimage","url":"http:\/\/universofamilia.com\/wp-content\/uploads\/sites\/148\/2024\/01\/P-550x350-7.jpg","contentUrl":"http:\/\/universofamilia.com\/wp-content\/uploads\/sites\/148\/2024\/01\/P-550x350-7.jpg","width":550,"height":350,"caption":"Grabar Llamadas para la Protecci\u00f3n contra Amenazas Cibern\u00e9ticas"},{"@type":"BreadcrumbList","@id":"http:\/\/universofamilia.com\/ja\/grabar-llamadas-para-la-proteccion-contra-amenazas-ciberneticas\/#breadcrumb","itemListElement":[{"@type":"ListItem","position":1,"name":"Home","item":"https:\/\/universofamilia.com\/el\/"},{"@type":"ListItem","position":2,"name":"Grabar Llamadas para la Protecci\u00f3n contra Amenazas Cibern\u00e9ticas"}]},{"@type":"WebSite","@id":"https:\/\/universofamilia.com\/el\/#website","url":"https:\/\/universofamilia.com\/el\/","name":"Universo Fam\u00edlia","description":"","potentialAction":[{"@type":"SearchAction","target":{"@type":"EntryPoint","urlTemplate":"https:\/\/universofamilia.com\/el\/?s={search_term_string}"},"query-input":"required name=search_term_string"}],"inLanguage":"da-DK"},{"@type":"Person","@id":"https:\/\/universofamilia.com\/el\/#\/schema\/person\/92fcd07e9b1f4323bf74f3170fc0f78a","name":"Matheus Sangaletti","image":{"@type":"ImageObject","inLanguage":"da-DK","@id":"https:\/\/universofamilia.com\/el\/#\/schema\/person\/image\/","url":"http:\/\/2.gravatar.com\/avatar\/280ea957a14a48e6a1ad2133d2cc27c9?s=96&d=mm&r=g","contentUrl":"http:\/\/2.gravatar.com\/avatar\/280ea957a14a48e6a1ad2133d2cc27c9?s=96&d=mm&r=g","caption":"Matheus Sangaletti"},"url":"http:\/\/universofamilia.com\/da\/author\/matheuss\/"}]}},"_links":{"self":[{"href":"http:\/\/universofamilia.com\/da\/wp-json\/wp\/v2\/posts\/4948"}],"collection":[{"href":"http:\/\/universofamilia.com\/da\/wp-json\/wp\/v2\/posts"}],"about":[{"href":"http:\/\/universofamilia.com\/da\/wp-json\/wp\/v2\/types\/post"}],"author":[{"embeddable":true,"href":"http:\/\/universofamilia.com\/da\/wp-json\/wp\/v2\/users\/219"}],"replies":[{"embeddable":true,"href":"http:\/\/universofamilia.com\/da\/wp-json\/wp\/v2\/comments?post=4948"}],"version-history":[{"count":1,"href":"http:\/\/universofamilia.com\/da\/wp-json\/wp\/v2\/posts\/4948\/revisions"}],"predecessor-version":[{"id":9837,"href":"http:\/\/universofamilia.com\/da\/wp-json\/wp\/v2\/posts\/4948\/revisions\/9837"}],"wp:featuredmedia":[{"embeddable":true,"href":"http:\/\/universofamilia.com\/da\/wp-json\/wp\/v2\/media\/4949"}],"wp:attachment":[{"href":"http:\/\/universofamilia.com\/da\/wp-json\/wp\/v2\/media?parent=4948"}],"wp:term":[{"taxonomy":"category","embeddable":true,"href":"http:\/\/universofamilia.com\/da\/wp-json\/wp\/v2\/categories?post=4948"},{"taxonomy":"post_tag","embeddable":true,"href":"http:\/\/universofamilia.com\/da\/wp-json\/wp\/v2\/tags?post=4948"}],"curies":[{"name":"wp","href":"https:\/\/api.w.org\/{rel}","templated":true}]}}