{"id":8905,"date":"2025-03-05T20:35:12","date_gmt":"2025-03-05T20:35:12","guid":{"rendered":"https:\/\/universofamilia.com\/?p=8905"},"modified":"2025-03-05T20:36:20","modified_gmt":"2025-03-05T20:36:20","slug":"asistencia-de-transicion","status":"publish","type":"post","link":"http:\/\/universofamilia.com\/da\/asistencia-de-transicion\/","title":{"rendered":"Overgangshj\u00e6lp: St\u00f8tteprogrammer for veteraner i det civile liv"},"content":{"rendered":"<p>Overgangen fra milit\u00e6rt til civilt liv kan v\u00e6re udfordrende for mange veteraner.<\/p>\n\n\n<div class=\"wp-block-image\">\n<figure class=\"aligncenter size-full\"><img loading=\"lazy\" decoding=\"async\" width=\"550\" height=\"350\" src=\"https:\/\/universofamilia.com\/wp-content\/uploads\/sites\/148\/2025\/03\/DESTAQUE-UNIVERSO-550-x-350-1.jpg\" alt=\"\" class=\"wp-image-8906\" srcset=\"http:\/\/universofamilia.com\/wp-content\/uploads\/sites\/148\/2025\/03\/DESTAQUE-UNIVERSO-550-x-350-1.jpg 550w, http:\/\/universofamilia.com\/wp-content\/uploads\/sites\/148\/2025\/03\/DESTAQUE-UNIVERSO-550-x-350-1-300x191.jpg 300w, http:\/\/universofamilia.com\/wp-content\/uploads\/sites\/148\/2025\/03\/DESTAQUE-UNIVERSO-550-x-350-1-18x12.jpg 18w\" sizes=\"(max-width: 550px) 100vw, 550px\" \/><figcaption class=\"wp-element-caption\">Overgangshj\u00e6lp<\/figcaption><\/figure><\/div>\n\n\n<p>Heldigvis findes der adskillige st\u00f8tteprogrammer, der hj\u00e6lper med denne proces og tilbyder alt fra f\u00f8lelsesm\u00e6ssig st\u00f8tte til tr\u00e6ning med henblik p\u00e5 reintegration p\u00e5 arbejdsmarkedet.<\/p>\n\n\n\n<p>I denne artikel unders\u00f8ger vi de vigtigste ressourcer, der er tilg\u00e6ngelige for veteraner, og hvordan man f\u00e5r adgang til dem.<\/p>\n\n\n\n<h2 class=\"wp-block-heading\">Hvad er overgangsst\u00f8tteprogrammer, og hvorfor er de vigtige?<\/h2>\n\n\n\n<p>Overgangsst\u00f8tteprogrammer blev oprettet for at hj\u00e6lpe veteraner med at tilpasse sig det civile liv efter at have forladt milit\u00e6rtjenesten.<\/p>\n\n\n\n<p>De yder \u00f8konomisk, f\u00f8lelsesm\u00e6ssig og professionel st\u00f8tte for at sikre, at veteraner har adgang til et stabilt og succesfuldt liv uden for milit\u00e6ret.<\/p>\n\n\n\n<p>Vigtigheden af disse programmer er enorm, da mange veteraner k\u00e6mper med at finde besk\u00e6ftigelse, lider af posttraumatisk stresslidelse (PTSD) eller har fysiske helbredsproblemer.<\/p>\n\n\n\n<p>Derudover kan social tilpasning v\u00e6re kompliceret, da strukturen og rutinen i det civile liv er meget forskellig fra oplevelserne ved milit\u00e6rtjeneste.<\/p>\n\n\n\n<p>Med den rette st\u00f8tte kan veteraner overvinde disse barrierer og bygge en ny vej til succes, hvilket ikke blot sikrer \u00f8konomisk stabilitet, men ogs\u00e5 livskvalitet og f\u00f8lelsesm\u00e6ssigt velv\u00e6re.<\/p>\n\n\n<div class=\"wp-block-image\">\n<figure class=\"aligncenter size-full\"><img loading=\"lazy\" decoding=\"async\" width=\"550\" height=\"350\" src=\"https:\/\/universofamilia.com\/wp-content\/uploads\/sites\/148\/2025\/03\/DESTAQUE-UNIVERSO-550-x-350-2.jpg\" alt=\"\" class=\"wp-image-8907\" srcset=\"http:\/\/universofamilia.com\/wp-content\/uploads\/sites\/148\/2025\/03\/DESTAQUE-UNIVERSO-550-x-350-2.jpg 550w, http:\/\/universofamilia.com\/wp-content\/uploads\/sites\/148\/2025\/03\/DESTAQUE-UNIVERSO-550-x-350-2-300x191.jpg 300w, http:\/\/universofamilia.com\/wp-content\/uploads\/sites\/148\/2025\/03\/DESTAQUE-UNIVERSO-550-x-350-2-18x12.jpg 18w\" sizes=\"(max-width: 550px) 100vw, 550px\" \/><figcaption class=\"wp-element-caption\">Overgangshj\u00e6lp<\/figcaption><\/figure><\/div>\n\n\n<h2 class=\"wp-block-heading\">De bedste ressourcer til at hj\u00e6lpe veteraner med at tilpasse sig det civile liv<\/h2>\n\n\n\n<p>Der findes adskillige programmer og organisationer, der er dedikeret til at yde specifik st\u00f8tte til veteraner og hj\u00e6lpe dem med forskellige aspekter af det civile liv.<\/p>\n\n\n\n<h3 class=\"wp-block-heading\">Kontakt med andre veteraner<\/h3>\n\n\n\n<p>Det er vigtigt at have kontakt med andre veteraner for at f\u00e5 en mere gnidningsl\u00f8s overgang.<\/p>\n\n\n\n<p>Organisationer som f.eks. <strong>Amerikansk legion<\/strong> og <strong>Veteraner fra udenlandske krige (VFW)<\/strong> De fremmer st\u00f8ttenetv\u00e6rk, sociale arrangementer og frivillige muligheder.<\/p>\n\n\n\n<p>Disse netv\u00e6rk er afg\u00f8rende for veteraner, s\u00e5 de kan dele oplevelser, finde f\u00f8lelsesm\u00e6ssig st\u00f8tte og f\u00f8le sig som en del af et f\u00e6llesskab, der forst\u00e5r deres udfordringer.<\/p>\n\n\n\n<h3 class=\"wp-block-heading\">Fremadrettet<\/h3>\n\n\n\n<p><strong>Fremadrettet<\/strong> er et onlineprogram udviklet til at hj\u00e6lpe veteraner med at h\u00e5ndtere hverdagens udfordringer ved hj\u00e6lp af strategier baseret p\u00e5 kognitiv adf\u00e6rdsterapi.<\/p>\n\n\n\n<p>Programmet l\u00e6rer teknikker til stressh\u00e5ndtering, probleml\u00f8sning og beslutningstagning, hvilket hj\u00e6lper med tilpasning til det civile liv.<\/p>\n\n\n\n<h3 class=\"wp-block-heading\">Selvmordsforebyggelse<\/h3>\n\n\n\n<p>Veteraners mentale sundhed er en prioritet. Organisationer som f.eks. <strong>Krisetelefon for veteraner<\/strong> De tilbyder 24-timers st\u00f8tte til veteraner i krise og sikrer \u00f8jeblikkelig hj\u00e6lp.<\/p>\n\n\n\n<p>Desv\u00e6rre har veteraner en h\u00f8jere selvmordsrate end den generelle befolkning, s\u00e5 adgang til psykisk sundhed og selvmordsforebyggende tjenester er afg\u00f8rende.<\/p>\n\n\n\n<h3 class=\"wp-block-heading\">Pleje af traumatisk hjerneskade (TBI)<\/h3>\n\n\n\n<p>Mange veteraner lider af <strong>traumatisk hjerneskade (TBI)<\/strong> p\u00e5 grund af eksponering for eksplosioner og skader under milit\u00e6rtjeneste.<\/p>\n\n\n\n<p>VA (Department of Veterans Affairs) tilbyder specialiserede programmer til behandling og rehabilitering af traumatisk hjerneskade (TBI), der hj\u00e6lper veteraner med at genvinde kognitiv og motorisk funktion.<\/p>\n\n\n\n<h2 class=\"wp-block-heading\">Hvordan kan jeg som veteran f\u00e5 adgang til gratis professionel st\u00f8tte og tr\u00e6ning?<\/h2>\n\n\n\n<p>Han <strong>Det amerikanske veteranministerium (VA)<\/strong> tilbyder forskellige initiativer, der skal hj\u00e6lpe veteraner med at reintegrere sig p\u00e5 arbejdsmarkedet.<\/p>\n\n\n    <section class=\"mx-1 my-10\">\n                                                <a href=\"https:\/\/www.mentalhealth.va.gov\/transitioning-service\/resources.asp\" class=\"text-white\" data-analytics-label=\"optionsButton\"\n                    data-action=\"analytics#trackCTA\">\n                    <div data-options-target=\"option\"\n                        class=\"custom-section rounded-xl border p-3 shadow-md w-full bg-green-700 my-3\">\n                        <div class=\"flex w-full items-center justify-between\">\n                            <div class=\"flex items-center space-x-3\">\n                                <div class=\"text-lg font-bold\">\n                                    Det amerikanske veteranministerium (VA) \u279d\n                                <\/div>\n                            <\/div>\n                        <\/div>\n                    <\/div>\n                <\/a>\n                            <p class=\"text-xs text-gray-500 text-right\"\n            style=\"margin-left: 50%; margin-bottom: 50px; margin-top: 5px;\">\n            <!-- You will be redirected to another website -->\n        <\/p>\n    <\/section>\n\n\n\n\n<p class=\"has-text-align-center\"><em><strong><em><strong><em><strong><em><strong><em><strong><strong><em><strong><em><strong><em><strong><em><strong><em><strong><em><strong><em><strong><em><strong><em><strong><em><strong><strong><em><strong><em><strong><em><strong><em><strong><em><strong><em><strong><em><strong><em><strong><em><strong><em><strong><strong>Du vil blive omdirigeret til en anden side<\/strong><\/strong><\/em><\/strong><\/em><\/strong><\/em><\/strong><\/em><\/strong><\/em><\/strong><\/em><\/strong><\/em><\/strong><\/em><\/strong><\/em><\/strong><\/em><\/strong><\/strong><\/em><\/strong><\/em><\/strong><\/em><\/strong><\/em><\/strong><\/em><\/strong><\/em><\/strong><\/em><\/strong><\/em><\/strong><\/em><\/strong><\/em><\/strong><\/strong><\/em><\/strong><\/em><\/strong><\/em><\/strong><\/em><\/strong><\/em><\/p>\n\n\n\n<hr class=\"wp-block-separator has-alpha-channel-opacity is-style-wide\" \/>\n\n\n\n<p><\/p>\n\n\n\n<h3 class=\"wp-block-heading\">Erhvervsrehabiliteringsprogram (VR&amp;E)<\/h3>\n\n\n\n<p>Dette program tilbyder erhvervsuddannelse, jobs\u00f8gningsst\u00f8tte og bistand til veteraner med milit\u00e6rrelaterede handicap.<\/p>\n\n\n\n<p>Det er en fremragende mulighed for dem, der \u00f8nsker at udvikle nye f\u00e6rdigheder og sikre \u00f8konomisk stabilitet.<\/p>\n\n\n\n<p>Derudover tilbyder VA ogs\u00e5 gratis kurser i samarbejde med videreg\u00e5ende uddannelsesinstitutioner, hvilket giver veteraner mulighed for at tilegne sig nye kvalifikationer til deres civile karriere.<\/p>\n\n\n    <section class=\"mx-1 my-10\">\n                                                <a href=\"https:\/\/www.va.gov\/health-care\/eligibility\/\" class=\"text-white\" data-analytics-label=\"optionsButton\"\n                    data-action=\"analytics#trackCTA\">\n                    <div data-options-target=\"option\"\n                        class=\"custom-section rounded-xl border p-3 shadow-md w-full bg-green-700 my-3\">\n                        <div class=\"flex w-full items-center justify-between\">\n                            <div class=\"flex items-center space-x-3\">\n                                <div class=\"text-lg font-bold\">\n                                    Erhvervsrehabiliteringsprogram (VR&amp;E) \u279d\n                                <\/div>\n                            <\/div>\n                        <\/div>\n                    <\/div>\n                <\/a>\n                            <p class=\"text-xs text-gray-500 text-right\"\n            style=\"margin-left: 50%; margin-bottom: 50px; margin-top: 5px;\">\n            <!-- You will be redirected to another website -->\n        <\/p>\n    <\/section>\n\n\n\n\n<p class=\"has-text-align-center\"><em><strong><em><strong><em><strong><em><strong><em><strong><strong><em><strong><em><strong><em><strong><em><strong><em><strong><em><strong><em><strong><em><strong><em><strong><em><strong><strong><em><strong><em><strong><em><strong><em><strong><em><strong><em><strong><em><strong><em><strong><em><strong><em><strong><strong>Du vil blive omdirigeret til en anden side<\/strong><\/strong><\/em><\/strong><\/em><\/strong><\/em><\/strong><\/em><\/strong><\/em><\/strong><\/em><\/strong><\/em><\/strong><\/em><\/strong><\/em><\/strong><\/em><\/strong><\/strong><\/em><\/strong><\/em><\/strong><\/em><\/strong><\/em><\/strong><\/em><\/strong><\/em><\/strong><\/em><\/strong><\/em><\/strong><\/em><\/strong><\/em><\/strong><\/strong><\/em><\/strong><\/em><\/strong><\/em><\/strong><\/em><\/strong><\/em><\/p>\n\n\n\n<hr class=\"wp-block-separator has-alpha-channel-opacity is-style-wide\" \/>\n\n\n\n<p><\/p>\n\n\n\n<h2 class=\"wp-block-heading\">Finansiel planl\u00e6gning og boligst\u00f8tte til veteraner i overgangsalderen<\/h2>\n\n\n\n<p>Finansiel stabilitet er en af de vigtigste s\u00f8jler i overgangen til det civile liv.<\/p>\n\n\n\n<p>Flere programmer tilbyder \u00f8konomisk og boligst\u00f8tte til veteraner:<\/p>\n\n\n\n<ul>\n<li><strong>VA-boligydelser<\/strong>VA tilbyder l\u00e5negarantier, s\u00e5 veteraner kan k\u00f8be boliger med s\u00e6rlige betingelser.<\/li>\n\n\n\n<li><strong>Finansiel uddannelse<\/strong>Organisationer som USAA yder \u00f8konomisk st\u00f8tte for at hj\u00e6lpe veteraner med bedre at forvalte deres penge.<\/li>\n<\/ul>\n\n\n\n<h2 class=\"wp-block-heading\">Succeshistorier: Veteraner trives efter at have brugt TAP-tjenester<\/h2>\n\n\n\n<p>Han <strong>Overgangshj\u00e6lpsprogram (TAP)<\/strong> har hjulpet tusindvis af veteraner med at opn\u00e5 succes efter milit\u00e6rtjeneste.<\/p>\n\n\n\n<p>Mange har form\u00e5et at \u00e5bne deres egne virksomheder, gennemf\u00f8re universitetsstudier og opn\u00e5 fremtr\u00e6dende karrierer i den offentlige sektor.<\/p>\n\n\n\n<h2 class=\"wp-block-heading\">Overgangsst\u00f8tteprogrammer er afg\u00f8rende<\/h2>\n\n\n\n<p>Overgangen til det civile liv kan v\u00e6re udfordrende, men med de rette ressourcer kan veteraner opbygge en lys fremtid.<\/p>\n\n\n\n<p>Den rette st\u00f8tte g\u00f8r hele forskellen og sikrer, at de, der har tjent vores land, f\u00e5r den hj\u00e6lp, de har brug for, for at trives.<\/p>\n\n\n\n<p>Hvis du er veteran eller kender nogen, der har brug for hj\u00e6lp, s\u00e5 find ud af mere om disse programmer og bliv medlem af dette st\u00f8ttenetv\u00e6rk.<\/p>\n\n\n\n<h2 class=\"wp-block-heading\">Kilder<\/h2>\n\n\n\n<ul>\n<li>Det amerikanske veteranministerium (VA)<\/li>\n\n\n\n<li>Amerikansk legion<\/li>\n\n\n\n<li>Krisetelefon for veteraner<\/li>\n\n\n\n<li>Overgangshj\u00e6lpsprogram (TAP)<\/li>\n\n\n\n<li>USAA Finansielle Tjenester<\/li>\n<\/ul>\n\n\n\n<h2 class=\"wp-block-heading\"><strong>Ofte stillede sp\u00f8rgsm\u00e5l om hj\u00e6lp til overgangen til veteraner<\/strong><\/h2>\n\n\n\n<h3 class=\"wp-block-heading\">Hvad er overgangsst\u00f8tte til milit\u00e6rveteraner?<\/h3>\n\n\n\n<p>Overgangshj\u00e6lp er et s\u00e6t programmer og ressourcer, der er designet til at hj\u00e6lpe <strong>milit\u00e6rveteraner<\/strong> at tilpasse sig til <strong>civilt liv<\/strong> efter sin tjeneste i de v\u00e6bnede styrker.<\/p>\n\n\n\n<p>Disse programmer omfatter \u00f8konomisk st\u00f8tte, r\u00e5dgivning om mental sundhed, jobmuligheder og erhvervsuddannelse. M\u00e5let er at sikre en vellykket reintegration og minimere de udfordringer, som veteraner st\u00e5r over for, n\u00e5r de g\u00e5r p\u00e5 pension fra milit\u00e6rtjeneste.<\/p>\n\n\n\n<h3 class=\"wp-block-heading\">Hvad er de vigtigste fordele for veteraner i overgangen til det civile liv?<\/h3>\n\n\n\n<p>De <strong>veteranfordele<\/strong> i overgangsperioden omfatter bistand til <strong>jobs\u00f8gning<\/strong>, adgang til videreg\u00e5ende uddannelse med stipendier og tilskud, st\u00f8tte i <strong>mental sundhed<\/strong> til behandling af <strong>PTSD<\/strong> og andre servicerelaterede lidelser, samt adgang til programmer <strong>erhvervsm\u00e6ssig rehabilitering<\/strong> og \u00f8konomisk st\u00f8tte til k\u00f8b af bolig.<\/p>\n\n\n\n<h3 class=\"wp-block-heading\">Hvilke programmer tilbyder mental sundhedsst\u00f8tte til veteraner?<\/h3>\n\n\n\n<p>Der er adskillige initiativer med fokus p\u00e5 psykisk velbefindende <strong>milit\u00e6rveteraner<\/strong>. Han <strong>Krisetelefon for veteraner<\/strong> yder 24-timers hj\u00e6lp til dem, der lider af f\u00f8lelsesm\u00e6ssige kriser eller selvmordstanker.<\/p>\n\n\n\n<p>Der er ogs\u00e5 programmer som <strong>Fremadrettet<\/strong>, som tilbyder strategier baseret p\u00e5 kognitiv adf\u00e6rdsterapi til at h\u00e5ndtere stress og angst.<\/p>\n\n\n\n<p>Derudover tilbyder Department of Veterans Affairs behandlinger til <strong>posttraumatisk stresslidelse (PTSD)<\/strong> og den <strong>traumatisk hjerneskade (TBI)<\/strong>.<\/p>\n\n\n\n<h3 class=\"wp-block-heading\">Hvordan kan en veteran f\u00e5 adgang til erhvervsrehabiliteringsprogrammer?<\/h3>\n\n\n\n<p>Han <strong>Erhvervsrehabiliteringsprogram (VR&amp;E)<\/strong> fra Department of Veterans Affairs er en fremragende mulighed for dem, der s\u00f8ger gratis erhvervsuddannelse.<\/p>\n\n\n\n<p>Dette program hj\u00e6lper <strong>milit\u00e6rveteraner<\/strong> med servicerelaterede handicap for at f\u00e5 teknisk tr\u00e6ning, uddannelsesm\u00e6ssig st\u00f8tte og r\u00e5dgivning om jobs\u00f8gning.<\/p>\n\n\n\n<p>Interesserede kan tilmelde sig via den officielle portal <strong>G\u00c5R<\/strong> eller bes\u00f8g et veteranplejecenter.<\/p>\n\n\n\n<h3 class=\"wp-block-heading\">Hvilken type boligst\u00f8tte er tilg\u00e6ngelig for veteraner?<\/h3>\n\n\n\n<p>De <strong>milit\u00e6rveteraner<\/strong> kan f\u00e5 adgang til l\u00e5n garanteret af <strong>G\u00c5R<\/strong> til boligk\u00f8b med lave renter og uden udbetaling.<\/p>\n\n\n\n<p>Der er ogs\u00e5 tilskud til veteraner med handicap, der har brug for \u00e6ndringer i hjemmet. Derudover er der organisationer, der tilbyder udlejningshj\u00e6lp og st\u00f8tte til <strong>hjeml\u00f8se veteraner<\/strong>.<\/p>\n\n\n\n<h3 class=\"wp-block-heading\">Hvordan kan en veteran forbedre sin \u00f8konomiske stabilitet efter milit\u00e6rtjeneste?<\/h3>\n\n\n\n<p>Finansiel stabilitet er n\u00f8glen i <strong>overgang til civilt liv<\/strong>. Der er programmer af <strong>finansiel uddannelse<\/strong> s\u00e5som dem, der tilbydes af USAA, som underviser studerende <strong>milit\u00e6rveteraner<\/strong> om pengeh\u00e5ndtering, investering og pensionsplanl\u00e6gning.<\/p>\n\n\n\n<p>Derudover tilbyder offentlige og private organisationer bistand til at forvalte ydelser og maksimere de \u00f8konomiske ressourcer.<\/p>\n\n\n\n<h3 class=\"wp-block-heading\">Hvorfor er det vigtigt for veteraner at deltage i st\u00f8ttenetv\u00e6rk?<\/h3>\n\n\n\n<p>Forbind dig med andre <strong>milit\u00e6rveteraner<\/strong> er afg\u00f8rende for en vellykket reintegration.<\/p>\n\n\n\n<p>Organisationer som f.eks. <strong>Amerikansk legion<\/strong> og <strong>Veteraner fra udenlandske krige (VFW)<\/strong> De faciliterer arrangementer, r\u00e5dgivning og frivillige muligheder, s\u00e5 veteraner kan dele oplevelser, modtage f\u00f8lelsesm\u00e6ssig st\u00f8tte og finde jobmuligheder.<\/p>\n\n\n\n<p>At v\u00e6re en del af et f\u00e6llesskab er med til at mindske f\u00f8lelser af isolation og fremmer en f\u00f8lelse af tilh\u00f8rsforhold.<\/p>","protected":false},"excerpt":{"rendered":"<p>Overgangen fra milit\u00e6rt til civilt liv kan v\u00e6re udfordrende for mange veteraner. Heldigvis findes der adskillige st\u00f8tteprogrammer, der hj\u00e6lper med denne proces og tilbyder alt fra f\u00f8lelsesm\u00e6ssig st\u00f8tte til tr\u00e6ning i reintegration i job. I denne artikel unders\u00f8ger vi de vigtigste ressourcer, der er tilg\u00e6ngelige for veteraner, og hvordan man f\u00e5r adgang til dem.<\/p>","protected":false},"author":139,"featured_media":8907,"comment_status":"closed","ping_status":"open","sticky":false,"template":"","format":"standard","meta":{"footnotes":""},"categories":[5],"tags":[1983,1984,1982,1981,1980],"yoast_head":"<!-- This site is optimized with the Yoast SEO plugin v23.3 - https:\/\/yoast.com\/wordpress\/plugins\/seo\/ -->\n<title>Asistencia de Transici\u00f3n: Programas de Apoyo a Veteranos en la Vida Civil - Universo Fam\u00edlia<\/title>\n<meta name=\"description\" content=\"Asistencia de Transici\u00f3n. La transici\u00f3n de la vida militar a la vida civil puede ser un desaf\u00edo para muchos veteranos.\" \/>\n<meta name=\"robots\" content=\"index, follow, max-snippet:-1, max-image-preview:large, max-video-preview:-1\" \/>\n<link rel=\"canonical\" href=\"http:\/\/universofamilia.com\/da\/asistencia-de-transicion\/\" \/>\n<meta property=\"og:locale\" content=\"da_DK\" \/>\n<meta property=\"og:type\" content=\"article\" \/>\n<meta property=\"og:title\" content=\"Asistencia de Transici\u00f3n: Programas de Apoyo a Veteranos en la Vida Civil - Universo Fam\u00edlia\" \/>\n<meta property=\"og:description\" content=\"Asistencia de Transici\u00f3n. La transici\u00f3n de la vida militar a la vida civil puede ser un desaf\u00edo para muchos veteranos.\" \/>\n<meta property=\"og:url\" content=\"http:\/\/universofamilia.com\/da\/asistencia-de-transicion\/\" \/>\n<meta property=\"og:site_name\" content=\"Universo Fam\u00edlia\" \/>\n<meta property=\"article:published_time\" content=\"2025-03-05T20:35:12+00:00\" \/>\n<meta property=\"article:modified_time\" content=\"2025-03-05T20:36:20+00:00\" \/>\n<meta property=\"og:image\" content=\"http:\/\/universofamilia.com\/wp-content\/uploads\/sites\/148\/2025\/03\/DESTAQUE-UNIVERSO-550-x-350-2.jpg\" \/>\n\t<meta property=\"og:image:width\" content=\"550\" \/>\n\t<meta property=\"og:image:height\" content=\"350\" \/>\n\t<meta property=\"og:image:type\" content=\"image\/jpeg\" \/>\n<meta name=\"author\" content=\"Pedro Henrique\" \/>\n<meta name=\"twitter:card\" content=\"summary_large_image\" \/>\n<meta name=\"twitter:label1\" content=\"Written by\" \/>\n\t<meta name=\"twitter:data1\" content=\"Pedro Henrique\" \/>\n\t<meta name=\"twitter:label2\" content=\"Est. reading time\" \/>\n\t<meta name=\"twitter:data2\" content=\"8 minutter\" \/>\n<script type=\"application\/ld+json\" class=\"yoast-schema-graph\">{\"@context\":\"https:\/\/schema.org\",\"@graph\":[{\"@type\":\"WebPage\",\"@id\":\"http:\/\/universofamilia.com\/sk\/asistencia-de-transicion\/\",\"url\":\"http:\/\/universofamilia.com\/sk\/asistencia-de-transicion\/\",\"name\":\"Asistencia de Transici\u00f3n: Programas de Apoyo a Veteranos en la Vida Civil - Universo Fam\u00edlia\",\"isPartOf\":{\"@id\":\"https:\/\/universofamilia.com\/el\/#website\"},\"primaryImageOfPage\":{\"@id\":\"http:\/\/universofamilia.com\/sk\/asistencia-de-transicion\/#primaryimage\"},\"image\":{\"@id\":\"http:\/\/universofamilia.com\/sk\/asistencia-de-transicion\/#primaryimage\"},\"thumbnailUrl\":\"http:\/\/universofamilia.com\/wp-content\/uploads\/sites\/148\/2025\/03\/DESTAQUE-UNIVERSO-550-x-350-2.jpg\",\"datePublished\":\"2025-03-05T20:35:12+00:00\",\"dateModified\":\"2025-03-05T20:36:20+00:00\",\"author\":{\"@id\":\"https:\/\/universofamilia.com\/el\/#\/schema\/person\/f07ce98187dd84d31154262e79b3b7ca\"},\"description\":\"Asistencia de Transici\u00f3n. La transici\u00f3n de la vida militar a la vida civil puede ser un desaf\u00edo para muchos veteranos.\",\"breadcrumb\":{\"@id\":\"http:\/\/universofamilia.com\/sk\/asistencia-de-transicion\/#breadcrumb\"},\"inLanguage\":\"da-DK\",\"potentialAction\":[{\"@type\":\"ReadAction\",\"target\":[\"http:\/\/universofamilia.com\/sk\/asistencia-de-transicion\/\"]}]},{\"@type\":\"ImageObject\",\"inLanguage\":\"da-DK\",\"@id\":\"http:\/\/universofamilia.com\/sk\/asistencia-de-transicion\/#primaryimage\",\"url\":\"http:\/\/universofamilia.com\/wp-content\/uploads\/sites\/148\/2025\/03\/DESTAQUE-UNIVERSO-550-x-350-2.jpg\",\"contentUrl\":\"http:\/\/universofamilia.com\/wp-content\/uploads\/sites\/148\/2025\/03\/DESTAQUE-UNIVERSO-550-x-350-2.jpg\",\"width\":550,\"height\":350,\"caption\":\"Asistencia de Transici\u00f3n\"},{\"@type\":\"BreadcrumbList\",\"@id\":\"http:\/\/universofamilia.com\/sk\/asistencia-de-transicion\/#breadcrumb\",\"itemListElement\":[{\"@type\":\"ListItem\",\"position\":1,\"name\":\"Home\",\"item\":\"https:\/\/universofamilia.com\/el\/\"},{\"@type\":\"ListItem\",\"position\":2,\"name\":\"Asistencia de Transici\u00f3n: Programas de Apoyo a Veteranos en la Vida Civil\"}]},{\"@type\":\"WebSite\",\"@id\":\"https:\/\/universofamilia.com\/el\/#website\",\"url\":\"https:\/\/universofamilia.com\/el\/\",\"name\":\"Universo Fam\u00edlia\",\"description\":\"\",\"potentialAction\":[{\"@type\":\"SearchAction\",\"target\":{\"@type\":\"EntryPoint\",\"urlTemplate\":\"https:\/\/universofamilia.com\/el\/?s={search_term_string}\"},\"query-input\":\"required name=search_term_string\"}],\"inLanguage\":\"da-DK\"},{\"@type\":\"Person\",\"@id\":\"https:\/\/universofamilia.com\/el\/#\/schema\/person\/f07ce98187dd84d31154262e79b3b7ca\",\"name\":\"Pedro Henrique\",\"image\":{\"@type\":\"ImageObject\",\"inLanguage\":\"da-DK\",\"@id\":\"https:\/\/universofamilia.com\/el\/#\/schema\/person\/image\/\",\"url\":\"http:\/\/0.gravatar.com\/avatar\/9edfeb808cb4e1599f64d6e45b130154?s=96&d=mm&r=g\",\"contentUrl\":\"http:\/\/0.gravatar.com\/avatar\/9edfeb808cb4e1599f64d6e45b130154?s=96&d=mm&r=g\",\"caption\":\"Pedro Henrique\"},\"url\":\"http:\/\/universofamilia.com\/da\/author\/editor01\/\"}]}<\/script>\n<!-- \/ Yoast SEO plugin. -->","yoast_head_json":{"title":"Asistencia de Transici\u00f3n: Programas de Apoyo a Veteranos en la Vida Civil - Universo Fam\u00edlia","description":"Asistencia de Transici\u00f3n. La transici\u00f3n de la vida militar a la vida civil puede ser un desaf\u00edo para muchos veteranos.","robots":{"index":"index","follow":"follow","max-snippet":"max-snippet:-1","max-image-preview":"max-image-preview:large","max-video-preview":"max-video-preview:-1"},"canonical":"http:\/\/universofamilia.com\/da\/asistencia-de-transicion\/","og_locale":"da_DK","og_type":"article","og_title":"Asistencia de Transici\u00f3n: Programas de Apoyo a Veteranos en la Vida Civil - Universo Fam\u00edlia","og_description":"Asistencia de Transici\u00f3n. La transici\u00f3n de la vida militar a la vida civil puede ser un desaf\u00edo para muchos veteranos.","og_url":"http:\/\/universofamilia.com\/da\/asistencia-de-transicion\/","og_site_name":"Universo Fam\u00edlia","article_published_time":"2025-03-05T20:35:12+00:00","article_modified_time":"2025-03-05T20:36:20+00:00","og_image":[{"width":550,"height":350,"url":"http:\/\/universofamilia.com\/wp-content\/uploads\/sites\/148\/2025\/03\/DESTAQUE-UNIVERSO-550-x-350-2.jpg","type":"image\/jpeg"}],"author":"Pedro Henrique","twitter_card":"summary_large_image","twitter_misc":{"Written by":"Pedro Henrique","Est. reading time":"8 minutter"},"schema":{"@context":"https:\/\/schema.org","@graph":[{"@type":"WebPage","@id":"http:\/\/universofamilia.com\/sk\/asistencia-de-transicion\/","url":"http:\/\/universofamilia.com\/sk\/asistencia-de-transicion\/","name":"Asistencia de Transici\u00f3n: Programas de Apoyo a Veteranos en la Vida Civil - Universo Fam\u00edlia","isPartOf":{"@id":"https:\/\/universofamilia.com\/el\/#website"},"primaryImageOfPage":{"@id":"http:\/\/universofamilia.com\/sk\/asistencia-de-transicion\/#primaryimage"},"image":{"@id":"http:\/\/universofamilia.com\/sk\/asistencia-de-transicion\/#primaryimage"},"thumbnailUrl":"http:\/\/universofamilia.com\/wp-content\/uploads\/sites\/148\/2025\/03\/DESTAQUE-UNIVERSO-550-x-350-2.jpg","datePublished":"2025-03-05T20:35:12+00:00","dateModified":"2025-03-05T20:36:20+00:00","author":{"@id":"https:\/\/universofamilia.com\/el\/#\/schema\/person\/f07ce98187dd84d31154262e79b3b7ca"},"description":"Asistencia de Transici\u00f3n. La transici\u00f3n de la vida militar a la vida civil puede ser un desaf\u00edo para muchos veteranos.","breadcrumb":{"@id":"http:\/\/universofamilia.com\/sk\/asistencia-de-transicion\/#breadcrumb"},"inLanguage":"da-DK","potentialAction":[{"@type":"ReadAction","target":["http:\/\/universofamilia.com\/sk\/asistencia-de-transicion\/"]}]},{"@type":"ImageObject","inLanguage":"da-DK","@id":"http:\/\/universofamilia.com\/sk\/asistencia-de-transicion\/#primaryimage","url":"http:\/\/universofamilia.com\/wp-content\/uploads\/sites\/148\/2025\/03\/DESTAQUE-UNIVERSO-550-x-350-2.jpg","contentUrl":"http:\/\/universofamilia.com\/wp-content\/uploads\/sites\/148\/2025\/03\/DESTAQUE-UNIVERSO-550-x-350-2.jpg","width":550,"height":350,"caption":"Asistencia de Transici\u00f3n"},{"@type":"BreadcrumbList","@id":"http:\/\/universofamilia.com\/sk\/asistencia-de-transicion\/#breadcrumb","itemListElement":[{"@type":"ListItem","position":1,"name":"Home","item":"https:\/\/universofamilia.com\/el\/"},{"@type":"ListItem","position":2,"name":"Asistencia de Transici\u00f3n: Programas de Apoyo a Veteranos en la Vida Civil"}]},{"@type":"WebSite","@id":"https:\/\/universofamilia.com\/el\/#website","url":"https:\/\/universofamilia.com\/el\/","name":"Universo Fam\u00edlia","description":"","potentialAction":[{"@type":"SearchAction","target":{"@type":"EntryPoint","urlTemplate":"https:\/\/universofamilia.com\/el\/?s={search_term_string}"},"query-input":"required name=search_term_string"}],"inLanguage":"da-DK"},{"@type":"Person","@id":"https:\/\/universofamilia.com\/el\/#\/schema\/person\/f07ce98187dd84d31154262e79b3b7ca","name":"Pedro Henrique","image":{"@type":"ImageObject","inLanguage":"da-DK","@id":"https:\/\/universofamilia.com\/el\/#\/schema\/person\/image\/","url":"http:\/\/0.gravatar.com\/avatar\/9edfeb808cb4e1599f64d6e45b130154?s=96&d=mm&r=g","contentUrl":"http:\/\/0.gravatar.com\/avatar\/9edfeb808cb4e1599f64d6e45b130154?s=96&d=mm&r=g","caption":"Pedro Henrique"},"url":"http:\/\/universofamilia.com\/da\/author\/editor01\/"}]}},"_links":{"self":[{"href":"http:\/\/universofamilia.com\/da\/wp-json\/wp\/v2\/posts\/8905"}],"collection":[{"href":"http:\/\/universofamilia.com\/da\/wp-json\/wp\/v2\/posts"}],"about":[{"href":"http:\/\/universofamilia.com\/da\/wp-json\/wp\/v2\/types\/post"}],"author":[{"embeddable":true,"href":"http:\/\/universofamilia.com\/da\/wp-json\/wp\/v2\/users\/139"}],"replies":[{"embeddable":true,"href":"http:\/\/universofamilia.com\/da\/wp-json\/wp\/v2\/comments?post=8905"}],"version-history":[{"count":3,"href":"http:\/\/universofamilia.com\/da\/wp-json\/wp\/v2\/posts\/8905\/revisions"}],"predecessor-version":[{"id":8910,"href":"http:\/\/universofamilia.com\/da\/wp-json\/wp\/v2\/posts\/8905\/revisions\/8910"}],"wp:featuredmedia":[{"embeddable":true,"href":"http:\/\/universofamilia.com\/da\/wp-json\/wp\/v2\/media\/8907"}],"wp:attachment":[{"href":"http:\/\/universofamilia.com\/da\/wp-json\/wp\/v2\/media?parent=8905"}],"wp:term":[{"taxonomy":"category","embeddable":true,"href":"http:\/\/universofamilia.com\/da\/wp-json\/wp\/v2\/categories?post=8905"},{"taxonomy":"post_tag","embeddable":true,"href":"http:\/\/universofamilia.com\/da\/wp-json\/wp\/v2\/tags?post=8905"}],"curies":[{"name":"wp","href":"https:\/\/api.w.org\/{rel}","templated":true}]}}