{"id":10395,"date":"2025-11-21T22:52:32","date_gmt":"2025-11-22T01:52:32","guid":{"rendered":"https:\/\/universofamilia.com\/?p=10395"},"modified":"2025-11-21T22:52:36","modified_gmt":"2025-11-22T01:52:36","slug":"como-resguardar-tu-informacion-personal-en-la-era-digital","status":"publish","type":"post","link":"http:\/\/universofamilia.com\/de\/como-resguardar-tu-informacion-personal-en-la-era-digital\/","title":{"rendered":"Wie Sie Ihre pers\u00f6nlichen Daten im digitalen Zeitalter sch\u00fctzen k\u00f6nnen"},"content":{"rendered":"<p class=\"has-text-align-center\">Der Ausdruck <strong>\u201e<em>Wie Sie Ihre pers\u00f6nlichen Daten im digitalen Zeitalter sch\u00fctzen k\u00f6nnen<\/em>\u201e<\/strong> Dies ist im Jahr 2025 zu einem allt\u00e4glichen Problem geworden, insbesondere aufgrund der Zunahme von Datenlecks und der intensiven Datennutzung durch Apps, Plattformen und Dienste.<\/p>\n\n\n\n<figure class=\"wp-block-gallery has-nested-images columns-default is-cropped wp-block-gallery-1 is-layout-flex wp-block-gallery-is-layout-flex\">\n<figure class=\"wp-block-image size-full\"><img loading=\"lazy\" decoding=\"async\" width=\"450\" height=\"250\" data-id=\"10399\" src=\"https:\/\/universofamilia.com\/wp-content\/uploads\/sites\/148\/2025\/11\/Destaque-Novo-Universo-9.jpg\" alt=\"\" class=\"wp-image-10399\" srcset=\"http:\/\/universofamilia.com\/wp-content\/uploads\/sites\/148\/2025\/11\/Destaque-Novo-Universo-9.jpg 450w, http:\/\/universofamilia.com\/wp-content\/uploads\/sites\/148\/2025\/11\/Destaque-Novo-Universo-9-300x167.jpg 300w, http:\/\/universofamilia.com\/wp-content\/uploads\/sites\/148\/2025\/11\/Destaque-Novo-Universo-9-18x10.jpg 18w\" sizes=\"(max-width: 450px) 100vw, 450px\" \/><figcaption class=\"wp-element-caption\">Leinwand<\/figcaption><\/figure>\n<\/figure>\n\n\n\n<p class=\"has-text-align-center\">Bevor wir uns n\u00e4her mit dem Thema befassen, ist es hilfreich, eine kurze Zusammenfassung zu lesen:<\/p>\n\n\n\n<p class=\"has-text-align-center\">Warum personenbezogene Daten so wertvoll geworden sind, welche Praktiken einen besseren Schutz bieten, aktuelle offizielle Statistiken, zwei Beispiele aus der Praxis, eine anschauliche Analogie, eine Tabelle mit wichtigen Kennzahlen und schnelle Antworten auf h\u00e4ufig gestellte Fragen.<\/p>\n\n\n\n<p class=\"has-text-align-center\">Finden Sie nicht auch, dass es an der Zeit ist, Ihr digitales Leben zu sch\u00fctzen, bevor ein un\u00fcberlegter Schritt Sie in Gefahr bringt?<\/p>\n\n\n\n<h2 class=\"wp-block-heading\"><strong>Der neue Wert Ihrer digitalen Identit\u00e4t<\/strong><\/h2>\n\n\n\n<p>Da immer mehr Vorg\u00e4nge, Eink\u00e4ufe und Gespr\u00e4che online abgewickelt werden, ist Datenschutz nicht l\u00e4nger ein technisches Detail, sondern eine allt\u00e4gliche Verantwortung geworden.<\/p>\n\n\n\n<p>Die US-amerikanische Federal Trade Commission (FTC) verzeichnete mehr als <strong>1,1 Millionen Meldungen \u00fcber Identit\u00e4tsdiebstahl<\/strong>Diese Entwicklung wirkt sich aufgrund des st\u00e4ndigen Austauschs grenz\u00fcberschreitender Plattformen, Zahlungsmethoden und Dienstleistungen auch auf Mexiko aus.<\/p>\n\n\n\n<p>Angesichts dieses Szenarios, Verst\u00e4ndnis <strong>Wie Sie Ihre pers\u00f6nlichen Daten im digitalen Zeitalter sch\u00fctzen k\u00f6nnen<\/strong> Es wird zu einer Grundfertigkeit f\u00fcr jeden vernetzten Menschen.<\/p>\n\n\n\n<p>Zum Schutz von Daten geh\u00f6rt mehr als nur die Verwendung sicherer Passw\u00f6rter; es geht auch um t\u00e4gliche Entscheidungen, die das Risiko verringern.<\/p>\n\n\n\n<p>So wie man sein Haus nicht unverschlossen l\u00e4sst, wenn man ausgeht, funktioniert digitale Sicherheit wie die Installation eines guten Schlosses, die Auswahl derjenigen, die eine Kopie besitzen, und die \u00dcberpr\u00fcfung, ob jemand versucht hat, ohne Erlaubnis einzudringen.<\/p>\n\n\n\n<p>Diese Analogie hilft zu verstehen, dass Privatsph\u00e4re Urteilsverm\u00f6gen, Konsequenz und Aufmerksamkeit erfordert.<\/p>\n\n\n\n<h2 class=\"wp-block-heading\"><strong>Pers\u00f6nliche Daten als W\u00e4hrung<\/strong><\/h2>\n\n\n\n<p>Bis 2025 werden die meisten digitalen Dienste auf einem datengesteuerten Modell basieren.<\/p>\n\n\n\n<p>Ihr Einkaufsverhalten, Ihr Standort, Ihre Vorlieben, Ihr Surftempo und Ihre Interaktionen dienen als Grundlage, um Inhalte zu personalisieren, Systeme der k\u00fcnstlichen Intelligenz zu verbessern oder Gesch\u00e4ftsstrategien zu definieren.<\/p>\n\n\n\n<p>Hier geht es nicht darum, diese B\u00f6rse zu verteufeln; viele Plattformen haben klare Richtlinien und halten sich an die Vorschriften.<\/p>\n\n\n\n<p>Der entscheidende Punkt ist, zu verstehen, was man mit wem und zu welchem Zweck teilt.<\/p>\n\n\n\n<p>Manchmal akzeptieren Nutzer Berechtigungen in Apps nur, um schnell voranzukommen, ohne zu bemerken, dass der Zugriff auf Fotos, Mikrofon oder Kontakte unn\u00f6tige T\u00fcren f\u00fcr Dritte \u00f6ffnen kann.<\/p>\n\n\n\n<h2 class=\"wp-block-heading\"><strong>Bew\u00e4hrte Verfahren zur St\u00e4rkung Ihrer digitalen Privatsph\u00e4re<\/strong><\/h2>\n\n\n\n<h3 class=\"wp-block-heading\"><strong>1. Regelm\u00e4\u00dfige \u00dcberpr\u00fcfung Ihrer Konten<\/strong><\/h3>\n\n\n\n<p>Die \u00dcberpr\u00fcfung, welche Ger\u00e4te verbunden sind, welche Berechtigungen Sie erteilt haben und welche Informationen gespeichert sind, hilft dabei, ungew\u00f6hnliche Zugriffe zu erkennen.<\/p>\n\n\n\n<p>Viele Nutzer lassen aktive Sitzungen auf alten Handys oder gemeinsam genutzten Ger\u00e4ten laufen, was die Risiken erh\u00f6ht, ohne dass sie es merken.<\/p>\n\n\n\n<h3 class=\"wp-block-heading\"><strong>2. Multifaktor-Authentifizierung<\/strong><\/h3>\n\n\n\n<p>Die Aktivierung tempor\u00e4rer Codes, Sicherheitsschl\u00fcssel oder Authentifizierungs-Apps schafft eine starke Barriere gegen unberechtigten Zugriff.<\/p>\n\n\n\n<p>Es ist eine der zuverl\u00e4ssigsten Ma\u00dfnahmen f\u00fcr <strong>Wie Sie Ihre pers\u00f6nlichen Daten im digitalen Zeitalter sch\u00fctzen k\u00f6nnen<\/strong>auch ohne fortgeschrittene Kenntnisse.<\/p>\n\n\n\n<h3 class=\"wp-block-heading\"><strong>3. Intelligente Passwortverwaltung<\/strong><\/h3>\n\n\n\n<p>Die Wahl langer, leicht zu merkender Phrasen oder die Verwendung von Passwortmanagern erschwert Brute-Force-Angriffe.<\/p>\n\n\n\n<p>Vergessen Sie Geburtstage oder gebr\u00e4uchliche Namen; das geh\u00f6rt der Vergangenheit an.<\/p>\n\n\n\n<h3 class=\"wp-block-heading\"><strong>4. Kontinuierliche digitale Hygiene<\/strong><\/h3>\n\n\n\n<p>Durch das Entfernen nicht mehr verwendeter Apps, das K\u00fcndigen inaktiver Dienste und das L\u00f6schen gespeicherter Informationen im Browser wird die Menge der verf\u00fcgbaren Daten reduziert.<\/p>\n\n\n\n<p>Je weniger Spuren man hinterl\u00e4sst, desto geringer ist die Wahrscheinlichkeit, dass man angegriffen wird.<\/p>\n\n\n\n<h3 class=\"wp-block-heading\"><strong>5. Sichere Datensicherungen<\/strong><\/h3>\n\n\n\n<p>Die Speicherung wichtiger Dokumente auf vertrauensw\u00fcrdigen Diensten mit Verschl\u00fcsselung und Zwei-Faktor-Authentifizierung verhindert unerwartete Datenverluste.<\/p>\n\n\n\n<p>Sich ausschlie\u00dflich auf lokale Speichermedien zu verlassen, ist riskant in einer Welt, in der Hardwareausf\u00e4lle und Ransomware-Angriffe immer h\u00e4ufiger auftreten.<\/p>\n\n\n\n<h2 class=\"wp-block-heading\"><strong>Beispiele aus dem echten Leben, die zeigen, warum Pr\u00e4vention wichtig ist<\/strong><\/h2>\n\n\n\n<p><strong>Beispiel 1:<\/strong><br>Eine berufst\u00e4tige Frau in Mexiko-Stadt bemerkte merkw\u00fcrdige Bankabbuchungen, nachdem sie sich in einem Caf\u00e9 mit einem \u00f6ffentlichen WLAN verbunden hatte.<\/p>\n\n\n\n<p>Es handelte sich nicht um einen ausgekl\u00fcgelten Angriff: Der Cyberkriminelle fing lediglich unverschl\u00fcsselten Datenverkehr ab. Ihre Bank best\u00e4tigte, dass das unsichere Netzwerk der Einfallstor war.<\/p>\n\n\n\n<p><strong>Beispiel 2:<\/strong><br>Ein Unternehmer teilte strategische Dokumente \u00fcber einen offenen Link in der Cloud. Ohne sein Wissen wurde der Link von Suchmaschinen indexiert.<\/p>\n\n\n\n<p>Wochen sp\u00e4ter kursierten sensible Informationen in den sozialen Medien. Das Problem war kein Hackerangriff, sondern eine Fehlkonfiguration der Berechtigungen.<\/p>\n\n\n\n<p>Beide F\u00e4lle unterstreichen die Bedeutung des Lernens <strong>Wie Sie Ihre pers\u00f6nlichen Daten im digitalen Zeitalter sch\u00fctzen k\u00f6nnen<\/strong> bevor es zu noch gr\u00f6\u00dferen Konsequenzen kommt.<\/p>\n\n\n\n<h2 class=\"wp-block-heading\"><strong>Technologie ist hilfreich, aber Ihre Entscheidungen sind wichtiger.<\/strong><\/h2>\n\n\n\n<p>Zuverl\u00e4ssige VPNs, sichere Browser, aktualisierte Systeme und Datenschutz-Erweiterungen verst\u00e4rken Ihren Schutz.<\/p>\n\n\n\n<p>Dennoch bleibt das eigene Urteilsverm\u00f6gen der beste Schutz: Vermeiden Sie es, verd\u00e4chtige Links zu \u00f6ffnen, lehnen Sie unn\u00f6tige Berechtigungen ab und \u00fcberpr\u00fcfen Sie Webadressen, bevor Sie Daten eingeben.<\/p>\n\n\n\n<p>Plattformen \u00e4ndern st\u00e4ndig ihre Richtlinien; wenn Sie sich dar\u00fcber informieren, verhindern Sie, dass Ihre Daten aufgrund von Standardeinstellungen, die Sie m\u00f6glicherweise nie \u00fcberpr\u00fcft haben, offengelegt werden.<\/p>\n\n\n\n<h2 class=\"wp-block-heading\">Wichtige Tabelle zur St\u00e4rkung Ihrer pers\u00f6nlichen Strategie<\/h2>\n\n\n\n<figure class=\"wp-block-table\"><table><thead><tr><th>Empfohlene Vorgehensweise<\/th><th>Hauptvorteil<\/th><\/tr><\/thead><tbody><tr><td>Multi-Faktor-Authentifizierung<\/td><td>Verringert unbefugten Zugriff<\/td><\/tr><tr><td>\u00dcberpr\u00fcfung der App-Berechtigungen<\/td><td>Unn\u00f6tige Leckagen begrenzen<\/td><\/tr><tr><td>Sichere Passw\u00f6rter oder Passwort-Manager<\/td><td>Erschwert automatisierte Angriffe<\/td><\/tr><tr><td>Sichere Verbindungen (Zuverl\u00e4ssiges WLAN + HTTPS)<\/td><td>Minimiert Verkehrsspionage<\/td><\/tr><tr><td>Verschl\u00fcsselte Backups<\/td><td>Verhindert Datenverlust oder Datendiebstahl<\/td><\/tr><\/tbody><\/table><figcaption class=\"wp-element-caption\">Wie Sie Ihre pers\u00f6nlichen Daten im digitalen Zeitalter sch\u00fctzen k\u00f6nnen<\/figcaption><\/figure>\n\n\n\n<figure class=\"wp-block-gallery has-nested-images columns-default is-cropped wp-block-gallery-2 is-layout-flex wp-block-gallery-is-layout-flex\">\n<figure class=\"wp-block-image size-full\"><img loading=\"lazy\" decoding=\"async\" width=\"450\" height=\"250\" data-id=\"10400\" src=\"https:\/\/universofamilia.com\/wp-content\/uploads\/sites\/148\/2025\/11\/Destaque-Novo-Universo-1-5.jpg\" alt=\"\" class=\"wp-image-10400\" srcset=\"http:\/\/universofamilia.com\/wp-content\/uploads\/sites\/148\/2025\/11\/Destaque-Novo-Universo-1-5.jpg 450w, http:\/\/universofamilia.com\/wp-content\/uploads\/sites\/148\/2025\/11\/Destaque-Novo-Universo-1-5-300x167.jpg 300w, http:\/\/universofamilia.com\/wp-content\/uploads\/sites\/148\/2025\/11\/Destaque-Novo-Universo-1-5-18x10.jpg 18w\" sizes=\"(max-width: 450px) 100vw, 450px\" \/><figcaption class=\"wp-element-caption\">Leinwand<\/figcaption><\/figure>\n<\/figure>\n\n\n\n<p>Mehr lesen:<a href=\"http:\/\/universofamilia.com\/de\/inteligencia-artificial-en-el-dia-a-dia\/\">&nbsp;K\u00fcnstliche Intelligenz im Alltag<\/a><\/p>\n\n\n\n<h2 class=\"wp-block-heading\"><strong>Die Bedeutung der kontinuierlichen digitalen Bildung<\/strong><\/h2>\n\n\n\n<p>Digitale Kompetenz ist heute genauso wichtig wie der F\u00fchrerschein. Bedrohungen entwickeln sich weiter, Werkzeuge ver\u00e4ndern sich und Vorschriften werden immer fortschrittlicher.<\/p>\n\n\n\n<p>Das Lesen verl\u00e4sslicher Quellen, das Absolvieren von Kurzlehrg\u00e4ngen oder die Konsultation des INAI (Nationales Institut f\u00fcr Transparenz, Zugang zu Informationen und Schutz personenbezogener Daten) st\u00e4rkt Ihr Urteilsverm\u00f6gen.<\/p>\n\n\n\n<p>Dar\u00fcber hinaus verringert das Teilen bew\u00e4hrter Praktiken mit Familienmitgliedern, insbesondere mit jungen Menschen und \u00e4lteren Erwachsenen, die Wahrscheinlichkeit, Opfer von Betrug, Identit\u00e4tsdiebstahl oder emotionaler Manipulation zu werden.<\/p>\n\n\n\n<h2 class=\"wp-block-heading\"><strong>Fazit: Der Schutz Ihrer Daten sch\u00fctzt Ihre innere Ruhe.<\/strong><\/h2>\n\n\n\n<p>Datenschutz ist kein Luxus, sondern ein Recht. Wer sich w\u00f6chentlich ein paar Minuten Zeit nimmt, um seine digitale Umgebung zu \u00fcberpr\u00fcfen, kann sich vor finanziellen Verlusten, Stress und unn\u00f6tigen Sicherheitsl\u00fccken bewahren.<\/p>\n\n\n\n<p>Die Kombination aus best\u00e4ndigen Gewohnheiten, zuverl\u00e4ssiger Technologie und aktiver Aufmerksamkeit stellt den sichersten Weg dar.<\/p>\n\n\n\n<p>In einer Welt, in der fast alles \u00fcber Ihr Handy, Ihren Computer oder die Cloud abl\u00e4uft, erm\u00f6glicht Ihnen der Schutz Ihrer Daten, sich freier und mit weniger Unsicherheit zu bewegen.<\/p>\n\n\n\n<p>Mehr lesen: <a href=\"http:\/\/universofamilia.com\/de\/privacidad-en-linea\/\">Wie Sie Ihre pers\u00f6nlichen Daten im digitalen Zeitalter sch\u00fctzen k\u00f6nnen<\/a><\/p>\n\n\n\n<h1 class=\"wp-block-heading\"><strong>H\u00e4ufig gestellte Fragen (FAQ)<\/strong><\/h1>\n\n\n\n<p><strong>1. Wie oft sollte ich meine Passw\u00f6rter \u00e4ndern?<\/strong><\/p>\n\n\n\n<p>Je nach Kontoart zwischen drei und sechs Monaten. F\u00fcr Bankgesch\u00e4fte und E-Mails sind k\u00fcrzere Intervalle besser geeignet.<\/p>\n\n\n\n<p><strong>2. Sch\u00fctzt ein VPN meine Daten wirklich?<\/strong><\/p>\n\n\n\n<p>Ja, sofern es sich um ein zuverl\u00e4ssiges VPN mit klaren No-Logs-Regeln handelt. Es ist besonders in \u00f6ffentlichen Netzwerken n\u00fctzlich.<\/p>\n\n\n\n<p><strong>3. Ist es sicher, Dokumente in der Cloud zu speichern?<\/strong><\/p>\n\n\n\n<p>Ja, vorausgesetzt, der Dienst implementiert eine gute Verschl\u00fcsselung, Zwei-Faktor-Authentifizierung und ordnungsgem\u00e4\u00df konfigurierte private Berechtigungen.<\/p>\n\n\n\n<p><strong>4. Was sollte ich vor der Installation einer App \u00fcberpr\u00fcfen?<\/strong><\/p>\n\n\n\n<p>Angeforderte Berechtigungen, Entwicklerreputation, Bewertungen und Datenschutzrichtlinie. Jede Berechtigung, die keinen Sinn ergibt, ist ein Warnsignal.<\/p>\n\n\n\n<p><strong>5. Wie kann ich herausfinden, ob meine Daten durchgesickert sind?<\/strong><\/p>\n\n\n\n<p>Tools wie \u201eHave I Been Pwned\u201c erm\u00f6glichen es Ihnen zu \u00fcberpr\u00fcfen, ob Ihre E-Mail in bekannten Datenlecks aufgetaucht ist, und mehrere Banken warnen vor verd\u00e4chtigen Aktivit\u00e4ten.<\/p>","protected":false},"excerpt":{"rendered":"<p>Die Frage \u201eWie sch\u00fctze ich meine pers\u00f6nlichen Daten im digitalen Zeitalter?\u201c ist 2025 zu einem allt\u00e4glichen Thema geworden, insbesondere aufgrund der zunehmenden Datenpannen und der intensiven Datennutzung durch Apps, Plattformen und Dienste. Bevor wir uns n\u00e4her mit dem Thema befassen, hier eine kurze Zusammenfassung: Warum pers\u00f6nliche Daten [\u2026]<\/p>","protected":false},"author":219,"featured_media":10396,"comment_status":"closed","ping_status":"open","sticky":false,"template":"","format":"standard","meta":{"footnotes":""},"categories":[3],"tags":[],"yoast_head":"<!-- This site is optimized with the Yoast SEO plugin v23.3 - https:\/\/yoast.com\/wordpress\/plugins\/seo\/ -->\n<title>C\u00f3mo resguardar tu informaci\u00f3n personal en la era digital - Universo Fam\u00edlia<\/title>\n<meta name=\"description\" content=\"La frase \u201cC\u00f3mo resguardar tu informaci\u00f3n personal en la era digital\u201d se ha vuelto una preocupaci\u00f3n diaria en 2025, especialmente por el...\" \/>\n<meta name=\"robots\" content=\"index, follow, max-snippet:-1, max-image-preview:large, max-video-preview:-1\" \/>\n<link rel=\"canonical\" href=\"https:\/\/universofamilia.com\/de\/como-resguardar-tu-informacion-personal-en-la-era-digital\/\" \/>\n<meta property=\"og:locale\" content=\"de_DE\" \/>\n<meta property=\"og:type\" content=\"article\" \/>\n<meta property=\"og:title\" content=\"C\u00f3mo resguardar tu informaci\u00f3n personal en la era digital - Universo Fam\u00edlia\" \/>\n<meta property=\"og:description\" content=\"La frase \u201cC\u00f3mo resguardar tu informaci\u00f3n personal en la era digital\u201d se ha vuelto una preocupaci\u00f3n diaria en 2025, especialmente por el...\" \/>\n<meta property=\"og:url\" content=\"https:\/\/universofamilia.com\/de\/como-resguardar-tu-informacion-personal-en-la-era-digital\/\" \/>\n<meta property=\"og:site_name\" content=\"Universo Fam\u00edlia\" \/>\n<meta property=\"article:published_time\" content=\"2025-11-22T01:52:32+00:00\" \/>\n<meta property=\"article:modified_time\" content=\"2025-11-22T01:52:36+00:00\" \/>\n<meta property=\"og:image\" content=\"https:\/\/universofamilia.com\/wp-content\/uploads\/sites\/148\/2025\/11\/Destaque-Novo-Universo-7.jpg\" \/>\n\t<meta property=\"og:image:width\" content=\"450\" \/>\n\t<meta property=\"og:image:height\" content=\"250\" \/>\n\t<meta property=\"og:image:type\" content=\"image\/jpeg\" \/>\n<meta name=\"author\" content=\"Matheus Sangaletti\" \/>\n<meta name=\"twitter:card\" content=\"summary_large_image\" \/>\n<meta name=\"twitter:label1\" content=\"Written by\" \/>\n\t<meta name=\"twitter:data1\" content=\"Matheus Sangaletti\" \/>\n\t<meta name=\"twitter:label2\" content=\"Est. reading time\" \/>\n\t<meta name=\"twitter:data2\" content=\"7 Minuten\" \/>\n<script type=\"application\/ld+json\" class=\"yoast-schema-graph\">{\"@context\":\"https:\/\/schema.org\",\"@graph\":[{\"@type\":\"WebPage\",\"@id\":\"https:\/\/universofamilia.com\/en\/como-resguardar-tu-informacion-personal-en-la-era-digital\/\",\"url\":\"https:\/\/universofamilia.com\/en\/como-resguardar-tu-informacion-personal-en-la-era-digital\/\",\"name\":\"C\u00f3mo resguardar tu informaci\u00f3n personal en la era digital - Universo Fam\u00edlia\",\"isPartOf\":{\"@id\":\"http:\/\/universofamilia.com\/zh_hk\/#website\"},\"primaryImageOfPage\":{\"@id\":\"https:\/\/universofamilia.com\/en\/como-resguardar-tu-informacion-personal-en-la-era-digital\/#primaryimage\"},\"image\":{\"@id\":\"https:\/\/universofamilia.com\/en\/como-resguardar-tu-informacion-personal-en-la-era-digital\/#primaryimage\"},\"thumbnailUrl\":\"http:\/\/universofamilia.com\/wp-content\/uploads\/sites\/148\/2025\/11\/Destaque-Novo-Universo-7.jpg\",\"datePublished\":\"2025-11-22T01:52:32+00:00\",\"dateModified\":\"2025-11-22T01:52:36+00:00\",\"author\":{\"@id\":\"http:\/\/universofamilia.com\/zh_hk\/#\/schema\/person\/92fcd07e9b1f4323bf74f3170fc0f78a\"},\"description\":\"La frase \u201cC\u00f3mo resguardar tu informaci\u00f3n personal en la era digital\u201d se ha vuelto una preocupaci\u00f3n diaria en 2025, especialmente por el...\",\"breadcrumb\":{\"@id\":\"https:\/\/universofamilia.com\/en\/como-resguardar-tu-informacion-personal-en-la-era-digital\/#breadcrumb\"},\"inLanguage\":\"de-CH\",\"potentialAction\":[{\"@type\":\"ReadAction\",\"target\":[\"https:\/\/universofamilia.com\/en\/como-resguardar-tu-informacion-personal-en-la-era-digital\/\"]}]},{\"@type\":\"ImageObject\",\"inLanguage\":\"de-CH\",\"@id\":\"https:\/\/universofamilia.com\/en\/como-resguardar-tu-informacion-personal-en-la-era-digital\/#primaryimage\",\"url\":\"http:\/\/universofamilia.com\/wp-content\/uploads\/sites\/148\/2025\/11\/Destaque-Novo-Universo-7.jpg\",\"contentUrl\":\"http:\/\/universofamilia.com\/wp-content\/uploads\/sites\/148\/2025\/11\/Destaque-Novo-Universo-7.jpg\",\"width\":450,\"height\":250},{\"@type\":\"BreadcrumbList\",\"@id\":\"https:\/\/universofamilia.com\/en\/como-resguardar-tu-informacion-personal-en-la-era-digital\/#breadcrumb\",\"itemListElement\":[{\"@type\":\"ListItem\",\"position\":1,\"name\":\"Home\",\"item\":\"http:\/\/universofamilia.com\/zh_hk\/\"},{\"@type\":\"ListItem\",\"position\":2,\"name\":\"C\u00f3mo resguardar tu informaci\u00f3n personal en la era digital\"}]},{\"@type\":\"WebSite\",\"@id\":\"http:\/\/universofamilia.com\/zh_hk\/#website\",\"url\":\"http:\/\/universofamilia.com\/zh_hk\/\",\"name\":\"Universo Fam\u00edlia\",\"description\":\"\",\"potentialAction\":[{\"@type\":\"SearchAction\",\"target\":{\"@type\":\"EntryPoint\",\"urlTemplate\":\"http:\/\/universofamilia.com\/zh_hk\/?s={search_term_string}\"},\"query-input\":\"required name=search_term_string\"}],\"inLanguage\":\"de-CH\"},{\"@type\":\"Person\",\"@id\":\"http:\/\/universofamilia.com\/zh_hk\/#\/schema\/person\/92fcd07e9b1f4323bf74f3170fc0f78a\",\"name\":\"Matheus Sangaletti\",\"image\":{\"@type\":\"ImageObject\",\"inLanguage\":\"de-CH\",\"@id\":\"http:\/\/universofamilia.com\/zh_hk\/#\/schema\/person\/image\/\",\"url\":\"http:\/\/2.gravatar.com\/avatar\/280ea957a14a48e6a1ad2133d2cc27c9?s=96&d=mm&r=g\",\"contentUrl\":\"http:\/\/2.gravatar.com\/avatar\/280ea957a14a48e6a1ad2133d2cc27c9?s=96&d=mm&r=g\",\"caption\":\"Matheus Sangaletti\"},\"url\":\"http:\/\/universofamilia.com\/de\/author\/matheuss\/\"}]}<\/script>\n<!-- \/ Yoast SEO plugin. -->","yoast_head_json":{"title":"C\u00f3mo resguardar tu informaci\u00f3n personal en la era digital - Universo Fam\u00edlia","description":"La frase \u201cC\u00f3mo resguardar tu informaci\u00f3n personal en la era digital\u201d se ha vuelto una preocupaci\u00f3n diaria en 2025, especialmente por el...","robots":{"index":"index","follow":"follow","max-snippet":"max-snippet:-1","max-image-preview":"max-image-preview:large","max-video-preview":"max-video-preview:-1"},"canonical":"https:\/\/universofamilia.com\/de\/como-resguardar-tu-informacion-personal-en-la-era-digital\/","og_locale":"de_DE","og_type":"article","og_title":"C\u00f3mo resguardar tu informaci\u00f3n personal en la era digital - Universo Fam\u00edlia","og_description":"La frase \u201cC\u00f3mo resguardar tu informaci\u00f3n personal en la era digital\u201d se ha vuelto una preocupaci\u00f3n diaria en 2025, especialmente por el...","og_url":"https:\/\/universofamilia.com\/de\/como-resguardar-tu-informacion-personal-en-la-era-digital\/","og_site_name":"Universo Fam\u00edlia","article_published_time":"2025-11-22T01:52:32+00:00","article_modified_time":"2025-11-22T01:52:36+00:00","og_image":[{"width":450,"height":250,"url":"https:\/\/universofamilia.com\/wp-content\/uploads\/sites\/148\/2025\/11\/Destaque-Novo-Universo-7.jpg","type":"image\/jpeg"}],"author":"Matheus Sangaletti","twitter_card":"summary_large_image","twitter_misc":{"Written by":"Matheus Sangaletti","Est. reading time":"7 Minuten"},"schema":{"@context":"https:\/\/schema.org","@graph":[{"@type":"WebPage","@id":"https:\/\/universofamilia.com\/en\/como-resguardar-tu-informacion-personal-en-la-era-digital\/","url":"https:\/\/universofamilia.com\/en\/como-resguardar-tu-informacion-personal-en-la-era-digital\/","name":"C\u00f3mo resguardar tu informaci\u00f3n personal en la era digital - Universo Fam\u00edlia","isPartOf":{"@id":"http:\/\/universofamilia.com\/zh_hk\/#website"},"primaryImageOfPage":{"@id":"https:\/\/universofamilia.com\/en\/como-resguardar-tu-informacion-personal-en-la-era-digital\/#primaryimage"},"image":{"@id":"https:\/\/universofamilia.com\/en\/como-resguardar-tu-informacion-personal-en-la-era-digital\/#primaryimage"},"thumbnailUrl":"http:\/\/universofamilia.com\/wp-content\/uploads\/sites\/148\/2025\/11\/Destaque-Novo-Universo-7.jpg","datePublished":"2025-11-22T01:52:32+00:00","dateModified":"2025-11-22T01:52:36+00:00","author":{"@id":"http:\/\/universofamilia.com\/zh_hk\/#\/schema\/person\/92fcd07e9b1f4323bf74f3170fc0f78a"},"description":"La frase \u201cC\u00f3mo resguardar tu informaci\u00f3n personal en la era digital\u201d se ha vuelto una preocupaci\u00f3n diaria en 2025, especialmente por el...","breadcrumb":{"@id":"https:\/\/universofamilia.com\/en\/como-resguardar-tu-informacion-personal-en-la-era-digital\/#breadcrumb"},"inLanguage":"de-CH","potentialAction":[{"@type":"ReadAction","target":["https:\/\/universofamilia.com\/en\/como-resguardar-tu-informacion-personal-en-la-era-digital\/"]}]},{"@type":"ImageObject","inLanguage":"de-CH","@id":"https:\/\/universofamilia.com\/en\/como-resguardar-tu-informacion-personal-en-la-era-digital\/#primaryimage","url":"http:\/\/universofamilia.com\/wp-content\/uploads\/sites\/148\/2025\/11\/Destaque-Novo-Universo-7.jpg","contentUrl":"http:\/\/universofamilia.com\/wp-content\/uploads\/sites\/148\/2025\/11\/Destaque-Novo-Universo-7.jpg","width":450,"height":250},{"@type":"BreadcrumbList","@id":"https:\/\/universofamilia.com\/en\/como-resguardar-tu-informacion-personal-en-la-era-digital\/#breadcrumb","itemListElement":[{"@type":"ListItem","position":1,"name":"Home","item":"http:\/\/universofamilia.com\/zh_hk\/"},{"@type":"ListItem","position":2,"name":"C\u00f3mo resguardar tu informaci\u00f3n personal en la era digital"}]},{"@type":"WebSite","@id":"http:\/\/universofamilia.com\/zh_hk\/#website","url":"http:\/\/universofamilia.com\/zh_hk\/","name":"Universo Fam\u00edlia","description":"","potentialAction":[{"@type":"SearchAction","target":{"@type":"EntryPoint","urlTemplate":"http:\/\/universofamilia.com\/zh_hk\/?s={search_term_string}"},"query-input":"required name=search_term_string"}],"inLanguage":"de-CH"},{"@type":"Person","@id":"http:\/\/universofamilia.com\/zh_hk\/#\/schema\/person\/92fcd07e9b1f4323bf74f3170fc0f78a","name":"Matheus Sangaletti","image":{"@type":"ImageObject","inLanguage":"de-CH","@id":"http:\/\/universofamilia.com\/zh_hk\/#\/schema\/person\/image\/","url":"http:\/\/2.gravatar.com\/avatar\/280ea957a14a48e6a1ad2133d2cc27c9?s=96&d=mm&r=g","contentUrl":"http:\/\/2.gravatar.com\/avatar\/280ea957a14a48e6a1ad2133d2cc27c9?s=96&d=mm&r=g","caption":"Matheus Sangaletti"},"url":"http:\/\/universofamilia.com\/de\/author\/matheuss\/"}]}},"_links":{"self":[{"href":"http:\/\/universofamilia.com\/de\/wp-json\/wp\/v2\/posts\/10395"}],"collection":[{"href":"http:\/\/universofamilia.com\/de\/wp-json\/wp\/v2\/posts"}],"about":[{"href":"http:\/\/universofamilia.com\/de\/wp-json\/wp\/v2\/types\/post"}],"author":[{"embeddable":true,"href":"http:\/\/universofamilia.com\/de\/wp-json\/wp\/v2\/users\/219"}],"replies":[{"embeddable":true,"href":"http:\/\/universofamilia.com\/de\/wp-json\/wp\/v2\/comments?post=10395"}],"version-history":[{"count":1,"href":"http:\/\/universofamilia.com\/de\/wp-json\/wp\/v2\/posts\/10395\/revisions"}],"predecessor-version":[{"id":10401,"href":"http:\/\/universofamilia.com\/de\/wp-json\/wp\/v2\/posts\/10395\/revisions\/10401"}],"wp:featuredmedia":[{"embeddable":true,"href":"http:\/\/universofamilia.com\/de\/wp-json\/wp\/v2\/media\/10396"}],"wp:attachment":[{"href":"http:\/\/universofamilia.com\/de\/wp-json\/wp\/v2\/media?parent=10395"}],"wp:term":[{"taxonomy":"category","embeddable":true,"href":"http:\/\/universofamilia.com\/de\/wp-json\/wp\/v2\/categories?post=10395"},{"taxonomy":"post_tag","embeddable":true,"href":"http:\/\/universofamilia.com\/de\/wp-json\/wp\/v2\/tags?post=10395"}],"curies":[{"name":"wp","href":"https:\/\/api.w.org\/{rel}","templated":true}]}}