{"id":10459,"date":"2025-12-26T11:16:37","date_gmt":"2025-12-26T14:16:37","guid":{"rendered":"https:\/\/universofamilia.com\/?p=10459"},"modified":"2025-12-26T11:16:39","modified_gmt":"2025-12-26T14:16:39","slug":"como-prepararse-para-entrevistas-de-trabajo-virtuales","status":"publish","type":"post","link":"http:\/\/universofamilia.com\/de\/como-prepararse-para-entrevistas-de-trabajo-virtuales\/","title":{"rendered":"Wie man sich auf virtuelle Vorstellungsgespr\u00e4che vorbereitet"},"content":{"rendered":"<p class=\"has-text-align-center\"><strong>Wie man sich auf virtuelle Vorstellungsgespr\u00e4che vorbereitet<\/strong> Bis 2025 wird es zu einer unverzichtbaren beruflichen Kompetenz geworden sein.<\/p>\n\n\n\n<figure class=\"wp-block-gallery has-nested-images columns-default is-cropped wp-block-gallery-1 is-layout-flex wp-block-gallery-is-layout-flex\">\n<figure class=\"wp-block-image size-full\"><img loading=\"lazy\" decoding=\"async\" width=\"450\" height=\"250\" data-id=\"10461\" src=\"https:\/\/universofamilia.com\/wp-content\/uploads\/sites\/148\/2025\/12\/Destaque-Novo-Universo-16-1.jpg\" alt=\"\" class=\"wp-image-10461\" srcset=\"http:\/\/universofamilia.com\/wp-content\/uploads\/sites\/148\/2025\/12\/Destaque-Novo-Universo-16-1.jpg 450w, http:\/\/universofamilia.com\/wp-content\/uploads\/sites\/148\/2025\/12\/Destaque-Novo-Universo-16-1-300x167.jpg 300w, http:\/\/universofamilia.com\/wp-content\/uploads\/sites\/148\/2025\/12\/Destaque-Novo-Universo-16-1-18x10.jpg 18w\" sizes=\"(max-width: 450px) 100vw, 450px\" \/><figcaption class=\"wp-element-caption\">Wie man sich auf virtuelle Vorstellungsgespr\u00e4che vorbereitet<\/figcaption><\/figure>\n<\/figure>\n\n\n\n<p class=\"has-text-align-center\">Das Wachstum von Fernarbeit, hybriden Rekrutierungsprozessen und die Digitalisierung von Talenten haben die Art und Weise, wie Unternehmen Kandidaten bewerten, f\u00fcr immer ver\u00e4ndert.<\/p>\n\n\n\n<p>Ein guter Lebenslauf allein gen\u00fcgt nicht mehr: Jetzt kommt es auch darauf an, wie man \u00fcber einen Bildschirm kommuniziert, wie man mit Technologie umgeht und wie authentisch man in einer digitalen Umgebung sein kann.<\/p>\n\n\n\n<p>Bevor wir tiefer in die Materie einsteigen, ist es sinnvoll, eine kurze Zusammenfassung zu geben, um das Lesen zu erleichtern: Warum virtuelle Vorstellungsgespr\u00e4che mittlerweile die Norm sind und welche Fehler weiterhin Chancen kosten.<\/p>\n\n\n\n<p>Wie man das Umfeld und die Technologie vorbereitet, was Personalverantwortliche wirklich bewerten, eine wichtige Statistik, zwei Beispiele aus der Praxis, eine aufschlussreiche Analogie, eine praktische Tabelle und klare Antworten auf h\u00e4ufig gestellte Fragen.<\/p>\n\n\n\n<h2 class=\"wp-block-heading\"><strong>Der neue Kontext virtueller Vorstellungsgespr\u00e4che im Jahr 2025<\/strong><\/h2>\n\n\n\n<p>Virtuelle Vorstellungsgespr\u00e4che sind keine \u00dcbergangsl\u00f6sung mehr. Plattformen wie Zoom, Microsoft Teams und Google Meet sind fest in die Rekrutierungsprozesse integriert, selbst in traditionellen Unternehmen.<\/p>\n\n\n\n<p>Dieses Format erm\u00f6glicht geringere Kosten, eine gr\u00f6\u00dfere globale Reichweite der Talente und schnellere Entscheidungsfindung.<\/p>\n\n\n\n<p>Die Ver\u00e4nderung erh\u00f6hte jedoch auch die Anforderungen.<\/p>\n\n\n\n<p>Wer an einem Online-Interview teilnimmt, beweist nicht nur technisches Wissen, sondern auch digitale Kompetenzen, klare Kommunikationsf\u00e4higkeit und Anpassungsf\u00e4higkeit.<\/p>\n\n\n\n<p>Vorbereitet zu sein ist keine Option mehr, sondern entscheidet dar\u00fcber, ob man vorw\u00e4rtskommt oder zur\u00fcckbleibt.<\/p>\n\n\n\n<h2 class=\"wp-block-heading\"><strong>Worauf Personalverantwortliche heute bei einem virtuellen Vorstellungsgespr\u00e4ch achten<\/strong><\/h2>\n\n\n\n<p>Viele Bewerber glauben, dass der Personalverantwortliche lediglich die Antworten auswertet. In Wirklichkeit geht die Analyse jedoch weit dar\u00fcber hinaus.<\/p>\n\n\n\n<p>Beobachten Sie die Art und Weise, wie sich jemand ausdr\u00fcckt, die F\u00e4higkeit zur Synthese, die K\u00f6rpersprache vor der Kamera und den Umgang mit unvorhergesehenen technischen Problemen.<\/p>\n\n\n\n<p>Laut einem Bericht von <strong>LinkedIn-Bericht zum Thema Lernen am Arbeitsplatz<\/strong>, mehr als <strong>70 % der Personalverantwortlichen halten Kommunikations- und digitale Kompetenzen f\u00fcr genauso wichtig wie technisches Fachwissen.<\/strong> in virtuellen Prozessen.<\/p>\n\n\n\n<p>Diese Daten best\u00e4tigen, dass die Vorbereitung umfassend sein muss und sich nicht auf den fachlichen Diskurs beschr\u00e4nken darf.<\/p>\n\n\n\n<h2 class=\"wp-block-heading\"><strong>Technische Vorbereitung: das Fundament, das keinen Raum f\u00fcr Fehler l\u00e4sst<\/strong><\/h2>\n\n\n\n<p>Auch wenn es offensichtlich erscheint, scheitern viele Prozesse an simplen Fehlern. Eine schlechte Verbindung, ein defektes Mikrofon oder eine laute Umgebung hinterlassen sofort einen negativen Eindruck.<\/p>\n\n\n\n<p>Es empfiehlt sich, die Technik mindestens einen Tag vorher zu \u00fcberpr\u00fcfen. Eine auf Augenh\u00f6he positionierte Kamera, klarer Ton und eine stabile Verbindung vermitteln Professionalit\u00e4t.<\/p>\n\n\n\n<p>Dar\u00fcber hinaus verhindert das Schlie\u00dfen unn\u00f6tiger Anwendungen unerwartete Unterbrechungen.<\/p>\n\n\n\n<p>Hier kommt eine wenig beachtete Regel ins Spiel: Einfachheit.<\/p>\n\n\n\n<p>Ein klarer und neutraler Hintergrund f\u00f6rdert die Konzentration. Es geht nicht darum, mit Technologie zu beeindrucken, sondern darum, Gespr\u00e4che zu erm\u00f6glichen.<\/p>\n\n\n\n<h2 class=\"wp-block-heading\"><strong>Die Umwelt: wichtiger als Sie denken<\/strong><\/h2>\n\n\n\n<p>Auch der Raum, von dem aus Sie sich verbinden, vermittelt etwas. Nat\u00fcrliches Licht, eine saubere Wand oder ein dezenter virtueller Hintergrund sowie ein bequemer Stuhl beeinflussen Ihre Leistung.<\/p>\n\n\n\n<p>Eine aufrechte K\u00f6rperhaltung strahlt Selbstvertrauen und Energie aus, selbst durch den Bildschirm hindurch.<\/p>\n\n\n\n<p>Dar\u00fcber hinaus zeugt es von Weitsicht, enge Kontakte zu informieren, um Unterbrechungen zu vermeiden. Dieses Detail wird zwar oft \u00fcbersehen, reduziert aber Stress und verbessert den Kommunikationsfluss.<\/p>\n\n\n\n<h2 class=\"wp-block-heading\"><strong>Verbale und nonverbale Kommunikation auf dem Bildschirm<\/strong><\/h2>\n\n\n\n<p>Das Sprechen vor einer Kamera erfordert einige Anpassungen. Wenn man direkt in die Linse schaut und nicht auf das eigene Bild, entsteht ein Gef\u00fchl von Augenkontakt.<\/p>\n\n\n\n<p>Durch Modulation der Stimme, Pausen und das Vermeiden von F\u00fcllw\u00f6rtern wird die Klarheit der Botschaft verst\u00e4rkt.<\/p>\n\n\n\n<p>Auch die Mimik spielt eine Rolle. Ein nat\u00fcrliches L\u00e4cheln, Nicken und gezeigtes Interesse erhalten die menschliche Verbindung aufrecht.<\/p>\n\n\n\n<p>Auch wenn die Umgebung digital ist, bleibt das Vorstellungsgespr\u00e4ch ein Gespr\u00e4ch zwischen Menschen.<\/p>\n\n\n\n<p>Dies wirft eine wichtige Frage auf, die zum Nachdenken anregt: <strong>Wenn der Personalvermittler nur Ihr Bild und Ihre Stimme h\u00e4tte, welche berufliche Geschichte w\u00fcrde er wahrnehmen?<\/strong><\/p>\n\n\n\n<h2 class=\"wp-block-heading\"><strong>Wie man Antworten strategisch strukturiert<\/strong><\/h2>\n\n\n\n<p>Improvisation funktioniert selten. Vorbereitete Antworten mit konkreten Beispielen verleihen Glaubw\u00fcrdigkeit.<\/p>\n\n\n\n<p>Eine hilfreiche Technik ist es, die Situation kurz zu beschreiben, die ergriffenen Ma\u00dfnahmen zu erl\u00e4utern und mit dem erzielten Ergebnis abzuschlie\u00dfen.<\/p>\n\n\n\n<h3 class=\"wp-block-heading\"><strong>Beispiel 1<\/strong><\/h3>\n\n\n\n<p>Eine Kandidatin f\u00fcr eine Stelle im digitalen Marketing erkl\u00e4rte, wie sie w\u00e4hrend einer Krise eine Pr\u00e4senzkampagne in ein Online-Format umgewandelt hat und hob dabei konkrete Konversionskennzahlen hervor.<\/p>\n\n\n\n<p>Klarheit und Ergebnisorientierung st\u00e4rkten ihr Profil, auch ohne vorherige Erfahrung in der Fernarbeit.<\/p>\n\n\n\n<p>Diese Art von Erz\u00e4hlung verkn\u00fcpft Erfahrung mit dem aktuellen Kontext, was bei virtuellen Vorstellungsgespr\u00e4chen sehr gesch\u00e4tzt wird.<\/p>\n\n\n\n<h2 class=\"wp-block-heading\"><strong>Professionelle Kleidung und Erscheinungsbild<\/strong><\/h2>\n\n\n\n<p>Auch wenn das Vorstellungsgespr\u00e4ch von zu Hause aus stattfindet, sollte das Bild zur Unternehmenskultur passen.<\/p>\n\n\n\n<p>Professionelle Kleidung, gedeckte Farben und das Vermeiden auff\u00e4lliger Muster tragen dazu bei, dass der Fokus auf der Rede liegt.<\/p>\n\n\n\n<p>Angemessene Kleidung beeinflusst auch die Einstellung. Kleidung wirkt als psychologischer Anker und bereitet den Geist auf eine selbstbewusstere und konzentriertere Leistung vor.<\/p>\n\n\n\n<h2 class=\"wp-block-heading\"><strong>Bisherige Forschung: das stille Differenzial<\/strong><\/h2>\n\n\n\n<p>Kenntnisse \u00fcber das Unternehmen, seine Kultur und seine aktuellen Herausforderungen zeugen von echtem Interesse.<\/p>\n\n\n\n<p>Die Durchsicht ihrer Website, ihrer beruflichen Netzwerke und aktueller Nachrichten erm\u00f6glicht es Ihnen, intelligente Fragen zu formulieren.<\/p>\n\n\n\n<p>Die Forscher beweisen Engagement. Dar\u00fcber hinaus verst\u00e4rkt die Verkn\u00fcpfung der eigenen F\u00e4higkeiten mit realen Gesch\u00e4ftsbed\u00fcrfnissen die Wertwahrnehmung.<\/p>\n\n\n\n<h2 class=\"wp-block-heading\"><strong>Die Analogie, die alles erkl\u00e4rt<\/strong><\/h2>\n\n\n\n<p>Die Vorbereitung auf ein virtuelles Vorstellungsgespr\u00e4ch \u00e4hnelt sehr der folgenden: <strong>ein Instrument vor einem Konzert stimmen<\/strong>Das Talent ist bereits vorhanden, aber ohne vorherige Anpassung verliert der Klang seine Kraft.<\/p>\n\n\n\n<p>Vorbereitung ver\u00e4ndert nicht, wer du bist, sie erm\u00f6glicht es lediglich, dass dein bestes Selbst klar zum Ausdruck kommt.<\/p>\n\n\n\n<h2 class=\"wp-block-heading\"><strong>Praktischer Leitfaden: Wichtige Aspekte f\u00fcr ein erfolgreiches virtuelles Vorstellungsgespr\u00e4ch<\/strong><\/h2>\n\n\n\n<figure class=\"wp-block-table\"><table><thead><tr><th>Bewertungsbereich<\/th><th>Was Sie vor dem Vorstellungsgespr\u00e4ch \u00fcberpr\u00fcfen sollten<\/th><\/tr><\/thead><tbody><tr><td>Technologie<\/td><td>Kamera, Mikrofon und Verbindung<\/td><\/tr><tr><td>Um<\/td><td>Licht, Hintergrund und Stille<\/td><\/tr><tr><td>Kommunikation<\/td><td>Klarheit, Pausen und Blickkontakt<\/td><\/tr><tr><td>Inhalt<\/td><td>Strukturierte Antworten<\/td><\/tr><tr><td>Professionelles Image<\/td><td>Der Rolle angemessene Kleidung<\/td><\/tr><\/tbody><\/table><figcaption class=\"wp-element-caption\">Wie man sich auf virtuelle Vorstellungsgespr\u00e4che vorbereitet<\/figcaption><\/figure>\n\n\n\n<figure class=\"wp-block-gallery has-nested-images columns-default is-cropped wp-block-gallery-2 is-layout-flex wp-block-gallery-is-layout-flex\">\n<figure class=\"wp-block-image size-full\"><img loading=\"lazy\" decoding=\"async\" width=\"450\" height=\"250\" data-id=\"10462\" src=\"https:\/\/universofamilia.com\/wp-content\/uploads\/sites\/148\/2025\/12\/Destaque-Novo-Universo-17.jpg\" alt=\"\" class=\"wp-image-10462\" srcset=\"http:\/\/universofamilia.com\/wp-content\/uploads\/sites\/148\/2025\/12\/Destaque-Novo-Universo-17.jpg 450w, http:\/\/universofamilia.com\/wp-content\/uploads\/sites\/148\/2025\/12\/Destaque-Novo-Universo-17-300x167.jpg 300w, http:\/\/universofamilia.com\/wp-content\/uploads\/sites\/148\/2025\/12\/Destaque-Novo-Universo-17-18x10.jpg 18w\" sizes=\"(max-width: 450px) 100vw, 450px\" \/><figcaption class=\"wp-element-caption\">Wie man sich auf virtuelle Vorstellungsgespr\u00e4che vorbereitet<\/figcaption><\/figure>\n<\/figure>\n\n\n\n<p>Mehr lesen:\u00a0<a href=\"http:\/\/universofamilia.com\/de\/carreras-sostenibles-empleos-verdes-en-auge\/\">Nachhaltige Karrieren: Boomende gr\u00fcne Jobs<\/a><\/p>\n\n\n\n<h2 class=\"wp-block-heading\"><strong>Umgang mit unerwarteten Ereignissen, ohne die Glaubw\u00fcrdigkeit zu verlieren<\/strong><\/h2>\n\n\n\n<p>Technische Probleme k\u00f6nnen auch bei sorgf\u00e4ltiger Vorbereitung auftreten.<\/p>\n\n\n\n<p>Der Unterschied liegt in der Art und Weise, wie damit umgegangen wird. Wenn Sie die Betroffenen ruhig informieren, eine schnelle L\u00f6sung vorschlagen und eine professionelle Haltung bewahren, sch\u00fctzen Sie Ihr Image.<\/p>\n\n\n\n<h3 class=\"wp-block-heading\"><strong>Beispiel 2<\/strong><\/h3>\n\n\n\n<p>Ein Entwickler verlor w\u00e4hrend eines internationalen Vorstellungsgespr\u00e4chs die Verbindung.<\/p>\n\n\n\n<p>Statt in Panik zu geraten, nahm sie wieder Kontakt auf, entschuldigte sich kurz und setzte das Gespr\u00e4ch ruhig fort.<\/p>\n\n\n\n<p>Diese Reaktion wurde als Zeichen beruflicher Reife gewertet.<\/p>\n\n\n\n<h2 class=\"wp-block-heading\"><strong>Die Schlie\u00dfung: eine verpasste Gelegenheit<\/strong><\/h2>\n\n\n\n<p>Viele Kandidaten vernachl\u00e4ssigen den Abschluss. Wenn Sie sich f\u00fcr die Zeit bedanken, Ihr Interesse kurz zusammenfassen und nach den n\u00e4chsten Schritten fragen, hinterlassen Sie einen positiven und professionellen Eindruck.<\/p>\n\n\n\n<p>Das Versenden einer anschlie\u00dfenden Dankesnachricht st\u00e4rkt die Bindung und zeugt von professioneller H\u00f6flichkeit, einer Eigenschaft, die nach wie vor sehr gesch\u00e4tzt wird.<\/p>\n\n\n\n<h2 class=\"wp-block-heading\"><strong>Schlussfolgerung<\/strong><\/h2>\n\n\n\n<p>Master <strong>Wie man sich auf virtuelle Vorstellungsgespr\u00e4che vorbereitet<\/strong> Es beinhaltet weit mehr, als nur die Kamera einzuschalten und Fragen zu beantworten.<\/p>\n\n\n\n<p>Es erfordert Strategie, Selbstreflexion und die Anpassung an die neue digitale Sprache des Arbeitsmarktes.<\/p>\n\n\n\n<p>Wer gut vorbereitet ist, strahlt Selbstvertrauen, Klarheit und Professionalit\u00e4t aus, selbst durch einen Bildschirm hindurch.<\/p>\n\n\n\n<p>In einem wettbewerbsorientierten und globalen Umfeld ist das virtuelle Vorstellungsgespr\u00e4ch kein Hindernis, sondern eine Chance, sich zu pr\u00e4sentieren.<\/p>\n\n\n\n<p>Wer sich gut vorbereitet, kann seinen wahren Wert unter Beweis stellen und die angestrebte Chance mit gr\u00f6\u00dferem Selbstvertrauen angehen.<\/p>\n\n\n\n<p>Mehr lesen:\u00a0<a href=\"http:\/\/universofamilia.com\/de\/el-teletrabajo-en-2025-las-nuevas-tendencias-del-home-office\/\">Telearbeit im Jahr 2025: Neue Homeoffice-Trends<\/a><\/p>\n\n\n\n<h2 class=\"wp-block-heading\"><strong>H\u00e4ufig gestellte Fragen<\/strong><\/h2>\n\n\n\n<p><strong>Sind virtuelle Vorstellungsgespr\u00e4che weniger formell als pers\u00f6nliche Vorstellungsgespr\u00e4che?<\/strong><\/p>\n\n\n\n<p>Nein. Auch wenn das Umfeld digital ist, bleibt das erwartete Ma\u00df an Professionalit\u00e4t gleich oder ist sogar noch h\u00f6her.<\/p>\n\n\n\n<p><strong>Ist die Verwendung virtueller W\u00e4hrungen ratsam?<\/strong><\/p>\n\n\n\n<p>Ja, solange sie unauff\u00e4llig und stabil sind. Ein gut organisierter, realer Hintergrund sorgt in der Regel f\u00fcr ein nat\u00fcrlicheres Aussehen.<\/p>\n\n\n\n<p><strong>Wie weit im Voraus sollte ich mich einloggen?<\/strong><\/p>\n\n\n\n<p>Eine Ankunft 5 bis 10 Minuten vorher reicht aus, um Details zu \u00fcberpr\u00fcfen, ohne Unannehmlichkeiten zu verursachen.<\/p>\n\n\n\n<p><strong>Ist es ratsam, sich w\u00e4hrend des Vorstellungsgespr\u00e4chs Notizen zu machen?<\/strong><\/p>\n\n\n\n<p>Ja, solange es kurz und ohne Unterbrechung des Blickkontakts geschieht.<\/p>\n\n\n\n<p><strong>Kann technische Vorbereitung mangelnde Erfahrung ausgleichen?<\/strong><\/p>\n\n\n\n<p>Sie ersetzt zwar nicht die Erfahrung, verst\u00e4rkt aber die Wahrnehmung von Kompetenz und Professionalit\u00e4t.<\/p>\n\n\n\n<p>Wer sich heute vorbereitet, verbessert nicht nur seine Leistung, sondern st\u00e4rkt auch sein Selbstvertrauen.<\/p>\n\n\n\n<p>Auf einem digitalisierten Arbeitsmarkt bleibt diese Kombination eine der wertvollsten Ressourcen.<\/p>","protected":false},"excerpt":{"rendered":"<p>C\u00f3mo prepararse para entrevistas de trabajo virtuales se ha convertido en una habilidad profesional imprescindible en 2025. El crecimiento del trabajo remoto, los procesos h\u00edbridos de reclutamiento y la digitalizaci\u00f3n del talento cambiaron para siempre la forma en que las empresas eval\u00faan candidatos. Ya no basta con tener un buen curr\u00edculum: ahora tambi\u00e9n importa c\u00f3mo [&hellip;]<\/p>","protected":false},"author":219,"featured_media":10460,"comment_status":"closed","ping_status":"open","sticky":false,"template":"","format":"standard","meta":{"footnotes":""},"categories":[5],"tags":[],"yoast_head":"<!-- This site is optimized with the Yoast SEO plugin v23.3 - https:\/\/yoast.com\/wordpress\/plugins\/seo\/ -->\n<title>C\u00f3mo prepararse para entrevistas de trabajo virtuales - Universo Fam\u00edlia<\/title>\n<meta name=\"description\" content=\"C\u00f3mo prepararse para entrevistas de trabajo virtuales se ha convertido en una habilidad profesional imprescindible en 2025.\" \/>\n<meta name=\"robots\" content=\"index, follow, max-snippet:-1, max-image-preview:large, max-video-preview:-1\" \/>\n<link rel=\"canonical\" href=\"https:\/\/universofamilia.com\/de\/como-prepararse-para-entrevistas-de-trabajo-virtuales\/\" \/>\n<meta property=\"og:locale\" content=\"de_DE\" \/>\n<meta property=\"og:type\" content=\"article\" \/>\n<meta property=\"og:title\" content=\"C\u00f3mo prepararse para entrevistas de trabajo virtuales - Universo Fam\u00edlia\" \/>\n<meta property=\"og:description\" content=\"C\u00f3mo prepararse para entrevistas de trabajo virtuales se ha convertido en una habilidad profesional imprescindible en 2025.\" \/>\n<meta property=\"og:url\" content=\"https:\/\/universofamilia.com\/de\/como-prepararse-para-entrevistas-de-trabajo-virtuales\/\" \/>\n<meta property=\"og:site_name\" content=\"Universo Fam\u00edlia\" \/>\n<meta property=\"article:published_time\" content=\"2025-12-26T14:16:37+00:00\" \/>\n<meta property=\"article:modified_time\" content=\"2025-12-26T14:16:39+00:00\" \/>\n<meta property=\"og:image\" content=\"https:\/\/universofamilia.com\/wp-content\/uploads\/sites\/148\/2025\/12\/Destaque-Novo-Universo-16.jpg\" \/>\n\t<meta property=\"og:image:width\" content=\"450\" \/>\n\t<meta property=\"og:image:height\" content=\"250\" \/>\n\t<meta property=\"og:image:type\" content=\"image\/jpeg\" \/>\n<meta name=\"author\" content=\"Matheus Sangaletti\" \/>\n<meta name=\"twitter:card\" content=\"summary_large_image\" \/>\n<meta name=\"twitter:label1\" content=\"Written by\" \/>\n\t<meta name=\"twitter:data1\" content=\"Matheus Sangaletti\" \/>\n\t<meta name=\"twitter:label2\" content=\"Est. reading time\" \/>\n\t<meta name=\"twitter:data2\" content=\"8 Minuten\" \/>\n<script type=\"application\/ld+json\" class=\"yoast-schema-graph\">{\"@context\":\"https:\/\/schema.org\",\"@graph\":[{\"@type\":\"WebPage\",\"@id\":\"https:\/\/universofamilia.com\/ja\/como-prepararse-para-entrevistas-de-trabajo-virtuales\/\",\"url\":\"https:\/\/universofamilia.com\/ja\/como-prepararse-para-entrevistas-de-trabajo-virtuales\/\",\"name\":\"C\u00f3mo prepararse para entrevistas de trabajo virtuales - Universo Fam\u00edlia\",\"isPartOf\":{\"@id\":\"http:\/\/universofamilia.com\/zh_hk\/#website\"},\"primaryImageOfPage\":{\"@id\":\"https:\/\/universofamilia.com\/ja\/como-prepararse-para-entrevistas-de-trabajo-virtuales\/#primaryimage\"},\"image\":{\"@id\":\"https:\/\/universofamilia.com\/ja\/como-prepararse-para-entrevistas-de-trabajo-virtuales\/#primaryimage\"},\"thumbnailUrl\":\"http:\/\/universofamilia.com\/wp-content\/uploads\/sites\/148\/2025\/12\/Destaque-Novo-Universo-16.jpg\",\"datePublished\":\"2025-12-26T14:16:37+00:00\",\"dateModified\":\"2025-12-26T14:16:39+00:00\",\"author\":{\"@id\":\"http:\/\/universofamilia.com\/zh_hk\/#\/schema\/person\/92fcd07e9b1f4323bf74f3170fc0f78a\"},\"description\":\"C\u00f3mo prepararse para entrevistas de trabajo virtuales se ha convertido en una habilidad profesional imprescindible en 2025.\",\"breadcrumb\":{\"@id\":\"https:\/\/universofamilia.com\/ja\/como-prepararse-para-entrevistas-de-trabajo-virtuales\/#breadcrumb\"},\"inLanguage\":\"de-CH\",\"potentialAction\":[{\"@type\":\"ReadAction\",\"target\":[\"https:\/\/universofamilia.com\/ja\/como-prepararse-para-entrevistas-de-trabajo-virtuales\/\"]}]},{\"@type\":\"ImageObject\",\"inLanguage\":\"de-CH\",\"@id\":\"https:\/\/universofamilia.com\/ja\/como-prepararse-para-entrevistas-de-trabajo-virtuales\/#primaryimage\",\"url\":\"http:\/\/universofamilia.com\/wp-content\/uploads\/sites\/148\/2025\/12\/Destaque-Novo-Universo-16.jpg\",\"contentUrl\":\"http:\/\/universofamilia.com\/wp-content\/uploads\/sites\/148\/2025\/12\/Destaque-Novo-Universo-16.jpg\",\"width\":450,\"height\":250,\"caption\":\"C\u00f3mo prepararse para entrevistas de trabajo virtuales\"},{\"@type\":\"BreadcrumbList\",\"@id\":\"https:\/\/universofamilia.com\/ja\/como-prepararse-para-entrevistas-de-trabajo-virtuales\/#breadcrumb\",\"itemListElement\":[{\"@type\":\"ListItem\",\"position\":1,\"name\":\"Home\",\"item\":\"http:\/\/universofamilia.com\/zh_hk\/\"},{\"@type\":\"ListItem\",\"position\":2,\"name\":\"C\u00f3mo prepararse para entrevistas de trabajo virtuales\"}]},{\"@type\":\"WebSite\",\"@id\":\"http:\/\/universofamilia.com\/zh_hk\/#website\",\"url\":\"http:\/\/universofamilia.com\/zh_hk\/\",\"name\":\"Universo Fam\u00edlia\",\"description\":\"\",\"potentialAction\":[{\"@type\":\"SearchAction\",\"target\":{\"@type\":\"EntryPoint\",\"urlTemplate\":\"http:\/\/universofamilia.com\/zh_hk\/?s={search_term_string}\"},\"query-input\":\"required name=search_term_string\"}],\"inLanguage\":\"de-CH\"},{\"@type\":\"Person\",\"@id\":\"http:\/\/universofamilia.com\/zh_hk\/#\/schema\/person\/92fcd07e9b1f4323bf74f3170fc0f78a\",\"name\":\"Matheus Sangaletti\",\"image\":{\"@type\":\"ImageObject\",\"inLanguage\":\"de-CH\",\"@id\":\"http:\/\/universofamilia.com\/zh_hk\/#\/schema\/person\/image\/\",\"url\":\"http:\/\/2.gravatar.com\/avatar\/280ea957a14a48e6a1ad2133d2cc27c9?s=96&d=mm&r=g\",\"contentUrl\":\"http:\/\/2.gravatar.com\/avatar\/280ea957a14a48e6a1ad2133d2cc27c9?s=96&d=mm&r=g\",\"caption\":\"Matheus Sangaletti\"},\"url\":\"http:\/\/universofamilia.com\/de\/author\/matheuss\/\"}]}<\/script>\n<!-- \/ Yoast SEO plugin. -->","yoast_head_json":{"title":"C\u00f3mo prepararse para entrevistas de trabajo virtuales - Universo Fam\u00edlia","description":"C\u00f3mo prepararse para entrevistas de trabajo virtuales se ha convertido en una habilidad profesional imprescindible en 2025.","robots":{"index":"index","follow":"follow","max-snippet":"max-snippet:-1","max-image-preview":"max-image-preview:large","max-video-preview":"max-video-preview:-1"},"canonical":"https:\/\/universofamilia.com\/de\/como-prepararse-para-entrevistas-de-trabajo-virtuales\/","og_locale":"de_DE","og_type":"article","og_title":"C\u00f3mo prepararse para entrevistas de trabajo virtuales - Universo Fam\u00edlia","og_description":"C\u00f3mo prepararse para entrevistas de trabajo virtuales se ha convertido en una habilidad profesional imprescindible en 2025.","og_url":"https:\/\/universofamilia.com\/de\/como-prepararse-para-entrevistas-de-trabajo-virtuales\/","og_site_name":"Universo Fam\u00edlia","article_published_time":"2025-12-26T14:16:37+00:00","article_modified_time":"2025-12-26T14:16:39+00:00","og_image":[{"width":450,"height":250,"url":"https:\/\/universofamilia.com\/wp-content\/uploads\/sites\/148\/2025\/12\/Destaque-Novo-Universo-16.jpg","type":"image\/jpeg"}],"author":"Matheus Sangaletti","twitter_card":"summary_large_image","twitter_misc":{"Written by":"Matheus Sangaletti","Est. reading time":"8 Minuten"},"schema":{"@context":"https:\/\/schema.org","@graph":[{"@type":"WebPage","@id":"https:\/\/universofamilia.com\/ja\/como-prepararse-para-entrevistas-de-trabajo-virtuales\/","url":"https:\/\/universofamilia.com\/ja\/como-prepararse-para-entrevistas-de-trabajo-virtuales\/","name":"C\u00f3mo prepararse para entrevistas de trabajo virtuales - Universo Fam\u00edlia","isPartOf":{"@id":"http:\/\/universofamilia.com\/zh_hk\/#website"},"primaryImageOfPage":{"@id":"https:\/\/universofamilia.com\/ja\/como-prepararse-para-entrevistas-de-trabajo-virtuales\/#primaryimage"},"image":{"@id":"https:\/\/universofamilia.com\/ja\/como-prepararse-para-entrevistas-de-trabajo-virtuales\/#primaryimage"},"thumbnailUrl":"http:\/\/universofamilia.com\/wp-content\/uploads\/sites\/148\/2025\/12\/Destaque-Novo-Universo-16.jpg","datePublished":"2025-12-26T14:16:37+00:00","dateModified":"2025-12-26T14:16:39+00:00","author":{"@id":"http:\/\/universofamilia.com\/zh_hk\/#\/schema\/person\/92fcd07e9b1f4323bf74f3170fc0f78a"},"description":"C\u00f3mo prepararse para entrevistas de trabajo virtuales se ha convertido en una habilidad profesional imprescindible en 2025.","breadcrumb":{"@id":"https:\/\/universofamilia.com\/ja\/como-prepararse-para-entrevistas-de-trabajo-virtuales\/#breadcrumb"},"inLanguage":"de-CH","potentialAction":[{"@type":"ReadAction","target":["https:\/\/universofamilia.com\/ja\/como-prepararse-para-entrevistas-de-trabajo-virtuales\/"]}]},{"@type":"ImageObject","inLanguage":"de-CH","@id":"https:\/\/universofamilia.com\/ja\/como-prepararse-para-entrevistas-de-trabajo-virtuales\/#primaryimage","url":"http:\/\/universofamilia.com\/wp-content\/uploads\/sites\/148\/2025\/12\/Destaque-Novo-Universo-16.jpg","contentUrl":"http:\/\/universofamilia.com\/wp-content\/uploads\/sites\/148\/2025\/12\/Destaque-Novo-Universo-16.jpg","width":450,"height":250,"caption":"C\u00f3mo prepararse para entrevistas de trabajo virtuales"},{"@type":"BreadcrumbList","@id":"https:\/\/universofamilia.com\/ja\/como-prepararse-para-entrevistas-de-trabajo-virtuales\/#breadcrumb","itemListElement":[{"@type":"ListItem","position":1,"name":"Home","item":"http:\/\/universofamilia.com\/zh_hk\/"},{"@type":"ListItem","position":2,"name":"C\u00f3mo prepararse para entrevistas de trabajo virtuales"}]},{"@type":"WebSite","@id":"http:\/\/universofamilia.com\/zh_hk\/#website","url":"http:\/\/universofamilia.com\/zh_hk\/","name":"Universo Fam\u00edlia","description":"","potentialAction":[{"@type":"SearchAction","target":{"@type":"EntryPoint","urlTemplate":"http:\/\/universofamilia.com\/zh_hk\/?s={search_term_string}"},"query-input":"required name=search_term_string"}],"inLanguage":"de-CH"},{"@type":"Person","@id":"http:\/\/universofamilia.com\/zh_hk\/#\/schema\/person\/92fcd07e9b1f4323bf74f3170fc0f78a","name":"Matheus Sangaletti","image":{"@type":"ImageObject","inLanguage":"de-CH","@id":"http:\/\/universofamilia.com\/zh_hk\/#\/schema\/person\/image\/","url":"http:\/\/2.gravatar.com\/avatar\/280ea957a14a48e6a1ad2133d2cc27c9?s=96&d=mm&r=g","contentUrl":"http:\/\/2.gravatar.com\/avatar\/280ea957a14a48e6a1ad2133d2cc27c9?s=96&d=mm&r=g","caption":"Matheus Sangaletti"},"url":"http:\/\/universofamilia.com\/de\/author\/matheuss\/"}]}},"_links":{"self":[{"href":"http:\/\/universofamilia.com\/de\/wp-json\/wp\/v2\/posts\/10459"}],"collection":[{"href":"http:\/\/universofamilia.com\/de\/wp-json\/wp\/v2\/posts"}],"about":[{"href":"http:\/\/universofamilia.com\/de\/wp-json\/wp\/v2\/types\/post"}],"author":[{"embeddable":true,"href":"http:\/\/universofamilia.com\/de\/wp-json\/wp\/v2\/users\/219"}],"replies":[{"embeddable":true,"href":"http:\/\/universofamilia.com\/de\/wp-json\/wp\/v2\/comments?post=10459"}],"version-history":[{"count":1,"href":"http:\/\/universofamilia.com\/de\/wp-json\/wp\/v2\/posts\/10459\/revisions"}],"predecessor-version":[{"id":10463,"href":"http:\/\/universofamilia.com\/de\/wp-json\/wp\/v2\/posts\/10459\/revisions\/10463"}],"wp:featuredmedia":[{"embeddable":true,"href":"http:\/\/universofamilia.com\/de\/wp-json\/wp\/v2\/media\/10460"}],"wp:attachment":[{"href":"http:\/\/universofamilia.com\/de\/wp-json\/wp\/v2\/media?parent=10459"}],"wp:term":[{"taxonomy":"category","embeddable":true,"href":"http:\/\/universofamilia.com\/de\/wp-json\/wp\/v2\/categories?post=10459"},{"taxonomy":"post_tag","embeddable":true,"href":"http:\/\/universofamilia.com\/de\/wp-json\/wp\/v2\/tags?post=10459"}],"curies":[{"name":"wp","href":"https:\/\/api.w.org\/{rel}","templated":true}]}}