{"id":10464,"date":"2025-12-26T12:09:03","date_gmt":"2025-12-26T15:09:03","guid":{"rendered":"https:\/\/universofamilia.com\/?p=10464"},"modified":"2025-12-26T12:09:05","modified_gmt":"2025-12-26T15:09:05","slug":"las-preguntas-de-entrevista-mas-comunes-de-2025","status":"publish","type":"post","link":"http:\/\/universofamilia.com\/de\/las-preguntas-de-entrevista-mas-comunes-de-2025\/","title":{"rendered":"Die h\u00e4ufigsten Interviewfragen im Jahr 2025"},"content":{"rendered":"<p class=\"has-text-align-center\"><strong>Die h\u00e4ufigsten Interviewfragen im Jahr 2025<\/strong> Sie spiegeln einen Arbeitsmarkt wider, der digitaler, menschlicher und strategischer ist als je zuvor.<\/p>\n\n\n\n<figure class=\"wp-block-gallery has-nested-images columns-default is-cropped wp-block-gallery-1 is-layout-flex wp-block-gallery-is-layout-flex\">\n<figure class=\"wp-block-image size-full\"><img loading=\"lazy\" decoding=\"async\" width=\"450\" height=\"250\" data-id=\"10465\" src=\"https:\/\/universofamilia.com\/wp-content\/uploads\/sites\/148\/2025\/12\/Destaque-Novo-Universo-18.jpg\" alt=\"\" class=\"wp-image-10465\" srcset=\"http:\/\/universofamilia.com\/wp-content\/uploads\/sites\/148\/2025\/12\/Destaque-Novo-Universo-18.jpg 450w, http:\/\/universofamilia.com\/wp-content\/uploads\/sites\/148\/2025\/12\/Destaque-Novo-Universo-18-300x167.jpg 300w, http:\/\/universofamilia.com\/wp-content\/uploads\/sites\/148\/2025\/12\/Destaque-Novo-Universo-18-18x10.jpg 18w\" sizes=\"(max-width: 450px) 100vw, 450px\" \/><figcaption class=\"wp-element-caption\">Die h\u00e4ufigsten Interviewfragen im Jahr 2025<\/figcaption><\/figure>\n<\/figure>\n\n\n\n<p class=\"has-text-align-center\">In einem Kontext, in dem virtuelle Prozesse, k\u00fcnstliche Intelligenz im Recruiting und globale Teams koexistieren, konzentrieren sich Vorstellungsgespr\u00e4che nicht mehr ausschlie\u00dflich auf den Lebenslauf.<\/p>\n\n\n\n<p class=\"has-text-align-center\">Heute bewerten sie kritisches Denken, Anpassungsf\u00e4higkeit und professionelle Best\u00e4ndigkeit.<\/p>\n\n\n\n<p>Bevor wir fortfahren, hier eine kurze Zusammenfassung, die Ihnen als Orientierungshilfe dienen soll: Wie sich die Herangehensweise an Vorstellungsgespr\u00e4che im Jahr 2025 ver\u00e4ndert hat, wonach Unternehmen wirklich suchen und welche Fragenkategorien am h\u00e4ufigsten gestellt werden.<\/p>\n\n\n\n<p>Wie man antwortet, ohne allgemein zu klingen: eine relevante Statistik, zwei Beispiele aus der Praxis, eine klare Analogie, eine praktische Tabelle und ein Abschnitt mit h\u00e4ufig gestellten Fragen.<\/p>\n\n\n\n<h2 class=\"wp-block-heading\"><strong>Warum sich Vorstellungsgespr\u00e4che im Jahr 2025 so stark ver\u00e4ndert haben<\/strong><\/h2>\n\n\n\n<p>Die Transformation der Arbeitswelt beschleunigte eine tiefgreifende Evolution der Selektionsprozesse.<\/p>\n\n\n\n<p>Automatisierung, Fernarbeit und ein Mangel an Fachkr\u00e4ften zwangen die Unternehmen, ihre Fragestellungen zu pr\u00e4zisieren.<\/p>\n\n\n\n<p>Es gen\u00fcgt nicht mehr, Erfahrungen zu best\u00e4tigen; heute ist es wichtig zu verstehen, wie Sie denken, entscheiden und sich anpassen.<\/p>\n\n\n\n<p>Laut der <strong>Zukunftsbericht der Arbeitspl\u00e4tze vom Weltwirtschaftsforum<\/strong>Soziale Kompetenzen, die F\u00e4higkeit zum kontinuierlichen Lernen und die F\u00e4higkeit, komplexe Probleme zu l\u00f6sen, z\u00e4hlen weltweit zu den von Arbeitgebern am meisten gesch\u00e4tzten F\u00e4higkeiten.<\/p>\n\n\n\n<p>Dieser Trend erkl\u00e4rt, warum in aktuellen Interviews tiefer in die pers\u00f6nlichen Verhaltensweisen und Kriterien eingegriffen wird.<\/p>\n\n\n\n<h2 class=\"wp-block-heading\"><strong>Worauf Personalvermittler heute wirklich Wert legen<\/strong><\/h2>\n\n\n\n<p>Hinter jeder Frage steckt eine klare Absicht. Der Personalverantwortliche sucht nach \u00dcbereinstimmung zwischen dem, was Sie sagen, was Sie bisher getan haben und was Sie beitragen k\u00f6nnen.<\/p>\n\n\n\n<p>Dar\u00fcber hinaus beweist er Klarheit in der Kommunikation von Ideen, im Umgang mit Drucksituationen und in beruflicher Ehrlichkeit.<\/p>\n\n\n\n<p>Angemessen zu reagieren bedeutet nicht, Phrasen auswendig zu lernen, sondern den Sinn jeder Aussage zu verstehen. Wenn Sie diese Logik erkennen, wirkt Ihre Kommunikation nat\u00fcrlicher und glaubw\u00fcrdiger.<\/p>\n\n\n\n<h2 class=\"wp-block-heading\"><strong>Fragen zum Karriereweg<\/strong><\/h2>\n\n\n\n<p>Erfahrung bleibt eine der wichtigsten Kategorien, wenn auch mit einem anderen Schwerpunkt. Die vorherige Position ist nicht mehr der alleinige Faktor; entscheidend ist nun die erzielte Wirkung.<\/p>\n\n\n\n<p>Fragen wie diese tauchen hier auf:<\/p>\n\n\n\n<ul>\n<li>Schildern Sie mir Ihre relevanteste Erfahrung f\u00fcr diese Position.<\/li>\n\n\n\n<li>Was haben Sie in Ihrer letzten Position gelernt, das Sie heute besser anwenden w\u00fcrden?<\/li>\n<\/ul>\n\n\n\n<p>Der Fokus liegt auf Lernen und Evolution, nicht auf einer Liste von Funktionen.<\/p>\n\n\n\n<h3 class=\"wp-block-heading\"><strong>Beispiel 1<\/strong><\/h3>\n\n\n\n<p>Eine Datenanalystin erkl\u00e4rte, wie sie von der Erstellung von Berichten zur Entwicklung von Vorschl\u00e4gen f\u00fcr Gesch\u00e4ftsverbesserungen auf Basis der gewonnenen Erkenntnisse gelangte.<\/p>\n\n\n\n<p>Diese Darstellung zeugte von Wachstum, Eigeninitiative und \u00dcbereinstimmung mit den Gesch\u00e4ftszielen.<\/p>\n\n\n\n<h2 class=\"wp-block-heading\"><strong>Fragen zu Schl\u00fcsselqualifikationen und Kompetenzen<\/strong><\/h2>\n\n\n\n<p>Bis 2025 werden Unternehmen \u00fcbertragbare Kompetenzen priorisieren. Deshalb tauchen Fragen auf, die sich auf reale Situationen und nicht auf Theorien konzentrieren.<\/p>\n\n\n\n<p>Zu den h\u00e4ufigsten geh\u00f6ren:<\/p>\n\n\n\n<ul>\n<li>Wie gehen Sie mit einer unerwarteten \u00c4nderung Ihrer Priorit\u00e4ten um?<\/li>\n\n\n\n<li>Beschreiben Sie eine Situation, in der Sie schnell etwas Neues lernen mussten.<\/li>\n<\/ul>\n\n\n\n<p>Diese Art von Frage misst Anpassungsf\u00e4higkeit und eine Wachstumsmentalit\u00e4t.<\/p>\n\n\n\n<h2 class=\"wp-block-heading\"><strong>Bewertung digitaler Kompetenzen und Fernarbeit<\/strong><\/h2>\n\n\n\n<p>Technologische Kompetenz ist nicht l\u00e4nger nur technischen Berufen vorbehalten. Nahezu jede T\u00e4tigkeit erfordert digitale Kompetenz und effektive Fernkommunikation.<\/p>\n\n\n\n<p>Aus diesem Grund h\u00f6rt man h\u00e4ufig Fragen zu Organisation, virtueller Zusammenarbeit und Selbstmanagement. Gesucht werden keine Softwareexperten, sondern vielmehr Fachkr\u00e4fte, die in digitalen Umgebungen arbeiten k\u00f6nnen.<\/p>\n\n\n\n<h2 class=\"wp-block-heading\"><strong>Fragen zu Kultur und Werten<\/strong><\/h2>\n\n\n\n<p>Die Unternehmen erkannten, dass die alleinige Ber\u00fccksichtigung technischer F\u00e4higkeiten bei der Personalauswahl langfristig zu Konflikten f\u00fchrt. Folglich gewann die kulturelle Kompatibilit\u00e4t an Bedeutung.<\/p>\n\n\n\n<p>Fragen wie \u201eWas sch\u00e4tzen Sie an einem Arbeitsteam?\u201c oder \u201eWelche Art von F\u00fchrung motiviert Sie?\u201c offenbaren Erwartungen, Grenzen und den beruflichen Stil.<\/p>\n\n\n\n<p>Ehrlich zu antworten ist effektiver, als zu versuchen, es anderen recht zu machen.<\/p>\n\n\n\n<h2 class=\"wp-block-heading\"><strong>Die Frage, die fast immer auftaucht<\/strong><\/h2>\n\n\n\n<p>Zwischen <strong>Die h\u00e4ufigsten Interviewfragen im Jahr 2025<\/strong>Eine dieser Ansichten bleibt jedoch g\u00fcltig, wenn auch mit Nuancen:<br><strong>Was sind Ihre St\u00e4rken und wo besteht Verbesserungsbedarf?<\/strong><\/p>\n\n\n\n<p>Entscheidend ist die Ausgewogenheit. Das Eingest\u00e4ndnis einer echten Schw\u00e4che, verbunden mit konkreten Ma\u00dfnahmen zu deren Verbesserung, zeugt von Reife und Selbstreflexion.<\/p>\n\n\n\n<p>Das Vermeiden vorgefertigter Antworten macht den entscheidenden Unterschied.<\/p>\n\n\n\n<h2 class=\"wp-block-heading\"><strong>Fragen zur Probleml\u00f6sung<\/strong><\/h2>\n\n\n\n<p>Organisationen suchen nach Personen, die analysieren, entscheiden und handeln k\u00f6nnen. Daher beinhalten Vorstellungsgespr\u00e4che hypothetische Szenarien oder Beispiele aus der Vergangenheit.<\/p>\n\n\n\n<p>Es gibt hier keine eindeutige Antwort. Wichtig ist, dass Sie Ihre Argumentation, die von Ihnen in Betracht gezogenen Alternativen und Ihr Ergebnis erl\u00e4utern. Dieser Prozess offenbart Ihre Denkweise.<\/p>\n\n\n\n<h3 class=\"wp-block-heading\"><strong>Beispiel 2<\/strong><\/h3>\n\n\n\n<p>Ein Nachwuchsmanager schilderte, wie er einen abteilungs\u00fcbergreifenden Konflikt durch die Priorisierung von Daten, Dialog und klaren Vereinbarungen l\u00f6ste. Mehr als die letztendliche L\u00f6sung hob er seine strukturierte und empathische Vorgehensweise hervor.<\/p>\n\n\n\n<h2 class=\"wp-block-heading\"><strong>Fragen zu Motivation und Sinn<\/strong><\/h2>\n\n\n\n<p>In einem Markt mit hoher Fluktuation wollen Unternehmen verstehen, warum Sie an der Position interessiert sind.<\/p>\n\n\n\n<p>Fragen wie \u201eWas motiviert Sie an dieser Rolle?\u201c oder \u201eWo sehen Sie sich in drei Jahren?\u201c deuten auf Erwartungen und Engagement hin.<\/p>\n\n\n\n<p>Wenn man aus der Perspektive des beruflichen Ziels und nicht nur des Gehalts antwortet, schafft man eine st\u00e4rkere Verbindung zum Interviewer.<\/p>\n\n\n\n<h2 class=\"wp-block-heading\"><strong>Die Analogie, die hilft, den Prozess zu verstehen<\/strong><\/h2>\n\n\n\n<p>Ein Vorstellungsgespr\u00e4ch im Jahr 2025 zu beantworten wird ungef\u00e4hr so sein: <strong>Navigation mit GPS<\/strong>.<\/p>\n\n\n\n<p>Das Ziel ist klar, aber der wahre Wert liegt darin, wie Sie den Weg w\u00e4hlen, wie Sie auf Umwege reagieren und wie bewusst Sie sich des zur\u00fcckgelegten Weges sind.<\/p>\n\n\n\n<h2 class=\"wp-block-heading\"><strong>Tabelle: Die h\u00e4ufigsten Fragetypen im Jahr 2025<\/strong><\/h2>\n\n\n\n<figure class=\"wp-block-table\"><table><thead><tr><th>Fragetyp<\/th><th>Was es in erster Linie bewertet<\/th><\/tr><\/thead><tbody><tr><td>Berufliche Laufbahn<\/td><td>Evolution und Lernen<\/td><\/tr><tr><td>F\u00e4higkeiten<\/td><td>Anpassungsf\u00e4higkeit und soziale Kompetenzen<\/td><\/tr><tr><td>Digital und fern<\/td><td>Autonomie und Organisation<\/td><\/tr><tr><td>Kultur und Werte<\/td><td>Firmenkompatibilit\u00e4t<\/td><\/tr><tr><td>Probleml\u00f6sung<\/td><td>Kritisches Denken<\/td><\/tr><\/tbody><\/table><figcaption class=\"wp-element-caption\">Die h\u00e4ufigsten Interviewfragen im Jahr 2025<\/figcaption><\/figure>\n\n\n\n<figure class=\"wp-block-gallery has-nested-images columns-default is-cropped wp-block-gallery-2 is-layout-flex wp-block-gallery-is-layout-flex\">\n<figure class=\"wp-block-image size-full\"><img loading=\"lazy\" decoding=\"async\" width=\"450\" height=\"250\" data-id=\"10467\" src=\"https:\/\/universofamilia.com\/wp-content\/uploads\/sites\/148\/2025\/12\/Destaque-Novo-Universo-19.jpg\" alt=\"\" class=\"wp-image-10467\" srcset=\"http:\/\/universofamilia.com\/wp-content\/uploads\/sites\/148\/2025\/12\/Destaque-Novo-Universo-19.jpg 450w, http:\/\/universofamilia.com\/wp-content\/uploads\/sites\/148\/2025\/12\/Destaque-Novo-Universo-19-300x167.jpg 300w, http:\/\/universofamilia.com\/wp-content\/uploads\/sites\/148\/2025\/12\/Destaque-Novo-Universo-19-18x10.jpg 18w\" sizes=\"(max-width: 450px) 100vw, 450px\" \/><figcaption class=\"wp-element-caption\">Die h\u00e4ufigsten Interviewfragen im Jahr 2025<\/figcaption><\/figure>\n<\/figure>\n\n\n\n<p>Mehr lesen:\u00a0<a href=\"http:\/\/universofamilia.com\/de\/el-teletrabajo-en-2025-las-nuevas-tendencias-del-home-office\/\">Telearbeit im Jahr 2025: Neue Homeoffice-Trends<\/a><\/p>\n\n\n\n<h2 class=\"wp-block-heading\"><strong>Wie man sich vorbereitet, ohne einstudiert zu klingen<\/strong><\/h2>\n\n\n\n<p>Eine effektive Vorbereitung bedeutet nicht, Antworten auswendig zu lernen, sondern \u00fcber reale Erfahrungen nachzudenken. Indem man Erfolge, Herausforderungen und gewonnene Erkenntnisse identifiziert, kann man nat\u00fcrlich reagieren.<\/p>\n\n\n\n<p>Lautes \u00dcben verbessert die Sprachgewandtheit, aber es ist auch wichtig, Raum f\u00fcr Spontaneit\u00e4t zu lassen. In Vorstellungsgespr\u00e4chen z\u00e4hlt Authentizit\u00e4t, nicht Perfektion.<\/p>\n\n\n\n<h2 class=\"wp-block-heading\"><strong>H\u00e4ufige Fehler, die immer wieder Chancen kosten<\/strong><\/h2>\n\n\n\n<p>\u00dcberm\u00e4\u00dfiges Reden, Ausweichen vor Fragen oder das Vermeiden von Fehlern sind nach wie vor sch\u00e4dlich. Ebenso sch\u00e4dlich sind Antworten mit allgemeinen Aussagen ohne Kontext.<\/p>\n\n\n\n<p>Im Gegensatz dazu schaffen Klarheit, konkrete Beispiele und aktives Zuh\u00f6ren Vertrauen. Der Interviewer bemerkt, wenn zwischen dem Gesagten und der Erfahrung eine \u00dcbereinstimmung besteht.<\/p>\n\n\n\n<h2 class=\"wp-block-heading\"><strong>Schlussfolgerung<\/strong><\/h2>\n\n\n\n<p>Fassen <strong>Die h\u00e4ufigsten Interviewfragen im Jahr 2025<\/strong> Es erm\u00f6glicht Ihnen, Auswahlprozesse mit mehr Selbstvertrauen und Strategie anzugehen.<\/p>\n\n\n\n<p>In den heutigen Vorstellungsgespr\u00e4chen werden vielseitige Pers\u00f6nlichkeiten gesucht: mit F\u00e4higkeiten, Werten und Anpassungsf\u00e4higkeit.<\/p>\n\n\n\n<p>Sich durch Selbsterkenntnis vorzubereiten, anstatt starren Formeln zu folgen, erh\u00f6ht die Erfolgsaussichten.<\/p>\n\n\n\n<p>In einem wettbewerbsintensiven Markt heben sich diejenigen hervor, die klar und authentisch kommunizieren, ohne \u00fcbertreiben zu m\u00fcssen.<\/p>\n\n\n\n<p>Mehr lesen:\u00a0<a href=\"http:\/\/universofamilia.com\/de\/carreras-sostenibles-empleos-verdes-en-auge\/\">Nachhaltige Karrieren: Boomende gr\u00fcne Jobs<\/a><\/p>\n\n\n\n<h2 class=\"wp-block-heading\"><strong>H\u00e4ufig gestellte Fragen<\/strong><\/h2>\n\n\n\n<p><strong>Sind die Interviewfragen in allen Branchen gleich?<\/strong><br>Nein. Zwar gibt es gemeinsame Muster, aber jede Branche legt Wert auf spezifische F\u00e4higkeiten.<\/p>\n\n\n\n<p><strong>Ist es ratsam, schriftliche Antworten vorzubereiten?<\/strong><br>Es dient als Vor\u00fcbung, aber im Vorstellungsgespr\u00e4ch ist es besser, nat\u00fcrlich zu antworten.<\/p>\n\n\n\n<p><strong>Wie wichtig ist Ehrlichkeit?<\/strong><br>Das ist entscheidend. Personalvermittler erkennen Unstimmigkeiten sofort.<\/p>\n\n\n\n<p><strong>Ver\u00e4ndert sich die Art der gestellten Fragen bei virtuellen Vorstellungsgespr\u00e4chen?<\/strong><br>Der Fokus bleibt derselbe, allerdings nimmt die Bewertung von Kommunikation und Selbstmanagement zu.<\/p>\n\n\n\n<p><strong>F\u00fchrt die falsche Beantwortung einer Frage zur Disqualifizierung eines Kandidaten?<\/strong><br>Nicht unbedingt. Einstellung, Klarheit und die F\u00e4higkeit zur Reflexion sind genauso wichtig wie eine zeitnahe Antwort.<\/p>\n\n\n\n<p>Im Jahr 2025 bedeutet gute Vorbereitung nicht, perfekt auszusehen, sondern zu zeigen, wer man ist, wie man denkt und welchen echten Mehrwert man einbringen kann.<\/p>\n\n\n\n<p>Das ist nach wie vor die \u00fcberzeugendste Antwort in jedem Vorstellungsgespr\u00e4ch.<\/p>","protected":false},"excerpt":{"rendered":"<p>Die h\u00e4ufigsten Interviewfragen des Jahres 2025 spiegeln einen Arbeitsmarkt wider, der digitaler, menschlicher und strategischer ist als je zuvor. In einer Welt, in der virtuelle Prozesse, k\u00fcnstliche Intelligenz im Recruiting und globale Teams Hand in Hand gehen, konzentrieren sich Interviews nicht mehr allein auf den Lebenslauf. Heute werden kritisches Denken, Anpassungsf\u00e4higkeit und berufliche Best\u00e4ndigkeit bewertet. Bevor wir fortfahren, [\u2026]<\/p>","protected":false},"author":219,"featured_media":10466,"comment_status":"closed","ping_status":"open","sticky":false,"template":"","format":"standard","meta":{"footnotes":""},"categories":[5],"tags":[],"yoast_head":"<!-- This site is optimized with the Yoast SEO plugin v23.3 - https:\/\/yoast.com\/wordpress\/plugins\/seo\/ -->\n<title>Las preguntas de entrevista m\u00e1s comunes de 2025 - Universo Fam\u00edlia<\/title>\n<meta name=\"description\" content=\"Las preguntas de entrevista m\u00e1s comunes de 2025 reflejan un mercado laboral m\u00e1s digital, humano y estrat\u00e9gico que nunca.\" \/>\n<meta name=\"robots\" content=\"index, follow, max-snippet:-1, max-image-preview:large, max-video-preview:-1\" \/>\n<link rel=\"canonical\" href=\"https:\/\/universofamilia.com\/de\/las-preguntas-de-entrevista-mas-comunes-de-2025\/\" \/>\n<meta property=\"og:locale\" content=\"de_DE\" \/>\n<meta property=\"og:type\" content=\"article\" \/>\n<meta property=\"og:title\" content=\"Las preguntas de entrevista m\u00e1s comunes de 2025 - Universo Fam\u00edlia\" \/>\n<meta property=\"og:description\" content=\"Las preguntas de entrevista m\u00e1s comunes de 2025 reflejan un mercado laboral m\u00e1s digital, humano y estrat\u00e9gico que nunca.\" \/>\n<meta property=\"og:url\" content=\"https:\/\/universofamilia.com\/de\/las-preguntas-de-entrevista-mas-comunes-de-2025\/\" \/>\n<meta property=\"og:site_name\" content=\"Universo Fam\u00edlia\" \/>\n<meta property=\"article:published_time\" content=\"2025-12-26T15:09:03+00:00\" \/>\n<meta property=\"article:modified_time\" content=\"2025-12-26T15:09:05+00:00\" \/>\n<meta property=\"og:image\" content=\"https:\/\/universofamilia.com\/wp-content\/uploads\/sites\/148\/2025\/12\/Destaque-Novo-Universo-18-1.jpg\" \/>\n\t<meta property=\"og:image:width\" content=\"450\" \/>\n\t<meta property=\"og:image:height\" content=\"250\" \/>\n\t<meta property=\"og:image:type\" content=\"image\/jpeg\" \/>\n<meta name=\"author\" content=\"Matheus Sangaletti\" \/>\n<meta name=\"twitter:card\" content=\"summary_large_image\" \/>\n<meta name=\"twitter:label1\" content=\"Written by\" \/>\n\t<meta name=\"twitter:data1\" content=\"Matheus Sangaletti\" \/>\n\t<meta name=\"twitter:label2\" content=\"Est. reading time\" \/>\n\t<meta name=\"twitter:data2\" content=\"7 Minuten\" \/>\n<script type=\"application\/ld+json\" class=\"yoast-schema-graph\">{\"@context\":\"https:\/\/schema.org\",\"@graph\":[{\"@type\":\"WebPage\",\"@id\":\"https:\/\/universofamilia.com\/sk\/las-preguntas-de-entrevista-mas-comunes-de-2025\/\",\"url\":\"https:\/\/universofamilia.com\/sk\/las-preguntas-de-entrevista-mas-comunes-de-2025\/\",\"name\":\"Las preguntas de entrevista m\u00e1s comunes de 2025 - Universo Fam\u00edlia\",\"isPartOf\":{\"@id\":\"http:\/\/universofamilia.com\/zh_hk\/#website\"},\"primaryImageOfPage\":{\"@id\":\"https:\/\/universofamilia.com\/sk\/las-preguntas-de-entrevista-mas-comunes-de-2025\/#primaryimage\"},\"image\":{\"@id\":\"https:\/\/universofamilia.com\/sk\/las-preguntas-de-entrevista-mas-comunes-de-2025\/#primaryimage\"},\"thumbnailUrl\":\"http:\/\/universofamilia.com\/wp-content\/uploads\/sites\/148\/2025\/12\/Destaque-Novo-Universo-18-1.jpg\",\"datePublished\":\"2025-12-26T15:09:03+00:00\",\"dateModified\":\"2025-12-26T15:09:05+00:00\",\"author\":{\"@id\":\"http:\/\/universofamilia.com\/zh_hk\/#\/schema\/person\/92fcd07e9b1f4323bf74f3170fc0f78a\"},\"description\":\"Las preguntas de entrevista m\u00e1s comunes de 2025 reflejan un mercado laboral m\u00e1s digital, humano y estrat\u00e9gico que nunca.\",\"breadcrumb\":{\"@id\":\"https:\/\/universofamilia.com\/sk\/las-preguntas-de-entrevista-mas-comunes-de-2025\/#breadcrumb\"},\"inLanguage\":\"de-CH\",\"potentialAction\":[{\"@type\":\"ReadAction\",\"target\":[\"https:\/\/universofamilia.com\/sk\/las-preguntas-de-entrevista-mas-comunes-de-2025\/\"]}]},{\"@type\":\"ImageObject\",\"inLanguage\":\"de-CH\",\"@id\":\"https:\/\/universofamilia.com\/sk\/las-preguntas-de-entrevista-mas-comunes-de-2025\/#primaryimage\",\"url\":\"http:\/\/universofamilia.com\/wp-content\/uploads\/sites\/148\/2025\/12\/Destaque-Novo-Universo-18-1.jpg\",\"contentUrl\":\"http:\/\/universofamilia.com\/wp-content\/uploads\/sites\/148\/2025\/12\/Destaque-Novo-Universo-18-1.jpg\",\"width\":450,\"height\":250,\"caption\":\"Las preguntas de entrevista m\u00e1s comunes de 2025\"},{\"@type\":\"BreadcrumbList\",\"@id\":\"https:\/\/universofamilia.com\/sk\/las-preguntas-de-entrevista-mas-comunes-de-2025\/#breadcrumb\",\"itemListElement\":[{\"@type\":\"ListItem\",\"position\":1,\"name\":\"Home\",\"item\":\"http:\/\/universofamilia.com\/zh_hk\/\"},{\"@type\":\"ListItem\",\"position\":2,\"name\":\"Las preguntas de entrevista m\u00e1s comunes de 2025\"}]},{\"@type\":\"WebSite\",\"@id\":\"http:\/\/universofamilia.com\/zh_hk\/#website\",\"url\":\"http:\/\/universofamilia.com\/zh_hk\/\",\"name\":\"Universo Fam\u00edlia\",\"description\":\"\",\"potentialAction\":[{\"@type\":\"SearchAction\",\"target\":{\"@type\":\"EntryPoint\",\"urlTemplate\":\"http:\/\/universofamilia.com\/zh_hk\/?s={search_term_string}\"},\"query-input\":\"required name=search_term_string\"}],\"inLanguage\":\"de-CH\"},{\"@type\":\"Person\",\"@id\":\"http:\/\/universofamilia.com\/zh_hk\/#\/schema\/person\/92fcd07e9b1f4323bf74f3170fc0f78a\",\"name\":\"Matheus Sangaletti\",\"image\":{\"@type\":\"ImageObject\",\"inLanguage\":\"de-CH\",\"@id\":\"http:\/\/universofamilia.com\/zh_hk\/#\/schema\/person\/image\/\",\"url\":\"http:\/\/2.gravatar.com\/avatar\/280ea957a14a48e6a1ad2133d2cc27c9?s=96&d=mm&r=g\",\"contentUrl\":\"http:\/\/2.gravatar.com\/avatar\/280ea957a14a48e6a1ad2133d2cc27c9?s=96&d=mm&r=g\",\"caption\":\"Matheus Sangaletti\"},\"url\":\"http:\/\/universofamilia.com\/de\/author\/matheuss\/\"}]}<\/script>\n<!-- \/ Yoast SEO plugin. -->","yoast_head_json":{"title":"Las preguntas de entrevista m\u00e1s comunes de 2025 - Universo Fam\u00edlia","description":"Las preguntas de entrevista m\u00e1s comunes de 2025 reflejan un mercado laboral m\u00e1s digital, humano y estrat\u00e9gico que nunca.","robots":{"index":"index","follow":"follow","max-snippet":"max-snippet:-1","max-image-preview":"max-image-preview:large","max-video-preview":"max-video-preview:-1"},"canonical":"https:\/\/universofamilia.com\/de\/las-preguntas-de-entrevista-mas-comunes-de-2025\/","og_locale":"de_DE","og_type":"article","og_title":"Las preguntas de entrevista m\u00e1s comunes de 2025 - Universo Fam\u00edlia","og_description":"Las preguntas de entrevista m\u00e1s comunes de 2025 reflejan un mercado laboral m\u00e1s digital, humano y estrat\u00e9gico que nunca.","og_url":"https:\/\/universofamilia.com\/de\/las-preguntas-de-entrevista-mas-comunes-de-2025\/","og_site_name":"Universo Fam\u00edlia","article_published_time":"2025-12-26T15:09:03+00:00","article_modified_time":"2025-12-26T15:09:05+00:00","og_image":[{"width":450,"height":250,"url":"https:\/\/universofamilia.com\/wp-content\/uploads\/sites\/148\/2025\/12\/Destaque-Novo-Universo-18-1.jpg","type":"image\/jpeg"}],"author":"Matheus Sangaletti","twitter_card":"summary_large_image","twitter_misc":{"Written by":"Matheus Sangaletti","Est. reading time":"7 Minuten"},"schema":{"@context":"https:\/\/schema.org","@graph":[{"@type":"WebPage","@id":"https:\/\/universofamilia.com\/sk\/las-preguntas-de-entrevista-mas-comunes-de-2025\/","url":"https:\/\/universofamilia.com\/sk\/las-preguntas-de-entrevista-mas-comunes-de-2025\/","name":"Las preguntas de entrevista m\u00e1s comunes de 2025 - Universo Fam\u00edlia","isPartOf":{"@id":"http:\/\/universofamilia.com\/zh_hk\/#website"},"primaryImageOfPage":{"@id":"https:\/\/universofamilia.com\/sk\/las-preguntas-de-entrevista-mas-comunes-de-2025\/#primaryimage"},"image":{"@id":"https:\/\/universofamilia.com\/sk\/las-preguntas-de-entrevista-mas-comunes-de-2025\/#primaryimage"},"thumbnailUrl":"http:\/\/universofamilia.com\/wp-content\/uploads\/sites\/148\/2025\/12\/Destaque-Novo-Universo-18-1.jpg","datePublished":"2025-12-26T15:09:03+00:00","dateModified":"2025-12-26T15:09:05+00:00","author":{"@id":"http:\/\/universofamilia.com\/zh_hk\/#\/schema\/person\/92fcd07e9b1f4323bf74f3170fc0f78a"},"description":"Las preguntas de entrevista m\u00e1s comunes de 2025 reflejan un mercado laboral m\u00e1s digital, humano y estrat\u00e9gico que nunca.","breadcrumb":{"@id":"https:\/\/universofamilia.com\/sk\/las-preguntas-de-entrevista-mas-comunes-de-2025\/#breadcrumb"},"inLanguage":"de-CH","potentialAction":[{"@type":"ReadAction","target":["https:\/\/universofamilia.com\/sk\/las-preguntas-de-entrevista-mas-comunes-de-2025\/"]}]},{"@type":"ImageObject","inLanguage":"de-CH","@id":"https:\/\/universofamilia.com\/sk\/las-preguntas-de-entrevista-mas-comunes-de-2025\/#primaryimage","url":"http:\/\/universofamilia.com\/wp-content\/uploads\/sites\/148\/2025\/12\/Destaque-Novo-Universo-18-1.jpg","contentUrl":"http:\/\/universofamilia.com\/wp-content\/uploads\/sites\/148\/2025\/12\/Destaque-Novo-Universo-18-1.jpg","width":450,"height":250,"caption":"Las preguntas de entrevista m\u00e1s comunes de 2025"},{"@type":"BreadcrumbList","@id":"https:\/\/universofamilia.com\/sk\/las-preguntas-de-entrevista-mas-comunes-de-2025\/#breadcrumb","itemListElement":[{"@type":"ListItem","position":1,"name":"Home","item":"http:\/\/universofamilia.com\/zh_hk\/"},{"@type":"ListItem","position":2,"name":"Las preguntas de entrevista m\u00e1s comunes de 2025"}]},{"@type":"WebSite","@id":"http:\/\/universofamilia.com\/zh_hk\/#website","url":"http:\/\/universofamilia.com\/zh_hk\/","name":"Universo Fam\u00edlia","description":"","potentialAction":[{"@type":"SearchAction","target":{"@type":"EntryPoint","urlTemplate":"http:\/\/universofamilia.com\/zh_hk\/?s={search_term_string}"},"query-input":"required name=search_term_string"}],"inLanguage":"de-CH"},{"@type":"Person","@id":"http:\/\/universofamilia.com\/zh_hk\/#\/schema\/person\/92fcd07e9b1f4323bf74f3170fc0f78a","name":"Matheus Sangaletti","image":{"@type":"ImageObject","inLanguage":"de-CH","@id":"http:\/\/universofamilia.com\/zh_hk\/#\/schema\/person\/image\/","url":"http:\/\/2.gravatar.com\/avatar\/280ea957a14a48e6a1ad2133d2cc27c9?s=96&d=mm&r=g","contentUrl":"http:\/\/2.gravatar.com\/avatar\/280ea957a14a48e6a1ad2133d2cc27c9?s=96&d=mm&r=g","caption":"Matheus Sangaletti"},"url":"http:\/\/universofamilia.com\/de\/author\/matheuss\/"}]}},"_links":{"self":[{"href":"http:\/\/universofamilia.com\/de\/wp-json\/wp\/v2\/posts\/10464"}],"collection":[{"href":"http:\/\/universofamilia.com\/de\/wp-json\/wp\/v2\/posts"}],"about":[{"href":"http:\/\/universofamilia.com\/de\/wp-json\/wp\/v2\/types\/post"}],"author":[{"embeddable":true,"href":"http:\/\/universofamilia.com\/de\/wp-json\/wp\/v2\/users\/219"}],"replies":[{"embeddable":true,"href":"http:\/\/universofamilia.com\/de\/wp-json\/wp\/v2\/comments?post=10464"}],"version-history":[{"count":1,"href":"http:\/\/universofamilia.com\/de\/wp-json\/wp\/v2\/posts\/10464\/revisions"}],"predecessor-version":[{"id":10468,"href":"http:\/\/universofamilia.com\/de\/wp-json\/wp\/v2\/posts\/10464\/revisions\/10468"}],"wp:featuredmedia":[{"embeddable":true,"href":"http:\/\/universofamilia.com\/de\/wp-json\/wp\/v2\/media\/10466"}],"wp:attachment":[{"href":"http:\/\/universofamilia.com\/de\/wp-json\/wp\/v2\/media?parent=10464"}],"wp:term":[{"taxonomy":"category","embeddable":true,"href":"http:\/\/universofamilia.com\/de\/wp-json\/wp\/v2\/categories?post=10464"},{"taxonomy":"post_tag","embeddable":true,"href":"http:\/\/universofamilia.com\/de\/wp-json\/wp\/v2\/tags?post=10464"}],"curies":[{"name":"wp","href":"https:\/\/api.w.org\/{rel}","templated":true}]}}