{"id":1797,"date":"2023-05-25T21:01:58","date_gmt":"2023-05-25T21:01:58","guid":{"rendered":"https:\/\/universofamilia.com\/?p=1797"},"modified":"2023-05-25T21:01:58","modified_gmt":"2023-05-25T21:01:58","slug":"muco-nas-fezes-do-bebe-quando-e-normal-e-quando-se-preocupar","status":"publish","type":"post","link":"http:\/\/universofamilia.com\/de\/sehr-viel-in-den-fezen-des-babys-wenn-es-normal-ist-und-wenn-es-besorgniserregend-ist\/","title":{"rendered":"Es liegt viel an den Wehen des Babys. Wann ist das normal und wann sollten Sie sich Sorgen machen?"},"content":{"rendered":"<p>Die Sorge um Babys ist in vielen L\u00e4ndern ein weit verbreitetes Anliegen. Dies kann beunruhigend sein und es ist wichtig zu verstehen, dass vieles davon in bestimmten Situationen normal sein kann.<\/p>\n\n\n\n<p>In diesem Artikel besprechen wir, wann und wie viel Stuhlgang normal sein kann und wann er Anlass zur Sorge gibt. Lesen Sie weiter, um weitere Informationen und Best\u00e4tigung zu erhalten.<\/p>\n\n\n\n<h3 class=\"wp-block-heading\">Oder ist viel davon im Stuhl des Babys enthalten?<\/h3>\n\n\n\n<p>Schleim im Stuhl des Babys weist auf das Vorhandensein einer gallertartigen und klebrigen Substanz im Stuhl des Babys hin. Diese k\u00f6nnen in Konsistenz, Beschaffenheit und Menge stark variieren.<\/p>\n\n\n\n<p>Es ist wichtig zu beachten, dass in manchen F\u00e4llen der Stuhlgang v\u00f6llig normal ist und kein gesundheitliches Problem darstellt.<\/p>\n\n\n\n<h3 class=\"wp-block-heading\">Wann betrachten wir den Stuhl eines Babys als normal oder sehr normal?<\/h3>\n\n\n\n<p>Unter bestimmten Umst\u00e4nden ist das Vorhandensein von Schleim im Stuhl des Babys normal und sollte kein Grund zur Besorgnis sein.<\/p>\n\n\n\n<p>W\u00e4hrend des Zahnens kommt es beispielsweise h\u00e4ufig vor, dass das Baby mehr Schleim produziert, der im Stuhl landen kann.<\/p>\n\n\n\n<p>Auch die Einf\u00fchrung fester Nahrung in die Ern\u00e4hrung eines Babys kann vor\u00fcbergehende Ver\u00e4nderungen beim F\u00f6tus hervorrufen, darunter die Bildung von Schleim.<\/p>\n\n\n\n<h3 class=\"wp-block-heading\">Wann sollten Sie sich wegen des Schleims Ihres Babys Sorgen machen?<\/h3>\n\n\n<div class=\"wp-block-image\">\n<figure class=\"aligncenter size-full\"><img loading=\"lazy\" decoding=\"async\" width=\"550\" height=\"350\" src=\"http:\/\/universofamilia.com\/wp-content\/uploads\/sites\/148\/2023\/05\/FOTO-POST-muco-fese-bebe-universo-familia-.png\" alt=\"\" class=\"wp-image-1911\" srcset=\"http:\/\/universofamilia.com\/wp-content\/uploads\/sites\/148\/2023\/05\/FOTO-POST-muco-fese-bebe-universo-familia-.png 550w, http:\/\/universofamilia.com\/wp-content\/uploads\/sites\/148\/2023\/05\/FOTO-POST-muco-fese-bebe-universo-familia--300x191.png 300w\" sizes=\"(max-width: 550px) 100vw, 550px\" \/><\/figure><\/div>\n\n\n<p>Embora oder Schleim im Stuhl eines Babys k\u00f6nnen in manchen Situationen normal sein, es gibt jedoch Zeiten, in denen es wichtig ist, aufmerksam zu sein und \u00e4rztlichen Rat einzuholen.<\/p>\n\n\n\n<p>Bei starkem Fieber mit Blutungen, anhaltendem Durchfall, Erbrechen, Fieber oder anderen besorgniserregenden Symptomen bei Ihrem Baby empfiehlt es sich, Kontakt zum Kinderarzt aufzunehmen.<\/p>\n\n\n\n<p>Diese Symptome k\u00f6nnen auf eine Magen-Darm-Infektion oder andere Grunderkrankungen hinweisen, die untersucht und entsprechend behandelt werden m\u00fcssen.<\/p>\n\n\n\n<h3 class=\"wp-block-heading\">M\u00f6gliche Ursachen f\u00fcr Schleim im Stuhl eines Babys<\/h3>\n\n\n\n<p>F\u00fcr die Schleimh\u00e4ute des Babystuhls gibt es mehrere m\u00f6gliche Ursachen. Neben den bereits genannten Gr\u00fcnden wie Zahnen und Beikost k\u00f6nnen auch Infektionen, Nahrungsmittelallergien, -unvertr\u00e4glichkeiten, Verstopfung oder Darmreizungen die Ursache sein.<\/p>\n\n\n\n<p>Jede Ursache kann spezifische Merkmale aufweisen und es ist unbedingt erforderlich, \u00e4rztliche Unterst\u00fctzung in Anspruch zu nehmen, um den Ursprung des Schleims zu ermitteln und gegebenenfalls die geeignete Behandlung festzulegen.<\/p>\n\n\n\n<h3 class=\"wp-block-heading\">Abschluss<\/h3>\n\n\n\n<p>Kurz gesagt: In bestimmten Situationen, beispielsweise beim Zahnen oder bei der Einf\u00fchrung fester Nahrung, kann ein Teil des Stuhls des Babys normal sein.<\/p>\n\n\n\n<p>Es ist jedoch wichtig, auf besorgniserregende Anzeichen wie Stuhlblutungen oder zus\u00e4tzliche Symptome zu achten.<\/p>\n\n\n\n<p>Um eine genaue Diagnose zu erhalten und die Gesundheit des Babys zu gew\u00e4hrleisten, ist die Konsultation eines Kinderarztes unerl\u00e4sslich.<\/p>\n\n\n\n<p>Ich hoffe, dass Ihnen mit Ihrem f\u00fcr uns so hilfreichen Fach geholfen und weitergeholfen wird. Ah! Wenn Ihnen dieser Beitrag gefallen hat.<\/p>\n\n\n\n<blockquote class=\"wp-block-quote\">\n<h5 class=\"wp-block-heading\"><em>Hinweise: Die Materialien und Informationen auf der Seite \u201eUniverso Fam\u00edlia\u201c sind nicht f\u00fcr die medizinische Diagnose bestimmt und sollten auch nicht als solche verwendet werden. <strong>Sie sollten Ihren tats\u00e4chlichen Bedarf stets mit einem Arzt oder qualifiziertem Gesundheitsexperten besprechen.<\/strong>.<\/em><\/h5>\n<\/blockquote>\n\n\n\n<h4 class=\"wp-block-heading\">Siehe auch:<\/h4>\n\n\n\n<p><a href=\"http:\/\/universofamilia.com\/de\/rotina-ideal-para-a-familia-dormir-bem\/\" target=\"_blank\" rel=\"noreferrer noopener\">Rotina Ideal f\u00fcr einen erholsamen Schlaf mit der Familie<\/a><\/p>\n\n\n\n<p><a href=\"https:\/\/www.luzbaby.com.br\/\" target=\"_blank\" rel=\"noreferrer noopener\">A Luz Baby ist einer der besten L\u00e4den f\u00fcr Babyprodukte. Klicken Sie hier.<\/a><\/p>","protected":false},"excerpt":{"rendered":"<p>Die Sorge um Babys ist in vielen L\u00e4ndern ein weit verbreitetes Anliegen. Dies kann beunruhigend sein und es ist wichtig zu verstehen, dass vieles davon in bestimmten Situationen normal sein kann.<br \/>\nIn diesem Artikel besprechen wir, wann Schleim im Stuhl des Babys als normal gilt und wann er Anlass zur Sorge gibt. Lesen Sie weiter, um weitere Informationen und Best\u00e4tigung zu erhalten.<\/p>","protected":false},"author":0,"featured_media":1912,"comment_status":"closed","ping_status":"open","sticky":false,"template":"","format":"standard","meta":{"footnotes":""},"categories":[5],"tags":[1023,1161,1437],"yoast_head":"<!-- This site is optimized with the Yoast SEO plugin v23.3 - https:\/\/yoast.com\/wordpress\/plugins\/seo\/ -->\n<title>Muco nas fezes do beb\u00ea, quando \u00e9 normal e quando se preocupar? - Universo Fam\u00edlia<\/title>\n<meta name=\"description\" content=\"O muco nas fezes do beb\u00ea \u00e9 uma preocupa\u00e7\u00e3o comum entre os pais. Embora possa ser alarmante, \u00e9 importante entender que o muco pode ser normal em certas situa\u00e7\u00f5es.\" \/>\n<meta name=\"robots\" content=\"index, follow, max-snippet:-1, max-image-preview:large, max-video-preview:-1\" \/>\n<link rel=\"canonical\" href=\"https:\/\/universofamilia.com\/de\/muco-nas-fezes-do-bebe-quando-e-normal-e-quando-se-preocupar\/\" \/>\n<meta property=\"og:locale\" content=\"de_DE\" \/>\n<meta property=\"og:type\" content=\"article\" \/>\n<meta property=\"og:title\" content=\"Muco nas fezes do beb\u00ea, quando \u00e9 normal e quando se preocupar? - Universo Fam\u00edlia\" \/>\n<meta property=\"og:description\" content=\"O muco nas fezes do beb\u00ea \u00e9 uma preocupa\u00e7\u00e3o comum entre os pais. Embora possa ser alarmante, \u00e9 importante entender que o muco pode ser normal em certas situa\u00e7\u00f5es.\" \/>\n<meta property=\"og:url\" content=\"https:\/\/universofamilia.com\/de\/muco-nas-fezes-do-bebe-quando-e-normal-e-quando-se-preocupar\/\" \/>\n<meta property=\"og:site_name\" content=\"Universo Fam\u00edlia\" \/>\n<meta property=\"article:published_time\" content=\"2023-05-25T21:01:58+00:00\" \/>\n<meta property=\"og:image\" content=\"https:\/\/universofamilia.com\/wp-content\/uploads\/sites\/148\/2023\/05\/FOTO-DESTAQUE-muco-fezes-bebe-universo-familia-448x350-.png\" \/>\n\t<meta property=\"og:image:width\" content=\"448\" \/>\n\t<meta property=\"og:image:height\" content=\"350\" \/>\n\t<meta property=\"og:image:type\" content=\"image\/png\" \/>\n<meta name=\"twitter:card\" content=\"summary_large_image\" \/>\n<meta name=\"twitter:label1\" content=\"Est. reading time\" \/>\n\t<meta name=\"twitter:data1\" content=\"3 Minuten\" \/>\n<script type=\"application\/ld+json\" class=\"yoast-schema-graph\">{\"@context\":\"https:\/\/schema.org\",\"@graph\":[{\"@type\":\"WebPage\",\"@id\":\"https:\/\/universofamilia.com\/hu\/muco-nas-fezes-do-bebe-quando-e-normal-e-quando-se-preocupar\/\",\"url\":\"https:\/\/universofamilia.com\/hu\/muco-nas-fezes-do-bebe-quando-e-normal-e-quando-se-preocupar\/\",\"name\":\"Muco nas fezes do beb\u00ea, quando \u00e9 normal e quando se preocupar? - Universo Fam\u00edlia\",\"isPartOf\":{\"@id\":\"https:\/\/universofamilia.com\/el\/#website\"},\"primaryImageOfPage\":{\"@id\":\"https:\/\/universofamilia.com\/hu\/muco-nas-fezes-do-bebe-quando-e-normal-e-quando-se-preocupar\/#primaryimage\"},\"image\":{\"@id\":\"https:\/\/universofamilia.com\/hu\/muco-nas-fezes-do-bebe-quando-e-normal-e-quando-se-preocupar\/#primaryimage\"},\"thumbnailUrl\":\"http:\/\/universofamilia.com\/wp-content\/uploads\/sites\/148\/2023\/05\/FOTO-DESTAQUE-muco-fezes-bebe-universo-familia-448x350-.png\",\"datePublished\":\"2023-05-25T21:01:58+00:00\",\"dateModified\":\"2023-05-25T21:01:58+00:00\",\"author\":{\"@id\":\"\"},\"description\":\"O muco nas fezes do beb\u00ea \u00e9 uma preocupa\u00e7\u00e3o comum entre os pais. Embora possa ser alarmante, \u00e9 importante entender que o muco pode ser normal em certas situa\u00e7\u00f5es.\",\"breadcrumb\":{\"@id\":\"https:\/\/universofamilia.com\/hu\/muco-nas-fezes-do-bebe-quando-e-normal-e-quando-se-preocupar\/#breadcrumb\"},\"inLanguage\":\"de-CH\",\"potentialAction\":[{\"@type\":\"ReadAction\",\"target\":[\"https:\/\/universofamilia.com\/hu\/muco-nas-fezes-do-bebe-quando-e-normal-e-quando-se-preocupar\/\"]}]},{\"@type\":\"ImageObject\",\"inLanguage\":\"de-CH\",\"@id\":\"https:\/\/universofamilia.com\/hu\/muco-nas-fezes-do-bebe-quando-e-normal-e-quando-se-preocupar\/#primaryimage\",\"url\":\"http:\/\/universofamilia.com\/wp-content\/uploads\/sites\/148\/2023\/05\/FOTO-DESTAQUE-muco-fezes-bebe-universo-familia-448x350-.png\",\"contentUrl\":\"http:\/\/universofamilia.com\/wp-content\/uploads\/sites\/148\/2023\/05\/FOTO-DESTAQUE-muco-fezes-bebe-universo-familia-448x350-.png\",\"width\":448,\"height\":350},{\"@type\":\"BreadcrumbList\",\"@id\":\"https:\/\/universofamilia.com\/hu\/muco-nas-fezes-do-bebe-quando-e-normal-e-quando-se-preocupar\/#breadcrumb\",\"itemListElement\":[{\"@type\":\"ListItem\",\"position\":1,\"name\":\"Home\",\"item\":\"https:\/\/universofamilia.com\/el\/\"},{\"@type\":\"ListItem\",\"position\":2,\"name\":\"Muco nas fezes do beb\u00ea, quando \u00e9 normal e quando se preocupar?\"}]},{\"@type\":\"WebSite\",\"@id\":\"https:\/\/universofamilia.com\/el\/#website\",\"url\":\"https:\/\/universofamilia.com\/el\/\",\"name\":\"Universo Fam\u00edlia\",\"description\":\"\",\"potentialAction\":[{\"@type\":\"SearchAction\",\"target\":{\"@type\":\"EntryPoint\",\"urlTemplate\":\"https:\/\/universofamilia.com\/el\/?s={search_term_string}\"},\"query-input\":\"required name=search_term_string\"}],\"inLanguage\":\"de-CH\"}]}<\/script>\n<!-- \/ Yoast SEO plugin. -->","yoast_head_json":{"title":"Muco nas fezes do beb\u00ea, quando \u00e9 normal e quando se preocupar? - Universo Fam\u00edlia","description":"O muco nas fezes do beb\u00ea \u00e9 uma preocupa\u00e7\u00e3o comum entre os pais. Embora possa ser alarmante, \u00e9 importante entender que o muco pode ser normal em certas situa\u00e7\u00f5es.","robots":{"index":"index","follow":"follow","max-snippet":"max-snippet:-1","max-image-preview":"max-image-preview:large","max-video-preview":"max-video-preview:-1"},"canonical":"https:\/\/universofamilia.com\/de\/muco-nas-fezes-do-bebe-quando-e-normal-e-quando-se-preocupar\/","og_locale":"de_DE","og_type":"article","og_title":"Muco nas fezes do beb\u00ea, quando \u00e9 normal e quando se preocupar? - Universo Fam\u00edlia","og_description":"O muco nas fezes do beb\u00ea \u00e9 uma preocupa\u00e7\u00e3o comum entre os pais. Embora possa ser alarmante, \u00e9 importante entender que o muco pode ser normal em certas situa\u00e7\u00f5es.","og_url":"https:\/\/universofamilia.com\/de\/muco-nas-fezes-do-bebe-quando-e-normal-e-quando-se-preocupar\/","og_site_name":"Universo Fam\u00edlia","article_published_time":"2023-05-25T21:01:58+00:00","og_image":[{"width":448,"height":350,"url":"https:\/\/universofamilia.com\/wp-content\/uploads\/sites\/148\/2023\/05\/FOTO-DESTAQUE-muco-fezes-bebe-universo-familia-448x350-.png","type":"image\/png"}],"twitter_card":"summary_large_image","twitter_misc":{"Est. reading time":"3 Minuten"},"schema":{"@context":"https:\/\/schema.org","@graph":[{"@type":"WebPage","@id":"https:\/\/universofamilia.com\/hu\/muco-nas-fezes-do-bebe-quando-e-normal-e-quando-se-preocupar\/","url":"https:\/\/universofamilia.com\/hu\/muco-nas-fezes-do-bebe-quando-e-normal-e-quando-se-preocupar\/","name":"Muco nas fezes do beb\u00ea, quando \u00e9 normal e quando se preocupar? - Universo Fam\u00edlia","isPartOf":{"@id":"https:\/\/universofamilia.com\/el\/#website"},"primaryImageOfPage":{"@id":"https:\/\/universofamilia.com\/hu\/muco-nas-fezes-do-bebe-quando-e-normal-e-quando-se-preocupar\/#primaryimage"},"image":{"@id":"https:\/\/universofamilia.com\/hu\/muco-nas-fezes-do-bebe-quando-e-normal-e-quando-se-preocupar\/#primaryimage"},"thumbnailUrl":"http:\/\/universofamilia.com\/wp-content\/uploads\/sites\/148\/2023\/05\/FOTO-DESTAQUE-muco-fezes-bebe-universo-familia-448x350-.png","datePublished":"2023-05-25T21:01:58+00:00","dateModified":"2023-05-25T21:01:58+00:00","author":{"@id":""},"description":"O muco nas fezes do beb\u00ea \u00e9 uma preocupa\u00e7\u00e3o comum entre os pais. Embora possa ser alarmante, \u00e9 importante entender que o muco pode ser normal em certas situa\u00e7\u00f5es.","breadcrumb":{"@id":"https:\/\/universofamilia.com\/hu\/muco-nas-fezes-do-bebe-quando-e-normal-e-quando-se-preocupar\/#breadcrumb"},"inLanguage":"de-CH","potentialAction":[{"@type":"ReadAction","target":["https:\/\/universofamilia.com\/hu\/muco-nas-fezes-do-bebe-quando-e-normal-e-quando-se-preocupar\/"]}]},{"@type":"ImageObject","inLanguage":"de-CH","@id":"https:\/\/universofamilia.com\/hu\/muco-nas-fezes-do-bebe-quando-e-normal-e-quando-se-preocupar\/#primaryimage","url":"http:\/\/universofamilia.com\/wp-content\/uploads\/sites\/148\/2023\/05\/FOTO-DESTAQUE-muco-fezes-bebe-universo-familia-448x350-.png","contentUrl":"http:\/\/universofamilia.com\/wp-content\/uploads\/sites\/148\/2023\/05\/FOTO-DESTAQUE-muco-fezes-bebe-universo-familia-448x350-.png","width":448,"height":350},{"@type":"BreadcrumbList","@id":"https:\/\/universofamilia.com\/hu\/muco-nas-fezes-do-bebe-quando-e-normal-e-quando-se-preocupar\/#breadcrumb","itemListElement":[{"@type":"ListItem","position":1,"name":"Home","item":"https:\/\/universofamilia.com\/el\/"},{"@type":"ListItem","position":2,"name":"Muco nas fezes do beb\u00ea, quando \u00e9 normal e quando se preocupar?"}]},{"@type":"WebSite","@id":"https:\/\/universofamilia.com\/el\/#website","url":"https:\/\/universofamilia.com\/el\/","name":"Universo Fam\u00edlia","description":"","potentialAction":[{"@type":"SearchAction","target":{"@type":"EntryPoint","urlTemplate":"https:\/\/universofamilia.com\/el\/?s={search_term_string}"},"query-input":"required name=search_term_string"}],"inLanguage":"de-CH"}]}},"_links":{"self":[{"href":"http:\/\/universofamilia.com\/de\/wp-json\/wp\/v2\/posts\/1797"}],"collection":[{"href":"http:\/\/universofamilia.com\/de\/wp-json\/wp\/v2\/posts"}],"about":[{"href":"http:\/\/universofamilia.com\/de\/wp-json\/wp\/v2\/types\/post"}],"replies":[{"embeddable":true,"href":"http:\/\/universofamilia.com\/de\/wp-json\/wp\/v2\/comments?post=1797"}],"version-history":[{"count":0,"href":"http:\/\/universofamilia.com\/de\/wp-json\/wp\/v2\/posts\/1797\/revisions"}],"wp:featuredmedia":[{"embeddable":true,"href":"http:\/\/universofamilia.com\/de\/wp-json\/wp\/v2\/media\/1912"}],"wp:attachment":[{"href":"http:\/\/universofamilia.com\/de\/wp-json\/wp\/v2\/media?parent=1797"}],"wp:term":[{"taxonomy":"category","embeddable":true,"href":"http:\/\/universofamilia.com\/de\/wp-json\/wp\/v2\/categories?post=1797"},{"taxonomy":"post_tag","embeddable":true,"href":"http:\/\/universofamilia.com\/de\/wp-json\/wp\/v2\/tags?post=1797"}],"curies":[{"name":"wp","href":"https:\/\/api.w.org\/{rel}","templated":true}]}}