{"id":2760,"date":"2023-06-18T21:39:10","date_gmt":"2023-06-19T00:39:10","guid":{"rendered":"https:\/\/universofamilia.com\/?p=2760"},"modified":"2025-10-05T22:57:48","modified_gmt":"2025-10-06T01:57:48","slug":"posso-utilizar-ar-condicionado-no-quarto-do-bebe","status":"publish","type":"post","link":"http:\/\/universofamilia.com\/de\/diesen-zustand-konnen-sie-im-babyzimmer-nutzen\/","title":{"rendered":"Kann ich die Sp\u00fclung im Babyzimmer verwenden?"},"content":{"rendered":"<p>Ein Baby zu Hause zu bekommen ist eine unglaubliche Erfahrung, wirft aber auch verschiedene Sorgen f\u00fcr Ihr Land auf.<\/p>\n\n\n\n<p>Kann ich die Sp\u00fclung im Babyzimmer verwenden? Viele Menschen haben Angst davor, in einem sicheren Babyzimmer eine Klimaanlage zu verwenden.<\/p>\n\n\n\n<p>Lassen Sie uns die Vorteile und die Pflege im Zusammenhang mit dieser Suche untersuchen und uns auch mit der geeigneten H\u00f6he und Stelle f\u00fcr die Installation des Ger\u00e4ts befassen.<\/p>\n\n\n<div class=\"wp-block-image\">\n<figure class=\"aligncenter size-full\"><img loading=\"lazy\" decoding=\"async\" width=\"550\" height=\"350\" src=\"http:\/\/universofamilia.com\/wp-content\/uploads\/sites\/148\/2023\/06\/POST-ar-condicionado-universo-familia-2.png\" alt=\"\" class=\"wp-image-2762\" srcset=\"http:\/\/universofamilia.com\/wp-content\/uploads\/sites\/148\/2023\/06\/POST-ar-condicionado-universo-familia-2.png 550w, http:\/\/universofamilia.com\/wp-content\/uploads\/sites\/148\/2023\/06\/POST-ar-condicionado-universo-familia-2-300x191.png 300w\" sizes=\"(max-width: 550px) 100vw, 550px\" \/><figcaption class=\"wp-element-caption\"><em>Foto: (Reproduktion\/Internet)<\/em><\/figcaption><\/figure><\/div>\n\n\n<h3 class=\"wp-block-heading\"><strong>Vorteile der Verwendung einer Klimaanlage im Babyzimmer<\/strong><\/h3>\n\n\n\n<p><strong>Temperaturkontrolle<\/strong>: Die Klimaanlage bietet den Vorteil, dass sie die Raumtemperatur reguliert und so insbesondere in der k\u00fchleren Jahreszeit f\u00fcr ein stets angenehmes Raumklima im Babyzimmer sorgt.<\/p>\n\n\n\n<p>Durch die Aufrechterhaltung einer angemessenen Temperatur k\u00f6nnen Sie dazu beitragen, dass Ihr Baby ruhig und angenehm klingelt.<\/p>\n\n\n\n<p><strong>Reduzierung der Luftfeuchtigkeit<\/strong>Neben der Regelung der Temperatur oder Klimatisierung tr\u00e4gt es auch zur Reduzierung der Luftfeuchtigkeit bei.<\/p>\n\n\n\n<p>Dies ist besonders wichtig, um die Ansammlung von Mofos und Milben zu verhindern, die die Atemwege des Babys sch\u00e4digen k\u00f6nnen.<\/p>\n\n\n\n<p><strong>Luftfilterung<\/strong>: Viele Klimaanlagenmodelle verf\u00fcgen \u00fcber Filter, die die Luft reinigen und Schadstoffe, Pollen und andere Allergene entfernen, die Atembeschwerden verursachen k\u00f6nnen.<\/p>\n\n\n\n<p>Au\u00dferdem ist es besonders vorteilhaft f\u00fcr Babys mit empfindlichen Atemwegen oder Allergien.<\/p>\n\n\n\n<p>Leia auch <a href=\"http:\/\/universofamilia.com\/de\/ist-es-moglich-im-babyzimmer-einen-ventilator-zu-verwenden\/\" target=\"_blank\" rel=\"noreferrer noopener\">Kann ich im Babyzimmer einen Ventilator verwenden?<\/a><\/p>\n\n\n\n<h3 class=\"wp-block-heading\"><strong>Vorsicht bei der Verwendung einer Klimaanlage im Babyzimmer<\/strong><\/h3>\n\n\n\n<p><strong>Regelm\u00e4\u00dfige Reinigung zweier Filter<\/strong>: Um die Luftqualit\u00e4t zu gew\u00e4hrleisten, ist die regelm\u00e4\u00dfige Reinigung zweier Klimaanlagenfilter unerl\u00e4sslich.<\/p>\n\n\n\n<p>Diese Ma\u00dfnahme tr\u00e4gt dazu bei, die Ansammlung von Schadstoffen und Allergenen zu verhindern und sorgt f\u00fcr eine gesunde Umgebung f\u00fcr Ihr Baby.<\/p>\n\n\n\n<p><strong>Angemessene Temperatur<\/strong>: Es ist wichtig, die Temperatur auf eine f\u00fcr das Baby geeignete Temperatur zu regulieren oder zu konditionieren.<\/p>\n\n\n\n<p>Es wird empfohlen, die Temperatur zwischen 23 \u00b0C und 25 \u00b0C zu halten, um auch bei sehr kalter Umgebung f\u00fcr thermischen Komfort zu sorgen.<\/p>\n\n\n\n<p><strong>Vermeiden Sie direkte Luftstr\u00f6mungen<\/strong>: Positionieren Sie die Klimaanlage so, dass der Luftstrom nicht direkt den Schlafbereich des Babys erreicht.<\/p>\n\n\n\n<p>Es kann auch zu Atemnot oder sogar Erk\u00e4ltungen kommen.<\/p>\n\n\n\n<h3 class=\"wp-block-heading\"><strong>H\u00f6he und Lage der Bedingung im Babyzimmer<\/strong><\/h3>\n\n\n\n<p>Bei der Einrichtung bzw. Ausstattung des Babyzimmers ist auf die H\u00f6he und den richtigen Standort zu achten. Hier sind einige Tipps, die Sie befolgen sollten:<\/p>\n\n\n\n<p><strong>Ideale H\u00f6he<\/strong>: In sicherer H\u00f6he und au\u00dferhalb der Reichweite des Babys installieren oder anbringen. Eine empfohlene H\u00f6he betr\u00e4gt etwa 1,8 Meter von der Decke.<\/p>\n\n\n\n<p>Dadurch wird verhindert, dass das Baby Zugang zum Ger\u00e4t hat und m\u00f6gliche Unf\u00e4lle vermieden.<\/p>\n\n\n<div class=\"wp-block-image\">\n<figure class=\"aligncenter size-full\"><img loading=\"lazy\" decoding=\"async\" width=\"550\" height=\"350\" src=\"http:\/\/universofamilia.com\/wp-content\/uploads\/sites\/148\/2023\/06\/POST-ar-condicionado-universo-familia-.png\" alt=\"\" class=\"wp-image-2763\" srcset=\"http:\/\/universofamilia.com\/wp-content\/uploads\/sites\/148\/2023\/06\/POST-ar-condicionado-universo-familia-.png 550w, http:\/\/universofamilia.com\/wp-content\/uploads\/sites\/148\/2023\/06\/POST-ar-condicionado-universo-familia--300x191.png 300w\" sizes=\"(max-width: 550px) 100vw, 550px\" \/><figcaption class=\"wp-element-caption\"><em>Foto: (Reproduktion\/Internet)<\/em><\/figcaption><\/figure><\/div>\n\n\n<p><strong>Entfernung vom Ber\u00e7o<\/strong>: Achten Sie darauf, dass der Conditioner in sicherem Abstand zur Basis steht.<\/p>\n\n\n\n<p>Vermeiden Sie zu viel oder zu nahe Luft oder direkten Luftstrom, der Ihrem Baby beim Schlafen Unbehagen bereiten k\u00f6nnte.<\/p>\n\n\n\n<p><strong>Vermeiden Sie Hindernisse<\/strong>: Stellen Sie sicher, dass der Fluss der konditionierten W\u00e4rme nicht durch Gegenst\u00e4nde behindert wird.<\/p>\n\n\n\n<p>Halten Sie au\u00dferdem den Platz um das Ger\u00e4t herum frei, um eine ausreichende Luftzirkulation in der Umgebung zu gew\u00e4hrleisten.<\/p>\n\n\n\n<h3 class=\"wp-block-heading\"><strong>Vorschlag zur Installation der Klimaanlage im Babyzimmer<\/strong><\/h3>\n\n\n\n<p>Die korrekte Installation der Anlage im Babyzimmer ist von entscheidender Bedeutung, um die Effizienz des Ger\u00e4ts und die Sicherheit der Kinder zu gew\u00e4hrleisten.<\/p>\n\n\n\n<p>Hier einige Hinweise zur Durchf\u00fchrung der Montage und welche H\u00f6he sich f\u00fcr die Aufstellung bzw. Konditionierung eignet:<\/p>\n\n\n\n<p><strong>Engagieren Sie einen Profi<\/strong>: Es wird empfohlen, die Installation dieser Bedingung durch einen qualifizierten Fachmann durchf\u00fchren zu lassen.<\/p>\n\n\n\n<p>Dar\u00fcber hinaus verf\u00fcgt dieser Fachmann \u00fcber die notwendigen technischen Kenntnisse, um eine sichere und fachgerechte Installation durchzuf\u00fchren, Risiken zu minimieren und die ordnungsgem\u00e4\u00dfe Funktion des Ger\u00e4ts zu gew\u00e4hrleisten.<\/p>\n\n\n\n<p><strong>W\u00e4hlen Sie Wand oder Fenster<\/strong>: Vor der Installation oder Konditionierung ist es wichtig, dass Sie entscheiden, ob Sie das Ger\u00e4t an einer Wand oder an einer T\u00fcr befestigen m\u00f6chten.<\/p>\n\n\n\n<p>Diese Wahl h\u00e4ngt von den Umgebungsbedingungen und der Struktur des Babyzimmers ab.<\/p>\n\n\n\n<p><strong>Empfohlene H\u00f6he<\/strong>Hinweis: Die ideale H\u00f6he zum Aufstellen bzw. Klimatisieren des Babyzimmers betr\u00e4gt ca. 1,8 Meter vom Kinderzimmer entfernt. Daher erm\u00f6glicht diese H\u00f6he eine effiziente Luftverteilung im Raum und sorgt so f\u00fcr den thermischen Komfort des Babys.<\/p>\n\n\n<div class=\"wp-block-image\">\n<figure class=\"aligncenter size-full\"><img loading=\"lazy\" decoding=\"async\" width=\"550\" height=\"350\" src=\"http:\/\/universofamilia.com\/wp-content\/uploads\/sites\/148\/2023\/06\/POST-ar-condicionado-universo-familia-1-1.png\" alt=\"\" class=\"wp-image-2765\" srcset=\"http:\/\/universofamilia.com\/wp-content\/uploads\/sites\/148\/2023\/06\/POST-ar-condicionado-universo-familia-1-1.png 550w, http:\/\/universofamilia.com\/wp-content\/uploads\/sites\/148\/2023\/06\/POST-ar-condicionado-universo-familia-1-1-300x191.png 300w\" sizes=\"(max-width: 550px) 100vw, 550px\" \/><figcaption class=\"wp-element-caption\"><em>Foto: (Reproduktion\/Internet)<\/em><\/figcaption><\/figure><\/div>\n\n\n<p><strong>Vermeiden Sie Hindernisse<\/strong>: Stellen Sie sicher, dass sich keine beweglichen oder den Bereich um die St\u00f6rung blockierenden Objekte befinden. Diese Hindernisse k\u00f6nnen die Luftzirkulation behindern und die Effizienz des Ger\u00e4ts beeintr\u00e4chtigen.<\/p>\n\n\n\n<p><strong>Luftstromrichtung<\/strong>: Positionieren Sie die Klimaanlage so, dass der Luftstrom nicht direkt auf den Boden oder in den Schlafbereich des Babys gerichtet ist. Isso verhindert Atemnot, die durch direkte Luftstr\u00f6mungen verursacht wird.<\/p>\n\n\n\n<p><strong>Sicherheitsabstand<\/strong>: Halten Sie einen Sicherheitsabstand zwischen der Klimaanlage und der Bettw\u00e4sche ein und vermeiden Sie, sie zu nahe beieinander zu platzieren.<\/p>\n\n\n\n<p>Somit wird durch diese Ma\u00dfnahme vermieden, dass das Baby direkt dem kalten Luftstrom ausgesetzt wird und Erk\u00e4ltungen oder Unwohlsein vorgebeugt wird.<\/p>\n\n\n\n<p>Beachten Sie unbedingt die Herstellerhinweise zur Installation der Klimaanlage und ziehen Sie im Zweifelsfall einen Fachbetrieb zu Rate.<\/p>\n\n\n\n<p>Dar\u00fcber hinaus sorgen Sie durch die ordnungsgem\u00e4\u00dfe Installation und Positionierung bzw. Konditionierung in der richtigen H\u00f6he f\u00fcr eine sichere, komfortable und temperaturkontrollierte Umgebung zum Wohlbefinden Ihres Babys.<\/p>\n\n\n\n<h3 class=\"wp-block-heading\"><strong>Abschluss<\/strong><\/h3>\n\n\n\n<p>Die Verwendung einer Klimaanlage im Zimmer Ihres Babys kann erhebliche Vorteile haben, solange Sie richtig darauf achten.<\/p>\n\n\n\n<p>Kontrollieren Sie die Temperatur, reduzieren Sie die Luftfeuchtigkeit und filtern Sie die wichtigen Schritte, um eine sichere Umgebung f\u00fcr Ihr Baby zu gew\u00e4hrleisten.<\/p>\n\n\n\n<p>Es ist notwendig, die beiden Filter regelm\u00e4\u00dfig zu reinigen, die Temperatur entsprechend den Bed\u00fcrfnissen des Babys anzupassen und es in geeigneter Position oder an einem Ort au\u00dferhalb der Reichweite des Kindes aufzustellen.<\/p>\n\n\n\n<p>Wenn Sie diese Richtlinien befolgen, k\u00f6nnen Sie f\u00fcr Ihr Baby eine angenehme und komfortable Umgebung schaffen, die sein Wohlbefinden f\u00f6rdert und f\u00fcr eine gute Klangqualit\u00e4t sorgt.<\/p>\n\n\n\n<p>Ben\u00f6tige Accessoires und Kleidung, conhe\u00e7a |&nbsp;<a href=\"https:\/\/www.luzbaby.com.br\/\" target=\"_blank\" rel=\"noreferrer noopener\">A Luz Baby ist einer der besten L\u00e4den f\u00fcr Babyprodukte. klicken Sie hier<\/a><\/p>\n\n\n\n<h3 class=\"wp-block-heading\"><strong>Weitere Informationen<\/strong><\/h3>\n\n\n\n<p>F\u00fcr detailliertere und umfassendere Informationen zum Einsatz einer Klimaanlage im Babyzimmer empfiehlt es sich, weitere Quellen zu konsultieren und die Meinungen von Spezialisten einzubeziehen.<\/p>\n\n\n\n<p><strong>Hier sind einige Referenzen Ihres Vertrauens, die Sie konsultieren k\u00f6nnen:<\/strong><\/p>\n\n\n\n<p><strong>Brasilianische Gesellschaft f\u00fcr P\u00e4diatrie (SBP):<\/strong> SBP ist eine renommierte Institution, die Richtlinien und Informationen zur Kinderbetreuung anbietet. Auf der offiziellen Website (https:\/\/www.sbp.com.br\/) finden Sie Hinweise zur Verwendung der Klimaanlage im Babyzimmer.<\/p>\n\n\n\n<p><strong>Brasilianischer Verband f\u00fcr K\u00fchlung, Klimaanlagen, L\u00fcftung und Aquecimento (ABRAVA):<\/strong> ABRAVA ist ein Verband, der Fachleute und Unternehmen der Klimaanlagenbranche zusammenbringt. Diese Site (https:\/\/abrava.com.br\/) bietet technische Informationen zur ordnungsgem\u00e4\u00dfen Installation der Bedingung.<\/p>\n\n\n\n<p><strong>Konsultieren Sie Kinder\u00e4rzte und Klimaanlagenspezialisten<\/strong>: Wenn Sie \u00fcber den Einsatz einer Klimaanlage im Kinderzimmer sprechen, sollten Sie immer die Meinung von Gesundheitsexperten und Klimaanlagenspezialisten einholen.<\/p>\n\n\n\n<p>Vereinbaren Sie einen Beratungstermin mit dem Kinderarzt Ihres Babys, um spezifische Beratung basierend auf der Krankengeschichte Ihres Kindes zu erhalten.<\/p>\n\n\n\n<p>Sie k\u00f6nnen sich auch an einen Klimaanlagenspezialisten wenden, um individuelle Empfehlungen entsprechend den Umgebungsbedingungen zu erhalten.<\/p>\n\n\n\n<p>Beachten Sie, dass die Ausrichtung je nach den individuellen Bed\u00fcrfnissen des Babys und den spezifischen Umgebungsbedingungen variieren kann.<\/p>\n\n\n\n<p>Daher ist es wichtig, dass Sie aktuelle und personalisierte Informationen aus vertrauensw\u00fcrdigen und qualifizierten professionellen Quellen einholen.<\/p>","protected":false},"excerpt":{"rendered":"<p>Ter um beb\u00ea em casa \u00e9 uma experi\u00eancia incr\u00edvel, mas tamb\u00e9m traz diversas preocupa\u00e7\u00f5es para os pais. Posso Utilizar Ar Condicionado no Quarto do Beb\u00ea ? As pessoas frequentemente t\u00eam a d\u00favida se utilizar um ar condicionado no quarto do beb\u00ea \u00e9 seguro Vamos explorar os benef\u00edcios e cuidados relacionados a essa quest\u00e3o, al\u00e9m de [&hellip;]<\/p>","protected":false},"author":219,"featured_media":2766,"comment_status":"closed","ping_status":"open","sticky":false,"template":"","format":"standard","meta":{"footnotes":""},"categories":[4],"tags":[486,487,1310],"yoast_head":"<!-- This site is optimized with the Yoast SEO plugin v23.3 - https:\/\/yoast.com\/wordpress\/plugins\/seo\/ -->\n<title>Posso Utilizar Ar Condicionado no Quarto do Beb\u00ea? - Universo Fam\u00edlia<\/title>\n<meta name=\"description\" content=\"Posso Utilizar Ar Condicionado no Quarto do Beb\u00ea? Ter um beb\u00ea em casa \u00e9 uma experi\u00eancia incr\u00edvel, mas tamb\u00e9m traz diversas preocupa\u00e7\u00f5es para\" \/>\n<meta name=\"robots\" content=\"index, follow, max-snippet:-1, max-image-preview:large, max-video-preview:-1\" \/>\n<link rel=\"canonical\" href=\"https:\/\/universofamilia.com\/de\/posso-utilizar-ar-condicionado-no-quarto-do-bebe\/\" \/>\n<meta property=\"og:locale\" content=\"de_DE\" \/>\n<meta property=\"og:type\" content=\"article\" \/>\n<meta property=\"og:title\" content=\"Posso Utilizar Ar Condicionado no Quarto do Beb\u00ea? - Universo Fam\u00edlia\" \/>\n<meta property=\"og:description\" content=\"Posso Utilizar Ar Condicionado no Quarto do Beb\u00ea? Ter um beb\u00ea em casa \u00e9 uma experi\u00eancia incr\u00edvel, mas tamb\u00e9m traz diversas preocupa\u00e7\u00f5es para\" \/>\n<meta property=\"og:url\" content=\"https:\/\/universofamilia.com\/de\/posso-utilizar-ar-condicionado-no-quarto-do-bebe\/\" \/>\n<meta property=\"og:site_name\" content=\"Universo Fam\u00edlia\" \/>\n<meta property=\"article:published_time\" content=\"2023-06-19T00:39:10+00:00\" \/>\n<meta property=\"article:modified_time\" content=\"2025-10-06T01:57:48+00:00\" \/>\n<meta property=\"og:image\" content=\"https:\/\/universofamilia.com\/wp-content\/uploads\/sites\/148\/2023\/06\/FOTO-DESTAQUE-ar-condicionado-universo-familia-.png\" \/>\n\t<meta property=\"og:image:width\" content=\"448\" \/>\n\t<meta property=\"og:image:height\" content=\"350\" \/>\n\t<meta property=\"og:image:type\" content=\"image\/png\" \/>\n<meta name=\"author\" content=\"Matheus Sangaletti\" \/>\n<meta name=\"twitter:card\" content=\"summary_large_image\" \/>\n<meta name=\"twitter:label1\" content=\"Written by\" \/>\n\t<meta name=\"twitter:data1\" content=\"Matheus Sangaletti\" \/>\n\t<meta name=\"twitter:label2\" content=\"Est. reading time\" \/>\n\t<meta name=\"twitter:data2\" content=\"8 Minuten\" \/>\n<script type=\"application\/ld+json\" class=\"yoast-schema-graph\">{\"@context\":\"https:\/\/schema.org\",\"@graph\":[{\"@type\":\"WebPage\",\"@id\":\"https:\/\/universofamilia.com\/da\/posso-utilizar-ar-condicionado-no-quarto-do-bebe\/\",\"url\":\"https:\/\/universofamilia.com\/da\/posso-utilizar-ar-condicionado-no-quarto-do-bebe\/\",\"name\":\"Posso Utilizar Ar Condicionado no Quarto do Beb\u00ea? - Universo Fam\u00edlia\",\"isPartOf\":{\"@id\":\"https:\/\/universofamilia.com\/el\/#website\"},\"primaryImageOfPage\":{\"@id\":\"https:\/\/universofamilia.com\/da\/posso-utilizar-ar-condicionado-no-quarto-do-bebe\/#primaryimage\"},\"image\":{\"@id\":\"https:\/\/universofamilia.com\/da\/posso-utilizar-ar-condicionado-no-quarto-do-bebe\/#primaryimage\"},\"thumbnailUrl\":\"http:\/\/universofamilia.com\/wp-content\/uploads\/sites\/148\/2023\/06\/FOTO-DESTAQUE-ar-condicionado-universo-familia-.png\",\"datePublished\":\"2023-06-19T00:39:10+00:00\",\"dateModified\":\"2025-10-06T01:57:48+00:00\",\"author\":{\"@id\":\"https:\/\/universofamilia.com\/el\/#\/schema\/person\/92fcd07e9b1f4323bf74f3170fc0f78a\"},\"description\":\"Posso Utilizar Ar Condicionado no Quarto do Beb\u00ea? Ter um beb\u00ea em casa \u00e9 uma experi\u00eancia incr\u00edvel, mas tamb\u00e9m traz diversas preocupa\u00e7\u00f5es para\",\"breadcrumb\":{\"@id\":\"https:\/\/universofamilia.com\/da\/posso-utilizar-ar-condicionado-no-quarto-do-bebe\/#breadcrumb\"},\"inLanguage\":\"de-CH\",\"potentialAction\":[{\"@type\":\"ReadAction\",\"target\":[\"https:\/\/universofamilia.com\/da\/posso-utilizar-ar-condicionado-no-quarto-do-bebe\/\"]}]},{\"@type\":\"ImageObject\",\"inLanguage\":\"de-CH\",\"@id\":\"https:\/\/universofamilia.com\/da\/posso-utilizar-ar-condicionado-no-quarto-do-bebe\/#primaryimage\",\"url\":\"http:\/\/universofamilia.com\/wp-content\/uploads\/sites\/148\/2023\/06\/FOTO-DESTAQUE-ar-condicionado-universo-familia-.png\",\"contentUrl\":\"http:\/\/universofamilia.com\/wp-content\/uploads\/sites\/148\/2023\/06\/FOTO-DESTAQUE-ar-condicionado-universo-familia-.png\",\"width\":448,\"height\":350},{\"@type\":\"BreadcrumbList\",\"@id\":\"https:\/\/universofamilia.com\/da\/posso-utilizar-ar-condicionado-no-quarto-do-bebe\/#breadcrumb\",\"itemListElement\":[{\"@type\":\"ListItem\",\"position\":1,\"name\":\"Home\",\"item\":\"https:\/\/universofamilia.com\/el\/\"},{\"@type\":\"ListItem\",\"position\":2,\"name\":\"Posso Utilizar Ar Condicionado no Quarto do Beb\u00ea?\"}]},{\"@type\":\"WebSite\",\"@id\":\"https:\/\/universofamilia.com\/el\/#website\",\"url\":\"https:\/\/universofamilia.com\/el\/\",\"name\":\"Universo Fam\u00edlia\",\"description\":\"\",\"potentialAction\":[{\"@type\":\"SearchAction\",\"target\":{\"@type\":\"EntryPoint\",\"urlTemplate\":\"https:\/\/universofamilia.com\/el\/?s={search_term_string}\"},\"query-input\":\"required name=search_term_string\"}],\"inLanguage\":\"de-CH\"},{\"@type\":\"Person\",\"@id\":\"https:\/\/universofamilia.com\/el\/#\/schema\/person\/92fcd07e9b1f4323bf74f3170fc0f78a\",\"name\":\"Matheus Sangaletti\",\"image\":{\"@type\":\"ImageObject\",\"inLanguage\":\"de-CH\",\"@id\":\"https:\/\/universofamilia.com\/el\/#\/schema\/person\/image\/\",\"url\":\"http:\/\/2.gravatar.com\/avatar\/280ea957a14a48e6a1ad2133d2cc27c9?s=96&d=mm&r=g\",\"contentUrl\":\"http:\/\/2.gravatar.com\/avatar\/280ea957a14a48e6a1ad2133d2cc27c9?s=96&d=mm&r=g\",\"caption\":\"Matheus Sangaletti\"},\"url\":\"http:\/\/universofamilia.com\/de\/author\/matheuss\/\"}]}<\/script>\n<!-- \/ Yoast SEO plugin. -->","yoast_head_json":{"title":"Posso Utilizar Ar Condicionado no Quarto do Beb\u00ea? - Universo Fam\u00edlia","description":"Posso Utilizar Ar Condicionado no Quarto do Beb\u00ea? Ter um beb\u00ea em casa \u00e9 uma experi\u00eancia incr\u00edvel, mas tamb\u00e9m traz diversas preocupa\u00e7\u00f5es para","robots":{"index":"index","follow":"follow","max-snippet":"max-snippet:-1","max-image-preview":"max-image-preview:large","max-video-preview":"max-video-preview:-1"},"canonical":"https:\/\/universofamilia.com\/de\/posso-utilizar-ar-condicionado-no-quarto-do-bebe\/","og_locale":"de_DE","og_type":"article","og_title":"Posso Utilizar Ar Condicionado no Quarto do Beb\u00ea? - Universo Fam\u00edlia","og_description":"Posso Utilizar Ar Condicionado no Quarto do Beb\u00ea? Ter um beb\u00ea em casa \u00e9 uma experi\u00eancia incr\u00edvel, mas tamb\u00e9m traz diversas preocupa\u00e7\u00f5es para","og_url":"https:\/\/universofamilia.com\/de\/posso-utilizar-ar-condicionado-no-quarto-do-bebe\/","og_site_name":"Universo Fam\u00edlia","article_published_time":"2023-06-19T00:39:10+00:00","article_modified_time":"2025-10-06T01:57:48+00:00","og_image":[{"width":448,"height":350,"url":"https:\/\/universofamilia.com\/wp-content\/uploads\/sites\/148\/2023\/06\/FOTO-DESTAQUE-ar-condicionado-universo-familia-.png","type":"image\/png"}],"author":"Matheus Sangaletti","twitter_card":"summary_large_image","twitter_misc":{"Written by":"Matheus Sangaletti","Est. reading time":"8 Minuten"},"schema":{"@context":"https:\/\/schema.org","@graph":[{"@type":"WebPage","@id":"https:\/\/universofamilia.com\/da\/posso-utilizar-ar-condicionado-no-quarto-do-bebe\/","url":"https:\/\/universofamilia.com\/da\/posso-utilizar-ar-condicionado-no-quarto-do-bebe\/","name":"Posso Utilizar Ar Condicionado no Quarto do Beb\u00ea? - Universo Fam\u00edlia","isPartOf":{"@id":"https:\/\/universofamilia.com\/el\/#website"},"primaryImageOfPage":{"@id":"https:\/\/universofamilia.com\/da\/posso-utilizar-ar-condicionado-no-quarto-do-bebe\/#primaryimage"},"image":{"@id":"https:\/\/universofamilia.com\/da\/posso-utilizar-ar-condicionado-no-quarto-do-bebe\/#primaryimage"},"thumbnailUrl":"http:\/\/universofamilia.com\/wp-content\/uploads\/sites\/148\/2023\/06\/FOTO-DESTAQUE-ar-condicionado-universo-familia-.png","datePublished":"2023-06-19T00:39:10+00:00","dateModified":"2025-10-06T01:57:48+00:00","author":{"@id":"https:\/\/universofamilia.com\/el\/#\/schema\/person\/92fcd07e9b1f4323bf74f3170fc0f78a"},"description":"Posso Utilizar Ar Condicionado no Quarto do Beb\u00ea? Ter um beb\u00ea em casa \u00e9 uma experi\u00eancia incr\u00edvel, mas tamb\u00e9m traz diversas preocupa\u00e7\u00f5es para","breadcrumb":{"@id":"https:\/\/universofamilia.com\/da\/posso-utilizar-ar-condicionado-no-quarto-do-bebe\/#breadcrumb"},"inLanguage":"de-CH","potentialAction":[{"@type":"ReadAction","target":["https:\/\/universofamilia.com\/da\/posso-utilizar-ar-condicionado-no-quarto-do-bebe\/"]}]},{"@type":"ImageObject","inLanguage":"de-CH","@id":"https:\/\/universofamilia.com\/da\/posso-utilizar-ar-condicionado-no-quarto-do-bebe\/#primaryimage","url":"http:\/\/universofamilia.com\/wp-content\/uploads\/sites\/148\/2023\/06\/FOTO-DESTAQUE-ar-condicionado-universo-familia-.png","contentUrl":"http:\/\/universofamilia.com\/wp-content\/uploads\/sites\/148\/2023\/06\/FOTO-DESTAQUE-ar-condicionado-universo-familia-.png","width":448,"height":350},{"@type":"BreadcrumbList","@id":"https:\/\/universofamilia.com\/da\/posso-utilizar-ar-condicionado-no-quarto-do-bebe\/#breadcrumb","itemListElement":[{"@type":"ListItem","position":1,"name":"Home","item":"https:\/\/universofamilia.com\/el\/"},{"@type":"ListItem","position":2,"name":"Posso Utilizar Ar Condicionado no Quarto do Beb\u00ea?"}]},{"@type":"WebSite","@id":"https:\/\/universofamilia.com\/el\/#website","url":"https:\/\/universofamilia.com\/el\/","name":"Universo Fam\u00edlia","description":"","potentialAction":[{"@type":"SearchAction","target":{"@type":"EntryPoint","urlTemplate":"https:\/\/universofamilia.com\/el\/?s={search_term_string}"},"query-input":"required name=search_term_string"}],"inLanguage":"de-CH"},{"@type":"Person","@id":"https:\/\/universofamilia.com\/el\/#\/schema\/person\/92fcd07e9b1f4323bf74f3170fc0f78a","name":"Matheus Sangaletti","image":{"@type":"ImageObject","inLanguage":"de-CH","@id":"https:\/\/universofamilia.com\/el\/#\/schema\/person\/image\/","url":"http:\/\/2.gravatar.com\/avatar\/280ea957a14a48e6a1ad2133d2cc27c9?s=96&d=mm&r=g","contentUrl":"http:\/\/2.gravatar.com\/avatar\/280ea957a14a48e6a1ad2133d2cc27c9?s=96&d=mm&r=g","caption":"Matheus Sangaletti"},"url":"http:\/\/universofamilia.com\/de\/author\/matheuss\/"}]}},"_links":{"self":[{"href":"http:\/\/universofamilia.com\/de\/wp-json\/wp\/v2\/posts\/2760"}],"collection":[{"href":"http:\/\/universofamilia.com\/de\/wp-json\/wp\/v2\/posts"}],"about":[{"href":"http:\/\/universofamilia.com\/de\/wp-json\/wp\/v2\/types\/post"}],"author":[{"embeddable":true,"href":"http:\/\/universofamilia.com\/de\/wp-json\/wp\/v2\/users\/219"}],"replies":[{"embeddable":true,"href":"http:\/\/universofamilia.com\/de\/wp-json\/wp\/v2\/comments?post=2760"}],"version-history":[{"count":1,"href":"http:\/\/universofamilia.com\/de\/wp-json\/wp\/v2\/posts\/2760\/revisions"}],"predecessor-version":[{"id":9885,"href":"http:\/\/universofamilia.com\/de\/wp-json\/wp\/v2\/posts\/2760\/revisions\/9885"}],"wp:featuredmedia":[{"embeddable":true,"href":"http:\/\/universofamilia.com\/de\/wp-json\/wp\/v2\/media\/2766"}],"wp:attachment":[{"href":"http:\/\/universofamilia.com\/de\/wp-json\/wp\/v2\/media?parent=2760"}],"wp:term":[{"taxonomy":"category","embeddable":true,"href":"http:\/\/universofamilia.com\/de\/wp-json\/wp\/v2\/categories?post=2760"},{"taxonomy":"post_tag","embeddable":true,"href":"http:\/\/universofamilia.com\/de\/wp-json\/wp\/v2\/tags?post=2760"}],"curies":[{"name":"wp","href":"https:\/\/api.w.org\/{rel}","templated":true}]}}