{"id":10213,"date":"2025-10-27T12:35:00","date_gmt":"2025-10-27T15:35:00","guid":{"rendered":"https:\/\/universofamilia.com\/?p=10213"},"modified":"2025-10-27T12:35:18","modified_gmt":"2025-10-27T15:35:18","slug":"economia-mundial-en-2025-recesion-o-recuperacion","status":"publish","type":"post","link":"http:\/\/universofamilia.com\/en\/economia-mundial-en-2025-recesion-o-recuperacion\/","title":{"rendered":"World Economy in 2025: Recession or Recovery?"},"content":{"rendered":"<p class=\"has-text-align-center\">We will analyze the IMF&#039;s outlook on the <strong>world economy in 2025<\/strong>, the factors pointing to recession or recovery and their implications for Latin America.<\/p>\n\n\n\n<figure class=\"wp-block-gallery aligncenter has-nested-images columns-default is-cropped wp-block-gallery-1 is-layout-flex wp-block-gallery-is-layout-flex\">\n<figure class=\"wp-block-image size-full\"><img loading=\"lazy\" decoding=\"async\" width=\"450\" height=\"250\" data-id=\"10215\" src=\"https:\/\/universofamilia.com\/wp-content\/uploads\/sites\/148\/2025\/10\/Destaque-Novo-Universo-23-1.jpg\" alt=\"\" class=\"wp-image-10215\" srcset=\"http:\/\/universofamilia.com\/wp-content\/uploads\/sites\/148\/2025\/10\/Destaque-Novo-Universo-23-1.jpg 450w, http:\/\/universofamilia.com\/wp-content\/uploads\/sites\/148\/2025\/10\/Destaque-Novo-Universo-23-1-300x167.jpg 300w, http:\/\/universofamilia.com\/wp-content\/uploads\/sites\/148\/2025\/10\/Destaque-Novo-Universo-23-1-18x10.jpg 18w\" sizes=\"(max-width: 450px) 100vw, 450px\" \/><figcaption class=\"wp-element-caption\">CANVA<\/figcaption><\/figure>\n<\/figure>\n\n\n\n<p class=\"has-text-align-center\">We will also explore what strategic decisions could make a difference for countries and businesses.<\/p>\n\n\n\n<p class=\"has-text-align-center\">With a human and realistic approach, I will clearly explain why the question <strong>\u201cInternational Monetary Fund 2025: Recession or Recovery?\u201d<\/strong> is more relevant than ever.<\/p>\n\n\n\n<p><br><strong>Global Economy in 2025: Recession or Recovery?<\/strong><\/p>\n\n\n\n<p>It&#039;s at the center of the economic debate this year, and in fact, the keyword appears from the very first line to naturally reinforce its presence.<\/p>\n\n\n\n<p>This is not a hypothetical scenario; recent IMF data show that global growth is projected to be around 3.2% 3Q13 for this year, only a slight slowdown from 3.3% 3Q13 in 2024.<\/p>\n\n\n\n<p>Simply put, the global economy is not on the verge of collapse, but it is navigating difficult terrain.<\/p>\n\n\n\n<p>It&#039;s like driving on a highway with good pavement but with an unexpected storm on the horizon. You can stay on course, but you need to adjust your speed, brakes, and attention.<\/p>\n\n\n\n<p>This analogy helps to see why this moment demands prudence and determination.<\/p>\n\n\n\n<p>Next, we&#039;ll examine the main risk and opportunity vectors, how the obstacles differ for developed versus emerging countries, and finally, what the real-world scenarios could be for you, your business, or your Latin American country.<\/p>\n\n\n\n<h2 class=\"wp-block-heading\">Global outlook: moderate growth, high risks<\/h2>\n\n\n\n<p>The latest edition of the International Monetary Fund&#039;s World Economic Outlook (WEO) warns that global growth will gradually slow: from 3.3 % in 2024 to approximately 3.2 % in 2025 and 3.1 % in 2026.<\/p>\n\n\n\n<ul>\n<li>In advanced economies, growth is expected to be around 1.5 % in 2025.<\/li>\n\n\n\n<li>In emerging and developing markets, a little more than 4 % is expected, although with a clearly upward trend.<\/li>\n<\/ul>\n\n\n\n<p>This slowdown in growth does not automatically imply a recession; however, the room for maneuver is much narrower.<\/p>\n\n\n\n<p>Factors such as trade tensions, labor supply problems, and accumulating public debt are affecting resilience.<\/p>\n\n\n\n<p>For example, the report notes that \u201crisks are skewed to the downside.\u201d<\/p>\n\n\n\n<p>A relevant statistic: according to the WEO of October 2025, the estimated global growth is <strong>3.2 %<\/strong> for this year.<\/p>\n\n\n\n<p>The image we are left with is that of a balloon that continues to inflate, but with small leaks: it remains in the air, but with additional effort and the risk of deflating if further shocks occur.<\/p>\n\n\n\n<p>In that sense, the title <strong>\u201cWorld Economy in 2025: Recession or Recovery?\u201d<\/strong> It is a pertinent question that calls for careful analysis.<\/p>\n\n\n\n<h2 class=\"wp-block-heading\">Factors pushing towards recession<\/h2>\n\n\n\n<h3 class=\"wp-block-heading\">a) Trade tensions and fragmentation<\/h3>\n\n\n\n<p>The reorganization of value chains, along with higher tariffs and trade barriers, is generating uncertainty. <\/p>\n\n\n\n<p>The WEO warns that excessive trade policy tightening and global fragmentation could hinder investment.<\/p>\n\n\n\n<h3 class=\"wp-block-heading\">b) Problems in the labor market and demographics<\/h3>\n\n\n\n<p>An aging population, a lower labor force participation rate, and a shortage of skilled labor among young people are structural constraints.<\/p>\n\n\n\n<p>The report indicates that stimulating growth requires improving labor force participation among older adults and women.<\/p>\n\n\n\n<h3 class=\"wp-block-heading\">c) High debt and financial vulnerability<\/h3>\n\n\n\n<p>The combination of slow growth and high debt levels leaves many countries with limited room to maneuver in the event of a crisis.<\/p>\n\n\n\n<p>The IMF warns that a financial correction, a scenario many believe unlikely, remains a latent threat.<\/p>\n\n\n\n<h3 class=\"wp-block-heading\">d) Unexpected shocks: climate, geopolitics, technology<\/h3>\n\n\n\n<p>An example could be a regional conflict that disrupts key exports or a sudden energy crisis.<\/p>\n\n\n\n<p>In such cases, the risk of falling into recession increases dramatically.<\/p>\n\n\n\n<p>The analogy here would be that of a bicycle traveling with a favorable wind: as soon as the wind changes direction, balance is lost.<\/p>\n\n\n\n<p>Therefore, a recession scenario does not appear to be the most likely scenario in 2025, but it cannot be ruled out.<\/p>\n\n\n\n<p>And it is precisely because of this high level of risk that the question <strong>\u201cWorld Economy in 2025: Recession or Recovery?\u201d<\/strong> should be taken seriously.<\/p>\n\n\n\n<h2 class=\"wp-block-heading\">Factors driving recovery<\/h2>\n\n\n\n<h3 class=\"wp-block-heading\">a) Adaptation and resilience<\/h3>\n\n\n\n<p>The fact that global growth has not collapsed (3.2 %) indicates that there is a capacity for resilience: technology sectors, domestic consumption in emerging markets and the reduction of certain trade barriers all contribute.<\/p>\n\n\n\n<h3 class=\"wp-block-heading\">b) Potential for structural change (AI, digitalization)<\/h3>\n\n\n\n<p>A recent study analyzes how the adoption of artificial intelligence (AI) affects global Gross Domestic Product (GDP), suggesting that productivity could receive a boost if accompanied by the right policies.<\/p>\n\n\n\n<h3 class=\"wp-block-heading\">c) Post-pandemic sector recovery<\/h3>\n\n\n\n<p>Sectors that lagged behind during the pandemic (travel, leisure, in-person services) are showing signs of recovery, allowing some of the &quot;dormant capital&quot; to be reactivated.<\/p>\n\n\n\n<h3 class=\"wp-block-heading\">d) International cooperation and structural reforms<\/h3>\n\n\n\n<p>If governments opt for more coordinated policies, reducing trade barriers, and implementing productivity reforms, they can bring about significant change.<\/p>\n\n\n\n<p>The WEO report mentions that \u201cconstructive action to promote a stable and predictable trading environment\u201d is key.<\/p>\n\n\n\n<p>A concrete example: a Latin American country that systematically invests in digital infrastructure and technological skills education could benefit much more quickly than one that continues with only traditional policies. <\/p>\n\n\n\n<p>This is an illustration of how recovery can be accelerated if decisions are made in line with the global context.<\/p>\n\n\n\n<h2 class=\"wp-block-heading\">4. Possible scenarios for 2025 and what they imply<\/h2>\n\n\n\n<h3 class=\"wp-block-heading\">Scenario A \u2013 Soft stagnation<\/h3>\n\n\n\n<p>In this case, growth remains close to the global 3 %, without recession, but also without a vigorous recovery.<\/p>\n\n\n\n<p>Companies are growing moderately, but the window for innovation is narrowing.<\/p>\n\n\n\n<p>In this scenario, many emerging economies continue to lead the way, while advanced economies falter slightly.<\/p>\n\n\n\n<h3 class=\"wp-block-heading\">Scenario B \u2013 Moderate snail-like recovery<\/h3>\n\n\n\n<p>Here, technological adaptation, productivity improvements, and international cooperation combine to enable growth to rise to 3.5 % or more globally.<\/p>\n\n\n\n<p>For countries with active reforms, this means increased foreign investment, increased value-added exports, and improved employment.<\/p>\n\n\n\n<h3 class=\"wp-block-heading\">Scenario C \u2013 Localized or generalized recession<\/h3>\n\n\n\n<p>Although unlikely globally, certain countries or regions could fall into recession\u2014for example, economies with high debt, banking crises, or key sectors affected by external shocks.<\/p>\n\n\n\n<p>The title <strong>\u201cWorld Economy in 2025: Recession or Recovery?\u201d<\/strong> This is fully relevant here: it is not so much whether there will be a total global recession, but rather how many and which countries may be left out of the positive cycle.<\/p>\n\n\n\n<p>For those operating in Latin America or Mexico, this means it&#039;s vital not to assume that &quot;the context is neutral.&quot;<\/p>\n\n\n\n<p>If you are in the group of economies with exposure to raw materials, tourism, or sensitive sectors, you should plan for scenario B or C, not just A.<\/p>\n\n\n\n<h2 class=\"wp-block-heading\">What can Latin American countries and companies do?<\/h2>\n\n\n\n<h3 class=\"wp-block-heading\">For countries<\/h3>\n\n\n\n<ul>\n<li>Prioritize policies to boost productivity: investment in human capital, digitalization, and infrastructure.<\/li>\n\n\n\n<li>Consolidate public finances: accessible debt, sufficient room for maneuver in the face of external shocks.<\/li>\n\n\n\n<li>Promote trade openness and market diversification to reduce dependence on a single region.<\/li>\n<\/ul>\n\n\n\n<h3 class=\"wp-block-heading\">For companies<\/h3>\n\n\n\n<ul>\n<li>Anticipate the moderate growth scenario: optimize costs, seek niche markets, adopt technology to differentiate yourself.<\/li>\n\n\n\n<li>Build financial resilience: have liquidity, lower leverage, and contingency plans for downturns.<\/li>\n\n\n\n<li>See technological disruption not only as a threat, but as an opportunity: imagine two Mexican startups, one that invested in AI in logistics and the other that didn&#039;t: the former can boost its growth in a world where efficiency is paramount.<\/li>\n<\/ul>\n\n\n\n<p>A useful analogy: a company is like a sailboat sailing in a sea with weak currents and irregular winds.<\/p>\n\n\n\n<p>If you trim your sails (technology), keep your hull clean (productivity), and have up-to-date maps (economic data), you&#039;ll be able to move forward even when the wind is light.<\/p>\n\n\n\n<p>Those who only follow the traditional route will be left behind.<\/p>\n\n\n\n<figure class=\"wp-block-gallery aligncenter has-nested-images columns-default is-cropped wp-block-gallery-2 is-layout-flex wp-block-gallery-is-layout-flex\">\n<figure class=\"wp-block-image size-full\"><img loading=\"lazy\" decoding=\"async\" width=\"450\" height=\"250\" data-id=\"10216\" src=\"https:\/\/universofamilia.com\/wp-content\/uploads\/sites\/148\/2025\/10\/Destaque-Novo-Universo-24.jpg\" alt=\"\" class=\"wp-image-10216\" srcset=\"http:\/\/universofamilia.com\/wp-content\/uploads\/sites\/148\/2025\/10\/Destaque-Novo-Universo-24.jpg 450w, http:\/\/universofamilia.com\/wp-content\/uploads\/sites\/148\/2025\/10\/Destaque-Novo-Universo-24-300x167.jpg 300w, http:\/\/universofamilia.com\/wp-content\/uploads\/sites\/148\/2025\/10\/Destaque-Novo-Universo-24-18x10.jpg 18w\" sizes=\"(max-width: 450px) 100vw, 450px\" \/><figcaption class=\"wp-element-caption\">CANVA<\/figcaption><\/figure>\n<\/figure>\n\n\n\n<p>Read more:\u00a0<a href=\"http:\/\/universofamilia.com\/en\/crisis-climatica-global\/\">Global climate crisis: the impacts already affecting millions<\/a><\/p>\n\n\n\n<h2 class=\"wp-block-heading\">So are we facing a recession or a recovery?<\/h2>\n\n\n\n<p>The answer is: <strong>both in different doses<\/strong>.<\/p>\n\n\n\n<p>A global recession is not inevitable in 2025, nor is an exuberant recovery.<\/p>\n\n\n\n<p>Rather, we are at a turning point where much will depend on the decisions made\u2014both at the macroeconomic and business levels.<\/p>\n\n\n\n<p>The title <strong>\u201cWorld Economy in 2025: Recession or Recovery?\u201d<\/strong> contains that duality.<\/p>\n\n\n\n<p>If governments and organizations act with vision, we could see a moderate recovery.<\/p>\n\n\n\n<p>If inertia, fragmentation, and uncontrolled debt prevail, some areas could slide into recession.<\/p>\n\n\n\n<p>The key is to move ahead of time, rather than reacting when the decline is already noticeable.<\/p>\n\n\n\n<p>If a company or country waits for the &quot;storm&quot; to strike before acting, they will be at a disadvantage compared to those who have already adjusted their sails.<\/p>\n\n\n\n<h2 class=\"wp-block-heading\">Conclusion<\/h2>\n\n\n\n<p>The year 2025 represents a very specific challenge for the global economy.<\/p>\n\n\n\n<p>With global growth projected to be around 3.2% 1TP3Q, we are far from an explosive recovery and not yet on the verge of collapse.<\/p>\n\n\n\n<p>But margins are narrowing, risks are mounting, and the window of opportunity must be seized now.<\/p>\n\n\n\n<p>The question <strong>\u201cWorld Economy in 2025: Recession or Recovery?\u201d<\/strong> It&#039;s not just rhetoric; it&#039;s a call to action.<\/p>\n\n\n\n<p>For emerging economies, for businesses and investors, the time to plan is now.<\/p>\n\n\n\n<p>The difference between those who manage this cycle well and those who underestimate it could determine the next five to ten years of advantage or delay.<\/p>\n\n\n\n<p>I invite you to analyze: Are you on the boat that adjusts its sails and cleans its hull, or on the one that waits for the wind to rise on its own?<\/p>\n\n\n\n<p>Read more:\u00a0<a href=\"http:\/\/universofamilia.com\/en\/el-papel-de-la-tecnologia-en-las-elecciones-internacionales\/\">The role of technology in international elections<\/a><\/p>\n\n\n\n<h2 class=\"wp-block-heading\">Frequently Asked Questions (FAQ)<\/h2>\n\n\n\n<p><strong>Should we prepare for a global recession in 2025?<\/strong><br>A recession is not inevitable for the entire planet.<\/p>\n\n\n\n<p>However, it is advisable to prepare for at least a period of stagnation or moderate growth.<\/p>\n\n\n\n<p>This involves adjusting finances, production machinery and expectations.<\/p>\n\n\n\n<p><strong>Can Mexico benefit from the global recovery?<\/strong><br>Yes, Mexico can benefit by taking advantage of export markets, adopting technology, and positioning itself in value-added niches.<\/p>\n\n\n\n<p>But it is also exposed if it relies excessively on raw materials or traditional sectors.<\/p>\n\n\n\n<p><strong>Which sectors have the best chance of growth in this context?<\/strong><br><\/p>\n\n\n\n<p>Sectors linked to technology, digitalization, renewable energy, smart logistics, and export-oriented production are more likely to excel.<\/p>\n\n\n\n<p>In contrast, sectors heavily exposed to raw materials without diversification may lag behind.<\/p>\n\n\n\n<p><strong>What role does international cooperation play?<\/strong><br>It&#039;s essential. Reducing trade barriers, improving global supply chains, and coordinating macroeconomic policies help create a more conducive environment for growth.<\/p>\n\n\n\n<p>If fragmentation intensifies, the drag on recession increases.<\/p>\n\n\n\n<p><strong>What is the main recommendation for a company in Latin America?<\/strong><br><\/p>\n\n\n\n<p>Evaluate your exposure to international risk, invest in technology and productivity, reduce financial vulnerabilities, and seek to diversify markets.<\/p>\n\n\n\n<p>Don&#039;t assume the cycle will only bring favorable winds; prepare for gusts and calm.<\/p>","protected":false},"excerpt":{"rendered":"<p>Analizaremos el panorama del FMI sobre la econom\u00eda mundial en 2025, los factores que apuntan a recesi\u00f3n o recuperaci\u00f3n y sus implicaciones para Am\u00e9rica Latina. Tambi\u00e9n exploraremos qu\u00e9 decisiones estrat\u00e9gicas podr\u00edan marcar la diferencia para los pa\u00edses y las empresas. Con enfoque humano y realista, explicar\u00e9 con claridad por qu\u00e9 la interrogante \u201cInternational Monetary Fund [&hellip;]<\/p>","protected":false},"author":219,"featured_media":10214,"comment_status":"closed","ping_status":"open","sticky":false,"template":"","format":"standard","meta":{"footnotes":""},"categories":[4],"tags":[],"yoast_head":"<!-- This site is optimized with the Yoast SEO plugin v23.3 - https:\/\/yoast.com\/wordpress\/plugins\/seo\/ -->\n<title>Econom\u00eda mundial en 2025: \u00bfrecesi\u00f3n o recuperaci\u00f3n? - Universo Fam\u00edlia<\/title>\n<meta name=\"description\" content=\"Analizaremos el panorama del FMI sobre la econom\u00eda mundial en 2025, los factores que apuntan a recesi\u00f3n o recuperaci\u00f3n y sus implicaciones..\" \/>\n<meta name=\"robots\" content=\"index, follow, max-snippet:-1, max-image-preview:large, max-video-preview:-1\" \/>\n<link rel=\"canonical\" href=\"https:\/\/universofamilia.com\/en\/economia-mundial-en-2025-recesion-o-recuperacion\/\" \/>\n<meta property=\"og:locale\" content=\"en_US\" \/>\n<meta property=\"og:type\" content=\"article\" \/>\n<meta property=\"og:title\" content=\"Econom\u00eda mundial en 2025: \u00bfrecesi\u00f3n o recuperaci\u00f3n? - Universo Fam\u00edlia\" \/>\n<meta property=\"og:description\" content=\"Analizaremos el panorama del FMI sobre la econom\u00eda mundial en 2025, los factores que apuntan a recesi\u00f3n o recuperaci\u00f3n y sus implicaciones..\" \/>\n<meta property=\"og:url\" content=\"https:\/\/universofamilia.com\/en\/economia-mundial-en-2025-recesion-o-recuperacion\/\" \/>\n<meta property=\"og:site_name\" content=\"Universo Fam\u00edlia\" \/>\n<meta property=\"article:published_time\" content=\"2025-10-27T15:35:00+00:00\" \/>\n<meta property=\"article:modified_time\" content=\"2025-10-27T15:35:18+00:00\" \/>\n<meta property=\"og:image\" content=\"https:\/\/universofamilia.com\/wp-content\/uploads\/sites\/148\/2025\/10\/Destaque-Novo-Universo-23.jpg\" \/>\n\t<meta property=\"og:image:width\" content=\"450\" \/>\n\t<meta property=\"og:image:height\" content=\"250\" \/>\n\t<meta property=\"og:image:type\" content=\"image\/jpeg\" \/>\n<meta name=\"author\" content=\"Matheus Sangaletti\" \/>\n<meta name=\"twitter:card\" content=\"summary_large_image\" \/>\n<meta name=\"twitter:label1\" content=\"Written by\" \/>\n\t<meta name=\"twitter:data1\" content=\"Matheus Sangaletti\" \/>\n\t<meta name=\"twitter:label2\" content=\"Est. reading time\" \/>\n\t<meta name=\"twitter:data2\" content=\"11 minutes\" \/>\n<script type=\"application\/ld+json\" class=\"yoast-schema-graph\">{\"@context\":\"https:\/\/schema.org\",\"@graph\":[{\"@type\":\"WebPage\",\"@id\":\"https:\/\/universofamilia.com\/el\/economia-mundial-en-2025-recesion-o-recuperacion\/\",\"url\":\"https:\/\/universofamilia.com\/el\/economia-mundial-en-2025-recesion-o-recuperacion\/\",\"name\":\"Econom\u00eda mundial en 2025: \u00bfrecesi\u00f3n o recuperaci\u00f3n? - Universo Fam\u00edlia\",\"isPartOf\":{\"@id\":\"https:\/\/universofamilia.com\/el\/#website\"},\"primaryImageOfPage\":{\"@id\":\"https:\/\/universofamilia.com\/el\/economia-mundial-en-2025-recesion-o-recuperacion\/#primaryimage\"},\"image\":{\"@id\":\"https:\/\/universofamilia.com\/el\/economia-mundial-en-2025-recesion-o-recuperacion\/#primaryimage\"},\"thumbnailUrl\":\"http:\/\/universofamilia.com\/wp-content\/uploads\/sites\/148\/2025\/10\/Destaque-Novo-Universo-23.jpg\",\"datePublished\":\"2025-10-27T15:35:00+00:00\",\"dateModified\":\"2025-10-27T15:35:18+00:00\",\"author\":{\"@id\":\"https:\/\/universofamilia.com\/el\/#\/schema\/person\/92fcd07e9b1f4323bf74f3170fc0f78a\"},\"description\":\"Analizaremos el panorama del FMI sobre la econom\u00eda mundial en 2025, los factores que apuntan a recesi\u00f3n o recuperaci\u00f3n y sus implicaciones..\",\"breadcrumb\":{\"@id\":\"https:\/\/universofamilia.com\/el\/economia-mundial-en-2025-recesion-o-recuperacion\/#breadcrumb\"},\"inLanguage\":\"en-US\",\"potentialAction\":[{\"@type\":\"ReadAction\",\"target\":[\"https:\/\/universofamilia.com\/el\/economia-mundial-en-2025-recesion-o-recuperacion\/\"]}]},{\"@type\":\"ImageObject\",\"inLanguage\":\"en-US\",\"@id\":\"https:\/\/universofamilia.com\/el\/economia-mundial-en-2025-recesion-o-recuperacion\/#primaryimage\",\"url\":\"http:\/\/universofamilia.com\/wp-content\/uploads\/sites\/148\/2025\/10\/Destaque-Novo-Universo-23.jpg\",\"contentUrl\":\"http:\/\/universofamilia.com\/wp-content\/uploads\/sites\/148\/2025\/10\/Destaque-Novo-Universo-23.jpg\",\"width\":450,\"height\":250},{\"@type\":\"BreadcrumbList\",\"@id\":\"https:\/\/universofamilia.com\/el\/economia-mundial-en-2025-recesion-o-recuperacion\/#breadcrumb\",\"itemListElement\":[{\"@type\":\"ListItem\",\"position\":1,\"name\":\"Home\",\"item\":\"https:\/\/universofamilia.com\/el\/\"},{\"@type\":\"ListItem\",\"position\":2,\"name\":\"Econom\u00eda mundial en 2025: \u00bfrecesi\u00f3n o recuperaci\u00f3n?\"}]},{\"@type\":\"WebSite\",\"@id\":\"https:\/\/universofamilia.com\/el\/#website\",\"url\":\"https:\/\/universofamilia.com\/el\/\",\"name\":\"Universo Fam\u00edlia\",\"description\":\"\",\"potentialAction\":[{\"@type\":\"SearchAction\",\"target\":{\"@type\":\"EntryPoint\",\"urlTemplate\":\"https:\/\/universofamilia.com\/el\/?s={search_term_string}\"},\"query-input\":\"required name=search_term_string\"}],\"inLanguage\":\"en-US\"},{\"@type\":\"Person\",\"@id\":\"https:\/\/universofamilia.com\/el\/#\/schema\/person\/92fcd07e9b1f4323bf74f3170fc0f78a\",\"name\":\"Matheus Sangaletti\",\"image\":{\"@type\":\"ImageObject\",\"inLanguage\":\"en-US\",\"@id\":\"https:\/\/universofamilia.com\/el\/#\/schema\/person\/image\/\",\"url\":\"http:\/\/2.gravatar.com\/avatar\/280ea957a14a48e6a1ad2133d2cc27c9?s=96&d=mm&r=g\",\"contentUrl\":\"http:\/\/2.gravatar.com\/avatar\/280ea957a14a48e6a1ad2133d2cc27c9?s=96&d=mm&r=g\",\"caption\":\"Matheus Sangaletti\"},\"url\":\"http:\/\/universofamilia.com\/en\/author\/matheuss\/\"}]}<\/script>\n<!-- \/ Yoast SEO plugin. -->","yoast_head_json":{"title":"Econom\u00eda mundial en 2025: \u00bfrecesi\u00f3n o recuperaci\u00f3n? - Universo Fam\u00edlia","description":"Analizaremos el panorama del FMI sobre la econom\u00eda mundial en 2025, los factores que apuntan a recesi\u00f3n o recuperaci\u00f3n y sus implicaciones..","robots":{"index":"index","follow":"follow","max-snippet":"max-snippet:-1","max-image-preview":"max-image-preview:large","max-video-preview":"max-video-preview:-1"},"canonical":"https:\/\/universofamilia.com\/en\/economia-mundial-en-2025-recesion-o-recuperacion\/","og_locale":"en_US","og_type":"article","og_title":"Econom\u00eda mundial en 2025: \u00bfrecesi\u00f3n o recuperaci\u00f3n? - Universo Fam\u00edlia","og_description":"Analizaremos el panorama del FMI sobre la econom\u00eda mundial en 2025, los factores que apuntan a recesi\u00f3n o recuperaci\u00f3n y sus implicaciones..","og_url":"https:\/\/universofamilia.com\/en\/economia-mundial-en-2025-recesion-o-recuperacion\/","og_site_name":"Universo Fam\u00edlia","article_published_time":"2025-10-27T15:35:00+00:00","article_modified_time":"2025-10-27T15:35:18+00:00","og_image":[{"width":450,"height":250,"url":"https:\/\/universofamilia.com\/wp-content\/uploads\/sites\/148\/2025\/10\/Destaque-Novo-Universo-23.jpg","type":"image\/jpeg"}],"author":"Matheus Sangaletti","twitter_card":"summary_large_image","twitter_misc":{"Written by":"Matheus Sangaletti","Est. reading time":"11 minutes"},"schema":{"@context":"https:\/\/schema.org","@graph":[{"@type":"WebPage","@id":"https:\/\/universofamilia.com\/el\/economia-mundial-en-2025-recesion-o-recuperacion\/","url":"https:\/\/universofamilia.com\/el\/economia-mundial-en-2025-recesion-o-recuperacion\/","name":"Econom\u00eda mundial en 2025: \u00bfrecesi\u00f3n o recuperaci\u00f3n? - Universo Fam\u00edlia","isPartOf":{"@id":"https:\/\/universofamilia.com\/el\/#website"},"primaryImageOfPage":{"@id":"https:\/\/universofamilia.com\/el\/economia-mundial-en-2025-recesion-o-recuperacion\/#primaryimage"},"image":{"@id":"https:\/\/universofamilia.com\/el\/economia-mundial-en-2025-recesion-o-recuperacion\/#primaryimage"},"thumbnailUrl":"http:\/\/universofamilia.com\/wp-content\/uploads\/sites\/148\/2025\/10\/Destaque-Novo-Universo-23.jpg","datePublished":"2025-10-27T15:35:00+00:00","dateModified":"2025-10-27T15:35:18+00:00","author":{"@id":"https:\/\/universofamilia.com\/el\/#\/schema\/person\/92fcd07e9b1f4323bf74f3170fc0f78a"},"description":"Analizaremos el panorama del FMI sobre la econom\u00eda mundial en 2025, los factores que apuntan a recesi\u00f3n o recuperaci\u00f3n y sus implicaciones..","breadcrumb":{"@id":"https:\/\/universofamilia.com\/el\/economia-mundial-en-2025-recesion-o-recuperacion\/#breadcrumb"},"inLanguage":"en-US","potentialAction":[{"@type":"ReadAction","target":["https:\/\/universofamilia.com\/el\/economia-mundial-en-2025-recesion-o-recuperacion\/"]}]},{"@type":"ImageObject","inLanguage":"en-US","@id":"https:\/\/universofamilia.com\/el\/economia-mundial-en-2025-recesion-o-recuperacion\/#primaryimage","url":"http:\/\/universofamilia.com\/wp-content\/uploads\/sites\/148\/2025\/10\/Destaque-Novo-Universo-23.jpg","contentUrl":"http:\/\/universofamilia.com\/wp-content\/uploads\/sites\/148\/2025\/10\/Destaque-Novo-Universo-23.jpg","width":450,"height":250},{"@type":"BreadcrumbList","@id":"https:\/\/universofamilia.com\/el\/economia-mundial-en-2025-recesion-o-recuperacion\/#breadcrumb","itemListElement":[{"@type":"ListItem","position":1,"name":"Home","item":"https:\/\/universofamilia.com\/el\/"},{"@type":"ListItem","position":2,"name":"Econom\u00eda mundial en 2025: \u00bfrecesi\u00f3n o recuperaci\u00f3n?"}]},{"@type":"WebSite","@id":"https:\/\/universofamilia.com\/el\/#website","url":"https:\/\/universofamilia.com\/el\/","name":"Universo Fam\u00edlia","description":"","potentialAction":[{"@type":"SearchAction","target":{"@type":"EntryPoint","urlTemplate":"https:\/\/universofamilia.com\/el\/?s={search_term_string}"},"query-input":"required name=search_term_string"}],"inLanguage":"en-US"},{"@type":"Person","@id":"https:\/\/universofamilia.com\/el\/#\/schema\/person\/92fcd07e9b1f4323bf74f3170fc0f78a","name":"Matheus Sangaletti","image":{"@type":"ImageObject","inLanguage":"en-US","@id":"https:\/\/universofamilia.com\/el\/#\/schema\/person\/image\/","url":"http:\/\/2.gravatar.com\/avatar\/280ea957a14a48e6a1ad2133d2cc27c9?s=96&d=mm&r=g","contentUrl":"http:\/\/2.gravatar.com\/avatar\/280ea957a14a48e6a1ad2133d2cc27c9?s=96&d=mm&r=g","caption":"Matheus Sangaletti"},"url":"http:\/\/universofamilia.com\/en\/author\/matheuss\/"}]}},"_links":{"self":[{"href":"http:\/\/universofamilia.com\/en\/wp-json\/wp\/v2\/posts\/10213"}],"collection":[{"href":"http:\/\/universofamilia.com\/en\/wp-json\/wp\/v2\/posts"}],"about":[{"href":"http:\/\/universofamilia.com\/en\/wp-json\/wp\/v2\/types\/post"}],"author":[{"embeddable":true,"href":"http:\/\/universofamilia.com\/en\/wp-json\/wp\/v2\/users\/219"}],"replies":[{"embeddable":true,"href":"http:\/\/universofamilia.com\/en\/wp-json\/wp\/v2\/comments?post=10213"}],"version-history":[{"count":1,"href":"http:\/\/universofamilia.com\/en\/wp-json\/wp\/v2\/posts\/10213\/revisions"}],"predecessor-version":[{"id":10217,"href":"http:\/\/universofamilia.com\/en\/wp-json\/wp\/v2\/posts\/10213\/revisions\/10217"}],"wp:featuredmedia":[{"embeddable":true,"href":"http:\/\/universofamilia.com\/en\/wp-json\/wp\/v2\/media\/10214"}],"wp:attachment":[{"href":"http:\/\/universofamilia.com\/en\/wp-json\/wp\/v2\/media?parent=10213"}],"wp:term":[{"taxonomy":"category","embeddable":true,"href":"http:\/\/universofamilia.com\/en\/wp-json\/wp\/v2\/categories?post=10213"},{"taxonomy":"post_tag","embeddable":true,"href":"http:\/\/universofamilia.com\/en\/wp-json\/wp\/v2\/tags?post=10213"}],"curies":[{"name":"wp","href":"https:\/\/api.w.org\/{rel}","templated":true}]}}