{"id":10479,"date":"2025-12-29T09:09:19","date_gmt":"2025-12-29T12:09:19","guid":{"rendered":"https:\/\/universofamilia.com\/?p=10479"},"modified":"2025-12-29T09:11:25","modified_gmt":"2025-12-29T12:11:25","slug":"la-salud-mental-en-la-mira","status":"publish","type":"post","link":"http:\/\/universofamilia.com\/en\/la-salud-mental-en-la-mira\/","title":{"rendered":"Mental health in the spotlight: the new global challenge of the 21st century"},"content":{"rendered":"<p class=\"has-text-align-center\"><strong>Mental health in the spotlight: the new global challenge of the 21st century.<\/strong> It is no longer an alarmist slogan nor an issue exclusive to the medical field.<\/p>\n\n\n\n<figure class=\"wp-block-gallery has-nested-images columns-default is-cropped wp-block-gallery-1 is-layout-flex wp-block-gallery-is-layout-flex\">\n<figure class=\"wp-block-image size-full\"><img loading=\"lazy\" decoding=\"async\" width=\"450\" height=\"250\" data-id=\"10481\" src=\"https:\/\/universofamilia.com\/wp-content\/uploads\/sites\/148\/2025\/12\/Destaque-Novo-Universo-20-1.jpg\" alt=\"\" class=\"wp-image-10481\" srcset=\"http:\/\/universofamilia.com\/wp-content\/uploads\/sites\/148\/2025\/12\/Destaque-Novo-Universo-20-1.jpg 450w, http:\/\/universofamilia.com\/wp-content\/uploads\/sites\/148\/2025\/12\/Destaque-Novo-Universo-20-1-300x167.jpg 300w, http:\/\/universofamilia.com\/wp-content\/uploads\/sites\/148\/2025\/12\/Destaque-Novo-Universo-20-1-18x10.jpg 18w\" sizes=\"(max-width: 450px) 100vw, 450px\" \/><figcaption class=\"wp-element-caption\">Mental health in the spotlight: the new global challenge of the 21st century.<\/figcaption><\/figure>\n<\/figure>\n\n\n\n<p class=\"has-text-align-center\">It became a social, economic and political priority that transcends ages, professions and cultures.<\/p>\n\n\n\n<p class=\"has-text-align-center\">In 2025, talking about emotional well-being means talking about productivity, relationships, education, technology, and quality of life.<\/p>\n\n\n\n<p>Before going deeper, it is worth reviewing a brief summary: why mental health is at the center of the global debate today, what factors explain its deterioration, and how it impacts the economy and daily life.<\/p>\n\n\n\n<p>A key statistic backed by international organizations, two real-world examples, an illuminating analogy, a table with current challenges, and a frequently asked questions section.<\/p>\n\n\n\n<h2 class=\"wp-block-heading\"><strong>Why mental health has moved to the center of the global conversation<\/strong><\/h2>\n\n\n\n<p>For decades, psychological well-being was relegated to the background. However, the rapid changes of the 21st century forced us to confront a problem that had been silently growing.<\/p>\n\n\n\n<p>Intense work rhythms, hyperconnectivity, economic uncertainty, and profound social transformations created a complex breeding ground.<\/p>\n\n\n\n<p>In this context, <strong>Mental health in the spotlight: the new global challenge of the 21st century.<\/strong> It ceased to be an academic phrase and became an everyday reality.<\/p>\n\n\n\n<p>Today, governments, businesses, and education systems recognize that ignoring this aspect has tangible and costly consequences.<\/p>\n\n\n\n<h2 class=\"wp-block-heading\"><strong>A problem that knows no borders or ages<\/strong><\/h2>\n\n\n\n<p>Mental health does not only affect certain countries or social groups.<\/p>\n\n\n\n<p>This is a widespread phenomenon. Young people, adults, and older adults are facing increasing levels of stress, anxiety, and emotional exhaustion.<\/p>\n\n\n\n<p>According to data from <strong>World Health Organization (WHO)<\/strong>, approximately <strong>1 in 8 people worldwide lives with some form of mental disorder<\/strong>This figure reflects the magnitude of the challenge and its direct impact on health systems and the global economy.<\/p>\n\n\n\n<p>This data, updated in recent reports from the agency, confirms that these are not isolated cases, but a structural problem.<\/p>\n\n\n\n<h2 class=\"wp-block-heading\"><strong>The silent impact on the economy and work<\/strong><\/h2>\n\n\n\n<p>Beyond individual suffering, impaired mental health affects productivity, increases absenteeism, and raises healthcare costs.<\/p>\n\n\n\n<p>Companies began to understand that taking care of emotional well-being is not an extra benefit, but a strategic investment.<\/p>\n\n\n\n<p>By 2025, many organizations will integrate psychological support programs, flexible work schedules, and digital disconnection policies.<\/p>\n\n\n\n<p>They do it not only out of social responsibility, but because the results show clear improvements in performance and commitment.<\/p>\n\n\n\n<h2 class=\"wp-block-heading\"><strong>Technology: both ally and risk<\/strong><\/h2>\n\n\n\n<p>Technology plays an ambivalent role. On the one hand, it facilitates access to information, online therapies, and support communities.<\/p>\n\n\n\n<p>On the other hand, it intensifies social comparison, overexposure, and the difficulty of disconnecting.<\/p>\n\n\n\n<p>The challenge is to use digital tools wisely.<\/p>\n\n\n\n<p>The key is not to demonize technology, but to establish healthy boundaries that allow us to take advantage of its benefits without sacrificing emotional balance.<\/p>\n\n\n\n<h2 class=\"wp-block-heading\"><strong>Emotional education: a historical debt<\/strong><\/h2>\n\n\n\n<p>For years, education systems prioritized academic content, neglecting basic emotional skills. Today, that omission is taking its toll.<\/p>\n\n\n\n<p>Emotional literacy is emerging as an urgent need.<\/p>\n\n\n\n<p>Incorporating stress management, empathy, and self-awareness from an early age not only prevents future disorders, but also creates more resilient and conscious citizens.<\/p>\n\n\n\n<h3 class=\"wp-block-heading\"><strong>Example 1<\/strong><\/h3>\n\n\n\n<p>A public school in Latin America integrated weekly emotional education workshops.<\/p>\n\n\n\n<p>In less than a year, conflicts between students decreased and overall academic performance improved, according to internal reports from the educational center.<\/p>\n\n\n\n<h2 class=\"wp-block-heading\"><strong>Stigma: the most persistent enemy<\/strong><\/h2>\n\n\n\n<p>Although the discourse has changed, the stigma remains. Many people avoid asking for help for fear of social or professional judgment.<\/p>\n\n\n\n<p>This silence aggravates the symptoms and delays effective treatments.<\/p>\n\n\n\n<p>Making mental health visible as an integral part of overall health is key. Normalizing the conversation saves time, resources, and, in some cases, lives.<\/p>\n\n\n\n<h2 class=\"wp-block-heading\"><strong>The analogy that helps to understand the urgency<\/strong><\/h2>\n\n\n\n<p>Taking care of your mental health is similar to <strong>maintain the operating system of a device<\/strong>.<\/p>\n\n\n\n<p>You can have the best hardware, but if the software fails, the entire system becomes slow, unstable, and vulnerable. Ignoring warning signs only worsens overall performance.<\/p>\n\n\n\n<h2 class=\"wp-block-heading\"><strong>Public policies and collective responsibility<\/strong><\/h2>\n\n\n\n<p>Governments face the challenge of designing comprehensive, accessible, and sustainable policies.<\/p>\n\n\n\n<p>Simply increasing budgets is not enough; coordination between health, education, labor, and social development is required.<\/p>\n\n\n\n<p>At the same time, the responsibility does not fall solely on the institutions.<\/p>\n\n\n\n<p>Communities, families, and work environments play a fundamental role in prevention and support.<\/p>\n\n\n\n<h2 class=\"wp-block-heading\"><strong>Table: Main current challenges in mental health<\/strong><\/h2>\n\n\n\n<figure class=\"wp-block-table\"><table><thead><tr><th>Global challenge<\/th><th>Main impact<\/th><\/tr><\/thead><tbody><tr><td>Chronic work stress<\/td><td>Burnout and low productivity<\/td><\/tr><tr><td>Social stigmatization<\/td><td>Lack of early diagnosis<\/td><\/tr><tr><td>Limited access to care<\/td><td>Gaps in public health<\/td><\/tr><tr><td>Excessive use of technology<\/td><td>Anxiety and emotional disconnection<\/td><\/tr><tr><td>Lack of emotional education<\/td><td>Lower social resilience<\/td><\/tr><\/tbody><\/table><figcaption class=\"wp-element-caption\">Mental health in the spotlight: the new global challenge of the 21st century.<\/figcaption><\/figure>\n\n\n\n<figure class=\"wp-block-gallery has-nested-images columns-default is-cropped wp-block-gallery-2 is-layout-flex wp-block-gallery-is-layout-flex\">\n<figure class=\"wp-block-image size-full\"><img loading=\"lazy\" decoding=\"async\" width=\"450\" height=\"250\" data-id=\"10482\" src=\"https:\/\/universofamilia.com\/wp-content\/uploads\/sites\/148\/2025\/12\/Destaque-Novo-Universo-21.jpg\" alt=\"\" class=\"wp-image-10482\" srcset=\"http:\/\/universofamilia.com\/wp-content\/uploads\/sites\/148\/2025\/12\/Destaque-Novo-Universo-21.jpg 450w, http:\/\/universofamilia.com\/wp-content\/uploads\/sites\/148\/2025\/12\/Destaque-Novo-Universo-21-300x167.jpg 300w, http:\/\/universofamilia.com\/wp-content\/uploads\/sites\/148\/2025\/12\/Destaque-Novo-Universo-21-18x10.jpg 18w\" sizes=\"(max-width: 450px) 100vw, 450px\" \/><figcaption class=\"wp-element-caption\">Mental health in the spotlight: the new global challenge of the 21st century.<\/figcaption><\/figure>\n<\/figure>\n\n\n\n<p>Read more:\u00a0<a href=\"http:\/\/universofamilia.com\/en\/descubrimientos-cientificos-que-cambiaran-el-futuro\/\">Scientific discoveries that will change the future<\/a><\/p>\n\n\n\n<h2 class=\"wp-block-heading\"><strong>The importance of speaking, listening, and acting<\/strong><\/h2>\n\n\n\n<p>Creating spaces for sincere dialogue makes a real difference. Listening without judgment and validating emotions strengthens bonds and reduces isolation.<\/p>\n\n\n\n<p>Furthermore, it promotes a culture where asking for help is not perceived as a weakness, but as a personal responsibility.<\/p>\n\n\n\n<h3 class=\"wp-block-heading\"><strong>Example 2<\/strong><\/h3>\n\n\n\n<p>A service company implemented voluntary psychological support sessions.<\/p>\n\n\n\n<p>At six months, the teams reported greater cohesion and a decrease in perceived stress, reflected in internal workplace climate assessments.<\/p>\n\n\n\n<h2 class=\"wp-block-heading\"><strong>Why does this challenge define the 21st century?<\/strong><\/h2>\n\n\n\n<p>Because never before has humanity had so much information and, at the same time, so many simultaneous pressure factors.<\/p>\n\n\n\n<p>Globalization, climate crisis, technological changes and geopolitical tensions directly impact emotional stability.<\/p>\n\n\n\n<p>Does it make sense to talk about progress if people&#039;s psychological well-being is neglected?<\/p>\n\n\n\n<h2 class=\"wp-block-heading\"><strong>Looking to the future with responsibility<\/strong><\/h2>\n\n\n\n<p>In 2025, <strong>Mental health in the spotlight: the new global challenge of the 21st century.<\/strong> It demands concrete actions, not just speeches.<\/p>\n\n\n\n<p>Investing in prevention, education, and access to treatment is as important as any physical infrastructure.<\/p>\n\n\n\n<p>The future will depend on the collective capacity to recognize that mental health is not a luxury, but a pillar of sustainable development.<\/p>\n\n\n\n<h2 class=\"wp-block-heading\"><strong>Conclusion<\/strong><\/h2>\n\n\n\n<p>Mental health defines how we work, learn, relate to others, and plan for the future. Ignoring it means incurring ever-increasing human and economic costs.<\/p>\n\n\n\n<p>In contrast, addressing it with seriousness, empathy, and strategy opens the door to more balanced and resilient societies.<\/p>\n\n\n\n<p>The challenge has been set. The question is no longer whether we should act, but how and with what urgency.<\/p>\n\n\n\n<p>Read more:\u00a0<a href=\"http:\/\/universofamilia.com\/en\/el-crecimiento-del-comercio-electronico-mundial-en-2025\/\">The growth of global e-commerce in 2025<\/a><\/p>\n\n\n\n<h2 class=\"wp-block-heading\"><strong>Frequently Asked Questions<\/strong><\/h2>\n\n\n\n<p><strong>Is mental health just an individual issue?<\/strong><br>No. It involves social, economic, and cultural factors that require collective responses.<\/p>\n\n\n\n<p><strong>Is seeking psychological help still frowned upon?<\/strong><br>The stigma has decreased, but it still persists in some circles. Speaking openly helps to change that perception.<\/p>\n\n\n\n<p><strong>Does technology worsen mental health?<\/strong><br>It depends on the use. It can be a support tool or a risk factor if it is not regulated.<\/p>\n\n\n\n<p><strong>Should companies get involved in this issue?<\/strong><br>Yes. Emotional well-being directly influences organizational performance and sustainability.<\/p>\n\n\n\n<p><strong>Does prevention really work?<\/strong><br>Various programs show that emotional education and early detection reduce long-term problems.<\/p>\n\n\n\n<p>Addressing mental health with seriousness and humanity not only improves individual lives; it redefines the course of the 21st century.<\/p>","protected":false},"excerpt":{"rendered":"<p>La salud mental en la mira: el nuevo desaf\u00edo global del siglo XXI. ya no es una consigna alarmista ni un tema exclusivo del \u00e1mbito m\u00e9dico. Se convirti\u00f3 en una prioridad social, econ\u00f3mica y pol\u00edtica que atraviesa edades, profesiones y culturas. En 2025, hablar de bienestar emocional implica hablar de productividad, v\u00ednculos, educaci\u00f3n, tecnolog\u00eda y [&hellip;]<\/p>","protected":false},"author":219,"featured_media":10480,"comment_status":"closed","ping_status":"open","sticky":false,"template":"","format":"standard","meta":{"footnotes":""},"categories":[4],"tags":[],"yoast_head":"<!-- This site is optimized with the Yoast SEO plugin v23.3 - https:\/\/yoast.com\/wordpress\/plugins\/seo\/ -->\n<title>La salud mental en la mira: el nuevo desaf\u00edo global del siglo XXI - Universo Fam\u00edlia<\/title>\n<meta name=\"description\" content=\"La salud mental en la mira: el nuevo desaf\u00edo global del siglo XXI. ya no es una consigna alarmista ni un tema exclusivo del \u00e1mbito m\u00e9dico.\" \/>\n<meta name=\"robots\" content=\"index, follow, max-snippet:-1, max-image-preview:large, max-video-preview:-1\" \/>\n<link rel=\"canonical\" href=\"https:\/\/universofamilia.com\/en\/la-salud-mental-en-la-mira\/\" \/>\n<meta property=\"og:locale\" content=\"en_US\" \/>\n<meta property=\"og:type\" content=\"article\" \/>\n<meta property=\"og:title\" content=\"La salud mental en la mira: el nuevo desaf\u00edo global del siglo XXI - Universo Fam\u00edlia\" \/>\n<meta property=\"og:description\" content=\"La salud mental en la mira: el nuevo desaf\u00edo global del siglo XXI. ya no es una consigna alarmista ni un tema exclusivo del \u00e1mbito m\u00e9dico.\" \/>\n<meta property=\"og:url\" content=\"https:\/\/universofamilia.com\/en\/la-salud-mental-en-la-mira\/\" \/>\n<meta property=\"og:site_name\" content=\"Universo Fam\u00edlia\" \/>\n<meta property=\"article:published_time\" content=\"2025-12-29T12:09:19+00:00\" \/>\n<meta property=\"article:modified_time\" content=\"2025-12-29T12:11:25+00:00\" \/>\n<meta property=\"og:image\" content=\"https:\/\/universofamilia.com\/wp-content\/uploads\/sites\/148\/2025\/12\/Destaque-Novo-Universo-20.jpg\" \/>\n\t<meta property=\"og:image:width\" content=\"450\" \/>\n\t<meta property=\"og:image:height\" content=\"250\" \/>\n\t<meta property=\"og:image:type\" content=\"image\/jpeg\" \/>\n<meta name=\"author\" content=\"Matheus Sangaletti\" \/>\n<meta name=\"twitter:card\" content=\"summary_large_image\" \/>\n<meta name=\"twitter:label1\" content=\"Written by\" \/>\n\t<meta name=\"twitter:data1\" content=\"Matheus Sangaletti\" \/>\n\t<meta name=\"twitter:label2\" content=\"Est. reading time\" \/>\n\t<meta name=\"twitter:data2\" content=\"1 minute\" \/>\n<script type=\"application\/ld+json\" class=\"yoast-schema-graph\">{\"@context\":\"https:\/\/schema.org\",\"@graph\":[{\"@type\":\"WebPage\",\"@id\":\"https:\/\/universofamilia.com\/zh_hk\/la-salud-mental-en-la-mira\/\",\"url\":\"https:\/\/universofamilia.com\/zh_hk\/la-salud-mental-en-la-mira\/\",\"name\":\"La salud mental en la mira: el nuevo desaf\u00edo global del siglo XXI - Universo Fam\u00edlia\",\"isPartOf\":{\"@id\":\"http:\/\/universofamilia.com\/zh_hk\/#website\"},\"primaryImageOfPage\":{\"@id\":\"https:\/\/universofamilia.com\/zh_hk\/la-salud-mental-en-la-mira\/#primaryimage\"},\"image\":{\"@id\":\"https:\/\/universofamilia.com\/zh_hk\/la-salud-mental-en-la-mira\/#primaryimage\"},\"thumbnailUrl\":\"http:\/\/universofamilia.com\/wp-content\/uploads\/sites\/148\/2025\/12\/Destaque-Novo-Universo-20.jpg\",\"datePublished\":\"2025-12-29T12:09:19+00:00\",\"dateModified\":\"2025-12-29T12:11:25+00:00\",\"author\":{\"@id\":\"http:\/\/universofamilia.com\/zh_hk\/#\/schema\/person\/92fcd07e9b1f4323bf74f3170fc0f78a\"},\"description\":\"La salud mental en la mira: el nuevo desaf\u00edo global del siglo XXI. ya no es una consigna alarmista ni un tema exclusivo del \u00e1mbito m\u00e9dico.\",\"breadcrumb\":{\"@id\":\"https:\/\/universofamilia.com\/zh_hk\/la-salud-mental-en-la-mira\/#breadcrumb\"},\"inLanguage\":\"en-US\",\"potentialAction\":[{\"@type\":\"ReadAction\",\"target\":[\"https:\/\/universofamilia.com\/zh_hk\/la-salud-mental-en-la-mira\/\"]}]},{\"@type\":\"ImageObject\",\"inLanguage\":\"en-US\",\"@id\":\"https:\/\/universofamilia.com\/zh_hk\/la-salud-mental-en-la-mira\/#primaryimage\",\"url\":\"http:\/\/universofamilia.com\/wp-content\/uploads\/sites\/148\/2025\/12\/Destaque-Novo-Universo-20.jpg\",\"contentUrl\":\"http:\/\/universofamilia.com\/wp-content\/uploads\/sites\/148\/2025\/12\/Destaque-Novo-Universo-20.jpg\",\"width\":450,\"height\":250,\"caption\":\"La salud mental en la mira: el nuevo desaf\u00edo global del siglo XXI.\"},{\"@type\":\"BreadcrumbList\",\"@id\":\"https:\/\/universofamilia.com\/zh_hk\/la-salud-mental-en-la-mira\/#breadcrumb\",\"itemListElement\":[{\"@type\":\"ListItem\",\"position\":1,\"name\":\"Home\",\"item\":\"http:\/\/universofamilia.com\/zh_hk\/\"},{\"@type\":\"ListItem\",\"position\":2,\"name\":\"La salud mental en la mira: el nuevo desaf\u00edo global del siglo XXI\"}]},{\"@type\":\"WebSite\",\"@id\":\"http:\/\/universofamilia.com\/zh_hk\/#website\",\"url\":\"http:\/\/universofamilia.com\/zh_hk\/\",\"name\":\"Universo Fam\u00edlia\",\"description\":\"\",\"potentialAction\":[{\"@type\":\"SearchAction\",\"target\":{\"@type\":\"EntryPoint\",\"urlTemplate\":\"http:\/\/universofamilia.com\/zh_hk\/?s={search_term_string}\"},\"query-input\":\"required name=search_term_string\"}],\"inLanguage\":\"en-US\"},{\"@type\":\"Person\",\"@id\":\"http:\/\/universofamilia.com\/zh_hk\/#\/schema\/person\/92fcd07e9b1f4323bf74f3170fc0f78a\",\"name\":\"Matheus Sangaletti\",\"image\":{\"@type\":\"ImageObject\",\"inLanguage\":\"en-US\",\"@id\":\"http:\/\/universofamilia.com\/zh_hk\/#\/schema\/person\/image\/\",\"url\":\"http:\/\/2.gravatar.com\/avatar\/280ea957a14a48e6a1ad2133d2cc27c9?s=96&d=mm&r=g\",\"contentUrl\":\"http:\/\/2.gravatar.com\/avatar\/280ea957a14a48e6a1ad2133d2cc27c9?s=96&d=mm&r=g\",\"caption\":\"Matheus Sangaletti\"},\"url\":\"http:\/\/universofamilia.com\/en\/author\/matheuss\/\"}]}<\/script>\n<!-- \/ Yoast SEO plugin. -->","yoast_head_json":{"title":"La salud mental en la mira: el nuevo desaf\u00edo global del siglo XXI - Universo Fam\u00edlia","description":"La salud mental en la mira: el nuevo desaf\u00edo global del siglo XXI. ya no es una consigna alarmista ni un tema exclusivo del \u00e1mbito m\u00e9dico.","robots":{"index":"index","follow":"follow","max-snippet":"max-snippet:-1","max-image-preview":"max-image-preview:large","max-video-preview":"max-video-preview:-1"},"canonical":"https:\/\/universofamilia.com\/en\/la-salud-mental-en-la-mira\/","og_locale":"en_US","og_type":"article","og_title":"La salud mental en la mira: el nuevo desaf\u00edo global del siglo XXI - Universo Fam\u00edlia","og_description":"La salud mental en la mira: el nuevo desaf\u00edo global del siglo XXI. ya no es una consigna alarmista ni un tema exclusivo del \u00e1mbito m\u00e9dico.","og_url":"https:\/\/universofamilia.com\/en\/la-salud-mental-en-la-mira\/","og_site_name":"Universo Fam\u00edlia","article_published_time":"2025-12-29T12:09:19+00:00","article_modified_time":"2025-12-29T12:11:25+00:00","og_image":[{"width":450,"height":250,"url":"https:\/\/universofamilia.com\/wp-content\/uploads\/sites\/148\/2025\/12\/Destaque-Novo-Universo-20.jpg","type":"image\/jpeg"}],"author":"Matheus Sangaletti","twitter_card":"summary_large_image","twitter_misc":{"Written by":"Matheus Sangaletti","Est. reading time":"1 minute"},"schema":{"@context":"https:\/\/schema.org","@graph":[{"@type":"WebPage","@id":"https:\/\/universofamilia.com\/zh_hk\/la-salud-mental-en-la-mira\/","url":"https:\/\/universofamilia.com\/zh_hk\/la-salud-mental-en-la-mira\/","name":"La salud mental en la mira: el nuevo desaf\u00edo global del siglo XXI - Universo Fam\u00edlia","isPartOf":{"@id":"http:\/\/universofamilia.com\/zh_hk\/#website"},"primaryImageOfPage":{"@id":"https:\/\/universofamilia.com\/zh_hk\/la-salud-mental-en-la-mira\/#primaryimage"},"image":{"@id":"https:\/\/universofamilia.com\/zh_hk\/la-salud-mental-en-la-mira\/#primaryimage"},"thumbnailUrl":"http:\/\/universofamilia.com\/wp-content\/uploads\/sites\/148\/2025\/12\/Destaque-Novo-Universo-20.jpg","datePublished":"2025-12-29T12:09:19+00:00","dateModified":"2025-12-29T12:11:25+00:00","author":{"@id":"http:\/\/universofamilia.com\/zh_hk\/#\/schema\/person\/92fcd07e9b1f4323bf74f3170fc0f78a"},"description":"La salud mental en la mira: el nuevo desaf\u00edo global del siglo XXI. ya no es una consigna alarmista ni un tema exclusivo del \u00e1mbito m\u00e9dico.","breadcrumb":{"@id":"https:\/\/universofamilia.com\/zh_hk\/la-salud-mental-en-la-mira\/#breadcrumb"},"inLanguage":"en-US","potentialAction":[{"@type":"ReadAction","target":["https:\/\/universofamilia.com\/zh_hk\/la-salud-mental-en-la-mira\/"]}]},{"@type":"ImageObject","inLanguage":"en-US","@id":"https:\/\/universofamilia.com\/zh_hk\/la-salud-mental-en-la-mira\/#primaryimage","url":"http:\/\/universofamilia.com\/wp-content\/uploads\/sites\/148\/2025\/12\/Destaque-Novo-Universo-20.jpg","contentUrl":"http:\/\/universofamilia.com\/wp-content\/uploads\/sites\/148\/2025\/12\/Destaque-Novo-Universo-20.jpg","width":450,"height":250,"caption":"La salud mental en la mira: el nuevo desaf\u00edo global del siglo XXI."},{"@type":"BreadcrumbList","@id":"https:\/\/universofamilia.com\/zh_hk\/la-salud-mental-en-la-mira\/#breadcrumb","itemListElement":[{"@type":"ListItem","position":1,"name":"Home","item":"http:\/\/universofamilia.com\/zh_hk\/"},{"@type":"ListItem","position":2,"name":"La salud mental en la mira: el nuevo desaf\u00edo global del siglo XXI"}]},{"@type":"WebSite","@id":"http:\/\/universofamilia.com\/zh_hk\/#website","url":"http:\/\/universofamilia.com\/zh_hk\/","name":"Universo Fam\u00edlia","description":"","potentialAction":[{"@type":"SearchAction","target":{"@type":"EntryPoint","urlTemplate":"http:\/\/universofamilia.com\/zh_hk\/?s={search_term_string}"},"query-input":"required name=search_term_string"}],"inLanguage":"en-US"},{"@type":"Person","@id":"http:\/\/universofamilia.com\/zh_hk\/#\/schema\/person\/92fcd07e9b1f4323bf74f3170fc0f78a","name":"Matheus Sangaletti","image":{"@type":"ImageObject","inLanguage":"en-US","@id":"http:\/\/universofamilia.com\/zh_hk\/#\/schema\/person\/image\/","url":"http:\/\/2.gravatar.com\/avatar\/280ea957a14a48e6a1ad2133d2cc27c9?s=96&d=mm&r=g","contentUrl":"http:\/\/2.gravatar.com\/avatar\/280ea957a14a48e6a1ad2133d2cc27c9?s=96&d=mm&r=g","caption":"Matheus Sangaletti"},"url":"http:\/\/universofamilia.com\/en\/author\/matheuss\/"}]}},"_links":{"self":[{"href":"http:\/\/universofamilia.com\/en\/wp-json\/wp\/v2\/posts\/10479"}],"collection":[{"href":"http:\/\/universofamilia.com\/en\/wp-json\/wp\/v2\/posts"}],"about":[{"href":"http:\/\/universofamilia.com\/en\/wp-json\/wp\/v2\/types\/post"}],"author":[{"embeddable":true,"href":"http:\/\/universofamilia.com\/en\/wp-json\/wp\/v2\/users\/219"}],"replies":[{"embeddable":true,"href":"http:\/\/universofamilia.com\/en\/wp-json\/wp\/v2\/comments?post=10479"}],"version-history":[{"count":2,"href":"http:\/\/universofamilia.com\/en\/wp-json\/wp\/v2\/posts\/10479\/revisions"}],"predecessor-version":[{"id":10484,"href":"http:\/\/universofamilia.com\/en\/wp-json\/wp\/v2\/posts\/10479\/revisions\/10484"}],"wp:featuredmedia":[{"embeddable":true,"href":"http:\/\/universofamilia.com\/en\/wp-json\/wp\/v2\/media\/10480"}],"wp:attachment":[{"href":"http:\/\/universofamilia.com\/en\/wp-json\/wp\/v2\/media?parent=10479"}],"wp:term":[{"taxonomy":"category","embeddable":true,"href":"http:\/\/universofamilia.com\/en\/wp-json\/wp\/v2\/categories?post=10479"},{"taxonomy":"post_tag","embeddable":true,"href":"http:\/\/universofamilia.com\/en\/wp-json\/wp\/v2\/tags?post=10479"}],"curies":[{"name":"wp","href":"https:\/\/api.w.org\/{rel}","templated":true}]}}